{"id":6085,"date":"2023-03-24T07:00:00","date_gmt":"2023-03-24T07:00:00","guid":{"rendered":"http:\/\/maismagazine.pt\/?p=6085"},"modified":"2023-03-15T17:04:28","modified_gmt":"2023-03-15T17:04:28","slug":"vidago-palace-hotel-elegancia-conforto-e-requinte","status":"publish","type":"post","link":"http:\/\/maismagazine.pt\/index.php\/2023\/03\/24\/vidago-palace-hotel-elegancia-conforto-e-requinte\/","title":{"rendered":"Vidago Palace Hotel &#8211; Eleg\u00e2ncia, conforto e requinte"},"content":{"rendered":"\n<p><strong>O <a href=\"https:\/\/www.vidagopalace.com\/pt\/\">Vidago Palace Hotel<\/a> foi constru\u00eddo por iniciativa do rei D. Carlos I com o intuito de promover internacionalmente as propriedades terap\u00eauticas e curativas da \u00e1gua mineral de Vidago. Inaugurado h\u00e1 mais de um s\u00e9culo e mantendo o requinte da Belle \u00c9poque, o Vidago Palace continua a oferecer hoje aos seus clientes um servi\u00e7o de luxo, com os mais altos padr\u00f5es de qualidade e conforto, como nos explica Maria Jos\u00e9 David, Diretora de Turismo do Vidago Palace Hotel.<\/strong><br><br>O Vidago Palace Hotel \u00e9 um daqueles espa\u00e7os que nos fazem recuar no tempo, para uma \u00e9poca em que os reis e rainhas eram tratados com altas mordomias. Inaugurado em 1910, esta unidade hoteleira combina num s\u00f3 espa\u00e7o o melhor do estilo Belle \u00c9poque com o conforto e luxos modernos. Com 70 quartos, 15 dos quais suites com vista privilegiada para o parque centen\u00e1rio, campo de golfe com 18 buracos, centro de congressos, audit\u00f3rio com 264 lugares, e um Spa termal com piscina interior e exterior, vitality pool, sauna banho turco e gin\u00e1sio, o Vidago Palace Hotel disp\u00f5e de v\u00e1rios espa\u00e7os e servi\u00e7os que possibilitam experi\u00eancias \u00fanicas e memor\u00e1veis aos seus clientes.<br><br>O luxo dos espa\u00e7os comuns do hotel contrasta com o minimalismo do spa termal em funcionamento desde 2010. Inserido entre 100 hectares de pinho e cedro perfumado, o Spa do Vidago Palace Hotel \u00e9 um lugar de sofisticada eleg\u00e2ncia e glamour onde o bem-estar e o poder das \u00e1guas termais se encontram. Com uma grande variedade de programas eficazes no rejuvenescimento do corpo e da mente, este espa\u00e7o consegue proporcionar aos seus clientes uma experi\u00eancia de bem-estar completa, com a cura atrav\u00e9s das suas \u00e1guas minerais terap\u00eauticas. \u201cOs programas mais procurados no Spa de Vidago visam a promo\u00e7\u00e3o de sa\u00fade e bem-estar. Elaboramos programas personalizados a cada individualidade, que incluem h\u00e1bitos saud\u00e1veis, como alimenta\u00e7\u00e3o e uma dieta equilibrada, exerc\u00edcio f\u00edsico, tratamentos com \u00e1gua mineral natural e tratamentos de bem-estar\u201d, explica Maria Jos\u00e9 David.<br><br><\/p>\n\n\n\n<figure class=\"wp-block-gallery aligncenter columns-2 is-cropped wp-block-gallery-1\"><ul class=\"blocks-gallery-grid\"><li class=\"blocks-gallery-item\"><figure><img loading=\"lazy\" decoding=\"async\" width=\"1024\" height=\"576\" src=\"http:\/\/maismagazine.pt\/wp-content\/uploads\/2023\/03\/SpaVidago2-1024x576.jpg\" alt=\"\" data-id=\"6089\" data-full-url=\"http:\/\/maismagazine.pt\/wp-content\/uploads\/2023\/03\/SpaVidago2.jpg\" data-link=\"http:\/\/maismagazine.pt\/?attachment_id=6089\" class=\"wp-image-6089\" srcset=\"http:\/\/maismagazine.pt\/wp-content\/uploads\/2023\/03\/SpaVidago2-1024x576.jpg 1024w, http:\/\/maismagazine.pt\/wp-content\/uploads\/2023\/03\/SpaVidago2-300x169.jpg 300w, http:\/\/maismagazine.pt\/wp-content\/uploads\/2023\/03\/SpaVidago2-768x432.jpg 768w, http:\/\/maismagazine.pt\/wp-content\/uploads\/2023\/03\/SpaVidago2-1536x864.jpg 1536w, http:\/\/maismagazine.pt\/wp-content\/uploads\/2023\/03\/SpaVidago2.jpg 1800w\" sizes=\"auto, (max-width: 1024px) 100vw, 1024px\" \/><\/figure><\/li><li class=\"blocks-gallery-item\"><figure><img loading=\"lazy\" decoding=\"async\" width=\"1024\" height=\"683\" src=\"http:\/\/maismagazine.pt\/wp-content\/uploads\/2023\/03\/ThermalWaterMassage-1024x683.jpg\" alt=\"\" data-id=\"6090\" data-full-url=\"http:\/\/maismagazine.pt\/wp-content\/uploads\/2023\/03\/ThermalWaterMassage-scaled.jpg\" data-link=\"http:\/\/maismagazine.pt\/?attachment_id=6090\" class=\"wp-image-6090 is-layout-flex wp-block-gallery-is-layout-flex\" srcset=\"http:\/\/maismagazine.pt\/wp-content\/uploads\/2023\/03\/ThermalWaterMassage-1024x683.jpg 1024w, http:\/\/maismagazine.pt\/wp-content\/uploads\/2023\/03\/ThermalWaterMassage-300x200.jpg 300w, http:\/\/maismagazine.pt\/wp-content\/uploads\/2023\/03\/ThermalWaterMassage-768x512.jpg 768w, http:\/\/maismagazine.pt\/wp-content\/uploads\/2023\/03\/ThermalWaterMassage-1536x1024.jpg 1536w, http:\/\/maismagazine.pt\/wp-content\/uploads\/2023\/03\/ThermalWaterMassage-2048x1365.jpg 2048w, http:\/\/maismagazine.pt\/wp-content\/uploads\/2023\/03\/ThermalWaterMassage-150x100.jpg 150w\" sizes=\"auto, (max-width: 1024px) 100vw, 1024px\" \/><\/figure><\/li><\/ul><\/figure>\n\n\n\n<p><br><br>Recolhidas diretamente de capta\u00e7\u00f5es profundas em solo de rocha gran\u00edtica e utilizadas em ingest\u00e3o, aplica\u00e7\u00e3o parent\u00e9rica, banhos e duches, as minerais de Vidago s\u00e3o amplamente reconhecidas pelas suas capacidades terap\u00eauticas e curativas. \u201cAs \u00e1guas de Vidago s\u00e3o \u00e1guas minerais naturais gasocarb\u00f3nicas, caracter\u00edstica comum a apenas 0,5% das \u00e1guas engarrafadas em todo o mundo, o que faz delas um bem precioso ao alcance de muito poucos\u201d. Com uma rica hist\u00f3ria centen\u00e1ria, as \u00e1guas de Vidago foram sempre reconhecidas ao longo dos tempos como \u00e1guas de exce\u00e7\u00e3o, a que j\u00e1 no s\u00e9culo XIX os apreciadores chamavam de \u201cas vichy portuguesas\u201d. Hoje, continuam a ser amplamente procuradas por milhares de aquistas para o tratamento de problemas digestivos, m\u00fasculo-esquel\u00e9ticos, metab\u00f3licos, dermatol\u00f3gicos e do sistema nervoso.<br><br>Para al\u00e9m de todos os servi\u00e7os que o Vidago Palace oferece aos seus h\u00f3spedes, a beleza natural deste espa\u00e7o centen\u00e1rio e a sua riqueza hist\u00f3rica, aliados aos 113 anos de experi\u00eancia na arte de bem receber e ao servi\u00e7o personalizado de refer\u00eancia nacional e internacional, s\u00e3o sem d\u00favida as suas maiores val\u00eancias. \u201cQuanto aos nossos fi\u00e9is h\u00f3spedes, que nos visitam de gera\u00e7\u00e3o ap\u00f3s gera\u00e7\u00e3o e promovem o nosso hotel, representam a maior certeza e garantia de que o Vidago Palace \u00e9 mais que um simples hotel, mas sim uma distinta e incontorn\u00e1vel refer\u00eancia hoteleira.\u201d<br><\/p>\n\n\n\n<div class=\"wp-block-image\"><figure class=\"aligncenter size-medium\"><img loading=\"lazy\" decoding=\"async\" width=\"300\" height=\"300\" src=\"http:\/\/maismagazine.pt\/wp-content\/uploads\/2023\/03\/logo-5-300x300.jpg\" alt=\"\" class=\"wp-image-6086\" srcset=\"http:\/\/maismagazine.pt\/wp-content\/uploads\/2023\/03\/logo-5-300x300.jpg 300w, http:\/\/maismagazine.pt\/wp-content\/uploads\/2023\/03\/logo-5-1024x1024.jpg 1024w, http:\/\/maismagazine.pt\/wp-content\/uploads\/2023\/03\/logo-5-150x150.jpg 150w, http:\/\/maismagazine.pt\/wp-content\/uploads\/2023\/03\/logo-5-768x768.jpg 768w, http:\/\/maismagazine.pt\/wp-content\/uploads\/2023\/03\/logo-5-1536x1536.jpg 1536w, http:\/\/maismagazine.pt\/wp-content\/uploads\/2023\/03\/logo-5.jpg 2048w\" sizes=\"auto, (max-width: 300px) 100vw, 300px\" \/><\/figure><\/div>\n","protected":false},"excerpt":{"rendered":"<p>O Vidago Palace Hotel foi constru\u00eddo por iniciativa do rei D. Carlos I com o intuito de promover internacionalmente as propriedades terap\u00eauticas e curativas da \u00e1gua mineral de Vidago. Inaugurado h\u00e1 mais de um s\u00e9culo e mantendo o requinte da Belle \u00c9poque, o Vidago Palace continua a oferecer hoje aos&hellip;<\/p>\n","protected":false},"author":7,"featured_media":6095,"comment_status":"closed","ping_status":"open","sticky":false,"template":"","format":"standard","meta":{"advgb_blocks_editor_width":"","advgb_blocks_columns_visual_guide":"","_monsterinsights_skip_tracking":false,"_monsterinsights_sitenote_active":false,"_monsterinsights_sitenote_note":"","_monsterinsights_sitenote_category":0,"footnotes":""},"categories":[54,313,53],"tags":[105,460,140,457,1379,453,1396,1395],"class_list":["post-6085","post","type-post","status-publish","format-standard","has-post-thumbnail","hentry","category-lifestyle","category-saude","category-turismo-restaurantes","tag-bem-estar","tag-hotel","tag-luxo","tag-saude","tag-termalismo","tag-termas","tag-vidago","tag-vidago-palace-hotel"],"yoast_head":"<!-- This site is optimized with the Yoast SEO plugin v24.4 - https:\/\/yoast.com\/wordpress\/plugins\/seo\/ -->\n<title>Vidago Palace Hotel - Eleg\u00e2ncia, conforto e requinte - Mais Magazine<\/title>\n<meta name=\"description\" content=\"terap\u00eauticas e curativas da \u00e1gua mineral de Vidago. Inaugurado h\u00e1 mais de um s\u00e9culo e mantendo o requinte da Belle \u00c9poque, o Vidago Palace continua a oferecer hoje aos seus clientes um servi\u00e7o de luxo, com os mais altos padr\u00f5es de qualidade e conforto, como nos explica Maria Jos\u00e9 David, Diretora de Turismo do Vidago Palace Hotel.\" \/>\n<meta name=\"robots\" content=\"index, follow, max-snippet:-1, max-image-preview:large, max-video-preview:-1\" \/>\n<link rel=\"canonical\" href=\"https:\/\/maismagazine.pt\/index.php\/2023\/03\/24\/vidago-palace-hotel-elegancia-conforto-e-requinte\/\" \/>\n<meta property=\"og:locale\" content=\"pt_PT\" \/>\n<meta property=\"og:type\" content=\"article\" \/>\n<meta property=\"og:title\" content=\"Vidago Palace Hotel - Eleg\u00e2ncia, conforto e requinte - Mais Magazine\" \/>\n<meta property=\"og:description\" content=\"terap\u00eauticas e curativas da \u00e1gua mineral de Vidago. Inaugurado h\u00e1 mais de um s\u00e9culo e mantendo o requinte da Belle \u00c9poque, o Vidago Palace continua a oferecer hoje aos seus clientes um servi\u00e7o de luxo, com os mais altos padr\u00f5es de qualidade e conforto, como nos explica Maria Jos\u00e9 David, Diretora de Turismo do Vidago Palace Hotel.\" \/>\n<meta property=\"og:url\" content=\"https:\/\/maismagazine.pt\/index.php\/2023\/03\/24\/vidago-palace-hotel-elegancia-conforto-e-requinte\/\" \/>\n<meta property=\"og:site_name\" content=\"Mais Magazine\" \/>\n<meta property=\"article:published_time\" content=\"2023-03-24T07:00:00+00:00\" \/>\n<meta property=\"og:image\" content=\"https:\/\/maismagazine.pt\/wp-content\/uploads\/2023\/03\/Facade2.jpg\" \/>\n\t<meta property=\"og:image:width\" content=\"1800\" \/>\n\t<meta property=\"og:image:height\" content=\"1199\" \/>\n\t<meta property=\"og:image:type\" content=\"image\/jpeg\" \/>\n<meta name=\"author\" content=\"Jo\u00e3o Malainho\" \/>\n<meta name=\"twitter:card\" content=\"summary_large_image\" \/>\n<meta name=\"twitter:label1\" content=\"Escrito por\" \/>\n\t<meta name=\"twitter:data1\" content=\"\" \/>\n\t<meta name=\"twitter:label2\" content=\"Tempo estimado de leitura\" \/>\n\t<meta name=\"twitter:data2\" content=\"3 minutos\" \/>\n<script type=\"application\/ld+json\" class=\"yoast-schema-graph\">{\"@context\":\"https:\/\/schema.org\",\"@graph\":[{\"@type\":\"Article\",\"@id\":\"https:\/\/maismagazine.pt\/index.php\/2023\/03\/24\/vidago-palace-hotel-elegancia-conforto-e-requinte\/#article\",\"isPartOf\":{\"@id\":\"https:\/\/maismagazine.pt\/index.php\/2023\/03\/24\/vidago-palace-hotel-elegancia-conforto-e-requinte\/\"},\"author\":{\"name\":\"Jo\u00e3o Malainho\",\"@id\":\"https:\/\/maismagazine.pt\/#\/schema\/person\/999bd426f894ff56d397ec12ebd21ebb\"},\"headline\":\"Vidago Palace Hotel &#8211; Eleg\u00e2ncia, conforto e requinte\",\"datePublished\":\"2023-03-24T07:00:00+00:00\",\"mainEntityOfPage\":{\"@id\":\"https:\/\/maismagazine.pt\/index.php\/2023\/03\/24\/vidago-palace-hotel-elegancia-conforto-e-requinte\/\"},\"wordCount\":601,\"publisher\":{\"@id\":\"https:\/\/maismagazine.pt\/#organization\"},\"image\":{\"@id\":\"https:\/\/maismagazine.pt\/index.php\/2023\/03\/24\/vidago-palace-hotel-elegancia-conforto-e-requinte\/#primaryimage\"},\"thumbnailUrl\":\"http:\/\/maismagazine.pt\/wp-content\/uploads\/2023\/03\/Facade2.jpg\",\"keywords\":[\"Bem-estar\",\"Hotel\",\"Luxo\",\"sa\u00fade\",\"Termalismo\",\"Termas\",\"Vidago\",\"Vidago Palace Hotel\"],\"articleSection\":[\"LifeStyle\",\"Sa\u00fade\",\"Turismo | Vinhos | Gastronomia\"],\"inLanguage\":\"pt-PT\"},{\"@type\":\"WebPage\",\"@id\":\"https:\/\/maismagazine.pt\/index.php\/2023\/03\/24\/vidago-palace-hotel-elegancia-conforto-e-requinte\/\",\"url\":\"https:\/\/maismagazine.pt\/index.php\/2023\/03\/24\/vidago-palace-hotel-elegancia-conforto-e-requinte\/\",\"name\":\"Vidago Palace Hotel - Eleg\u00e2ncia, conforto e requinte - Mais Magazine\",\"isPartOf\":{\"@id\":\"https:\/\/maismagazine.pt\/#website\"},\"primaryImageOfPage\":{\"@id\":\"https:\/\/maismagazine.pt\/index.php\/2023\/03\/24\/vidago-palace-hotel-elegancia-conforto-e-requinte\/#primaryimage\"},\"image\":{\"@id\":\"https:\/\/maismagazine.pt\/index.php\/2023\/03\/24\/vidago-palace-hotel-elegancia-conforto-e-requinte\/#primaryimage\"},\"thumbnailUrl\":\"http:\/\/maismagazine.pt\/wp-content\/uploads\/2023\/03\/Facade2.jpg\",\"datePublished\":\"2023-03-24T07:00:00+00:00\",\"description\":\"terap\u00eauticas e curativas da \u00e1gua mineral de Vidago. Inaugurado h\u00e1 mais de um s\u00e9culo e mantendo o requinte da Belle \u00c9poque, o Vidago Palace continua a oferecer hoje aos seus clientes um servi\u00e7o de luxo, com os mais altos padr\u00f5es de qualidade e conforto, como nos explica Maria Jos\u00e9 David, Diretora de Turismo do Vidago Palace Hotel.\",\"breadcrumb\":{\"@id\":\"https:\/\/maismagazine.pt\/index.php\/2023\/03\/24\/vidago-palace-hotel-elegancia-conforto-e-requinte\/#breadcrumb\"},\"inLanguage\":\"pt-PT\",\"potentialAction\":[{\"@type\":\"ReadAction\",\"target\":[\"https:\/\/maismagazine.pt\/index.php\/2023\/03\/24\/vidago-palace-hotel-elegancia-conforto-e-requinte\/\"]}]},{\"@type\":\"ImageObject\",\"inLanguage\":\"pt-PT\",\"@id\":\"https:\/\/maismagazine.pt\/index.php\/2023\/03\/24\/vidago-palace-hotel-elegancia-conforto-e-requinte\/#primaryimage\",\"url\":\"http:\/\/maismagazine.pt\/wp-content\/uploads\/2023\/03\/Facade2.jpg\",\"contentUrl\":\"http:\/\/maismagazine.pt\/wp-content\/uploads\/2023\/03\/Facade2.jpg\",\"width\":1800,\"height\":1199},{\"@type\":\"BreadcrumbList\",\"@id\":\"https:\/\/maismagazine.pt\/index.php\/2023\/03\/24\/vidago-palace-hotel-elegancia-conforto-e-requinte\/#breadcrumb\",\"itemListElement\":[{\"@type\":\"ListItem\",\"position\":1,\"name\":\"Home\",\"item\":\"https:\/\/maismagazine.pt\/\"},{\"@type\":\"ListItem\",\"position\":2,\"name\":\"Vidago Palace Hotel &#8211; Eleg\u00e2ncia, conforto e requinte\"}]},{\"@type\":\"WebSite\",\"@id\":\"https:\/\/maismagazine.pt\/#website\",\"url\":\"https:\/\/maismagazine.pt\/\",\"name\":\"Mais Magazine\",\"description\":\"\",\"publisher\":{\"@id\":\"https:\/\/maismagazine.pt\/#organization\"},\"potentialAction\":[{\"@type\":\"SearchAction\",\"target\":{\"@type\":\"EntryPoint\",\"urlTemplate\":\"https:\/\/maismagazine.pt\/?s={search_term_string}\"},\"query-input\":{\"@type\":\"PropertyValueSpecification\",\"valueRequired\":true,\"valueName\":\"search_term_string\"}}],\"inLanguage\":\"pt-PT\"},{\"@type\":\"Organization\",\"@id\":\"https:\/\/maismagazine.pt\/#organization\",\"name\":\"Mais Magazine\",\"url\":\"https:\/\/maismagazine.pt\/\",\"logo\":{\"@type\":\"ImageObject\",\"inLanguage\":\"pt-PT\",\"@id\":\"https:\/\/maismagazine.pt\/#\/schema\/logo\/image\/\",\"url\":\"http:\/\/maismagazine.pt\/wp-content\/uploads\/2020\/04\/cropped-cropped-mais-magazine-site-logo-2.png\",\"contentUrl\":\"http:\/\/maismagazine.pt\/wp-content\/uploads\/2020\/04\/cropped-cropped-mais-magazine-site-logo-2.png\",\"width\":581,\"height\":90,\"caption\":\"Mais Magazine\"},\"image\":{\"@id\":\"https:\/\/maismagazine.pt\/#\/schema\/logo\/image\/\"}},{\"@type\":\"Person\",\"@id\":\"https:\/\/maismagazine.pt\/#\/schema\/person\/999bd426f894ff56d397ec12ebd21ebb\",\"name\":\"Jo\u00e3o Malainho\",\"image\":{\"@type\":\"ImageObject\",\"inLanguage\":\"pt-PT\",\"@id\":\"https:\/\/maismagazine.pt\/#\/schema\/person\/image\/\",\"url\":\"https:\/\/secure.gravatar.com\/avatar\/ff03c2f38edf60b2a827aa4f74878491?s=96&d=mm&r=g\",\"contentUrl\":\"https:\/\/secure.gravatar.com\/avatar\/ff03c2f38edf60b2a827aa4f74878491?s=96&d=mm&r=g\",\"caption\":\"Jo\u00e3o Malainho\"},\"url\":\"http:\/\/maismagazine.pt\/index.php\/author\/maismagazine\/\"}]}<\/script>\n<!-- \/ Yoast SEO plugin. -->","yoast_head_json":{"title":"Vidago Palace Hotel - Eleg\u00e2ncia, conforto e requinte - Mais Magazine","description":"terap\u00eauticas e curativas da \u00e1gua mineral de Vidago. Inaugurado h\u00e1 mais de um s\u00e9culo e mantendo o requinte da Belle \u00c9poque, o Vidago Palace continua a oferecer hoje aos seus clientes um servi\u00e7o de luxo, com os mais altos padr\u00f5es de qualidade e conforto, como nos explica Maria Jos\u00e9 David, Diretora de Turismo do Vidago Palace Hotel.","robots":{"index":"index","follow":"follow","max-snippet":"max-snippet:-1","max-image-preview":"max-image-preview:large","max-video-preview":"max-video-preview:-1"},"canonical":"https:\/\/maismagazine.pt\/index.php\/2023\/03\/24\/vidago-palace-hotel-elegancia-conforto-e-requinte\/","og_locale":"pt_PT","og_type":"article","og_title":"Vidago Palace Hotel - Eleg\u00e2ncia, conforto e requinte - Mais Magazine","og_description":"terap\u00eauticas e curativas da \u00e1gua mineral de Vidago. Inaugurado h\u00e1 mais de um s\u00e9culo e mantendo o requinte da Belle \u00c9poque, o Vidago Palace continua a oferecer hoje aos seus clientes um servi\u00e7o de luxo, com os mais altos padr\u00f5es de qualidade e conforto, como nos explica Maria Jos\u00e9 David, Diretora de Turismo do Vidago Palace Hotel.","og_url":"https:\/\/maismagazine.pt\/index.php\/2023\/03\/24\/vidago-palace-hotel-elegancia-conforto-e-requinte\/","og_site_name":"Mais Magazine","article_published_time":"2023-03-24T07:00:00+00:00","og_image":[{"width":1800,"height":1199,"url":"https:\/\/maismagazine.pt\/wp-content\/uploads\/2023\/03\/Facade2.jpg","type":"image\/jpeg"}],"author":"Jo\u00e3o Malainho","twitter_card":"summary_large_image","twitter_misc":{"Escrito por":false,"Tempo estimado de leitura":"3 minutos"},"schema":{"@context":"https:\/\/schema.org","@graph":[{"@type":"Article","@id":"https:\/\/maismagazine.pt\/index.php\/2023\/03\/24\/vidago-palace-hotel-elegancia-conforto-e-requinte\/#article","isPartOf":{"@id":"https:\/\/maismagazine.pt\/index.php\/2023\/03\/24\/vidago-palace-hotel-elegancia-conforto-e-requinte\/"},"author":{"name":"Jo\u00e3o Malainho","@id":"https:\/\/maismagazine.pt\/#\/schema\/person\/999bd426f894ff56d397ec12ebd21ebb"},"headline":"Vidago Palace Hotel &#8211; Eleg\u00e2ncia, conforto e requinte","datePublished":"2023-03-24T07:00:00+00:00","mainEntityOfPage":{"@id":"https:\/\/maismagazine.pt\/index.php\/2023\/03\/24\/vidago-palace-hotel-elegancia-conforto-e-requinte\/"},"wordCount":601,"publisher":{"@id":"https:\/\/maismagazine.pt\/#organization"},"image":{"@id":"https:\/\/maismagazine.pt\/index.php\/2023\/03\/24\/vidago-palace-hotel-elegancia-conforto-e-requinte\/#primaryimage"},"thumbnailUrl":"http:\/\/maismagazine.pt\/wp-content\/uploads\/2023\/03\/Facade2.jpg","keywords":["Bem-estar","Hotel","Luxo","sa\u00fade","Termalismo","Termas","Vidago","Vidago Palace Hotel"],"articleSection":["LifeStyle","Sa\u00fade","Turismo | Vinhos | Gastronomia"],"inLanguage":"pt-PT"},{"@type":"WebPage","@id":"https:\/\/maismagazine.pt\/index.php\/2023\/03\/24\/vidago-palace-hotel-elegancia-conforto-e-requinte\/","url":"https:\/\/maismagazine.pt\/index.php\/2023\/03\/24\/vidago-palace-hotel-elegancia-conforto-e-requinte\/","name":"Vidago Palace Hotel - Eleg\u00e2ncia, conforto e requinte - Mais Magazine","isPartOf":{"@id":"https:\/\/maismagazine.pt\/#website"},"primaryImageOfPage":{"@id":"https:\/\/maismagazine.pt\/index.php\/2023\/03\/24\/vidago-palace-hotel-elegancia-conforto-e-requinte\/#primaryimage"},"image":{"@id":"https:\/\/maismagazine.pt\/index.php\/2023\/03\/24\/vidago-palace-hotel-elegancia-conforto-e-requinte\/#primaryimage"},"thumbnailUrl":"http:\/\/maismagazine.pt\/wp-content\/uploads\/2023\/03\/Facade2.jpg","datePublished":"2023-03-24T07:00:00+00:00","description":"terap\u00eauticas e curativas da \u00e1gua mineral de Vidago. Inaugurado h\u00e1 mais de um s\u00e9culo e mantendo o requinte da Belle \u00c9poque, o Vidago Palace continua a oferecer hoje aos seus clientes um servi\u00e7o de luxo, com os mais altos padr\u00f5es de qualidade e conforto, como nos explica Maria Jos\u00e9 David, Diretora de Turismo do Vidago Palace Hotel.","breadcrumb":{"@id":"https:\/\/maismagazine.pt\/index.php\/2023\/03\/24\/vidago-palace-hotel-elegancia-conforto-e-requinte\/#breadcrumb"},"inLanguage":"pt-PT","potentialAction":[{"@type":"ReadAction","target":["https:\/\/maismagazine.pt\/index.php\/2023\/03\/24\/vidago-palace-hotel-elegancia-conforto-e-requinte\/"]}]},{"@type":"ImageObject","inLanguage":"pt-PT","@id":"https:\/\/maismagazine.pt\/index.php\/2023\/03\/24\/vidago-palace-hotel-elegancia-conforto-e-requinte\/#primaryimage","url":"http:\/\/maismagazine.pt\/wp-content\/uploads\/2023\/03\/Facade2.jpg","contentUrl":"http:\/\/maismagazine.pt\/wp-content\/uploads\/2023\/03\/Facade2.jpg","width":1800,"height":1199},{"@type":"BreadcrumbList","@id":"https:\/\/maismagazine.pt\/index.php\/2023\/03\/24\/vidago-palace-hotel-elegancia-conforto-e-requinte\/#breadcrumb","itemListElement":[{"@type":"ListItem","position":1,"name":"Home","item":"https:\/\/maismagazine.pt\/"},{"@type":"ListItem","position":2,"name":"Vidago Palace Hotel &#8211; Eleg\u00e2ncia, conforto e requinte"}]},{"@type":"WebSite","@id":"https:\/\/maismagazine.pt\/#website","url":"https:\/\/maismagazine.pt\/","name":"Mais Magazine","description":"","publisher":{"@id":"https:\/\/maismagazine.pt\/#organization"},"potentialAction":[{"@type":"SearchAction","target":{"@type":"EntryPoint","urlTemplate":"https:\/\/maismagazine.pt\/?s={search_term_string}"},"query-input":{"@type":"PropertyValueSpecification","valueRequired":true,"valueName":"search_term_string"}}],"inLanguage":"pt-PT"},{"@type":"Organization","@id":"https:\/\/maismagazine.pt\/#organization","name":"Mais Magazine","url":"https:\/\/maismagazine.pt\/","logo":{"@type":"ImageObject","inLanguage":"pt-PT","@id":"https:\/\/maismagazine.pt\/#\/schema\/logo\/image\/","url":"http:\/\/maismagazine.pt\/wp-content\/uploads\/2020\/04\/cropped-cropped-mais-magazine-site-logo-2.png","contentUrl":"http:\/\/maismagazine.pt\/wp-content\/uploads\/2020\/04\/cropped-cropped-mais-magazine-site-logo-2.png","width":581,"height":90,"caption":"Mais Magazine"},"image":{"@id":"https:\/\/maismagazine.pt\/#\/schema\/logo\/image\/"}},{"@type":"Person","@id":"https:\/\/maismagazine.pt\/#\/schema\/person\/999bd426f894ff56d397ec12ebd21ebb","name":"Jo\u00e3o Malainho","image":{"@type":"ImageObject","inLanguage":"pt-PT","@id":"https:\/\/maismagazine.pt\/#\/schema\/person\/image\/","url":"https:\/\/secure.gravatar.com\/avatar\/ff03c2f38edf60b2a827aa4f74878491?s=96&d=mm&r=g","contentUrl":"https:\/\/secure.gravatar.com\/avatar\/ff03c2f38edf60b2a827aa4f74878491?s=96&d=mm&r=g","caption":"Jo\u00e3o Malainho"},"url":"http:\/\/maismagazine.pt\/index.php\/author\/maismagazine\/"}]}},"author_meta":{"display_name":false,"author_link":"http:\/\/maismagazine.pt\/index.php\/author\/maismagazine\/"},"featured_img":"http:\/\/maismagazine.pt\/wp-content\/uploads\/2023\/03\/Facade2-300x200.jpg","coauthors":[],"tax_additional":{"categories":{"linked":["<a href=\"http:\/\/maismagazine.pt\/index.php\/category\/lifestyle\/\" class=\"advgb-post-tax-term\">LifeStyle<\/a>","<a href=\"http:\/\/maismagazine.pt\/index.php\/category\/mundo-empresarial\/saude\/\" class=\"advgb-post-tax-term\">Sa\u00fade<\/a>","<a href=\"http:\/\/maismagazine.pt\/index.php\/category\/turismo-restaurantes\/\" class=\"advgb-post-tax-term\">Turismo | Vinhos | Gastronomia<\/a>"],"unlinked":["<span class=\"advgb-post-tax-term\">LifeStyle<\/span>","<span class=\"advgb-post-tax-term\">Sa\u00fade<\/span>","<span class=\"advgb-post-tax-term\">Turismo | Vinhos | Gastronomia<\/span>"]},"tags":{"linked":["<a href=\"http:\/\/maismagazine.pt\/index.php\/category\/turismo-restaurantes\/\" class=\"advgb-post-tax-term\">Bem-estar<\/a>","<a href=\"http:\/\/maismagazine.pt\/index.php\/category\/turismo-restaurantes\/\" class=\"advgb-post-tax-term\">Hotel<\/a>","<a href=\"http:\/\/maismagazine.pt\/index.php\/category\/turismo-restaurantes\/\" class=\"advgb-post-tax-term\">Luxo<\/a>","<a href=\"http:\/\/maismagazine.pt\/index.php\/category\/turismo-restaurantes\/\" class=\"advgb-post-tax-term\">sa\u00fade<\/a>","<a href=\"http:\/\/maismagazine.pt\/index.php\/category\/turismo-restaurantes\/\" class=\"advgb-post-tax-term\">Termalismo<\/a>","<a href=\"http:\/\/maismagazine.pt\/index.php\/category\/turismo-restaurantes\/\" class=\"advgb-post-tax-term\">Termas<\/a>","<a href=\"http:\/\/maismagazine.pt\/index.php\/category\/turismo-restaurantes\/\" class=\"advgb-post-tax-term\">Vidago<\/a>","<a href=\"http:\/\/maismagazine.pt\/index.php\/category\/turismo-restaurantes\/\" class=\"advgb-post-tax-term\">Vidago Palace Hotel<\/a>"],"unlinked":["<span class=\"advgb-post-tax-term\">Bem-estar<\/span>","<span class=\"advgb-post-tax-term\">Hotel<\/span>","<span class=\"advgb-post-tax-term\">Luxo<\/span>","<span class=\"advgb-post-tax-term\">sa\u00fade<\/span>","<span class=\"advgb-post-tax-term\">Termalismo<\/span>","<span class=\"advgb-post-tax-term\">Termas<\/span>","<span class=\"advgb-post-tax-term\">Vidago<\/span>","<span class=\"advgb-post-tax-term\">Vidago Palace Hotel<\/span>"]}},"comment_count":"0","relative_dates":{"created":"Posted 3 anos ago","modified":"Updated 3 anos ago"},"absolute_dates":{"created":"Posted on 24 de Mar\u00e7o, 2023","modified":"Updated on 15 de Mar\u00e7o, 2023"},"absolute_dates_time":{"created":"Posted on 24 de Mar\u00e7o, 2023 7:00","modified":"Updated on 15 de Mar\u00e7o, 2023 17:04"},"featured_img_caption":"","series_order":"","_links":{"self":[{"href":"http:\/\/maismagazine.pt\/index.php\/wp-json\/wp\/v2\/posts\/6085","targetHints":{"allow":["GET"]}}],"collection":[{"href":"http:\/\/maismagazine.pt\/index.php\/wp-json\/wp\/v2\/posts"}],"about":[{"href":"http:\/\/maismagazine.pt\/index.php\/wp-json\/wp\/v2\/types\/post"}],"author":[{"embeddable":true,"href":"http:\/\/maismagazine.pt\/index.php\/wp-json\/wp\/v2\/users\/7"}],"replies":[{"embeddable":true,"href":"http:\/\/maismagazine.pt\/index.php\/wp-json\/wp\/v2\/comments?post=6085"}],"version-history":[{"count":2,"href":"http:\/\/maismagazine.pt\/index.php\/wp-json\/wp\/v2\/posts\/6085\/revisions"}],"predecessor-version":[{"id":6151,"href":"http:\/\/maismagazine.pt\/index.php\/wp-json\/wp\/v2\/posts\/6085\/revisions\/6151"}],"wp:featuredmedia":[{"embeddable":true,"href":"http:\/\/maismagazine.pt\/index.php\/wp-json\/wp\/v2\/media\/6095"}],"wp:attachment":[{"href":"http:\/\/maismagazine.pt\/index.php\/wp-json\/wp\/v2\/media?parent=6085"}],"wp:term":[{"taxonomy":"category","embeddable":true,"href":"http:\/\/maismagazine.pt\/index.php\/wp-json\/wp\/v2\/categories?post=6085"},{"taxonomy":"post_tag","embeddable":true,"href":"http:\/\/maismagazine.pt\/index.php\/wp-json\/wp\/v2\/tags?post=6085"}],"curies":[{"name":"wp","href":"https:\/\/api.w.org\/{rel}","templated":true}]}}