{"id":6031,"date":"2023-03-24T07:00:00","date_gmt":"2023-03-24T07:00:00","guid":{"rendered":"https:\/\/maismagazine.pt\/?p=6031"},"modified":"2023-03-15T15:24:30","modified_gmt":"2023-03-15T15:24:30","slug":"termas-de-nisa-cuidamos-do-seu-bem-estar","status":"publish","type":"post","link":"http:\/\/maismagazine.pt\/index.php\/2023\/03\/24\/termas-de-nisa-cuidamos-do-seu-bem-estar\/","title":{"rendered":"Termas de Nisa: \u201cCuidamos do seu bem-estar\u201d"},"content":{"rendered":"\n<p><strong>Localizadas numa plan\u00edcie alentejana, as <a href=\"http:\/\/www.cm-nisa.pt\">Termas da Fadagosa de Nisa<\/a> s\u00e3o anualmente procuradas por milhares de aquistas, que encontram nas suas \u00e1guas fracamente mineralizadas a f\u00f3rmula secreta para o tratamento de problemas respirat\u00f3rios, dermatol\u00f3gicos e m\u00fasculo-esquel\u00e9ticos. Idalina Trindade, Presidente da C\u00e2mara Municipal de Nisa, falou \u00e0 Mais Magazine sobre os servi\u00e7os disponibilizados pelo complexo termal e o que esta regi\u00e3o tem ainda para oferecer.<\/strong> <\/p>\n\n\n\n<p><\/p>\n\n\n\n<p>\u00c9 da nascente da Fadagosa, situada a 11 quil\u00f3metros da vila de Nisa, que brotam \u00e1guas termais com poderes medicinais \u00fanicos e que, h\u00e1 v\u00e1rios anos, s\u00e3o sucessivamente procuradas por milhares de aquistas vindos de todo o pa\u00eds. As refer\u00eancias hist\u00f3ricas referentes \u00e0 utiliza\u00e7\u00e3o das \u00e1guas da Fadagosa para fins medicinais e terap\u00eauticos remontam a 1792, ano em que por ordem do Provedor da Comarca, Vicente Casal Ribeiro, se iniciou a constru\u00e7\u00e3o \u201cde prec\u00e1rias instala\u00e7\u00f5es para comodidade dos banhistas\u201d, que foram, posteriormente, ampliadas em 1827. Passando por um per\u00edodo de estagna\u00e7\u00e3o e at\u00e9 de abandono, s\u00f3 na d\u00e9cada de 50, \u00e9 que a C\u00e2mara Municipal de Nisa recupera o antigo edif\u00edcio dos banhos, criando ao mesmo tempo um espa\u00e7o destinado ao acolhimento dos aquistas. \u201cCom o decorrer dos anos, esse espa\u00e7o foi sendo melhorado e renovado, tendo a beneficia\u00e7\u00e3o mais recente incidido na cria\u00e7\u00e3o de um espa\u00e7o de aromoterapia, apetrechado de equipamentos e decora\u00e7\u00e3o alusivos a este servi\u00e7o de bem-estar\u201d, explica Idalina Trindade. Em termos de classifica\u00e7\u00e3o usual na hidrologia portuguesa, a \u00e1gua da Fadagosa de Nisa pertence ao grupo de \u00e1guas minerais sulf\u00fareas e caracterizam-se pela sua rea\u00e7\u00e3o alcalina, bicarbonada, s\u00f3dica, fluoretada e sulfidratada, sendo assim especialmente procuradas pelo seu valor terap\u00eautico no tratamento de problemas reum\u00e1ticos\/m\u00fasculo-esquel\u00e9ticos, respirat\u00f3rios, metab\u00f3licos e dermatol\u00f3gicos. <\/p>\n\n\n\n<p><\/p>\n\n\n\n<figure class=\"wp-block-gallery columns-2 is-cropped wp-block-gallery-1\"><ul class=\"blocks-gallery-grid\"><li class=\"blocks-gallery-item\"><figure><img loading=\"lazy\" decoding=\"async\" width=\"576\" height=\"384\" src=\"https:\/\/maismagazine.pt\/wp-content\/uploads\/2023\/03\/termas.jpg\" alt=\"\" data-id=\"6034\" data-full-url=\"https:\/\/maismagazine.pt\/wp-content\/uploads\/2023\/03\/termas.jpg\" data-link=\"https:\/\/maismagazine.pt\/?attachment_id=6034\" class=\"wp-image-6034\" srcset=\"http:\/\/maismagazine.pt\/wp-content\/uploads\/2023\/03\/termas.jpg 576w, http:\/\/maismagazine.pt\/wp-content\/uploads\/2023\/03\/termas-300x200.jpg 300w, http:\/\/maismagazine.pt\/wp-content\/uploads\/2023\/03\/termas-150x100.jpg 150w\" sizes=\"auto, (max-width: 576px) 100vw, 576px\" \/><\/figure><\/li><li class=\"blocks-gallery-item\"><figure><img loading=\"lazy\" decoding=\"async\" width=\"480\" height=\"320\" src=\"https:\/\/maismagazine.pt\/wp-content\/uploads\/2023\/03\/DSC_0897.jpg\" alt=\"\" data-id=\"6035\" data-full-url=\"https:\/\/maismagazine.pt\/wp-content\/uploads\/2023\/03\/DSC_0897.jpg\" data-link=\"https:\/\/maismagazine.pt\/?attachment_id=6035\" class=\"wp-image-6035 is-layout-flex wp-block-gallery-is-layout-flex\" srcset=\"http:\/\/maismagazine.pt\/wp-content\/uploads\/2023\/03\/DSC_0897.jpg 480w, http:\/\/maismagazine.pt\/wp-content\/uploads\/2023\/03\/DSC_0897-300x200.jpg 300w, http:\/\/maismagazine.pt\/wp-content\/uploads\/2023\/03\/DSC_0897-150x100.jpg 150w\" sizes=\"auto, (max-width: 480px) 100vw, 480px\" \/><\/figure><\/li><\/ul><\/figure>\n\n\n\n<p>Com modernas instala\u00e7\u00f5es, as Termas da Fadagosa de Nisa disponibilizam um conjunto de tratamentos que se dividem pelas \u00e1reas de termalismo cl\u00e1ssico e termalismo de bem-estar. No primeiro \u00e9 poss\u00edvel realizar tratamentos por irriga\u00e7\u00e3o nasal, aerossol, nebuliza\u00e7\u00e3o, duche agulheta, filiforme asma e bronquite, filiforme sinusite e rinite, vichy, hidromassagem, bolha de ar, hidro com bolha, subaqu\u00e1tico e circular. Uma oferta que \u00e9 complementada com o corredor de marcha, sauna, jacuzzi e massagem parcial relaxante que integram o termalismo de bem-estar e para o qual existe uma oferta variada de aromoterapia, com pacotes personalizados a realizar individualmente ou em casal. No entanto, desengane-se quem pensa que Nisa apenas se destaca no turismo termal e de bem-estar. Para al\u00e9m da oferta nestes segmentos, a regi\u00e3o oferece ainda recursos culturais e naturais para serem explorados. \u201cNisa \u00e9 um concelho de excel\u00eancia tur\u00edstica, de bem-estar e sa\u00fade, n\u00e3o s\u00f3 pelo seu patrim\u00f3nio, as suas gentes, o seu artesanato e a sua gastronomia, mas porque nele h\u00e1 locais e experi\u00eancias \u00fanicas que merecem a visita como, por exemplo, a Ruinha de Santa Maria ou o fabuloso Trilho da Barca d\u2019Amieira, o Centro Hist\u00f3rico de Nisa, o Conhal do Arneiro, o Castelo de Amieira do Tejo\u201d, afirma Idalina Trindade. <\/p>\n\n\n\n<div class=\"wp-block-image\"><figure class=\"aligncenter size-full is-resized\"><img loading=\"lazy\" decoding=\"async\" src=\"https:\/\/maismagazine.pt\/wp-content\/uploads\/2023\/03\/logo-2.png\" alt=\"\" class=\"wp-image-6032\" width=\"389\" height=\"86\"\/><\/figure><\/div>\n","protected":false},"excerpt":{"rendered":"<p>Localizadas numa plan\u00edcie alentejana, as Termas da Fadagosa de Nisa s\u00e3o anualmente procuradas por milhares de aquistas, que encontram nas suas \u00e1guas fracamente mineralizadas a f\u00f3rmula secreta para o tratamento de problemas respirat\u00f3rios, dermatol\u00f3gicos e m\u00fasculo-esquel\u00e9ticos. Idalina Trindade, Presidente da C\u00e2mara Municipal de Nisa, falou \u00e0 Mais Magazine sobre os&hellip;<\/p>\n","protected":false},"author":17,"featured_media":6033,"comment_status":"closed","ping_status":"open","sticky":false,"template":"","format":"standard","meta":{"advgb_blocks_editor_width":"","advgb_blocks_columns_visual_guide":"","_monsterinsights_skip_tracking":false,"_monsterinsights_sitenote_active":false,"_monsterinsights_sitenote_note":"","_monsterinsights_sitenote_category":0,"footnotes":""},"categories":[54,313],"tags":[1374,105,457,1375],"class_list":["post-6031","post","type-post","status-publish","format-standard","has-post-thumbnail","hentry","category-lifestyle","category-saude","tag-agua-termal","tag-bem-estar","tag-saude","tag-termas-de-nisa"],"yoast_head":"<!-- This site is optimized with the Yoast SEO plugin v24.4 - https:\/\/yoast.com\/wordpress\/plugins\/seo\/ -->\n<title>Termas de Nisa: \u201cCuidamos do seu bem-estar\u201d - Mais Magazine<\/title>\n<meta name=\"description\" content=\"Localizadas numa plan\u00edcie alentejana, as Termas da Fadagosa de Nisa s\u00e3o anualmente procuradas por milhares de aquistas, que encontram nas suas \u00e1guas fracamente mineralizadas a f\u00f3rmula secreta para o tratamento de problemas respirat\u00f3rios, dermatol\u00f3gicos e m\u00fasculo-esquel\u00e9ticos. Idalina Trindade, Presidente da C\u00e2mara Municipal de Nisa, falou \u00e0 Mais Magazine sobre os servi\u00e7os disponibilizados pelo complexo termal e o que esta regi\u00e3o tem ainda para oferecer.\" \/>\n<meta name=\"robots\" content=\"index, follow, max-snippet:-1, max-image-preview:large, max-video-preview:-1\" \/>\n<link rel=\"canonical\" href=\"http:\/\/maismagazine.pt\/index.php\/2023\/03\/24\/termas-de-nisa-cuidamos-do-seu-bem-estar\/\" \/>\n<meta property=\"og:locale\" content=\"pt_PT\" \/>\n<meta property=\"og:type\" content=\"article\" \/>\n<meta property=\"og:title\" content=\"Termas de Nisa: \u201cCuidamos do seu bem-estar\u201d - Mais Magazine\" \/>\n<meta property=\"og:description\" content=\"Localizadas numa plan\u00edcie alentejana, as Termas da Fadagosa de Nisa s\u00e3o anualmente procuradas por milhares de aquistas, que encontram nas suas \u00e1guas fracamente mineralizadas a f\u00f3rmula secreta para o tratamento de problemas respirat\u00f3rios, dermatol\u00f3gicos e m\u00fasculo-esquel\u00e9ticos. Idalina Trindade, Presidente da C\u00e2mara Municipal de Nisa, falou \u00e0 Mais Magazine sobre os servi\u00e7os disponibilizados pelo complexo termal e o que esta regi\u00e3o tem ainda para oferecer.\" \/>\n<meta property=\"og:url\" content=\"http:\/\/maismagazine.pt\/index.php\/2023\/03\/24\/termas-de-nisa-cuidamos-do-seu-bem-estar\/\" \/>\n<meta property=\"og:site_name\" content=\"Mais Magazine\" \/>\n<meta property=\"article:published_time\" content=\"2023-03-24T07:00:00+00:00\" \/>\n<meta property=\"og:image\" content=\"http:\/\/maismagazine.pt\/wp-content\/uploads\/2023\/03\/DJI_0014.jpg\" \/>\n\t<meta property=\"og:image:width\" content=\"960\" \/>\n\t<meta property=\"og:image:height\" content=\"720\" \/>\n\t<meta property=\"og:image:type\" content=\"image\/jpeg\" \/>\n<meta name=\"author\" content=\"Tiago Costa\" \/>\n<meta name=\"twitter:card\" content=\"summary_large_image\" \/>\n<meta name=\"twitter:label1\" content=\"Escrito por\" \/>\n\t<meta name=\"twitter:data1\" content=\"\" \/>\n\t<meta name=\"twitter:label2\" content=\"Tempo estimado de leitura\" \/>\n\t<meta name=\"twitter:data2\" content=\"3 minutos\" \/>\n<script type=\"application\/ld+json\" class=\"yoast-schema-graph\">{\"@context\":\"https:\/\/schema.org\",\"@graph\":[{\"@type\":\"Article\",\"@id\":\"http:\/\/maismagazine.pt\/index.php\/2023\/03\/24\/termas-de-nisa-cuidamos-do-seu-bem-estar\/#article\",\"isPartOf\":{\"@id\":\"http:\/\/maismagazine.pt\/index.php\/2023\/03\/24\/termas-de-nisa-cuidamos-do-seu-bem-estar\/\"},\"author\":{\"name\":\"Tiago Costa\",\"@id\":\"http:\/\/maismagazine.pt\/#\/schema\/person\/c6c5bfccc886434cbd11c74e035f9646\"},\"headline\":\"Termas de Nisa: \u201cCuidamos do seu bem-estar\u201d\",\"datePublished\":\"2023-03-24T07:00:00+00:00\",\"mainEntityOfPage\":{\"@id\":\"http:\/\/maismagazine.pt\/index.php\/2023\/03\/24\/termas-de-nisa-cuidamos-do-seu-bem-estar\/\"},\"wordCount\":536,\"publisher\":{\"@id\":\"http:\/\/maismagazine.pt\/#organization\"},\"image\":{\"@id\":\"http:\/\/maismagazine.pt\/index.php\/2023\/03\/24\/termas-de-nisa-cuidamos-do-seu-bem-estar\/#primaryimage\"},\"thumbnailUrl\":\"http:\/\/maismagazine.pt\/wp-content\/uploads\/2023\/03\/DJI_0014.jpg\",\"keywords\":[\"\u00c1gua termal\",\"Bem-estar\",\"sa\u00fade\",\"Termas de Nisa\"],\"articleSection\":[\"LifeStyle\",\"Sa\u00fade\"],\"inLanguage\":\"pt-PT\"},{\"@type\":\"WebPage\",\"@id\":\"http:\/\/maismagazine.pt\/index.php\/2023\/03\/24\/termas-de-nisa-cuidamos-do-seu-bem-estar\/\",\"url\":\"http:\/\/maismagazine.pt\/index.php\/2023\/03\/24\/termas-de-nisa-cuidamos-do-seu-bem-estar\/\",\"name\":\"Termas de Nisa: \u201cCuidamos do seu bem-estar\u201d - Mais Magazine\",\"isPartOf\":{\"@id\":\"http:\/\/maismagazine.pt\/#website\"},\"primaryImageOfPage\":{\"@id\":\"http:\/\/maismagazine.pt\/index.php\/2023\/03\/24\/termas-de-nisa-cuidamos-do-seu-bem-estar\/#primaryimage\"},\"image\":{\"@id\":\"http:\/\/maismagazine.pt\/index.php\/2023\/03\/24\/termas-de-nisa-cuidamos-do-seu-bem-estar\/#primaryimage\"},\"thumbnailUrl\":\"http:\/\/maismagazine.pt\/wp-content\/uploads\/2023\/03\/DJI_0014.jpg\",\"datePublished\":\"2023-03-24T07:00:00+00:00\",\"description\":\"Localizadas numa plan\u00edcie alentejana, as Termas da Fadagosa de Nisa s\u00e3o anualmente procuradas por milhares de aquistas, que encontram nas suas \u00e1guas fracamente mineralizadas a f\u00f3rmula secreta para o tratamento de problemas respirat\u00f3rios, dermatol\u00f3gicos e m\u00fasculo-esquel\u00e9ticos. Idalina Trindade, Presidente da C\u00e2mara Municipal de Nisa, falou \u00e0 Mais Magazine sobre os servi\u00e7os disponibilizados pelo complexo termal e o que esta regi\u00e3o tem ainda para oferecer.\",\"breadcrumb\":{\"@id\":\"http:\/\/maismagazine.pt\/index.php\/2023\/03\/24\/termas-de-nisa-cuidamos-do-seu-bem-estar\/#breadcrumb\"},\"inLanguage\":\"pt-PT\",\"potentialAction\":[{\"@type\":\"ReadAction\",\"target\":[\"http:\/\/maismagazine.pt\/index.php\/2023\/03\/24\/termas-de-nisa-cuidamos-do-seu-bem-estar\/\"]}]},{\"@type\":\"ImageObject\",\"inLanguage\":\"pt-PT\",\"@id\":\"http:\/\/maismagazine.pt\/index.php\/2023\/03\/24\/termas-de-nisa-cuidamos-do-seu-bem-estar\/#primaryimage\",\"url\":\"http:\/\/maismagazine.pt\/wp-content\/uploads\/2023\/03\/DJI_0014.jpg\",\"contentUrl\":\"http:\/\/maismagazine.pt\/wp-content\/uploads\/2023\/03\/DJI_0014.jpg\",\"width\":960,\"height\":720},{\"@type\":\"BreadcrumbList\",\"@id\":\"http:\/\/maismagazine.pt\/index.php\/2023\/03\/24\/termas-de-nisa-cuidamos-do-seu-bem-estar\/#breadcrumb\",\"itemListElement\":[{\"@type\":\"ListItem\",\"position\":1,\"name\":\"Home\",\"item\":\"http:\/\/maismagazine.pt\/\"},{\"@type\":\"ListItem\",\"position\":2,\"name\":\"Termas de Nisa: \u201cCuidamos do seu bem-estar\u201d\"}]},{\"@type\":\"WebSite\",\"@id\":\"http:\/\/maismagazine.pt\/#website\",\"url\":\"http:\/\/maismagazine.pt\/\",\"name\":\"Mais Magazine\",\"description\":\"\",\"publisher\":{\"@id\":\"http:\/\/maismagazine.pt\/#organization\"},\"potentialAction\":[{\"@type\":\"SearchAction\",\"target\":{\"@type\":\"EntryPoint\",\"urlTemplate\":\"http:\/\/maismagazine.pt\/?s={search_term_string}\"},\"query-input\":{\"@type\":\"PropertyValueSpecification\",\"valueRequired\":true,\"valueName\":\"search_term_string\"}}],\"inLanguage\":\"pt-PT\"},{\"@type\":\"Organization\",\"@id\":\"http:\/\/maismagazine.pt\/#organization\",\"name\":\"Mais Magazine\",\"url\":\"http:\/\/maismagazine.pt\/\",\"logo\":{\"@type\":\"ImageObject\",\"inLanguage\":\"pt-PT\",\"@id\":\"http:\/\/maismagazine.pt\/#\/schema\/logo\/image\/\",\"url\":\"http:\/\/maismagazine.pt\/wp-content\/uploads\/2020\/04\/cropped-cropped-mais-magazine-site-logo-2.png\",\"contentUrl\":\"http:\/\/maismagazine.pt\/wp-content\/uploads\/2020\/04\/cropped-cropped-mais-magazine-site-logo-2.png\",\"width\":581,\"height\":90,\"caption\":\"Mais Magazine\"},\"image\":{\"@id\":\"http:\/\/maismagazine.pt\/#\/schema\/logo\/image\/\"}},{\"@type\":\"Person\",\"@id\":\"http:\/\/maismagazine.pt\/#\/schema\/person\/c6c5bfccc886434cbd11c74e035f9646\",\"name\":\"Tiago Costa\",\"image\":{\"@type\":\"ImageObject\",\"inLanguage\":\"pt-PT\",\"@id\":\"http:\/\/maismagazine.pt\/#\/schema\/person\/image\/\",\"url\":\"https:\/\/secure.gravatar.com\/avatar\/c599b2bce16c9870429198cbad5ee022?s=96&d=mm&r=g\",\"contentUrl\":\"https:\/\/secure.gravatar.com\/avatar\/c599b2bce16c9870429198cbad5ee022?s=96&d=mm&r=g\",\"caption\":\"Tiago Costa\"},\"url\":\"http:\/\/maismagazine.pt\/index.php\/author\/tiago\/\"}]}<\/script>\n<!-- \/ Yoast SEO plugin. -->","yoast_head_json":{"title":"Termas de Nisa: \u201cCuidamos do seu bem-estar\u201d - Mais Magazine","description":"Localizadas numa plan\u00edcie alentejana, as Termas da Fadagosa de Nisa s\u00e3o anualmente procuradas por milhares de aquistas, que encontram nas suas \u00e1guas fracamente mineralizadas a f\u00f3rmula secreta para o tratamento de problemas respirat\u00f3rios, dermatol\u00f3gicos e m\u00fasculo-esquel\u00e9ticos. Idalina Trindade, Presidente da C\u00e2mara Municipal de Nisa, falou \u00e0 Mais Magazine sobre os servi\u00e7os disponibilizados pelo complexo termal e o que esta regi\u00e3o tem ainda para oferecer.","robots":{"index":"index","follow":"follow","max-snippet":"max-snippet:-1","max-image-preview":"max-image-preview:large","max-video-preview":"max-video-preview:-1"},"canonical":"http:\/\/maismagazine.pt\/index.php\/2023\/03\/24\/termas-de-nisa-cuidamos-do-seu-bem-estar\/","og_locale":"pt_PT","og_type":"article","og_title":"Termas de Nisa: \u201cCuidamos do seu bem-estar\u201d - Mais Magazine","og_description":"Localizadas numa plan\u00edcie alentejana, as Termas da Fadagosa de Nisa s\u00e3o anualmente procuradas por milhares de aquistas, que encontram nas suas \u00e1guas fracamente mineralizadas a f\u00f3rmula secreta para o tratamento de problemas respirat\u00f3rios, dermatol\u00f3gicos e m\u00fasculo-esquel\u00e9ticos. Idalina Trindade, Presidente da C\u00e2mara Municipal de Nisa, falou \u00e0 Mais Magazine sobre os servi\u00e7os disponibilizados pelo complexo termal e o que esta regi\u00e3o tem ainda para oferecer.","og_url":"http:\/\/maismagazine.pt\/index.php\/2023\/03\/24\/termas-de-nisa-cuidamos-do-seu-bem-estar\/","og_site_name":"Mais Magazine","article_published_time":"2023-03-24T07:00:00+00:00","og_image":[{"width":960,"height":720,"url":"http:\/\/maismagazine.pt\/wp-content\/uploads\/2023\/03\/DJI_0014.jpg","type":"image\/jpeg"}],"author":"Tiago Costa","twitter_card":"summary_large_image","twitter_misc":{"Escrito por":false,"Tempo estimado de leitura":"3 minutos"},"schema":{"@context":"https:\/\/schema.org","@graph":[{"@type":"Article","@id":"http:\/\/maismagazine.pt\/index.php\/2023\/03\/24\/termas-de-nisa-cuidamos-do-seu-bem-estar\/#article","isPartOf":{"@id":"http:\/\/maismagazine.pt\/index.php\/2023\/03\/24\/termas-de-nisa-cuidamos-do-seu-bem-estar\/"},"author":{"name":"Tiago Costa","@id":"http:\/\/maismagazine.pt\/#\/schema\/person\/c6c5bfccc886434cbd11c74e035f9646"},"headline":"Termas de Nisa: \u201cCuidamos do seu bem-estar\u201d","datePublished":"2023-03-24T07:00:00+00:00","mainEntityOfPage":{"@id":"http:\/\/maismagazine.pt\/index.php\/2023\/03\/24\/termas-de-nisa-cuidamos-do-seu-bem-estar\/"},"wordCount":536,"publisher":{"@id":"http:\/\/maismagazine.pt\/#organization"},"image":{"@id":"http:\/\/maismagazine.pt\/index.php\/2023\/03\/24\/termas-de-nisa-cuidamos-do-seu-bem-estar\/#primaryimage"},"thumbnailUrl":"http:\/\/maismagazine.pt\/wp-content\/uploads\/2023\/03\/DJI_0014.jpg","keywords":["\u00c1gua termal","Bem-estar","sa\u00fade","Termas de Nisa"],"articleSection":["LifeStyle","Sa\u00fade"],"inLanguage":"pt-PT"},{"@type":"WebPage","@id":"http:\/\/maismagazine.pt\/index.php\/2023\/03\/24\/termas-de-nisa-cuidamos-do-seu-bem-estar\/","url":"http:\/\/maismagazine.pt\/index.php\/2023\/03\/24\/termas-de-nisa-cuidamos-do-seu-bem-estar\/","name":"Termas de Nisa: \u201cCuidamos do seu bem-estar\u201d - Mais Magazine","isPartOf":{"@id":"http:\/\/maismagazine.pt\/#website"},"primaryImageOfPage":{"@id":"http:\/\/maismagazine.pt\/index.php\/2023\/03\/24\/termas-de-nisa-cuidamos-do-seu-bem-estar\/#primaryimage"},"image":{"@id":"http:\/\/maismagazine.pt\/index.php\/2023\/03\/24\/termas-de-nisa-cuidamos-do-seu-bem-estar\/#primaryimage"},"thumbnailUrl":"http:\/\/maismagazine.pt\/wp-content\/uploads\/2023\/03\/DJI_0014.jpg","datePublished":"2023-03-24T07:00:00+00:00","description":"Localizadas numa plan\u00edcie alentejana, as Termas da Fadagosa de Nisa s\u00e3o anualmente procuradas por milhares de aquistas, que encontram nas suas \u00e1guas fracamente mineralizadas a f\u00f3rmula secreta para o tratamento de problemas respirat\u00f3rios, dermatol\u00f3gicos e m\u00fasculo-esquel\u00e9ticos. Idalina Trindade, Presidente da C\u00e2mara Municipal de Nisa, falou \u00e0 Mais Magazine sobre os servi\u00e7os disponibilizados pelo complexo termal e o que esta regi\u00e3o tem ainda para oferecer.","breadcrumb":{"@id":"http:\/\/maismagazine.pt\/index.php\/2023\/03\/24\/termas-de-nisa-cuidamos-do-seu-bem-estar\/#breadcrumb"},"inLanguage":"pt-PT","potentialAction":[{"@type":"ReadAction","target":["http:\/\/maismagazine.pt\/index.php\/2023\/03\/24\/termas-de-nisa-cuidamos-do-seu-bem-estar\/"]}]},{"@type":"ImageObject","inLanguage":"pt-PT","@id":"http:\/\/maismagazine.pt\/index.php\/2023\/03\/24\/termas-de-nisa-cuidamos-do-seu-bem-estar\/#primaryimage","url":"http:\/\/maismagazine.pt\/wp-content\/uploads\/2023\/03\/DJI_0014.jpg","contentUrl":"http:\/\/maismagazine.pt\/wp-content\/uploads\/2023\/03\/DJI_0014.jpg","width":960,"height":720},{"@type":"BreadcrumbList","@id":"http:\/\/maismagazine.pt\/index.php\/2023\/03\/24\/termas-de-nisa-cuidamos-do-seu-bem-estar\/#breadcrumb","itemListElement":[{"@type":"ListItem","position":1,"name":"Home","item":"http:\/\/maismagazine.pt\/"},{"@type":"ListItem","position":2,"name":"Termas de Nisa: \u201cCuidamos do seu bem-estar\u201d"}]},{"@type":"WebSite","@id":"http:\/\/maismagazine.pt\/#website","url":"http:\/\/maismagazine.pt\/","name":"Mais Magazine","description":"","publisher":{"@id":"http:\/\/maismagazine.pt\/#organization"},"potentialAction":[{"@type":"SearchAction","target":{"@type":"EntryPoint","urlTemplate":"http:\/\/maismagazine.pt\/?s={search_term_string}"},"query-input":{"@type":"PropertyValueSpecification","valueRequired":true,"valueName":"search_term_string"}}],"inLanguage":"pt-PT"},{"@type":"Organization","@id":"http:\/\/maismagazine.pt\/#organization","name":"Mais Magazine","url":"http:\/\/maismagazine.pt\/","logo":{"@type":"ImageObject","inLanguage":"pt-PT","@id":"http:\/\/maismagazine.pt\/#\/schema\/logo\/image\/","url":"http:\/\/maismagazine.pt\/wp-content\/uploads\/2020\/04\/cropped-cropped-mais-magazine-site-logo-2.png","contentUrl":"http:\/\/maismagazine.pt\/wp-content\/uploads\/2020\/04\/cropped-cropped-mais-magazine-site-logo-2.png","width":581,"height":90,"caption":"Mais Magazine"},"image":{"@id":"http:\/\/maismagazine.pt\/#\/schema\/logo\/image\/"}},{"@type":"Person","@id":"http:\/\/maismagazine.pt\/#\/schema\/person\/c6c5bfccc886434cbd11c74e035f9646","name":"Tiago Costa","image":{"@type":"ImageObject","inLanguage":"pt-PT","@id":"http:\/\/maismagazine.pt\/#\/schema\/person\/image\/","url":"https:\/\/secure.gravatar.com\/avatar\/c599b2bce16c9870429198cbad5ee022?s=96&d=mm&r=g","contentUrl":"https:\/\/secure.gravatar.com\/avatar\/c599b2bce16c9870429198cbad5ee022?s=96&d=mm&r=g","caption":"Tiago Costa"},"url":"http:\/\/maismagazine.pt\/index.php\/author\/tiago\/"}]}},"author_meta":{"display_name":false,"author_link":"http:\/\/maismagazine.pt\/index.php\/author\/tiago\/"},"featured_img":"http:\/\/maismagazine.pt\/wp-content\/uploads\/2023\/03\/DJI_0014-300x225.jpg","coauthors":[],"tax_additional":{"categories":{"linked":["<a href=\"http:\/\/maismagazine.pt\/index.php\/category\/lifestyle\/\" class=\"advgb-post-tax-term\">LifeStyle<\/a>","<a href=\"http:\/\/maismagazine.pt\/index.php\/category\/mundo-empresarial\/saude\/\" class=\"advgb-post-tax-term\">Sa\u00fade<\/a>"],"unlinked":["<span class=\"advgb-post-tax-term\">LifeStyle<\/span>","<span class=\"advgb-post-tax-term\">Sa\u00fade<\/span>"]},"tags":{"linked":["<a href=\"http:\/\/maismagazine.pt\/index.php\/category\/mundo-empresarial\/saude\/\" class=\"advgb-post-tax-term\">\u00c1gua termal<\/a>","<a href=\"http:\/\/maismagazine.pt\/index.php\/category\/mundo-empresarial\/saude\/\" class=\"advgb-post-tax-term\">Bem-estar<\/a>","<a href=\"http:\/\/maismagazine.pt\/index.php\/category\/mundo-empresarial\/saude\/\" class=\"advgb-post-tax-term\">sa\u00fade<\/a>","<a href=\"http:\/\/maismagazine.pt\/index.php\/category\/mundo-empresarial\/saude\/\" class=\"advgb-post-tax-term\">Termas de Nisa<\/a>"],"unlinked":["<span class=\"advgb-post-tax-term\">\u00c1gua termal<\/span>","<span class=\"advgb-post-tax-term\">Bem-estar<\/span>","<span class=\"advgb-post-tax-term\">sa\u00fade<\/span>","<span class=\"advgb-post-tax-term\">Termas de Nisa<\/span>"]}},"comment_count":"0","relative_dates":{"created":"Posted 3 anos ago","modified":"Updated 3 anos ago"},"absolute_dates":{"created":"Posted on 24 de Mar\u00e7o, 2023","modified":"Updated on 15 de Mar\u00e7o, 2023"},"absolute_dates_time":{"created":"Posted on 24 de Mar\u00e7o, 2023 7:00","modified":"Updated on 15 de Mar\u00e7o, 2023 15:24"},"featured_img_caption":"","series_order":"","_links":{"self":[{"href":"http:\/\/maismagazine.pt\/index.php\/wp-json\/wp\/v2\/posts\/6031","targetHints":{"allow":["GET"]}}],"collection":[{"href":"http:\/\/maismagazine.pt\/index.php\/wp-json\/wp\/v2\/posts"}],"about":[{"href":"http:\/\/maismagazine.pt\/index.php\/wp-json\/wp\/v2\/types\/post"}],"author":[{"embeddable":true,"href":"http:\/\/maismagazine.pt\/index.php\/wp-json\/wp\/v2\/users\/17"}],"replies":[{"embeddable":true,"href":"http:\/\/maismagazine.pt\/index.php\/wp-json\/wp\/v2\/comments?post=6031"}],"version-history":[{"count":3,"href":"http:\/\/maismagazine.pt\/index.php\/wp-json\/wp\/v2\/posts\/6031\/revisions"}],"predecessor-version":[{"id":6038,"href":"http:\/\/maismagazine.pt\/index.php\/wp-json\/wp\/v2\/posts\/6031\/revisions\/6038"}],"wp:featuredmedia":[{"embeddable":true,"href":"http:\/\/maismagazine.pt\/index.php\/wp-json\/wp\/v2\/media\/6033"}],"wp:attachment":[{"href":"http:\/\/maismagazine.pt\/index.php\/wp-json\/wp\/v2\/media?parent=6031"}],"wp:term":[{"taxonomy":"category","embeddable":true,"href":"http:\/\/maismagazine.pt\/index.php\/wp-json\/wp\/v2\/categories?post=6031"},{"taxonomy":"post_tag","embeddable":true,"href":"http:\/\/maismagazine.pt\/index.php\/wp-json\/wp\/v2\/tags?post=6031"}],"curies":[{"name":"wp","href":"https:\/\/api.w.org\/{rel}","templated":true}]}}