{"id":6008,"date":"2023-03-24T07:00:00","date_gmt":"2023-03-24T07:00:00","guid":{"rendered":"https:\/\/maismagazine.pt\/?p=6008"},"modified":"2023-03-15T15:13:34","modified_gmt":"2023-03-15T15:13:34","slug":"aguas-de-portugal-a-decada-atual-e-a-mais-critica-no-que-respeita-a-gestao-dos-recursos-hidricos-no-nosso-pais","status":"publish","type":"post","link":"http:\/\/maismagazine.pt\/index.php\/2023\/03\/24\/aguas-de-portugal-a-decada-atual-e-a-mais-critica-no-que-respeita-a-gestao-dos-recursos-hidricos-no-nosso-pais\/","title":{"rendered":"\u00c1guas de Portugal: \u201ca d\u00e9cada atual \u00e9 a mais cr\u00edtica no que respeita \u00e0 gest\u00e3o dos recursos h\u00eddricos no nosso Pa\u00eds&#8221;"},"content":{"rendered":"\n<p><strong>A \u00e1gua \u00e9 o bem mais essencial \u00e0 vida humana e central para o desenvolvimento socioecon\u00f3mico do pa\u00eds. Em Portugal, o <a href=\"https:\/\/www.adp.pt\/pt\/\">Grupo \u00c1guas de Portugal<\/a> presta servi\u00e7os de \u00e1guas a cerca de 80% da popula\u00e7\u00e3o. Uma tarefa de enorme responsabilidade e crescente exig\u00eancia, uma vez que progressivamente se fazem sentir de forma mais percet\u00edvel os efeitos nefastos das altera\u00e7\u00f5es clim\u00e1ticas na disponibilidade de \u00e1gua. Jos\u00e9 Furtado, Presidente do Grupo \u00c1guas de Portugal, fala \u00e0 Mais Magazine sobre a atividade da organiza\u00e7\u00e3o que lidera e sobre algumas medidas importantes no combate \u00e0 escassez de \u00e1gua.<\/strong><\/p>\n\n\n\n<p>Com atividade nos dom\u00ednios do abastecimento de \u00e1gua, saneamento de \u00e1guas residuais e produ\u00e7\u00e3o de \u00e1gua para reutiliza\u00e7\u00e3o, o Grupo \u00c1guas de Portugal assume como prop\u00f3sito \u201cfazer a diferen\u00e7a na vida das pessoas\u201d. Para Jos\u00e9 Furtado, o servi\u00e7o p\u00fablico prestado pela institui\u00e7\u00e3o que lidera \u00e9 de extrema import\u00e2ncia por \u201cser essencial \u00e0 vida e \u00e0 preserva\u00e7\u00e3o do ambiente num contexto em que a gest\u00e3o da \u00e1gua ganha centralidade\u201d. Al\u00e9m disso, em resultado da escassez de \u00e1gua que se faz sentir um pouco por todo o pa\u00eds, o Grupo \u00c1guas de Portugal incube-se ainda de ser um agente ativo na promo\u00e7\u00e3o da \u201cgest\u00e3o eficiente da \u00e1gua e do seu uso racional, estando vinculado a um compromisso de sustentabilidade que estabelece objetivos bem claros em dom\u00ednios sens\u00edveis como a crise clim\u00e1tica, a descarboniza\u00e7\u00e3o, a transforma\u00e7\u00e3o digital e a economia circular\u201d, explica Jos\u00e9 Furtado. <\/p>\n\n\n\n<p><strong>Poupar \u00e1gua \u00e9 um dever de todos n\u00f3s<\/strong><\/p>\n\n\n\n<p>O presidente do Grupo \u00c1guas de Portugal considera que \u201cno contexto das altera\u00e7\u00f5es clim\u00e1ticas, a d\u00e9cada atual \u00e9 com efeito a mais cr\u00edtica no que respeita a gest\u00e3o dos recursos h\u00eddricos no nosso Pa\u00eds\u201d, sendo assim urgente encontrar solu\u00e7\u00f5es que garantam a sustentabilidade a longo prazo. Uma vez que a \u201c\u00e1gua que temos dispon\u00edvel para todos os usos \u00e9 s\u00f3 uma\u201d, a mudan\u00e7a nos h\u00e1bitos de consumo deste recurso deve ser uma a\u00e7\u00e3o consciente, proativa e conjunta, transversal a todos, desde os munic\u00edpios e setor industrial e agr\u00edcola at\u00e9 \u00e0s pequenas atividades realizadas em nossas casas. \u201cNo que respeita aos consumos dom\u00e9sticos, s\u00e3o fundamentais os pequenos gestos de uso consciente da \u00e1gua, que temos vindo a divulgar amplamente em diversas campanhas de sensibiliza\u00e7\u00e3o e que podem ser consultados no Portal da \u00c1gua. \u00c9 fundamental n\u00e3o esquecer que a \u00e1gua \u00e9 central a todas as atividades pelo que ao consumirmos um qualquer produto, estamos indiretamente a consumir \u00e1gua\u201d, explica o presidente do Grupo \u00c1guas de Portugal. Garantir a sustentabilidade da \u00e1gua deve come\u00e7ar j\u00e1, pelo que \u00e9 necess\u00e1rio implementar uma s\u00e9rie de medidas fundamentais na adapta\u00e7\u00e3o \u00e0s altera\u00e7\u00f5es clim\u00e1ticas. \u201cNo quadro da adapta\u00e7\u00e3o \u00e0s altera\u00e7\u00f5es clim\u00e1ticas destacaria o referido refor\u00e7o da capacidade e resili\u00eancia dos sistemas, bem como da melhoria da efici\u00eancia h\u00eddrica. Em paralelo, tamb\u00e9m a descarboniza\u00e7\u00e3o e a transforma\u00e7\u00e3o digital no ciclo urbano da \u00e1gua e ainda a valoriza\u00e7\u00e3o dos recursos numa \u00f3tica de economia circular\u201d, conclui Jos\u00e9 Furtado. <\/p>\n\n\n\n<div class=\"wp-block-image\"><figure class=\"aligncenter size-large is-resized\"><img loading=\"lazy\" decoding=\"async\" src=\"https:\/\/maismagazine.pt\/wp-content\/uploads\/2023\/03\/logo-1-1024x887.jpg\" alt=\"\" class=\"wp-image-6009\" width=\"224\" height=\"194\" srcset=\"http:\/\/maismagazine.pt\/wp-content\/uploads\/2023\/03\/logo-1-1024x887.jpg 1024w, http:\/\/maismagazine.pt\/wp-content\/uploads\/2023\/03\/logo-1-300x260.jpg 300w, http:\/\/maismagazine.pt\/wp-content\/uploads\/2023\/03\/logo-1-768x666.jpg 768w, http:\/\/maismagazine.pt\/wp-content\/uploads\/2023\/03\/logo-1.jpg 1500w\" sizes=\"auto, (max-width: 224px) 100vw, 224px\" \/><\/figure><\/div>\n","protected":false},"excerpt":{"rendered":"<p>A \u00e1gua \u00e9 o bem mais essencial \u00e0 vida humana e central para o desenvolvimento socioecon\u00f3mico do pa\u00eds. Em Portugal, o Grupo \u00c1guas de Portugal presta servi\u00e7os de \u00e1guas a cerca de 80% da popula\u00e7\u00e3o. Uma tarefa de enorme responsabilidade e crescente exig\u00eancia, uma vez que progressivamente se fazem sentir&hellip;<\/p>\n","protected":false},"author":17,"featured_media":6013,"comment_status":"closed","ping_status":"open","sticky":false,"template":"","format":"standard","meta":{"advgb_blocks_editor_width":"","advgb_blocks_columns_visual_guide":"","_monsterinsights_skip_tracking":false,"_monsterinsights_sitenote_active":false,"_monsterinsights_sitenote_note":"","_monsterinsights_sitenote_category":0,"footnotes":""},"categories":[78,52],"tags":[107,1369,1371,1368],"class_list":["post-6008","post","type-post","status-publish","format-standard","has-post-thumbnail","hentry","category-ambiente-e-sustentabilidade","category-destaque","tag-agua","tag-aguas-de-portugal","tag-escassez-de-agua","tag-poupanca"],"yoast_head":"<!-- This site is optimized with the Yoast SEO plugin v24.4 - https:\/\/yoast.com\/wordpress\/plugins\/seo\/ -->\n<title>\u00c1guas de Portugal: \u201ca d\u00e9cada atual \u00e9 a mais cr\u00edtica no que respeita \u00e0 gest\u00e3o dos recursos h\u00eddricos no nosso Pa\u00eds&quot; - Mais Magazine<\/title>\n<meta name=\"description\" content=\"A \u00e1gua \u00e9 o bem mais essencial \u00e0 vida humana e central para o desenvolvi-mento socioecon\u00f3mico do pa\u00eds. Em Portugal, o Grupo \u00c1guas de Portugal pres-ta servi\u00e7os de \u00e1guas a cerca de 80% da popula\u00e7\u00e3o. Uma tarefa de enorme res-ponsabilidade e crescente exig\u00eancia, uma vez que progressivamente se fazem sentir de forma mais percet\u00edvel os efeitos nefastos das altera\u00e7\u00f5es clim\u00e1ticas na disponibilidade de \u00e1gua. Jos\u00e9 Furtado, Presidente do Grupo \u00c1guas de Por-tugal, fala \u00e0 Mais Magazine sobre a atividade da organiza\u00e7\u00e3o que lidera e sobre algumas medidas importantes no combate \u00e0 escassez de \u00e1gua.\" \/>\n<meta name=\"robots\" content=\"index, follow, max-snippet:-1, max-image-preview:large, max-video-preview:-1\" \/>\n<link rel=\"canonical\" href=\"http:\/\/maismagazine.pt\/index.php\/2023\/03\/24\/aguas-de-portugal-a-decada-atual-e-a-mais-critica-no-que-respeita-a-gestao-dos-recursos-hidricos-no-nosso-pais\/\" \/>\n<meta property=\"og:locale\" content=\"pt_PT\" \/>\n<meta property=\"og:type\" content=\"article\" \/>\n<meta property=\"og:title\" content=\"\u00c1guas de Portugal: \u201ca d\u00e9cada atual \u00e9 a mais cr\u00edtica no que respeita \u00e0 gest\u00e3o dos recursos h\u00eddricos no nosso Pa\u00eds&quot; - Mais Magazine\" \/>\n<meta property=\"og:description\" content=\"A \u00e1gua \u00e9 o bem mais essencial \u00e0 vida humana e central para o desenvolvi-mento socioecon\u00f3mico do pa\u00eds. Em Portugal, o Grupo \u00c1guas de Portugal pres-ta servi\u00e7os de \u00e1guas a cerca de 80% da popula\u00e7\u00e3o. Uma tarefa de enorme res-ponsabilidade e crescente exig\u00eancia, uma vez que progressivamente se fazem sentir de forma mais percet\u00edvel os efeitos nefastos das altera\u00e7\u00f5es clim\u00e1ticas na disponibilidade de \u00e1gua. Jos\u00e9 Furtado, Presidente do Grupo \u00c1guas de Por-tugal, fala \u00e0 Mais Magazine sobre a atividade da organiza\u00e7\u00e3o que lidera e sobre algumas medidas importantes no combate \u00e0 escassez de \u00e1gua.\" \/>\n<meta property=\"og:url\" content=\"http:\/\/maismagazine.pt\/index.php\/2023\/03\/24\/aguas-de-portugal-a-decada-atual-e-a-mais-critica-no-que-respeita-a-gestao-dos-recursos-hidricos-no-nosso-pais\/\" \/>\n<meta property=\"og:site_name\" content=\"Mais Magazine\" \/>\n<meta property=\"article:published_time\" content=\"2023-03-24T07:00:00+00:00\" \/>\n<meta property=\"og:image\" content=\"http:\/\/maismagazine.pt\/wp-content\/uploads\/2023\/03\/Jose-Furtado-PCA-Aguas-de-Portugal-1.jpg\" \/>\n\t<meta property=\"og:image:width\" content=\"362\" \/>\n\t<meta property=\"og:image:height\" content=\"543\" \/>\n\t<meta property=\"og:image:type\" content=\"image\/jpeg\" \/>\n<meta name=\"author\" content=\"Tiago Costa\" \/>\n<meta name=\"twitter:card\" content=\"summary_large_image\" \/>\n<meta name=\"twitter:label1\" content=\"Escrito por\" \/>\n\t<meta name=\"twitter:data1\" content=\"\" \/>\n\t<meta name=\"twitter:label2\" content=\"Tempo estimado de leitura\" \/>\n\t<meta name=\"twitter:data2\" content=\"3 minutos\" \/>\n<script type=\"application\/ld+json\" class=\"yoast-schema-graph\">{\"@context\":\"https:\/\/schema.org\",\"@graph\":[{\"@type\":\"Article\",\"@id\":\"http:\/\/maismagazine.pt\/index.php\/2023\/03\/24\/aguas-de-portugal-a-decada-atual-e-a-mais-critica-no-que-respeita-a-gestao-dos-recursos-hidricos-no-nosso-pais\/#article\",\"isPartOf\":{\"@id\":\"http:\/\/maismagazine.pt\/index.php\/2023\/03\/24\/aguas-de-portugal-a-decada-atual-e-a-mais-critica-no-que-respeita-a-gestao-dos-recursos-hidricos-no-nosso-pais\/\"},\"author\":{\"name\":\"Tiago Costa\",\"@id\":\"http:\/\/maismagazine.pt\/#\/schema\/person\/c6c5bfccc886434cbd11c74e035f9646\"},\"headline\":\"\u00c1guas de Portugal: \u201ca d\u00e9cada atual \u00e9 a mais cr\u00edtica no que respeita \u00e0 gest\u00e3o dos recursos h\u00eddricos no nosso Pa\u00eds&#8221;\",\"datePublished\":\"2023-03-24T07:00:00+00:00\",\"mainEntityOfPage\":{\"@id\":\"http:\/\/maismagazine.pt\/index.php\/2023\/03\/24\/aguas-de-portugal-a-decada-atual-e-a-mais-critica-no-que-respeita-a-gestao-dos-recursos-hidricos-no-nosso-pais\/\"},\"wordCount\":558,\"publisher\":{\"@id\":\"http:\/\/maismagazine.pt\/#organization\"},\"image\":{\"@id\":\"http:\/\/maismagazine.pt\/index.php\/2023\/03\/24\/aguas-de-portugal-a-decada-atual-e-a-mais-critica-no-que-respeita-a-gestao-dos-recursos-hidricos-no-nosso-pais\/#primaryimage\"},\"thumbnailUrl\":\"http:\/\/maismagazine.pt\/wp-content\/uploads\/2023\/03\/Jose-Furtado-PCA-Aguas-de-Portugal-1.jpg\",\"keywords\":[\"\u00c1gua\",\"\u00c1guas de Portugal\",\"Escassez de \u00e1gua\",\"Poupan\u00e7a\"],\"articleSection\":[\"Ambiente e Sustentabilidade\",\"Destaque lateral\"],\"inLanguage\":\"pt-PT\"},{\"@type\":\"WebPage\",\"@id\":\"http:\/\/maismagazine.pt\/index.php\/2023\/03\/24\/aguas-de-portugal-a-decada-atual-e-a-mais-critica-no-que-respeita-a-gestao-dos-recursos-hidricos-no-nosso-pais\/\",\"url\":\"http:\/\/maismagazine.pt\/index.php\/2023\/03\/24\/aguas-de-portugal-a-decada-atual-e-a-mais-critica-no-que-respeita-a-gestao-dos-recursos-hidricos-no-nosso-pais\/\",\"name\":\"\u00c1guas de Portugal: \u201ca d\u00e9cada atual \u00e9 a mais cr\u00edtica no que respeita \u00e0 gest\u00e3o dos recursos h\u00eddricos no nosso Pa\u00eds\\\" - Mais Magazine\",\"isPartOf\":{\"@id\":\"http:\/\/maismagazine.pt\/#website\"},\"primaryImageOfPage\":{\"@id\":\"http:\/\/maismagazine.pt\/index.php\/2023\/03\/24\/aguas-de-portugal-a-decada-atual-e-a-mais-critica-no-que-respeita-a-gestao-dos-recursos-hidricos-no-nosso-pais\/#primaryimage\"},\"image\":{\"@id\":\"http:\/\/maismagazine.pt\/index.php\/2023\/03\/24\/aguas-de-portugal-a-decada-atual-e-a-mais-critica-no-que-respeita-a-gestao-dos-recursos-hidricos-no-nosso-pais\/#primaryimage\"},\"thumbnailUrl\":\"http:\/\/maismagazine.pt\/wp-content\/uploads\/2023\/03\/Jose-Furtado-PCA-Aguas-de-Portugal-1.jpg\",\"datePublished\":\"2023-03-24T07:00:00+00:00\",\"description\":\"A \u00e1gua \u00e9 o bem mais essencial \u00e0 vida humana e central para o desenvolvi-mento socioecon\u00f3mico do pa\u00eds. Em Portugal, o Grupo \u00c1guas de Portugal pres-ta servi\u00e7os de \u00e1guas a cerca de 80% da popula\u00e7\u00e3o. Uma tarefa de enorme res-ponsabilidade e crescente exig\u00eancia, uma vez que progressivamente se fazem sentir de forma mais percet\u00edvel os efeitos nefastos das altera\u00e7\u00f5es clim\u00e1ticas na disponibilidade de \u00e1gua. Jos\u00e9 Furtado, Presidente do Grupo \u00c1guas de Por-tugal, fala \u00e0 Mais Magazine sobre a atividade da organiza\u00e7\u00e3o que lidera e sobre algumas medidas importantes no combate \u00e0 escassez de \u00e1gua.\",\"breadcrumb\":{\"@id\":\"http:\/\/maismagazine.pt\/index.php\/2023\/03\/24\/aguas-de-portugal-a-decada-atual-e-a-mais-critica-no-que-respeita-a-gestao-dos-recursos-hidricos-no-nosso-pais\/#breadcrumb\"},\"inLanguage\":\"pt-PT\",\"potentialAction\":[{\"@type\":\"ReadAction\",\"target\":[\"http:\/\/maismagazine.pt\/index.php\/2023\/03\/24\/aguas-de-portugal-a-decada-atual-e-a-mais-critica-no-que-respeita-a-gestao-dos-recursos-hidricos-no-nosso-pais\/\"]}]},{\"@type\":\"ImageObject\",\"inLanguage\":\"pt-PT\",\"@id\":\"http:\/\/maismagazine.pt\/index.php\/2023\/03\/24\/aguas-de-portugal-a-decada-atual-e-a-mais-critica-no-que-respeita-a-gestao-dos-recursos-hidricos-no-nosso-pais\/#primaryimage\",\"url\":\"http:\/\/maismagazine.pt\/wp-content\/uploads\/2023\/03\/Jose-Furtado-PCA-Aguas-de-Portugal-1.jpg\",\"contentUrl\":\"http:\/\/maismagazine.pt\/wp-content\/uploads\/2023\/03\/Jose-Furtado-PCA-Aguas-de-Portugal-1.jpg\",\"width\":362,\"height\":543},{\"@type\":\"BreadcrumbList\",\"@id\":\"http:\/\/maismagazine.pt\/index.php\/2023\/03\/24\/aguas-de-portugal-a-decada-atual-e-a-mais-critica-no-que-respeita-a-gestao-dos-recursos-hidricos-no-nosso-pais\/#breadcrumb\",\"itemListElement\":[{\"@type\":\"ListItem\",\"position\":1,\"name\":\"Home\",\"item\":\"http:\/\/maismagazine.pt\/\"},{\"@type\":\"ListItem\",\"position\":2,\"name\":\"\u00c1guas de Portugal: \u201ca d\u00e9cada atual \u00e9 a mais cr\u00edtica no que respeita \u00e0 gest\u00e3o dos recursos h\u00eddricos no nosso Pa\u00eds&#8221;\"}]},{\"@type\":\"WebSite\",\"@id\":\"http:\/\/maismagazine.pt\/#website\",\"url\":\"http:\/\/maismagazine.pt\/\",\"name\":\"Mais Magazine\",\"description\":\"\",\"publisher\":{\"@id\":\"http:\/\/maismagazine.pt\/#organization\"},\"potentialAction\":[{\"@type\":\"SearchAction\",\"target\":{\"@type\":\"EntryPoint\",\"urlTemplate\":\"http:\/\/maismagazine.pt\/?s={search_term_string}\"},\"query-input\":{\"@type\":\"PropertyValueSpecification\",\"valueRequired\":true,\"valueName\":\"search_term_string\"}}],\"inLanguage\":\"pt-PT\"},{\"@type\":\"Organization\",\"@id\":\"http:\/\/maismagazine.pt\/#organization\",\"name\":\"Mais Magazine\",\"url\":\"http:\/\/maismagazine.pt\/\",\"logo\":{\"@type\":\"ImageObject\",\"inLanguage\":\"pt-PT\",\"@id\":\"http:\/\/maismagazine.pt\/#\/schema\/logo\/image\/\",\"url\":\"http:\/\/maismagazine.pt\/wp-content\/uploads\/2020\/04\/cropped-cropped-mais-magazine-site-logo-2.png\",\"contentUrl\":\"http:\/\/maismagazine.pt\/wp-content\/uploads\/2020\/04\/cropped-cropped-mais-magazine-site-logo-2.png\",\"width\":581,\"height\":90,\"caption\":\"Mais Magazine\"},\"image\":{\"@id\":\"http:\/\/maismagazine.pt\/#\/schema\/logo\/image\/\"}},{\"@type\":\"Person\",\"@id\":\"http:\/\/maismagazine.pt\/#\/schema\/person\/c6c5bfccc886434cbd11c74e035f9646\",\"name\":\"Tiago Costa\",\"image\":{\"@type\":\"ImageObject\",\"inLanguage\":\"pt-PT\",\"@id\":\"http:\/\/maismagazine.pt\/#\/schema\/person\/image\/\",\"url\":\"https:\/\/secure.gravatar.com\/avatar\/c599b2bce16c9870429198cbad5ee022?s=96&d=mm&r=g\",\"contentUrl\":\"https:\/\/secure.gravatar.com\/avatar\/c599b2bce16c9870429198cbad5ee022?s=96&d=mm&r=g\",\"caption\":\"Tiago Costa\"},\"url\":\"http:\/\/maismagazine.pt\/index.php\/author\/tiago\/\"}]}<\/script>\n<!-- \/ Yoast SEO plugin. -->","yoast_head_json":{"title":"\u00c1guas de Portugal: \u201ca d\u00e9cada atual \u00e9 a mais cr\u00edtica no que respeita \u00e0 gest\u00e3o dos recursos h\u00eddricos no nosso Pa\u00eds\" - Mais Magazine","description":"A \u00e1gua \u00e9 o bem mais essencial \u00e0 vida humana e central para o desenvolvi-mento socioecon\u00f3mico do pa\u00eds. Em Portugal, o Grupo \u00c1guas de Portugal pres-ta servi\u00e7os de \u00e1guas a cerca de 80% da popula\u00e7\u00e3o. Uma tarefa de enorme res-ponsabilidade e crescente exig\u00eancia, uma vez que progressivamente se fazem sentir de forma mais percet\u00edvel os efeitos nefastos das altera\u00e7\u00f5es clim\u00e1ticas na disponibilidade de \u00e1gua. Jos\u00e9 Furtado, Presidente do Grupo \u00c1guas de Por-tugal, fala \u00e0 Mais Magazine sobre a atividade da organiza\u00e7\u00e3o que lidera e sobre algumas medidas importantes no combate \u00e0 escassez de \u00e1gua.","robots":{"index":"index","follow":"follow","max-snippet":"max-snippet:-1","max-image-preview":"max-image-preview:large","max-video-preview":"max-video-preview:-1"},"canonical":"http:\/\/maismagazine.pt\/index.php\/2023\/03\/24\/aguas-de-portugal-a-decada-atual-e-a-mais-critica-no-que-respeita-a-gestao-dos-recursos-hidricos-no-nosso-pais\/","og_locale":"pt_PT","og_type":"article","og_title":"\u00c1guas de Portugal: \u201ca d\u00e9cada atual \u00e9 a mais cr\u00edtica no que respeita \u00e0 gest\u00e3o dos recursos h\u00eddricos no nosso Pa\u00eds\" - Mais Magazine","og_description":"A \u00e1gua \u00e9 o bem mais essencial \u00e0 vida humana e central para o desenvolvi-mento socioecon\u00f3mico do pa\u00eds. Em Portugal, o Grupo \u00c1guas de Portugal pres-ta servi\u00e7os de \u00e1guas a cerca de 80% da popula\u00e7\u00e3o. Uma tarefa de enorme res-ponsabilidade e crescente exig\u00eancia, uma vez que progressivamente se fazem sentir de forma mais percet\u00edvel os efeitos nefastos das altera\u00e7\u00f5es clim\u00e1ticas na disponibilidade de \u00e1gua. Jos\u00e9 Furtado, Presidente do Grupo \u00c1guas de Por-tugal, fala \u00e0 Mais Magazine sobre a atividade da organiza\u00e7\u00e3o que lidera e sobre algumas medidas importantes no combate \u00e0 escassez de \u00e1gua.","og_url":"http:\/\/maismagazine.pt\/index.php\/2023\/03\/24\/aguas-de-portugal-a-decada-atual-e-a-mais-critica-no-que-respeita-a-gestao-dos-recursos-hidricos-no-nosso-pais\/","og_site_name":"Mais Magazine","article_published_time":"2023-03-24T07:00:00+00:00","og_image":[{"width":362,"height":543,"url":"http:\/\/maismagazine.pt\/wp-content\/uploads\/2023\/03\/Jose-Furtado-PCA-Aguas-de-Portugal-1.jpg","type":"image\/jpeg"}],"author":"Tiago Costa","twitter_card":"summary_large_image","twitter_misc":{"Escrito por":false,"Tempo estimado de leitura":"3 minutos"},"schema":{"@context":"https:\/\/schema.org","@graph":[{"@type":"Article","@id":"http:\/\/maismagazine.pt\/index.php\/2023\/03\/24\/aguas-de-portugal-a-decada-atual-e-a-mais-critica-no-que-respeita-a-gestao-dos-recursos-hidricos-no-nosso-pais\/#article","isPartOf":{"@id":"http:\/\/maismagazine.pt\/index.php\/2023\/03\/24\/aguas-de-portugal-a-decada-atual-e-a-mais-critica-no-que-respeita-a-gestao-dos-recursos-hidricos-no-nosso-pais\/"},"author":{"name":"Tiago Costa","@id":"http:\/\/maismagazine.pt\/#\/schema\/person\/c6c5bfccc886434cbd11c74e035f9646"},"headline":"\u00c1guas de Portugal: \u201ca d\u00e9cada atual \u00e9 a mais cr\u00edtica no que respeita \u00e0 gest\u00e3o dos recursos h\u00eddricos no nosso Pa\u00eds&#8221;","datePublished":"2023-03-24T07:00:00+00:00","mainEntityOfPage":{"@id":"http:\/\/maismagazine.pt\/index.php\/2023\/03\/24\/aguas-de-portugal-a-decada-atual-e-a-mais-critica-no-que-respeita-a-gestao-dos-recursos-hidricos-no-nosso-pais\/"},"wordCount":558,"publisher":{"@id":"http:\/\/maismagazine.pt\/#organization"},"image":{"@id":"http:\/\/maismagazine.pt\/index.php\/2023\/03\/24\/aguas-de-portugal-a-decada-atual-e-a-mais-critica-no-que-respeita-a-gestao-dos-recursos-hidricos-no-nosso-pais\/#primaryimage"},"thumbnailUrl":"http:\/\/maismagazine.pt\/wp-content\/uploads\/2023\/03\/Jose-Furtado-PCA-Aguas-de-Portugal-1.jpg","keywords":["\u00c1gua","\u00c1guas de Portugal","Escassez de \u00e1gua","Poupan\u00e7a"],"articleSection":["Ambiente e Sustentabilidade","Destaque lateral"],"inLanguage":"pt-PT"},{"@type":"WebPage","@id":"http:\/\/maismagazine.pt\/index.php\/2023\/03\/24\/aguas-de-portugal-a-decada-atual-e-a-mais-critica-no-que-respeita-a-gestao-dos-recursos-hidricos-no-nosso-pais\/","url":"http:\/\/maismagazine.pt\/index.php\/2023\/03\/24\/aguas-de-portugal-a-decada-atual-e-a-mais-critica-no-que-respeita-a-gestao-dos-recursos-hidricos-no-nosso-pais\/","name":"\u00c1guas de Portugal: \u201ca d\u00e9cada atual \u00e9 a mais cr\u00edtica no que respeita \u00e0 gest\u00e3o dos recursos h\u00eddricos no nosso Pa\u00eds\" - Mais Magazine","isPartOf":{"@id":"http:\/\/maismagazine.pt\/#website"},"primaryImageOfPage":{"@id":"http:\/\/maismagazine.pt\/index.php\/2023\/03\/24\/aguas-de-portugal-a-decada-atual-e-a-mais-critica-no-que-respeita-a-gestao-dos-recursos-hidricos-no-nosso-pais\/#primaryimage"},"image":{"@id":"http:\/\/maismagazine.pt\/index.php\/2023\/03\/24\/aguas-de-portugal-a-decada-atual-e-a-mais-critica-no-que-respeita-a-gestao-dos-recursos-hidricos-no-nosso-pais\/#primaryimage"},"thumbnailUrl":"http:\/\/maismagazine.pt\/wp-content\/uploads\/2023\/03\/Jose-Furtado-PCA-Aguas-de-Portugal-1.jpg","datePublished":"2023-03-24T07:00:00+00:00","description":"A \u00e1gua \u00e9 o bem mais essencial \u00e0 vida humana e central para o desenvolvi-mento socioecon\u00f3mico do pa\u00eds. Em Portugal, o Grupo \u00c1guas de Portugal pres-ta servi\u00e7os de \u00e1guas a cerca de 80% da popula\u00e7\u00e3o. Uma tarefa de enorme res-ponsabilidade e crescente exig\u00eancia, uma vez que progressivamente se fazem sentir de forma mais percet\u00edvel os efeitos nefastos das altera\u00e7\u00f5es clim\u00e1ticas na disponibilidade de \u00e1gua. Jos\u00e9 Furtado, Presidente do Grupo \u00c1guas de Por-tugal, fala \u00e0 Mais Magazine sobre a atividade da organiza\u00e7\u00e3o que lidera e sobre algumas medidas importantes no combate \u00e0 escassez de \u00e1gua.","breadcrumb":{"@id":"http:\/\/maismagazine.pt\/index.php\/2023\/03\/24\/aguas-de-portugal-a-decada-atual-e-a-mais-critica-no-que-respeita-a-gestao-dos-recursos-hidricos-no-nosso-pais\/#breadcrumb"},"inLanguage":"pt-PT","potentialAction":[{"@type":"ReadAction","target":["http:\/\/maismagazine.pt\/index.php\/2023\/03\/24\/aguas-de-portugal-a-decada-atual-e-a-mais-critica-no-que-respeita-a-gestao-dos-recursos-hidricos-no-nosso-pais\/"]}]},{"@type":"ImageObject","inLanguage":"pt-PT","@id":"http:\/\/maismagazine.pt\/index.php\/2023\/03\/24\/aguas-de-portugal-a-decada-atual-e-a-mais-critica-no-que-respeita-a-gestao-dos-recursos-hidricos-no-nosso-pais\/#primaryimage","url":"http:\/\/maismagazine.pt\/wp-content\/uploads\/2023\/03\/Jose-Furtado-PCA-Aguas-de-Portugal-1.jpg","contentUrl":"http:\/\/maismagazine.pt\/wp-content\/uploads\/2023\/03\/Jose-Furtado-PCA-Aguas-de-Portugal-1.jpg","width":362,"height":543},{"@type":"BreadcrumbList","@id":"http:\/\/maismagazine.pt\/index.php\/2023\/03\/24\/aguas-de-portugal-a-decada-atual-e-a-mais-critica-no-que-respeita-a-gestao-dos-recursos-hidricos-no-nosso-pais\/#breadcrumb","itemListElement":[{"@type":"ListItem","position":1,"name":"Home","item":"http:\/\/maismagazine.pt\/"},{"@type":"ListItem","position":2,"name":"\u00c1guas de Portugal: \u201ca d\u00e9cada atual \u00e9 a mais cr\u00edtica no que respeita \u00e0 gest\u00e3o dos recursos h\u00eddricos no nosso Pa\u00eds&#8221;"}]},{"@type":"WebSite","@id":"http:\/\/maismagazine.pt\/#website","url":"http:\/\/maismagazine.pt\/","name":"Mais Magazine","description":"","publisher":{"@id":"http:\/\/maismagazine.pt\/#organization"},"potentialAction":[{"@type":"SearchAction","target":{"@type":"EntryPoint","urlTemplate":"http:\/\/maismagazine.pt\/?s={search_term_string}"},"query-input":{"@type":"PropertyValueSpecification","valueRequired":true,"valueName":"search_term_string"}}],"inLanguage":"pt-PT"},{"@type":"Organization","@id":"http:\/\/maismagazine.pt\/#organization","name":"Mais Magazine","url":"http:\/\/maismagazine.pt\/","logo":{"@type":"ImageObject","inLanguage":"pt-PT","@id":"http:\/\/maismagazine.pt\/#\/schema\/logo\/image\/","url":"http:\/\/maismagazine.pt\/wp-content\/uploads\/2020\/04\/cropped-cropped-mais-magazine-site-logo-2.png","contentUrl":"http:\/\/maismagazine.pt\/wp-content\/uploads\/2020\/04\/cropped-cropped-mais-magazine-site-logo-2.png","width":581,"height":90,"caption":"Mais Magazine"},"image":{"@id":"http:\/\/maismagazine.pt\/#\/schema\/logo\/image\/"}},{"@type":"Person","@id":"http:\/\/maismagazine.pt\/#\/schema\/person\/c6c5bfccc886434cbd11c74e035f9646","name":"Tiago Costa","image":{"@type":"ImageObject","inLanguage":"pt-PT","@id":"http:\/\/maismagazine.pt\/#\/schema\/person\/image\/","url":"https:\/\/secure.gravatar.com\/avatar\/c599b2bce16c9870429198cbad5ee022?s=96&d=mm&r=g","contentUrl":"https:\/\/secure.gravatar.com\/avatar\/c599b2bce16c9870429198cbad5ee022?s=96&d=mm&r=g","caption":"Tiago Costa"},"url":"http:\/\/maismagazine.pt\/index.php\/author\/tiago\/"}]}},"author_meta":{"display_name":false,"author_link":"http:\/\/maismagazine.pt\/index.php\/author\/tiago\/"},"featured_img":"http:\/\/maismagazine.pt\/wp-content\/uploads\/2023\/03\/Jose-Furtado-PCA-Aguas-de-Portugal-1-200x300.jpg","coauthors":[],"tax_additional":{"categories":{"linked":["<a href=\"http:\/\/maismagazine.pt\/index.php\/category\/empreendedorismo\/ambiente-e-sustentabilidade\/\" class=\"advgb-post-tax-term\">Ambiente e Sustentabilidade<\/a>","<a href=\"http:\/\/maismagazine.pt\/index.php\/category\/destaque\/\" class=\"advgb-post-tax-term\">Destaque lateral<\/a>"],"unlinked":["<span class=\"advgb-post-tax-term\">Ambiente e Sustentabilidade<\/span>","<span class=\"advgb-post-tax-term\">Destaque lateral<\/span>"]},"tags":{"linked":["<a href=\"http:\/\/maismagazine.pt\/index.php\/category\/destaque\/\" class=\"advgb-post-tax-term\">\u00c1gua<\/a>","<a href=\"http:\/\/maismagazine.pt\/index.php\/category\/destaque\/\" class=\"advgb-post-tax-term\">\u00c1guas de Portugal<\/a>","<a href=\"http:\/\/maismagazine.pt\/index.php\/category\/destaque\/\" class=\"advgb-post-tax-term\">Escassez de \u00e1gua<\/a>","<a href=\"http:\/\/maismagazine.pt\/index.php\/category\/destaque\/\" class=\"advgb-post-tax-term\">Poupan\u00e7a<\/a>"],"unlinked":["<span class=\"advgb-post-tax-term\">\u00c1gua<\/span>","<span class=\"advgb-post-tax-term\">\u00c1guas de Portugal<\/span>","<span class=\"advgb-post-tax-term\">Escassez de \u00e1gua<\/span>","<span class=\"advgb-post-tax-term\">Poupan\u00e7a<\/span>"]}},"comment_count":"0","relative_dates":{"created":"Posted 3 anos ago","modified":"Updated 3 anos ago"},"absolute_dates":{"created":"Posted on 24 de Mar\u00e7o, 2023","modified":"Updated on 15 de Mar\u00e7o, 2023"},"absolute_dates_time":{"created":"Posted on 24 de Mar\u00e7o, 2023 7:00","modified":"Updated on 15 de Mar\u00e7o, 2023 15:13"},"featured_img_caption":"","series_order":"","_links":{"self":[{"href":"http:\/\/maismagazine.pt\/index.php\/wp-json\/wp\/v2\/posts\/6008","targetHints":{"allow":["GET"]}}],"collection":[{"href":"http:\/\/maismagazine.pt\/index.php\/wp-json\/wp\/v2\/posts"}],"about":[{"href":"http:\/\/maismagazine.pt\/index.php\/wp-json\/wp\/v2\/types\/post"}],"author":[{"embeddable":true,"href":"http:\/\/maismagazine.pt\/index.php\/wp-json\/wp\/v2\/users\/17"}],"replies":[{"embeddable":true,"href":"http:\/\/maismagazine.pt\/index.php\/wp-json\/wp\/v2\/comments?post=6008"}],"version-history":[{"count":1,"href":"http:\/\/maismagazine.pt\/index.php\/wp-json\/wp\/v2\/posts\/6008\/revisions"}],"predecessor-version":[{"id":6011,"href":"http:\/\/maismagazine.pt\/index.php\/wp-json\/wp\/v2\/posts\/6008\/revisions\/6011"}],"wp:featuredmedia":[{"embeddable":true,"href":"http:\/\/maismagazine.pt\/index.php\/wp-json\/wp\/v2\/media\/6013"}],"wp:attachment":[{"href":"http:\/\/maismagazine.pt\/index.php\/wp-json\/wp\/v2\/media?parent=6008"}],"wp:term":[{"taxonomy":"category","embeddable":true,"href":"http:\/\/maismagazine.pt\/index.php\/wp-json\/wp\/v2\/categories?post=6008"},{"taxonomy":"post_tag","embeddable":true,"href":"http:\/\/maismagazine.pt\/index.php\/wp-json\/wp\/v2\/tags?post=6008"}],"curies":[{"name":"wp","href":"https:\/\/api.w.org\/{rel}","templated":true}]}}