{"id":5999,"date":"2023-03-24T07:00:00","date_gmt":"2023-03-24T07:00:00","guid":{"rendered":"https:\/\/maismagazine.pt\/?p=5999"},"modified":"2023-03-15T14:54:37","modified_gmt":"2023-03-15T14:54:37","slug":"a-aguas-do-algarve-mudou-o-paradigma-da-regiao-nos-ultimos-20-anos","status":"publish","type":"post","link":"http:\/\/maismagazine.pt\/index.php\/2023\/03\/24\/a-aguas-do-algarve-mudou-o-paradigma-da-regiao-nos-ultimos-20-anos\/","title":{"rendered":"\u201cA \u00c1guas do Algarve mudou o paradigma da regi\u00e3o nos \u00faltimos 20 anos&#8221;"},"content":{"rendered":"\n<p><strong>O abastecimento de \u00e1gua \u00e0 popula\u00e7\u00e3o algarvia \u00e9 da responsabilidade da <a href=\"https:\/\/www.aguasdoalgarve.pt\/\">\u00c1guas do Algarve<\/a>, desenvolvendo, no decorrer das \u00faltimas d\u00e9cadas, uma s\u00e9rie de iniciativas que transformaram por completo o panorama do abastecimento de \u00e1gua na regi\u00e3o. Atualmente, os efeitos das altera\u00e7\u00f5es clim\u00e1ticas s\u00e3o o grande desafio para a entidade, em virtude da escassez de \u00e1gua que se reflete no baixo volume de disponibilidade h\u00eddrica nas barragens do Algarve, como explica Ant\u00f3nio Eus\u00e9bio, presidente da \u00c1guas do Algarve. <\/strong><\/p>\n\n\n\n<p><\/p>\n\n\n\n<p>Por natureza, toda a regi\u00e3o do Algarve \u00e9 caraterizada pelo seu clima quente e seco, sendo, por isso, uma prioridade garantir o abastecimento de \u00e1gua a toda a popula\u00e7\u00e3o algarvia. A \u00c1guas do Algarve \u00e9 a empresa respons\u00e1vel por assegurar o abastecimento de \u00e1gua para consumo humano, bem como o tratamento de \u00e1guas residuais, tendo a miss\u00e3o de, em m\u00e9dia, disponibilizar cerca de 72 milh\u00f5es de metros c\u00fabicos\/ano de \u00e1gua para consumo humano para abastecer toda a popula\u00e7\u00e3o residente no Algarve e os turistas que visitam a regi\u00e3o. Ant\u00f3nio Eus\u00e9bio considera que a entidade que gere\u201d mudou o paradigma da regi\u00e3o nos \u00faltimos 20 anos\u201d. Tanto ao n\u00edvel do abastecimento da popula\u00e7\u00e3o, como ao n\u00edvel do saneamento, a interven\u00e7\u00e3o \u00c1guas do Algarve foi fundamental para que, atualmente, haja um sistema mais completo e que consiga atender \u00e0s necessidades h\u00eddricas da popula\u00e7\u00e3o. \u201cO Algarve era uma regi\u00e3o onde o abastecimento de \u00e1gua sofria de grande car\u00eancia nomeadamente no que se referia \u00e0 disponibilidade e qualidade. Nestas duas d\u00e9cadas foi poss\u00edvel desenvolver um Sistema mais robusto e mais resiliente. O mesmo acontece com o Saneamento, cujos bons resultados s\u00e3o vis\u00edveis, por exemplo com o n\u00famero de bandeiras azuis e douradas com as quais as nossas praias t\u00eam vindo a ser galardoadas\u201d, afirma Ant\u00f3nio Eus\u00e9bio. <\/p>\n\n\n\n<div class=\"wp-block-image\"><figure class=\"aligncenter size-full is-resized\"><img loading=\"lazy\" decoding=\"async\" src=\"https:\/\/maismagazine.pt\/wp-content\/uploads\/2023\/03\/Antonio-Eusebio-presidente-da-Aguas-do-Algarve-1.jpg\" alt=\"\" class=\"wp-image-6004\" width=\"356\" height=\"237\" srcset=\"http:\/\/maismagazine.pt\/wp-content\/uploads\/2023\/03\/Antonio-Eusebio-presidente-da-Aguas-do-Algarve-1.jpg 824w, http:\/\/maismagazine.pt\/wp-content\/uploads\/2023\/03\/Antonio-Eusebio-presidente-da-Aguas-do-Algarve-1-300x200.jpg 300w, http:\/\/maismagazine.pt\/wp-content\/uploads\/2023\/03\/Antonio-Eusebio-presidente-da-Aguas-do-Algarve-1-768x513.jpg 768w, http:\/\/maismagazine.pt\/wp-content\/uploads\/2023\/03\/Antonio-Eusebio-presidente-da-Aguas-do-Algarve-1-150x100.jpg 150w\" sizes=\"auto, (max-width: 356px) 100vw, 356px\" \/><figcaption>Ant\u00f3nio Eusebio, presidente da \u00c1guas do Algarve<\/figcaption><\/figure><\/div>\n\n\n\n<p><strong>Enfrentar a escassez de \u00e1gua na regi\u00e3o \u00e9 a prioridade da \u00c1guas do Algarve<\/strong><\/p>\n\n\n\n<p>Os efeitos das altera\u00e7\u00f5es clim\u00e1ticas na disponibilidade h\u00eddrica \u00e9 a grande preocupa\u00e7\u00e3o atual da \u00c1guas do Algarve, que tem vindo a acompanhar de perto esta problem\u00e1tica. A falta de chuva na regi\u00e3o nos \u00faltimos anos leva a que as barragens apresentem reservas h\u00eddricas muito abaixo do que seria ideal para todos, levando a que a entidade se foque nas \u201creservas de \u00e1guas subterr\u00e2neas que trazem acr\u00e9scimos \u00e0s disponibilidades de \u00e1gua na regi\u00e3o\u201d. Ainda assim, Ant\u00f3nio Eus\u00e9bio considera que a escassez de \u00e1gua tem sido uma boa oportunidade para \u201cdesenvolver um conjunto de estrat\u00e9gias de gest\u00e3o integrada de recursos, e na procura de novas origens, que se constituem como instrumentos essenciais para mitigar riscos e enfrentar novas situa\u00e7\u00f5es de seca&#8221;.<\/p>\n\n\n\n<p><\/p>\n\n\n\n<p><strong>Educar para um futuro mais sustent\u00e1vel<\/strong><\/p>\n\n\n\n<p>A educa\u00e7\u00e3o da popula\u00e7\u00e3o sobre a import\u00e2ncia de poupar \u00e1gua, atrav\u00e9s de simples gestos no quotidiano, \u00e9 uma medida que a \u00c1guas do Algarve julga ter extrema relev\u00e2ncia para enfrentar a crise h\u00eddrica da regi\u00e3o. Teresa Fernandes, respons\u00e1vel pela \u00c1rea de Comunica\u00e7\u00e3o e Educa\u00e7\u00e3o Ambiental, destaca que a educa\u00e7\u00e3o sobre esta tem\u00e1tica deve ter transversal a todas as faixas et\u00e1rias e \u201cenvolve quest\u00f5es complexas que requerem uma abordagem coordenada, e consequentemente acompanhada por uma pol\u00edtica de Comunica\u00e7\u00e3o e educa\u00e7\u00e3o ambiental proativa e assertiva\u201d. Nesse sentido, foi implementado na regi\u00e3o o projeto \u201cDesafios da \u00c1gua\u201d, que se foca precisamente sobre quest\u00f5es como a \u201cpreserva\u00e7\u00e3o dos recursos h\u00eddricos, a import\u00e2ncia da qualidade e da disponibilidade da \u00e1gua para a vida em sociedade, o seu uso eficiente e reutiliza\u00e7\u00e3o, e a aplica\u00e7\u00e3o de boas pr\u00e1ticas ambientais, em concerta\u00e7\u00e3o com aquelas que s\u00e3o tamb\u00e9m as orienta\u00e7\u00f5es para uma economia que se pretende cada vez mais circular\u201d. Teresa Fernandes conclui lembrando que \u201ctodos os momentos s\u00e3o oportunidades para efetuarmos a escolha correta, num compromisso s\u00e9rio e respons\u00e1vel com o ambiente e com o desenvolvimento de um futuro saud\u00e1vel da humanidade\u201d.<\/p>\n\n\n\n<div class=\"wp-block-image\"><figure class=\"aligncenter size-full is-resized\"><img loading=\"lazy\" decoding=\"async\" src=\"https:\/\/maismagazine.pt\/wp-content\/uploads\/2023\/03\/Teresa-Fernandes-responsavel-pela-Area-de-Comunicacao-e-Educacao-Ambiental-2.jpg\" alt=\"\" class=\"wp-image-6006\" width=\"243\" height=\"305\" srcset=\"http:\/\/maismagazine.pt\/wp-content\/uploads\/2023\/03\/Teresa-Fernandes-responsavel-pela-Area-de-Comunicacao-e-Educacao-Ambiental-2.jpg 446w, http:\/\/maismagazine.pt\/wp-content\/uploads\/2023\/03\/Teresa-Fernandes-responsavel-pela-Area-de-Comunicacao-e-Educacao-Ambiental-2-239x300.jpg 239w\" sizes=\"auto, (max-width: 243px) 100vw, 243px\" \/><figcaption>Teresa Fernandes, respons\u00e1vel pela \u00c1rea de Comunica\u00e7\u00e3o e Educa\u00e7\u00e3o Ambiental<\/figcaption><\/figure><\/div>\n","protected":false},"excerpt":{"rendered":"<p>O abastecimento de \u00e1gua \u00e0 popula\u00e7\u00e3o algarvia \u00e9 da responsabilidade da \u00c1guas do Algarve, desenvolvendo, no decorrer das \u00faltimas d\u00e9cadas, uma s\u00e9rie de iniciativas que transformaram por completo o panorama do abastecimento de \u00e1gua na regi\u00e3o. Atualmente, os efeitos das altera\u00e7\u00f5es clim\u00e1ticas s\u00e3o o grande desafio para a entidade, em&hellip;<\/p>\n","protected":false},"author":17,"featured_media":6001,"comment_status":"closed","ping_status":"open","sticky":false,"template":"","format":"standard","meta":{"advgb_blocks_editor_width":"","advgb_blocks_columns_visual_guide":"","_monsterinsights_skip_tracking":false,"_monsterinsights_sitenote_active":false,"_monsterinsights_sitenote_note":"","_monsterinsights_sitenote_category":0,"footnotes":""},"categories":[78],"tags":[107,1366,1367,1365],"class_list":["post-5999","post","type-post","status-publish","format-standard","has-post-thumbnail","hentry","category-ambiente-e-sustentabilidade","tag-agua","tag-aguas-do-algarve","tag-algarve","tag-pouoanca"],"yoast_head":"<!-- This site is optimized with the Yoast SEO plugin v24.4 - https:\/\/yoast.com\/wordpress\/plugins\/seo\/ -->\n<title>\u201cA \u00c1guas do Algarve mudou o paradigma da regi\u00e3o nos \u00faltimos 20 anos&quot; - Mais Magazine<\/title>\n<meta name=\"description\" content=\"O abastecimento de \u00e1gua \u00e0 popula\u00e7\u00e3o algarvia \u00e9 da responsabilidade da \u00c1guas do Algarve, desenvolvendo, no decorrer das \u00faltimas d\u00e9cadas, uma s\u00e9rie de iniciativas que transformaram por completo o panorama do abastecimento de \u00e1gua na regi\u00e3o. Atualmente, os efeitos das altera\u00e7\u00f5es clim\u00e1ticas s\u00e3o o grande desafio para a entidade, em virtude da escassez de \u00e1gua que se reflete no baixo volume de disponibilidade h\u00eddrica nas barragens do Algarve, como explica Ant\u00f3nio Eus\u00e9bio, presidente da \u00c1guas do Algarve.\" \/>\n<meta name=\"robots\" content=\"index, follow, max-snippet:-1, max-image-preview:large, max-video-preview:-1\" \/>\n<link rel=\"canonical\" href=\"http:\/\/maismagazine.pt\/index.php\/2023\/03\/24\/a-aguas-do-algarve-mudou-o-paradigma-da-regiao-nos-ultimos-20-anos\/\" \/>\n<meta property=\"og:locale\" content=\"pt_PT\" \/>\n<meta property=\"og:type\" content=\"article\" \/>\n<meta property=\"og:title\" content=\"\u201cA \u00c1guas do Algarve mudou o paradigma da regi\u00e3o nos \u00faltimos 20 anos&quot; - Mais Magazine\" \/>\n<meta property=\"og:description\" content=\"O abastecimento de \u00e1gua \u00e0 popula\u00e7\u00e3o algarvia \u00e9 da responsabilidade da \u00c1guas do Algarve, desenvolvendo, no decorrer das \u00faltimas d\u00e9cadas, uma s\u00e9rie de iniciativas que transformaram por completo o panorama do abastecimento de \u00e1gua na regi\u00e3o. Atualmente, os efeitos das altera\u00e7\u00f5es clim\u00e1ticas s\u00e3o o grande desafio para a entidade, em virtude da escassez de \u00e1gua que se reflete no baixo volume de disponibilidade h\u00eddrica nas barragens do Algarve, como explica Ant\u00f3nio Eus\u00e9bio, presidente da \u00c1guas do Algarve.\" \/>\n<meta property=\"og:url\" content=\"http:\/\/maismagazine.pt\/index.php\/2023\/03\/24\/a-aguas-do-algarve-mudou-o-paradigma-da-regiao-nos-ultimos-20-anos\/\" \/>\n<meta property=\"og:site_name\" content=\"Mais Magazine\" \/>\n<meta property=\"article:published_time\" content=\"2023-03-24T07:00:00+00:00\" \/>\n<meta property=\"og:image\" content=\"http:\/\/maismagazine.pt\/wp-content\/uploads\/2023\/03\/logo.jpg\" \/>\n\t<meta property=\"og:image:width\" content=\"2362\" \/>\n\t<meta property=\"og:image:height\" content=\"681\" \/>\n\t<meta property=\"og:image:type\" content=\"image\/jpeg\" \/>\n<meta name=\"author\" content=\"Tiago Costa\" \/>\n<meta name=\"twitter:card\" content=\"summary_large_image\" \/>\n<meta name=\"twitter:label1\" content=\"Escrito por\" \/>\n\t<meta name=\"twitter:data1\" content=\"\" \/>\n\t<meta name=\"twitter:label2\" content=\"Tempo estimado de leitura\" \/>\n\t<meta name=\"twitter:data2\" content=\"4 minutos\" \/>\n<script type=\"application\/ld+json\" class=\"yoast-schema-graph\">{\"@context\":\"https:\/\/schema.org\",\"@graph\":[{\"@type\":\"Article\",\"@id\":\"http:\/\/maismagazine.pt\/index.php\/2023\/03\/24\/a-aguas-do-algarve-mudou-o-paradigma-da-regiao-nos-ultimos-20-anos\/#article\",\"isPartOf\":{\"@id\":\"http:\/\/maismagazine.pt\/index.php\/2023\/03\/24\/a-aguas-do-algarve-mudou-o-paradigma-da-regiao-nos-ultimos-20-anos\/\"},\"author\":{\"name\":\"Tiago Costa\",\"@id\":\"http:\/\/maismagazine.pt\/#\/schema\/person\/c6c5bfccc886434cbd11c74e035f9646\"},\"headline\":\"\u201cA \u00c1guas do Algarve mudou o paradigma da regi\u00e3o nos \u00faltimos 20 anos&#8221;\",\"datePublished\":\"2023-03-24T07:00:00+00:00\",\"mainEntityOfPage\":{\"@id\":\"http:\/\/maismagazine.pt\/index.php\/2023\/03\/24\/a-aguas-do-algarve-mudou-o-paradigma-da-regiao-nos-ultimos-20-anos\/\"},\"wordCount\":726,\"publisher\":{\"@id\":\"http:\/\/maismagazine.pt\/#organization\"},\"image\":{\"@id\":\"http:\/\/maismagazine.pt\/index.php\/2023\/03\/24\/a-aguas-do-algarve-mudou-o-paradigma-da-regiao-nos-ultimos-20-anos\/#primaryimage\"},\"thumbnailUrl\":\"http:\/\/maismagazine.pt\/wp-content\/uploads\/2023\/03\/logo.jpg\",\"keywords\":[\"\u00c1gua\",\"\u00e1guas do Algarve\",\"Algarve\",\"Pouoan\u00e7a\"],\"articleSection\":[\"Ambiente e Sustentabilidade\"],\"inLanguage\":\"pt-PT\"},{\"@type\":\"WebPage\",\"@id\":\"http:\/\/maismagazine.pt\/index.php\/2023\/03\/24\/a-aguas-do-algarve-mudou-o-paradigma-da-regiao-nos-ultimos-20-anos\/\",\"url\":\"http:\/\/maismagazine.pt\/index.php\/2023\/03\/24\/a-aguas-do-algarve-mudou-o-paradigma-da-regiao-nos-ultimos-20-anos\/\",\"name\":\"\u201cA \u00c1guas do Algarve mudou o paradigma da regi\u00e3o nos \u00faltimos 20 anos\\\" - Mais Magazine\",\"isPartOf\":{\"@id\":\"http:\/\/maismagazine.pt\/#website\"},\"primaryImageOfPage\":{\"@id\":\"http:\/\/maismagazine.pt\/index.php\/2023\/03\/24\/a-aguas-do-algarve-mudou-o-paradigma-da-regiao-nos-ultimos-20-anos\/#primaryimage\"},\"image\":{\"@id\":\"http:\/\/maismagazine.pt\/index.php\/2023\/03\/24\/a-aguas-do-algarve-mudou-o-paradigma-da-regiao-nos-ultimos-20-anos\/#primaryimage\"},\"thumbnailUrl\":\"http:\/\/maismagazine.pt\/wp-content\/uploads\/2023\/03\/logo.jpg\",\"datePublished\":\"2023-03-24T07:00:00+00:00\",\"description\":\"O abastecimento de \u00e1gua \u00e0 popula\u00e7\u00e3o algarvia \u00e9 da responsabilidade da \u00c1guas do Algarve, desenvolvendo, no decorrer das \u00faltimas d\u00e9cadas, uma s\u00e9rie de iniciativas que transformaram por completo o panorama do abastecimento de \u00e1gua na regi\u00e3o. Atualmente, os efeitos das altera\u00e7\u00f5es clim\u00e1ticas s\u00e3o o grande desafio para a entidade, em virtude da escassez de \u00e1gua que se reflete no baixo volume de disponibilidade h\u00eddrica nas barragens do Algarve, como explica Ant\u00f3nio Eus\u00e9bio, presidente da \u00c1guas do Algarve.\",\"breadcrumb\":{\"@id\":\"http:\/\/maismagazine.pt\/index.php\/2023\/03\/24\/a-aguas-do-algarve-mudou-o-paradigma-da-regiao-nos-ultimos-20-anos\/#breadcrumb\"},\"inLanguage\":\"pt-PT\",\"potentialAction\":[{\"@type\":\"ReadAction\",\"target\":[\"http:\/\/maismagazine.pt\/index.php\/2023\/03\/24\/a-aguas-do-algarve-mudou-o-paradigma-da-regiao-nos-ultimos-20-anos\/\"]}]},{\"@type\":\"ImageObject\",\"inLanguage\":\"pt-PT\",\"@id\":\"http:\/\/maismagazine.pt\/index.php\/2023\/03\/24\/a-aguas-do-algarve-mudou-o-paradigma-da-regiao-nos-ultimos-20-anos\/#primaryimage\",\"url\":\"http:\/\/maismagazine.pt\/wp-content\/uploads\/2023\/03\/logo.jpg\",\"contentUrl\":\"http:\/\/maismagazine.pt\/wp-content\/uploads\/2023\/03\/logo.jpg\",\"width\":2362,\"height\":681},{\"@type\":\"BreadcrumbList\",\"@id\":\"http:\/\/maismagazine.pt\/index.php\/2023\/03\/24\/a-aguas-do-algarve-mudou-o-paradigma-da-regiao-nos-ultimos-20-anos\/#breadcrumb\",\"itemListElement\":[{\"@type\":\"ListItem\",\"position\":1,\"name\":\"Home\",\"item\":\"http:\/\/maismagazine.pt\/\"},{\"@type\":\"ListItem\",\"position\":2,\"name\":\"\u201cA \u00c1guas do Algarve mudou o paradigma da regi\u00e3o nos \u00faltimos 20 anos&#8221;\"}]},{\"@type\":\"WebSite\",\"@id\":\"http:\/\/maismagazine.pt\/#website\",\"url\":\"http:\/\/maismagazine.pt\/\",\"name\":\"Mais Magazine\",\"description\":\"\",\"publisher\":{\"@id\":\"http:\/\/maismagazine.pt\/#organization\"},\"potentialAction\":[{\"@type\":\"SearchAction\",\"target\":{\"@type\":\"EntryPoint\",\"urlTemplate\":\"http:\/\/maismagazine.pt\/?s={search_term_string}\"},\"query-input\":{\"@type\":\"PropertyValueSpecification\",\"valueRequired\":true,\"valueName\":\"search_term_string\"}}],\"inLanguage\":\"pt-PT\"},{\"@type\":\"Organization\",\"@id\":\"http:\/\/maismagazine.pt\/#organization\",\"name\":\"Mais Magazine\",\"url\":\"http:\/\/maismagazine.pt\/\",\"logo\":{\"@type\":\"ImageObject\",\"inLanguage\":\"pt-PT\",\"@id\":\"http:\/\/maismagazine.pt\/#\/schema\/logo\/image\/\",\"url\":\"http:\/\/maismagazine.pt\/wp-content\/uploads\/2020\/04\/cropped-cropped-mais-magazine-site-logo-2.png\",\"contentUrl\":\"http:\/\/maismagazine.pt\/wp-content\/uploads\/2020\/04\/cropped-cropped-mais-magazine-site-logo-2.png\",\"width\":581,\"height\":90,\"caption\":\"Mais Magazine\"},\"image\":{\"@id\":\"http:\/\/maismagazine.pt\/#\/schema\/logo\/image\/\"}},{\"@type\":\"Person\",\"@id\":\"http:\/\/maismagazine.pt\/#\/schema\/person\/c6c5bfccc886434cbd11c74e035f9646\",\"name\":\"Tiago Costa\",\"image\":{\"@type\":\"ImageObject\",\"inLanguage\":\"pt-PT\",\"@id\":\"http:\/\/maismagazine.pt\/#\/schema\/person\/image\/\",\"url\":\"https:\/\/secure.gravatar.com\/avatar\/c599b2bce16c9870429198cbad5ee022?s=96&d=mm&r=g\",\"contentUrl\":\"https:\/\/secure.gravatar.com\/avatar\/c599b2bce16c9870429198cbad5ee022?s=96&d=mm&r=g\",\"caption\":\"Tiago Costa\"},\"url\":\"http:\/\/maismagazine.pt\/index.php\/author\/tiago\/\"}]}<\/script>\n<!-- \/ Yoast SEO plugin. -->","yoast_head_json":{"title":"\u201cA \u00c1guas do Algarve mudou o paradigma da regi\u00e3o nos \u00faltimos 20 anos\" - Mais Magazine","description":"O abastecimento de \u00e1gua \u00e0 popula\u00e7\u00e3o algarvia \u00e9 da responsabilidade da \u00c1guas do Algarve, desenvolvendo, no decorrer das \u00faltimas d\u00e9cadas, uma s\u00e9rie de iniciativas que transformaram por completo o panorama do abastecimento de \u00e1gua na regi\u00e3o. Atualmente, os efeitos das altera\u00e7\u00f5es clim\u00e1ticas s\u00e3o o grande desafio para a entidade, em virtude da escassez de \u00e1gua que se reflete no baixo volume de disponibilidade h\u00eddrica nas barragens do Algarve, como explica Ant\u00f3nio Eus\u00e9bio, presidente da \u00c1guas do Algarve.","robots":{"index":"index","follow":"follow","max-snippet":"max-snippet:-1","max-image-preview":"max-image-preview:large","max-video-preview":"max-video-preview:-1"},"canonical":"http:\/\/maismagazine.pt\/index.php\/2023\/03\/24\/a-aguas-do-algarve-mudou-o-paradigma-da-regiao-nos-ultimos-20-anos\/","og_locale":"pt_PT","og_type":"article","og_title":"\u201cA \u00c1guas do Algarve mudou o paradigma da regi\u00e3o nos \u00faltimos 20 anos\" - Mais Magazine","og_description":"O abastecimento de \u00e1gua \u00e0 popula\u00e7\u00e3o algarvia \u00e9 da responsabilidade da \u00c1guas do Algarve, desenvolvendo, no decorrer das \u00faltimas d\u00e9cadas, uma s\u00e9rie de iniciativas que transformaram por completo o panorama do abastecimento de \u00e1gua na regi\u00e3o. Atualmente, os efeitos das altera\u00e7\u00f5es clim\u00e1ticas s\u00e3o o grande desafio para a entidade, em virtude da escassez de \u00e1gua que se reflete no baixo volume de disponibilidade h\u00eddrica nas barragens do Algarve, como explica Ant\u00f3nio Eus\u00e9bio, presidente da \u00c1guas do Algarve.","og_url":"http:\/\/maismagazine.pt\/index.php\/2023\/03\/24\/a-aguas-do-algarve-mudou-o-paradigma-da-regiao-nos-ultimos-20-anos\/","og_site_name":"Mais Magazine","article_published_time":"2023-03-24T07:00:00+00:00","og_image":[{"width":2362,"height":681,"url":"http:\/\/maismagazine.pt\/wp-content\/uploads\/2023\/03\/logo.jpg","type":"image\/jpeg"}],"author":"Tiago Costa","twitter_card":"summary_large_image","twitter_misc":{"Escrito por":false,"Tempo estimado de leitura":"4 minutos"},"schema":{"@context":"https:\/\/schema.org","@graph":[{"@type":"Article","@id":"http:\/\/maismagazine.pt\/index.php\/2023\/03\/24\/a-aguas-do-algarve-mudou-o-paradigma-da-regiao-nos-ultimos-20-anos\/#article","isPartOf":{"@id":"http:\/\/maismagazine.pt\/index.php\/2023\/03\/24\/a-aguas-do-algarve-mudou-o-paradigma-da-regiao-nos-ultimos-20-anos\/"},"author":{"name":"Tiago Costa","@id":"http:\/\/maismagazine.pt\/#\/schema\/person\/c6c5bfccc886434cbd11c74e035f9646"},"headline":"\u201cA \u00c1guas do Algarve mudou o paradigma da regi\u00e3o nos \u00faltimos 20 anos&#8221;","datePublished":"2023-03-24T07:00:00+00:00","mainEntityOfPage":{"@id":"http:\/\/maismagazine.pt\/index.php\/2023\/03\/24\/a-aguas-do-algarve-mudou-o-paradigma-da-regiao-nos-ultimos-20-anos\/"},"wordCount":726,"publisher":{"@id":"http:\/\/maismagazine.pt\/#organization"},"image":{"@id":"http:\/\/maismagazine.pt\/index.php\/2023\/03\/24\/a-aguas-do-algarve-mudou-o-paradigma-da-regiao-nos-ultimos-20-anos\/#primaryimage"},"thumbnailUrl":"http:\/\/maismagazine.pt\/wp-content\/uploads\/2023\/03\/logo.jpg","keywords":["\u00c1gua","\u00e1guas do Algarve","Algarve","Pouoan\u00e7a"],"articleSection":["Ambiente e Sustentabilidade"],"inLanguage":"pt-PT"},{"@type":"WebPage","@id":"http:\/\/maismagazine.pt\/index.php\/2023\/03\/24\/a-aguas-do-algarve-mudou-o-paradigma-da-regiao-nos-ultimos-20-anos\/","url":"http:\/\/maismagazine.pt\/index.php\/2023\/03\/24\/a-aguas-do-algarve-mudou-o-paradigma-da-regiao-nos-ultimos-20-anos\/","name":"\u201cA \u00c1guas do Algarve mudou o paradigma da regi\u00e3o nos \u00faltimos 20 anos\" - Mais Magazine","isPartOf":{"@id":"http:\/\/maismagazine.pt\/#website"},"primaryImageOfPage":{"@id":"http:\/\/maismagazine.pt\/index.php\/2023\/03\/24\/a-aguas-do-algarve-mudou-o-paradigma-da-regiao-nos-ultimos-20-anos\/#primaryimage"},"image":{"@id":"http:\/\/maismagazine.pt\/index.php\/2023\/03\/24\/a-aguas-do-algarve-mudou-o-paradigma-da-regiao-nos-ultimos-20-anos\/#primaryimage"},"thumbnailUrl":"http:\/\/maismagazine.pt\/wp-content\/uploads\/2023\/03\/logo.jpg","datePublished":"2023-03-24T07:00:00+00:00","description":"O abastecimento de \u00e1gua \u00e0 popula\u00e7\u00e3o algarvia \u00e9 da responsabilidade da \u00c1guas do Algarve, desenvolvendo, no decorrer das \u00faltimas d\u00e9cadas, uma s\u00e9rie de iniciativas que transformaram por completo o panorama do abastecimento de \u00e1gua na regi\u00e3o. Atualmente, os efeitos das altera\u00e7\u00f5es clim\u00e1ticas s\u00e3o o grande desafio para a entidade, em virtude da escassez de \u00e1gua que se reflete no baixo volume de disponibilidade h\u00eddrica nas barragens do Algarve, como explica Ant\u00f3nio Eus\u00e9bio, presidente da \u00c1guas do Algarve.","breadcrumb":{"@id":"http:\/\/maismagazine.pt\/index.php\/2023\/03\/24\/a-aguas-do-algarve-mudou-o-paradigma-da-regiao-nos-ultimos-20-anos\/#breadcrumb"},"inLanguage":"pt-PT","potentialAction":[{"@type":"ReadAction","target":["http:\/\/maismagazine.pt\/index.php\/2023\/03\/24\/a-aguas-do-algarve-mudou-o-paradigma-da-regiao-nos-ultimos-20-anos\/"]}]},{"@type":"ImageObject","inLanguage":"pt-PT","@id":"http:\/\/maismagazine.pt\/index.php\/2023\/03\/24\/a-aguas-do-algarve-mudou-o-paradigma-da-regiao-nos-ultimos-20-anos\/#primaryimage","url":"http:\/\/maismagazine.pt\/wp-content\/uploads\/2023\/03\/logo.jpg","contentUrl":"http:\/\/maismagazine.pt\/wp-content\/uploads\/2023\/03\/logo.jpg","width":2362,"height":681},{"@type":"BreadcrumbList","@id":"http:\/\/maismagazine.pt\/index.php\/2023\/03\/24\/a-aguas-do-algarve-mudou-o-paradigma-da-regiao-nos-ultimos-20-anos\/#breadcrumb","itemListElement":[{"@type":"ListItem","position":1,"name":"Home","item":"http:\/\/maismagazine.pt\/"},{"@type":"ListItem","position":2,"name":"\u201cA \u00c1guas do Algarve mudou o paradigma da regi\u00e3o nos \u00faltimos 20 anos&#8221;"}]},{"@type":"WebSite","@id":"http:\/\/maismagazine.pt\/#website","url":"http:\/\/maismagazine.pt\/","name":"Mais Magazine","description":"","publisher":{"@id":"http:\/\/maismagazine.pt\/#organization"},"potentialAction":[{"@type":"SearchAction","target":{"@type":"EntryPoint","urlTemplate":"http:\/\/maismagazine.pt\/?s={search_term_string}"},"query-input":{"@type":"PropertyValueSpecification","valueRequired":true,"valueName":"search_term_string"}}],"inLanguage":"pt-PT"},{"@type":"Organization","@id":"http:\/\/maismagazine.pt\/#organization","name":"Mais Magazine","url":"http:\/\/maismagazine.pt\/","logo":{"@type":"ImageObject","inLanguage":"pt-PT","@id":"http:\/\/maismagazine.pt\/#\/schema\/logo\/image\/","url":"http:\/\/maismagazine.pt\/wp-content\/uploads\/2020\/04\/cropped-cropped-mais-magazine-site-logo-2.png","contentUrl":"http:\/\/maismagazine.pt\/wp-content\/uploads\/2020\/04\/cropped-cropped-mais-magazine-site-logo-2.png","width":581,"height":90,"caption":"Mais Magazine"},"image":{"@id":"http:\/\/maismagazine.pt\/#\/schema\/logo\/image\/"}},{"@type":"Person","@id":"http:\/\/maismagazine.pt\/#\/schema\/person\/c6c5bfccc886434cbd11c74e035f9646","name":"Tiago Costa","image":{"@type":"ImageObject","inLanguage":"pt-PT","@id":"http:\/\/maismagazine.pt\/#\/schema\/person\/image\/","url":"https:\/\/secure.gravatar.com\/avatar\/c599b2bce16c9870429198cbad5ee022?s=96&d=mm&r=g","contentUrl":"https:\/\/secure.gravatar.com\/avatar\/c599b2bce16c9870429198cbad5ee022?s=96&d=mm&r=g","caption":"Tiago Costa"},"url":"http:\/\/maismagazine.pt\/index.php\/author\/tiago\/"}]}},"author_meta":{"display_name":false,"author_link":"http:\/\/maismagazine.pt\/index.php\/author\/tiago\/"},"featured_img":"http:\/\/maismagazine.pt\/wp-content\/uploads\/2023\/03\/logo-300x86.jpg","coauthors":[],"tax_additional":{"categories":{"linked":["<a href=\"http:\/\/maismagazine.pt\/index.php\/category\/empreendedorismo\/ambiente-e-sustentabilidade\/\" class=\"advgb-post-tax-term\">Ambiente e Sustentabilidade<\/a>"],"unlinked":["<span class=\"advgb-post-tax-term\">Ambiente e Sustentabilidade<\/span>"]},"tags":{"linked":["<a href=\"http:\/\/maismagazine.pt\/index.php\/category\/empreendedorismo\/ambiente-e-sustentabilidade\/\" class=\"advgb-post-tax-term\">\u00c1gua<\/a>","<a href=\"http:\/\/maismagazine.pt\/index.php\/category\/empreendedorismo\/ambiente-e-sustentabilidade\/\" class=\"advgb-post-tax-term\">\u00e1guas do Algarve<\/a>","<a href=\"http:\/\/maismagazine.pt\/index.php\/category\/empreendedorismo\/ambiente-e-sustentabilidade\/\" class=\"advgb-post-tax-term\">Algarve<\/a>","<a href=\"http:\/\/maismagazine.pt\/index.php\/category\/empreendedorismo\/ambiente-e-sustentabilidade\/\" class=\"advgb-post-tax-term\">Pouoan\u00e7a<\/a>"],"unlinked":["<span class=\"advgb-post-tax-term\">\u00c1gua<\/span>","<span class=\"advgb-post-tax-term\">\u00e1guas do Algarve<\/span>","<span class=\"advgb-post-tax-term\">Algarve<\/span>","<span class=\"advgb-post-tax-term\">Pouoan\u00e7a<\/span>"]}},"comment_count":"0","relative_dates":{"created":"Posted 3 anos ago","modified":"Updated 3 anos ago"},"absolute_dates":{"created":"Posted on 24 de Mar\u00e7o, 2023","modified":"Updated on 15 de Mar\u00e7o, 2023"},"absolute_dates_time":{"created":"Posted on 24 de Mar\u00e7o, 2023 7:00","modified":"Updated on 15 de Mar\u00e7o, 2023 14:54"},"featured_img_caption":"","series_order":"","_links":{"self":[{"href":"http:\/\/maismagazine.pt\/index.php\/wp-json\/wp\/v2\/posts\/5999","targetHints":{"allow":["GET"]}}],"collection":[{"href":"http:\/\/maismagazine.pt\/index.php\/wp-json\/wp\/v2\/posts"}],"about":[{"href":"http:\/\/maismagazine.pt\/index.php\/wp-json\/wp\/v2\/types\/post"}],"author":[{"embeddable":true,"href":"http:\/\/maismagazine.pt\/index.php\/wp-json\/wp\/v2\/users\/17"}],"replies":[{"embeddable":true,"href":"http:\/\/maismagazine.pt\/index.php\/wp-json\/wp\/v2\/comments?post=5999"}],"version-history":[{"count":1,"href":"http:\/\/maismagazine.pt\/index.php\/wp-json\/wp\/v2\/posts\/5999\/revisions"}],"predecessor-version":[{"id":6007,"href":"http:\/\/maismagazine.pt\/index.php\/wp-json\/wp\/v2\/posts\/5999\/revisions\/6007"}],"wp:featuredmedia":[{"embeddable":true,"href":"http:\/\/maismagazine.pt\/index.php\/wp-json\/wp\/v2\/media\/6001"}],"wp:attachment":[{"href":"http:\/\/maismagazine.pt\/index.php\/wp-json\/wp\/v2\/media?parent=5999"}],"wp:term":[{"taxonomy":"category","embeddable":true,"href":"http:\/\/maismagazine.pt\/index.php\/wp-json\/wp\/v2\/categories?post=5999"},{"taxonomy":"post_tag","embeddable":true,"href":"http:\/\/maismagazine.pt\/index.php\/wp-json\/wp\/v2\/tags?post=5999"}],"curies":[{"name":"wp","href":"https:\/\/api.w.org\/{rel}","templated":true}]}}