{"id":5757,"date":"2023-02-24T07:00:00","date_gmt":"2023-02-24T07:00:00","guid":{"rendered":"https:\/\/maismagazine.pt\/?p=5757"},"modified":"2023-02-16T11:37:41","modified_gmt":"2023-02-16T11:37:41","slug":"externato-santa-margarida-educar-para-ser-mais","status":"publish","type":"post","link":"http:\/\/maismagazine.pt\/index.php\/2023\/02\/24\/externato-santa-margarida-educar-para-ser-mais\/","title":{"rendered":"Externato Santa Margarida: \u201cEducar para Ser Mais\u201d"},"content":{"rendered":"\n<p><strong>Com sede em Gondomar, o<a href=\"https:\/\/externatosantamargarida.pt\/\"> Externato de Santa Margarida<\/a>, pertencente \u00e0 Prov\u00edncia Portuguesa das Franciscanas Mission\u00e1rias de Nossa Senhora (FMNS), \u00e9 um estabelecimento de ensino com educa\u00e7\u00e3o pr\u00e9-escolar e primeiro ciclo do ensino b\u00e1sico. Baseado em princ\u00edpios crist\u00e3os e focado no desenvolvimento de compet\u00eancias sociais, esta institui\u00e7\u00e3o de ensino diferencia-se pela sua aposta numa educa\u00e7\u00e3o que olha para o futuro dos alunos e para a necessidade destes deterem princ\u00edpios sociais que lhes permitam ser bons cidad\u00e3os.<\/strong><\/p>\n\n\n\n<p><\/p>\n\n\n\n<p>Adquirir compet\u00eancias curriculares que promovam o desenvolvimento cognitivo de cada um dos estudantes \u00e9 a miss\u00e3o de qualquer estabelecimento de ensino, mas o Externato de Santa Margarida destaca-se por apostar na educa\u00e7\u00e3o de uma s\u00e9rie de valores crist\u00e3os e sociais que se demonstrem relevantes para que cada aluno seja, futuramente, um cidad\u00e3o de refer\u00eancia. Demonstra\u00e7\u00e3o de empatia, resili\u00eancia, flexibilidade, respeito e interajuda s\u00e3o os valores fundamentais no processo de aprendizagem aplicado nesta institui\u00e7\u00e3o, uma vez que s\u00e3o as bases para a viv\u00eancia em sociedade, bem como pilares nas novas exig\u00eancias \u00e0 adapta\u00e7\u00e3o ao mercado de emprego futuro. A acrescer a estes princ\u00edpios juntam-se ainda outros ligados aos valores crist\u00e3os, onde a proximidade dos alunos com as Irm\u00e3s FMNS ajuda a promover junto deles a atitude de servi\u00e7o, a viv\u00eancia ativa e comprometida das virtudes teologais (f\u00e9, esperan\u00e7a e caridade), a partilha da alegria e da sabedoria e a humildade.<\/p>\n\n\n\n<p><\/p>\n\n\n\n<p><strong>O externato desenvolve v\u00e1rias a\u00e7\u00f5es na sua quinta<\/strong><\/p>\n\n\n\n<p>Para al\u00e9m das componentes humanistas, esta institui\u00e7\u00e3o franciscana promove ainda junto dos alunos a valoriza\u00e7\u00e3o de descobertas, canalizada por um trabalho cooperativo e pela realiza\u00e7\u00e3o de projetos interdisciplinares, fomenta o esp\u00edrito de fam\u00edlia vivido na simplicidade e na alegria e atribui aos alunos um papel ativo no processo de aprendizagem, motivando-os e atraindo mais interesse pelas quest\u00f5es lecionadas. Para tal, o externato cont\u00e9m um grupo docente criativo que trabalha em conjunto, planifica, programa, avalia e acompanha os seus estudantes e ainda disponibiliza aos estudantes espa\u00e7os que enriquecem o seu curr\u00edculo de compet\u00eancias. Para al\u00e9m das normais salas de aula, o externato cont\u00e9m ainda uma extensa quinta que cont\u00e9m espa\u00e7os como a horta, pomar, zona dos animais, zona de jardins, mata e zona de piquenique. \u00c9 sob o projeto \u201cCorpo s\u00e3o, Mente s\u00e3, Planeta saud\u00e1vel\u201d, que o Externato de Santa Margarida promove junto dos alunos v\u00e1rias atividades na quinta, o que, para al\u00e9m de ser algo inovador a n\u00edvel educacional, \u00e9 tamb\u00e9m uma importante ferramenta para o desenvolvimento de experi\u00eancias sensoriais e na perce\u00e7\u00e3o da necessidade de ter boas pr\u00e1ticas f\u00edsicas e ambientais. Para al\u00e9m deste espa\u00e7o, o externato disp\u00f5e ainda de uma capela, um local de paz, introspe\u00e7\u00e3o e ora\u00e7\u00e3o e ainda uma cozinha onde s\u00e3o realizadas as refei\u00e7\u00f5es dos estudantes, utilizando, na medida do poss\u00edvel, os produtos hort\u00edcolas produzidos na sua quinta.<\/p>\n\n\n\n<p><\/p>\n\n\n\n<figure class=\"wp-block-image size-full is-resized\"><img loading=\"lazy\" decoding=\"async\" src=\"https:\/\/maismagazine.pt\/wp-content\/uploads\/2023\/02\/9.jpg\" alt=\"\" class=\"wp-image-5761\" width=\"653\" height=\"490\" srcset=\"http:\/\/maismagazine.pt\/wp-content\/uploads\/2023\/02\/9.jpg 1024w, http:\/\/maismagazine.pt\/wp-content\/uploads\/2023\/02\/9-300x225.jpg 300w, http:\/\/maismagazine.pt\/wp-content\/uploads\/2023\/02\/9-768x576.jpg 768w\" sizes=\"auto, (max-width: 653px) 100vw, 653px\" \/><\/figure>\n\n\n\n<p><\/p>\n\n\n\n<p><\/p>\n\n\n\n<p><strong>Parcerias e atividades extracurriculares que enriquecem o quadro de saberes dos alunos<\/strong><\/p>\n\n\n\n<p>O Externato Santa Margarida faz parte de uma Congrega\u00e7\u00e3o que alberga v\u00e1rias institui\u00e7\u00f5es de ensino, desde a creche at\u00e9 ao ensino superior, possibilitando usufruir de uma partilha de experi\u00eancias, vis\u00f5es e atividades para o crescimento da miss\u00e3o educativa da institui\u00e7\u00e3o. \u00c9 tamb\u00e9m um dos elementos da Congrega\u00e7\u00e3o das Irm\u00e3s FMNS, uma parceria que permite um interc\u00e2mbio de novas propostas educativas e modelos de gest\u00e3o pedag\u00f3gica e administrativa inovadores, o que se traduz na ado\u00e7\u00e3o e aplica\u00e7\u00e3o de orienta\u00e7\u00f5es pedag\u00f3gicas e linhas de a\u00e7\u00e3o claras. A alian\u00e7a com a AEEP \u00e9 tamb\u00e9m importante para o externato, uma vez ajuda no desenvolvimento e moderniza\u00e7\u00e3o do ensino. A promo\u00e7\u00e3o de atividades extracurriculares \u00e9 uma preocupa\u00e7\u00e3o do externato, por isso mesmo, tem uma oferta educativa abrangente que pretende dar a todas as crian\u00e7as a oportunidades de escolherem as atividades que melhor se adequam aos seus gostos. Assim, \u00e0 m\u00fasica, educa\u00e7\u00e3o f\u00edsica, ingl\u00eas, coro, EMRC, inform\u00e1tica, programa\u00e7\u00e3o e rob\u00f3tica que fazem parte do curr\u00edculo, juntam-se atividades extracurriculares como o ballet, karat\u00e9, dan\u00e7a, teatro, piano, nata\u00e7\u00e3o, patinagem e futebol. Todas as atividades realizam-se no espa\u00e7o do externato, uma mais-valia tamb\u00e9m para os pais que n\u00e3o necessitam de realizar grandes desloca\u00e7\u00f5es, nem de estarem dependentes do seu tempo de \u00f3cio.<\/p>\n\n\n\n<p><\/p>\n\n\n\n<div class=\"wp-block-image\"><figure class=\"aligncenter size-full is-resized\"><img loading=\"lazy\" decoding=\"async\" src=\"https:\/\/maismagazine.pt\/wp-content\/uploads\/2023\/02\/Logo-7.jpg\" alt=\"\" class=\"wp-image-5762\" width=\"295\" height=\"301\" srcset=\"http:\/\/maismagazine.pt\/wp-content\/uploads\/2023\/02\/Logo-7.jpg 339w, http:\/\/maismagazine.pt\/wp-content\/uploads\/2023\/02\/Logo-7-294x300.jpg 294w\" sizes=\"auto, (max-width: 295px) 100vw, 295px\" \/><\/figure><\/div>\n","protected":false},"excerpt":{"rendered":"<p>Com sede em Gondomar, o Externato de Santa Margarida, pertencente \u00e0 Prov\u00edncia Portuguesa das Franciscanas Mission\u00e1rias de Nossa Senhora (FMNS), \u00e9 um estabelecimento de ensino com educa\u00e7\u00e3o pr\u00e9-escolar e primeiro ciclo do ensino b\u00e1sico. Baseado em princ\u00edpios crist\u00e3os e focado no desenvolvimento de compet\u00eancias sociais, esta institui\u00e7\u00e3o de ensino diferencia-se&hellip;<\/p>\n","protected":false},"author":17,"featured_media":5763,"comment_status":"closed","ping_status":"open","sticky":false,"template":"","format":"standard","meta":{"advgb_blocks_editor_width":"","advgb_blocks_columns_visual_guide":"","_monsterinsights_skip_tracking":false,"_monsterinsights_sitenote_active":false,"_monsterinsights_sitenote_note":"","_monsterinsights_sitenote_category":0,"footnotes":""},"categories":[149],"tags":[525,1320,1321,1322],"class_list":["post-5757","post","type-post","status-publish","format-standard","has-post-thumbnail","hentry","category-educacao","tag-educacao","tag-ensini","tag-externato-santa-margarida","tag-franciscanas-missionarias-de-nossa-senhora"],"yoast_head":"<!-- This site is optimized with the Yoast SEO plugin v24.4 - https:\/\/yoast.com\/wordpress\/plugins\/seo\/ -->\n<title>Externato Santa Margarida: \u201cEducar para Ser Mais\u201d - Mais Magazine<\/title>\n<meta name=\"description\" content=\"Com sede em Gondomar, o Externato de Santa Margarida, pertencente \u00e0 Prov\u00edncia Portuguesa das Franciscanas Mission\u00e1rias de Nossa Senhora (FMNS), \u00e9 um estabelecimento de ensino com educa\u00e7\u00e3o pr\u00e9-escolar e primeiro ciclo do ensino b\u00e1sico. Baseado em princ\u00edpios crist\u00e3os e focado no desenvolvimento de compet\u00eancias sociais, esta institui\u00e7\u00e3o de ensino diferencia-se pela sua aposta numa educa\u00e7\u00e3o que olha para o futuro dos alunos e para a necessidade destes deterem princ\u00edpios sociais que lhes permitam ser bons cidad\u00e3os.\" \/>\n<meta name=\"robots\" content=\"index, follow, max-snippet:-1, max-image-preview:large, max-video-preview:-1\" \/>\n<link rel=\"canonical\" href=\"http:\/\/maismagazine.pt\/index.php\/2023\/02\/24\/externato-santa-margarida-educar-para-ser-mais\/\" \/>\n<meta property=\"og:locale\" content=\"pt_PT\" \/>\n<meta property=\"og:type\" content=\"article\" \/>\n<meta property=\"og:title\" content=\"Externato Santa Margarida: \u201cEducar para Ser Mais\u201d - Mais Magazine\" \/>\n<meta property=\"og:description\" content=\"Com sede em Gondomar, o Externato de Santa Margarida, pertencente \u00e0 Prov\u00edncia Portuguesa das Franciscanas Mission\u00e1rias de Nossa Senhora (FMNS), \u00e9 um estabelecimento de ensino com educa\u00e7\u00e3o pr\u00e9-escolar e primeiro ciclo do ensino b\u00e1sico. Baseado em princ\u00edpios crist\u00e3os e focado no desenvolvimento de compet\u00eancias sociais, esta institui\u00e7\u00e3o de ensino diferencia-se pela sua aposta numa educa\u00e7\u00e3o que olha para o futuro dos alunos e para a necessidade destes deterem princ\u00edpios sociais que lhes permitam ser bons cidad\u00e3os.\" \/>\n<meta property=\"og:url\" content=\"http:\/\/maismagazine.pt\/index.php\/2023\/02\/24\/externato-santa-margarida-educar-para-ser-mais\/\" \/>\n<meta property=\"og:site_name\" content=\"Mais Magazine\" \/>\n<meta property=\"article:published_time\" content=\"2023-02-24T07:00:00+00:00\" \/>\n<meta property=\"og:image\" content=\"http:\/\/maismagazine.pt\/wp-content\/uploads\/2023\/02\/Captura-de-Ecra-7-1024x576.png\" \/>\n\t<meta property=\"og:image:width\" content=\"1024\" \/>\n\t<meta property=\"og:image:height\" content=\"576\" \/>\n\t<meta property=\"og:image:type\" content=\"image\/png\" \/>\n<meta name=\"author\" content=\"Tiago Costa\" \/>\n<meta name=\"twitter:card\" content=\"summary_large_image\" \/>\n<meta name=\"twitter:label1\" content=\"Escrito por\" \/>\n\t<meta name=\"twitter:data1\" content=\"\" \/>\n\t<meta name=\"twitter:label2\" content=\"Tempo estimado de leitura\" \/>\n\t<meta name=\"twitter:data2\" content=\"4 minutos\" \/>\n<script type=\"application\/ld+json\" class=\"yoast-schema-graph\">{\"@context\":\"https:\/\/schema.org\",\"@graph\":[{\"@type\":\"Article\",\"@id\":\"http:\/\/maismagazine.pt\/index.php\/2023\/02\/24\/externato-santa-margarida-educar-para-ser-mais\/#article\",\"isPartOf\":{\"@id\":\"http:\/\/maismagazine.pt\/index.php\/2023\/02\/24\/externato-santa-margarida-educar-para-ser-mais\/\"},\"author\":{\"name\":\"Tiago Costa\",\"@id\":\"http:\/\/maismagazine.pt\/#\/schema\/person\/c6c5bfccc886434cbd11c74e035f9646\"},\"headline\":\"Externato Santa Margarida: \u201cEducar para Ser Mais\u201d\",\"datePublished\":\"2023-02-24T07:00:00+00:00\",\"mainEntityOfPage\":{\"@id\":\"http:\/\/maismagazine.pt\/index.php\/2023\/02\/24\/externato-santa-margarida-educar-para-ser-mais\/\"},\"wordCount\":775,\"publisher\":{\"@id\":\"http:\/\/maismagazine.pt\/#organization\"},\"image\":{\"@id\":\"http:\/\/maismagazine.pt\/index.php\/2023\/02\/24\/externato-santa-margarida-educar-para-ser-mais\/#primaryimage\"},\"thumbnailUrl\":\"http:\/\/maismagazine.pt\/wp-content\/uploads\/2023\/02\/Captura-de-Ecra-7.png\",\"keywords\":[\"Educa\u00e7\u00e3o\",\"ensini\",\"Externato Santa Margarida\",\"Franciscanas Mission\u00e1rias de Nossa Senhora\"],\"articleSection\":[\"Educa\u00e7\u00e3o\"],\"inLanguage\":\"pt-PT\"},{\"@type\":\"WebPage\",\"@id\":\"http:\/\/maismagazine.pt\/index.php\/2023\/02\/24\/externato-santa-margarida-educar-para-ser-mais\/\",\"url\":\"http:\/\/maismagazine.pt\/index.php\/2023\/02\/24\/externato-santa-margarida-educar-para-ser-mais\/\",\"name\":\"Externato Santa Margarida: \u201cEducar para Ser Mais\u201d - Mais Magazine\",\"isPartOf\":{\"@id\":\"http:\/\/maismagazine.pt\/#website\"},\"primaryImageOfPage\":{\"@id\":\"http:\/\/maismagazine.pt\/index.php\/2023\/02\/24\/externato-santa-margarida-educar-para-ser-mais\/#primaryimage\"},\"image\":{\"@id\":\"http:\/\/maismagazine.pt\/index.php\/2023\/02\/24\/externato-santa-margarida-educar-para-ser-mais\/#primaryimage\"},\"thumbnailUrl\":\"http:\/\/maismagazine.pt\/wp-content\/uploads\/2023\/02\/Captura-de-Ecra-7.png\",\"datePublished\":\"2023-02-24T07:00:00+00:00\",\"description\":\"Com sede em Gondomar, o Externato de Santa Margarida, pertencente \u00e0 Prov\u00edncia Portuguesa das Franciscanas Mission\u00e1rias de Nossa Senhora (FMNS), \u00e9 um estabelecimento de ensino com educa\u00e7\u00e3o pr\u00e9-escolar e primeiro ciclo do ensino b\u00e1sico. Baseado em princ\u00edpios crist\u00e3os e focado no desenvolvimento de compet\u00eancias sociais, esta institui\u00e7\u00e3o de ensino diferencia-se pela sua aposta numa educa\u00e7\u00e3o que olha para o futuro dos alunos e para a necessidade destes deterem princ\u00edpios sociais que lhes permitam ser bons cidad\u00e3os.\",\"breadcrumb\":{\"@id\":\"http:\/\/maismagazine.pt\/index.php\/2023\/02\/24\/externato-santa-margarida-educar-para-ser-mais\/#breadcrumb\"},\"inLanguage\":\"pt-PT\",\"potentialAction\":[{\"@type\":\"ReadAction\",\"target\":[\"http:\/\/maismagazine.pt\/index.php\/2023\/02\/24\/externato-santa-margarida-educar-para-ser-mais\/\"]}]},{\"@type\":\"ImageObject\",\"inLanguage\":\"pt-PT\",\"@id\":\"http:\/\/maismagazine.pt\/index.php\/2023\/02\/24\/externato-santa-margarida-educar-para-ser-mais\/#primaryimage\",\"url\":\"http:\/\/maismagazine.pt\/wp-content\/uploads\/2023\/02\/Captura-de-Ecra-7.png\",\"contentUrl\":\"http:\/\/maismagazine.pt\/wp-content\/uploads\/2023\/02\/Captura-de-Ecra-7.png\",\"width\":1920,\"height\":1080},{\"@type\":\"BreadcrumbList\",\"@id\":\"http:\/\/maismagazine.pt\/index.php\/2023\/02\/24\/externato-santa-margarida-educar-para-ser-mais\/#breadcrumb\",\"itemListElement\":[{\"@type\":\"ListItem\",\"position\":1,\"name\":\"Home\",\"item\":\"http:\/\/maismagazine.pt\/\"},{\"@type\":\"ListItem\",\"position\":2,\"name\":\"Externato Santa Margarida: \u201cEducar para Ser Mais\u201d\"}]},{\"@type\":\"WebSite\",\"@id\":\"http:\/\/maismagazine.pt\/#website\",\"url\":\"http:\/\/maismagazine.pt\/\",\"name\":\"Mais Magazine\",\"description\":\"\",\"publisher\":{\"@id\":\"http:\/\/maismagazine.pt\/#organization\"},\"potentialAction\":[{\"@type\":\"SearchAction\",\"target\":{\"@type\":\"EntryPoint\",\"urlTemplate\":\"http:\/\/maismagazine.pt\/?s={search_term_string}\"},\"query-input\":{\"@type\":\"PropertyValueSpecification\",\"valueRequired\":true,\"valueName\":\"search_term_string\"}}],\"inLanguage\":\"pt-PT\"},{\"@type\":\"Organization\",\"@id\":\"http:\/\/maismagazine.pt\/#organization\",\"name\":\"Mais Magazine\",\"url\":\"http:\/\/maismagazine.pt\/\",\"logo\":{\"@type\":\"ImageObject\",\"inLanguage\":\"pt-PT\",\"@id\":\"http:\/\/maismagazine.pt\/#\/schema\/logo\/image\/\",\"url\":\"http:\/\/maismagazine.pt\/wp-content\/uploads\/2020\/04\/cropped-cropped-mais-magazine-site-logo-2.png\",\"contentUrl\":\"http:\/\/maismagazine.pt\/wp-content\/uploads\/2020\/04\/cropped-cropped-mais-magazine-site-logo-2.png\",\"width\":581,\"height\":90,\"caption\":\"Mais Magazine\"},\"image\":{\"@id\":\"http:\/\/maismagazine.pt\/#\/schema\/logo\/image\/\"}},{\"@type\":\"Person\",\"@id\":\"http:\/\/maismagazine.pt\/#\/schema\/person\/c6c5bfccc886434cbd11c74e035f9646\",\"name\":\"Tiago Costa\",\"image\":{\"@type\":\"ImageObject\",\"inLanguage\":\"pt-PT\",\"@id\":\"http:\/\/maismagazine.pt\/#\/schema\/person\/image\/\",\"url\":\"https:\/\/secure.gravatar.com\/avatar\/c599b2bce16c9870429198cbad5ee022?s=96&d=mm&r=g\",\"contentUrl\":\"https:\/\/secure.gravatar.com\/avatar\/c599b2bce16c9870429198cbad5ee022?s=96&d=mm&r=g\",\"caption\":\"Tiago Costa\"},\"url\":\"http:\/\/maismagazine.pt\/index.php\/author\/tiago\/\"}]}<\/script>\n<!-- \/ Yoast SEO plugin. -->","yoast_head_json":{"title":"Externato Santa Margarida: \u201cEducar para Ser Mais\u201d - Mais Magazine","description":"Com sede em Gondomar, o Externato de Santa Margarida, pertencente \u00e0 Prov\u00edncia Portuguesa das Franciscanas Mission\u00e1rias de Nossa Senhora (FMNS), \u00e9 um estabelecimento de ensino com educa\u00e7\u00e3o pr\u00e9-escolar e primeiro ciclo do ensino b\u00e1sico. Baseado em princ\u00edpios crist\u00e3os e focado no desenvolvimento de compet\u00eancias sociais, esta institui\u00e7\u00e3o de ensino diferencia-se pela sua aposta numa educa\u00e7\u00e3o que olha para o futuro dos alunos e para a necessidade destes deterem princ\u00edpios sociais que lhes permitam ser bons cidad\u00e3os.","robots":{"index":"index","follow":"follow","max-snippet":"max-snippet:-1","max-image-preview":"max-image-preview:large","max-video-preview":"max-video-preview:-1"},"canonical":"http:\/\/maismagazine.pt\/index.php\/2023\/02\/24\/externato-santa-margarida-educar-para-ser-mais\/","og_locale":"pt_PT","og_type":"article","og_title":"Externato Santa Margarida: \u201cEducar para Ser Mais\u201d - Mais Magazine","og_description":"Com sede em Gondomar, o Externato de Santa Margarida, pertencente \u00e0 Prov\u00edncia Portuguesa das Franciscanas Mission\u00e1rias de Nossa Senhora (FMNS), \u00e9 um estabelecimento de ensino com educa\u00e7\u00e3o pr\u00e9-escolar e primeiro ciclo do ensino b\u00e1sico. Baseado em princ\u00edpios crist\u00e3os e focado no desenvolvimento de compet\u00eancias sociais, esta institui\u00e7\u00e3o de ensino diferencia-se pela sua aposta numa educa\u00e7\u00e3o que olha para o futuro dos alunos e para a necessidade destes deterem princ\u00edpios sociais que lhes permitam ser bons cidad\u00e3os.","og_url":"http:\/\/maismagazine.pt\/index.php\/2023\/02\/24\/externato-santa-margarida-educar-para-ser-mais\/","og_site_name":"Mais Magazine","article_published_time":"2023-02-24T07:00:00+00:00","og_image":[{"width":1024,"height":576,"url":"http:\/\/maismagazine.pt\/wp-content\/uploads\/2023\/02\/Captura-de-Ecra-7-1024x576.png","type":"image\/png"}],"author":"Tiago Costa","twitter_card":"summary_large_image","twitter_misc":{"Escrito por":false,"Tempo estimado de leitura":"4 minutos"},"schema":{"@context":"https:\/\/schema.org","@graph":[{"@type":"Article","@id":"http:\/\/maismagazine.pt\/index.php\/2023\/02\/24\/externato-santa-margarida-educar-para-ser-mais\/#article","isPartOf":{"@id":"http:\/\/maismagazine.pt\/index.php\/2023\/02\/24\/externato-santa-margarida-educar-para-ser-mais\/"},"author":{"name":"Tiago Costa","@id":"http:\/\/maismagazine.pt\/#\/schema\/person\/c6c5bfccc886434cbd11c74e035f9646"},"headline":"Externato Santa Margarida: \u201cEducar para Ser Mais\u201d","datePublished":"2023-02-24T07:00:00+00:00","mainEntityOfPage":{"@id":"http:\/\/maismagazine.pt\/index.php\/2023\/02\/24\/externato-santa-margarida-educar-para-ser-mais\/"},"wordCount":775,"publisher":{"@id":"http:\/\/maismagazine.pt\/#organization"},"image":{"@id":"http:\/\/maismagazine.pt\/index.php\/2023\/02\/24\/externato-santa-margarida-educar-para-ser-mais\/#primaryimage"},"thumbnailUrl":"http:\/\/maismagazine.pt\/wp-content\/uploads\/2023\/02\/Captura-de-Ecra-7.png","keywords":["Educa\u00e7\u00e3o","ensini","Externato Santa Margarida","Franciscanas Mission\u00e1rias de Nossa Senhora"],"articleSection":["Educa\u00e7\u00e3o"],"inLanguage":"pt-PT"},{"@type":"WebPage","@id":"http:\/\/maismagazine.pt\/index.php\/2023\/02\/24\/externato-santa-margarida-educar-para-ser-mais\/","url":"http:\/\/maismagazine.pt\/index.php\/2023\/02\/24\/externato-santa-margarida-educar-para-ser-mais\/","name":"Externato Santa Margarida: \u201cEducar para Ser Mais\u201d - Mais Magazine","isPartOf":{"@id":"http:\/\/maismagazine.pt\/#website"},"primaryImageOfPage":{"@id":"http:\/\/maismagazine.pt\/index.php\/2023\/02\/24\/externato-santa-margarida-educar-para-ser-mais\/#primaryimage"},"image":{"@id":"http:\/\/maismagazine.pt\/index.php\/2023\/02\/24\/externato-santa-margarida-educar-para-ser-mais\/#primaryimage"},"thumbnailUrl":"http:\/\/maismagazine.pt\/wp-content\/uploads\/2023\/02\/Captura-de-Ecra-7.png","datePublished":"2023-02-24T07:00:00+00:00","description":"Com sede em Gondomar, o Externato de Santa Margarida, pertencente \u00e0 Prov\u00edncia Portuguesa das Franciscanas Mission\u00e1rias de Nossa Senhora (FMNS), \u00e9 um estabelecimento de ensino com educa\u00e7\u00e3o pr\u00e9-escolar e primeiro ciclo do ensino b\u00e1sico. Baseado em princ\u00edpios crist\u00e3os e focado no desenvolvimento de compet\u00eancias sociais, esta institui\u00e7\u00e3o de ensino diferencia-se pela sua aposta numa educa\u00e7\u00e3o que olha para o futuro dos alunos e para a necessidade destes deterem princ\u00edpios sociais que lhes permitam ser bons cidad\u00e3os.","breadcrumb":{"@id":"http:\/\/maismagazine.pt\/index.php\/2023\/02\/24\/externato-santa-margarida-educar-para-ser-mais\/#breadcrumb"},"inLanguage":"pt-PT","potentialAction":[{"@type":"ReadAction","target":["http:\/\/maismagazine.pt\/index.php\/2023\/02\/24\/externato-santa-margarida-educar-para-ser-mais\/"]}]},{"@type":"ImageObject","inLanguage":"pt-PT","@id":"http:\/\/maismagazine.pt\/index.php\/2023\/02\/24\/externato-santa-margarida-educar-para-ser-mais\/#primaryimage","url":"http:\/\/maismagazine.pt\/wp-content\/uploads\/2023\/02\/Captura-de-Ecra-7.png","contentUrl":"http:\/\/maismagazine.pt\/wp-content\/uploads\/2023\/02\/Captura-de-Ecra-7.png","width":1920,"height":1080},{"@type":"BreadcrumbList","@id":"http:\/\/maismagazine.pt\/index.php\/2023\/02\/24\/externato-santa-margarida-educar-para-ser-mais\/#breadcrumb","itemListElement":[{"@type":"ListItem","position":1,"name":"Home","item":"http:\/\/maismagazine.pt\/"},{"@type":"ListItem","position":2,"name":"Externato Santa Margarida: \u201cEducar para Ser Mais\u201d"}]},{"@type":"WebSite","@id":"http:\/\/maismagazine.pt\/#website","url":"http:\/\/maismagazine.pt\/","name":"Mais Magazine","description":"","publisher":{"@id":"http:\/\/maismagazine.pt\/#organization"},"potentialAction":[{"@type":"SearchAction","target":{"@type":"EntryPoint","urlTemplate":"http:\/\/maismagazine.pt\/?s={search_term_string}"},"query-input":{"@type":"PropertyValueSpecification","valueRequired":true,"valueName":"search_term_string"}}],"inLanguage":"pt-PT"},{"@type":"Organization","@id":"http:\/\/maismagazine.pt\/#organization","name":"Mais Magazine","url":"http:\/\/maismagazine.pt\/","logo":{"@type":"ImageObject","inLanguage":"pt-PT","@id":"http:\/\/maismagazine.pt\/#\/schema\/logo\/image\/","url":"http:\/\/maismagazine.pt\/wp-content\/uploads\/2020\/04\/cropped-cropped-mais-magazine-site-logo-2.png","contentUrl":"http:\/\/maismagazine.pt\/wp-content\/uploads\/2020\/04\/cropped-cropped-mais-magazine-site-logo-2.png","width":581,"height":90,"caption":"Mais Magazine"},"image":{"@id":"http:\/\/maismagazine.pt\/#\/schema\/logo\/image\/"}},{"@type":"Person","@id":"http:\/\/maismagazine.pt\/#\/schema\/person\/c6c5bfccc886434cbd11c74e035f9646","name":"Tiago Costa","image":{"@type":"ImageObject","inLanguage":"pt-PT","@id":"http:\/\/maismagazine.pt\/#\/schema\/person\/image\/","url":"https:\/\/secure.gravatar.com\/avatar\/c599b2bce16c9870429198cbad5ee022?s=96&d=mm&r=g","contentUrl":"https:\/\/secure.gravatar.com\/avatar\/c599b2bce16c9870429198cbad5ee022?s=96&d=mm&r=g","caption":"Tiago Costa"},"url":"http:\/\/maismagazine.pt\/index.php\/author\/tiago\/"}]}},"author_meta":{"display_name":false,"author_link":"http:\/\/maismagazine.pt\/index.php\/author\/tiago\/"},"featured_img":"http:\/\/maismagazine.pt\/wp-content\/uploads\/2023\/02\/Captura-de-Ecra-7-300x169.png","coauthors":[],"tax_additional":{"categories":{"linked":["<a href=\"http:\/\/maismagazine.pt\/index.php\/category\/educacao\/\" class=\"advgb-post-tax-term\">Educa\u00e7\u00e3o<\/a>"],"unlinked":["<span class=\"advgb-post-tax-term\">Educa\u00e7\u00e3o<\/span>"]},"tags":{"linked":["<a href=\"http:\/\/maismagazine.pt\/index.php\/category\/educacao\/\" class=\"advgb-post-tax-term\">Educa\u00e7\u00e3o<\/a>","<a href=\"http:\/\/maismagazine.pt\/index.php\/category\/educacao\/\" class=\"advgb-post-tax-term\">ensini<\/a>","<a href=\"http:\/\/maismagazine.pt\/index.php\/category\/educacao\/\" class=\"advgb-post-tax-term\">Externato Santa Margarida<\/a>","<a href=\"http:\/\/maismagazine.pt\/index.php\/category\/educacao\/\" class=\"advgb-post-tax-term\">Franciscanas Mission\u00e1rias de Nossa Senhora<\/a>"],"unlinked":["<span class=\"advgb-post-tax-term\">Educa\u00e7\u00e3o<\/span>","<span class=\"advgb-post-tax-term\">ensini<\/span>","<span class=\"advgb-post-tax-term\">Externato Santa Margarida<\/span>","<span class=\"advgb-post-tax-term\">Franciscanas Mission\u00e1rias de Nossa Senhora<\/span>"]}},"comment_count":"0","relative_dates":{"created":"Posted 3 anos ago","modified":"Updated 3 anos ago"},"absolute_dates":{"created":"Posted on 24 de Fevereiro, 2023","modified":"Updated on 16 de Fevereiro, 2023"},"absolute_dates_time":{"created":"Posted on 24 de Fevereiro, 2023 7:00","modified":"Updated on 16 de Fevereiro, 2023 11:37"},"featured_img_caption":"","series_order":"","_links":{"self":[{"href":"http:\/\/maismagazine.pt\/index.php\/wp-json\/wp\/v2\/posts\/5757","targetHints":{"allow":["GET"]}}],"collection":[{"href":"http:\/\/maismagazine.pt\/index.php\/wp-json\/wp\/v2\/posts"}],"about":[{"href":"http:\/\/maismagazine.pt\/index.php\/wp-json\/wp\/v2\/types\/post"}],"author":[{"embeddable":true,"href":"http:\/\/maismagazine.pt\/index.php\/wp-json\/wp\/v2\/users\/17"}],"replies":[{"embeddable":true,"href":"http:\/\/maismagazine.pt\/index.php\/wp-json\/wp\/v2\/comments?post=5757"}],"version-history":[{"count":1,"href":"http:\/\/maismagazine.pt\/index.php\/wp-json\/wp\/v2\/posts\/5757\/revisions"}],"predecessor-version":[{"id":5764,"href":"http:\/\/maismagazine.pt\/index.php\/wp-json\/wp\/v2\/posts\/5757\/revisions\/5764"}],"wp:featuredmedia":[{"embeddable":true,"href":"http:\/\/maismagazine.pt\/index.php\/wp-json\/wp\/v2\/media\/5763"}],"wp:attachment":[{"href":"http:\/\/maismagazine.pt\/index.php\/wp-json\/wp\/v2\/media?parent=5757"}],"wp:term":[{"taxonomy":"category","embeddable":true,"href":"http:\/\/maismagazine.pt\/index.php\/wp-json\/wp\/v2\/categories?post=5757"},{"taxonomy":"post_tag","embeddable":true,"href":"http:\/\/maismagazine.pt\/index.php\/wp-json\/wp\/v2\/tags?post=5757"}],"curies":[{"name":"wp","href":"https:\/\/api.w.org\/{rel}","templated":true}]}}