{"id":5745,"date":"2023-02-24T07:00:00","date_gmt":"2023-02-24T07:00:00","guid":{"rendered":"https:\/\/maismagazine.pt\/?p=5745"},"modified":"2023-02-16T11:31:12","modified_gmt":"2023-02-16T11:31:12","slug":"colegio-internato-dos-carvalhos-um-projeto-educativo-focado-no-futuro-dos-seus-alunos","status":"publish","type":"post","link":"http:\/\/maismagazine.pt\/index.php\/2023\/02\/24\/colegio-internato-dos-carvalhos-um-projeto-educativo-focado-no-futuro-dos-seus-alunos\/","title":{"rendered":"Col\u00e9gio Internato dos Carvalhos: Um projeto educativo focado no futuro dos seus alunos"},"content":{"rendered":"\n<p><strong>Fundado em 1907, o <a href=\"http:\/\/www.cic.pt\">Col\u00e9gio Internato dos Carvalhos<\/a>, que tem como Entidade Titular a Congrega\u00e7\u00e3o dos Mission\u00e1rios Claretianos, olha para a educa\u00e7\u00e3o como um processo fulcral para o sucesso futuro de cada um dos seus estudantes. Aliando o ensino de valores humanos \u00e0s compet\u00eancias transversais e do conhecimento, esta institui\u00e7\u00e3o aposta numa forma\u00e7\u00e3o geral, cient\u00edfica e tecnol\u00f3gica de qualidade que tenha j\u00e1 em vista a melhor integra\u00e7\u00e3o dos alunos quer no ensino superior, quer no mercado de trabalho.<\/strong><\/p>\n\n\n\n<p><\/p>\n\n\n\n<p>Localizado na freguesia de Pedroso, em Vila Nova de Gaia, o Col\u00e9gio Internato dos Carvalhos tem uma oferta educativa de 13 cursos que abrangem cinco \u00e1reas de forma\u00e7\u00e3o distintas (ci\u00eancias e sa\u00fade, ci\u00eancias e tecnologias, ci\u00eancias sociais e humanas, ci\u00eancias econ\u00f3micas e artes gr\u00e1ficas). Ap\u00f3s a sua conclus\u00e3o, todos estes cursos conferem aos alunos uma dupla certifica\u00e7\u00e3o: de ensino secund\u00e1rio e de n\u00edvel quatro do Quadro Nacional de Qualifica\u00e7\u00f5es (QNQ). Com uma forte aposta em metodologias ativas, que permitem ao aluno ter um papel central no processo de aprendizagem, o col\u00e9gio desenvolve um ensino focado na forma\u00e7\u00e3o s\u00f3lida e geral, ao n\u00edvel dos cursos cient\u00edfico-human\u00edsticos, juntamente com uma completa forma\u00e7\u00e3o tecnol\u00f3gica, com um car\u00e1cter pr\u00e1tico, pr\u00f3ximo da realidade empresarial e alicer\u00e7ado nos ide\u00e1rios dos Col\u00e9gios Claretianos. \u00c9, por isso, um projeto educativo que pretende olhar para o futuro de cada um dos estudantes, fornecendo-lhes ferramentas e compet\u00eancias humanas, cient\u00edficas e tecnol\u00f3gicas, que sejam uma mais-valia no ensino acad\u00e9mico e no mercado de trabalho.<\/p>\n\n\n\n<p><\/p>\n\n\n\n<p><strong>Uma institui\u00e7\u00e3o que olha para o futuro dos seus alunos<\/strong><\/p>\n\n\n\n<p>Ciente dos desafios que podem ser encontrados no ingresso no ensino superior, esta institui\u00e7\u00e3o de ensino tem ao dispor dos estudantes o Gabinete de Psicologia do CIC. Um gabinete formado por dois psic\u00f3logos que t\u00eam a miss\u00e3o de, regularmente, trabalhar com todos os alunos do CIC quest\u00f5es ligadas ao prosseguimento de estudos no ensino superior, bem como sobre a multiplicidade de ofertas para que, no momento da escolha, se sintam confort\u00e1veis para fazer as escolhas conscientes que mais se adequam aos seus perfis. Ainda neste \u00e2mbito, o Col\u00e9gi Internato dos Carvalhos aposta em metodologias de ensino que ajudem os alunos a terem maior consci\u00eancia para a sua futura profiss\u00e3o, pois, no 10.\u00ba ano, os alunos escolhem uma das cinco \u00e1reas de estudo para, no final do ano, escolherem um dos cursos dessa \u00e1rea a frequentarem no 11.\u00ba e 12.\u00ba anos. Para al\u00e9m disso, no final do 10.\u00ba ano, os alunos escolhem, tamb\u00e9m, uma das duas vias dispon\u00edveis, cient\u00edfica ou tecnol\u00f3gica, tendo esta um refor\u00e7o das disciplinas da componente tecnol\u00f3gica e uma experi\u00eancia em contexto de trabalho, no 12.\u00ba ano.  O CIC conta com protocolos de coopera\u00e7\u00e3o com cerca de 200 entidades (empresas, autarquias, institui\u00e7\u00f5es educativas, associa\u00e7\u00f5es e ONG), que s\u00e3o uma importante ferramenta para o enriquecimento do quadro de compet\u00eancias dos alunos do 12.\u00ba ano. Para tal, os estudantes deste ano de escolaridade participam numa experi\u00eancia de 400 horas de Forma\u00e7\u00e3o em Contexto de Trabalho (FCT), partilhando novos conhecimentos cient\u00edficos e tecnol\u00f3gicos. O col\u00e9gio oferece aos estudantes ainda a oportunidade de participar em projetos de interc\u00e2mbio internacional, tais como Erasmus+ e confer\u00eancias Model United Nations (MUN) e um projeto de forma\u00e7\u00e3o humana, designado SER+. <\/p>\n\n\n\n<p><\/p>\n\n\n\n<p><\/p>\n\n\n\n<figure class=\"wp-block-gallery columns-1 is-cropped wp-block-gallery-1\"><ul class=\"blocks-gallery-grid\"><li class=\"blocks-gallery-item\"><figure><img loading=\"lazy\" decoding=\"async\" width=\"1024\" height=\"682\" src=\"https:\/\/maismagazine.pt\/wp-content\/uploads\/2023\/02\/IMG_6409.jpg\" alt=\"\" data-id=\"5749\" data-full-url=\"https:\/\/maismagazine.pt\/wp-content\/uploads\/2023\/02\/IMG_6409.jpg\" data-link=\"https:\/\/maismagazine.pt\/?attachment_id=5749\" class=\"wp-image-5749 is-layout-flex wp-block-gallery-is-layout-flex\" srcset=\"http:\/\/maismagazine.pt\/wp-content\/uploads\/2023\/02\/IMG_6409.jpg 1024w, http:\/\/maismagazine.pt\/wp-content\/uploads\/2023\/02\/IMG_6409-300x200.jpg 300w, http:\/\/maismagazine.pt\/wp-content\/uploads\/2023\/02\/IMG_6409-768x512.jpg 768w, http:\/\/maismagazine.pt\/wp-content\/uploads\/2023\/02\/IMG_6409-150x100.jpg 150w\" sizes=\"auto, (max-width: 1024px) 100vw, 1024px\" \/><\/figure><\/li><\/ul><\/figure>\n\n\n\n<p><\/p>\n\n\n\n<p><strong>Um col\u00e9gio distinguido pela sua qualidade de ensino<\/strong><\/p>\n\n\n\n<p>Prova do sucesso das metodologias de ensino colocadas em pr\u00e1tica pelo col\u00e9gio \u00e9 o reconhecimento pelo selo EQAVET, um sistema de garantia da qualidade do ensino prestado pela institui\u00e7\u00e3o, que valida a efici\u00eancia das mesmas e que refor\u00e7a a imagem de qualidade constru\u00edda ao longo dos 115 anos de atividade. O CIC \u00e9 ainda detentor do selo \u201cSaud\u00e1velMente\u201d, que identifica as escolas com boas pr\u00e1ticas em sa\u00fade psicol\u00f3gica, uma \u00e1rea em que o col\u00e9gio tem vindo sempre a procurar adotar uma abordagem compreensiva e hol\u00edstica, pois \u00e9 imperativo aumentar os fatores de prote\u00e7\u00e3o da sa\u00fade psicol\u00f3gica e de capacita\u00e7\u00e3o dos alunos para lidar com os desafios com que s\u00e3o confrontados no seu dia a dia. Neste sentido, o col\u00e9gio desenvolve algumas incitavas, tal como a implementa\u00e7\u00e3o universal, junto de todas as turmas, de projetos de preven\u00e7\u00e3o e de a\u00e7\u00e3o direta (efetuado por tutores, psic\u00f3logos e pelos monitores do Projeto SER+), nos quais se procura o desenvolvimento e promo\u00e7\u00e3o de compet\u00eancias pessoais, sociais e socio emocionais dos alunos, a melhoria dos seus processos de gest\u00e3o emocional e a identifica\u00e7\u00e3o e resposta, o mais contingente poss\u00edvel, \u00e0s necessidades que os alunos v\u00e3o revelando. Para o futuro, o Col\u00e9gio Internato dos Carvalhos promete continuar a alargar a rede de parceiros, de modo a manter a qualidade e a atualidade dos cursos e, assim, garantir a capacidade de responder \u00e0s necessidades de quem recebe os alunos, sejam institui\u00e7\u00f5es do ensino superior ou entidades do mercado de trabalho.<\/p>\n\n\n\n<p><\/p>\n\n\n\n<figure class=\"wp-block-gallery columns-1 is-cropped wp-block-gallery-2\"><ul class=\"blocks-gallery-grid\"><li class=\"blocks-gallery-item\"><figure><img loading=\"lazy\" decoding=\"async\" width=\"1024\" height=\"208\" src=\"https:\/\/maismagazine.pt\/wp-content\/uploads\/2023\/02\/POCH-1024x208.jpg\" alt=\"\" data-id=\"5752\" data-full-url=\"https:\/\/maismagazine.pt\/wp-content\/uploads\/2023\/02\/POCH-scaled.jpg\" data-link=\"https:\/\/maismagazine.pt\/?attachment_id=5752\" class=\"wp-image-5752 is-layout-flex wp-block-gallery-is-layout-flex\" srcset=\"http:\/\/maismagazine.pt\/wp-content\/uploads\/2023\/02\/POCH-1024x208.jpg 1024w, http:\/\/maismagazine.pt\/wp-content\/uploads\/2023\/02\/POCH-300x61.jpg 300w, http:\/\/maismagazine.pt\/wp-content\/uploads\/2023\/02\/POCH-768x156.jpg 768w, http:\/\/maismagazine.pt\/wp-content\/uploads\/2023\/02\/POCH-1536x311.jpg 1536w, http:\/\/maismagazine.pt\/wp-content\/uploads\/2023\/02\/POCH-2048x415.jpg 2048w\" sizes=\"auto, (max-width: 1024px) 100vw, 1024px\" \/><\/figure><\/li><\/ul><\/figure>\n\n\n\n<p><\/p>\n","protected":false},"excerpt":{"rendered":"<p>Fundado em 1907, o Col\u00e9gio Internato dos Carvalhos, que tem como Entidade Titular a Congrega\u00e7\u00e3o dos Mission\u00e1rios Claretianos, olha para a educa\u00e7\u00e3o como um processo fulcral para o sucesso futuro de cada um dos seus estudantes. Aliando o ensino de valores humanos \u00e0s compet\u00eancias transversais e do conhecimento, esta institui\u00e7\u00e3o&hellip;<\/p>\n","protected":false},"author":17,"featured_media":5755,"comment_status":"closed","ping_status":"open","sticky":false,"template":"","format":"standard","meta":{"advgb_blocks_editor_width":"","advgb_blocks_columns_visual_guide":"","_monsterinsights_skip_tracking":false,"_monsterinsights_sitenote_active":false,"_monsterinsights_sitenote_note":"","_monsterinsights_sitenote_category":0,"footnotes":""},"categories":[149],"tags":[1317,525,521,1318],"class_list":["post-5745","post","type-post","status-publish","format-standard","has-post-thumbnail","hentry","category-educacao","tag-colegio-internato-dos-carvalhos","tag-educacao","tag-ensino","tag-missionarios-claretianos"],"yoast_head":"<!-- This site is optimized with the Yoast SEO plugin v24.4 - https:\/\/yoast.com\/wordpress\/plugins\/seo\/ -->\n<title>Col\u00e9gio Internato dos Carvalhos: Um projeto educativo focado no futuro dos seus alunos - Mais Magazine<\/title>\n<meta name=\"description\" content=\"Fundado em 1907, o Col\u00e9gio Internato dos Carvalhos, que tem como Entidade Titular a Congrega\u00e7\u00e3o dos Mission\u00e1rios Claretianos, olha para a educa\u00e7\u00e3o como um processo fulcral para o sucesso futuro de cada um dos seus estudantes. Aliando o ensino de valores humanos \u00e0s compet\u00eancias transversais e do conhecimento, esta institui\u00e7\u00e3o aposta numa forma\u00e7\u00e3o geral, cient\u00edfica e tecnol\u00f3gica de qualidade que tenha j\u00e1 em vista a melhor integra\u00e7\u00e3o dos alunos quer no ensino superior, quer no mercado de trabalho.\" \/>\n<meta name=\"robots\" content=\"index, follow, max-snippet:-1, max-image-preview:large, max-video-preview:-1\" \/>\n<link rel=\"canonical\" href=\"http:\/\/maismagazine.pt\/index.php\/2023\/02\/24\/colegio-internato-dos-carvalhos-um-projeto-educativo-focado-no-futuro-dos-seus-alunos\/\" \/>\n<meta property=\"og:locale\" content=\"pt_PT\" \/>\n<meta property=\"og:type\" content=\"article\" \/>\n<meta property=\"og:title\" content=\"Col\u00e9gio Internato dos Carvalhos: Um projeto educativo focado no futuro dos seus alunos - Mais Magazine\" \/>\n<meta property=\"og:description\" content=\"Fundado em 1907, o Col\u00e9gio Internato dos Carvalhos, que tem como Entidade Titular a Congrega\u00e7\u00e3o dos Mission\u00e1rios Claretianos, olha para a educa\u00e7\u00e3o como um processo fulcral para o sucesso futuro de cada um dos seus estudantes. Aliando o ensino de valores humanos \u00e0s compet\u00eancias transversais e do conhecimento, esta institui\u00e7\u00e3o aposta numa forma\u00e7\u00e3o geral, cient\u00edfica e tecnol\u00f3gica de qualidade que tenha j\u00e1 em vista a melhor integra\u00e7\u00e3o dos alunos quer no ensino superior, quer no mercado de trabalho.\" \/>\n<meta property=\"og:url\" content=\"http:\/\/maismagazine.pt\/index.php\/2023\/02\/24\/colegio-internato-dos-carvalhos-um-projeto-educativo-focado-no-futuro-dos-seus-alunos\/\" \/>\n<meta property=\"og:site_name\" content=\"Mais Magazine\" \/>\n<meta property=\"article:published_time\" content=\"2023-02-24T07:00:00+00:00\" \/>\n<meta property=\"og:image\" content=\"http:\/\/maismagazine.pt\/wp-content\/uploads\/2023\/02\/Foto-Aerea-Low-scaled.jpg\" \/>\n\t<meta property=\"og:image:width\" content=\"2560\" \/>\n\t<meta property=\"og:image:height\" content=\"1440\" \/>\n\t<meta property=\"og:image:type\" content=\"image\/jpeg\" \/>\n<meta name=\"author\" content=\"Tiago Costa\" \/>\n<meta name=\"twitter:card\" content=\"summary_large_image\" \/>\n<meta name=\"twitter:label1\" content=\"Escrito por\" \/>\n\t<meta name=\"twitter:data1\" content=\"\" \/>\n\t<meta name=\"twitter:label2\" content=\"Tempo estimado de leitura\" \/>\n\t<meta name=\"twitter:data2\" content=\"4 minutos\" \/>\n<script type=\"application\/ld+json\" class=\"yoast-schema-graph\">{\"@context\":\"https:\/\/schema.org\",\"@graph\":[{\"@type\":\"Article\",\"@id\":\"http:\/\/maismagazine.pt\/index.php\/2023\/02\/24\/colegio-internato-dos-carvalhos-um-projeto-educativo-focado-no-futuro-dos-seus-alunos\/#article\",\"isPartOf\":{\"@id\":\"http:\/\/maismagazine.pt\/index.php\/2023\/02\/24\/colegio-internato-dos-carvalhos-um-projeto-educativo-focado-no-futuro-dos-seus-alunos\/\"},\"author\":{\"name\":\"Tiago Costa\",\"@id\":\"http:\/\/maismagazine.pt\/#\/schema\/person\/c6c5bfccc886434cbd11c74e035f9646\"},\"headline\":\"Col\u00e9gio Internato dos Carvalhos: Um projeto educativo focado no futuro dos seus alunos\",\"datePublished\":\"2023-02-24T07:00:00+00:00\",\"mainEntityOfPage\":{\"@id\":\"http:\/\/maismagazine.pt\/index.php\/2023\/02\/24\/colegio-internato-dos-carvalhos-um-projeto-educativo-focado-no-futuro-dos-seus-alunos\/\"},\"wordCount\":880,\"publisher\":{\"@id\":\"http:\/\/maismagazine.pt\/#organization\"},\"image\":{\"@id\":\"http:\/\/maismagazine.pt\/index.php\/2023\/02\/24\/colegio-internato-dos-carvalhos-um-projeto-educativo-focado-no-futuro-dos-seus-alunos\/#primaryimage\"},\"thumbnailUrl\":\"http:\/\/maismagazine.pt\/wp-content\/uploads\/2023\/02\/Foto-Aerea-Low-scaled.jpg\",\"keywords\":[\"Col\u00e9gio Internato dos Carvalhos\",\"Educa\u00e7\u00e3o\",\"Ensino\",\"Mission\u00e1rios Claretianos\"],\"articleSection\":[\"Educa\u00e7\u00e3o\"],\"inLanguage\":\"pt-PT\"},{\"@type\":\"WebPage\",\"@id\":\"http:\/\/maismagazine.pt\/index.php\/2023\/02\/24\/colegio-internato-dos-carvalhos-um-projeto-educativo-focado-no-futuro-dos-seus-alunos\/\",\"url\":\"http:\/\/maismagazine.pt\/index.php\/2023\/02\/24\/colegio-internato-dos-carvalhos-um-projeto-educativo-focado-no-futuro-dos-seus-alunos\/\",\"name\":\"Col\u00e9gio Internato dos Carvalhos: Um projeto educativo focado no futuro dos seus alunos - Mais Magazine\",\"isPartOf\":{\"@id\":\"http:\/\/maismagazine.pt\/#website\"},\"primaryImageOfPage\":{\"@id\":\"http:\/\/maismagazine.pt\/index.php\/2023\/02\/24\/colegio-internato-dos-carvalhos-um-projeto-educativo-focado-no-futuro-dos-seus-alunos\/#primaryimage\"},\"image\":{\"@id\":\"http:\/\/maismagazine.pt\/index.php\/2023\/02\/24\/colegio-internato-dos-carvalhos-um-projeto-educativo-focado-no-futuro-dos-seus-alunos\/#primaryimage\"},\"thumbnailUrl\":\"http:\/\/maismagazine.pt\/wp-content\/uploads\/2023\/02\/Foto-Aerea-Low-scaled.jpg\",\"datePublished\":\"2023-02-24T07:00:00+00:00\",\"description\":\"Fundado em 1907, o Col\u00e9gio Internato dos Carvalhos, que tem como Entidade Titular a Congrega\u00e7\u00e3o dos Mission\u00e1rios Claretianos, olha para a educa\u00e7\u00e3o como um processo fulcral para o sucesso futuro de cada um dos seus estudantes. Aliando o ensino de valores humanos \u00e0s compet\u00eancias transversais e do conhecimento, esta institui\u00e7\u00e3o aposta numa forma\u00e7\u00e3o geral, cient\u00edfica e tecnol\u00f3gica de qualidade que tenha j\u00e1 em vista a melhor integra\u00e7\u00e3o dos alunos quer no ensino superior, quer no mercado de trabalho.\",\"breadcrumb\":{\"@id\":\"http:\/\/maismagazine.pt\/index.php\/2023\/02\/24\/colegio-internato-dos-carvalhos-um-projeto-educativo-focado-no-futuro-dos-seus-alunos\/#breadcrumb\"},\"inLanguage\":\"pt-PT\",\"potentialAction\":[{\"@type\":\"ReadAction\",\"target\":[\"http:\/\/maismagazine.pt\/index.php\/2023\/02\/24\/colegio-internato-dos-carvalhos-um-projeto-educativo-focado-no-futuro-dos-seus-alunos\/\"]}]},{\"@type\":\"ImageObject\",\"inLanguage\":\"pt-PT\",\"@id\":\"http:\/\/maismagazine.pt\/index.php\/2023\/02\/24\/colegio-internato-dos-carvalhos-um-projeto-educativo-focado-no-futuro-dos-seus-alunos\/#primaryimage\",\"url\":\"http:\/\/maismagazine.pt\/wp-content\/uploads\/2023\/02\/Foto-Aerea-Low-scaled.jpg\",\"contentUrl\":\"http:\/\/maismagazine.pt\/wp-content\/uploads\/2023\/02\/Foto-Aerea-Low-scaled.jpg\",\"width\":2560,\"height\":1440},{\"@type\":\"BreadcrumbList\",\"@id\":\"http:\/\/maismagazine.pt\/index.php\/2023\/02\/24\/colegio-internato-dos-carvalhos-um-projeto-educativo-focado-no-futuro-dos-seus-alunos\/#breadcrumb\",\"itemListElement\":[{\"@type\":\"ListItem\",\"position\":1,\"name\":\"Home\",\"item\":\"http:\/\/maismagazine.pt\/\"},{\"@type\":\"ListItem\",\"position\":2,\"name\":\"Col\u00e9gio Internato dos Carvalhos: Um projeto educativo focado no futuro dos seus alunos\"}]},{\"@type\":\"WebSite\",\"@id\":\"http:\/\/maismagazine.pt\/#website\",\"url\":\"http:\/\/maismagazine.pt\/\",\"name\":\"Mais Magazine\",\"description\":\"\",\"publisher\":{\"@id\":\"http:\/\/maismagazine.pt\/#organization\"},\"potentialAction\":[{\"@type\":\"SearchAction\",\"target\":{\"@type\":\"EntryPoint\",\"urlTemplate\":\"http:\/\/maismagazine.pt\/?s={search_term_string}\"},\"query-input\":{\"@type\":\"PropertyValueSpecification\",\"valueRequired\":true,\"valueName\":\"search_term_string\"}}],\"inLanguage\":\"pt-PT\"},{\"@type\":\"Organization\",\"@id\":\"http:\/\/maismagazine.pt\/#organization\",\"name\":\"Mais Magazine\",\"url\":\"http:\/\/maismagazine.pt\/\",\"logo\":{\"@type\":\"ImageObject\",\"inLanguage\":\"pt-PT\",\"@id\":\"http:\/\/maismagazine.pt\/#\/schema\/logo\/image\/\",\"url\":\"http:\/\/maismagazine.pt\/wp-content\/uploads\/2020\/04\/cropped-cropped-mais-magazine-site-logo-2.png\",\"contentUrl\":\"http:\/\/maismagazine.pt\/wp-content\/uploads\/2020\/04\/cropped-cropped-mais-magazine-site-logo-2.png\",\"width\":581,\"height\":90,\"caption\":\"Mais Magazine\"},\"image\":{\"@id\":\"http:\/\/maismagazine.pt\/#\/schema\/logo\/image\/\"}},{\"@type\":\"Person\",\"@id\":\"http:\/\/maismagazine.pt\/#\/schema\/person\/c6c5bfccc886434cbd11c74e035f9646\",\"name\":\"Tiago Costa\",\"image\":{\"@type\":\"ImageObject\",\"inLanguage\":\"pt-PT\",\"@id\":\"http:\/\/maismagazine.pt\/#\/schema\/person\/image\/\",\"url\":\"https:\/\/secure.gravatar.com\/avatar\/c599b2bce16c9870429198cbad5ee022?s=96&d=mm&r=g\",\"contentUrl\":\"https:\/\/secure.gravatar.com\/avatar\/c599b2bce16c9870429198cbad5ee022?s=96&d=mm&r=g\",\"caption\":\"Tiago Costa\"},\"url\":\"http:\/\/maismagazine.pt\/index.php\/author\/tiago\/\"}]}<\/script>\n<!-- \/ Yoast SEO plugin. -->","yoast_head_json":{"title":"Col\u00e9gio Internato dos Carvalhos: Um projeto educativo focado no futuro dos seus alunos - Mais Magazine","description":"Fundado em 1907, o Col\u00e9gio Internato dos Carvalhos, que tem como Entidade Titular a Congrega\u00e7\u00e3o dos Mission\u00e1rios Claretianos, olha para a educa\u00e7\u00e3o como um processo fulcral para o sucesso futuro de cada um dos seus estudantes. Aliando o ensino de valores humanos \u00e0s compet\u00eancias transversais e do conhecimento, esta institui\u00e7\u00e3o aposta numa forma\u00e7\u00e3o geral, cient\u00edfica e tecnol\u00f3gica de qualidade que tenha j\u00e1 em vista a melhor integra\u00e7\u00e3o dos alunos quer no ensino superior, quer no mercado de trabalho.","robots":{"index":"index","follow":"follow","max-snippet":"max-snippet:-1","max-image-preview":"max-image-preview:large","max-video-preview":"max-video-preview:-1"},"canonical":"http:\/\/maismagazine.pt\/index.php\/2023\/02\/24\/colegio-internato-dos-carvalhos-um-projeto-educativo-focado-no-futuro-dos-seus-alunos\/","og_locale":"pt_PT","og_type":"article","og_title":"Col\u00e9gio Internato dos Carvalhos: Um projeto educativo focado no futuro dos seus alunos - Mais Magazine","og_description":"Fundado em 1907, o Col\u00e9gio Internato dos Carvalhos, que tem como Entidade Titular a Congrega\u00e7\u00e3o dos Mission\u00e1rios Claretianos, olha para a educa\u00e7\u00e3o como um processo fulcral para o sucesso futuro de cada um dos seus estudantes. Aliando o ensino de valores humanos \u00e0s compet\u00eancias transversais e do conhecimento, esta institui\u00e7\u00e3o aposta numa forma\u00e7\u00e3o geral, cient\u00edfica e tecnol\u00f3gica de qualidade que tenha j\u00e1 em vista a melhor integra\u00e7\u00e3o dos alunos quer no ensino superior, quer no mercado de trabalho.","og_url":"http:\/\/maismagazine.pt\/index.php\/2023\/02\/24\/colegio-internato-dos-carvalhos-um-projeto-educativo-focado-no-futuro-dos-seus-alunos\/","og_site_name":"Mais Magazine","article_published_time":"2023-02-24T07:00:00+00:00","og_image":[{"width":2560,"height":1440,"url":"http:\/\/maismagazine.pt\/wp-content\/uploads\/2023\/02\/Foto-Aerea-Low-scaled.jpg","type":"image\/jpeg"}],"author":"Tiago Costa","twitter_card":"summary_large_image","twitter_misc":{"Escrito por":false,"Tempo estimado de leitura":"4 minutos"},"schema":{"@context":"https:\/\/schema.org","@graph":[{"@type":"Article","@id":"http:\/\/maismagazine.pt\/index.php\/2023\/02\/24\/colegio-internato-dos-carvalhos-um-projeto-educativo-focado-no-futuro-dos-seus-alunos\/#article","isPartOf":{"@id":"http:\/\/maismagazine.pt\/index.php\/2023\/02\/24\/colegio-internato-dos-carvalhos-um-projeto-educativo-focado-no-futuro-dos-seus-alunos\/"},"author":{"name":"Tiago Costa","@id":"http:\/\/maismagazine.pt\/#\/schema\/person\/c6c5bfccc886434cbd11c74e035f9646"},"headline":"Col\u00e9gio Internato dos Carvalhos: Um projeto educativo focado no futuro dos seus alunos","datePublished":"2023-02-24T07:00:00+00:00","mainEntityOfPage":{"@id":"http:\/\/maismagazine.pt\/index.php\/2023\/02\/24\/colegio-internato-dos-carvalhos-um-projeto-educativo-focado-no-futuro-dos-seus-alunos\/"},"wordCount":880,"publisher":{"@id":"http:\/\/maismagazine.pt\/#organization"},"image":{"@id":"http:\/\/maismagazine.pt\/index.php\/2023\/02\/24\/colegio-internato-dos-carvalhos-um-projeto-educativo-focado-no-futuro-dos-seus-alunos\/#primaryimage"},"thumbnailUrl":"http:\/\/maismagazine.pt\/wp-content\/uploads\/2023\/02\/Foto-Aerea-Low-scaled.jpg","keywords":["Col\u00e9gio Internato dos Carvalhos","Educa\u00e7\u00e3o","Ensino","Mission\u00e1rios Claretianos"],"articleSection":["Educa\u00e7\u00e3o"],"inLanguage":"pt-PT"},{"@type":"WebPage","@id":"http:\/\/maismagazine.pt\/index.php\/2023\/02\/24\/colegio-internato-dos-carvalhos-um-projeto-educativo-focado-no-futuro-dos-seus-alunos\/","url":"http:\/\/maismagazine.pt\/index.php\/2023\/02\/24\/colegio-internato-dos-carvalhos-um-projeto-educativo-focado-no-futuro-dos-seus-alunos\/","name":"Col\u00e9gio Internato dos Carvalhos: Um projeto educativo focado no futuro dos seus alunos - Mais Magazine","isPartOf":{"@id":"http:\/\/maismagazine.pt\/#website"},"primaryImageOfPage":{"@id":"http:\/\/maismagazine.pt\/index.php\/2023\/02\/24\/colegio-internato-dos-carvalhos-um-projeto-educativo-focado-no-futuro-dos-seus-alunos\/#primaryimage"},"image":{"@id":"http:\/\/maismagazine.pt\/index.php\/2023\/02\/24\/colegio-internato-dos-carvalhos-um-projeto-educativo-focado-no-futuro-dos-seus-alunos\/#primaryimage"},"thumbnailUrl":"http:\/\/maismagazine.pt\/wp-content\/uploads\/2023\/02\/Foto-Aerea-Low-scaled.jpg","datePublished":"2023-02-24T07:00:00+00:00","description":"Fundado em 1907, o Col\u00e9gio Internato dos Carvalhos, que tem como Entidade Titular a Congrega\u00e7\u00e3o dos Mission\u00e1rios Claretianos, olha para a educa\u00e7\u00e3o como um processo fulcral para o sucesso futuro de cada um dos seus estudantes. Aliando o ensino de valores humanos \u00e0s compet\u00eancias transversais e do conhecimento, esta institui\u00e7\u00e3o aposta numa forma\u00e7\u00e3o geral, cient\u00edfica e tecnol\u00f3gica de qualidade que tenha j\u00e1 em vista a melhor integra\u00e7\u00e3o dos alunos quer no ensino superior, quer no mercado de trabalho.","breadcrumb":{"@id":"http:\/\/maismagazine.pt\/index.php\/2023\/02\/24\/colegio-internato-dos-carvalhos-um-projeto-educativo-focado-no-futuro-dos-seus-alunos\/#breadcrumb"},"inLanguage":"pt-PT","potentialAction":[{"@type":"ReadAction","target":["http:\/\/maismagazine.pt\/index.php\/2023\/02\/24\/colegio-internato-dos-carvalhos-um-projeto-educativo-focado-no-futuro-dos-seus-alunos\/"]}]},{"@type":"ImageObject","inLanguage":"pt-PT","@id":"http:\/\/maismagazine.pt\/index.php\/2023\/02\/24\/colegio-internato-dos-carvalhos-um-projeto-educativo-focado-no-futuro-dos-seus-alunos\/#primaryimage","url":"http:\/\/maismagazine.pt\/wp-content\/uploads\/2023\/02\/Foto-Aerea-Low-scaled.jpg","contentUrl":"http:\/\/maismagazine.pt\/wp-content\/uploads\/2023\/02\/Foto-Aerea-Low-scaled.jpg","width":2560,"height":1440},{"@type":"BreadcrumbList","@id":"http:\/\/maismagazine.pt\/index.php\/2023\/02\/24\/colegio-internato-dos-carvalhos-um-projeto-educativo-focado-no-futuro-dos-seus-alunos\/#breadcrumb","itemListElement":[{"@type":"ListItem","position":1,"name":"Home","item":"http:\/\/maismagazine.pt\/"},{"@type":"ListItem","position":2,"name":"Col\u00e9gio Internato dos Carvalhos: Um projeto educativo focado no futuro dos seus alunos"}]},{"@type":"WebSite","@id":"http:\/\/maismagazine.pt\/#website","url":"http:\/\/maismagazine.pt\/","name":"Mais Magazine","description":"","publisher":{"@id":"http:\/\/maismagazine.pt\/#organization"},"potentialAction":[{"@type":"SearchAction","target":{"@type":"EntryPoint","urlTemplate":"http:\/\/maismagazine.pt\/?s={search_term_string}"},"query-input":{"@type":"PropertyValueSpecification","valueRequired":true,"valueName":"search_term_string"}}],"inLanguage":"pt-PT"},{"@type":"Organization","@id":"http:\/\/maismagazine.pt\/#organization","name":"Mais Magazine","url":"http:\/\/maismagazine.pt\/","logo":{"@type":"ImageObject","inLanguage":"pt-PT","@id":"http:\/\/maismagazine.pt\/#\/schema\/logo\/image\/","url":"http:\/\/maismagazine.pt\/wp-content\/uploads\/2020\/04\/cropped-cropped-mais-magazine-site-logo-2.png","contentUrl":"http:\/\/maismagazine.pt\/wp-content\/uploads\/2020\/04\/cropped-cropped-mais-magazine-site-logo-2.png","width":581,"height":90,"caption":"Mais Magazine"},"image":{"@id":"http:\/\/maismagazine.pt\/#\/schema\/logo\/image\/"}},{"@type":"Person","@id":"http:\/\/maismagazine.pt\/#\/schema\/person\/c6c5bfccc886434cbd11c74e035f9646","name":"Tiago Costa","image":{"@type":"ImageObject","inLanguage":"pt-PT","@id":"http:\/\/maismagazine.pt\/#\/schema\/person\/image\/","url":"https:\/\/secure.gravatar.com\/avatar\/c599b2bce16c9870429198cbad5ee022?s=96&d=mm&r=g","contentUrl":"https:\/\/secure.gravatar.com\/avatar\/c599b2bce16c9870429198cbad5ee022?s=96&d=mm&r=g","caption":"Tiago Costa"},"url":"http:\/\/maismagazine.pt\/index.php\/author\/tiago\/"}]}},"author_meta":{"display_name":false,"author_link":"http:\/\/maismagazine.pt\/index.php\/author\/tiago\/"},"featured_img":"http:\/\/maismagazine.pt\/wp-content\/uploads\/2023\/02\/Foto-Aerea-Low-300x169.jpg","coauthors":[],"tax_additional":{"categories":{"linked":["<a href=\"http:\/\/maismagazine.pt\/index.php\/category\/educacao\/\" class=\"advgb-post-tax-term\">Educa\u00e7\u00e3o<\/a>"],"unlinked":["<span class=\"advgb-post-tax-term\">Educa\u00e7\u00e3o<\/span>"]},"tags":{"linked":["<a href=\"http:\/\/maismagazine.pt\/index.php\/category\/educacao\/\" class=\"advgb-post-tax-term\">Col\u00e9gio Internato dos Carvalhos<\/a>","<a href=\"http:\/\/maismagazine.pt\/index.php\/category\/educacao\/\" class=\"advgb-post-tax-term\">Educa\u00e7\u00e3o<\/a>","<a href=\"http:\/\/maismagazine.pt\/index.php\/category\/educacao\/\" class=\"advgb-post-tax-term\">Ensino<\/a>","<a href=\"http:\/\/maismagazine.pt\/index.php\/category\/educacao\/\" class=\"advgb-post-tax-term\">Mission\u00e1rios Claretianos<\/a>"],"unlinked":["<span class=\"advgb-post-tax-term\">Col\u00e9gio Internato dos Carvalhos<\/span>","<span class=\"advgb-post-tax-term\">Educa\u00e7\u00e3o<\/span>","<span class=\"advgb-post-tax-term\">Ensino<\/span>","<span class=\"advgb-post-tax-term\">Mission\u00e1rios Claretianos<\/span>"]}},"comment_count":"0","relative_dates":{"created":"Posted 3 anos ago","modified":"Updated 3 anos ago"},"absolute_dates":{"created":"Posted on 24 de Fevereiro, 2023","modified":"Updated on 16 de Fevereiro, 2023"},"absolute_dates_time":{"created":"Posted on 24 de Fevereiro, 2023 7:00","modified":"Updated on 16 de Fevereiro, 2023 11:31"},"featured_img_caption":"","series_order":"","_links":{"self":[{"href":"http:\/\/maismagazine.pt\/index.php\/wp-json\/wp\/v2\/posts\/5745","targetHints":{"allow":["GET"]}}],"collection":[{"href":"http:\/\/maismagazine.pt\/index.php\/wp-json\/wp\/v2\/posts"}],"about":[{"href":"http:\/\/maismagazine.pt\/index.php\/wp-json\/wp\/v2\/types\/post"}],"author":[{"embeddable":true,"href":"http:\/\/maismagazine.pt\/index.php\/wp-json\/wp\/v2\/users\/17"}],"replies":[{"embeddable":true,"href":"http:\/\/maismagazine.pt\/index.php\/wp-json\/wp\/v2\/comments?post=5745"}],"version-history":[{"count":1,"href":"http:\/\/maismagazine.pt\/index.php\/wp-json\/wp\/v2\/posts\/5745\/revisions"}],"predecessor-version":[{"id":5754,"href":"http:\/\/maismagazine.pt\/index.php\/wp-json\/wp\/v2\/posts\/5745\/revisions\/5754"}],"wp:featuredmedia":[{"embeddable":true,"href":"http:\/\/maismagazine.pt\/index.php\/wp-json\/wp\/v2\/media\/5755"}],"wp:attachment":[{"href":"http:\/\/maismagazine.pt\/index.php\/wp-json\/wp\/v2\/media?parent=5745"}],"wp:term":[{"taxonomy":"category","embeddable":true,"href":"http:\/\/maismagazine.pt\/index.php\/wp-json\/wp\/v2\/categories?post=5745"},{"taxonomy":"post_tag","embeddable":true,"href":"http:\/\/maismagazine.pt\/index.php\/wp-json\/wp\/v2\/tags?post=5745"}],"curies":[{"name":"wp","href":"https:\/\/api.w.org\/{rel}","templated":true}]}}