{"id":5714,"date":"2023-02-24T07:00:00","date_gmt":"2023-02-24T07:00:00","guid":{"rendered":"https:\/\/maismagazine.pt\/?p=5714"},"modified":"2023-02-16T11:04:35","modified_gmt":"2023-02-16T11:04:35","slug":"qualifica-regressa-a-exponor-com-os-olhos-postos-no-futuro","status":"publish","type":"post","link":"http:\/\/maismagazine.pt\/index.php\/2023\/02\/24\/qualifica-regressa-a-exponor-com-os-olhos-postos-no-futuro\/","title":{"rendered":"Qualifica regressa \u00e0 Exponor com os olhos postos no futuro"},"content":{"rendered":"\n<p><strong>De 1 a 4 de mar\u00e7o s\u00e3o esperados milhares de estudantes na 14.\u00aa edi\u00e7\u00e3o da <a href=\"http:\/\/www.qualifica.gov.pt\">Qualifica<\/a> \u2013 Feira da Educa\u00e7\u00e3o, Forma\u00e7\u00e3o, Juventude e Emprego. Subordinada ao tema \u201cCreate the Future\u201d, a iniciativa pretende transformar-se num portal para o amanh\u00e3, orientando os alunos entre solu\u00e7\u00f5es formativas e dando-lhes ferramentas poderosas para a sua melhoria cont\u00ednua. Am\u00e9lia Estev\u00e3o, Diretora de Marketing da Exponor, d\u00e1 a conhecer as principais novidades desta edi\u00e7\u00e3o e de que forma podem ajudar milhares de jovens a come\u00e7ar j\u00e1 a construir o seu futuro.<\/strong><\/p>\n\n\n\n<p><\/p>\n\n\n\n<p>Segundo o Institute For The Future, 85% das fun\u00e7\u00f5es que iremos desempenhar em 2030 ainda n\u00e3o foram inventadas. Entre as oportunidades emergentes que hoje v\u00e3o surgindo, sobressaem novas solu\u00e7\u00f5es tecnol\u00f3gicas que valorizam o e-learning, novos modelos de trabalho, novas necessidades formativas, novas carreiras internacionais, novas ambi\u00e7\u00f5es empreendedoras que revolucionam os modelos de neg\u00f3cio e de gest\u00e3o cl\u00e1ssicos. Foram estes dados e a urg\u00eancia de despertar os jovens para os novos desafios que serviram de ponto de partida para a 14.\u00aa edi\u00e7\u00e3o da Qualifica \u2013 Feira da Educa\u00e7\u00e3o, Forma\u00e7\u00e3o, Juventude e Emprego, que decorre de 1 a 4 de mar\u00e7o na Exponor. \u201cEste estudo levou-nos a refletir sobre a urg\u00eancia que recai sobre os neg\u00f3cios, de reinven\u00e7\u00e3o e transforma\u00e7\u00e3o, contudo, acreditamos que o primeiro passo desta revolu\u00e7\u00e3o deve partir do ecossistema escolar\u201d, afirma Am\u00e9lia Estev\u00e3o. Assim, subordinado ao tema \u201cCreate The Future\u201d o certame procurar\u00e1 dar palco \u00e0s profiss\u00f5es do futuro, \u00e0s ambi\u00e7\u00f5es dos jovens de hoje em dia, cada vez mais empreendedores e aventureiros num mundo repleto de oportunidades. \u201cO nosso grande objetivo sempre foi abrir caminho na totalidade deste ecossistema \u2013 para os jovens que v\u00e3o prosseguir os seus estudos, bem como para todos aqueles que j\u00e1 est\u00e3o na fase seguinte, \u00e0 procura de experi\u00eancia. A grande mais-valia desta feira \u00e9 simplificar as escolhas, sejam elas acad\u00e9micas ou profissionais, dando a conhecer, no mesmo espa\u00e7o, um conjunto de oportunidades e necessidades do mercado laboral.\u201d \u00c0 semelhan\u00e7a das edi\u00e7\u00f5es anteriores, est\u00e3o tamb\u00e9m previstas para este ano grandes novidades, a come\u00e7ar desde logo com a presen\u00e7a de expositores \u201cque aclamam estas mesmas mudan\u00e7as\u201d e que, lado a lado com institui\u00e7\u00f5es de ensino e empresas, est\u00e3o de olhos postos nos jovens e na constru\u00e7\u00e3o das carreiras do amanh\u00e3. \u201cNesta edi\u00e7\u00e3o, contamos ainda com a presen\u00e7a da Autoridade Tribut\u00e1ria e Aduaneira, com o seu projeto de educa\u00e7\u00e3o fiscal para jovens, de forma a consciencializar este p\u00fablico para esta tem\u00e1tica, e com a Ag\u00eancia Nacional Erasmus Mais a promover o interc\u00e2mbio entre universidades europeias.\u201d Tendo ainda como alicerce a tem\u00e1tica da sa\u00fade mental, um tema que vem ganhando cada vez mais espa\u00e7o na conjuntura laboral, a edi\u00e7\u00e3o deste ano contar\u00e1 tamb\u00e9m com a presen\u00e7a de equipas especializadas, que permitir\u00e3o aos jovens conversar sobre a sua vis\u00e3o de futuro e perceber qual o caminho a seguir.<\/p>\n\n\n\n<p><\/p>\n\n\n\n<p><strong>Arena \u2013 Create The Future<\/strong><\/p>\n\n\n\n<p>Desengane-se que pensa que as novidades pararam por aqui. A 14.\u00aa edi\u00e7\u00e3o da Qualifica apresentar\u00e1 pela primeira vez a Arena \u2013 Create The Future, um espa\u00e7o dedicado aos visitantes que ter\u00e3o a oportunidade de criar mem\u00f3rias com atividades din\u00e2micas e interativas que promovam o talento, mas com o futuro sempre presente. \u201cEsta iniciativa tem como objetivo momentos de divers\u00e3o aliados \u00e0 proje\u00e7\u00e3o das empresas envolventes.\u201d A arena contar\u00e1 com din\u00e2micas de dan\u00e7a, desfiles e apresenta\u00e7\u00f5es. \u201cNeste espa\u00e7o, estar\u00e3o ainda presentes alguns jovens que ter\u00e3o a oportunidade de partilhar as suas experi\u00eancias\u201d, explica Am\u00e9lia Estev\u00e3o. Considerada o maior evento nacional dedicado \u00e0 Educa\u00e7\u00e3o, mais do que uma montra, a Qualifica afigura-se, cada vez mais, uma importante ferramenta para milhares de jovens que come\u00e7am hoje a construir o seu futuro. \u201cPretendemos que os jovens que visitem a Qualifica, no presente, reflitam e debatam sobre as profiss\u00f5es do futuro e as suas exig\u00eancias. Cri\u00e1mos por isso uma edi\u00e7\u00e3o que tem em considera\u00e7\u00e3o os receios e d\u00favidas dos mais novos, neste ecossistema em constante transforma\u00e7\u00e3o\u201d. Nesta sala, que n\u00e3o \u00e9 de aula, \u00e9 esperado que, ao longo de quatro dias, os cerca de 30 mil visitantes previstos percorram os mais de 120 expositores, se divirtam nas mais variadas din\u00e2micas, partilhem experi\u00eancias e, acima de tudo, desfrutem desta oportunidade \u00fanica. \u201cA nossa expectativa, edi\u00e7\u00e3o ap\u00f3s edi\u00e7\u00e3o, \u00e9 que se mantenha a troca de experi\u00eancias, de informa\u00e7\u00e3o e de conselhos, que guiam cada jovem na sua decis\u00e3o. Acima de tudo, pretendemos que desfrutem desta oportunidade, tirando o melhor proveito dela.\u201d<\/p>\n\n\n\n<p><\/p>\n\n\n\n<div class=\"wp-block-image\"><figure class=\"aligncenter size-full\"><img loading=\"lazy\" decoding=\"async\" width=\"442\" height=\"193\" src=\"https:\/\/maismagazine.pt\/wp-content\/uploads\/2023\/02\/thumbnail_Articulacao2-1_exponor.png\" alt=\"\" class=\"wp-image-5717\" srcset=\"http:\/\/maismagazine.pt\/wp-content\/uploads\/2023\/02\/thumbnail_Articulacao2-1_exponor.png 442w, http:\/\/maismagazine.pt\/wp-content\/uploads\/2023\/02\/thumbnail_Articulacao2-1_exponor-300x131.png 300w\" sizes=\"auto, (max-width: 442px) 100vw, 442px\" \/><\/figure><\/div>\n","protected":false},"excerpt":{"rendered":"<p>De 1 a 4 de mar\u00e7o s\u00e3o esperados milhares de estudantes na 14.\u00aa edi\u00e7\u00e3o da Qualifica \u2013 Feira da Educa\u00e7\u00e3o, Forma\u00e7\u00e3o, Juventude e Emprego. Subordinada ao tema \u201cCreate the Future\u201d, a iniciativa pretende transformar-se num portal para o amanh\u00e3, orientando os alunos entre solu\u00e7\u00f5es formativas e dando-lhes ferramentas poderosas para&hellip;<\/p>\n","protected":false},"author":17,"featured_media":5718,"comment_status":"closed","ping_status":"open","sticky":false,"template":"","format":"standard","meta":{"advgb_blocks_editor_width":"","advgb_blocks_columns_visual_guide":"","_monsterinsights_skip_tracking":false,"_monsterinsights_sitenote_active":false,"_monsterinsights_sitenote_note":"","_monsterinsights_sitenote_category":0,"footnotes":""},"categories":[1,52,149],"tags":[525,156,1310],"class_list":["post-5714","post","type-post","status-publish","format-standard","has-post-thumbnail","hentry","category-atualidade","category-destaque","category-educacao","tag-educacao","tag-exponor","tag-qualifica"],"yoast_head":"<!-- This site is optimized with the Yoast SEO plugin v24.4 - https:\/\/yoast.com\/wordpress\/plugins\/seo\/ -->\n<title>Qualifica regressa \u00e0 Exponor com os olhos postos no futuro - Mais Magazine<\/title>\n<meta name=\"description\" content=\"De 1 a 4 de mar\u00e7o s\u00e3o esperados milhares de estudantes na 14.\u00aa edi\u00e7\u00e3o da Qualifica \u2013 Feira da Educa\u00e7\u00e3o, Forma\u00e7\u00e3o, Juventude e Emprego. Subordinada ao tema \u201cCreate the Future\u201d, a iniciativa pretende transformar-se num portal para o amanh\u00e3, orientando os alunos entre solu\u00e7\u00f5es formativas e dando-lhes ferramentas poderosas para a sua melhoria cont\u00ednua. Am\u00e9lia Estev\u00e3o, Diretora de Marketing da Exponor, d\u00e1 a conhecer as principais novidades desta edi\u00e7\u00e3o e de que forma podem ajudar milhares de jovens a come\u00e7ar j\u00e1 a construir o seu futuro.\" \/>\n<meta name=\"robots\" content=\"index, follow, max-snippet:-1, max-image-preview:large, max-video-preview:-1\" \/>\n<link rel=\"canonical\" href=\"https:\/\/maismagazine.pt\/index.php\/2023\/02\/24\/qualifica-regressa-a-exponor-com-os-olhos-postos-no-futuro\/\" \/>\n<meta property=\"og:locale\" content=\"pt_PT\" \/>\n<meta property=\"og:type\" content=\"article\" \/>\n<meta property=\"og:title\" content=\"Qualifica regressa \u00e0 Exponor com os olhos postos no futuro - Mais Magazine\" \/>\n<meta property=\"og:description\" content=\"De 1 a 4 de mar\u00e7o s\u00e3o esperados milhares de estudantes na 14.\u00aa edi\u00e7\u00e3o da Qualifica \u2013 Feira da Educa\u00e7\u00e3o, Forma\u00e7\u00e3o, Juventude e Emprego. Subordinada ao tema \u201cCreate the Future\u201d, a iniciativa pretende transformar-se num portal para o amanh\u00e3, orientando os alunos entre solu\u00e7\u00f5es formativas e dando-lhes ferramentas poderosas para a sua melhoria cont\u00ednua. Am\u00e9lia Estev\u00e3o, Diretora de Marketing da Exponor, d\u00e1 a conhecer as principais novidades desta edi\u00e7\u00e3o e de que forma podem ajudar milhares de jovens a come\u00e7ar j\u00e1 a construir o seu futuro.\" \/>\n<meta property=\"og:url\" content=\"https:\/\/maismagazine.pt\/index.php\/2023\/02\/24\/qualifica-regressa-a-exponor-com-os-olhos-postos-no-futuro\/\" \/>\n<meta property=\"og:site_name\" content=\"Mais Magazine\" \/>\n<meta property=\"article:published_time\" content=\"2023-02-24T07:00:00+00:00\" \/>\n<meta property=\"og:image\" content=\"https:\/\/maismagazine.pt\/wp-content\/uploads\/2023\/02\/2022_04_20_Exponor_Qualifica_22_2.jpg\" \/>\n\t<meta property=\"og:image:width\" content=\"1080\" \/>\n\t<meta property=\"og:image:height\" content=\"720\" \/>\n\t<meta property=\"og:image:type\" content=\"image\/jpeg\" \/>\n<meta name=\"author\" content=\"Tiago Costa\" \/>\n<meta name=\"twitter:card\" content=\"summary_large_image\" \/>\n<meta name=\"twitter:label1\" content=\"Escrito por\" \/>\n\t<meta name=\"twitter:data1\" content=\"\" \/>\n\t<meta name=\"twitter:label2\" content=\"Tempo estimado de leitura\" \/>\n\t<meta name=\"twitter:data2\" content=\"4 minutos\" \/>\n<script type=\"application\/ld+json\" class=\"yoast-schema-graph\">{\"@context\":\"https:\/\/schema.org\",\"@graph\":[{\"@type\":\"Article\",\"@id\":\"https:\/\/maismagazine.pt\/index.php\/2023\/02\/24\/qualifica-regressa-a-exponor-com-os-olhos-postos-no-futuro\/#article\",\"isPartOf\":{\"@id\":\"https:\/\/maismagazine.pt\/index.php\/2023\/02\/24\/qualifica-regressa-a-exponor-com-os-olhos-postos-no-futuro\/\"},\"author\":{\"name\":\"Tiago Costa\",\"@id\":\"https:\/\/maismagazine.pt\/#\/schema\/person\/c6c5bfccc886434cbd11c74e035f9646\"},\"headline\":\"Qualifica regressa \u00e0 Exponor com os olhos postos no futuro\",\"datePublished\":\"2023-02-24T07:00:00+00:00\",\"mainEntityOfPage\":{\"@id\":\"https:\/\/maismagazine.pt\/index.php\/2023\/02\/24\/qualifica-regressa-a-exponor-com-os-olhos-postos-no-futuro\/\"},\"wordCount\":810,\"publisher\":{\"@id\":\"https:\/\/maismagazine.pt\/#organization\"},\"image\":{\"@id\":\"https:\/\/maismagazine.pt\/index.php\/2023\/02\/24\/qualifica-regressa-a-exponor-com-os-olhos-postos-no-futuro\/#primaryimage\"},\"thumbnailUrl\":\"http:\/\/maismagazine.pt\/wp-content\/uploads\/2023\/02\/2022_04_20_Exponor_Qualifica_22_2.jpg\",\"keywords\":[\"Educa\u00e7\u00e3o\",\"Exponor\",\"Qualifica\"],\"articleSection\":[\"Atualidade\",\"Destaque lateral\",\"Educa\u00e7\u00e3o\"],\"inLanguage\":\"pt-PT\"},{\"@type\":\"WebPage\",\"@id\":\"https:\/\/maismagazine.pt\/index.php\/2023\/02\/24\/qualifica-regressa-a-exponor-com-os-olhos-postos-no-futuro\/\",\"url\":\"https:\/\/maismagazine.pt\/index.php\/2023\/02\/24\/qualifica-regressa-a-exponor-com-os-olhos-postos-no-futuro\/\",\"name\":\"Qualifica regressa \u00e0 Exponor com os olhos postos no futuro - Mais Magazine\",\"isPartOf\":{\"@id\":\"https:\/\/maismagazine.pt\/#website\"},\"primaryImageOfPage\":{\"@id\":\"https:\/\/maismagazine.pt\/index.php\/2023\/02\/24\/qualifica-regressa-a-exponor-com-os-olhos-postos-no-futuro\/#primaryimage\"},\"image\":{\"@id\":\"https:\/\/maismagazine.pt\/index.php\/2023\/02\/24\/qualifica-regressa-a-exponor-com-os-olhos-postos-no-futuro\/#primaryimage\"},\"thumbnailUrl\":\"http:\/\/maismagazine.pt\/wp-content\/uploads\/2023\/02\/2022_04_20_Exponor_Qualifica_22_2.jpg\",\"datePublished\":\"2023-02-24T07:00:00+00:00\",\"description\":\"De 1 a 4 de mar\u00e7o s\u00e3o esperados milhares de estudantes na 14.\u00aa edi\u00e7\u00e3o da Qualifica \u2013 Feira da Educa\u00e7\u00e3o, Forma\u00e7\u00e3o, Juventude e Emprego. Subordinada ao tema \u201cCreate the Future\u201d, a iniciativa pretende transformar-se num portal para o amanh\u00e3, orientando os alunos entre solu\u00e7\u00f5es formativas e dando-lhes ferramentas poderosas para a sua melhoria cont\u00ednua. Am\u00e9lia Estev\u00e3o, Diretora de Marketing da Exponor, d\u00e1 a conhecer as principais novidades desta edi\u00e7\u00e3o e de que forma podem ajudar milhares de jovens a come\u00e7ar j\u00e1 a construir o seu futuro.\",\"breadcrumb\":{\"@id\":\"https:\/\/maismagazine.pt\/index.php\/2023\/02\/24\/qualifica-regressa-a-exponor-com-os-olhos-postos-no-futuro\/#breadcrumb\"},\"inLanguage\":\"pt-PT\",\"potentialAction\":[{\"@type\":\"ReadAction\",\"target\":[\"https:\/\/maismagazine.pt\/index.php\/2023\/02\/24\/qualifica-regressa-a-exponor-com-os-olhos-postos-no-futuro\/\"]}]},{\"@type\":\"ImageObject\",\"inLanguage\":\"pt-PT\",\"@id\":\"https:\/\/maismagazine.pt\/index.php\/2023\/02\/24\/qualifica-regressa-a-exponor-com-os-olhos-postos-no-futuro\/#primaryimage\",\"url\":\"http:\/\/maismagazine.pt\/wp-content\/uploads\/2023\/02\/2022_04_20_Exponor_Qualifica_22_2.jpg\",\"contentUrl\":\"http:\/\/maismagazine.pt\/wp-content\/uploads\/2023\/02\/2022_04_20_Exponor_Qualifica_22_2.jpg\",\"width\":1080,\"height\":720},{\"@type\":\"BreadcrumbList\",\"@id\":\"https:\/\/maismagazine.pt\/index.php\/2023\/02\/24\/qualifica-regressa-a-exponor-com-os-olhos-postos-no-futuro\/#breadcrumb\",\"itemListElement\":[{\"@type\":\"ListItem\",\"position\":1,\"name\":\"Home\",\"item\":\"https:\/\/maismagazine.pt\/\"},{\"@type\":\"ListItem\",\"position\":2,\"name\":\"Qualifica regressa \u00e0 Exponor com os olhos postos no futuro\"}]},{\"@type\":\"WebSite\",\"@id\":\"https:\/\/maismagazine.pt\/#website\",\"url\":\"https:\/\/maismagazine.pt\/\",\"name\":\"Mais Magazine\",\"description\":\"\",\"publisher\":{\"@id\":\"https:\/\/maismagazine.pt\/#organization\"},\"potentialAction\":[{\"@type\":\"SearchAction\",\"target\":{\"@type\":\"EntryPoint\",\"urlTemplate\":\"https:\/\/maismagazine.pt\/?s={search_term_string}\"},\"query-input\":{\"@type\":\"PropertyValueSpecification\",\"valueRequired\":true,\"valueName\":\"search_term_string\"}}],\"inLanguage\":\"pt-PT\"},{\"@type\":\"Organization\",\"@id\":\"https:\/\/maismagazine.pt\/#organization\",\"name\":\"Mais Magazine\",\"url\":\"https:\/\/maismagazine.pt\/\",\"logo\":{\"@type\":\"ImageObject\",\"inLanguage\":\"pt-PT\",\"@id\":\"https:\/\/maismagazine.pt\/#\/schema\/logo\/image\/\",\"url\":\"http:\/\/maismagazine.pt\/wp-content\/uploads\/2020\/04\/cropped-cropped-mais-magazine-site-logo-2.png\",\"contentUrl\":\"http:\/\/maismagazine.pt\/wp-content\/uploads\/2020\/04\/cropped-cropped-mais-magazine-site-logo-2.png\",\"width\":581,\"height\":90,\"caption\":\"Mais Magazine\"},\"image\":{\"@id\":\"https:\/\/maismagazine.pt\/#\/schema\/logo\/image\/\"}},{\"@type\":\"Person\",\"@id\":\"https:\/\/maismagazine.pt\/#\/schema\/person\/c6c5bfccc886434cbd11c74e035f9646\",\"name\":\"Tiago Costa\",\"image\":{\"@type\":\"ImageObject\",\"inLanguage\":\"pt-PT\",\"@id\":\"https:\/\/maismagazine.pt\/#\/schema\/person\/image\/\",\"url\":\"https:\/\/secure.gravatar.com\/avatar\/c599b2bce16c9870429198cbad5ee022?s=96&d=mm&r=g\",\"contentUrl\":\"https:\/\/secure.gravatar.com\/avatar\/c599b2bce16c9870429198cbad5ee022?s=96&d=mm&r=g\",\"caption\":\"Tiago Costa\"},\"url\":\"http:\/\/maismagazine.pt\/index.php\/author\/tiago\/\"}]}<\/script>\n<!-- \/ Yoast SEO plugin. -->","yoast_head_json":{"title":"Qualifica regressa \u00e0 Exponor com os olhos postos no futuro - Mais Magazine","description":"De 1 a 4 de mar\u00e7o s\u00e3o esperados milhares de estudantes na 14.\u00aa edi\u00e7\u00e3o da Qualifica \u2013 Feira da Educa\u00e7\u00e3o, Forma\u00e7\u00e3o, Juventude e Emprego. Subordinada ao tema \u201cCreate the Future\u201d, a iniciativa pretende transformar-se num portal para o amanh\u00e3, orientando os alunos entre solu\u00e7\u00f5es formativas e dando-lhes ferramentas poderosas para a sua melhoria cont\u00ednua. Am\u00e9lia Estev\u00e3o, Diretora de Marketing da Exponor, d\u00e1 a conhecer as principais novidades desta edi\u00e7\u00e3o e de que forma podem ajudar milhares de jovens a come\u00e7ar j\u00e1 a construir o seu futuro.","robots":{"index":"index","follow":"follow","max-snippet":"max-snippet:-1","max-image-preview":"max-image-preview:large","max-video-preview":"max-video-preview:-1"},"canonical":"https:\/\/maismagazine.pt\/index.php\/2023\/02\/24\/qualifica-regressa-a-exponor-com-os-olhos-postos-no-futuro\/","og_locale":"pt_PT","og_type":"article","og_title":"Qualifica regressa \u00e0 Exponor com os olhos postos no futuro - Mais Magazine","og_description":"De 1 a 4 de mar\u00e7o s\u00e3o esperados milhares de estudantes na 14.\u00aa edi\u00e7\u00e3o da Qualifica \u2013 Feira da Educa\u00e7\u00e3o, Forma\u00e7\u00e3o, Juventude e Emprego. Subordinada ao tema \u201cCreate the Future\u201d, a iniciativa pretende transformar-se num portal para o amanh\u00e3, orientando os alunos entre solu\u00e7\u00f5es formativas e dando-lhes ferramentas poderosas para a sua melhoria cont\u00ednua. Am\u00e9lia Estev\u00e3o, Diretora de Marketing da Exponor, d\u00e1 a conhecer as principais novidades desta edi\u00e7\u00e3o e de que forma podem ajudar milhares de jovens a come\u00e7ar j\u00e1 a construir o seu futuro.","og_url":"https:\/\/maismagazine.pt\/index.php\/2023\/02\/24\/qualifica-regressa-a-exponor-com-os-olhos-postos-no-futuro\/","og_site_name":"Mais Magazine","article_published_time":"2023-02-24T07:00:00+00:00","og_image":[{"width":1080,"height":720,"url":"https:\/\/maismagazine.pt\/wp-content\/uploads\/2023\/02\/2022_04_20_Exponor_Qualifica_22_2.jpg","type":"image\/jpeg"}],"author":"Tiago Costa","twitter_card":"summary_large_image","twitter_misc":{"Escrito por":false,"Tempo estimado de leitura":"4 minutos"},"schema":{"@context":"https:\/\/schema.org","@graph":[{"@type":"Article","@id":"https:\/\/maismagazine.pt\/index.php\/2023\/02\/24\/qualifica-regressa-a-exponor-com-os-olhos-postos-no-futuro\/#article","isPartOf":{"@id":"https:\/\/maismagazine.pt\/index.php\/2023\/02\/24\/qualifica-regressa-a-exponor-com-os-olhos-postos-no-futuro\/"},"author":{"name":"Tiago Costa","@id":"https:\/\/maismagazine.pt\/#\/schema\/person\/c6c5bfccc886434cbd11c74e035f9646"},"headline":"Qualifica regressa \u00e0 Exponor com os olhos postos no futuro","datePublished":"2023-02-24T07:00:00+00:00","mainEntityOfPage":{"@id":"https:\/\/maismagazine.pt\/index.php\/2023\/02\/24\/qualifica-regressa-a-exponor-com-os-olhos-postos-no-futuro\/"},"wordCount":810,"publisher":{"@id":"https:\/\/maismagazine.pt\/#organization"},"image":{"@id":"https:\/\/maismagazine.pt\/index.php\/2023\/02\/24\/qualifica-regressa-a-exponor-com-os-olhos-postos-no-futuro\/#primaryimage"},"thumbnailUrl":"http:\/\/maismagazine.pt\/wp-content\/uploads\/2023\/02\/2022_04_20_Exponor_Qualifica_22_2.jpg","keywords":["Educa\u00e7\u00e3o","Exponor","Qualifica"],"articleSection":["Atualidade","Destaque lateral","Educa\u00e7\u00e3o"],"inLanguage":"pt-PT"},{"@type":"WebPage","@id":"https:\/\/maismagazine.pt\/index.php\/2023\/02\/24\/qualifica-regressa-a-exponor-com-os-olhos-postos-no-futuro\/","url":"https:\/\/maismagazine.pt\/index.php\/2023\/02\/24\/qualifica-regressa-a-exponor-com-os-olhos-postos-no-futuro\/","name":"Qualifica regressa \u00e0 Exponor com os olhos postos no futuro - Mais Magazine","isPartOf":{"@id":"https:\/\/maismagazine.pt\/#website"},"primaryImageOfPage":{"@id":"https:\/\/maismagazine.pt\/index.php\/2023\/02\/24\/qualifica-regressa-a-exponor-com-os-olhos-postos-no-futuro\/#primaryimage"},"image":{"@id":"https:\/\/maismagazine.pt\/index.php\/2023\/02\/24\/qualifica-regressa-a-exponor-com-os-olhos-postos-no-futuro\/#primaryimage"},"thumbnailUrl":"http:\/\/maismagazine.pt\/wp-content\/uploads\/2023\/02\/2022_04_20_Exponor_Qualifica_22_2.jpg","datePublished":"2023-02-24T07:00:00+00:00","description":"De 1 a 4 de mar\u00e7o s\u00e3o esperados milhares de estudantes na 14.\u00aa edi\u00e7\u00e3o da Qualifica \u2013 Feira da Educa\u00e7\u00e3o, Forma\u00e7\u00e3o, Juventude e Emprego. Subordinada ao tema \u201cCreate the Future\u201d, a iniciativa pretende transformar-se num portal para o amanh\u00e3, orientando os alunos entre solu\u00e7\u00f5es formativas e dando-lhes ferramentas poderosas para a sua melhoria cont\u00ednua. Am\u00e9lia Estev\u00e3o, Diretora de Marketing da Exponor, d\u00e1 a conhecer as principais novidades desta edi\u00e7\u00e3o e de que forma podem ajudar milhares de jovens a come\u00e7ar j\u00e1 a construir o seu futuro.","breadcrumb":{"@id":"https:\/\/maismagazine.pt\/index.php\/2023\/02\/24\/qualifica-regressa-a-exponor-com-os-olhos-postos-no-futuro\/#breadcrumb"},"inLanguage":"pt-PT","potentialAction":[{"@type":"ReadAction","target":["https:\/\/maismagazine.pt\/index.php\/2023\/02\/24\/qualifica-regressa-a-exponor-com-os-olhos-postos-no-futuro\/"]}]},{"@type":"ImageObject","inLanguage":"pt-PT","@id":"https:\/\/maismagazine.pt\/index.php\/2023\/02\/24\/qualifica-regressa-a-exponor-com-os-olhos-postos-no-futuro\/#primaryimage","url":"http:\/\/maismagazine.pt\/wp-content\/uploads\/2023\/02\/2022_04_20_Exponor_Qualifica_22_2.jpg","contentUrl":"http:\/\/maismagazine.pt\/wp-content\/uploads\/2023\/02\/2022_04_20_Exponor_Qualifica_22_2.jpg","width":1080,"height":720},{"@type":"BreadcrumbList","@id":"https:\/\/maismagazine.pt\/index.php\/2023\/02\/24\/qualifica-regressa-a-exponor-com-os-olhos-postos-no-futuro\/#breadcrumb","itemListElement":[{"@type":"ListItem","position":1,"name":"Home","item":"https:\/\/maismagazine.pt\/"},{"@type":"ListItem","position":2,"name":"Qualifica regressa \u00e0 Exponor com os olhos postos no futuro"}]},{"@type":"WebSite","@id":"https:\/\/maismagazine.pt\/#website","url":"https:\/\/maismagazine.pt\/","name":"Mais Magazine","description":"","publisher":{"@id":"https:\/\/maismagazine.pt\/#organization"},"potentialAction":[{"@type":"SearchAction","target":{"@type":"EntryPoint","urlTemplate":"https:\/\/maismagazine.pt\/?s={search_term_string}"},"query-input":{"@type":"PropertyValueSpecification","valueRequired":true,"valueName":"search_term_string"}}],"inLanguage":"pt-PT"},{"@type":"Organization","@id":"https:\/\/maismagazine.pt\/#organization","name":"Mais Magazine","url":"https:\/\/maismagazine.pt\/","logo":{"@type":"ImageObject","inLanguage":"pt-PT","@id":"https:\/\/maismagazine.pt\/#\/schema\/logo\/image\/","url":"http:\/\/maismagazine.pt\/wp-content\/uploads\/2020\/04\/cropped-cropped-mais-magazine-site-logo-2.png","contentUrl":"http:\/\/maismagazine.pt\/wp-content\/uploads\/2020\/04\/cropped-cropped-mais-magazine-site-logo-2.png","width":581,"height":90,"caption":"Mais Magazine"},"image":{"@id":"https:\/\/maismagazine.pt\/#\/schema\/logo\/image\/"}},{"@type":"Person","@id":"https:\/\/maismagazine.pt\/#\/schema\/person\/c6c5bfccc886434cbd11c74e035f9646","name":"Tiago Costa","image":{"@type":"ImageObject","inLanguage":"pt-PT","@id":"https:\/\/maismagazine.pt\/#\/schema\/person\/image\/","url":"https:\/\/secure.gravatar.com\/avatar\/c599b2bce16c9870429198cbad5ee022?s=96&d=mm&r=g","contentUrl":"https:\/\/secure.gravatar.com\/avatar\/c599b2bce16c9870429198cbad5ee022?s=96&d=mm&r=g","caption":"Tiago Costa"},"url":"http:\/\/maismagazine.pt\/index.php\/author\/tiago\/"}]}},"author_meta":{"display_name":false,"author_link":"http:\/\/maismagazine.pt\/index.php\/author\/tiago\/"},"featured_img":"http:\/\/maismagazine.pt\/wp-content\/uploads\/2023\/02\/2022_04_20_Exponor_Qualifica_22_2-300x200.jpg","coauthors":[],"tax_additional":{"categories":{"linked":["<a href=\"http:\/\/maismagazine.pt\/index.php\/category\/atualidade\/\" class=\"advgb-post-tax-term\">Atualidade<\/a>","<a href=\"http:\/\/maismagazine.pt\/index.php\/category\/destaque\/\" class=\"advgb-post-tax-term\">Destaque lateral<\/a>","<a href=\"http:\/\/maismagazine.pt\/index.php\/category\/educacao\/\" class=\"advgb-post-tax-term\">Educa\u00e7\u00e3o<\/a>"],"unlinked":["<span class=\"advgb-post-tax-term\">Atualidade<\/span>","<span class=\"advgb-post-tax-term\">Destaque lateral<\/span>","<span class=\"advgb-post-tax-term\">Educa\u00e7\u00e3o<\/span>"]},"tags":{"linked":["<a href=\"http:\/\/maismagazine.pt\/index.php\/category\/educacao\/\" class=\"advgb-post-tax-term\">Educa\u00e7\u00e3o<\/a>","<a href=\"http:\/\/maismagazine.pt\/index.php\/category\/educacao\/\" class=\"advgb-post-tax-term\">Exponor<\/a>","<a href=\"http:\/\/maismagazine.pt\/index.php\/category\/educacao\/\" class=\"advgb-post-tax-term\">Qualifica<\/a>"],"unlinked":["<span class=\"advgb-post-tax-term\">Educa\u00e7\u00e3o<\/span>","<span class=\"advgb-post-tax-term\">Exponor<\/span>","<span class=\"advgb-post-tax-term\">Qualifica<\/span>"]}},"comment_count":"0","relative_dates":{"created":"Posted 3 anos ago","modified":"Updated 3 anos ago"},"absolute_dates":{"created":"Posted on 24 de Fevereiro, 2023","modified":"Updated on 16 de Fevereiro, 2023"},"absolute_dates_time":{"created":"Posted on 24 de Fevereiro, 2023 7:00","modified":"Updated on 16 de Fevereiro, 2023 11:04"},"featured_img_caption":"","series_order":"","_links":{"self":[{"href":"http:\/\/maismagazine.pt\/index.php\/wp-json\/wp\/v2\/posts\/5714","targetHints":{"allow":["GET"]}}],"collection":[{"href":"http:\/\/maismagazine.pt\/index.php\/wp-json\/wp\/v2\/posts"}],"about":[{"href":"http:\/\/maismagazine.pt\/index.php\/wp-json\/wp\/v2\/types\/post"}],"author":[{"embeddable":true,"href":"http:\/\/maismagazine.pt\/index.php\/wp-json\/wp\/v2\/users\/17"}],"replies":[{"embeddable":true,"href":"http:\/\/maismagazine.pt\/index.php\/wp-json\/wp\/v2\/comments?post=5714"}],"version-history":[{"count":1,"href":"http:\/\/maismagazine.pt\/index.php\/wp-json\/wp\/v2\/posts\/5714\/revisions"}],"predecessor-version":[{"id":5719,"href":"http:\/\/maismagazine.pt\/index.php\/wp-json\/wp\/v2\/posts\/5714\/revisions\/5719"}],"wp:featuredmedia":[{"embeddable":true,"href":"http:\/\/maismagazine.pt\/index.php\/wp-json\/wp\/v2\/media\/5718"}],"wp:attachment":[{"href":"http:\/\/maismagazine.pt\/index.php\/wp-json\/wp\/v2\/media?parent=5714"}],"wp:term":[{"taxonomy":"category","embeddable":true,"href":"http:\/\/maismagazine.pt\/index.php\/wp-json\/wp\/v2\/categories?post=5714"},{"taxonomy":"post_tag","embeddable":true,"href":"http:\/\/maismagazine.pt\/index.php\/wp-json\/wp\/v2\/tags?post=5714"}],"curies":[{"name":"wp","href":"https:\/\/api.w.org\/{rel}","templated":true}]}}