{"id":5707,"date":"2023-02-24T07:00:00","date_gmt":"2023-02-24T07:00:00","guid":{"rendered":"http:\/\/maismagazine.pt\/?p=5707"},"modified":"2023-02-28T12:12:12","modified_gmt":"2023-02-28T12:12:12","slug":"abrindo-horizontes-de-possibilidades","status":"publish","type":"post","link":"http:\/\/maismagazine.pt\/index.php\/2023\/02\/24\/abrindo-horizontes-de-possibilidades\/","title":{"rendered":"Abrindo Horizontes de Possibilidades"},"content":{"rendered":"\n<p><br><\/p>\n\n\n\n<blockquote class=\"wp-block-quote has-text-align-left is-layout-flow wp-block-quote-is-layout-flow\"><p>Sou m\u00e9dico interno de forma\u00e7\u00e3o geral no Centro Hospitalar Universit\u00e1rio de Santo Ant\u00f3nio e engenheiro biom\u00e9dico e investigador numa parceria entre o servi\u00e7o de neuropatologia e o centro de investiga\u00e7\u00e3o UMIB\/ ICBAS. Estou a fazer exatamente aquilo que eu me imaginava a fazer quando estava a crescer. <br><br>Como \u00e9 que eu cheguei aqui? <br>O meu percurso come\u00e7ou no Externato Ribadouro. Ao longo de 12 anos letivos, encontrei nesta casa um elemento estruturante. Muitos foram os Professores fora de s\u00e9rie, que estimularam a minha curiosidade e incutiram em mim o valor do brio e da aten\u00e7\u00e3o para com o pr\u00f3ximo. Desafiaram-me a sair da minha zona de conforto, a abra\u00e7ar desafios, a persistir e n\u00e3o desistir dos meus objetivos. Estou-lhes muito grato pela forma como me moldaram e por todo o apoio e dedica\u00e7\u00e3o investidos em mim. <br><br>Um dia, da forma mais inesperada, a minha vida mudou. Numa viagem no metro do Porto, ouvi conversarem sobre um curso de rob\u00f3tica de tr\u00eas dias, que ia acontecer na Guarda durante as f\u00e9rias do Natal. Meti-me na conversa e perguntei exatamente o que era esse curso. Fui por 3 dias, fiquei por tr\u00eas anos. Era um desafio. Decidimos ousar e competir num campeonato internacional nos Estados Unidos. Obtivemos o primeiro lugar a competir com equipas internacionais. <br><br>Em 2010, inscrevi-me no Mestrado Integrado em Bioengenharia na Universidade do Porto, lecionado na Faculdade de Engenharia e no ICBAS, com o desejo de contribuir para o desenvolvimento de melhores cuidados de sa\u00fade. Em 2011, inscrevi-me no Mestrado Integrado em Medicina no ICBAS. Estagiei no Instituto Nacional Engenharia Biom\u00e9dica em engenharia de tecidos e imunologia, com a Dra. Susana Santos. <br><br>O meu foco, em termos de investiga\u00e7\u00e3o, s\u00e3o as neuroci\u00eancias. A minha primeira incurs\u00e3o neste mundo foi curiosamente em Kiev, na Ucr\u00e2nia, onde descobri uma escola de ver\u00e3o internacional dedicada \u00e0s oportunidades da aplica\u00e7\u00e3o de novas tecnologias de informa\u00e7\u00e3o nas neuroci\u00eancias, organizada no prestigioso Igor Sikorsky Kyiv Polytechnic Institute. Isto, no ver\u00e3o de 2013. Continuei o meu percurso nas neuroci\u00eancias em Londres, no King\u2019s College London, onde fiz um semestre de Erasmus est\u00e1gio no laborat\u00f3rio do Professor Jack Price em 2014. Neste grupo, fiz investiga\u00e7\u00e3o com c\u00e9lulas estaminais derivadas da raiz do cabelo de pessoas com perturba\u00e7\u00f5es do espetro do autismo. O meu est\u00e1gio seguinte, no ver\u00e3o de 2014, foi no laborat\u00f3rio do Professor Jean-Jacques Lebrun, na McGill University em Montreal. Em 2015, surgiu uma oportunidade de fazer um est\u00e1gio de ver\u00e3o do outro lado do Atl\u00e2ntico num projeto de investiga\u00e7\u00e3o no Centro de Gen\u00f3mica Medica &#8211; Harvard Medical School \/ Massachusetts General Hospital (MGH), em Boston, liderado pelo Dr. Ricardo Mouro Pinto. O projeto explorava a mais recente tecnologia de edi\u00e7\u00e3o gen\u00e9tica ent\u00e3o dispon\u00edvel, o CRISPR-Cas9, para estudar genes modificadores da idade de in\u00edcio da doen\u00e7a de Huntington. O est\u00e1gio de ver\u00e3o transformou-se num ano e meio de tese de mestrado e est\u00e1gio em Harvard. Viria a iniciar o meu trabalho pr\u00e1tico no projeto em 2016.<br><br>Em prepara\u00e7\u00e3o para o projeto de tese de mestrado, n\u00e3o fiquei parado. Estagiei no laborat\u00f3rio da Professora Patr\u00edcia Maciel, no ICVS \/ Universidade do Minho, e no laborat\u00f3rio do grupo do Professor Lee, na National Taiwan University. Aqui, ganhei mais experi\u00eancia em modelos animais com muta\u00e7\u00f5es associadas respetivamente \u00e0 Doen\u00e7a de Machado Joseph e \u00e0s perturba\u00e7\u00f5es do espetro de autismo. De regresso ao Porto, fiz uma p\u00f3s-gradua\u00e7\u00e3o em gest\u00e3o de servi\u00e7os de sa\u00fade na Porto Business School (2018) e estagiei no servi\u00e7o de gest\u00e3o de qualidade do Centro Hospitalar de Lisboa Ocidental (2019). Quis tamb\u00e9m ser exposto a realidades cl\u00ednicas diferentes, o que me levou a estagiar em neurologia em Coimbra (2018), em neurologia e neurocirurgia em Ponta Delgada (2020 e 2021) e em Reumatologia em Nancy, na Fran\u00e7a (2018). Em paralelo, procurei manter-me ativo em investiga\u00e7\u00e3o e trabalhei durante um ver\u00e3o no laborat\u00f3rio do Professor Vincent Dion em Cardiff, na \u00e1rea da neurogen\u00e9tica (2019).<br><br>Durante a pandemia participei nos esfor\u00e7os dos estudantes de medicina portugueses junto da linha Sa\u00fade 24, em 2020. Depois de v\u00e1rios cancelamentos, entrei no edif\u00edcio branco do Charit\u00e9 Mitte. Tive a oportunidade de ajudar a instrumentar em mais de 100 cirurgias e acompanhar caso ap\u00f3s caso de doen\u00e7as complexas nos servi\u00e7os de oncologia e neurologia do Charit\u00e9. De regresso ao Porto para o trajeto final do curso de medicina, decidi usar os conhecimentos e experi\u00eancias acumulados para tentar desenhar o meu pr\u00f3prio tema de tese de raiz: estudar a neuroinflama\u00e7\u00e3o no c\u00e9rebro de doentes com patologia simult\u00e2nea de Alzheimer e corpos de Lewy. Refleti sobre o projeto que discuti e maturei com o meu orientador, Professor Ricardo Taipa. Sugeri o desafio de concorrer a financiamento para multiplicar o potencial impacto da investiga\u00e7\u00e3o e tive a honra de conseguirmos o apoio financeiro da Funda\u00e7\u00e3o Professor Ernesto Morais e de termos conseguido, posteriormente, financiamento interno do centro de investiga\u00e7\u00e3o UMIB, no ICBAS, para levar mais longe ainda o projeto. <br><br>Medicina conclu\u00edda, juramento de Hip\u00f3crates proferido. Estou a continuar o projeto de investiga\u00e7\u00e3o em neuropatologia, enquanto in\u00edcio o meu trajeto m\u00e9dico no Centro Hospitalar Universit\u00e1rio de Santo Ant\u00f3nio. Continuo a expandir horizontes com forma\u00e7\u00e3o em sa\u00fade p\u00fablica e aconselhamento gen\u00e9tico, e a estar ativo na comunica\u00e7\u00e3o de ci\u00eancia e junto das associa\u00e7\u00f5es de doentes. Estou muito grato por todos os supervisores, professores, familiares e amigos que me acompanharam ao longo do trajeto at\u00e9 aqui e sem os quais nada disto seria poss\u00edvel. Tenho procurado devolver \u00e0 comunidade em todas oportunidades o que foi investido em mim, contribuindo para a organiza\u00e7\u00e3o de conversas sobre ci\u00eancia e de conversas motivacionais de Alumni junto dos estudantes da universidade e dos alunos da minha antiga escola, no RibaTalks do Ribadouro. Estou determinado em contribuir para mudar um pouco o mundo para melhor todos os dias. Se n\u00e3o \u00e9 para mudar o mundo, n\u00e3o vale a pena, n\u00e3o \u00e9?<br><br><\/p><\/blockquote>\n\n\n\n<div class=\"wp-block-image\"><figure class=\"aligncenter size-medium\"><img loading=\"lazy\" decoding=\"async\" width=\"240\" height=\"300\" src=\"http:\/\/maismagazine.pt\/wp-content\/uploads\/2023\/02\/Antonio-Gil-240x300.jpg\" alt=\"\" class=\"wp-image-5710\" srcset=\"http:\/\/maismagazine.pt\/wp-content\/uploads\/2023\/02\/Antonio-Gil-240x300.jpg 240w, http:\/\/maismagazine.pt\/wp-content\/uploads\/2023\/02\/Antonio-Gil-819x1024.jpg 819w, http:\/\/maismagazine.pt\/wp-content\/uploads\/2023\/02\/Antonio-Gil-768x960.jpg 768w, http:\/\/maismagazine.pt\/wp-content\/uploads\/2023\/02\/Antonio-Gil-1229x1536.jpg 1229w, http:\/\/maismagazine.pt\/wp-content\/uploads\/2023\/02\/Antonio-Gil-1638x2048.jpg 1638w, http:\/\/maismagazine.pt\/wp-content\/uploads\/2023\/02\/Antonio-Gil-scaled.jpg 2048w\" sizes=\"auto, (max-width: 240px) 100vw, 240px\" \/><figcaption>Ant\u00f3nio Gil <\/figcaption><\/figure><\/div>\n\n\n\n<p><br><\/p>\n\n\n\n<blockquote class=\"wp-block-quote is-layout-flow wp-block-quote-is-layout-flow\"><p>Atribuo ao ensino de excecional qualidade, praticado nas institui\u00e7\u00f5es de ensino que tive o privil\u00e9gio de frequentar, o resultado do meu prof\u00edcuo percurso profissional. Tive a oportunidade de frequentar o Externato do Ribadouro, conhecido pela sua exig\u00eancia e sucesso na prepara\u00e7\u00e3o de jovens para ingresso no ensino universit\u00e1rio. Foi durante esse per\u00edodo que descobri e apreendi a import\u00e2ncia da diferen\u00e7a e da aposta no desenvolvimento das aptid\u00f5es naturais distintivas de cada um. Os profissionais do Externato Ribadouro sempre incentivaram o meu lado mais art\u00edstico, criativo, irreverente, ousado e solid\u00e1rio, desafiando-me constantemente a participar em atividades extra[1]curriculares das mais diversas, quer a n\u00edvel internacional, quer a n\u00edvel interno. <br><br>Tamb\u00e9m a Faculdade de Direito da Universidade Cat\u00f3lica do Porto, onde prossegui os estudos, foi um mundo de aprendizagem e um salto enorme em termos de abertura de horizontes e compreens\u00e3o mais aprofundada da forma como funciona a sociedade em termos globais. J\u00e1 na Queen Mary University of London, onde me especializei em Direito Internacional P\u00fablico, pude ter contacto com pessoas das mais variadas proveni\u00eancias. Isso foi extremamente enriquecedor j\u00e1 que pude perceber melhor o qu\u00e3o diversificada \u00e9 a natureza humana, conhecer e absorver as especificidades de diferentes realidades e culturas. Na Organiza\u00e7\u00e3o Mar\u00edtima Internacional tive o meu primeiro contacto com as organiza\u00e7\u00f5es internacionais e o seu papel na vanguarda do desenvolvimento de normas internacionais, aplicadas de forma universal e uniforme pelos seus estados membros. Na Comiss\u00e3o Europeia tive ocasi\u00e3o de perceber melhor o sentido do projeto europeu e do papel de cada um dos seus \u00f3rg\u00e3os.&nbsp; Nas Na\u00e7\u00f5es Unidas, tive o privil\u00e9gio de poder fazer uma abordagem mais aprofundada e atual dos temas e problem\u00e1ticas do direito do mar. Tudo isto me permitiu uma primeira passagem pelo Minist\u00e9rio do Mar como t\u00e9cnica especialista, onde experienciei o dia-a-dia governativo e tive o privil\u00e9gio de servir Portugal na minha \u00e1rea de especialidade. Posteriormente, ingressei no World Resources Institute, uma organiza\u00e7\u00e3o n\u00e3o governamental, onde pude desenvolver diversas compet\u00eancias ligadas ao desenvolvimento sustent\u00e1vel dos oceanos. H\u00e1 cerca de tr\u00eas anos voltei a ser convidada para servir o pa\u00eds, na Secretaria de Estado das Pescas e, agora, no Minist\u00e9rio da Economia e do Mar, onde dou assessoria direta ao Secret\u00e1rio de Estado do Mar nas \u00e1reas da governan\u00e7a dos oceanos, rela\u00e7\u00f5es internacionais e seguran\u00e7a mar\u00edtima. Sinto-me hoje muito bem preparada e pronta para abra\u00e7ar desafios maiores e reafirmo que o investimento em forma\u00e7\u00e3o foi uma preciosa mais-valia em todas as diferentes experi\u00eancias profissionais por que passei. Estou grata \u00e0 vida, aos meus pais e a todos os excelentes professores e profissionais com quem me cruzei e que me ajudaram a crescer como pessoa e profissional. Aprendi que nada se faz sem esfor\u00e7o e que a sorte d\u00e1 muito trabalho<br><br><br><\/p><\/blockquote>\n\n\n\n<div class=\"wp-block-image\"><figure class=\"aligncenter size-medium\"><img loading=\"lazy\" decoding=\"async\" width=\"300\" height=\"300\" src=\"http:\/\/maismagazine.pt\/wp-content\/uploads\/2023\/02\/Ines-Aguiar-Branco-2-300x300.jpg\" alt=\"\" class=\"wp-image-5715\" srcset=\"http:\/\/maismagazine.pt\/wp-content\/uploads\/2023\/02\/Ines-Aguiar-Branco-2-300x300.jpg 300w, http:\/\/maismagazine.pt\/wp-content\/uploads\/2023\/02\/Ines-Aguiar-Branco-2-150x150.jpg 150w, http:\/\/maismagazine.pt\/wp-content\/uploads\/2023\/02\/Ines-Aguiar-Branco-2.jpg 638w\" sizes=\"auto, (max-width: 300px) 100vw, 300px\" \/><figcaption>In\u00eas Aguiar Branco<\/figcaption><\/figure><\/div>\n\n\n\n<p><br><\/p>\n\n\n\n<blockquote class=\"wp-block-quote is-layout-flow wp-block-quote-is-layout-flow\"><p>Todos os bons alunos precisam de ser estimulados e foi isso que o col\u00e9gio Ribadouro me trouxe. Foi a minha ida para o Porto, em 2010, que me fez evoluir enquanto membro de uma sociedade cada vez mais competitiva e ditada pela obten\u00e7\u00e3o do conhecimento. A competitividade de um col\u00e9gio em que todos os alunos eram bons, mexeu com a minha autoestima de uma forma positiva e foi exatamente isso que me fez superar a mim mesmo. Talvez a calma e a tranquilidade de um meio rural sejam a melhor escolha para algumas etapas da nossa vida, mas por vezes \u00e9 bom sermos levados ao nosso limite. O Ribadouro fez-me perceber que o ser bom depende do meio em que nos encontramos e desde a\u00ed segui o meu percurso de vida em dire\u00e7\u00e3o \u00e0 faculdade de medicina da universidade de Coimbra, do ICBAS no Porto e atualmente da escola nacional de sa\u00fade p\u00fablica em Lisboa, onde me encontro a realizar a especializa\u00e7\u00e3o m\u00e9dica em sa\u00fade p\u00fablica. De forma complementar, iniciei ainda, em 2021 um percurso no mundo da m\u00fasica que conta atualmente com 2 singles j\u00e1 lan\u00e7ados publicamente.<\/p><\/blockquote>\n\n\n\n<p><br><\/p>\n\n\n\n<div class=\"wp-block-image\"><figure class=\"aligncenter size-medium\"><img loading=\"lazy\" decoding=\"async\" width=\"212\" height=\"300\" src=\"http:\/\/maismagazine.pt\/wp-content\/uploads\/2023\/02\/Tiago-Cardoso-212x300.jpg\" alt=\"\" class=\"wp-image-5716\" srcset=\"http:\/\/maismagazine.pt\/wp-content\/uploads\/2023\/02\/Tiago-Cardoso-212x300.jpg 212w, http:\/\/maismagazine.pt\/wp-content\/uploads\/2023\/02\/Tiago-Cardoso.jpg 628w\" sizes=\"auto, (max-width: 212px) 100vw, 212px\" \/><figcaption>Tiago Cardoso<\/figcaption><\/figure><\/div>\n\n\n\n<p><br><\/p>\n\n\n\n<blockquote class=\"wp-block-quote is-layout-flow wp-block-quote-is-layout-flow\"><p>Tendo conclu\u00eddo o 12\u00ba ano em 2016, ingressei no lnstituto Superior T\u00e9cnico no curso de Engenharia Aeroespacial (mestrado integrado). Durante a faculdade tive o prazer de participar em v\u00e1rios projetos interessantes como a JUNITEC (J\u00fanior empresa do instituto superior t\u00e9cnico) e o ISTnanosat (nanosat constru\u00eddo no instituto superior t\u00e9cnico). Tendo escolhido o major \u201cEspa\u00e7o\u201d e o minor \u201cVe\u00edculos e Miss\u00f5es\u201d, em 2019 fiz Erasmus na universidade Federico II di Napoli em It\u00e1lia. Mais tarde, em 2021, parti para o Canad\u00e1 onde participei no projeto ORCAsat (Orbital Reference Calibration satellite) da universidade de Victoria, como parte da minha tese de mestrado, trabalho que foi apresentado na confer\u00eancia Astro Casi 2021. Desde janeiro de 2022 que trabalho na ag\u00eancia espacial francesa como engenheira de controlo de voo de lan\u00e7adores reutiliz\u00e1veis. Penso que os meus anos no Ribadouro foram vitais durante todo o meu percurso. Esta \u00e9 uma escola onde a \u00e9tica de trabalho, a forte compreens\u00e3o do material em estudo e a aten\u00e7\u00e3o ao detalhe s\u00e3o encorajados. Todos estes s\u00e3o valores que ainda sigo hoje em dia.<br><br><br><\/p><\/blockquote>\n\n\n\n<div class=\"wp-block-image\"><figure class=\"aligncenter size-medium\"><img loading=\"lazy\" decoding=\"async\" width=\"271\" height=\"300\" src=\"http:\/\/maismagazine.pt\/wp-content\/uploads\/2023\/02\/Beatriz-Alves-271x300.jpg\" alt=\"\" class=\"wp-image-5726\" srcset=\"http:\/\/maismagazine.pt\/wp-content\/uploads\/2023\/02\/Beatriz-Alves-271x300.jpg 271w, http:\/\/maismagazine.pt\/wp-content\/uploads\/2023\/02\/Beatriz-Alves-925x1024.jpg 925w, http:\/\/maismagazine.pt\/wp-content\/uploads\/2023\/02\/Beatriz-Alves-768x850.jpg 768w, http:\/\/maismagazine.pt\/wp-content\/uploads\/2023\/02\/Beatriz-Alves.jpg 1019w\" sizes=\"auto, (max-width: 271px) 100vw, 271px\" \/><figcaption>Beatriz Alves<\/figcaption><\/figure><\/div>\n\n\n\n<p><br><\/p>\n\n\n\n<div class=\"wp-block-image\"><figure class=\"aligncenter size-medium\"><img decoding=\"async\" src=\"http:\/\/maismagazine.pt\/wp-content\/uploads\/2023\/02\/logomail-300x105.png\" alt=\"\" class=\"wp-image-5729\" \/><\/figure><\/div>\n","protected":false},"excerpt":{"rendered":"<p>Sou m\u00e9dico interno de forma\u00e7\u00e3o geral no Centro Hospitalar Universit\u00e1rio de Santo Ant\u00f3nio e engenheiro biom\u00e9dico e investigador numa parceria entre o servi\u00e7o de neuropatologia e o centro de investiga\u00e7\u00e3o UMIB\/ ICBAS. Estou a fazer exatamente aquilo que eu me imaginava a fazer quando estava a crescer. Como \u00e9 que&hellip;<\/p>\n","protected":false},"author":7,"featured_media":5891,"comment_status":"closed","ping_status":"open","sticky":false,"template":"","format":"standard","meta":{"advgb_blocks_editor_width":"","advgb_blocks_columns_visual_guide":"","_monsterinsights_skip_tracking":false,"_monsterinsights_sitenote_active":false,"_monsterinsights_sitenote_note":"","_monsterinsights_sitenote_category":0,"footnotes":""},"categories":[50,149],"tags":[526,525,521,1315,1316],"class_list":["post-5707","post","type-post","status-publish","format-standard","has-post-thumbnail","hentry","category-destaques","category-educacao","tag-colegios","tag-educacao","tag-ensino","tag-ribadouro","tag-testemunhos"],"yoast_head":"<!-- This site is optimized with the Yoast SEO plugin v24.4 - https:\/\/yoast.com\/wordpress\/plugins\/seo\/ -->\n<title>Abrindo Horizontes de Possibilidades - Mais Magazine<\/title>\n<meta name=\"description\" content=\"Sou m\u00e9dico interno de forma\u00e7\u00e3o geral no Centro Hospitalar Universit\u00e1rio de Santo Ant\u00f3nio e engenheiro biom\u00e9dico e investigador numa parceria entre o servi\u00e7o de neuropatologia e o centro de investiga\u00e7\u00e3o UMIB\/ ICBAS. Estou a fazer exatamente aquilo que eu me imaginava a fazer quando estava a crescer.\" \/>\n<meta name=\"robots\" content=\"index, follow, max-snippet:-1, max-image-preview:large, max-video-preview:-1\" \/>\n<link rel=\"canonical\" href=\"https:\/\/maismagazine.pt\/index.php\/2023\/02\/24\/abrindo-horizontes-de-possibilidades\/\" \/>\n<meta property=\"og:locale\" content=\"pt_PT\" \/>\n<meta property=\"og:type\" content=\"article\" \/>\n<meta property=\"og:title\" content=\"Abrindo Horizontes de Possibilidades - Mais Magazine\" \/>\n<meta property=\"og:description\" content=\"Sou m\u00e9dico interno de forma\u00e7\u00e3o geral no Centro Hospitalar Universit\u00e1rio de Santo Ant\u00f3nio e engenheiro biom\u00e9dico e investigador numa parceria entre o servi\u00e7o de neuropatologia e o centro de investiga\u00e7\u00e3o UMIB\/ ICBAS. Estou a fazer exatamente aquilo que eu me imaginava a fazer quando estava a crescer.\" \/>\n<meta property=\"og:url\" content=\"https:\/\/maismagazine.pt\/index.php\/2023\/02\/24\/abrindo-horizontes-de-possibilidades\/\" \/>\n<meta property=\"og:site_name\" content=\"Mais Magazine\" \/>\n<meta property=\"article:published_time\" content=\"2023-02-24T07:00:00+00:00\" \/>\n<meta property=\"article:modified_time\" content=\"2023-02-28T12:12:12+00:00\" \/>\n<meta property=\"og:image\" content=\"https:\/\/maismagazine.pt\/wp-content\/uploads\/2023\/02\/Logo-Ribadouro-Moldura-scaled.jpg\" \/>\n\t<meta property=\"og:image:width\" content=\"2560\" \/>\n\t<meta property=\"og:image:height\" content=\"1624\" \/>\n\t<meta property=\"og:image:type\" content=\"image\/jpeg\" \/>\n<meta name=\"author\" content=\"Jo\u00e3o Malainho\" \/>\n<meta name=\"twitter:card\" content=\"summary_large_image\" \/>\n<meta name=\"twitter:label1\" content=\"Escrito por\" \/>\n\t<meta name=\"twitter:data1\" content=\"\" \/>\n\t<meta name=\"twitter:label2\" content=\"Tempo estimado de leitura\" \/>\n\t<meta name=\"twitter:data2\" content=\"9 minutos\" \/>\n<script type=\"application\/ld+json\" class=\"yoast-schema-graph\">{\"@context\":\"https:\/\/schema.org\",\"@graph\":[{\"@type\":\"Article\",\"@id\":\"https:\/\/maismagazine.pt\/index.php\/2023\/02\/24\/abrindo-horizontes-de-possibilidades\/#article\",\"isPartOf\":{\"@id\":\"https:\/\/maismagazine.pt\/index.php\/2023\/02\/24\/abrindo-horizontes-de-possibilidades\/\"},\"author\":{\"name\":\"Jo\u00e3o Malainho\",\"@id\":\"http:\/\/maismagazine.pt\/#\/schema\/person\/999bd426f894ff56d397ec12ebd21ebb\"},\"headline\":\"Abrindo Horizontes de Possibilidades\",\"datePublished\":\"2023-02-24T07:00:00+00:00\",\"dateModified\":\"2023-02-28T12:12:12+00:00\",\"mainEntityOfPage\":{\"@id\":\"https:\/\/maismagazine.pt\/index.php\/2023\/02\/24\/abrindo-horizontes-de-possibilidades\/\"},\"wordCount\":1950,\"publisher\":{\"@id\":\"http:\/\/maismagazine.pt\/#organization\"},\"image\":{\"@id\":\"https:\/\/maismagazine.pt\/index.php\/2023\/02\/24\/abrindo-horizontes-de-possibilidades\/#primaryimage\"},\"thumbnailUrl\":\"http:\/\/maismagazine.pt\/wp-content\/uploads\/2023\/02\/Logo-Ribadouro-Moldura-scaled.jpg\",\"keywords\":[\"Col\u00e9gios\",\"Educa\u00e7\u00e3o\",\"Ensino\",\"Ribadouro\",\"testemunhos\"],\"articleSection\":[\"Destaques\",\"Educa\u00e7\u00e3o\"],\"inLanguage\":\"pt-PT\"},{\"@type\":\"WebPage\",\"@id\":\"https:\/\/maismagazine.pt\/index.php\/2023\/02\/24\/abrindo-horizontes-de-possibilidades\/\",\"url\":\"https:\/\/maismagazine.pt\/index.php\/2023\/02\/24\/abrindo-horizontes-de-possibilidades\/\",\"name\":\"Abrindo Horizontes de Possibilidades - Mais Magazine\",\"isPartOf\":{\"@id\":\"http:\/\/maismagazine.pt\/#website\"},\"primaryImageOfPage\":{\"@id\":\"https:\/\/maismagazine.pt\/index.php\/2023\/02\/24\/abrindo-horizontes-de-possibilidades\/#primaryimage\"},\"image\":{\"@id\":\"https:\/\/maismagazine.pt\/index.php\/2023\/02\/24\/abrindo-horizontes-de-possibilidades\/#primaryimage\"},\"thumbnailUrl\":\"http:\/\/maismagazine.pt\/wp-content\/uploads\/2023\/02\/Logo-Ribadouro-Moldura-scaled.jpg\",\"datePublished\":\"2023-02-24T07:00:00+00:00\",\"dateModified\":\"2023-02-28T12:12:12+00:00\",\"description\":\"Sou m\u00e9dico interno de forma\u00e7\u00e3o geral no Centro Hospitalar Universit\u00e1rio de Santo Ant\u00f3nio e engenheiro biom\u00e9dico e investigador numa parceria entre o servi\u00e7o de neuropatologia e o centro de investiga\u00e7\u00e3o UMIB\/ ICBAS. Estou a fazer exatamente aquilo que eu me imaginava a fazer quando estava a crescer.\",\"breadcrumb\":{\"@id\":\"https:\/\/maismagazine.pt\/index.php\/2023\/02\/24\/abrindo-horizontes-de-possibilidades\/#breadcrumb\"},\"inLanguage\":\"pt-PT\",\"potentialAction\":[{\"@type\":\"ReadAction\",\"target\":[\"https:\/\/maismagazine.pt\/index.php\/2023\/02\/24\/abrindo-horizontes-de-possibilidades\/\"]}]},{\"@type\":\"ImageObject\",\"inLanguage\":\"pt-PT\",\"@id\":\"https:\/\/maismagazine.pt\/index.php\/2023\/02\/24\/abrindo-horizontes-de-possibilidades\/#primaryimage\",\"url\":\"http:\/\/maismagazine.pt\/wp-content\/uploads\/2023\/02\/Logo-Ribadouro-Moldura-scaled.jpg\",\"contentUrl\":\"http:\/\/maismagazine.pt\/wp-content\/uploads\/2023\/02\/Logo-Ribadouro-Moldura-scaled.jpg\",\"width\":2560,\"height\":1624},{\"@type\":\"BreadcrumbList\",\"@id\":\"https:\/\/maismagazine.pt\/index.php\/2023\/02\/24\/abrindo-horizontes-de-possibilidades\/#breadcrumb\",\"itemListElement\":[{\"@type\":\"ListItem\",\"position\":1,\"name\":\"Home\",\"item\":\"http:\/\/maismagazine.pt\/\"},{\"@type\":\"ListItem\",\"position\":2,\"name\":\"Abrindo Horizontes de Possibilidades\"}]},{\"@type\":\"WebSite\",\"@id\":\"http:\/\/maismagazine.pt\/#website\",\"url\":\"http:\/\/maismagazine.pt\/\",\"name\":\"Mais Magazine\",\"description\":\"\",\"publisher\":{\"@id\":\"http:\/\/maismagazine.pt\/#organization\"},\"potentialAction\":[{\"@type\":\"SearchAction\",\"target\":{\"@type\":\"EntryPoint\",\"urlTemplate\":\"http:\/\/maismagazine.pt\/?s={search_term_string}\"},\"query-input\":{\"@type\":\"PropertyValueSpecification\",\"valueRequired\":true,\"valueName\":\"search_term_string\"}}],\"inLanguage\":\"pt-PT\"},{\"@type\":\"Organization\",\"@id\":\"http:\/\/maismagazine.pt\/#organization\",\"name\":\"Mais Magazine\",\"url\":\"http:\/\/maismagazine.pt\/\",\"logo\":{\"@type\":\"ImageObject\",\"inLanguage\":\"pt-PT\",\"@id\":\"http:\/\/maismagazine.pt\/#\/schema\/logo\/image\/\",\"url\":\"http:\/\/maismagazine.pt\/wp-content\/uploads\/2020\/04\/cropped-cropped-mais-magazine-site-logo-2.png\",\"contentUrl\":\"http:\/\/maismagazine.pt\/wp-content\/uploads\/2020\/04\/cropped-cropped-mais-magazine-site-logo-2.png\",\"width\":581,\"height\":90,\"caption\":\"Mais Magazine\"},\"image\":{\"@id\":\"http:\/\/maismagazine.pt\/#\/schema\/logo\/image\/\"}},{\"@type\":\"Person\",\"@id\":\"http:\/\/maismagazine.pt\/#\/schema\/person\/999bd426f894ff56d397ec12ebd21ebb\",\"name\":\"Jo\u00e3o Malainho\",\"image\":{\"@type\":\"ImageObject\",\"inLanguage\":\"pt-PT\",\"@id\":\"http:\/\/maismagazine.pt\/#\/schema\/person\/image\/\",\"url\":\"https:\/\/secure.gravatar.com\/avatar\/ff03c2f38edf60b2a827aa4f74878491?s=96&d=mm&r=g\",\"contentUrl\":\"https:\/\/secure.gravatar.com\/avatar\/ff03c2f38edf60b2a827aa4f74878491?s=96&d=mm&r=g\",\"caption\":\"Jo\u00e3o Malainho\"},\"url\":\"http:\/\/maismagazine.pt\/index.php\/author\/maismagazine\/\"}]}<\/script>\n<!-- \/ Yoast SEO plugin. -->","yoast_head_json":{"title":"Abrindo Horizontes de Possibilidades - Mais Magazine","description":"Sou m\u00e9dico interno de forma\u00e7\u00e3o geral no Centro Hospitalar Universit\u00e1rio de Santo Ant\u00f3nio e engenheiro biom\u00e9dico e investigador numa parceria entre o servi\u00e7o de neuropatologia e o centro de investiga\u00e7\u00e3o UMIB\/ ICBAS. Estou a fazer exatamente aquilo que eu me imaginava a fazer quando estava a crescer.","robots":{"index":"index","follow":"follow","max-snippet":"max-snippet:-1","max-image-preview":"max-image-preview:large","max-video-preview":"max-video-preview:-1"},"canonical":"https:\/\/maismagazine.pt\/index.php\/2023\/02\/24\/abrindo-horizontes-de-possibilidades\/","og_locale":"pt_PT","og_type":"article","og_title":"Abrindo Horizontes de Possibilidades - Mais Magazine","og_description":"Sou m\u00e9dico interno de forma\u00e7\u00e3o geral no Centro Hospitalar Universit\u00e1rio de Santo Ant\u00f3nio e engenheiro biom\u00e9dico e investigador numa parceria entre o servi\u00e7o de neuropatologia e o centro de investiga\u00e7\u00e3o UMIB\/ ICBAS. Estou a fazer exatamente aquilo que eu me imaginava a fazer quando estava a crescer.","og_url":"https:\/\/maismagazine.pt\/index.php\/2023\/02\/24\/abrindo-horizontes-de-possibilidades\/","og_site_name":"Mais Magazine","article_published_time":"2023-02-24T07:00:00+00:00","article_modified_time":"2023-02-28T12:12:12+00:00","og_image":[{"width":2560,"height":1624,"url":"https:\/\/maismagazine.pt\/wp-content\/uploads\/2023\/02\/Logo-Ribadouro-Moldura-scaled.jpg","type":"image\/jpeg"}],"author":"Jo\u00e3o Malainho","twitter_card":"summary_large_image","twitter_misc":{"Escrito por":false,"Tempo estimado de leitura":"9 minutos"},"schema":{"@context":"https:\/\/schema.org","@graph":[{"@type":"Article","@id":"https:\/\/maismagazine.pt\/index.php\/2023\/02\/24\/abrindo-horizontes-de-possibilidades\/#article","isPartOf":{"@id":"https:\/\/maismagazine.pt\/index.php\/2023\/02\/24\/abrindo-horizontes-de-possibilidades\/"},"author":{"name":"Jo\u00e3o Malainho","@id":"http:\/\/maismagazine.pt\/#\/schema\/person\/999bd426f894ff56d397ec12ebd21ebb"},"headline":"Abrindo Horizontes de Possibilidades","datePublished":"2023-02-24T07:00:00+00:00","dateModified":"2023-02-28T12:12:12+00:00","mainEntityOfPage":{"@id":"https:\/\/maismagazine.pt\/index.php\/2023\/02\/24\/abrindo-horizontes-de-possibilidades\/"},"wordCount":1950,"publisher":{"@id":"http:\/\/maismagazine.pt\/#organization"},"image":{"@id":"https:\/\/maismagazine.pt\/index.php\/2023\/02\/24\/abrindo-horizontes-de-possibilidades\/#primaryimage"},"thumbnailUrl":"http:\/\/maismagazine.pt\/wp-content\/uploads\/2023\/02\/Logo-Ribadouro-Moldura-scaled.jpg","keywords":["Col\u00e9gios","Educa\u00e7\u00e3o","Ensino","Ribadouro","testemunhos"],"articleSection":["Destaques","Educa\u00e7\u00e3o"],"inLanguage":"pt-PT"},{"@type":"WebPage","@id":"https:\/\/maismagazine.pt\/index.php\/2023\/02\/24\/abrindo-horizontes-de-possibilidades\/","url":"https:\/\/maismagazine.pt\/index.php\/2023\/02\/24\/abrindo-horizontes-de-possibilidades\/","name":"Abrindo Horizontes de Possibilidades - Mais Magazine","isPartOf":{"@id":"http:\/\/maismagazine.pt\/#website"},"primaryImageOfPage":{"@id":"https:\/\/maismagazine.pt\/index.php\/2023\/02\/24\/abrindo-horizontes-de-possibilidades\/#primaryimage"},"image":{"@id":"https:\/\/maismagazine.pt\/index.php\/2023\/02\/24\/abrindo-horizontes-de-possibilidades\/#primaryimage"},"thumbnailUrl":"http:\/\/maismagazine.pt\/wp-content\/uploads\/2023\/02\/Logo-Ribadouro-Moldura-scaled.jpg","datePublished":"2023-02-24T07:00:00+00:00","dateModified":"2023-02-28T12:12:12+00:00","description":"Sou m\u00e9dico interno de forma\u00e7\u00e3o geral no Centro Hospitalar Universit\u00e1rio de Santo Ant\u00f3nio e engenheiro biom\u00e9dico e investigador numa parceria entre o servi\u00e7o de neuropatologia e o centro de investiga\u00e7\u00e3o UMIB\/ ICBAS. Estou a fazer exatamente aquilo que eu me imaginava a fazer quando estava a crescer.","breadcrumb":{"@id":"https:\/\/maismagazine.pt\/index.php\/2023\/02\/24\/abrindo-horizontes-de-possibilidades\/#breadcrumb"},"inLanguage":"pt-PT","potentialAction":[{"@type":"ReadAction","target":["https:\/\/maismagazine.pt\/index.php\/2023\/02\/24\/abrindo-horizontes-de-possibilidades\/"]}]},{"@type":"ImageObject","inLanguage":"pt-PT","@id":"https:\/\/maismagazine.pt\/index.php\/2023\/02\/24\/abrindo-horizontes-de-possibilidades\/#primaryimage","url":"http:\/\/maismagazine.pt\/wp-content\/uploads\/2023\/02\/Logo-Ribadouro-Moldura-scaled.jpg","contentUrl":"http:\/\/maismagazine.pt\/wp-content\/uploads\/2023\/02\/Logo-Ribadouro-Moldura-scaled.jpg","width":2560,"height":1624},{"@type":"BreadcrumbList","@id":"https:\/\/maismagazine.pt\/index.php\/2023\/02\/24\/abrindo-horizontes-de-possibilidades\/#breadcrumb","itemListElement":[{"@type":"ListItem","position":1,"name":"Home","item":"http:\/\/maismagazine.pt\/"},{"@type":"ListItem","position":2,"name":"Abrindo Horizontes de Possibilidades"}]},{"@type":"WebSite","@id":"http:\/\/maismagazine.pt\/#website","url":"http:\/\/maismagazine.pt\/","name":"Mais Magazine","description":"","publisher":{"@id":"http:\/\/maismagazine.pt\/#organization"},"potentialAction":[{"@type":"SearchAction","target":{"@type":"EntryPoint","urlTemplate":"http:\/\/maismagazine.pt\/?s={search_term_string}"},"query-input":{"@type":"PropertyValueSpecification","valueRequired":true,"valueName":"search_term_string"}}],"inLanguage":"pt-PT"},{"@type":"Organization","@id":"http:\/\/maismagazine.pt\/#organization","name":"Mais Magazine","url":"http:\/\/maismagazine.pt\/","logo":{"@type":"ImageObject","inLanguage":"pt-PT","@id":"http:\/\/maismagazine.pt\/#\/schema\/logo\/image\/","url":"http:\/\/maismagazine.pt\/wp-content\/uploads\/2020\/04\/cropped-cropped-mais-magazine-site-logo-2.png","contentUrl":"http:\/\/maismagazine.pt\/wp-content\/uploads\/2020\/04\/cropped-cropped-mais-magazine-site-logo-2.png","width":581,"height":90,"caption":"Mais Magazine"},"image":{"@id":"http:\/\/maismagazine.pt\/#\/schema\/logo\/image\/"}},{"@type":"Person","@id":"http:\/\/maismagazine.pt\/#\/schema\/person\/999bd426f894ff56d397ec12ebd21ebb","name":"Jo\u00e3o Malainho","image":{"@type":"ImageObject","inLanguage":"pt-PT","@id":"http:\/\/maismagazine.pt\/#\/schema\/person\/image\/","url":"https:\/\/secure.gravatar.com\/avatar\/ff03c2f38edf60b2a827aa4f74878491?s=96&d=mm&r=g","contentUrl":"https:\/\/secure.gravatar.com\/avatar\/ff03c2f38edf60b2a827aa4f74878491?s=96&d=mm&r=g","caption":"Jo\u00e3o Malainho"},"url":"http:\/\/maismagazine.pt\/index.php\/author\/maismagazine\/"}]}},"author_meta":{"display_name":false,"author_link":"http:\/\/maismagazine.pt\/index.php\/author\/maismagazine\/"},"featured_img":"http:\/\/maismagazine.pt\/wp-content\/uploads\/2023\/02\/Logo-Ribadouro-Moldura-300x190.jpg","coauthors":[],"tax_additional":{"categories":{"linked":["<a href=\"http:\/\/maismagazine.pt\/index.php\/category\/destaques\/\" class=\"advgb-post-tax-term\">Destaques<\/a>","<a href=\"http:\/\/maismagazine.pt\/index.php\/category\/educacao\/\" class=\"advgb-post-tax-term\">Educa\u00e7\u00e3o<\/a>"],"unlinked":["<span class=\"advgb-post-tax-term\">Destaques<\/span>","<span class=\"advgb-post-tax-term\">Educa\u00e7\u00e3o<\/span>"]},"tags":{"linked":["<a href=\"http:\/\/maismagazine.pt\/index.php\/category\/educacao\/\" class=\"advgb-post-tax-term\">Col\u00e9gios<\/a>","<a href=\"http:\/\/maismagazine.pt\/index.php\/category\/educacao\/\" class=\"advgb-post-tax-term\">Educa\u00e7\u00e3o<\/a>","<a href=\"http:\/\/maismagazine.pt\/index.php\/category\/educacao\/\" class=\"advgb-post-tax-term\">Ensino<\/a>","<a href=\"http:\/\/maismagazine.pt\/index.php\/category\/educacao\/\" class=\"advgb-post-tax-term\">Ribadouro<\/a>","<a href=\"http:\/\/maismagazine.pt\/index.php\/category\/educacao\/\" class=\"advgb-post-tax-term\">testemunhos<\/a>"],"unlinked":["<span class=\"advgb-post-tax-term\">Col\u00e9gios<\/span>","<span class=\"advgb-post-tax-term\">Educa\u00e7\u00e3o<\/span>","<span class=\"advgb-post-tax-term\">Ensino<\/span>","<span class=\"advgb-post-tax-term\">Ribadouro<\/span>","<span class=\"advgb-post-tax-term\">testemunhos<\/span>"]}},"comment_count":"0","relative_dates":{"created":"Posted 3 anos ago","modified":"Updated 3 anos ago"},"absolute_dates":{"created":"Posted on 24 de Fevereiro, 2023","modified":"Updated on 28 de Fevereiro, 2023"},"absolute_dates_time":{"created":"Posted on 24 de Fevereiro, 2023 7:00","modified":"Updated on 28 de Fevereiro, 2023 12:12"},"featured_img_caption":"","series_order":"","_links":{"self":[{"href":"http:\/\/maismagazine.pt\/index.php\/wp-json\/wp\/v2\/posts\/5707","targetHints":{"allow":["GET"]}}],"collection":[{"href":"http:\/\/maismagazine.pt\/index.php\/wp-json\/wp\/v2\/posts"}],"about":[{"href":"http:\/\/maismagazine.pt\/index.php\/wp-json\/wp\/v2\/types\/post"}],"author":[{"embeddable":true,"href":"http:\/\/maismagazine.pt\/index.php\/wp-json\/wp\/v2\/users\/7"}],"replies":[{"embeddable":true,"href":"http:\/\/maismagazine.pt\/index.php\/wp-json\/wp\/v2\/comments?post=5707"}],"version-history":[{"count":4,"href":"http:\/\/maismagazine.pt\/index.php\/wp-json\/wp\/v2\/posts\/5707\/revisions"}],"predecessor-version":[{"id":5886,"href":"http:\/\/maismagazine.pt\/index.php\/wp-json\/wp\/v2\/posts\/5707\/revisions\/5886"}],"wp:featuredmedia":[{"embeddable":true,"href":"http:\/\/maismagazine.pt\/index.php\/wp-json\/wp\/v2\/media\/5891"}],"wp:attachment":[{"href":"http:\/\/maismagazine.pt\/index.php\/wp-json\/wp\/v2\/media?parent=5707"}],"wp:term":[{"taxonomy":"category","embeddable":true,"href":"http:\/\/maismagazine.pt\/index.php\/wp-json\/wp\/v2\/categories?post=5707"},{"taxonomy":"post_tag","embeddable":true,"href":"http:\/\/maismagazine.pt\/index.php\/wp-json\/wp\/v2\/tags?post=5707"}],"curies":[{"name":"wp","href":"https:\/\/api.w.org\/{rel}","templated":true}]}}