{"id":5683,"date":"2023-02-24T07:00:00","date_gmt":"2023-02-24T07:00:00","guid":{"rendered":"http:\/\/maismagazine.pt\/?p=5683"},"modified":"2023-02-16T14:19:55","modified_gmt":"2023-02-16T14:19:55","slug":"a-contribuicao-para-um-ensino-superior-de-maior-qualidade","status":"publish","type":"post","link":"http:\/\/maismagazine.pt\/index.php\/2023\/02\/24\/a-contribuicao-para-um-ensino-superior-de-maior-qualidade\/","title":{"rendered":"A contribui\u00e7\u00e3o para um Ensino Superior de maior qualidade"},"content":{"rendered":"\n<p><strong>O <a href=\"https:\/\/ccisp.pt\/pt\/inicio\/\">Conselho Coordenador dos Institutos Superiores Polit\u00e9cnicos<\/a>, criado em 1979, \u00e9 um \u00f3rg\u00e3o que representa, de forma conjunta, as institui\u00e7\u00f5es p\u00fablicas de Ensino Superior Polit\u00e9cnico em Portugal. Atualmente, fazem parte desta organiza\u00e7\u00e3o representativa os institutos superiores polit\u00e9cnicos p\u00fablicos, as escolas superiores n\u00e3o integradas e, ainda, as universidades dos A\u00e7ores, do Algarve, de Aveiro e da Madeira.<\/strong><br><br>Para a Presidente do Conselho Coordenador dos Institutos Superiores Polit\u00e9cnicos (CCISP), Maria Jos\u00e9 Fernandes, este \u00f3rg\u00e3o promove a coopera\u00e7\u00e3o e a uni\u00e3o entre os elementos integrantes. \u201cValores que s\u00e3o considerados fundamentais e est\u00e3o na base do trabalho e da defini\u00e7\u00e3o da nossa estrat\u00e9gia e linhas de a\u00e7\u00e3o. \u00c9 assim que sustentamos todo o nosso trabalho, em prol do cumprimento da miss\u00e3o que est\u00e1 adstrita ao Ensino Superior\u201d, clarifica.<br><br>O CCISP, caraterizado pela sua compet\u00eancia, assume a vontade de afirmar os polit\u00e9cnicos, enquanto \u201cagentes transformadores\u201d, dado que, uma das principais miss\u00f5es assenta na contribui\u00e7\u00e3o para que Portugal possa dispor de um Ensino Superior \u201cmoderno, din\u00e2mico e eficiente\u201d. Acima de tudo, que prepare as novas gera\u00e7\u00f5es para terem a capacidade de enfrentar, \u201ccom compet\u00eancia, os desafios do presente e do futuro\u201d.<br><br>No \u00e2mbito do Portugal Polytechnics International Network (PPIN) est\u00e3o a disseminar a internacionaliza\u00e7\u00e3o do Ensino Superior Polit\u00e9cnico e \u201ca refor\u00e7ar la\u00e7os com cong\u00e9neres de pa\u00edses identificados como mercados estrat\u00e9gicos, firmando parcerias de fulcral import\u00e2ncia para os estudantes, que assim t\u00eam a possibilidade de estar mais bem preparados para o mercado de trabalho\u201d, afirma. Para a Presidente do CCISP, caso seja decidido que os institutos superiores podem passar a atribuir doutoramentos, ser\u00e1 potenciada \u201cuma tipologia formativa de matriz inegavelmente polit\u00e9cnica, refor\u00e7ando o acesso \u00e0 ci\u00eancia baseada na pr\u00e1tica, pelas empresas implementadas em Portugal\u201d. O Conselho acredita que esta mudan\u00e7a pode aprofundar a dualidade do sistema de ensino superior, refutando os medos que dizem respeito \u00e0 \u201cdilui\u00e7\u00e3o dos subsistemas, \u00e0 perda de diversidade ou ao isomorfismo das institui\u00e7\u00f5es\u201d.<br><br><\/p>\n\n\n\n<p>Outra das reivindica\u00e7\u00f5es em cima da mesa passa por alterar a designa\u00e7\u00e3o para \u201cUniversidades Polit\u00e9cnicas\u201d. Isto porque, a denomina\u00e7\u00e3o atual \u201cdificulta o di\u00e1logo com os v\u00e1rios parceiros internacionais\u201d, uma vez que mostram dificuldades em perceber qual a posi\u00e7\u00e3o tomada pelos Polit\u00e9cnicos, no sistema nacional de ensino superior. Neste ano de 2023, o CCISP espera, \u201cdesde logo, a consagra\u00e7\u00e3o destas altera\u00e7\u00f5es muito concretas\u201d, que se mostram substanciais para o sucesso do Ensino Superior portugu\u00eas.<br><br><\/p>\n\n\n\n<div class=\"wp-block-image\"><figure class=\"aligncenter size-full\"><img loading=\"lazy\" decoding=\"async\" width=\"200\" height=\"80\" src=\"http:\/\/maismagazine.pt\/wp-content\/uploads\/2023\/02\/logo_CCISP.png\" alt=\"\" class=\"wp-image-5688\" \/><\/figure><\/div>\n","protected":false},"excerpt":{"rendered":"<p>O Conselho Coordenador dos Institutos Superiores Polit\u00e9cnicos, criado em 1979, \u00e9 um \u00f3rg\u00e3o que representa, de forma conjunta, as institui\u00e7\u00f5es p\u00fablicas de Ensino Superior Polit\u00e9cnico em Portugal. Atualmente, fazem parte desta organiza\u00e7\u00e3o representativa os institutos superiores polit\u00e9cnicos p\u00fablicos, as escolas superiores n\u00e3o integradas e, ainda, as universidades dos A\u00e7ores, do&hellip;<\/p>\n","protected":false},"author":7,"featured_media":5689,"comment_status":"closed","ping_status":"open","sticky":false,"template":"","format":"standard","meta":{"advgb_blocks_editor_width":"","advgb_blocks_columns_visual_guide":"","_monsterinsights_skip_tracking":false,"_monsterinsights_sitenote_active":false,"_monsterinsights_sitenote_note":"","_monsterinsights_sitenote_category":0,"footnotes":""},"categories":[52,149],"tags":[1304,525,521,1305],"class_list":["post-5683","post","type-post","status-publish","format-standard","has-post-thumbnail","hentry","category-destaque","category-educacao","tag-ccisp","tag-educacao","tag-ensino","tag-institutos-politecnicos"],"yoast_head":"<!-- This site is optimized with the Yoast SEO plugin v24.4 - https:\/\/yoast.com\/wordpress\/plugins\/seo\/ -->\n<title>A contribui\u00e7\u00e3o para um Ensino Superior de maior qualidade - Mais Magazine<\/title>\n<meta name=\"description\" content=\"stitui\u00e7\u00f5es p\u00fablicas de Ensino Superior Polit\u00e9cnico em Portugal. Atualmente, fazem parte desta organiza\u00e7\u00e3o representativa os institutos superiores polit\u00e9cnicos p\u00fablicos, as escolas superiores n\u00e3o integradas e, ainda, as universidades dos A\u00e7ores, do Algarve, de Aveiro e da Madeira.\" \/>\n<meta name=\"robots\" content=\"index, follow, max-snippet:-1, max-image-preview:large, max-video-preview:-1\" \/>\n<link rel=\"canonical\" href=\"http:\/\/maismagazine.pt\/index.php\/2023\/02\/24\/a-contribuicao-para-um-ensino-superior-de-maior-qualidade\/\" \/>\n<meta property=\"og:locale\" content=\"pt_PT\" \/>\n<meta property=\"og:type\" content=\"article\" \/>\n<meta property=\"og:title\" content=\"A contribui\u00e7\u00e3o para um Ensino Superior de maior qualidade - Mais Magazine\" \/>\n<meta property=\"og:description\" content=\"stitui\u00e7\u00f5es p\u00fablicas de Ensino Superior Polit\u00e9cnico em Portugal. Atualmente, fazem parte desta organiza\u00e7\u00e3o representativa os institutos superiores polit\u00e9cnicos p\u00fablicos, as escolas superiores n\u00e3o integradas e, ainda, as universidades dos A\u00e7ores, do Algarve, de Aveiro e da Madeira.\" \/>\n<meta property=\"og:url\" content=\"http:\/\/maismagazine.pt\/index.php\/2023\/02\/24\/a-contribuicao-para-um-ensino-superior-de-maior-qualidade\/\" \/>\n<meta property=\"og:site_name\" content=\"Mais Magazine\" \/>\n<meta property=\"article:published_time\" content=\"2023-02-24T07:00:00+00:00\" \/>\n<meta property=\"og:image\" content=\"http:\/\/maismagazine.pt\/wp-content\/uploads\/2023\/02\/1_new-scaled.jpg\" \/>\n\t<meta property=\"og:image:width\" content=\"2560\" \/>\n\t<meta property=\"og:image:height\" content=\"1707\" \/>\n\t<meta property=\"og:image:type\" content=\"image\/jpeg\" \/>\n<meta name=\"author\" content=\"Jo\u00e3o Malainho\" \/>\n<meta name=\"twitter:card\" content=\"summary_large_image\" \/>\n<meta name=\"twitter:label1\" content=\"Escrito por\" \/>\n\t<meta name=\"twitter:data1\" content=\"\" \/>\n\t<meta name=\"twitter:label2\" content=\"Tempo estimado de leitura\" \/>\n\t<meta name=\"twitter:data2\" content=\"2 minutos\" \/>\n<script type=\"application\/ld+json\" class=\"yoast-schema-graph\">{\"@context\":\"https:\/\/schema.org\",\"@graph\":[{\"@type\":\"Article\",\"@id\":\"http:\/\/maismagazine.pt\/index.php\/2023\/02\/24\/a-contribuicao-para-um-ensino-superior-de-maior-qualidade\/#article\",\"isPartOf\":{\"@id\":\"http:\/\/maismagazine.pt\/index.php\/2023\/02\/24\/a-contribuicao-para-um-ensino-superior-de-maior-qualidade\/\"},\"author\":{\"name\":\"Jo\u00e3o Malainho\",\"@id\":\"https:\/\/maismagazine.pt\/#\/schema\/person\/999bd426f894ff56d397ec12ebd21ebb\"},\"headline\":\"A contribui\u00e7\u00e3o para um Ensino Superior de maior qualidade\",\"datePublished\":\"2023-02-24T07:00:00+00:00\",\"mainEntityOfPage\":{\"@id\":\"http:\/\/maismagazine.pt\/index.php\/2023\/02\/24\/a-contribuicao-para-um-ensino-superior-de-maior-qualidade\/\"},\"wordCount\":442,\"publisher\":{\"@id\":\"https:\/\/maismagazine.pt\/#organization\"},\"image\":{\"@id\":\"http:\/\/maismagazine.pt\/index.php\/2023\/02\/24\/a-contribuicao-para-um-ensino-superior-de-maior-qualidade\/#primaryimage\"},\"thumbnailUrl\":\"http:\/\/maismagazine.pt\/wp-content\/uploads\/2023\/02\/1_new-scaled.jpg\",\"keywords\":[\"CCISP\",\"Educa\u00e7\u00e3o\",\"Ensino\",\"Institutos Polit\u00e9cnicos\"],\"articleSection\":[\"Destaque lateral\",\"Educa\u00e7\u00e3o\"],\"inLanguage\":\"pt-PT\"},{\"@type\":\"WebPage\",\"@id\":\"http:\/\/maismagazine.pt\/index.php\/2023\/02\/24\/a-contribuicao-para-um-ensino-superior-de-maior-qualidade\/\",\"url\":\"http:\/\/maismagazine.pt\/index.php\/2023\/02\/24\/a-contribuicao-para-um-ensino-superior-de-maior-qualidade\/\",\"name\":\"A contribui\u00e7\u00e3o para um Ensino Superior de maior qualidade - Mais Magazine\",\"isPartOf\":{\"@id\":\"https:\/\/maismagazine.pt\/#website\"},\"primaryImageOfPage\":{\"@id\":\"http:\/\/maismagazine.pt\/index.php\/2023\/02\/24\/a-contribuicao-para-um-ensino-superior-de-maior-qualidade\/#primaryimage\"},\"image\":{\"@id\":\"http:\/\/maismagazine.pt\/index.php\/2023\/02\/24\/a-contribuicao-para-um-ensino-superior-de-maior-qualidade\/#primaryimage\"},\"thumbnailUrl\":\"http:\/\/maismagazine.pt\/wp-content\/uploads\/2023\/02\/1_new-scaled.jpg\",\"datePublished\":\"2023-02-24T07:00:00+00:00\",\"description\":\"stitui\u00e7\u00f5es p\u00fablicas de Ensino Superior Polit\u00e9cnico em Portugal. Atualmente, fazem parte desta organiza\u00e7\u00e3o representativa os institutos superiores polit\u00e9cnicos p\u00fablicos, as escolas superiores n\u00e3o integradas e, ainda, as universidades dos A\u00e7ores, do Algarve, de Aveiro e da Madeira.\",\"breadcrumb\":{\"@id\":\"http:\/\/maismagazine.pt\/index.php\/2023\/02\/24\/a-contribuicao-para-um-ensino-superior-de-maior-qualidade\/#breadcrumb\"},\"inLanguage\":\"pt-PT\",\"potentialAction\":[{\"@type\":\"ReadAction\",\"target\":[\"http:\/\/maismagazine.pt\/index.php\/2023\/02\/24\/a-contribuicao-para-um-ensino-superior-de-maior-qualidade\/\"]}]},{\"@type\":\"ImageObject\",\"inLanguage\":\"pt-PT\",\"@id\":\"http:\/\/maismagazine.pt\/index.php\/2023\/02\/24\/a-contribuicao-para-um-ensino-superior-de-maior-qualidade\/#primaryimage\",\"url\":\"http:\/\/maismagazine.pt\/wp-content\/uploads\/2023\/02\/1_new-scaled.jpg\",\"contentUrl\":\"http:\/\/maismagazine.pt\/wp-content\/uploads\/2023\/02\/1_new-scaled.jpg\",\"width\":2560,\"height\":1707},{\"@type\":\"BreadcrumbList\",\"@id\":\"http:\/\/maismagazine.pt\/index.php\/2023\/02\/24\/a-contribuicao-para-um-ensino-superior-de-maior-qualidade\/#breadcrumb\",\"itemListElement\":[{\"@type\":\"ListItem\",\"position\":1,\"name\":\"Home\",\"item\":\"https:\/\/maismagazine.pt\/\"},{\"@type\":\"ListItem\",\"position\":2,\"name\":\"A contribui\u00e7\u00e3o para um Ensino Superior de maior qualidade\"}]},{\"@type\":\"WebSite\",\"@id\":\"https:\/\/maismagazine.pt\/#website\",\"url\":\"https:\/\/maismagazine.pt\/\",\"name\":\"Mais Magazine\",\"description\":\"\",\"publisher\":{\"@id\":\"https:\/\/maismagazine.pt\/#organization\"},\"potentialAction\":[{\"@type\":\"SearchAction\",\"target\":{\"@type\":\"EntryPoint\",\"urlTemplate\":\"https:\/\/maismagazine.pt\/?s={search_term_string}\"},\"query-input\":{\"@type\":\"PropertyValueSpecification\",\"valueRequired\":true,\"valueName\":\"search_term_string\"}}],\"inLanguage\":\"pt-PT\"},{\"@type\":\"Organization\",\"@id\":\"https:\/\/maismagazine.pt\/#organization\",\"name\":\"Mais Magazine\",\"url\":\"https:\/\/maismagazine.pt\/\",\"logo\":{\"@type\":\"ImageObject\",\"inLanguage\":\"pt-PT\",\"@id\":\"https:\/\/maismagazine.pt\/#\/schema\/logo\/image\/\",\"url\":\"http:\/\/maismagazine.pt\/wp-content\/uploads\/2020\/04\/cropped-cropped-mais-magazine-site-logo-2.png\",\"contentUrl\":\"http:\/\/maismagazine.pt\/wp-content\/uploads\/2020\/04\/cropped-cropped-mais-magazine-site-logo-2.png\",\"width\":581,\"height\":90,\"caption\":\"Mais Magazine\"},\"image\":{\"@id\":\"https:\/\/maismagazine.pt\/#\/schema\/logo\/image\/\"}},{\"@type\":\"Person\",\"@id\":\"https:\/\/maismagazine.pt\/#\/schema\/person\/999bd426f894ff56d397ec12ebd21ebb\",\"name\":\"Jo\u00e3o Malainho\",\"image\":{\"@type\":\"ImageObject\",\"inLanguage\":\"pt-PT\",\"@id\":\"https:\/\/maismagazine.pt\/#\/schema\/person\/image\/\",\"url\":\"https:\/\/secure.gravatar.com\/avatar\/ff03c2f38edf60b2a827aa4f74878491?s=96&d=mm&r=g\",\"contentUrl\":\"https:\/\/secure.gravatar.com\/avatar\/ff03c2f38edf60b2a827aa4f74878491?s=96&d=mm&r=g\",\"caption\":\"Jo\u00e3o Malainho\"},\"url\":\"http:\/\/maismagazine.pt\/index.php\/author\/maismagazine\/\"}]}<\/script>\n<!-- \/ Yoast SEO plugin. -->","yoast_head_json":{"title":"A contribui\u00e7\u00e3o para um Ensino Superior de maior qualidade - Mais Magazine","description":"stitui\u00e7\u00f5es p\u00fablicas de Ensino Superior Polit\u00e9cnico em Portugal. Atualmente, fazem parte desta organiza\u00e7\u00e3o representativa os institutos superiores polit\u00e9cnicos p\u00fablicos, as escolas superiores n\u00e3o integradas e, ainda, as universidades dos A\u00e7ores, do Algarve, de Aveiro e da Madeira.","robots":{"index":"index","follow":"follow","max-snippet":"max-snippet:-1","max-image-preview":"max-image-preview:large","max-video-preview":"max-video-preview:-1"},"canonical":"http:\/\/maismagazine.pt\/index.php\/2023\/02\/24\/a-contribuicao-para-um-ensino-superior-de-maior-qualidade\/","og_locale":"pt_PT","og_type":"article","og_title":"A contribui\u00e7\u00e3o para um Ensino Superior de maior qualidade - Mais Magazine","og_description":"stitui\u00e7\u00f5es p\u00fablicas de Ensino Superior Polit\u00e9cnico em Portugal. Atualmente, fazem parte desta organiza\u00e7\u00e3o representativa os institutos superiores polit\u00e9cnicos p\u00fablicos, as escolas superiores n\u00e3o integradas e, ainda, as universidades dos A\u00e7ores, do Algarve, de Aveiro e da Madeira.","og_url":"http:\/\/maismagazine.pt\/index.php\/2023\/02\/24\/a-contribuicao-para-um-ensino-superior-de-maior-qualidade\/","og_site_name":"Mais Magazine","article_published_time":"2023-02-24T07:00:00+00:00","og_image":[{"width":2560,"height":1707,"url":"http:\/\/maismagazine.pt\/wp-content\/uploads\/2023\/02\/1_new-scaled.jpg","type":"image\/jpeg"}],"author":"Jo\u00e3o Malainho","twitter_card":"summary_large_image","twitter_misc":{"Escrito por":false,"Tempo estimado de leitura":"2 minutos"},"schema":{"@context":"https:\/\/schema.org","@graph":[{"@type":"Article","@id":"http:\/\/maismagazine.pt\/index.php\/2023\/02\/24\/a-contribuicao-para-um-ensino-superior-de-maior-qualidade\/#article","isPartOf":{"@id":"http:\/\/maismagazine.pt\/index.php\/2023\/02\/24\/a-contribuicao-para-um-ensino-superior-de-maior-qualidade\/"},"author":{"name":"Jo\u00e3o Malainho","@id":"https:\/\/maismagazine.pt\/#\/schema\/person\/999bd426f894ff56d397ec12ebd21ebb"},"headline":"A contribui\u00e7\u00e3o para um Ensino Superior de maior qualidade","datePublished":"2023-02-24T07:00:00+00:00","mainEntityOfPage":{"@id":"http:\/\/maismagazine.pt\/index.php\/2023\/02\/24\/a-contribuicao-para-um-ensino-superior-de-maior-qualidade\/"},"wordCount":442,"publisher":{"@id":"https:\/\/maismagazine.pt\/#organization"},"image":{"@id":"http:\/\/maismagazine.pt\/index.php\/2023\/02\/24\/a-contribuicao-para-um-ensino-superior-de-maior-qualidade\/#primaryimage"},"thumbnailUrl":"http:\/\/maismagazine.pt\/wp-content\/uploads\/2023\/02\/1_new-scaled.jpg","keywords":["CCISP","Educa\u00e7\u00e3o","Ensino","Institutos Polit\u00e9cnicos"],"articleSection":["Destaque lateral","Educa\u00e7\u00e3o"],"inLanguage":"pt-PT"},{"@type":"WebPage","@id":"http:\/\/maismagazine.pt\/index.php\/2023\/02\/24\/a-contribuicao-para-um-ensino-superior-de-maior-qualidade\/","url":"http:\/\/maismagazine.pt\/index.php\/2023\/02\/24\/a-contribuicao-para-um-ensino-superior-de-maior-qualidade\/","name":"A contribui\u00e7\u00e3o para um Ensino Superior de maior qualidade - Mais Magazine","isPartOf":{"@id":"https:\/\/maismagazine.pt\/#website"},"primaryImageOfPage":{"@id":"http:\/\/maismagazine.pt\/index.php\/2023\/02\/24\/a-contribuicao-para-um-ensino-superior-de-maior-qualidade\/#primaryimage"},"image":{"@id":"http:\/\/maismagazine.pt\/index.php\/2023\/02\/24\/a-contribuicao-para-um-ensino-superior-de-maior-qualidade\/#primaryimage"},"thumbnailUrl":"http:\/\/maismagazine.pt\/wp-content\/uploads\/2023\/02\/1_new-scaled.jpg","datePublished":"2023-02-24T07:00:00+00:00","description":"stitui\u00e7\u00f5es p\u00fablicas de Ensino Superior Polit\u00e9cnico em Portugal. Atualmente, fazem parte desta organiza\u00e7\u00e3o representativa os institutos superiores polit\u00e9cnicos p\u00fablicos, as escolas superiores n\u00e3o integradas e, ainda, as universidades dos A\u00e7ores, do Algarve, de Aveiro e da Madeira.","breadcrumb":{"@id":"http:\/\/maismagazine.pt\/index.php\/2023\/02\/24\/a-contribuicao-para-um-ensino-superior-de-maior-qualidade\/#breadcrumb"},"inLanguage":"pt-PT","potentialAction":[{"@type":"ReadAction","target":["http:\/\/maismagazine.pt\/index.php\/2023\/02\/24\/a-contribuicao-para-um-ensino-superior-de-maior-qualidade\/"]}]},{"@type":"ImageObject","inLanguage":"pt-PT","@id":"http:\/\/maismagazine.pt\/index.php\/2023\/02\/24\/a-contribuicao-para-um-ensino-superior-de-maior-qualidade\/#primaryimage","url":"http:\/\/maismagazine.pt\/wp-content\/uploads\/2023\/02\/1_new-scaled.jpg","contentUrl":"http:\/\/maismagazine.pt\/wp-content\/uploads\/2023\/02\/1_new-scaled.jpg","width":2560,"height":1707},{"@type":"BreadcrumbList","@id":"http:\/\/maismagazine.pt\/index.php\/2023\/02\/24\/a-contribuicao-para-um-ensino-superior-de-maior-qualidade\/#breadcrumb","itemListElement":[{"@type":"ListItem","position":1,"name":"Home","item":"https:\/\/maismagazine.pt\/"},{"@type":"ListItem","position":2,"name":"A contribui\u00e7\u00e3o para um Ensino Superior de maior qualidade"}]},{"@type":"WebSite","@id":"https:\/\/maismagazine.pt\/#website","url":"https:\/\/maismagazine.pt\/","name":"Mais Magazine","description":"","publisher":{"@id":"https:\/\/maismagazine.pt\/#organization"},"potentialAction":[{"@type":"SearchAction","target":{"@type":"EntryPoint","urlTemplate":"https:\/\/maismagazine.pt\/?s={search_term_string}"},"query-input":{"@type":"PropertyValueSpecification","valueRequired":true,"valueName":"search_term_string"}}],"inLanguage":"pt-PT"},{"@type":"Organization","@id":"https:\/\/maismagazine.pt\/#organization","name":"Mais Magazine","url":"https:\/\/maismagazine.pt\/","logo":{"@type":"ImageObject","inLanguage":"pt-PT","@id":"https:\/\/maismagazine.pt\/#\/schema\/logo\/image\/","url":"http:\/\/maismagazine.pt\/wp-content\/uploads\/2020\/04\/cropped-cropped-mais-magazine-site-logo-2.png","contentUrl":"http:\/\/maismagazine.pt\/wp-content\/uploads\/2020\/04\/cropped-cropped-mais-magazine-site-logo-2.png","width":581,"height":90,"caption":"Mais Magazine"},"image":{"@id":"https:\/\/maismagazine.pt\/#\/schema\/logo\/image\/"}},{"@type":"Person","@id":"https:\/\/maismagazine.pt\/#\/schema\/person\/999bd426f894ff56d397ec12ebd21ebb","name":"Jo\u00e3o Malainho","image":{"@type":"ImageObject","inLanguage":"pt-PT","@id":"https:\/\/maismagazine.pt\/#\/schema\/person\/image\/","url":"https:\/\/secure.gravatar.com\/avatar\/ff03c2f38edf60b2a827aa4f74878491?s=96&d=mm&r=g","contentUrl":"https:\/\/secure.gravatar.com\/avatar\/ff03c2f38edf60b2a827aa4f74878491?s=96&d=mm&r=g","caption":"Jo\u00e3o Malainho"},"url":"http:\/\/maismagazine.pt\/index.php\/author\/maismagazine\/"}]}},"author_meta":{"display_name":false,"author_link":"http:\/\/maismagazine.pt\/index.php\/author\/maismagazine\/"},"featured_img":"http:\/\/maismagazine.pt\/wp-content\/uploads\/2023\/02\/1_new-300x200.jpg","coauthors":[],"tax_additional":{"categories":{"linked":["<a href=\"http:\/\/maismagazine.pt\/index.php\/category\/destaque\/\" class=\"advgb-post-tax-term\">Destaque lateral<\/a>","<a href=\"http:\/\/maismagazine.pt\/index.php\/category\/educacao\/\" class=\"advgb-post-tax-term\">Educa\u00e7\u00e3o<\/a>"],"unlinked":["<span class=\"advgb-post-tax-term\">Destaque lateral<\/span>","<span class=\"advgb-post-tax-term\">Educa\u00e7\u00e3o<\/span>"]},"tags":{"linked":["<a href=\"http:\/\/maismagazine.pt\/index.php\/category\/educacao\/\" class=\"advgb-post-tax-term\">CCISP<\/a>","<a href=\"http:\/\/maismagazine.pt\/index.php\/category\/educacao\/\" class=\"advgb-post-tax-term\">Educa\u00e7\u00e3o<\/a>","<a href=\"http:\/\/maismagazine.pt\/index.php\/category\/educacao\/\" class=\"advgb-post-tax-term\">Ensino<\/a>","<a href=\"http:\/\/maismagazine.pt\/index.php\/category\/educacao\/\" class=\"advgb-post-tax-term\">Institutos Polit\u00e9cnicos<\/a>"],"unlinked":["<span class=\"advgb-post-tax-term\">CCISP<\/span>","<span class=\"advgb-post-tax-term\">Educa\u00e7\u00e3o<\/span>","<span class=\"advgb-post-tax-term\">Ensino<\/span>","<span class=\"advgb-post-tax-term\">Institutos Polit\u00e9cnicos<\/span>"]}},"comment_count":"0","relative_dates":{"created":"Posted 3 anos ago","modified":"Updated 3 anos ago"},"absolute_dates":{"created":"Posted on 24 de Fevereiro, 2023","modified":"Updated on 16 de Fevereiro, 2023"},"absolute_dates_time":{"created":"Posted on 24 de Fevereiro, 2023 7:00","modified":"Updated on 16 de Fevereiro, 2023 14:19"},"featured_img_caption":"","series_order":"","_links":{"self":[{"href":"http:\/\/maismagazine.pt\/index.php\/wp-json\/wp\/v2\/posts\/5683","targetHints":{"allow":["GET"]}}],"collection":[{"href":"http:\/\/maismagazine.pt\/index.php\/wp-json\/wp\/v2\/posts"}],"about":[{"href":"http:\/\/maismagazine.pt\/index.php\/wp-json\/wp\/v2\/types\/post"}],"author":[{"embeddable":true,"href":"http:\/\/maismagazine.pt\/index.php\/wp-json\/wp\/v2\/users\/7"}],"replies":[{"embeddable":true,"href":"http:\/\/maismagazine.pt\/index.php\/wp-json\/wp\/v2\/comments?post=5683"}],"version-history":[{"count":2,"href":"http:\/\/maismagazine.pt\/index.php\/wp-json\/wp\/v2\/posts\/5683\/revisions"}],"predecessor-version":[{"id":5846,"href":"http:\/\/maismagazine.pt\/index.php\/wp-json\/wp\/v2\/posts\/5683\/revisions\/5846"}],"wp:featuredmedia":[{"embeddable":true,"href":"http:\/\/maismagazine.pt\/index.php\/wp-json\/wp\/v2\/media\/5689"}],"wp:attachment":[{"href":"http:\/\/maismagazine.pt\/index.php\/wp-json\/wp\/v2\/media?parent=5683"}],"wp:term":[{"taxonomy":"category","embeddable":true,"href":"http:\/\/maismagazine.pt\/index.php\/wp-json\/wp\/v2\/categories?post=5683"},{"taxonomy":"post_tag","embeddable":true,"href":"http:\/\/maismagazine.pt\/index.php\/wp-json\/wp\/v2\/tags?post=5683"}],"curies":[{"name":"wp","href":"https:\/\/api.w.org\/{rel}","templated":true}]}}