{"id":5557,"date":"2023-02-24T07:00:00","date_gmt":"2023-02-24T07:00:00","guid":{"rendered":"https:\/\/maismagazine.pt\/?p=5557"},"modified":"2023-02-16T09:50:45","modified_gmt":"2023-02-16T09:50:45","slug":"a-cidade-berco-de-portugal-e-patrimonio-da-unesco","status":"publish","type":"post","link":"http:\/\/maismagazine.pt\/index.php\/2023\/02\/24\/a-cidade-berco-de-portugal-e-patrimonio-da-unesco\/","title":{"rendered":"A Cidade Ber\u00e7o de Portugal e patrim\u00f3nio da UNESCO"},"content":{"rendered":"\n<p><strong>Percorrer as ruas da cidade de <a href=\"https:\/\/www.cm-guimaraes.pt\/\">Guimar\u00e3es<\/a> significa caminhar por estradas e locais que respiram hist\u00f3ria, nomeadamente os prim\u00f3rdios da Hist\u00f3ria de Portugal. \u00c9 conhecida pela Cidade Ber\u00e7o de Portugal e associada desde sempre a Dom Afonso Henriques, primeiro rei de Portugal e personalidade que simboliza os valores de toda uma cidade. Esta riqueza patrimonial elevou o Centro Hist\u00f3rico de Guimar\u00e3es a Patrim\u00f3nio Mundial da UNESCO, havendo a expectativa de juntar a Zona de Couros a este estatuto.<\/strong><\/p>\n\n\n\n<p><\/p>\n\n\n\n<p>Se existe localidade em Portugal que conta muito dos primeiros tempos de Portugal enquanto na\u00e7\u00e3o, essa cidade \u00e9 Guimar\u00e3es. As suas ruas, os seus monumentos, os seus locais e at\u00e9 os pr\u00f3prios habitantes, os vimaranenses, s\u00e3o o espelho daquilo que representa o que \u00e9 Portugal. As carater\u00edsticas vincadamente medievais das ruelas e edif\u00edcios de Guimar\u00e3es n\u00e3o deixam margem para d\u00favida sobre a idade da cidade e a quantidade de artefactos hist\u00f3ricos que se podem encontrar num espa\u00e7o t\u00e3o reduzido \u00e9 de uma beleza \u00fanica. Para al\u00e9m das vielas, pra\u00e7as, largos, conventos, ruas e igrejas que cont\u00e9m em si uma hist\u00f3rica \u00fanica e apresentam uma marca de grande relevo na Hist\u00f3ria de Portugal, destacam-se ainda as muralhas da cidade e o Castelo de Guimar\u00e3es. \u00c9 o s\u00edmbolo da cidade e, porventura, um dos principais s\u00edmbolos de todo o pa\u00eds. Para al\u00e9m de todo o cen\u00e1rio medieval criado pela materialidade da cidade, a combina\u00e7\u00e3o de t\u00e9cnicas de constru\u00e7\u00e3o dos pr\u00f3prios edif\u00edcios e ruas, resultam numa beleza arquitet\u00f3nica que s\u00f3 em Guimar\u00e3es se pode encontrar e que, por isso mesmo, ajuda a construir a identidade da cidade. S\u00e3o exemplo disso mesmo as taipas de rod\u00edzio e de fasquio, \u00e0 base de madeira e de mat\u00e9rias-primas locais, como o granito, que \u00e9 um aspeto altamente valorizado e diferenciador em Guimar\u00e3es, embora de menor visibilidade face aos monumentos e cen\u00e1rios pitorescos que o centro hist\u00f3rico oferece a cada esquina. A juntar \u00e0 materialidade pela qual a cidade ber\u00e7o \u00e9 identificada, real\u00e7a ainda aos olhos de quem visita a regi\u00e3o, a autenticidade de toda a urbe que respira vida, fruto de toda a sua atividade habitacional, comercial e institucional. <\/p>\n\n\n\n<p><\/p>\n\n\n\n<p><strong>Trabalhos de recupera\u00e7\u00e3o do Centro Hist\u00f3rico de Guimar\u00e3es<\/strong><\/p>\n\n\n\n<p>O reconhecimento do Centro Hist\u00f3rico de Guimar\u00e3es pela UNESCO abriu portas a novas oportunidades e \u00e9 relevante em in\u00fameros aspetos, a come\u00e7ar logo pelo setor do turismo, onde a distin\u00e7\u00e3o da UNESCO funciona como uma alavanca importante para atrair mais turistas, muito pela inclus\u00e3o em roteiros que ligam v\u00e1rios locais de relevo patrimonial. O facto desta regi\u00e3o ser Patrim\u00f3nio da UNESCO ganha ainda mais destaque se se pensar no grande trabalho de recupera\u00e7\u00e3o que foi realizado desde os anos 80. Evitando demoli\u00e7\u00f5es e preservando o estilo arquitet\u00f3nico dos edif\u00edcios, tendo em vista manter o valor patrimonial da regi\u00e3o, o munic\u00edpio levou a cabo uma opera\u00e7\u00e3o com o objetivo de recuperar e preservar o que de maior valor Guimar\u00e3es apresenta. De todos os trabalhos realizados destaca-se o do arquiteto T\u00e1vora, respons\u00e1vel, entre outros trabalhos, pela \u201cCasa da Rua Nova\u201d, onde se instalou a equipa municipal respons\u00e1vel pelo centro hist\u00f3rico, entre 1985 e 2007, sendo reconhecida pela primeira interven\u00e7\u00e3o de recupera\u00e7\u00e3o de edif\u00edcios levada a cabo nesta megaopera\u00e7\u00e3o do munic\u00edpio e mencionada no Pr\u00e9mio Europa Nostra 1985. Ainda assim, o foco na preserva\u00e7\u00e3o do patrim\u00f3nio hist\u00f3rico n\u00e3o invalidou a realiza\u00e7\u00e3o de alguns trabalhos de melhoria de alguns espa\u00e7os p\u00fablicos, como s\u00e3o exemplos o trabalho da  DGEMN, no Largo da Oliveira, e do Arquiteto Fernando T\u00e1vora, nas Pra\u00e7as de Santiago, Largo da C\u00e2mara, Largo da Miseric\u00f3rdia e Largo Condessa do Juncal. Uma grande linha orientadora desta opera\u00e7\u00e3o de recupera\u00e7\u00e3o da cidade era a preocupa\u00e7\u00e3o pela popula\u00e7\u00e3o vimaranense, sempre vista n\u00e3o s\u00f3 como parte essencial de toda a cidade, mas tamb\u00e9m sendo envolvida nos trabalhos de recupera\u00e7\u00e3o e agente relevante na manuten\u00e7\u00e3o desses mesmos espa\u00e7os. A manuten\u00e7\u00e3o do valor hist\u00f3rico da cidade est\u00e1, atualmente, entregue a uma equipa espec\u00edfica que \u00e9 respons\u00e1vel por essa tarefa. Manter a distin\u00e7\u00e3o significa manter o rigor, o sentido cr\u00edtico e a responsabilidade pela salvaguarda e valoriza\u00e7\u00e3o da cidade.<\/p>\n\n\n\n<p><\/p>\n\n\n\n<figure class=\"wp-block-gallery columns-2 is-cropped wp-block-gallery-1\"><ul class=\"blocks-gallery-grid\"><li class=\"blocks-gallery-item\"><figure><img loading=\"lazy\" decoding=\"async\" width=\"1024\" height=\"681\" src=\"https:\/\/maismagazine.pt\/wp-content\/uploads\/2023\/02\/couros_5876-1-1024x681.jpg\" alt=\"\" data-id=\"5564\" data-full-url=\"https:\/\/maismagazine.pt\/wp-content\/uploads\/2023\/02\/couros_5876-1.jpg\" data-link=\"https:\/\/maismagazine.pt\/?attachment_id=5564\" class=\"wp-image-5564\" srcset=\"http:\/\/maismagazine.pt\/wp-content\/uploads\/2023\/02\/couros_5876-1-1024x681.jpg 1024w, http:\/\/maismagazine.pt\/wp-content\/uploads\/2023\/02\/couros_5876-1-300x200.jpg 300w, http:\/\/maismagazine.pt\/wp-content\/uploads\/2023\/02\/couros_5876-1-768x511.jpg 768w, http:\/\/maismagazine.pt\/wp-content\/uploads\/2023\/02\/couros_5876-1-1536x1022.jpg 1536w, http:\/\/maismagazine.pt\/wp-content\/uploads\/2023\/02\/couros_5876-1-2048x1363.jpg 2048w, http:\/\/maismagazine.pt\/wp-content\/uploads\/2023\/02\/couros_5876-1-150x100.jpg 150w\" sizes=\"auto, (max-width: 1024px) 100vw, 1024px\" \/><\/figure><\/li><li class=\"blocks-gallery-item\"><figure><img loading=\"lazy\" decoding=\"async\" width=\"1024\" height=\"681\" src=\"https:\/\/maismagazine.pt\/wp-content\/uploads\/2023\/02\/centro-historico_1881-1-1024x681.jpg\" alt=\"\" data-id=\"5565\" data-full-url=\"https:\/\/maismagazine.pt\/wp-content\/uploads\/2023\/02\/centro-historico_1881-1.jpg\" data-link=\"https:\/\/maismagazine.pt\/?attachment_id=5565\" class=\"wp-image-5565 is-layout-flex wp-block-gallery-is-layout-flex\" srcset=\"http:\/\/maismagazine.pt\/wp-content\/uploads\/2023\/02\/centro-historico_1881-1-1024x681.jpg 1024w, http:\/\/maismagazine.pt\/wp-content\/uploads\/2023\/02\/centro-historico_1881-1-300x200.jpg 300w, http:\/\/maismagazine.pt\/wp-content\/uploads\/2023\/02\/centro-historico_1881-1-768x511.jpg 768w, http:\/\/maismagazine.pt\/wp-content\/uploads\/2023\/02\/centro-historico_1881-1-1536x1022.jpg 1536w, http:\/\/maismagazine.pt\/wp-content\/uploads\/2023\/02\/centro-historico_1881-1-2048x1363.jpg 2048w, http:\/\/maismagazine.pt\/wp-content\/uploads\/2023\/02\/centro-historico_1881-1-150x100.jpg 150w\" sizes=\"auto, (max-width: 1024px) 100vw, 1024px\" \/><\/figure><\/li><\/ul><\/figure>\n\n\n\n<p><\/p>\n\n\n\n<p><\/p>\n\n\n\n<p><strong>Candidatura da Zona de Couros a Patrim\u00f3nio da UNESCO<\/strong><\/p>\n\n\n\n<p>Em 2022 foi apresentada a candidatura para que a Zona de Couros tamb\u00e9m seja reconhecida pela UNESCO como Patrim\u00f3nio Cultural Material da Humanidade. No entanto, a ambi\u00e7\u00e3o de obter esta classifica\u00e7\u00e3o \u00e9 bem mais antiga, remontando aos anos 70, quando um grupo de vimaranenses tentou convencer o Estado portugu\u00eas a classificar as antigas f\u00e1bricas de curtumes como conjunto de interesse arqueol\u00f3gico-industrial, ideia pioneira na \u00e9poca. A Zona de Couros apresenta tamb\u00e9m ela um valor patrimonial de grande valor, a come\u00e7ar, por exemplo, pela pr\u00f3pria rela\u00e7\u00e3o muito direta que \u00e9 estabelecida com o Centro Hist\u00f3rico de Guimar\u00e3es, atrav\u00e9s da \u00e1gua e das mat\u00e9rias-primas trabalhadas nas manufaturas, mas tamb\u00e9m pela integridade dos tanques, que geometrizam quadr\u00edculas por entre a sinuosidade do rio de Couros. \u00c9 precisamente aqui que se pode comprovar o elevado valor hist\u00f3rico que a Zona de Couros contem em si, visto que o Rio de Couros \u00e9 antecedente \u00e0 cria\u00e7\u00e3o de Guimar\u00e3es, o que significa que mesmo antes de existir a cidade, j\u00e1 havia esse mesmo rio, outrora utilizado por curtidores e sapateiros. A candidatura da Zona de Couros a Patrim\u00f3nio da UNESCO pode n\u00e3o s\u00f3 fazer com que Guimar\u00e3es tenha duas regi\u00f5es com esta distin\u00e7\u00e3o, mas tamb\u00e9m, pela sua posi\u00e7\u00e3o geogr\u00e1fica, que aos 19 hectares do Centro Hist\u00f3rico de Guimar\u00e3es j\u00e1 classificados, se junte mais 21 hectares referentes \u00e0 Zona de Couros, perfazendo uma zona classificada pela UNESCO de 40 hectares. Trata-se de algo pioneiro em Portugal, muito raro a n\u00edvel mundial e que, sobretudo, ajudar\u00e1 a espalhar por Portugal e pelo mundo toda a riqueza cultural e hist\u00f3rica que a cidade tem para oferecer.<\/p>\n\n\n\n<p><\/p>\n\n\n\n<figure class=\"wp-block-gallery aligncenter columns-0 is-cropped wp-block-gallery-2\"><ul class=\"blocks-gallery-grid is-layout-flex wp-block-gallery-is-layout-flex\"><\/ul><\/figure>\n","protected":false},"excerpt":{"rendered":"<p>Percorrer as ruas da cidade de Guimar\u00e3es significa caminhar por estradas e locais que respiram hist\u00f3ria, nomeadamente os prim\u00f3rdios da Hist\u00f3ria de Portugal. \u00c9 conhecida pela Cidade Ber\u00e7o de Portugal e associada desde sempre a Dom Afonso Henriques, primeiro rei de Portugal e personalidade que simboliza os valores de toda&hellip;<\/p>\n","protected":false},"author":17,"featured_media":5570,"comment_status":"closed","ping_status":"open","sticky":false,"template":"","format":"standard","meta":{"advgb_blocks_editor_width":"","advgb_blocks_columns_visual_guide":"","_monsterinsights_skip_tracking":false,"_monsterinsights_sitenote_active":false,"_monsterinsights_sitenote_note":"","_monsterinsights_sitenote_category":0,"footnotes":""},"categories":[9],"tags":[1285,1136,1284,1249,1286],"class_list":["post-5557","post","type-post","status-publish","format-standard","has-post-thumbnail","hentry","category-cultura","tag-centro-historico-guimaraes","tag-guimaraes","tag-patrimonio-material-mundial","tag-unesco","tag-zona-de-couros"],"yoast_head":"<!-- This site is optimized with the Yoast SEO plugin v24.4 - https:\/\/yoast.com\/wordpress\/plugins\/seo\/ -->\n<title>A Cidade Ber\u00e7o de Portugal e patrim\u00f3nio da UNESCO - Mais Magazine<\/title>\n<meta name=\"description\" content=\"Percorrer as ruas da cidade de Guimar\u00e3es significa caminhar por estradas e locais que respiram hist\u00f3ria, nomeadamente os prim\u00f3rdios da Hist\u00f3ria de Portugal. \u00c9 conhecida pela Cidade Ber\u00e7o de Portugal e associada desde sempre a Dom Afonso Henriques, primeiro rei de Portugal e personalidade que simboliza os valores de toda uma cidade. Esta riqueza patrimonial elevou o Centro Hist\u00f3rico de Guimar\u00e3es a Patrim\u00f3nio Mundial da UNESCO, havendo a expectativa de juntar a Zona de Couros a este estatuto.\" \/>\n<meta name=\"robots\" content=\"index, follow, max-snippet:-1, max-image-preview:large, max-video-preview:-1\" \/>\n<link rel=\"canonical\" href=\"https:\/\/maismagazine.pt\/index.php\/2023\/02\/24\/a-cidade-berco-de-portugal-e-patrimonio-da-unesco\/\" \/>\n<meta property=\"og:locale\" content=\"pt_PT\" \/>\n<meta property=\"og:type\" content=\"article\" \/>\n<meta property=\"og:title\" content=\"A Cidade Ber\u00e7o de Portugal e patrim\u00f3nio da UNESCO - Mais Magazine\" \/>\n<meta property=\"og:description\" content=\"Percorrer as ruas da cidade de Guimar\u00e3es significa caminhar por estradas e locais que respiram hist\u00f3ria, nomeadamente os prim\u00f3rdios da Hist\u00f3ria de Portugal. \u00c9 conhecida pela Cidade Ber\u00e7o de Portugal e associada desde sempre a Dom Afonso Henriques, primeiro rei de Portugal e personalidade que simboliza os valores de toda uma cidade. Esta riqueza patrimonial elevou o Centro Hist\u00f3rico de Guimar\u00e3es a Patrim\u00f3nio Mundial da UNESCO, havendo a expectativa de juntar a Zona de Couros a este estatuto.\" \/>\n<meta property=\"og:url\" content=\"https:\/\/maismagazine.pt\/index.php\/2023\/02\/24\/a-cidade-berco-de-portugal-e-patrimonio-da-unesco\/\" \/>\n<meta property=\"og:site_name\" content=\"Mais Magazine\" \/>\n<meta property=\"article:published_time\" content=\"2023-02-24T07:00:00+00:00\" \/>\n<meta property=\"og:image\" content=\"https:\/\/maismagazine.pt\/wp-content\/uploads\/2023\/02\/castelo21_99.jpg\" \/>\n\t<meta property=\"og:image:width\" content=\"2000\" \/>\n\t<meta property=\"og:image:height\" content=\"1500\" \/>\n\t<meta property=\"og:image:type\" content=\"image\/jpeg\" \/>\n<meta name=\"author\" content=\"Tiago Costa\" \/>\n<meta name=\"twitter:card\" content=\"summary_large_image\" \/>\n<meta name=\"twitter:label1\" content=\"Escrito por\" \/>\n\t<meta name=\"twitter:data1\" content=\"\" \/>\n\t<meta name=\"twitter:label2\" content=\"Tempo estimado de leitura\" \/>\n\t<meta name=\"twitter:data2\" content=\"5 minutos\" \/>\n<script type=\"application\/ld+json\" class=\"yoast-schema-graph\">{\"@context\":\"https:\/\/schema.org\",\"@graph\":[{\"@type\":\"Article\",\"@id\":\"https:\/\/maismagazine.pt\/index.php\/2023\/02\/24\/a-cidade-berco-de-portugal-e-patrimonio-da-unesco\/#article\",\"isPartOf\":{\"@id\":\"https:\/\/maismagazine.pt\/index.php\/2023\/02\/24\/a-cidade-berco-de-portugal-e-patrimonio-da-unesco\/\"},\"author\":{\"name\":\"Tiago Costa\",\"@id\":\"https:\/\/maismagazine.pt\/#\/schema\/person\/c6c5bfccc886434cbd11c74e035f9646\"},\"headline\":\"A Cidade Ber\u00e7o de Portugal e patrim\u00f3nio da UNESCO\",\"datePublished\":\"2023-02-24T07:00:00+00:00\",\"mainEntityOfPage\":{\"@id\":\"https:\/\/maismagazine.pt\/index.php\/2023\/02\/24\/a-cidade-berco-de-portugal-e-patrimonio-da-unesco\/\"},\"wordCount\":1068,\"publisher\":{\"@id\":\"https:\/\/maismagazine.pt\/#organization\"},\"image\":{\"@id\":\"https:\/\/maismagazine.pt\/index.php\/2023\/02\/24\/a-cidade-berco-de-portugal-e-patrimonio-da-unesco\/#primaryimage\"},\"thumbnailUrl\":\"http:\/\/maismagazine.pt\/wp-content\/uploads\/2023\/02\/castelo21_99.jpg\",\"keywords\":[\"Centro Hist\u00f3rico Guimar\u00e3es\",\"Guimar\u00e3es\",\"Patrim\u00f3nio Material Mundial\",\"UNESCO\",\"Zona de Couros\"],\"articleSection\":[\"Cultura\"],\"inLanguage\":\"pt-PT\"},{\"@type\":\"WebPage\",\"@id\":\"https:\/\/maismagazine.pt\/index.php\/2023\/02\/24\/a-cidade-berco-de-portugal-e-patrimonio-da-unesco\/\",\"url\":\"https:\/\/maismagazine.pt\/index.php\/2023\/02\/24\/a-cidade-berco-de-portugal-e-patrimonio-da-unesco\/\",\"name\":\"A Cidade Ber\u00e7o de Portugal e patrim\u00f3nio da UNESCO - Mais Magazine\",\"isPartOf\":{\"@id\":\"https:\/\/maismagazine.pt\/#website\"},\"primaryImageOfPage\":{\"@id\":\"https:\/\/maismagazine.pt\/index.php\/2023\/02\/24\/a-cidade-berco-de-portugal-e-patrimonio-da-unesco\/#primaryimage\"},\"image\":{\"@id\":\"https:\/\/maismagazine.pt\/index.php\/2023\/02\/24\/a-cidade-berco-de-portugal-e-patrimonio-da-unesco\/#primaryimage\"},\"thumbnailUrl\":\"http:\/\/maismagazine.pt\/wp-content\/uploads\/2023\/02\/castelo21_99.jpg\",\"datePublished\":\"2023-02-24T07:00:00+00:00\",\"description\":\"Percorrer as ruas da cidade de Guimar\u00e3es significa caminhar por estradas e locais que respiram hist\u00f3ria, nomeadamente os prim\u00f3rdios da Hist\u00f3ria de Portugal. \u00c9 conhecida pela Cidade Ber\u00e7o de Portugal e associada desde sempre a Dom Afonso Henriques, primeiro rei de Portugal e personalidade que simboliza os valores de toda uma cidade. Esta riqueza patrimonial elevou o Centro Hist\u00f3rico de Guimar\u00e3es a Patrim\u00f3nio Mundial da UNESCO, havendo a expectativa de juntar a Zona de Couros a este estatuto.\",\"breadcrumb\":{\"@id\":\"https:\/\/maismagazine.pt\/index.php\/2023\/02\/24\/a-cidade-berco-de-portugal-e-patrimonio-da-unesco\/#breadcrumb\"},\"inLanguage\":\"pt-PT\",\"potentialAction\":[{\"@type\":\"ReadAction\",\"target\":[\"https:\/\/maismagazine.pt\/index.php\/2023\/02\/24\/a-cidade-berco-de-portugal-e-patrimonio-da-unesco\/\"]}]},{\"@type\":\"ImageObject\",\"inLanguage\":\"pt-PT\",\"@id\":\"https:\/\/maismagazine.pt\/index.php\/2023\/02\/24\/a-cidade-berco-de-portugal-e-patrimonio-da-unesco\/#primaryimage\",\"url\":\"http:\/\/maismagazine.pt\/wp-content\/uploads\/2023\/02\/castelo21_99.jpg\",\"contentUrl\":\"http:\/\/maismagazine.pt\/wp-content\/uploads\/2023\/02\/castelo21_99.jpg\",\"width\":2000,\"height\":1500,\"caption\":\"default\"},{\"@type\":\"BreadcrumbList\",\"@id\":\"https:\/\/maismagazine.pt\/index.php\/2023\/02\/24\/a-cidade-berco-de-portugal-e-patrimonio-da-unesco\/#breadcrumb\",\"itemListElement\":[{\"@type\":\"ListItem\",\"position\":1,\"name\":\"Home\",\"item\":\"https:\/\/maismagazine.pt\/\"},{\"@type\":\"ListItem\",\"position\":2,\"name\":\"A Cidade Ber\u00e7o de Portugal e patrim\u00f3nio da UNESCO\"}]},{\"@type\":\"WebSite\",\"@id\":\"https:\/\/maismagazine.pt\/#website\",\"url\":\"https:\/\/maismagazine.pt\/\",\"name\":\"Mais Magazine\",\"description\":\"\",\"publisher\":{\"@id\":\"https:\/\/maismagazine.pt\/#organization\"},\"potentialAction\":[{\"@type\":\"SearchAction\",\"target\":{\"@type\":\"EntryPoint\",\"urlTemplate\":\"https:\/\/maismagazine.pt\/?s={search_term_string}\"},\"query-input\":{\"@type\":\"PropertyValueSpecification\",\"valueRequired\":true,\"valueName\":\"search_term_string\"}}],\"inLanguage\":\"pt-PT\"},{\"@type\":\"Organization\",\"@id\":\"https:\/\/maismagazine.pt\/#organization\",\"name\":\"Mais Magazine\",\"url\":\"https:\/\/maismagazine.pt\/\",\"logo\":{\"@type\":\"ImageObject\",\"inLanguage\":\"pt-PT\",\"@id\":\"https:\/\/maismagazine.pt\/#\/schema\/logo\/image\/\",\"url\":\"http:\/\/maismagazine.pt\/wp-content\/uploads\/2020\/04\/cropped-cropped-mais-magazine-site-logo-2.png\",\"contentUrl\":\"http:\/\/maismagazine.pt\/wp-content\/uploads\/2020\/04\/cropped-cropped-mais-magazine-site-logo-2.png\",\"width\":581,\"height\":90,\"caption\":\"Mais Magazine\"},\"image\":{\"@id\":\"https:\/\/maismagazine.pt\/#\/schema\/logo\/image\/\"}},{\"@type\":\"Person\",\"@id\":\"https:\/\/maismagazine.pt\/#\/schema\/person\/c6c5bfccc886434cbd11c74e035f9646\",\"name\":\"Tiago Costa\",\"image\":{\"@type\":\"ImageObject\",\"inLanguage\":\"pt-PT\",\"@id\":\"https:\/\/maismagazine.pt\/#\/schema\/person\/image\/\",\"url\":\"https:\/\/secure.gravatar.com\/avatar\/c599b2bce16c9870429198cbad5ee022?s=96&d=mm&r=g\",\"contentUrl\":\"https:\/\/secure.gravatar.com\/avatar\/c599b2bce16c9870429198cbad5ee022?s=96&d=mm&r=g\",\"caption\":\"Tiago Costa\"},\"url\":\"http:\/\/maismagazine.pt\/index.php\/author\/tiago\/\"}]}<\/script>\n<!-- \/ Yoast SEO plugin. -->","yoast_head_json":{"title":"A Cidade Ber\u00e7o de Portugal e patrim\u00f3nio da UNESCO - Mais Magazine","description":"Percorrer as ruas da cidade de Guimar\u00e3es significa caminhar por estradas e locais que respiram hist\u00f3ria, nomeadamente os prim\u00f3rdios da Hist\u00f3ria de Portugal. \u00c9 conhecida pela Cidade Ber\u00e7o de Portugal e associada desde sempre a Dom Afonso Henriques, primeiro rei de Portugal e personalidade que simboliza os valores de toda uma cidade. Esta riqueza patrimonial elevou o Centro Hist\u00f3rico de Guimar\u00e3es a Patrim\u00f3nio Mundial da UNESCO, havendo a expectativa de juntar a Zona de Couros a este estatuto.","robots":{"index":"index","follow":"follow","max-snippet":"max-snippet:-1","max-image-preview":"max-image-preview:large","max-video-preview":"max-video-preview:-1"},"canonical":"https:\/\/maismagazine.pt\/index.php\/2023\/02\/24\/a-cidade-berco-de-portugal-e-patrimonio-da-unesco\/","og_locale":"pt_PT","og_type":"article","og_title":"A Cidade Ber\u00e7o de Portugal e patrim\u00f3nio da UNESCO - Mais Magazine","og_description":"Percorrer as ruas da cidade de Guimar\u00e3es significa caminhar por estradas e locais que respiram hist\u00f3ria, nomeadamente os prim\u00f3rdios da Hist\u00f3ria de Portugal. \u00c9 conhecida pela Cidade Ber\u00e7o de Portugal e associada desde sempre a Dom Afonso Henriques, primeiro rei de Portugal e personalidade que simboliza os valores de toda uma cidade. Esta riqueza patrimonial elevou o Centro Hist\u00f3rico de Guimar\u00e3es a Patrim\u00f3nio Mundial da UNESCO, havendo a expectativa de juntar a Zona de Couros a este estatuto.","og_url":"https:\/\/maismagazine.pt\/index.php\/2023\/02\/24\/a-cidade-berco-de-portugal-e-patrimonio-da-unesco\/","og_site_name":"Mais Magazine","article_published_time":"2023-02-24T07:00:00+00:00","og_image":[{"width":2000,"height":1500,"url":"https:\/\/maismagazine.pt\/wp-content\/uploads\/2023\/02\/castelo21_99.jpg","type":"image\/jpeg"}],"author":"Tiago Costa","twitter_card":"summary_large_image","twitter_misc":{"Escrito por":false,"Tempo estimado de leitura":"5 minutos"},"schema":{"@context":"https:\/\/schema.org","@graph":[{"@type":"Article","@id":"https:\/\/maismagazine.pt\/index.php\/2023\/02\/24\/a-cidade-berco-de-portugal-e-patrimonio-da-unesco\/#article","isPartOf":{"@id":"https:\/\/maismagazine.pt\/index.php\/2023\/02\/24\/a-cidade-berco-de-portugal-e-patrimonio-da-unesco\/"},"author":{"name":"Tiago Costa","@id":"https:\/\/maismagazine.pt\/#\/schema\/person\/c6c5bfccc886434cbd11c74e035f9646"},"headline":"A Cidade Ber\u00e7o de Portugal e patrim\u00f3nio da UNESCO","datePublished":"2023-02-24T07:00:00+00:00","mainEntityOfPage":{"@id":"https:\/\/maismagazine.pt\/index.php\/2023\/02\/24\/a-cidade-berco-de-portugal-e-patrimonio-da-unesco\/"},"wordCount":1068,"publisher":{"@id":"https:\/\/maismagazine.pt\/#organization"},"image":{"@id":"https:\/\/maismagazine.pt\/index.php\/2023\/02\/24\/a-cidade-berco-de-portugal-e-patrimonio-da-unesco\/#primaryimage"},"thumbnailUrl":"http:\/\/maismagazine.pt\/wp-content\/uploads\/2023\/02\/castelo21_99.jpg","keywords":["Centro Hist\u00f3rico Guimar\u00e3es","Guimar\u00e3es","Patrim\u00f3nio Material Mundial","UNESCO","Zona de Couros"],"articleSection":["Cultura"],"inLanguage":"pt-PT"},{"@type":"WebPage","@id":"https:\/\/maismagazine.pt\/index.php\/2023\/02\/24\/a-cidade-berco-de-portugal-e-patrimonio-da-unesco\/","url":"https:\/\/maismagazine.pt\/index.php\/2023\/02\/24\/a-cidade-berco-de-portugal-e-patrimonio-da-unesco\/","name":"A Cidade Ber\u00e7o de Portugal e patrim\u00f3nio da UNESCO - Mais Magazine","isPartOf":{"@id":"https:\/\/maismagazine.pt\/#website"},"primaryImageOfPage":{"@id":"https:\/\/maismagazine.pt\/index.php\/2023\/02\/24\/a-cidade-berco-de-portugal-e-patrimonio-da-unesco\/#primaryimage"},"image":{"@id":"https:\/\/maismagazine.pt\/index.php\/2023\/02\/24\/a-cidade-berco-de-portugal-e-patrimonio-da-unesco\/#primaryimage"},"thumbnailUrl":"http:\/\/maismagazine.pt\/wp-content\/uploads\/2023\/02\/castelo21_99.jpg","datePublished":"2023-02-24T07:00:00+00:00","description":"Percorrer as ruas da cidade de Guimar\u00e3es significa caminhar por estradas e locais que respiram hist\u00f3ria, nomeadamente os prim\u00f3rdios da Hist\u00f3ria de Portugal. \u00c9 conhecida pela Cidade Ber\u00e7o de Portugal e associada desde sempre a Dom Afonso Henriques, primeiro rei de Portugal e personalidade que simboliza os valores de toda uma cidade. Esta riqueza patrimonial elevou o Centro Hist\u00f3rico de Guimar\u00e3es a Patrim\u00f3nio Mundial da UNESCO, havendo a expectativa de juntar a Zona de Couros a este estatuto.","breadcrumb":{"@id":"https:\/\/maismagazine.pt\/index.php\/2023\/02\/24\/a-cidade-berco-de-portugal-e-patrimonio-da-unesco\/#breadcrumb"},"inLanguage":"pt-PT","potentialAction":[{"@type":"ReadAction","target":["https:\/\/maismagazine.pt\/index.php\/2023\/02\/24\/a-cidade-berco-de-portugal-e-patrimonio-da-unesco\/"]}]},{"@type":"ImageObject","inLanguage":"pt-PT","@id":"https:\/\/maismagazine.pt\/index.php\/2023\/02\/24\/a-cidade-berco-de-portugal-e-patrimonio-da-unesco\/#primaryimage","url":"http:\/\/maismagazine.pt\/wp-content\/uploads\/2023\/02\/castelo21_99.jpg","contentUrl":"http:\/\/maismagazine.pt\/wp-content\/uploads\/2023\/02\/castelo21_99.jpg","width":2000,"height":1500,"caption":"default"},{"@type":"BreadcrumbList","@id":"https:\/\/maismagazine.pt\/index.php\/2023\/02\/24\/a-cidade-berco-de-portugal-e-patrimonio-da-unesco\/#breadcrumb","itemListElement":[{"@type":"ListItem","position":1,"name":"Home","item":"https:\/\/maismagazine.pt\/"},{"@type":"ListItem","position":2,"name":"A Cidade Ber\u00e7o de Portugal e patrim\u00f3nio da UNESCO"}]},{"@type":"WebSite","@id":"https:\/\/maismagazine.pt\/#website","url":"https:\/\/maismagazine.pt\/","name":"Mais Magazine","description":"","publisher":{"@id":"https:\/\/maismagazine.pt\/#organization"},"potentialAction":[{"@type":"SearchAction","target":{"@type":"EntryPoint","urlTemplate":"https:\/\/maismagazine.pt\/?s={search_term_string}"},"query-input":{"@type":"PropertyValueSpecification","valueRequired":true,"valueName":"search_term_string"}}],"inLanguage":"pt-PT"},{"@type":"Organization","@id":"https:\/\/maismagazine.pt\/#organization","name":"Mais Magazine","url":"https:\/\/maismagazine.pt\/","logo":{"@type":"ImageObject","inLanguage":"pt-PT","@id":"https:\/\/maismagazine.pt\/#\/schema\/logo\/image\/","url":"http:\/\/maismagazine.pt\/wp-content\/uploads\/2020\/04\/cropped-cropped-mais-magazine-site-logo-2.png","contentUrl":"http:\/\/maismagazine.pt\/wp-content\/uploads\/2020\/04\/cropped-cropped-mais-magazine-site-logo-2.png","width":581,"height":90,"caption":"Mais Magazine"},"image":{"@id":"https:\/\/maismagazine.pt\/#\/schema\/logo\/image\/"}},{"@type":"Person","@id":"https:\/\/maismagazine.pt\/#\/schema\/person\/c6c5bfccc886434cbd11c74e035f9646","name":"Tiago Costa","image":{"@type":"ImageObject","inLanguage":"pt-PT","@id":"https:\/\/maismagazine.pt\/#\/schema\/person\/image\/","url":"https:\/\/secure.gravatar.com\/avatar\/c599b2bce16c9870429198cbad5ee022?s=96&d=mm&r=g","contentUrl":"https:\/\/secure.gravatar.com\/avatar\/c599b2bce16c9870429198cbad5ee022?s=96&d=mm&r=g","caption":"Tiago Costa"},"url":"http:\/\/maismagazine.pt\/index.php\/author\/tiago\/"}]}},"author_meta":{"display_name":false,"author_link":"http:\/\/maismagazine.pt\/index.php\/author\/tiago\/"},"featured_img":"http:\/\/maismagazine.pt\/wp-content\/uploads\/2023\/02\/castelo21_99-300x225.jpg","coauthors":[],"tax_additional":{"categories":{"linked":["<a href=\"http:\/\/maismagazine.pt\/index.php\/category\/cultura\/\" class=\"advgb-post-tax-term\">Cultura<\/a>"],"unlinked":["<span class=\"advgb-post-tax-term\">Cultura<\/span>"]},"tags":{"linked":["<a href=\"http:\/\/maismagazine.pt\/index.php\/category\/cultura\/\" class=\"advgb-post-tax-term\">Centro Hist\u00f3rico Guimar\u00e3es<\/a>","<a href=\"http:\/\/maismagazine.pt\/index.php\/category\/cultura\/\" class=\"advgb-post-tax-term\">Guimar\u00e3es<\/a>","<a href=\"http:\/\/maismagazine.pt\/index.php\/category\/cultura\/\" class=\"advgb-post-tax-term\">Patrim\u00f3nio Material Mundial<\/a>","<a href=\"http:\/\/maismagazine.pt\/index.php\/category\/cultura\/\" class=\"advgb-post-tax-term\">UNESCO<\/a>","<a href=\"http:\/\/maismagazine.pt\/index.php\/category\/cultura\/\" class=\"advgb-post-tax-term\">Zona de Couros<\/a>"],"unlinked":["<span class=\"advgb-post-tax-term\">Centro Hist\u00f3rico Guimar\u00e3es<\/span>","<span class=\"advgb-post-tax-term\">Guimar\u00e3es<\/span>","<span class=\"advgb-post-tax-term\">Patrim\u00f3nio Material Mundial<\/span>","<span class=\"advgb-post-tax-term\">UNESCO<\/span>","<span class=\"advgb-post-tax-term\">Zona de Couros<\/span>"]}},"comment_count":"0","relative_dates":{"created":"Posted 3 anos ago","modified":"Updated 3 anos ago"},"absolute_dates":{"created":"Posted on 24 de Fevereiro, 2023","modified":"Updated on 16 de Fevereiro, 2023"},"absolute_dates_time":{"created":"Posted on 24 de Fevereiro, 2023 7:00","modified":"Updated on 16 de Fevereiro, 2023 9:50"},"featured_img_caption":"default","series_order":"","_links":{"self":[{"href":"http:\/\/maismagazine.pt\/index.php\/wp-json\/wp\/v2\/posts\/5557","targetHints":{"allow":["GET"]}}],"collection":[{"href":"http:\/\/maismagazine.pt\/index.php\/wp-json\/wp\/v2\/posts"}],"about":[{"href":"http:\/\/maismagazine.pt\/index.php\/wp-json\/wp\/v2\/types\/post"}],"author":[{"embeddable":true,"href":"http:\/\/maismagazine.pt\/index.php\/wp-json\/wp\/v2\/users\/17"}],"replies":[{"embeddable":true,"href":"http:\/\/maismagazine.pt\/index.php\/wp-json\/wp\/v2\/comments?post=5557"}],"version-history":[{"count":2,"href":"http:\/\/maismagazine.pt\/index.php\/wp-json\/wp\/v2\/posts\/5557\/revisions"}],"predecessor-version":[{"id":5662,"href":"http:\/\/maismagazine.pt\/index.php\/wp-json\/wp\/v2\/posts\/5557\/revisions\/5662"}],"wp:featuredmedia":[{"embeddable":true,"href":"http:\/\/maismagazine.pt\/index.php\/wp-json\/wp\/v2\/media\/5570"}],"wp:attachment":[{"href":"http:\/\/maismagazine.pt\/index.php\/wp-json\/wp\/v2\/media?parent=5557"}],"wp:term":[{"taxonomy":"category","embeddable":true,"href":"http:\/\/maismagazine.pt\/index.php\/wp-json\/wp\/v2\/categories?post=5557"},{"taxonomy":"post_tag","embeddable":true,"href":"http:\/\/maismagazine.pt\/index.php\/wp-json\/wp\/v2\/tags?post=5557"}],"curies":[{"name":"wp","href":"https:\/\/api.w.org\/{rel}","templated":true}]}}