{"id":5547,"date":"2023-02-24T07:00:00","date_gmt":"2023-02-24T07:00:00","guid":{"rendered":"https:\/\/maismagazine.pt\/?p=5547"},"modified":"2023-02-16T09:51:22","modified_gmt":"2023-02-16T09:51:22","slug":"barroso-unico-territorio-classificado-como-patrimonio-agricola-mundial-em-portugal","status":"publish","type":"post","link":"http:\/\/maismagazine.pt\/index.php\/2023\/02\/24\/barroso-unico-territorio-classificado-como-patrimonio-agricola-mundial-em-portugal\/","title":{"rendered":"Barroso: \u00danico territ\u00f3rio classificado como Patrim\u00f3nio Agr\u00edcola Mundial em Portugal"},"content":{"rendered":"\n<p><strong>Desde 2018 que o Barroso (Montalegre e Boticas) \u00e9 uma das regi\u00f5es portuguesas distinguidas pela UNESCO. No entanto, esta distin\u00e7\u00e3o tem uma marca ainda mais especial, uma vez que esta \u00e9 a \u00fanica regi\u00e3o do pa\u00eds classificada como Patrim\u00f3nio Agr\u00edcola Mundial. F\u00e1tima Fernandes, Presidente da <a href=\"https:\/\/www.cm-montalegre.pt\/\">C\u00e2mara Municipal de Montalegre<\/a>, destaca que este fator \u201crepresenta um grande orgulho, mas tamb\u00e9m uma grande oportunidade para alavancar as atividades tur\u00edsticas e a proje\u00e7\u00e3o do nome Montalegre a n\u00edvel nacional e internacional\u201d.<\/strong><\/p>\n\n\n\n<p><\/p>\n\n\n\n<p>A regi\u00e3o do Barroso delicia quem a visita com uma paisagem \u00fanica. No entanto, para F\u00e1tima Fernandes, o reconhecimento atribu\u00eddo pela UNESCO vai muito para al\u00e9m disso, focando-se, sobretudo, no \u201cmodo de viver da gente barros\u00e3 que, ao longo dos s\u00e9culos, se organizou de modo a gerir os seus problemas e recursos de forma aut\u00f3noma, promovendo formas comunit\u00e1rias de gest\u00e3o com respeito pela propriedade e os direitos privados\u201d. O patrim\u00f3nio que aqui est\u00e1 presente desenvolve-se \u00e0 volta da aldeia, composta por casas de pedra, sendo que, junto a si, encontram-se \u201cas hortas, onde se produzem os bens essenciais para garantir a alimenta\u00e7\u00e3o e \u00e9 na envolvente que se situam os lameiros para pastoreio at\u00e9 \u00e0 primavera, altura em que s\u00e3o reservados para obten\u00e7\u00e3o do feno que ir\u00e1 alimentar os animais no inverno\u201d, refere F\u00e1tima Fernandes.<br><\/p>\n\n\n\n<p><strong>Qualidade da produ\u00e7\u00e3o de gado reconhecida<\/strong><br>Para al\u00e9m do panorama paisag\u00edstico e da riqueza agr\u00edcola que carateriza o Barroso, esta regi\u00e3o demarca-se ainda pela cria\u00e7\u00e3o de gado, principal atividade econ\u00f3mica do territ\u00f3rio. A cria\u00e7\u00e3o de bovinos tem uma maior preponder\u00e2ncia na regi\u00e3o, destacando-se a ra\u00e7a aut\u00f3ctone barros\u00e3, reconhecida pela qualidade da sua carne e pelo seu valor hist\u00f3rico. \u201cEstes bovinos eram carregados em barcos no Porto e iam para Inglaterra para a mesa da Fam\u00edlia Real onde era muito apreciada e conhecida por \u201cPortuguese Beef\u201d, destaca a Presidente da C\u00e2mara Municipal de Montalegre. A qualidade da produ\u00e7\u00e3o de gado na regi\u00e3o \u00e9 certificada por uma s\u00e9rie de reconhecimentos, como DOP (Denomina\u00e7\u00e3o de Origem Protegida) \u00e0 Carne de Vitela Barros\u00e3 e ao Mel de Barroso e de IGP (Indica\u00e7\u00e3o Geogr\u00e1fica Protegida) ao Cabrito de Barroso, presunto de Barroso, entre outros. O territ\u00f3rio de Barroso sempre teve preocupa\u00e7\u00e3o na gest\u00e3o da \u00e1gua, sabendo que se trata de um bem escasso e muito valioso. Por isso mesmo, foram desenvolvidas infraestruturas que conseguem racionar o uso da \u00e1gua. \u201cOs \u201cRegadios Tradicionais\u201d, muito carater\u00edsticos deste territ\u00f3rio, cont\u00e9m um sistema de rega que \u00e9 feito de modo a n\u00e3o desperdi\u00e7ar \u00e1gua, seguindo a ordem dos terrenos e n\u00e3o dos propriet\u00e1rios, pelo que se diz que \u201ca \u00e1gua \u00e9 comum e aviada \u00e0 roda\u201d.<\/p>\n\n\n\n<figure class=\"wp-block-gallery columns-1 is-cropped wp-block-gallery-1\"><ul class=\"blocks-gallery-grid\"><li class=\"blocks-gallery-item\"><figure><img loading=\"lazy\" decoding=\"async\" width=\"898\" height=\"1024\" src=\"https:\/\/maismagazine.pt\/wp-content\/uploads\/2023\/02\/Fatima-Fernandes-Presidente-da-Camara-de-Montalegre-898x1024.jpg\" alt=\"\" data-id=\"5549\" data-full-url=\"https:\/\/maismagazine.pt\/wp-content\/uploads\/2023\/02\/Fatima-Fernandes-Presidente-da-Camara-de-Montalegre.jpg\" data-link=\"https:\/\/maismagazine.pt\/?attachment_id=5549\" class=\"wp-image-5549\" srcset=\"http:\/\/maismagazine.pt\/wp-content\/uploads\/2023\/02\/Fatima-Fernandes-Presidente-da-Camara-de-Montalegre-898x1024.jpg 898w, http:\/\/maismagazine.pt\/wp-content\/uploads\/2023\/02\/Fatima-Fernandes-Presidente-da-Camara-de-Montalegre-263x300.jpg 263w, http:\/\/maismagazine.pt\/wp-content\/uploads\/2023\/02\/Fatima-Fernandes-Presidente-da-Camara-de-Montalegre-768x876.jpg 768w, http:\/\/maismagazine.pt\/wp-content\/uploads\/2023\/02\/Fatima-Fernandes-Presidente-da-Camara-de-Montalegre-1346x1536.jpg 1346w, http:\/\/maismagazine.pt\/wp-content\/uploads\/2023\/02\/Fatima-Fernandes-Presidente-da-Camara-de-Montalegre.jpg 1753w\" sizes=\"auto, (max-width: 898px) 100vw, 898px\" \/><\/figure><\/li><\/ul><figcaption class=\"blocks-gallery-caption is-layout-flex wp-block-gallery-is-layout-flex\"><em>F\u00e1tima Fernandes, Presidente da C\u00e2mara de Montalegre<\/em><\/figcaption><\/figure>\n\n\n\n<p><\/p>\n\n\n\n<p><\/p>\n\n\n\n<p><strong>\u00danica regi\u00e3o em Portugal distinguida como Patrim\u00f3nio Agr\u00edcola Mundial<br><\/strong>O facto de a distin\u00e7\u00e3o atribu\u00edda pela UNESCO \u00e0 regi\u00e3o ser \u00fanica a n\u00edvel nacional, representa n\u00e3o s\u00f3 \u201cum grande orgulho, mas tamb\u00e9m uma grande oportunidade para alavancar as atividades tur\u00edsticas e a proje\u00e7\u00e3o do nome Montalegre a n\u00edvel nacional e internacional, contribuindo para a fixa\u00e7\u00e3o da popula\u00e7\u00e3o ao aportar possibilidades de cria\u00e7\u00e3o de neg\u00f3cios e emprego\u201d, como abre portas a \u201cmais visitantes ao territ\u00f3rio para apreciar este modo de vida \u00fanico, bem como degustar as del\u00edcias dos produtos da terra\u201d. No entanto, F\u00e1tima Fernandes alerta para o facto de esta distin\u00e7\u00e3o acarretar tamb\u00e9m responsabilidades, uma vez que \u00e9 necess\u00e1rio estar \u201cfocado na preserva\u00e7\u00e3o da paisagem e do ambiente, incentivando \u00e0 manuten\u00e7\u00e3o das pr\u00e1ticas agr\u00edcolas ancestrais de modo a aportar rendimento para os agricultores, produtores pecu\u00e1rios e demais agentes de promo\u00e7\u00e3o do territ\u00f3rio\u201d. De forma a combater o envelhecimento e a escassez da m\u00e3o de obra do setor agr\u00edcola, a produ\u00e7\u00e3o de eventos e a atribui\u00e7\u00e3o de apoios mostra-se fundamental na promo\u00e7\u00e3o do setor. \u201cO desenvolvimento de eventos para divulga\u00e7\u00e3o destas pr\u00e1ticas ancestrais e venda dos produtos, tal como a Feira do Fumeiro, bem como os apoios financeiros, t\u00e9cnicos e<br>log\u00edsticos que a C\u00e2mara Municipal p\u00f5e ao servi\u00e7o dos agricultores e produtores pecu\u00e1rios, os quais ascendem a perto de um milh\u00e3o de euros, \u00e9 motivador. Todo este trabalho que, cada vez mais, deve agregar todos os agentes locais, \u00e9 raz\u00e3o para os nossos jovens ponderarem em permanecer no nosso territ\u00f3rio e criar o seu neg\u00f3cio nestes \u00e2mbitos\u201d, conclui F\u00e1tima Fernandes.<\/p>\n\n\n\n<p><\/p>\n\n\n\n<p><\/p>\n\n\n\n<figure class=\"wp-block-gallery aligncenter columns-1 is-cropped wp-block-gallery-2\"><ul class=\"blocks-gallery-grid\"><li class=\"blocks-gallery-item\"><figure><img loading=\"lazy\" decoding=\"async\" width=\"480\" height=\"480\" src=\"https:\/\/maismagazine.pt\/wp-content\/uploads\/2023\/02\/logo-5.jpg\" alt=\"\" data-id=\"5579\" data-full-url=\"https:\/\/maismagazine.pt\/wp-content\/uploads\/2023\/02\/logo-5.jpg\" data-link=\"https:\/\/maismagazine.pt\/?attachment_id=5579\" class=\"wp-image-5579 is-layout-flex wp-block-gallery-is-layout-flex\" srcset=\"http:\/\/maismagazine.pt\/wp-content\/uploads\/2023\/02\/logo-5.jpg 480w, http:\/\/maismagazine.pt\/wp-content\/uploads\/2023\/02\/logo-5-300x300.jpg 300w, http:\/\/maismagazine.pt\/wp-content\/uploads\/2023\/02\/logo-5-150x150.jpg 150w\" sizes=\"auto, (max-width: 480px) 100vw, 480px\" \/><\/figure><\/li><\/ul><\/figure>\n","protected":false},"excerpt":{"rendered":"<p>Desde 2018 que o Barroso (Montalegre e Boticas) \u00e9 uma das regi\u00f5es portuguesas distinguidas pela UNESCO. No entanto, esta distin\u00e7\u00e3o tem uma marca ainda mais especial, uma vez que esta \u00e9 a \u00fanica regi\u00e3o do pa\u00eds classificada como Patrim\u00f3nio Agr\u00edcola Mundial. F\u00e1tima Fernandes, Presidente da C\u00e2mara Municipal de Montalegre, destaca&hellip;<\/p>\n","protected":false},"author":17,"featured_media":5556,"comment_status":"closed","ping_status":"open","sticky":false,"template":"","format":"standard","meta":{"advgb_blocks_editor_width":"","advgb_blocks_columns_visual_guide":"","_monsterinsights_skip_tracking":false,"_monsterinsights_sitenote_active":false,"_monsterinsights_sitenote_note":"","_monsterinsights_sitenote_category":0,"footnotes":""},"categories":[9],"tags":[1276,1280,1277,1249],"class_list":["post-5547","post","type-post","status-publish","format-standard","has-post-thumbnail","hentry","category-cultura","tag-barroso","tag-montalegre","tag-patrimonio-agricola-mundial","tag-unesco"],"yoast_head":"<!-- This site is optimized with the Yoast SEO plugin v24.4 - https:\/\/yoast.com\/wordpress\/plugins\/seo\/ -->\n<title>Barroso: \u00danico territ\u00f3rio classificado como Patrim\u00f3nio Agr\u00edcola Mundial em Portugal - Mais Magazine<\/title>\n<meta name=\"description\" content=\"Desde 2018 que o Barroso (Montalegre e Boticas) \u00e9 uma das regi\u00f5es portuguesas distinguidas pela UNESCO. No entanto, esta distin\u00e7\u00e3o tem uma marca ainda mais especial, uma vez que esta \u00e9 a \u00fanica regi\u00e3o do pa\u00eds classificada como Patrim\u00f3nio Agr\u00edcola Mundial. F\u00e1tima Fernandes, Presidente da C\u00e2mara Municipal de Montalegre, destaca que este fator \u201crepresenta um grande orgulho, mas tamb\u00e9m uma grande oportunidade para alavancar as atividades tur\u00edsticas e a proje\u00e7\u00e3o do nome Montalegre a n\u00edvel nacional e internacional\u201d.\" \/>\n<meta name=\"robots\" content=\"index, follow, max-snippet:-1, max-image-preview:large, max-video-preview:-1\" \/>\n<link rel=\"canonical\" href=\"http:\/\/maismagazine.pt\/index.php\/2023\/02\/24\/barroso-unico-territorio-classificado-como-patrimonio-agricola-mundial-em-portugal\/\" \/>\n<meta property=\"og:locale\" content=\"pt_PT\" \/>\n<meta property=\"og:type\" content=\"article\" \/>\n<meta property=\"og:title\" content=\"Barroso: \u00danico territ\u00f3rio classificado como Patrim\u00f3nio Agr\u00edcola Mundial em Portugal - Mais Magazine\" \/>\n<meta property=\"og:description\" content=\"Desde 2018 que o Barroso (Montalegre e Boticas) \u00e9 uma das regi\u00f5es portuguesas distinguidas pela UNESCO. No entanto, esta distin\u00e7\u00e3o tem uma marca ainda mais especial, uma vez que esta \u00e9 a \u00fanica regi\u00e3o do pa\u00eds classificada como Patrim\u00f3nio Agr\u00edcola Mundial. F\u00e1tima Fernandes, Presidente da C\u00e2mara Municipal de Montalegre, destaca que este fator \u201crepresenta um grande orgulho, mas tamb\u00e9m uma grande oportunidade para alavancar as atividades tur\u00edsticas e a proje\u00e7\u00e3o do nome Montalegre a n\u00edvel nacional e internacional\u201d.\" \/>\n<meta property=\"og:url\" content=\"http:\/\/maismagazine.pt\/index.php\/2023\/02\/24\/barroso-unico-territorio-classificado-como-patrimonio-agricola-mundial-em-portugal\/\" \/>\n<meta property=\"og:site_name\" content=\"Mais Magazine\" \/>\n<meta property=\"article:published_time\" content=\"2023-02-24T07:00:00+00:00\" \/>\n<meta property=\"og:image\" content=\"http:\/\/maismagazine.pt\/wp-content\/uploads\/2023\/02\/MONTALEGRE-Jornalistas-japoneses-visitam-concelho-12-scaled.jpg\" \/>\n\t<meta property=\"og:image:width\" content=\"2560\" \/>\n\t<meta property=\"og:image:height\" content=\"1707\" \/>\n\t<meta property=\"og:image:type\" content=\"image\/jpeg\" \/>\n<meta name=\"author\" content=\"Tiago Costa\" \/>\n<meta name=\"twitter:card\" content=\"summary_large_image\" \/>\n<meta name=\"twitter:label1\" content=\"Escrito por\" \/>\n\t<meta name=\"twitter:data1\" content=\"\" \/>\n\t<meta name=\"twitter:label2\" content=\"Tempo estimado de leitura\" \/>\n\t<meta name=\"twitter:data2\" content=\"4 minutos\" \/>\n<script type=\"application\/ld+json\" class=\"yoast-schema-graph\">{\"@context\":\"https:\/\/schema.org\",\"@graph\":[{\"@type\":\"Article\",\"@id\":\"http:\/\/maismagazine.pt\/index.php\/2023\/02\/24\/barroso-unico-territorio-classificado-como-patrimonio-agricola-mundial-em-portugal\/#article\",\"isPartOf\":{\"@id\":\"http:\/\/maismagazine.pt\/index.php\/2023\/02\/24\/barroso-unico-territorio-classificado-como-patrimonio-agricola-mundial-em-portugal\/\"},\"author\":{\"name\":\"Tiago Costa\",\"@id\":\"https:\/\/maismagazine.pt\/#\/schema\/person\/c6c5bfccc886434cbd11c74e035f9646\"},\"headline\":\"Barroso: \u00danico territ\u00f3rio classificado como Patrim\u00f3nio Agr\u00edcola Mundial em Portugal\",\"datePublished\":\"2023-02-24T07:00:00+00:00\",\"mainEntityOfPage\":{\"@id\":\"http:\/\/maismagazine.pt\/index.php\/2023\/02\/24\/barroso-unico-territorio-classificado-como-patrimonio-agricola-mundial-em-portugal\/\"},\"wordCount\":798,\"publisher\":{\"@id\":\"https:\/\/maismagazine.pt\/#organization\"},\"image\":{\"@id\":\"http:\/\/maismagazine.pt\/index.php\/2023\/02\/24\/barroso-unico-territorio-classificado-como-patrimonio-agricola-mundial-em-portugal\/#primaryimage\"},\"thumbnailUrl\":\"http:\/\/maismagazine.pt\/wp-content\/uploads\/2023\/02\/MONTALEGRE-Jornalistas-japoneses-visitam-concelho-12-scaled.jpg\",\"keywords\":[\"Barroso\",\"Montalegre\",\"Patrim\u00f3nio Agr\u00edcola Mundial\",\"UNESCO\"],\"articleSection\":[\"Cultura\"],\"inLanguage\":\"pt-PT\"},{\"@type\":\"WebPage\",\"@id\":\"http:\/\/maismagazine.pt\/index.php\/2023\/02\/24\/barroso-unico-territorio-classificado-como-patrimonio-agricola-mundial-em-portugal\/\",\"url\":\"http:\/\/maismagazine.pt\/index.php\/2023\/02\/24\/barroso-unico-territorio-classificado-como-patrimonio-agricola-mundial-em-portugal\/\",\"name\":\"Barroso: \u00danico territ\u00f3rio classificado como Patrim\u00f3nio Agr\u00edcola Mundial em Portugal - Mais Magazine\",\"isPartOf\":{\"@id\":\"https:\/\/maismagazine.pt\/#website\"},\"primaryImageOfPage\":{\"@id\":\"http:\/\/maismagazine.pt\/index.php\/2023\/02\/24\/barroso-unico-territorio-classificado-como-patrimonio-agricola-mundial-em-portugal\/#primaryimage\"},\"image\":{\"@id\":\"http:\/\/maismagazine.pt\/index.php\/2023\/02\/24\/barroso-unico-territorio-classificado-como-patrimonio-agricola-mundial-em-portugal\/#primaryimage\"},\"thumbnailUrl\":\"http:\/\/maismagazine.pt\/wp-content\/uploads\/2023\/02\/MONTALEGRE-Jornalistas-japoneses-visitam-concelho-12-scaled.jpg\",\"datePublished\":\"2023-02-24T07:00:00+00:00\",\"description\":\"Desde 2018 que o Barroso (Montalegre e Boticas) \u00e9 uma das regi\u00f5es portuguesas distinguidas pela UNESCO. No entanto, esta distin\u00e7\u00e3o tem uma marca ainda mais especial, uma vez que esta \u00e9 a \u00fanica regi\u00e3o do pa\u00eds classificada como Patrim\u00f3nio Agr\u00edcola Mundial. F\u00e1tima Fernandes, Presidente da C\u00e2mara Municipal de Montalegre, destaca que este fator \u201crepresenta um grande orgulho, mas tamb\u00e9m uma grande oportunidade para alavancar as atividades tur\u00edsticas e a proje\u00e7\u00e3o do nome Montalegre a n\u00edvel nacional e internacional\u201d.\",\"breadcrumb\":{\"@id\":\"http:\/\/maismagazine.pt\/index.php\/2023\/02\/24\/barroso-unico-territorio-classificado-como-patrimonio-agricola-mundial-em-portugal\/#breadcrumb\"},\"inLanguage\":\"pt-PT\",\"potentialAction\":[{\"@type\":\"ReadAction\",\"target\":[\"http:\/\/maismagazine.pt\/index.php\/2023\/02\/24\/barroso-unico-territorio-classificado-como-patrimonio-agricola-mundial-em-portugal\/\"]}]},{\"@type\":\"ImageObject\",\"inLanguage\":\"pt-PT\",\"@id\":\"http:\/\/maismagazine.pt\/index.php\/2023\/02\/24\/barroso-unico-territorio-classificado-como-patrimonio-agricola-mundial-em-portugal\/#primaryimage\",\"url\":\"http:\/\/maismagazine.pt\/wp-content\/uploads\/2023\/02\/MONTALEGRE-Jornalistas-japoneses-visitam-concelho-12-scaled.jpg\",\"contentUrl\":\"http:\/\/maismagazine.pt\/wp-content\/uploads\/2023\/02\/MONTALEGRE-Jornalistas-japoneses-visitam-concelho-12-scaled.jpg\",\"width\":2560,\"height\":1707},{\"@type\":\"BreadcrumbList\",\"@id\":\"http:\/\/maismagazine.pt\/index.php\/2023\/02\/24\/barroso-unico-territorio-classificado-como-patrimonio-agricola-mundial-em-portugal\/#breadcrumb\",\"itemListElement\":[{\"@type\":\"ListItem\",\"position\":1,\"name\":\"Home\",\"item\":\"https:\/\/maismagazine.pt\/\"},{\"@type\":\"ListItem\",\"position\":2,\"name\":\"Barroso: \u00danico territ\u00f3rio classificado como Patrim\u00f3nio Agr\u00edcola Mundial em Portugal\"}]},{\"@type\":\"WebSite\",\"@id\":\"https:\/\/maismagazine.pt\/#website\",\"url\":\"https:\/\/maismagazine.pt\/\",\"name\":\"Mais Magazine\",\"description\":\"\",\"publisher\":{\"@id\":\"https:\/\/maismagazine.pt\/#organization\"},\"potentialAction\":[{\"@type\":\"SearchAction\",\"target\":{\"@type\":\"EntryPoint\",\"urlTemplate\":\"https:\/\/maismagazine.pt\/?s={search_term_string}\"},\"query-input\":{\"@type\":\"PropertyValueSpecification\",\"valueRequired\":true,\"valueName\":\"search_term_string\"}}],\"inLanguage\":\"pt-PT\"},{\"@type\":\"Organization\",\"@id\":\"https:\/\/maismagazine.pt\/#organization\",\"name\":\"Mais Magazine\",\"url\":\"https:\/\/maismagazine.pt\/\",\"logo\":{\"@type\":\"ImageObject\",\"inLanguage\":\"pt-PT\",\"@id\":\"https:\/\/maismagazine.pt\/#\/schema\/logo\/image\/\",\"url\":\"http:\/\/maismagazine.pt\/wp-content\/uploads\/2020\/04\/cropped-cropped-mais-magazine-site-logo-2.png\",\"contentUrl\":\"http:\/\/maismagazine.pt\/wp-content\/uploads\/2020\/04\/cropped-cropped-mais-magazine-site-logo-2.png\",\"width\":581,\"height\":90,\"caption\":\"Mais Magazine\"},\"image\":{\"@id\":\"https:\/\/maismagazine.pt\/#\/schema\/logo\/image\/\"}},{\"@type\":\"Person\",\"@id\":\"https:\/\/maismagazine.pt\/#\/schema\/person\/c6c5bfccc886434cbd11c74e035f9646\",\"name\":\"Tiago Costa\",\"image\":{\"@type\":\"ImageObject\",\"inLanguage\":\"pt-PT\",\"@id\":\"https:\/\/maismagazine.pt\/#\/schema\/person\/image\/\",\"url\":\"https:\/\/secure.gravatar.com\/avatar\/c599b2bce16c9870429198cbad5ee022?s=96&d=mm&r=g\",\"contentUrl\":\"https:\/\/secure.gravatar.com\/avatar\/c599b2bce16c9870429198cbad5ee022?s=96&d=mm&r=g\",\"caption\":\"Tiago Costa\"},\"url\":\"http:\/\/maismagazine.pt\/index.php\/author\/tiago\/\"}]}<\/script>\n<!-- \/ Yoast SEO plugin. -->","yoast_head_json":{"title":"Barroso: \u00danico territ\u00f3rio classificado como Patrim\u00f3nio Agr\u00edcola Mundial em Portugal - Mais Magazine","description":"Desde 2018 que o Barroso (Montalegre e Boticas) \u00e9 uma das regi\u00f5es portuguesas distinguidas pela UNESCO. No entanto, esta distin\u00e7\u00e3o tem uma marca ainda mais especial, uma vez que esta \u00e9 a \u00fanica regi\u00e3o do pa\u00eds classificada como Patrim\u00f3nio Agr\u00edcola Mundial. F\u00e1tima Fernandes, Presidente da C\u00e2mara Municipal de Montalegre, destaca que este fator \u201crepresenta um grande orgulho, mas tamb\u00e9m uma grande oportunidade para alavancar as atividades tur\u00edsticas e a proje\u00e7\u00e3o do nome Montalegre a n\u00edvel nacional e internacional\u201d.","robots":{"index":"index","follow":"follow","max-snippet":"max-snippet:-1","max-image-preview":"max-image-preview:large","max-video-preview":"max-video-preview:-1"},"canonical":"http:\/\/maismagazine.pt\/index.php\/2023\/02\/24\/barroso-unico-territorio-classificado-como-patrimonio-agricola-mundial-em-portugal\/","og_locale":"pt_PT","og_type":"article","og_title":"Barroso: \u00danico territ\u00f3rio classificado como Patrim\u00f3nio Agr\u00edcola Mundial em Portugal - Mais Magazine","og_description":"Desde 2018 que o Barroso (Montalegre e Boticas) \u00e9 uma das regi\u00f5es portuguesas distinguidas pela UNESCO. No entanto, esta distin\u00e7\u00e3o tem uma marca ainda mais especial, uma vez que esta \u00e9 a \u00fanica regi\u00e3o do pa\u00eds classificada como Patrim\u00f3nio Agr\u00edcola Mundial. F\u00e1tima Fernandes, Presidente da C\u00e2mara Municipal de Montalegre, destaca que este fator \u201crepresenta um grande orgulho, mas tamb\u00e9m uma grande oportunidade para alavancar as atividades tur\u00edsticas e a proje\u00e7\u00e3o do nome Montalegre a n\u00edvel nacional e internacional\u201d.","og_url":"http:\/\/maismagazine.pt\/index.php\/2023\/02\/24\/barroso-unico-territorio-classificado-como-patrimonio-agricola-mundial-em-portugal\/","og_site_name":"Mais Magazine","article_published_time":"2023-02-24T07:00:00+00:00","og_image":[{"width":2560,"height":1707,"url":"http:\/\/maismagazine.pt\/wp-content\/uploads\/2023\/02\/MONTALEGRE-Jornalistas-japoneses-visitam-concelho-12-scaled.jpg","type":"image\/jpeg"}],"author":"Tiago Costa","twitter_card":"summary_large_image","twitter_misc":{"Escrito por":false,"Tempo estimado de leitura":"4 minutos"},"schema":{"@context":"https:\/\/schema.org","@graph":[{"@type":"Article","@id":"http:\/\/maismagazine.pt\/index.php\/2023\/02\/24\/barroso-unico-territorio-classificado-como-patrimonio-agricola-mundial-em-portugal\/#article","isPartOf":{"@id":"http:\/\/maismagazine.pt\/index.php\/2023\/02\/24\/barroso-unico-territorio-classificado-como-patrimonio-agricola-mundial-em-portugal\/"},"author":{"name":"Tiago Costa","@id":"https:\/\/maismagazine.pt\/#\/schema\/person\/c6c5bfccc886434cbd11c74e035f9646"},"headline":"Barroso: \u00danico territ\u00f3rio classificado como Patrim\u00f3nio Agr\u00edcola Mundial em Portugal","datePublished":"2023-02-24T07:00:00+00:00","mainEntityOfPage":{"@id":"http:\/\/maismagazine.pt\/index.php\/2023\/02\/24\/barroso-unico-territorio-classificado-como-patrimonio-agricola-mundial-em-portugal\/"},"wordCount":798,"publisher":{"@id":"https:\/\/maismagazine.pt\/#organization"},"image":{"@id":"http:\/\/maismagazine.pt\/index.php\/2023\/02\/24\/barroso-unico-territorio-classificado-como-patrimonio-agricola-mundial-em-portugal\/#primaryimage"},"thumbnailUrl":"http:\/\/maismagazine.pt\/wp-content\/uploads\/2023\/02\/MONTALEGRE-Jornalistas-japoneses-visitam-concelho-12-scaled.jpg","keywords":["Barroso","Montalegre","Patrim\u00f3nio Agr\u00edcola Mundial","UNESCO"],"articleSection":["Cultura"],"inLanguage":"pt-PT"},{"@type":"WebPage","@id":"http:\/\/maismagazine.pt\/index.php\/2023\/02\/24\/barroso-unico-territorio-classificado-como-patrimonio-agricola-mundial-em-portugal\/","url":"http:\/\/maismagazine.pt\/index.php\/2023\/02\/24\/barroso-unico-territorio-classificado-como-patrimonio-agricola-mundial-em-portugal\/","name":"Barroso: \u00danico territ\u00f3rio classificado como Patrim\u00f3nio Agr\u00edcola Mundial em Portugal - Mais Magazine","isPartOf":{"@id":"https:\/\/maismagazine.pt\/#website"},"primaryImageOfPage":{"@id":"http:\/\/maismagazine.pt\/index.php\/2023\/02\/24\/barroso-unico-territorio-classificado-como-patrimonio-agricola-mundial-em-portugal\/#primaryimage"},"image":{"@id":"http:\/\/maismagazine.pt\/index.php\/2023\/02\/24\/barroso-unico-territorio-classificado-como-patrimonio-agricola-mundial-em-portugal\/#primaryimage"},"thumbnailUrl":"http:\/\/maismagazine.pt\/wp-content\/uploads\/2023\/02\/MONTALEGRE-Jornalistas-japoneses-visitam-concelho-12-scaled.jpg","datePublished":"2023-02-24T07:00:00+00:00","description":"Desde 2018 que o Barroso (Montalegre e Boticas) \u00e9 uma das regi\u00f5es portuguesas distinguidas pela UNESCO. No entanto, esta distin\u00e7\u00e3o tem uma marca ainda mais especial, uma vez que esta \u00e9 a \u00fanica regi\u00e3o do pa\u00eds classificada como Patrim\u00f3nio Agr\u00edcola Mundial. F\u00e1tima Fernandes, Presidente da C\u00e2mara Municipal de Montalegre, destaca que este fator \u201crepresenta um grande orgulho, mas tamb\u00e9m uma grande oportunidade para alavancar as atividades tur\u00edsticas e a proje\u00e7\u00e3o do nome Montalegre a n\u00edvel nacional e internacional\u201d.","breadcrumb":{"@id":"http:\/\/maismagazine.pt\/index.php\/2023\/02\/24\/barroso-unico-territorio-classificado-como-patrimonio-agricola-mundial-em-portugal\/#breadcrumb"},"inLanguage":"pt-PT","potentialAction":[{"@type":"ReadAction","target":["http:\/\/maismagazine.pt\/index.php\/2023\/02\/24\/barroso-unico-territorio-classificado-como-patrimonio-agricola-mundial-em-portugal\/"]}]},{"@type":"ImageObject","inLanguage":"pt-PT","@id":"http:\/\/maismagazine.pt\/index.php\/2023\/02\/24\/barroso-unico-territorio-classificado-como-patrimonio-agricola-mundial-em-portugal\/#primaryimage","url":"http:\/\/maismagazine.pt\/wp-content\/uploads\/2023\/02\/MONTALEGRE-Jornalistas-japoneses-visitam-concelho-12-scaled.jpg","contentUrl":"http:\/\/maismagazine.pt\/wp-content\/uploads\/2023\/02\/MONTALEGRE-Jornalistas-japoneses-visitam-concelho-12-scaled.jpg","width":2560,"height":1707},{"@type":"BreadcrumbList","@id":"http:\/\/maismagazine.pt\/index.php\/2023\/02\/24\/barroso-unico-territorio-classificado-como-patrimonio-agricola-mundial-em-portugal\/#breadcrumb","itemListElement":[{"@type":"ListItem","position":1,"name":"Home","item":"https:\/\/maismagazine.pt\/"},{"@type":"ListItem","position":2,"name":"Barroso: \u00danico territ\u00f3rio classificado como Patrim\u00f3nio Agr\u00edcola Mundial em Portugal"}]},{"@type":"WebSite","@id":"https:\/\/maismagazine.pt\/#website","url":"https:\/\/maismagazine.pt\/","name":"Mais Magazine","description":"","publisher":{"@id":"https:\/\/maismagazine.pt\/#organization"},"potentialAction":[{"@type":"SearchAction","target":{"@type":"EntryPoint","urlTemplate":"https:\/\/maismagazine.pt\/?s={search_term_string}"},"query-input":{"@type":"PropertyValueSpecification","valueRequired":true,"valueName":"search_term_string"}}],"inLanguage":"pt-PT"},{"@type":"Organization","@id":"https:\/\/maismagazine.pt\/#organization","name":"Mais Magazine","url":"https:\/\/maismagazine.pt\/","logo":{"@type":"ImageObject","inLanguage":"pt-PT","@id":"https:\/\/maismagazine.pt\/#\/schema\/logo\/image\/","url":"http:\/\/maismagazine.pt\/wp-content\/uploads\/2020\/04\/cropped-cropped-mais-magazine-site-logo-2.png","contentUrl":"http:\/\/maismagazine.pt\/wp-content\/uploads\/2020\/04\/cropped-cropped-mais-magazine-site-logo-2.png","width":581,"height":90,"caption":"Mais Magazine"},"image":{"@id":"https:\/\/maismagazine.pt\/#\/schema\/logo\/image\/"}},{"@type":"Person","@id":"https:\/\/maismagazine.pt\/#\/schema\/person\/c6c5bfccc886434cbd11c74e035f9646","name":"Tiago Costa","image":{"@type":"ImageObject","inLanguage":"pt-PT","@id":"https:\/\/maismagazine.pt\/#\/schema\/person\/image\/","url":"https:\/\/secure.gravatar.com\/avatar\/c599b2bce16c9870429198cbad5ee022?s=96&d=mm&r=g","contentUrl":"https:\/\/secure.gravatar.com\/avatar\/c599b2bce16c9870429198cbad5ee022?s=96&d=mm&r=g","caption":"Tiago Costa"},"url":"http:\/\/maismagazine.pt\/index.php\/author\/tiago\/"}]}},"author_meta":{"display_name":false,"author_link":"http:\/\/maismagazine.pt\/index.php\/author\/tiago\/"},"featured_img":"http:\/\/maismagazine.pt\/wp-content\/uploads\/2023\/02\/MONTALEGRE-Jornalistas-japoneses-visitam-concelho-12-300x200.jpg","coauthors":[],"tax_additional":{"categories":{"linked":["<a href=\"http:\/\/maismagazine.pt\/index.php\/category\/cultura\/\" class=\"advgb-post-tax-term\">Cultura<\/a>"],"unlinked":["<span class=\"advgb-post-tax-term\">Cultura<\/span>"]},"tags":{"linked":["<a href=\"http:\/\/maismagazine.pt\/index.php\/category\/cultura\/\" class=\"advgb-post-tax-term\">Barroso<\/a>","<a href=\"http:\/\/maismagazine.pt\/index.php\/category\/cultura\/\" class=\"advgb-post-tax-term\">Montalegre<\/a>","<a href=\"http:\/\/maismagazine.pt\/index.php\/category\/cultura\/\" class=\"advgb-post-tax-term\">Patrim\u00f3nio Agr\u00edcola Mundial<\/a>","<a href=\"http:\/\/maismagazine.pt\/index.php\/category\/cultura\/\" class=\"advgb-post-tax-term\">UNESCO<\/a>"],"unlinked":["<span class=\"advgb-post-tax-term\">Barroso<\/span>","<span class=\"advgb-post-tax-term\">Montalegre<\/span>","<span class=\"advgb-post-tax-term\">Patrim\u00f3nio Agr\u00edcola Mundial<\/span>","<span class=\"advgb-post-tax-term\">UNESCO<\/span>"]}},"comment_count":"0","relative_dates":{"created":"Posted 3 anos ago","modified":"Updated 3 anos ago"},"absolute_dates":{"created":"Posted on 24 de Fevereiro, 2023","modified":"Updated on 16 de Fevereiro, 2023"},"absolute_dates_time":{"created":"Posted on 24 de Fevereiro, 2023 7:00","modified":"Updated on 16 de Fevereiro, 2023 9:51"},"featured_img_caption":"","series_order":"","_links":{"self":[{"href":"http:\/\/maismagazine.pt\/index.php\/wp-json\/wp\/v2\/posts\/5547","targetHints":{"allow":["GET"]}}],"collection":[{"href":"http:\/\/maismagazine.pt\/index.php\/wp-json\/wp\/v2\/posts"}],"about":[{"href":"http:\/\/maismagazine.pt\/index.php\/wp-json\/wp\/v2\/types\/post"}],"author":[{"embeddable":true,"href":"http:\/\/maismagazine.pt\/index.php\/wp-json\/wp\/v2\/users\/17"}],"replies":[{"embeddable":true,"href":"http:\/\/maismagazine.pt\/index.php\/wp-json\/wp\/v2\/comments?post=5547"}],"version-history":[{"count":3,"href":"http:\/\/maismagazine.pt\/index.php\/wp-json\/wp\/v2\/posts\/5547\/revisions"}],"predecessor-version":[{"id":5663,"href":"http:\/\/maismagazine.pt\/index.php\/wp-json\/wp\/v2\/posts\/5547\/revisions\/5663"}],"wp:featuredmedia":[{"embeddable":true,"href":"http:\/\/maismagazine.pt\/index.php\/wp-json\/wp\/v2\/media\/5556"}],"wp:attachment":[{"href":"http:\/\/maismagazine.pt\/index.php\/wp-json\/wp\/v2\/media?parent=5547"}],"wp:term":[{"taxonomy":"category","embeddable":true,"href":"http:\/\/maismagazine.pt\/index.php\/wp-json\/wp\/v2\/categories?post=5547"},{"taxonomy":"post_tag","embeddable":true,"href":"http:\/\/maismagazine.pt\/index.php\/wp-json\/wp\/v2\/tags?post=5547"}],"curies":[{"name":"wp","href":"https:\/\/api.w.org\/{rel}","templated":true}]}}