{"id":5484,"date":"2023-02-24T07:00:00","date_gmt":"2023-02-24T07:00:00","guid":{"rendered":"http:\/\/maismagazine.pt\/?p=5484"},"modified":"2023-02-16T09:55:27","modified_gmt":"2023-02-16T09:55:27","slug":"santa-casa-da-misericordia-de-tomar-ha-513-anos-ao-servico-do-povo-tomarense","status":"publish","type":"post","link":"http:\/\/maismagazine.pt\/index.php\/2023\/02\/24\/santa-casa-da-misericordia-de-tomar-ha-513-anos-ao-servico-do-povo-tomarense\/","title":{"rendered":"Santa Casa da Miseric\u00f3rdia de Tomar H\u00e1 513 anos ao servi\u00e7o do povo tomarense"},"content":{"rendered":"\n<p><strong>Fundada no ano de 1510, sob a invoca\u00e7\u00e3o de Nossa Senhora da Gra\u00e7a, a <a href=\"https:\/\/www.scmt.pt\/\">Santa Casa da Miseric\u00f3rdia de Tomar<\/a> tem como objetivos norteadores, desde a sua origem, corresponder \u00e0s necessidades sociais do povo de Tomar e realizar pr\u00e1ticas e festividades de \u00e2mbito religioso. Atualmente, a institui\u00e7\u00e3o tem tamb\u00e9m um papel importante na realiza\u00e7\u00e3o da Festa dos Tabuleiros, candidata a patrim\u00f3nio da UNESCO.<\/strong><br><br>A Santa Casa da Miseric\u00f3rdia de Tomar celebra, este ano, o 513\u00ba anivers\u00e1rio da sua funda\u00e7\u00e3o e do servi\u00e7o prestado aos tomarenses. Auxiliar a popula\u00e7\u00e3o de Tomar nas suas necessidades sociais e de sa\u00fade foram as linhas orientadoras que marcaram o in\u00edcio de atividade desta institui\u00e7\u00e3o e que se prolongam at\u00e9 aos dias de hoje. Para tal, a Santa Casa da Miseric\u00f3rdia de Tomar possu\u00eda um hospital pr\u00f3prio, ao dispor de todos os habitantes de Tomar, o qual, at\u00e9 pouco depois do 25 de abril de 1974, era o \u00fanico hospital da cidade, at\u00e9 o Estado ter dado ordens \u00e0 constru\u00e7\u00e3o do atual Hospital p\u00fablico de Tomar. Atualmente, a institui\u00e7\u00e3o cont\u00e9m um grande leque de servi\u00e7os sociais e de sa\u00fade que pretendem dar aos tomarenses uma melhor qualidade de vida, nomeadamente \u00e0 popula\u00e7\u00e3o mais pobre, aos idosos e doentes. Entre os servi\u00e7os que a entidade tem ao dispor da cidade, destaca-se a unidade de cuidados continuados, unidade de internamento privada, lar Nossa Senhora da Gra\u00e7a, centro de dia, servi\u00e7o de apoio domicili\u00e1rio, casa mortu\u00e1ria, resid\u00eancias assistidas e uma farm\u00e1cia. Ao todo, s\u00e3o 140 profissionais que trabalham na institui\u00e7\u00e3o e que diariamente atendem uma m\u00e9dia de 240 utentes. Mensalmente, milhares de clientes recorrem a esta entidade \u00e0 procura dos seus servi\u00e7os. A Santa Casa de Tomar coloca em pr\u00e1tica tamb\u00e9m uma s\u00e9rie de atividades religiosas para os seus utentes, como a realiza\u00e7\u00e3o de eucaristias.<br><br><\/p>\n\n\n\n<figure class=\"wp-block-gallery columns-2 is-cropped wp-block-gallery-1\"><ul class=\"blocks-gallery-grid\"><li class=\"blocks-gallery-item\"><figure><img loading=\"lazy\" decoding=\"async\" width=\"1024\" height=\"683\" src=\"http:\/\/maismagazine.pt\/wp-content\/uploads\/2023\/02\/Provedor-Presidente-da-Camara-de-Tomar-Mordomo-e-Vigario-de-Tomar-1024x683.jpg\" alt=\"\" data-id=\"5491\" data-link=\"http:\/\/maismagazine.pt\/?attachment_id=5491\" class=\"wp-image-5491\" srcset=\"http:\/\/maismagazine.pt\/wp-content\/uploads\/2023\/02\/Provedor-Presidente-da-Camara-de-Tomar-Mordomo-e-Vigario-de-Tomar-1024x683.jpg 1024w, http:\/\/maismagazine.pt\/wp-content\/uploads\/2023\/02\/Provedor-Presidente-da-Camara-de-Tomar-Mordomo-e-Vigario-de-Tomar-300x200.jpg 300w, http:\/\/maismagazine.pt\/wp-content\/uploads\/2023\/02\/Provedor-Presidente-da-Camara-de-Tomar-Mordomo-e-Vigario-de-Tomar-768x512.jpg 768w, http:\/\/maismagazine.pt\/wp-content\/uploads\/2023\/02\/Provedor-Presidente-da-Camara-de-Tomar-Mordomo-e-Vigario-de-Tomar-150x100.jpg 150w, http:\/\/maismagazine.pt\/wp-content\/uploads\/2023\/02\/Provedor-Presidente-da-Camara-de-Tomar-Mordomo-e-Vigario-de-Tomar.jpg 1080w\" sizes=\"auto, (max-width: 1024px) 100vw, 1024px\" \/><figcaption class=\"blocks-gallery-item__caption is-layout-flex wp-block-gallery-is-layout-flex\">Provedor, Presidente da C\u00e2mara de Tomar, Mordomo e Vig\u00e1rio de Tomar<\/figcaption><\/figure><\/li><li class=\"blocks-gallery-item\"><figure><img loading=\"lazy\" decoding=\"async\" width=\"1024\" height=\"683\" src=\"http:\/\/maismagazine.pt\/wp-content\/uploads\/2023\/02\/Provedor-da-Festa-dos-Tabuleiros-de-2019-e-Presidente-da-Republica-1024x683.jpg\" alt=\"\" data-id=\"5492\" data-full-url=\"http:\/\/maismagazine.pt\/wp-content\/uploads\/2023\/02\/Provedor-da-Festa-dos-Tabuleiros-de-2019-e-Presidente-da-Republica.jpg\" data-link=\"http:\/\/maismagazine.pt\/?attachment_id=5492\" class=\"wp-image-5492\" srcset=\"http:\/\/maismagazine.pt\/wp-content\/uploads\/2023\/02\/Provedor-da-Festa-dos-Tabuleiros-de-2019-e-Presidente-da-Republica-1024x683.jpg 1024w, http:\/\/maismagazine.pt\/wp-content\/uploads\/2023\/02\/Provedor-da-Festa-dos-Tabuleiros-de-2019-e-Presidente-da-Republica-300x200.jpg 300w, http:\/\/maismagazine.pt\/wp-content\/uploads\/2023\/02\/Provedor-da-Festa-dos-Tabuleiros-de-2019-e-Presidente-da-Republica-768x512.jpg 768w, http:\/\/maismagazine.pt\/wp-content\/uploads\/2023\/02\/Provedor-da-Festa-dos-Tabuleiros-de-2019-e-Presidente-da-Republica-1536x1024.jpg 1536w, http:\/\/maismagazine.pt\/wp-content\/uploads\/2023\/02\/Provedor-da-Festa-dos-Tabuleiros-de-2019-e-Presidente-da-Republica-150x100.jpg 150w, http:\/\/maismagazine.pt\/wp-content\/uploads\/2023\/02\/Provedor-da-Festa-dos-Tabuleiros-de-2019-e-Presidente-da-Republica.jpg 1992w\" sizes=\"auto, (max-width: 1024px) 100vw, 1024px\" \/><figcaption class=\"blocks-gallery-item__caption\">Provedor da Miseric\u00f3rdia e Presidente da Rep\u00fablica<\/figcaption><\/figure><\/li><\/ul><\/figure>\n\n\n\n<p><br><\/p>\n\n\n\n<p><strong>Papel importante da institui\u00e7\u00e3o na Festa dos Tabuleiros<\/strong><br>A cidade de Tomar \u00e9, cada vez mais, associada \u00e0 Festa dos Tabuleiros que tem vindo a ganhar progressivamente mais protagonismo no panorama nacional e atraindo mais turistas. Os seus valores bem vincados e sempre muito conectados com a comunidade cat\u00f3lica, espelha com elevada precis\u00e3o as carater\u00edsticas da cidade e da popula\u00e7\u00e3o, uma vez que se trata de uma festividade realizada do povo para o povo. Nesse sentido, o Provedor da Santa Casa de Tomar, Ant\u00f3nio Alexandre, considera que mesmo sendo uma festividade marcada pela maneira de ser das pessoas de Tomar, que \u00e9 algo que se vai moldando com o decorrer dos anos, nunca perdeu a sua verdadeira ess\u00eancia e sempre se manteve fiel aos seus princ\u00edpios. \u201cA Festa dos Tabuleiros une os tomarenses de todo o concelho, na sua prepara\u00e7\u00e3o, desde o momento da elei\u00e7\u00e3o do Mordomo, at\u00e9 o \u00faltimo dia, que coincide com a distribui\u00e7\u00e3o do Bodo. \u00c9 uma Festa de partilha e de uma viv\u00eancia comunit\u00e1ria e volunt\u00e1ria, t\u00e3o carater\u00edstica das Festas do Esp\u00edrito Santo, que faz dela um momento \u00fanico na vida Tomarense\u201d, acrescenta o Provedor. \u00c9, hoje em dia, algo que mobiliza todos os tomarenses e que atrai pessoas de todo o mundo, em especial os imigrantes da cidade, que aproveitam para regressar nesta altura de festa para visitarem a sua fam\u00edlia e amigos.<br><br>Desde h\u00e1 algum tempo que a Santa Casa da Miseric\u00f3rdia de Tomar foi eleita para ser a guardi\u00e3 das Coroas e do Pend\u00e3o de Esp\u00edrito Santo que s\u00e3o utilizados nesta festividade e, a cada quatro anos \u00e9 da sua Igreja da Nossa Senhora da Gra\u00e7a que estas pe\u00e7as saem, no domingo de P\u00e1scoa, para se juntarem, posteriormente, ao grande cortejo da Festa do divino Esp\u00edrito Santo. Findadas as festividades, as Coroas e o Pend\u00e3o voltam at\u00e9 \u00e0 igreja da Santa Casa, onde ficam depositadas durante quatro anos, at\u00e9 \u00e0 pr\u00f3xima celebra\u00e7\u00e3o. O papel-chave que a institui\u00e7\u00e3o tem, estando diretamente ligada \u00e0 Festa dos Tabuleiros, \u00e9 um motivo de orgulho para o Provedor, que faz parte da Comiss\u00e3o Central do evento. \u201c\u00c9 mais que um motivo de orgulho, saber que se faz parte da hist\u00f3ria de um concelho, que ajudou a construir, e que tem na sua Festa Grande um patrim\u00f3nio da qual tamb\u00e9m faz parte\u201d, assume Ant\u00f3nio Alexandre.<br><br>Um evento que mobiliza toda a cidade e que tem um grande impacto na imagem que Tomar tem a n\u00edvel nacional e internacional, sendo j\u00e1 considerada Patrim\u00f3nio Nacional. A pr\u00f3xima etapa passa pela eleva\u00e7\u00e3o a Patrim\u00f3nio Imaterial da UNESCO que dar\u00e1 ao evento e a toda a cidade uma maior dimens\u00e3o. At\u00e9 l\u00e1, cabe a todos os tomarenses, \u00e0 C\u00e2mara Municipal de Tomar e \u00e0 Santa Casa da Miseric\u00f3rdia de Tomar a importante miss\u00e3o de preservar a sua rica Hist\u00f3ria e Patrim\u00f3nio, bem como a sua divulga\u00e7\u00e3o.<br><br><\/p>\n\n\n\n<div class=\"wp-block-image\"><figure class=\"aligncenter size-medium\"><img loading=\"lazy\" decoding=\"async\" width=\"300\" height=\"106\" src=\"http:\/\/maismagazine.pt\/wp-content\/uploads\/2023\/02\/LOGO-SCMT-FUNDO-BRANCO-300x106.jpg\" alt=\"\" class=\"wp-image-5494\" srcset=\"http:\/\/maismagazine.pt\/wp-content\/uploads\/2023\/02\/LOGO-SCMT-FUNDO-BRANCO-300x106.jpg 300w, http:\/\/maismagazine.pt\/wp-content\/uploads\/2023\/02\/LOGO-SCMT-FUNDO-BRANCO-1024x361.jpg 1024w, http:\/\/maismagazine.pt\/wp-content\/uploads\/2023\/02\/LOGO-SCMT-FUNDO-BRANCO-768x271.jpg 768w, http:\/\/maismagazine.pt\/wp-content\/uploads\/2023\/02\/LOGO-SCMT-FUNDO-BRANCO.jpg 1524w\" sizes=\"auto, (max-width: 300px) 100vw, 300px\" \/><\/figure><\/div>\n","protected":false},"excerpt":{"rendered":"<p>Fundada no ano de 1510, sob a invoca\u00e7\u00e3o de Nossa Senhora da Gra\u00e7a, a Santa Casa da Miseric\u00f3rdia de Tomar tem como objetivos norteadores, desde a sua origem, corresponder \u00e0s necessidades sociais do povo de Tomar e realizar pr\u00e1ticas e festividades de \u00e2mbito religioso. Atualmente, a institui\u00e7\u00e3o tem tamb\u00e9m um&hellip;<\/p>\n","protected":false},"author":7,"featured_media":5496,"comment_status":"closed","ping_status":"open","sticky":false,"template":"","format":"standard","meta":{"advgb_blocks_editor_width":"","advgb_blocks_columns_visual_guide":"","_monsterinsights_skip_tracking":false,"_monsterinsights_sitenote_active":false,"_monsterinsights_sitenote_note":"","_monsterinsights_sitenote_category":0,"footnotes":""},"categories":[1,9,313],"tags":[1260,1263,1264],"class_list":["post-5484","post","type-post","status-publish","format-standard","has-post-thumbnail","hentry","category-atualidade","category-cultura","category-saude","tag-festa-dos-tabuleiros","tag-santa-casa-misericordia-tomar","tag-servico"],"yoast_head":"<!-- This site is optimized with the Yoast SEO plugin v24.4 - https:\/\/yoast.com\/wordpress\/plugins\/seo\/ -->\n<title>Santa Casa da Miseric\u00f3rdia de Tomar H\u00e1 513 anos ao servi\u00e7o do povo tomarense - Mais Magazine<\/title>\n<meta name=\"description\" content=\"Fundada no ano de 1510, sob a invoca\u00e7\u00e3o de Nossa Senhora da Gra\u00e7a, a Santa Casa da Miseric\u00f3rdia de Tomar tem como objetivos norteadores, desde a sua origem, corresponder \u00e0s necessidades sociais do povo de Tomar e realizar pr\u00e1ticas e festividades de \u00e2mbito religioso. Atualmente, a institui\u00e7\u00e3o tem tamb\u00e9m um papel importante na realiza\u00e7\u00e3o da Festa dos Tabuleiros, candidata a patrim\u00f3nio da UNESCO.\" \/>\n<meta name=\"robots\" content=\"index, follow, max-snippet:-1, max-image-preview:large, max-video-preview:-1\" \/>\n<link rel=\"canonical\" href=\"http:\/\/maismagazine.pt\/index.php\/2023\/02\/24\/santa-casa-da-misericordia-de-tomar-ha-513-anos-ao-servico-do-povo-tomarense\/\" \/>\n<meta property=\"og:locale\" content=\"pt_PT\" \/>\n<meta property=\"og:type\" content=\"article\" \/>\n<meta property=\"og:title\" content=\"Santa Casa da Miseric\u00f3rdia de Tomar H\u00e1 513 anos ao servi\u00e7o do povo tomarense - Mais Magazine\" \/>\n<meta property=\"og:description\" content=\"Fundada no ano de 1510, sob a invoca\u00e7\u00e3o de Nossa Senhora da Gra\u00e7a, a Santa Casa da Miseric\u00f3rdia de Tomar tem como objetivos norteadores, desde a sua origem, corresponder \u00e0s necessidades sociais do povo de Tomar e realizar pr\u00e1ticas e festividades de \u00e2mbito religioso. Atualmente, a institui\u00e7\u00e3o tem tamb\u00e9m um papel importante na realiza\u00e7\u00e3o da Festa dos Tabuleiros, candidata a patrim\u00f3nio da UNESCO.\" \/>\n<meta property=\"og:url\" content=\"http:\/\/maismagazine.pt\/index.php\/2023\/02\/24\/santa-casa-da-misericordia-de-tomar-ha-513-anos-ao-servico-do-povo-tomarense\/\" \/>\n<meta property=\"og:site_name\" content=\"Mais Magazine\" \/>\n<meta property=\"article:published_time\" content=\"2023-02-24T07:00:00+00:00\" \/>\n<meta property=\"og:image\" content=\"http:\/\/maismagazine.pt\/wp-content\/uploads\/2023\/02\/Provedor-da-Misericordia-Mordoma-de-2019-e-Mordomo-de-2023.jpg\" \/>\n\t<meta property=\"og:image:width\" content=\"2460\" \/>\n\t<meta property=\"og:image:height\" content=\"1640\" \/>\n\t<meta property=\"og:image:type\" content=\"image\/jpeg\" \/>\n<meta name=\"author\" content=\"Jo\u00e3o Malainho\" \/>\n<meta name=\"twitter:card\" content=\"summary_large_image\" \/>\n<meta name=\"twitter:label1\" content=\"Escrito por\" \/>\n\t<meta name=\"twitter:data1\" content=\"\" \/>\n\t<meta name=\"twitter:label2\" content=\"Tempo estimado de leitura\" \/>\n\t<meta name=\"twitter:data2\" content=\"5 minutos\" \/>\n<script type=\"application\/ld+json\" class=\"yoast-schema-graph\">{\"@context\":\"https:\/\/schema.org\",\"@graph\":[{\"@type\":\"Article\",\"@id\":\"http:\/\/maismagazine.pt\/index.php\/2023\/02\/24\/santa-casa-da-misericordia-de-tomar-ha-513-anos-ao-servico-do-povo-tomarense\/#article\",\"isPartOf\":{\"@id\":\"http:\/\/maismagazine.pt\/index.php\/2023\/02\/24\/santa-casa-da-misericordia-de-tomar-ha-513-anos-ao-servico-do-povo-tomarense\/\"},\"author\":{\"name\":\"Jo\u00e3o Malainho\",\"@id\":\"http:\/\/maismagazine.pt\/#\/schema\/person\/999bd426f894ff56d397ec12ebd21ebb\"},\"headline\":\"Santa Casa da Miseric\u00f3rdia de Tomar H\u00e1 513 anos ao servi\u00e7o do povo tomarense\",\"datePublished\":\"2023-02-24T07:00:00+00:00\",\"mainEntityOfPage\":{\"@id\":\"http:\/\/maismagazine.pt\/index.php\/2023\/02\/24\/santa-casa-da-misericordia-de-tomar-ha-513-anos-ao-servico-do-povo-tomarense\/\"},\"wordCount\":872,\"publisher\":{\"@id\":\"http:\/\/maismagazine.pt\/#organization\"},\"image\":{\"@id\":\"http:\/\/maismagazine.pt\/index.php\/2023\/02\/24\/santa-casa-da-misericordia-de-tomar-ha-513-anos-ao-servico-do-povo-tomarense\/#primaryimage\"},\"thumbnailUrl\":\"http:\/\/maismagazine.pt\/wp-content\/uploads\/2023\/02\/Provedor-da-Misericordia-Mordoma-de-2019-e-Mordomo-de-2023.jpg\",\"keywords\":[\"Festa dos Tabuleiros\",\"Santa Casa Miseric\u00f3rdia Tomar\",\"servi\u00e7o\"],\"articleSection\":[\"Atualidade\",\"Cultura\",\"Sa\u00fade\"],\"inLanguage\":\"pt-PT\"},{\"@type\":\"WebPage\",\"@id\":\"http:\/\/maismagazine.pt\/index.php\/2023\/02\/24\/santa-casa-da-misericordia-de-tomar-ha-513-anos-ao-servico-do-povo-tomarense\/\",\"url\":\"http:\/\/maismagazine.pt\/index.php\/2023\/02\/24\/santa-casa-da-misericordia-de-tomar-ha-513-anos-ao-servico-do-povo-tomarense\/\",\"name\":\"Santa Casa da Miseric\u00f3rdia de Tomar H\u00e1 513 anos ao servi\u00e7o do povo tomarense - Mais Magazine\",\"isPartOf\":{\"@id\":\"http:\/\/maismagazine.pt\/#website\"},\"primaryImageOfPage\":{\"@id\":\"http:\/\/maismagazine.pt\/index.php\/2023\/02\/24\/santa-casa-da-misericordia-de-tomar-ha-513-anos-ao-servico-do-povo-tomarense\/#primaryimage\"},\"image\":{\"@id\":\"http:\/\/maismagazine.pt\/index.php\/2023\/02\/24\/santa-casa-da-misericordia-de-tomar-ha-513-anos-ao-servico-do-povo-tomarense\/#primaryimage\"},\"thumbnailUrl\":\"http:\/\/maismagazine.pt\/wp-content\/uploads\/2023\/02\/Provedor-da-Misericordia-Mordoma-de-2019-e-Mordomo-de-2023.jpg\",\"datePublished\":\"2023-02-24T07:00:00+00:00\",\"description\":\"Fundada no ano de 1510, sob a invoca\u00e7\u00e3o de Nossa Senhora da Gra\u00e7a, a Santa Casa da Miseric\u00f3rdia de Tomar tem como objetivos norteadores, desde a sua origem, corresponder \u00e0s necessidades sociais do povo de Tomar e realizar pr\u00e1ticas e festividades de \u00e2mbito religioso. Atualmente, a institui\u00e7\u00e3o tem tamb\u00e9m um papel importante na realiza\u00e7\u00e3o da Festa dos Tabuleiros, candidata a patrim\u00f3nio da UNESCO.\",\"breadcrumb\":{\"@id\":\"http:\/\/maismagazine.pt\/index.php\/2023\/02\/24\/santa-casa-da-misericordia-de-tomar-ha-513-anos-ao-servico-do-povo-tomarense\/#breadcrumb\"},\"inLanguage\":\"pt-PT\",\"potentialAction\":[{\"@type\":\"ReadAction\",\"target\":[\"http:\/\/maismagazine.pt\/index.php\/2023\/02\/24\/santa-casa-da-misericordia-de-tomar-ha-513-anos-ao-servico-do-povo-tomarense\/\"]}]},{\"@type\":\"ImageObject\",\"inLanguage\":\"pt-PT\",\"@id\":\"http:\/\/maismagazine.pt\/index.php\/2023\/02\/24\/santa-casa-da-misericordia-de-tomar-ha-513-anos-ao-servico-do-povo-tomarense\/#primaryimage\",\"url\":\"http:\/\/maismagazine.pt\/wp-content\/uploads\/2023\/02\/Provedor-da-Misericordia-Mordoma-de-2019-e-Mordomo-de-2023.jpg\",\"contentUrl\":\"http:\/\/maismagazine.pt\/wp-content\/uploads\/2023\/02\/Provedor-da-Misericordia-Mordoma-de-2019-e-Mordomo-de-2023.jpg\",\"width\":2460,\"height\":1640},{\"@type\":\"BreadcrumbList\",\"@id\":\"http:\/\/maismagazine.pt\/index.php\/2023\/02\/24\/santa-casa-da-misericordia-de-tomar-ha-513-anos-ao-servico-do-povo-tomarense\/#breadcrumb\",\"itemListElement\":[{\"@type\":\"ListItem\",\"position\":1,\"name\":\"Home\",\"item\":\"http:\/\/maismagazine.pt\/\"},{\"@type\":\"ListItem\",\"position\":2,\"name\":\"Santa Casa da Miseric\u00f3rdia de Tomar H\u00e1 513 anos ao servi\u00e7o do povo tomarense\"}]},{\"@type\":\"WebSite\",\"@id\":\"http:\/\/maismagazine.pt\/#website\",\"url\":\"http:\/\/maismagazine.pt\/\",\"name\":\"Mais Magazine\",\"description\":\"\",\"publisher\":{\"@id\":\"http:\/\/maismagazine.pt\/#organization\"},\"potentialAction\":[{\"@type\":\"SearchAction\",\"target\":{\"@type\":\"EntryPoint\",\"urlTemplate\":\"http:\/\/maismagazine.pt\/?s={search_term_string}\"},\"query-input\":{\"@type\":\"PropertyValueSpecification\",\"valueRequired\":true,\"valueName\":\"search_term_string\"}}],\"inLanguage\":\"pt-PT\"},{\"@type\":\"Organization\",\"@id\":\"http:\/\/maismagazine.pt\/#organization\",\"name\":\"Mais Magazine\",\"url\":\"http:\/\/maismagazine.pt\/\",\"logo\":{\"@type\":\"ImageObject\",\"inLanguage\":\"pt-PT\",\"@id\":\"http:\/\/maismagazine.pt\/#\/schema\/logo\/image\/\",\"url\":\"http:\/\/maismagazine.pt\/wp-content\/uploads\/2020\/04\/cropped-cropped-mais-magazine-site-logo-2.png\",\"contentUrl\":\"http:\/\/maismagazine.pt\/wp-content\/uploads\/2020\/04\/cropped-cropped-mais-magazine-site-logo-2.png\",\"width\":581,\"height\":90,\"caption\":\"Mais Magazine\"},\"image\":{\"@id\":\"http:\/\/maismagazine.pt\/#\/schema\/logo\/image\/\"}},{\"@type\":\"Person\",\"@id\":\"http:\/\/maismagazine.pt\/#\/schema\/person\/999bd426f894ff56d397ec12ebd21ebb\",\"name\":\"Jo\u00e3o Malainho\",\"image\":{\"@type\":\"ImageObject\",\"inLanguage\":\"pt-PT\",\"@id\":\"http:\/\/maismagazine.pt\/#\/schema\/person\/image\/\",\"url\":\"https:\/\/secure.gravatar.com\/avatar\/ff03c2f38edf60b2a827aa4f74878491?s=96&d=mm&r=g\",\"contentUrl\":\"https:\/\/secure.gravatar.com\/avatar\/ff03c2f38edf60b2a827aa4f74878491?s=96&d=mm&r=g\",\"caption\":\"Jo\u00e3o Malainho\"},\"url\":\"http:\/\/maismagazine.pt\/index.php\/author\/maismagazine\/\"}]}<\/script>\n<!-- \/ Yoast SEO plugin. -->","yoast_head_json":{"title":"Santa Casa da Miseric\u00f3rdia de Tomar H\u00e1 513 anos ao servi\u00e7o do povo tomarense - Mais Magazine","description":"Fundada no ano de 1510, sob a invoca\u00e7\u00e3o de Nossa Senhora da Gra\u00e7a, a Santa Casa da Miseric\u00f3rdia de Tomar tem como objetivos norteadores, desde a sua origem, corresponder \u00e0s necessidades sociais do povo de Tomar e realizar pr\u00e1ticas e festividades de \u00e2mbito religioso. Atualmente, a institui\u00e7\u00e3o tem tamb\u00e9m um papel importante na realiza\u00e7\u00e3o da Festa dos Tabuleiros, candidata a patrim\u00f3nio da UNESCO.","robots":{"index":"index","follow":"follow","max-snippet":"max-snippet:-1","max-image-preview":"max-image-preview:large","max-video-preview":"max-video-preview:-1"},"canonical":"http:\/\/maismagazine.pt\/index.php\/2023\/02\/24\/santa-casa-da-misericordia-de-tomar-ha-513-anos-ao-servico-do-povo-tomarense\/","og_locale":"pt_PT","og_type":"article","og_title":"Santa Casa da Miseric\u00f3rdia de Tomar H\u00e1 513 anos ao servi\u00e7o do povo tomarense - Mais Magazine","og_description":"Fundada no ano de 1510, sob a invoca\u00e7\u00e3o de Nossa Senhora da Gra\u00e7a, a Santa Casa da Miseric\u00f3rdia de Tomar tem como objetivos norteadores, desde a sua origem, corresponder \u00e0s necessidades sociais do povo de Tomar e realizar pr\u00e1ticas e festividades de \u00e2mbito religioso. Atualmente, a institui\u00e7\u00e3o tem tamb\u00e9m um papel importante na realiza\u00e7\u00e3o da Festa dos Tabuleiros, candidata a patrim\u00f3nio da UNESCO.","og_url":"http:\/\/maismagazine.pt\/index.php\/2023\/02\/24\/santa-casa-da-misericordia-de-tomar-ha-513-anos-ao-servico-do-povo-tomarense\/","og_site_name":"Mais Magazine","article_published_time":"2023-02-24T07:00:00+00:00","og_image":[{"width":2460,"height":1640,"url":"http:\/\/maismagazine.pt\/wp-content\/uploads\/2023\/02\/Provedor-da-Misericordia-Mordoma-de-2019-e-Mordomo-de-2023.jpg","type":"image\/jpeg"}],"author":"Jo\u00e3o Malainho","twitter_card":"summary_large_image","twitter_misc":{"Escrito por":false,"Tempo estimado de leitura":"5 minutos"},"schema":{"@context":"https:\/\/schema.org","@graph":[{"@type":"Article","@id":"http:\/\/maismagazine.pt\/index.php\/2023\/02\/24\/santa-casa-da-misericordia-de-tomar-ha-513-anos-ao-servico-do-povo-tomarense\/#article","isPartOf":{"@id":"http:\/\/maismagazine.pt\/index.php\/2023\/02\/24\/santa-casa-da-misericordia-de-tomar-ha-513-anos-ao-servico-do-povo-tomarense\/"},"author":{"name":"Jo\u00e3o Malainho","@id":"http:\/\/maismagazine.pt\/#\/schema\/person\/999bd426f894ff56d397ec12ebd21ebb"},"headline":"Santa Casa da Miseric\u00f3rdia de Tomar H\u00e1 513 anos ao servi\u00e7o do povo tomarense","datePublished":"2023-02-24T07:00:00+00:00","mainEntityOfPage":{"@id":"http:\/\/maismagazine.pt\/index.php\/2023\/02\/24\/santa-casa-da-misericordia-de-tomar-ha-513-anos-ao-servico-do-povo-tomarense\/"},"wordCount":872,"publisher":{"@id":"http:\/\/maismagazine.pt\/#organization"},"image":{"@id":"http:\/\/maismagazine.pt\/index.php\/2023\/02\/24\/santa-casa-da-misericordia-de-tomar-ha-513-anos-ao-servico-do-povo-tomarense\/#primaryimage"},"thumbnailUrl":"http:\/\/maismagazine.pt\/wp-content\/uploads\/2023\/02\/Provedor-da-Misericordia-Mordoma-de-2019-e-Mordomo-de-2023.jpg","keywords":["Festa dos Tabuleiros","Santa Casa Miseric\u00f3rdia Tomar","servi\u00e7o"],"articleSection":["Atualidade","Cultura","Sa\u00fade"],"inLanguage":"pt-PT"},{"@type":"WebPage","@id":"http:\/\/maismagazine.pt\/index.php\/2023\/02\/24\/santa-casa-da-misericordia-de-tomar-ha-513-anos-ao-servico-do-povo-tomarense\/","url":"http:\/\/maismagazine.pt\/index.php\/2023\/02\/24\/santa-casa-da-misericordia-de-tomar-ha-513-anos-ao-servico-do-povo-tomarense\/","name":"Santa Casa da Miseric\u00f3rdia de Tomar H\u00e1 513 anos ao servi\u00e7o do povo tomarense - Mais Magazine","isPartOf":{"@id":"http:\/\/maismagazine.pt\/#website"},"primaryImageOfPage":{"@id":"http:\/\/maismagazine.pt\/index.php\/2023\/02\/24\/santa-casa-da-misericordia-de-tomar-ha-513-anos-ao-servico-do-povo-tomarense\/#primaryimage"},"image":{"@id":"http:\/\/maismagazine.pt\/index.php\/2023\/02\/24\/santa-casa-da-misericordia-de-tomar-ha-513-anos-ao-servico-do-povo-tomarense\/#primaryimage"},"thumbnailUrl":"http:\/\/maismagazine.pt\/wp-content\/uploads\/2023\/02\/Provedor-da-Misericordia-Mordoma-de-2019-e-Mordomo-de-2023.jpg","datePublished":"2023-02-24T07:00:00+00:00","description":"Fundada no ano de 1510, sob a invoca\u00e7\u00e3o de Nossa Senhora da Gra\u00e7a, a Santa Casa da Miseric\u00f3rdia de Tomar tem como objetivos norteadores, desde a sua origem, corresponder \u00e0s necessidades sociais do povo de Tomar e realizar pr\u00e1ticas e festividades de \u00e2mbito religioso. Atualmente, a institui\u00e7\u00e3o tem tamb\u00e9m um papel importante na realiza\u00e7\u00e3o da Festa dos Tabuleiros, candidata a patrim\u00f3nio da UNESCO.","breadcrumb":{"@id":"http:\/\/maismagazine.pt\/index.php\/2023\/02\/24\/santa-casa-da-misericordia-de-tomar-ha-513-anos-ao-servico-do-povo-tomarense\/#breadcrumb"},"inLanguage":"pt-PT","potentialAction":[{"@type":"ReadAction","target":["http:\/\/maismagazine.pt\/index.php\/2023\/02\/24\/santa-casa-da-misericordia-de-tomar-ha-513-anos-ao-servico-do-povo-tomarense\/"]}]},{"@type":"ImageObject","inLanguage":"pt-PT","@id":"http:\/\/maismagazine.pt\/index.php\/2023\/02\/24\/santa-casa-da-misericordia-de-tomar-ha-513-anos-ao-servico-do-povo-tomarense\/#primaryimage","url":"http:\/\/maismagazine.pt\/wp-content\/uploads\/2023\/02\/Provedor-da-Misericordia-Mordoma-de-2019-e-Mordomo-de-2023.jpg","contentUrl":"http:\/\/maismagazine.pt\/wp-content\/uploads\/2023\/02\/Provedor-da-Misericordia-Mordoma-de-2019-e-Mordomo-de-2023.jpg","width":2460,"height":1640},{"@type":"BreadcrumbList","@id":"http:\/\/maismagazine.pt\/index.php\/2023\/02\/24\/santa-casa-da-misericordia-de-tomar-ha-513-anos-ao-servico-do-povo-tomarense\/#breadcrumb","itemListElement":[{"@type":"ListItem","position":1,"name":"Home","item":"http:\/\/maismagazine.pt\/"},{"@type":"ListItem","position":2,"name":"Santa Casa da Miseric\u00f3rdia de Tomar H\u00e1 513 anos ao servi\u00e7o do povo tomarense"}]},{"@type":"WebSite","@id":"http:\/\/maismagazine.pt\/#website","url":"http:\/\/maismagazine.pt\/","name":"Mais Magazine","description":"","publisher":{"@id":"http:\/\/maismagazine.pt\/#organization"},"potentialAction":[{"@type":"SearchAction","target":{"@type":"EntryPoint","urlTemplate":"http:\/\/maismagazine.pt\/?s={search_term_string}"},"query-input":{"@type":"PropertyValueSpecification","valueRequired":true,"valueName":"search_term_string"}}],"inLanguage":"pt-PT"},{"@type":"Organization","@id":"http:\/\/maismagazine.pt\/#organization","name":"Mais Magazine","url":"http:\/\/maismagazine.pt\/","logo":{"@type":"ImageObject","inLanguage":"pt-PT","@id":"http:\/\/maismagazine.pt\/#\/schema\/logo\/image\/","url":"http:\/\/maismagazine.pt\/wp-content\/uploads\/2020\/04\/cropped-cropped-mais-magazine-site-logo-2.png","contentUrl":"http:\/\/maismagazine.pt\/wp-content\/uploads\/2020\/04\/cropped-cropped-mais-magazine-site-logo-2.png","width":581,"height":90,"caption":"Mais Magazine"},"image":{"@id":"http:\/\/maismagazine.pt\/#\/schema\/logo\/image\/"}},{"@type":"Person","@id":"http:\/\/maismagazine.pt\/#\/schema\/person\/999bd426f894ff56d397ec12ebd21ebb","name":"Jo\u00e3o Malainho","image":{"@type":"ImageObject","inLanguage":"pt-PT","@id":"http:\/\/maismagazine.pt\/#\/schema\/person\/image\/","url":"https:\/\/secure.gravatar.com\/avatar\/ff03c2f38edf60b2a827aa4f74878491?s=96&d=mm&r=g","contentUrl":"https:\/\/secure.gravatar.com\/avatar\/ff03c2f38edf60b2a827aa4f74878491?s=96&d=mm&r=g","caption":"Jo\u00e3o Malainho"},"url":"http:\/\/maismagazine.pt\/index.php\/author\/maismagazine\/"}]}},"author_meta":{"display_name":false,"author_link":"http:\/\/maismagazine.pt\/index.php\/author\/maismagazine\/"},"featured_img":"http:\/\/maismagazine.pt\/wp-content\/uploads\/2023\/02\/Provedor-da-Misericordia-Mordoma-de-2019-e-Mordomo-de-2023-300x200.jpg","coauthors":[],"tax_additional":{"categories":{"linked":["<a href=\"http:\/\/maismagazine.pt\/index.php\/category\/atualidade\/\" class=\"advgb-post-tax-term\">Atualidade<\/a>","<a href=\"http:\/\/maismagazine.pt\/index.php\/category\/cultura\/\" class=\"advgb-post-tax-term\">Cultura<\/a>","<a href=\"http:\/\/maismagazine.pt\/index.php\/category\/mundo-empresarial\/saude\/\" class=\"advgb-post-tax-term\">Sa\u00fade<\/a>"],"unlinked":["<span class=\"advgb-post-tax-term\">Atualidade<\/span>","<span class=\"advgb-post-tax-term\">Cultura<\/span>","<span class=\"advgb-post-tax-term\">Sa\u00fade<\/span>"]},"tags":{"linked":["<a href=\"http:\/\/maismagazine.pt\/index.php\/category\/mundo-empresarial\/saude\/\" class=\"advgb-post-tax-term\">Festa dos Tabuleiros<\/a>","<a href=\"http:\/\/maismagazine.pt\/index.php\/category\/mundo-empresarial\/saude\/\" class=\"advgb-post-tax-term\">Santa Casa Miseric\u00f3rdia Tomar<\/a>","<a href=\"http:\/\/maismagazine.pt\/index.php\/category\/mundo-empresarial\/saude\/\" class=\"advgb-post-tax-term\">servi\u00e7o<\/a>"],"unlinked":["<span class=\"advgb-post-tax-term\">Festa dos Tabuleiros<\/span>","<span class=\"advgb-post-tax-term\">Santa Casa Miseric\u00f3rdia Tomar<\/span>","<span class=\"advgb-post-tax-term\">servi\u00e7o<\/span>"]}},"comment_count":"0","relative_dates":{"created":"Posted 3 anos ago","modified":"Updated 3 anos ago"},"absolute_dates":{"created":"Posted on 24 de Fevereiro, 2023","modified":"Updated on 16 de Fevereiro, 2023"},"absolute_dates_time":{"created":"Posted on 24 de Fevereiro, 2023 7:00","modified":"Updated on 16 de Fevereiro, 2023 9:55"},"featured_img_caption":"","series_order":"","_links":{"self":[{"href":"http:\/\/maismagazine.pt\/index.php\/wp-json\/wp\/v2\/posts\/5484","targetHints":{"allow":["GET"]}}],"collection":[{"href":"http:\/\/maismagazine.pt\/index.php\/wp-json\/wp\/v2\/posts"}],"about":[{"href":"http:\/\/maismagazine.pt\/index.php\/wp-json\/wp\/v2\/types\/post"}],"author":[{"embeddable":true,"href":"http:\/\/maismagazine.pt\/index.php\/wp-json\/wp\/v2\/users\/7"}],"replies":[{"embeddable":true,"href":"http:\/\/maismagazine.pt\/index.php\/wp-json\/wp\/v2\/comments?post=5484"}],"version-history":[{"count":3,"href":"http:\/\/maismagazine.pt\/index.php\/wp-json\/wp\/v2\/posts\/5484\/revisions"}],"predecessor-version":[{"id":5673,"href":"http:\/\/maismagazine.pt\/index.php\/wp-json\/wp\/v2\/posts\/5484\/revisions\/5673"}],"wp:featuredmedia":[{"embeddable":true,"href":"http:\/\/maismagazine.pt\/index.php\/wp-json\/wp\/v2\/media\/5496"}],"wp:attachment":[{"href":"http:\/\/maismagazine.pt\/index.php\/wp-json\/wp\/v2\/media?parent=5484"}],"wp:term":[{"taxonomy":"category","embeddable":true,"href":"http:\/\/maismagazine.pt\/index.php\/wp-json\/wp\/v2\/categories?post=5484"},{"taxonomy":"post_tag","embeddable":true,"href":"http:\/\/maismagazine.pt\/index.php\/wp-json\/wp\/v2\/tags?post=5484"}],"curies":[{"name":"wp","href":"https:\/\/api.w.org\/{rel}","templated":true}]}}