{"id":5445,"date":"2023-02-24T07:00:00","date_gmt":"2023-02-24T07:00:00","guid":{"rendered":"http:\/\/maismagazine.pt\/?p=5445"},"modified":"2023-02-16T09:46:48","modified_gmt":"2023-02-16T09:46:48","slug":"dgpc-na-fileira-da-frente-da-salvaguarda-valorizacao-e-conservacao-do-patrimonio-nacional","status":"publish","type":"post","link":"http:\/\/maismagazine.pt\/index.php\/2023\/02\/24\/dgpc-na-fileira-da-frente-da-salvaguarda-valorizacao-e-conservacao-do-patrimonio-nacional\/","title":{"rendered":"DGPC na fileira da frente da salvaguarda, valoriza\u00e7\u00e3o e conserva\u00e7\u00e3o do patrim\u00f3nio nacional"},"content":{"rendered":"\n<p><strong>A <a href=\"https:\/\/www.patrimoniocultural.gov.pt\/pt\/\">Dire\u00e7\u00e3o-Geral do Patrim\u00f3nio Cultural (DGPC)<\/a> \u00e9 a entidade respons\u00e1vel pela gest\u00e3o do patrim\u00f3nio cultural em Portugal Continental. Jo\u00e3o Carlos dos Santos, Diretor-Geral do Patrim\u00f3nio Cultural, deu a conhecer \u00e0 Mais Magazine o importante trabalho desenvolvido pela DGPC na salvaguarda, valoriza\u00e7\u00e3o e conserva\u00e7\u00e3o do patrim\u00f3nio portugu\u00eas.<\/strong><br><br>Criada em 2012, a DGPC \u00e9 sucessora do Instituto de Gest\u00e3o do Patrim\u00f3nio Arquitet\u00f3nico e Arqueol\u00f3gico (IGESPAR), do Instituto dos Museus e da Conserva\u00e7\u00e3o (IMC) e da Dire\u00e7\u00e3o Regional de Cultura de Lisboa e Vale do Tejo, e como tal herdou atribui\u00e7\u00f5es na \u00e1rea do patrim\u00f3nio cultural arquitet\u00f3nico e arqueol\u00f3gico, dos museus, da conserva\u00e7\u00e3o e restauro e do patrim\u00f3nio cultural imaterial. Para al\u00e9m dos servi\u00e7os centrais, a DGPC tutela 25 museus, monumentos e pal\u00e1cios espalhados por todo o territ\u00f3rio nacional, onde se incluem cinco monumentos inscritos na lista do patrim\u00f3nio mundial da UNESCO e 16 museus nacionais. \u201cPara al\u00e9m disso, promove investiga\u00e7\u00e3o e interven\u00e7\u00e3o t\u00e9cnico-cient\u00edfica de excel\u00eancia no Laborat\u00f3rio de Conserva\u00e7\u00e3o e Restauro Jos\u00e9 de Figueiredo, no Laborat\u00f3rio de Arqueoci\u00eancias e no Laborat\u00f3rio do Centro Nacional de Arqueologia N\u00e1utica e Subaqu\u00e1tica. Neste contexto, temos pugnado por assegurar da melhor forma, a miss\u00e3o que nos est\u00e1 atribu\u00edda, que \u00e9 muito diversificada\u201d, explica Jo\u00e3o Carlos dos Santos.<br><br>A DGPC tem por miss\u00e3o assegurar a gest\u00e3o, salvaguarda, valoriza\u00e7\u00e3o, conserva\u00e7\u00e3o e restauro dos bens que integram o patrim\u00f3nio cultural im\u00f3vel, m\u00f3vel e imaterial do pa\u00eds, bem como desenvolver e executar a pol\u00edtica museol\u00f3gica nacional. Na \u00e1rea do patrim\u00f3nio im\u00f3vel cabe \u00e0 DGPC assegurar a prote\u00e7\u00e3o legal dos bens im\u00f3veis assente nos mecanismos de classifica\u00e7\u00e3o, inventaria\u00e7\u00e3o e de licenciamento de obras particulares nos im\u00f3veis classificados e respetivas zonas de prote\u00e7\u00e3o. Na \u00e1rea dos museus, monumentos e pal\u00e1cios, para al\u00e9m da gest\u00e3o direta e da realiza\u00e7\u00e3o de obras de manuten\u00e7\u00e3o, conserva\u00e7\u00e3o e remodela\u00e7\u00e3o dos 25 MMP`s afetos, a DGPC procede \u00e0 credencia\u00e7\u00e3o de museus tendo em vista a sua integra\u00e7\u00e3o na Rede Portuguesa de Museus, composta por 165 museus, cujo acompanhamento e funcionamento assegura. Outra das atribui\u00e7\u00f5es \u00e9 a concretiza\u00e7\u00e3o da pol\u00edtica de salvaguarda, investiga\u00e7\u00e3o e conserva\u00e7\u00e3o dos bens culturais m\u00f3veis e integrados, propriedade do Estado, de outras entidades e de particulares. \u201cNo que diz respeito ao Patrim\u00f3nio Cultural Imaterial temos por miss\u00e3o e atribui\u00e7\u00f5es assegurar o cumprimento das obriga\u00e7\u00f5es do Estado no dom\u00ednio do estudo, salvaguarda, valoriza\u00e7\u00e3o e divulga\u00e7\u00e3o das manifesta\u00e7\u00f5es culturais nesta \u00e1rea. Produzimos ainda uma s\u00e9rie de publica\u00e7\u00f5es variadas na \u00e1rea do Patrim\u00f3nio, Monumentos, Museus e Arqueologia\u201d, explica.<br><br>Para atingir este objetivo a DGPC desenvolve programas e atividade de \u00e2mbito nacional e internacional, mobilizando recursos pr\u00f3prios e trabalhando em parceria com diversas institui\u00e7\u00f5es e entidades, como explica o seu Diretor-Geral: \u201cA DGPC est\u00e1 representada em in\u00fameros organismos internacionais, sendo um membro ativo do Comit\u00e9 de Patrim\u00f3nio Mundial da UNESCO, do Iberomuseus, entre outros, com projetos muito interessantes para a valoriza\u00e7\u00e3o do patrim\u00f3nio.\u201d Com o objetivo sensibilizar para o patrim\u00f3nio comum da Europa e para a necessidade da sua cont\u00ednua prote\u00e7\u00e3o, a DGPC promove ainda iniciativas no \u00e2mbito das Jornadas Europeias do Patrim\u00f3nio, Dia Internacional dos Monumentos e S\u00edtios e Dia Internacional dos Museus.<br><br>Em Portugal, a cultura e o patrim\u00f3nio t\u00eam caracter\u00edsticas \u00fanicas que resultaram dos acontecimentos hist\u00f3ricos e da identidade de um povo. A singularidade do patrim\u00f3nio cultural nacional constitui um fator de afirma\u00e7\u00e3o de valores identit\u00e1rios e um vetor diferenciador face \u00e0 homogeneiza\u00e7\u00e3o cultural. Por isso mesmo, a DGPC tem incentivado o debate em torno da import\u00e2ncia, diversidade, preserva\u00e7\u00e3o e valoriza\u00e7\u00e3o do Patrim\u00f3nio Cultural numa perspetiva integrada e transectorial. \u201cProcuramos ainda promover uma abordagem centrada nos cidad\u00e3os, divulgando modelos inovadores de gest\u00e3o do Patrim\u00f3nio Cultural e salientando o seu papel inclusivo, real\u00e7ando os contributos do Patrim\u00f3nio Cultural para a sociedade, a economia, a cria\u00e7\u00e3o cultural e a educa\u00e7\u00e3o.\u201d<br><\/p>\n\n\n\n<div class=\"wp-block-image\"><figure class=\"aligncenter size-medium\"><img loading=\"lazy\" decoding=\"async\" width=\"300\" height=\"168\" src=\"http:\/\/maismagazine.pt\/wp-content\/uploads\/2023\/02\/DGPatrimonioCultural-2hg-300x168.jpg\" alt=\"\" class=\"wp-image-5450\" srcset=\"http:\/\/maismagazine.pt\/wp-content\/uploads\/2023\/02\/DGPatrimonioCultural-2hg-300x168.jpg 300w, http:\/\/maismagazine.pt\/wp-content\/uploads\/2023\/02\/DGPatrimonioCultural-2hg.jpg 686w\" sizes=\"auto, (max-width: 300px) 100vw, 300px\" \/><\/figure><\/div>\n","protected":false},"excerpt":{"rendered":"<p>A Dire\u00e7\u00e3o-Geral do Patrim\u00f3nio Cultural (DGPC) \u00e9 a entidade respons\u00e1vel pela gest\u00e3o do patrim\u00f3nio cultural em Portugal Continental. Jo\u00e3o Carlos dos Santos, Diretor-Geral do Patrim\u00f3nio Cultural, deu a conhecer \u00e0 Mais Magazine o importante trabalho desenvolvido pela DGPC na salvaguarda, valoriza\u00e7\u00e3o e conserva\u00e7\u00e3o do patrim\u00f3nio portugu\u00eas. Criada em 2012, a&hellip;<\/p>\n","protected":false},"author":7,"featured_media":5454,"comment_status":"closed","ping_status":"open","sticky":false,"template":"","format":"standard","meta":{"advgb_blocks_editor_width":"","advgb_blocks_columns_visual_guide":"","_monsterinsights_skip_tracking":false,"_monsterinsights_sitenote_active":false,"_monsterinsights_sitenote_note":"","_monsterinsights_sitenote_category":0,"footnotes":""},"categories":[9,52],"tags":[1254,1255,1257,1256,981],"class_list":["post-5445","post","type-post","status-publish","format-standard","has-post-thumbnail","hentry","category-cultura","category-destaque","tag-dgpc","tag-patrimonio-nacional","tag-preservacao-2","tag-salvaguarda","tag-valorizacao"],"yoast_head":"<!-- This site is optimized with the Yoast SEO plugin v24.4 - https:\/\/yoast.com\/wordpress\/plugins\/seo\/ -->\n<title>DGPC na fileira da frente da salvaguarda, valoriza\u00e7\u00e3o e conserva\u00e7\u00e3o do patrim\u00f3nio nacional - Mais Magazine<\/title>\n<meta name=\"description\" content=\"A Dire\u00e7\u00e3o-Geral do Patrim\u00f3nio Cultural (DGPC) \u00e9 a entidade respons\u00e1vel pela gest\u00e3o do patrim\u00f3nio cultural em Portugal Continental. Jo\u00e3o Carlos dos Santos, Diretor-Geral do Patrim\u00f3nio Cultural, deu a conhecer \u00e0 Mais Magazine o importante trabalho desenvolvido pela DGPC na salvaguarda, valoriza\u00e7\u00e3o e conserva\u00e7\u00e3o do patrim\u00f3nio portugu\u00eas.\" \/>\n<meta name=\"robots\" content=\"index, follow, max-snippet:-1, max-image-preview:large, max-video-preview:-1\" \/>\n<link rel=\"canonical\" href=\"http:\/\/maismagazine.pt\/index.php\/2023\/02\/24\/dgpc-na-fileira-da-frente-da-salvaguarda-valorizacao-e-conservacao-do-patrimonio-nacional\/\" \/>\n<meta property=\"og:locale\" content=\"pt_PT\" \/>\n<meta property=\"og:type\" content=\"article\" \/>\n<meta property=\"og:title\" content=\"DGPC na fileira da frente da salvaguarda, valoriza\u00e7\u00e3o e conserva\u00e7\u00e3o do patrim\u00f3nio nacional - Mais Magazine\" \/>\n<meta property=\"og:description\" content=\"A Dire\u00e7\u00e3o-Geral do Patrim\u00f3nio Cultural (DGPC) \u00e9 a entidade respons\u00e1vel pela gest\u00e3o do patrim\u00f3nio cultural em Portugal Continental. Jo\u00e3o Carlos dos Santos, Diretor-Geral do Patrim\u00f3nio Cultural, deu a conhecer \u00e0 Mais Magazine o importante trabalho desenvolvido pela DGPC na salvaguarda, valoriza\u00e7\u00e3o e conserva\u00e7\u00e3o do patrim\u00f3nio portugu\u00eas.\" \/>\n<meta property=\"og:url\" content=\"http:\/\/maismagazine.pt\/index.php\/2023\/02\/24\/dgpc-na-fileira-da-frente-da-salvaguarda-valorizacao-e-conservacao-do-patrimonio-nacional\/\" \/>\n<meta property=\"og:site_name\" content=\"Mais Magazine\" \/>\n<meta property=\"article:published_time\" content=\"2023-02-24T07:00:00+00:00\" \/>\n<meta property=\"og:image\" content=\"http:\/\/maismagazine.pt\/wp-content\/uploads\/2023\/02\/2cc-1024x1024.jpg\" \/>\n\t<meta property=\"og:image:width\" content=\"1024\" \/>\n\t<meta property=\"og:image:height\" content=\"1024\" \/>\n\t<meta property=\"og:image:type\" content=\"image\/jpeg\" \/>\n<meta name=\"author\" content=\"Jo\u00e3o Malainho\" \/>\n<meta name=\"twitter:card\" content=\"summary_large_image\" \/>\n<meta name=\"twitter:label1\" content=\"Escrito por\" \/>\n\t<meta name=\"twitter:data1\" content=\"\" \/>\n\t<meta name=\"twitter:label2\" content=\"Tempo estimado de leitura\" \/>\n\t<meta name=\"twitter:data2\" content=\"3 minutos\" \/>\n<script type=\"application\/ld+json\" class=\"yoast-schema-graph\">{\"@context\":\"https:\/\/schema.org\",\"@graph\":[{\"@type\":\"Article\",\"@id\":\"http:\/\/maismagazine.pt\/index.php\/2023\/02\/24\/dgpc-na-fileira-da-frente-da-salvaguarda-valorizacao-e-conservacao-do-patrimonio-nacional\/#article\",\"isPartOf\":{\"@id\":\"http:\/\/maismagazine.pt\/index.php\/2023\/02\/24\/dgpc-na-fileira-da-frente-da-salvaguarda-valorizacao-e-conservacao-do-patrimonio-nacional\/\"},\"author\":{\"name\":\"Jo\u00e3o Malainho\",\"@id\":\"http:\/\/maismagazine.pt\/#\/schema\/person\/999bd426f894ff56d397ec12ebd21ebb\"},\"headline\":\"DGPC na fileira da frente da salvaguarda, valoriza\u00e7\u00e3o e conserva\u00e7\u00e3o do patrim\u00f3nio nacional\",\"datePublished\":\"2023-02-24T07:00:00+00:00\",\"mainEntityOfPage\":{\"@id\":\"http:\/\/maismagazine.pt\/index.php\/2023\/02\/24\/dgpc-na-fileira-da-frente-da-salvaguarda-valorizacao-e-conservacao-do-patrimonio-nacional\/\"},\"wordCount\":735,\"publisher\":{\"@id\":\"http:\/\/maismagazine.pt\/#organization\"},\"image\":{\"@id\":\"http:\/\/maismagazine.pt\/index.php\/2023\/02\/24\/dgpc-na-fileira-da-frente-da-salvaguarda-valorizacao-e-conservacao-do-patrimonio-nacional\/#primaryimage\"},\"thumbnailUrl\":\"http:\/\/maismagazine.pt\/wp-content\/uploads\/2023\/02\/2cc.jpg\",\"keywords\":[\"DGPC\",\"patrim\u00f3nio nacional\",\"preserva\u00e7\u00e3o\",\"salvaguarda\",\"valoriza\u00e7\u00e3o\"],\"articleSection\":[\"Cultura\",\"Destaque lateral\"],\"inLanguage\":\"pt-PT\"},{\"@type\":\"WebPage\",\"@id\":\"http:\/\/maismagazine.pt\/index.php\/2023\/02\/24\/dgpc-na-fileira-da-frente-da-salvaguarda-valorizacao-e-conservacao-do-patrimonio-nacional\/\",\"url\":\"http:\/\/maismagazine.pt\/index.php\/2023\/02\/24\/dgpc-na-fileira-da-frente-da-salvaguarda-valorizacao-e-conservacao-do-patrimonio-nacional\/\",\"name\":\"DGPC na fileira da frente da salvaguarda, valoriza\u00e7\u00e3o e conserva\u00e7\u00e3o do patrim\u00f3nio nacional - Mais Magazine\",\"isPartOf\":{\"@id\":\"http:\/\/maismagazine.pt\/#website\"},\"primaryImageOfPage\":{\"@id\":\"http:\/\/maismagazine.pt\/index.php\/2023\/02\/24\/dgpc-na-fileira-da-frente-da-salvaguarda-valorizacao-e-conservacao-do-patrimonio-nacional\/#primaryimage\"},\"image\":{\"@id\":\"http:\/\/maismagazine.pt\/index.php\/2023\/02\/24\/dgpc-na-fileira-da-frente-da-salvaguarda-valorizacao-e-conservacao-do-patrimonio-nacional\/#primaryimage\"},\"thumbnailUrl\":\"http:\/\/maismagazine.pt\/wp-content\/uploads\/2023\/02\/2cc.jpg\",\"datePublished\":\"2023-02-24T07:00:00+00:00\",\"description\":\"A Dire\u00e7\u00e3o-Geral do Patrim\u00f3nio Cultural (DGPC) \u00e9 a entidade respons\u00e1vel pela gest\u00e3o do patrim\u00f3nio cultural em Portugal Continental. Jo\u00e3o Carlos dos Santos, Diretor-Geral do Patrim\u00f3nio Cultural, deu a conhecer \u00e0 Mais Magazine o importante trabalho desenvolvido pela DGPC na salvaguarda, valoriza\u00e7\u00e3o e conserva\u00e7\u00e3o do patrim\u00f3nio portugu\u00eas.\",\"breadcrumb\":{\"@id\":\"http:\/\/maismagazine.pt\/index.php\/2023\/02\/24\/dgpc-na-fileira-da-frente-da-salvaguarda-valorizacao-e-conservacao-do-patrimonio-nacional\/#breadcrumb\"},\"inLanguage\":\"pt-PT\",\"potentialAction\":[{\"@type\":\"ReadAction\",\"target\":[\"http:\/\/maismagazine.pt\/index.php\/2023\/02\/24\/dgpc-na-fileira-da-frente-da-salvaguarda-valorizacao-e-conservacao-do-patrimonio-nacional\/\"]}]},{\"@type\":\"ImageObject\",\"inLanguage\":\"pt-PT\",\"@id\":\"http:\/\/maismagazine.pt\/index.php\/2023\/02\/24\/dgpc-na-fileira-da-frente-da-salvaguarda-valorizacao-e-conservacao-do-patrimonio-nacional\/#primaryimage\",\"url\":\"http:\/\/maismagazine.pt\/wp-content\/uploads\/2023\/02\/2cc.jpg\",\"contentUrl\":\"http:\/\/maismagazine.pt\/wp-content\/uploads\/2023\/02\/2cc.jpg\",\"width\":2455,\"height\":2455},{\"@type\":\"BreadcrumbList\",\"@id\":\"http:\/\/maismagazine.pt\/index.php\/2023\/02\/24\/dgpc-na-fileira-da-frente-da-salvaguarda-valorizacao-e-conservacao-do-patrimonio-nacional\/#breadcrumb\",\"itemListElement\":[{\"@type\":\"ListItem\",\"position\":1,\"name\":\"Home\",\"item\":\"http:\/\/maismagazine.pt\/\"},{\"@type\":\"ListItem\",\"position\":2,\"name\":\"DGPC na fileira da frente da salvaguarda, valoriza\u00e7\u00e3o e conserva\u00e7\u00e3o do patrim\u00f3nio nacional\"}]},{\"@type\":\"WebSite\",\"@id\":\"http:\/\/maismagazine.pt\/#website\",\"url\":\"http:\/\/maismagazine.pt\/\",\"name\":\"Mais Magazine\",\"description\":\"\",\"publisher\":{\"@id\":\"http:\/\/maismagazine.pt\/#organization\"},\"potentialAction\":[{\"@type\":\"SearchAction\",\"target\":{\"@type\":\"EntryPoint\",\"urlTemplate\":\"http:\/\/maismagazine.pt\/?s={search_term_string}\"},\"query-input\":{\"@type\":\"PropertyValueSpecification\",\"valueRequired\":true,\"valueName\":\"search_term_string\"}}],\"inLanguage\":\"pt-PT\"},{\"@type\":\"Organization\",\"@id\":\"http:\/\/maismagazine.pt\/#organization\",\"name\":\"Mais Magazine\",\"url\":\"http:\/\/maismagazine.pt\/\",\"logo\":{\"@type\":\"ImageObject\",\"inLanguage\":\"pt-PT\",\"@id\":\"http:\/\/maismagazine.pt\/#\/schema\/logo\/image\/\",\"url\":\"http:\/\/maismagazine.pt\/wp-content\/uploads\/2020\/04\/cropped-cropped-mais-magazine-site-logo-2.png\",\"contentUrl\":\"http:\/\/maismagazine.pt\/wp-content\/uploads\/2020\/04\/cropped-cropped-mais-magazine-site-logo-2.png\",\"width\":581,\"height\":90,\"caption\":\"Mais Magazine\"},\"image\":{\"@id\":\"http:\/\/maismagazine.pt\/#\/schema\/logo\/image\/\"}},{\"@type\":\"Person\",\"@id\":\"http:\/\/maismagazine.pt\/#\/schema\/person\/999bd426f894ff56d397ec12ebd21ebb\",\"name\":\"Jo\u00e3o Malainho\",\"image\":{\"@type\":\"ImageObject\",\"inLanguage\":\"pt-PT\",\"@id\":\"http:\/\/maismagazine.pt\/#\/schema\/person\/image\/\",\"url\":\"https:\/\/secure.gravatar.com\/avatar\/ff03c2f38edf60b2a827aa4f74878491?s=96&d=mm&r=g\",\"contentUrl\":\"https:\/\/secure.gravatar.com\/avatar\/ff03c2f38edf60b2a827aa4f74878491?s=96&d=mm&r=g\",\"caption\":\"Jo\u00e3o Malainho\"},\"url\":\"http:\/\/maismagazine.pt\/index.php\/author\/maismagazine\/\"}]}<\/script>\n<!-- \/ Yoast SEO plugin. -->","yoast_head_json":{"title":"DGPC na fileira da frente da salvaguarda, valoriza\u00e7\u00e3o e conserva\u00e7\u00e3o do patrim\u00f3nio nacional - Mais Magazine","description":"A Dire\u00e7\u00e3o-Geral do Patrim\u00f3nio Cultural (DGPC) \u00e9 a entidade respons\u00e1vel pela gest\u00e3o do patrim\u00f3nio cultural em Portugal Continental. Jo\u00e3o Carlos dos Santos, Diretor-Geral do Patrim\u00f3nio Cultural, deu a conhecer \u00e0 Mais Magazine o importante trabalho desenvolvido pela DGPC na salvaguarda, valoriza\u00e7\u00e3o e conserva\u00e7\u00e3o do patrim\u00f3nio portugu\u00eas.","robots":{"index":"index","follow":"follow","max-snippet":"max-snippet:-1","max-image-preview":"max-image-preview:large","max-video-preview":"max-video-preview:-1"},"canonical":"http:\/\/maismagazine.pt\/index.php\/2023\/02\/24\/dgpc-na-fileira-da-frente-da-salvaguarda-valorizacao-e-conservacao-do-patrimonio-nacional\/","og_locale":"pt_PT","og_type":"article","og_title":"DGPC na fileira da frente da salvaguarda, valoriza\u00e7\u00e3o e conserva\u00e7\u00e3o do patrim\u00f3nio nacional - Mais Magazine","og_description":"A Dire\u00e7\u00e3o-Geral do Patrim\u00f3nio Cultural (DGPC) \u00e9 a entidade respons\u00e1vel pela gest\u00e3o do patrim\u00f3nio cultural em Portugal Continental. Jo\u00e3o Carlos dos Santos, Diretor-Geral do Patrim\u00f3nio Cultural, deu a conhecer \u00e0 Mais Magazine o importante trabalho desenvolvido pela DGPC na salvaguarda, valoriza\u00e7\u00e3o e conserva\u00e7\u00e3o do patrim\u00f3nio portugu\u00eas.","og_url":"http:\/\/maismagazine.pt\/index.php\/2023\/02\/24\/dgpc-na-fileira-da-frente-da-salvaguarda-valorizacao-e-conservacao-do-patrimonio-nacional\/","og_site_name":"Mais Magazine","article_published_time":"2023-02-24T07:00:00+00:00","og_image":[{"width":1024,"height":1024,"url":"http:\/\/maismagazine.pt\/wp-content\/uploads\/2023\/02\/2cc-1024x1024.jpg","type":"image\/jpeg"}],"author":"Jo\u00e3o Malainho","twitter_card":"summary_large_image","twitter_misc":{"Escrito por":false,"Tempo estimado de leitura":"3 minutos"},"schema":{"@context":"https:\/\/schema.org","@graph":[{"@type":"Article","@id":"http:\/\/maismagazine.pt\/index.php\/2023\/02\/24\/dgpc-na-fileira-da-frente-da-salvaguarda-valorizacao-e-conservacao-do-patrimonio-nacional\/#article","isPartOf":{"@id":"http:\/\/maismagazine.pt\/index.php\/2023\/02\/24\/dgpc-na-fileira-da-frente-da-salvaguarda-valorizacao-e-conservacao-do-patrimonio-nacional\/"},"author":{"name":"Jo\u00e3o Malainho","@id":"http:\/\/maismagazine.pt\/#\/schema\/person\/999bd426f894ff56d397ec12ebd21ebb"},"headline":"DGPC na fileira da frente da salvaguarda, valoriza\u00e7\u00e3o e conserva\u00e7\u00e3o do patrim\u00f3nio nacional","datePublished":"2023-02-24T07:00:00+00:00","mainEntityOfPage":{"@id":"http:\/\/maismagazine.pt\/index.php\/2023\/02\/24\/dgpc-na-fileira-da-frente-da-salvaguarda-valorizacao-e-conservacao-do-patrimonio-nacional\/"},"wordCount":735,"publisher":{"@id":"http:\/\/maismagazine.pt\/#organization"},"image":{"@id":"http:\/\/maismagazine.pt\/index.php\/2023\/02\/24\/dgpc-na-fileira-da-frente-da-salvaguarda-valorizacao-e-conservacao-do-patrimonio-nacional\/#primaryimage"},"thumbnailUrl":"http:\/\/maismagazine.pt\/wp-content\/uploads\/2023\/02\/2cc.jpg","keywords":["DGPC","patrim\u00f3nio nacional","preserva\u00e7\u00e3o","salvaguarda","valoriza\u00e7\u00e3o"],"articleSection":["Cultura","Destaque lateral"],"inLanguage":"pt-PT"},{"@type":"WebPage","@id":"http:\/\/maismagazine.pt\/index.php\/2023\/02\/24\/dgpc-na-fileira-da-frente-da-salvaguarda-valorizacao-e-conservacao-do-patrimonio-nacional\/","url":"http:\/\/maismagazine.pt\/index.php\/2023\/02\/24\/dgpc-na-fileira-da-frente-da-salvaguarda-valorizacao-e-conservacao-do-patrimonio-nacional\/","name":"DGPC na fileira da frente da salvaguarda, valoriza\u00e7\u00e3o e conserva\u00e7\u00e3o do patrim\u00f3nio nacional - Mais Magazine","isPartOf":{"@id":"http:\/\/maismagazine.pt\/#website"},"primaryImageOfPage":{"@id":"http:\/\/maismagazine.pt\/index.php\/2023\/02\/24\/dgpc-na-fileira-da-frente-da-salvaguarda-valorizacao-e-conservacao-do-patrimonio-nacional\/#primaryimage"},"image":{"@id":"http:\/\/maismagazine.pt\/index.php\/2023\/02\/24\/dgpc-na-fileira-da-frente-da-salvaguarda-valorizacao-e-conservacao-do-patrimonio-nacional\/#primaryimage"},"thumbnailUrl":"http:\/\/maismagazine.pt\/wp-content\/uploads\/2023\/02\/2cc.jpg","datePublished":"2023-02-24T07:00:00+00:00","description":"A Dire\u00e7\u00e3o-Geral do Patrim\u00f3nio Cultural (DGPC) \u00e9 a entidade respons\u00e1vel pela gest\u00e3o do patrim\u00f3nio cultural em Portugal Continental. Jo\u00e3o Carlos dos Santos, Diretor-Geral do Patrim\u00f3nio Cultural, deu a conhecer \u00e0 Mais Magazine o importante trabalho desenvolvido pela DGPC na salvaguarda, valoriza\u00e7\u00e3o e conserva\u00e7\u00e3o do patrim\u00f3nio portugu\u00eas.","breadcrumb":{"@id":"http:\/\/maismagazine.pt\/index.php\/2023\/02\/24\/dgpc-na-fileira-da-frente-da-salvaguarda-valorizacao-e-conservacao-do-patrimonio-nacional\/#breadcrumb"},"inLanguage":"pt-PT","potentialAction":[{"@type":"ReadAction","target":["http:\/\/maismagazine.pt\/index.php\/2023\/02\/24\/dgpc-na-fileira-da-frente-da-salvaguarda-valorizacao-e-conservacao-do-patrimonio-nacional\/"]}]},{"@type":"ImageObject","inLanguage":"pt-PT","@id":"http:\/\/maismagazine.pt\/index.php\/2023\/02\/24\/dgpc-na-fileira-da-frente-da-salvaguarda-valorizacao-e-conservacao-do-patrimonio-nacional\/#primaryimage","url":"http:\/\/maismagazine.pt\/wp-content\/uploads\/2023\/02\/2cc.jpg","contentUrl":"http:\/\/maismagazine.pt\/wp-content\/uploads\/2023\/02\/2cc.jpg","width":2455,"height":2455},{"@type":"BreadcrumbList","@id":"http:\/\/maismagazine.pt\/index.php\/2023\/02\/24\/dgpc-na-fileira-da-frente-da-salvaguarda-valorizacao-e-conservacao-do-patrimonio-nacional\/#breadcrumb","itemListElement":[{"@type":"ListItem","position":1,"name":"Home","item":"http:\/\/maismagazine.pt\/"},{"@type":"ListItem","position":2,"name":"DGPC na fileira da frente da salvaguarda, valoriza\u00e7\u00e3o e conserva\u00e7\u00e3o do patrim\u00f3nio nacional"}]},{"@type":"WebSite","@id":"http:\/\/maismagazine.pt\/#website","url":"http:\/\/maismagazine.pt\/","name":"Mais Magazine","description":"","publisher":{"@id":"http:\/\/maismagazine.pt\/#organization"},"potentialAction":[{"@type":"SearchAction","target":{"@type":"EntryPoint","urlTemplate":"http:\/\/maismagazine.pt\/?s={search_term_string}"},"query-input":{"@type":"PropertyValueSpecification","valueRequired":true,"valueName":"search_term_string"}}],"inLanguage":"pt-PT"},{"@type":"Organization","@id":"http:\/\/maismagazine.pt\/#organization","name":"Mais Magazine","url":"http:\/\/maismagazine.pt\/","logo":{"@type":"ImageObject","inLanguage":"pt-PT","@id":"http:\/\/maismagazine.pt\/#\/schema\/logo\/image\/","url":"http:\/\/maismagazine.pt\/wp-content\/uploads\/2020\/04\/cropped-cropped-mais-magazine-site-logo-2.png","contentUrl":"http:\/\/maismagazine.pt\/wp-content\/uploads\/2020\/04\/cropped-cropped-mais-magazine-site-logo-2.png","width":581,"height":90,"caption":"Mais Magazine"},"image":{"@id":"http:\/\/maismagazine.pt\/#\/schema\/logo\/image\/"}},{"@type":"Person","@id":"http:\/\/maismagazine.pt\/#\/schema\/person\/999bd426f894ff56d397ec12ebd21ebb","name":"Jo\u00e3o Malainho","image":{"@type":"ImageObject","inLanguage":"pt-PT","@id":"http:\/\/maismagazine.pt\/#\/schema\/person\/image\/","url":"https:\/\/secure.gravatar.com\/avatar\/ff03c2f38edf60b2a827aa4f74878491?s=96&d=mm&r=g","contentUrl":"https:\/\/secure.gravatar.com\/avatar\/ff03c2f38edf60b2a827aa4f74878491?s=96&d=mm&r=g","caption":"Jo\u00e3o Malainho"},"url":"http:\/\/maismagazine.pt\/index.php\/author\/maismagazine\/"}]}},"author_meta":{"display_name":false,"author_link":"http:\/\/maismagazine.pt\/index.php\/author\/maismagazine\/"},"featured_img":"http:\/\/maismagazine.pt\/wp-content\/uploads\/2023\/02\/2cc-300x300.jpg","coauthors":[],"tax_additional":{"categories":{"linked":["<a href=\"http:\/\/maismagazine.pt\/index.php\/category\/cultura\/\" class=\"advgb-post-tax-term\">Cultura<\/a>","<a href=\"http:\/\/maismagazine.pt\/index.php\/category\/destaque\/\" class=\"advgb-post-tax-term\">Destaque lateral<\/a>"],"unlinked":["<span class=\"advgb-post-tax-term\">Cultura<\/span>","<span class=\"advgb-post-tax-term\">Destaque lateral<\/span>"]},"tags":{"linked":["<a href=\"http:\/\/maismagazine.pt\/index.php\/category\/destaque\/\" class=\"advgb-post-tax-term\">DGPC<\/a>","<a href=\"http:\/\/maismagazine.pt\/index.php\/category\/destaque\/\" class=\"advgb-post-tax-term\">patrim\u00f3nio nacional<\/a>","<a href=\"http:\/\/maismagazine.pt\/index.php\/category\/destaque\/\" class=\"advgb-post-tax-term\">preserva\u00e7\u00e3o<\/a>","<a href=\"http:\/\/maismagazine.pt\/index.php\/category\/destaque\/\" class=\"advgb-post-tax-term\">salvaguarda<\/a>","<a href=\"http:\/\/maismagazine.pt\/index.php\/category\/destaque\/\" class=\"advgb-post-tax-term\">valoriza\u00e7\u00e3o<\/a>"],"unlinked":["<span class=\"advgb-post-tax-term\">DGPC<\/span>","<span class=\"advgb-post-tax-term\">patrim\u00f3nio nacional<\/span>","<span class=\"advgb-post-tax-term\">preserva\u00e7\u00e3o<\/span>","<span class=\"advgb-post-tax-term\">salvaguarda<\/span>","<span class=\"advgb-post-tax-term\">valoriza\u00e7\u00e3o<\/span>"]}},"comment_count":"0","relative_dates":{"created":"Posted 3 anos ago","modified":"Updated 3 anos ago"},"absolute_dates":{"created":"Posted on 24 de Fevereiro, 2023","modified":"Updated on 16 de Fevereiro, 2023"},"absolute_dates_time":{"created":"Posted on 24 de Fevereiro, 2023 7:00","modified":"Updated on 16 de Fevereiro, 2023 9:46"},"featured_img_caption":"","series_order":"","_links":{"self":[{"href":"http:\/\/maismagazine.pt\/index.php\/wp-json\/wp\/v2\/posts\/5445","targetHints":{"allow":["GET"]}}],"collection":[{"href":"http:\/\/maismagazine.pt\/index.php\/wp-json\/wp\/v2\/posts"}],"about":[{"href":"http:\/\/maismagazine.pt\/index.php\/wp-json\/wp\/v2\/types\/post"}],"author":[{"embeddable":true,"href":"http:\/\/maismagazine.pt\/index.php\/wp-json\/wp\/v2\/users\/7"}],"replies":[{"embeddable":true,"href":"http:\/\/maismagazine.pt\/index.php\/wp-json\/wp\/v2\/comments?post=5445"}],"version-history":[{"count":3,"href":"http:\/\/maismagazine.pt\/index.php\/wp-json\/wp\/v2\/posts\/5445\/revisions"}],"predecessor-version":[{"id":5649,"href":"http:\/\/maismagazine.pt\/index.php\/wp-json\/wp\/v2\/posts\/5445\/revisions\/5649"}],"wp:featuredmedia":[{"embeddable":true,"href":"http:\/\/maismagazine.pt\/index.php\/wp-json\/wp\/v2\/media\/5454"}],"wp:attachment":[{"href":"http:\/\/maismagazine.pt\/index.php\/wp-json\/wp\/v2\/media?parent=5445"}],"wp:term":[{"taxonomy":"category","embeddable":true,"href":"http:\/\/maismagazine.pt\/index.php\/wp-json\/wp\/v2\/categories?post=5445"},{"taxonomy":"post_tag","embeddable":true,"href":"http:\/\/maismagazine.pt\/index.php\/wp-json\/wp\/v2\/tags?post=5445"}],"curies":[{"name":"wp","href":"https:\/\/api.w.org\/{rel}","templated":true}]}}