{"id":5434,"date":"2023-02-24T07:00:00","date_gmt":"2023-02-24T07:00:00","guid":{"rendered":"http:\/\/maismagazine.pt\/?p=5434"},"modified":"2023-02-15T14:54:32","modified_gmt":"2023-02-15T14:54:32","slug":"patrimonio-cultural-imaterial-da-unesco","status":"publish","type":"post","link":"http:\/\/maismagazine.pt\/index.php\/2023\/02\/24\/patrimonio-cultural-imaterial-da-unesco\/","title":{"rendered":"Patrim\u00f3nio Cultural \/ Imaterial da UNESCO"},"content":{"rendered":"\n<p>De entre as conven\u00e7\u00f5es da UNESCO na \u00e1rea da cultura destacam-se a Conven\u00e7\u00e3o para a Prote\u00e7\u00e3o do Patrim\u00f3nio Mundial, Cultural e Natural, adotada em 1972, que visa proteger os bens im\u00f3veis de valor universal excecional, e a Conven\u00e7\u00e3o para a Salvaguarda do Patrim\u00f3nio Cultural Imaterial, adotada em 2003 com o objetivo de salvaguardar as manifesta\u00e7\u00f5es intang\u00edveis do patrim\u00f3nio cultural. Embora com objetivos similares \u2013 a prote\u00e7\u00e3o e a salvaguarda patrimonial \u2013 e resultados equivalentes \u2013 a inscri\u00e7\u00e3o de bens e elementos patrimoniais em listas \u2013 as conven\u00e7\u00f5es partem de pressupostos distintos e comportam exig\u00eancias diferentes. Neste sentido, a Conven\u00e7\u00e3o do Patrim\u00f3nio Mundial apenas permite reconhecer e proteger aqueles bens materiais im\u00f3veis dotados de valor excecional, reconhecido por especialistas mediante a realiza\u00e7\u00e3o de estudos exaustivos sobre os bens e a compara\u00e7\u00e3o com outros s\u00edtios similares, fundando-se em pressupostos de autenticidade e integridade, bem como num plano de gest\u00e3o abrangente e cred\u00edvel, que permita sustentar no tempo o valor desses bens e que justificou a sua inscri\u00e7\u00e3o na Lista do patrim\u00f3nio Mundial.<br><br><\/p>\n\n\n\n<p>A Conven\u00e7\u00e3o do Patrim\u00f3nio Imaterial, pelo contr\u00e1rio, reconhece o papel fundamental das comunidades, grupos e indiv\u00edduos na salvaguarda do patrim\u00f3nio com o qual est\u00e3o envolvidos, bem como a relev\u00e2ncia de todos os bens intang\u00edveis no territ\u00f3rio dos Estados Parte. No entanto, por raz\u00f5es processuais, s\u00f3 alguns elementos podem ser inscritos nas Listas da Conven\u00e7\u00e3o, as quais se designam, justamente, como \u201crepresentativa\u201d de determinados tipos de patrim\u00f3nio ou como de \u201csalvaguarda urgente\u201d, integrando aquelas manifesta\u00e7\u00f5es em risco de desaparecer. A salvaguarda dos bens patrimoniais imateriais poder\u00e1 ser ainda inspirada pelo exemplo de projetos reconhecidos pelo Comit\u00e9 como de boas pr\u00e1ticas, que s\u00e3o inclu\u00eddos num registo pr\u00f3prio, previsto no pr\u00f3prio texto da Conven\u00e7\u00e3o. O interesse e dinamismo que estas duas conven\u00e7\u00f5es t\u00eam suscitado em Portugal refletem-se nos 17 bens portugueses inscritos na Lista do Patrim\u00f3nio Mundial, nos 7 elementos na Lista Representativa do Patrim\u00f3nio Cultural Imaterial e nas 2 manifesta\u00e7\u00f5es imateriais que necessitam de salvaguarda urgente. Ainda que nem todos possam ter contribu\u00eddo para o desenvolvimento dos territ\u00f3rios em que se encontram inseridos, muitos destes patrim\u00f3nios culturais internacionalmente reconhecidos lograram incrementar o interesse pelo patrim\u00f3nio portugu\u00eas em geral a n\u00edvel local, regional, nacional e internacional.<br><br><\/p>\n\n\n\n<p class=\"has-text-align-left\">A estes juntam-se as nove cidades criativas portuguesas nas \u00e1reas do artesanato, artes digitais, design, gastronomia, literatura e m\u00fasica, cujo investimento bem-sucedido no desenvolvimento urbano fundado na criatividade e na diversidade tem suscitado o interesse de in\u00fameros munic\u00edpios em aderirem \u00e0 Rede de Cidades Criativas da UNESCO. Esta profus\u00e3o de reconhecimentos UNESCO do patrim\u00f3nio portugu\u00eas atentam a variedade e a qualidade do nosso patrim\u00f3nio e constituem um excelente cart\u00e3o de visita do nosso pa\u00eds. Exigem igualmente uma aten\u00e7\u00e3o acrescida de todos para que os valores que foram identificados e distinguidos permane\u00e7am no futuro e sejam transmitidos \u00e0s gera\u00e7\u00f5es futuras.<\/p>\n\n\n\n<p class=\"has-text-align-right\"><br><br><em><strong>Embaixador Jos\u00e9 Filipe Moraes Cabral, Presidente da Comiss\u00e3o Nacional da UNESCO<\/strong><\/em><\/p>\n","protected":false},"excerpt":{"rendered":"<p>De entre as conven\u00e7\u00f5es da UNESCO na \u00e1rea da cultura destacam-se a Conven\u00e7\u00e3o para a Prote\u00e7\u00e3o do Patrim\u00f3nio Mundial, Cultural e Natural, adotada em 1972, que visa proteger os bens im\u00f3veis de valor universal excecional, e a Conven\u00e7\u00e3o para a Salvaguarda do Patrim\u00f3nio Cultural Imaterial, adotada em 2003 com o&hellip;<\/p>\n","protected":false},"author":7,"featured_media":5443,"comment_status":"closed","ping_status":"open","sticky":false,"template":"","format":"standard","meta":{"advgb_blocks_editor_width":"","advgb_blocks_columns_visual_guide":"","_monsterinsights_skip_tracking":false,"_monsterinsights_sitenote_active":false,"_monsterinsights_sitenote_note":"","_monsterinsights_sitenote_category":0,"footnotes":""},"categories":[9,52,51],"tags":[1250,1251,1249],"class_list":["post-5434","post","type-post","status-publish","format-standard","has-post-thumbnail","hentry","category-cultura","category-destaque","category-opiniao","tag-patrimonio-cultural","tag-patrimonio-imaterial","tag-unesco"],"yoast_head":"<!-- This site is optimized with the Yoast SEO plugin v24.4 - https:\/\/yoast.com\/wordpress\/plugins\/seo\/ -->\n<title>Patrim\u00f3nio Cultural \/ Imaterial da UNESCO - Mais Magazine<\/title>\n<meta name=\"description\" content=\"De entre as conven\u00e7\u00f5es da UNESCO na \u00e1rea da cultura destacam-se a Conven\u00e7\u00e3o para a Prote\u00e7\u00e3o do Patrim\u00f3nio Mundial, Cultural e Natural, adotada em 1972, que visa proteger os bens im\u00f3veis de valor universal excecional, e a Conven\u00e7\u00e3o para a Salvaguarda do Patrim\u00f3nio Cultural Imaterial, adotada em 2003 com o objetivo de salvaguardar as manifesta\u00e7\u00f5es intang\u00edveis do patrim\u00f3nio cultural.\" \/>\n<meta name=\"robots\" content=\"index, follow, max-snippet:-1, max-image-preview:large, max-video-preview:-1\" \/>\n<link rel=\"canonical\" href=\"https:\/\/maismagazine.pt\/index.php\/2023\/02\/24\/patrimonio-cultural-imaterial-da-unesco\/\" \/>\n<meta property=\"og:locale\" content=\"pt_PT\" \/>\n<meta property=\"og:type\" content=\"article\" \/>\n<meta property=\"og:title\" content=\"Patrim\u00f3nio Cultural \/ Imaterial da UNESCO - Mais Magazine\" \/>\n<meta property=\"og:description\" content=\"De entre as conven\u00e7\u00f5es da UNESCO na \u00e1rea da cultura destacam-se a Conven\u00e7\u00e3o para a Prote\u00e7\u00e3o do Patrim\u00f3nio Mundial, Cultural e Natural, adotada em 1972, que visa proteger os bens im\u00f3veis de valor universal excecional, e a Conven\u00e7\u00e3o para a Salvaguarda do Patrim\u00f3nio Cultural Imaterial, adotada em 2003 com o objetivo de salvaguardar as manifesta\u00e7\u00f5es intang\u00edveis do patrim\u00f3nio cultural.\" \/>\n<meta property=\"og:url\" content=\"https:\/\/maismagazine.pt\/index.php\/2023\/02\/24\/patrimonio-cultural-imaterial-da-unesco\/\" \/>\n<meta property=\"og:site_name\" content=\"Mais Magazine\" \/>\n<meta property=\"article:published_time\" content=\"2023-02-24T07:00:00+00:00\" \/>\n<meta property=\"og:image\" content=\"https:\/\/maismagazine.pt\/wp-content\/uploads\/2023\/02\/daniel-sessler-g3O3xWspoN4-unsplash.jpg\" \/>\n\t<meta property=\"og:image:width\" content=\"1593\" \/>\n\t<meta property=\"og:image:height\" content=\"1070\" \/>\n\t<meta property=\"og:image:type\" content=\"image\/jpeg\" \/>\n<meta name=\"author\" content=\"Jo\u00e3o Malainho\" \/>\n<meta name=\"twitter:card\" content=\"summary_large_image\" \/>\n<meta name=\"twitter:label1\" content=\"Escrito por\" \/>\n\t<meta name=\"twitter:data1\" content=\"\" \/>\n\t<meta name=\"twitter:label2\" content=\"Tempo estimado de leitura\" \/>\n\t<meta name=\"twitter:data2\" content=\"3 minutos\" \/>\n<script type=\"application\/ld+json\" class=\"yoast-schema-graph\">{\"@context\":\"https:\/\/schema.org\",\"@graph\":[{\"@type\":\"Article\",\"@id\":\"https:\/\/maismagazine.pt\/index.php\/2023\/02\/24\/patrimonio-cultural-imaterial-da-unesco\/#article\",\"isPartOf\":{\"@id\":\"https:\/\/maismagazine.pt\/index.php\/2023\/02\/24\/patrimonio-cultural-imaterial-da-unesco\/\"},\"author\":{\"name\":\"Jo\u00e3o Malainho\",\"@id\":\"https:\/\/maismagazine.pt\/#\/schema\/person\/999bd426f894ff56d397ec12ebd21ebb\"},\"headline\":\"Patrim\u00f3nio Cultural \/ Imaterial da UNESCO\",\"datePublished\":\"2023-02-24T07:00:00+00:00\",\"mainEntityOfPage\":{\"@id\":\"https:\/\/maismagazine.pt\/index.php\/2023\/02\/24\/patrimonio-cultural-imaterial-da-unesco\/\"},\"wordCount\":536,\"publisher\":{\"@id\":\"https:\/\/maismagazine.pt\/#organization\"},\"image\":{\"@id\":\"https:\/\/maismagazine.pt\/index.php\/2023\/02\/24\/patrimonio-cultural-imaterial-da-unesco\/#primaryimage\"},\"thumbnailUrl\":\"http:\/\/maismagazine.pt\/wp-content\/uploads\/2023\/02\/daniel-sessler-g3O3xWspoN4-unsplash.jpg\",\"keywords\":[\"Patrim\u00f3nio Cultural\",\"Patrim\u00f3nio Imaterial\",\"UNESCO\"],\"articleSection\":[\"Cultura\",\"Destaque lateral\",\"Opini\u00e3o\"],\"inLanguage\":\"pt-PT\"},{\"@type\":\"WebPage\",\"@id\":\"https:\/\/maismagazine.pt\/index.php\/2023\/02\/24\/patrimonio-cultural-imaterial-da-unesco\/\",\"url\":\"https:\/\/maismagazine.pt\/index.php\/2023\/02\/24\/patrimonio-cultural-imaterial-da-unesco\/\",\"name\":\"Patrim\u00f3nio Cultural \/ Imaterial da UNESCO - Mais Magazine\",\"isPartOf\":{\"@id\":\"https:\/\/maismagazine.pt\/#website\"},\"primaryImageOfPage\":{\"@id\":\"https:\/\/maismagazine.pt\/index.php\/2023\/02\/24\/patrimonio-cultural-imaterial-da-unesco\/#primaryimage\"},\"image\":{\"@id\":\"https:\/\/maismagazine.pt\/index.php\/2023\/02\/24\/patrimonio-cultural-imaterial-da-unesco\/#primaryimage\"},\"thumbnailUrl\":\"http:\/\/maismagazine.pt\/wp-content\/uploads\/2023\/02\/daniel-sessler-g3O3xWspoN4-unsplash.jpg\",\"datePublished\":\"2023-02-24T07:00:00+00:00\",\"description\":\"De entre as conven\u00e7\u00f5es da UNESCO na \u00e1rea da cultura destacam-se a Conven\u00e7\u00e3o para a Prote\u00e7\u00e3o do Patrim\u00f3nio Mundial, Cultural e Natural, adotada em 1972, que visa proteger os bens im\u00f3veis de valor universal excecional, e a Conven\u00e7\u00e3o para a Salvaguarda do Patrim\u00f3nio Cultural Imaterial, adotada em 2003 com o objetivo de salvaguardar as manifesta\u00e7\u00f5es intang\u00edveis do patrim\u00f3nio cultural.\",\"breadcrumb\":{\"@id\":\"https:\/\/maismagazine.pt\/index.php\/2023\/02\/24\/patrimonio-cultural-imaterial-da-unesco\/#breadcrumb\"},\"inLanguage\":\"pt-PT\",\"potentialAction\":[{\"@type\":\"ReadAction\",\"target\":[\"https:\/\/maismagazine.pt\/index.php\/2023\/02\/24\/patrimonio-cultural-imaterial-da-unesco\/\"]}]},{\"@type\":\"ImageObject\",\"inLanguage\":\"pt-PT\",\"@id\":\"https:\/\/maismagazine.pt\/index.php\/2023\/02\/24\/patrimonio-cultural-imaterial-da-unesco\/#primaryimage\",\"url\":\"http:\/\/maismagazine.pt\/wp-content\/uploads\/2023\/02\/daniel-sessler-g3O3xWspoN4-unsplash.jpg\",\"contentUrl\":\"http:\/\/maismagazine.pt\/wp-content\/uploads\/2023\/02\/daniel-sessler-g3O3xWspoN4-unsplash.jpg\",\"width\":1593,\"height\":1070},{\"@type\":\"BreadcrumbList\",\"@id\":\"https:\/\/maismagazine.pt\/index.php\/2023\/02\/24\/patrimonio-cultural-imaterial-da-unesco\/#breadcrumb\",\"itemListElement\":[{\"@type\":\"ListItem\",\"position\":1,\"name\":\"Home\",\"item\":\"https:\/\/maismagazine.pt\/\"},{\"@type\":\"ListItem\",\"position\":2,\"name\":\"Patrim\u00f3nio Cultural \/ Imaterial da UNESCO\"}]},{\"@type\":\"WebSite\",\"@id\":\"https:\/\/maismagazine.pt\/#website\",\"url\":\"https:\/\/maismagazine.pt\/\",\"name\":\"Mais Magazine\",\"description\":\"\",\"publisher\":{\"@id\":\"https:\/\/maismagazine.pt\/#organization\"},\"potentialAction\":[{\"@type\":\"SearchAction\",\"target\":{\"@type\":\"EntryPoint\",\"urlTemplate\":\"https:\/\/maismagazine.pt\/?s={search_term_string}\"},\"query-input\":{\"@type\":\"PropertyValueSpecification\",\"valueRequired\":true,\"valueName\":\"search_term_string\"}}],\"inLanguage\":\"pt-PT\"},{\"@type\":\"Organization\",\"@id\":\"https:\/\/maismagazine.pt\/#organization\",\"name\":\"Mais Magazine\",\"url\":\"https:\/\/maismagazine.pt\/\",\"logo\":{\"@type\":\"ImageObject\",\"inLanguage\":\"pt-PT\",\"@id\":\"https:\/\/maismagazine.pt\/#\/schema\/logo\/image\/\",\"url\":\"http:\/\/maismagazine.pt\/wp-content\/uploads\/2020\/04\/cropped-cropped-mais-magazine-site-logo-2.png\",\"contentUrl\":\"http:\/\/maismagazine.pt\/wp-content\/uploads\/2020\/04\/cropped-cropped-mais-magazine-site-logo-2.png\",\"width\":581,\"height\":90,\"caption\":\"Mais Magazine\"},\"image\":{\"@id\":\"https:\/\/maismagazine.pt\/#\/schema\/logo\/image\/\"}},{\"@type\":\"Person\",\"@id\":\"https:\/\/maismagazine.pt\/#\/schema\/person\/999bd426f894ff56d397ec12ebd21ebb\",\"name\":\"Jo\u00e3o Malainho\",\"image\":{\"@type\":\"ImageObject\",\"inLanguage\":\"pt-PT\",\"@id\":\"https:\/\/maismagazine.pt\/#\/schema\/person\/image\/\",\"url\":\"https:\/\/secure.gravatar.com\/avatar\/ff03c2f38edf60b2a827aa4f74878491?s=96&d=mm&r=g\",\"contentUrl\":\"https:\/\/secure.gravatar.com\/avatar\/ff03c2f38edf60b2a827aa4f74878491?s=96&d=mm&r=g\",\"caption\":\"Jo\u00e3o Malainho\"},\"url\":\"http:\/\/maismagazine.pt\/index.php\/author\/maismagazine\/\"}]}<\/script>\n<!-- \/ Yoast SEO plugin. -->","yoast_head_json":{"title":"Patrim\u00f3nio Cultural \/ Imaterial da UNESCO - Mais Magazine","description":"De entre as conven\u00e7\u00f5es da UNESCO na \u00e1rea da cultura destacam-se a Conven\u00e7\u00e3o para a Prote\u00e7\u00e3o do Patrim\u00f3nio Mundial, Cultural e Natural, adotada em 1972, que visa proteger os bens im\u00f3veis de valor universal excecional, e a Conven\u00e7\u00e3o para a Salvaguarda do Patrim\u00f3nio Cultural Imaterial, adotada em 2003 com o objetivo de salvaguardar as manifesta\u00e7\u00f5es intang\u00edveis do patrim\u00f3nio cultural.","robots":{"index":"index","follow":"follow","max-snippet":"max-snippet:-1","max-image-preview":"max-image-preview:large","max-video-preview":"max-video-preview:-1"},"canonical":"https:\/\/maismagazine.pt\/index.php\/2023\/02\/24\/patrimonio-cultural-imaterial-da-unesco\/","og_locale":"pt_PT","og_type":"article","og_title":"Patrim\u00f3nio Cultural \/ Imaterial da UNESCO - Mais Magazine","og_description":"De entre as conven\u00e7\u00f5es da UNESCO na \u00e1rea da cultura destacam-se a Conven\u00e7\u00e3o para a Prote\u00e7\u00e3o do Patrim\u00f3nio Mundial, Cultural e Natural, adotada em 1972, que visa proteger os bens im\u00f3veis de valor universal excecional, e a Conven\u00e7\u00e3o para a Salvaguarda do Patrim\u00f3nio Cultural Imaterial, adotada em 2003 com o objetivo de salvaguardar as manifesta\u00e7\u00f5es intang\u00edveis do patrim\u00f3nio cultural.","og_url":"https:\/\/maismagazine.pt\/index.php\/2023\/02\/24\/patrimonio-cultural-imaterial-da-unesco\/","og_site_name":"Mais Magazine","article_published_time":"2023-02-24T07:00:00+00:00","og_image":[{"width":1593,"height":1070,"url":"https:\/\/maismagazine.pt\/wp-content\/uploads\/2023\/02\/daniel-sessler-g3O3xWspoN4-unsplash.jpg","type":"image\/jpeg"}],"author":"Jo\u00e3o Malainho","twitter_card":"summary_large_image","twitter_misc":{"Escrito por":false,"Tempo estimado de leitura":"3 minutos"},"schema":{"@context":"https:\/\/schema.org","@graph":[{"@type":"Article","@id":"https:\/\/maismagazine.pt\/index.php\/2023\/02\/24\/patrimonio-cultural-imaterial-da-unesco\/#article","isPartOf":{"@id":"https:\/\/maismagazine.pt\/index.php\/2023\/02\/24\/patrimonio-cultural-imaterial-da-unesco\/"},"author":{"name":"Jo\u00e3o Malainho","@id":"https:\/\/maismagazine.pt\/#\/schema\/person\/999bd426f894ff56d397ec12ebd21ebb"},"headline":"Patrim\u00f3nio Cultural \/ Imaterial da UNESCO","datePublished":"2023-02-24T07:00:00+00:00","mainEntityOfPage":{"@id":"https:\/\/maismagazine.pt\/index.php\/2023\/02\/24\/patrimonio-cultural-imaterial-da-unesco\/"},"wordCount":536,"publisher":{"@id":"https:\/\/maismagazine.pt\/#organization"},"image":{"@id":"https:\/\/maismagazine.pt\/index.php\/2023\/02\/24\/patrimonio-cultural-imaterial-da-unesco\/#primaryimage"},"thumbnailUrl":"http:\/\/maismagazine.pt\/wp-content\/uploads\/2023\/02\/daniel-sessler-g3O3xWspoN4-unsplash.jpg","keywords":["Patrim\u00f3nio Cultural","Patrim\u00f3nio Imaterial","UNESCO"],"articleSection":["Cultura","Destaque lateral","Opini\u00e3o"],"inLanguage":"pt-PT"},{"@type":"WebPage","@id":"https:\/\/maismagazine.pt\/index.php\/2023\/02\/24\/patrimonio-cultural-imaterial-da-unesco\/","url":"https:\/\/maismagazine.pt\/index.php\/2023\/02\/24\/patrimonio-cultural-imaterial-da-unesco\/","name":"Patrim\u00f3nio Cultural \/ Imaterial da UNESCO - Mais Magazine","isPartOf":{"@id":"https:\/\/maismagazine.pt\/#website"},"primaryImageOfPage":{"@id":"https:\/\/maismagazine.pt\/index.php\/2023\/02\/24\/patrimonio-cultural-imaterial-da-unesco\/#primaryimage"},"image":{"@id":"https:\/\/maismagazine.pt\/index.php\/2023\/02\/24\/patrimonio-cultural-imaterial-da-unesco\/#primaryimage"},"thumbnailUrl":"http:\/\/maismagazine.pt\/wp-content\/uploads\/2023\/02\/daniel-sessler-g3O3xWspoN4-unsplash.jpg","datePublished":"2023-02-24T07:00:00+00:00","description":"De entre as conven\u00e7\u00f5es da UNESCO na \u00e1rea da cultura destacam-se a Conven\u00e7\u00e3o para a Prote\u00e7\u00e3o do Patrim\u00f3nio Mundial, Cultural e Natural, adotada em 1972, que visa proteger os bens im\u00f3veis de valor universal excecional, e a Conven\u00e7\u00e3o para a Salvaguarda do Patrim\u00f3nio Cultural Imaterial, adotada em 2003 com o objetivo de salvaguardar as manifesta\u00e7\u00f5es intang\u00edveis do patrim\u00f3nio cultural.","breadcrumb":{"@id":"https:\/\/maismagazine.pt\/index.php\/2023\/02\/24\/patrimonio-cultural-imaterial-da-unesco\/#breadcrumb"},"inLanguage":"pt-PT","potentialAction":[{"@type":"ReadAction","target":["https:\/\/maismagazine.pt\/index.php\/2023\/02\/24\/patrimonio-cultural-imaterial-da-unesco\/"]}]},{"@type":"ImageObject","inLanguage":"pt-PT","@id":"https:\/\/maismagazine.pt\/index.php\/2023\/02\/24\/patrimonio-cultural-imaterial-da-unesco\/#primaryimage","url":"http:\/\/maismagazine.pt\/wp-content\/uploads\/2023\/02\/daniel-sessler-g3O3xWspoN4-unsplash.jpg","contentUrl":"http:\/\/maismagazine.pt\/wp-content\/uploads\/2023\/02\/daniel-sessler-g3O3xWspoN4-unsplash.jpg","width":1593,"height":1070},{"@type":"BreadcrumbList","@id":"https:\/\/maismagazine.pt\/index.php\/2023\/02\/24\/patrimonio-cultural-imaterial-da-unesco\/#breadcrumb","itemListElement":[{"@type":"ListItem","position":1,"name":"Home","item":"https:\/\/maismagazine.pt\/"},{"@type":"ListItem","position":2,"name":"Patrim\u00f3nio Cultural \/ Imaterial da UNESCO"}]},{"@type":"WebSite","@id":"https:\/\/maismagazine.pt\/#website","url":"https:\/\/maismagazine.pt\/","name":"Mais Magazine","description":"","publisher":{"@id":"https:\/\/maismagazine.pt\/#organization"},"potentialAction":[{"@type":"SearchAction","target":{"@type":"EntryPoint","urlTemplate":"https:\/\/maismagazine.pt\/?s={search_term_string}"},"query-input":{"@type":"PropertyValueSpecification","valueRequired":true,"valueName":"search_term_string"}}],"inLanguage":"pt-PT"},{"@type":"Organization","@id":"https:\/\/maismagazine.pt\/#organization","name":"Mais Magazine","url":"https:\/\/maismagazine.pt\/","logo":{"@type":"ImageObject","inLanguage":"pt-PT","@id":"https:\/\/maismagazine.pt\/#\/schema\/logo\/image\/","url":"http:\/\/maismagazine.pt\/wp-content\/uploads\/2020\/04\/cropped-cropped-mais-magazine-site-logo-2.png","contentUrl":"http:\/\/maismagazine.pt\/wp-content\/uploads\/2020\/04\/cropped-cropped-mais-magazine-site-logo-2.png","width":581,"height":90,"caption":"Mais Magazine"},"image":{"@id":"https:\/\/maismagazine.pt\/#\/schema\/logo\/image\/"}},{"@type":"Person","@id":"https:\/\/maismagazine.pt\/#\/schema\/person\/999bd426f894ff56d397ec12ebd21ebb","name":"Jo\u00e3o Malainho","image":{"@type":"ImageObject","inLanguage":"pt-PT","@id":"https:\/\/maismagazine.pt\/#\/schema\/person\/image\/","url":"https:\/\/secure.gravatar.com\/avatar\/ff03c2f38edf60b2a827aa4f74878491?s=96&d=mm&r=g","contentUrl":"https:\/\/secure.gravatar.com\/avatar\/ff03c2f38edf60b2a827aa4f74878491?s=96&d=mm&r=g","caption":"Jo\u00e3o Malainho"},"url":"http:\/\/maismagazine.pt\/index.php\/author\/maismagazine\/"}]}},"author_meta":{"display_name":false,"author_link":"http:\/\/maismagazine.pt\/index.php\/author\/maismagazine\/"},"featured_img":"http:\/\/maismagazine.pt\/wp-content\/uploads\/2023\/02\/daniel-sessler-g3O3xWspoN4-unsplash-300x202.jpg","coauthors":[],"tax_additional":{"categories":{"linked":["<a href=\"http:\/\/maismagazine.pt\/index.php\/category\/cultura\/\" class=\"advgb-post-tax-term\">Cultura<\/a>","<a href=\"http:\/\/maismagazine.pt\/index.php\/category\/destaque\/\" class=\"advgb-post-tax-term\">Destaque lateral<\/a>","<a href=\"http:\/\/maismagazine.pt\/index.php\/category\/noticias\/opiniao\/\" class=\"advgb-post-tax-term\">Opini\u00e3o<\/a>"],"unlinked":["<span class=\"advgb-post-tax-term\">Cultura<\/span>","<span class=\"advgb-post-tax-term\">Destaque lateral<\/span>","<span class=\"advgb-post-tax-term\">Opini\u00e3o<\/span>"]},"tags":{"linked":["<a href=\"http:\/\/maismagazine.pt\/index.php\/category\/noticias\/opiniao\/\" class=\"advgb-post-tax-term\">Patrim\u00f3nio Cultural<\/a>","<a href=\"http:\/\/maismagazine.pt\/index.php\/category\/noticias\/opiniao\/\" class=\"advgb-post-tax-term\">Patrim\u00f3nio Imaterial<\/a>","<a href=\"http:\/\/maismagazine.pt\/index.php\/category\/noticias\/opiniao\/\" class=\"advgb-post-tax-term\">UNESCO<\/a>"],"unlinked":["<span class=\"advgb-post-tax-term\">Patrim\u00f3nio Cultural<\/span>","<span class=\"advgb-post-tax-term\">Patrim\u00f3nio Imaterial<\/span>","<span class=\"advgb-post-tax-term\">UNESCO<\/span>"]}},"comment_count":"0","relative_dates":{"created":"Posted 3 anos ago","modified":"Updated 3 anos ago"},"absolute_dates":{"created":"Posted on 24 de Fevereiro, 2023","modified":"Updated on 15 de Fevereiro, 2023"},"absolute_dates_time":{"created":"Posted on 24 de Fevereiro, 2023 7:00","modified":"Updated on 15 de Fevereiro, 2023 14:54"},"featured_img_caption":"","series_order":"","_links":{"self":[{"href":"http:\/\/maismagazine.pt\/index.php\/wp-json\/wp\/v2\/posts\/5434","targetHints":{"allow":["GET"]}}],"collection":[{"href":"http:\/\/maismagazine.pt\/index.php\/wp-json\/wp\/v2\/posts"}],"about":[{"href":"http:\/\/maismagazine.pt\/index.php\/wp-json\/wp\/v2\/types\/post"}],"author":[{"embeddable":true,"href":"http:\/\/maismagazine.pt\/index.php\/wp-json\/wp\/v2\/users\/7"}],"replies":[{"embeddable":true,"href":"http:\/\/maismagazine.pt\/index.php\/wp-json\/wp\/v2\/comments?post=5434"}],"version-history":[{"count":1,"href":"http:\/\/maismagazine.pt\/index.php\/wp-json\/wp\/v2\/posts\/5434\/revisions"}],"predecessor-version":[{"id":5444,"href":"http:\/\/maismagazine.pt\/index.php\/wp-json\/wp\/v2\/posts\/5434\/revisions\/5444"}],"wp:featuredmedia":[{"embeddable":true,"href":"http:\/\/maismagazine.pt\/index.php\/wp-json\/wp\/v2\/media\/5443"}],"wp:attachment":[{"href":"http:\/\/maismagazine.pt\/index.php\/wp-json\/wp\/v2\/media?parent=5434"}],"wp:term":[{"taxonomy":"category","embeddable":true,"href":"http:\/\/maismagazine.pt\/index.php\/wp-json\/wp\/v2\/categories?post=5434"},{"taxonomy":"post_tag","embeddable":true,"href":"http:\/\/maismagazine.pt\/index.php\/wp-json\/wp\/v2\/tags?post=5434"}],"curies":[{"name":"wp","href":"https:\/\/api.w.org\/{rel}","templated":true}]}}