{"id":5274,"date":"2022-12-23T07:00:00","date_gmt":"2022-12-23T07:00:00","guid":{"rendered":"http:\/\/maismagazine.pt\/?p=5274"},"modified":"2022-12-19T15:08:12","modified_gmt":"2022-12-19T15:08:12","slug":"as-causas-basicas-dos-conflitos-e-da-infelicidade-humana","status":"publish","type":"post","link":"http:\/\/maismagazine.pt\/index.php\/2022\/12\/23\/as-causas-basicas-dos-conflitos-e-da-infelicidade-humana\/","title":{"rendered":"As causas b\u00e1sicas dos conflitos e da infelicidade humana"},"content":{"rendered":"\n<p>Todos n\u00f3s conhecemos fam\u00edlias, organiza\u00e7\u00f5es e na\u00e7\u00f5es, onde h\u00e1 pessoas com responsabilidades de lideran\u00e7a que revelam uma certa tend\u00eancia para a autocracia e portadoras de um autoconceito narc\u00edsico. \u00c9 prov\u00e1vel que o ambiente medi\u00e1tico e social que temos vivido desde que a rede virtual global se imp\u00f4s, condicionando definitivamente o modo de vida coletivo, tenha agravado o caldo de cultura em que as personalidades com este perfil encontram os impulsos basilares que potenciam o surgimento e desenvolvimento dessas carater\u00edsticas.<br><br>Uma das primeiras revela\u00e7\u00f5es comportamentais pode identificar-se quando essas pessoas se posicionam como o centro nevr\u00e1lgico das estruturas em que assumem pap\u00e9is de lideran\u00e7a, impondo o seu pensamento e perspetivas sobre a realidade, apresentando uma clara tend\u00eancia para submeter os outros \u00e0 sua vis\u00e3o e vontade. A incapacidade destas pessoas para gerar, com naturalidade, empatia promotora de ades\u00e3o volunt\u00e1ria aos seus prop\u00f3sitos, \u00e9 um dos seus problemas mais comuns, acentuando a sua dificuldade em compreender os pontos de vista das pessoas com quem habitualmente interagem, tornando-se gradualmente insens\u00edveis aos contextos condicionados de quem colabora consigo.<br><br>Segundo os especialistas, al\u00e9m de eventuais causas gen\u00e9ticas, podem contribuir para este cen\u00e1rio psicol\u00f3gico, frustra\u00e7\u00f5es e traumas de uma inf\u00e2ncia que n\u00e3o ajudou a vencer os medos e a ultrapassar barreiras que permaneceram intranspon\u00edveis, impedindo um crescimento pleno e a chegada a uma vida adulta bem resolvida a todos os n\u00edveis. Concorrem tamb\u00e9m para este perfil, a baixa toler\u00e2ncia aos desiguais e ao erro alheio, assim como uma certa facilidade para o descontrolo, tomando atitudes que podem ter impactos muito negativos \u00e0 sua volta, sem que consigam tomar consci\u00eancia plena das consequ\u00eancias das suas palavras e dos atos, indo para al\u00e9m dos limites do humana e socialmente aceit\u00e1vel.<br><br>Os l\u00edderes que exercem a sua miss\u00e3o nas organiza\u00e7\u00f5es, liderando com um estilo democr\u00e1tico e inspirador, conseguem conciliar de forma equilibrada e harmoniosa, as diversas facetas da sua intelig\u00eancia, compaginando com efici\u00eancia e efic\u00e1cia, as designadas intelig\u00eancias m\u00faltiplas, particularmente o discernimento, a raz\u00e3o e a emo\u00e7\u00e3o, posicionando-se de forma flex\u00edvel, sens\u00edvel \u00e0 diferen\u00e7a e adotando, em todas as circunst\u00e2ncias, uma postura pessoal e social, eticamente mais humanista.<br><br><\/p>\n\n\n\n<p>S\u00f3 uma vis\u00e3o l\u00facida do ser e do Mundo que nos rodeia, desprovida de egocentrismos e proje\u00e7\u00f5es narc\u00edsicas, que impedem a tomada de consci\u00eancia sobre as limita\u00e7\u00f5es intr\u00ednsecas \u00e0 condi\u00e7\u00e3o humana, permite exercer uma lideran\u00e7a respeitadora e respeit\u00e1vel, promotora de Paz, de envolvimento e compromisso de todos, inspirando pelo exemplo e pelo reconhecimento, as mudan\u00e7as que qualquer organiza\u00e7\u00e3o precisa para se afirmar e sustentar.<br><\/p>\n\n\n\n<p class=\"has-text-align-left\">Se olharmos globalmente o Mundo de hoje, facilmente percebemos que as guerras, os conflitos e o desrespeito pelos Direitos Humanos, acontecem sempre em na\u00e7\u00f5es onde h\u00e1 gente dessa estirpe.<br><\/p>\n\n\n\n<p class=\"has-text-align-right\"><br><strong><em>M<\/em>a<em>ria Jos\u00e9 Rouxinol<\/em><\/strong><em> <\/em><\/p>\n","protected":false},"excerpt":{"rendered":"<p>Todos n\u00f3s conhecemos fam\u00edlias, organiza\u00e7\u00f5es e na\u00e7\u00f5es, onde h\u00e1 pessoas com responsabilidades de lideran\u00e7a que revelam uma certa tend\u00eancia para a autocracia e portadoras de um autoconceito narc\u00edsico. \u00c9 prov\u00e1vel que o ambiente medi\u00e1tico e social que temos vivido desde que a rede virtual global se imp\u00f4s, condicionando definitivamente o&hellip;<\/p>\n","protected":false},"author":7,"featured_media":5275,"comment_status":"closed","ping_status":"open","sticky":false,"template":"","format":"standard","meta":{"advgb_blocks_editor_width":"","advgb_blocks_columns_visual_guide":"","_monsterinsights_skip_tracking":false,"_monsterinsights_sitenote_active":false,"_monsterinsights_sitenote_note":"","_monsterinsights_sitenote_category":0,"footnotes":""},"categories":[51],"tags":[1222,1223],"class_list":["post-5274","post","type-post","status-publish","format-standard","has-post-thumbnail","hentry","category-opiniao","tag-artigo-opiniao","tag-maria-jose-rouxinol"],"yoast_head":"<!-- This site is optimized with the Yoast SEO plugin v24.4 - https:\/\/yoast.com\/wordpress\/plugins\/seo\/ -->\n<title>As causas b\u00e1sicas dos conflitos e da infelicidade humana - Mais Magazine<\/title>\n<meta name=\"description\" content=\"Todos n\u00f3s conhecemos fam\u00edlias, organiza\u00e7\u00f5es e na\u00e7\u00f5es, onde h\u00e1 pessoas com responsabilidades de lideran\u00e7a que revelam uma certa tend\u00eancia para a autocracia e portadoras de um autoconceito narc\u00edsico. \u00c9 prov\u00e1vel que o ambiente medi\u00e1tico e social que temos vivido desde que a rede virtual global se imp\u00f4s, condicionando definitivamente o modo de vida coletivo, tenha agravado o caldo de cultura em que as personalidades com este perfil encontram os impulsos basilares que potenciam o surgimento e desenvolvimento dessas carater\u00edsticas.\" \/>\n<meta name=\"robots\" content=\"index, follow, max-snippet:-1, max-image-preview:large, max-video-preview:-1\" \/>\n<link rel=\"canonical\" href=\"http:\/\/maismagazine.pt\/index.php\/2022\/12\/23\/as-causas-basicas-dos-conflitos-e-da-infelicidade-humana\/\" \/>\n<meta property=\"og:locale\" content=\"pt_PT\" \/>\n<meta property=\"og:type\" content=\"article\" \/>\n<meta property=\"og:title\" content=\"As causas b\u00e1sicas dos conflitos e da infelicidade humana - Mais Magazine\" \/>\n<meta property=\"og:description\" content=\"Todos n\u00f3s conhecemos fam\u00edlias, organiza\u00e7\u00f5es e na\u00e7\u00f5es, onde h\u00e1 pessoas com responsabilidades de lideran\u00e7a que revelam uma certa tend\u00eancia para a autocracia e portadoras de um autoconceito narc\u00edsico. \u00c9 prov\u00e1vel que o ambiente medi\u00e1tico e social que temos vivido desde que a rede virtual global se imp\u00f4s, condicionando definitivamente o modo de vida coletivo, tenha agravado o caldo de cultura em que as personalidades com este perfil encontram os impulsos basilares que potenciam o surgimento e desenvolvimento dessas carater\u00edsticas.\" \/>\n<meta property=\"og:url\" content=\"http:\/\/maismagazine.pt\/index.php\/2022\/12\/23\/as-causas-basicas-dos-conflitos-e-da-infelicidade-humana\/\" \/>\n<meta property=\"og:site_name\" content=\"Mais Magazine\" \/>\n<meta property=\"article:published_time\" content=\"2022-12-23T07:00:00+00:00\" \/>\n<meta property=\"og:image\" content=\"http:\/\/maismagazine.pt\/wp-content\/uploads\/2022\/12\/Maria-Jose-Rouxinol-Fotografia-Magazine.jpg\" \/>\n\t<meta property=\"og:image:width\" content=\"1379\" \/>\n\t<meta property=\"og:image:height\" content=\"1838\" \/>\n\t<meta property=\"og:image:type\" content=\"image\/jpeg\" \/>\n<meta name=\"author\" content=\"Jo\u00e3o Malainho\" \/>\n<meta name=\"twitter:card\" content=\"summary_large_image\" \/>\n<meta name=\"twitter:label1\" content=\"Escrito por\" \/>\n\t<meta name=\"twitter:data1\" content=\"\" \/>\n\t<meta name=\"twitter:label2\" content=\"Tempo estimado de leitura\" \/>\n\t<meta name=\"twitter:data2\" content=\"2 minutos\" \/>\n<script type=\"application\/ld+json\" class=\"yoast-schema-graph\">{\"@context\":\"https:\/\/schema.org\",\"@graph\":[{\"@type\":\"Article\",\"@id\":\"http:\/\/maismagazine.pt\/index.php\/2022\/12\/23\/as-causas-basicas-dos-conflitos-e-da-infelicidade-humana\/#article\",\"isPartOf\":{\"@id\":\"http:\/\/maismagazine.pt\/index.php\/2022\/12\/23\/as-causas-basicas-dos-conflitos-e-da-infelicidade-humana\/\"},\"author\":{\"name\":\"Jo\u00e3o Malainho\",\"@id\":\"https:\/\/maismagazine.pt\/#\/schema\/person\/999bd426f894ff56d397ec12ebd21ebb\"},\"headline\":\"As causas b\u00e1sicas dos conflitos e da infelicidade humana\",\"datePublished\":\"2022-12-23T07:00:00+00:00\",\"mainEntityOfPage\":{\"@id\":\"http:\/\/maismagazine.pt\/index.php\/2022\/12\/23\/as-causas-basicas-dos-conflitos-e-da-infelicidade-humana\/\"},\"wordCount\":513,\"publisher\":{\"@id\":\"https:\/\/maismagazine.pt\/#organization\"},\"image\":{\"@id\":\"http:\/\/maismagazine.pt\/index.php\/2022\/12\/23\/as-causas-basicas-dos-conflitos-e-da-infelicidade-humana\/#primaryimage\"},\"thumbnailUrl\":\"http:\/\/maismagazine.pt\/wp-content\/uploads\/2022\/12\/Maria-Jose-Rouxinol-Fotografia-Magazine.jpg\",\"keywords\":[\"Artigo Opini\u00e3o\",\"Maria Jos\u00e9 Rouxinol\"],\"articleSection\":[\"Opini\u00e3o\"],\"inLanguage\":\"pt-PT\"},{\"@type\":\"WebPage\",\"@id\":\"http:\/\/maismagazine.pt\/index.php\/2022\/12\/23\/as-causas-basicas-dos-conflitos-e-da-infelicidade-humana\/\",\"url\":\"http:\/\/maismagazine.pt\/index.php\/2022\/12\/23\/as-causas-basicas-dos-conflitos-e-da-infelicidade-humana\/\",\"name\":\"As causas b\u00e1sicas dos conflitos e da infelicidade humana - Mais Magazine\",\"isPartOf\":{\"@id\":\"https:\/\/maismagazine.pt\/#website\"},\"primaryImageOfPage\":{\"@id\":\"http:\/\/maismagazine.pt\/index.php\/2022\/12\/23\/as-causas-basicas-dos-conflitos-e-da-infelicidade-humana\/#primaryimage\"},\"image\":{\"@id\":\"http:\/\/maismagazine.pt\/index.php\/2022\/12\/23\/as-causas-basicas-dos-conflitos-e-da-infelicidade-humana\/#primaryimage\"},\"thumbnailUrl\":\"http:\/\/maismagazine.pt\/wp-content\/uploads\/2022\/12\/Maria-Jose-Rouxinol-Fotografia-Magazine.jpg\",\"datePublished\":\"2022-12-23T07:00:00+00:00\",\"description\":\"Todos n\u00f3s conhecemos fam\u00edlias, organiza\u00e7\u00f5es e na\u00e7\u00f5es, onde h\u00e1 pessoas com responsabilidades de lideran\u00e7a que revelam uma certa tend\u00eancia para a autocracia e portadoras de um autoconceito narc\u00edsico. \u00c9 prov\u00e1vel que o ambiente medi\u00e1tico e social que temos vivido desde que a rede virtual global se imp\u00f4s, condicionando definitivamente o modo de vida coletivo, tenha agravado o caldo de cultura em que as personalidades com este perfil encontram os impulsos basilares que potenciam o surgimento e desenvolvimento dessas carater\u00edsticas.\",\"breadcrumb\":{\"@id\":\"http:\/\/maismagazine.pt\/index.php\/2022\/12\/23\/as-causas-basicas-dos-conflitos-e-da-infelicidade-humana\/#breadcrumb\"},\"inLanguage\":\"pt-PT\",\"potentialAction\":[{\"@type\":\"ReadAction\",\"target\":[\"http:\/\/maismagazine.pt\/index.php\/2022\/12\/23\/as-causas-basicas-dos-conflitos-e-da-infelicidade-humana\/\"]}]},{\"@type\":\"ImageObject\",\"inLanguage\":\"pt-PT\",\"@id\":\"http:\/\/maismagazine.pt\/index.php\/2022\/12\/23\/as-causas-basicas-dos-conflitos-e-da-infelicidade-humana\/#primaryimage\",\"url\":\"http:\/\/maismagazine.pt\/wp-content\/uploads\/2022\/12\/Maria-Jose-Rouxinol-Fotografia-Magazine.jpg\",\"contentUrl\":\"http:\/\/maismagazine.pt\/wp-content\/uploads\/2022\/12\/Maria-Jose-Rouxinol-Fotografia-Magazine.jpg\",\"width\":1379,\"height\":1838},{\"@type\":\"BreadcrumbList\",\"@id\":\"http:\/\/maismagazine.pt\/index.php\/2022\/12\/23\/as-causas-basicas-dos-conflitos-e-da-infelicidade-humana\/#breadcrumb\",\"itemListElement\":[{\"@type\":\"ListItem\",\"position\":1,\"name\":\"Home\",\"item\":\"https:\/\/maismagazine.pt\/\"},{\"@type\":\"ListItem\",\"position\":2,\"name\":\"As causas b\u00e1sicas dos conflitos e da infelicidade humana\"}]},{\"@type\":\"WebSite\",\"@id\":\"https:\/\/maismagazine.pt\/#website\",\"url\":\"https:\/\/maismagazine.pt\/\",\"name\":\"Mais Magazine\",\"description\":\"\",\"publisher\":{\"@id\":\"https:\/\/maismagazine.pt\/#organization\"},\"potentialAction\":[{\"@type\":\"SearchAction\",\"target\":{\"@type\":\"EntryPoint\",\"urlTemplate\":\"https:\/\/maismagazine.pt\/?s={search_term_string}\"},\"query-input\":{\"@type\":\"PropertyValueSpecification\",\"valueRequired\":true,\"valueName\":\"search_term_string\"}}],\"inLanguage\":\"pt-PT\"},{\"@type\":\"Organization\",\"@id\":\"https:\/\/maismagazine.pt\/#organization\",\"name\":\"Mais Magazine\",\"url\":\"https:\/\/maismagazine.pt\/\",\"logo\":{\"@type\":\"ImageObject\",\"inLanguage\":\"pt-PT\",\"@id\":\"https:\/\/maismagazine.pt\/#\/schema\/logo\/image\/\",\"url\":\"http:\/\/maismagazine.pt\/wp-content\/uploads\/2020\/04\/cropped-cropped-mais-magazine-site-logo-2.png\",\"contentUrl\":\"http:\/\/maismagazine.pt\/wp-content\/uploads\/2020\/04\/cropped-cropped-mais-magazine-site-logo-2.png\",\"width\":581,\"height\":90,\"caption\":\"Mais Magazine\"},\"image\":{\"@id\":\"https:\/\/maismagazine.pt\/#\/schema\/logo\/image\/\"}},{\"@type\":\"Person\",\"@id\":\"https:\/\/maismagazine.pt\/#\/schema\/person\/999bd426f894ff56d397ec12ebd21ebb\",\"name\":\"Jo\u00e3o Malainho\",\"image\":{\"@type\":\"ImageObject\",\"inLanguage\":\"pt-PT\",\"@id\":\"https:\/\/maismagazine.pt\/#\/schema\/person\/image\/\",\"url\":\"https:\/\/secure.gravatar.com\/avatar\/ff03c2f38edf60b2a827aa4f74878491?s=96&d=mm&r=g\",\"contentUrl\":\"https:\/\/secure.gravatar.com\/avatar\/ff03c2f38edf60b2a827aa4f74878491?s=96&d=mm&r=g\",\"caption\":\"Jo\u00e3o Malainho\"},\"url\":\"http:\/\/maismagazine.pt\/index.php\/author\/maismagazine\/\"}]}<\/script>\n<!-- \/ Yoast SEO plugin. -->","yoast_head_json":{"title":"As causas b\u00e1sicas dos conflitos e da infelicidade humana - Mais Magazine","description":"Todos n\u00f3s conhecemos fam\u00edlias, organiza\u00e7\u00f5es e na\u00e7\u00f5es, onde h\u00e1 pessoas com responsabilidades de lideran\u00e7a que revelam uma certa tend\u00eancia para a autocracia e portadoras de um autoconceito narc\u00edsico. \u00c9 prov\u00e1vel que o ambiente medi\u00e1tico e social que temos vivido desde que a rede virtual global se imp\u00f4s, condicionando definitivamente o modo de vida coletivo, tenha agravado o caldo de cultura em que as personalidades com este perfil encontram os impulsos basilares que potenciam o surgimento e desenvolvimento dessas carater\u00edsticas.","robots":{"index":"index","follow":"follow","max-snippet":"max-snippet:-1","max-image-preview":"max-image-preview:large","max-video-preview":"max-video-preview:-1"},"canonical":"http:\/\/maismagazine.pt\/index.php\/2022\/12\/23\/as-causas-basicas-dos-conflitos-e-da-infelicidade-humana\/","og_locale":"pt_PT","og_type":"article","og_title":"As causas b\u00e1sicas dos conflitos e da infelicidade humana - Mais Magazine","og_description":"Todos n\u00f3s conhecemos fam\u00edlias, organiza\u00e7\u00f5es e na\u00e7\u00f5es, onde h\u00e1 pessoas com responsabilidades de lideran\u00e7a que revelam uma certa tend\u00eancia para a autocracia e portadoras de um autoconceito narc\u00edsico. \u00c9 prov\u00e1vel que o ambiente medi\u00e1tico e social que temos vivido desde que a rede virtual global se imp\u00f4s, condicionando definitivamente o modo de vida coletivo, tenha agravado o caldo de cultura em que as personalidades com este perfil encontram os impulsos basilares que potenciam o surgimento e desenvolvimento dessas carater\u00edsticas.","og_url":"http:\/\/maismagazine.pt\/index.php\/2022\/12\/23\/as-causas-basicas-dos-conflitos-e-da-infelicidade-humana\/","og_site_name":"Mais Magazine","article_published_time":"2022-12-23T07:00:00+00:00","og_image":[{"width":1379,"height":1838,"url":"http:\/\/maismagazine.pt\/wp-content\/uploads\/2022\/12\/Maria-Jose-Rouxinol-Fotografia-Magazine.jpg","type":"image\/jpeg"}],"author":"Jo\u00e3o Malainho","twitter_card":"summary_large_image","twitter_misc":{"Escrito por":false,"Tempo estimado de leitura":"2 minutos"},"schema":{"@context":"https:\/\/schema.org","@graph":[{"@type":"Article","@id":"http:\/\/maismagazine.pt\/index.php\/2022\/12\/23\/as-causas-basicas-dos-conflitos-e-da-infelicidade-humana\/#article","isPartOf":{"@id":"http:\/\/maismagazine.pt\/index.php\/2022\/12\/23\/as-causas-basicas-dos-conflitos-e-da-infelicidade-humana\/"},"author":{"name":"Jo\u00e3o Malainho","@id":"https:\/\/maismagazine.pt\/#\/schema\/person\/999bd426f894ff56d397ec12ebd21ebb"},"headline":"As causas b\u00e1sicas dos conflitos e da infelicidade humana","datePublished":"2022-12-23T07:00:00+00:00","mainEntityOfPage":{"@id":"http:\/\/maismagazine.pt\/index.php\/2022\/12\/23\/as-causas-basicas-dos-conflitos-e-da-infelicidade-humana\/"},"wordCount":513,"publisher":{"@id":"https:\/\/maismagazine.pt\/#organization"},"image":{"@id":"http:\/\/maismagazine.pt\/index.php\/2022\/12\/23\/as-causas-basicas-dos-conflitos-e-da-infelicidade-humana\/#primaryimage"},"thumbnailUrl":"http:\/\/maismagazine.pt\/wp-content\/uploads\/2022\/12\/Maria-Jose-Rouxinol-Fotografia-Magazine.jpg","keywords":["Artigo Opini\u00e3o","Maria Jos\u00e9 Rouxinol"],"articleSection":["Opini\u00e3o"],"inLanguage":"pt-PT"},{"@type":"WebPage","@id":"http:\/\/maismagazine.pt\/index.php\/2022\/12\/23\/as-causas-basicas-dos-conflitos-e-da-infelicidade-humana\/","url":"http:\/\/maismagazine.pt\/index.php\/2022\/12\/23\/as-causas-basicas-dos-conflitos-e-da-infelicidade-humana\/","name":"As causas b\u00e1sicas dos conflitos e da infelicidade humana - Mais Magazine","isPartOf":{"@id":"https:\/\/maismagazine.pt\/#website"},"primaryImageOfPage":{"@id":"http:\/\/maismagazine.pt\/index.php\/2022\/12\/23\/as-causas-basicas-dos-conflitos-e-da-infelicidade-humana\/#primaryimage"},"image":{"@id":"http:\/\/maismagazine.pt\/index.php\/2022\/12\/23\/as-causas-basicas-dos-conflitos-e-da-infelicidade-humana\/#primaryimage"},"thumbnailUrl":"http:\/\/maismagazine.pt\/wp-content\/uploads\/2022\/12\/Maria-Jose-Rouxinol-Fotografia-Magazine.jpg","datePublished":"2022-12-23T07:00:00+00:00","description":"Todos n\u00f3s conhecemos fam\u00edlias, organiza\u00e7\u00f5es e na\u00e7\u00f5es, onde h\u00e1 pessoas com responsabilidades de lideran\u00e7a que revelam uma certa tend\u00eancia para a autocracia e portadoras de um autoconceito narc\u00edsico. \u00c9 prov\u00e1vel que o ambiente medi\u00e1tico e social que temos vivido desde que a rede virtual global se imp\u00f4s, condicionando definitivamente o modo de vida coletivo, tenha agravado o caldo de cultura em que as personalidades com este perfil encontram os impulsos basilares que potenciam o surgimento e desenvolvimento dessas carater\u00edsticas.","breadcrumb":{"@id":"http:\/\/maismagazine.pt\/index.php\/2022\/12\/23\/as-causas-basicas-dos-conflitos-e-da-infelicidade-humana\/#breadcrumb"},"inLanguage":"pt-PT","potentialAction":[{"@type":"ReadAction","target":["http:\/\/maismagazine.pt\/index.php\/2022\/12\/23\/as-causas-basicas-dos-conflitos-e-da-infelicidade-humana\/"]}]},{"@type":"ImageObject","inLanguage":"pt-PT","@id":"http:\/\/maismagazine.pt\/index.php\/2022\/12\/23\/as-causas-basicas-dos-conflitos-e-da-infelicidade-humana\/#primaryimage","url":"http:\/\/maismagazine.pt\/wp-content\/uploads\/2022\/12\/Maria-Jose-Rouxinol-Fotografia-Magazine.jpg","contentUrl":"http:\/\/maismagazine.pt\/wp-content\/uploads\/2022\/12\/Maria-Jose-Rouxinol-Fotografia-Magazine.jpg","width":1379,"height":1838},{"@type":"BreadcrumbList","@id":"http:\/\/maismagazine.pt\/index.php\/2022\/12\/23\/as-causas-basicas-dos-conflitos-e-da-infelicidade-humana\/#breadcrumb","itemListElement":[{"@type":"ListItem","position":1,"name":"Home","item":"https:\/\/maismagazine.pt\/"},{"@type":"ListItem","position":2,"name":"As causas b\u00e1sicas dos conflitos e da infelicidade humana"}]},{"@type":"WebSite","@id":"https:\/\/maismagazine.pt\/#website","url":"https:\/\/maismagazine.pt\/","name":"Mais Magazine","description":"","publisher":{"@id":"https:\/\/maismagazine.pt\/#organization"},"potentialAction":[{"@type":"SearchAction","target":{"@type":"EntryPoint","urlTemplate":"https:\/\/maismagazine.pt\/?s={search_term_string}"},"query-input":{"@type":"PropertyValueSpecification","valueRequired":true,"valueName":"search_term_string"}}],"inLanguage":"pt-PT"},{"@type":"Organization","@id":"https:\/\/maismagazine.pt\/#organization","name":"Mais Magazine","url":"https:\/\/maismagazine.pt\/","logo":{"@type":"ImageObject","inLanguage":"pt-PT","@id":"https:\/\/maismagazine.pt\/#\/schema\/logo\/image\/","url":"http:\/\/maismagazine.pt\/wp-content\/uploads\/2020\/04\/cropped-cropped-mais-magazine-site-logo-2.png","contentUrl":"http:\/\/maismagazine.pt\/wp-content\/uploads\/2020\/04\/cropped-cropped-mais-magazine-site-logo-2.png","width":581,"height":90,"caption":"Mais Magazine"},"image":{"@id":"https:\/\/maismagazine.pt\/#\/schema\/logo\/image\/"}},{"@type":"Person","@id":"https:\/\/maismagazine.pt\/#\/schema\/person\/999bd426f894ff56d397ec12ebd21ebb","name":"Jo\u00e3o Malainho","image":{"@type":"ImageObject","inLanguage":"pt-PT","@id":"https:\/\/maismagazine.pt\/#\/schema\/person\/image\/","url":"https:\/\/secure.gravatar.com\/avatar\/ff03c2f38edf60b2a827aa4f74878491?s=96&d=mm&r=g","contentUrl":"https:\/\/secure.gravatar.com\/avatar\/ff03c2f38edf60b2a827aa4f74878491?s=96&d=mm&r=g","caption":"Jo\u00e3o Malainho"},"url":"http:\/\/maismagazine.pt\/index.php\/author\/maismagazine\/"}]}},"author_meta":{"display_name":false,"author_link":"http:\/\/maismagazine.pt\/index.php\/author\/maismagazine\/"},"featured_img":"http:\/\/maismagazine.pt\/wp-content\/uploads\/2022\/12\/Maria-Jose-Rouxinol-Fotografia-Magazine-225x300.jpg","coauthors":[],"tax_additional":{"categories":{"linked":["<a href=\"http:\/\/maismagazine.pt\/index.php\/category\/noticias\/opiniao\/\" class=\"advgb-post-tax-term\">Opini\u00e3o<\/a>"],"unlinked":["<span class=\"advgb-post-tax-term\">Opini\u00e3o<\/span>"]},"tags":{"linked":["<a href=\"http:\/\/maismagazine.pt\/index.php\/category\/noticias\/opiniao\/\" class=\"advgb-post-tax-term\">Artigo Opini\u00e3o<\/a>","<a href=\"http:\/\/maismagazine.pt\/index.php\/category\/noticias\/opiniao\/\" class=\"advgb-post-tax-term\">Maria Jos\u00e9 Rouxinol<\/a>"],"unlinked":["<span class=\"advgb-post-tax-term\">Artigo Opini\u00e3o<\/span>","<span class=\"advgb-post-tax-term\">Maria Jos\u00e9 Rouxinol<\/span>"]}},"comment_count":"0","relative_dates":{"created":"Posted 3 anos ago","modified":"Updated 3 anos ago"},"absolute_dates":{"created":"Posted on 23 de Dezembro, 2022","modified":"Updated on 19 de Dezembro, 2022"},"absolute_dates_time":{"created":"Posted on 23 de Dezembro, 2022 7:00","modified":"Updated on 19 de Dezembro, 2022 15:08"},"featured_img_caption":"","series_order":"","_links":{"self":[{"href":"http:\/\/maismagazine.pt\/index.php\/wp-json\/wp\/v2\/posts\/5274","targetHints":{"allow":["GET"]}}],"collection":[{"href":"http:\/\/maismagazine.pt\/index.php\/wp-json\/wp\/v2\/posts"}],"about":[{"href":"http:\/\/maismagazine.pt\/index.php\/wp-json\/wp\/v2\/types\/post"}],"author":[{"embeddable":true,"href":"http:\/\/maismagazine.pt\/index.php\/wp-json\/wp\/v2\/users\/7"}],"replies":[{"embeddable":true,"href":"http:\/\/maismagazine.pt\/index.php\/wp-json\/wp\/v2\/comments?post=5274"}],"version-history":[{"count":2,"href":"http:\/\/maismagazine.pt\/index.php\/wp-json\/wp\/v2\/posts\/5274\/revisions"}],"predecessor-version":[{"id":5277,"href":"http:\/\/maismagazine.pt\/index.php\/wp-json\/wp\/v2\/posts\/5274\/revisions\/5277"}],"wp:featuredmedia":[{"embeddable":true,"href":"http:\/\/maismagazine.pt\/index.php\/wp-json\/wp\/v2\/media\/5275"}],"wp:attachment":[{"href":"http:\/\/maismagazine.pt\/index.php\/wp-json\/wp\/v2\/media?parent=5274"}],"wp:term":[{"taxonomy":"category","embeddable":true,"href":"http:\/\/maismagazine.pt\/index.php\/wp-json\/wp\/v2\/categories?post=5274"},{"taxonomy":"post_tag","embeddable":true,"href":"http:\/\/maismagazine.pt\/index.php\/wp-json\/wp\/v2\/tags?post=5274"}],"curies":[{"name":"wp","href":"https:\/\/api.w.org\/{rel}","templated":true}]}}