{"id":5266,"date":"2022-12-23T07:00:00","date_gmt":"2022-12-23T07:00:00","guid":{"rendered":"http:\/\/maismagazine.pt\/?p=5266"},"modified":"2022-12-19T14:40:13","modified_gmt":"2022-12-19T14:40:13","slug":"clinica-dra-lucia-santos-a-desmascarar-os-mitos-da-beleza-humana","status":"publish","type":"post","link":"http:\/\/maismagazine.pt\/index.php\/2022\/12\/23\/clinica-dra-lucia-santos-a-desmascarar-os-mitos-da-beleza-humana\/","title":{"rendered":"Cl\u00ednica Dra. L\u00facia Santos: A desmascarar os mitos da beleza humana"},"content":{"rendered":"\n<p><strong>Dedicada a ajudar as pessoas a elevar a sua beleza est\u00e9tica de forma natural, a Dra. L\u00facia Santos desmistifica em consulta a cren\u00e7a que s\u00f3 com tratamentos desproporcionais se consegue atingir uma pele mais saud\u00e1vel e uma cara bonita.<\/strong><br><br>M\u00e9dica de fam\u00edlia e apaixonada por aquilo que faz, a Dra. L\u00facia Santos, fundadora da cl\u00ednica Dra. L\u00facia Santos, foi desde sempre uma mulher apaixonada pelos detalhes e viu na medicina est\u00e9tica a plataforma ideal para os explorar olhando para esta \u00e1rea como a ci\u00eancia dos detalhes. \u201cA minha liga\u00e7\u00e3o surge de uma paix\u00e3o inerente ao bem-estar e \u00e0 beleza individual e pr\u00f3pria de cada pessoa, no seu mais \u00ednfimo detalhe, que s\u00f3 pode ser praticada quando se conjugam conhecimentos m\u00e9dico-cient\u00edficos e t\u00e9cnicos com o equil\u00edbrio e a harmonia das formas\u201d.<br><br>N\u00e3o sendo considerada uma especialidade m\u00e9dica em Portugal, a forma\u00e7\u00e3o no campo da Medicina Est\u00e9tica \u00e9 adquirida a partir de p\u00f3s-gradua\u00e7\u00e3o que mais tarde ir\u00e1 garantir a quem a frequenta o seu certificado. \u201cT\u00e3o importante como a chegada \u00e9 o caminho percorrido, \u00e9 o que vivemos no percurso que nos faz chegar mais evolu\u00eddos. Tudo come\u00e7ou com \u201cse tu consegues sonh\u00e1-lo, tu consegues faz\u00ea-lo\u2019! E tanto tempo foi um sonho que a \u00fanica possibilidade foi materializ\u00e1-lo\u201d, assinala a Dra. L\u00facia Santos.<br><br>Uma cl\u00ednica especializada em Medicina Est\u00e9tica \u00e9 o cruzamento de dois caminhos aparentemente distintos, mas que fazem a simbiose perfeita. Falamos do bem-estar f\u00edsico e da beleza que retiramos dos nossos sentidos e foi vislumbrando essa mesma possibilidade que a Dra. L\u00facia Santos concretizou o seu sonho: \u201cEste \u00e9 o meu palco. O palco principal! A receber muitas estreias, tendo em conta os seus cerca de tr\u00eas meses de exist\u00eancia. Mas \u00e9 meu! E \u00e9 nele que atuo, que crio e recrio. \u00c9 nele que muitas vezes me lembro da t\u00e9nue linha que separa a ousadia da estupidez, que ven\u00e7o incertezas e riscos, imprevistos e complica\u00e7\u00f5es e decis\u00f5es tecnicamente complexas, mas humanamente ainda mais dif\u00edceis.\u201d<br><br>A prioridade da Dra. L\u00facia Santos centra-se nas pessoas interessando-se pelas mesmas como um todo, olhando de um modo transcendente para o problema que as fez chegar at\u00e9 si. Muitas vezes \u00e9 preciso perceber o que incomoda o utente e o motivo que o traz \u00e0 consulta. \u00c9 necess\u00e1rio ser capaz de entender as suas vontades e, ao mesmo tempo, fazer uma gest\u00e3o da consulta de forma a conduzir as suas expectativas e at\u00e9 mesmo desmistificar as suas cren\u00e7as da melhor forma poss\u00edvel. \u201c\u00c9 preciso saber dizer \u2018n\u00e3o\u2019 se o tratamento n\u00e3o \u00e9 o adequado. Uma avalia\u00e7\u00e3o criteriosa \u00e9 o caminho certo para obten\u00e7\u00e3o dos resultados desejados e \u00e9 a partir dela que conseguimos estabelecer um correto diagn\u00f3stico e um plano de tratamentos bem-sucedido,\u201d explica a Dra. L\u00facia Santos.<br><br>O uso exagerado das redes sociais tamb\u00e9m comprometeu a vis\u00e3o geral de medicina est\u00e9tica. Os filtros, os tratamentos com excessos de produtos, as altera\u00e7\u00f5es faciais desproporcionais e corporais s\u00e3o considerados, nos dias que correm, s\u00edmbolos intoc\u00e1veis de beleza, mas que nada tem a ver com a realidade: \u201cO objetivo do meu trabalho \u00e9 alcan\u00e7ar resultados subtis e naturais, impercet\u00edveis a olhos inexperientes,\u201d conclui. Assim, o objetivo principal da Cl\u00ednica Dra. L\u00facia Santos \u00e9 continuar a espalhar essa atitude positiva perante os utentes, pois s\u00f3 assim ser\u00e1 poss\u00edvel fazer deste projeto uma refer\u00eancia da medicina est\u00e9tica a longo prazo.<br><br><\/p>\n\n\n\n<div class=\"wp-block-image\"><figure class=\"aligncenter size-medium\"><img loading=\"lazy\" decoding=\"async\" width=\"300\" height=\"300\" src=\"http:\/\/maismagazine.pt\/wp-content\/uploads\/2022\/12\/314405933_169981142376866_1037159828556568331_n-300x300.jpg\" alt=\"\" class=\"wp-image-5267\" srcset=\"http:\/\/maismagazine.pt\/wp-content\/uploads\/2022\/12\/314405933_169981142376866_1037159828556568331_n-300x300.jpg 300w, http:\/\/maismagazine.pt\/wp-content\/uploads\/2022\/12\/314405933_169981142376866_1037159828556568331_n-1024x1024.jpg 1024w, http:\/\/maismagazine.pt\/wp-content\/uploads\/2022\/12\/314405933_169981142376866_1037159828556568331_n-150x150.jpg 150w, http:\/\/maismagazine.pt\/wp-content\/uploads\/2022\/12\/314405933_169981142376866_1037159828556568331_n-768x768.jpg 768w, http:\/\/maismagazine.pt\/wp-content\/uploads\/2022\/12\/314405933_169981142376866_1037159828556568331_n-1536x1536.jpg 1536w, http:\/\/maismagazine.pt\/wp-content\/uploads\/2022\/12\/314405933_169981142376866_1037159828556568331_n.jpg 2047w\" sizes=\"auto, (max-width: 300px) 100vw, 300px\" \/><\/figure><\/div>\n","protected":false},"excerpt":{"rendered":"<p>Dedicada a ajudar as pessoas a elevar a sua beleza est\u00e9tica de forma natural, a Dra. L\u00facia Santos desmistifica em consulta a cren\u00e7a que s\u00f3 com tratamentos desproporcionais se consegue atingir uma pele mais saud\u00e1vel e uma cara bonita. M\u00e9dica de fam\u00edlia e apaixonada por aquilo que faz, a Dra.&hellip;<\/p>\n","protected":false},"author":7,"featured_media":5268,"comment_status":"closed","ping_status":"open","sticky":false,"template":"","format":"standard","meta":{"advgb_blocks_editor_width":"","advgb_blocks_columns_visual_guide":"","_monsterinsights_skip_tracking":false,"_monsterinsights_sitenote_active":false,"_monsterinsights_sitenote_note":"","_monsterinsights_sitenote_category":0,"footnotes":""},"categories":[54,313],"tags":[1205,1219,307,457],"class_list":["post-5266","post","type-post","status-publish","format-standard","has-post-thumbnail","hentry","category-lifestyle","category-saude","tag-clinica","tag-clinica-dra-lucia-santos","tag-medicina-estetica","tag-saude"],"yoast_head":"<!-- This site is optimized with the Yoast SEO plugin v24.4 - https:\/\/yoast.com\/wordpress\/plugins\/seo\/ -->\n<title>Cl\u00ednica Dra. L\u00facia Santos: A desmascarar os mitos da beleza humana - Mais Magazine<\/title>\n<meta name=\"description\" content=\"Dedicada a ajudar as pessoas a elevar a sua beleza est\u00e9tica de forma natural, a Dra. L\u00facia Santos desmistifica em consulta a cren\u00e7a que s\u00f3 com tratamentos desproporcionais se consegue atingir uma pele mais saud\u00e1vel e uma cara bonita.\" \/>\n<meta name=\"robots\" content=\"index, follow, max-snippet:-1, max-image-preview:large, max-video-preview:-1\" \/>\n<link rel=\"canonical\" href=\"http:\/\/maismagazine.pt\/index.php\/2022\/12\/23\/clinica-dra-lucia-santos-a-desmascarar-os-mitos-da-beleza-humana\/\" \/>\n<meta property=\"og:locale\" content=\"pt_PT\" \/>\n<meta property=\"og:type\" content=\"article\" \/>\n<meta property=\"og:title\" content=\"Cl\u00ednica Dra. L\u00facia Santos: A desmascarar os mitos da beleza humana - Mais Magazine\" \/>\n<meta property=\"og:description\" content=\"Dedicada a ajudar as pessoas a elevar a sua beleza est\u00e9tica de forma natural, a Dra. L\u00facia Santos desmistifica em consulta a cren\u00e7a que s\u00f3 com tratamentos desproporcionais se consegue atingir uma pele mais saud\u00e1vel e uma cara bonita.\" \/>\n<meta property=\"og:url\" content=\"http:\/\/maismagazine.pt\/index.php\/2022\/12\/23\/clinica-dra-lucia-santos-a-desmascarar-os-mitos-da-beleza-humana\/\" \/>\n<meta property=\"og:site_name\" content=\"Mais Magazine\" \/>\n<meta property=\"article:published_time\" content=\"2022-12-23T07:00:00+00:00\" \/>\n<meta property=\"og:image\" content=\"http:\/\/maismagazine.pt\/wp-content\/uploads\/2022\/12\/IMG_3583-scaled.jpg\" \/>\n\t<meta property=\"og:image:width\" content=\"2560\" \/>\n\t<meta property=\"og:image:height\" content=\"1712\" \/>\n\t<meta property=\"og:image:type\" content=\"image\/jpeg\" \/>\n<meta name=\"author\" content=\"Jo\u00e3o Malainho\" \/>\n<meta name=\"twitter:card\" content=\"summary_large_image\" \/>\n<meta name=\"twitter:label1\" content=\"Escrito por\" \/>\n\t<meta name=\"twitter:data1\" content=\"\" \/>\n\t<meta name=\"twitter:label2\" content=\"Tempo estimado de leitura\" \/>\n\t<meta name=\"twitter:data2\" content=\"3 minutos\" \/>\n<script type=\"application\/ld+json\" class=\"yoast-schema-graph\">{\"@context\":\"https:\/\/schema.org\",\"@graph\":[{\"@type\":\"Article\",\"@id\":\"http:\/\/maismagazine.pt\/index.php\/2022\/12\/23\/clinica-dra-lucia-santos-a-desmascarar-os-mitos-da-beleza-humana\/#article\",\"isPartOf\":{\"@id\":\"http:\/\/maismagazine.pt\/index.php\/2022\/12\/23\/clinica-dra-lucia-santos-a-desmascarar-os-mitos-da-beleza-humana\/\"},\"author\":{\"name\":\"Jo\u00e3o Malainho\",\"@id\":\"http:\/\/maismagazine.pt\/#\/schema\/person\/999bd426f894ff56d397ec12ebd21ebb\"},\"headline\":\"Cl\u00ednica Dra. L\u00facia Santos: A desmascarar os mitos da beleza humana\",\"datePublished\":\"2022-12-23T07:00:00+00:00\",\"mainEntityOfPage\":{\"@id\":\"http:\/\/maismagazine.pt\/index.php\/2022\/12\/23\/clinica-dra-lucia-santos-a-desmascarar-os-mitos-da-beleza-humana\/\"},\"wordCount\":615,\"publisher\":{\"@id\":\"http:\/\/maismagazine.pt\/#organization\"},\"image\":{\"@id\":\"http:\/\/maismagazine.pt\/index.php\/2022\/12\/23\/clinica-dra-lucia-santos-a-desmascarar-os-mitos-da-beleza-humana\/#primaryimage\"},\"thumbnailUrl\":\"http:\/\/maismagazine.pt\/wp-content\/uploads\/2022\/12\/IMG_3583-scaled.jpg\",\"keywords\":[\"Cl\u00ednica\",\"Cl\u00ednica Dra. L\u00facia Santos\",\"Medicina Est\u00e9tica\",\"sa\u00fade\"],\"articleSection\":[\"LifeStyle\",\"Sa\u00fade\"],\"inLanguage\":\"pt-PT\"},{\"@type\":\"WebPage\",\"@id\":\"http:\/\/maismagazine.pt\/index.php\/2022\/12\/23\/clinica-dra-lucia-santos-a-desmascarar-os-mitos-da-beleza-humana\/\",\"url\":\"http:\/\/maismagazine.pt\/index.php\/2022\/12\/23\/clinica-dra-lucia-santos-a-desmascarar-os-mitos-da-beleza-humana\/\",\"name\":\"Cl\u00ednica Dra. L\u00facia Santos: A desmascarar os mitos da beleza humana - Mais Magazine\",\"isPartOf\":{\"@id\":\"http:\/\/maismagazine.pt\/#website\"},\"primaryImageOfPage\":{\"@id\":\"http:\/\/maismagazine.pt\/index.php\/2022\/12\/23\/clinica-dra-lucia-santos-a-desmascarar-os-mitos-da-beleza-humana\/#primaryimage\"},\"image\":{\"@id\":\"http:\/\/maismagazine.pt\/index.php\/2022\/12\/23\/clinica-dra-lucia-santos-a-desmascarar-os-mitos-da-beleza-humana\/#primaryimage\"},\"thumbnailUrl\":\"http:\/\/maismagazine.pt\/wp-content\/uploads\/2022\/12\/IMG_3583-scaled.jpg\",\"datePublished\":\"2022-12-23T07:00:00+00:00\",\"description\":\"Dedicada a ajudar as pessoas a elevar a sua beleza est\u00e9tica de forma natural, a Dra. L\u00facia Santos desmistifica em consulta a cren\u00e7a que s\u00f3 com tratamentos desproporcionais se consegue atingir uma pele mais saud\u00e1vel e uma cara bonita.\",\"breadcrumb\":{\"@id\":\"http:\/\/maismagazine.pt\/index.php\/2022\/12\/23\/clinica-dra-lucia-santos-a-desmascarar-os-mitos-da-beleza-humana\/#breadcrumb\"},\"inLanguage\":\"pt-PT\",\"potentialAction\":[{\"@type\":\"ReadAction\",\"target\":[\"http:\/\/maismagazine.pt\/index.php\/2022\/12\/23\/clinica-dra-lucia-santos-a-desmascarar-os-mitos-da-beleza-humana\/\"]}]},{\"@type\":\"ImageObject\",\"inLanguage\":\"pt-PT\",\"@id\":\"http:\/\/maismagazine.pt\/index.php\/2022\/12\/23\/clinica-dra-lucia-santos-a-desmascarar-os-mitos-da-beleza-humana\/#primaryimage\",\"url\":\"http:\/\/maismagazine.pt\/wp-content\/uploads\/2022\/12\/IMG_3583-scaled.jpg\",\"contentUrl\":\"http:\/\/maismagazine.pt\/wp-content\/uploads\/2022\/12\/IMG_3583-scaled.jpg\",\"width\":2560,\"height\":1712},{\"@type\":\"BreadcrumbList\",\"@id\":\"http:\/\/maismagazine.pt\/index.php\/2022\/12\/23\/clinica-dra-lucia-santos-a-desmascarar-os-mitos-da-beleza-humana\/#breadcrumb\",\"itemListElement\":[{\"@type\":\"ListItem\",\"position\":1,\"name\":\"Home\",\"item\":\"http:\/\/maismagazine.pt\/\"},{\"@type\":\"ListItem\",\"position\":2,\"name\":\"Cl\u00ednica Dra. L\u00facia Santos: A desmascarar os mitos da beleza humana\"}]},{\"@type\":\"WebSite\",\"@id\":\"http:\/\/maismagazine.pt\/#website\",\"url\":\"http:\/\/maismagazine.pt\/\",\"name\":\"Mais Magazine\",\"description\":\"\",\"publisher\":{\"@id\":\"http:\/\/maismagazine.pt\/#organization\"},\"potentialAction\":[{\"@type\":\"SearchAction\",\"target\":{\"@type\":\"EntryPoint\",\"urlTemplate\":\"http:\/\/maismagazine.pt\/?s={search_term_string}\"},\"query-input\":{\"@type\":\"PropertyValueSpecification\",\"valueRequired\":true,\"valueName\":\"search_term_string\"}}],\"inLanguage\":\"pt-PT\"},{\"@type\":\"Organization\",\"@id\":\"http:\/\/maismagazine.pt\/#organization\",\"name\":\"Mais Magazine\",\"url\":\"http:\/\/maismagazine.pt\/\",\"logo\":{\"@type\":\"ImageObject\",\"inLanguage\":\"pt-PT\",\"@id\":\"http:\/\/maismagazine.pt\/#\/schema\/logo\/image\/\",\"url\":\"http:\/\/maismagazine.pt\/wp-content\/uploads\/2020\/04\/cropped-cropped-mais-magazine-site-logo-2.png\",\"contentUrl\":\"http:\/\/maismagazine.pt\/wp-content\/uploads\/2020\/04\/cropped-cropped-mais-magazine-site-logo-2.png\",\"width\":581,\"height\":90,\"caption\":\"Mais Magazine\"},\"image\":{\"@id\":\"http:\/\/maismagazine.pt\/#\/schema\/logo\/image\/\"}},{\"@type\":\"Person\",\"@id\":\"http:\/\/maismagazine.pt\/#\/schema\/person\/999bd426f894ff56d397ec12ebd21ebb\",\"name\":\"Jo\u00e3o Malainho\",\"image\":{\"@type\":\"ImageObject\",\"inLanguage\":\"pt-PT\",\"@id\":\"http:\/\/maismagazine.pt\/#\/schema\/person\/image\/\",\"url\":\"https:\/\/secure.gravatar.com\/avatar\/ff03c2f38edf60b2a827aa4f74878491?s=96&d=mm&r=g\",\"contentUrl\":\"https:\/\/secure.gravatar.com\/avatar\/ff03c2f38edf60b2a827aa4f74878491?s=96&d=mm&r=g\",\"caption\":\"Jo\u00e3o Malainho\"},\"url\":\"http:\/\/maismagazine.pt\/index.php\/author\/maismagazine\/\"}]}<\/script>\n<!-- \/ Yoast SEO plugin. -->","yoast_head_json":{"title":"Cl\u00ednica Dra. L\u00facia Santos: A desmascarar os mitos da beleza humana - Mais Magazine","description":"Dedicada a ajudar as pessoas a elevar a sua beleza est\u00e9tica de forma natural, a Dra. L\u00facia Santos desmistifica em consulta a cren\u00e7a que s\u00f3 com tratamentos desproporcionais se consegue atingir uma pele mais saud\u00e1vel e uma cara bonita.","robots":{"index":"index","follow":"follow","max-snippet":"max-snippet:-1","max-image-preview":"max-image-preview:large","max-video-preview":"max-video-preview:-1"},"canonical":"http:\/\/maismagazine.pt\/index.php\/2022\/12\/23\/clinica-dra-lucia-santos-a-desmascarar-os-mitos-da-beleza-humana\/","og_locale":"pt_PT","og_type":"article","og_title":"Cl\u00ednica Dra. L\u00facia Santos: A desmascarar os mitos da beleza humana - Mais Magazine","og_description":"Dedicada a ajudar as pessoas a elevar a sua beleza est\u00e9tica de forma natural, a Dra. L\u00facia Santos desmistifica em consulta a cren\u00e7a que s\u00f3 com tratamentos desproporcionais se consegue atingir uma pele mais saud\u00e1vel e uma cara bonita.","og_url":"http:\/\/maismagazine.pt\/index.php\/2022\/12\/23\/clinica-dra-lucia-santos-a-desmascarar-os-mitos-da-beleza-humana\/","og_site_name":"Mais Magazine","article_published_time":"2022-12-23T07:00:00+00:00","og_image":[{"width":2560,"height":1712,"url":"http:\/\/maismagazine.pt\/wp-content\/uploads\/2022\/12\/IMG_3583-scaled.jpg","type":"image\/jpeg"}],"author":"Jo\u00e3o Malainho","twitter_card":"summary_large_image","twitter_misc":{"Escrito por":false,"Tempo estimado de leitura":"3 minutos"},"schema":{"@context":"https:\/\/schema.org","@graph":[{"@type":"Article","@id":"http:\/\/maismagazine.pt\/index.php\/2022\/12\/23\/clinica-dra-lucia-santos-a-desmascarar-os-mitos-da-beleza-humana\/#article","isPartOf":{"@id":"http:\/\/maismagazine.pt\/index.php\/2022\/12\/23\/clinica-dra-lucia-santos-a-desmascarar-os-mitos-da-beleza-humana\/"},"author":{"name":"Jo\u00e3o Malainho","@id":"http:\/\/maismagazine.pt\/#\/schema\/person\/999bd426f894ff56d397ec12ebd21ebb"},"headline":"Cl\u00ednica Dra. L\u00facia Santos: A desmascarar os mitos da beleza humana","datePublished":"2022-12-23T07:00:00+00:00","mainEntityOfPage":{"@id":"http:\/\/maismagazine.pt\/index.php\/2022\/12\/23\/clinica-dra-lucia-santos-a-desmascarar-os-mitos-da-beleza-humana\/"},"wordCount":615,"publisher":{"@id":"http:\/\/maismagazine.pt\/#organization"},"image":{"@id":"http:\/\/maismagazine.pt\/index.php\/2022\/12\/23\/clinica-dra-lucia-santos-a-desmascarar-os-mitos-da-beleza-humana\/#primaryimage"},"thumbnailUrl":"http:\/\/maismagazine.pt\/wp-content\/uploads\/2022\/12\/IMG_3583-scaled.jpg","keywords":["Cl\u00ednica","Cl\u00ednica Dra. L\u00facia Santos","Medicina Est\u00e9tica","sa\u00fade"],"articleSection":["LifeStyle","Sa\u00fade"],"inLanguage":"pt-PT"},{"@type":"WebPage","@id":"http:\/\/maismagazine.pt\/index.php\/2022\/12\/23\/clinica-dra-lucia-santos-a-desmascarar-os-mitos-da-beleza-humana\/","url":"http:\/\/maismagazine.pt\/index.php\/2022\/12\/23\/clinica-dra-lucia-santos-a-desmascarar-os-mitos-da-beleza-humana\/","name":"Cl\u00ednica Dra. L\u00facia Santos: A desmascarar os mitos da beleza humana - Mais Magazine","isPartOf":{"@id":"http:\/\/maismagazine.pt\/#website"},"primaryImageOfPage":{"@id":"http:\/\/maismagazine.pt\/index.php\/2022\/12\/23\/clinica-dra-lucia-santos-a-desmascarar-os-mitos-da-beleza-humana\/#primaryimage"},"image":{"@id":"http:\/\/maismagazine.pt\/index.php\/2022\/12\/23\/clinica-dra-lucia-santos-a-desmascarar-os-mitos-da-beleza-humana\/#primaryimage"},"thumbnailUrl":"http:\/\/maismagazine.pt\/wp-content\/uploads\/2022\/12\/IMG_3583-scaled.jpg","datePublished":"2022-12-23T07:00:00+00:00","description":"Dedicada a ajudar as pessoas a elevar a sua beleza est\u00e9tica de forma natural, a Dra. L\u00facia Santos desmistifica em consulta a cren\u00e7a que s\u00f3 com tratamentos desproporcionais se consegue atingir uma pele mais saud\u00e1vel e uma cara bonita.","breadcrumb":{"@id":"http:\/\/maismagazine.pt\/index.php\/2022\/12\/23\/clinica-dra-lucia-santos-a-desmascarar-os-mitos-da-beleza-humana\/#breadcrumb"},"inLanguage":"pt-PT","potentialAction":[{"@type":"ReadAction","target":["http:\/\/maismagazine.pt\/index.php\/2022\/12\/23\/clinica-dra-lucia-santos-a-desmascarar-os-mitos-da-beleza-humana\/"]}]},{"@type":"ImageObject","inLanguage":"pt-PT","@id":"http:\/\/maismagazine.pt\/index.php\/2022\/12\/23\/clinica-dra-lucia-santos-a-desmascarar-os-mitos-da-beleza-humana\/#primaryimage","url":"http:\/\/maismagazine.pt\/wp-content\/uploads\/2022\/12\/IMG_3583-scaled.jpg","contentUrl":"http:\/\/maismagazine.pt\/wp-content\/uploads\/2022\/12\/IMG_3583-scaled.jpg","width":2560,"height":1712},{"@type":"BreadcrumbList","@id":"http:\/\/maismagazine.pt\/index.php\/2022\/12\/23\/clinica-dra-lucia-santos-a-desmascarar-os-mitos-da-beleza-humana\/#breadcrumb","itemListElement":[{"@type":"ListItem","position":1,"name":"Home","item":"http:\/\/maismagazine.pt\/"},{"@type":"ListItem","position":2,"name":"Cl\u00ednica Dra. L\u00facia Santos: A desmascarar os mitos da beleza humana"}]},{"@type":"WebSite","@id":"http:\/\/maismagazine.pt\/#website","url":"http:\/\/maismagazine.pt\/","name":"Mais Magazine","description":"","publisher":{"@id":"http:\/\/maismagazine.pt\/#organization"},"potentialAction":[{"@type":"SearchAction","target":{"@type":"EntryPoint","urlTemplate":"http:\/\/maismagazine.pt\/?s={search_term_string}"},"query-input":{"@type":"PropertyValueSpecification","valueRequired":true,"valueName":"search_term_string"}}],"inLanguage":"pt-PT"},{"@type":"Organization","@id":"http:\/\/maismagazine.pt\/#organization","name":"Mais Magazine","url":"http:\/\/maismagazine.pt\/","logo":{"@type":"ImageObject","inLanguage":"pt-PT","@id":"http:\/\/maismagazine.pt\/#\/schema\/logo\/image\/","url":"http:\/\/maismagazine.pt\/wp-content\/uploads\/2020\/04\/cropped-cropped-mais-magazine-site-logo-2.png","contentUrl":"http:\/\/maismagazine.pt\/wp-content\/uploads\/2020\/04\/cropped-cropped-mais-magazine-site-logo-2.png","width":581,"height":90,"caption":"Mais Magazine"},"image":{"@id":"http:\/\/maismagazine.pt\/#\/schema\/logo\/image\/"}},{"@type":"Person","@id":"http:\/\/maismagazine.pt\/#\/schema\/person\/999bd426f894ff56d397ec12ebd21ebb","name":"Jo\u00e3o Malainho","image":{"@type":"ImageObject","inLanguage":"pt-PT","@id":"http:\/\/maismagazine.pt\/#\/schema\/person\/image\/","url":"https:\/\/secure.gravatar.com\/avatar\/ff03c2f38edf60b2a827aa4f74878491?s=96&d=mm&r=g","contentUrl":"https:\/\/secure.gravatar.com\/avatar\/ff03c2f38edf60b2a827aa4f74878491?s=96&d=mm&r=g","caption":"Jo\u00e3o Malainho"},"url":"http:\/\/maismagazine.pt\/index.php\/author\/maismagazine\/"}]}},"author_meta":{"display_name":false,"author_link":"http:\/\/maismagazine.pt\/index.php\/author\/maismagazine\/"},"featured_img":"http:\/\/maismagazine.pt\/wp-content\/uploads\/2022\/12\/IMG_3583-300x201.jpg","coauthors":[],"tax_additional":{"categories":{"linked":["<a href=\"http:\/\/maismagazine.pt\/index.php\/category\/lifestyle\/\" class=\"advgb-post-tax-term\">LifeStyle<\/a>","<a href=\"http:\/\/maismagazine.pt\/index.php\/category\/mundo-empresarial\/saude\/\" class=\"advgb-post-tax-term\">Sa\u00fade<\/a>"],"unlinked":["<span class=\"advgb-post-tax-term\">LifeStyle<\/span>","<span class=\"advgb-post-tax-term\">Sa\u00fade<\/span>"]},"tags":{"linked":["<a href=\"http:\/\/maismagazine.pt\/index.php\/category\/mundo-empresarial\/saude\/\" class=\"advgb-post-tax-term\">Cl\u00ednica<\/a>","<a href=\"http:\/\/maismagazine.pt\/index.php\/category\/mundo-empresarial\/saude\/\" class=\"advgb-post-tax-term\">Cl\u00ednica Dra. L\u00facia Santos<\/a>","<a href=\"http:\/\/maismagazine.pt\/index.php\/category\/mundo-empresarial\/saude\/\" class=\"advgb-post-tax-term\">Medicina Est\u00e9tica<\/a>","<a href=\"http:\/\/maismagazine.pt\/index.php\/category\/mundo-empresarial\/saude\/\" class=\"advgb-post-tax-term\">sa\u00fade<\/a>"],"unlinked":["<span class=\"advgb-post-tax-term\">Cl\u00ednica<\/span>","<span class=\"advgb-post-tax-term\">Cl\u00ednica Dra. L\u00facia Santos<\/span>","<span class=\"advgb-post-tax-term\">Medicina Est\u00e9tica<\/span>","<span class=\"advgb-post-tax-term\">sa\u00fade<\/span>"]}},"comment_count":"0","relative_dates":{"created":"Posted 3 anos ago","modified":"Updated 3 anos ago"},"absolute_dates":{"created":"Posted on 23 de Dezembro, 2022","modified":"Updated on 19 de Dezembro, 2022"},"absolute_dates_time":{"created":"Posted on 23 de Dezembro, 2022 7:00","modified":"Updated on 19 de Dezembro, 2022 14:40"},"featured_img_caption":"","series_order":"","_links":{"self":[{"href":"http:\/\/maismagazine.pt\/index.php\/wp-json\/wp\/v2\/posts\/5266","targetHints":{"allow":["GET"]}}],"collection":[{"href":"http:\/\/maismagazine.pt\/index.php\/wp-json\/wp\/v2\/posts"}],"about":[{"href":"http:\/\/maismagazine.pt\/index.php\/wp-json\/wp\/v2\/types\/post"}],"author":[{"embeddable":true,"href":"http:\/\/maismagazine.pt\/index.php\/wp-json\/wp\/v2\/users\/7"}],"replies":[{"embeddable":true,"href":"http:\/\/maismagazine.pt\/index.php\/wp-json\/wp\/v2\/comments?post=5266"}],"version-history":[{"count":1,"href":"http:\/\/maismagazine.pt\/index.php\/wp-json\/wp\/v2\/posts\/5266\/revisions"}],"predecessor-version":[{"id":5269,"href":"http:\/\/maismagazine.pt\/index.php\/wp-json\/wp\/v2\/posts\/5266\/revisions\/5269"}],"wp:featuredmedia":[{"embeddable":true,"href":"http:\/\/maismagazine.pt\/index.php\/wp-json\/wp\/v2\/media\/5268"}],"wp:attachment":[{"href":"http:\/\/maismagazine.pt\/index.php\/wp-json\/wp\/v2\/media?parent=5266"}],"wp:term":[{"taxonomy":"category","embeddable":true,"href":"http:\/\/maismagazine.pt\/index.php\/wp-json\/wp\/v2\/categories?post=5266"},{"taxonomy":"post_tag","embeddable":true,"href":"http:\/\/maismagazine.pt\/index.php\/wp-json\/wp\/v2\/tags?post=5266"}],"curies":[{"name":"wp","href":"https:\/\/api.w.org\/{rel}","templated":true}]}}