{"id":5250,"date":"2022-12-23T07:00:00","date_gmt":"2022-12-23T07:00:00","guid":{"rendered":"http:\/\/maismagazine.pt\/?p=5250"},"modified":"2022-12-20T10:02:26","modified_gmt":"2022-12-20T10:02:26","slug":"dermocare-ha-10-anos-a-tratar-da-sua-autoestima","status":"publish","type":"post","link":"http:\/\/maismagazine.pt\/index.php\/2022\/12\/23\/dermocare-ha-10-anos-a-tratar-da-sua-autoestima\/","title":{"rendered":"Dermocare: H\u00e1 10 anos a tratar da sua autoestima"},"content":{"rendered":"\n<p><strong>A <a href=\"https:\/\/www.dermocare.pt\/\">cl\u00ednica Dermocare<\/a> \u00e9 uma cl\u00ednica de medicina est\u00e9tica, que se dedica ao diagn\u00f3stico, tratamento e acompanhamento dos problemas est\u00e9ticos nas suas v\u00e1rias vertentes e conta com 10 anos de experi\u00eancia.<\/strong><br><br>Licenciado em medicina pela universidade de C\u00e1diz em Espanha, e depois de uma passagem pela Universidade de Sevilha, foi no quinto ano de Medicina que o Dr. Mardson Rocha, fundador da Dermocare, decidiu completar a forma\u00e7\u00e3o em medicina est\u00e9tica tirando o mestrado na Universidade Rey Juan Carlos em Madrid. \u00c9 ele pr\u00f3prio que nos explica como funciona a sua cl\u00ednica: \u201cNa Cl\u00ednica Dermocare, realizamos tratamentos faciais e corporais, abrangendo assim grande parte dos tratamentos que a medicina est\u00e9tica oferece. Realizamos desde a aplica\u00e7\u00e3o de toxina botul\u00ednica, preenchimento facial, <em>peelings<\/em>, terapias de biorevitaliza\u00e7\u00e3o, implante de fios tensores e de lifting, aplica\u00e7\u00e3o de biostimuladores, tratamento de varizes, pequenas interven\u00e7\u00f5es como a blefaropl\u00e1stia sem cirurgia com o dispositivo plasmage, remo\u00e7\u00e3o de sinais diversos, etc\u2026\u201d.<br><br>A aten\u00e7\u00e3o personalizada ao paciente desde a marca\u00e7\u00e3o da consulta at\u00e9 \u00e0 finaliza\u00e7\u00e3o do tratamento assente na excel\u00eancia, honestidade e responsabilidade s\u00e3o pontos chave para a Dermocare ter a capacidade de fidelizar clientes. \u201cO nosso objetivo \u00e9 transmitir seguran\u00e7a aos nossos pacientes para que eles se sintam confiantes para a realiza\u00e7\u00e3o dos tratamentos\u201d afirma o Dr. Mardson Rocha.<br><br>Para que a cl\u00ednica atinja os patamares desejados, o seu fundador considera que ouvir os clientes \u00e9 fundamental em todo o processo. \u201cPara obtermos melhores resultados, focamo-nos na demanda do paciente, o que realmente o incomoda e o que ele pretende obter como resultados. A seguir realizamos uma an\u00e1lise junto ao paciente e mediante um consenso m\u00e9dico-paciente, chegamos a um equil\u00edbrio, e com base neste equil\u00edbrio chegaremos a um resultado final satisfat\u00f3rio para os nossos pacientes\u201d.<br><br><\/p>\n\n\n\n<p>A seguran\u00e7a dos tratamentos \u00e9 tamb\u00e9m um dos enfoques principais quando falamos de est\u00e9tica. Sobre essa mat\u00e9ria, o Dr. Mardson Rocha tranquiliza todos aqueles que o procuram assegurando que \u201choje em dia na medicina est\u00e9tica, trabalhamos com total seguran\u00e7a pois utilizamos materiais seguros, biocompat\u00edveis e reabsorv\u00edveis, reduzindo e minimizando quase que de forma total os efeitos secund\u00e1rios e obtendo resultados naturais e satisfat\u00f3rios para os pacientes\u201d. Realizar um tratamento est\u00e9tico \u00e9 uma procura por uma melhor autoestima, n\u00e3o s\u00f3 no plano est\u00e9tico, mas igualmente sob o ponto de vista emocional. A Dermocare \u00e9 o local indicado para o conseguir.<br><br><\/p>\n\n\n\n<div class=\"wp-block-image\"><figure class=\"aligncenter size-full\"><img loading=\"lazy\" decoding=\"async\" width=\"284\" height=\"100\" src=\"http:\/\/maismagazine.pt\/wp-content\/uploads\/2022\/12\/logo-democare.png\" alt=\"\" class=\"wp-image-5251\" \/><\/figure><\/div>\n","protected":false},"excerpt":{"rendered":"<p>A cl\u00ednica Dermocare \u00e9 uma cl\u00ednica de medicina est\u00e9tica, que se dedica ao diagn\u00f3stico, tratamento e acompanhamento dos problemas est\u00e9ticos nas suas v\u00e1rias vertentes e conta com 10 anos de experi\u00eancia. Licenciado em medicina pela universidade de C\u00e1diz em Espanha, e depois de uma passagem pela Universidade de Sevilha, foi&hellip;<\/p>\n","protected":false},"author":7,"featured_media":5256,"comment_status":"closed","ping_status":"open","sticky":false,"template":"","format":"standard","meta":{"advgb_blocks_editor_width":"","advgb_blocks_columns_visual_guide":"","_monsterinsights_skip_tracking":false,"_monsterinsights_sitenote_active":false,"_monsterinsights_sitenote_note":"","_monsterinsights_sitenote_category":0,"footnotes":""},"categories":[54,313],"tags":[1205,1212,1214,307,457],"class_list":["post-5250","post","type-post","status-publish","format-standard","has-post-thumbnail","hentry","category-lifestyle","category-saude","tag-clinica","tag-dermocare","tag-mardson-rocha","tag-medicina-estetica","tag-saude"],"yoast_head":"<!-- This site is optimized with the Yoast SEO plugin v24.4 - https:\/\/yoast.com\/wordpress\/plugins\/seo\/ -->\n<title>Dermocare: H\u00e1 10 anos a tratar da sua autoestima - Mais Magazine<\/title>\n<meta name=\"description\" content=\"A cl\u00ednica Dermocare \u00e9 uma cl\u00ednica de medicina est\u00e9tica, que se dedica ao diagn\u00f3stico, tratamento e acompanhamento dos problemas est\u00e9ticos nas suas v\u00e1rias vertentes e conta com 10 anos de experi\u00eancia.\" \/>\n<meta name=\"robots\" content=\"index, follow, max-snippet:-1, max-image-preview:large, max-video-preview:-1\" \/>\n<link rel=\"canonical\" href=\"http:\/\/maismagazine.pt\/index.php\/2022\/12\/23\/dermocare-ha-10-anos-a-tratar-da-sua-autoestima\/\" \/>\n<meta property=\"og:locale\" content=\"pt_PT\" \/>\n<meta property=\"og:type\" content=\"article\" \/>\n<meta property=\"og:title\" content=\"Dermocare: H\u00e1 10 anos a tratar da sua autoestima - Mais Magazine\" \/>\n<meta property=\"og:description\" content=\"A cl\u00ednica Dermocare \u00e9 uma cl\u00ednica de medicina est\u00e9tica, que se dedica ao diagn\u00f3stico, tratamento e acompanhamento dos problemas est\u00e9ticos nas suas v\u00e1rias vertentes e conta com 10 anos de experi\u00eancia.\" \/>\n<meta property=\"og:url\" content=\"http:\/\/maismagazine.pt\/index.php\/2022\/12\/23\/dermocare-ha-10-anos-a-tratar-da-sua-autoestima\/\" \/>\n<meta property=\"og:site_name\" content=\"Mais Magazine\" \/>\n<meta property=\"article:published_time\" content=\"2022-12-23T07:00:00+00:00\" \/>\n<meta property=\"og:image\" content=\"http:\/\/maismagazine.pt\/wp-content\/uploads\/2022\/12\/IMG_7230sds-scaled.jpg\" \/>\n\t<meta property=\"og:image:width\" content=\"2560\" \/>\n\t<meta property=\"og:image:height\" content=\"2283\" \/>\n\t<meta property=\"og:image:type\" content=\"image\/jpeg\" \/>\n<meta name=\"author\" content=\"Jo\u00e3o Malainho\" \/>\n<meta name=\"twitter:card\" content=\"summary_large_image\" \/>\n<meta name=\"twitter:label1\" content=\"Escrito por\" \/>\n\t<meta name=\"twitter:data1\" content=\"\" \/>\n\t<meta name=\"twitter:label2\" content=\"Tempo estimado de leitura\" \/>\n\t<meta name=\"twitter:data2\" content=\"2 minutos\" \/>\n<script type=\"application\/ld+json\" class=\"yoast-schema-graph\">{\"@context\":\"https:\/\/schema.org\",\"@graph\":[{\"@type\":\"Article\",\"@id\":\"http:\/\/maismagazine.pt\/index.php\/2022\/12\/23\/dermocare-ha-10-anos-a-tratar-da-sua-autoestima\/#article\",\"isPartOf\":{\"@id\":\"http:\/\/maismagazine.pt\/index.php\/2022\/12\/23\/dermocare-ha-10-anos-a-tratar-da-sua-autoestima\/\"},\"author\":{\"name\":\"Jo\u00e3o Malainho\",\"@id\":\"http:\/\/maismagazine.pt\/#\/schema\/person\/999bd426f894ff56d397ec12ebd21ebb\"},\"headline\":\"Dermocare: H\u00e1 10 anos a tratar da sua autoestima\",\"datePublished\":\"2022-12-23T07:00:00+00:00\",\"mainEntityOfPage\":{\"@id\":\"http:\/\/maismagazine.pt\/index.php\/2022\/12\/23\/dermocare-ha-10-anos-a-tratar-da-sua-autoestima\/\"},\"wordCount\":431,\"publisher\":{\"@id\":\"http:\/\/maismagazine.pt\/#organization\"},\"image\":{\"@id\":\"http:\/\/maismagazine.pt\/index.php\/2022\/12\/23\/dermocare-ha-10-anos-a-tratar-da-sua-autoestima\/#primaryimage\"},\"thumbnailUrl\":\"http:\/\/maismagazine.pt\/wp-content\/uploads\/2022\/12\/IMG_7230sds-scaled.jpg\",\"keywords\":[\"Cl\u00ednica\",\"Dermocare\",\"Mardson Rocha\",\"Medicina Est\u00e9tica\",\"sa\u00fade\"],\"articleSection\":[\"LifeStyle\",\"Sa\u00fade\"],\"inLanguage\":\"pt-PT\"},{\"@type\":\"WebPage\",\"@id\":\"http:\/\/maismagazine.pt\/index.php\/2022\/12\/23\/dermocare-ha-10-anos-a-tratar-da-sua-autoestima\/\",\"url\":\"http:\/\/maismagazine.pt\/index.php\/2022\/12\/23\/dermocare-ha-10-anos-a-tratar-da-sua-autoestima\/\",\"name\":\"Dermocare: H\u00e1 10 anos a tratar da sua autoestima - Mais Magazine\",\"isPartOf\":{\"@id\":\"http:\/\/maismagazine.pt\/#website\"},\"primaryImageOfPage\":{\"@id\":\"http:\/\/maismagazine.pt\/index.php\/2022\/12\/23\/dermocare-ha-10-anos-a-tratar-da-sua-autoestima\/#primaryimage\"},\"image\":{\"@id\":\"http:\/\/maismagazine.pt\/index.php\/2022\/12\/23\/dermocare-ha-10-anos-a-tratar-da-sua-autoestima\/#primaryimage\"},\"thumbnailUrl\":\"http:\/\/maismagazine.pt\/wp-content\/uploads\/2022\/12\/IMG_7230sds-scaled.jpg\",\"datePublished\":\"2022-12-23T07:00:00+00:00\",\"description\":\"A cl\u00ednica Dermocare \u00e9 uma cl\u00ednica de medicina est\u00e9tica, que se dedica ao diagn\u00f3stico, tratamento e acompanhamento dos problemas est\u00e9ticos nas suas v\u00e1rias vertentes e conta com 10 anos de experi\u00eancia.\",\"breadcrumb\":{\"@id\":\"http:\/\/maismagazine.pt\/index.php\/2022\/12\/23\/dermocare-ha-10-anos-a-tratar-da-sua-autoestima\/#breadcrumb\"},\"inLanguage\":\"pt-PT\",\"potentialAction\":[{\"@type\":\"ReadAction\",\"target\":[\"http:\/\/maismagazine.pt\/index.php\/2022\/12\/23\/dermocare-ha-10-anos-a-tratar-da-sua-autoestima\/\"]}]},{\"@type\":\"ImageObject\",\"inLanguage\":\"pt-PT\",\"@id\":\"http:\/\/maismagazine.pt\/index.php\/2022\/12\/23\/dermocare-ha-10-anos-a-tratar-da-sua-autoestima\/#primaryimage\",\"url\":\"http:\/\/maismagazine.pt\/wp-content\/uploads\/2022\/12\/IMG_7230sds-scaled.jpg\",\"contentUrl\":\"http:\/\/maismagazine.pt\/wp-content\/uploads\/2022\/12\/IMG_7230sds-scaled.jpg\",\"width\":2560,\"height\":2283},{\"@type\":\"BreadcrumbList\",\"@id\":\"http:\/\/maismagazine.pt\/index.php\/2022\/12\/23\/dermocare-ha-10-anos-a-tratar-da-sua-autoestima\/#breadcrumb\",\"itemListElement\":[{\"@type\":\"ListItem\",\"position\":1,\"name\":\"Home\",\"item\":\"http:\/\/maismagazine.pt\/\"},{\"@type\":\"ListItem\",\"position\":2,\"name\":\"Dermocare: H\u00e1 10 anos a tratar da sua autoestima\"}]},{\"@type\":\"WebSite\",\"@id\":\"http:\/\/maismagazine.pt\/#website\",\"url\":\"http:\/\/maismagazine.pt\/\",\"name\":\"Mais Magazine\",\"description\":\"\",\"publisher\":{\"@id\":\"http:\/\/maismagazine.pt\/#organization\"},\"potentialAction\":[{\"@type\":\"SearchAction\",\"target\":{\"@type\":\"EntryPoint\",\"urlTemplate\":\"http:\/\/maismagazine.pt\/?s={search_term_string}\"},\"query-input\":{\"@type\":\"PropertyValueSpecification\",\"valueRequired\":true,\"valueName\":\"search_term_string\"}}],\"inLanguage\":\"pt-PT\"},{\"@type\":\"Organization\",\"@id\":\"http:\/\/maismagazine.pt\/#organization\",\"name\":\"Mais Magazine\",\"url\":\"http:\/\/maismagazine.pt\/\",\"logo\":{\"@type\":\"ImageObject\",\"inLanguage\":\"pt-PT\",\"@id\":\"http:\/\/maismagazine.pt\/#\/schema\/logo\/image\/\",\"url\":\"http:\/\/maismagazine.pt\/wp-content\/uploads\/2020\/04\/cropped-cropped-mais-magazine-site-logo-2.png\",\"contentUrl\":\"http:\/\/maismagazine.pt\/wp-content\/uploads\/2020\/04\/cropped-cropped-mais-magazine-site-logo-2.png\",\"width\":581,\"height\":90,\"caption\":\"Mais Magazine\"},\"image\":{\"@id\":\"http:\/\/maismagazine.pt\/#\/schema\/logo\/image\/\"}},{\"@type\":\"Person\",\"@id\":\"http:\/\/maismagazine.pt\/#\/schema\/person\/999bd426f894ff56d397ec12ebd21ebb\",\"name\":\"Jo\u00e3o Malainho\",\"image\":{\"@type\":\"ImageObject\",\"inLanguage\":\"pt-PT\",\"@id\":\"http:\/\/maismagazine.pt\/#\/schema\/person\/image\/\",\"url\":\"https:\/\/secure.gravatar.com\/avatar\/ff03c2f38edf60b2a827aa4f74878491?s=96&d=mm&r=g\",\"contentUrl\":\"https:\/\/secure.gravatar.com\/avatar\/ff03c2f38edf60b2a827aa4f74878491?s=96&d=mm&r=g\",\"caption\":\"Jo\u00e3o Malainho\"},\"url\":\"http:\/\/maismagazine.pt\/index.php\/author\/maismagazine\/\"}]}<\/script>\n<!-- \/ Yoast SEO plugin. -->","yoast_head_json":{"title":"Dermocare: H\u00e1 10 anos a tratar da sua autoestima - Mais Magazine","description":"A cl\u00ednica Dermocare \u00e9 uma cl\u00ednica de medicina est\u00e9tica, que se dedica ao diagn\u00f3stico, tratamento e acompanhamento dos problemas est\u00e9ticos nas suas v\u00e1rias vertentes e conta com 10 anos de experi\u00eancia.","robots":{"index":"index","follow":"follow","max-snippet":"max-snippet:-1","max-image-preview":"max-image-preview:large","max-video-preview":"max-video-preview:-1"},"canonical":"http:\/\/maismagazine.pt\/index.php\/2022\/12\/23\/dermocare-ha-10-anos-a-tratar-da-sua-autoestima\/","og_locale":"pt_PT","og_type":"article","og_title":"Dermocare: H\u00e1 10 anos a tratar da sua autoestima - Mais Magazine","og_description":"A cl\u00ednica Dermocare \u00e9 uma cl\u00ednica de medicina est\u00e9tica, que se dedica ao diagn\u00f3stico, tratamento e acompanhamento dos problemas est\u00e9ticos nas suas v\u00e1rias vertentes e conta com 10 anos de experi\u00eancia.","og_url":"http:\/\/maismagazine.pt\/index.php\/2022\/12\/23\/dermocare-ha-10-anos-a-tratar-da-sua-autoestima\/","og_site_name":"Mais Magazine","article_published_time":"2022-12-23T07:00:00+00:00","og_image":[{"width":2560,"height":2283,"url":"http:\/\/maismagazine.pt\/wp-content\/uploads\/2022\/12\/IMG_7230sds-scaled.jpg","type":"image\/jpeg"}],"author":"Jo\u00e3o Malainho","twitter_card":"summary_large_image","twitter_misc":{"Escrito por":false,"Tempo estimado de leitura":"2 minutos"},"schema":{"@context":"https:\/\/schema.org","@graph":[{"@type":"Article","@id":"http:\/\/maismagazine.pt\/index.php\/2022\/12\/23\/dermocare-ha-10-anos-a-tratar-da-sua-autoestima\/#article","isPartOf":{"@id":"http:\/\/maismagazine.pt\/index.php\/2022\/12\/23\/dermocare-ha-10-anos-a-tratar-da-sua-autoestima\/"},"author":{"name":"Jo\u00e3o Malainho","@id":"http:\/\/maismagazine.pt\/#\/schema\/person\/999bd426f894ff56d397ec12ebd21ebb"},"headline":"Dermocare: H\u00e1 10 anos a tratar da sua autoestima","datePublished":"2022-12-23T07:00:00+00:00","mainEntityOfPage":{"@id":"http:\/\/maismagazine.pt\/index.php\/2022\/12\/23\/dermocare-ha-10-anos-a-tratar-da-sua-autoestima\/"},"wordCount":431,"publisher":{"@id":"http:\/\/maismagazine.pt\/#organization"},"image":{"@id":"http:\/\/maismagazine.pt\/index.php\/2022\/12\/23\/dermocare-ha-10-anos-a-tratar-da-sua-autoestima\/#primaryimage"},"thumbnailUrl":"http:\/\/maismagazine.pt\/wp-content\/uploads\/2022\/12\/IMG_7230sds-scaled.jpg","keywords":["Cl\u00ednica","Dermocare","Mardson Rocha","Medicina Est\u00e9tica","sa\u00fade"],"articleSection":["LifeStyle","Sa\u00fade"],"inLanguage":"pt-PT"},{"@type":"WebPage","@id":"http:\/\/maismagazine.pt\/index.php\/2022\/12\/23\/dermocare-ha-10-anos-a-tratar-da-sua-autoestima\/","url":"http:\/\/maismagazine.pt\/index.php\/2022\/12\/23\/dermocare-ha-10-anos-a-tratar-da-sua-autoestima\/","name":"Dermocare: H\u00e1 10 anos a tratar da sua autoestima - Mais Magazine","isPartOf":{"@id":"http:\/\/maismagazine.pt\/#website"},"primaryImageOfPage":{"@id":"http:\/\/maismagazine.pt\/index.php\/2022\/12\/23\/dermocare-ha-10-anos-a-tratar-da-sua-autoestima\/#primaryimage"},"image":{"@id":"http:\/\/maismagazine.pt\/index.php\/2022\/12\/23\/dermocare-ha-10-anos-a-tratar-da-sua-autoestima\/#primaryimage"},"thumbnailUrl":"http:\/\/maismagazine.pt\/wp-content\/uploads\/2022\/12\/IMG_7230sds-scaled.jpg","datePublished":"2022-12-23T07:00:00+00:00","description":"A cl\u00ednica Dermocare \u00e9 uma cl\u00ednica de medicina est\u00e9tica, que se dedica ao diagn\u00f3stico, tratamento e acompanhamento dos problemas est\u00e9ticos nas suas v\u00e1rias vertentes e conta com 10 anos de experi\u00eancia.","breadcrumb":{"@id":"http:\/\/maismagazine.pt\/index.php\/2022\/12\/23\/dermocare-ha-10-anos-a-tratar-da-sua-autoestima\/#breadcrumb"},"inLanguage":"pt-PT","potentialAction":[{"@type":"ReadAction","target":["http:\/\/maismagazine.pt\/index.php\/2022\/12\/23\/dermocare-ha-10-anos-a-tratar-da-sua-autoestima\/"]}]},{"@type":"ImageObject","inLanguage":"pt-PT","@id":"http:\/\/maismagazine.pt\/index.php\/2022\/12\/23\/dermocare-ha-10-anos-a-tratar-da-sua-autoestima\/#primaryimage","url":"http:\/\/maismagazine.pt\/wp-content\/uploads\/2022\/12\/IMG_7230sds-scaled.jpg","contentUrl":"http:\/\/maismagazine.pt\/wp-content\/uploads\/2022\/12\/IMG_7230sds-scaled.jpg","width":2560,"height":2283},{"@type":"BreadcrumbList","@id":"http:\/\/maismagazine.pt\/index.php\/2022\/12\/23\/dermocare-ha-10-anos-a-tratar-da-sua-autoestima\/#breadcrumb","itemListElement":[{"@type":"ListItem","position":1,"name":"Home","item":"http:\/\/maismagazine.pt\/"},{"@type":"ListItem","position":2,"name":"Dermocare: H\u00e1 10 anos a tratar da sua autoestima"}]},{"@type":"WebSite","@id":"http:\/\/maismagazine.pt\/#website","url":"http:\/\/maismagazine.pt\/","name":"Mais Magazine","description":"","publisher":{"@id":"http:\/\/maismagazine.pt\/#organization"},"potentialAction":[{"@type":"SearchAction","target":{"@type":"EntryPoint","urlTemplate":"http:\/\/maismagazine.pt\/?s={search_term_string}"},"query-input":{"@type":"PropertyValueSpecification","valueRequired":true,"valueName":"search_term_string"}}],"inLanguage":"pt-PT"},{"@type":"Organization","@id":"http:\/\/maismagazine.pt\/#organization","name":"Mais Magazine","url":"http:\/\/maismagazine.pt\/","logo":{"@type":"ImageObject","inLanguage":"pt-PT","@id":"http:\/\/maismagazine.pt\/#\/schema\/logo\/image\/","url":"http:\/\/maismagazine.pt\/wp-content\/uploads\/2020\/04\/cropped-cropped-mais-magazine-site-logo-2.png","contentUrl":"http:\/\/maismagazine.pt\/wp-content\/uploads\/2020\/04\/cropped-cropped-mais-magazine-site-logo-2.png","width":581,"height":90,"caption":"Mais Magazine"},"image":{"@id":"http:\/\/maismagazine.pt\/#\/schema\/logo\/image\/"}},{"@type":"Person","@id":"http:\/\/maismagazine.pt\/#\/schema\/person\/999bd426f894ff56d397ec12ebd21ebb","name":"Jo\u00e3o Malainho","image":{"@type":"ImageObject","inLanguage":"pt-PT","@id":"http:\/\/maismagazine.pt\/#\/schema\/person\/image\/","url":"https:\/\/secure.gravatar.com\/avatar\/ff03c2f38edf60b2a827aa4f74878491?s=96&d=mm&r=g","contentUrl":"https:\/\/secure.gravatar.com\/avatar\/ff03c2f38edf60b2a827aa4f74878491?s=96&d=mm&r=g","caption":"Jo\u00e3o Malainho"},"url":"http:\/\/maismagazine.pt\/index.php\/author\/maismagazine\/"}]}},"author_meta":{"display_name":false,"author_link":"http:\/\/maismagazine.pt\/index.php\/author\/maismagazine\/"},"featured_img":"http:\/\/maismagazine.pt\/wp-content\/uploads\/2022\/12\/IMG_7230sds-300x267.jpg","coauthors":[],"tax_additional":{"categories":{"linked":["<a href=\"http:\/\/maismagazine.pt\/index.php\/category\/lifestyle\/\" class=\"advgb-post-tax-term\">LifeStyle<\/a>","<a href=\"http:\/\/maismagazine.pt\/index.php\/category\/mundo-empresarial\/saude\/\" class=\"advgb-post-tax-term\">Sa\u00fade<\/a>"],"unlinked":["<span class=\"advgb-post-tax-term\">LifeStyle<\/span>","<span class=\"advgb-post-tax-term\">Sa\u00fade<\/span>"]},"tags":{"linked":["<a href=\"http:\/\/maismagazine.pt\/index.php\/category\/mundo-empresarial\/saude\/\" class=\"advgb-post-tax-term\">Cl\u00ednica<\/a>","<a href=\"http:\/\/maismagazine.pt\/index.php\/category\/mundo-empresarial\/saude\/\" class=\"advgb-post-tax-term\">Dermocare<\/a>","<a href=\"http:\/\/maismagazine.pt\/index.php\/category\/mundo-empresarial\/saude\/\" class=\"advgb-post-tax-term\">Mardson Rocha<\/a>","<a href=\"http:\/\/maismagazine.pt\/index.php\/category\/mundo-empresarial\/saude\/\" class=\"advgb-post-tax-term\">Medicina Est\u00e9tica<\/a>","<a href=\"http:\/\/maismagazine.pt\/index.php\/category\/mundo-empresarial\/saude\/\" class=\"advgb-post-tax-term\">sa\u00fade<\/a>"],"unlinked":["<span class=\"advgb-post-tax-term\">Cl\u00ednica<\/span>","<span class=\"advgb-post-tax-term\">Dermocare<\/span>","<span class=\"advgb-post-tax-term\">Mardson Rocha<\/span>","<span class=\"advgb-post-tax-term\">Medicina Est\u00e9tica<\/span>","<span class=\"advgb-post-tax-term\">sa\u00fade<\/span>"]}},"comment_count":"0","relative_dates":{"created":"Posted 3 anos ago","modified":"Updated 3 anos ago"},"absolute_dates":{"created":"Posted on 23 de Dezembro, 2022","modified":"Updated on 20 de Dezembro, 2022"},"absolute_dates_time":{"created":"Posted on 23 de Dezembro, 2022 7:00","modified":"Updated on 20 de Dezembro, 2022 10:02"},"featured_img_caption":"","series_order":"","_links":{"self":[{"href":"http:\/\/maismagazine.pt\/index.php\/wp-json\/wp\/v2\/posts\/5250","targetHints":{"allow":["GET"]}}],"collection":[{"href":"http:\/\/maismagazine.pt\/index.php\/wp-json\/wp\/v2\/posts"}],"about":[{"href":"http:\/\/maismagazine.pt\/index.php\/wp-json\/wp\/v2\/types\/post"}],"author":[{"embeddable":true,"href":"http:\/\/maismagazine.pt\/index.php\/wp-json\/wp\/v2\/users\/7"}],"replies":[{"embeddable":true,"href":"http:\/\/maismagazine.pt\/index.php\/wp-json\/wp\/v2\/comments?post=5250"}],"version-history":[{"count":2,"href":"http:\/\/maismagazine.pt\/index.php\/wp-json\/wp\/v2\/posts\/5250\/revisions"}],"predecessor-version":[{"id":5388,"href":"http:\/\/maismagazine.pt\/index.php\/wp-json\/wp\/v2\/posts\/5250\/revisions\/5388"}],"wp:featuredmedia":[{"embeddable":true,"href":"http:\/\/maismagazine.pt\/index.php\/wp-json\/wp\/v2\/media\/5256"}],"wp:attachment":[{"href":"http:\/\/maismagazine.pt\/index.php\/wp-json\/wp\/v2\/media?parent=5250"}],"wp:term":[{"taxonomy":"category","embeddable":true,"href":"http:\/\/maismagazine.pt\/index.php\/wp-json\/wp\/v2\/categories?post=5250"},{"taxonomy":"post_tag","embeddable":true,"href":"http:\/\/maismagazine.pt\/index.php\/wp-json\/wp\/v2\/tags?post=5250"}],"curies":[{"name":"wp","href":"https:\/\/api.w.org\/{rel}","templated":true}]}}