{"id":5194,"date":"2022-12-23T07:00:00","date_gmt":"2022-12-23T07:00:00","guid":{"rendered":"http:\/\/maismagazine.pt\/?p=5194"},"modified":"2022-12-20T09:28:08","modified_gmt":"2022-12-20T09:28:08","slug":"hospital-da-misericordia-de-vila-verde","status":"publish","type":"post","link":"http:\/\/maismagazine.pt\/index.php\/2022\/12\/23\/hospital-da-misericordia-de-vila-verde\/","title":{"rendered":"Hospital da Miseric\u00f3rdia de Vila Verde"},"content":{"rendered":"\n<p>No nosso <a href=\"https:\/\/www.hospitalvilaverde.pt\/\">hospital<\/a>, disponibilizamos servi\u00e7o especializado de\u00a0 Dermatologia, Cirurgia Pl\u00e1stica e Medicina Est\u00e9tica Avan\u00e7ada e Emagrecimento. Pretendemos associar a medicina est\u00e9tica ao bem-estar f\u00edsico e mental dos seus clientes. Promovemos uma abordagem integrada das diversas especialidades m\u00e9dicas e dos tratamentos m\u00e9dicos e est\u00e9ticos mais eficazes e adequados ao caso de cada pessoa. Preocupamo-nos consigo e em colocar \u00e0 sua disposi\u00e7\u00e3o toda a nossa experi\u00eancia para que possa atingir o equil\u00edbrio f\u00edsico e emocional apenas ao alcance de quem est\u00e1 saud\u00e1vel e se sente bem com o corpo que tem.<br><\/p>\n\n\n\n<p>Ter um corpo m\u00e9dico de excel\u00eancia \u00e9 um factor crucial. Apoiamos o desenvolvimento dos nossos programas de tratamentos numa equipa multidisciplinar com as melhores pr\u00e1ticas dos pa\u00edses mais desenvolvidos nesta especialidade, com as mais recentes inova\u00e7\u00f5es tecnol\u00f3gicas e os mais sofisticados equipamentos dispon\u00edveis no mercado.<br>No nosso hospital temos um leque de especialidades e de especialistas preparados para cuidar do seu bem-estar e da sua sa\u00fade. Entre outros procedimentos destacam-se:<br><\/p>\n\n\n\n<p>\u2022 Lifting&nbsp;facial e do pesco\u00e7o<\/p>\n\n\n\n<p>\u2022 Blefaroplastia &#8211; cirurgia as p\u00e1lpebras<\/p>\n\n\n\n<p>\u2022 Otoplastia &#8211; corre\u00e7\u00e3o deforma\u00e7\u00e3o de orelhas<\/p>\n\n\n\n<p>\u2022 Rinoplastia &#8211; cirurgia do nariz<\/p>\n\n\n\n<p>\u2022 Mentoplastia &#8211; cirurgia do queixo<\/p>\n\n\n\n<p>\u2022 Peelings<\/p>\n\n\n\n<p>\u2022 Preenchimento de rugas &#8211; inje\u00e7\u00e3o de \u00e1cido hialur\u00f3nico<\/p>\n\n\n\n<p>\u2022 Inje\u00e7\u00e3o de gordura<\/p>\n\n\n\n<p>\u2022 PRP &#8211; Plasma Rico em Plaquetas<\/p>\n\n\n\n<p>\u2022 Cirurgia oncol\u00f3gica &#8211; excis\u00e3o de tumores<\/p>\n\n\n\n<p>\u2022 Pequenas cirurgias &#8211; corre\u00e7\u00e3o de cicatrizes, corre\u00e7\u00e3o de rasgadura das orelhas, excis\u00e3o de nevos\/sinais, etc.<br><br><\/p>\n\n\n\n<p><strong>Cirurgia Reconstrutiva e a Cirurgia Est\u00e9tica<\/strong><\/p>\n\n\n\n<p>A cirurgia pl\u00e1stica, reconstrutiva e est\u00e9tica dedica-se ao tratamento cir\u00fargico de deformidades da pele, anexos e partes moles do corpo, e das estruturas nervosas e m\u00fasculo-esquel\u00e9ticas da face e da m\u00e3o, nos seus aspetos est\u00e9ticos, morfol\u00f3gicos e funcionais. Na \u00e1rea da cirurgia est\u00e9tica permite alcan\u00e7ar a est\u00e9tica e harmonia facial ou corporal desejadas ou reverter os efeitos do envelhecimento indesejados<\/p>\n\n\n\n<blockquote class=\"wp-block-quote is-layout-flow wp-block-quote-is-layout-flow\"><p><em>\u201cAo contr\u00e1rio do senso comum, esta \u00e9 uma especialidade muito abrangente, tratando les\u00f5es tumorais e traum\u00e1ticas (cut\u00e2neas, maxilo-faciais, m\u00e3o), incluindo queimaduras, e suas sequelas; altera\u00e7\u00f5es degenerativas em consequ\u00eancia da idade, varia\u00e7\u00f5es de peso, p\u00f3s parto (da mama, abd\u00f3men, coxas, bra\u00e7os, face e pesco\u00e7o); altera\u00e7\u00f5es cong\u00e9nitas (orelhas, mamas, m\u00e3o); cirurgia genital feminina. As cirurgias mais frequentemente realizadas na nossa Institui\u00e7\u00e3o s\u00e3o as da mama (mamas grandes, ca\u00eddas, pequenas, ausente, ou deformadas e assim\u00e9tricas), do abd\u00f3men (grande, em avental, com excesso de gordura, com cicatrizes e deformado), das orelhas em abano, das p\u00e1lpebras com excessos de pele, das coxas, dos bra\u00e7os, os tumores benignos ou malignos da pele, a cirurgia genital feminina ( l\u00e1bios grandes e\/ou assim\u00e9tricos) e a cirurgia da m\u00e3o (t\u00fanel c\u00e1rpico, dedo em mola e doen\u00e7a de Dupuytren). Para a realiza\u00e7\u00e3o destas cirurgias, tem que se dispor de uma equipa experiente e de uma institui\u00e7\u00e3o com as condi\u00e7\u00f5es necess\u00e1rias para a obten\u00e7\u00e3o dos objectivos propostos e com riscos m\u00ednimos. O Hospital da Miseric\u00f3rdia de Vila Verde \u00e9 o local certo para pacientes satisfeitos e com pre\u00e7os sem concorr\u00eancia no mercado.\u201d<\/em><\/p><cite>Dr. Joaquim Moreira da Costa<br><br><\/cite><\/blockquote>\n\n\n\n<div class=\"wp-block-image\"><figure class=\"aligncenter size-large\"><img loading=\"lazy\" decoding=\"async\" width=\"1024\" height=\"768\" src=\"http:\/\/maismagazine.pt\/wp-content\/uploads\/2022\/12\/Joaquim-Moreira-da-Costa-1024x768.jpg\" alt=\"\" class=\"wp-image-5195\" srcset=\"http:\/\/maismagazine.pt\/wp-content\/uploads\/2022\/12\/Joaquim-Moreira-da-Costa-1024x768.jpg 1024w, http:\/\/maismagazine.pt\/wp-content\/uploads\/2022\/12\/Joaquim-Moreira-da-Costa-300x225.jpg 300w, http:\/\/maismagazine.pt\/wp-content\/uploads\/2022\/12\/Joaquim-Moreira-da-Costa-768x576.jpg 768w, http:\/\/maismagazine.pt\/wp-content\/uploads\/2022\/12\/Joaquim-Moreira-da-Costa-1536x1152.jpg 1536w, http:\/\/maismagazine.pt\/wp-content\/uploads\/2022\/12\/Joaquim-Moreira-da-Costa-2048x1536.jpg 2048w\" sizes=\"auto, (max-width: 1024px) 100vw, 1024px\" \/><figcaption>Dr. Joaquim Moreira da Costa<\/figcaption><\/figure><\/div>\n\n\n\n<p class=\"has-text-align-right\"><\/p>\n\n\n\n<p><\/p>\n\n\n\n<p><strong>Medicina Est\u00e9tica Avan\u00e7ada<\/strong><\/p>\n\n\n\n<p>A est\u00e9tica est\u00e1 incondicionalmente ligada \u00e0 sa\u00fade e da\u00ed o termo \u201cSa\u00fade Est\u00e9tica\u201d. A Sa\u00fade Est\u00e9tica Avan\u00e7ada atua na&nbsp;avalia\u00e7\u00e3o, preven\u00e7\u00e3o e recupera\u00e7\u00e3o de patologias\/dist\u00farbios e procedimentos cir\u00fargicos \u2013 rugas, manchas, cicatrizes,&nbsp;gordura localizada &nbsp;\u2013 que afetam a integridade da nossa pele. Todavia, h\u00e1 um n\u00famero cada vez maior de pessoas que, mesmo sem terem nenhuma patologia, procuram este tipo de interven\u00e7\u00e3o realizada por profissionais com conhecimento profundo da anatomia e fisiopatologia da pele. Ali\u00e1s, j\u00e1 desde a Antiguidade, s\u00e3o utilizadas t\u00e9cnicas para a manuten\u00e7\u00e3o e promo\u00e7\u00e3o da beleza e juventude, tanto feminina como masculina.<\/p>\n\n\n\n<p><\/p>\n\n\n\n<blockquote class=\"wp-block-quote is-layout-flow wp-block-quote-is-layout-flow\"><p>\u201cHoje em dia a est\u00e9tica \u00e9 fundamental para elevar a autoestima e, consequentemente, promove uma melhoria da qualidade de vida atrav\u00e9s do aumento da confian\u00e7a e satisfa\u00e7\u00e3o pessoal. A t\u00e9cnica conhecida como Harmoniza\u00e7\u00e3o facial, consiste num conjunto de procedimentos combinados que s\u00e3o minimamente invasivos e t\u00eam a finalidade de melhorar as propor\u00e7\u00f5es e harmonia do rosto e tamb\u00e9m tratar ou prevenir o envelhecimento facial. Aqui no nosso medical spa, realizamos essa t\u00e9cnica recorrendo a preenchimentos de \u00e1cido hialur\u00f3nico e aplica\u00e7\u00f5es de toxina botul\u00ednica (vulgarmente conhecida como botox). A procura pela excel\u00eancia \u00e9 uma das minhas motiva\u00e7\u00f5es, sempre com o intuito de oferecer o melhor tratamento poss\u00edvel, valorizando as caracter\u00edsticas individuais dos meus pacientes\u201d.<\/p><cite>Dra. Ana Cardoso<br><br><\/cite><\/blockquote>\n\n\n\n<div class=\"wp-block-image\"><figure class=\"aligncenter size-large\"><img loading=\"lazy\" decoding=\"async\" width=\"1003\" height=\"1024\" src=\"http:\/\/maismagazine.pt\/wp-content\/uploads\/2022\/12\/Ana-Cardoso-e1671448981365-1003x1024.jpg\" alt=\"\" class=\"wp-image-5196\" srcset=\"http:\/\/maismagazine.pt\/wp-content\/uploads\/2022\/12\/Ana-Cardoso-e1671448981365-1003x1024.jpg 1003w, http:\/\/maismagazine.pt\/wp-content\/uploads\/2022\/12\/Ana-Cardoso-e1671448981365-294x300.jpg 294w, http:\/\/maismagazine.pt\/wp-content\/uploads\/2022\/12\/Ana-Cardoso-e1671448981365-768x784.jpg 768w, http:\/\/maismagazine.pt\/wp-content\/uploads\/2022\/12\/Ana-Cardoso-e1671448981365.jpg 1336w\" sizes=\"auto, (max-width: 1003px) 100vw, 1003px\" \/><figcaption>Dra. Ana Cardoso<\/figcaption><\/figure><\/div>\n\n\n\n<p><br><\/p>\n\n\n\n<p><strong>Dermatologia<\/strong><\/p>\n\n\n\n<p>A Dermatologia \u00e9 a especialidade m\u00e9dico-cir\u00fargica que diagnostica e trata as doen\u00e7as de pele, cabelo, unhas e mucosas, bem como as doen\u00e7as de transmiss\u00e3o sexual. A Pele \u00e9 o maior \u00f3rg\u00e3o do corpo humano e tem em m\u00e9dia dois metros quadrados de \u00e1rea no indiv\u00edduo adulto. No nosso hospital, disponibilizamos servi\u00e7o especializado de&nbsp;Dermatologia, no \u00e2mbito da consulta externa, cirurgia e internamento. Os nossos profissionais s\u00e3o dotados de uma vasta experi\u00eancia e aliado aos equipamentos de ponta, somos uma refer\u00eancia. Queremos sempre o bem-estar nos nossos doentes, e para isso, todos os dias investimos de n\u00f3s a dedica\u00e7\u00e3o, o profissionalismo e o amor. Temos um laser de tecnologia de topo na regi\u00e3o e no pa\u00eds que permite realizar interven\u00e7\u00f5es com seguran\u00e7as, sem dor e com resultados comprovados cientificamente. O Dermatologista \u00e9 o m\u00e9dico mais preparado para cuidar da sua pele e no Hospital Ant\u00f3nio Lopes vai encontrar uma equipa de m\u00e9dicos dermatologistas altamente diferenciados e com uma vasta experi\u00eancia.<\/p>\n\n\n\n<p><\/p>\n\n\n\n<figure class=\"wp-block-gallery aligncenter columns-2 is-cropped wp-block-gallery-1\"><ul class=\"blocks-gallery-grid\"><li class=\"blocks-gallery-item\"><figure><img loading=\"lazy\" decoding=\"async\" width=\"2863\" height=\"968\" src=\"http:\/\/maismagazine.pt\/wp-content\/uploads\/2022\/12\/Dermatologistas.png\" alt=\"\" data-id=\"5197\" data-full-url=\"http:\/\/maismagazine.pt\/wp-content\/uploads\/2022\/12\/Dermatologistas.png\" data-link=\"http:\/\/maismagazine.pt\/?attachment_id=5197\" class=\"wp-image-5197\" srcset=\"http:\/\/maismagazine.pt\/wp-content\/uploads\/2022\/12\/Dermatologistas.png 2863w, http:\/\/maismagazine.pt\/wp-content\/uploads\/2022\/12\/Dermatologistas-300x101.png 300w, http:\/\/maismagazine.pt\/wp-content\/uploads\/2022\/12\/Dermatologistas-1024x346.png 1024w, http:\/\/maismagazine.pt\/wp-content\/uploads\/2022\/12\/Dermatologistas-768x260.png 768w, http:\/\/maismagazine.pt\/wp-content\/uploads\/2022\/12\/Dermatologistas-1536x519.png 1536w, http:\/\/maismagazine.pt\/wp-content\/uploads\/2022\/12\/Dermatologistas-2048x692.png 2048w\" sizes=\"auto, (max-width: 2863px) 100vw, 2863px\" \/><\/figure><\/li><li class=\"blocks-gallery-item\"><figure><img decoding=\"async\" src=\"http:\/\/maismagazine.pt\/wp-content\/uploads\/2022\/12\/Dra-Cristiana-Macedo.png\" alt=\"\" data-id=\"5198\" data-full-url=\"http:\/\/maismagazine.pt\/wp-content\/uploads\/2022\/12\/Dra-Cristiana-Macedo-e1671449174520.png\" data-link=\"http:\/\/maismagazine.pt\/?attachment_id=5198\" class=\"wp-image-5198 is-layout-flex wp-block-gallery-is-layout-flex\" \/><\/figure><\/li><\/ul><\/figure>\n\n\n\n<p><br><\/p>\n\n\n\n<p><strong>Consulta de emagrecimento &#8211; Obesidade<\/strong><\/p>\n\n\n\n<p>Fazemos consultas m\u00e9dicas de emagrecimento onde \u00e9 feito o levantamento das necessidades espec\u00edficas de cada doente. O nosso especialista Dr. Ra\u00fal Pereira acompanha o doente com a importante fun\u00e7\u00e3o de diminuir o apetite, controlar a ansiedade que normalmente provoca toda a dieta, diminuir a absor\u00e7\u00e3o de alguns nutrientes e ajudar na elimina\u00e7\u00e3o de outros. Estes tratamentos m\u00e9dicos s\u00e3o sempre personalizados em fun\u00e7\u00e3o da ficha cl\u00ednica, da situa\u00e7\u00e3o particular, dos objetivos e at\u00e9 do hist\u00f3rico de cada paciente.<\/p>\n\n\n\n<p><\/p>\n\n\n\n<p><\/p>\n","protected":false},"excerpt":{"rendered":"<p>No nosso hospital, disponibilizamos servi\u00e7o especializado de\u00a0 Dermatologia, Cirurgia Pl\u00e1stica e Medicina Est\u00e9tica Avan\u00e7ada e Emagrecimento. Pretendemos associar a medicina est\u00e9tica ao bem-estar f\u00edsico e mental dos seus clientes. Promovemos uma abordagem integrada das diversas especialidades m\u00e9dicas e dos tratamentos m\u00e9dicos e est\u00e9ticos mais eficazes e adequados ao caso de&hellip;<\/p>\n","protected":false},"author":7,"featured_media":5201,"comment_status":"closed","ping_status":"open","sticky":false,"template":"","format":"standard","meta":{"advgb_blocks_editor_width":"","advgb_blocks_columns_visual_guide":"","_monsterinsights_skip_tracking":false,"_monsterinsights_sitenote_active":false,"_monsterinsights_sitenote_note":"","_monsterinsights_sitenote_category":0,"footnotes":""},"categories":[1,313],"tags":[1191,1190,1177,1188,1189],"class_list":["post-5194","post","type-post","status-publish","format-standard","has-post-thumbnail","hentry","category-atualidade","category-saude","tag-cirurgia-estetica","tag-cirurgia-reconstrutiva","tag-dermatologia","tag-hospital-misericordia-vila-verde","tag-medicina-estetica-avancada"],"yoast_head":"<!-- This site is optimized with the Yoast SEO plugin v24.4 - https:\/\/yoast.com\/wordpress\/plugins\/seo\/ -->\n<title>Hospital da Miseric\u00f3rdia de Vila Verde - Mais Magazine<\/title>\n<meta name=\"description\" content=\"No nosso hospital, disponibilizamos servi\u00e7o especializado de\u00a0 Dermatologia, Cirurgia Pl\u00e1stica e Medicina Est\u00e9tica Avan\u00e7ada e Emagrecimento. Pretendemos associar a medicina est\u00e9tica ao bem-estar f\u00edsico e mental dos seus clientes. Promovemos uma abordagem integrada das diversas especialidades m\u00e9dicas e dos tratamentos m\u00e9dicos e est\u00e9ticos mais eficazes e adequados ao caso de cada pessoa. Preocupamo-nos consigo e em colocar \u00e0 sua disposi\u00e7\u00e3o toda a nossa experi\u00eancia para que possa atingir o equil\u00edbrio f\u00edsico e emocional apenas ao alcance de quem est\u00e1 saud\u00e1vel e se sente bem com o corpo que tem.\" \/>\n<meta name=\"robots\" content=\"index, follow, max-snippet:-1, max-image-preview:large, max-video-preview:-1\" \/>\n<link rel=\"canonical\" href=\"http:\/\/maismagazine.pt\/index.php\/2022\/12\/23\/hospital-da-misericordia-de-vila-verde\/\" \/>\n<meta property=\"og:locale\" content=\"pt_PT\" \/>\n<meta property=\"og:type\" content=\"article\" \/>\n<meta property=\"og:title\" content=\"Hospital da Miseric\u00f3rdia de Vila Verde - Mais Magazine\" \/>\n<meta property=\"og:description\" content=\"No nosso hospital, disponibilizamos servi\u00e7o especializado de\u00a0 Dermatologia, Cirurgia Pl\u00e1stica e Medicina Est\u00e9tica Avan\u00e7ada e Emagrecimento. Pretendemos associar a medicina est\u00e9tica ao bem-estar f\u00edsico e mental dos seus clientes. Promovemos uma abordagem integrada das diversas especialidades m\u00e9dicas e dos tratamentos m\u00e9dicos e est\u00e9ticos mais eficazes e adequados ao caso de cada pessoa. Preocupamo-nos consigo e em colocar \u00e0 sua disposi\u00e7\u00e3o toda a nossa experi\u00eancia para que possa atingir o equil\u00edbrio f\u00edsico e emocional apenas ao alcance de quem est\u00e1 saud\u00e1vel e se sente bem com o corpo que tem.\" \/>\n<meta property=\"og:url\" content=\"http:\/\/maismagazine.pt\/index.php\/2022\/12\/23\/hospital-da-misericordia-de-vila-verde\/\" \/>\n<meta property=\"og:site_name\" content=\"Mais Magazine\" \/>\n<meta property=\"article:published_time\" content=\"2022-12-23T07:00:00+00:00\" \/>\n<meta property=\"og:image\" content=\"http:\/\/maismagazine.pt\/wp-content\/uploads\/2022\/12\/logo-hospital-peq.png\" \/>\n\t<meta property=\"og:image:width\" content=\"185\" \/>\n\t<meta property=\"og:image:height\" content=\"111\" \/>\n\t<meta property=\"og:image:type\" content=\"image\/png\" \/>\n<meta name=\"author\" content=\"Jo\u00e3o Malainho\" \/>\n<meta name=\"twitter:card\" content=\"summary_large_image\" \/>\n<meta name=\"twitter:label1\" content=\"Escrito por\" \/>\n\t<meta name=\"twitter:data1\" content=\"\" \/>\n\t<meta name=\"twitter:label2\" content=\"Tempo estimado de leitura\" \/>\n\t<meta name=\"twitter:data2\" content=\"5 minutos\" \/>\n<script type=\"application\/ld+json\" class=\"yoast-schema-graph\">{\"@context\":\"https:\/\/schema.org\",\"@graph\":[{\"@type\":\"Article\",\"@id\":\"http:\/\/maismagazine.pt\/index.php\/2022\/12\/23\/hospital-da-misericordia-de-vila-verde\/#article\",\"isPartOf\":{\"@id\":\"http:\/\/maismagazine.pt\/index.php\/2022\/12\/23\/hospital-da-misericordia-de-vila-verde\/\"},\"author\":{\"name\":\"Jo\u00e3o Malainho\",\"@id\":\"https:\/\/maismagazine.pt\/#\/schema\/person\/999bd426f894ff56d397ec12ebd21ebb\"},\"headline\":\"Hospital da Miseric\u00f3rdia de Vila Verde\",\"datePublished\":\"2022-12-23T07:00:00+00:00\",\"mainEntityOfPage\":{\"@id\":\"http:\/\/maismagazine.pt\/index.php\/2022\/12\/23\/hospital-da-misericordia-de-vila-verde\/\"},\"wordCount\":1097,\"publisher\":{\"@id\":\"https:\/\/maismagazine.pt\/#organization\"},\"image\":{\"@id\":\"http:\/\/maismagazine.pt\/index.php\/2022\/12\/23\/hospital-da-misericordia-de-vila-verde\/#primaryimage\"},\"thumbnailUrl\":\"http:\/\/maismagazine.pt\/wp-content\/uploads\/2022\/12\/logo-hospital-peq.png\",\"keywords\":[\"Cirurgia Est\u00e9tica\",\"Cirurgia Reconstrutiva\",\"Dermatologia\",\"Hospital Miseric\u00f3rdia Vila Verde\",\"Medicina Est\u00e9tica Avan\u00e7ada\"],\"articleSection\":[\"Atualidade\",\"Sa\u00fade\"],\"inLanguage\":\"pt-PT\"},{\"@type\":\"WebPage\",\"@id\":\"http:\/\/maismagazine.pt\/index.php\/2022\/12\/23\/hospital-da-misericordia-de-vila-verde\/\",\"url\":\"http:\/\/maismagazine.pt\/index.php\/2022\/12\/23\/hospital-da-misericordia-de-vila-verde\/\",\"name\":\"Hospital da Miseric\u00f3rdia de Vila Verde - Mais Magazine\",\"isPartOf\":{\"@id\":\"https:\/\/maismagazine.pt\/#website\"},\"primaryImageOfPage\":{\"@id\":\"http:\/\/maismagazine.pt\/index.php\/2022\/12\/23\/hospital-da-misericordia-de-vila-verde\/#primaryimage\"},\"image\":{\"@id\":\"http:\/\/maismagazine.pt\/index.php\/2022\/12\/23\/hospital-da-misericordia-de-vila-verde\/#primaryimage\"},\"thumbnailUrl\":\"http:\/\/maismagazine.pt\/wp-content\/uploads\/2022\/12\/logo-hospital-peq.png\",\"datePublished\":\"2022-12-23T07:00:00+00:00\",\"description\":\"No nosso hospital, disponibilizamos servi\u00e7o especializado de\u00a0 Dermatologia, Cirurgia Pl\u00e1stica e Medicina Est\u00e9tica Avan\u00e7ada e Emagrecimento. Pretendemos associar a medicina est\u00e9tica ao bem-estar f\u00edsico e mental dos seus clientes. Promovemos uma abordagem integrada das diversas especialidades m\u00e9dicas e dos tratamentos m\u00e9dicos e est\u00e9ticos mais eficazes e adequados ao caso de cada pessoa. Preocupamo-nos consigo e em colocar \u00e0 sua disposi\u00e7\u00e3o toda a nossa experi\u00eancia para que possa atingir o equil\u00edbrio f\u00edsico e emocional apenas ao alcance de quem est\u00e1 saud\u00e1vel e se sente bem com o corpo que tem.\",\"breadcrumb\":{\"@id\":\"http:\/\/maismagazine.pt\/index.php\/2022\/12\/23\/hospital-da-misericordia-de-vila-verde\/#breadcrumb\"},\"inLanguage\":\"pt-PT\",\"potentialAction\":[{\"@type\":\"ReadAction\",\"target\":[\"http:\/\/maismagazine.pt\/index.php\/2022\/12\/23\/hospital-da-misericordia-de-vila-verde\/\"]}]},{\"@type\":\"ImageObject\",\"inLanguage\":\"pt-PT\",\"@id\":\"http:\/\/maismagazine.pt\/index.php\/2022\/12\/23\/hospital-da-misericordia-de-vila-verde\/#primaryimage\",\"url\":\"http:\/\/maismagazine.pt\/wp-content\/uploads\/2022\/12\/logo-hospital-peq.png\",\"contentUrl\":\"http:\/\/maismagazine.pt\/wp-content\/uploads\/2022\/12\/logo-hospital-peq.png\",\"width\":185,\"height\":111},{\"@type\":\"BreadcrumbList\",\"@id\":\"http:\/\/maismagazine.pt\/index.php\/2022\/12\/23\/hospital-da-misericordia-de-vila-verde\/#breadcrumb\",\"itemListElement\":[{\"@type\":\"ListItem\",\"position\":1,\"name\":\"Home\",\"item\":\"https:\/\/maismagazine.pt\/\"},{\"@type\":\"ListItem\",\"position\":2,\"name\":\"Hospital da Miseric\u00f3rdia de Vila Verde\"}]},{\"@type\":\"WebSite\",\"@id\":\"https:\/\/maismagazine.pt\/#website\",\"url\":\"https:\/\/maismagazine.pt\/\",\"name\":\"Mais Magazine\",\"description\":\"\",\"publisher\":{\"@id\":\"https:\/\/maismagazine.pt\/#organization\"},\"potentialAction\":[{\"@type\":\"SearchAction\",\"target\":{\"@type\":\"EntryPoint\",\"urlTemplate\":\"https:\/\/maismagazine.pt\/?s={search_term_string}\"},\"query-input\":{\"@type\":\"PropertyValueSpecification\",\"valueRequired\":true,\"valueName\":\"search_term_string\"}}],\"inLanguage\":\"pt-PT\"},{\"@type\":\"Organization\",\"@id\":\"https:\/\/maismagazine.pt\/#organization\",\"name\":\"Mais Magazine\",\"url\":\"https:\/\/maismagazine.pt\/\",\"logo\":{\"@type\":\"ImageObject\",\"inLanguage\":\"pt-PT\",\"@id\":\"https:\/\/maismagazine.pt\/#\/schema\/logo\/image\/\",\"url\":\"http:\/\/maismagazine.pt\/wp-content\/uploads\/2020\/04\/cropped-cropped-mais-magazine-site-logo-2.png\",\"contentUrl\":\"http:\/\/maismagazine.pt\/wp-content\/uploads\/2020\/04\/cropped-cropped-mais-magazine-site-logo-2.png\",\"width\":581,\"height\":90,\"caption\":\"Mais Magazine\"},\"image\":{\"@id\":\"https:\/\/maismagazine.pt\/#\/schema\/logo\/image\/\"}},{\"@type\":\"Person\",\"@id\":\"https:\/\/maismagazine.pt\/#\/schema\/person\/999bd426f894ff56d397ec12ebd21ebb\",\"name\":\"Jo\u00e3o Malainho\",\"image\":{\"@type\":\"ImageObject\",\"inLanguage\":\"pt-PT\",\"@id\":\"https:\/\/maismagazine.pt\/#\/schema\/person\/image\/\",\"url\":\"https:\/\/secure.gravatar.com\/avatar\/ff03c2f38edf60b2a827aa4f74878491?s=96&d=mm&r=g\",\"contentUrl\":\"https:\/\/secure.gravatar.com\/avatar\/ff03c2f38edf60b2a827aa4f74878491?s=96&d=mm&r=g\",\"caption\":\"Jo\u00e3o Malainho\"},\"url\":\"http:\/\/maismagazine.pt\/index.php\/author\/maismagazine\/\"}]}<\/script>\n<!-- \/ Yoast SEO plugin. -->","yoast_head_json":{"title":"Hospital da Miseric\u00f3rdia de Vila Verde - Mais Magazine","description":"No nosso hospital, disponibilizamos servi\u00e7o especializado de\u00a0 Dermatologia, Cirurgia Pl\u00e1stica e Medicina Est\u00e9tica Avan\u00e7ada e Emagrecimento. Pretendemos associar a medicina est\u00e9tica ao bem-estar f\u00edsico e mental dos seus clientes. Promovemos uma abordagem integrada das diversas especialidades m\u00e9dicas e dos tratamentos m\u00e9dicos e est\u00e9ticos mais eficazes e adequados ao caso de cada pessoa. Preocupamo-nos consigo e em colocar \u00e0 sua disposi\u00e7\u00e3o toda a nossa experi\u00eancia para que possa atingir o equil\u00edbrio f\u00edsico e emocional apenas ao alcance de quem est\u00e1 saud\u00e1vel e se sente bem com o corpo que tem.","robots":{"index":"index","follow":"follow","max-snippet":"max-snippet:-1","max-image-preview":"max-image-preview:large","max-video-preview":"max-video-preview:-1"},"canonical":"http:\/\/maismagazine.pt\/index.php\/2022\/12\/23\/hospital-da-misericordia-de-vila-verde\/","og_locale":"pt_PT","og_type":"article","og_title":"Hospital da Miseric\u00f3rdia de Vila Verde - Mais Magazine","og_description":"No nosso hospital, disponibilizamos servi\u00e7o especializado de\u00a0 Dermatologia, Cirurgia Pl\u00e1stica e Medicina Est\u00e9tica Avan\u00e7ada e Emagrecimento. Pretendemos associar a medicina est\u00e9tica ao bem-estar f\u00edsico e mental dos seus clientes. Promovemos uma abordagem integrada das diversas especialidades m\u00e9dicas e dos tratamentos m\u00e9dicos e est\u00e9ticos mais eficazes e adequados ao caso de cada pessoa. Preocupamo-nos consigo e em colocar \u00e0 sua disposi\u00e7\u00e3o toda a nossa experi\u00eancia para que possa atingir o equil\u00edbrio f\u00edsico e emocional apenas ao alcance de quem est\u00e1 saud\u00e1vel e se sente bem com o corpo que tem.","og_url":"http:\/\/maismagazine.pt\/index.php\/2022\/12\/23\/hospital-da-misericordia-de-vila-verde\/","og_site_name":"Mais Magazine","article_published_time":"2022-12-23T07:00:00+00:00","og_image":[{"width":185,"height":111,"url":"http:\/\/maismagazine.pt\/wp-content\/uploads\/2022\/12\/logo-hospital-peq.png","type":"image\/png"}],"author":"Jo\u00e3o Malainho","twitter_card":"summary_large_image","twitter_misc":{"Escrito por":false,"Tempo estimado de leitura":"5 minutos"},"schema":{"@context":"https:\/\/schema.org","@graph":[{"@type":"Article","@id":"http:\/\/maismagazine.pt\/index.php\/2022\/12\/23\/hospital-da-misericordia-de-vila-verde\/#article","isPartOf":{"@id":"http:\/\/maismagazine.pt\/index.php\/2022\/12\/23\/hospital-da-misericordia-de-vila-verde\/"},"author":{"name":"Jo\u00e3o Malainho","@id":"https:\/\/maismagazine.pt\/#\/schema\/person\/999bd426f894ff56d397ec12ebd21ebb"},"headline":"Hospital da Miseric\u00f3rdia de Vila Verde","datePublished":"2022-12-23T07:00:00+00:00","mainEntityOfPage":{"@id":"http:\/\/maismagazine.pt\/index.php\/2022\/12\/23\/hospital-da-misericordia-de-vila-verde\/"},"wordCount":1097,"publisher":{"@id":"https:\/\/maismagazine.pt\/#organization"},"image":{"@id":"http:\/\/maismagazine.pt\/index.php\/2022\/12\/23\/hospital-da-misericordia-de-vila-verde\/#primaryimage"},"thumbnailUrl":"http:\/\/maismagazine.pt\/wp-content\/uploads\/2022\/12\/logo-hospital-peq.png","keywords":["Cirurgia Est\u00e9tica","Cirurgia Reconstrutiva","Dermatologia","Hospital Miseric\u00f3rdia Vila Verde","Medicina Est\u00e9tica Avan\u00e7ada"],"articleSection":["Atualidade","Sa\u00fade"],"inLanguage":"pt-PT"},{"@type":"WebPage","@id":"http:\/\/maismagazine.pt\/index.php\/2022\/12\/23\/hospital-da-misericordia-de-vila-verde\/","url":"http:\/\/maismagazine.pt\/index.php\/2022\/12\/23\/hospital-da-misericordia-de-vila-verde\/","name":"Hospital da Miseric\u00f3rdia de Vila Verde - Mais Magazine","isPartOf":{"@id":"https:\/\/maismagazine.pt\/#website"},"primaryImageOfPage":{"@id":"http:\/\/maismagazine.pt\/index.php\/2022\/12\/23\/hospital-da-misericordia-de-vila-verde\/#primaryimage"},"image":{"@id":"http:\/\/maismagazine.pt\/index.php\/2022\/12\/23\/hospital-da-misericordia-de-vila-verde\/#primaryimage"},"thumbnailUrl":"http:\/\/maismagazine.pt\/wp-content\/uploads\/2022\/12\/logo-hospital-peq.png","datePublished":"2022-12-23T07:00:00+00:00","description":"No nosso hospital, disponibilizamos servi\u00e7o especializado de\u00a0 Dermatologia, Cirurgia Pl\u00e1stica e Medicina Est\u00e9tica Avan\u00e7ada e Emagrecimento. Pretendemos associar a medicina est\u00e9tica ao bem-estar f\u00edsico e mental dos seus clientes. Promovemos uma abordagem integrada das diversas especialidades m\u00e9dicas e dos tratamentos m\u00e9dicos e est\u00e9ticos mais eficazes e adequados ao caso de cada pessoa. Preocupamo-nos consigo e em colocar \u00e0 sua disposi\u00e7\u00e3o toda a nossa experi\u00eancia para que possa atingir o equil\u00edbrio f\u00edsico e emocional apenas ao alcance de quem est\u00e1 saud\u00e1vel e se sente bem com o corpo que tem.","breadcrumb":{"@id":"http:\/\/maismagazine.pt\/index.php\/2022\/12\/23\/hospital-da-misericordia-de-vila-verde\/#breadcrumb"},"inLanguage":"pt-PT","potentialAction":[{"@type":"ReadAction","target":["http:\/\/maismagazine.pt\/index.php\/2022\/12\/23\/hospital-da-misericordia-de-vila-verde\/"]}]},{"@type":"ImageObject","inLanguage":"pt-PT","@id":"http:\/\/maismagazine.pt\/index.php\/2022\/12\/23\/hospital-da-misericordia-de-vila-verde\/#primaryimage","url":"http:\/\/maismagazine.pt\/wp-content\/uploads\/2022\/12\/logo-hospital-peq.png","contentUrl":"http:\/\/maismagazine.pt\/wp-content\/uploads\/2022\/12\/logo-hospital-peq.png","width":185,"height":111},{"@type":"BreadcrumbList","@id":"http:\/\/maismagazine.pt\/index.php\/2022\/12\/23\/hospital-da-misericordia-de-vila-verde\/#breadcrumb","itemListElement":[{"@type":"ListItem","position":1,"name":"Home","item":"https:\/\/maismagazine.pt\/"},{"@type":"ListItem","position":2,"name":"Hospital da Miseric\u00f3rdia de Vila Verde"}]},{"@type":"WebSite","@id":"https:\/\/maismagazine.pt\/#website","url":"https:\/\/maismagazine.pt\/","name":"Mais Magazine","description":"","publisher":{"@id":"https:\/\/maismagazine.pt\/#organization"},"potentialAction":[{"@type":"SearchAction","target":{"@type":"EntryPoint","urlTemplate":"https:\/\/maismagazine.pt\/?s={search_term_string}"},"query-input":{"@type":"PropertyValueSpecification","valueRequired":true,"valueName":"search_term_string"}}],"inLanguage":"pt-PT"},{"@type":"Organization","@id":"https:\/\/maismagazine.pt\/#organization","name":"Mais Magazine","url":"https:\/\/maismagazine.pt\/","logo":{"@type":"ImageObject","inLanguage":"pt-PT","@id":"https:\/\/maismagazine.pt\/#\/schema\/logo\/image\/","url":"http:\/\/maismagazine.pt\/wp-content\/uploads\/2020\/04\/cropped-cropped-mais-magazine-site-logo-2.png","contentUrl":"http:\/\/maismagazine.pt\/wp-content\/uploads\/2020\/04\/cropped-cropped-mais-magazine-site-logo-2.png","width":581,"height":90,"caption":"Mais Magazine"},"image":{"@id":"https:\/\/maismagazine.pt\/#\/schema\/logo\/image\/"}},{"@type":"Person","@id":"https:\/\/maismagazine.pt\/#\/schema\/person\/999bd426f894ff56d397ec12ebd21ebb","name":"Jo\u00e3o Malainho","image":{"@type":"ImageObject","inLanguage":"pt-PT","@id":"https:\/\/maismagazine.pt\/#\/schema\/person\/image\/","url":"https:\/\/secure.gravatar.com\/avatar\/ff03c2f38edf60b2a827aa4f74878491?s=96&d=mm&r=g","contentUrl":"https:\/\/secure.gravatar.com\/avatar\/ff03c2f38edf60b2a827aa4f74878491?s=96&d=mm&r=g","caption":"Jo\u00e3o Malainho"},"url":"http:\/\/maismagazine.pt\/index.php\/author\/maismagazine\/"}]}},"author_meta":{"display_name":false,"author_link":"http:\/\/maismagazine.pt\/index.php\/author\/maismagazine\/"},"featured_img":"http:\/\/maismagazine.pt\/wp-content\/uploads\/2022\/12\/logo-hospital-peq.png","coauthors":[],"tax_additional":{"categories":{"linked":["<a href=\"http:\/\/maismagazine.pt\/index.php\/category\/atualidade\/\" class=\"advgb-post-tax-term\">Atualidade<\/a>","<a href=\"http:\/\/maismagazine.pt\/index.php\/category\/mundo-empresarial\/saude\/\" class=\"advgb-post-tax-term\">Sa\u00fade<\/a>"],"unlinked":["<span class=\"advgb-post-tax-term\">Atualidade<\/span>","<span class=\"advgb-post-tax-term\">Sa\u00fade<\/span>"]},"tags":{"linked":["<a href=\"http:\/\/maismagazine.pt\/index.php\/category\/mundo-empresarial\/saude\/\" class=\"advgb-post-tax-term\">Cirurgia Est\u00e9tica<\/a>","<a href=\"http:\/\/maismagazine.pt\/index.php\/category\/mundo-empresarial\/saude\/\" class=\"advgb-post-tax-term\">Cirurgia Reconstrutiva<\/a>","<a href=\"http:\/\/maismagazine.pt\/index.php\/category\/mundo-empresarial\/saude\/\" class=\"advgb-post-tax-term\">Dermatologia<\/a>","<a href=\"http:\/\/maismagazine.pt\/index.php\/category\/mundo-empresarial\/saude\/\" class=\"advgb-post-tax-term\">Hospital Miseric\u00f3rdia Vila Verde<\/a>","<a href=\"http:\/\/maismagazine.pt\/index.php\/category\/mundo-empresarial\/saude\/\" class=\"advgb-post-tax-term\">Medicina Est\u00e9tica Avan\u00e7ada<\/a>"],"unlinked":["<span class=\"advgb-post-tax-term\">Cirurgia Est\u00e9tica<\/span>","<span class=\"advgb-post-tax-term\">Cirurgia Reconstrutiva<\/span>","<span class=\"advgb-post-tax-term\">Dermatologia<\/span>","<span class=\"advgb-post-tax-term\">Hospital Miseric\u00f3rdia Vila Verde<\/span>","<span class=\"advgb-post-tax-term\">Medicina Est\u00e9tica Avan\u00e7ada<\/span>"]}},"comment_count":"0","relative_dates":{"created":"Posted 3 anos ago","modified":"Updated 3 anos ago"},"absolute_dates":{"created":"Posted on 23 de Dezembro, 2022","modified":"Updated on 20 de Dezembro, 2022"},"absolute_dates_time":{"created":"Posted on 23 de Dezembro, 2022 7:00","modified":"Updated on 20 de Dezembro, 2022 9:28"},"featured_img_caption":"","series_order":"","_links":{"self":[{"href":"http:\/\/maismagazine.pt\/index.php\/wp-json\/wp\/v2\/posts\/5194","targetHints":{"allow":["GET"]}}],"collection":[{"href":"http:\/\/maismagazine.pt\/index.php\/wp-json\/wp\/v2\/posts"}],"about":[{"href":"http:\/\/maismagazine.pt\/index.php\/wp-json\/wp\/v2\/types\/post"}],"author":[{"embeddable":true,"href":"http:\/\/maismagazine.pt\/index.php\/wp-json\/wp\/v2\/users\/7"}],"replies":[{"embeddable":true,"href":"http:\/\/maismagazine.pt\/index.php\/wp-json\/wp\/v2\/comments?post=5194"}],"version-history":[{"count":5,"href":"http:\/\/maismagazine.pt\/index.php\/wp-json\/wp\/v2\/posts\/5194\/revisions"}],"predecessor-version":[{"id":5351,"href":"http:\/\/maismagazine.pt\/index.php\/wp-json\/wp\/v2\/posts\/5194\/revisions\/5351"}],"wp:featuredmedia":[{"embeddable":true,"href":"http:\/\/maismagazine.pt\/index.php\/wp-json\/wp\/v2\/media\/5201"}],"wp:attachment":[{"href":"http:\/\/maismagazine.pt\/index.php\/wp-json\/wp\/v2\/media?parent=5194"}],"wp:term":[{"taxonomy":"category","embeddable":true,"href":"http:\/\/maismagazine.pt\/index.php\/wp-json\/wp\/v2\/categories?post=5194"},{"taxonomy":"post_tag","embeddable":true,"href":"http:\/\/maismagazine.pt\/index.php\/wp-json\/wp\/v2\/tags?post=5194"}],"curies":[{"name":"wp","href":"https:\/\/api.w.org\/{rel}","templated":true}]}}