{"id":5071,"date":"2022-12-23T07:00:00","date_gmt":"2022-12-23T07:00:00","guid":{"rendered":"http:\/\/maismagazine.pt\/?p=5071"},"modified":"2022-12-16T11:39:00","modified_gmt":"2022-12-16T11:39:00","slug":"pequenos-cantores-da-maia-30-anos-de-intensa-carreira-artistica","status":"publish","type":"post","link":"http:\/\/maismagazine.pt\/index.php\/2022\/12\/23\/pequenos-cantores-da-maia-30-anos-de-intensa-carreira-artistica\/","title":{"rendered":"Pequenos Cantores da Maia &#8211; 30 anos de intensa carreira art\u00edstica"},"content":{"rendered":"\n<p><strong>O Coral Infantil Municipal dos Pequenos Cantores da Maia foi fundado em agosto de 1990. Desde a sua funda\u00e7\u00e3o j\u00e1 passaram pelos bancos da sala de ensaios do coral, largas centenas de crian\u00e7as oriundas de todas as Freguesias do Concelho da Maia, que desta forma tiveram a oportunidade de viver uma experi\u00eancia art\u00edstica \u00fanica no mundo da m\u00fasica.<\/strong><br><br>Ao longo das tr\u00eas d\u00e9cadas de intensa carreira art\u00edstica foram muitos os momentos de alegria e de orgulho que se inscreveram nas p\u00e1ginas da hist\u00f3ria dos Pequenos Cantores da Maia. Os pequenos artistas foram respons\u00e1veis pela promo\u00e7\u00e3o do nome da sua terra em in\u00fameros programas de televis\u00e3o, nas r\u00e1dios nacionais e com reportagens sobre a actividade do grupo em jornais e revistas de grande tiragem e implanta\u00e7\u00e3o nacional. A destacar no seu imenso palmar\u00e9s de participa\u00e7\u00f5es especiais est\u00e3o as actua\u00e7\u00f5es integradas no Concerto Comemorativo dos 150 anos da Regi\u00e3o Militar do Norte com a Banda Militar do Porto, no Concerto de Natal no Quartel General do Porto, nas Festas de Natal da R\u00e1dio Renascen\u00e7a, no Concerto no Museu da Marinha, no Concerto no Claustro do Convento de S. Bento da Vit\u00f3ria, com a Orquestra Nacional do Porto dirigida pelo Maestro Ant\u00f3nio Vitorino de Almeida, na estreia de uma obra sua, e ainda, entre outros. Em 1996, Marina Pacheco, uma menina dos Pequenos Cantores, atualmente soprano profissional, interpretando a can\u00e7\u00e3o \u201cEsta \u00e9 uma can\u00e7\u00e3o de embalar\u201d, com letra de Miz\u00e9 Rouxinol e M\u00fasica de Victor Dias, Maestro do Coral Infantil Municipal, representa Portugal no mais importante Festival da Can\u00e7\u00e3o Infantil organizado pela RAI-uno para a Eurovis\u00e3o, o c\u00e9lebre Sequim d\u2019Ouro.<br><br>Nas v\u00e1rias tourn\u00e9es que o grupo j\u00e1 realizou a n\u00edvel nacional percorrendo o pa\u00eds do Minho ao Algarve e de outras realizadas ao estrangeiro, destaca-se com particular enfoque a digress\u00e3o \u00e0 Finl\u00e2ndia no ano de 1997, amplamente noticiada em Portugal e no pr\u00f3prio pa\u00eds de acolhimento, com reportagens di\u00e1rias nos jornais, e com actua\u00e7\u00f5es em directo nas r\u00e1dios e televis\u00e3o.<br><br>Em Dezembro de 2007, os Pequenos Cantores da Maia foram convidados pelo Presidente da Rep\u00fablica, Prof. Dr. An\u00edbal Cavaco Silva, para abrilhantar a cerim\u00f3nia oficial de inaugura\u00e7\u00e3o da exposi\u00e7\u00e3o dos pres\u00e9pios portugueses, patente no Pal\u00e1cio de Bel\u00e9m. No Natal 2009, os Pequenos Cantores participaram, pelo 15\u00ba ano consecutivo, na edi\u00e7\u00e3o do mais popular programa da televis\u00e3o portuguesa, Natal dos Hospitais, tendo honras de abertura, participa\u00e7\u00e3o que se tem concretizado de forma regular.<br><br>No Ver\u00e3o de 2014, gravaram o tema \u201cWe feel sport\u201d, hino oficial do evento Maia Cidade Europeia do Desporto \u2013 2014, tema original com M\u00fasica de Victor Dias e Ana L\u00eddia Rouxinol, com letra de Miz\u00e9 Rouxinol. No natal de 2014, deram um concerto no sal\u00e3o nobre da Assembleia da Rep\u00fablica, a convite da Dr.\u00aa Assun\u00e7\u00e3o Esteves, Presidente do Parlamento. Em Junho de 2015, estrearam na sala Suggia da Casa da M\u00fasica, as obras para coro infantil e orquestra sinf\u00f3nica \u201cF\u00e9rias na aldeia\u201d de Victor Dias e \u201cPorta do sorriso\u201d de Victor Dias e Ana L\u00eddia Rouxinol, na Gala Comemorativa do 15\u00ba anivers\u00e1rio da Funda\u00e7\u00e3o Ronald McDonald, onde tamb\u00e9m partilharam o palco com o cantor Lu\u00eds Portugal, com a soprano Isabel Alcobia e com o tenor Carlos Guilherme. Em Dezembro de 2016 lan\u00e7aram o duplo \u00e1lbum \u201c25 anos 25 can\u00e7\u00f5es\u201d, reunindo numa colet\u00e2nea os seus melhores 25 \u00eaxitos originais.<br><br><strong>Medalha de M\u00e9rito Municipal \u2013 Ouro<\/strong><br>Em Julho de 2017, o Coral Infantil dos Pequenos Cantores da Maia foi agraciado pelo, ent\u00e3o, Presidente da C\u00e2mara Municipal da Maia, Ant\u00f3nio Bragan\u00e7a Fernandes, com a Medalha de M\u00e9rito Municipal Grau Ouro.<br><br>Em Junho de 2019, deram na Casa da M\u00fasica um pequeno concerto de abertura oficial da conven\u00e7\u00e3o europeia do Rotary Club Internacional que contou com participantes oriundos de diversos pa\u00edses da Europa. Em novembro de 2019 regressaram \u00e0 sala Suggia da Casa da M\u00fasica para cantar com Cuca Roseta num concerto apresentado por Jorge Gabriel.<br><br>De notar que, ao longo dos \u00faltimos 30 anos, os Pequenos Cantores da Maia interpretam in\u00fameras obras originalmente compostas para o seu report\u00f3rio privativo, que versam principalmente temas dedicados \u00e0 educa\u00e7\u00e3o para uma cidadania ambiental e socialmente respons\u00e1vel. De entre os v\u00e1rios artistas que j\u00e1 concretizaram parcerias com os Pequenos Cantores da Maia, al\u00e9m de Rui Veloso e Pedro Abrunhosa, destacam-se: Rui Reininho, Manuela Azevedo, Nuno Guerreiro, Vozes da R\u00e1dio, Fernando Tordo, Vitorino, S\u00e9rgio Castro, Diana Basto, Jos\u00e9 Cid, Susana F\u00e9lix e Cuca Roseta, entre muitos outros.<br><br>Em junho de 2022 gravaram a can\u00e7\u00e3o \u201cJo\u00e3ozinho\u201d, um tema original, dedicado a promover os valores que norteiam a atividade e as viv\u00eancias quotidianas da comunidade de trabalho, das crian\u00e7as e das fam\u00edlias, na Ala Pedi\u00e1trica do Centro Hospitalar Universit\u00e1rio de S. Jo\u00e3o \u2013 Porto, denominada Jo\u00e3ozinho.<br><br>O atual Patrono dos Pequenos Cantores da Maia \u00e9 o Eng.\u00ba Ant\u00f3nio Domingos da Silva Tiago, Presidente da C\u00e2mara Municipal da Maia. Victor Dias \u00e9 o seu diretor art\u00edstico desde a funda\u00e7\u00e3o, sendo atualmente coadjuvado por Ana L\u00eddia Rouxinol, Maestrina assistente e Ana Margarida Rouxinol, compositora de v\u00e1rios temas, que integram, ambas, os Pequenos Cantores desde os 4 anos de idade. A totalidade das letras, poemas e textos que constituem o conte\u00fado sem\u00e2ntico das can\u00e7\u00f5es e fantasias musicais dos Pequenos Cantores da Maia s\u00e3o da autoria de Miz\u00e9 Rouxinol, escritora que tem dedicado toda a sua obra \u00e0 inf\u00e2ncia.<\/p>\n","protected":false},"excerpt":{"rendered":"<p>O Coral Infantil Municipal dos Pequenos Cantores da Maia foi fundado em agosto de 1990. Desde a sua funda\u00e7\u00e3o j\u00e1 passaram pelos bancos da sala de ensaios do coral, largas centenas de crian\u00e7as oriundas de todas as Freguesias do Concelho da Maia, que desta forma tiveram a oportunidade de viver&hellip;<\/p>\n","protected":false},"author":7,"featured_media":5072,"comment_status":"closed","ping_status":"open","sticky":false,"template":"","format":"standard","meta":{"advgb_blocks_editor_width":"","advgb_blocks_columns_visual_guide":"","_monsterinsights_skip_tracking":false,"_monsterinsights_sitenote_active":false,"_monsterinsights_sitenote_note":"","_monsterinsights_sitenote_category":0,"footnotes":""},"categories":[9,52],"tags":[88,977,594,1152],"class_list":["post-5071","post","type-post","status-publish","format-standard","has-post-thumbnail","hentry","category-cultura","category-destaque","tag-arte","tag-maia","tag-musica-2","tag-pequenos-cantores"],"yoast_head":"<!-- This site is optimized with the Yoast SEO plugin v24.4 - https:\/\/yoast.com\/wordpress\/plugins\/seo\/ -->\n<title>Pequenos Cantores da Maia - 30 anos de intensa carreira art\u00edstica - Mais Magazine<\/title>\n<meta name=\"description\" content=\"O Coral Infantil Municipal dos Pequenos Cantores da Maia foi fundado em agosto de 1990. Desde a sua funda\u00e7\u00e3o j\u00e1 passaram pelos bancos da sala de ensaios do coral, largas centenas de crian\u00e7as oriundas de todas as Freguesias do Concelho da Maia, que desta forma tiveram a oportunidade de viver uma experi\u00eancia art\u00edstica \u00fanica no mundo da m\u00fasica.\" \/>\n<meta name=\"robots\" content=\"index, follow, max-snippet:-1, max-image-preview:large, max-video-preview:-1\" \/>\n<link rel=\"canonical\" href=\"http:\/\/maismagazine.pt\/index.php\/2022\/12\/23\/pequenos-cantores-da-maia-30-anos-de-intensa-carreira-artistica\/\" \/>\n<meta property=\"og:locale\" content=\"pt_PT\" \/>\n<meta property=\"og:type\" content=\"article\" \/>\n<meta property=\"og:title\" content=\"Pequenos Cantores da Maia - 30 anos de intensa carreira art\u00edstica - Mais Magazine\" \/>\n<meta property=\"og:description\" content=\"O Coral Infantil Municipal dos Pequenos Cantores da Maia foi fundado em agosto de 1990. Desde a sua funda\u00e7\u00e3o j\u00e1 passaram pelos bancos da sala de ensaios do coral, largas centenas de crian\u00e7as oriundas de todas as Freguesias do Concelho da Maia, que desta forma tiveram a oportunidade de viver uma experi\u00eancia art\u00edstica \u00fanica no mundo da m\u00fasica.\" \/>\n<meta property=\"og:url\" content=\"http:\/\/maismagazine.pt\/index.php\/2022\/12\/23\/pequenos-cantores-da-maia-30-anos-de-intensa-carreira-artistica\/\" \/>\n<meta property=\"og:site_name\" content=\"Mais Magazine\" \/>\n<meta property=\"article:published_time\" content=\"2022-12-23T07:00:00+00:00\" \/>\n<meta property=\"og:image\" content=\"http:\/\/maismagazine.pt\/wp-content\/uploads\/2022\/12\/sdf.jpg\" \/>\n\t<meta property=\"og:image:width\" content=\"2048\" \/>\n\t<meta property=\"og:image:height\" content=\"1365\" \/>\n\t<meta property=\"og:image:type\" content=\"image\/jpeg\" \/>\n<meta name=\"author\" content=\"Jo\u00e3o Malainho\" \/>\n<meta name=\"twitter:card\" content=\"summary_large_image\" \/>\n<meta name=\"twitter:label1\" content=\"Escrito por\" \/>\n\t<meta name=\"twitter:data1\" content=\"\" \/>\n\t<meta name=\"twitter:label2\" content=\"Tempo estimado de leitura\" \/>\n\t<meta name=\"twitter:data2\" content=\"4 minutos\" \/>\n<script type=\"application\/ld+json\" class=\"yoast-schema-graph\">{\"@context\":\"https:\/\/schema.org\",\"@graph\":[{\"@type\":\"Article\",\"@id\":\"http:\/\/maismagazine.pt\/index.php\/2022\/12\/23\/pequenos-cantores-da-maia-30-anos-de-intensa-carreira-artistica\/#article\",\"isPartOf\":{\"@id\":\"http:\/\/maismagazine.pt\/index.php\/2022\/12\/23\/pequenos-cantores-da-maia-30-anos-de-intensa-carreira-artistica\/\"},\"author\":{\"name\":\"Jo\u00e3o Malainho\",\"@id\":\"http:\/\/maismagazine.pt\/#\/schema\/person\/999bd426f894ff56d397ec12ebd21ebb\"},\"headline\":\"Pequenos Cantores da Maia &#8211; 30 anos de intensa carreira art\u00edstica\",\"datePublished\":\"2022-12-23T07:00:00+00:00\",\"mainEntityOfPage\":{\"@id\":\"http:\/\/maismagazine.pt\/index.php\/2022\/12\/23\/pequenos-cantores-da-maia-30-anos-de-intensa-carreira-artistica\/\"},\"wordCount\":965,\"publisher\":{\"@id\":\"http:\/\/maismagazine.pt\/#organization\"},\"image\":{\"@id\":\"http:\/\/maismagazine.pt\/index.php\/2022\/12\/23\/pequenos-cantores-da-maia-30-anos-de-intensa-carreira-artistica\/#primaryimage\"},\"thumbnailUrl\":\"http:\/\/maismagazine.pt\/wp-content\/uploads\/2022\/12\/sdf.jpg\",\"keywords\":[\"Arte\",\"Maia\",\"M\u00fasica\",\"Pequenos Cantores\"],\"articleSection\":[\"Cultura\",\"Destaque lateral\"],\"inLanguage\":\"pt-PT\"},{\"@type\":\"WebPage\",\"@id\":\"http:\/\/maismagazine.pt\/index.php\/2022\/12\/23\/pequenos-cantores-da-maia-30-anos-de-intensa-carreira-artistica\/\",\"url\":\"http:\/\/maismagazine.pt\/index.php\/2022\/12\/23\/pequenos-cantores-da-maia-30-anos-de-intensa-carreira-artistica\/\",\"name\":\"Pequenos Cantores da Maia - 30 anos de intensa carreira art\u00edstica - Mais Magazine\",\"isPartOf\":{\"@id\":\"http:\/\/maismagazine.pt\/#website\"},\"primaryImageOfPage\":{\"@id\":\"http:\/\/maismagazine.pt\/index.php\/2022\/12\/23\/pequenos-cantores-da-maia-30-anos-de-intensa-carreira-artistica\/#primaryimage\"},\"image\":{\"@id\":\"http:\/\/maismagazine.pt\/index.php\/2022\/12\/23\/pequenos-cantores-da-maia-30-anos-de-intensa-carreira-artistica\/#primaryimage\"},\"thumbnailUrl\":\"http:\/\/maismagazine.pt\/wp-content\/uploads\/2022\/12\/sdf.jpg\",\"datePublished\":\"2022-12-23T07:00:00+00:00\",\"description\":\"O Coral Infantil Municipal dos Pequenos Cantores da Maia foi fundado em agosto de 1990. Desde a sua funda\u00e7\u00e3o j\u00e1 passaram pelos bancos da sala de ensaios do coral, largas centenas de crian\u00e7as oriundas de todas as Freguesias do Concelho da Maia, que desta forma tiveram a oportunidade de viver uma experi\u00eancia art\u00edstica \u00fanica no mundo da m\u00fasica.\",\"breadcrumb\":{\"@id\":\"http:\/\/maismagazine.pt\/index.php\/2022\/12\/23\/pequenos-cantores-da-maia-30-anos-de-intensa-carreira-artistica\/#breadcrumb\"},\"inLanguage\":\"pt-PT\",\"potentialAction\":[{\"@type\":\"ReadAction\",\"target\":[\"http:\/\/maismagazine.pt\/index.php\/2022\/12\/23\/pequenos-cantores-da-maia-30-anos-de-intensa-carreira-artistica\/\"]}]},{\"@type\":\"ImageObject\",\"inLanguage\":\"pt-PT\",\"@id\":\"http:\/\/maismagazine.pt\/index.php\/2022\/12\/23\/pequenos-cantores-da-maia-30-anos-de-intensa-carreira-artistica\/#primaryimage\",\"url\":\"http:\/\/maismagazine.pt\/wp-content\/uploads\/2022\/12\/sdf.jpg\",\"contentUrl\":\"http:\/\/maismagazine.pt\/wp-content\/uploads\/2022\/12\/sdf.jpg\",\"width\":2048,\"height\":1365},{\"@type\":\"BreadcrumbList\",\"@id\":\"http:\/\/maismagazine.pt\/index.php\/2022\/12\/23\/pequenos-cantores-da-maia-30-anos-de-intensa-carreira-artistica\/#breadcrumb\",\"itemListElement\":[{\"@type\":\"ListItem\",\"position\":1,\"name\":\"Home\",\"item\":\"http:\/\/maismagazine.pt\/\"},{\"@type\":\"ListItem\",\"position\":2,\"name\":\"Pequenos Cantores da Maia &#8211; 30 anos de intensa carreira art\u00edstica\"}]},{\"@type\":\"WebSite\",\"@id\":\"http:\/\/maismagazine.pt\/#website\",\"url\":\"http:\/\/maismagazine.pt\/\",\"name\":\"Mais Magazine\",\"description\":\"\",\"publisher\":{\"@id\":\"http:\/\/maismagazine.pt\/#organization\"},\"potentialAction\":[{\"@type\":\"SearchAction\",\"target\":{\"@type\":\"EntryPoint\",\"urlTemplate\":\"http:\/\/maismagazine.pt\/?s={search_term_string}\"},\"query-input\":{\"@type\":\"PropertyValueSpecification\",\"valueRequired\":true,\"valueName\":\"search_term_string\"}}],\"inLanguage\":\"pt-PT\"},{\"@type\":\"Organization\",\"@id\":\"http:\/\/maismagazine.pt\/#organization\",\"name\":\"Mais Magazine\",\"url\":\"http:\/\/maismagazine.pt\/\",\"logo\":{\"@type\":\"ImageObject\",\"inLanguage\":\"pt-PT\",\"@id\":\"http:\/\/maismagazine.pt\/#\/schema\/logo\/image\/\",\"url\":\"http:\/\/maismagazine.pt\/wp-content\/uploads\/2020\/04\/cropped-cropped-mais-magazine-site-logo-2.png\",\"contentUrl\":\"http:\/\/maismagazine.pt\/wp-content\/uploads\/2020\/04\/cropped-cropped-mais-magazine-site-logo-2.png\",\"width\":581,\"height\":90,\"caption\":\"Mais Magazine\"},\"image\":{\"@id\":\"http:\/\/maismagazine.pt\/#\/schema\/logo\/image\/\"}},{\"@type\":\"Person\",\"@id\":\"http:\/\/maismagazine.pt\/#\/schema\/person\/999bd426f894ff56d397ec12ebd21ebb\",\"name\":\"Jo\u00e3o Malainho\",\"image\":{\"@type\":\"ImageObject\",\"inLanguage\":\"pt-PT\",\"@id\":\"http:\/\/maismagazine.pt\/#\/schema\/person\/image\/\",\"url\":\"https:\/\/secure.gravatar.com\/avatar\/ff03c2f38edf60b2a827aa4f74878491?s=96&d=mm&r=g\",\"contentUrl\":\"https:\/\/secure.gravatar.com\/avatar\/ff03c2f38edf60b2a827aa4f74878491?s=96&d=mm&r=g\",\"caption\":\"Jo\u00e3o Malainho\"},\"url\":\"http:\/\/maismagazine.pt\/index.php\/author\/maismagazine\/\"}]}<\/script>\n<!-- \/ Yoast SEO plugin. -->","yoast_head_json":{"title":"Pequenos Cantores da Maia - 30 anos de intensa carreira art\u00edstica - Mais Magazine","description":"O Coral Infantil Municipal dos Pequenos Cantores da Maia foi fundado em agosto de 1990. Desde a sua funda\u00e7\u00e3o j\u00e1 passaram pelos bancos da sala de ensaios do coral, largas centenas de crian\u00e7as oriundas de todas as Freguesias do Concelho da Maia, que desta forma tiveram a oportunidade de viver uma experi\u00eancia art\u00edstica \u00fanica no mundo da m\u00fasica.","robots":{"index":"index","follow":"follow","max-snippet":"max-snippet:-1","max-image-preview":"max-image-preview:large","max-video-preview":"max-video-preview:-1"},"canonical":"http:\/\/maismagazine.pt\/index.php\/2022\/12\/23\/pequenos-cantores-da-maia-30-anos-de-intensa-carreira-artistica\/","og_locale":"pt_PT","og_type":"article","og_title":"Pequenos Cantores da Maia - 30 anos de intensa carreira art\u00edstica - Mais Magazine","og_description":"O Coral Infantil Municipal dos Pequenos Cantores da Maia foi fundado em agosto de 1990. Desde a sua funda\u00e7\u00e3o j\u00e1 passaram pelos bancos da sala de ensaios do coral, largas centenas de crian\u00e7as oriundas de todas as Freguesias do Concelho da Maia, que desta forma tiveram a oportunidade de viver uma experi\u00eancia art\u00edstica \u00fanica no mundo da m\u00fasica.","og_url":"http:\/\/maismagazine.pt\/index.php\/2022\/12\/23\/pequenos-cantores-da-maia-30-anos-de-intensa-carreira-artistica\/","og_site_name":"Mais Magazine","article_published_time":"2022-12-23T07:00:00+00:00","og_image":[{"width":2048,"height":1365,"url":"http:\/\/maismagazine.pt\/wp-content\/uploads\/2022\/12\/sdf.jpg","type":"image\/jpeg"}],"author":"Jo\u00e3o Malainho","twitter_card":"summary_large_image","twitter_misc":{"Escrito por":false,"Tempo estimado de leitura":"4 minutos"},"schema":{"@context":"https:\/\/schema.org","@graph":[{"@type":"Article","@id":"http:\/\/maismagazine.pt\/index.php\/2022\/12\/23\/pequenos-cantores-da-maia-30-anos-de-intensa-carreira-artistica\/#article","isPartOf":{"@id":"http:\/\/maismagazine.pt\/index.php\/2022\/12\/23\/pequenos-cantores-da-maia-30-anos-de-intensa-carreira-artistica\/"},"author":{"name":"Jo\u00e3o Malainho","@id":"http:\/\/maismagazine.pt\/#\/schema\/person\/999bd426f894ff56d397ec12ebd21ebb"},"headline":"Pequenos Cantores da Maia &#8211; 30 anos de intensa carreira art\u00edstica","datePublished":"2022-12-23T07:00:00+00:00","mainEntityOfPage":{"@id":"http:\/\/maismagazine.pt\/index.php\/2022\/12\/23\/pequenos-cantores-da-maia-30-anos-de-intensa-carreira-artistica\/"},"wordCount":965,"publisher":{"@id":"http:\/\/maismagazine.pt\/#organization"},"image":{"@id":"http:\/\/maismagazine.pt\/index.php\/2022\/12\/23\/pequenos-cantores-da-maia-30-anos-de-intensa-carreira-artistica\/#primaryimage"},"thumbnailUrl":"http:\/\/maismagazine.pt\/wp-content\/uploads\/2022\/12\/sdf.jpg","keywords":["Arte","Maia","M\u00fasica","Pequenos Cantores"],"articleSection":["Cultura","Destaque lateral"],"inLanguage":"pt-PT"},{"@type":"WebPage","@id":"http:\/\/maismagazine.pt\/index.php\/2022\/12\/23\/pequenos-cantores-da-maia-30-anos-de-intensa-carreira-artistica\/","url":"http:\/\/maismagazine.pt\/index.php\/2022\/12\/23\/pequenos-cantores-da-maia-30-anos-de-intensa-carreira-artistica\/","name":"Pequenos Cantores da Maia - 30 anos de intensa carreira art\u00edstica - Mais Magazine","isPartOf":{"@id":"http:\/\/maismagazine.pt\/#website"},"primaryImageOfPage":{"@id":"http:\/\/maismagazine.pt\/index.php\/2022\/12\/23\/pequenos-cantores-da-maia-30-anos-de-intensa-carreira-artistica\/#primaryimage"},"image":{"@id":"http:\/\/maismagazine.pt\/index.php\/2022\/12\/23\/pequenos-cantores-da-maia-30-anos-de-intensa-carreira-artistica\/#primaryimage"},"thumbnailUrl":"http:\/\/maismagazine.pt\/wp-content\/uploads\/2022\/12\/sdf.jpg","datePublished":"2022-12-23T07:00:00+00:00","description":"O Coral Infantil Municipal dos Pequenos Cantores da Maia foi fundado em agosto de 1990. Desde a sua funda\u00e7\u00e3o j\u00e1 passaram pelos bancos da sala de ensaios do coral, largas centenas de crian\u00e7as oriundas de todas as Freguesias do Concelho da Maia, que desta forma tiveram a oportunidade de viver uma experi\u00eancia art\u00edstica \u00fanica no mundo da m\u00fasica.","breadcrumb":{"@id":"http:\/\/maismagazine.pt\/index.php\/2022\/12\/23\/pequenos-cantores-da-maia-30-anos-de-intensa-carreira-artistica\/#breadcrumb"},"inLanguage":"pt-PT","potentialAction":[{"@type":"ReadAction","target":["http:\/\/maismagazine.pt\/index.php\/2022\/12\/23\/pequenos-cantores-da-maia-30-anos-de-intensa-carreira-artistica\/"]}]},{"@type":"ImageObject","inLanguage":"pt-PT","@id":"http:\/\/maismagazine.pt\/index.php\/2022\/12\/23\/pequenos-cantores-da-maia-30-anos-de-intensa-carreira-artistica\/#primaryimage","url":"http:\/\/maismagazine.pt\/wp-content\/uploads\/2022\/12\/sdf.jpg","contentUrl":"http:\/\/maismagazine.pt\/wp-content\/uploads\/2022\/12\/sdf.jpg","width":2048,"height":1365},{"@type":"BreadcrumbList","@id":"http:\/\/maismagazine.pt\/index.php\/2022\/12\/23\/pequenos-cantores-da-maia-30-anos-de-intensa-carreira-artistica\/#breadcrumb","itemListElement":[{"@type":"ListItem","position":1,"name":"Home","item":"http:\/\/maismagazine.pt\/"},{"@type":"ListItem","position":2,"name":"Pequenos Cantores da Maia &#8211; 30 anos de intensa carreira art\u00edstica"}]},{"@type":"WebSite","@id":"http:\/\/maismagazine.pt\/#website","url":"http:\/\/maismagazine.pt\/","name":"Mais Magazine","description":"","publisher":{"@id":"http:\/\/maismagazine.pt\/#organization"},"potentialAction":[{"@type":"SearchAction","target":{"@type":"EntryPoint","urlTemplate":"http:\/\/maismagazine.pt\/?s={search_term_string}"},"query-input":{"@type":"PropertyValueSpecification","valueRequired":true,"valueName":"search_term_string"}}],"inLanguage":"pt-PT"},{"@type":"Organization","@id":"http:\/\/maismagazine.pt\/#organization","name":"Mais Magazine","url":"http:\/\/maismagazine.pt\/","logo":{"@type":"ImageObject","inLanguage":"pt-PT","@id":"http:\/\/maismagazine.pt\/#\/schema\/logo\/image\/","url":"http:\/\/maismagazine.pt\/wp-content\/uploads\/2020\/04\/cropped-cropped-mais-magazine-site-logo-2.png","contentUrl":"http:\/\/maismagazine.pt\/wp-content\/uploads\/2020\/04\/cropped-cropped-mais-magazine-site-logo-2.png","width":581,"height":90,"caption":"Mais Magazine"},"image":{"@id":"http:\/\/maismagazine.pt\/#\/schema\/logo\/image\/"}},{"@type":"Person","@id":"http:\/\/maismagazine.pt\/#\/schema\/person\/999bd426f894ff56d397ec12ebd21ebb","name":"Jo\u00e3o Malainho","image":{"@type":"ImageObject","inLanguage":"pt-PT","@id":"http:\/\/maismagazine.pt\/#\/schema\/person\/image\/","url":"https:\/\/secure.gravatar.com\/avatar\/ff03c2f38edf60b2a827aa4f74878491?s=96&d=mm&r=g","contentUrl":"https:\/\/secure.gravatar.com\/avatar\/ff03c2f38edf60b2a827aa4f74878491?s=96&d=mm&r=g","caption":"Jo\u00e3o Malainho"},"url":"http:\/\/maismagazine.pt\/index.php\/author\/maismagazine\/"}]}},"author_meta":{"display_name":false,"author_link":"http:\/\/maismagazine.pt\/index.php\/author\/maismagazine\/"},"featured_img":"http:\/\/maismagazine.pt\/wp-content\/uploads\/2022\/12\/sdf-300x200.jpg","coauthors":[],"tax_additional":{"categories":{"linked":["<a href=\"http:\/\/maismagazine.pt\/index.php\/category\/cultura\/\" class=\"advgb-post-tax-term\">Cultura<\/a>","<a href=\"http:\/\/maismagazine.pt\/index.php\/category\/destaque\/\" class=\"advgb-post-tax-term\">Destaque lateral<\/a>"],"unlinked":["<span class=\"advgb-post-tax-term\">Cultura<\/span>","<span class=\"advgb-post-tax-term\">Destaque lateral<\/span>"]},"tags":{"linked":["<a href=\"http:\/\/maismagazine.pt\/index.php\/category\/destaque\/\" class=\"advgb-post-tax-term\">Arte<\/a>","<a href=\"http:\/\/maismagazine.pt\/index.php\/category\/destaque\/\" class=\"advgb-post-tax-term\">Maia<\/a>","<a href=\"http:\/\/maismagazine.pt\/index.php\/category\/destaque\/\" class=\"advgb-post-tax-term\">M\u00fasica<\/a>","<a href=\"http:\/\/maismagazine.pt\/index.php\/category\/destaque\/\" class=\"advgb-post-tax-term\">Pequenos Cantores<\/a>"],"unlinked":["<span class=\"advgb-post-tax-term\">Arte<\/span>","<span class=\"advgb-post-tax-term\">Maia<\/span>","<span class=\"advgb-post-tax-term\">M\u00fasica<\/span>","<span class=\"advgb-post-tax-term\">Pequenos Cantores<\/span>"]}},"comment_count":"0","relative_dates":{"created":"Posted 3 anos ago","modified":"Updated 3 anos ago"},"absolute_dates":{"created":"Posted on 23 de Dezembro, 2022","modified":"Updated on 16 de Dezembro, 2022"},"absolute_dates_time":{"created":"Posted on 23 de Dezembro, 2022 7:00","modified":"Updated on 16 de Dezembro, 2022 11:39"},"featured_img_caption":"","series_order":"","_links":{"self":[{"href":"http:\/\/maismagazine.pt\/index.php\/wp-json\/wp\/v2\/posts\/5071","targetHints":{"allow":["GET"]}}],"collection":[{"href":"http:\/\/maismagazine.pt\/index.php\/wp-json\/wp\/v2\/posts"}],"about":[{"href":"http:\/\/maismagazine.pt\/index.php\/wp-json\/wp\/v2\/types\/post"}],"author":[{"embeddable":true,"href":"http:\/\/maismagazine.pt\/index.php\/wp-json\/wp\/v2\/users\/7"}],"replies":[{"embeddable":true,"href":"http:\/\/maismagazine.pt\/index.php\/wp-json\/wp\/v2\/comments?post=5071"}],"version-history":[{"count":1,"href":"http:\/\/maismagazine.pt\/index.php\/wp-json\/wp\/v2\/posts\/5071\/revisions"}],"predecessor-version":[{"id":5073,"href":"http:\/\/maismagazine.pt\/index.php\/wp-json\/wp\/v2\/posts\/5071\/revisions\/5073"}],"wp:featuredmedia":[{"embeddable":true,"href":"http:\/\/maismagazine.pt\/index.php\/wp-json\/wp\/v2\/media\/5072"}],"wp:attachment":[{"href":"http:\/\/maismagazine.pt\/index.php\/wp-json\/wp\/v2\/media?parent=5071"}],"wp:term":[{"taxonomy":"category","embeddable":true,"href":"http:\/\/maismagazine.pt\/index.php\/wp-json\/wp\/v2\/categories?post=5071"},{"taxonomy":"post_tag","embeddable":true,"href":"http:\/\/maismagazine.pt\/index.php\/wp-json\/wp\/v2\/tags?post=5071"}],"curies":[{"name":"wp","href":"https:\/\/api.w.org\/{rel}","templated":true}]}}