{"id":4912,"date":"2022-11-11T07:00:00","date_gmt":"2022-11-11T07:00:00","guid":{"rendered":"http:\/\/maismagazine.pt\/?p=4912"},"modified":"2022-11-04T15:15:48","modified_gmt":"2022-11-04T15:15:48","slug":"sofia-vale-a-riler-tem-uma-preocupacao-acrescida-com-a-questao-ambiental","status":"publish","type":"post","link":"http:\/\/maismagazine.pt\/index.php\/2022\/11\/11\/sofia-vale-a-riler-tem-uma-preocupacao-acrescida-com-a-questao-ambiental\/","title":{"rendered":"Sofia Vale: \u201ca Riler tem uma preocupa\u00e7\u00e3o acrescida com a quest\u00e3o ambiental\u201d"},"content":{"rendered":"\n<p><strong>Foi h\u00e1 quase cinco d\u00e9cadas, 48 anos para ser mais preciso, que nasceu a Riler, uma empresa do setor t\u00eaxtil, que atuava na \u00e1rea da estamparia. A entrada de Amaro Vale na sociedade deu-se j\u00e1 nos anos 80, transformando o rumo da empresa.<\/strong><br><br>Sofia Vale, filha de Amaro Vale, revelou-nos que foi na d\u00e9cada de 80 que o seu pai assumiu o controlo da empresa que, mais tarde, viria a deixar de servir apenas na \u00e1rea da estamparia. \u201cSempre com o crescimento em perspetiva e para suprir algumas necessidades do mercado, o meu pai desloca-se \u00e0 Alemanha e compra v\u00e1rias m\u00e1quinas, transformando a Riler em tinturaria. Mais tarde, a Riler, vem a especializar-se em tingimento de felpos e colchas\u201d.<br><br>Conhecendo a realidade do setor t\u00eaxtil, a empres\u00e1ria sabe bem o qu\u00e3o este setor afeta o ambiente. Contudo, a mesma refere que \u201ca Riler tem, desde sempre, uma preocupa\u00e7\u00e3o acrescida com a quest\u00e3o ambiental e, por isso mesmo, tem feito v\u00e1rios esfor\u00e7os em investimentos para minimizar os danos provocados por uma ind\u00fastria deste tipo. O nosso compromisso ambiental passa pela utiliza\u00e7\u00e3o de energias verdes, como a biomassa e a energia solar, a substitui\u00e7\u00e3o de m\u00e1quinas, de forma a tornar o processo de tingimento mais eficiente e menos poluente, a automatiza\u00e7\u00e3o de alimenta\u00e7\u00e3o \u00e0s m\u00e1quinas de todos os produtos qu\u00edmicos, substitui\u00e7\u00e3o de todas as iluminarias da empresa e o reaproveitamento de \u00e1guas usadas na tinturaria\u201d. Todas as medidas adotadas pela empresa funcionam e funcionar\u00e3o com o objetivo de atingir a efici\u00eancia energ\u00e9tica e de preservar o meio ambiente.<br><br>Como um dos maiores parceiros do setor t\u00eaxtil, a Riler deixa o seu selo de qualidade no servi\u00e7o que presta, na flexibilidade, rapidez na resposta e na rela\u00e7\u00e3o que mant\u00eam entre a equipa de colaboradores e os clientes. A empres\u00e1ria acredita que s\u00f3 assim poder\u00e3o continuar a manter a qualidade que t\u00eam apresentado, referindo que s\u00e3o uns \u201cverdadeiros parceiros\u201d e est\u00e3o \u201csempre dispostos a ajudar\u201d.<br><br>Em rela\u00e7\u00e3o aos planos para o futuro, cautelosa, Sofia Vale mostrou-se preocupada com os tempos que se avizinham devido ao aumento dos pre\u00e7os, sem nunca deixar de parte a ideia de continuar a investir na empresa. \u201cA escalada dos custos energ\u00e9ticos e o aumento do custo das mat\u00e9rias-primas s\u00e3o verdadeiramente preocupantes. Todos estes aspetos influenciam e condicionam as decis\u00f5es estrat\u00e9gicas de investimento. Apesar de tudo, considero que o sucesso da empresa s\u00f3 se atinge com inova\u00e7\u00e3o e investimento, tanto em m\u00e1quinas como capital humano. Sendo assim, a Riler continuar\u00e1 a investir\u201d<\/p>\n","protected":false},"excerpt":{"rendered":"<p>Foi h\u00e1 quase cinco d\u00e9cadas, 48 anos para ser mais preciso, que nasceu a Riler, uma empresa do setor t\u00eaxtil, que atuava na \u00e1rea da estamparia. A entrada de Amaro Vale na sociedade deu-se j\u00e1 nos anos 80, transformando o rumo da empresa. Sofia Vale, filha de Amaro Vale, revelou-nos&hellip;<\/p>\n","protected":false},"author":7,"featured_media":4916,"comment_status":"closed","ping_status":"open","sticky":false,"template":"","format":"standard","meta":{"advgb_blocks_editor_width":"","advgb_blocks_columns_visual_guide":"","_monsterinsights_skip_tracking":false,"_monsterinsights_sitenote_active":false,"_monsterinsights_sitenote_note":"","_monsterinsights_sitenote_category":0,"footnotes":""},"categories":[10,6,161],"tags":[1100,778,1102,1103],"class_list":["post-4912","post","type-post","status-publish","format-standard","has-post-thumbnail","hentry","category-economia","category-empreendedorismo","category-mundo-empresarial","tag-industria-textil","tag-internacionalizacao","tag-private-label","tag-riler"],"yoast_head":"<!-- This site is optimized with the Yoast SEO plugin v24.4 - https:\/\/yoast.com\/wordpress\/plugins\/seo\/ -->\n<title>Sofia Vale: \u201ca Riler tem uma preocupa\u00e7\u00e3o acrescida com a quest\u00e3o ambiental\u201d - Mais Magazine<\/title>\n<meta name=\"description\" content=\"Foi h\u00e1 quase cinco d\u00e9cadas, 48 anos para ser mais preciso, que nasceu a Riler, uma empresa do setor t\u00eaxtil, que atuava na \u00e1rea da estamparia. A entrada de Amaro Vale na sociedade deu-se j\u00e1 nos anos 80, transformando o rumo da empresa.\" \/>\n<meta name=\"robots\" content=\"index, follow, max-snippet:-1, max-image-preview:large, max-video-preview:-1\" \/>\n<link rel=\"canonical\" href=\"http:\/\/maismagazine.pt\/index.php\/2022\/11\/11\/sofia-vale-a-riler-tem-uma-preocupacao-acrescida-com-a-questao-ambiental\/\" \/>\n<meta property=\"og:locale\" content=\"pt_PT\" \/>\n<meta property=\"og:type\" content=\"article\" \/>\n<meta property=\"og:title\" content=\"Sofia Vale: \u201ca Riler tem uma preocupa\u00e7\u00e3o acrescida com a quest\u00e3o ambiental\u201d - Mais Magazine\" \/>\n<meta property=\"og:description\" content=\"Foi h\u00e1 quase cinco d\u00e9cadas, 48 anos para ser mais preciso, que nasceu a Riler, uma empresa do setor t\u00eaxtil, que atuava na \u00e1rea da estamparia. A entrada de Amaro Vale na sociedade deu-se j\u00e1 nos anos 80, transformando o rumo da empresa.\" \/>\n<meta property=\"og:url\" content=\"http:\/\/maismagazine.pt\/index.php\/2022\/11\/11\/sofia-vale-a-riler-tem-uma-preocupacao-acrescida-com-a-questao-ambiental\/\" \/>\n<meta property=\"og:site_name\" content=\"Mais Magazine\" \/>\n<meta property=\"article:published_time\" content=\"2022-11-11T07:00:00+00:00\" \/>\n<meta property=\"og:image\" content=\"http:\/\/maismagazine.pt\/wp-content\/uploads\/2022\/11\/aaf361a5-cb28-4782-ad93-ad4dbb8eebfe.jpg\" \/>\n\t<meta property=\"og:image:width\" content=\"768\" \/>\n\t<meta property=\"og:image:height\" content=\"1024\" \/>\n\t<meta property=\"og:image:type\" content=\"image\/jpeg\" \/>\n<meta name=\"author\" content=\"Jo\u00e3o Malainho\" \/>\n<meta name=\"twitter:card\" content=\"summary_large_image\" \/>\n<meta name=\"twitter:label1\" content=\"Escrito por\" \/>\n\t<meta name=\"twitter:data1\" content=\"\" \/>\n\t<meta name=\"twitter:label2\" content=\"Tempo estimado de leitura\" \/>\n\t<meta name=\"twitter:data2\" content=\"2 minutos\" \/>\n<script type=\"application\/ld+json\" class=\"yoast-schema-graph\">{\"@context\":\"https:\/\/schema.org\",\"@graph\":[{\"@type\":\"Article\",\"@id\":\"http:\/\/maismagazine.pt\/index.php\/2022\/11\/11\/sofia-vale-a-riler-tem-uma-preocupacao-acrescida-com-a-questao-ambiental\/#article\",\"isPartOf\":{\"@id\":\"http:\/\/maismagazine.pt\/index.php\/2022\/11\/11\/sofia-vale-a-riler-tem-uma-preocupacao-acrescida-com-a-questao-ambiental\/\"},\"author\":{\"name\":\"Jo\u00e3o Malainho\",\"@id\":\"https:\/\/maismagazine.pt\/#\/schema\/person\/999bd426f894ff56d397ec12ebd21ebb\"},\"headline\":\"Sofia Vale: \u201ca Riler tem uma preocupa\u00e7\u00e3o acrescida com a quest\u00e3o ambiental\u201d\",\"datePublished\":\"2022-11-11T07:00:00+00:00\",\"mainEntityOfPage\":{\"@id\":\"http:\/\/maismagazine.pt\/index.php\/2022\/11\/11\/sofia-vale-a-riler-tem-uma-preocupacao-acrescida-com-a-questao-ambiental\/\"},\"wordCount\":464,\"publisher\":{\"@id\":\"https:\/\/maismagazine.pt\/#organization\"},\"image\":{\"@id\":\"http:\/\/maismagazine.pt\/index.php\/2022\/11\/11\/sofia-vale-a-riler-tem-uma-preocupacao-acrescida-com-a-questao-ambiental\/#primaryimage\"},\"thumbnailUrl\":\"http:\/\/maismagazine.pt\/wp-content\/uploads\/2022\/11\/aaf361a5-cb28-4782-ad93-ad4dbb8eebfe.jpg\",\"keywords\":[\"ind\u00fastria t\u00eaxtil\",\"internacionaliza\u00e7\u00e3o\",\"Private Label\",\"Riler\"],\"articleSection\":[\"Economia\",\"Empreendedorismo\",\"Mundo Empresarial\"],\"inLanguage\":\"pt-PT\"},{\"@type\":\"WebPage\",\"@id\":\"http:\/\/maismagazine.pt\/index.php\/2022\/11\/11\/sofia-vale-a-riler-tem-uma-preocupacao-acrescida-com-a-questao-ambiental\/\",\"url\":\"http:\/\/maismagazine.pt\/index.php\/2022\/11\/11\/sofia-vale-a-riler-tem-uma-preocupacao-acrescida-com-a-questao-ambiental\/\",\"name\":\"Sofia Vale: \u201ca Riler tem uma preocupa\u00e7\u00e3o acrescida com a quest\u00e3o ambiental\u201d - Mais Magazine\",\"isPartOf\":{\"@id\":\"https:\/\/maismagazine.pt\/#website\"},\"primaryImageOfPage\":{\"@id\":\"http:\/\/maismagazine.pt\/index.php\/2022\/11\/11\/sofia-vale-a-riler-tem-uma-preocupacao-acrescida-com-a-questao-ambiental\/#primaryimage\"},\"image\":{\"@id\":\"http:\/\/maismagazine.pt\/index.php\/2022\/11\/11\/sofia-vale-a-riler-tem-uma-preocupacao-acrescida-com-a-questao-ambiental\/#primaryimage\"},\"thumbnailUrl\":\"http:\/\/maismagazine.pt\/wp-content\/uploads\/2022\/11\/aaf361a5-cb28-4782-ad93-ad4dbb8eebfe.jpg\",\"datePublished\":\"2022-11-11T07:00:00+00:00\",\"description\":\"Foi h\u00e1 quase cinco d\u00e9cadas, 48 anos para ser mais preciso, que nasceu a Riler, uma empresa do setor t\u00eaxtil, que atuava na \u00e1rea da estamparia. A entrada de Amaro Vale na sociedade deu-se j\u00e1 nos anos 80, transformando o rumo da empresa.\",\"breadcrumb\":{\"@id\":\"http:\/\/maismagazine.pt\/index.php\/2022\/11\/11\/sofia-vale-a-riler-tem-uma-preocupacao-acrescida-com-a-questao-ambiental\/#breadcrumb\"},\"inLanguage\":\"pt-PT\",\"potentialAction\":[{\"@type\":\"ReadAction\",\"target\":[\"http:\/\/maismagazine.pt\/index.php\/2022\/11\/11\/sofia-vale-a-riler-tem-uma-preocupacao-acrescida-com-a-questao-ambiental\/\"]}]},{\"@type\":\"ImageObject\",\"inLanguage\":\"pt-PT\",\"@id\":\"http:\/\/maismagazine.pt\/index.php\/2022\/11\/11\/sofia-vale-a-riler-tem-uma-preocupacao-acrescida-com-a-questao-ambiental\/#primaryimage\",\"url\":\"http:\/\/maismagazine.pt\/wp-content\/uploads\/2022\/11\/aaf361a5-cb28-4782-ad93-ad4dbb8eebfe.jpg\",\"contentUrl\":\"http:\/\/maismagazine.pt\/wp-content\/uploads\/2022\/11\/aaf361a5-cb28-4782-ad93-ad4dbb8eebfe.jpg\",\"width\":768,\"height\":1024},{\"@type\":\"BreadcrumbList\",\"@id\":\"http:\/\/maismagazine.pt\/index.php\/2022\/11\/11\/sofia-vale-a-riler-tem-uma-preocupacao-acrescida-com-a-questao-ambiental\/#breadcrumb\",\"itemListElement\":[{\"@type\":\"ListItem\",\"position\":1,\"name\":\"Home\",\"item\":\"https:\/\/maismagazine.pt\/\"},{\"@type\":\"ListItem\",\"position\":2,\"name\":\"Sofia Vale: \u201ca Riler tem uma preocupa\u00e7\u00e3o acrescida com a quest\u00e3o ambiental\u201d\"}]},{\"@type\":\"WebSite\",\"@id\":\"https:\/\/maismagazine.pt\/#website\",\"url\":\"https:\/\/maismagazine.pt\/\",\"name\":\"Mais Magazine\",\"description\":\"\",\"publisher\":{\"@id\":\"https:\/\/maismagazine.pt\/#organization\"},\"potentialAction\":[{\"@type\":\"SearchAction\",\"target\":{\"@type\":\"EntryPoint\",\"urlTemplate\":\"https:\/\/maismagazine.pt\/?s={search_term_string}\"},\"query-input\":{\"@type\":\"PropertyValueSpecification\",\"valueRequired\":true,\"valueName\":\"search_term_string\"}}],\"inLanguage\":\"pt-PT\"},{\"@type\":\"Organization\",\"@id\":\"https:\/\/maismagazine.pt\/#organization\",\"name\":\"Mais Magazine\",\"url\":\"https:\/\/maismagazine.pt\/\",\"logo\":{\"@type\":\"ImageObject\",\"inLanguage\":\"pt-PT\",\"@id\":\"https:\/\/maismagazine.pt\/#\/schema\/logo\/image\/\",\"url\":\"http:\/\/maismagazine.pt\/wp-content\/uploads\/2020\/04\/cropped-cropped-mais-magazine-site-logo-2.png\",\"contentUrl\":\"http:\/\/maismagazine.pt\/wp-content\/uploads\/2020\/04\/cropped-cropped-mais-magazine-site-logo-2.png\",\"width\":581,\"height\":90,\"caption\":\"Mais Magazine\"},\"image\":{\"@id\":\"https:\/\/maismagazine.pt\/#\/schema\/logo\/image\/\"}},{\"@type\":\"Person\",\"@id\":\"https:\/\/maismagazine.pt\/#\/schema\/person\/999bd426f894ff56d397ec12ebd21ebb\",\"name\":\"Jo\u00e3o Malainho\",\"image\":{\"@type\":\"ImageObject\",\"inLanguage\":\"pt-PT\",\"@id\":\"https:\/\/maismagazine.pt\/#\/schema\/person\/image\/\",\"url\":\"https:\/\/secure.gravatar.com\/avatar\/ff03c2f38edf60b2a827aa4f74878491?s=96&d=mm&r=g\",\"contentUrl\":\"https:\/\/secure.gravatar.com\/avatar\/ff03c2f38edf60b2a827aa4f74878491?s=96&d=mm&r=g\",\"caption\":\"Jo\u00e3o Malainho\"},\"url\":\"http:\/\/maismagazine.pt\/index.php\/author\/maismagazine\/\"}]}<\/script>\n<!-- \/ Yoast SEO plugin. -->","yoast_head_json":{"title":"Sofia Vale: \u201ca Riler tem uma preocupa\u00e7\u00e3o acrescida com a quest\u00e3o ambiental\u201d - Mais Magazine","description":"Foi h\u00e1 quase cinco d\u00e9cadas, 48 anos para ser mais preciso, que nasceu a Riler, uma empresa do setor t\u00eaxtil, que atuava na \u00e1rea da estamparia. A entrada de Amaro Vale na sociedade deu-se j\u00e1 nos anos 80, transformando o rumo da empresa.","robots":{"index":"index","follow":"follow","max-snippet":"max-snippet:-1","max-image-preview":"max-image-preview:large","max-video-preview":"max-video-preview:-1"},"canonical":"http:\/\/maismagazine.pt\/index.php\/2022\/11\/11\/sofia-vale-a-riler-tem-uma-preocupacao-acrescida-com-a-questao-ambiental\/","og_locale":"pt_PT","og_type":"article","og_title":"Sofia Vale: \u201ca Riler tem uma preocupa\u00e7\u00e3o acrescida com a quest\u00e3o ambiental\u201d - Mais Magazine","og_description":"Foi h\u00e1 quase cinco d\u00e9cadas, 48 anos para ser mais preciso, que nasceu a Riler, uma empresa do setor t\u00eaxtil, que atuava na \u00e1rea da estamparia. A entrada de Amaro Vale na sociedade deu-se j\u00e1 nos anos 80, transformando o rumo da empresa.","og_url":"http:\/\/maismagazine.pt\/index.php\/2022\/11\/11\/sofia-vale-a-riler-tem-uma-preocupacao-acrescida-com-a-questao-ambiental\/","og_site_name":"Mais Magazine","article_published_time":"2022-11-11T07:00:00+00:00","og_image":[{"width":768,"height":1024,"url":"http:\/\/maismagazine.pt\/wp-content\/uploads\/2022\/11\/aaf361a5-cb28-4782-ad93-ad4dbb8eebfe.jpg","type":"image\/jpeg"}],"author":"Jo\u00e3o Malainho","twitter_card":"summary_large_image","twitter_misc":{"Escrito por":false,"Tempo estimado de leitura":"2 minutos"},"schema":{"@context":"https:\/\/schema.org","@graph":[{"@type":"Article","@id":"http:\/\/maismagazine.pt\/index.php\/2022\/11\/11\/sofia-vale-a-riler-tem-uma-preocupacao-acrescida-com-a-questao-ambiental\/#article","isPartOf":{"@id":"http:\/\/maismagazine.pt\/index.php\/2022\/11\/11\/sofia-vale-a-riler-tem-uma-preocupacao-acrescida-com-a-questao-ambiental\/"},"author":{"name":"Jo\u00e3o Malainho","@id":"https:\/\/maismagazine.pt\/#\/schema\/person\/999bd426f894ff56d397ec12ebd21ebb"},"headline":"Sofia Vale: \u201ca Riler tem uma preocupa\u00e7\u00e3o acrescida com a quest\u00e3o ambiental\u201d","datePublished":"2022-11-11T07:00:00+00:00","mainEntityOfPage":{"@id":"http:\/\/maismagazine.pt\/index.php\/2022\/11\/11\/sofia-vale-a-riler-tem-uma-preocupacao-acrescida-com-a-questao-ambiental\/"},"wordCount":464,"publisher":{"@id":"https:\/\/maismagazine.pt\/#organization"},"image":{"@id":"http:\/\/maismagazine.pt\/index.php\/2022\/11\/11\/sofia-vale-a-riler-tem-uma-preocupacao-acrescida-com-a-questao-ambiental\/#primaryimage"},"thumbnailUrl":"http:\/\/maismagazine.pt\/wp-content\/uploads\/2022\/11\/aaf361a5-cb28-4782-ad93-ad4dbb8eebfe.jpg","keywords":["ind\u00fastria t\u00eaxtil","internacionaliza\u00e7\u00e3o","Private Label","Riler"],"articleSection":["Economia","Empreendedorismo","Mundo Empresarial"],"inLanguage":"pt-PT"},{"@type":"WebPage","@id":"http:\/\/maismagazine.pt\/index.php\/2022\/11\/11\/sofia-vale-a-riler-tem-uma-preocupacao-acrescida-com-a-questao-ambiental\/","url":"http:\/\/maismagazine.pt\/index.php\/2022\/11\/11\/sofia-vale-a-riler-tem-uma-preocupacao-acrescida-com-a-questao-ambiental\/","name":"Sofia Vale: \u201ca Riler tem uma preocupa\u00e7\u00e3o acrescida com a quest\u00e3o ambiental\u201d - Mais Magazine","isPartOf":{"@id":"https:\/\/maismagazine.pt\/#website"},"primaryImageOfPage":{"@id":"http:\/\/maismagazine.pt\/index.php\/2022\/11\/11\/sofia-vale-a-riler-tem-uma-preocupacao-acrescida-com-a-questao-ambiental\/#primaryimage"},"image":{"@id":"http:\/\/maismagazine.pt\/index.php\/2022\/11\/11\/sofia-vale-a-riler-tem-uma-preocupacao-acrescida-com-a-questao-ambiental\/#primaryimage"},"thumbnailUrl":"http:\/\/maismagazine.pt\/wp-content\/uploads\/2022\/11\/aaf361a5-cb28-4782-ad93-ad4dbb8eebfe.jpg","datePublished":"2022-11-11T07:00:00+00:00","description":"Foi h\u00e1 quase cinco d\u00e9cadas, 48 anos para ser mais preciso, que nasceu a Riler, uma empresa do setor t\u00eaxtil, que atuava na \u00e1rea da estamparia. A entrada de Amaro Vale na sociedade deu-se j\u00e1 nos anos 80, transformando o rumo da empresa.","breadcrumb":{"@id":"http:\/\/maismagazine.pt\/index.php\/2022\/11\/11\/sofia-vale-a-riler-tem-uma-preocupacao-acrescida-com-a-questao-ambiental\/#breadcrumb"},"inLanguage":"pt-PT","potentialAction":[{"@type":"ReadAction","target":["http:\/\/maismagazine.pt\/index.php\/2022\/11\/11\/sofia-vale-a-riler-tem-uma-preocupacao-acrescida-com-a-questao-ambiental\/"]}]},{"@type":"ImageObject","inLanguage":"pt-PT","@id":"http:\/\/maismagazine.pt\/index.php\/2022\/11\/11\/sofia-vale-a-riler-tem-uma-preocupacao-acrescida-com-a-questao-ambiental\/#primaryimage","url":"http:\/\/maismagazine.pt\/wp-content\/uploads\/2022\/11\/aaf361a5-cb28-4782-ad93-ad4dbb8eebfe.jpg","contentUrl":"http:\/\/maismagazine.pt\/wp-content\/uploads\/2022\/11\/aaf361a5-cb28-4782-ad93-ad4dbb8eebfe.jpg","width":768,"height":1024},{"@type":"BreadcrumbList","@id":"http:\/\/maismagazine.pt\/index.php\/2022\/11\/11\/sofia-vale-a-riler-tem-uma-preocupacao-acrescida-com-a-questao-ambiental\/#breadcrumb","itemListElement":[{"@type":"ListItem","position":1,"name":"Home","item":"https:\/\/maismagazine.pt\/"},{"@type":"ListItem","position":2,"name":"Sofia Vale: \u201ca Riler tem uma preocupa\u00e7\u00e3o acrescida com a quest\u00e3o ambiental\u201d"}]},{"@type":"WebSite","@id":"https:\/\/maismagazine.pt\/#website","url":"https:\/\/maismagazine.pt\/","name":"Mais Magazine","description":"","publisher":{"@id":"https:\/\/maismagazine.pt\/#organization"},"potentialAction":[{"@type":"SearchAction","target":{"@type":"EntryPoint","urlTemplate":"https:\/\/maismagazine.pt\/?s={search_term_string}"},"query-input":{"@type":"PropertyValueSpecification","valueRequired":true,"valueName":"search_term_string"}}],"inLanguage":"pt-PT"},{"@type":"Organization","@id":"https:\/\/maismagazine.pt\/#organization","name":"Mais Magazine","url":"https:\/\/maismagazine.pt\/","logo":{"@type":"ImageObject","inLanguage":"pt-PT","@id":"https:\/\/maismagazine.pt\/#\/schema\/logo\/image\/","url":"http:\/\/maismagazine.pt\/wp-content\/uploads\/2020\/04\/cropped-cropped-mais-magazine-site-logo-2.png","contentUrl":"http:\/\/maismagazine.pt\/wp-content\/uploads\/2020\/04\/cropped-cropped-mais-magazine-site-logo-2.png","width":581,"height":90,"caption":"Mais Magazine"},"image":{"@id":"https:\/\/maismagazine.pt\/#\/schema\/logo\/image\/"}},{"@type":"Person","@id":"https:\/\/maismagazine.pt\/#\/schema\/person\/999bd426f894ff56d397ec12ebd21ebb","name":"Jo\u00e3o Malainho","image":{"@type":"ImageObject","inLanguage":"pt-PT","@id":"https:\/\/maismagazine.pt\/#\/schema\/person\/image\/","url":"https:\/\/secure.gravatar.com\/avatar\/ff03c2f38edf60b2a827aa4f74878491?s=96&d=mm&r=g","contentUrl":"https:\/\/secure.gravatar.com\/avatar\/ff03c2f38edf60b2a827aa4f74878491?s=96&d=mm&r=g","caption":"Jo\u00e3o Malainho"},"url":"http:\/\/maismagazine.pt\/index.php\/author\/maismagazine\/"}]}},"author_meta":{"display_name":false,"author_link":"http:\/\/maismagazine.pt\/index.php\/author\/maismagazine\/"},"featured_img":"http:\/\/maismagazine.pt\/wp-content\/uploads\/2022\/11\/aaf361a5-cb28-4782-ad93-ad4dbb8eebfe-225x300.jpg","coauthors":[],"tax_additional":{"categories":{"linked":["<a href=\"http:\/\/maismagazine.pt\/index.php\/category\/economia\/\" class=\"advgb-post-tax-term\">Economia<\/a>","<a href=\"http:\/\/maismagazine.pt\/index.php\/category\/empreendedorismo\/\" class=\"advgb-post-tax-term\">Empreendedorismo<\/a>","<a href=\"http:\/\/maismagazine.pt\/index.php\/category\/mundo-empresarial\/\" class=\"advgb-post-tax-term\">Mundo Empresarial<\/a>"],"unlinked":["<span class=\"advgb-post-tax-term\">Economia<\/span>","<span class=\"advgb-post-tax-term\">Empreendedorismo<\/span>","<span class=\"advgb-post-tax-term\">Mundo Empresarial<\/span>"]},"tags":{"linked":["<a href=\"http:\/\/maismagazine.pt\/index.php\/category\/mundo-empresarial\/\" class=\"advgb-post-tax-term\">ind\u00fastria t\u00eaxtil<\/a>","<a href=\"http:\/\/maismagazine.pt\/index.php\/category\/mundo-empresarial\/\" class=\"advgb-post-tax-term\">internacionaliza\u00e7\u00e3o<\/a>","<a href=\"http:\/\/maismagazine.pt\/index.php\/category\/mundo-empresarial\/\" class=\"advgb-post-tax-term\">Private Label<\/a>","<a href=\"http:\/\/maismagazine.pt\/index.php\/category\/mundo-empresarial\/\" class=\"advgb-post-tax-term\">Riler<\/a>"],"unlinked":["<span class=\"advgb-post-tax-term\">ind\u00fastria t\u00eaxtil<\/span>","<span class=\"advgb-post-tax-term\">internacionaliza\u00e7\u00e3o<\/span>","<span class=\"advgb-post-tax-term\">Private Label<\/span>","<span class=\"advgb-post-tax-term\">Riler<\/span>"]}},"comment_count":"0","relative_dates":{"created":"Posted 3 anos ago","modified":"Updated 3 anos ago"},"absolute_dates":{"created":"Posted on 11 de Novembro, 2022","modified":"Updated on 4 de Novembro, 2022"},"absolute_dates_time":{"created":"Posted on 11 de Novembro, 2022 7:00","modified":"Updated on 4 de Novembro, 2022 15:15"},"featured_img_caption":"","series_order":"","_links":{"self":[{"href":"http:\/\/maismagazine.pt\/index.php\/wp-json\/wp\/v2\/posts\/4912","targetHints":{"allow":["GET"]}}],"collection":[{"href":"http:\/\/maismagazine.pt\/index.php\/wp-json\/wp\/v2\/posts"}],"about":[{"href":"http:\/\/maismagazine.pt\/index.php\/wp-json\/wp\/v2\/types\/post"}],"author":[{"embeddable":true,"href":"http:\/\/maismagazine.pt\/index.php\/wp-json\/wp\/v2\/users\/7"}],"replies":[{"embeddable":true,"href":"http:\/\/maismagazine.pt\/index.php\/wp-json\/wp\/v2\/comments?post=4912"}],"version-history":[{"count":1,"href":"http:\/\/maismagazine.pt\/index.php\/wp-json\/wp\/v2\/posts\/4912\/revisions"}],"predecessor-version":[{"id":4917,"href":"http:\/\/maismagazine.pt\/index.php\/wp-json\/wp\/v2\/posts\/4912\/revisions\/4917"}],"wp:featuredmedia":[{"embeddable":true,"href":"http:\/\/maismagazine.pt\/index.php\/wp-json\/wp\/v2\/media\/4916"}],"wp:attachment":[{"href":"http:\/\/maismagazine.pt\/index.php\/wp-json\/wp\/v2\/media?parent=4912"}],"wp:term":[{"taxonomy":"category","embeddable":true,"href":"http:\/\/maismagazine.pt\/index.php\/wp-json\/wp\/v2\/categories?post=4912"},{"taxonomy":"post_tag","embeddable":true,"href":"http:\/\/maismagazine.pt\/index.php\/wp-json\/wp\/v2\/tags?post=4912"}],"curies":[{"name":"wp","href":"https:\/\/api.w.org\/{rel}","templated":true}]}}