{"id":4884,"date":"2022-11-11T07:00:00","date_gmt":"2022-11-11T07:00:00","guid":{"rendered":"https:\/\/maismagazine.pt\/?p=4884"},"modified":"2022-11-04T16:54:08","modified_gmt":"2022-11-04T16:54:08","slug":"electroinstal-reforca-competitividade-com-inauguracao-de-novas-instalacoes","status":"publish","type":"post","link":"http:\/\/maismagazine.pt\/index.php\/2022\/11\/11\/electroinstal-reforca-competitividade-com-inauguracao-de-novas-instalacoes\/","title":{"rendered":"Electroinstal refor\u00e7a competitividade com inaugura\u00e7\u00e3o de novas instala\u00e7\u00f5es"},"content":{"rendered":"\n<p><strong>Fundada por Ivo Ribeiro, a <a href=\"https:\/\/www.electroinstal.pt\/\">Electroinstal<\/a>, empresa que presta servi\u00e7os na \u00e1rea das instala\u00e7\u00f5es el\u00e9tricas e da climatiza\u00e7\u00e3o, nasceu em 2006. Ao longo destes 16 anos, a empresa da Maia cumpriu o objetivo do seu fundador, passando de um espa\u00e7o de apenas 20 metros quadrados, para um com 3500 e de dois colaboradores para 120, garantindo ainda cerca de mais 60 postos de trabalho indiretos. No pr\u00f3ximo dia 4 de novembro a Electroinstal ir\u00e1 inaugurar as suas novas instala\u00e7\u00f5es, em \u00c1guas Santas.<\/strong><\/p>\n\n\n\n<p><\/p>\n\n\n\n<p>Em entrevista \u00e0 Mais Magazine, Ivo Ribeiro, fundador da Electroinstal, fez um balan\u00e7o bastante positivo daquilo que foi a evolu\u00e7\u00e3o da empresa ao longos dos \u00faltimos anos. \u201cForam 16 anos de luta, conquistas e muitos altos e baixos para chegarmos a um patamar elevado\u201d. O empres\u00e1rio confidenciou que este caminho nem sempre foi um mar de rosas e que a empresa enfrentou v\u00e1rios desafios ao longo destes anos. Desafios esses que serviram como aprendizagem e ajudaram a Electroinstal a crescer dia ap\u00f3s dia.<\/p>\n\n\n\n<p>Quanto \u00e0s novas instala\u00e7\u00f5es, que foram inauguradas no dia 4 de novembro, ficam em \u00c1guas Santas, no munic\u00edpio da Maia, local onde nasceu e cresceu o fundador da empresa. Para al\u00e9m de toda a import\u00e2ncia que j\u00e1 tem, o dia 4 de novembro ganhou ainda mais relev\u00e2ncia, tendo em conta que \u00e9 o dia de anivers\u00e1rio de Ivo Ribeiro. Ainda assim, esta n\u00e3o \u00e9 uma conquista apenas pessoal, mas sim, de todos os colaboradores da empresa que t\u00eam ajudado a Electroinstal a crescer e a afirmar-se no mercado. O empres\u00e1rio caracteriza os seus colaboradores como \u201cfam\u00edlia\u201d, visando que este \u00e9 \u201cum dia de confraterniza\u00e7\u00e3o que vamos proporcionar aos nossos colaboradores e \u00e0s suas fam\u00edlias para nos conhecermos melhor\u201d. Exemplo disto, \u00e9 o facto de na empresa existirem colaboradores que est\u00e3o com Ivo Ribeiro e com a Eletroinstal desde o primeiro dia e cujo relacionamento ultrapassa em muito a simples rela\u00e7\u00e3o laboral que os une. O empres\u00e1rio tamb\u00e9m real\u00e7a o apoio familiar que sempre teve em todos os bons e maus momentos desta aventura.<\/p>\n\n\n\n<p>Relativamente \u00e0s novas infraestruturas, Ivo Ribeiro revela que foram investidos mais de dois milh\u00f5es de euros nas novas instala\u00e7\u00f5es, naquele que \u00e9 um passo gigante e sustentado na prepara\u00e7\u00e3o do futuro da empresa. Com o passar dos anos as instala\u00e7\u00f5es antigas come\u00e7aram a revelar-se insuficientes para a capacidade de neg\u00f3cio que a empresa mostrava. \u201cN\u00f3s temos cerca de 50 viaturas e mais de 100 colaboradores e t\u00ednhamos muita dificuldade em dar resposta a todas as necessidades de parque e de postos de trabalhos confort\u00e1veis. T\u00ednhamos tamb\u00e9m uma dificuldade enorme na capacidade de armazenamento, porque cada vez temos mais projetos em curso e n\u00e3o t\u00ednhamos onde armazenar equipamentos, mat\u00e9rias primas e todas as ferramentas e meios de eleva\u00e7\u00e3o que constituem o nosso invent\u00e1rio de equipamentos.<\/p>\n\n\n\n<p>Aliado a isto, com crescimento a n\u00edvel de recursos humanos e da reorganiza\u00e7\u00e3o e cria\u00e7\u00e3o dos departamentos, come\u00e7ou a tornar-se cada vez mais complicado garantir as condi\u00e7\u00f5es necess\u00e1rias para a equipa conseguir desempenhar as suas fun\u00e7\u00f5es. \u201cEra invi\u00e1vel continuarmos onde est\u00e1vamos para o crescimento que est\u00e1vamos a ter. Posto isto, n\u00e3o havia outra forma sen\u00e3o a aquisi\u00e7\u00e3o de um novo espa\u00e7o, com uma \u00e1rea superior, de forma que toda a gente tenha condi\u00e7\u00f5es ideais de trabalho e conforto e que uma empresa em crescimento, que \u00e9 o nosso caso, consiga trabalhar e fazer o seu modus operandi de uma forma normal e tranquila\u201d.<\/p>\n\n\n\n<p>Apesar do investimento j\u00e1 ter sido grande, Ivo Ribeiro referiu que tem ambi\u00e7\u00e3o ainda para uma futura expans\u00e3o das instala\u00e7\u00f5es, dizendo que ainda t\u00eam a possibilidade de duplicar uma parte da \u00e1rea, de 1.600 metros para 3.200. Para o fundador da empresa, o mercado internacional \u00e9 uma porta que pode voltar a abrir-se com a inaugura\u00e7\u00e3o das novas instala\u00e7\u00f5es. \u201c\u00c9 \u00f3bvio que estas instala\u00e7\u00f5es e a nossa estrutura nos d\u00e3o alento, esperan\u00e7a e motiva\u00e7\u00e3o para o nosso dia-a-dia, mas tamb\u00e9m para a entrada no mercado internacional. Essa hip\u00f3tese n\u00e3o est\u00e1 posta de lado. Ali\u00e1s, todos os meses surgem contactos de diversos outros pa\u00edses da Europa e n\u00e3o s\u00f3. \u00c9 algo que n\u00e3o est\u00e1 descartado e que queremos colocar em pr\u00e1tica\u201d.<\/p>\n\n\n\n<p>Acima de tudo, para Ivo Ribeiro, a cara da empresa nos \u00faltimos 16 anos, o importante \u00e9 que este novo edif\u00edcio ajude \u201ca ter uma imagem diferenciada e de qualidade reconhecida no mercado\u201d. A Electroinstal n\u00e3o pretende ser superior a ningu\u00e9m, mas tem como miss\u00e3o afirmar-se como a melhor empresa do seu setor. \u201c\u00c9 importante que o cliente quando vem c\u00e1, veja que a Electroinstal \u00e9 uma empresa estruturada e organizada. Queremos que as pessoas quando v\u00eam c\u00e1 percebam que n\u00e3o \u00e9 pelo pre\u00e7o que conseguimos \u2018ganhar\u2019 obras, mas sim pela nossa qualidade e pelo nosso servi\u00e7o\u201d.<\/p>\n\n\n\n<p>As novas instala\u00e7\u00f5es recentemente inauguradas, e o empres\u00e1rio j\u00e1 pensa em planos futuros. \u00c0 Mais Magazine, Ivo Ribeiro revelou que os pr\u00f3ximos passos passam por tornar a Electroinstal numa Sociedade An\u00f3nima e implementar na empresa a norma ISO 9001, 14001 e 18001.<\/p>\n\n\n\n<p>Por fim, o jovem empres\u00e1rio revelou que querem \u201ccontinuar a apostar no mercado dos concursos p\u00fablicos\u201d e que pretendem qualifica\u00e7\u00e3o como fornecedor na E-Redes, de modo a tornarem-se instaladores autorizados para fazer ramais de distribui\u00e7\u00e3o e instala\u00e7\u00f5es de ilumina\u00e7\u00e3o p\u00fablica e m\u00e9dia tens\u00e3o. J\u00e1 possuem certifica\u00e7\u00e3o na Certif como empresa qualificada para as instala\u00e7\u00f5es de sistemas climatiza\u00e7\u00e3o, certifica\u00e7\u00e3o na ANEPC nas diversas \u00e1reas de seguran\u00e7a, com v\u00e1rios t\u00e9cnicos TIM III e t\u00e9cnicos respons\u00e1veis nos respetivos departamentos com mais de 15 Engenheiros nas \u00e1reas de instala\u00e7\u00f5es el\u00e9tricas e instala\u00e7\u00f5es mec\u00e2nicas, continuando sempre a apostar nos recursos humanos com forma\u00e7\u00e3o e colaborando no seu desenvolvimento acad\u00e9mico e profissional.<\/p>\n","protected":false},"excerpt":{"rendered":"<p>Fundada por Ivo Ribeiro, a Electroinstal, empresa que presta servi\u00e7os na \u00e1rea das instala\u00e7\u00f5es el\u00e9tricas e da climatiza\u00e7\u00e3o, nasceu em 2006. Ao longo destes 16 anos, a empresa da Maia cumpriu o objetivo do seu fundador, passando de um espa\u00e7o de apenas 20 metros quadrados, para um com 3500 e&hellip;<\/p>\n","protected":false},"author":17,"featured_media":4886,"comment_status":"closed","ping_status":"open","sticky":false,"template":"","format":"standard","meta":{"advgb_blocks_editor_width":"","advgb_blocks_columns_visual_guide":"","_monsterinsights_skip_tracking":false,"_monsterinsights_sitenote_active":false,"_monsterinsights_sitenote_note":"","_monsterinsights_sitenote_category":0,"footnotes":""},"categories":[78,6],"tags":[1130,1129],"class_list":["post-4884","post","type-post","status-publish","format-standard","has-post-thumbnail","hentry","category-ambiente-e-sustentabilidade","category-empreendedorismo","tag-climatizacao","tag-instalacoes-eletricas"],"yoast_head":"<!-- This site is optimized with the Yoast SEO plugin v24.4 - https:\/\/yoast.com\/wordpress\/plugins\/seo\/ -->\n<title>Electroinstal refor\u00e7a competitividade com inaugura\u00e7\u00e3o de novas instala\u00e7\u00f5es - Mais Magazine<\/title>\n<meta name=\"description\" content=\"Fundada por Ivo Ribeiro, a Electroinstal, empresa que presta servi\u00e7os na \u00e1rea das instala\u00e7\u00f5es el\u00e9tricas e da climatiza\u00e7\u00e3o, nasceu em 2006. Ao longo destes 16 anos, a empresa da Maia cumpriu o objetivo do seu fundador, passando de um espa\u00e7o de apenas 20 metros quadrados, para um com 3500 e de dois colaboradores para 120, garantindo ainda cerca de mais 60 postos de trabalho indiretos. No pr\u00f3ximo dia 4 de novembro a Electroinstal ir\u00e1 inaugurar as suas novas instala\u00e7\u00f5es, em \u00c1guas Santas.\" \/>\n<meta name=\"robots\" content=\"index, follow, max-snippet:-1, max-image-preview:large, max-video-preview:-1\" \/>\n<link rel=\"canonical\" href=\"https:\/\/maismagazine.pt\/index.php\/2022\/11\/11\/electroinstal-reforca-competitividade-com-inauguracao-de-novas-instalacoes\/\" \/>\n<meta property=\"og:locale\" content=\"pt_PT\" \/>\n<meta property=\"og:type\" content=\"article\" \/>\n<meta property=\"og:title\" content=\"Electroinstal refor\u00e7a competitividade com inaugura\u00e7\u00e3o de novas instala\u00e7\u00f5es - Mais Magazine\" \/>\n<meta property=\"og:description\" content=\"Fundada por Ivo Ribeiro, a Electroinstal, empresa que presta servi\u00e7os na \u00e1rea das instala\u00e7\u00f5es el\u00e9tricas e da climatiza\u00e7\u00e3o, nasceu em 2006. Ao longo destes 16 anos, a empresa da Maia cumpriu o objetivo do seu fundador, passando de um espa\u00e7o de apenas 20 metros quadrados, para um com 3500 e de dois colaboradores para 120, garantindo ainda cerca de mais 60 postos de trabalho indiretos. No pr\u00f3ximo dia 4 de novembro a Electroinstal ir\u00e1 inaugurar as suas novas instala\u00e7\u00f5es, em \u00c1guas Santas.\" \/>\n<meta property=\"og:url\" content=\"https:\/\/maismagazine.pt\/index.php\/2022\/11\/11\/electroinstal-reforca-competitividade-com-inauguracao-de-novas-instalacoes\/\" \/>\n<meta property=\"og:site_name\" content=\"Mais Magazine\" \/>\n<meta property=\"article:published_time\" content=\"2022-11-11T07:00:00+00:00\" \/>\n<meta property=\"og:image\" content=\"https:\/\/maismagazine.pt\/wp-content\/uploads\/2022\/11\/foto-ivo-ribeiro_edited-3.jpg\" \/>\n\t<meta property=\"og:image:width\" content=\"342\" \/>\n\t<meta property=\"og:image:height\" content=\"646\" \/>\n\t<meta property=\"og:image:type\" content=\"image\/jpeg\" \/>\n<meta name=\"author\" content=\"Tiago Costa\" \/>\n<meta name=\"twitter:card\" content=\"summary_large_image\" \/>\n<meta name=\"twitter:label1\" content=\"Escrito por\" \/>\n\t<meta name=\"twitter:data1\" content=\"\" \/>\n\t<meta name=\"twitter:label2\" content=\"Tempo estimado de leitura\" \/>\n\t<meta name=\"twitter:data2\" content=\"5 minutos\" \/>\n<script type=\"application\/ld+json\" class=\"yoast-schema-graph\">{\"@context\":\"https:\/\/schema.org\",\"@graph\":[{\"@type\":\"Article\",\"@id\":\"https:\/\/maismagazine.pt\/index.php\/2022\/11\/11\/electroinstal-reforca-competitividade-com-inauguracao-de-novas-instalacoes\/#article\",\"isPartOf\":{\"@id\":\"https:\/\/maismagazine.pt\/index.php\/2022\/11\/11\/electroinstal-reforca-competitividade-com-inauguracao-de-novas-instalacoes\/\"},\"author\":{\"name\":\"Tiago Costa\",\"@id\":\"http:\/\/maismagazine.pt\/#\/schema\/person\/c6c5bfccc886434cbd11c74e035f9646\"},\"headline\":\"Electroinstal refor\u00e7a competitividade com inaugura\u00e7\u00e3o de novas instala\u00e7\u00f5es\",\"datePublished\":\"2022-11-11T07:00:00+00:00\",\"mainEntityOfPage\":{\"@id\":\"https:\/\/maismagazine.pt\/index.php\/2022\/11\/11\/electroinstal-reforca-competitividade-com-inauguracao-de-novas-instalacoes\/\"},\"wordCount\":1021,\"publisher\":{\"@id\":\"http:\/\/maismagazine.pt\/#organization\"},\"image\":{\"@id\":\"https:\/\/maismagazine.pt\/index.php\/2022\/11\/11\/electroinstal-reforca-competitividade-com-inauguracao-de-novas-instalacoes\/#primaryimage\"},\"thumbnailUrl\":\"http:\/\/maismagazine.pt\/wp-content\/uploads\/2022\/11\/foto-ivo-ribeiro_edited-3.jpg\",\"keywords\":[\"climatiza\u00e7\u00e3o\",\"instala\u00e7\u00f5es el\u00e9tricas\"],\"articleSection\":[\"Ambiente e Sustentabilidade\",\"Empreendedorismo\"],\"inLanguage\":\"pt-PT\"},{\"@type\":\"WebPage\",\"@id\":\"https:\/\/maismagazine.pt\/index.php\/2022\/11\/11\/electroinstal-reforca-competitividade-com-inauguracao-de-novas-instalacoes\/\",\"url\":\"https:\/\/maismagazine.pt\/index.php\/2022\/11\/11\/electroinstal-reforca-competitividade-com-inauguracao-de-novas-instalacoes\/\",\"name\":\"Electroinstal refor\u00e7a competitividade com inaugura\u00e7\u00e3o de novas instala\u00e7\u00f5es - Mais Magazine\",\"isPartOf\":{\"@id\":\"http:\/\/maismagazine.pt\/#website\"},\"primaryImageOfPage\":{\"@id\":\"https:\/\/maismagazine.pt\/index.php\/2022\/11\/11\/electroinstal-reforca-competitividade-com-inauguracao-de-novas-instalacoes\/#primaryimage\"},\"image\":{\"@id\":\"https:\/\/maismagazine.pt\/index.php\/2022\/11\/11\/electroinstal-reforca-competitividade-com-inauguracao-de-novas-instalacoes\/#primaryimage\"},\"thumbnailUrl\":\"http:\/\/maismagazine.pt\/wp-content\/uploads\/2022\/11\/foto-ivo-ribeiro_edited-3.jpg\",\"datePublished\":\"2022-11-11T07:00:00+00:00\",\"description\":\"Fundada por Ivo Ribeiro, a Electroinstal, empresa que presta servi\u00e7os na \u00e1rea das instala\u00e7\u00f5es el\u00e9tricas e da climatiza\u00e7\u00e3o, nasceu em 2006. Ao longo destes 16 anos, a empresa da Maia cumpriu o objetivo do seu fundador, passando de um espa\u00e7o de apenas 20 metros quadrados, para um com 3500 e de dois colaboradores para 120, garantindo ainda cerca de mais 60 postos de trabalho indiretos. No pr\u00f3ximo dia 4 de novembro a Electroinstal ir\u00e1 inaugurar as suas novas instala\u00e7\u00f5es, em \u00c1guas Santas.\",\"breadcrumb\":{\"@id\":\"https:\/\/maismagazine.pt\/index.php\/2022\/11\/11\/electroinstal-reforca-competitividade-com-inauguracao-de-novas-instalacoes\/#breadcrumb\"},\"inLanguage\":\"pt-PT\",\"potentialAction\":[{\"@type\":\"ReadAction\",\"target\":[\"https:\/\/maismagazine.pt\/index.php\/2022\/11\/11\/electroinstal-reforca-competitividade-com-inauguracao-de-novas-instalacoes\/\"]}]},{\"@type\":\"ImageObject\",\"inLanguage\":\"pt-PT\",\"@id\":\"https:\/\/maismagazine.pt\/index.php\/2022\/11\/11\/electroinstal-reforca-competitividade-com-inauguracao-de-novas-instalacoes\/#primaryimage\",\"url\":\"http:\/\/maismagazine.pt\/wp-content\/uploads\/2022\/11\/foto-ivo-ribeiro_edited-3.jpg\",\"contentUrl\":\"http:\/\/maismagazine.pt\/wp-content\/uploads\/2022\/11\/foto-ivo-ribeiro_edited-3.jpg\",\"width\":342,\"height\":646},{\"@type\":\"BreadcrumbList\",\"@id\":\"https:\/\/maismagazine.pt\/index.php\/2022\/11\/11\/electroinstal-reforca-competitividade-com-inauguracao-de-novas-instalacoes\/#breadcrumb\",\"itemListElement\":[{\"@type\":\"ListItem\",\"position\":1,\"name\":\"Home\",\"item\":\"http:\/\/maismagazine.pt\/\"},{\"@type\":\"ListItem\",\"position\":2,\"name\":\"Electroinstal refor\u00e7a competitividade com inaugura\u00e7\u00e3o de novas instala\u00e7\u00f5es\"}]},{\"@type\":\"WebSite\",\"@id\":\"http:\/\/maismagazine.pt\/#website\",\"url\":\"http:\/\/maismagazine.pt\/\",\"name\":\"Mais Magazine\",\"description\":\"\",\"publisher\":{\"@id\":\"http:\/\/maismagazine.pt\/#organization\"},\"potentialAction\":[{\"@type\":\"SearchAction\",\"target\":{\"@type\":\"EntryPoint\",\"urlTemplate\":\"http:\/\/maismagazine.pt\/?s={search_term_string}\"},\"query-input\":{\"@type\":\"PropertyValueSpecification\",\"valueRequired\":true,\"valueName\":\"search_term_string\"}}],\"inLanguage\":\"pt-PT\"},{\"@type\":\"Organization\",\"@id\":\"http:\/\/maismagazine.pt\/#organization\",\"name\":\"Mais Magazine\",\"url\":\"http:\/\/maismagazine.pt\/\",\"logo\":{\"@type\":\"ImageObject\",\"inLanguage\":\"pt-PT\",\"@id\":\"http:\/\/maismagazine.pt\/#\/schema\/logo\/image\/\",\"url\":\"http:\/\/maismagazine.pt\/wp-content\/uploads\/2020\/04\/cropped-cropped-mais-magazine-site-logo-2.png\",\"contentUrl\":\"http:\/\/maismagazine.pt\/wp-content\/uploads\/2020\/04\/cropped-cropped-mais-magazine-site-logo-2.png\",\"width\":581,\"height\":90,\"caption\":\"Mais Magazine\"},\"image\":{\"@id\":\"http:\/\/maismagazine.pt\/#\/schema\/logo\/image\/\"}},{\"@type\":\"Person\",\"@id\":\"http:\/\/maismagazine.pt\/#\/schema\/person\/c6c5bfccc886434cbd11c74e035f9646\",\"name\":\"Tiago Costa\",\"image\":{\"@type\":\"ImageObject\",\"inLanguage\":\"pt-PT\",\"@id\":\"http:\/\/maismagazine.pt\/#\/schema\/person\/image\/\",\"url\":\"https:\/\/secure.gravatar.com\/avatar\/c599b2bce16c9870429198cbad5ee022?s=96&d=mm&r=g\",\"contentUrl\":\"https:\/\/secure.gravatar.com\/avatar\/c599b2bce16c9870429198cbad5ee022?s=96&d=mm&r=g\",\"caption\":\"Tiago Costa\"},\"url\":\"http:\/\/maismagazine.pt\/index.php\/author\/tiago\/\"}]}<\/script>\n<!-- \/ Yoast SEO plugin. -->","yoast_head_json":{"title":"Electroinstal refor\u00e7a competitividade com inaugura\u00e7\u00e3o de novas instala\u00e7\u00f5es - Mais Magazine","description":"Fundada por Ivo Ribeiro, a Electroinstal, empresa que presta servi\u00e7os na \u00e1rea das instala\u00e7\u00f5es el\u00e9tricas e da climatiza\u00e7\u00e3o, nasceu em 2006. Ao longo destes 16 anos, a empresa da Maia cumpriu o objetivo do seu fundador, passando de um espa\u00e7o de apenas 20 metros quadrados, para um com 3500 e de dois colaboradores para 120, garantindo ainda cerca de mais 60 postos de trabalho indiretos. No pr\u00f3ximo dia 4 de novembro a Electroinstal ir\u00e1 inaugurar as suas novas instala\u00e7\u00f5es, em \u00c1guas Santas.","robots":{"index":"index","follow":"follow","max-snippet":"max-snippet:-1","max-image-preview":"max-image-preview:large","max-video-preview":"max-video-preview:-1"},"canonical":"https:\/\/maismagazine.pt\/index.php\/2022\/11\/11\/electroinstal-reforca-competitividade-com-inauguracao-de-novas-instalacoes\/","og_locale":"pt_PT","og_type":"article","og_title":"Electroinstal refor\u00e7a competitividade com inaugura\u00e7\u00e3o de novas instala\u00e7\u00f5es - Mais Magazine","og_description":"Fundada por Ivo Ribeiro, a Electroinstal, empresa que presta servi\u00e7os na \u00e1rea das instala\u00e7\u00f5es el\u00e9tricas e da climatiza\u00e7\u00e3o, nasceu em 2006. Ao longo destes 16 anos, a empresa da Maia cumpriu o objetivo do seu fundador, passando de um espa\u00e7o de apenas 20 metros quadrados, para um com 3500 e de dois colaboradores para 120, garantindo ainda cerca de mais 60 postos de trabalho indiretos. No pr\u00f3ximo dia 4 de novembro a Electroinstal ir\u00e1 inaugurar as suas novas instala\u00e7\u00f5es, em \u00c1guas Santas.","og_url":"https:\/\/maismagazine.pt\/index.php\/2022\/11\/11\/electroinstal-reforca-competitividade-com-inauguracao-de-novas-instalacoes\/","og_site_name":"Mais Magazine","article_published_time":"2022-11-11T07:00:00+00:00","og_image":[{"width":342,"height":646,"url":"https:\/\/maismagazine.pt\/wp-content\/uploads\/2022\/11\/foto-ivo-ribeiro_edited-3.jpg","type":"image\/jpeg"}],"author":"Tiago Costa","twitter_card":"summary_large_image","twitter_misc":{"Escrito por":false,"Tempo estimado de leitura":"5 minutos"},"schema":{"@context":"https:\/\/schema.org","@graph":[{"@type":"Article","@id":"https:\/\/maismagazine.pt\/index.php\/2022\/11\/11\/electroinstal-reforca-competitividade-com-inauguracao-de-novas-instalacoes\/#article","isPartOf":{"@id":"https:\/\/maismagazine.pt\/index.php\/2022\/11\/11\/electroinstal-reforca-competitividade-com-inauguracao-de-novas-instalacoes\/"},"author":{"name":"Tiago Costa","@id":"http:\/\/maismagazine.pt\/#\/schema\/person\/c6c5bfccc886434cbd11c74e035f9646"},"headline":"Electroinstal refor\u00e7a competitividade com inaugura\u00e7\u00e3o de novas instala\u00e7\u00f5es","datePublished":"2022-11-11T07:00:00+00:00","mainEntityOfPage":{"@id":"https:\/\/maismagazine.pt\/index.php\/2022\/11\/11\/electroinstal-reforca-competitividade-com-inauguracao-de-novas-instalacoes\/"},"wordCount":1021,"publisher":{"@id":"http:\/\/maismagazine.pt\/#organization"},"image":{"@id":"https:\/\/maismagazine.pt\/index.php\/2022\/11\/11\/electroinstal-reforca-competitividade-com-inauguracao-de-novas-instalacoes\/#primaryimage"},"thumbnailUrl":"http:\/\/maismagazine.pt\/wp-content\/uploads\/2022\/11\/foto-ivo-ribeiro_edited-3.jpg","keywords":["climatiza\u00e7\u00e3o","instala\u00e7\u00f5es el\u00e9tricas"],"articleSection":["Ambiente e Sustentabilidade","Empreendedorismo"],"inLanguage":"pt-PT"},{"@type":"WebPage","@id":"https:\/\/maismagazine.pt\/index.php\/2022\/11\/11\/electroinstal-reforca-competitividade-com-inauguracao-de-novas-instalacoes\/","url":"https:\/\/maismagazine.pt\/index.php\/2022\/11\/11\/electroinstal-reforca-competitividade-com-inauguracao-de-novas-instalacoes\/","name":"Electroinstal refor\u00e7a competitividade com inaugura\u00e7\u00e3o de novas instala\u00e7\u00f5es - Mais Magazine","isPartOf":{"@id":"http:\/\/maismagazine.pt\/#website"},"primaryImageOfPage":{"@id":"https:\/\/maismagazine.pt\/index.php\/2022\/11\/11\/electroinstal-reforca-competitividade-com-inauguracao-de-novas-instalacoes\/#primaryimage"},"image":{"@id":"https:\/\/maismagazine.pt\/index.php\/2022\/11\/11\/electroinstal-reforca-competitividade-com-inauguracao-de-novas-instalacoes\/#primaryimage"},"thumbnailUrl":"http:\/\/maismagazine.pt\/wp-content\/uploads\/2022\/11\/foto-ivo-ribeiro_edited-3.jpg","datePublished":"2022-11-11T07:00:00+00:00","description":"Fundada por Ivo Ribeiro, a Electroinstal, empresa que presta servi\u00e7os na \u00e1rea das instala\u00e7\u00f5es el\u00e9tricas e da climatiza\u00e7\u00e3o, nasceu em 2006. Ao longo destes 16 anos, a empresa da Maia cumpriu o objetivo do seu fundador, passando de um espa\u00e7o de apenas 20 metros quadrados, para um com 3500 e de dois colaboradores para 120, garantindo ainda cerca de mais 60 postos de trabalho indiretos. No pr\u00f3ximo dia 4 de novembro a Electroinstal ir\u00e1 inaugurar as suas novas instala\u00e7\u00f5es, em \u00c1guas Santas.","breadcrumb":{"@id":"https:\/\/maismagazine.pt\/index.php\/2022\/11\/11\/electroinstal-reforca-competitividade-com-inauguracao-de-novas-instalacoes\/#breadcrumb"},"inLanguage":"pt-PT","potentialAction":[{"@type":"ReadAction","target":["https:\/\/maismagazine.pt\/index.php\/2022\/11\/11\/electroinstal-reforca-competitividade-com-inauguracao-de-novas-instalacoes\/"]}]},{"@type":"ImageObject","inLanguage":"pt-PT","@id":"https:\/\/maismagazine.pt\/index.php\/2022\/11\/11\/electroinstal-reforca-competitividade-com-inauguracao-de-novas-instalacoes\/#primaryimage","url":"http:\/\/maismagazine.pt\/wp-content\/uploads\/2022\/11\/foto-ivo-ribeiro_edited-3.jpg","contentUrl":"http:\/\/maismagazine.pt\/wp-content\/uploads\/2022\/11\/foto-ivo-ribeiro_edited-3.jpg","width":342,"height":646},{"@type":"BreadcrumbList","@id":"https:\/\/maismagazine.pt\/index.php\/2022\/11\/11\/electroinstal-reforca-competitividade-com-inauguracao-de-novas-instalacoes\/#breadcrumb","itemListElement":[{"@type":"ListItem","position":1,"name":"Home","item":"http:\/\/maismagazine.pt\/"},{"@type":"ListItem","position":2,"name":"Electroinstal refor\u00e7a competitividade com inaugura\u00e7\u00e3o de novas instala\u00e7\u00f5es"}]},{"@type":"WebSite","@id":"http:\/\/maismagazine.pt\/#website","url":"http:\/\/maismagazine.pt\/","name":"Mais Magazine","description":"","publisher":{"@id":"http:\/\/maismagazine.pt\/#organization"},"potentialAction":[{"@type":"SearchAction","target":{"@type":"EntryPoint","urlTemplate":"http:\/\/maismagazine.pt\/?s={search_term_string}"},"query-input":{"@type":"PropertyValueSpecification","valueRequired":true,"valueName":"search_term_string"}}],"inLanguage":"pt-PT"},{"@type":"Organization","@id":"http:\/\/maismagazine.pt\/#organization","name":"Mais Magazine","url":"http:\/\/maismagazine.pt\/","logo":{"@type":"ImageObject","inLanguage":"pt-PT","@id":"http:\/\/maismagazine.pt\/#\/schema\/logo\/image\/","url":"http:\/\/maismagazine.pt\/wp-content\/uploads\/2020\/04\/cropped-cropped-mais-magazine-site-logo-2.png","contentUrl":"http:\/\/maismagazine.pt\/wp-content\/uploads\/2020\/04\/cropped-cropped-mais-magazine-site-logo-2.png","width":581,"height":90,"caption":"Mais Magazine"},"image":{"@id":"http:\/\/maismagazine.pt\/#\/schema\/logo\/image\/"}},{"@type":"Person","@id":"http:\/\/maismagazine.pt\/#\/schema\/person\/c6c5bfccc886434cbd11c74e035f9646","name":"Tiago Costa","image":{"@type":"ImageObject","inLanguage":"pt-PT","@id":"http:\/\/maismagazine.pt\/#\/schema\/person\/image\/","url":"https:\/\/secure.gravatar.com\/avatar\/c599b2bce16c9870429198cbad5ee022?s=96&d=mm&r=g","contentUrl":"https:\/\/secure.gravatar.com\/avatar\/c599b2bce16c9870429198cbad5ee022?s=96&d=mm&r=g","caption":"Tiago Costa"},"url":"http:\/\/maismagazine.pt\/index.php\/author\/tiago\/"}]}},"author_meta":{"display_name":false,"author_link":"http:\/\/maismagazine.pt\/index.php\/author\/tiago\/"},"featured_img":"http:\/\/maismagazine.pt\/wp-content\/uploads\/2022\/11\/foto-ivo-ribeiro_edited-3-159x300.jpg","coauthors":[],"tax_additional":{"categories":{"linked":["<a href=\"http:\/\/maismagazine.pt\/index.php\/category\/empreendedorismo\/ambiente-e-sustentabilidade\/\" class=\"advgb-post-tax-term\">Ambiente e Sustentabilidade<\/a>","<a href=\"http:\/\/maismagazine.pt\/index.php\/category\/empreendedorismo\/\" class=\"advgb-post-tax-term\">Empreendedorismo<\/a>"],"unlinked":["<span class=\"advgb-post-tax-term\">Ambiente e Sustentabilidade<\/span>","<span class=\"advgb-post-tax-term\">Empreendedorismo<\/span>"]},"tags":{"linked":["<a href=\"http:\/\/maismagazine.pt\/index.php\/category\/empreendedorismo\/\" class=\"advgb-post-tax-term\">climatiza\u00e7\u00e3o<\/a>","<a href=\"http:\/\/maismagazine.pt\/index.php\/category\/empreendedorismo\/\" class=\"advgb-post-tax-term\">instala\u00e7\u00f5es el\u00e9tricas<\/a>"],"unlinked":["<span class=\"advgb-post-tax-term\">climatiza\u00e7\u00e3o<\/span>","<span class=\"advgb-post-tax-term\">instala\u00e7\u00f5es el\u00e9tricas<\/span>"]}},"comment_count":"0","relative_dates":{"created":"Posted 3 anos ago","modified":"Updated 3 anos ago"},"absolute_dates":{"created":"Posted on 11 de Novembro, 2022","modified":"Updated on 4 de Novembro, 2022"},"absolute_dates_time":{"created":"Posted on 11 de Novembro, 2022 7:00","modified":"Updated on 4 de Novembro, 2022 16:54"},"featured_img_caption":"","series_order":"","_links":{"self":[{"href":"http:\/\/maismagazine.pt\/index.php\/wp-json\/wp\/v2\/posts\/4884","targetHints":{"allow":["GET"]}}],"collection":[{"href":"http:\/\/maismagazine.pt\/index.php\/wp-json\/wp\/v2\/posts"}],"about":[{"href":"http:\/\/maismagazine.pt\/index.php\/wp-json\/wp\/v2\/types\/post"}],"author":[{"embeddable":true,"href":"http:\/\/maismagazine.pt\/index.php\/wp-json\/wp\/v2\/users\/17"}],"replies":[{"embeddable":true,"href":"http:\/\/maismagazine.pt\/index.php\/wp-json\/wp\/v2\/comments?post=4884"}],"version-history":[{"count":2,"href":"http:\/\/maismagazine.pt\/index.php\/wp-json\/wp\/v2\/posts\/4884\/revisions"}],"predecessor-version":[{"id":4974,"href":"http:\/\/maismagazine.pt\/index.php\/wp-json\/wp\/v2\/posts\/4884\/revisions\/4974"}],"wp:featuredmedia":[{"embeddable":true,"href":"http:\/\/maismagazine.pt\/index.php\/wp-json\/wp\/v2\/media\/4886"}],"wp:attachment":[{"href":"http:\/\/maismagazine.pt\/index.php\/wp-json\/wp\/v2\/media?parent=4884"}],"wp:term":[{"taxonomy":"category","embeddable":true,"href":"http:\/\/maismagazine.pt\/index.php\/wp-json\/wp\/v2\/categories?post=4884"},{"taxonomy":"post_tag","embeddable":true,"href":"http:\/\/maismagazine.pt\/index.php\/wp-json\/wp\/v2\/tags?post=4884"}],"curies":[{"name":"wp","href":"https:\/\/api.w.org\/{rel}","templated":true}]}}