{"id":4853,"date":"2022-11-11T07:00:00","date_gmt":"2022-11-11T07:00:00","guid":{"rendered":"https:\/\/maismagazine.pt\/?p=4853"},"modified":"2022-11-04T16:45:02","modified_gmt":"2022-11-04T16:45:02","slug":"a-cssc-casa-de-saude-de-santa-catarina-desenvolve-a-sua-atividade-desde-1932","status":"publish","type":"post","link":"http:\/\/maismagazine.pt\/index.php\/2022\/11\/11\/a-cssc-casa-de-saude-de-santa-catarina-desenvolve-a-sua-atividade-desde-1932\/","title":{"rendered":"A CSSC \u2013 Casa de Sa\u00fade de Santa Catarina desenvolve a sua atividade desde 1932"},"content":{"rendered":"\n<p><strong>O seu p\u00fablico-alvo s\u00e3o as pessoas portadoras de patologia do foro neuropsiqui\u00e1trico, em qualquer faixa et\u00e1ria<\/strong>.<\/p>\n\n\n\n<p><\/p>\n\n\n\n<p>Por restri\u00e7\u00f5es da sua estrutura f\u00edsica, combinada com as necessidades da popula\u00e7\u00e3o (pacientes e fam\u00edlias), a CSSC desenvolveu um novo projeto que aumentar\u00e1 e diversificar\u00e1 a sua capacidade de dar respostas. A sua estrutura passar\u00e1 do centro do Porto para a estrada interior da circunvala\u00e7\u00e3o, em vizinhan\u00e7a com o Hospital CUF, local de f\u00e1cil acessibilidade.<\/p>\n\n\n\n<p>Na <a href=\"http:\/\/cssc.pt\/a-cssc\/\">CSSC<\/a> o acompanhamento \u00e9 feito por uma equipa multidisciplinar de refer\u00eancia nesta \u00e1rea, onde se integram v\u00e1rios saberes, nomeadamente a psiquiatria, pedopsiquiatria, psicologia, enfermagem de especialidade, neurologia, MGF, terapia ocupacional, entre outros.<\/p>\n\n\n\n<p>E em diferentes enquadramentos, nomeadamente consulta de especialidade e subespecialidade, internamento e hospital de dia \/ centro de reabilita\u00e7\u00e3o psicossocial, tamb\u00e9m aqui focando nas diferentes faixas et\u00e1rias.<\/p>\n\n\n\n<p>No \u00e2mbito da sua consulta a atua\u00e7\u00e3o inclui a avalia\u00e7\u00e3o, diagn\u00f3stico e defini\u00e7\u00e3o de estrat\u00e9gias terap\u00eauticas para situa\u00e7\u00f5es de perturba\u00e7\u00e3o mental e tamb\u00e9m interven\u00e7\u00f5es ao n\u00edvel da promo\u00e7\u00e3o da sa\u00fade mental e preven\u00e7\u00e3o da doen\u00e7a.<\/p>\n\n\n\n<p>Relativamente ao internamento, a CSSC disp\u00f5e do segmento de pacientes residentes e o segmento dos agudos. No segmento residente (com ocupa\u00e7\u00e3o de m\u00e9dia e longa dura\u00e7\u00e3o), predomina a patologia neurodegenerativa (dem\u00eancias) em pacientes usualmente idosos.<\/p>\n\n\n\n<p>No segmento agudo (curta dura\u00e7\u00e3o) inclui o tratamento de qualquer patologia psiqui\u00e1trica aguda, atualmente na idade adulta.<\/p>\n\n\n\n<p>Est\u00e1 previsto para a nova estrutura a abertura de um departamento de forma\u00e7\u00e3o e investiga\u00e7\u00e3o, com diferentes liga\u00e7\u00f5es a universidades do Porto. Destaca&#8211;se o investimento previsto na realidade virtual, nomeadamente na \u00e1rea da ansiedade\/fobias e na remedia\u00e7\u00e3o neurocognitiva, nas dem\u00eancias. Bem como o novo departamento de neuromodela\u00e7\u00e3o, incluindo o neurofeedback, biofeedback e a estimula\u00e7\u00e3o magn\u00e9tica transcraniana, que complementar\u00e3o a a\u00e7\u00e3o da j\u00e1 existente eletroconvulsivoterapia.<\/p>\n\n\n\n<p>Assim, pretende-se continuar e refor\u00e7ar um servi\u00e7o necess\u00e1rio, \u00fanico (no conjunto das suas caracter\u00edsticas), que resolva os problemas de sa\u00fade mental (e neuropsiquiatria) de forma integrada (diferentes t\u00e9cnicos e diferentes saberes), continua (da inf\u00e2ncia \u00e0 velhice), plural (capacitando os seus pacientes), de f\u00e1cil acesso e com uma hotelaria e respetivos servi\u00e7os que melhor enquadrem estes pacientes e que contribuam igualmente para o combate ao estigma.<\/p>\n\n\n\n<p>A CSSC espera poder continuar a ajud\u00e1-lo e nas novas instala\u00e7\u00f5es, j\u00e1 em 2024<\/p>\n","protected":false},"excerpt":{"rendered":"<p>O seu p\u00fablico-alvo s\u00e3o as pessoas portadoras de patologia do foro neuropsiqui\u00e1trico, em qualquer faixa et\u00e1ria. Por restri\u00e7\u00f5es da sua estrutura f\u00edsica, combinada com as necessidades da popula\u00e7\u00e3o (pacientes e fam\u00edlias), a CSSC desenvolveu um novo projeto que aumentar\u00e1 e diversificar\u00e1 a sua capacidade de dar respostas. A sua estrutura&hellip;<\/p>\n","protected":false},"author":17,"featured_media":4863,"comment_status":"closed","ping_status":"open","sticky":false,"template":"","format":"standard","meta":{"advgb_blocks_editor_width":"","advgb_blocks_columns_visual_guide":"","_monsterinsights_skip_tracking":false,"_monsterinsights_sitenote_active":false,"_monsterinsights_sitenote_note":"","_monsterinsights_sitenote_category":0,"footnotes":""},"categories":[7,313],"tags":[1115,1114],"class_list":["post-4853","post","type-post","status-publish","format-standard","has-post-thumbnail","hentry","category-noticias","category-saude","tag-neurologia","tag-patologia"],"yoast_head":"<!-- This site is optimized with the Yoast SEO plugin v24.4 - https:\/\/yoast.com\/wordpress\/plugins\/seo\/ -->\n<title>A CSSC \u2013 Casa de Sa\u00fade de Santa Catarina desenvolve a sua atividade desde 1932 - Mais Magazine<\/title>\n<meta name=\"description\" content=\"O seu p\u00fablico-alvo s\u00e3o as pessoas portadoras de patologia do foro neuropsiqui\u00e1trico, em qualquer faixa et\u00e1ria.\" \/>\n<meta name=\"robots\" content=\"index, follow, max-snippet:-1, max-image-preview:large, max-video-preview:-1\" \/>\n<link rel=\"canonical\" href=\"http:\/\/maismagazine.pt\/index.php\/2022\/11\/11\/a-cssc-casa-de-saude-de-santa-catarina-desenvolve-a-sua-atividade-desde-1932\/\" \/>\n<meta property=\"og:locale\" content=\"pt_PT\" \/>\n<meta property=\"og:type\" content=\"article\" \/>\n<meta property=\"og:title\" content=\"A CSSC \u2013 Casa de Sa\u00fade de Santa Catarina desenvolve a sua atividade desde 1932 - Mais Magazine\" \/>\n<meta property=\"og:description\" content=\"O seu p\u00fablico-alvo s\u00e3o as pessoas portadoras de patologia do foro neuropsiqui\u00e1trico, em qualquer faixa et\u00e1ria.\" \/>\n<meta property=\"og:url\" content=\"http:\/\/maismagazine.pt\/index.php\/2022\/11\/11\/a-cssc-casa-de-saude-de-santa-catarina-desenvolve-a-sua-atividade-desde-1932\/\" \/>\n<meta property=\"og:site_name\" content=\"Mais Magazine\" \/>\n<meta property=\"article:published_time\" content=\"2022-11-11T07:00:00+00:00\" \/>\n<meta property=\"og:image\" content=\"http:\/\/maismagazine.pt\/wp-content\/uploads\/2022\/11\/01_VISTA-DE-RUA-scaled.jpg\" \/>\n\t<meta property=\"og:image:width\" content=\"2560\" \/>\n\t<meta property=\"og:image:height\" content=\"1254\" \/>\n\t<meta property=\"og:image:type\" content=\"image\/jpeg\" \/>\n<meta name=\"author\" content=\"Tiago Costa\" \/>\n<meta name=\"twitter:card\" content=\"summary_large_image\" \/>\n<meta name=\"twitter:label1\" content=\"Escrito por\" \/>\n\t<meta name=\"twitter:data1\" content=\"\" \/>\n\t<meta name=\"twitter:label2\" content=\"Tempo estimado de leitura\" \/>\n\t<meta name=\"twitter:data2\" content=\"2 minutos\" \/>\n<script type=\"application\/ld+json\" class=\"yoast-schema-graph\">{\"@context\":\"https:\/\/schema.org\",\"@graph\":[{\"@type\":\"Article\",\"@id\":\"http:\/\/maismagazine.pt\/index.php\/2022\/11\/11\/a-cssc-casa-de-saude-de-santa-catarina-desenvolve-a-sua-atividade-desde-1932\/#article\",\"isPartOf\":{\"@id\":\"http:\/\/maismagazine.pt\/index.php\/2022\/11\/11\/a-cssc-casa-de-saude-de-santa-catarina-desenvolve-a-sua-atividade-desde-1932\/\"},\"author\":{\"name\":\"Tiago Costa\",\"@id\":\"https:\/\/maismagazine.pt\/#\/schema\/person\/c6c5bfccc886434cbd11c74e035f9646\"},\"headline\":\"A CSSC \u2013 Casa de Sa\u00fade de Santa Catarina desenvolve a sua atividade desde 1932\",\"datePublished\":\"2022-11-11T07:00:00+00:00\",\"mainEntityOfPage\":{\"@id\":\"http:\/\/maismagazine.pt\/index.php\/2022\/11\/11\/a-cssc-casa-de-saude-de-santa-catarina-desenvolve-a-sua-atividade-desde-1932\/\"},\"wordCount\":431,\"publisher\":{\"@id\":\"https:\/\/maismagazine.pt\/#organization\"},\"image\":{\"@id\":\"http:\/\/maismagazine.pt\/index.php\/2022\/11\/11\/a-cssc-casa-de-saude-de-santa-catarina-desenvolve-a-sua-atividade-desde-1932\/#primaryimage\"},\"thumbnailUrl\":\"http:\/\/maismagazine.pt\/wp-content\/uploads\/2022\/11\/01_VISTA-DE-RUA-scaled.jpg\",\"keywords\":[\"neurologia\",\"patologia\"],\"articleSection\":[\"Not\u00edcias\",\"Sa\u00fade\"],\"inLanguage\":\"pt-PT\"},{\"@type\":\"WebPage\",\"@id\":\"http:\/\/maismagazine.pt\/index.php\/2022\/11\/11\/a-cssc-casa-de-saude-de-santa-catarina-desenvolve-a-sua-atividade-desde-1932\/\",\"url\":\"http:\/\/maismagazine.pt\/index.php\/2022\/11\/11\/a-cssc-casa-de-saude-de-santa-catarina-desenvolve-a-sua-atividade-desde-1932\/\",\"name\":\"A CSSC \u2013 Casa de Sa\u00fade de Santa Catarina desenvolve a sua atividade desde 1932 - Mais Magazine\",\"isPartOf\":{\"@id\":\"https:\/\/maismagazine.pt\/#website\"},\"primaryImageOfPage\":{\"@id\":\"http:\/\/maismagazine.pt\/index.php\/2022\/11\/11\/a-cssc-casa-de-saude-de-santa-catarina-desenvolve-a-sua-atividade-desde-1932\/#primaryimage\"},\"image\":{\"@id\":\"http:\/\/maismagazine.pt\/index.php\/2022\/11\/11\/a-cssc-casa-de-saude-de-santa-catarina-desenvolve-a-sua-atividade-desde-1932\/#primaryimage\"},\"thumbnailUrl\":\"http:\/\/maismagazine.pt\/wp-content\/uploads\/2022\/11\/01_VISTA-DE-RUA-scaled.jpg\",\"datePublished\":\"2022-11-11T07:00:00+00:00\",\"description\":\"O seu p\u00fablico-alvo s\u00e3o as pessoas portadoras de patologia do foro neuropsiqui\u00e1trico, em qualquer faixa et\u00e1ria.\",\"breadcrumb\":{\"@id\":\"http:\/\/maismagazine.pt\/index.php\/2022\/11\/11\/a-cssc-casa-de-saude-de-santa-catarina-desenvolve-a-sua-atividade-desde-1932\/#breadcrumb\"},\"inLanguage\":\"pt-PT\",\"potentialAction\":[{\"@type\":\"ReadAction\",\"target\":[\"http:\/\/maismagazine.pt\/index.php\/2022\/11\/11\/a-cssc-casa-de-saude-de-santa-catarina-desenvolve-a-sua-atividade-desde-1932\/\"]}]},{\"@type\":\"ImageObject\",\"inLanguage\":\"pt-PT\",\"@id\":\"http:\/\/maismagazine.pt\/index.php\/2022\/11\/11\/a-cssc-casa-de-saude-de-santa-catarina-desenvolve-a-sua-atividade-desde-1932\/#primaryimage\",\"url\":\"http:\/\/maismagazine.pt\/wp-content\/uploads\/2022\/11\/01_VISTA-DE-RUA-scaled.jpg\",\"contentUrl\":\"http:\/\/maismagazine.pt\/wp-content\/uploads\/2022\/11\/01_VISTA-DE-RUA-scaled.jpg\",\"width\":2560,\"height\":1254},{\"@type\":\"BreadcrumbList\",\"@id\":\"http:\/\/maismagazine.pt\/index.php\/2022\/11\/11\/a-cssc-casa-de-saude-de-santa-catarina-desenvolve-a-sua-atividade-desde-1932\/#breadcrumb\",\"itemListElement\":[{\"@type\":\"ListItem\",\"position\":1,\"name\":\"Home\",\"item\":\"https:\/\/maismagazine.pt\/\"},{\"@type\":\"ListItem\",\"position\":2,\"name\":\"A CSSC \u2013 Casa de Sa\u00fade de Santa Catarina desenvolve a sua atividade desde 1932\"}]},{\"@type\":\"WebSite\",\"@id\":\"https:\/\/maismagazine.pt\/#website\",\"url\":\"https:\/\/maismagazine.pt\/\",\"name\":\"Mais Magazine\",\"description\":\"\",\"publisher\":{\"@id\":\"https:\/\/maismagazine.pt\/#organization\"},\"potentialAction\":[{\"@type\":\"SearchAction\",\"target\":{\"@type\":\"EntryPoint\",\"urlTemplate\":\"https:\/\/maismagazine.pt\/?s={search_term_string}\"},\"query-input\":{\"@type\":\"PropertyValueSpecification\",\"valueRequired\":true,\"valueName\":\"search_term_string\"}}],\"inLanguage\":\"pt-PT\"},{\"@type\":\"Organization\",\"@id\":\"https:\/\/maismagazine.pt\/#organization\",\"name\":\"Mais Magazine\",\"url\":\"https:\/\/maismagazine.pt\/\",\"logo\":{\"@type\":\"ImageObject\",\"inLanguage\":\"pt-PT\",\"@id\":\"https:\/\/maismagazine.pt\/#\/schema\/logo\/image\/\",\"url\":\"http:\/\/maismagazine.pt\/wp-content\/uploads\/2020\/04\/cropped-cropped-mais-magazine-site-logo-2.png\",\"contentUrl\":\"http:\/\/maismagazine.pt\/wp-content\/uploads\/2020\/04\/cropped-cropped-mais-magazine-site-logo-2.png\",\"width\":581,\"height\":90,\"caption\":\"Mais Magazine\"},\"image\":{\"@id\":\"https:\/\/maismagazine.pt\/#\/schema\/logo\/image\/\"}},{\"@type\":\"Person\",\"@id\":\"https:\/\/maismagazine.pt\/#\/schema\/person\/c6c5bfccc886434cbd11c74e035f9646\",\"name\":\"Tiago Costa\",\"image\":{\"@type\":\"ImageObject\",\"inLanguage\":\"pt-PT\",\"@id\":\"https:\/\/maismagazine.pt\/#\/schema\/person\/image\/\",\"url\":\"https:\/\/secure.gravatar.com\/avatar\/c599b2bce16c9870429198cbad5ee022?s=96&d=mm&r=g\",\"contentUrl\":\"https:\/\/secure.gravatar.com\/avatar\/c599b2bce16c9870429198cbad5ee022?s=96&d=mm&r=g\",\"caption\":\"Tiago Costa\"},\"url\":\"http:\/\/maismagazine.pt\/index.php\/author\/tiago\/\"}]}<\/script>\n<!-- \/ Yoast SEO plugin. -->","yoast_head_json":{"title":"A CSSC \u2013 Casa de Sa\u00fade de Santa Catarina desenvolve a sua atividade desde 1932 - Mais Magazine","description":"O seu p\u00fablico-alvo s\u00e3o as pessoas portadoras de patologia do foro neuropsiqui\u00e1trico, em qualquer faixa et\u00e1ria.","robots":{"index":"index","follow":"follow","max-snippet":"max-snippet:-1","max-image-preview":"max-image-preview:large","max-video-preview":"max-video-preview:-1"},"canonical":"http:\/\/maismagazine.pt\/index.php\/2022\/11\/11\/a-cssc-casa-de-saude-de-santa-catarina-desenvolve-a-sua-atividade-desde-1932\/","og_locale":"pt_PT","og_type":"article","og_title":"A CSSC \u2013 Casa de Sa\u00fade de Santa Catarina desenvolve a sua atividade desde 1932 - Mais Magazine","og_description":"O seu p\u00fablico-alvo s\u00e3o as pessoas portadoras de patologia do foro neuropsiqui\u00e1trico, em qualquer faixa et\u00e1ria.","og_url":"http:\/\/maismagazine.pt\/index.php\/2022\/11\/11\/a-cssc-casa-de-saude-de-santa-catarina-desenvolve-a-sua-atividade-desde-1932\/","og_site_name":"Mais Magazine","article_published_time":"2022-11-11T07:00:00+00:00","og_image":[{"width":2560,"height":1254,"url":"http:\/\/maismagazine.pt\/wp-content\/uploads\/2022\/11\/01_VISTA-DE-RUA-scaled.jpg","type":"image\/jpeg"}],"author":"Tiago Costa","twitter_card":"summary_large_image","twitter_misc":{"Escrito por":false,"Tempo estimado de leitura":"2 minutos"},"schema":{"@context":"https:\/\/schema.org","@graph":[{"@type":"Article","@id":"http:\/\/maismagazine.pt\/index.php\/2022\/11\/11\/a-cssc-casa-de-saude-de-santa-catarina-desenvolve-a-sua-atividade-desde-1932\/#article","isPartOf":{"@id":"http:\/\/maismagazine.pt\/index.php\/2022\/11\/11\/a-cssc-casa-de-saude-de-santa-catarina-desenvolve-a-sua-atividade-desde-1932\/"},"author":{"name":"Tiago Costa","@id":"https:\/\/maismagazine.pt\/#\/schema\/person\/c6c5bfccc886434cbd11c74e035f9646"},"headline":"A CSSC \u2013 Casa de Sa\u00fade de Santa Catarina desenvolve a sua atividade desde 1932","datePublished":"2022-11-11T07:00:00+00:00","mainEntityOfPage":{"@id":"http:\/\/maismagazine.pt\/index.php\/2022\/11\/11\/a-cssc-casa-de-saude-de-santa-catarina-desenvolve-a-sua-atividade-desde-1932\/"},"wordCount":431,"publisher":{"@id":"https:\/\/maismagazine.pt\/#organization"},"image":{"@id":"http:\/\/maismagazine.pt\/index.php\/2022\/11\/11\/a-cssc-casa-de-saude-de-santa-catarina-desenvolve-a-sua-atividade-desde-1932\/#primaryimage"},"thumbnailUrl":"http:\/\/maismagazine.pt\/wp-content\/uploads\/2022\/11\/01_VISTA-DE-RUA-scaled.jpg","keywords":["neurologia","patologia"],"articleSection":["Not\u00edcias","Sa\u00fade"],"inLanguage":"pt-PT"},{"@type":"WebPage","@id":"http:\/\/maismagazine.pt\/index.php\/2022\/11\/11\/a-cssc-casa-de-saude-de-santa-catarina-desenvolve-a-sua-atividade-desde-1932\/","url":"http:\/\/maismagazine.pt\/index.php\/2022\/11\/11\/a-cssc-casa-de-saude-de-santa-catarina-desenvolve-a-sua-atividade-desde-1932\/","name":"A CSSC \u2013 Casa de Sa\u00fade de Santa Catarina desenvolve a sua atividade desde 1932 - Mais Magazine","isPartOf":{"@id":"https:\/\/maismagazine.pt\/#website"},"primaryImageOfPage":{"@id":"http:\/\/maismagazine.pt\/index.php\/2022\/11\/11\/a-cssc-casa-de-saude-de-santa-catarina-desenvolve-a-sua-atividade-desde-1932\/#primaryimage"},"image":{"@id":"http:\/\/maismagazine.pt\/index.php\/2022\/11\/11\/a-cssc-casa-de-saude-de-santa-catarina-desenvolve-a-sua-atividade-desde-1932\/#primaryimage"},"thumbnailUrl":"http:\/\/maismagazine.pt\/wp-content\/uploads\/2022\/11\/01_VISTA-DE-RUA-scaled.jpg","datePublished":"2022-11-11T07:00:00+00:00","description":"O seu p\u00fablico-alvo s\u00e3o as pessoas portadoras de patologia do foro neuropsiqui\u00e1trico, em qualquer faixa et\u00e1ria.","breadcrumb":{"@id":"http:\/\/maismagazine.pt\/index.php\/2022\/11\/11\/a-cssc-casa-de-saude-de-santa-catarina-desenvolve-a-sua-atividade-desde-1932\/#breadcrumb"},"inLanguage":"pt-PT","potentialAction":[{"@type":"ReadAction","target":["http:\/\/maismagazine.pt\/index.php\/2022\/11\/11\/a-cssc-casa-de-saude-de-santa-catarina-desenvolve-a-sua-atividade-desde-1932\/"]}]},{"@type":"ImageObject","inLanguage":"pt-PT","@id":"http:\/\/maismagazine.pt\/index.php\/2022\/11\/11\/a-cssc-casa-de-saude-de-santa-catarina-desenvolve-a-sua-atividade-desde-1932\/#primaryimage","url":"http:\/\/maismagazine.pt\/wp-content\/uploads\/2022\/11\/01_VISTA-DE-RUA-scaled.jpg","contentUrl":"http:\/\/maismagazine.pt\/wp-content\/uploads\/2022\/11\/01_VISTA-DE-RUA-scaled.jpg","width":2560,"height":1254},{"@type":"BreadcrumbList","@id":"http:\/\/maismagazine.pt\/index.php\/2022\/11\/11\/a-cssc-casa-de-saude-de-santa-catarina-desenvolve-a-sua-atividade-desde-1932\/#breadcrumb","itemListElement":[{"@type":"ListItem","position":1,"name":"Home","item":"https:\/\/maismagazine.pt\/"},{"@type":"ListItem","position":2,"name":"A CSSC \u2013 Casa de Sa\u00fade de Santa Catarina desenvolve a sua atividade desde 1932"}]},{"@type":"WebSite","@id":"https:\/\/maismagazine.pt\/#website","url":"https:\/\/maismagazine.pt\/","name":"Mais Magazine","description":"","publisher":{"@id":"https:\/\/maismagazine.pt\/#organization"},"potentialAction":[{"@type":"SearchAction","target":{"@type":"EntryPoint","urlTemplate":"https:\/\/maismagazine.pt\/?s={search_term_string}"},"query-input":{"@type":"PropertyValueSpecification","valueRequired":true,"valueName":"search_term_string"}}],"inLanguage":"pt-PT"},{"@type":"Organization","@id":"https:\/\/maismagazine.pt\/#organization","name":"Mais Magazine","url":"https:\/\/maismagazine.pt\/","logo":{"@type":"ImageObject","inLanguage":"pt-PT","@id":"https:\/\/maismagazine.pt\/#\/schema\/logo\/image\/","url":"http:\/\/maismagazine.pt\/wp-content\/uploads\/2020\/04\/cropped-cropped-mais-magazine-site-logo-2.png","contentUrl":"http:\/\/maismagazine.pt\/wp-content\/uploads\/2020\/04\/cropped-cropped-mais-magazine-site-logo-2.png","width":581,"height":90,"caption":"Mais Magazine"},"image":{"@id":"https:\/\/maismagazine.pt\/#\/schema\/logo\/image\/"}},{"@type":"Person","@id":"https:\/\/maismagazine.pt\/#\/schema\/person\/c6c5bfccc886434cbd11c74e035f9646","name":"Tiago Costa","image":{"@type":"ImageObject","inLanguage":"pt-PT","@id":"https:\/\/maismagazine.pt\/#\/schema\/person\/image\/","url":"https:\/\/secure.gravatar.com\/avatar\/c599b2bce16c9870429198cbad5ee022?s=96&d=mm&r=g","contentUrl":"https:\/\/secure.gravatar.com\/avatar\/c599b2bce16c9870429198cbad5ee022?s=96&d=mm&r=g","caption":"Tiago Costa"},"url":"http:\/\/maismagazine.pt\/index.php\/author\/tiago\/"}]}},"author_meta":{"display_name":false,"author_link":"http:\/\/maismagazine.pt\/index.php\/author\/tiago\/"},"featured_img":"http:\/\/maismagazine.pt\/wp-content\/uploads\/2022\/11\/01_VISTA-DE-RUA-300x147.jpg","coauthors":[],"tax_additional":{"categories":{"linked":["<a href=\"http:\/\/maismagazine.pt\/index.php\/category\/noticias\/\" class=\"advgb-post-tax-term\">Not\u00edcias<\/a>","<a href=\"http:\/\/maismagazine.pt\/index.php\/category\/mundo-empresarial\/saude\/\" class=\"advgb-post-tax-term\">Sa\u00fade<\/a>"],"unlinked":["<span class=\"advgb-post-tax-term\">Not\u00edcias<\/span>","<span class=\"advgb-post-tax-term\">Sa\u00fade<\/span>"]},"tags":{"linked":["<a href=\"http:\/\/maismagazine.pt\/index.php\/category\/mundo-empresarial\/saude\/\" class=\"advgb-post-tax-term\">neurologia<\/a>","<a href=\"http:\/\/maismagazine.pt\/index.php\/category\/mundo-empresarial\/saude\/\" class=\"advgb-post-tax-term\">patologia<\/a>"],"unlinked":["<span class=\"advgb-post-tax-term\">neurologia<\/span>","<span class=\"advgb-post-tax-term\">patologia<\/span>"]}},"comment_count":"0","relative_dates":{"created":"Posted 3 anos ago","modified":"Updated 3 anos ago"},"absolute_dates":{"created":"Posted on 11 de Novembro, 2022","modified":"Updated on 4 de Novembro, 2022"},"absolute_dates_time":{"created":"Posted on 11 de Novembro, 2022 7:00","modified":"Updated on 4 de Novembro, 2022 16:45"},"featured_img_caption":"","series_order":"","_links":{"self":[{"href":"http:\/\/maismagazine.pt\/index.php\/wp-json\/wp\/v2\/posts\/4853","targetHints":{"allow":["GET"]}}],"collection":[{"href":"http:\/\/maismagazine.pt\/index.php\/wp-json\/wp\/v2\/posts"}],"about":[{"href":"http:\/\/maismagazine.pt\/index.php\/wp-json\/wp\/v2\/types\/post"}],"author":[{"embeddable":true,"href":"http:\/\/maismagazine.pt\/index.php\/wp-json\/wp\/v2\/users\/17"}],"replies":[{"embeddable":true,"href":"http:\/\/maismagazine.pt\/index.php\/wp-json\/wp\/v2\/comments?post=4853"}],"version-history":[{"count":2,"href":"http:\/\/maismagazine.pt\/index.php\/wp-json\/wp\/v2\/posts\/4853\/revisions"}],"predecessor-version":[{"id":4978,"href":"http:\/\/maismagazine.pt\/index.php\/wp-json\/wp\/v2\/posts\/4853\/revisions\/4978"}],"wp:featuredmedia":[{"embeddable":true,"href":"http:\/\/maismagazine.pt\/index.php\/wp-json\/wp\/v2\/media\/4863"}],"wp:attachment":[{"href":"http:\/\/maismagazine.pt\/index.php\/wp-json\/wp\/v2\/media?parent=4853"}],"wp:term":[{"taxonomy":"category","embeddable":true,"href":"http:\/\/maismagazine.pt\/index.php\/wp-json\/wp\/v2\/categories?post=4853"},{"taxonomy":"post_tag","embeddable":true,"href":"http:\/\/maismagazine.pt\/index.php\/wp-json\/wp\/v2\/tags?post=4853"}],"curies":[{"name":"wp","href":"https:\/\/api.w.org\/{rel}","templated":true}]}}