{"id":4681,"date":"2022-10-07T07:00:00","date_gmt":"2022-10-07T06:00:00","guid":{"rendered":"http:\/\/maismagazine.pt\/?p=4681"},"modified":"2022-09-29T11:56:21","modified_gmt":"2022-09-29T10:56:21","slug":"o-forno-gastronomia-regional-no-coracao-de-almeirim","status":"publish","type":"post","link":"http:\/\/maismagazine.pt\/index.php\/2022\/10\/07\/o-forno-gastronomia-regional-no-coracao-de-almeirim\/","title":{"rendered":"O Forno: gastronomia regional no cora\u00e7\u00e3o de Almeirim"},"content":{"rendered":"\n<p><strong>Um dos mais conceituados restaurantes na regi\u00e3o centro do pa\u00eds, O Forno \u00e9 a paragem ideal para quem faz viagens longas e procura um bom local para \u201cabastecer\u201d. O propriet\u00e1rio, Ant\u00f3nio Martins, falou-nos acerca do sucesso que t\u00eam tido.<\/strong><br><br>Em Almeirim, na rua em frente \u00e0 Pra\u00e7a de Touros, h\u00e1 um lote variado de restaurantes. Ainda assim, em nenhum deles se v\u00ea as filas de espera \u00e0 porta como no O Forno. O restaurante oferece aos seus clientes os melhores pratos da cozinha regional do distrito de Santar\u00e9m. A atra\u00e7\u00e3o especial da carta \u00e9, sem sombra de d\u00favidas, a famosa Sopa da Pedra, prato que atrai todos os anos pessoas de todos os pontos do pa\u00eds. Ant\u00f3nio Martins, propriet\u00e1rio do restaurante, contou-nos como tudo come\u00e7ou: \u201cO Forno surge pelo gosto que o meu sogro, Henrique J\u00falio Oliveira, tinha pela gastronomia e a sua confe\u00e7\u00e3o. Com uma exist\u00eancia de 42 anos, decidiu, h\u00e1 vinte anos, entregar o restaurante a mim e \u00e0 minha mulher e assim demos continuidade ao seu legado.\u201d Desde ent\u00e3o que Ant\u00f3nio Martins tem estado \u00e0 frente daquele que \u00e9 um dos restaurantes mais conhecidos e conceituados n\u00e3o s\u00f3 em Almeirim, bem como no resto do pa\u00eds. Para o propriet\u00e1rio, o segredo est\u00e1 na forma como todos os dias se empenham em ter produtos de qualidade, mantendo sempre uma boa rela\u00e7\u00e3o entre qualidade e pre\u00e7o. No Forno, dedica\u00e7\u00e3o e trabalho s\u00e3o as palavras de ordem que t\u00eam guiado o estabelecimento ao longo dos anos. <\/p>\n\n\n\n<figure class=\"wp-block-gallery aligncenter columns-3 is-cropped wp-block-gallery-1\"><ul class=\"blocks-gallery-grid\"><li class=\"blocks-gallery-item\"><figure><img loading=\"lazy\" decoding=\"async\" width=\"895\" height=\"523\" src=\"http:\/\/maismagazine.pt\/wp-content\/uploads\/2022\/09\/462.jpg\" alt=\"\" data-id=\"4682\" data-full-url=\"http:\/\/maismagazine.pt\/wp-content\/uploads\/2022\/09\/462.jpg\" data-link=\"http:\/\/maismagazine.pt\/?attachment_id=4682\" class=\"wp-image-4682\" srcset=\"http:\/\/maismagazine.pt\/wp-content\/uploads\/2022\/09\/462.jpg 895w, http:\/\/maismagazine.pt\/wp-content\/uploads\/2022\/09\/462-300x175.jpg 300w, http:\/\/maismagazine.pt\/wp-content\/uploads\/2022\/09\/462-768x449.jpg 768w\" sizes=\"auto, (max-width: 895px) 100vw, 895px\" \/><\/figure><\/li><li class=\"blocks-gallery-item\"><figure><img loading=\"lazy\" decoding=\"async\" width=\"895\" height=\"575\" src=\"http:\/\/maismagazine.pt\/wp-content\/uploads\/2022\/09\/479.jpg\" alt=\"\" data-id=\"4684\" data-full-url=\"http:\/\/maismagazine.pt\/wp-content\/uploads\/2022\/09\/479.jpg\" data-link=\"http:\/\/maismagazine.pt\/?attachment_id=4684\" class=\"wp-image-4684\" srcset=\"http:\/\/maismagazine.pt\/wp-content\/uploads\/2022\/09\/479.jpg 895w, http:\/\/maismagazine.pt\/wp-content\/uploads\/2022\/09\/479-300x193.jpg 300w, http:\/\/maismagazine.pt\/wp-content\/uploads\/2022\/09\/479-768x493.jpg 768w\" sizes=\"auto, (max-width: 895px) 100vw, 895px\" \/><\/figure><\/li><li class=\"blocks-gallery-item\"><figure><img loading=\"lazy\" decoding=\"async\" width=\"849\" height=\"671\" src=\"http:\/\/maismagazine.pt\/wp-content\/uploads\/2022\/09\/463.jpg\" alt=\"\" data-id=\"4683\" data-full-url=\"http:\/\/maismagazine.pt\/wp-content\/uploads\/2022\/09\/463.jpg\" data-link=\"http:\/\/maismagazine.pt\/?attachment_id=4683\" class=\"wp-image-4683 is-layout-flex wp-block-gallery-is-layout-flex\" srcset=\"http:\/\/maismagazine.pt\/wp-content\/uploads\/2022\/09\/463.jpg 849w, http:\/\/maismagazine.pt\/wp-content\/uploads\/2022\/09\/463-300x237.jpg 300w, http:\/\/maismagazine.pt\/wp-content\/uploads\/2022\/09\/463-768x607.jpg 768w\" sizes=\"auto, (max-width: 849px) 100vw, 849px\" \/><\/figure><\/li><\/ul><\/figure>\n\n\n\n<p>A localiza\u00e7\u00e3o no centro do pa\u00eds faz com que seja um local apetec\u00edvel para se fazer paragens, durante viagens mais extensas. Dessa forma, as mais variadas pessoas, dos mais variados pontos do pa\u00eds, ficam a conhecer o restaurante e, consequentemente, ajudam a promover o Forno noutras paragens. Para Ant\u00f3nio Martins \u00e9 claro: \u201cum cliente satisfeito ser\u00e1 sempre a publicidade mais honesta e acreditada\u201d. Por fim, lan\u00e7\u00e1mos o desafio ao gerente de recomendar um prato a quem ainda n\u00e3o tenha visitado O Forno: \u201cClaro que temos de ter em conta a nossa Sopa da Pedra, mas temos uma ementa bastante vasta. Podemos destacar os nossos pratos de Peixe fresco, a Tiborna de Bacalhau, assim como alguns pratos confecionados, tal como a Massa de Cherne ou de Garoupa e as Carnes Grelhadas\u201d.<\/p>\n","protected":false},"excerpt":{"rendered":"<p>Um dos mais conceituados restaurantes na regi\u00e3o centro do pa\u00eds, O Forno \u00e9 a paragem ideal para quem faz viagens longas e procura um bom local para \u201cabastecer\u201d. O propriet\u00e1rio, Ant\u00f3nio Martins, falou-nos acerca do sucesso que t\u00eam tido. Em Almeirim, na rua em frente \u00e0 Pra\u00e7a de Touros, h\u00e1&hellip;<\/p>\n","protected":false},"author":7,"featured_media":4685,"comment_status":"closed","ping_status":"open","sticky":false,"template":"","format":"standard","meta":{"advgb_blocks_editor_width":"","advgb_blocks_columns_visual_guide":"","_monsterinsights_skip_tracking":false,"_monsterinsights_sitenote_active":false,"_monsterinsights_sitenote_note":"","_monsterinsights_sitenote_category":0,"footnotes":""},"categories":[161,53],"tags":[1053,1052,283,70,288,1026,270],"class_list":["post-4681","post","type-post","status-publish","format-standard","has-post-thumbnail","hentry","category-mundo-empresarial","category-turismo-restaurantes","tag-almeirim","tag-forno","tag-gastronomia","tag-portugal","tag-restaurante","tag-sabores","tag-tradicao"],"yoast_head":"<!-- This site is optimized with the Yoast SEO plugin v24.4 - https:\/\/yoast.com\/wordpress\/plugins\/seo\/ -->\n<title>O Forno: gastronomia regional no cora\u00e7\u00e3o de Almeirim - Mais Magazine<\/title>\n<meta name=\"description\" content=\"Um dos mais conceituados restaurantes na regi\u00e3o centro do pa\u00eds, O Forno \u00e9 a paragem ideal para quem faz viagens longas e procura um bom local para \u201cabastecer\u201d. O propriet\u00e1rio, Ant\u00f3nio Martins, falou-nos acerca do sucesso que t\u00eam tido.\" \/>\n<meta name=\"robots\" content=\"index, follow, max-snippet:-1, max-image-preview:large, max-video-preview:-1\" \/>\n<link rel=\"canonical\" href=\"http:\/\/maismagazine.pt\/index.php\/2022\/10\/07\/o-forno-gastronomia-regional-no-coracao-de-almeirim\/\" \/>\n<meta property=\"og:locale\" content=\"pt_PT\" \/>\n<meta property=\"og:type\" content=\"article\" \/>\n<meta property=\"og:title\" content=\"O Forno: gastronomia regional no cora\u00e7\u00e3o de Almeirim - Mais Magazine\" \/>\n<meta property=\"og:description\" content=\"Um dos mais conceituados restaurantes na regi\u00e3o centro do pa\u00eds, O Forno \u00e9 a paragem ideal para quem faz viagens longas e procura um bom local para \u201cabastecer\u201d. O propriet\u00e1rio, Ant\u00f3nio Martins, falou-nos acerca do sucesso que t\u00eam tido.\" \/>\n<meta property=\"og:url\" content=\"http:\/\/maismagazine.pt\/index.php\/2022\/10\/07\/o-forno-gastronomia-regional-no-coracao-de-almeirim\/\" \/>\n<meta property=\"og:site_name\" content=\"Mais Magazine\" \/>\n<meta property=\"article:published_time\" content=\"2022-10-07T06:00:00+00:00\" \/>\n<meta property=\"og:image\" content=\"http:\/\/maismagazine.pt\/wp-content\/uploads\/2022\/09\/461.jpg\" \/>\n\t<meta property=\"og:image:width\" content=\"694\" \/>\n\t<meta property=\"og:image:height\" content=\"671\" \/>\n\t<meta property=\"og:image:type\" content=\"image\/jpeg\" \/>\n<meta name=\"author\" content=\"Jo\u00e3o Malainho\" \/>\n<meta name=\"twitter:card\" content=\"summary_large_image\" \/>\n<meta name=\"twitter:label1\" content=\"Escrito por\" \/>\n\t<meta name=\"twitter:data1\" content=\"\" \/>\n\t<meta name=\"twitter:label2\" content=\"Tempo estimado de leitura\" \/>\n\t<meta name=\"twitter:data2\" content=\"3 minutos\" \/>\n<script type=\"application\/ld+json\" class=\"yoast-schema-graph\">{\"@context\":\"https:\/\/schema.org\",\"@graph\":[{\"@type\":\"Article\",\"@id\":\"http:\/\/maismagazine.pt\/index.php\/2022\/10\/07\/o-forno-gastronomia-regional-no-coracao-de-almeirim\/#article\",\"isPartOf\":{\"@id\":\"http:\/\/maismagazine.pt\/index.php\/2022\/10\/07\/o-forno-gastronomia-regional-no-coracao-de-almeirim\/\"},\"author\":{\"name\":\"Jo\u00e3o Malainho\",\"@id\":\"https:\/\/maismagazine.pt\/#\/schema\/person\/999bd426f894ff56d397ec12ebd21ebb\"},\"headline\":\"O Forno: gastronomia regional no cora\u00e7\u00e3o de Almeirim\",\"datePublished\":\"2022-10-07T06:00:00+00:00\",\"mainEntityOfPage\":{\"@id\":\"http:\/\/maismagazine.pt\/index.php\/2022\/10\/07\/o-forno-gastronomia-regional-no-coracao-de-almeirim\/\"},\"wordCount\":409,\"publisher\":{\"@id\":\"https:\/\/maismagazine.pt\/#organization\"},\"image\":{\"@id\":\"http:\/\/maismagazine.pt\/index.php\/2022\/10\/07\/o-forno-gastronomia-regional-no-coracao-de-almeirim\/#primaryimage\"},\"thumbnailUrl\":\"http:\/\/maismagazine.pt\/wp-content\/uploads\/2022\/09\/461.jpg\",\"keywords\":[\"Almeirim\",\"Forno\",\"Gastronomia\",\"Portugal\",\"Restaurante\",\"sabores\",\"tradi\u00e7\u00e3o\"],\"articleSection\":[\"Mundo Empresarial\",\"Turismo | Vinhos | Gastronomia\"],\"inLanguage\":\"pt-PT\"},{\"@type\":\"WebPage\",\"@id\":\"http:\/\/maismagazine.pt\/index.php\/2022\/10\/07\/o-forno-gastronomia-regional-no-coracao-de-almeirim\/\",\"url\":\"http:\/\/maismagazine.pt\/index.php\/2022\/10\/07\/o-forno-gastronomia-regional-no-coracao-de-almeirim\/\",\"name\":\"O Forno: gastronomia regional no cora\u00e7\u00e3o de Almeirim - Mais Magazine\",\"isPartOf\":{\"@id\":\"https:\/\/maismagazine.pt\/#website\"},\"primaryImageOfPage\":{\"@id\":\"http:\/\/maismagazine.pt\/index.php\/2022\/10\/07\/o-forno-gastronomia-regional-no-coracao-de-almeirim\/#primaryimage\"},\"image\":{\"@id\":\"http:\/\/maismagazine.pt\/index.php\/2022\/10\/07\/o-forno-gastronomia-regional-no-coracao-de-almeirim\/#primaryimage\"},\"thumbnailUrl\":\"http:\/\/maismagazine.pt\/wp-content\/uploads\/2022\/09\/461.jpg\",\"datePublished\":\"2022-10-07T06:00:00+00:00\",\"description\":\"Um dos mais conceituados restaurantes na regi\u00e3o centro do pa\u00eds, O Forno \u00e9 a paragem ideal para quem faz viagens longas e procura um bom local para \u201cabastecer\u201d. O propriet\u00e1rio, Ant\u00f3nio Martins, falou-nos acerca do sucesso que t\u00eam tido.\",\"breadcrumb\":{\"@id\":\"http:\/\/maismagazine.pt\/index.php\/2022\/10\/07\/o-forno-gastronomia-regional-no-coracao-de-almeirim\/#breadcrumb\"},\"inLanguage\":\"pt-PT\",\"potentialAction\":[{\"@type\":\"ReadAction\",\"target\":[\"http:\/\/maismagazine.pt\/index.php\/2022\/10\/07\/o-forno-gastronomia-regional-no-coracao-de-almeirim\/\"]}]},{\"@type\":\"ImageObject\",\"inLanguage\":\"pt-PT\",\"@id\":\"http:\/\/maismagazine.pt\/index.php\/2022\/10\/07\/o-forno-gastronomia-regional-no-coracao-de-almeirim\/#primaryimage\",\"url\":\"http:\/\/maismagazine.pt\/wp-content\/uploads\/2022\/09\/461.jpg\",\"contentUrl\":\"http:\/\/maismagazine.pt\/wp-content\/uploads\/2022\/09\/461.jpg\",\"width\":694,\"height\":671},{\"@type\":\"BreadcrumbList\",\"@id\":\"http:\/\/maismagazine.pt\/index.php\/2022\/10\/07\/o-forno-gastronomia-regional-no-coracao-de-almeirim\/#breadcrumb\",\"itemListElement\":[{\"@type\":\"ListItem\",\"position\":1,\"name\":\"Home\",\"item\":\"https:\/\/maismagazine.pt\/\"},{\"@type\":\"ListItem\",\"position\":2,\"name\":\"O Forno: gastronomia regional no cora\u00e7\u00e3o de Almeirim\"}]},{\"@type\":\"WebSite\",\"@id\":\"https:\/\/maismagazine.pt\/#website\",\"url\":\"https:\/\/maismagazine.pt\/\",\"name\":\"Mais Magazine\",\"description\":\"\",\"publisher\":{\"@id\":\"https:\/\/maismagazine.pt\/#organization\"},\"potentialAction\":[{\"@type\":\"SearchAction\",\"target\":{\"@type\":\"EntryPoint\",\"urlTemplate\":\"https:\/\/maismagazine.pt\/?s={search_term_string}\"},\"query-input\":{\"@type\":\"PropertyValueSpecification\",\"valueRequired\":true,\"valueName\":\"search_term_string\"}}],\"inLanguage\":\"pt-PT\"},{\"@type\":\"Organization\",\"@id\":\"https:\/\/maismagazine.pt\/#organization\",\"name\":\"Mais Magazine\",\"url\":\"https:\/\/maismagazine.pt\/\",\"logo\":{\"@type\":\"ImageObject\",\"inLanguage\":\"pt-PT\",\"@id\":\"https:\/\/maismagazine.pt\/#\/schema\/logo\/image\/\",\"url\":\"http:\/\/maismagazine.pt\/wp-content\/uploads\/2020\/04\/cropped-cropped-mais-magazine-site-logo-2.png\",\"contentUrl\":\"http:\/\/maismagazine.pt\/wp-content\/uploads\/2020\/04\/cropped-cropped-mais-magazine-site-logo-2.png\",\"width\":581,\"height\":90,\"caption\":\"Mais Magazine\"},\"image\":{\"@id\":\"https:\/\/maismagazine.pt\/#\/schema\/logo\/image\/\"}},{\"@type\":\"Person\",\"@id\":\"https:\/\/maismagazine.pt\/#\/schema\/person\/999bd426f894ff56d397ec12ebd21ebb\",\"name\":\"Jo\u00e3o Malainho\",\"image\":{\"@type\":\"ImageObject\",\"inLanguage\":\"pt-PT\",\"@id\":\"https:\/\/maismagazine.pt\/#\/schema\/person\/image\/\",\"url\":\"https:\/\/secure.gravatar.com\/avatar\/ff03c2f38edf60b2a827aa4f74878491?s=96&d=mm&r=g\",\"contentUrl\":\"https:\/\/secure.gravatar.com\/avatar\/ff03c2f38edf60b2a827aa4f74878491?s=96&d=mm&r=g\",\"caption\":\"Jo\u00e3o Malainho\"},\"url\":\"http:\/\/maismagazine.pt\/index.php\/author\/maismagazine\/\"}]}<\/script>\n<!-- \/ Yoast SEO plugin. -->","yoast_head_json":{"title":"O Forno: gastronomia regional no cora\u00e7\u00e3o de Almeirim - Mais Magazine","description":"Um dos mais conceituados restaurantes na regi\u00e3o centro do pa\u00eds, O Forno \u00e9 a paragem ideal para quem faz viagens longas e procura um bom local para \u201cabastecer\u201d. O propriet\u00e1rio, Ant\u00f3nio Martins, falou-nos acerca do sucesso que t\u00eam tido.","robots":{"index":"index","follow":"follow","max-snippet":"max-snippet:-1","max-image-preview":"max-image-preview:large","max-video-preview":"max-video-preview:-1"},"canonical":"http:\/\/maismagazine.pt\/index.php\/2022\/10\/07\/o-forno-gastronomia-regional-no-coracao-de-almeirim\/","og_locale":"pt_PT","og_type":"article","og_title":"O Forno: gastronomia regional no cora\u00e7\u00e3o de Almeirim - Mais Magazine","og_description":"Um dos mais conceituados restaurantes na regi\u00e3o centro do pa\u00eds, O Forno \u00e9 a paragem ideal para quem faz viagens longas e procura um bom local para \u201cabastecer\u201d. O propriet\u00e1rio, Ant\u00f3nio Martins, falou-nos acerca do sucesso que t\u00eam tido.","og_url":"http:\/\/maismagazine.pt\/index.php\/2022\/10\/07\/o-forno-gastronomia-regional-no-coracao-de-almeirim\/","og_site_name":"Mais Magazine","article_published_time":"2022-10-07T06:00:00+00:00","og_image":[{"width":694,"height":671,"url":"http:\/\/maismagazine.pt\/wp-content\/uploads\/2022\/09\/461.jpg","type":"image\/jpeg"}],"author":"Jo\u00e3o Malainho","twitter_card":"summary_large_image","twitter_misc":{"Escrito por":false,"Tempo estimado de leitura":"3 minutos"},"schema":{"@context":"https:\/\/schema.org","@graph":[{"@type":"Article","@id":"http:\/\/maismagazine.pt\/index.php\/2022\/10\/07\/o-forno-gastronomia-regional-no-coracao-de-almeirim\/#article","isPartOf":{"@id":"http:\/\/maismagazine.pt\/index.php\/2022\/10\/07\/o-forno-gastronomia-regional-no-coracao-de-almeirim\/"},"author":{"name":"Jo\u00e3o Malainho","@id":"https:\/\/maismagazine.pt\/#\/schema\/person\/999bd426f894ff56d397ec12ebd21ebb"},"headline":"O Forno: gastronomia regional no cora\u00e7\u00e3o de Almeirim","datePublished":"2022-10-07T06:00:00+00:00","mainEntityOfPage":{"@id":"http:\/\/maismagazine.pt\/index.php\/2022\/10\/07\/o-forno-gastronomia-regional-no-coracao-de-almeirim\/"},"wordCount":409,"publisher":{"@id":"https:\/\/maismagazine.pt\/#organization"},"image":{"@id":"http:\/\/maismagazine.pt\/index.php\/2022\/10\/07\/o-forno-gastronomia-regional-no-coracao-de-almeirim\/#primaryimage"},"thumbnailUrl":"http:\/\/maismagazine.pt\/wp-content\/uploads\/2022\/09\/461.jpg","keywords":["Almeirim","Forno","Gastronomia","Portugal","Restaurante","sabores","tradi\u00e7\u00e3o"],"articleSection":["Mundo Empresarial","Turismo | Vinhos | Gastronomia"],"inLanguage":"pt-PT"},{"@type":"WebPage","@id":"http:\/\/maismagazine.pt\/index.php\/2022\/10\/07\/o-forno-gastronomia-regional-no-coracao-de-almeirim\/","url":"http:\/\/maismagazine.pt\/index.php\/2022\/10\/07\/o-forno-gastronomia-regional-no-coracao-de-almeirim\/","name":"O Forno: gastronomia regional no cora\u00e7\u00e3o de Almeirim - Mais Magazine","isPartOf":{"@id":"https:\/\/maismagazine.pt\/#website"},"primaryImageOfPage":{"@id":"http:\/\/maismagazine.pt\/index.php\/2022\/10\/07\/o-forno-gastronomia-regional-no-coracao-de-almeirim\/#primaryimage"},"image":{"@id":"http:\/\/maismagazine.pt\/index.php\/2022\/10\/07\/o-forno-gastronomia-regional-no-coracao-de-almeirim\/#primaryimage"},"thumbnailUrl":"http:\/\/maismagazine.pt\/wp-content\/uploads\/2022\/09\/461.jpg","datePublished":"2022-10-07T06:00:00+00:00","description":"Um dos mais conceituados restaurantes na regi\u00e3o centro do pa\u00eds, O Forno \u00e9 a paragem ideal para quem faz viagens longas e procura um bom local para \u201cabastecer\u201d. O propriet\u00e1rio, Ant\u00f3nio Martins, falou-nos acerca do sucesso que t\u00eam tido.","breadcrumb":{"@id":"http:\/\/maismagazine.pt\/index.php\/2022\/10\/07\/o-forno-gastronomia-regional-no-coracao-de-almeirim\/#breadcrumb"},"inLanguage":"pt-PT","potentialAction":[{"@type":"ReadAction","target":["http:\/\/maismagazine.pt\/index.php\/2022\/10\/07\/o-forno-gastronomia-regional-no-coracao-de-almeirim\/"]}]},{"@type":"ImageObject","inLanguage":"pt-PT","@id":"http:\/\/maismagazine.pt\/index.php\/2022\/10\/07\/o-forno-gastronomia-regional-no-coracao-de-almeirim\/#primaryimage","url":"http:\/\/maismagazine.pt\/wp-content\/uploads\/2022\/09\/461.jpg","contentUrl":"http:\/\/maismagazine.pt\/wp-content\/uploads\/2022\/09\/461.jpg","width":694,"height":671},{"@type":"BreadcrumbList","@id":"http:\/\/maismagazine.pt\/index.php\/2022\/10\/07\/o-forno-gastronomia-regional-no-coracao-de-almeirim\/#breadcrumb","itemListElement":[{"@type":"ListItem","position":1,"name":"Home","item":"https:\/\/maismagazine.pt\/"},{"@type":"ListItem","position":2,"name":"O Forno: gastronomia regional no cora\u00e7\u00e3o de Almeirim"}]},{"@type":"WebSite","@id":"https:\/\/maismagazine.pt\/#website","url":"https:\/\/maismagazine.pt\/","name":"Mais Magazine","description":"","publisher":{"@id":"https:\/\/maismagazine.pt\/#organization"},"potentialAction":[{"@type":"SearchAction","target":{"@type":"EntryPoint","urlTemplate":"https:\/\/maismagazine.pt\/?s={search_term_string}"},"query-input":{"@type":"PropertyValueSpecification","valueRequired":true,"valueName":"search_term_string"}}],"inLanguage":"pt-PT"},{"@type":"Organization","@id":"https:\/\/maismagazine.pt\/#organization","name":"Mais Magazine","url":"https:\/\/maismagazine.pt\/","logo":{"@type":"ImageObject","inLanguage":"pt-PT","@id":"https:\/\/maismagazine.pt\/#\/schema\/logo\/image\/","url":"http:\/\/maismagazine.pt\/wp-content\/uploads\/2020\/04\/cropped-cropped-mais-magazine-site-logo-2.png","contentUrl":"http:\/\/maismagazine.pt\/wp-content\/uploads\/2020\/04\/cropped-cropped-mais-magazine-site-logo-2.png","width":581,"height":90,"caption":"Mais Magazine"},"image":{"@id":"https:\/\/maismagazine.pt\/#\/schema\/logo\/image\/"}},{"@type":"Person","@id":"https:\/\/maismagazine.pt\/#\/schema\/person\/999bd426f894ff56d397ec12ebd21ebb","name":"Jo\u00e3o Malainho","image":{"@type":"ImageObject","inLanguage":"pt-PT","@id":"https:\/\/maismagazine.pt\/#\/schema\/person\/image\/","url":"https:\/\/secure.gravatar.com\/avatar\/ff03c2f38edf60b2a827aa4f74878491?s=96&d=mm&r=g","contentUrl":"https:\/\/secure.gravatar.com\/avatar\/ff03c2f38edf60b2a827aa4f74878491?s=96&d=mm&r=g","caption":"Jo\u00e3o Malainho"},"url":"http:\/\/maismagazine.pt\/index.php\/author\/maismagazine\/"}]}},"author_meta":{"display_name":false,"author_link":"http:\/\/maismagazine.pt\/index.php\/author\/maismagazine\/"},"featured_img":"http:\/\/maismagazine.pt\/wp-content\/uploads\/2022\/09\/461-300x290.jpg","coauthors":[],"tax_additional":{"categories":{"linked":["<a href=\"http:\/\/maismagazine.pt\/index.php\/category\/mundo-empresarial\/\" class=\"advgb-post-tax-term\">Mundo Empresarial<\/a>","<a href=\"http:\/\/maismagazine.pt\/index.php\/category\/turismo-restaurantes\/\" class=\"advgb-post-tax-term\">Turismo | Vinhos | Gastronomia<\/a>"],"unlinked":["<span class=\"advgb-post-tax-term\">Mundo Empresarial<\/span>","<span class=\"advgb-post-tax-term\">Turismo | Vinhos | Gastronomia<\/span>"]},"tags":{"linked":["<a href=\"http:\/\/maismagazine.pt\/index.php\/category\/turismo-restaurantes\/\" class=\"advgb-post-tax-term\">Almeirim<\/a>","<a href=\"http:\/\/maismagazine.pt\/index.php\/category\/turismo-restaurantes\/\" class=\"advgb-post-tax-term\">Forno<\/a>","<a href=\"http:\/\/maismagazine.pt\/index.php\/category\/turismo-restaurantes\/\" class=\"advgb-post-tax-term\">Gastronomia<\/a>","<a href=\"http:\/\/maismagazine.pt\/index.php\/category\/turismo-restaurantes\/\" class=\"advgb-post-tax-term\">Portugal<\/a>","<a href=\"http:\/\/maismagazine.pt\/index.php\/category\/turismo-restaurantes\/\" class=\"advgb-post-tax-term\">Restaurante<\/a>","<a href=\"http:\/\/maismagazine.pt\/index.php\/category\/turismo-restaurantes\/\" class=\"advgb-post-tax-term\">sabores<\/a>","<a href=\"http:\/\/maismagazine.pt\/index.php\/category\/turismo-restaurantes\/\" class=\"advgb-post-tax-term\">tradi\u00e7\u00e3o<\/a>"],"unlinked":["<span class=\"advgb-post-tax-term\">Almeirim<\/span>","<span class=\"advgb-post-tax-term\">Forno<\/span>","<span class=\"advgb-post-tax-term\">Gastronomia<\/span>","<span class=\"advgb-post-tax-term\">Portugal<\/span>","<span class=\"advgb-post-tax-term\">Restaurante<\/span>","<span class=\"advgb-post-tax-term\">sabores<\/span>","<span class=\"advgb-post-tax-term\">tradi\u00e7\u00e3o<\/span>"]}},"comment_count":"0","relative_dates":{"created":"Posted 4 anos ago","modified":"Updated 4 anos ago"},"absolute_dates":{"created":"Posted on 7 de Outubro, 2022","modified":"Updated on 29 de Setembro, 2022"},"absolute_dates_time":{"created":"Posted on 7 de Outubro, 2022 7:00","modified":"Updated on 29 de Setembro, 2022 11:56"},"featured_img_caption":"","series_order":"","_links":{"self":[{"href":"http:\/\/maismagazine.pt\/index.php\/wp-json\/wp\/v2\/posts\/4681","targetHints":{"allow":["GET"]}}],"collection":[{"href":"http:\/\/maismagazine.pt\/index.php\/wp-json\/wp\/v2\/posts"}],"about":[{"href":"http:\/\/maismagazine.pt\/index.php\/wp-json\/wp\/v2\/types\/post"}],"author":[{"embeddable":true,"href":"http:\/\/maismagazine.pt\/index.php\/wp-json\/wp\/v2\/users\/7"}],"replies":[{"embeddable":true,"href":"http:\/\/maismagazine.pt\/index.php\/wp-json\/wp\/v2\/comments?post=4681"}],"version-history":[{"count":2,"href":"http:\/\/maismagazine.pt\/index.php\/wp-json\/wp\/v2\/posts\/4681\/revisions"}],"predecessor-version":[{"id":4687,"href":"http:\/\/maismagazine.pt\/index.php\/wp-json\/wp\/v2\/posts\/4681\/revisions\/4687"}],"wp:featuredmedia":[{"embeddable":true,"href":"http:\/\/maismagazine.pt\/index.php\/wp-json\/wp\/v2\/media\/4685"}],"wp:attachment":[{"href":"http:\/\/maismagazine.pt\/index.php\/wp-json\/wp\/v2\/media?parent=4681"}],"wp:term":[{"taxonomy":"category","embeddable":true,"href":"http:\/\/maismagazine.pt\/index.php\/wp-json\/wp\/v2\/categories?post=4681"},{"taxonomy":"post_tag","embeddable":true,"href":"http:\/\/maismagazine.pt\/index.php\/wp-json\/wp\/v2\/tags?post=4681"}],"curies":[{"name":"wp","href":"https:\/\/api.w.org\/{rel}","templated":true}]}}