{"id":4647,"date":"2022-10-07T07:00:00","date_gmt":"2022-10-07T06:00:00","guid":{"rendered":"https:\/\/maismagazine.pt\/?p=4647"},"modified":"2022-09-29T10:31:46","modified_gmt":"2022-09-29T09:31:46","slug":"electroinstal-a-empresa-criada-com-o-intuito-de-crescer","status":"publish","type":"post","link":"http:\/\/maismagazine.pt\/index.php\/2022\/10\/07\/electroinstal-a-empresa-criada-com-o-intuito-de-crescer\/","title":{"rendered":"Electroinstal: a empresa criada com o \u201cintuito de crescer\u201d"},"content":{"rendered":"\n<p><strong>Fundada por Ivo Ribeiro, a Electroinstal, empresa que presta servi\u00e7os na \u00e1rea das instala\u00e7\u00f5es el\u00e9tricas e da climatiza\u00e7\u00e3o, nasceu em 2006. Ao longo destes 16 anos, a empresa com origem e sede na Maia, cumpriu o objetivo do seu fundador, passando de um espa\u00e7o de apenas 20 metros quadrados, para um com 3500 e de 2 colaboradores para 120 colaboradores, garantindo ainda cerca de mais 60 postos de trabalhos indiretos em contratos de subempreitada, criando ao longo destes anos outras empresas no grupo. Fruto deste crescimento sustentado, a fatura\u00e7\u00e3o do grupo ir\u00e1 superar em 2022 os 13 milh\u00f5es de euros.<\/strong><\/p>\n\n\n\n<p><\/p>\n\n\n\n<p>Em entrevista \u00e0 Mais Magazine, Ivo Ribeiro referiu que \u201co intuito foi sempre crescer de forma sustentada e assente na satisfa\u00e7\u00e3o dos seus colaboradores, clientes, fornecedores e parceiros, e que a empresa foi fazendo a sua pr\u00f3pria publicidade, atrav\u00e9s da sua experi\u00eancia e da forma como operam neste ramo.<\/p>\n\n\n\n<p><\/p>\n\n\n\n<p>O sucesso da Electroinstal deve-se muito \u00e0s pessoas que l\u00e1 trabalham. O empres\u00e1rio deixou rasgados elogios aos seus colaboradores e, inclusive, caracterizou a sua equipa de \u201cfant\u00e1stica, organizada e muito bem estruturada\u201d, apresentando uma grande capacidade de resposta, sem nunca perder o foco na satisfa\u00e7\u00e3o dos clientes e no resultado dos projetos, sendo para isso a sua maior for\u00e7a, os mais de 70 t\u00e9cnicos qualificados em eletricidade e em instala\u00e7\u00f5es mec\u00e2nicas.<\/p>\n\n\n\n<p><\/p>\n\n\n\n<p>Apesar de j\u00e1 ter estado no mercado internacional, Ivo Ribeiro refere que a empresa tem o \u201cfoco no mercado nacional\u201d. Ainda assim, o mesmo n\u00e3o descarta uma poss\u00edvel reentrada no mercado externo: \u201c[O mercado nacional] est\u00e1 numa fase de muito trabalho e conseguimos estabelecer parceiras com clientes e investidores que neste momento nos garantem uma carteira de projetos est\u00e1vel para os pr\u00f3ximos dois anos. No entanto, a nossa compet\u00eancia e disponibilidade, contando com uma equipa com mais de 15 engenheiros e v\u00e1rios t\u00e9cnicos especializados em prepara\u00e7\u00e3o e compatibilidade de especialidades em obras, faz com que n\u00e3o tenhamos receio em entrar em novos projetos e desafios\u201d.<\/p>\n\n\n\n<p><\/p>\n\n\n\n<p>O crescimento da Electroinstal \u00e9 not\u00e1vel, mas nada disso seria poss\u00edvel sem haver um forte investimento nos v\u00e1rios setores da empresa. De 2020 para 2021, conseguiram aumentar o volume de fatura\u00e7\u00e3o em cerca de 20%. Esse crescimento deve-se \u00e0 decis\u00e3o do empres\u00e1rio em dar um passo em frente e investir em recursos humanos, viaturas, meios inform\u00e1ticos, software de gest\u00e3o cada vez mais adaptado \u00e0 realidade, ferramentas, equipamentos e em novas instala\u00e7\u00f5es, para que o n\u00famero de colaboradores acompanhe o volume de neg\u00f3cios. Os lucros da empresa s\u00f3 n\u00e3o foram ainda maiores precisamente por esta necessidade de investimento, que ter\u00e1 reflexos a m\u00e9dio e longo prazo. Tal como Ivo Ribeiro refere, a \u201cempresa teve de se consolidar a n\u00edvel de recursos humanos e todos os meios necess\u00e1rios para garantir o melhor desempenho e a satisfa\u00e7\u00e3o de todos os stakeholders\u201d.<\/p>\n\n\n\n<p><\/p>\n\n\n\n<p>O organigrama da empresa cresceu e passou a contar com v\u00e1rios diretores de departamentos, que t\u00eam autonomia de decis\u00e3o e conseguem fazer valer os princ\u00edpios que regem esta organiza\u00e7\u00e3o. \u201cCriamos os departamentos chave para que uma empresa possa ter sustentabilidade, e compet\u00eancia, como exemplos, o Departamento de Produ\u00e7\u00e3o, Financeiro, Comercial, Compras, Log\u00edstica, Controlo Gest\u00e3o, Qualidade Ambiente e Seguran\u00e7a. Palavras como rigor, compet\u00eancia, seriedade, din\u00e2mica, valores e satisfa\u00e7\u00e3o passaram a fazer parte do vocabul\u00e1rio di\u00e1rio.<\/p>\n\n\n\n<p><\/p>\n\n\n\n<p>O empres\u00e1rio abordou ainda o tema da falta de m\u00e3o de obra e a dificuldade em encontrar pessoal especializado. \u201cPor n\u00e3o haver m\u00e3o de obra qualificada, estamos a pagar a um oficial, quer na \u00e1rea da AVAC, quer na \u00e1rea das instala\u00e7\u00f5es el\u00e9tricas, valores muito acima da m\u00e9dia do que era h\u00e1 dois ou tr\u00eas anos\u201d. Queremos que os pr\u00f3ximos passos sejam em parcerias com empresas formadoras e pretendemos ser uma porta de entrada para novos t\u00e9cnicos que ambicionam uma carreira nas \u00e1reas de eletricidade e instala\u00e7\u00f5es mec\u00e2nicas.<\/p>\n","protected":false},"excerpt":{"rendered":"<p>Fundada por Ivo Ribeiro, a Electroinstal, empresa que presta servi\u00e7os na \u00e1rea das instala\u00e7\u00f5es el\u00e9tricas e da climatiza\u00e7\u00e3o, nasceu em 2006. Ao longo destes 16 anos, a empresa com origem e sede na Maia, cumpriu o objetivo do seu fundador, passando de um espa\u00e7o de apenas 20 metros quadrados, para&hellip;<\/p>\n","protected":false},"author":17,"featured_media":4648,"comment_status":"closed","ping_status":"open","sticky":false,"template":"","format":"standard","meta":{"advgb_blocks_editor_width":"","advgb_blocks_columns_visual_guide":"","_monsterinsights_skip_tracking":false,"_monsterinsights_sitenote_active":false,"_monsterinsights_sitenote_note":"","_monsterinsights_sitenote_category":0,"footnotes":""},"categories":[6],"tags":[1023,1046,202],"class_list":["post-4647","post","type-post","status-publish","format-standard","has-post-thumbnail","hentry","category-empreendedorismo","tag-eletrica","tag-instacao-eletrica","tag-servicos-de-climatizacao"],"yoast_head":"<!-- This site is optimized with the Yoast SEO plugin v24.4 - https:\/\/yoast.com\/wordpress\/plugins\/seo\/ -->\n<title>Electroinstal: a empresa criada com o \u201cintuito de crescer\u201d - Mais Magazine<\/title>\n<meta name=\"description\" content=\"Fundada por Ivo Ribeiro, a Electroinstal, empresa que presta servi\u00e7os na \u00e1rea das instala\u00e7\u00f5es el\u00e9tricas e da climatiza\u00e7\u00e3o...\" \/>\n<meta name=\"robots\" content=\"index, follow, max-snippet:-1, max-image-preview:large, max-video-preview:-1\" \/>\n<link rel=\"canonical\" href=\"http:\/\/maismagazine.pt\/index.php\/2022\/10\/07\/electroinstal-a-empresa-criada-com-o-intuito-de-crescer\/\" \/>\n<meta property=\"og:locale\" content=\"pt_PT\" \/>\n<meta property=\"og:type\" content=\"article\" \/>\n<meta property=\"og:title\" content=\"Electroinstal: a empresa criada com o \u201cintuito de crescer\u201d - Mais Magazine\" \/>\n<meta property=\"og:description\" content=\"Fundada por Ivo Ribeiro, a Electroinstal, empresa que presta servi\u00e7os na \u00e1rea das instala\u00e7\u00f5es el\u00e9tricas e da climatiza\u00e7\u00e3o...\" \/>\n<meta property=\"og:url\" content=\"http:\/\/maismagazine.pt\/index.php\/2022\/10\/07\/electroinstal-a-empresa-criada-com-o-intuito-de-crescer\/\" \/>\n<meta property=\"og:site_name\" content=\"Mais Magazine\" \/>\n<meta property=\"article:published_time\" content=\"2022-10-07T06:00:00+00:00\" \/>\n<meta property=\"og:image\" content=\"http:\/\/maismagazine.pt\/wp-content\/uploads\/2022\/09\/foto-ivo-ribeiro.jpg\" \/>\n\t<meta property=\"og:image:width\" content=\"870\" \/>\n\t<meta property=\"og:image:height\" content=\"937\" \/>\n\t<meta property=\"og:image:type\" content=\"image\/jpeg\" \/>\n<meta name=\"author\" content=\"Tiago Costa\" \/>\n<meta name=\"twitter:card\" content=\"summary_large_image\" \/>\n<meta name=\"twitter:label1\" content=\"Escrito por\" \/>\n\t<meta name=\"twitter:data1\" content=\"\" \/>\n\t<meta name=\"twitter:label2\" content=\"Tempo estimado de leitura\" \/>\n\t<meta name=\"twitter:data2\" content=\"3 minutos\" \/>\n<script type=\"application\/ld+json\" class=\"yoast-schema-graph\">{\"@context\":\"https:\/\/schema.org\",\"@graph\":[{\"@type\":\"Article\",\"@id\":\"http:\/\/maismagazine.pt\/index.php\/2022\/10\/07\/electroinstal-a-empresa-criada-com-o-intuito-de-crescer\/#article\",\"isPartOf\":{\"@id\":\"http:\/\/maismagazine.pt\/index.php\/2022\/10\/07\/electroinstal-a-empresa-criada-com-o-intuito-de-crescer\/\"},\"author\":{\"name\":\"Tiago Costa\",\"@id\":\"https:\/\/maismagazine.pt\/#\/schema\/person\/c6c5bfccc886434cbd11c74e035f9646\"},\"headline\":\"Electroinstal: a empresa criada com o \u201cintuito de crescer\u201d\",\"datePublished\":\"2022-10-07T06:00:00+00:00\",\"mainEntityOfPage\":{\"@id\":\"http:\/\/maismagazine.pt\/index.php\/2022\/10\/07\/electroinstal-a-empresa-criada-com-o-intuito-de-crescer\/\"},\"wordCount\":686,\"publisher\":{\"@id\":\"https:\/\/maismagazine.pt\/#organization\"},\"image\":{\"@id\":\"http:\/\/maismagazine.pt\/index.php\/2022\/10\/07\/electroinstal-a-empresa-criada-com-o-intuito-de-crescer\/#primaryimage\"},\"thumbnailUrl\":\"http:\/\/maismagazine.pt\/wp-content\/uploads\/2022\/09\/foto-ivo-ribeiro.jpg\",\"keywords\":[\"Eletrica\",\"Insta\u00e7\u00e3o el\u00e9trica\",\"Servi\u00e7os de Climatiza\u00e7\u00e3o\"],\"articleSection\":[\"Empreendedorismo\"],\"inLanguage\":\"pt-PT\"},{\"@type\":\"WebPage\",\"@id\":\"http:\/\/maismagazine.pt\/index.php\/2022\/10\/07\/electroinstal-a-empresa-criada-com-o-intuito-de-crescer\/\",\"url\":\"http:\/\/maismagazine.pt\/index.php\/2022\/10\/07\/electroinstal-a-empresa-criada-com-o-intuito-de-crescer\/\",\"name\":\"Electroinstal: a empresa criada com o \u201cintuito de crescer\u201d - Mais Magazine\",\"isPartOf\":{\"@id\":\"https:\/\/maismagazine.pt\/#website\"},\"primaryImageOfPage\":{\"@id\":\"http:\/\/maismagazine.pt\/index.php\/2022\/10\/07\/electroinstal-a-empresa-criada-com-o-intuito-de-crescer\/#primaryimage\"},\"image\":{\"@id\":\"http:\/\/maismagazine.pt\/index.php\/2022\/10\/07\/electroinstal-a-empresa-criada-com-o-intuito-de-crescer\/#primaryimage\"},\"thumbnailUrl\":\"http:\/\/maismagazine.pt\/wp-content\/uploads\/2022\/09\/foto-ivo-ribeiro.jpg\",\"datePublished\":\"2022-10-07T06:00:00+00:00\",\"description\":\"Fundada por Ivo Ribeiro, a Electroinstal, empresa que presta servi\u00e7os na \u00e1rea das instala\u00e7\u00f5es el\u00e9tricas e da climatiza\u00e7\u00e3o...\",\"breadcrumb\":{\"@id\":\"http:\/\/maismagazine.pt\/index.php\/2022\/10\/07\/electroinstal-a-empresa-criada-com-o-intuito-de-crescer\/#breadcrumb\"},\"inLanguage\":\"pt-PT\",\"potentialAction\":[{\"@type\":\"ReadAction\",\"target\":[\"http:\/\/maismagazine.pt\/index.php\/2022\/10\/07\/electroinstal-a-empresa-criada-com-o-intuito-de-crescer\/\"]}]},{\"@type\":\"ImageObject\",\"inLanguage\":\"pt-PT\",\"@id\":\"http:\/\/maismagazine.pt\/index.php\/2022\/10\/07\/electroinstal-a-empresa-criada-com-o-intuito-de-crescer\/#primaryimage\",\"url\":\"http:\/\/maismagazine.pt\/wp-content\/uploads\/2022\/09\/foto-ivo-ribeiro.jpg\",\"contentUrl\":\"http:\/\/maismagazine.pt\/wp-content\/uploads\/2022\/09\/foto-ivo-ribeiro.jpg\",\"width\":870,\"height\":937},{\"@type\":\"BreadcrumbList\",\"@id\":\"http:\/\/maismagazine.pt\/index.php\/2022\/10\/07\/electroinstal-a-empresa-criada-com-o-intuito-de-crescer\/#breadcrumb\",\"itemListElement\":[{\"@type\":\"ListItem\",\"position\":1,\"name\":\"Home\",\"item\":\"https:\/\/maismagazine.pt\/\"},{\"@type\":\"ListItem\",\"position\":2,\"name\":\"Electroinstal: a empresa criada com o \u201cintuito de crescer\u201d\"}]},{\"@type\":\"WebSite\",\"@id\":\"https:\/\/maismagazine.pt\/#website\",\"url\":\"https:\/\/maismagazine.pt\/\",\"name\":\"Mais Magazine\",\"description\":\"\",\"publisher\":{\"@id\":\"https:\/\/maismagazine.pt\/#organization\"},\"potentialAction\":[{\"@type\":\"SearchAction\",\"target\":{\"@type\":\"EntryPoint\",\"urlTemplate\":\"https:\/\/maismagazine.pt\/?s={search_term_string}\"},\"query-input\":{\"@type\":\"PropertyValueSpecification\",\"valueRequired\":true,\"valueName\":\"search_term_string\"}}],\"inLanguage\":\"pt-PT\"},{\"@type\":\"Organization\",\"@id\":\"https:\/\/maismagazine.pt\/#organization\",\"name\":\"Mais Magazine\",\"url\":\"https:\/\/maismagazine.pt\/\",\"logo\":{\"@type\":\"ImageObject\",\"inLanguage\":\"pt-PT\",\"@id\":\"https:\/\/maismagazine.pt\/#\/schema\/logo\/image\/\",\"url\":\"http:\/\/maismagazine.pt\/wp-content\/uploads\/2020\/04\/cropped-cropped-mais-magazine-site-logo-2.png\",\"contentUrl\":\"http:\/\/maismagazine.pt\/wp-content\/uploads\/2020\/04\/cropped-cropped-mais-magazine-site-logo-2.png\",\"width\":581,\"height\":90,\"caption\":\"Mais Magazine\"},\"image\":{\"@id\":\"https:\/\/maismagazine.pt\/#\/schema\/logo\/image\/\"}},{\"@type\":\"Person\",\"@id\":\"https:\/\/maismagazine.pt\/#\/schema\/person\/c6c5bfccc886434cbd11c74e035f9646\",\"name\":\"Tiago Costa\",\"image\":{\"@type\":\"ImageObject\",\"inLanguage\":\"pt-PT\",\"@id\":\"https:\/\/maismagazine.pt\/#\/schema\/person\/image\/\",\"url\":\"https:\/\/secure.gravatar.com\/avatar\/c599b2bce16c9870429198cbad5ee022?s=96&d=mm&r=g\",\"contentUrl\":\"https:\/\/secure.gravatar.com\/avatar\/c599b2bce16c9870429198cbad5ee022?s=96&d=mm&r=g\",\"caption\":\"Tiago Costa\"},\"url\":\"http:\/\/maismagazine.pt\/index.php\/author\/tiago\/\"}]}<\/script>\n<!-- \/ Yoast SEO plugin. -->","yoast_head_json":{"title":"Electroinstal: a empresa criada com o \u201cintuito de crescer\u201d - Mais Magazine","description":"Fundada por Ivo Ribeiro, a Electroinstal, empresa que presta servi\u00e7os na \u00e1rea das instala\u00e7\u00f5es el\u00e9tricas e da climatiza\u00e7\u00e3o...","robots":{"index":"index","follow":"follow","max-snippet":"max-snippet:-1","max-image-preview":"max-image-preview:large","max-video-preview":"max-video-preview:-1"},"canonical":"http:\/\/maismagazine.pt\/index.php\/2022\/10\/07\/electroinstal-a-empresa-criada-com-o-intuito-de-crescer\/","og_locale":"pt_PT","og_type":"article","og_title":"Electroinstal: a empresa criada com o \u201cintuito de crescer\u201d - Mais Magazine","og_description":"Fundada por Ivo Ribeiro, a Electroinstal, empresa que presta servi\u00e7os na \u00e1rea das instala\u00e7\u00f5es el\u00e9tricas e da climatiza\u00e7\u00e3o...","og_url":"http:\/\/maismagazine.pt\/index.php\/2022\/10\/07\/electroinstal-a-empresa-criada-com-o-intuito-de-crescer\/","og_site_name":"Mais Magazine","article_published_time":"2022-10-07T06:00:00+00:00","og_image":[{"width":870,"height":937,"url":"http:\/\/maismagazine.pt\/wp-content\/uploads\/2022\/09\/foto-ivo-ribeiro.jpg","type":"image\/jpeg"}],"author":"Tiago Costa","twitter_card":"summary_large_image","twitter_misc":{"Escrito por":false,"Tempo estimado de leitura":"3 minutos"},"schema":{"@context":"https:\/\/schema.org","@graph":[{"@type":"Article","@id":"http:\/\/maismagazine.pt\/index.php\/2022\/10\/07\/electroinstal-a-empresa-criada-com-o-intuito-de-crescer\/#article","isPartOf":{"@id":"http:\/\/maismagazine.pt\/index.php\/2022\/10\/07\/electroinstal-a-empresa-criada-com-o-intuito-de-crescer\/"},"author":{"name":"Tiago Costa","@id":"https:\/\/maismagazine.pt\/#\/schema\/person\/c6c5bfccc886434cbd11c74e035f9646"},"headline":"Electroinstal: a empresa criada com o \u201cintuito de crescer\u201d","datePublished":"2022-10-07T06:00:00+00:00","mainEntityOfPage":{"@id":"http:\/\/maismagazine.pt\/index.php\/2022\/10\/07\/electroinstal-a-empresa-criada-com-o-intuito-de-crescer\/"},"wordCount":686,"publisher":{"@id":"https:\/\/maismagazine.pt\/#organization"},"image":{"@id":"http:\/\/maismagazine.pt\/index.php\/2022\/10\/07\/electroinstal-a-empresa-criada-com-o-intuito-de-crescer\/#primaryimage"},"thumbnailUrl":"http:\/\/maismagazine.pt\/wp-content\/uploads\/2022\/09\/foto-ivo-ribeiro.jpg","keywords":["Eletrica","Insta\u00e7\u00e3o el\u00e9trica","Servi\u00e7os de Climatiza\u00e7\u00e3o"],"articleSection":["Empreendedorismo"],"inLanguage":"pt-PT"},{"@type":"WebPage","@id":"http:\/\/maismagazine.pt\/index.php\/2022\/10\/07\/electroinstal-a-empresa-criada-com-o-intuito-de-crescer\/","url":"http:\/\/maismagazine.pt\/index.php\/2022\/10\/07\/electroinstal-a-empresa-criada-com-o-intuito-de-crescer\/","name":"Electroinstal: a empresa criada com o \u201cintuito de crescer\u201d - Mais Magazine","isPartOf":{"@id":"https:\/\/maismagazine.pt\/#website"},"primaryImageOfPage":{"@id":"http:\/\/maismagazine.pt\/index.php\/2022\/10\/07\/electroinstal-a-empresa-criada-com-o-intuito-de-crescer\/#primaryimage"},"image":{"@id":"http:\/\/maismagazine.pt\/index.php\/2022\/10\/07\/electroinstal-a-empresa-criada-com-o-intuito-de-crescer\/#primaryimage"},"thumbnailUrl":"http:\/\/maismagazine.pt\/wp-content\/uploads\/2022\/09\/foto-ivo-ribeiro.jpg","datePublished":"2022-10-07T06:00:00+00:00","description":"Fundada por Ivo Ribeiro, a Electroinstal, empresa que presta servi\u00e7os na \u00e1rea das instala\u00e7\u00f5es el\u00e9tricas e da climatiza\u00e7\u00e3o...","breadcrumb":{"@id":"http:\/\/maismagazine.pt\/index.php\/2022\/10\/07\/electroinstal-a-empresa-criada-com-o-intuito-de-crescer\/#breadcrumb"},"inLanguage":"pt-PT","potentialAction":[{"@type":"ReadAction","target":["http:\/\/maismagazine.pt\/index.php\/2022\/10\/07\/electroinstal-a-empresa-criada-com-o-intuito-de-crescer\/"]}]},{"@type":"ImageObject","inLanguage":"pt-PT","@id":"http:\/\/maismagazine.pt\/index.php\/2022\/10\/07\/electroinstal-a-empresa-criada-com-o-intuito-de-crescer\/#primaryimage","url":"http:\/\/maismagazine.pt\/wp-content\/uploads\/2022\/09\/foto-ivo-ribeiro.jpg","contentUrl":"http:\/\/maismagazine.pt\/wp-content\/uploads\/2022\/09\/foto-ivo-ribeiro.jpg","width":870,"height":937},{"@type":"BreadcrumbList","@id":"http:\/\/maismagazine.pt\/index.php\/2022\/10\/07\/electroinstal-a-empresa-criada-com-o-intuito-de-crescer\/#breadcrumb","itemListElement":[{"@type":"ListItem","position":1,"name":"Home","item":"https:\/\/maismagazine.pt\/"},{"@type":"ListItem","position":2,"name":"Electroinstal: a empresa criada com o \u201cintuito de crescer\u201d"}]},{"@type":"WebSite","@id":"https:\/\/maismagazine.pt\/#website","url":"https:\/\/maismagazine.pt\/","name":"Mais Magazine","description":"","publisher":{"@id":"https:\/\/maismagazine.pt\/#organization"},"potentialAction":[{"@type":"SearchAction","target":{"@type":"EntryPoint","urlTemplate":"https:\/\/maismagazine.pt\/?s={search_term_string}"},"query-input":{"@type":"PropertyValueSpecification","valueRequired":true,"valueName":"search_term_string"}}],"inLanguage":"pt-PT"},{"@type":"Organization","@id":"https:\/\/maismagazine.pt\/#organization","name":"Mais Magazine","url":"https:\/\/maismagazine.pt\/","logo":{"@type":"ImageObject","inLanguage":"pt-PT","@id":"https:\/\/maismagazine.pt\/#\/schema\/logo\/image\/","url":"http:\/\/maismagazine.pt\/wp-content\/uploads\/2020\/04\/cropped-cropped-mais-magazine-site-logo-2.png","contentUrl":"http:\/\/maismagazine.pt\/wp-content\/uploads\/2020\/04\/cropped-cropped-mais-magazine-site-logo-2.png","width":581,"height":90,"caption":"Mais Magazine"},"image":{"@id":"https:\/\/maismagazine.pt\/#\/schema\/logo\/image\/"}},{"@type":"Person","@id":"https:\/\/maismagazine.pt\/#\/schema\/person\/c6c5bfccc886434cbd11c74e035f9646","name":"Tiago Costa","image":{"@type":"ImageObject","inLanguage":"pt-PT","@id":"https:\/\/maismagazine.pt\/#\/schema\/person\/image\/","url":"https:\/\/secure.gravatar.com\/avatar\/c599b2bce16c9870429198cbad5ee022?s=96&d=mm&r=g","contentUrl":"https:\/\/secure.gravatar.com\/avatar\/c599b2bce16c9870429198cbad5ee022?s=96&d=mm&r=g","caption":"Tiago Costa"},"url":"http:\/\/maismagazine.pt\/index.php\/author\/tiago\/"}]}},"author_meta":{"display_name":false,"author_link":"http:\/\/maismagazine.pt\/index.php\/author\/tiago\/"},"featured_img":"http:\/\/maismagazine.pt\/wp-content\/uploads\/2022\/09\/foto-ivo-ribeiro-279x300.jpg","coauthors":[],"tax_additional":{"categories":{"linked":["<a href=\"http:\/\/maismagazine.pt\/index.php\/category\/empreendedorismo\/\" class=\"advgb-post-tax-term\">Empreendedorismo<\/a>"],"unlinked":["<span class=\"advgb-post-tax-term\">Empreendedorismo<\/span>"]},"tags":{"linked":["<a href=\"http:\/\/maismagazine.pt\/index.php\/category\/empreendedorismo\/\" class=\"advgb-post-tax-term\">Eletrica<\/a>","<a href=\"http:\/\/maismagazine.pt\/index.php\/category\/empreendedorismo\/\" class=\"advgb-post-tax-term\">Insta\u00e7\u00e3o el\u00e9trica<\/a>","<a href=\"http:\/\/maismagazine.pt\/index.php\/category\/empreendedorismo\/\" class=\"advgb-post-tax-term\">Servi\u00e7os de Climatiza\u00e7\u00e3o<\/a>"],"unlinked":["<span class=\"advgb-post-tax-term\">Eletrica<\/span>","<span class=\"advgb-post-tax-term\">Insta\u00e7\u00e3o el\u00e9trica<\/span>","<span class=\"advgb-post-tax-term\">Servi\u00e7os de Climatiza\u00e7\u00e3o<\/span>"]}},"comment_count":"0","relative_dates":{"created":"Posted 4 anos ago","modified":"Updated 4 anos ago"},"absolute_dates":{"created":"Posted on 7 de Outubro, 2022","modified":"Updated on 29 de Setembro, 2022"},"absolute_dates_time":{"created":"Posted on 7 de Outubro, 2022 7:00","modified":"Updated on 29 de Setembro, 2022 10:31"},"featured_img_caption":"","series_order":"","_links":{"self":[{"href":"http:\/\/maismagazine.pt\/index.php\/wp-json\/wp\/v2\/posts\/4647","targetHints":{"allow":["GET"]}}],"collection":[{"href":"http:\/\/maismagazine.pt\/index.php\/wp-json\/wp\/v2\/posts"}],"about":[{"href":"http:\/\/maismagazine.pt\/index.php\/wp-json\/wp\/v2\/types\/post"}],"author":[{"embeddable":true,"href":"http:\/\/maismagazine.pt\/index.php\/wp-json\/wp\/v2\/users\/17"}],"replies":[{"embeddable":true,"href":"http:\/\/maismagazine.pt\/index.php\/wp-json\/wp\/v2\/comments?post=4647"}],"version-history":[{"count":1,"href":"http:\/\/maismagazine.pt\/index.php\/wp-json\/wp\/v2\/posts\/4647\/revisions"}],"predecessor-version":[{"id":4649,"href":"http:\/\/maismagazine.pt\/index.php\/wp-json\/wp\/v2\/posts\/4647\/revisions\/4649"}],"wp:featuredmedia":[{"embeddable":true,"href":"http:\/\/maismagazine.pt\/index.php\/wp-json\/wp\/v2\/media\/4648"}],"wp:attachment":[{"href":"http:\/\/maismagazine.pt\/index.php\/wp-json\/wp\/v2\/media?parent=4647"}],"wp:term":[{"taxonomy":"category","embeddable":true,"href":"http:\/\/maismagazine.pt\/index.php\/wp-json\/wp\/v2\/categories?post=4647"},{"taxonomy":"post_tag","embeddable":true,"href":"http:\/\/maismagazine.pt\/index.php\/wp-json\/wp\/v2\/tags?post=4647"}],"curies":[{"name":"wp","href":"https:\/\/api.w.org\/{rel}","templated":true}]}}