{"id":4636,"date":"2022-10-07T07:00:00","date_gmt":"2022-10-07T06:00:00","guid":{"rendered":"https:\/\/maismagazine.pt\/?p=4636"},"modified":"2022-09-29T10:18:58","modified_gmt":"2022-09-29T09:18:58","slug":"catia-nunes-a-aventura-grad-em-portugal-esta-so-no-seu-comeco","status":"publish","type":"post","link":"http:\/\/maismagazine.pt\/index.php\/2022\/10\/07\/catia-nunes-a-aventura-grad-em-portugal-esta-so-no-seu-comeco\/","title":{"rendered":"C\u00e1tia Nunes: \u201cA aventura grad em Portugal esta s\u00f3 no seu come\u00e7o\u201d"},"content":{"rendered":"\n<p><strong>O grad system \u00e9 um sistema inovador que surgiu com o intuiu de revolucionar o mercado da fixa\u00e7\u00e3o de materiais, uma solu\u00e7\u00e3o desenvolvida pelo grupo Burger &amp; Cie. Em\u00a0entrevista \u00e0 Mais Magazine, C\u00e1tia Nunes, Business Manager da empresa, contou-nos tudo sobre este produto.<\/strong><\/p>\n\n\n\n<p><\/p>\n\n\n\n<p><strong>Para come\u00e7ar, pedia-lhe que nos explicasse como \u00e9 que funciona e o que \u00e9 o grad system?<\/strong><\/p>\n\n\n\n<p><\/p>\n\n\n\n<p>O sistema grad \u00e9 uma solu\u00e7\u00e3o revolucion\u00e1ria para a instala\u00e7\u00e3o de deck, de fachada e de teto. Consiste num perfil de alum\u00ednio pr\u00e9-equipado de clipes grad. Os clipes j\u00e1 v\u00eam encaixados no perfil desde fabrica, o que permite ganhar muit\u00edssimo tempo de instala\u00e7\u00e3o. O sistema grad tem a vantagem de poder ser utilizado para qualquer tipo de projeto de deck e de fachada, gra\u00e7as \u00e0s v\u00e1rias op\u00e7\u00f5es dispon\u00edveis, tanto no pr\u00f3prio sistema, como tamb\u00e9m na escolha do revestimento: madeira, WPC, cer\u00e2mica e alum\u00ednio. \u00c9 um sistema patenteado e 100% sustent\u00e1vel, fabricado pela Burger &amp; Cie, empresa Francesa que existe desde 1847.<\/p>\n\n\n\n<p><\/p>\n\n\n\n<p><strong>Como \u00e9 que surgiu a ideia de produzir o grad system?<\/strong><\/p>\n\n\n\n<p><\/p>\n\n\n\n<p>O clipe foi inventado por dois engenheiros da empresa, e a ideia foi de poder propor n\u00e3o um simples produto, mas uma solu\u00e7\u00e3o que faz toda a diferen\u00e7a. O mundo da constru\u00e7\u00e3o evolui e \u00e9 nosso dever acompanhar essa evolu\u00e7\u00e3o, sendo vanguardista ao propor um sistema \u00fanico para simplificar a instala\u00e7\u00e3o de decks e revestimentos de parede, com materiais de alta qualidade.<\/p>\n\n\n\n<div class=\"wp-block-image\"><figure class=\"aligncenter size-large\"><img loading=\"lazy\" decoding=\"async\" width=\"1024\" height=\"622\" src=\"http:\/\/maismagazine.pt\/wp-content\/uploads\/2022\/09\/structure-ambiance-credit-photo-grad-12-2020-1024x622.jpg\" alt=\"\" class=\"wp-image-4640\" srcset=\"http:\/\/maismagazine.pt\/wp-content\/uploads\/2022\/09\/structure-ambiance-credit-photo-grad-12-2020-1024x622.jpg 1024w, http:\/\/maismagazine.pt\/wp-content\/uploads\/2022\/09\/structure-ambiance-credit-photo-grad-12-2020-300x182.jpg 300w, http:\/\/maismagazine.pt\/wp-content\/uploads\/2022\/09\/structure-ambiance-credit-photo-grad-12-2020-768x467.jpg 768w, http:\/\/maismagazine.pt\/wp-content\/uploads\/2022\/09\/structure-ambiance-credit-photo-grad-12-2020.jpg 1241w\" sizes=\"auto, (max-width: 1024px) 100vw, 1024px\" \/><\/figure><\/div>\n\n\n\n<p><strong>Quais s\u00e3o as diferen\u00e7as deste produto, em rela\u00e7\u00e3o aos m\u00e9todos mais convencionais?<\/strong><\/p>\n\n\n\n<p><\/p>\n\n\n\n<p>O sistema grad \u00e9 composto por um perfil de alum\u00ednio pr\u00e9-equipado de clipes grad. Essa \u00e9 uma das grandes diferen\u00e7as, pois os clipes chegam ao cliente encaixados no lugar certo para logo poder encaixar as tabuas de acordo com a largura de estas, o que permite uma instala\u00e7\u00e3o r\u00e1pida, indo at\u00e9 70% mais r\u00e1pido do que uma instala\u00e7\u00e3o mais convencional. O clipe sendo central, permite uma est\u00e9tica perfeita, sem parafusos vis\u00edveis. A outra grande diferen\u00e7a \u00e9 que o sistema \u00e9 totalmente desmont\u00e1vel, gra\u00e7as a umas chaves especificas que desencaixam os clipes, permitindo assim aceder a m\u00e1quinas (perto de uma piscina por exemplo), limpar por baixo do deck, mudar uma tabua, recuperar algo que caiu por baixo do deck, instalar uma luz, e muitas outras situa\u00e7\u00f5es. Al\u00e9m disso, o clipe permite uma ventila\u00e7\u00e3o cont\u00ednua, essencial para um projeto sem surpresas desagrad\u00e1veis a longo prazo. De facto, as tabuas n\u00e3o est\u00e3o em contacto direto com a estrutura, pois o clipe grad garante um espa\u00e7o entre as tabuas e o alum\u00ednio, permitindo evitar a infiltra\u00e7\u00e3o da \u00e1gua.<\/p>\n\n\n\n<p><\/p>\n\n\n\n<p><strong>H\u00e1 quanto tempo \u00e9 que o produto est\u00e1 no mercado?<\/strong><\/p>\n\n\n\n<p><\/p>\n\n\n\n<p>O sistema grad esta dispon\u00edvel no mercado h\u00e1 mais de 30 anos. Come\u00e7ando com um clipe que tinha de ser aparafusado, e indo evoluindo ao longo dos anos para fornecer a melhor solu\u00e7\u00e3o poss\u00edvel, sem parafusos vis\u00edveis e remov\u00edvel.<\/p>\n\n\n\n<p><\/p>\n\n\n\n<p><strong>Quando surgem produtos inovadores, como \u00e9 o caso, o p\u00fablico costuma ter rea\u00e7\u00f5es muito diversas. Como \u00e9 que tem sido o feedback ao grad system?<\/strong><\/p>\n\n\n\n<p><\/p>\n\n\n\n<p>Costumamos chamar o sistema grad de produto \u201cuau\u201d, porque, de facto, em cada apresenta\u00e7\u00e3o e demonstra\u00e7\u00e3o que se faz, a primeira rea\u00e7\u00e3o \u00e9: \u201cUau, isto existe mesmo?\u201d. \u00c9 um orgulho para n\u00f3s. A grande maioria das pessoas n\u00e3o conhecem o sistema, pois estamos presentes no mercado portugu\u00eas h\u00e1 pouco tempo, mas o feedback \u00e9 mais que positivo e incentiva-nos a continuar a dar a conhecer este sistema incr\u00edvel, que trar\u00e1 muitas solu\u00e7\u00f5es para problemas recorrentes na constru\u00e7\u00e3o e renova\u00e7\u00e3o.<\/p>\n\n\n\n<div class=\"wp-block-image\"><figure class=\"aligncenter size-large\"><img loading=\"lazy\" decoding=\"async\" width=\"1024\" height=\"683\" src=\"http:\/\/maismagazine.pt\/wp-content\/uploads\/2022\/09\/structure-ambiance-credit-photo-grad-14-2020-1024x683.jpg\" alt=\"\" class=\"wp-image-4642\" srcset=\"http:\/\/maismagazine.pt\/wp-content\/uploads\/2022\/09\/structure-ambiance-credit-photo-grad-14-2020-1024x683.jpg 1024w, http:\/\/maismagazine.pt\/wp-content\/uploads\/2022\/09\/structure-ambiance-credit-photo-grad-14-2020-300x200.jpg 300w, http:\/\/maismagazine.pt\/wp-content\/uploads\/2022\/09\/structure-ambiance-credit-photo-grad-14-2020-768x512.jpg 768w, http:\/\/maismagazine.pt\/wp-content\/uploads\/2022\/09\/structure-ambiance-credit-photo-grad-14-2020-1536x1024.jpg 1536w, http:\/\/maismagazine.pt\/wp-content\/uploads\/2022\/09\/structure-ambiance-credit-photo-grad-14-2020-2048x1365.jpg 2048w, http:\/\/maismagazine.pt\/wp-content\/uploads\/2022\/09\/structure-ambiance-credit-photo-grad-14-2020-150x100.jpg 150w\" sizes=\"auto, (max-width: 1024px) 100vw, 1024px\" \/><\/figure><\/div>\n\n\n\n<p><strong>Os ideais da empresa defendem o ambiente. De que forma \u00e9 que isso acontece na conce\u00e7\u00e3o deste produto?<\/strong><\/p>\n\n\n\n<p><\/p>\n\n\n\n<p>O sistema grad \u00e9 reciclado e recicl\u00e1vel, permitindo uma durabilidade reconhecida. A reciclagem e reutiliza\u00e7\u00e3o do material ajudam a minimizar o impacto ambiental e a conservar os recursos naturais. De facto, a infinita reciclabilidade do alum\u00ednio permite economizar 95% de energia e 70% de \u00e1gua, em compara\u00e7\u00e3o com as quantidades necess\u00e1rias durante a produ\u00e7\u00e3o de alum\u00ednio prim\u00e1rio. Como o alum\u00ednio n\u00e3o perde nenhuma das suas qualidades durante o processo de reciclagem, esse material atinge a meta de zero desperd\u00edcio a longo prazo. Al\u00e9m disso, os clipes e acess\u00f3rios s\u00e3o pol\u00edmeros PP e POM, que s\u00e3o reciclados e recicl\u00e1veis.<\/p>\n\n\n\n<p><\/p>\n\n\n\n<p><strong>O grupo Burger &amp; CIE fica sediado na Als\u00e1cia, uma regi\u00e3o no nordeste de Fran\u00e7a. Como \u00e9 que se deu a expans\u00e3o da empresa para o resto da Europa e para os restantes continentes?<\/strong><\/p>\n\n\n\n<p><\/p>\n\n\n\n<p>O grupo Burger &amp; Cie nunca foi daquelas empresas que se acomoda com as suas conquistas. Est\u00e1 sempre \u00e0 procura de novas oportunidades e, por isso, pareceu-nos l\u00f3gico dar a conhecer a nossa gama de produtos aos pa\u00edses europeus vizinhos. De seguida, quisemos expandir o nosso know-how para al\u00e9m das fronteiras europeias e hoje estamos presentes em outros pa\u00edses como Emirados, Estados Unidos, Canad\u00e1 e muitos outros. \u00c9 essencial para n\u00f3s darmos a conhecer este sistema que \u00e9 \u00fanico e que \u00e9 nosso.<\/p>\n\n\n\n<p><\/p>\n\n\n\n<p><strong>Tirando a Fran\u00e7a, quais s\u00e3o os pa\u00edses onde a Burger &amp; Cie tem uma presen\u00e7a mais forte no mercado?<\/strong><\/p>\n\n\n\n<p><\/p>\n\n\n\n<p>A empresa Burger &amp; Cie tem uma presen\u00e7a forte nos pa\u00edses vizinhos, ou seja, na Alemanha, B\u00e9lgica e Su\u00ed\u00e7a. Contudo, esperamos fazer de Portugal, Espanha e It\u00e1lia, pa\u00edses com uma forte presen\u00e7a da grad. Uma equipa de 3 pessoas ir\u00e1 em breve juntar-se \u00e0 equipa grad em Portugal para refor\u00e7ar a nossa presen\u00e7a no mercado, juntamente com o nosso distribuidor local, a empresa Banema. O processo de recrutamento est\u00e1 em andamento e ser\u00e1 promissor. A aventura grad em Portugal esta s\u00f3 no seu come\u00e7o.<\/p>\n","protected":false},"excerpt":{"rendered":"<p>O grad system \u00e9 um sistema inovador que surgiu com o intuiu de revolucionar o mercado da fixa\u00e7\u00e3o de materiais, uma solu\u00e7\u00e3o desenvolvida pelo grupo Burger &amp; Cie. Em\u00a0entrevista \u00e0 Mais Magazine, C\u00e1tia Nunes, Business Manager da empresa, contou-nos tudo sobre este produto. Para come\u00e7ar, pedia-lhe que nos explicasse como&hellip;<\/p>\n","protected":false},"author":17,"featured_media":4641,"comment_status":"closed","ping_status":"open","sticky":false,"template":"","format":"standard","meta":{"advgb_blocks_editor_width":"","advgb_blocks_columns_visual_guide":"","_monsterinsights_skip_tracking":false,"_monsterinsights_sitenote_active":false,"_monsterinsights_sitenote_note":"","_monsterinsights_sitenote_category":0,"footnotes":""},"categories":[78,77,50],"tags":[93,1022],"class_list":["post-4636","post","type-post","status-publish","format-standard","has-post-thumbnail","hentry","category-ambiente-e-sustentabilidade","category-arquitetura-e-construcao","category-destaques","tag-arquitetura","tag-concreta"],"yoast_head":"<!-- This site is optimized with the Yoast SEO plugin v24.4 - https:\/\/yoast.com\/wordpress\/plugins\/seo\/ -->\n<title>C\u00e1tia Nunes: \u201cA aventura grad em Portugal esta s\u00f3 no seu come\u00e7o\u201d - Mais Magazine<\/title>\n<meta name=\"description\" content=\"O grad system \u00e9 um sistema inovador que surgiu com o intuiu de revolucionar o mercado da fixa\u00e7\u00e3o de materiais...\" \/>\n<meta name=\"robots\" content=\"index, follow, max-snippet:-1, max-image-preview:large, max-video-preview:-1\" \/>\n<link rel=\"canonical\" href=\"http:\/\/maismagazine.pt\/index.php\/2022\/10\/07\/catia-nunes-a-aventura-grad-em-portugal-esta-so-no-seu-comeco\/\" \/>\n<meta property=\"og:locale\" content=\"pt_PT\" \/>\n<meta property=\"og:type\" content=\"article\" \/>\n<meta property=\"og:title\" content=\"C\u00e1tia Nunes: \u201cA aventura grad em Portugal esta s\u00f3 no seu come\u00e7o\u201d - Mais Magazine\" \/>\n<meta property=\"og:description\" content=\"O grad system \u00e9 um sistema inovador que surgiu com o intuiu de revolucionar o mercado da fixa\u00e7\u00e3o de materiais...\" \/>\n<meta property=\"og:url\" content=\"http:\/\/maismagazine.pt\/index.php\/2022\/10\/07\/catia-nunes-a-aventura-grad-em-portugal-esta-so-no-seu-comeco\/\" \/>\n<meta property=\"og:site_name\" content=\"Mais Magazine\" \/>\n<meta property=\"article:published_time\" content=\"2022-10-07T06:00:00+00:00\" \/>\n<meta property=\"og:image\" content=\"http:\/\/maismagazine.pt\/wp-content\/uploads\/2022\/09\/Foto-e1664442750525.jpg\" \/>\n\t<meta property=\"og:image:width\" content=\"796\" \/>\n\t<meta property=\"og:image:height\" content=\"611\" \/>\n\t<meta property=\"og:image:type\" content=\"image\/jpeg\" \/>\n<meta name=\"author\" content=\"Tiago Costa\" \/>\n<meta name=\"twitter:card\" content=\"summary_large_image\" \/>\n<meta name=\"twitter:label1\" content=\"Escrito por\" \/>\n\t<meta name=\"twitter:data1\" content=\"\" \/>\n\t<meta name=\"twitter:label2\" content=\"Tempo estimado de leitura\" \/>\n\t<meta name=\"twitter:data2\" content=\"5 minutos\" \/>\n<script type=\"application\/ld+json\" class=\"yoast-schema-graph\">{\"@context\":\"https:\/\/schema.org\",\"@graph\":[{\"@type\":\"Article\",\"@id\":\"http:\/\/maismagazine.pt\/index.php\/2022\/10\/07\/catia-nunes-a-aventura-grad-em-portugal-esta-so-no-seu-comeco\/#article\",\"isPartOf\":{\"@id\":\"http:\/\/maismagazine.pt\/index.php\/2022\/10\/07\/catia-nunes-a-aventura-grad-em-portugal-esta-so-no-seu-comeco\/\"},\"author\":{\"name\":\"Tiago Costa\",\"@id\":\"https:\/\/maismagazine.pt\/#\/schema\/person\/c6c5bfccc886434cbd11c74e035f9646\"},\"headline\":\"C\u00e1tia Nunes: \u201cA aventura grad em Portugal esta s\u00f3 no seu come\u00e7o\u201d\",\"datePublished\":\"2022-10-07T06:00:00+00:00\",\"mainEntityOfPage\":{\"@id\":\"http:\/\/maismagazine.pt\/index.php\/2022\/10\/07\/catia-nunes-a-aventura-grad-em-portugal-esta-so-no-seu-comeco\/\"},\"wordCount\":1004,\"publisher\":{\"@id\":\"https:\/\/maismagazine.pt\/#organization\"},\"image\":{\"@id\":\"http:\/\/maismagazine.pt\/index.php\/2022\/10\/07\/catia-nunes-a-aventura-grad-em-portugal-esta-so-no-seu-comeco\/#primaryimage\"},\"thumbnailUrl\":\"http:\/\/maismagazine.pt\/wp-content\/uploads\/2022\/09\/Foto-e1664442750525.jpg\",\"keywords\":[\"Arquitetura\",\"Concreta\"],\"articleSection\":[\"Ambiente e Sustentabilidade\",\"Arquitetura e Constru\u00e7\u00e3o\",\"Destaques\"],\"inLanguage\":\"pt-PT\"},{\"@type\":\"WebPage\",\"@id\":\"http:\/\/maismagazine.pt\/index.php\/2022\/10\/07\/catia-nunes-a-aventura-grad-em-portugal-esta-so-no-seu-comeco\/\",\"url\":\"http:\/\/maismagazine.pt\/index.php\/2022\/10\/07\/catia-nunes-a-aventura-grad-em-portugal-esta-so-no-seu-comeco\/\",\"name\":\"C\u00e1tia Nunes: \u201cA aventura grad em Portugal esta s\u00f3 no seu come\u00e7o\u201d - Mais Magazine\",\"isPartOf\":{\"@id\":\"https:\/\/maismagazine.pt\/#website\"},\"primaryImageOfPage\":{\"@id\":\"http:\/\/maismagazine.pt\/index.php\/2022\/10\/07\/catia-nunes-a-aventura-grad-em-portugal-esta-so-no-seu-comeco\/#primaryimage\"},\"image\":{\"@id\":\"http:\/\/maismagazine.pt\/index.php\/2022\/10\/07\/catia-nunes-a-aventura-grad-em-portugal-esta-so-no-seu-comeco\/#primaryimage\"},\"thumbnailUrl\":\"http:\/\/maismagazine.pt\/wp-content\/uploads\/2022\/09\/Foto-e1664442750525.jpg\",\"datePublished\":\"2022-10-07T06:00:00+00:00\",\"description\":\"O grad system \u00e9 um sistema inovador que surgiu com o intuiu de revolucionar o mercado da fixa\u00e7\u00e3o de materiais...\",\"breadcrumb\":{\"@id\":\"http:\/\/maismagazine.pt\/index.php\/2022\/10\/07\/catia-nunes-a-aventura-grad-em-portugal-esta-so-no-seu-comeco\/#breadcrumb\"},\"inLanguage\":\"pt-PT\",\"potentialAction\":[{\"@type\":\"ReadAction\",\"target\":[\"http:\/\/maismagazine.pt\/index.php\/2022\/10\/07\/catia-nunes-a-aventura-grad-em-portugal-esta-so-no-seu-comeco\/\"]}]},{\"@type\":\"ImageObject\",\"inLanguage\":\"pt-PT\",\"@id\":\"http:\/\/maismagazine.pt\/index.php\/2022\/10\/07\/catia-nunes-a-aventura-grad-em-portugal-esta-so-no-seu-comeco\/#primaryimage\",\"url\":\"http:\/\/maismagazine.pt\/wp-content\/uploads\/2022\/09\/Foto-e1664442750525.jpg\",\"contentUrl\":\"http:\/\/maismagazine.pt\/wp-content\/uploads\/2022\/09\/Foto-e1664442750525.jpg\",\"width\":796,\"height\":611},{\"@type\":\"BreadcrumbList\",\"@id\":\"http:\/\/maismagazine.pt\/index.php\/2022\/10\/07\/catia-nunes-a-aventura-grad-em-portugal-esta-so-no-seu-comeco\/#breadcrumb\",\"itemListElement\":[{\"@type\":\"ListItem\",\"position\":1,\"name\":\"Home\",\"item\":\"https:\/\/maismagazine.pt\/\"},{\"@type\":\"ListItem\",\"position\":2,\"name\":\"C\u00e1tia Nunes: \u201cA aventura grad em Portugal esta s\u00f3 no seu come\u00e7o\u201d\"}]},{\"@type\":\"WebSite\",\"@id\":\"https:\/\/maismagazine.pt\/#website\",\"url\":\"https:\/\/maismagazine.pt\/\",\"name\":\"Mais Magazine\",\"description\":\"\",\"publisher\":{\"@id\":\"https:\/\/maismagazine.pt\/#organization\"},\"potentialAction\":[{\"@type\":\"SearchAction\",\"target\":{\"@type\":\"EntryPoint\",\"urlTemplate\":\"https:\/\/maismagazine.pt\/?s={search_term_string}\"},\"query-input\":{\"@type\":\"PropertyValueSpecification\",\"valueRequired\":true,\"valueName\":\"search_term_string\"}}],\"inLanguage\":\"pt-PT\"},{\"@type\":\"Organization\",\"@id\":\"https:\/\/maismagazine.pt\/#organization\",\"name\":\"Mais Magazine\",\"url\":\"https:\/\/maismagazine.pt\/\",\"logo\":{\"@type\":\"ImageObject\",\"inLanguage\":\"pt-PT\",\"@id\":\"https:\/\/maismagazine.pt\/#\/schema\/logo\/image\/\",\"url\":\"http:\/\/maismagazine.pt\/wp-content\/uploads\/2020\/04\/cropped-cropped-mais-magazine-site-logo-2.png\",\"contentUrl\":\"http:\/\/maismagazine.pt\/wp-content\/uploads\/2020\/04\/cropped-cropped-mais-magazine-site-logo-2.png\",\"width\":581,\"height\":90,\"caption\":\"Mais Magazine\"},\"image\":{\"@id\":\"https:\/\/maismagazine.pt\/#\/schema\/logo\/image\/\"}},{\"@type\":\"Person\",\"@id\":\"https:\/\/maismagazine.pt\/#\/schema\/person\/c6c5bfccc886434cbd11c74e035f9646\",\"name\":\"Tiago Costa\",\"image\":{\"@type\":\"ImageObject\",\"inLanguage\":\"pt-PT\",\"@id\":\"https:\/\/maismagazine.pt\/#\/schema\/person\/image\/\",\"url\":\"https:\/\/secure.gravatar.com\/avatar\/c599b2bce16c9870429198cbad5ee022?s=96&d=mm&r=g\",\"contentUrl\":\"https:\/\/secure.gravatar.com\/avatar\/c599b2bce16c9870429198cbad5ee022?s=96&d=mm&r=g\",\"caption\":\"Tiago Costa\"},\"url\":\"http:\/\/maismagazine.pt\/index.php\/author\/tiago\/\"}]}<\/script>\n<!-- \/ Yoast SEO plugin. -->","yoast_head_json":{"title":"C\u00e1tia Nunes: \u201cA aventura grad em Portugal esta s\u00f3 no seu come\u00e7o\u201d - Mais Magazine","description":"O grad system \u00e9 um sistema inovador que surgiu com o intuiu de revolucionar o mercado da fixa\u00e7\u00e3o de materiais...","robots":{"index":"index","follow":"follow","max-snippet":"max-snippet:-1","max-image-preview":"max-image-preview:large","max-video-preview":"max-video-preview:-1"},"canonical":"http:\/\/maismagazine.pt\/index.php\/2022\/10\/07\/catia-nunes-a-aventura-grad-em-portugal-esta-so-no-seu-comeco\/","og_locale":"pt_PT","og_type":"article","og_title":"C\u00e1tia Nunes: \u201cA aventura grad em Portugal esta s\u00f3 no seu come\u00e7o\u201d - Mais Magazine","og_description":"O grad system \u00e9 um sistema inovador que surgiu com o intuiu de revolucionar o mercado da fixa\u00e7\u00e3o de materiais...","og_url":"http:\/\/maismagazine.pt\/index.php\/2022\/10\/07\/catia-nunes-a-aventura-grad-em-portugal-esta-so-no-seu-comeco\/","og_site_name":"Mais Magazine","article_published_time":"2022-10-07T06:00:00+00:00","og_image":[{"width":796,"height":611,"url":"http:\/\/maismagazine.pt\/wp-content\/uploads\/2022\/09\/Foto-e1664442750525.jpg","type":"image\/jpeg"}],"author":"Tiago Costa","twitter_card":"summary_large_image","twitter_misc":{"Escrito por":false,"Tempo estimado de leitura":"5 minutos"},"schema":{"@context":"https:\/\/schema.org","@graph":[{"@type":"Article","@id":"http:\/\/maismagazine.pt\/index.php\/2022\/10\/07\/catia-nunes-a-aventura-grad-em-portugal-esta-so-no-seu-comeco\/#article","isPartOf":{"@id":"http:\/\/maismagazine.pt\/index.php\/2022\/10\/07\/catia-nunes-a-aventura-grad-em-portugal-esta-so-no-seu-comeco\/"},"author":{"name":"Tiago Costa","@id":"https:\/\/maismagazine.pt\/#\/schema\/person\/c6c5bfccc886434cbd11c74e035f9646"},"headline":"C\u00e1tia Nunes: \u201cA aventura grad em Portugal esta s\u00f3 no seu come\u00e7o\u201d","datePublished":"2022-10-07T06:00:00+00:00","mainEntityOfPage":{"@id":"http:\/\/maismagazine.pt\/index.php\/2022\/10\/07\/catia-nunes-a-aventura-grad-em-portugal-esta-so-no-seu-comeco\/"},"wordCount":1004,"publisher":{"@id":"https:\/\/maismagazine.pt\/#organization"},"image":{"@id":"http:\/\/maismagazine.pt\/index.php\/2022\/10\/07\/catia-nunes-a-aventura-grad-em-portugal-esta-so-no-seu-comeco\/#primaryimage"},"thumbnailUrl":"http:\/\/maismagazine.pt\/wp-content\/uploads\/2022\/09\/Foto-e1664442750525.jpg","keywords":["Arquitetura","Concreta"],"articleSection":["Ambiente e Sustentabilidade","Arquitetura e Constru\u00e7\u00e3o","Destaques"],"inLanguage":"pt-PT"},{"@type":"WebPage","@id":"http:\/\/maismagazine.pt\/index.php\/2022\/10\/07\/catia-nunes-a-aventura-grad-em-portugal-esta-so-no-seu-comeco\/","url":"http:\/\/maismagazine.pt\/index.php\/2022\/10\/07\/catia-nunes-a-aventura-grad-em-portugal-esta-so-no-seu-comeco\/","name":"C\u00e1tia Nunes: \u201cA aventura grad em Portugal esta s\u00f3 no seu come\u00e7o\u201d - Mais Magazine","isPartOf":{"@id":"https:\/\/maismagazine.pt\/#website"},"primaryImageOfPage":{"@id":"http:\/\/maismagazine.pt\/index.php\/2022\/10\/07\/catia-nunes-a-aventura-grad-em-portugal-esta-so-no-seu-comeco\/#primaryimage"},"image":{"@id":"http:\/\/maismagazine.pt\/index.php\/2022\/10\/07\/catia-nunes-a-aventura-grad-em-portugal-esta-so-no-seu-comeco\/#primaryimage"},"thumbnailUrl":"http:\/\/maismagazine.pt\/wp-content\/uploads\/2022\/09\/Foto-e1664442750525.jpg","datePublished":"2022-10-07T06:00:00+00:00","description":"O grad system \u00e9 um sistema inovador que surgiu com o intuiu de revolucionar o mercado da fixa\u00e7\u00e3o de materiais...","breadcrumb":{"@id":"http:\/\/maismagazine.pt\/index.php\/2022\/10\/07\/catia-nunes-a-aventura-grad-em-portugal-esta-so-no-seu-comeco\/#breadcrumb"},"inLanguage":"pt-PT","potentialAction":[{"@type":"ReadAction","target":["http:\/\/maismagazine.pt\/index.php\/2022\/10\/07\/catia-nunes-a-aventura-grad-em-portugal-esta-so-no-seu-comeco\/"]}]},{"@type":"ImageObject","inLanguage":"pt-PT","@id":"http:\/\/maismagazine.pt\/index.php\/2022\/10\/07\/catia-nunes-a-aventura-grad-em-portugal-esta-so-no-seu-comeco\/#primaryimage","url":"http:\/\/maismagazine.pt\/wp-content\/uploads\/2022\/09\/Foto-e1664442750525.jpg","contentUrl":"http:\/\/maismagazine.pt\/wp-content\/uploads\/2022\/09\/Foto-e1664442750525.jpg","width":796,"height":611},{"@type":"BreadcrumbList","@id":"http:\/\/maismagazine.pt\/index.php\/2022\/10\/07\/catia-nunes-a-aventura-grad-em-portugal-esta-so-no-seu-comeco\/#breadcrumb","itemListElement":[{"@type":"ListItem","position":1,"name":"Home","item":"https:\/\/maismagazine.pt\/"},{"@type":"ListItem","position":2,"name":"C\u00e1tia Nunes: \u201cA aventura grad em Portugal esta s\u00f3 no seu come\u00e7o\u201d"}]},{"@type":"WebSite","@id":"https:\/\/maismagazine.pt\/#website","url":"https:\/\/maismagazine.pt\/","name":"Mais Magazine","description":"","publisher":{"@id":"https:\/\/maismagazine.pt\/#organization"},"potentialAction":[{"@type":"SearchAction","target":{"@type":"EntryPoint","urlTemplate":"https:\/\/maismagazine.pt\/?s={search_term_string}"},"query-input":{"@type":"PropertyValueSpecification","valueRequired":true,"valueName":"search_term_string"}}],"inLanguage":"pt-PT"},{"@type":"Organization","@id":"https:\/\/maismagazine.pt\/#organization","name":"Mais Magazine","url":"https:\/\/maismagazine.pt\/","logo":{"@type":"ImageObject","inLanguage":"pt-PT","@id":"https:\/\/maismagazine.pt\/#\/schema\/logo\/image\/","url":"http:\/\/maismagazine.pt\/wp-content\/uploads\/2020\/04\/cropped-cropped-mais-magazine-site-logo-2.png","contentUrl":"http:\/\/maismagazine.pt\/wp-content\/uploads\/2020\/04\/cropped-cropped-mais-magazine-site-logo-2.png","width":581,"height":90,"caption":"Mais Magazine"},"image":{"@id":"https:\/\/maismagazine.pt\/#\/schema\/logo\/image\/"}},{"@type":"Person","@id":"https:\/\/maismagazine.pt\/#\/schema\/person\/c6c5bfccc886434cbd11c74e035f9646","name":"Tiago Costa","image":{"@type":"ImageObject","inLanguage":"pt-PT","@id":"https:\/\/maismagazine.pt\/#\/schema\/person\/image\/","url":"https:\/\/secure.gravatar.com\/avatar\/c599b2bce16c9870429198cbad5ee022?s=96&d=mm&r=g","contentUrl":"https:\/\/secure.gravatar.com\/avatar\/c599b2bce16c9870429198cbad5ee022?s=96&d=mm&r=g","caption":"Tiago Costa"},"url":"http:\/\/maismagazine.pt\/index.php\/author\/tiago\/"}]}},"author_meta":{"display_name":false,"author_link":"http:\/\/maismagazine.pt\/index.php\/author\/tiago\/"},"featured_img":"http:\/\/maismagazine.pt\/wp-content\/uploads\/2022\/09\/Foto-e1664442750525-300x230.jpg","coauthors":[],"tax_additional":{"categories":{"linked":["<a href=\"http:\/\/maismagazine.pt\/index.php\/category\/empreendedorismo\/ambiente-e-sustentabilidade\/\" class=\"advgb-post-tax-term\">Ambiente e Sustentabilidade<\/a>","<a href=\"http:\/\/maismagazine.pt\/index.php\/category\/empreendedorismo\/arquitetura-e-construcao\/\" class=\"advgb-post-tax-term\">Arquitetura e Constru\u00e7\u00e3o<\/a>","<a href=\"http:\/\/maismagazine.pt\/index.php\/category\/destaques\/\" class=\"advgb-post-tax-term\">Destaques<\/a>"],"unlinked":["<span class=\"advgb-post-tax-term\">Ambiente e Sustentabilidade<\/span>","<span class=\"advgb-post-tax-term\">Arquitetura e Constru\u00e7\u00e3o<\/span>","<span class=\"advgb-post-tax-term\">Destaques<\/span>"]},"tags":{"linked":["<a href=\"http:\/\/maismagazine.pt\/index.php\/category\/destaques\/\" class=\"advgb-post-tax-term\">Arquitetura<\/a>","<a href=\"http:\/\/maismagazine.pt\/index.php\/category\/destaques\/\" class=\"advgb-post-tax-term\">Concreta<\/a>"],"unlinked":["<span class=\"advgb-post-tax-term\">Arquitetura<\/span>","<span class=\"advgb-post-tax-term\">Concreta<\/span>"]}},"comment_count":"0","relative_dates":{"created":"Posted 4 anos ago","modified":"Updated 4 anos ago"},"absolute_dates":{"created":"Posted on 7 de Outubro, 2022","modified":"Updated on 29 de Setembro, 2022"},"absolute_dates_time":{"created":"Posted on 7 de Outubro, 2022 7:00","modified":"Updated on 29 de Setembro, 2022 10:18"},"featured_img_caption":"","series_order":"","_links":{"self":[{"href":"http:\/\/maismagazine.pt\/index.php\/wp-json\/wp\/v2\/posts\/4636","targetHints":{"allow":["GET"]}}],"collection":[{"href":"http:\/\/maismagazine.pt\/index.php\/wp-json\/wp\/v2\/posts"}],"about":[{"href":"http:\/\/maismagazine.pt\/index.php\/wp-json\/wp\/v2\/types\/post"}],"author":[{"embeddable":true,"href":"http:\/\/maismagazine.pt\/index.php\/wp-json\/wp\/v2\/users\/17"}],"replies":[{"embeddable":true,"href":"http:\/\/maismagazine.pt\/index.php\/wp-json\/wp\/v2\/comments?post=4636"}],"version-history":[{"count":1,"href":"http:\/\/maismagazine.pt\/index.php\/wp-json\/wp\/v2\/posts\/4636\/revisions"}],"predecessor-version":[{"id":4646,"href":"http:\/\/maismagazine.pt\/index.php\/wp-json\/wp\/v2\/posts\/4636\/revisions\/4646"}],"wp:featuredmedia":[{"embeddable":true,"href":"http:\/\/maismagazine.pt\/index.php\/wp-json\/wp\/v2\/media\/4641"}],"wp:attachment":[{"href":"http:\/\/maismagazine.pt\/index.php\/wp-json\/wp\/v2\/media?parent=4636"}],"wp:term":[{"taxonomy":"category","embeddable":true,"href":"http:\/\/maismagazine.pt\/index.php\/wp-json\/wp\/v2\/categories?post=4636"},{"taxonomy":"post_tag","embeddable":true,"href":"http:\/\/maismagazine.pt\/index.php\/wp-json\/wp\/v2\/tags?post=4636"}],"curies":[{"name":"wp","href":"https:\/\/api.w.org\/{rel}","templated":true}]}}