{"id":4624,"date":"2022-10-07T07:00:00","date_gmt":"2022-10-07T06:00:00","guid":{"rendered":"http:\/\/maismagazine.pt\/?p=4624"},"modified":"2022-09-28T17:40:05","modified_gmt":"2022-09-28T16:40:05","slug":"a-arte-de-bem-servir-o-melhor-da-gastronomia-regional-e-tradicional-portuguesa","status":"publish","type":"post","link":"http:\/\/maismagazine.pt\/index.php\/2022\/10\/07\/a-arte-de-bem-servir-o-melhor-da-gastronomia-regional-e-tradicional-portuguesa\/","title":{"rendered":"A arte de bem servir o melhor da gastronomia regional e tradicional portuguesa"},"content":{"rendered":"\n<p><strong>Se procura um espa\u00e7o onde saborear os mais vastos pratos da cozinha regional e tradicional portuguesa, o Restaurante Dom Duarte II vai encher-lhe as medidas. Com pratos saborosos, excelente garrafeira e um ambiente \u00fanico tem tudo o que precisa para desfrutar de um almo\u00e7o ou jantar em beleza.<\/strong><br><br>Que a gastronomia de Coimbra \u00e9 uma das melhores do mundo n\u00e3o restam d\u00favidas. Afinal, foi precisamente por isso que esta regi\u00e3o de Portugal foi distinguida internacionalmente como Regi\u00e3o Europeia de Gastronomia 2021-2022. Se est\u00e1 pela terra do Choupal e procura um espa\u00e7o onde (com)provar o melhor da gastronomia conimbricense, o Restaurante Dom Duarte II \u00e9 a paragem ideal. Ao leme do neg\u00f3cio est\u00e3o os irm\u00e3os Pedro e Rui Ventura que, desde a g\u00e9nese em 1991, assumem a ger\u00eancia da casa. Com especialidades tradicionais e portuguesas, o Restaurante Dom Duarte II tem \u00e0 sua disposi\u00e7\u00e3o deliciosos pratos de marisco, peixe e carne, conhecidos especialmente pela sua frescura e sabor particular. Nas especialidades de peixe, a oferta varia entre os peixes de mar como o robalo, dourada, linguado, garoupa, atum, entre muitos outros, vindos diretamente da lota. Mas tamb\u00e9m h\u00e1 pratos dedicados ao \u201crei\u201d das mesas portuguesas, o bacalhau, que aqui pode ser assado na brasa e acompanhado de batatas ao murro e migas. Os mariscos, de sabor fresco e a mar, como a sapateira, as am\u00eaijoas vivas do Algarve, a lagosta, o lavagante, os percebes e o camar\u00e3o tamb\u00e9m constam na carta. Nos pratos de tacho, a oferta varia entre polvo \u00e0 Lagareiro, o rei da ementa, arroz e paelha de marisco, a\u00e7orda, arroz de l\u00ednguas de bacalhau, filetes de polvo com arroz de grelos, e o arroz malandrinho de polvo. Pratos bem-feitos, saborosos e generosamente servidos, aos quais se juntam outros de igual valia como o cabrito assado no forno, o cozido \u00e0 portuguesa, a posta \u00e0 mirandesa, as costeletas de novilho e o pato assado no forno. Para os mais arrojados, sugerem-se as espetadas de carne e peixe. Para regar a refei\u00e7\u00e3o nada melhor que um bom vinho, escolhido da extensa garrafeira. O Dom Duarte II tem ainda uma palavra a dizer ao n\u00edvel da do\u00e7aria. Com confe\u00e7\u00e3o caseira e receita tradicional, sobremesas como o arroz-doce e os crepes prometem fazer as del\u00edcias dos mais gulosos. <\/p>\n\n\n\n<figure class=\"wp-block-gallery columns-3 is-cropped wp-block-gallery-1\"><ul class=\"blocks-gallery-grid\"><li class=\"blocks-gallery-item\"><figure><img loading=\"lazy\" decoding=\"async\" width=\"1024\" height=\"1021\" src=\"http:\/\/maismagazine.pt\/wp-content\/uploads\/2022\/09\/IMG-20220926-WA0019-2.jpg\" alt=\"\" data-id=\"4625\" data-full-url=\"http:\/\/maismagazine.pt\/wp-content\/uploads\/2022\/09\/IMG-20220926-WA0019-2.jpg\" data-link=\"http:\/\/maismagazine.pt\/?attachment_id=4625\" class=\"wp-image-4625\" srcset=\"http:\/\/maismagazine.pt\/wp-content\/uploads\/2022\/09\/IMG-20220926-WA0019-2.jpg 1024w, http:\/\/maismagazine.pt\/wp-content\/uploads\/2022\/09\/IMG-20220926-WA0019-2-300x300.jpg 300w, http:\/\/maismagazine.pt\/wp-content\/uploads\/2022\/09\/IMG-20220926-WA0019-2-150x150.jpg 150w, http:\/\/maismagazine.pt\/wp-content\/uploads\/2022\/09\/IMG-20220926-WA0019-2-768x766.jpg 768w\" sizes=\"auto, (max-width: 1024px) 100vw, 1024px\" \/><\/figure><\/li><li class=\"blocks-gallery-item\"><figure><img loading=\"lazy\" decoding=\"async\" width=\"683\" height=\"1024\" src=\"http:\/\/maismagazine.pt\/wp-content\/uploads\/2022\/09\/IMG-20220926-WA0020.jpg\" alt=\"\" data-id=\"4626\" data-full-url=\"http:\/\/maismagazine.pt\/wp-content\/uploads\/2022\/09\/IMG-20220926-WA0020.jpg\" data-link=\"http:\/\/maismagazine.pt\/?attachment_id=4626\" class=\"wp-image-4626\" srcset=\"http:\/\/maismagazine.pt\/wp-content\/uploads\/2022\/09\/IMG-20220926-WA0020.jpg 683w, http:\/\/maismagazine.pt\/wp-content\/uploads\/2022\/09\/IMG-20220926-WA0020-200x300.jpg 200w\" sizes=\"auto, (max-width: 683px) 100vw, 683px\" \/><\/figure><\/li><li class=\"blocks-gallery-item\"><figure><img loading=\"lazy\" decoding=\"async\" width=\"1024\" height=\"793\" src=\"http:\/\/maismagazine.pt\/wp-content\/uploads\/2022\/09\/IMG-20220926-WA0021-1.jpg\" alt=\"\" data-id=\"4627\" data-full-url=\"http:\/\/maismagazine.pt\/wp-content\/uploads\/2022\/09\/IMG-20220926-WA0021-1.jpg\" data-link=\"http:\/\/maismagazine.pt\/?attachment_id=4627\" class=\"wp-image-4627 is-layout-flex wp-block-gallery-is-layout-flex\" srcset=\"http:\/\/maismagazine.pt\/wp-content\/uploads\/2022\/09\/IMG-20220926-WA0021-1.jpg 1024w, http:\/\/maismagazine.pt\/wp-content\/uploads\/2022\/09\/IMG-20220926-WA0021-1-300x232.jpg 300w, http:\/\/maismagazine.pt\/wp-content\/uploads\/2022\/09\/IMG-20220926-WA0021-1-768x595.jpg 768w\" sizes=\"auto, (max-width: 1024px) 100vw, 1024px\" \/><\/figure><\/li><\/ul><\/figure>\n\n\n\n<p><br>Tudo o que est\u00e1 na ementa \u00e9 preparado com a mestria que s\u00f3 se consegue alcan\u00e7ar com muitos anos de experi\u00eancia, pelas m\u00e3os de Rui Ventura. Para al\u00e9m da cozinha, o cliente identifica-se com a equipa hoteleira que o acolhe na chegada e que o acompanha naquela que \u00e9 a sua jornada gastron\u00f3mica. A boa equipa, sempre de sorriso no rosto e pronta a melhor servir os seus clientes \u00e9 um dos bra\u00e7os direitos de Pedro Ventura, respons\u00e1vel de sala, e um dos elementos da f\u00f3rmula de sucesso do neg\u00f3cio. Com capacidade para 120 pessoas, duas salas e duas esplanadas, o Restaurante Dom Duarte II continuar\u00e1 de portas abertas para melhor servir os apreciadores das iguarias da cozinha regional e tradicional portuguesa.<\/p>\n","protected":false},"excerpt":{"rendered":"<p>Se procura um espa\u00e7o onde saborear os mais vastos pratos da cozinha regional e tradicional portuguesa, o Restaurante Dom Duarte II vai encher-lhe as medidas. Com pratos saborosos, excelente garrafeira e um ambiente \u00fanico tem tudo o que precisa para desfrutar de um almo\u00e7o ou jantar em beleza. Que a&hellip;<\/p>\n","protected":false},"author":7,"featured_media":4629,"comment_status":"closed","ping_status":"open","sticky":false,"template":"","format":"standard","meta":{"advgb_blocks_editor_width":"","advgb_blocks_columns_visual_guide":"","_monsterinsights_skip_tracking":false,"_monsterinsights_sitenote_active":false,"_monsterinsights_sitenote_note":"","_monsterinsights_sitenote_category":0,"footnotes":""},"categories":[161,53],"tags":[767,1039,283,1041,1026,1040],"class_list":["post-4624","post","type-post","status-publish","format-standard","has-post-thumbnail","hentry","category-mundo-empresarial","category-turismo-restaurantes","tag-coimbra","tag-dom-duarte-ii","tag-gastronomia","tag-regional","tag-sabores","tag-tradiconal"],"yoast_head":"<!-- This site is optimized with the Yoast SEO plugin v24.4 - https:\/\/yoast.com\/wordpress\/plugins\/seo\/ -->\n<title>A arte de bem servir o melhor da gastronomia regional e tradicional portuguesa - Mais Magazine<\/title>\n<meta name=\"description\" content=\"Se procura um espa\u00e7o onde saborear os mais vastos pratos da cozinha regional e tradicional portuguesa, o Restaurante Dom Duarte II vai encher-lhe as medidas. Com pratos saborosos, excelente garrafeira e um ambiente \u00fanico tem tudo o que precisa para desfrutar de um almo\u00e7o ou jantar em beleza.\" \/>\n<meta name=\"robots\" content=\"index, follow, max-snippet:-1, max-image-preview:large, max-video-preview:-1\" \/>\n<link rel=\"canonical\" href=\"http:\/\/maismagazine.pt\/index.php\/2022\/10\/07\/a-arte-de-bem-servir-o-melhor-da-gastronomia-regional-e-tradicional-portuguesa\/\" \/>\n<meta property=\"og:locale\" content=\"pt_PT\" \/>\n<meta property=\"og:type\" content=\"article\" \/>\n<meta property=\"og:title\" content=\"A arte de bem servir o melhor da gastronomia regional e tradicional portuguesa - Mais Magazine\" \/>\n<meta property=\"og:description\" content=\"Se procura um espa\u00e7o onde saborear os mais vastos pratos da cozinha regional e tradicional portuguesa, o Restaurante Dom Duarte II vai encher-lhe as medidas. Com pratos saborosos, excelente garrafeira e um ambiente \u00fanico tem tudo o que precisa para desfrutar de um almo\u00e7o ou jantar em beleza.\" \/>\n<meta property=\"og:url\" content=\"http:\/\/maismagazine.pt\/index.php\/2022\/10\/07\/a-arte-de-bem-servir-o-melhor-da-gastronomia-regional-e-tradicional-portuguesa\/\" \/>\n<meta property=\"og:site_name\" content=\"Mais Magazine\" \/>\n<meta property=\"article:published_time\" content=\"2022-10-07T06:00:00+00:00\" \/>\n<meta property=\"og:image\" content=\"http:\/\/maismagazine.pt\/wp-content\/uploads\/2022\/09\/IMG-20220926-WA0018-1.jpg\" \/>\n\t<meta property=\"og:image:width\" content=\"1024\" \/>\n\t<meta property=\"og:image:height\" content=\"683\" \/>\n\t<meta property=\"og:image:type\" content=\"image\/jpeg\" \/>\n<meta name=\"author\" content=\"Jo\u00e3o Malainho\" \/>\n<meta name=\"twitter:card\" content=\"summary_large_image\" \/>\n<meta name=\"twitter:label1\" content=\"Escrito por\" \/>\n\t<meta name=\"twitter:data1\" content=\"\" \/>\n\t<meta name=\"twitter:label2\" content=\"Tempo estimado de leitura\" \/>\n\t<meta name=\"twitter:data2\" content=\"3 minutos\" \/>\n<script type=\"application\/ld+json\" class=\"yoast-schema-graph\">{\"@context\":\"https:\/\/schema.org\",\"@graph\":[{\"@type\":\"Article\",\"@id\":\"http:\/\/maismagazine.pt\/index.php\/2022\/10\/07\/a-arte-de-bem-servir-o-melhor-da-gastronomia-regional-e-tradicional-portuguesa\/#article\",\"isPartOf\":{\"@id\":\"http:\/\/maismagazine.pt\/index.php\/2022\/10\/07\/a-arte-de-bem-servir-o-melhor-da-gastronomia-regional-e-tradicional-portuguesa\/\"},\"author\":{\"name\":\"Jo\u00e3o Malainho\",\"@id\":\"http:\/\/maismagazine.pt\/#\/schema\/person\/999bd426f894ff56d397ec12ebd21ebb\"},\"headline\":\"A arte de bem servir o melhor da gastronomia regional e tradicional portuguesa\",\"datePublished\":\"2022-10-07T06:00:00+00:00\",\"mainEntityOfPage\":{\"@id\":\"http:\/\/maismagazine.pt\/index.php\/2022\/10\/07\/a-arte-de-bem-servir-o-melhor-da-gastronomia-regional-e-tradicional-portuguesa\/\"},\"wordCount\":534,\"publisher\":{\"@id\":\"http:\/\/maismagazine.pt\/#organization\"},\"image\":{\"@id\":\"http:\/\/maismagazine.pt\/index.php\/2022\/10\/07\/a-arte-de-bem-servir-o-melhor-da-gastronomia-regional-e-tradicional-portuguesa\/#primaryimage\"},\"thumbnailUrl\":\"http:\/\/maismagazine.pt\/wp-content\/uploads\/2022\/09\/IMG-20220926-WA0018-1.jpg\",\"keywords\":[\"Coimbra\",\"Dom Duarte II\",\"Gastronomia\",\"regional\",\"sabores\",\"tradiconal\"],\"articleSection\":[\"Mundo Empresarial\",\"Turismo | Vinhos | Gastronomia\"],\"inLanguage\":\"pt-PT\"},{\"@type\":\"WebPage\",\"@id\":\"http:\/\/maismagazine.pt\/index.php\/2022\/10\/07\/a-arte-de-bem-servir-o-melhor-da-gastronomia-regional-e-tradicional-portuguesa\/\",\"url\":\"http:\/\/maismagazine.pt\/index.php\/2022\/10\/07\/a-arte-de-bem-servir-o-melhor-da-gastronomia-regional-e-tradicional-portuguesa\/\",\"name\":\"A arte de bem servir o melhor da gastronomia regional e tradicional portuguesa - Mais Magazine\",\"isPartOf\":{\"@id\":\"http:\/\/maismagazine.pt\/#website\"},\"primaryImageOfPage\":{\"@id\":\"http:\/\/maismagazine.pt\/index.php\/2022\/10\/07\/a-arte-de-bem-servir-o-melhor-da-gastronomia-regional-e-tradicional-portuguesa\/#primaryimage\"},\"image\":{\"@id\":\"http:\/\/maismagazine.pt\/index.php\/2022\/10\/07\/a-arte-de-bem-servir-o-melhor-da-gastronomia-regional-e-tradicional-portuguesa\/#primaryimage\"},\"thumbnailUrl\":\"http:\/\/maismagazine.pt\/wp-content\/uploads\/2022\/09\/IMG-20220926-WA0018-1.jpg\",\"datePublished\":\"2022-10-07T06:00:00+00:00\",\"description\":\"Se procura um espa\u00e7o onde saborear os mais vastos pratos da cozinha regional e tradicional portuguesa, o Restaurante Dom Duarte II vai encher-lhe as medidas. Com pratos saborosos, excelente garrafeira e um ambiente \u00fanico tem tudo o que precisa para desfrutar de um almo\u00e7o ou jantar em beleza.\",\"breadcrumb\":{\"@id\":\"http:\/\/maismagazine.pt\/index.php\/2022\/10\/07\/a-arte-de-bem-servir-o-melhor-da-gastronomia-regional-e-tradicional-portuguesa\/#breadcrumb\"},\"inLanguage\":\"pt-PT\",\"potentialAction\":[{\"@type\":\"ReadAction\",\"target\":[\"http:\/\/maismagazine.pt\/index.php\/2022\/10\/07\/a-arte-de-bem-servir-o-melhor-da-gastronomia-regional-e-tradicional-portuguesa\/\"]}]},{\"@type\":\"ImageObject\",\"inLanguage\":\"pt-PT\",\"@id\":\"http:\/\/maismagazine.pt\/index.php\/2022\/10\/07\/a-arte-de-bem-servir-o-melhor-da-gastronomia-regional-e-tradicional-portuguesa\/#primaryimage\",\"url\":\"http:\/\/maismagazine.pt\/wp-content\/uploads\/2022\/09\/IMG-20220926-WA0018-1.jpg\",\"contentUrl\":\"http:\/\/maismagazine.pt\/wp-content\/uploads\/2022\/09\/IMG-20220926-WA0018-1.jpg\",\"width\":1024,\"height\":683},{\"@type\":\"BreadcrumbList\",\"@id\":\"http:\/\/maismagazine.pt\/index.php\/2022\/10\/07\/a-arte-de-bem-servir-o-melhor-da-gastronomia-regional-e-tradicional-portuguesa\/#breadcrumb\",\"itemListElement\":[{\"@type\":\"ListItem\",\"position\":1,\"name\":\"Home\",\"item\":\"http:\/\/maismagazine.pt\/\"},{\"@type\":\"ListItem\",\"position\":2,\"name\":\"A arte de bem servir o melhor da gastronomia regional e tradicional portuguesa\"}]},{\"@type\":\"WebSite\",\"@id\":\"http:\/\/maismagazine.pt\/#website\",\"url\":\"http:\/\/maismagazine.pt\/\",\"name\":\"Mais Magazine\",\"description\":\"\",\"publisher\":{\"@id\":\"http:\/\/maismagazine.pt\/#organization\"},\"potentialAction\":[{\"@type\":\"SearchAction\",\"target\":{\"@type\":\"EntryPoint\",\"urlTemplate\":\"http:\/\/maismagazine.pt\/?s={search_term_string}\"},\"query-input\":{\"@type\":\"PropertyValueSpecification\",\"valueRequired\":true,\"valueName\":\"search_term_string\"}}],\"inLanguage\":\"pt-PT\"},{\"@type\":\"Organization\",\"@id\":\"http:\/\/maismagazine.pt\/#organization\",\"name\":\"Mais Magazine\",\"url\":\"http:\/\/maismagazine.pt\/\",\"logo\":{\"@type\":\"ImageObject\",\"inLanguage\":\"pt-PT\",\"@id\":\"http:\/\/maismagazine.pt\/#\/schema\/logo\/image\/\",\"url\":\"http:\/\/maismagazine.pt\/wp-content\/uploads\/2020\/04\/cropped-cropped-mais-magazine-site-logo-2.png\",\"contentUrl\":\"http:\/\/maismagazine.pt\/wp-content\/uploads\/2020\/04\/cropped-cropped-mais-magazine-site-logo-2.png\",\"width\":581,\"height\":90,\"caption\":\"Mais Magazine\"},\"image\":{\"@id\":\"http:\/\/maismagazine.pt\/#\/schema\/logo\/image\/\"}},{\"@type\":\"Person\",\"@id\":\"http:\/\/maismagazine.pt\/#\/schema\/person\/999bd426f894ff56d397ec12ebd21ebb\",\"name\":\"Jo\u00e3o Malainho\",\"image\":{\"@type\":\"ImageObject\",\"inLanguage\":\"pt-PT\",\"@id\":\"http:\/\/maismagazine.pt\/#\/schema\/person\/image\/\",\"url\":\"https:\/\/secure.gravatar.com\/avatar\/ff03c2f38edf60b2a827aa4f74878491?s=96&d=mm&r=g\",\"contentUrl\":\"https:\/\/secure.gravatar.com\/avatar\/ff03c2f38edf60b2a827aa4f74878491?s=96&d=mm&r=g\",\"caption\":\"Jo\u00e3o Malainho\"},\"url\":\"http:\/\/maismagazine.pt\/index.php\/author\/maismagazine\/\"}]}<\/script>\n<!-- \/ Yoast SEO plugin. -->","yoast_head_json":{"title":"A arte de bem servir o melhor da gastronomia regional e tradicional portuguesa - Mais Magazine","description":"Se procura um espa\u00e7o onde saborear os mais vastos pratos da cozinha regional e tradicional portuguesa, o Restaurante Dom Duarte II vai encher-lhe as medidas. Com pratos saborosos, excelente garrafeira e um ambiente \u00fanico tem tudo o que precisa para desfrutar de um almo\u00e7o ou jantar em beleza.","robots":{"index":"index","follow":"follow","max-snippet":"max-snippet:-1","max-image-preview":"max-image-preview:large","max-video-preview":"max-video-preview:-1"},"canonical":"http:\/\/maismagazine.pt\/index.php\/2022\/10\/07\/a-arte-de-bem-servir-o-melhor-da-gastronomia-regional-e-tradicional-portuguesa\/","og_locale":"pt_PT","og_type":"article","og_title":"A arte de bem servir o melhor da gastronomia regional e tradicional portuguesa - Mais Magazine","og_description":"Se procura um espa\u00e7o onde saborear os mais vastos pratos da cozinha regional e tradicional portuguesa, o Restaurante Dom Duarte II vai encher-lhe as medidas. Com pratos saborosos, excelente garrafeira e um ambiente \u00fanico tem tudo o que precisa para desfrutar de um almo\u00e7o ou jantar em beleza.","og_url":"http:\/\/maismagazine.pt\/index.php\/2022\/10\/07\/a-arte-de-bem-servir-o-melhor-da-gastronomia-regional-e-tradicional-portuguesa\/","og_site_name":"Mais Magazine","article_published_time":"2022-10-07T06:00:00+00:00","og_image":[{"width":1024,"height":683,"url":"http:\/\/maismagazine.pt\/wp-content\/uploads\/2022\/09\/IMG-20220926-WA0018-1.jpg","type":"image\/jpeg"}],"author":"Jo\u00e3o Malainho","twitter_card":"summary_large_image","twitter_misc":{"Escrito por":false,"Tempo estimado de leitura":"3 minutos"},"schema":{"@context":"https:\/\/schema.org","@graph":[{"@type":"Article","@id":"http:\/\/maismagazine.pt\/index.php\/2022\/10\/07\/a-arte-de-bem-servir-o-melhor-da-gastronomia-regional-e-tradicional-portuguesa\/#article","isPartOf":{"@id":"http:\/\/maismagazine.pt\/index.php\/2022\/10\/07\/a-arte-de-bem-servir-o-melhor-da-gastronomia-regional-e-tradicional-portuguesa\/"},"author":{"name":"Jo\u00e3o Malainho","@id":"http:\/\/maismagazine.pt\/#\/schema\/person\/999bd426f894ff56d397ec12ebd21ebb"},"headline":"A arte de bem servir o melhor da gastronomia regional e tradicional portuguesa","datePublished":"2022-10-07T06:00:00+00:00","mainEntityOfPage":{"@id":"http:\/\/maismagazine.pt\/index.php\/2022\/10\/07\/a-arte-de-bem-servir-o-melhor-da-gastronomia-regional-e-tradicional-portuguesa\/"},"wordCount":534,"publisher":{"@id":"http:\/\/maismagazine.pt\/#organization"},"image":{"@id":"http:\/\/maismagazine.pt\/index.php\/2022\/10\/07\/a-arte-de-bem-servir-o-melhor-da-gastronomia-regional-e-tradicional-portuguesa\/#primaryimage"},"thumbnailUrl":"http:\/\/maismagazine.pt\/wp-content\/uploads\/2022\/09\/IMG-20220926-WA0018-1.jpg","keywords":["Coimbra","Dom Duarte II","Gastronomia","regional","sabores","tradiconal"],"articleSection":["Mundo Empresarial","Turismo | Vinhos | Gastronomia"],"inLanguage":"pt-PT"},{"@type":"WebPage","@id":"http:\/\/maismagazine.pt\/index.php\/2022\/10\/07\/a-arte-de-bem-servir-o-melhor-da-gastronomia-regional-e-tradicional-portuguesa\/","url":"http:\/\/maismagazine.pt\/index.php\/2022\/10\/07\/a-arte-de-bem-servir-o-melhor-da-gastronomia-regional-e-tradicional-portuguesa\/","name":"A arte de bem servir o melhor da gastronomia regional e tradicional portuguesa - Mais Magazine","isPartOf":{"@id":"http:\/\/maismagazine.pt\/#website"},"primaryImageOfPage":{"@id":"http:\/\/maismagazine.pt\/index.php\/2022\/10\/07\/a-arte-de-bem-servir-o-melhor-da-gastronomia-regional-e-tradicional-portuguesa\/#primaryimage"},"image":{"@id":"http:\/\/maismagazine.pt\/index.php\/2022\/10\/07\/a-arte-de-bem-servir-o-melhor-da-gastronomia-regional-e-tradicional-portuguesa\/#primaryimage"},"thumbnailUrl":"http:\/\/maismagazine.pt\/wp-content\/uploads\/2022\/09\/IMG-20220926-WA0018-1.jpg","datePublished":"2022-10-07T06:00:00+00:00","description":"Se procura um espa\u00e7o onde saborear os mais vastos pratos da cozinha regional e tradicional portuguesa, o Restaurante Dom Duarte II vai encher-lhe as medidas. Com pratos saborosos, excelente garrafeira e um ambiente \u00fanico tem tudo o que precisa para desfrutar de um almo\u00e7o ou jantar em beleza.","breadcrumb":{"@id":"http:\/\/maismagazine.pt\/index.php\/2022\/10\/07\/a-arte-de-bem-servir-o-melhor-da-gastronomia-regional-e-tradicional-portuguesa\/#breadcrumb"},"inLanguage":"pt-PT","potentialAction":[{"@type":"ReadAction","target":["http:\/\/maismagazine.pt\/index.php\/2022\/10\/07\/a-arte-de-bem-servir-o-melhor-da-gastronomia-regional-e-tradicional-portuguesa\/"]}]},{"@type":"ImageObject","inLanguage":"pt-PT","@id":"http:\/\/maismagazine.pt\/index.php\/2022\/10\/07\/a-arte-de-bem-servir-o-melhor-da-gastronomia-regional-e-tradicional-portuguesa\/#primaryimage","url":"http:\/\/maismagazine.pt\/wp-content\/uploads\/2022\/09\/IMG-20220926-WA0018-1.jpg","contentUrl":"http:\/\/maismagazine.pt\/wp-content\/uploads\/2022\/09\/IMG-20220926-WA0018-1.jpg","width":1024,"height":683},{"@type":"BreadcrumbList","@id":"http:\/\/maismagazine.pt\/index.php\/2022\/10\/07\/a-arte-de-bem-servir-o-melhor-da-gastronomia-regional-e-tradicional-portuguesa\/#breadcrumb","itemListElement":[{"@type":"ListItem","position":1,"name":"Home","item":"http:\/\/maismagazine.pt\/"},{"@type":"ListItem","position":2,"name":"A arte de bem servir o melhor da gastronomia regional e tradicional portuguesa"}]},{"@type":"WebSite","@id":"http:\/\/maismagazine.pt\/#website","url":"http:\/\/maismagazine.pt\/","name":"Mais Magazine","description":"","publisher":{"@id":"http:\/\/maismagazine.pt\/#organization"},"potentialAction":[{"@type":"SearchAction","target":{"@type":"EntryPoint","urlTemplate":"http:\/\/maismagazine.pt\/?s={search_term_string}"},"query-input":{"@type":"PropertyValueSpecification","valueRequired":true,"valueName":"search_term_string"}}],"inLanguage":"pt-PT"},{"@type":"Organization","@id":"http:\/\/maismagazine.pt\/#organization","name":"Mais Magazine","url":"http:\/\/maismagazine.pt\/","logo":{"@type":"ImageObject","inLanguage":"pt-PT","@id":"http:\/\/maismagazine.pt\/#\/schema\/logo\/image\/","url":"http:\/\/maismagazine.pt\/wp-content\/uploads\/2020\/04\/cropped-cropped-mais-magazine-site-logo-2.png","contentUrl":"http:\/\/maismagazine.pt\/wp-content\/uploads\/2020\/04\/cropped-cropped-mais-magazine-site-logo-2.png","width":581,"height":90,"caption":"Mais Magazine"},"image":{"@id":"http:\/\/maismagazine.pt\/#\/schema\/logo\/image\/"}},{"@type":"Person","@id":"http:\/\/maismagazine.pt\/#\/schema\/person\/999bd426f894ff56d397ec12ebd21ebb","name":"Jo\u00e3o Malainho","image":{"@type":"ImageObject","inLanguage":"pt-PT","@id":"http:\/\/maismagazine.pt\/#\/schema\/person\/image\/","url":"https:\/\/secure.gravatar.com\/avatar\/ff03c2f38edf60b2a827aa4f74878491?s=96&d=mm&r=g","contentUrl":"https:\/\/secure.gravatar.com\/avatar\/ff03c2f38edf60b2a827aa4f74878491?s=96&d=mm&r=g","caption":"Jo\u00e3o Malainho"},"url":"http:\/\/maismagazine.pt\/index.php\/author\/maismagazine\/"}]}},"author_meta":{"display_name":false,"author_link":"http:\/\/maismagazine.pt\/index.php\/author\/maismagazine\/"},"featured_img":"http:\/\/maismagazine.pt\/wp-content\/uploads\/2022\/09\/IMG-20220926-WA0018-1-300x200.jpg","coauthors":[],"tax_additional":{"categories":{"linked":["<a href=\"http:\/\/maismagazine.pt\/index.php\/category\/mundo-empresarial\/\" class=\"advgb-post-tax-term\">Mundo Empresarial<\/a>","<a href=\"http:\/\/maismagazine.pt\/index.php\/category\/turismo-restaurantes\/\" class=\"advgb-post-tax-term\">Turismo | Vinhos | Gastronomia<\/a>"],"unlinked":["<span class=\"advgb-post-tax-term\">Mundo Empresarial<\/span>","<span class=\"advgb-post-tax-term\">Turismo | Vinhos | Gastronomia<\/span>"]},"tags":{"linked":["<a href=\"http:\/\/maismagazine.pt\/index.php\/category\/turismo-restaurantes\/\" class=\"advgb-post-tax-term\">Coimbra<\/a>","<a href=\"http:\/\/maismagazine.pt\/index.php\/category\/turismo-restaurantes\/\" class=\"advgb-post-tax-term\">Dom Duarte II<\/a>","<a href=\"http:\/\/maismagazine.pt\/index.php\/category\/turismo-restaurantes\/\" class=\"advgb-post-tax-term\">Gastronomia<\/a>","<a href=\"http:\/\/maismagazine.pt\/index.php\/category\/turismo-restaurantes\/\" class=\"advgb-post-tax-term\">regional<\/a>","<a href=\"http:\/\/maismagazine.pt\/index.php\/category\/turismo-restaurantes\/\" class=\"advgb-post-tax-term\">sabores<\/a>","<a href=\"http:\/\/maismagazine.pt\/index.php\/category\/turismo-restaurantes\/\" class=\"advgb-post-tax-term\">tradiconal<\/a>"],"unlinked":["<span class=\"advgb-post-tax-term\">Coimbra<\/span>","<span class=\"advgb-post-tax-term\">Dom Duarte II<\/span>","<span class=\"advgb-post-tax-term\">Gastronomia<\/span>","<span class=\"advgb-post-tax-term\">regional<\/span>","<span class=\"advgb-post-tax-term\">sabores<\/span>","<span class=\"advgb-post-tax-term\">tradiconal<\/span>"]}},"comment_count":"0","relative_dates":{"created":"Posted 4 anos ago","modified":"Updated 4 anos ago"},"absolute_dates":{"created":"Posted on 7 de Outubro, 2022","modified":"Updated on 28 de Setembro, 2022"},"absolute_dates_time":{"created":"Posted on 7 de Outubro, 2022 7:00","modified":"Updated on 28 de Setembro, 2022 17:40"},"featured_img_caption":"","series_order":"","_links":{"self":[{"href":"http:\/\/maismagazine.pt\/index.php\/wp-json\/wp\/v2\/posts\/4624","targetHints":{"allow":["GET"]}}],"collection":[{"href":"http:\/\/maismagazine.pt\/index.php\/wp-json\/wp\/v2\/posts"}],"about":[{"href":"http:\/\/maismagazine.pt\/index.php\/wp-json\/wp\/v2\/types\/post"}],"author":[{"embeddable":true,"href":"http:\/\/maismagazine.pt\/index.php\/wp-json\/wp\/v2\/users\/7"}],"replies":[{"embeddable":true,"href":"http:\/\/maismagazine.pt\/index.php\/wp-json\/wp\/v2\/comments?post=4624"}],"version-history":[{"count":3,"href":"http:\/\/maismagazine.pt\/index.php\/wp-json\/wp\/v2\/posts\/4624\/revisions"}],"predecessor-version":[{"id":4632,"href":"http:\/\/maismagazine.pt\/index.php\/wp-json\/wp\/v2\/posts\/4624\/revisions\/4632"}],"wp:featuredmedia":[{"embeddable":true,"href":"http:\/\/maismagazine.pt\/index.php\/wp-json\/wp\/v2\/media\/4629"}],"wp:attachment":[{"href":"http:\/\/maismagazine.pt\/index.php\/wp-json\/wp\/v2\/media?parent=4624"}],"wp:term":[{"taxonomy":"category","embeddable":true,"href":"http:\/\/maismagazine.pt\/index.php\/wp-json\/wp\/v2\/categories?post=4624"},{"taxonomy":"post_tag","embeddable":true,"href":"http:\/\/maismagazine.pt\/index.php\/wp-json\/wp\/v2\/tags?post=4624"}],"curies":[{"name":"wp","href":"https:\/\/api.w.org\/{rel}","templated":true}]}}