{"id":4595,"date":"2022-10-07T07:00:00","date_gmt":"2022-10-07T06:00:00","guid":{"rendered":"http:\/\/maismagazine.pt\/?p=4595"},"modified":"2022-09-28T16:37:30","modified_gmt":"2022-09-28T15:37:30","slug":"lourear-a-pevide-em-ponte-de-lima","status":"publish","type":"post","link":"http:\/\/maismagazine.pt\/index.php\/2022\/10\/07\/lourear-a-pevide-em-ponte-de-lima\/","title":{"rendered":"\u201cLourear a Pevide\u201d em Ponte de Lima"},"content":{"rendered":"\n<p><strong>A segunda edi\u00e7\u00e3o de \u201cLourear a Pevide\u201d celebra o vinho verde loureiro, em Ponte de Lima, atrav\u00e9s de uma rota gastron\u00f3mica e de um concurso fotogr\u00e1fico. De 23 de setembro a 23 de outubro, poder\u00e1 provar os melhores petiscos acompanhados do vinho mais carater\u00edstico da regi\u00e3o.<\/strong><br><br>\u201cLaurear a pevide\u201d \u00e9 uma express\u00e3o popular que significa passear sem preocupa\u00e7\u00f5es. Acompanhar esse momento descontra\u00eddo com o vinho que representa a \u201cvila mais antiga de Portugal\u201d, \u00e9 a inten\u00e7\u00e3o do evento \u201cLourear a Pevide\u201d, em Ponte de Lima. A organiza\u00e7\u00e3o convida \u201ca relaxar numa esplanada com o rio Lima na linha do horizonte, desfrutando de um copo de vinho verde loureiro e um petisco por 3,50\u20ac\u201d, desafiando todos a percorrer uma rota gastron\u00f3mica dispersa por 20 estabelecimentos aderentes.<br><br>A casta Loureiro, ainda que, na contemporaneidade, se encontre em abund\u00e2ncia na zona de Entre-Douro-e-Minho \u2013 a c\u00e9lebre regi\u00e3o demarcada dos Vinhos Verdes \u2013 ao que tudo indica, \u00e9 oriunda do vale do rio Lima, sendo aqui o s\u00edtio perfeito para alcan\u00e7ar a integridade. Conhecida desde o s\u00e9culo XVIII, gra\u00e7as \u00e0 qualidade e \u00e0 versatilidade que a carateriza, \u00e9 capaz de proporcionar vinhos para todos os gostos. Tanto d\u00e1 origem a vinhos mais simples, em que se destacam a subtileza e a frescura, como tamb\u00e9m a mais complexos, em que a acidez e a secura fazem parte da ementa. Al\u00e9m de apresentar um aroma a frutas e a flores, a ess\u00eancia do loureiro est\u00e1 sempre presente, fazendo jus ao seu nome.<\/p>\n\n\n\n<figure class=\"wp-block-gallery aligncenter columns-2 is-cropped wp-block-gallery-1\"><ul class=\"blocks-gallery-grid\"><li class=\"blocks-gallery-item\"><figure><img loading=\"lazy\" decoding=\"async\" width=\"683\" height=\"1024\" src=\"http:\/\/maismagazine.pt\/wp-content\/uploads\/2022\/09\/IMG_9023-683x1024.jpg\" alt=\"\" data-id=\"4596\" data-full-url=\"http:\/\/maismagazine.pt\/wp-content\/uploads\/2022\/09\/IMG_9023-scaled.jpg\" data-link=\"http:\/\/maismagazine.pt\/?attachment_id=4596\" class=\"wp-image-4596\" srcset=\"http:\/\/maismagazine.pt\/wp-content\/uploads\/2022\/09\/IMG_9023-683x1024.jpg 683w, http:\/\/maismagazine.pt\/wp-content\/uploads\/2022\/09\/IMG_9023-200x300.jpg 200w, http:\/\/maismagazine.pt\/wp-content\/uploads\/2022\/09\/IMG_9023-768x1152.jpg 768w, http:\/\/maismagazine.pt\/wp-content\/uploads\/2022\/09\/IMG_9023-1024x1536.jpg 1024w, http:\/\/maismagazine.pt\/wp-content\/uploads\/2022\/09\/IMG_9023-1366x2048.jpg 1366w, http:\/\/maismagazine.pt\/wp-content\/uploads\/2022\/09\/IMG_9023-scaled.jpg 1707w\" sizes=\"auto, (max-width: 683px) 100vw, 683px\" \/><\/figure><\/li><li class=\"blocks-gallery-item\"><figure><img loading=\"lazy\" decoding=\"async\" width=\"1024\" height=\"683\" src=\"http:\/\/maismagazine.pt\/wp-content\/uploads\/2022\/09\/IMG_8072-1024x683.jpg\" alt=\"\" data-id=\"4597\" data-full-url=\"http:\/\/maismagazine.pt\/wp-content\/uploads\/2022\/09\/IMG_8072.jpg\" data-link=\"http:\/\/maismagazine.pt\/?attachment_id=4597\" class=\"wp-image-4597 is-layout-flex wp-block-gallery-is-layout-flex\" srcset=\"http:\/\/maismagazine.pt\/wp-content\/uploads\/2022\/09\/IMG_8072-1024x683.jpg 1024w, http:\/\/maismagazine.pt\/wp-content\/uploads\/2022\/09\/IMG_8072-300x200.jpg 300w, http:\/\/maismagazine.pt\/wp-content\/uploads\/2022\/09\/IMG_8072-768x512.jpg 768w, http:\/\/maismagazine.pt\/wp-content\/uploads\/2022\/09\/IMG_8072-1536x1024.jpg 1536w, http:\/\/maismagazine.pt\/wp-content\/uploads\/2022\/09\/IMG_8072-2048x1365.jpg 2048w, http:\/\/maismagazine.pt\/wp-content\/uploads\/2022\/09\/IMG_8072-150x100.jpg 150w\" sizes=\"auto, (max-width: 1024px) 100vw, 1024px\" \/><\/figure><\/li><\/ul><\/figure>\n\n\n\n<p><strong>Os estabelecimentos que pode percorrer, em Ponte de Lima, combinando o vinho verde e os bons petiscos s\u00e3o: <\/strong><\/p>\n\n\n\n<p>\u2022 Restaurante Senhor do Socorro: Sandes de Panado e Vinho Loureiro Vinhas do Cruzeiro; <\/p>\n\n\n\n<p>\u2022 Taberna da Cadeia Velha: Tapa de Chouri\u00e7o e Presunto Ib\u00e9rico e Vinho Loureiro Adega de Ponte de Lima; <\/p>\n\n\n\n<p>\u2022 As Raposas Bistro Bar: Petingas Fritas e Vinho Loureiro Adega de Ponte de Lima Colheita Selecionada; <\/p>\n\n\n\n<p>\u2022 Monte da Madalena: Bolas de Alheira e Vinho Loureiro Adega de Ponte de Lima; <\/p>\n\n\n\n<p>\u2022 Doce e Travessura: P\u00e3o Supremo e Vinho Loureiro Adega de Ponte de Lima Colheita Selecionada; <\/p>\n\n\n\n<p>\u2022 Casa Folar Limiano: Folar Limiano tostado com lombo de cacha\u00e7o fatiado e queijo e Vinho Loureiro Adega de Ponte de Lima Colheita Selecionada; <\/p>\n\n\n\n<p>\u2022 Cervejaria Steak: Ovos Rotos e Vinho Loureiro Vil\u2019Antiga; <\/p>\n\n\n\n<p>\u2022 Casa da Terra: Mini T\u00e1bua de Queijos e Enchidos e Vinho Loureiro Quinta da Freiria; <\/p>\n\n\n\n<p>\u2022 A Montanha: T\u00e1bua de Enchidos e Queijo e Vinho Loureiro Vinhas do Cruzeiro; <\/p>\n\n\n\n<p>\u2022 Ti\u2019\u00c1lvaro: Bolinhos de Bacalhau e Azeitonas e Vinho Loureiro Casa da Cuquinha; <\/p>\n\n\n\n<p>\u2022 Tasca Caribe: Batatas Bravas e Vinho Loureiro Adega de Ponte de Lima; <\/p>\n\n\n\n<p>\u2022 Solar da Picota: Coca d\u2019escalivada com sardinha confitada e Vinho Loureiro Casa da Cuquinha; <\/p>\n\n\n\n<p>\u2022 Taberna 27: Bolinhos de Bacalhau e Vinho Loureiro Vinhas do Cruzeiro; <\/p>\n\n\n\n<p>\u2022 D\u2019Pepita: Pastel Limiano e Vinho Loureiro Adega de Ponte de Lima Colheita Selecionada; <\/p>\n\n\n\n<p>\u2022 O Gasparinho: Bolinhos de Bacalhau e Vinho Loureiro de Press\u00e3o da Adega de Ponte de Lima; <\/p>\n\n\n\n<p>\u2022 Tasca das Fodinhas: Uma patanisca e Vinho Loureiro Adega de Ponte de Lima; <\/p>\n\n\n\n<p>\u2022 Taberna da Porta Vermelha: Riss\u00f3is de Leit\u00e3o e Vinho Loureiro Quinta da Freiria; <\/p>\n\n\n\n<p>\u2022 Restaurante Migaitas Golf: Folhadinho de Queijo e Pur\u00e9 de Ma\u00e7\u00e3 e Vinho Loureiro Casa da Cuquinha; <\/p>\n\n\n\n<p>\u2022 Petiscas: Patanisca e Vinho Loureiro Adega de Ponte de Lima;<\/p>\n\n\n\n<p>\u2022 Terra do Eido: Gambas Panadas com Molho Cocktail e Mexilh\u00e3o Gratinado e Vinho Loureiro Lethes;<\/p>\n\n\n\n<figure class=\"wp-block-gallery aligncenter columns-2 is-cropped wp-block-gallery-2\"><ul class=\"blocks-gallery-grid\"><li class=\"blocks-gallery-item\"><figure><img loading=\"lazy\" decoding=\"async\" width=\"1024\" height=\"683\" src=\"http:\/\/maismagazine.pt\/wp-content\/uploads\/2022\/09\/Migaitas-1024x683.jpg\" alt=\"\" data-id=\"4598\" data-full-url=\"http:\/\/maismagazine.pt\/wp-content\/uploads\/2022\/09\/Migaitas.jpg\" data-link=\"http:\/\/maismagazine.pt\/?attachment_id=4598\" class=\"wp-image-4598\" srcset=\"http:\/\/maismagazine.pt\/wp-content\/uploads\/2022\/09\/Migaitas-1024x683.jpg 1024w, http:\/\/maismagazine.pt\/wp-content\/uploads\/2022\/09\/Migaitas-300x200.jpg 300w, http:\/\/maismagazine.pt\/wp-content\/uploads\/2022\/09\/Migaitas-768x512.jpg 768w, http:\/\/maismagazine.pt\/wp-content\/uploads\/2022\/09\/Migaitas-1536x1024.jpg 1536w, http:\/\/maismagazine.pt\/wp-content\/uploads\/2022\/09\/Migaitas-2048x1365.jpg 2048w, http:\/\/maismagazine.pt\/wp-content\/uploads\/2022\/09\/Migaitas-150x100.jpg 150w\" sizes=\"auto, (max-width: 1024px) 100vw, 1024px\" \/><\/figure><\/li><li class=\"blocks-gallery-item\"><figure><img loading=\"lazy\" decoding=\"async\" width=\"1024\" height=\"683\" src=\"http:\/\/maismagazine.pt\/wp-content\/uploads\/2022\/09\/IMG_8592-1024x683.jpg\" alt=\"\" data-id=\"4599\" data-full-url=\"http:\/\/maismagazine.pt\/wp-content\/uploads\/2022\/09\/IMG_8592.jpg\" data-link=\"http:\/\/maismagazine.pt\/?attachment_id=4599\" class=\"wp-image-4599 is-layout-flex wp-block-gallery-is-layout-flex\" srcset=\"http:\/\/maismagazine.pt\/wp-content\/uploads\/2022\/09\/IMG_8592-1024x683.jpg 1024w, http:\/\/maismagazine.pt\/wp-content\/uploads\/2022\/09\/IMG_8592-300x200.jpg 300w, http:\/\/maismagazine.pt\/wp-content\/uploads\/2022\/09\/IMG_8592-768x512.jpg 768w, http:\/\/maismagazine.pt\/wp-content\/uploads\/2022\/09\/IMG_8592-150x100.jpg 150w, http:\/\/maismagazine.pt\/wp-content\/uploads\/2022\/09\/IMG_8592.jpg 1512w\" sizes=\"auto, (max-width: 1024px) 100vw, 1024px\" \/><\/figure><\/li><\/ul><\/figure>\n\n\n\n<p>Ao participar nesta iniciativa \u00e9 desafiado a partilhar uma fotografia ou um v\u00eddeo nas suas redes sociais (Facebook ou Instagram) incluindo os hashtags #lourearapevide #feeltravelTV e #visitepontedelima. Para ganhar, explica a organiza\u00e7\u00e3o, \u201ca sua fotografia ou o seu v\u00eddeo deve atingir o maior n\u00famero de gostos poss\u00edvel\u201d. Quem obtiver mais gostos, pode ganhar um fim de semana para duas pessoas nos Solares de Portugal em Ponte de Lima. Quem ficar em segundo lugar ir\u00e1 obter um cabaz de produtos do Mercado Agrolimiano. Para o terceiro classificado fica reservada uma prova de vinhos para duas pessoas no Centro de Interpreta\u00e7\u00e3o e Promo\u00e7\u00e3o dos Vinhos Verdes (CIPVV).<\/p>\n\n\n\n<figure class=\"wp-block-gallery aligncenter columns-2 is-cropped wp-block-gallery-3\"><ul class=\"blocks-gallery-grid\"><li class=\"blocks-gallery-item\"><figure><img loading=\"lazy\" decoding=\"async\" width=\"683\" height=\"1024\" src=\"http:\/\/maismagazine.pt\/wp-content\/uploads\/2022\/09\/IMG_9146-683x1024.jpg\" alt=\"\" data-id=\"4600\" data-full-url=\"http:\/\/maismagazine.pt\/wp-content\/uploads\/2022\/09\/IMG_9146.jpg\" data-link=\"http:\/\/maismagazine.pt\/?attachment_id=4600\" class=\"wp-image-4600\" srcset=\"http:\/\/maismagazine.pt\/wp-content\/uploads\/2022\/09\/IMG_9146-683x1024.jpg 683w, http:\/\/maismagazine.pt\/wp-content\/uploads\/2022\/09\/IMG_9146-200x300.jpg 200w, http:\/\/maismagazine.pt\/wp-content\/uploads\/2022\/09\/IMG_9146-768x1152.jpg 768w, http:\/\/maismagazine.pt\/wp-content\/uploads\/2022\/09\/IMG_9146-1024x1536.jpg 1024w, http:\/\/maismagazine.pt\/wp-content\/uploads\/2022\/09\/IMG_9146-1365x2048.jpg 1365w, http:\/\/maismagazine.pt\/wp-content\/uploads\/2022\/09\/IMG_9146.jpg 1594w\" sizes=\"auto, (max-width: 683px) 100vw, 683px\" \/><\/figure><\/li><li class=\"blocks-gallery-item\"><figure><img loading=\"lazy\" decoding=\"async\" width=\"1024\" height=\"683\" src=\"http:\/\/maismagazine.pt\/wp-content\/uploads\/2022\/09\/Taberna-da-Cadeia-Velha-1024x683.jpg\" alt=\"\" data-id=\"4601\" data-full-url=\"http:\/\/maismagazine.pt\/wp-content\/uploads\/2022\/09\/Taberna-da-Cadeia-Velha-scaled.jpg\" data-link=\"http:\/\/maismagazine.pt\/?attachment_id=4601\" class=\"wp-image-4601 is-layout-flex wp-block-gallery-is-layout-flex\" srcset=\"http:\/\/maismagazine.pt\/wp-content\/uploads\/2022\/09\/Taberna-da-Cadeia-Velha-1024x683.jpg 1024w, http:\/\/maismagazine.pt\/wp-content\/uploads\/2022\/09\/Taberna-da-Cadeia-Velha-300x200.jpg 300w, http:\/\/maismagazine.pt\/wp-content\/uploads\/2022\/09\/Taberna-da-Cadeia-Velha-768x512.jpg 768w, http:\/\/maismagazine.pt\/wp-content\/uploads\/2022\/09\/Taberna-da-Cadeia-Velha-1536x1024.jpg 1536w, http:\/\/maismagazine.pt\/wp-content\/uploads\/2022\/09\/Taberna-da-Cadeia-Velha-2048x1366.jpg 2048w, http:\/\/maismagazine.pt\/wp-content\/uploads\/2022\/09\/Taberna-da-Cadeia-Velha-150x100.jpg 150w\" sizes=\"auto, (max-width: 1024px) 100vw, 1024px\" \/><\/figure><\/li><\/ul><\/figure>\n\n\n\n<p>Para al\u00e9m do desafio nas redes sociais, pode concorrer ao \u201cGrande Pr\u00e9mio\u201d tendo para isso que levantar uma caderneta e pedir que seja carimbada em todos os estabelecimentos pelos quais passa. \u201cPode faz\u00ea-lo em todos os estabelecimentos aderentes, no Posto de Turismo e no Centro de Interpreta\u00e7\u00e3o e Promo\u00e7\u00e3o do Vinho Verde (CIPVV)\u201d, sublinha a organiza\u00e7\u00e3o. Para se candidatar ao pr\u00e9mio dever\u00e1 completar, pelo menos, 50% da caderneta. \u201cNo final, deve coloc\u00e1-la na tombola presente no Posto de Turismo de Ponte de Lima. O premiado ganha um fim de semana para duas pessoas na ilha dos A\u00e7ores\u201d.<\/p>\n","protected":false},"excerpt":{"rendered":"<p>A segunda edi\u00e7\u00e3o de \u201cLourear a Pevide\u201d celebra o vinho verde loureiro, em Ponte de Lima, atrav\u00e9s de uma rota gastron\u00f3mica e de um concurso fotogr\u00e1fico. De 23 de setembro a 23 de outubro, poder\u00e1 provar os melhores petiscos acompanhados do vinho mais carater\u00edstico da regi\u00e3o. \u201cLaurear a pevide\u201d \u00e9&hellip;<\/p>\n","protected":false},"author":7,"featured_media":4602,"comment_status":"closed","ping_status":"open","sticky":false,"template":"","format":"standard","meta":{"advgb_blocks_editor_width":"","advgb_blocks_columns_visual_guide":"","_monsterinsights_skip_tracking":false,"_monsterinsights_sitenote_active":false,"_monsterinsights_sitenote_note":"","_monsterinsights_sitenote_category":0,"footnotes":""},"categories":[50,53],"tags":[1031,1028,283,1030,1029,1027,1026,889],"class_list":["post-4595","post","type-post","status-publish","format-standard","has-post-thumbnail","hentry","category-destaques","category-turismo-restaurantes","tag-casta-loureiro","tag-festival","tag-gastronomia","tag-iniciativa","tag-lourear-a-pevide","tag-ponte-de-lima","tag-sabores","tag-vinho-verde"],"yoast_head":"<!-- This site is optimized with the Yoast SEO plugin v24.4 - https:\/\/yoast.com\/wordpress\/plugins\/seo\/ -->\n<title>\u201cLourear a Pevide\u201d em Ponte de Lima - Mais Magazine<\/title>\n<meta name=\"description\" content=\"A segunda edi\u00e7\u00e3o de \u201cLourear a Pevide\u201d celebra o vinho verde loureiro, em Ponte de Lima, atrav\u00e9s de uma rota gastron\u00f3mica e de um concurso fotogr\u00e1fico. De 23 de setembro a 23 de outubro, poder\u00e1 provar os melhores petiscos acompanhados do vinho mais carater\u00edstico da regi\u00e3o.\" \/>\n<meta name=\"robots\" content=\"index, follow, max-snippet:-1, max-image-preview:large, max-video-preview:-1\" \/>\n<link rel=\"canonical\" href=\"http:\/\/maismagazine.pt\/index.php\/2022\/10\/07\/lourear-a-pevide-em-ponte-de-lima\/\" \/>\n<meta property=\"og:locale\" content=\"pt_PT\" \/>\n<meta property=\"og:type\" content=\"article\" \/>\n<meta property=\"og:title\" content=\"\u201cLourear a Pevide\u201d em Ponte de Lima - Mais Magazine\" \/>\n<meta property=\"og:description\" content=\"A segunda edi\u00e7\u00e3o de \u201cLourear a Pevide\u201d celebra o vinho verde loureiro, em Ponte de Lima, atrav\u00e9s de uma rota gastron\u00f3mica e de um concurso fotogr\u00e1fico. De 23 de setembro a 23 de outubro, poder\u00e1 provar os melhores petiscos acompanhados do vinho mais carater\u00edstico da regi\u00e3o.\" \/>\n<meta property=\"og:url\" content=\"http:\/\/maismagazine.pt\/index.php\/2022\/10\/07\/lourear-a-pevide-em-ponte-de-lima\/\" \/>\n<meta property=\"og:site_name\" content=\"Mais Magazine\" \/>\n<meta property=\"article:published_time\" content=\"2022-10-07T06:00:00+00:00\" \/>\n<meta property=\"og:image\" content=\"http:\/\/maismagazine.pt\/wp-content\/uploads\/2022\/09\/Fotografia_Rui-Lima.jpg\" \/>\n\t<meta property=\"og:image:width\" content=\"1564\" \/>\n\t<meta property=\"og:image:height\" content=\"800\" \/>\n\t<meta property=\"og:image:type\" content=\"image\/jpeg\" \/>\n<meta name=\"author\" content=\"Jo\u00e3o Malainho\" \/>\n<meta name=\"twitter:card\" content=\"summary_large_image\" \/>\n<meta name=\"twitter:label1\" content=\"Escrito por\" \/>\n\t<meta name=\"twitter:data1\" content=\"\" \/>\n\t<meta name=\"twitter:label2\" content=\"Tempo estimado de leitura\" \/>\n\t<meta name=\"twitter:data2\" content=\"5 minutos\" \/>\n<script type=\"application\/ld+json\" class=\"yoast-schema-graph\">{\"@context\":\"https:\/\/schema.org\",\"@graph\":[{\"@type\":\"Article\",\"@id\":\"http:\/\/maismagazine.pt\/index.php\/2022\/10\/07\/lourear-a-pevide-em-ponte-de-lima\/#article\",\"isPartOf\":{\"@id\":\"http:\/\/maismagazine.pt\/index.php\/2022\/10\/07\/lourear-a-pevide-em-ponte-de-lima\/\"},\"author\":{\"name\":\"Jo\u00e3o Malainho\",\"@id\":\"http:\/\/maismagazine.pt\/#\/schema\/person\/999bd426f894ff56d397ec12ebd21ebb\"},\"headline\":\"\u201cLourear a Pevide\u201d em Ponte de Lima\",\"datePublished\":\"2022-10-07T06:00:00+00:00\",\"mainEntityOfPage\":{\"@id\":\"http:\/\/maismagazine.pt\/index.php\/2022\/10\/07\/lourear-a-pevide-em-ponte-de-lima\/\"},\"wordCount\":791,\"publisher\":{\"@id\":\"http:\/\/maismagazine.pt\/#organization\"},\"image\":{\"@id\":\"http:\/\/maismagazine.pt\/index.php\/2022\/10\/07\/lourear-a-pevide-em-ponte-de-lima\/#primaryimage\"},\"thumbnailUrl\":\"http:\/\/maismagazine.pt\/wp-content\/uploads\/2022\/09\/Fotografia_Rui-Lima.jpg\",\"keywords\":[\"casta Loureiro\",\"festival\",\"Gastronomia\",\"iniciativa\",\"Lourear a Pevide\",\"Ponte de Lima\",\"sabores\",\"vinho verde\"],\"articleSection\":[\"Destaques\",\"Turismo | Vinhos | Gastronomia\"],\"inLanguage\":\"pt-PT\"},{\"@type\":\"WebPage\",\"@id\":\"http:\/\/maismagazine.pt\/index.php\/2022\/10\/07\/lourear-a-pevide-em-ponte-de-lima\/\",\"url\":\"http:\/\/maismagazine.pt\/index.php\/2022\/10\/07\/lourear-a-pevide-em-ponte-de-lima\/\",\"name\":\"\u201cLourear a Pevide\u201d em Ponte de Lima - Mais Magazine\",\"isPartOf\":{\"@id\":\"http:\/\/maismagazine.pt\/#website\"},\"primaryImageOfPage\":{\"@id\":\"http:\/\/maismagazine.pt\/index.php\/2022\/10\/07\/lourear-a-pevide-em-ponte-de-lima\/#primaryimage\"},\"image\":{\"@id\":\"http:\/\/maismagazine.pt\/index.php\/2022\/10\/07\/lourear-a-pevide-em-ponte-de-lima\/#primaryimage\"},\"thumbnailUrl\":\"http:\/\/maismagazine.pt\/wp-content\/uploads\/2022\/09\/Fotografia_Rui-Lima.jpg\",\"datePublished\":\"2022-10-07T06:00:00+00:00\",\"description\":\"A segunda edi\u00e7\u00e3o de \u201cLourear a Pevide\u201d celebra o vinho verde loureiro, em Ponte de Lima, atrav\u00e9s de uma rota gastron\u00f3mica e de um concurso fotogr\u00e1fico. De 23 de setembro a 23 de outubro, poder\u00e1 provar os melhores petiscos acompanhados do vinho mais carater\u00edstico da regi\u00e3o.\",\"breadcrumb\":{\"@id\":\"http:\/\/maismagazine.pt\/index.php\/2022\/10\/07\/lourear-a-pevide-em-ponte-de-lima\/#breadcrumb\"},\"inLanguage\":\"pt-PT\",\"potentialAction\":[{\"@type\":\"ReadAction\",\"target\":[\"http:\/\/maismagazine.pt\/index.php\/2022\/10\/07\/lourear-a-pevide-em-ponte-de-lima\/\"]}]},{\"@type\":\"ImageObject\",\"inLanguage\":\"pt-PT\",\"@id\":\"http:\/\/maismagazine.pt\/index.php\/2022\/10\/07\/lourear-a-pevide-em-ponte-de-lima\/#primaryimage\",\"url\":\"http:\/\/maismagazine.pt\/wp-content\/uploads\/2022\/09\/Fotografia_Rui-Lima.jpg\",\"contentUrl\":\"http:\/\/maismagazine.pt\/wp-content\/uploads\/2022\/09\/Fotografia_Rui-Lima.jpg\",\"width\":1564,\"height\":800},{\"@type\":\"BreadcrumbList\",\"@id\":\"http:\/\/maismagazine.pt\/index.php\/2022\/10\/07\/lourear-a-pevide-em-ponte-de-lima\/#breadcrumb\",\"itemListElement\":[{\"@type\":\"ListItem\",\"position\":1,\"name\":\"Home\",\"item\":\"http:\/\/maismagazine.pt\/\"},{\"@type\":\"ListItem\",\"position\":2,\"name\":\"\u201cLourear a Pevide\u201d em Ponte de Lima\"}]},{\"@type\":\"WebSite\",\"@id\":\"http:\/\/maismagazine.pt\/#website\",\"url\":\"http:\/\/maismagazine.pt\/\",\"name\":\"Mais Magazine\",\"description\":\"\",\"publisher\":{\"@id\":\"http:\/\/maismagazine.pt\/#organization\"},\"potentialAction\":[{\"@type\":\"SearchAction\",\"target\":{\"@type\":\"EntryPoint\",\"urlTemplate\":\"http:\/\/maismagazine.pt\/?s={search_term_string}\"},\"query-input\":{\"@type\":\"PropertyValueSpecification\",\"valueRequired\":true,\"valueName\":\"search_term_string\"}}],\"inLanguage\":\"pt-PT\"},{\"@type\":\"Organization\",\"@id\":\"http:\/\/maismagazine.pt\/#organization\",\"name\":\"Mais Magazine\",\"url\":\"http:\/\/maismagazine.pt\/\",\"logo\":{\"@type\":\"ImageObject\",\"inLanguage\":\"pt-PT\",\"@id\":\"http:\/\/maismagazine.pt\/#\/schema\/logo\/image\/\",\"url\":\"http:\/\/maismagazine.pt\/wp-content\/uploads\/2020\/04\/cropped-cropped-mais-magazine-site-logo-2.png\",\"contentUrl\":\"http:\/\/maismagazine.pt\/wp-content\/uploads\/2020\/04\/cropped-cropped-mais-magazine-site-logo-2.png\",\"width\":581,\"height\":90,\"caption\":\"Mais Magazine\"},\"image\":{\"@id\":\"http:\/\/maismagazine.pt\/#\/schema\/logo\/image\/\"}},{\"@type\":\"Person\",\"@id\":\"http:\/\/maismagazine.pt\/#\/schema\/person\/999bd426f894ff56d397ec12ebd21ebb\",\"name\":\"Jo\u00e3o Malainho\",\"image\":{\"@type\":\"ImageObject\",\"inLanguage\":\"pt-PT\",\"@id\":\"http:\/\/maismagazine.pt\/#\/schema\/person\/image\/\",\"url\":\"https:\/\/secure.gravatar.com\/avatar\/ff03c2f38edf60b2a827aa4f74878491?s=96&d=mm&r=g\",\"contentUrl\":\"https:\/\/secure.gravatar.com\/avatar\/ff03c2f38edf60b2a827aa4f74878491?s=96&d=mm&r=g\",\"caption\":\"Jo\u00e3o Malainho\"},\"url\":\"http:\/\/maismagazine.pt\/index.php\/author\/maismagazine\/\"}]}<\/script>\n<!-- \/ Yoast SEO plugin. -->","yoast_head_json":{"title":"\u201cLourear a Pevide\u201d em Ponte de Lima - Mais Magazine","description":"A segunda edi\u00e7\u00e3o de \u201cLourear a Pevide\u201d celebra o vinho verde loureiro, em Ponte de Lima, atrav\u00e9s de uma rota gastron\u00f3mica e de um concurso fotogr\u00e1fico. De 23 de setembro a 23 de outubro, poder\u00e1 provar os melhores petiscos acompanhados do vinho mais carater\u00edstico da regi\u00e3o.","robots":{"index":"index","follow":"follow","max-snippet":"max-snippet:-1","max-image-preview":"max-image-preview:large","max-video-preview":"max-video-preview:-1"},"canonical":"http:\/\/maismagazine.pt\/index.php\/2022\/10\/07\/lourear-a-pevide-em-ponte-de-lima\/","og_locale":"pt_PT","og_type":"article","og_title":"\u201cLourear a Pevide\u201d em Ponte de Lima - Mais Magazine","og_description":"A segunda edi\u00e7\u00e3o de \u201cLourear a Pevide\u201d celebra o vinho verde loureiro, em Ponte de Lima, atrav\u00e9s de uma rota gastron\u00f3mica e de um concurso fotogr\u00e1fico. De 23 de setembro a 23 de outubro, poder\u00e1 provar os melhores petiscos acompanhados do vinho mais carater\u00edstico da regi\u00e3o.","og_url":"http:\/\/maismagazine.pt\/index.php\/2022\/10\/07\/lourear-a-pevide-em-ponte-de-lima\/","og_site_name":"Mais Magazine","article_published_time":"2022-10-07T06:00:00+00:00","og_image":[{"width":1564,"height":800,"url":"http:\/\/maismagazine.pt\/wp-content\/uploads\/2022\/09\/Fotografia_Rui-Lima.jpg","type":"image\/jpeg"}],"author":"Jo\u00e3o Malainho","twitter_card":"summary_large_image","twitter_misc":{"Escrito por":false,"Tempo estimado de leitura":"5 minutos"},"schema":{"@context":"https:\/\/schema.org","@graph":[{"@type":"Article","@id":"http:\/\/maismagazine.pt\/index.php\/2022\/10\/07\/lourear-a-pevide-em-ponte-de-lima\/#article","isPartOf":{"@id":"http:\/\/maismagazine.pt\/index.php\/2022\/10\/07\/lourear-a-pevide-em-ponte-de-lima\/"},"author":{"name":"Jo\u00e3o Malainho","@id":"http:\/\/maismagazine.pt\/#\/schema\/person\/999bd426f894ff56d397ec12ebd21ebb"},"headline":"\u201cLourear a Pevide\u201d em Ponte de Lima","datePublished":"2022-10-07T06:00:00+00:00","mainEntityOfPage":{"@id":"http:\/\/maismagazine.pt\/index.php\/2022\/10\/07\/lourear-a-pevide-em-ponte-de-lima\/"},"wordCount":791,"publisher":{"@id":"http:\/\/maismagazine.pt\/#organization"},"image":{"@id":"http:\/\/maismagazine.pt\/index.php\/2022\/10\/07\/lourear-a-pevide-em-ponte-de-lima\/#primaryimage"},"thumbnailUrl":"http:\/\/maismagazine.pt\/wp-content\/uploads\/2022\/09\/Fotografia_Rui-Lima.jpg","keywords":["casta Loureiro","festival","Gastronomia","iniciativa","Lourear a Pevide","Ponte de Lima","sabores","vinho verde"],"articleSection":["Destaques","Turismo | Vinhos | Gastronomia"],"inLanguage":"pt-PT"},{"@type":"WebPage","@id":"http:\/\/maismagazine.pt\/index.php\/2022\/10\/07\/lourear-a-pevide-em-ponte-de-lima\/","url":"http:\/\/maismagazine.pt\/index.php\/2022\/10\/07\/lourear-a-pevide-em-ponte-de-lima\/","name":"\u201cLourear a Pevide\u201d em Ponte de Lima - Mais Magazine","isPartOf":{"@id":"http:\/\/maismagazine.pt\/#website"},"primaryImageOfPage":{"@id":"http:\/\/maismagazine.pt\/index.php\/2022\/10\/07\/lourear-a-pevide-em-ponte-de-lima\/#primaryimage"},"image":{"@id":"http:\/\/maismagazine.pt\/index.php\/2022\/10\/07\/lourear-a-pevide-em-ponte-de-lima\/#primaryimage"},"thumbnailUrl":"http:\/\/maismagazine.pt\/wp-content\/uploads\/2022\/09\/Fotografia_Rui-Lima.jpg","datePublished":"2022-10-07T06:00:00+00:00","description":"A segunda edi\u00e7\u00e3o de \u201cLourear a Pevide\u201d celebra o vinho verde loureiro, em Ponte de Lima, atrav\u00e9s de uma rota gastron\u00f3mica e de um concurso fotogr\u00e1fico. De 23 de setembro a 23 de outubro, poder\u00e1 provar os melhores petiscos acompanhados do vinho mais carater\u00edstico da regi\u00e3o.","breadcrumb":{"@id":"http:\/\/maismagazine.pt\/index.php\/2022\/10\/07\/lourear-a-pevide-em-ponte-de-lima\/#breadcrumb"},"inLanguage":"pt-PT","potentialAction":[{"@type":"ReadAction","target":["http:\/\/maismagazine.pt\/index.php\/2022\/10\/07\/lourear-a-pevide-em-ponte-de-lima\/"]}]},{"@type":"ImageObject","inLanguage":"pt-PT","@id":"http:\/\/maismagazine.pt\/index.php\/2022\/10\/07\/lourear-a-pevide-em-ponte-de-lima\/#primaryimage","url":"http:\/\/maismagazine.pt\/wp-content\/uploads\/2022\/09\/Fotografia_Rui-Lima.jpg","contentUrl":"http:\/\/maismagazine.pt\/wp-content\/uploads\/2022\/09\/Fotografia_Rui-Lima.jpg","width":1564,"height":800},{"@type":"BreadcrumbList","@id":"http:\/\/maismagazine.pt\/index.php\/2022\/10\/07\/lourear-a-pevide-em-ponte-de-lima\/#breadcrumb","itemListElement":[{"@type":"ListItem","position":1,"name":"Home","item":"http:\/\/maismagazine.pt\/"},{"@type":"ListItem","position":2,"name":"\u201cLourear a Pevide\u201d em Ponte de Lima"}]},{"@type":"WebSite","@id":"http:\/\/maismagazine.pt\/#website","url":"http:\/\/maismagazine.pt\/","name":"Mais Magazine","description":"","publisher":{"@id":"http:\/\/maismagazine.pt\/#organization"},"potentialAction":[{"@type":"SearchAction","target":{"@type":"EntryPoint","urlTemplate":"http:\/\/maismagazine.pt\/?s={search_term_string}"},"query-input":{"@type":"PropertyValueSpecification","valueRequired":true,"valueName":"search_term_string"}}],"inLanguage":"pt-PT"},{"@type":"Organization","@id":"http:\/\/maismagazine.pt\/#organization","name":"Mais Magazine","url":"http:\/\/maismagazine.pt\/","logo":{"@type":"ImageObject","inLanguage":"pt-PT","@id":"http:\/\/maismagazine.pt\/#\/schema\/logo\/image\/","url":"http:\/\/maismagazine.pt\/wp-content\/uploads\/2020\/04\/cropped-cropped-mais-magazine-site-logo-2.png","contentUrl":"http:\/\/maismagazine.pt\/wp-content\/uploads\/2020\/04\/cropped-cropped-mais-magazine-site-logo-2.png","width":581,"height":90,"caption":"Mais Magazine"},"image":{"@id":"http:\/\/maismagazine.pt\/#\/schema\/logo\/image\/"}},{"@type":"Person","@id":"http:\/\/maismagazine.pt\/#\/schema\/person\/999bd426f894ff56d397ec12ebd21ebb","name":"Jo\u00e3o Malainho","image":{"@type":"ImageObject","inLanguage":"pt-PT","@id":"http:\/\/maismagazine.pt\/#\/schema\/person\/image\/","url":"https:\/\/secure.gravatar.com\/avatar\/ff03c2f38edf60b2a827aa4f74878491?s=96&d=mm&r=g","contentUrl":"https:\/\/secure.gravatar.com\/avatar\/ff03c2f38edf60b2a827aa4f74878491?s=96&d=mm&r=g","caption":"Jo\u00e3o Malainho"},"url":"http:\/\/maismagazine.pt\/index.php\/author\/maismagazine\/"}]}},"author_meta":{"display_name":false,"author_link":"http:\/\/maismagazine.pt\/index.php\/author\/maismagazine\/"},"featured_img":"http:\/\/maismagazine.pt\/wp-content\/uploads\/2022\/09\/Fotografia_Rui-Lima-300x153.jpg","coauthors":[],"tax_additional":{"categories":{"linked":["<a href=\"http:\/\/maismagazine.pt\/index.php\/category\/destaques\/\" class=\"advgb-post-tax-term\">Destaques<\/a>","<a href=\"http:\/\/maismagazine.pt\/index.php\/category\/turismo-restaurantes\/\" class=\"advgb-post-tax-term\">Turismo | Vinhos | Gastronomia<\/a>"],"unlinked":["<span class=\"advgb-post-tax-term\">Destaques<\/span>","<span class=\"advgb-post-tax-term\">Turismo | Vinhos | Gastronomia<\/span>"]},"tags":{"linked":["<a href=\"http:\/\/maismagazine.pt\/index.php\/category\/turismo-restaurantes\/\" class=\"advgb-post-tax-term\">casta Loureiro<\/a>","<a href=\"http:\/\/maismagazine.pt\/index.php\/category\/turismo-restaurantes\/\" class=\"advgb-post-tax-term\">festival<\/a>","<a href=\"http:\/\/maismagazine.pt\/index.php\/category\/turismo-restaurantes\/\" class=\"advgb-post-tax-term\">Gastronomia<\/a>","<a href=\"http:\/\/maismagazine.pt\/index.php\/category\/turismo-restaurantes\/\" class=\"advgb-post-tax-term\">iniciativa<\/a>","<a href=\"http:\/\/maismagazine.pt\/index.php\/category\/turismo-restaurantes\/\" class=\"advgb-post-tax-term\">Lourear a Pevide<\/a>","<a href=\"http:\/\/maismagazine.pt\/index.php\/category\/turismo-restaurantes\/\" class=\"advgb-post-tax-term\">Ponte de Lima<\/a>","<a href=\"http:\/\/maismagazine.pt\/index.php\/category\/turismo-restaurantes\/\" class=\"advgb-post-tax-term\">sabores<\/a>","<a href=\"http:\/\/maismagazine.pt\/index.php\/category\/turismo-restaurantes\/\" class=\"advgb-post-tax-term\">vinho verde<\/a>"],"unlinked":["<span class=\"advgb-post-tax-term\">casta Loureiro<\/span>","<span class=\"advgb-post-tax-term\">festival<\/span>","<span class=\"advgb-post-tax-term\">Gastronomia<\/span>","<span class=\"advgb-post-tax-term\">iniciativa<\/span>","<span class=\"advgb-post-tax-term\">Lourear a Pevide<\/span>","<span class=\"advgb-post-tax-term\">Ponte de Lima<\/span>","<span class=\"advgb-post-tax-term\">sabores<\/span>","<span class=\"advgb-post-tax-term\">vinho verde<\/span>"]}},"comment_count":"0","relative_dates":{"created":"Posted 4 anos ago","modified":"Updated 4 anos ago"},"absolute_dates":{"created":"Posted on 7 de Outubro, 2022","modified":"Updated on 28 de Setembro, 2022"},"absolute_dates_time":{"created":"Posted on 7 de Outubro, 2022 7:00","modified":"Updated on 28 de Setembro, 2022 16:37"},"featured_img_caption":"","series_order":"","_links":{"self":[{"href":"http:\/\/maismagazine.pt\/index.php\/wp-json\/wp\/v2\/posts\/4595","targetHints":{"allow":["GET"]}}],"collection":[{"href":"http:\/\/maismagazine.pt\/index.php\/wp-json\/wp\/v2\/posts"}],"about":[{"href":"http:\/\/maismagazine.pt\/index.php\/wp-json\/wp\/v2\/types\/post"}],"author":[{"embeddable":true,"href":"http:\/\/maismagazine.pt\/index.php\/wp-json\/wp\/v2\/users\/7"}],"replies":[{"embeddable":true,"href":"http:\/\/maismagazine.pt\/index.php\/wp-json\/wp\/v2\/comments?post=4595"}],"version-history":[{"count":1,"href":"http:\/\/maismagazine.pt\/index.php\/wp-json\/wp\/v2\/posts\/4595\/revisions"}],"predecessor-version":[{"id":4603,"href":"http:\/\/maismagazine.pt\/index.php\/wp-json\/wp\/v2\/posts\/4595\/revisions\/4603"}],"wp:featuredmedia":[{"embeddable":true,"href":"http:\/\/maismagazine.pt\/index.php\/wp-json\/wp\/v2\/media\/4602"}],"wp:attachment":[{"href":"http:\/\/maismagazine.pt\/index.php\/wp-json\/wp\/v2\/media?parent=4595"}],"wp:term":[{"taxonomy":"category","embeddable":true,"href":"http:\/\/maismagazine.pt\/index.php\/wp-json\/wp\/v2\/categories?post=4595"},{"taxonomy":"post_tag","embeddable":true,"href":"http:\/\/maismagazine.pt\/index.php\/wp-json\/wp\/v2\/tags?post=4595"}],"curies":[{"name":"wp","href":"https:\/\/api.w.org\/{rel}","templated":true}]}}