{"id":4462,"date":"2022-09-16T07:00:00","date_gmt":"2022-09-16T06:00:00","guid":{"rendered":"http:\/\/maismagazine.pt\/?p=4462"},"modified":"2022-09-08T11:53:34","modified_gmt":"2022-09-08T10:53:34","slug":"santa-maria-da-feira-aposta-na-mobilidade-sustentavel-por-um-municipio-mais-verde-e-saudavel-e-inclusivo","status":"publish","type":"post","link":"http:\/\/maismagazine.pt\/index.php\/2022\/09\/16\/santa-maria-da-feira-aposta-na-mobilidade-sustentavel-por-um-municipio-mais-verde-e-saudavel-e-inclusivo\/","title":{"rendered":"Santa Maria da Feira aposta na mobilidade sustent\u00e1vel por um munic\u00edpio mais verde e saud\u00e1vel e inclusivo"},"content":{"rendered":"\n<p><strong>Subordinada ao tema \u201cMelhores Liga\u00e7\u00f5es\u201d, a Semana Europeia da Mobilidade no Munic\u00edpio de Santa Maria da Feira ser\u00e1, uma vez mais, repleta de atividades, a\u00e7\u00f5es de forma\u00e7\u00e3o e de consciencializa\u00e7\u00e3o dirigidas a todos os mun\u00edcipes, mas n\u00e3o s\u00f3. Em\u00eddio Sousa, Presidente do Munic\u00edpio, esteve \u00e0 conversa com a Mais Magazine para dar a conhecer um pouco melhor esta e outras iniciativas, desenvolvidas pela autarquia, na busca por um territ\u00f3rio mais sustent\u00e1vel, verde e amigo do ambiente.<\/strong><br><br>A Semana Europeia da Mobilidade realiza-se anualmente de16 a 22 de setembro e, como n\u00e3o poderia deixar de ser, <a href=\"https:\/\/cm-feira.pt\/\">Santa Maria da Feira<\/a> associa-se, uma vez mais, a esta iniciativa da Comiss\u00e3o Europeia, levando a cabo uma semana repleta de atividades com o objetivo de consciencializar para a import\u00e2ncia de mudan\u00e7as comportamentais a favor da mobilidade ativa, do transporte p\u00fablico e de outras op\u00e7\u00f5es de mobilidade menos poluentes e mais inteligentes.<br><br>Este ano, fazem parte do calend\u00e1rio da Semana Europeia da Mobilidade do Munic\u00edpio de Santa Maria da Feira, entre muitas outras atividades, a\u00e7\u00f5es de consciencializa\u00e7\u00e3o para a utiliza\u00e7\u00e3o dos modos suaves de mobilidade urbana, um programa de promo\u00e7\u00e3o da pr\u00e1tica desportiva com caminhadas e passeios com bicicletas, sess\u00f5es te\u00f3ricas e pr\u00e1ticas sobre preven\u00e7\u00e3o rodovi\u00e1ria, envolvendo o p\u00fablico infantil e fam\u00edlias, e ainda a celebra\u00e7\u00e3o do dia sem carros com atividades de anima\u00e7\u00e3o de rua, dan\u00e7as e jogos tradicionais.<br><br>E porque Santa Maria da Feira \u00e9 um \u201cTerrit\u00f3rio para Todos\u201d, o arranque da Semana Europeia da Mobilidade no munic\u00edpio ser\u00e1 dedicado \u00e0 Mobilidade Inclusiva. Com especial enfoque na mobilidade e acessibilidade inclusiva e na elimina\u00e7\u00e3o de barreiras arquitet\u00f3nicas aos espa\u00e7os p\u00fablicos e edif\u00edcios, a abertura da Semana Europeia da Mobilidade em Santa Maria da Feira ser\u00e1 feita pelo Presidente da C\u00e2mara Municipal, Em\u00eddio Sousa, e contar\u00e1 com a presen\u00e7a da Fundadora do Instituto de Cidades e Vilas com Mobilidade, Paula Teles. Na programa\u00e7\u00e3o merece ainda destaque a implementa\u00e7\u00e3o de um projeto-piloto de utiliza\u00e7\u00e3o p\u00fablica de trotinetes e bicicletas el\u00e9tricas. Com autonomia entre 40 e 60 quil\u00f3metros, as trotinetes e bicicletas podem ser testadas gratuitamente no dia 17 de setembro, na Ciclovia da Feira junto \u00e0s piscinas municipais.<br><br>Em Portugal, que participa nesta iniciativa europeia desde o seu in\u00edcio em 2002, tem-se vindo a gerar um grande movimento de ades\u00e3o por parte dos munic\u00edpios, parceiros e cidad\u00e3os. A participa\u00e7\u00e3o do Munic\u00edpio de Santa Maria da Feira nesta e em outras iniciativas \u00e9 parte da estrat\u00e9gia adotada pela autarquia na promo\u00e7\u00e3o de um munic\u00edpio mais sustent\u00e1vel, verde e amigo do ambiente. \u201cQueremos um munic\u00edpio mais sustent\u00e1vel, mas acima de tudo queremos contribuir para a defesa do planeta\u201d, explica o Presidente da autarquia. Com uma estrat\u00e9gia pensada h\u00e1 cerca de dez anos, o Munic\u00edpio de Santa Maria da Feira vem realizando no terreno uma s\u00e9rie de investimentos que agora chegam \u00e0 fase de implementa\u00e7\u00e3o. \u201cNos \u00faltimos anos apostamos na constru\u00e7\u00e3o de ciclovias que ligam os principais polos de atividades econ\u00f3micas e as zonas habitacionais mais densamente povoadas, para al\u00e9m da constru\u00e7\u00e3o de passadi\u00e7os e percursos pedestres\u201d. Estes investimentos, alguns ainda em curso e outros a iniciar, potenciam agora uma nova etapa: a sua utiliza\u00e7\u00e3o permanente atrav\u00e9s de equipamentos mais amigos do ambiente, como as trotinetes e bicicletas el\u00e9tricas. \u201cExiste um potencial consider\u00e1vel, em Santa Maria da Feira, para a transfer\u00eancia de viagens dos modos motorizados para os modos mais suaves. Se estas alternativas estiverem dispon\u00edveis, conjuntamente com uma rede de ciclovias e uma boa rede de transportes p\u00fablicos em que o cidad\u00e3o consiga chegar aos locais das rotinas di\u00e1rias, com um consumo de tempo semelhante ao do uso de autom\u00f3vel e a um pre\u00e7o mais econ\u00f3mico, a alternativa torna-se vi\u00e1vel. Estou convicto de que a mobilidade sustent\u00e1vel se vai tornar uma realidade presente e evolutiva no nosso munic\u00edpio\u201d.<\/p>\n\n\n\n<div class=\"wp-block-image\"><figure class=\"aligncenter size-full\"><img loading=\"lazy\" decoding=\"async\" width=\"400\" height=\"200\" src=\"http:\/\/maismagazine.pt\/wp-content\/uploads\/2022\/09\/6.jpg\" alt=\"\" class=\"wp-image-4463\" srcset=\"http:\/\/maismagazine.pt\/wp-content\/uploads\/2022\/09\/6.jpg 400w, http:\/\/maismagazine.pt\/wp-content\/uploads\/2022\/09\/6-300x150.jpg 300w\" sizes=\"auto, (max-width: 400px) 100vw, 400px\" \/><\/figure><\/div>\n","protected":false},"excerpt":{"rendered":"<p>Subordinada ao tema \u201cMelhores Liga\u00e7\u00f5es\u201d, a Semana Europeia da Mobilidade no Munic\u00edpio de Santa Maria da Feira ser\u00e1, uma vez mais, repleta de atividades, a\u00e7\u00f5es de forma\u00e7\u00e3o e de consciencializa\u00e7\u00e3o dirigidas a todos os mun\u00edcipes, mas n\u00e3o s\u00f3. Em\u00eddio Sousa, Presidente do Munic\u00edpio, esteve \u00e0 conversa com a Mais Magazine&hellip;<\/p>\n","protected":false},"author":7,"featured_media":4464,"comment_status":"closed","ping_status":"open","sticky":false,"template":"","format":"standard","meta":{"advgb_blocks_editor_width":"","advgb_blocks_columns_visual_guide":"","_monsterinsights_skip_tracking":false,"_monsterinsights_sitenote_active":false,"_monsterinsights_sitenote_note":"","_monsterinsights_sitenote_category":0,"footnotes":""},"categories":[78,54,79],"tags":[1019,1017,642,84],"class_list":["post-4462","post","type-post","status-publish","format-standard","has-post-thumbnail","hentry","category-ambiente-e-sustentabilidade","category-lifestyle","category-tecnologia-e-inovacao","tag-mobilidade-ativa","tag-mobilidade-eletrica","tag-santa-maria-da-feira","tag-sustentabilidade"],"yoast_head":"<!-- This site is optimized with the Yoast SEO plugin v24.4 - https:\/\/yoast.com\/wordpress\/plugins\/seo\/ -->\n<title>Santa Maria da Feira aposta na mobilidade sustent\u00e1vel por um munic\u00edpio mais verde e saud\u00e1vel e inclusivo - Mais Magazine<\/title>\n<meta name=\"description\" content=\"Subordinada ao tema \u201cMelhores Liga\u00e7\u00f5es\u201d, a Semana Europeia da Mobilidade no Munic\u00edpio de Santa Maria da Feira ser\u00e1, uma vez mais, repleta de atividades, a\u00e7\u00f5es de forma\u00e7\u00e3o e de consciencializa\u00e7\u00e3o dirigidas a todos os mun\u00edcipes, mas n\u00e3o s\u00f3. Em\u00eddio Sousa, Presidente do Munic\u00edpio, esteve \u00e0 conversa com a Mais Magazine para dar a conhecer um pouco melhor esta e outras iniciativas, desenvolvidas pela autarquia, na busca por um territ\u00f3rio mais sustent\u00e1vel, verde e amigo do ambiente.\" \/>\n<meta name=\"robots\" content=\"index, follow, max-snippet:-1, max-image-preview:large, max-video-preview:-1\" \/>\n<link rel=\"canonical\" href=\"http:\/\/maismagazine.pt\/index.php\/2022\/09\/16\/santa-maria-da-feira-aposta-na-mobilidade-sustentavel-por-um-municipio-mais-verde-e-saudavel-e-inclusivo\/\" \/>\n<meta property=\"og:locale\" content=\"pt_PT\" \/>\n<meta property=\"og:type\" content=\"article\" \/>\n<meta property=\"og:title\" content=\"Santa Maria da Feira aposta na mobilidade sustent\u00e1vel por um munic\u00edpio mais verde e saud\u00e1vel e inclusivo - Mais Magazine\" \/>\n<meta property=\"og:description\" content=\"Subordinada ao tema \u201cMelhores Liga\u00e7\u00f5es\u201d, a Semana Europeia da Mobilidade no Munic\u00edpio de Santa Maria da Feira ser\u00e1, uma vez mais, repleta de atividades, a\u00e7\u00f5es de forma\u00e7\u00e3o e de consciencializa\u00e7\u00e3o dirigidas a todos os mun\u00edcipes, mas n\u00e3o s\u00f3. Em\u00eddio Sousa, Presidente do Munic\u00edpio, esteve \u00e0 conversa com a Mais Magazine para dar a conhecer um pouco melhor esta e outras iniciativas, desenvolvidas pela autarquia, na busca por um territ\u00f3rio mais sustent\u00e1vel, verde e amigo do ambiente.\" \/>\n<meta property=\"og:url\" content=\"http:\/\/maismagazine.pt\/index.php\/2022\/09\/16\/santa-maria-da-feira-aposta-na-mobilidade-sustentavel-por-um-municipio-mais-verde-e-saudavel-e-inclusivo\/\" \/>\n<meta property=\"og:site_name\" content=\"Mais Magazine\" \/>\n<meta property=\"article:published_time\" content=\"2022-09-16T06:00:00+00:00\" \/>\n<meta property=\"og:image\" content=\"http:\/\/maismagazine.pt\/wp-content\/uploads\/2022\/09\/MUPI-Semana-Europeia-Mobilidade_120x175cm-scaled.jpg\" \/>\n\t<meta property=\"og:image:width\" content=\"1760\" \/>\n\t<meta property=\"og:image:height\" content=\"2560\" \/>\n\t<meta property=\"og:image:type\" content=\"image\/jpeg\" \/>\n<meta name=\"author\" content=\"Jo\u00e3o Malainho\" \/>\n<meta name=\"twitter:card\" content=\"summary_large_image\" \/>\n<meta name=\"twitter:label1\" content=\"Escrito por\" \/>\n\t<meta name=\"twitter:data1\" content=\"\" \/>\n\t<meta name=\"twitter:label2\" content=\"Tempo estimado de leitura\" \/>\n\t<meta name=\"twitter:data2\" content=\"3 minutos\" \/>\n<script type=\"application\/ld+json\" class=\"yoast-schema-graph\">{\"@context\":\"https:\/\/schema.org\",\"@graph\":[{\"@type\":\"Article\",\"@id\":\"http:\/\/maismagazine.pt\/index.php\/2022\/09\/16\/santa-maria-da-feira-aposta-na-mobilidade-sustentavel-por-um-municipio-mais-verde-e-saudavel-e-inclusivo\/#article\",\"isPartOf\":{\"@id\":\"http:\/\/maismagazine.pt\/index.php\/2022\/09\/16\/santa-maria-da-feira-aposta-na-mobilidade-sustentavel-por-um-municipio-mais-verde-e-saudavel-e-inclusivo\/\"},\"author\":{\"name\":\"Jo\u00e3o Malainho\",\"@id\":\"http:\/\/maismagazine.pt\/#\/schema\/person\/999bd426f894ff56d397ec12ebd21ebb\"},\"headline\":\"Santa Maria da Feira aposta na mobilidade sustent\u00e1vel por um munic\u00edpio mais verde e saud\u00e1vel e inclusivo\",\"datePublished\":\"2022-09-16T06:00:00+00:00\",\"mainEntityOfPage\":{\"@id\":\"http:\/\/maismagazine.pt\/index.php\/2022\/09\/16\/santa-maria-da-feira-aposta-na-mobilidade-sustentavel-por-um-municipio-mais-verde-e-saudavel-e-inclusivo\/\"},\"wordCount\":717,\"publisher\":{\"@id\":\"http:\/\/maismagazine.pt\/#organization\"},\"image\":{\"@id\":\"http:\/\/maismagazine.pt\/index.php\/2022\/09\/16\/santa-maria-da-feira-aposta-na-mobilidade-sustentavel-por-um-municipio-mais-verde-e-saudavel-e-inclusivo\/#primaryimage\"},\"thumbnailUrl\":\"http:\/\/maismagazine.pt\/wp-content\/uploads\/2022\/09\/MUPI-Semana-Europeia-Mobilidade_120x175cm-scaled.jpg\",\"keywords\":[\"mobilidade ativa\",\"mobilidade el\u00e9trica\",\"Santa Maria da Feira\",\"Sustentabilidade\"],\"articleSection\":[\"Ambiente e Sustentabilidade\",\"LifeStyle\",\"Tecnologia e Inova\u00e7\u00e3o\"],\"inLanguage\":\"pt-PT\"},{\"@type\":\"WebPage\",\"@id\":\"http:\/\/maismagazine.pt\/index.php\/2022\/09\/16\/santa-maria-da-feira-aposta-na-mobilidade-sustentavel-por-um-municipio-mais-verde-e-saudavel-e-inclusivo\/\",\"url\":\"http:\/\/maismagazine.pt\/index.php\/2022\/09\/16\/santa-maria-da-feira-aposta-na-mobilidade-sustentavel-por-um-municipio-mais-verde-e-saudavel-e-inclusivo\/\",\"name\":\"Santa Maria da Feira aposta na mobilidade sustent\u00e1vel por um munic\u00edpio mais verde e saud\u00e1vel e inclusivo - Mais Magazine\",\"isPartOf\":{\"@id\":\"http:\/\/maismagazine.pt\/#website\"},\"primaryImageOfPage\":{\"@id\":\"http:\/\/maismagazine.pt\/index.php\/2022\/09\/16\/santa-maria-da-feira-aposta-na-mobilidade-sustentavel-por-um-municipio-mais-verde-e-saudavel-e-inclusivo\/#primaryimage\"},\"image\":{\"@id\":\"http:\/\/maismagazine.pt\/index.php\/2022\/09\/16\/santa-maria-da-feira-aposta-na-mobilidade-sustentavel-por-um-municipio-mais-verde-e-saudavel-e-inclusivo\/#primaryimage\"},\"thumbnailUrl\":\"http:\/\/maismagazine.pt\/wp-content\/uploads\/2022\/09\/MUPI-Semana-Europeia-Mobilidade_120x175cm-scaled.jpg\",\"datePublished\":\"2022-09-16T06:00:00+00:00\",\"description\":\"Subordinada ao tema \u201cMelhores Liga\u00e7\u00f5es\u201d, a Semana Europeia da Mobilidade no Munic\u00edpio de Santa Maria da Feira ser\u00e1, uma vez mais, repleta de atividades, a\u00e7\u00f5es de forma\u00e7\u00e3o e de consciencializa\u00e7\u00e3o dirigidas a todos os mun\u00edcipes, mas n\u00e3o s\u00f3. Em\u00eddio Sousa, Presidente do Munic\u00edpio, esteve \u00e0 conversa com a Mais Magazine para dar a conhecer um pouco melhor esta e outras iniciativas, desenvolvidas pela autarquia, na busca por um territ\u00f3rio mais sustent\u00e1vel, verde e amigo do ambiente.\",\"breadcrumb\":{\"@id\":\"http:\/\/maismagazine.pt\/index.php\/2022\/09\/16\/santa-maria-da-feira-aposta-na-mobilidade-sustentavel-por-um-municipio-mais-verde-e-saudavel-e-inclusivo\/#breadcrumb\"},\"inLanguage\":\"pt-PT\",\"potentialAction\":[{\"@type\":\"ReadAction\",\"target\":[\"http:\/\/maismagazine.pt\/index.php\/2022\/09\/16\/santa-maria-da-feira-aposta-na-mobilidade-sustentavel-por-um-municipio-mais-verde-e-saudavel-e-inclusivo\/\"]}]},{\"@type\":\"ImageObject\",\"inLanguage\":\"pt-PT\",\"@id\":\"http:\/\/maismagazine.pt\/index.php\/2022\/09\/16\/santa-maria-da-feira-aposta-na-mobilidade-sustentavel-por-um-municipio-mais-verde-e-saudavel-e-inclusivo\/#primaryimage\",\"url\":\"http:\/\/maismagazine.pt\/wp-content\/uploads\/2022\/09\/MUPI-Semana-Europeia-Mobilidade_120x175cm-scaled.jpg\",\"contentUrl\":\"http:\/\/maismagazine.pt\/wp-content\/uploads\/2022\/09\/MUPI-Semana-Europeia-Mobilidade_120x175cm-scaled.jpg\",\"width\":1760,\"height\":2560},{\"@type\":\"BreadcrumbList\",\"@id\":\"http:\/\/maismagazine.pt\/index.php\/2022\/09\/16\/santa-maria-da-feira-aposta-na-mobilidade-sustentavel-por-um-municipio-mais-verde-e-saudavel-e-inclusivo\/#breadcrumb\",\"itemListElement\":[{\"@type\":\"ListItem\",\"position\":1,\"name\":\"Home\",\"item\":\"http:\/\/maismagazine.pt\/\"},{\"@type\":\"ListItem\",\"position\":2,\"name\":\"Santa Maria da Feira aposta na mobilidade sustent\u00e1vel por um munic\u00edpio mais verde e saud\u00e1vel e inclusivo\"}]},{\"@type\":\"WebSite\",\"@id\":\"http:\/\/maismagazine.pt\/#website\",\"url\":\"http:\/\/maismagazine.pt\/\",\"name\":\"Mais Magazine\",\"description\":\"\",\"publisher\":{\"@id\":\"http:\/\/maismagazine.pt\/#organization\"},\"potentialAction\":[{\"@type\":\"SearchAction\",\"target\":{\"@type\":\"EntryPoint\",\"urlTemplate\":\"http:\/\/maismagazine.pt\/?s={search_term_string}\"},\"query-input\":{\"@type\":\"PropertyValueSpecification\",\"valueRequired\":true,\"valueName\":\"search_term_string\"}}],\"inLanguage\":\"pt-PT\"},{\"@type\":\"Organization\",\"@id\":\"http:\/\/maismagazine.pt\/#organization\",\"name\":\"Mais Magazine\",\"url\":\"http:\/\/maismagazine.pt\/\",\"logo\":{\"@type\":\"ImageObject\",\"inLanguage\":\"pt-PT\",\"@id\":\"http:\/\/maismagazine.pt\/#\/schema\/logo\/image\/\",\"url\":\"http:\/\/maismagazine.pt\/wp-content\/uploads\/2020\/04\/cropped-cropped-mais-magazine-site-logo-2.png\",\"contentUrl\":\"http:\/\/maismagazine.pt\/wp-content\/uploads\/2020\/04\/cropped-cropped-mais-magazine-site-logo-2.png\",\"width\":581,\"height\":90,\"caption\":\"Mais Magazine\"},\"image\":{\"@id\":\"http:\/\/maismagazine.pt\/#\/schema\/logo\/image\/\"}},{\"@type\":\"Person\",\"@id\":\"http:\/\/maismagazine.pt\/#\/schema\/person\/999bd426f894ff56d397ec12ebd21ebb\",\"name\":\"Jo\u00e3o Malainho\",\"image\":{\"@type\":\"ImageObject\",\"inLanguage\":\"pt-PT\",\"@id\":\"http:\/\/maismagazine.pt\/#\/schema\/person\/image\/\",\"url\":\"https:\/\/secure.gravatar.com\/avatar\/ff03c2f38edf60b2a827aa4f74878491?s=96&d=mm&r=g\",\"contentUrl\":\"https:\/\/secure.gravatar.com\/avatar\/ff03c2f38edf60b2a827aa4f74878491?s=96&d=mm&r=g\",\"caption\":\"Jo\u00e3o Malainho\"},\"url\":\"http:\/\/maismagazine.pt\/index.php\/author\/maismagazine\/\"}]}<\/script>\n<!-- \/ Yoast SEO plugin. -->","yoast_head_json":{"title":"Santa Maria da Feira aposta na mobilidade sustent\u00e1vel por um munic\u00edpio mais verde e saud\u00e1vel e inclusivo - Mais Magazine","description":"Subordinada ao tema \u201cMelhores Liga\u00e7\u00f5es\u201d, a Semana Europeia da Mobilidade no Munic\u00edpio de Santa Maria da Feira ser\u00e1, uma vez mais, repleta de atividades, a\u00e7\u00f5es de forma\u00e7\u00e3o e de consciencializa\u00e7\u00e3o dirigidas a todos os mun\u00edcipes, mas n\u00e3o s\u00f3. Em\u00eddio Sousa, Presidente do Munic\u00edpio, esteve \u00e0 conversa com a Mais Magazine para dar a conhecer um pouco melhor esta e outras iniciativas, desenvolvidas pela autarquia, na busca por um territ\u00f3rio mais sustent\u00e1vel, verde e amigo do ambiente.","robots":{"index":"index","follow":"follow","max-snippet":"max-snippet:-1","max-image-preview":"max-image-preview:large","max-video-preview":"max-video-preview:-1"},"canonical":"http:\/\/maismagazine.pt\/index.php\/2022\/09\/16\/santa-maria-da-feira-aposta-na-mobilidade-sustentavel-por-um-municipio-mais-verde-e-saudavel-e-inclusivo\/","og_locale":"pt_PT","og_type":"article","og_title":"Santa Maria da Feira aposta na mobilidade sustent\u00e1vel por um munic\u00edpio mais verde e saud\u00e1vel e inclusivo - Mais Magazine","og_description":"Subordinada ao tema \u201cMelhores Liga\u00e7\u00f5es\u201d, a Semana Europeia da Mobilidade no Munic\u00edpio de Santa Maria da Feira ser\u00e1, uma vez mais, repleta de atividades, a\u00e7\u00f5es de forma\u00e7\u00e3o e de consciencializa\u00e7\u00e3o dirigidas a todos os mun\u00edcipes, mas n\u00e3o s\u00f3. Em\u00eddio Sousa, Presidente do Munic\u00edpio, esteve \u00e0 conversa com a Mais Magazine para dar a conhecer um pouco melhor esta e outras iniciativas, desenvolvidas pela autarquia, na busca por um territ\u00f3rio mais sustent\u00e1vel, verde e amigo do ambiente.","og_url":"http:\/\/maismagazine.pt\/index.php\/2022\/09\/16\/santa-maria-da-feira-aposta-na-mobilidade-sustentavel-por-um-municipio-mais-verde-e-saudavel-e-inclusivo\/","og_site_name":"Mais Magazine","article_published_time":"2022-09-16T06:00:00+00:00","og_image":[{"width":1760,"height":2560,"url":"http:\/\/maismagazine.pt\/wp-content\/uploads\/2022\/09\/MUPI-Semana-Europeia-Mobilidade_120x175cm-scaled.jpg","type":"image\/jpeg"}],"author":"Jo\u00e3o Malainho","twitter_card":"summary_large_image","twitter_misc":{"Escrito por":false,"Tempo estimado de leitura":"3 minutos"},"schema":{"@context":"https:\/\/schema.org","@graph":[{"@type":"Article","@id":"http:\/\/maismagazine.pt\/index.php\/2022\/09\/16\/santa-maria-da-feira-aposta-na-mobilidade-sustentavel-por-um-municipio-mais-verde-e-saudavel-e-inclusivo\/#article","isPartOf":{"@id":"http:\/\/maismagazine.pt\/index.php\/2022\/09\/16\/santa-maria-da-feira-aposta-na-mobilidade-sustentavel-por-um-municipio-mais-verde-e-saudavel-e-inclusivo\/"},"author":{"name":"Jo\u00e3o Malainho","@id":"http:\/\/maismagazine.pt\/#\/schema\/person\/999bd426f894ff56d397ec12ebd21ebb"},"headline":"Santa Maria da Feira aposta na mobilidade sustent\u00e1vel por um munic\u00edpio mais verde e saud\u00e1vel e inclusivo","datePublished":"2022-09-16T06:00:00+00:00","mainEntityOfPage":{"@id":"http:\/\/maismagazine.pt\/index.php\/2022\/09\/16\/santa-maria-da-feira-aposta-na-mobilidade-sustentavel-por-um-municipio-mais-verde-e-saudavel-e-inclusivo\/"},"wordCount":717,"publisher":{"@id":"http:\/\/maismagazine.pt\/#organization"},"image":{"@id":"http:\/\/maismagazine.pt\/index.php\/2022\/09\/16\/santa-maria-da-feira-aposta-na-mobilidade-sustentavel-por-um-municipio-mais-verde-e-saudavel-e-inclusivo\/#primaryimage"},"thumbnailUrl":"http:\/\/maismagazine.pt\/wp-content\/uploads\/2022\/09\/MUPI-Semana-Europeia-Mobilidade_120x175cm-scaled.jpg","keywords":["mobilidade ativa","mobilidade el\u00e9trica","Santa Maria da Feira","Sustentabilidade"],"articleSection":["Ambiente e Sustentabilidade","LifeStyle","Tecnologia e Inova\u00e7\u00e3o"],"inLanguage":"pt-PT"},{"@type":"WebPage","@id":"http:\/\/maismagazine.pt\/index.php\/2022\/09\/16\/santa-maria-da-feira-aposta-na-mobilidade-sustentavel-por-um-municipio-mais-verde-e-saudavel-e-inclusivo\/","url":"http:\/\/maismagazine.pt\/index.php\/2022\/09\/16\/santa-maria-da-feira-aposta-na-mobilidade-sustentavel-por-um-municipio-mais-verde-e-saudavel-e-inclusivo\/","name":"Santa Maria da Feira aposta na mobilidade sustent\u00e1vel por um munic\u00edpio mais verde e saud\u00e1vel e inclusivo - Mais Magazine","isPartOf":{"@id":"http:\/\/maismagazine.pt\/#website"},"primaryImageOfPage":{"@id":"http:\/\/maismagazine.pt\/index.php\/2022\/09\/16\/santa-maria-da-feira-aposta-na-mobilidade-sustentavel-por-um-municipio-mais-verde-e-saudavel-e-inclusivo\/#primaryimage"},"image":{"@id":"http:\/\/maismagazine.pt\/index.php\/2022\/09\/16\/santa-maria-da-feira-aposta-na-mobilidade-sustentavel-por-um-municipio-mais-verde-e-saudavel-e-inclusivo\/#primaryimage"},"thumbnailUrl":"http:\/\/maismagazine.pt\/wp-content\/uploads\/2022\/09\/MUPI-Semana-Europeia-Mobilidade_120x175cm-scaled.jpg","datePublished":"2022-09-16T06:00:00+00:00","description":"Subordinada ao tema \u201cMelhores Liga\u00e7\u00f5es\u201d, a Semana Europeia da Mobilidade no Munic\u00edpio de Santa Maria da Feira ser\u00e1, uma vez mais, repleta de atividades, a\u00e7\u00f5es de forma\u00e7\u00e3o e de consciencializa\u00e7\u00e3o dirigidas a todos os mun\u00edcipes, mas n\u00e3o s\u00f3. Em\u00eddio Sousa, Presidente do Munic\u00edpio, esteve \u00e0 conversa com a Mais Magazine para dar a conhecer um pouco melhor esta e outras iniciativas, desenvolvidas pela autarquia, na busca por um territ\u00f3rio mais sustent\u00e1vel, verde e amigo do ambiente.","breadcrumb":{"@id":"http:\/\/maismagazine.pt\/index.php\/2022\/09\/16\/santa-maria-da-feira-aposta-na-mobilidade-sustentavel-por-um-municipio-mais-verde-e-saudavel-e-inclusivo\/#breadcrumb"},"inLanguage":"pt-PT","potentialAction":[{"@type":"ReadAction","target":["http:\/\/maismagazine.pt\/index.php\/2022\/09\/16\/santa-maria-da-feira-aposta-na-mobilidade-sustentavel-por-um-municipio-mais-verde-e-saudavel-e-inclusivo\/"]}]},{"@type":"ImageObject","inLanguage":"pt-PT","@id":"http:\/\/maismagazine.pt\/index.php\/2022\/09\/16\/santa-maria-da-feira-aposta-na-mobilidade-sustentavel-por-um-municipio-mais-verde-e-saudavel-e-inclusivo\/#primaryimage","url":"http:\/\/maismagazine.pt\/wp-content\/uploads\/2022\/09\/MUPI-Semana-Europeia-Mobilidade_120x175cm-scaled.jpg","contentUrl":"http:\/\/maismagazine.pt\/wp-content\/uploads\/2022\/09\/MUPI-Semana-Europeia-Mobilidade_120x175cm-scaled.jpg","width":1760,"height":2560},{"@type":"BreadcrumbList","@id":"http:\/\/maismagazine.pt\/index.php\/2022\/09\/16\/santa-maria-da-feira-aposta-na-mobilidade-sustentavel-por-um-municipio-mais-verde-e-saudavel-e-inclusivo\/#breadcrumb","itemListElement":[{"@type":"ListItem","position":1,"name":"Home","item":"http:\/\/maismagazine.pt\/"},{"@type":"ListItem","position":2,"name":"Santa Maria da Feira aposta na mobilidade sustent\u00e1vel por um munic\u00edpio mais verde e saud\u00e1vel e inclusivo"}]},{"@type":"WebSite","@id":"http:\/\/maismagazine.pt\/#website","url":"http:\/\/maismagazine.pt\/","name":"Mais Magazine","description":"","publisher":{"@id":"http:\/\/maismagazine.pt\/#organization"},"potentialAction":[{"@type":"SearchAction","target":{"@type":"EntryPoint","urlTemplate":"http:\/\/maismagazine.pt\/?s={search_term_string}"},"query-input":{"@type":"PropertyValueSpecification","valueRequired":true,"valueName":"search_term_string"}}],"inLanguage":"pt-PT"},{"@type":"Organization","@id":"http:\/\/maismagazine.pt\/#organization","name":"Mais Magazine","url":"http:\/\/maismagazine.pt\/","logo":{"@type":"ImageObject","inLanguage":"pt-PT","@id":"http:\/\/maismagazine.pt\/#\/schema\/logo\/image\/","url":"http:\/\/maismagazine.pt\/wp-content\/uploads\/2020\/04\/cropped-cropped-mais-magazine-site-logo-2.png","contentUrl":"http:\/\/maismagazine.pt\/wp-content\/uploads\/2020\/04\/cropped-cropped-mais-magazine-site-logo-2.png","width":581,"height":90,"caption":"Mais Magazine"},"image":{"@id":"http:\/\/maismagazine.pt\/#\/schema\/logo\/image\/"}},{"@type":"Person","@id":"http:\/\/maismagazine.pt\/#\/schema\/person\/999bd426f894ff56d397ec12ebd21ebb","name":"Jo\u00e3o Malainho","image":{"@type":"ImageObject","inLanguage":"pt-PT","@id":"http:\/\/maismagazine.pt\/#\/schema\/person\/image\/","url":"https:\/\/secure.gravatar.com\/avatar\/ff03c2f38edf60b2a827aa4f74878491?s=96&d=mm&r=g","contentUrl":"https:\/\/secure.gravatar.com\/avatar\/ff03c2f38edf60b2a827aa4f74878491?s=96&d=mm&r=g","caption":"Jo\u00e3o Malainho"},"url":"http:\/\/maismagazine.pt\/index.php\/author\/maismagazine\/"}]}},"author_meta":{"display_name":false,"author_link":"http:\/\/maismagazine.pt\/index.php\/author\/maismagazine\/"},"featured_img":"http:\/\/maismagazine.pt\/wp-content\/uploads\/2022\/09\/MUPI-Semana-Europeia-Mobilidade_120x175cm-206x300.jpg","coauthors":[],"tax_additional":{"categories":{"linked":["<a href=\"http:\/\/maismagazine.pt\/index.php\/category\/empreendedorismo\/ambiente-e-sustentabilidade\/\" class=\"advgb-post-tax-term\">Ambiente e Sustentabilidade<\/a>","<a href=\"http:\/\/maismagazine.pt\/index.php\/category\/lifestyle\/\" class=\"advgb-post-tax-term\">LifeStyle<\/a>","<a href=\"http:\/\/maismagazine.pt\/index.php\/category\/empreendedorismo\/tecnologia-e-inovacao\/\" class=\"advgb-post-tax-term\">Tecnologia e Inova\u00e7\u00e3o<\/a>"],"unlinked":["<span class=\"advgb-post-tax-term\">Ambiente e Sustentabilidade<\/span>","<span class=\"advgb-post-tax-term\">LifeStyle<\/span>","<span class=\"advgb-post-tax-term\">Tecnologia e Inova\u00e7\u00e3o<\/span>"]},"tags":{"linked":["<a href=\"http:\/\/maismagazine.pt\/index.php\/category\/empreendedorismo\/tecnologia-e-inovacao\/\" class=\"advgb-post-tax-term\">mobilidade ativa<\/a>","<a href=\"http:\/\/maismagazine.pt\/index.php\/category\/empreendedorismo\/tecnologia-e-inovacao\/\" class=\"advgb-post-tax-term\">mobilidade el\u00e9trica<\/a>","<a href=\"http:\/\/maismagazine.pt\/index.php\/category\/empreendedorismo\/tecnologia-e-inovacao\/\" class=\"advgb-post-tax-term\">Santa Maria da Feira<\/a>","<a href=\"http:\/\/maismagazine.pt\/index.php\/category\/empreendedorismo\/tecnologia-e-inovacao\/\" class=\"advgb-post-tax-term\">Sustentabilidade<\/a>"],"unlinked":["<span class=\"advgb-post-tax-term\">mobilidade ativa<\/span>","<span class=\"advgb-post-tax-term\">mobilidade el\u00e9trica<\/span>","<span class=\"advgb-post-tax-term\">Santa Maria da Feira<\/span>","<span class=\"advgb-post-tax-term\">Sustentabilidade<\/span>"]}},"comment_count":"0","relative_dates":{"created":"Posted 4 anos ago","modified":"Updated 4 anos ago"},"absolute_dates":{"created":"Posted on 16 de Setembro, 2022","modified":"Updated on 8 de Setembro, 2022"},"absolute_dates_time":{"created":"Posted on 16 de Setembro, 2022 7:00","modified":"Updated on 8 de Setembro, 2022 11:53"},"featured_img_caption":"","series_order":"","_links":{"self":[{"href":"http:\/\/maismagazine.pt\/index.php\/wp-json\/wp\/v2\/posts\/4462","targetHints":{"allow":["GET"]}}],"collection":[{"href":"http:\/\/maismagazine.pt\/index.php\/wp-json\/wp\/v2\/posts"}],"about":[{"href":"http:\/\/maismagazine.pt\/index.php\/wp-json\/wp\/v2\/types\/post"}],"author":[{"embeddable":true,"href":"http:\/\/maismagazine.pt\/index.php\/wp-json\/wp\/v2\/users\/7"}],"replies":[{"embeddable":true,"href":"http:\/\/maismagazine.pt\/index.php\/wp-json\/wp\/v2\/comments?post=4462"}],"version-history":[{"count":2,"href":"http:\/\/maismagazine.pt\/index.php\/wp-json\/wp\/v2\/posts\/4462\/revisions"}],"predecessor-version":[{"id":4498,"href":"http:\/\/maismagazine.pt\/index.php\/wp-json\/wp\/v2\/posts\/4462\/revisions\/4498"}],"wp:featuredmedia":[{"embeddable":true,"href":"http:\/\/maismagazine.pt\/index.php\/wp-json\/wp\/v2\/media\/4464"}],"wp:attachment":[{"href":"http:\/\/maismagazine.pt\/index.php\/wp-json\/wp\/v2\/media?parent=4462"}],"wp:term":[{"taxonomy":"category","embeddable":true,"href":"http:\/\/maismagazine.pt\/index.php\/wp-json\/wp\/v2\/categories?post=4462"},{"taxonomy":"post_tag","embeddable":true,"href":"http:\/\/maismagazine.pt\/index.php\/wp-json\/wp\/v2\/tags?post=4462"}],"curies":[{"name":"wp","href":"https:\/\/api.w.org\/{rel}","templated":true}]}}