{"id":4337,"date":"2022-09-16T07:00:00","date_gmt":"2022-09-16T06:00:00","guid":{"rendered":"http:\/\/maismagazine.pt\/?p=4337"},"modified":"2022-09-08T12:08:21","modified_gmt":"2022-09-08T11:08:21","slug":"o-carater-artesanal-das-joias-de-paula-vieira-jewellery","status":"publish","type":"post","link":"http:\/\/maismagazine.pt\/index.php\/2022\/09\/16\/o-carater-artesanal-das-joias-de-paula-vieira-jewellery\/","title":{"rendered":"O car\u00e1ter artesanal das joias de Paula Vieira Jewellery"},"content":{"rendered":"\n<p><strong>Usa a \u201cbeleza bruta da natureza\u201d como inspira\u00e7\u00e3o, onde em cole\u00e7\u00f5es limitadas e trabalhadas individualmente junta o conhecimento t\u00e9cnico e o amor pelo artesanal. Ap\u00f3s o lan\u00e7amento da cole\u00e7\u00e3o Flora na primavera, h\u00e1 agora a promessa de novidades para a \u00e9poca natal\u00edcia.<\/strong><br><br>O deslumbre e paix\u00e3o pelo mundo da joalharia tocaram \u00e0 porta de <a href=\"https:\/\/www.paulavieirajewellery.com\/\">Paula Vieira<\/a> \u2013 Designer de Joias &#8211; h\u00e1 30 anos. Com um sonho em vista, concluiu a sua forma\u00e7\u00e3o t\u00e9cnica profissional e logo depois, para ganhar experi\u00eancia, \u201ccome\u00e7ou por desenhar joias para diversas empresas do setor\u201d. Da\u00ed, foi um saltinho at\u00e9 criar o atelier, emprestando assim o seu nome \u00e0 marca. A cidade escolhida para o ver nascer e crescer no desenho e na produ\u00e7\u00e3o de joias foi o Porto, decorria o ano de 1998, mas no in\u00edcio do novo s\u00e9culo a artista rumou de malas e bagagens para a capital do pa\u00eds, onde at\u00e9 hoje se encontra. Durante os primeiros anos de experi\u00eancia no mercado, em prol de definir o cunho da joalharia, a artista passou \u201cpor um per\u00edodo de experimenta\u00e7\u00e3o de materiais e t\u00e9cnicas\u201d sendo que, atualmente, todos os produtos da sua autoria \u201ct\u00eam um car\u00e1cter artesanal e s\u00e3o feitos em prata, ouro, tit\u00e2nio e pedras preciosas, num processo criativo que justap\u00f5e a simplicidade das formas e a complexidade de texturas\u201d. Este m\u00e9todo, \u201cdin\u00e2mico e diversificado\u201d, possibilita-lhe escrever uma \u201chist\u00f3ria visual todos os dias\u201d, que reflita momentos vividos. Para al\u00e9m destas carater\u00edsticas, a designer assume que a durabilidade e qualidade dos produtos, mas tamb\u00e9m o apoio p\u00f3s-venda, s\u00e3o fatores muito valorizados e distintivos da marca.<\/p>\n\n\n\n<div class=\"wp-block-group\"><div class=\"wp-block-group__inner-container is-layout-flow wp-block-group-is-layout-flow\">\n<figure class=\"wp-block-gallery columns-2 is-cropped wp-block-gallery-1\"><ul class=\"blocks-gallery-grid\"><li class=\"blocks-gallery-item\"><figure><img loading=\"lazy\" decoding=\"async\" width=\"819\" height=\"1024\" src=\"http:\/\/maismagazine.pt\/wp-content\/uploads\/2022\/09\/Colar-Wabi-819x1024.jpg\" alt=\"\" data-id=\"4339\" data-full-url=\"http:\/\/maismagazine.pt\/wp-content\/uploads\/2022\/09\/Colar-Wabi-scaled.jpg\" data-link=\"http:\/\/maismagazine.pt\/?attachment_id=4339\" class=\"wp-image-4339\" srcset=\"http:\/\/maismagazine.pt\/wp-content\/uploads\/2022\/09\/Colar-Wabi-819x1024.jpg 819w, http:\/\/maismagazine.pt\/wp-content\/uploads\/2022\/09\/Colar-Wabi-240x300.jpg 240w, http:\/\/maismagazine.pt\/wp-content\/uploads\/2022\/09\/Colar-Wabi-768x960.jpg 768w, http:\/\/maismagazine.pt\/wp-content\/uploads\/2022\/09\/Colar-Wabi-1229x1536.jpg 1229w, http:\/\/maismagazine.pt\/wp-content\/uploads\/2022\/09\/Colar-Wabi-1638x2048.jpg 1638w, http:\/\/maismagazine.pt\/wp-content\/uploads\/2022\/09\/Colar-Wabi-scaled.jpg 2048w\" sizes=\"auto, (max-width: 819px) 100vw, 819px\" \/><\/figure><\/li><li class=\"blocks-gallery-item\"><figure><img decoding=\"async\" src=\"http:\/\/maismagazine.pt\/wp-content\/uploads\/2022\/09\/Pulseira-Flora-683x1024.jpg\" alt=\"\" data-id=\"4340\" data-full-url=\"http:\/\/maismagazine.pt\/wp-content\/uploads\/2022\/09\/Pulseira-Flora.jpg\" data-link=\"http:\/\/maismagazine.pt\/?attachment_id=4340\" class=\"wp-image-4340 is-layout-flex wp-block-gallery-is-layout-flex\" \/><\/figure><\/li><\/ul><\/figure>\n<\/div><\/div>\n\n\n\n<div class=\"wp-block-group\"><div class=\"wp-block-group__inner-container is-layout-flow wp-block-group-is-layout-flow\"><\/div><\/div>\n\n\n\n<p>As cole\u00e7\u00f5es que concebe \u201cn\u00e3o est\u00e3o fechadas\u201d, sendo \u201ccomo livros que se v\u00e3o escrevendo na leveza dos dias\u201d. Dentro da vasta gama, os artigos mais procurados s\u00e3o os colares, an\u00e9is e brincos. \u00c0 Mais Magazine, a exploradora desta arte revela que todas \u201cas pe\u00e7as s\u00e3o trabalhadas individualmente, de forma a conferir-lhes uma identidade pr\u00f3pria, oferecendo ao usu\u00e1rio uma experi\u00eancia \u00fanica, procurando fazer um balanceamento entre o art\u00edstico e o comercial\u201d. Todo este abra\u00e7o ao processo criativo faz-se com \u201cenvolvimento do cliente, desde o desenho \u00e0 cria\u00e7\u00e3o do prot\u00f3tipo\u201d. Depois de ter lan\u00e7ado a cole\u00e7\u00e3o Flora na altura da primavera, a joalheira revela que no pr\u00f3ximo Natal aparecer\u00e3o novas \u201cpe\u00e7as que ir\u00e3o integrar e complementar as cole\u00e7\u00f5es j\u00e1 existentes\u201d. At\u00e9 l\u00e1, \u201ch\u00e1 sempre novas ideias a tomar forma\u201d.<br><\/p>\n\n\n\n<p>Paula Vieira confessa que o utilizador que \u201cusa e abusa\u201d das suas \u201cobras\u201d \u00e9 fiel, dividindo-se em tr\u00eas categorias fundamentais. Na primeira, encontra-se aquele que \u201cprocura mimar-se com uma pe\u00e7a acess\u00edvel para o dia a dia, mas que ao mesmo tempo o fa\u00e7a sentir-se especial\u201d; na segunda est\u00e1 o que busca as \u201cpe\u00e7as artesanais, valorizando a hist\u00f3ria por detr\u00e1s da mesma, o tempo e o cuidado na sua execu\u00e7\u00e3o; na terceira e \u00faltima situa-se o p\u00fablico masculino, \u201cque tem vindo a crescer, e que pretende adquirir uma pe\u00e7a \u00fanica para oferecer\u201d. Este portef\u00f3lio de consumidores tem possibilitado arrojo e liberdade criativa.<br><br><strong>A aluna que se tornou mestre<\/strong><br><br>O gosto em despertar a paix\u00e3o pela criatividade levou a designer a dedicar-se ao ensino de joalharia. F\u00e1-lo desde 1996 e atualmente d\u00e1 forma\u00e7\u00e3o t\u00e9cnica no seu atelier e te\u00f3rica no Centro de Joalharia de Lisboa. Aos alunos, exige-lhes que trabalhem \u201cao m\u00e1ximo a criatividade, as no\u00e7\u00f5es de forma, ergonomia, escala e peso, para al\u00e9m de desenvolverem a qualidade t\u00e9cnica com os metais preciosos. A tamb\u00e9m professora considera que este caminho de experimenta\u00e7\u00e3o ajuda-os a criar \u201cuma linguagem pr\u00f3pria e a perceberem o seu potencial no campo da joalharia\u201d.<br><br>Ap\u00f3s explorarmos a hist\u00f3ria deste neg\u00f3cio, ainda houve tempo para falar do futuro. Paula Vieira assume que pretende \u201ccontinuar o processo criativo\u201d para chegar \u201cmelhor \u00e0 sinergia entre forma, estrutura, material e t\u00e9cnica, al\u00e9m de aumentar os pontos de venda e a representa\u00e7\u00e3o da marca no digital\u201d.<br><br><\/p>\n","protected":false},"excerpt":{"rendered":"<p>Usa a \u201cbeleza bruta da natureza\u201d como inspira\u00e7\u00e3o, onde em cole\u00e7\u00f5es limitadas e trabalhadas individualmente junta o conhecimento t\u00e9cnico e o amor pelo artesanal. Ap\u00f3s o lan\u00e7amento da cole\u00e7\u00e3o Flora na primavera, h\u00e1 agora a promessa de novidades para a \u00e9poca natal\u00edcia. O deslumbre e paix\u00e3o pelo mundo da joalharia&hellip;<\/p>\n","protected":false},"author":7,"featured_media":4342,"comment_status":"closed","ping_status":"open","sticky":false,"template":"","format":"standard","meta":{"advgb_blocks_editor_width":"","advgb_blocks_columns_visual_guide":"","_monsterinsights_skip_tracking":false,"_monsterinsights_sitenote_active":false,"_monsterinsights_sitenote_note":"","_monsterinsights_sitenote_category":0,"footnotes":""},"categories":[991],"tags":[102,1005,997,1004,1002],"class_list":["post-4337","post","type-post","status-publish","format-standard","has-post-thumbnail","hentry","category-portojoia","tag-inovacao","tag-intemporalidade","tag-joias","tag-paula-vieira","tag-portojoia"],"yoast_head":"<!-- This site is optimized with the Yoast SEO plugin v24.4 - https:\/\/yoast.com\/wordpress\/plugins\/seo\/ -->\n<title>O car\u00e1ter artesanal das joias de Paula Vieira Jewellery - Mais Magazine<\/title>\n<meta name=\"description\" content=\"Usa a \u201cbeleza bruta da natureza\u201d como inspira\u00e7\u00e3o, onde em cole\u00e7\u00f5es limitadas e trabalhadas individualmente junta o conhecimento t\u00e9cnico e o amor pelo artesanal. Ap\u00f3s o lan\u00e7amento da cole\u00e7\u00e3o Flora na primavera, h\u00e1 agora a promessa de novidades para a \u00e9poca natal\u00edcia.\" \/>\n<meta name=\"robots\" content=\"index, follow, max-snippet:-1, max-image-preview:large, max-video-preview:-1\" \/>\n<link rel=\"canonical\" href=\"http:\/\/maismagazine.pt\/index.php\/2022\/09\/16\/o-carater-artesanal-das-joias-de-paula-vieira-jewellery\/\" \/>\n<meta property=\"og:locale\" content=\"pt_PT\" \/>\n<meta property=\"og:type\" content=\"article\" \/>\n<meta property=\"og:title\" content=\"O car\u00e1ter artesanal das joias de Paula Vieira Jewellery - Mais Magazine\" \/>\n<meta property=\"og:description\" content=\"Usa a \u201cbeleza bruta da natureza\u201d como inspira\u00e7\u00e3o, onde em cole\u00e7\u00f5es limitadas e trabalhadas individualmente junta o conhecimento t\u00e9cnico e o amor pelo artesanal. Ap\u00f3s o lan\u00e7amento da cole\u00e7\u00e3o Flora na primavera, h\u00e1 agora a promessa de novidades para a \u00e9poca natal\u00edcia.\" \/>\n<meta property=\"og:url\" content=\"http:\/\/maismagazine.pt\/index.php\/2022\/09\/16\/o-carater-artesanal-das-joias-de-paula-vieira-jewellery\/\" \/>\n<meta property=\"og:site_name\" content=\"Mais Magazine\" \/>\n<meta property=\"article:published_time\" content=\"2022-09-16T06:00:00+00:00\" \/>\n<meta property=\"og:image\" content=\"http:\/\/maismagazine.pt\/wp-content\/uploads\/2022\/09\/Paula-Vieira-scaled-e1662635279978.jpg\" \/>\n\t<meta property=\"og:image:width\" content=\"1721\" \/>\n\t<meta property=\"og:image:height\" content=\"1504\" \/>\n\t<meta property=\"og:image:type\" content=\"image\/jpeg\" \/>\n<meta name=\"author\" content=\"Jo\u00e3o Malainho\" \/>\n<meta name=\"twitter:card\" content=\"summary_large_image\" \/>\n<meta name=\"twitter:label1\" content=\"Escrito por\" \/>\n\t<meta name=\"twitter:data1\" content=\"\" \/>\n\t<meta name=\"twitter:label2\" content=\"Tempo estimado de leitura\" \/>\n\t<meta name=\"twitter:data2\" content=\"4 minutos\" \/>\n<script type=\"application\/ld+json\" class=\"yoast-schema-graph\">{\"@context\":\"https:\/\/schema.org\",\"@graph\":[{\"@type\":\"Article\",\"@id\":\"http:\/\/maismagazine.pt\/index.php\/2022\/09\/16\/o-carater-artesanal-das-joias-de-paula-vieira-jewellery\/#article\",\"isPartOf\":{\"@id\":\"http:\/\/maismagazine.pt\/index.php\/2022\/09\/16\/o-carater-artesanal-das-joias-de-paula-vieira-jewellery\/\"},\"author\":{\"name\":\"Jo\u00e3o Malainho\",\"@id\":\"https:\/\/maismagazine.pt\/#\/schema\/person\/999bd426f894ff56d397ec12ebd21ebb\"},\"headline\":\"O car\u00e1ter artesanal das joias de Paula Vieira Jewellery\",\"datePublished\":\"2022-09-16T06:00:00+00:00\",\"mainEntityOfPage\":{\"@id\":\"http:\/\/maismagazine.pt\/index.php\/2022\/09\/16\/o-carater-artesanal-das-joias-de-paula-vieira-jewellery\/\"},\"wordCount\":715,\"publisher\":{\"@id\":\"https:\/\/maismagazine.pt\/#organization\"},\"image\":{\"@id\":\"http:\/\/maismagazine.pt\/index.php\/2022\/09\/16\/o-carater-artesanal-das-joias-de-paula-vieira-jewellery\/#primaryimage\"},\"thumbnailUrl\":\"http:\/\/maismagazine.pt\/wp-content\/uploads\/2022\/09\/Paula-Vieira-scaled-e1662635279978.jpg\",\"keywords\":[\"inova\u00e7\u00e3o\",\"intemporalidade\",\"joias\",\"Paula Vieira\",\"Portoj\u00f3ia\"],\"articleSection\":[\"Portojoia\"],\"inLanguage\":\"pt-PT\"},{\"@type\":\"WebPage\",\"@id\":\"http:\/\/maismagazine.pt\/index.php\/2022\/09\/16\/o-carater-artesanal-das-joias-de-paula-vieira-jewellery\/\",\"url\":\"http:\/\/maismagazine.pt\/index.php\/2022\/09\/16\/o-carater-artesanal-das-joias-de-paula-vieira-jewellery\/\",\"name\":\"O car\u00e1ter artesanal das joias de Paula Vieira Jewellery - Mais Magazine\",\"isPartOf\":{\"@id\":\"https:\/\/maismagazine.pt\/#website\"},\"primaryImageOfPage\":{\"@id\":\"http:\/\/maismagazine.pt\/index.php\/2022\/09\/16\/o-carater-artesanal-das-joias-de-paula-vieira-jewellery\/#primaryimage\"},\"image\":{\"@id\":\"http:\/\/maismagazine.pt\/index.php\/2022\/09\/16\/o-carater-artesanal-das-joias-de-paula-vieira-jewellery\/#primaryimage\"},\"thumbnailUrl\":\"http:\/\/maismagazine.pt\/wp-content\/uploads\/2022\/09\/Paula-Vieira-scaled-e1662635279978.jpg\",\"datePublished\":\"2022-09-16T06:00:00+00:00\",\"description\":\"Usa a \u201cbeleza bruta da natureza\u201d como inspira\u00e7\u00e3o, onde em cole\u00e7\u00f5es limitadas e trabalhadas individualmente junta o conhecimento t\u00e9cnico e o amor pelo artesanal. Ap\u00f3s o lan\u00e7amento da cole\u00e7\u00e3o Flora na primavera, h\u00e1 agora a promessa de novidades para a \u00e9poca natal\u00edcia.\",\"breadcrumb\":{\"@id\":\"http:\/\/maismagazine.pt\/index.php\/2022\/09\/16\/o-carater-artesanal-das-joias-de-paula-vieira-jewellery\/#breadcrumb\"},\"inLanguage\":\"pt-PT\",\"potentialAction\":[{\"@type\":\"ReadAction\",\"target\":[\"http:\/\/maismagazine.pt\/index.php\/2022\/09\/16\/o-carater-artesanal-das-joias-de-paula-vieira-jewellery\/\"]}]},{\"@type\":\"ImageObject\",\"inLanguage\":\"pt-PT\",\"@id\":\"http:\/\/maismagazine.pt\/index.php\/2022\/09\/16\/o-carater-artesanal-das-joias-de-paula-vieira-jewellery\/#primaryimage\",\"url\":\"http:\/\/maismagazine.pt\/wp-content\/uploads\/2022\/09\/Paula-Vieira-scaled-e1662635279978.jpg\",\"contentUrl\":\"http:\/\/maismagazine.pt\/wp-content\/uploads\/2022\/09\/Paula-Vieira-scaled-e1662635279978.jpg\",\"width\":1721,\"height\":1504},{\"@type\":\"BreadcrumbList\",\"@id\":\"http:\/\/maismagazine.pt\/index.php\/2022\/09\/16\/o-carater-artesanal-das-joias-de-paula-vieira-jewellery\/#breadcrumb\",\"itemListElement\":[{\"@type\":\"ListItem\",\"position\":1,\"name\":\"Home\",\"item\":\"https:\/\/maismagazine.pt\/\"},{\"@type\":\"ListItem\",\"position\":2,\"name\":\"O car\u00e1ter artesanal das joias de Paula Vieira Jewellery\"}]},{\"@type\":\"WebSite\",\"@id\":\"https:\/\/maismagazine.pt\/#website\",\"url\":\"https:\/\/maismagazine.pt\/\",\"name\":\"Mais Magazine\",\"description\":\"\",\"publisher\":{\"@id\":\"https:\/\/maismagazine.pt\/#organization\"},\"potentialAction\":[{\"@type\":\"SearchAction\",\"target\":{\"@type\":\"EntryPoint\",\"urlTemplate\":\"https:\/\/maismagazine.pt\/?s={search_term_string}\"},\"query-input\":{\"@type\":\"PropertyValueSpecification\",\"valueRequired\":true,\"valueName\":\"search_term_string\"}}],\"inLanguage\":\"pt-PT\"},{\"@type\":\"Organization\",\"@id\":\"https:\/\/maismagazine.pt\/#organization\",\"name\":\"Mais Magazine\",\"url\":\"https:\/\/maismagazine.pt\/\",\"logo\":{\"@type\":\"ImageObject\",\"inLanguage\":\"pt-PT\",\"@id\":\"https:\/\/maismagazine.pt\/#\/schema\/logo\/image\/\",\"url\":\"http:\/\/maismagazine.pt\/wp-content\/uploads\/2020\/04\/cropped-cropped-mais-magazine-site-logo-2.png\",\"contentUrl\":\"http:\/\/maismagazine.pt\/wp-content\/uploads\/2020\/04\/cropped-cropped-mais-magazine-site-logo-2.png\",\"width\":581,\"height\":90,\"caption\":\"Mais Magazine\"},\"image\":{\"@id\":\"https:\/\/maismagazine.pt\/#\/schema\/logo\/image\/\"}},{\"@type\":\"Person\",\"@id\":\"https:\/\/maismagazine.pt\/#\/schema\/person\/999bd426f894ff56d397ec12ebd21ebb\",\"name\":\"Jo\u00e3o Malainho\",\"image\":{\"@type\":\"ImageObject\",\"inLanguage\":\"pt-PT\",\"@id\":\"https:\/\/maismagazine.pt\/#\/schema\/person\/image\/\",\"url\":\"https:\/\/secure.gravatar.com\/avatar\/ff03c2f38edf60b2a827aa4f74878491?s=96&d=mm&r=g\",\"contentUrl\":\"https:\/\/secure.gravatar.com\/avatar\/ff03c2f38edf60b2a827aa4f74878491?s=96&d=mm&r=g\",\"caption\":\"Jo\u00e3o Malainho\"},\"url\":\"http:\/\/maismagazine.pt\/index.php\/author\/maismagazine\/\"}]}<\/script>\n<!-- \/ Yoast SEO plugin. -->","yoast_head_json":{"title":"O car\u00e1ter artesanal das joias de Paula Vieira Jewellery - Mais Magazine","description":"Usa a \u201cbeleza bruta da natureza\u201d como inspira\u00e7\u00e3o, onde em cole\u00e7\u00f5es limitadas e trabalhadas individualmente junta o conhecimento t\u00e9cnico e o amor pelo artesanal. Ap\u00f3s o lan\u00e7amento da cole\u00e7\u00e3o Flora na primavera, h\u00e1 agora a promessa de novidades para a \u00e9poca natal\u00edcia.","robots":{"index":"index","follow":"follow","max-snippet":"max-snippet:-1","max-image-preview":"max-image-preview:large","max-video-preview":"max-video-preview:-1"},"canonical":"http:\/\/maismagazine.pt\/index.php\/2022\/09\/16\/o-carater-artesanal-das-joias-de-paula-vieira-jewellery\/","og_locale":"pt_PT","og_type":"article","og_title":"O car\u00e1ter artesanal das joias de Paula Vieira Jewellery - Mais Magazine","og_description":"Usa a \u201cbeleza bruta da natureza\u201d como inspira\u00e7\u00e3o, onde em cole\u00e7\u00f5es limitadas e trabalhadas individualmente junta o conhecimento t\u00e9cnico e o amor pelo artesanal. Ap\u00f3s o lan\u00e7amento da cole\u00e7\u00e3o Flora na primavera, h\u00e1 agora a promessa de novidades para a \u00e9poca natal\u00edcia.","og_url":"http:\/\/maismagazine.pt\/index.php\/2022\/09\/16\/o-carater-artesanal-das-joias-de-paula-vieira-jewellery\/","og_site_name":"Mais Magazine","article_published_time":"2022-09-16T06:00:00+00:00","og_image":[{"width":1721,"height":1504,"url":"http:\/\/maismagazine.pt\/wp-content\/uploads\/2022\/09\/Paula-Vieira-scaled-e1662635279978.jpg","type":"image\/jpeg"}],"author":"Jo\u00e3o Malainho","twitter_card":"summary_large_image","twitter_misc":{"Escrito por":false,"Tempo estimado de leitura":"4 minutos"},"schema":{"@context":"https:\/\/schema.org","@graph":[{"@type":"Article","@id":"http:\/\/maismagazine.pt\/index.php\/2022\/09\/16\/o-carater-artesanal-das-joias-de-paula-vieira-jewellery\/#article","isPartOf":{"@id":"http:\/\/maismagazine.pt\/index.php\/2022\/09\/16\/o-carater-artesanal-das-joias-de-paula-vieira-jewellery\/"},"author":{"name":"Jo\u00e3o Malainho","@id":"https:\/\/maismagazine.pt\/#\/schema\/person\/999bd426f894ff56d397ec12ebd21ebb"},"headline":"O car\u00e1ter artesanal das joias de Paula Vieira Jewellery","datePublished":"2022-09-16T06:00:00+00:00","mainEntityOfPage":{"@id":"http:\/\/maismagazine.pt\/index.php\/2022\/09\/16\/o-carater-artesanal-das-joias-de-paula-vieira-jewellery\/"},"wordCount":715,"publisher":{"@id":"https:\/\/maismagazine.pt\/#organization"},"image":{"@id":"http:\/\/maismagazine.pt\/index.php\/2022\/09\/16\/o-carater-artesanal-das-joias-de-paula-vieira-jewellery\/#primaryimage"},"thumbnailUrl":"http:\/\/maismagazine.pt\/wp-content\/uploads\/2022\/09\/Paula-Vieira-scaled-e1662635279978.jpg","keywords":["inova\u00e7\u00e3o","intemporalidade","joias","Paula Vieira","Portoj\u00f3ia"],"articleSection":["Portojoia"],"inLanguage":"pt-PT"},{"@type":"WebPage","@id":"http:\/\/maismagazine.pt\/index.php\/2022\/09\/16\/o-carater-artesanal-das-joias-de-paula-vieira-jewellery\/","url":"http:\/\/maismagazine.pt\/index.php\/2022\/09\/16\/o-carater-artesanal-das-joias-de-paula-vieira-jewellery\/","name":"O car\u00e1ter artesanal das joias de Paula Vieira Jewellery - Mais Magazine","isPartOf":{"@id":"https:\/\/maismagazine.pt\/#website"},"primaryImageOfPage":{"@id":"http:\/\/maismagazine.pt\/index.php\/2022\/09\/16\/o-carater-artesanal-das-joias-de-paula-vieira-jewellery\/#primaryimage"},"image":{"@id":"http:\/\/maismagazine.pt\/index.php\/2022\/09\/16\/o-carater-artesanal-das-joias-de-paula-vieira-jewellery\/#primaryimage"},"thumbnailUrl":"http:\/\/maismagazine.pt\/wp-content\/uploads\/2022\/09\/Paula-Vieira-scaled-e1662635279978.jpg","datePublished":"2022-09-16T06:00:00+00:00","description":"Usa a \u201cbeleza bruta da natureza\u201d como inspira\u00e7\u00e3o, onde em cole\u00e7\u00f5es limitadas e trabalhadas individualmente junta o conhecimento t\u00e9cnico e o amor pelo artesanal. Ap\u00f3s o lan\u00e7amento da cole\u00e7\u00e3o Flora na primavera, h\u00e1 agora a promessa de novidades para a \u00e9poca natal\u00edcia.","breadcrumb":{"@id":"http:\/\/maismagazine.pt\/index.php\/2022\/09\/16\/o-carater-artesanal-das-joias-de-paula-vieira-jewellery\/#breadcrumb"},"inLanguage":"pt-PT","potentialAction":[{"@type":"ReadAction","target":["http:\/\/maismagazine.pt\/index.php\/2022\/09\/16\/o-carater-artesanal-das-joias-de-paula-vieira-jewellery\/"]}]},{"@type":"ImageObject","inLanguage":"pt-PT","@id":"http:\/\/maismagazine.pt\/index.php\/2022\/09\/16\/o-carater-artesanal-das-joias-de-paula-vieira-jewellery\/#primaryimage","url":"http:\/\/maismagazine.pt\/wp-content\/uploads\/2022\/09\/Paula-Vieira-scaled-e1662635279978.jpg","contentUrl":"http:\/\/maismagazine.pt\/wp-content\/uploads\/2022\/09\/Paula-Vieira-scaled-e1662635279978.jpg","width":1721,"height":1504},{"@type":"BreadcrumbList","@id":"http:\/\/maismagazine.pt\/index.php\/2022\/09\/16\/o-carater-artesanal-das-joias-de-paula-vieira-jewellery\/#breadcrumb","itemListElement":[{"@type":"ListItem","position":1,"name":"Home","item":"https:\/\/maismagazine.pt\/"},{"@type":"ListItem","position":2,"name":"O car\u00e1ter artesanal das joias de Paula Vieira Jewellery"}]},{"@type":"WebSite","@id":"https:\/\/maismagazine.pt\/#website","url":"https:\/\/maismagazine.pt\/","name":"Mais Magazine","description":"","publisher":{"@id":"https:\/\/maismagazine.pt\/#organization"},"potentialAction":[{"@type":"SearchAction","target":{"@type":"EntryPoint","urlTemplate":"https:\/\/maismagazine.pt\/?s={search_term_string}"},"query-input":{"@type":"PropertyValueSpecification","valueRequired":true,"valueName":"search_term_string"}}],"inLanguage":"pt-PT"},{"@type":"Organization","@id":"https:\/\/maismagazine.pt\/#organization","name":"Mais Magazine","url":"https:\/\/maismagazine.pt\/","logo":{"@type":"ImageObject","inLanguage":"pt-PT","@id":"https:\/\/maismagazine.pt\/#\/schema\/logo\/image\/","url":"http:\/\/maismagazine.pt\/wp-content\/uploads\/2020\/04\/cropped-cropped-mais-magazine-site-logo-2.png","contentUrl":"http:\/\/maismagazine.pt\/wp-content\/uploads\/2020\/04\/cropped-cropped-mais-magazine-site-logo-2.png","width":581,"height":90,"caption":"Mais Magazine"},"image":{"@id":"https:\/\/maismagazine.pt\/#\/schema\/logo\/image\/"}},{"@type":"Person","@id":"https:\/\/maismagazine.pt\/#\/schema\/person\/999bd426f894ff56d397ec12ebd21ebb","name":"Jo\u00e3o Malainho","image":{"@type":"ImageObject","inLanguage":"pt-PT","@id":"https:\/\/maismagazine.pt\/#\/schema\/person\/image\/","url":"https:\/\/secure.gravatar.com\/avatar\/ff03c2f38edf60b2a827aa4f74878491?s=96&d=mm&r=g","contentUrl":"https:\/\/secure.gravatar.com\/avatar\/ff03c2f38edf60b2a827aa4f74878491?s=96&d=mm&r=g","caption":"Jo\u00e3o Malainho"},"url":"http:\/\/maismagazine.pt\/index.php\/author\/maismagazine\/"}]}},"author_meta":{"display_name":false,"author_link":"http:\/\/maismagazine.pt\/index.php\/author\/maismagazine\/"},"featured_img":"http:\/\/maismagazine.pt\/wp-content\/uploads\/2022\/09\/Paula-Vieira-scaled-e1662635279978-300x262.jpg","coauthors":[],"tax_additional":{"categories":{"linked":["<a href=\"http:\/\/maismagazine.pt\/index.php\/category\/portojoia\/\" class=\"advgb-post-tax-term\">Portojoia<\/a>"],"unlinked":["<span class=\"advgb-post-tax-term\">Portojoia<\/span>"]},"tags":{"linked":["<a href=\"http:\/\/maismagazine.pt\/index.php\/category\/portojoia\/\" class=\"advgb-post-tax-term\">inova\u00e7\u00e3o<\/a>","<a href=\"http:\/\/maismagazine.pt\/index.php\/category\/portojoia\/\" class=\"advgb-post-tax-term\">intemporalidade<\/a>","<a href=\"http:\/\/maismagazine.pt\/index.php\/category\/portojoia\/\" class=\"advgb-post-tax-term\">joias<\/a>","<a href=\"http:\/\/maismagazine.pt\/index.php\/category\/portojoia\/\" class=\"advgb-post-tax-term\">Paula Vieira<\/a>","<a href=\"http:\/\/maismagazine.pt\/index.php\/category\/portojoia\/\" class=\"advgb-post-tax-term\">Portoj\u00f3ia<\/a>"],"unlinked":["<span class=\"advgb-post-tax-term\">inova\u00e7\u00e3o<\/span>","<span class=\"advgb-post-tax-term\">intemporalidade<\/span>","<span class=\"advgb-post-tax-term\">joias<\/span>","<span class=\"advgb-post-tax-term\">Paula Vieira<\/span>","<span class=\"advgb-post-tax-term\">Portoj\u00f3ia<\/span>"]}},"comment_count":"0","relative_dates":{"created":"Posted 4 anos ago","modified":"Updated 4 anos ago"},"absolute_dates":{"created":"Posted on 16 de Setembro, 2022","modified":"Updated on 8 de Setembro, 2022"},"absolute_dates_time":{"created":"Posted on 16 de Setembro, 2022 7:00","modified":"Updated on 8 de Setembro, 2022 12:08"},"featured_img_caption":"","series_order":"","_links":{"self":[{"href":"http:\/\/maismagazine.pt\/index.php\/wp-json\/wp\/v2\/posts\/4337","targetHints":{"allow":["GET"]}}],"collection":[{"href":"http:\/\/maismagazine.pt\/index.php\/wp-json\/wp\/v2\/posts"}],"about":[{"href":"http:\/\/maismagazine.pt\/index.php\/wp-json\/wp\/v2\/types\/post"}],"author":[{"embeddable":true,"href":"http:\/\/maismagazine.pt\/index.php\/wp-json\/wp\/v2\/users\/7"}],"replies":[{"embeddable":true,"href":"http:\/\/maismagazine.pt\/index.php\/wp-json\/wp\/v2\/comments?post=4337"}],"version-history":[{"count":5,"href":"http:\/\/maismagazine.pt\/index.php\/wp-json\/wp\/v2\/posts\/4337\/revisions"}],"predecessor-version":[{"id":4483,"href":"http:\/\/maismagazine.pt\/index.php\/wp-json\/wp\/v2\/posts\/4337\/revisions\/4483"}],"wp:featuredmedia":[{"embeddable":true,"href":"http:\/\/maismagazine.pt\/index.php\/wp-json\/wp\/v2\/media\/4342"}],"wp:attachment":[{"href":"http:\/\/maismagazine.pt\/index.php\/wp-json\/wp\/v2\/media?parent=4337"}],"wp:term":[{"taxonomy":"category","embeddable":true,"href":"http:\/\/maismagazine.pt\/index.php\/wp-json\/wp\/v2\/categories?post=4337"},{"taxonomy":"post_tag","embeddable":true,"href":"http:\/\/maismagazine.pt\/index.php\/wp-json\/wp\/v2\/tags?post=4337"}],"curies":[{"name":"wp","href":"https:\/\/api.w.org\/{rel}","templated":true}]}}