{"id":4221,"date":"2022-08-12T07:00:00","date_gmt":"2022-08-12T06:00:00","guid":{"rendered":"https:\/\/maismagazine.pt\/?p=4221"},"modified":"2022-08-03T17:18:06","modified_gmt":"2022-08-03T16:18:06","slug":"valorsul-desde-1994-a-valorizar-o-ambiente","status":"publish","type":"post","link":"http:\/\/maismagazine.pt\/index.php\/2022\/08\/12\/valorsul-desde-1994-a-valorizar-o-ambiente\/","title":{"rendered":"Valorsul: Desde 1994 a valorizar o ambiente"},"content":{"rendered":"\n<p><\/p>\n\n\n\n<p><strong>Prestes a completar 28 anos de exist\u00eancia e com atua\u00e7\u00e3o em cinco \u00e1reas operacionais, a <a href=\"http:\/\/www.valorsul.pt\">Valorsul<\/a>, tal como indica o pr\u00f3prio nome, valoriza e d\u00e1 todos os anos uma nova vida a cerca de 854 mil toneladas de res\u00edduos urbanos produzidos em 19 munic\u00edpios da Grande Lisboa e da Regi\u00e3o Oeste.<\/strong><\/p>\n\n\n\n<p><\/p>\n\n\n\n<p>A Valorsul surgiu em 1994 com o ambicioso objetivo de tratar res\u00edduos urbanos de forma integrada, com a melhor tecnologia dispon\u00edvel, baseada em valores de excel\u00eancia e profissionalismo. Hoje, \u00e9 respons\u00e1vel por servir 19 munic\u00edpios, o que representa cerca de 16% da popula\u00e7\u00e3o nacional, e por dar uma nova vida a mais de 2300 toneladas de res\u00edduos por dia.<\/p>\n\n\n\n<p><br>Implementar e gerir um sistema integrado, tecnicamente avan\u00e7ado, ambientalmente correto e economicamente sustent\u00e1vel, para tratamento e valoriza\u00e7\u00e3o dos res\u00edduos dos res\u00edduos urbanos de 19 munic\u00edpios das regi\u00f5es de Lisboa e Oeste \u00e9 a principal miss\u00e3o da Valorsul. De uma<br>forma simples, a Valorsul procura valorizar ao m\u00e1ximo os res\u00edduos que recebe, seja encaminhando para a ind\u00fastria recicladora, ou transformando em energia ou composto. \u201cO ano passado, foi um ano hist\u00f3rico para a Valorsul, pois conseguimos depositar apenas 2% dos res\u00edduos que recebemos em aterro\u201d, reconhece Marta Neves, Presidente da Comiss\u00e3o Executiva da Valorsul<br><\/p>\n\n\n\n<p>A atividade da Valorsul corporiza os princ\u00edpios da economia circular. Aqui, aquilo que de outra forma seria um res\u00edduo, transforma-se em mat\u00e9ria-prima n\u00e3o saindo do circuito produtivo. \u00c9 neste \u00e2mbito que a Valorsul produz energia para a Rede El\u00e9trica Nacional, atrav\u00e9s de tr\u00eas meios: na Central de Valoriza\u00e7\u00e3o Energ\u00e9tica, onde trata os res\u00edduos indiferenciados, na Esta\u00e7\u00e3o de Tratamento e Valoriza\u00e7\u00e3o Org\u00e2nica, com os res\u00edduos org\u00e2nicos, e nos aterros onde recupera o biog\u00e1s a\u00ed gerado. \u201cEsta valoriza\u00e7\u00e3o energ\u00e9tica \u00e9 uma fonte importante da receita<br>da Valorsul, que minimiza a tarifa dos munic\u00edpios e, consequentemente, a tarifa dos cidad\u00e3os\u201d. Em 2021, as exporta\u00e7\u00f5es para a Rede El\u00e9trica Nacional foram cerca de 350 milh\u00f5es de KWh, contribuindo assim para a diversifica\u00e7\u00e3o do mix energ\u00e9tico do pa\u00eds.<\/p>\n\n\n\n<p><\/p>\n\n\n\n<div class=\"wp-block-image\"><figure class=\"aligncenter size-full\"><img loading=\"lazy\" decoding=\"async\" width=\"605\" height=\"272\" src=\"https:\/\/maismagazine.pt\/wp-content\/uploads\/2022\/08\/ctrsu.jpg\" alt=\"\" class=\"wp-image-4224\" srcset=\"http:\/\/maismagazine.pt\/wp-content\/uploads\/2022\/08\/ctrsu.jpg 605w, http:\/\/maismagazine.pt\/wp-content\/uploads\/2022\/08\/ctrsu-300x135.jpg 300w\" sizes=\"auto, (max-width: 605px) 100vw, 605px\" \/><\/figure><\/div>\n\n\n\n<p><br><\/p>\n\n\n\n<p>Nas suas quase tr\u00eas d\u00e9cadas de exist\u00eancia, a Valorsul tem vindo a realizar um conjunto de a\u00e7\u00f5es e investimentos de modo a desenvolver as melhores solu\u00e7\u00f5es para o tratamento dos res\u00edduos urbanos, que vieram contribuir para um modelo t\u00e9cnico completo, promovendo a economia circular, garantindo a efici\u00eancia da utiliza\u00e7\u00e3o dos recursos. \u201cO setor dos res\u00edduos foi sempre o que chamo um parente pobre. Felizmente, hoje em dia h\u00e1 uma crescente consci\u00eancia com metas ambientais exigentes e obriga\u00e7\u00f5es de circularidade. Muitas destas solu\u00e7\u00f5es implicam que se olhe para todo o ciclo de vida de uma embalagem. Estamos pouco a pouco a enveredar por este caminho, atrav\u00e9s da sensoriza\u00e7\u00e3o de enchimento dos nossos ecopontos, o que ir\u00e1 permitir rotas mais eficientes\u201d, explica.<br><\/p>\n\n\n\n<p>Futuramente, a empresa quer ainda ecopontos inteligentes e com uma rela\u00e7\u00e3o mais pr\u00f3xima com o cidad\u00e3o, estando j\u00e1 a dar os primeiros passos nesta aproxima\u00e7\u00e3o, atrav\u00e9s da app Recycle Bingo e a Linha da Reciclagem. \u201cEstamos tamb\u00e9m a avan\u00e7ar na digitaliza\u00e7\u00e3o dos processos de triagem, recorrendo a leitores \u00f3ticos para identifica\u00e7\u00e3o do material e tamb\u00e9m atrav\u00e9s de processos com deep learning.<\/p>\n\n\n\n<p><\/p>\n\n\n\n<p>Por outro lado, \u00e9 nossa preocupa\u00e7\u00e3o dar uma nova vida aos nossos subprodutos, nomeadamente o agregado, e nesse sentido estamos a realizar estudos com v\u00e1rias ind\u00fastrias para incorpora\u00e7\u00e3o do mesmo\u201d. O mesmo acontece no que diz respeito \u00e0 valoriza\u00e7\u00e3o energ\u00e9tica, olhando para as novas formas de energia, como o biometano e o hidrog\u00e9nio. Na verdade, os n\u00fameros falam por si. Desde 2016, a Valorsul j\u00e1 investiu cerca de 60 M\u20ac, com a ambi\u00e7\u00e3o de melhorar e crescer.<\/p>\n\n\n\n<p><\/p>\n\n\n\n<p>Neste \u00e2mbito, importa referir que a Valorsul inaugurou, recentemente, no Munic\u00edpio de Torres Vedras, uma nova Esta\u00e7\u00e3o de Transfer\u00eancia e Ecocentro. Este investimento de cerca de tr\u00eas milh\u00f5es de euros permitir\u00e1 reduzir mais de 160 mil km\/ano em dist\u00e2ncias percorridas, o que<br>representa uma redu\u00e7\u00e3o consider\u00e1vel de emiss\u00e3o de gases de efeito de estufa. \u201cEsta esta\u00e7\u00e3o tem capacidade para receber 35 mil toneladas\/ano de res\u00edduos indiferenciados e\/ou biorres\u00edduos provenientes da recolha municipal, assim como capacidade de receber no Ecocentro res\u00edduos recicl\u00e1veis, como madeiras, pl\u00e1sticos, papel e cart\u00e3o, vidro, sucata met\u00e1lica, res\u00edduos volumosos e res\u00edduos de jardins, que podem ser entregues pela popula\u00e7\u00e3o\u201d.<\/p>\n\n\n\n<p><\/p>\n\n\n\n<p>A ambi\u00e7\u00e3o de ser uma refer\u00eancia na gest\u00e3o de res\u00edduos urbanos, manteve-se bem viva ao longo dos anos, alicer\u00e7ada em pol\u00edticas de sustentabilidade, \u00e9tica, transpar\u00eancia, inova\u00e7\u00e3o e elevados padr\u00f5es de desempenho e compet\u00eancia profissional em todas as \u00e1reas da empresa. \u201cA empresa passou por v\u00e1rias transforma\u00e7\u00f5es ao longo do tempo, mas soube sempre manter em vista o seu prop\u00f3sito maior: o servi\u00e7o p\u00fablico\u201d, explica Marta Neves. Para o futuro, fica a garantia de continuar a crescer em todas as \u00e1reas de atividade, com a implementa\u00e7\u00e3o de novas instala\u00e7\u00f5es e o crescimento da recolha seletiva e, consequentemente, do tratamento. \u201cEstamos a preparar a \u2018Valorsul do Futuro\u2019, que esperamos apresentar em breve. Queremos faz\u00ea-lo de forma planeada, sustent\u00e1vel e eficiente, em estreita<br>colabora\u00e7\u00e3o com aqueles que servimos, munic\u00edpios e cidad\u00e3o\u201d.<\/p>\n\n\n\n<p><\/p>\n\n\n\n<div class=\"wp-block-image\"><figure class=\"aligncenter size-full\"><img loading=\"lazy\" decoding=\"async\" width=\"858\" height=\"384\" src=\"https:\/\/maismagazine.pt\/wp-content\/uploads\/2022\/08\/valorsulcrop.png\" alt=\"\" class=\"wp-image-4223\" srcset=\"http:\/\/maismagazine.pt\/wp-content\/uploads\/2022\/08\/valorsulcrop.png 858w, http:\/\/maismagazine.pt\/wp-content\/uploads\/2022\/08\/valorsulcrop-300x134.png 300w, http:\/\/maismagazine.pt\/wp-content\/uploads\/2022\/08\/valorsulcrop-768x344.png 768w\" sizes=\"auto, (max-width: 858px) 100vw, 858px\" \/><\/figure><\/div>\n","protected":false},"excerpt":{"rendered":"<p>Prestes a completar 28 anos de exist\u00eancia e com atua\u00e7\u00e3o em cinco \u00e1reas operacionais, a Valorsul, tal como indica o pr\u00f3prio nome, valoriza e d\u00e1 todos os anos uma nova vida a cerca de 854 mil toneladas de res\u00edduos urbanos produzidos em 19 munic\u00edpios da Grande Lisboa e da Regi\u00e3o&hellip;<\/p>\n","protected":false},"author":7,"featured_media":4222,"comment_status":"closed","ping_status":"open","sticky":false,"template":"","format":"standard","meta":{"advgb_blocks_editor_width":"","advgb_blocks_columns_visual_guide":"","_monsterinsights_skip_tracking":false,"_monsterinsights_sitenote_active":false,"_monsterinsights_sitenote_note":"","_monsterinsights_sitenote_category":0,"footnotes":""},"categories":[78,6],"tags":[216,942,113,989,990],"class_list":["post-4221","post","type-post","status-publish","format-standard","has-post-thumbnail","hentry","category-ambiente-e-sustentabilidade","category-empreendedorismo","tag-ambiente","tag-residuos","tag-tecnologia","tag-urbanos","tag-valorsul"],"yoast_head":"<!-- This site is optimized with the Yoast SEO plugin v24.4 - https:\/\/yoast.com\/wordpress\/plugins\/seo\/ -->\n<title>Valorsul: Desde 1994 a valorizar o ambiente - Mais Magazine<\/title>\n<meta name=\"description\" content=\"Valorsul: Desde 1994 a valorizar o ambiente\" \/>\n<meta name=\"robots\" content=\"index, follow, max-snippet:-1, max-image-preview:large, max-video-preview:-1\" \/>\n<link rel=\"canonical\" href=\"http:\/\/maismagazine.pt\/index.php\/2022\/08\/12\/valorsul-desde-1994-a-valorizar-o-ambiente\/\" \/>\n<meta property=\"og:locale\" content=\"pt_PT\" \/>\n<meta property=\"og:type\" content=\"article\" \/>\n<meta property=\"og:title\" content=\"Valorsul: Desde 1994 a valorizar o ambiente - Mais Magazine\" \/>\n<meta property=\"og:description\" content=\"Valorsul: Desde 1994 a valorizar o ambiente\" \/>\n<meta property=\"og:url\" content=\"http:\/\/maismagazine.pt\/index.php\/2022\/08\/12\/valorsul-desde-1994-a-valorizar-o-ambiente\/\" \/>\n<meta property=\"og:site_name\" content=\"Mais Magazine\" \/>\n<meta property=\"article:published_time\" content=\"2022-08-12T06:00:00+00:00\" \/>\n<meta property=\"og:image\" content=\"http:\/\/maismagazine.pt\/wp-content\/uploads\/2022\/08\/Marta-Neves.jpg\" \/>\n\t<meta property=\"og:image:width\" content=\"1333\" \/>\n\t<meta property=\"og:image:height\" content=\"2000\" \/>\n\t<meta property=\"og:image:type\" content=\"image\/jpeg\" \/>\n<meta name=\"author\" content=\"Jo\u00e3o Malainho\" \/>\n<meta name=\"twitter:card\" content=\"summary_large_image\" \/>\n<meta name=\"twitter:label1\" content=\"Escrito por\" \/>\n\t<meta name=\"twitter:data1\" content=\"\" \/>\n\t<meta name=\"twitter:label2\" content=\"Tempo estimado de leitura\" \/>\n\t<meta name=\"twitter:data2\" content=\"4 minutos\" \/>\n<script type=\"application\/ld+json\" class=\"yoast-schema-graph\">{\"@context\":\"https:\/\/schema.org\",\"@graph\":[{\"@type\":\"Article\",\"@id\":\"http:\/\/maismagazine.pt\/index.php\/2022\/08\/12\/valorsul-desde-1994-a-valorizar-o-ambiente\/#article\",\"isPartOf\":{\"@id\":\"http:\/\/maismagazine.pt\/index.php\/2022\/08\/12\/valorsul-desde-1994-a-valorizar-o-ambiente\/\"},\"author\":{\"name\":\"Jo\u00e3o Malainho\",\"@id\":\"http:\/\/maismagazine.pt\/#\/schema\/person\/999bd426f894ff56d397ec12ebd21ebb\"},\"headline\":\"Valorsul: Desde 1994 a valorizar o ambiente\",\"datePublished\":\"2022-08-12T06:00:00+00:00\",\"mainEntityOfPage\":{\"@id\":\"http:\/\/maismagazine.pt\/index.php\/2022\/08\/12\/valorsul-desde-1994-a-valorizar-o-ambiente\/\"},\"wordCount\":928,\"publisher\":{\"@id\":\"http:\/\/maismagazine.pt\/#organization\"},\"image\":{\"@id\":\"http:\/\/maismagazine.pt\/index.php\/2022\/08\/12\/valorsul-desde-1994-a-valorizar-o-ambiente\/#primaryimage\"},\"thumbnailUrl\":\"http:\/\/maismagazine.pt\/wp-content\/uploads\/2022\/08\/Marta-Neves.jpg\",\"keywords\":[\"Ambiente\",\"res\u00edduos\",\"tecnologia\",\"urbanos\",\"Valorsul\"],\"articleSection\":[\"Ambiente e Sustentabilidade\",\"Empreendedorismo\"],\"inLanguage\":\"pt-PT\"},{\"@type\":\"WebPage\",\"@id\":\"http:\/\/maismagazine.pt\/index.php\/2022\/08\/12\/valorsul-desde-1994-a-valorizar-o-ambiente\/\",\"url\":\"http:\/\/maismagazine.pt\/index.php\/2022\/08\/12\/valorsul-desde-1994-a-valorizar-o-ambiente\/\",\"name\":\"Valorsul: Desde 1994 a valorizar o ambiente - Mais Magazine\",\"isPartOf\":{\"@id\":\"http:\/\/maismagazine.pt\/#website\"},\"primaryImageOfPage\":{\"@id\":\"http:\/\/maismagazine.pt\/index.php\/2022\/08\/12\/valorsul-desde-1994-a-valorizar-o-ambiente\/#primaryimage\"},\"image\":{\"@id\":\"http:\/\/maismagazine.pt\/index.php\/2022\/08\/12\/valorsul-desde-1994-a-valorizar-o-ambiente\/#primaryimage\"},\"thumbnailUrl\":\"http:\/\/maismagazine.pt\/wp-content\/uploads\/2022\/08\/Marta-Neves.jpg\",\"datePublished\":\"2022-08-12T06:00:00+00:00\",\"description\":\"Valorsul: Desde 1994 a valorizar o ambiente\",\"breadcrumb\":{\"@id\":\"http:\/\/maismagazine.pt\/index.php\/2022\/08\/12\/valorsul-desde-1994-a-valorizar-o-ambiente\/#breadcrumb\"},\"inLanguage\":\"pt-PT\",\"potentialAction\":[{\"@type\":\"ReadAction\",\"target\":[\"http:\/\/maismagazine.pt\/index.php\/2022\/08\/12\/valorsul-desde-1994-a-valorizar-o-ambiente\/\"]}]},{\"@type\":\"ImageObject\",\"inLanguage\":\"pt-PT\",\"@id\":\"http:\/\/maismagazine.pt\/index.php\/2022\/08\/12\/valorsul-desde-1994-a-valorizar-o-ambiente\/#primaryimage\",\"url\":\"http:\/\/maismagazine.pt\/wp-content\/uploads\/2022\/08\/Marta-Neves.jpg\",\"contentUrl\":\"http:\/\/maismagazine.pt\/wp-content\/uploads\/2022\/08\/Marta-Neves.jpg\",\"width\":1333,\"height\":2000},{\"@type\":\"BreadcrumbList\",\"@id\":\"http:\/\/maismagazine.pt\/index.php\/2022\/08\/12\/valorsul-desde-1994-a-valorizar-o-ambiente\/#breadcrumb\",\"itemListElement\":[{\"@type\":\"ListItem\",\"position\":1,\"name\":\"Home\",\"item\":\"http:\/\/maismagazine.pt\/\"},{\"@type\":\"ListItem\",\"position\":2,\"name\":\"Valorsul: Desde 1994 a valorizar o ambiente\"}]},{\"@type\":\"WebSite\",\"@id\":\"http:\/\/maismagazine.pt\/#website\",\"url\":\"http:\/\/maismagazine.pt\/\",\"name\":\"Mais Magazine\",\"description\":\"\",\"publisher\":{\"@id\":\"http:\/\/maismagazine.pt\/#organization\"},\"potentialAction\":[{\"@type\":\"SearchAction\",\"target\":{\"@type\":\"EntryPoint\",\"urlTemplate\":\"http:\/\/maismagazine.pt\/?s={search_term_string}\"},\"query-input\":{\"@type\":\"PropertyValueSpecification\",\"valueRequired\":true,\"valueName\":\"search_term_string\"}}],\"inLanguage\":\"pt-PT\"},{\"@type\":\"Organization\",\"@id\":\"http:\/\/maismagazine.pt\/#organization\",\"name\":\"Mais Magazine\",\"url\":\"http:\/\/maismagazine.pt\/\",\"logo\":{\"@type\":\"ImageObject\",\"inLanguage\":\"pt-PT\",\"@id\":\"http:\/\/maismagazine.pt\/#\/schema\/logo\/image\/\",\"url\":\"http:\/\/maismagazine.pt\/wp-content\/uploads\/2020\/04\/cropped-cropped-mais-magazine-site-logo-2.png\",\"contentUrl\":\"http:\/\/maismagazine.pt\/wp-content\/uploads\/2020\/04\/cropped-cropped-mais-magazine-site-logo-2.png\",\"width\":581,\"height\":90,\"caption\":\"Mais Magazine\"},\"image\":{\"@id\":\"http:\/\/maismagazine.pt\/#\/schema\/logo\/image\/\"}},{\"@type\":\"Person\",\"@id\":\"http:\/\/maismagazine.pt\/#\/schema\/person\/999bd426f894ff56d397ec12ebd21ebb\",\"name\":\"Jo\u00e3o Malainho\",\"image\":{\"@type\":\"ImageObject\",\"inLanguage\":\"pt-PT\",\"@id\":\"http:\/\/maismagazine.pt\/#\/schema\/person\/image\/\",\"url\":\"https:\/\/secure.gravatar.com\/avatar\/ff03c2f38edf60b2a827aa4f74878491?s=96&d=mm&r=g\",\"contentUrl\":\"https:\/\/secure.gravatar.com\/avatar\/ff03c2f38edf60b2a827aa4f74878491?s=96&d=mm&r=g\",\"caption\":\"Jo\u00e3o Malainho\"},\"url\":\"http:\/\/maismagazine.pt\/index.php\/author\/maismagazine\/\"}]}<\/script>\n<!-- \/ Yoast SEO plugin. -->","yoast_head_json":{"title":"Valorsul: Desde 1994 a valorizar o ambiente - Mais Magazine","description":"Valorsul: Desde 1994 a valorizar o ambiente","robots":{"index":"index","follow":"follow","max-snippet":"max-snippet:-1","max-image-preview":"max-image-preview:large","max-video-preview":"max-video-preview:-1"},"canonical":"http:\/\/maismagazine.pt\/index.php\/2022\/08\/12\/valorsul-desde-1994-a-valorizar-o-ambiente\/","og_locale":"pt_PT","og_type":"article","og_title":"Valorsul: Desde 1994 a valorizar o ambiente - Mais Magazine","og_description":"Valorsul: Desde 1994 a valorizar o ambiente","og_url":"http:\/\/maismagazine.pt\/index.php\/2022\/08\/12\/valorsul-desde-1994-a-valorizar-o-ambiente\/","og_site_name":"Mais Magazine","article_published_time":"2022-08-12T06:00:00+00:00","og_image":[{"width":1333,"height":2000,"url":"http:\/\/maismagazine.pt\/wp-content\/uploads\/2022\/08\/Marta-Neves.jpg","type":"image\/jpeg"}],"author":"Jo\u00e3o Malainho","twitter_card":"summary_large_image","twitter_misc":{"Escrito por":false,"Tempo estimado de leitura":"4 minutos"},"schema":{"@context":"https:\/\/schema.org","@graph":[{"@type":"Article","@id":"http:\/\/maismagazine.pt\/index.php\/2022\/08\/12\/valorsul-desde-1994-a-valorizar-o-ambiente\/#article","isPartOf":{"@id":"http:\/\/maismagazine.pt\/index.php\/2022\/08\/12\/valorsul-desde-1994-a-valorizar-o-ambiente\/"},"author":{"name":"Jo\u00e3o Malainho","@id":"http:\/\/maismagazine.pt\/#\/schema\/person\/999bd426f894ff56d397ec12ebd21ebb"},"headline":"Valorsul: Desde 1994 a valorizar o ambiente","datePublished":"2022-08-12T06:00:00+00:00","mainEntityOfPage":{"@id":"http:\/\/maismagazine.pt\/index.php\/2022\/08\/12\/valorsul-desde-1994-a-valorizar-o-ambiente\/"},"wordCount":928,"publisher":{"@id":"http:\/\/maismagazine.pt\/#organization"},"image":{"@id":"http:\/\/maismagazine.pt\/index.php\/2022\/08\/12\/valorsul-desde-1994-a-valorizar-o-ambiente\/#primaryimage"},"thumbnailUrl":"http:\/\/maismagazine.pt\/wp-content\/uploads\/2022\/08\/Marta-Neves.jpg","keywords":["Ambiente","res\u00edduos","tecnologia","urbanos","Valorsul"],"articleSection":["Ambiente e Sustentabilidade","Empreendedorismo"],"inLanguage":"pt-PT"},{"@type":"WebPage","@id":"http:\/\/maismagazine.pt\/index.php\/2022\/08\/12\/valorsul-desde-1994-a-valorizar-o-ambiente\/","url":"http:\/\/maismagazine.pt\/index.php\/2022\/08\/12\/valorsul-desde-1994-a-valorizar-o-ambiente\/","name":"Valorsul: Desde 1994 a valorizar o ambiente - Mais Magazine","isPartOf":{"@id":"http:\/\/maismagazine.pt\/#website"},"primaryImageOfPage":{"@id":"http:\/\/maismagazine.pt\/index.php\/2022\/08\/12\/valorsul-desde-1994-a-valorizar-o-ambiente\/#primaryimage"},"image":{"@id":"http:\/\/maismagazine.pt\/index.php\/2022\/08\/12\/valorsul-desde-1994-a-valorizar-o-ambiente\/#primaryimage"},"thumbnailUrl":"http:\/\/maismagazine.pt\/wp-content\/uploads\/2022\/08\/Marta-Neves.jpg","datePublished":"2022-08-12T06:00:00+00:00","description":"Valorsul: Desde 1994 a valorizar o ambiente","breadcrumb":{"@id":"http:\/\/maismagazine.pt\/index.php\/2022\/08\/12\/valorsul-desde-1994-a-valorizar-o-ambiente\/#breadcrumb"},"inLanguage":"pt-PT","potentialAction":[{"@type":"ReadAction","target":["http:\/\/maismagazine.pt\/index.php\/2022\/08\/12\/valorsul-desde-1994-a-valorizar-o-ambiente\/"]}]},{"@type":"ImageObject","inLanguage":"pt-PT","@id":"http:\/\/maismagazine.pt\/index.php\/2022\/08\/12\/valorsul-desde-1994-a-valorizar-o-ambiente\/#primaryimage","url":"http:\/\/maismagazine.pt\/wp-content\/uploads\/2022\/08\/Marta-Neves.jpg","contentUrl":"http:\/\/maismagazine.pt\/wp-content\/uploads\/2022\/08\/Marta-Neves.jpg","width":1333,"height":2000},{"@type":"BreadcrumbList","@id":"http:\/\/maismagazine.pt\/index.php\/2022\/08\/12\/valorsul-desde-1994-a-valorizar-o-ambiente\/#breadcrumb","itemListElement":[{"@type":"ListItem","position":1,"name":"Home","item":"http:\/\/maismagazine.pt\/"},{"@type":"ListItem","position":2,"name":"Valorsul: Desde 1994 a valorizar o ambiente"}]},{"@type":"WebSite","@id":"http:\/\/maismagazine.pt\/#website","url":"http:\/\/maismagazine.pt\/","name":"Mais Magazine","description":"","publisher":{"@id":"http:\/\/maismagazine.pt\/#organization"},"potentialAction":[{"@type":"SearchAction","target":{"@type":"EntryPoint","urlTemplate":"http:\/\/maismagazine.pt\/?s={search_term_string}"},"query-input":{"@type":"PropertyValueSpecification","valueRequired":true,"valueName":"search_term_string"}}],"inLanguage":"pt-PT"},{"@type":"Organization","@id":"http:\/\/maismagazine.pt\/#organization","name":"Mais Magazine","url":"http:\/\/maismagazine.pt\/","logo":{"@type":"ImageObject","inLanguage":"pt-PT","@id":"http:\/\/maismagazine.pt\/#\/schema\/logo\/image\/","url":"http:\/\/maismagazine.pt\/wp-content\/uploads\/2020\/04\/cropped-cropped-mais-magazine-site-logo-2.png","contentUrl":"http:\/\/maismagazine.pt\/wp-content\/uploads\/2020\/04\/cropped-cropped-mais-magazine-site-logo-2.png","width":581,"height":90,"caption":"Mais Magazine"},"image":{"@id":"http:\/\/maismagazine.pt\/#\/schema\/logo\/image\/"}},{"@type":"Person","@id":"http:\/\/maismagazine.pt\/#\/schema\/person\/999bd426f894ff56d397ec12ebd21ebb","name":"Jo\u00e3o Malainho","image":{"@type":"ImageObject","inLanguage":"pt-PT","@id":"http:\/\/maismagazine.pt\/#\/schema\/person\/image\/","url":"https:\/\/secure.gravatar.com\/avatar\/ff03c2f38edf60b2a827aa4f74878491?s=96&d=mm&r=g","contentUrl":"https:\/\/secure.gravatar.com\/avatar\/ff03c2f38edf60b2a827aa4f74878491?s=96&d=mm&r=g","caption":"Jo\u00e3o Malainho"},"url":"http:\/\/maismagazine.pt\/index.php\/author\/maismagazine\/"}]}},"author_meta":{"display_name":false,"author_link":"http:\/\/maismagazine.pt\/index.php\/author\/maismagazine\/"},"featured_img":"http:\/\/maismagazine.pt\/wp-content\/uploads\/2022\/08\/Marta-Neves-200x300.jpg","coauthors":[],"tax_additional":{"categories":{"linked":["<a href=\"http:\/\/maismagazine.pt\/index.php\/category\/empreendedorismo\/ambiente-e-sustentabilidade\/\" class=\"advgb-post-tax-term\">Ambiente e Sustentabilidade<\/a>","<a href=\"http:\/\/maismagazine.pt\/index.php\/category\/empreendedorismo\/\" class=\"advgb-post-tax-term\">Empreendedorismo<\/a>"],"unlinked":["<span class=\"advgb-post-tax-term\">Ambiente e Sustentabilidade<\/span>","<span class=\"advgb-post-tax-term\">Empreendedorismo<\/span>"]},"tags":{"linked":["<a href=\"http:\/\/maismagazine.pt\/index.php\/category\/empreendedorismo\/\" class=\"advgb-post-tax-term\">Ambiente<\/a>","<a href=\"http:\/\/maismagazine.pt\/index.php\/category\/empreendedorismo\/\" class=\"advgb-post-tax-term\">res\u00edduos<\/a>","<a href=\"http:\/\/maismagazine.pt\/index.php\/category\/empreendedorismo\/\" class=\"advgb-post-tax-term\">tecnologia<\/a>","<a href=\"http:\/\/maismagazine.pt\/index.php\/category\/empreendedorismo\/\" class=\"advgb-post-tax-term\">urbanos<\/a>","<a href=\"http:\/\/maismagazine.pt\/index.php\/category\/empreendedorismo\/\" class=\"advgb-post-tax-term\">Valorsul<\/a>"],"unlinked":["<span class=\"advgb-post-tax-term\">Ambiente<\/span>","<span class=\"advgb-post-tax-term\">res\u00edduos<\/span>","<span class=\"advgb-post-tax-term\">tecnologia<\/span>","<span class=\"advgb-post-tax-term\">urbanos<\/span>","<span class=\"advgb-post-tax-term\">Valorsul<\/span>"]}},"comment_count":"0","relative_dates":{"created":"Posted 4 anos ago","modified":"Updated 4 anos ago"},"absolute_dates":{"created":"Posted on 12 de Agosto, 2022","modified":"Updated on 3 de Agosto, 2022"},"absolute_dates_time":{"created":"Posted on 12 de Agosto, 2022 7:00","modified":"Updated on 3 de Agosto, 2022 17:18"},"featured_img_caption":"","series_order":"","_links":{"self":[{"href":"http:\/\/maismagazine.pt\/index.php\/wp-json\/wp\/v2\/posts\/4221","targetHints":{"allow":["GET"]}}],"collection":[{"href":"http:\/\/maismagazine.pt\/index.php\/wp-json\/wp\/v2\/posts"}],"about":[{"href":"http:\/\/maismagazine.pt\/index.php\/wp-json\/wp\/v2\/types\/post"}],"author":[{"embeddable":true,"href":"http:\/\/maismagazine.pt\/index.php\/wp-json\/wp\/v2\/users\/7"}],"replies":[{"embeddable":true,"href":"http:\/\/maismagazine.pt\/index.php\/wp-json\/wp\/v2\/comments?post=4221"}],"version-history":[{"count":1,"href":"http:\/\/maismagazine.pt\/index.php\/wp-json\/wp\/v2\/posts\/4221\/revisions"}],"predecessor-version":[{"id":4225,"href":"http:\/\/maismagazine.pt\/index.php\/wp-json\/wp\/v2\/posts\/4221\/revisions\/4225"}],"wp:featuredmedia":[{"embeddable":true,"href":"http:\/\/maismagazine.pt\/index.php\/wp-json\/wp\/v2\/media\/4222"}],"wp:attachment":[{"href":"http:\/\/maismagazine.pt\/index.php\/wp-json\/wp\/v2\/media?parent=4221"}],"wp:term":[{"taxonomy":"category","embeddable":true,"href":"http:\/\/maismagazine.pt\/index.php\/wp-json\/wp\/v2\/categories?post=4221"},{"taxonomy":"post_tag","embeddable":true,"href":"http:\/\/maismagazine.pt\/index.php\/wp-json\/wp\/v2\/tags?post=4221"}],"curies":[{"name":"wp","href":"https:\/\/api.w.org\/{rel}","templated":true}]}}