{"id":4217,"date":"2022-08-12T07:00:00","date_gmt":"2022-08-12T06:00:00","guid":{"rendered":"https:\/\/maismagazine.pt\/?p=4217"},"modified":"2022-08-03T17:03:49","modified_gmt":"2022-08-03T16:03:49","slug":"tratolixo-ha-mais-de-tres-decadas-na-vanguarda-da-gestao-de-residuos-urbanos","status":"publish","type":"post","link":"http:\/\/maismagazine.pt\/index.php\/2022\/08\/12\/tratolixo-ha-mais-de-tres-decadas-na-vanguarda-da-gestao-de-residuos-urbanos\/","title":{"rendered":"TRATOLIXO: H\u00c1 MAIS DE TR\u00caS D\u00c9CADAS NA VANGUARDA DA GEST\u00c3O DE RES\u00cdDUOS URBANOS"},"content":{"rendered":"\n<p><\/p>\n\n\n\n<p><strong>A <a href=\"https:\/\/www.tratolixo.pt\/\">TRATOLIXO<\/a> surgiu nos anos 80 com o objetivo de dar uma resposta eficaz aos problemas relacionados com o tratamento de res\u00edduos s\u00f3lidos urbanos nos Munic\u00edpios de Cascais, Mafra, Oeiras e Sintra. Hoje, a empresa intermunicipal certificada, detida em 100% pela AMTRES \u2013 Associa\u00e7\u00e3o de Munic\u00edpios de Cascais, Mafra, Oeiras e Sintra, \u00e9 respons\u00e1vel pelo servi\u00e7o p\u00fablico de tratamento de res\u00edduos urbanos produzidos pelos mais de 800 mil habitantes deste Sistema de Gest\u00e3o de Res\u00edduos Urbanos. Fique a conhec\u00ea-la nesta edi\u00e7\u00e3o da Mais Magazine.<\/strong><\/p>\n\n\n\n<p><\/p>\n\n\n\n<p>A TRATOLIXO foi criada em 1989 por iniciativa municipal &#8211; Munic\u00edpios de Cascais, Mafra, Oeiras e Sintra \u2013 e em parceria com entidades privadas, a KOCH Portugal e a HLC S.A, e tem como miss\u00e3o assegurar o tratamento e a valoriza\u00e7\u00e3o dos Res\u00edduos Urbanos (RU) produzidos nos munic\u00edpios de Cascais, Mafra, Oeiras e Sintra, correspondendo a uma popula\u00e7\u00e3o de 860 mil cidad\u00e3os, que representa 8,3% do territ\u00f3rio nacional e cerca de 500 mil toneladas de RU por ano.<\/p>\n\n\n\n<p><br>Tendo como vis\u00e3o a utiliza\u00e7\u00e3o de t\u00e9cnicas mais avan\u00e7adas, seguras e ambientalmente adequadas, no tratamento de RU, dando especial \u00eanfase \u00e0 valoriza\u00e7\u00e3o, \u00e0 sustentabilidade e \u00e0 circularidade, considerando-os como fonte de potencial mat\u00e9ria-prima, a TRATOLIXO sempre se manteve na primeira linha na valoriza\u00e7\u00e3o de res\u00edduos e na promo\u00e7\u00e3o da recolha seletiva nas \u00e1reas geogr\u00e1ficas que lhe s\u00e3o confinadas. Gra\u00e7as a uma gest\u00e3o rigorosa, focada no futuro, na sustentabilidade e nas solu\u00e7\u00f5es tecnologicamente mais inovadoras, a TRATOLIXO afirma se hoje uma empresa sustentada: \u201cA gest\u00e3o de res\u00edduos \u00e9 realizada na \u00f3tica do recurso, firmando todos os esfor\u00e7os na sua valoriza\u00e7\u00e3o mais adequada, abordagem esta que tem por base a proje\u00e7\u00e3o de um modelo circular de neg\u00f3cios, sustentada por projetos demonstrativos<br>das pr\u00e1ticas circulares de suporte\u201d. Assim, a atua\u00e7\u00e3o da organiza\u00e7\u00e3o permite consolidar um posicionamento que se preconiza pela cria\u00e7\u00e3o de valor no ciclo produtivo, caracterizado pela reintrodu\u00e7\u00e3o do \u201cres\u00edduo\u201d como \u201crecurso\u201d na cadeia de valor. \u201cAnalisando a cadeia de produ\u00e7\u00e3o de<br>res\u00edduos, mais especificamente os biorres\u00edduos (res\u00edduos alimentares produzidos nos domic\u00edlios), pode-se concluir que representam mais de 50% do res\u00edduo indiferenciado rececionado. Assim, refletindo sobre as metas portuguesas e europeias a cumprir e considerando que os res\u00edduos alimentares t\u00eam origem nas cozinhas, adquirimos um estudo para  encontrar solu\u00e7\u00f5es regulamentares e de design funcional e integrado para tr\u00eas cozinhas j\u00e1 existentes e uma cozinha nova ideal\u201d, explica a empresa. A solu\u00e7\u00e3o poder\u00e1 passar por conceber espa\u00e7os dedicados a este fim, incorporados em mobili\u00e1rio ou no exterior, onde a otimiza\u00e7\u00e3o de espa\u00e7o seja tida em considera\u00e7\u00e3o.<\/p>\n\n\n\n<p><\/p>\n\n\n\n<p>O modelo inovador de recolha seletiva de biorres\u00edduos implementado na sua \u00e1rea de interven\u00e7\u00e3o com sacos coloridos para separa\u00e7\u00e3o \u00f3tica foi o escolhido, quer pelas mais-valias econ\u00f3micas, quer pelas mais-valias ambientais. O saco verde permite utilizar o contentor indiferenciado j\u00e1 existente, o mesmo transporte de recolha do indiferenciado, o recurso \u00e0s mesmas equipas, sem lavagens acrescidas dos cami\u00f5es de recolha e ainda poupar 300 000 m\u00b3 de \u00e1gua\/ano, bem como economizar cerca de 850 000 litros de gas\u00f3leo\/ano, ou seja, 2 250 000kg\/CO2, quando comparado com o sistema de recolha dedicada. \u201cUm estudo elaborado pela empresa de Consultoria 3DRIVERS aponta que, um sistema de recolha de biorres\u00edduos em sistema de sacos \u00f3ticos poder\u00e1 representar um acr\u00e9scimo dos custos globais de recolha na gest\u00e3o de RU no intervalo entre 27% a 43%. J\u00e1 um sistema dedicado implicar\u00e1 um aumento de custos de recolha na ordem dos 38% a 96%, face ao atual custo de gest\u00e3o dos RU. Este estudo pode ser consultado em: https:\/\/bit.ly\/2ST1PV9\u201d.<\/p>\n\n\n\n<p><\/p>\n\n\n\n<p>Neste \u00e2mbito, est\u00e3o em curso projetos-piloto e cada munic\u00edpio j\u00e1 procedeu \u00e0 entrega em cada habita\u00e7\u00e3o, de um contentor castanho e de sacos verdes, onde se podem colocar os res\u00edduos org\u00e2nicos. Os sacos s\u00e3o feitos a partir de pl\u00e1stico 100% reciclado e t\u00eam esta cor diferenciada para serem facilmente separados na TRATOLIXO. \u201cEstamos a estudar solu\u00e7\u00f5es ambientais e economicamente vi\u00e1veis de produ\u00e7\u00e3o de sacos verdes biodegrad\u00e1veis, para que tamb\u00e9m eles possam ser incorporados nos processos de Digest\u00e3o Anaer\u00f3bia e\/ou<br>Compostagem, ap\u00f3s a sua utiliza\u00e7\u00e3o, garantindo a circularidade de todo o processo\u201d, assume a empresa portuguesa. A produ\u00e7\u00e3o de microalgas para produ\u00e7\u00e3o de um pigmento verde, in situ, est\u00e1 igualmente a ser analisada, com o aproveitamento de calor e outros subprodutos da Digest\u00e3o Anaer\u00f3bia.  Ao separar os restos de comida est\u00e3o-se a reduzir os res\u00edduos enviados para aterro, gerando um maior aproveitamento de recursos para a produ\u00e7\u00e3o de energia. \u201cA partir do biog\u00e1s produzido geramos energia verde que \u00e9 vendida \u00e0 rede el\u00e9trica nacional. Produzimos composto org\u00e2nico para aplica\u00e7\u00e3o agr\u00edcola, \u00f3timo contributo para o aumento de fertilidade do solo e reutilizamos a \u00e1gua tratada na Esta\u00e7\u00e3o de Tratamento de \u00c1guas Lixiviantes (ETAL)\u201d. Promover a reutiliza\u00e7\u00e3o da \u00e1gua que consome nas suas instala\u00e7\u00f5es \u00e9 uma resposta eficaz da TRATOLIXO ao desperd\u00edcio de \u00e1gua, o que permite a mitiga\u00e7\u00e3o de impactes ambientais e a redu\u00e7\u00e3o de custos. Neste \u00e2mbito, a TRATOLIXO publicou no seu site o estudo \u201cRelat\u00f3rio final da Avalia\u00e7\u00e3o T\u00e9cnica, Econ\u00f3mica e Ambiental do Sistema de Recolha Seletiva de Biorres\u00edduos em Co-Colec\u00e7\u00e3o\u201d, em https:\/\/bit.ly\/3mWCfaY, que conclui que esta solu\u00e7\u00e3o \u00e9 \u201cmais rent\u00e1vel, mais resiliente e mais sustent\u00e1vel do que qualquer outra, para o cumprimento das metas que se pretendem atingir tanto em Portugal, como na Europa\u201d.<\/p>\n\n\n\n<p><\/p>\n\n\n\n<p><strong>Investimentos refor\u00e7am capacidade da TRATOLIXO no tratamento dos RU<\/strong><\/p>\n\n\n\n<p><\/p>\n\n\n\n<p>Tendo alcan\u00e7ado a certifica\u00e7\u00e3o do seu Sistema de Gest\u00e3o da Qualidade em 2003, e posteriormente do seu Sistema de Gest\u00e3o da Seguran\u00e7a e Sa\u00fade no Trabalho, a TRATOLIXO tem vindo a realizar um conjunto de a\u00e7\u00f5es e investimentos de modo a desenvolver as melhores solu\u00e7\u00f5es para o tratamento dos RU. O recente investimento na constru\u00e7\u00e3o da nova Central de Triagem (CT) de Res\u00edduos de Embalagem de Trajouce constitui o exemplo mais relevante das medidas implementadas nos \u00faltimos anos para fazer face a estas preocupa\u00e7\u00f5es. \u201cEm 2019 a nova CT, infraestrutura cofinanciada em 85% pelo POSEUR (projeto POSEUR-03-1911-FC-000054), iniciou o seu funcionamento com duas linhas de triagem distintas para os materiais de papel\/cart\u00e3o e embalagens de pl\u00e1stico, metal e ECAL provenientes de recolha seletiva dos ecopontos azul e amarelo\u201d, explica.<\/p>\n\n\n\n<p><\/p>\n\n\n\n<p>As duas linhas apresentam um elevado grau de automatiza\u00e7\u00e3o, atrav\u00e9s da instala\u00e7\u00e3o de equipamentos autom\u00e1ticos tecnologicamente inovadores e mais eficientes, que permitem atingir elevadas taxas de efici\u00eancia processuais e que t\u00eam como objetivo o cumprimento<br>das metas e estrat\u00e9gia comunit\u00e1ria para a preven\u00e7\u00e3o, reciclagem e valoriza\u00e7\u00e3o do res\u00edduo como recurso e, consequentemente, uma crescente minimiza\u00e7\u00e3o da deposi\u00e7\u00e3o em aterro. Atendendo \u00e0 sua capacidade instalada e aumento de efici\u00eancia, o desempenho futuro desta infraestrutura permitir\u00e1, assim, uma elevada recupera\u00e7\u00e3o destes materiais recicl\u00e1veis, promovendo a reciclagem e valoriza\u00e7\u00e3o de res\u00edduos, bem como a diminui\u00e7\u00e3o da fra\u00e7\u00e3o rejeitada do processo, o que possibilitar\u00e1 \u201co cumprimento das metas comunit\u00e1rias referentes \u00e0s retomas de recolha seletiva, de prepara\u00e7\u00e3o para reutiliza\u00e7\u00e3o e reciclagem e contribuir\u00e1 para a redu\u00e7\u00e3o da deposi\u00e7\u00e3o de res\u00edduos em aterro, metas impostas no Plano Estrat\u00e9gico para os Res\u00edduos Urbanos (PERSU 2020) para o Sistema\u201d.<\/p>\n\n\n\n<p><\/p>\n\n\n\n<p>Mais recentemente, em maio de 2022, entrou em funcionamento a nova Central de Compostagem para Res\u00edduos Verdes oriundos de recolha seletiva. Atualmente, j\u00e1 s\u00e3o recolhidos seletivamente pelos Munic\u00edpios quantidades significativas de biorres\u00edduos de jardins e parques, no entanto, por falta de capacidade de tratamento, os mesmos n\u00e3o estavam a ser encaminhados para valoriza\u00e7\u00e3o org\u00e2nica. \u201cA maioria destes res\u00edduos era encaminhada para valoriza\u00e7\u00e3o em operador externo ao Sistema, n\u00e3o estando a contribuir para as metas de prepara\u00e7\u00e3o para reutiliza\u00e7\u00e3o e reciclagem do Sistema (PPRR)\u201d. Esta nova Central de Compostagem permitir\u00e1 \u00e0 TRATOLIXO o tratamento da totalidade dos res\u00edduos verdes produzidos e recolhidos na sua \u00e1rea de interven\u00e7\u00e3o, sendo relevante o contributo da opera\u00e7\u00e3o para atingir as metas nacionais com um acr\u00e9scimo de 44.000 toneladas de biorres\u00edduos de recolha seletiva tratados organicamente. \u201cAssim podemos assegurar que ambos os investimentos potenciam uma gest\u00e3o tecnol\u00f3gica mais eficiente e conducente ao aumento da circularidade dos res\u00edduos urbanos\u201d, afirma a empresa intermunicipal.<\/p>\n\n\n\n<div class=\"wp-block-image\"><figure class=\"aligncenter size-large\"><img loading=\"lazy\" decoding=\"async\" width=\"1024\" height=\"637\" src=\"https:\/\/maismagazine.pt\/wp-content\/uploads\/2022\/08\/ecoparque-Trajouce-1024x637.jpg\" alt=\"\" class=\"wp-image-4219\" srcset=\"http:\/\/maismagazine.pt\/wp-content\/uploads\/2022\/08\/ecoparque-Trajouce-1024x637.jpg 1024w, http:\/\/maismagazine.pt\/wp-content\/uploads\/2022\/08\/ecoparque-Trajouce-300x187.jpg 300w, http:\/\/maismagazine.pt\/wp-content\/uploads\/2022\/08\/ecoparque-Trajouce-768x477.jpg 768w, http:\/\/maismagazine.pt\/wp-content\/uploads\/2022\/08\/ecoparque-Trajouce-1536x955.jpg 1536w, http:\/\/maismagazine.pt\/wp-content\/uploads\/2022\/08\/ecoparque-Trajouce-2048x1273.jpg 2048w\" sizes=\"auto, (max-width: 1024px) 100vw, 1024px\" \/><\/figure><\/div>\n\n\n\n<p><\/p>\n\n\n\n<p><strong>Nova unidade no Ecoparque de Trajouce refor\u00e7a capacidade de tratamento de res\u00edduos verdes<\/strong><\/p>\n\n\n\n<p><\/p>\n\n\n\n<p>A TRATOLIXO inaugurou, recentemente, uma nova unidade no Ecoparque de Trajouce, em Cascais, que permitir\u00e1 o refor\u00e7o da sua capacidade anual de tratamento de res\u00edduos verdes e a produ\u00e7\u00e3o de composto org\u00e2nico de elevada qualidade. Com um investimento que ascendeu os 5,2 M\u20ac, esta nova unidade destina-se ao tratamento de biorres\u00edduos de recolha seletiva e ter\u00e1 uma capacidade anual para tratar 50 mil toneladas de res\u00edduos verdes, o que representa um aumento de 88% dessa capacidade de tratamento da totalidade dos res\u00edduos verdes produzidos e recolhidos na \u00e1rea de interven\u00e7\u00e3o da TRATOLIXO. Para al\u00e9m disso, esta nova unidade ir\u00e1 ainda produzir composto org\u00e2nico de elevada qualidade, contribuindo para as exigentes metas relativas \u00e0 prepara\u00e7\u00e3o para reutiliza\u00e7\u00e3o e reciclagem, incrementando o desvio de Res\u00edduos Urbanos Biodegrad\u00e1veis (RUB) de aterro e reduzir as emiss\u00f5es de GEE (Gases de Efeito de Estufa), indo ao encontro das pol\u00edticas de mitiga\u00e7\u00e3o das altera\u00e7\u00f5es clim\u00e1ticas e de promo\u00e7\u00e3o da transi\u00e7\u00e3o para uma economia competitiva e de baixo carbono previstas no PNAC 2020\/2030. Para al\u00e9m disso, \u201cesta unidade foi constru\u00edda atrav\u00e9s da requalifica\u00e7\u00e3o dos antigos parques de compostagem da CITRS de Trajouce, sendo que a requalifica\u00e7\u00e3o e adapta\u00e7\u00e3o dos antigos parques de compostagem, assente nos princ\u00edpios da economia circular, para al\u00e9m dos benef\u00edcios econ\u00f3micos, comparativamente \u00e0 constru\u00e7\u00e3o de um novo edif\u00edcio, traz claros benef\u00edcios ambientais, pelo menor uso de recursos naturais de uma requalifica\u00e7\u00e3o, face \u00e0 demoli\u00e7\u00e3o e constru\u00e7\u00e3o de um novo edif\u00edcio\u201d, esclarece a TRATOLIXO.<\/p>\n\n\n\n<p><br>No \u00e2mbito desta requalifica\u00e7\u00e3o, a TRATOLIXO, experiente no setor e atenta ao seu desempenho ambiental, teve tamb\u00e9m em considera\u00e7\u00e3o a sustentabilidade, a efici\u00eancia energ\u00e9tica da instala\u00e7\u00e3o e a racionaliza\u00e7\u00e3o do consumo de \u00e1gua. \u201cConsiderando que o processo consome energia, foi instalada uma unidade de autoconsumo, baseada em pain\u00e9is solares fotovoltaicos e, uma vez que este processo de tratamento requer um quantitativo substancial de \u00e1gua para manuten\u00e7\u00e3o do teor ideal de humidade para o processo de compostagem, ir-se-\u00e1 recuperar as \u00e1guas pluviais para a rega das pilhas, recorrendo a caleiras instaladas nas coberturas que ser\u00e3o encaminhadas para um dep\u00f3sito que alimentar\u00e1 o processo\u201d.<\/p>\n","protected":false},"excerpt":{"rendered":"<p>A TRATOLIXO surgiu nos anos 80 com o objetivo de dar uma resposta eficaz aos problemas relacionados com o tratamento de res\u00edduos s\u00f3lidos urbanos nos Munic\u00edpios de Cascais, Mafra, Oeiras e Sintra. Hoje, a empresa intermunicipal certificada, detida em 100% pela AMTRES \u2013 Associa\u00e7\u00e3o de Munic\u00edpios de Cascais, Mafra, Oeiras&hellip;<\/p>\n","protected":false},"author":7,"featured_media":4218,"comment_status":"closed","ping_status":"open","sticky":false,"template":"","format":"standard","meta":{"advgb_blocks_editor_width":"","advgb_blocks_columns_visual_guide":"","_monsterinsights_skip_tracking":false,"_monsterinsights_sitenote_active":false,"_monsterinsights_sitenote_note":"","_monsterinsights_sitenote_category":0,"footnotes":""},"categories":[78,6],"tags":[988,942,987,989],"class_list":["post-4217","post","type-post","status-publish","format-standard","has-post-thumbnail","hentry","category-ambiente-e-sustentabilidade","category-empreendedorismo","tag-bioresiduos","tag-residuos","tag-tratolixo","tag-urbanos"],"yoast_head":"<!-- This site is optimized with the Yoast SEO plugin v24.4 - https:\/\/yoast.com\/wordpress\/plugins\/seo\/ -->\n<title>TRATOLIXO: H\u00c1 MAIS DE TR\u00caS D\u00c9CADAS NA VANGUARDA DA GEST\u00c3O DE RES\u00cdDUOS URBANOS - Mais Magazine<\/title>\n<meta name=\"description\" content=\"TRATOLIXO: NA VANGUARDA DA GEST\u00c3O DE RES\u00cdDUOS URBANOS\" \/>\n<meta name=\"robots\" content=\"index, follow, max-snippet:-1, max-image-preview:large, max-video-preview:-1\" \/>\n<link rel=\"canonical\" href=\"https:\/\/maismagazine.pt\/index.php\/2022\/08\/12\/tratolixo-ha-mais-de-tres-decadas-na-vanguarda-da-gestao-de-residuos-urbanos\/\" \/>\n<meta property=\"og:locale\" content=\"pt_PT\" \/>\n<meta property=\"og:type\" content=\"article\" \/>\n<meta property=\"og:title\" content=\"TRATOLIXO: H\u00c1 MAIS DE TR\u00caS D\u00c9CADAS NA VANGUARDA DA GEST\u00c3O DE RES\u00cdDUOS URBANOS - Mais Magazine\" \/>\n<meta property=\"og:description\" content=\"TRATOLIXO: NA VANGUARDA DA GEST\u00c3O DE RES\u00cdDUOS URBANOS\" \/>\n<meta property=\"og:url\" content=\"https:\/\/maismagazine.pt\/index.php\/2022\/08\/12\/tratolixo-ha-mais-de-tres-decadas-na-vanguarda-da-gestao-de-residuos-urbanos\/\" \/>\n<meta property=\"og:site_name\" content=\"Mais Magazine\" \/>\n<meta property=\"article:published_time\" content=\"2022-08-12T06:00:00+00:00\" \/>\n<meta property=\"og:image\" content=\"https:\/\/maismagazine.pt\/wp-content\/uploads\/2022\/08\/LUE7350_ecoparque-da-Abrunheira-scaled.jpg\" \/>\n\t<meta property=\"og:image:width\" content=\"2560\" \/>\n\t<meta property=\"og:image:height\" content=\"955\" \/>\n\t<meta property=\"og:image:type\" content=\"image\/jpeg\" \/>\n<meta name=\"author\" content=\"Jo\u00e3o Malainho\" \/>\n<meta name=\"twitter:card\" content=\"summary_large_image\" \/>\n<meta name=\"twitter:label1\" content=\"Escrito por\" \/>\n\t<meta name=\"twitter:data1\" content=\"\" \/>\n\t<meta name=\"twitter:label2\" content=\"Tempo estimado de leitura\" \/>\n\t<meta name=\"twitter:data2\" content=\"8 minutos\" \/>\n<script type=\"application\/ld+json\" class=\"yoast-schema-graph\">{\"@context\":\"https:\/\/schema.org\",\"@graph\":[{\"@type\":\"Article\",\"@id\":\"https:\/\/maismagazine.pt\/index.php\/2022\/08\/12\/tratolixo-ha-mais-de-tres-decadas-na-vanguarda-da-gestao-de-residuos-urbanos\/#article\",\"isPartOf\":{\"@id\":\"https:\/\/maismagazine.pt\/index.php\/2022\/08\/12\/tratolixo-ha-mais-de-tres-decadas-na-vanguarda-da-gestao-de-residuos-urbanos\/\"},\"author\":{\"name\":\"Jo\u00e3o Malainho\",\"@id\":\"http:\/\/maismagazine.pt\/#\/schema\/person\/999bd426f894ff56d397ec12ebd21ebb\"},\"headline\":\"TRATOLIXO: H\u00c1 MAIS DE TR\u00caS D\u00c9CADAS NA VANGUARDA DA GEST\u00c3O DE RES\u00cdDUOS URBANOS\",\"datePublished\":\"2022-08-12T06:00:00+00:00\",\"mainEntityOfPage\":{\"@id\":\"https:\/\/maismagazine.pt\/index.php\/2022\/08\/12\/tratolixo-ha-mais-de-tres-decadas-na-vanguarda-da-gestao-de-residuos-urbanos\/\"},\"wordCount\":1865,\"publisher\":{\"@id\":\"http:\/\/maismagazine.pt\/#organization\"},\"image\":{\"@id\":\"https:\/\/maismagazine.pt\/index.php\/2022\/08\/12\/tratolixo-ha-mais-de-tres-decadas-na-vanguarda-da-gestao-de-residuos-urbanos\/#primaryimage\"},\"thumbnailUrl\":\"http:\/\/maismagazine.pt\/wp-content\/uploads\/2022\/08\/LUE7350_ecoparque-da-Abrunheira-scaled.jpg\",\"keywords\":[\"biores\u00edduos\",\"res\u00edduos\",\"TRATOLIXO\",\"urbanos\"],\"articleSection\":[\"Ambiente e Sustentabilidade\",\"Empreendedorismo\"],\"inLanguage\":\"pt-PT\"},{\"@type\":\"WebPage\",\"@id\":\"https:\/\/maismagazine.pt\/index.php\/2022\/08\/12\/tratolixo-ha-mais-de-tres-decadas-na-vanguarda-da-gestao-de-residuos-urbanos\/\",\"url\":\"https:\/\/maismagazine.pt\/index.php\/2022\/08\/12\/tratolixo-ha-mais-de-tres-decadas-na-vanguarda-da-gestao-de-residuos-urbanos\/\",\"name\":\"TRATOLIXO: H\u00c1 MAIS DE TR\u00caS D\u00c9CADAS NA VANGUARDA DA GEST\u00c3O DE RES\u00cdDUOS URBANOS - Mais Magazine\",\"isPartOf\":{\"@id\":\"http:\/\/maismagazine.pt\/#website\"},\"primaryImageOfPage\":{\"@id\":\"https:\/\/maismagazine.pt\/index.php\/2022\/08\/12\/tratolixo-ha-mais-de-tres-decadas-na-vanguarda-da-gestao-de-residuos-urbanos\/#primaryimage\"},\"image\":{\"@id\":\"https:\/\/maismagazine.pt\/index.php\/2022\/08\/12\/tratolixo-ha-mais-de-tres-decadas-na-vanguarda-da-gestao-de-residuos-urbanos\/#primaryimage\"},\"thumbnailUrl\":\"http:\/\/maismagazine.pt\/wp-content\/uploads\/2022\/08\/LUE7350_ecoparque-da-Abrunheira-scaled.jpg\",\"datePublished\":\"2022-08-12T06:00:00+00:00\",\"description\":\"TRATOLIXO: NA VANGUARDA DA GEST\u00c3O DE RES\u00cdDUOS URBANOS\",\"breadcrumb\":{\"@id\":\"https:\/\/maismagazine.pt\/index.php\/2022\/08\/12\/tratolixo-ha-mais-de-tres-decadas-na-vanguarda-da-gestao-de-residuos-urbanos\/#breadcrumb\"},\"inLanguage\":\"pt-PT\",\"potentialAction\":[{\"@type\":\"ReadAction\",\"target\":[\"https:\/\/maismagazine.pt\/index.php\/2022\/08\/12\/tratolixo-ha-mais-de-tres-decadas-na-vanguarda-da-gestao-de-residuos-urbanos\/\"]}]},{\"@type\":\"ImageObject\",\"inLanguage\":\"pt-PT\",\"@id\":\"https:\/\/maismagazine.pt\/index.php\/2022\/08\/12\/tratolixo-ha-mais-de-tres-decadas-na-vanguarda-da-gestao-de-residuos-urbanos\/#primaryimage\",\"url\":\"http:\/\/maismagazine.pt\/wp-content\/uploads\/2022\/08\/LUE7350_ecoparque-da-Abrunheira-scaled.jpg\",\"contentUrl\":\"http:\/\/maismagazine.pt\/wp-content\/uploads\/2022\/08\/LUE7350_ecoparque-da-Abrunheira-scaled.jpg\",\"width\":2560,\"height\":955},{\"@type\":\"BreadcrumbList\",\"@id\":\"https:\/\/maismagazine.pt\/index.php\/2022\/08\/12\/tratolixo-ha-mais-de-tres-decadas-na-vanguarda-da-gestao-de-residuos-urbanos\/#breadcrumb\",\"itemListElement\":[{\"@type\":\"ListItem\",\"position\":1,\"name\":\"Home\",\"item\":\"http:\/\/maismagazine.pt\/\"},{\"@type\":\"ListItem\",\"position\":2,\"name\":\"TRATOLIXO: H\u00c1 MAIS DE TR\u00caS D\u00c9CADAS NA VANGUARDA DA GEST\u00c3O DE RES\u00cdDUOS URBANOS\"}]},{\"@type\":\"WebSite\",\"@id\":\"http:\/\/maismagazine.pt\/#website\",\"url\":\"http:\/\/maismagazine.pt\/\",\"name\":\"Mais Magazine\",\"description\":\"\",\"publisher\":{\"@id\":\"http:\/\/maismagazine.pt\/#organization\"},\"potentialAction\":[{\"@type\":\"SearchAction\",\"target\":{\"@type\":\"EntryPoint\",\"urlTemplate\":\"http:\/\/maismagazine.pt\/?s={search_term_string}\"},\"query-input\":{\"@type\":\"PropertyValueSpecification\",\"valueRequired\":true,\"valueName\":\"search_term_string\"}}],\"inLanguage\":\"pt-PT\"},{\"@type\":\"Organization\",\"@id\":\"http:\/\/maismagazine.pt\/#organization\",\"name\":\"Mais Magazine\",\"url\":\"http:\/\/maismagazine.pt\/\",\"logo\":{\"@type\":\"ImageObject\",\"inLanguage\":\"pt-PT\",\"@id\":\"http:\/\/maismagazine.pt\/#\/schema\/logo\/image\/\",\"url\":\"http:\/\/maismagazine.pt\/wp-content\/uploads\/2020\/04\/cropped-cropped-mais-magazine-site-logo-2.png\",\"contentUrl\":\"http:\/\/maismagazine.pt\/wp-content\/uploads\/2020\/04\/cropped-cropped-mais-magazine-site-logo-2.png\",\"width\":581,\"height\":90,\"caption\":\"Mais Magazine\"},\"image\":{\"@id\":\"http:\/\/maismagazine.pt\/#\/schema\/logo\/image\/\"}},{\"@type\":\"Person\",\"@id\":\"http:\/\/maismagazine.pt\/#\/schema\/person\/999bd426f894ff56d397ec12ebd21ebb\",\"name\":\"Jo\u00e3o Malainho\",\"image\":{\"@type\":\"ImageObject\",\"inLanguage\":\"pt-PT\",\"@id\":\"http:\/\/maismagazine.pt\/#\/schema\/person\/image\/\",\"url\":\"https:\/\/secure.gravatar.com\/avatar\/ff03c2f38edf60b2a827aa4f74878491?s=96&d=mm&r=g\",\"contentUrl\":\"https:\/\/secure.gravatar.com\/avatar\/ff03c2f38edf60b2a827aa4f74878491?s=96&d=mm&r=g\",\"caption\":\"Jo\u00e3o Malainho\"},\"url\":\"http:\/\/maismagazine.pt\/index.php\/author\/maismagazine\/\"}]}<\/script>\n<!-- \/ Yoast SEO plugin. -->","yoast_head_json":{"title":"TRATOLIXO: H\u00c1 MAIS DE TR\u00caS D\u00c9CADAS NA VANGUARDA DA GEST\u00c3O DE RES\u00cdDUOS URBANOS - Mais Magazine","description":"TRATOLIXO: NA VANGUARDA DA GEST\u00c3O DE RES\u00cdDUOS URBANOS","robots":{"index":"index","follow":"follow","max-snippet":"max-snippet:-1","max-image-preview":"max-image-preview:large","max-video-preview":"max-video-preview:-1"},"canonical":"https:\/\/maismagazine.pt\/index.php\/2022\/08\/12\/tratolixo-ha-mais-de-tres-decadas-na-vanguarda-da-gestao-de-residuos-urbanos\/","og_locale":"pt_PT","og_type":"article","og_title":"TRATOLIXO: H\u00c1 MAIS DE TR\u00caS D\u00c9CADAS NA VANGUARDA DA GEST\u00c3O DE RES\u00cdDUOS URBANOS - Mais Magazine","og_description":"TRATOLIXO: NA VANGUARDA DA GEST\u00c3O DE RES\u00cdDUOS URBANOS","og_url":"https:\/\/maismagazine.pt\/index.php\/2022\/08\/12\/tratolixo-ha-mais-de-tres-decadas-na-vanguarda-da-gestao-de-residuos-urbanos\/","og_site_name":"Mais Magazine","article_published_time":"2022-08-12T06:00:00+00:00","og_image":[{"width":2560,"height":955,"url":"https:\/\/maismagazine.pt\/wp-content\/uploads\/2022\/08\/LUE7350_ecoparque-da-Abrunheira-scaled.jpg","type":"image\/jpeg"}],"author":"Jo\u00e3o Malainho","twitter_card":"summary_large_image","twitter_misc":{"Escrito por":false,"Tempo estimado de leitura":"8 minutos"},"schema":{"@context":"https:\/\/schema.org","@graph":[{"@type":"Article","@id":"https:\/\/maismagazine.pt\/index.php\/2022\/08\/12\/tratolixo-ha-mais-de-tres-decadas-na-vanguarda-da-gestao-de-residuos-urbanos\/#article","isPartOf":{"@id":"https:\/\/maismagazine.pt\/index.php\/2022\/08\/12\/tratolixo-ha-mais-de-tres-decadas-na-vanguarda-da-gestao-de-residuos-urbanos\/"},"author":{"name":"Jo\u00e3o Malainho","@id":"http:\/\/maismagazine.pt\/#\/schema\/person\/999bd426f894ff56d397ec12ebd21ebb"},"headline":"TRATOLIXO: H\u00c1 MAIS DE TR\u00caS D\u00c9CADAS NA VANGUARDA DA GEST\u00c3O DE RES\u00cdDUOS URBANOS","datePublished":"2022-08-12T06:00:00+00:00","mainEntityOfPage":{"@id":"https:\/\/maismagazine.pt\/index.php\/2022\/08\/12\/tratolixo-ha-mais-de-tres-decadas-na-vanguarda-da-gestao-de-residuos-urbanos\/"},"wordCount":1865,"publisher":{"@id":"http:\/\/maismagazine.pt\/#organization"},"image":{"@id":"https:\/\/maismagazine.pt\/index.php\/2022\/08\/12\/tratolixo-ha-mais-de-tres-decadas-na-vanguarda-da-gestao-de-residuos-urbanos\/#primaryimage"},"thumbnailUrl":"http:\/\/maismagazine.pt\/wp-content\/uploads\/2022\/08\/LUE7350_ecoparque-da-Abrunheira-scaled.jpg","keywords":["biores\u00edduos","res\u00edduos","TRATOLIXO","urbanos"],"articleSection":["Ambiente e Sustentabilidade","Empreendedorismo"],"inLanguage":"pt-PT"},{"@type":"WebPage","@id":"https:\/\/maismagazine.pt\/index.php\/2022\/08\/12\/tratolixo-ha-mais-de-tres-decadas-na-vanguarda-da-gestao-de-residuos-urbanos\/","url":"https:\/\/maismagazine.pt\/index.php\/2022\/08\/12\/tratolixo-ha-mais-de-tres-decadas-na-vanguarda-da-gestao-de-residuos-urbanos\/","name":"TRATOLIXO: H\u00c1 MAIS DE TR\u00caS D\u00c9CADAS NA VANGUARDA DA GEST\u00c3O DE RES\u00cdDUOS URBANOS - Mais Magazine","isPartOf":{"@id":"http:\/\/maismagazine.pt\/#website"},"primaryImageOfPage":{"@id":"https:\/\/maismagazine.pt\/index.php\/2022\/08\/12\/tratolixo-ha-mais-de-tres-decadas-na-vanguarda-da-gestao-de-residuos-urbanos\/#primaryimage"},"image":{"@id":"https:\/\/maismagazine.pt\/index.php\/2022\/08\/12\/tratolixo-ha-mais-de-tres-decadas-na-vanguarda-da-gestao-de-residuos-urbanos\/#primaryimage"},"thumbnailUrl":"http:\/\/maismagazine.pt\/wp-content\/uploads\/2022\/08\/LUE7350_ecoparque-da-Abrunheira-scaled.jpg","datePublished":"2022-08-12T06:00:00+00:00","description":"TRATOLIXO: NA VANGUARDA DA GEST\u00c3O DE RES\u00cdDUOS URBANOS","breadcrumb":{"@id":"https:\/\/maismagazine.pt\/index.php\/2022\/08\/12\/tratolixo-ha-mais-de-tres-decadas-na-vanguarda-da-gestao-de-residuos-urbanos\/#breadcrumb"},"inLanguage":"pt-PT","potentialAction":[{"@type":"ReadAction","target":["https:\/\/maismagazine.pt\/index.php\/2022\/08\/12\/tratolixo-ha-mais-de-tres-decadas-na-vanguarda-da-gestao-de-residuos-urbanos\/"]}]},{"@type":"ImageObject","inLanguage":"pt-PT","@id":"https:\/\/maismagazine.pt\/index.php\/2022\/08\/12\/tratolixo-ha-mais-de-tres-decadas-na-vanguarda-da-gestao-de-residuos-urbanos\/#primaryimage","url":"http:\/\/maismagazine.pt\/wp-content\/uploads\/2022\/08\/LUE7350_ecoparque-da-Abrunheira-scaled.jpg","contentUrl":"http:\/\/maismagazine.pt\/wp-content\/uploads\/2022\/08\/LUE7350_ecoparque-da-Abrunheira-scaled.jpg","width":2560,"height":955},{"@type":"BreadcrumbList","@id":"https:\/\/maismagazine.pt\/index.php\/2022\/08\/12\/tratolixo-ha-mais-de-tres-decadas-na-vanguarda-da-gestao-de-residuos-urbanos\/#breadcrumb","itemListElement":[{"@type":"ListItem","position":1,"name":"Home","item":"http:\/\/maismagazine.pt\/"},{"@type":"ListItem","position":2,"name":"TRATOLIXO: H\u00c1 MAIS DE TR\u00caS D\u00c9CADAS NA VANGUARDA DA GEST\u00c3O DE RES\u00cdDUOS URBANOS"}]},{"@type":"WebSite","@id":"http:\/\/maismagazine.pt\/#website","url":"http:\/\/maismagazine.pt\/","name":"Mais Magazine","description":"","publisher":{"@id":"http:\/\/maismagazine.pt\/#organization"},"potentialAction":[{"@type":"SearchAction","target":{"@type":"EntryPoint","urlTemplate":"http:\/\/maismagazine.pt\/?s={search_term_string}"},"query-input":{"@type":"PropertyValueSpecification","valueRequired":true,"valueName":"search_term_string"}}],"inLanguage":"pt-PT"},{"@type":"Organization","@id":"http:\/\/maismagazine.pt\/#organization","name":"Mais Magazine","url":"http:\/\/maismagazine.pt\/","logo":{"@type":"ImageObject","inLanguage":"pt-PT","@id":"http:\/\/maismagazine.pt\/#\/schema\/logo\/image\/","url":"http:\/\/maismagazine.pt\/wp-content\/uploads\/2020\/04\/cropped-cropped-mais-magazine-site-logo-2.png","contentUrl":"http:\/\/maismagazine.pt\/wp-content\/uploads\/2020\/04\/cropped-cropped-mais-magazine-site-logo-2.png","width":581,"height":90,"caption":"Mais Magazine"},"image":{"@id":"http:\/\/maismagazine.pt\/#\/schema\/logo\/image\/"}},{"@type":"Person","@id":"http:\/\/maismagazine.pt\/#\/schema\/person\/999bd426f894ff56d397ec12ebd21ebb","name":"Jo\u00e3o Malainho","image":{"@type":"ImageObject","inLanguage":"pt-PT","@id":"http:\/\/maismagazine.pt\/#\/schema\/person\/image\/","url":"https:\/\/secure.gravatar.com\/avatar\/ff03c2f38edf60b2a827aa4f74878491?s=96&d=mm&r=g","contentUrl":"https:\/\/secure.gravatar.com\/avatar\/ff03c2f38edf60b2a827aa4f74878491?s=96&d=mm&r=g","caption":"Jo\u00e3o Malainho"},"url":"http:\/\/maismagazine.pt\/index.php\/author\/maismagazine\/"}]}},"author_meta":{"display_name":false,"author_link":"http:\/\/maismagazine.pt\/index.php\/author\/maismagazine\/"},"featured_img":"http:\/\/maismagazine.pt\/wp-content\/uploads\/2022\/08\/LUE7350_ecoparque-da-Abrunheira-300x112.jpg","coauthors":[],"tax_additional":{"categories":{"linked":["<a href=\"http:\/\/maismagazine.pt\/index.php\/category\/empreendedorismo\/ambiente-e-sustentabilidade\/\" class=\"advgb-post-tax-term\">Ambiente e Sustentabilidade<\/a>","<a href=\"http:\/\/maismagazine.pt\/index.php\/category\/empreendedorismo\/\" class=\"advgb-post-tax-term\">Empreendedorismo<\/a>"],"unlinked":["<span class=\"advgb-post-tax-term\">Ambiente e Sustentabilidade<\/span>","<span class=\"advgb-post-tax-term\">Empreendedorismo<\/span>"]},"tags":{"linked":["<a href=\"http:\/\/maismagazine.pt\/index.php\/category\/empreendedorismo\/\" class=\"advgb-post-tax-term\">biores\u00edduos<\/a>","<a href=\"http:\/\/maismagazine.pt\/index.php\/category\/empreendedorismo\/\" class=\"advgb-post-tax-term\">res\u00edduos<\/a>","<a href=\"http:\/\/maismagazine.pt\/index.php\/category\/empreendedorismo\/\" class=\"advgb-post-tax-term\">TRATOLIXO<\/a>","<a href=\"http:\/\/maismagazine.pt\/index.php\/category\/empreendedorismo\/\" class=\"advgb-post-tax-term\">urbanos<\/a>"],"unlinked":["<span class=\"advgb-post-tax-term\">biores\u00edduos<\/span>","<span class=\"advgb-post-tax-term\">res\u00edduos<\/span>","<span class=\"advgb-post-tax-term\">TRATOLIXO<\/span>","<span class=\"advgb-post-tax-term\">urbanos<\/span>"]}},"comment_count":"0","relative_dates":{"created":"Posted 4 anos ago","modified":"Updated 4 anos ago"},"absolute_dates":{"created":"Posted on 12 de Agosto, 2022","modified":"Updated on 3 de Agosto, 2022"},"absolute_dates_time":{"created":"Posted on 12 de Agosto, 2022 7:00","modified":"Updated on 3 de Agosto, 2022 17:03"},"featured_img_caption":"","series_order":"","_links":{"self":[{"href":"http:\/\/maismagazine.pt\/index.php\/wp-json\/wp\/v2\/posts\/4217","targetHints":{"allow":["GET"]}}],"collection":[{"href":"http:\/\/maismagazine.pt\/index.php\/wp-json\/wp\/v2\/posts"}],"about":[{"href":"http:\/\/maismagazine.pt\/index.php\/wp-json\/wp\/v2\/types\/post"}],"author":[{"embeddable":true,"href":"http:\/\/maismagazine.pt\/index.php\/wp-json\/wp\/v2\/users\/7"}],"replies":[{"embeddable":true,"href":"http:\/\/maismagazine.pt\/index.php\/wp-json\/wp\/v2\/comments?post=4217"}],"version-history":[{"count":1,"href":"http:\/\/maismagazine.pt\/index.php\/wp-json\/wp\/v2\/posts\/4217\/revisions"}],"predecessor-version":[{"id":4220,"href":"http:\/\/maismagazine.pt\/index.php\/wp-json\/wp\/v2\/posts\/4217\/revisions\/4220"}],"wp:featuredmedia":[{"embeddable":true,"href":"http:\/\/maismagazine.pt\/index.php\/wp-json\/wp\/v2\/media\/4218"}],"wp:attachment":[{"href":"http:\/\/maismagazine.pt\/index.php\/wp-json\/wp\/v2\/media?parent=4217"}],"wp:term":[{"taxonomy":"category","embeddable":true,"href":"http:\/\/maismagazine.pt\/index.php\/wp-json\/wp\/v2\/categories?post=4217"},{"taxonomy":"post_tag","embeddable":true,"href":"http:\/\/maismagazine.pt\/index.php\/wp-json\/wp\/v2\/tags?post=4217"}],"curies":[{"name":"wp","href":"https:\/\/api.w.org\/{rel}","templated":true}]}}