{"id":4148,"date":"2022-08-12T07:00:00","date_gmt":"2022-08-12T06:00:00","guid":{"rendered":"https:\/\/maismagazine.pt\/?p=4148"},"modified":"2022-08-03T15:14:02","modified_gmt":"2022-08-03T14:14:02","slug":"esperanca-no-tudo-que-sera-o-setor-energetico-em-portugal","status":"publish","type":"post","link":"http:\/\/maismagazine.pt\/index.php\/2022\/08\/12\/esperanca-no-tudo-que-sera-o-setor-energetico-em-portugal\/","title":{"rendered":"\u201cEsperan\u00e7a\u201d no \u201ctudo\u201d que ser\u00e1 o setor energ\u00e9tico em Portugal"},"content":{"rendered":"\n<p><\/p>\n\n\n\n<p><\/p>\n\n\n\n<p><strong>A presidente da Associa\u00e7\u00e3o Portuguesa de Res\u00edduos para a Bioenergia (<a href=\"http:\/\/aporeb.eu\/\">APOREB<\/a>), Quit\u00e9ria Ant\u00e3o, defende uma estabilidade legislativa que n\u00e3o coloque entraves \u00e0 atividade dos seus associados. Estamos a falar de um setor que representa j\u00e1 1% do PIB nacional.<\/strong><\/p>\n\n\n\n<p><\/p>\n\n\n\n<p>J\u00e1 diz o prov\u00e9rbio popular portugu\u00eas: a esperan\u00e7a \u00e9 a \u00faltima a morrer. E \u00e9 com este pensamento bem vincado que \u00e9 lan\u00e7ado o pontap\u00e9 de sa\u00edda da conversa entre a Mais Magazine e Quit\u00e9ria Ant\u00e3o, Presidente da Associa\u00e7\u00e3o Portuguesa de Res\u00edduos para a Bioenergia (APOREB). A Engenheira avaliava o futuro do setor energ\u00e9tico em Portugal, e nas suas palavras, esse pode ser \u201ctudo, ou pouco\u201d. Ora, este balancear de incerteza na opini\u00e3o da entrevistada vai depender das \u201cpol\u00edticas\u201d que forem desenvolvidas no pa\u00eds ao longo do tempo.<\/p>\n\n\n\n<p><\/p>\n\n\n\n<p>Rumo \u00e0 concretiza\u00e7\u00e3o do \u201ctudo\u201d e n\u00e3o ao \u201cnada\u201d est\u00e1 alinhado o trabalho que \u00e9 desenvolvido pela APOREB, que se destina \u00e0 produ\u00e7\u00e3o de biocombust\u00edveis com zero emiss\u00e3o de CO2, e cujos objetivos s\u00e3o claros e prendem-se, em termos pr\u00e1ticos, na promo\u00e7\u00e3o \u201cda recolha seletiva eficiente de \u00f3leos  alimentares usados nos sectores HoReCa, Industrial e Dom\u00e9stico.\u201d Atualmente, esta associa\u00e7\u00e3o sem fins lucrativos, que agrega \u201centidades privadas, singulares ou coletivas\u201d tem uma representa\u00e7\u00e3o, \u201cquando reportada ao ano de 2021, de cerca 1% do PIB\u201d, logo tem import\u00e2ncia no desenvolvimento econ\u00f3mico do pa\u00eds e na gera\u00e7\u00e3o de novos postos de trabalho, e os \u201cos seus associados representam mais de 70% da recolha nacional\u201d.<\/p>\n\n\n\n<p><\/p>\n\n\n\n<p>Questionada sobre os desafios que os Operadores de Gest\u00e3o de Res\u00edduos para a Bioenergia enfrentam na realiza\u00e7\u00e3o das tarefas do dia, Quit\u00e9ria Ant\u00e3o enumera a \u201cfalta de incentivo ao investimento, devido \u00e0 pouca estabilidade e inefici\u00eancia na aplica\u00e7\u00e3o da Lei\u201d, porque \u201choje pode-se fazer, amanh\u00e3 n\u00e3o se sabe.\u201d<\/p>\n\n\n\n<p><\/p>\n\n\n\n<p>A respons\u00e1vel pela APOREB, em jeito de remate, aponta com otimismo o futuro da organiza\u00e7\u00e3o que gere e diz que o posicionamento da mesma na cadeia de valor permitir-lhes-\u00e1, a muito curto prazo, caso as pol\u00edticas nacionais assim o proporcionem, uma import\u00e2ncia vital na produ\u00e7\u00e3o de outras bioenergias, nomeadamente na produ\u00e7\u00e3o de biog\u00e1s  e de eletricidade a partir deste, dada \u201ca rela\u00e7\u00e3o intr\u00ednseca da produ\u00e7\u00e3o de res\u00edduos biodegrad\u00e1veis nas fontes de produ\u00e7\u00e3o de \u00f3leo alimentar usado.\u201d<\/p>\n\n\n\n<p><\/p>\n\n\n\n<p><strong>Colocar o setor dos res\u00edduos como uma \u201cind\u00fastria de primeira linha\u201d<\/strong><\/p>\n\n\n\n<p><strong><br><\/strong>Quit\u00e9ria Ant\u00e3o, relativamente ao upgrade do setor dos res\u00edduos, refor\u00e7a que a legisla\u00e7\u00e3o portuguesa \u00e9 um entrave, apesar de existirem recicladores portugueses, de todos os fluxos de res\u00edduos, \u201cfortes e com nervo para serem grandes investidores\u201d. Nesse sentido, tamb\u00e9m esclarece que existe um grande acumular de \u201ccustos administrativos, que delapidam riqueza e efici\u00eancia aos processos de reciclagem.\u201d A pr\u00f3pria ainda acrescenta que \u00e9 imposs\u00edvel \u201cinvestir, sofisticar e obter valor acrescentado quando um empres\u00e1rio, para adquirir um equipamento, tem que pedir por favor ao Estado que lhe aprove um licenciamento que, em alguns organismos demora, por raz\u00f5es completamente indiscrit\u00edveis em termos legais, quatro ou mais anos a ser concedido\u201d. E depois disso acontecer, \u201cse n\u00e3o falir antes de come\u00e7ar a laborar, pode deparar-se com outras altera\u00e7\u00f5es legislativas inesperadas, na cadeia de valor, que podem alterar a sua posi\u00e7\u00e3o no mercado de forma dram\u00e1tica.\u201d<\/p>\n\n\n\n<p><\/p>\n","protected":false},"excerpt":{"rendered":"<p>A presidente da Associa\u00e7\u00e3o Portuguesa de Res\u00edduos para a Bioenergia (APOREB), Quit\u00e9ria Ant\u00e3o, defende uma estabilidade legislativa que n\u00e3o coloque entraves \u00e0 atividade dos seus associados. Estamos a falar de um setor que representa j\u00e1 1% do PIB nacional. J\u00e1 diz o prov\u00e9rbio popular portugu\u00eas: a esperan\u00e7a \u00e9 a \u00faltima&hellip;<\/p>\n","protected":false},"author":7,"featured_media":4155,"comment_status":"closed","ping_status":"open","sticky":false,"template":"","format":"standard","meta":{"advgb_blocks_editor_width":"","advgb_blocks_columns_visual_guide":"","_monsterinsights_skip_tracking":false,"_monsterinsights_sitenote_active":false,"_monsterinsights_sitenote_note":"","_monsterinsights_sitenote_category":0,"footnotes":""},"categories":[78,6],"tags":[954,956,237,955],"class_list":["post-4148","post","type-post","status-publish","format-standard","has-post-thumbnail","hentry","category-ambiente-e-sustentabilidade","category-empreendedorismo","tag-aporeb","tag-co2","tag-industria","tag-quiteria-antao"],"yoast_head":"<!-- This site is optimized with the Yoast SEO plugin v24.4 - https:\/\/yoast.com\/wordpress\/plugins\/seo\/ -->\n<title>\u201cEsperan\u00e7a\u201d no \u201ctudo\u201d que ser\u00e1 o setor energ\u00e9tico em Portugal - Mais Magazine<\/title>\n<meta name=\"description\" content=\"Aporeb - \u201cEsperan\u00e7a\u201d no \u201ctudo\u201d que ser\u00e1 o setor energ\u00e9tico em Portugal\" \/>\n<meta name=\"robots\" content=\"index, follow, max-snippet:-1, max-image-preview:large, max-video-preview:-1\" \/>\n<link rel=\"canonical\" href=\"http:\/\/maismagazine.pt\/index.php\/2022\/08\/12\/esperanca-no-tudo-que-sera-o-setor-energetico-em-portugal\/\" \/>\n<meta property=\"og:locale\" content=\"pt_PT\" \/>\n<meta property=\"og:type\" content=\"article\" \/>\n<meta property=\"og:title\" content=\"\u201cEsperan\u00e7a\u201d no \u201ctudo\u201d que ser\u00e1 o setor energ\u00e9tico em Portugal - Mais Magazine\" \/>\n<meta property=\"og:description\" content=\"Aporeb - \u201cEsperan\u00e7a\u201d no \u201ctudo\u201d que ser\u00e1 o setor energ\u00e9tico em Portugal\" \/>\n<meta property=\"og:url\" content=\"http:\/\/maismagazine.pt\/index.php\/2022\/08\/12\/esperanca-no-tudo-que-sera-o-setor-energetico-em-portugal\/\" \/>\n<meta property=\"og:site_name\" content=\"Mais Magazine\" \/>\n<meta property=\"article:published_time\" content=\"2022-08-12T06:00:00+00:00\" \/>\n<meta property=\"og:image\" content=\"http:\/\/maismagazine.pt\/wp-content\/uploads\/2022\/08\/Foto-Expresso-4-scaled.jpg\" \/>\n\t<meta property=\"og:image:width\" content=\"1706\" \/>\n\t<meta property=\"og:image:height\" content=\"2560\" \/>\n\t<meta property=\"og:image:type\" content=\"image\/jpeg\" \/>\n<meta name=\"author\" content=\"Jo\u00e3o Malainho\" \/>\n<meta name=\"twitter:card\" content=\"summary_large_image\" \/>\n<meta name=\"twitter:label1\" content=\"Escrito por\" \/>\n\t<meta name=\"twitter:data1\" content=\"\" \/>\n\t<meta name=\"twitter:label2\" content=\"Tempo estimado de leitura\" \/>\n\t<meta name=\"twitter:data2\" content=\"3 minutos\" \/>\n<script type=\"application\/ld+json\" class=\"yoast-schema-graph\">{\"@context\":\"https:\/\/schema.org\",\"@graph\":[{\"@type\":\"Article\",\"@id\":\"http:\/\/maismagazine.pt\/index.php\/2022\/08\/12\/esperanca-no-tudo-que-sera-o-setor-energetico-em-portugal\/#article\",\"isPartOf\":{\"@id\":\"http:\/\/maismagazine.pt\/index.php\/2022\/08\/12\/esperanca-no-tudo-que-sera-o-setor-energetico-em-portugal\/\"},\"author\":{\"name\":\"Jo\u00e3o Malainho\",\"@id\":\"http:\/\/maismagazine.pt\/#\/schema\/person\/999bd426f894ff56d397ec12ebd21ebb\"},\"headline\":\"\u201cEsperan\u00e7a\u201d no \u201ctudo\u201d que ser\u00e1 o setor energ\u00e9tico em Portugal\",\"datePublished\":\"2022-08-12T06:00:00+00:00\",\"mainEntityOfPage\":{\"@id\":\"http:\/\/maismagazine.pt\/index.php\/2022\/08\/12\/esperanca-no-tudo-que-sera-o-setor-energetico-em-portugal\/\"},\"wordCount\":587,\"publisher\":{\"@id\":\"http:\/\/maismagazine.pt\/#organization\"},\"image\":{\"@id\":\"http:\/\/maismagazine.pt\/index.php\/2022\/08\/12\/esperanca-no-tudo-que-sera-o-setor-energetico-em-portugal\/#primaryimage\"},\"thumbnailUrl\":\"http:\/\/maismagazine.pt\/wp-content\/uploads\/2022\/08\/Foto-Expresso-4-scaled.jpg\",\"keywords\":[\"APOREB\",\"CO2\",\"ind\u00fastria\",\"Quit\u00e9ria Ant\u00e3o\"],\"articleSection\":[\"Ambiente e Sustentabilidade\",\"Empreendedorismo\"],\"inLanguage\":\"pt-PT\"},{\"@type\":\"WebPage\",\"@id\":\"http:\/\/maismagazine.pt\/index.php\/2022\/08\/12\/esperanca-no-tudo-que-sera-o-setor-energetico-em-portugal\/\",\"url\":\"http:\/\/maismagazine.pt\/index.php\/2022\/08\/12\/esperanca-no-tudo-que-sera-o-setor-energetico-em-portugal\/\",\"name\":\"\u201cEsperan\u00e7a\u201d no \u201ctudo\u201d que ser\u00e1 o setor energ\u00e9tico em Portugal - Mais Magazine\",\"isPartOf\":{\"@id\":\"http:\/\/maismagazine.pt\/#website\"},\"primaryImageOfPage\":{\"@id\":\"http:\/\/maismagazine.pt\/index.php\/2022\/08\/12\/esperanca-no-tudo-que-sera-o-setor-energetico-em-portugal\/#primaryimage\"},\"image\":{\"@id\":\"http:\/\/maismagazine.pt\/index.php\/2022\/08\/12\/esperanca-no-tudo-que-sera-o-setor-energetico-em-portugal\/#primaryimage\"},\"thumbnailUrl\":\"http:\/\/maismagazine.pt\/wp-content\/uploads\/2022\/08\/Foto-Expresso-4-scaled.jpg\",\"datePublished\":\"2022-08-12T06:00:00+00:00\",\"description\":\"Aporeb - \u201cEsperan\u00e7a\u201d no \u201ctudo\u201d que ser\u00e1 o setor energ\u00e9tico em Portugal\",\"breadcrumb\":{\"@id\":\"http:\/\/maismagazine.pt\/index.php\/2022\/08\/12\/esperanca-no-tudo-que-sera-o-setor-energetico-em-portugal\/#breadcrumb\"},\"inLanguage\":\"pt-PT\",\"potentialAction\":[{\"@type\":\"ReadAction\",\"target\":[\"http:\/\/maismagazine.pt\/index.php\/2022\/08\/12\/esperanca-no-tudo-que-sera-o-setor-energetico-em-portugal\/\"]}]},{\"@type\":\"ImageObject\",\"inLanguage\":\"pt-PT\",\"@id\":\"http:\/\/maismagazine.pt\/index.php\/2022\/08\/12\/esperanca-no-tudo-que-sera-o-setor-energetico-em-portugal\/#primaryimage\",\"url\":\"http:\/\/maismagazine.pt\/wp-content\/uploads\/2022\/08\/Foto-Expresso-4-scaled.jpg\",\"contentUrl\":\"http:\/\/maismagazine.pt\/wp-content\/uploads\/2022\/08\/Foto-Expresso-4-scaled.jpg\",\"width\":1706,\"height\":2560},{\"@type\":\"BreadcrumbList\",\"@id\":\"http:\/\/maismagazine.pt\/index.php\/2022\/08\/12\/esperanca-no-tudo-que-sera-o-setor-energetico-em-portugal\/#breadcrumb\",\"itemListElement\":[{\"@type\":\"ListItem\",\"position\":1,\"name\":\"Home\",\"item\":\"http:\/\/maismagazine.pt\/\"},{\"@type\":\"ListItem\",\"position\":2,\"name\":\"\u201cEsperan\u00e7a\u201d no \u201ctudo\u201d que ser\u00e1 o setor energ\u00e9tico em Portugal\"}]},{\"@type\":\"WebSite\",\"@id\":\"http:\/\/maismagazine.pt\/#website\",\"url\":\"http:\/\/maismagazine.pt\/\",\"name\":\"Mais Magazine\",\"description\":\"\",\"publisher\":{\"@id\":\"http:\/\/maismagazine.pt\/#organization\"},\"potentialAction\":[{\"@type\":\"SearchAction\",\"target\":{\"@type\":\"EntryPoint\",\"urlTemplate\":\"http:\/\/maismagazine.pt\/?s={search_term_string}\"},\"query-input\":{\"@type\":\"PropertyValueSpecification\",\"valueRequired\":true,\"valueName\":\"search_term_string\"}}],\"inLanguage\":\"pt-PT\"},{\"@type\":\"Organization\",\"@id\":\"http:\/\/maismagazine.pt\/#organization\",\"name\":\"Mais Magazine\",\"url\":\"http:\/\/maismagazine.pt\/\",\"logo\":{\"@type\":\"ImageObject\",\"inLanguage\":\"pt-PT\",\"@id\":\"http:\/\/maismagazine.pt\/#\/schema\/logo\/image\/\",\"url\":\"http:\/\/maismagazine.pt\/wp-content\/uploads\/2020\/04\/cropped-cropped-mais-magazine-site-logo-2.png\",\"contentUrl\":\"http:\/\/maismagazine.pt\/wp-content\/uploads\/2020\/04\/cropped-cropped-mais-magazine-site-logo-2.png\",\"width\":581,\"height\":90,\"caption\":\"Mais Magazine\"},\"image\":{\"@id\":\"http:\/\/maismagazine.pt\/#\/schema\/logo\/image\/\"}},{\"@type\":\"Person\",\"@id\":\"http:\/\/maismagazine.pt\/#\/schema\/person\/999bd426f894ff56d397ec12ebd21ebb\",\"name\":\"Jo\u00e3o Malainho\",\"image\":{\"@type\":\"ImageObject\",\"inLanguage\":\"pt-PT\",\"@id\":\"http:\/\/maismagazine.pt\/#\/schema\/person\/image\/\",\"url\":\"https:\/\/secure.gravatar.com\/avatar\/ff03c2f38edf60b2a827aa4f74878491?s=96&d=mm&r=g\",\"contentUrl\":\"https:\/\/secure.gravatar.com\/avatar\/ff03c2f38edf60b2a827aa4f74878491?s=96&d=mm&r=g\",\"caption\":\"Jo\u00e3o Malainho\"},\"url\":\"http:\/\/maismagazine.pt\/index.php\/author\/maismagazine\/\"}]}<\/script>\n<!-- \/ Yoast SEO plugin. -->","yoast_head_json":{"title":"\u201cEsperan\u00e7a\u201d no \u201ctudo\u201d que ser\u00e1 o setor energ\u00e9tico em Portugal - Mais Magazine","description":"Aporeb - \u201cEsperan\u00e7a\u201d no \u201ctudo\u201d que ser\u00e1 o setor energ\u00e9tico em Portugal","robots":{"index":"index","follow":"follow","max-snippet":"max-snippet:-1","max-image-preview":"max-image-preview:large","max-video-preview":"max-video-preview:-1"},"canonical":"http:\/\/maismagazine.pt\/index.php\/2022\/08\/12\/esperanca-no-tudo-que-sera-o-setor-energetico-em-portugal\/","og_locale":"pt_PT","og_type":"article","og_title":"\u201cEsperan\u00e7a\u201d no \u201ctudo\u201d que ser\u00e1 o setor energ\u00e9tico em Portugal - Mais Magazine","og_description":"Aporeb - \u201cEsperan\u00e7a\u201d no \u201ctudo\u201d que ser\u00e1 o setor energ\u00e9tico em Portugal","og_url":"http:\/\/maismagazine.pt\/index.php\/2022\/08\/12\/esperanca-no-tudo-que-sera-o-setor-energetico-em-portugal\/","og_site_name":"Mais Magazine","article_published_time":"2022-08-12T06:00:00+00:00","og_image":[{"width":1706,"height":2560,"url":"http:\/\/maismagazine.pt\/wp-content\/uploads\/2022\/08\/Foto-Expresso-4-scaled.jpg","type":"image\/jpeg"}],"author":"Jo\u00e3o Malainho","twitter_card":"summary_large_image","twitter_misc":{"Escrito por":false,"Tempo estimado de leitura":"3 minutos"},"schema":{"@context":"https:\/\/schema.org","@graph":[{"@type":"Article","@id":"http:\/\/maismagazine.pt\/index.php\/2022\/08\/12\/esperanca-no-tudo-que-sera-o-setor-energetico-em-portugal\/#article","isPartOf":{"@id":"http:\/\/maismagazine.pt\/index.php\/2022\/08\/12\/esperanca-no-tudo-que-sera-o-setor-energetico-em-portugal\/"},"author":{"name":"Jo\u00e3o Malainho","@id":"http:\/\/maismagazine.pt\/#\/schema\/person\/999bd426f894ff56d397ec12ebd21ebb"},"headline":"\u201cEsperan\u00e7a\u201d no \u201ctudo\u201d que ser\u00e1 o setor energ\u00e9tico em Portugal","datePublished":"2022-08-12T06:00:00+00:00","mainEntityOfPage":{"@id":"http:\/\/maismagazine.pt\/index.php\/2022\/08\/12\/esperanca-no-tudo-que-sera-o-setor-energetico-em-portugal\/"},"wordCount":587,"publisher":{"@id":"http:\/\/maismagazine.pt\/#organization"},"image":{"@id":"http:\/\/maismagazine.pt\/index.php\/2022\/08\/12\/esperanca-no-tudo-que-sera-o-setor-energetico-em-portugal\/#primaryimage"},"thumbnailUrl":"http:\/\/maismagazine.pt\/wp-content\/uploads\/2022\/08\/Foto-Expresso-4-scaled.jpg","keywords":["APOREB","CO2","ind\u00fastria","Quit\u00e9ria Ant\u00e3o"],"articleSection":["Ambiente e Sustentabilidade","Empreendedorismo"],"inLanguage":"pt-PT"},{"@type":"WebPage","@id":"http:\/\/maismagazine.pt\/index.php\/2022\/08\/12\/esperanca-no-tudo-que-sera-o-setor-energetico-em-portugal\/","url":"http:\/\/maismagazine.pt\/index.php\/2022\/08\/12\/esperanca-no-tudo-que-sera-o-setor-energetico-em-portugal\/","name":"\u201cEsperan\u00e7a\u201d no \u201ctudo\u201d que ser\u00e1 o setor energ\u00e9tico em Portugal - Mais Magazine","isPartOf":{"@id":"http:\/\/maismagazine.pt\/#website"},"primaryImageOfPage":{"@id":"http:\/\/maismagazine.pt\/index.php\/2022\/08\/12\/esperanca-no-tudo-que-sera-o-setor-energetico-em-portugal\/#primaryimage"},"image":{"@id":"http:\/\/maismagazine.pt\/index.php\/2022\/08\/12\/esperanca-no-tudo-que-sera-o-setor-energetico-em-portugal\/#primaryimage"},"thumbnailUrl":"http:\/\/maismagazine.pt\/wp-content\/uploads\/2022\/08\/Foto-Expresso-4-scaled.jpg","datePublished":"2022-08-12T06:00:00+00:00","description":"Aporeb - \u201cEsperan\u00e7a\u201d no \u201ctudo\u201d que ser\u00e1 o setor energ\u00e9tico em Portugal","breadcrumb":{"@id":"http:\/\/maismagazine.pt\/index.php\/2022\/08\/12\/esperanca-no-tudo-que-sera-o-setor-energetico-em-portugal\/#breadcrumb"},"inLanguage":"pt-PT","potentialAction":[{"@type":"ReadAction","target":["http:\/\/maismagazine.pt\/index.php\/2022\/08\/12\/esperanca-no-tudo-que-sera-o-setor-energetico-em-portugal\/"]}]},{"@type":"ImageObject","inLanguage":"pt-PT","@id":"http:\/\/maismagazine.pt\/index.php\/2022\/08\/12\/esperanca-no-tudo-que-sera-o-setor-energetico-em-portugal\/#primaryimage","url":"http:\/\/maismagazine.pt\/wp-content\/uploads\/2022\/08\/Foto-Expresso-4-scaled.jpg","contentUrl":"http:\/\/maismagazine.pt\/wp-content\/uploads\/2022\/08\/Foto-Expresso-4-scaled.jpg","width":1706,"height":2560},{"@type":"BreadcrumbList","@id":"http:\/\/maismagazine.pt\/index.php\/2022\/08\/12\/esperanca-no-tudo-que-sera-o-setor-energetico-em-portugal\/#breadcrumb","itemListElement":[{"@type":"ListItem","position":1,"name":"Home","item":"http:\/\/maismagazine.pt\/"},{"@type":"ListItem","position":2,"name":"\u201cEsperan\u00e7a\u201d no \u201ctudo\u201d que ser\u00e1 o setor energ\u00e9tico em Portugal"}]},{"@type":"WebSite","@id":"http:\/\/maismagazine.pt\/#website","url":"http:\/\/maismagazine.pt\/","name":"Mais Magazine","description":"","publisher":{"@id":"http:\/\/maismagazine.pt\/#organization"},"potentialAction":[{"@type":"SearchAction","target":{"@type":"EntryPoint","urlTemplate":"http:\/\/maismagazine.pt\/?s={search_term_string}"},"query-input":{"@type":"PropertyValueSpecification","valueRequired":true,"valueName":"search_term_string"}}],"inLanguage":"pt-PT"},{"@type":"Organization","@id":"http:\/\/maismagazine.pt\/#organization","name":"Mais Magazine","url":"http:\/\/maismagazine.pt\/","logo":{"@type":"ImageObject","inLanguage":"pt-PT","@id":"http:\/\/maismagazine.pt\/#\/schema\/logo\/image\/","url":"http:\/\/maismagazine.pt\/wp-content\/uploads\/2020\/04\/cropped-cropped-mais-magazine-site-logo-2.png","contentUrl":"http:\/\/maismagazine.pt\/wp-content\/uploads\/2020\/04\/cropped-cropped-mais-magazine-site-logo-2.png","width":581,"height":90,"caption":"Mais Magazine"},"image":{"@id":"http:\/\/maismagazine.pt\/#\/schema\/logo\/image\/"}},{"@type":"Person","@id":"http:\/\/maismagazine.pt\/#\/schema\/person\/999bd426f894ff56d397ec12ebd21ebb","name":"Jo\u00e3o Malainho","image":{"@type":"ImageObject","inLanguage":"pt-PT","@id":"http:\/\/maismagazine.pt\/#\/schema\/person\/image\/","url":"https:\/\/secure.gravatar.com\/avatar\/ff03c2f38edf60b2a827aa4f74878491?s=96&d=mm&r=g","contentUrl":"https:\/\/secure.gravatar.com\/avatar\/ff03c2f38edf60b2a827aa4f74878491?s=96&d=mm&r=g","caption":"Jo\u00e3o Malainho"},"url":"http:\/\/maismagazine.pt\/index.php\/author\/maismagazine\/"}]}},"author_meta":{"display_name":false,"author_link":"http:\/\/maismagazine.pt\/index.php\/author\/maismagazine\/"},"featured_img":"http:\/\/maismagazine.pt\/wp-content\/uploads\/2022\/08\/Foto-Expresso-4-200x300.jpg","coauthors":[],"tax_additional":{"categories":{"linked":["<a href=\"http:\/\/maismagazine.pt\/index.php\/category\/empreendedorismo\/ambiente-e-sustentabilidade\/\" class=\"advgb-post-tax-term\">Ambiente e Sustentabilidade<\/a>","<a href=\"http:\/\/maismagazine.pt\/index.php\/category\/empreendedorismo\/\" class=\"advgb-post-tax-term\">Empreendedorismo<\/a>"],"unlinked":["<span class=\"advgb-post-tax-term\">Ambiente e Sustentabilidade<\/span>","<span class=\"advgb-post-tax-term\">Empreendedorismo<\/span>"]},"tags":{"linked":["<a href=\"http:\/\/maismagazine.pt\/index.php\/category\/empreendedorismo\/\" class=\"advgb-post-tax-term\">APOREB<\/a>","<a href=\"http:\/\/maismagazine.pt\/index.php\/category\/empreendedorismo\/\" class=\"advgb-post-tax-term\">CO2<\/a>","<a href=\"http:\/\/maismagazine.pt\/index.php\/category\/empreendedorismo\/\" class=\"advgb-post-tax-term\">ind\u00fastria<\/a>","<a href=\"http:\/\/maismagazine.pt\/index.php\/category\/empreendedorismo\/\" class=\"advgb-post-tax-term\">Quit\u00e9ria Ant\u00e3o<\/a>"],"unlinked":["<span class=\"advgb-post-tax-term\">APOREB<\/span>","<span class=\"advgb-post-tax-term\">CO2<\/span>","<span class=\"advgb-post-tax-term\">ind\u00fastria<\/span>","<span class=\"advgb-post-tax-term\">Quit\u00e9ria Ant\u00e3o<\/span>"]}},"comment_count":"0","relative_dates":{"created":"Posted 4 anos ago","modified":"Updated 4 anos ago"},"absolute_dates":{"created":"Posted on 12 de Agosto, 2022","modified":"Updated on 3 de Agosto, 2022"},"absolute_dates_time":{"created":"Posted on 12 de Agosto, 2022 7:00","modified":"Updated on 3 de Agosto, 2022 15:14"},"featured_img_caption":"","series_order":"","_links":{"self":[{"href":"http:\/\/maismagazine.pt\/index.php\/wp-json\/wp\/v2\/posts\/4148","targetHints":{"allow":["GET"]}}],"collection":[{"href":"http:\/\/maismagazine.pt\/index.php\/wp-json\/wp\/v2\/posts"}],"about":[{"href":"http:\/\/maismagazine.pt\/index.php\/wp-json\/wp\/v2\/types\/post"}],"author":[{"embeddable":true,"href":"http:\/\/maismagazine.pt\/index.php\/wp-json\/wp\/v2\/users\/7"}],"replies":[{"embeddable":true,"href":"http:\/\/maismagazine.pt\/index.php\/wp-json\/wp\/v2\/comments?post=4148"}],"version-history":[{"count":1,"href":"http:\/\/maismagazine.pt\/index.php\/wp-json\/wp\/v2\/posts\/4148\/revisions"}],"predecessor-version":[{"id":4156,"href":"http:\/\/maismagazine.pt\/index.php\/wp-json\/wp\/v2\/posts\/4148\/revisions\/4156"}],"wp:featuredmedia":[{"embeddable":true,"href":"http:\/\/maismagazine.pt\/index.php\/wp-json\/wp\/v2\/media\/4155"}],"wp:attachment":[{"href":"http:\/\/maismagazine.pt\/index.php\/wp-json\/wp\/v2\/media?parent=4148"}],"wp:term":[{"taxonomy":"category","embeddable":true,"href":"http:\/\/maismagazine.pt\/index.php\/wp-json\/wp\/v2\/categories?post=4148"},{"taxonomy":"post_tag","embeddable":true,"href":"http:\/\/maismagazine.pt\/index.php\/wp-json\/wp\/v2\/tags?post=4148"}],"curies":[{"name":"wp","href":"https:\/\/api.w.org\/{rel}","templated":true}]}}