{"id":4070,"date":"2022-08-12T07:00:00","date_gmt":"2022-08-12T06:00:00","guid":{"rendered":"https:\/\/maismagazine.pt\/?p=4070"},"modified":"2022-08-03T11:49:52","modified_gmt":"2022-08-03T10:49:52","slug":"na-adega-cooperativa-de-vidigueira-cuba-e-alvito-preserva-se-o-que-e-nosso","status":"publish","type":"post","link":"http:\/\/maismagazine.pt\/index.php\/2022\/08\/12\/na-adega-cooperativa-de-vidigueira-cuba-e-alvito-preserva-se-o-que-e-nosso\/","title":{"rendered":"Na Adega Cooperativa de Vidigueira,  Cuba e Alvito preserva-se \u201co que \u00e9 nosso\u201d"},"content":{"rendered":"\n<p><strong>Fundada em 1960, no Alentejo, esta adega tem cerca de 1400 hectares de vinha, tendo em 2021 atingido \u201co m\u00e1ximo de capacidade com uma rece\u00e7\u00e3o de 9.695.200 kg de uvas. Al\u00e9m da produ\u00e7\u00e3o vit\u00edcola, disp\u00f5em de uma oferta de enoturismo, atrav\u00e9s da Casa das Talhas, que \u00e9 uma importante alavanca para a economia local.<\/strong><\/p>\n\n\n\n<p>A Vila portuguesa da Vidigueira, no distrito de Beja, abra\u00e7ou a presen\u00e7a da <a href=\"http:\/\/www.adegavidigueira.pt\" target=\"_blank\" rel=\"noreferrer noopener\">Adega Cooperativa de Vidigueira<\/a>, Cuba e Alvito h\u00e1 62 anos. At\u00e9 aos dias de hoje, a hist\u00f3ria deste lugar continua \u201ca preservar o que \u00e9 nosso\u201d, neste caso as tradi\u00e7\u00f5es do Alentejo, mas tamb\u00e9m do vinho de Talha, o seu m\u00e9todo e t\u00e9cnicas de produ\u00e7\u00e3o\u201d. Exemplo disso \u00e9 o espa\u00e7o de Enoturismo Casa das Talhas. Al\u00e9m deste cord\u00e3o umbilical, outro dos fatores distintivos da gama de vinhos desta casa est\u00e1 ligado aos descobrimentos portugueses. Juntaram o passado da regi\u00e3o \u201ccom as tr\u00eas refer\u00eancias mais antigas da adega e criaram um storytelling, que conta o caminho mar\u00edtimo para a \u00cdndia de Dom Vasco da Gama, ao longo de VII ATOS, em que cada um representa um momento da viagem\u201d, como come\u00e7a por contar Jos\u00e9 Almeida, Presidente da Cooperativa. \u00c9 de referir que, em toda a gama de produtos, h\u00e1 uma cont\u00ednua \u201cpreocupa\u00e7\u00e3o e cuidado na produ\u00e7\u00e3o de vinhos de qualidade, sempre com aten\u00e7\u00e3o \u00e0s prefer\u00eancias dos consumidores\u201d.<\/p>\n\n\n\n<p>O arrojo e o \u201cterroir\u201d n\u00e3o se desenham apenas na cultura da vinha. Em outubro de 2019, a adega inaugurou a sua oferta de Enoturismo, a Casa das Talhas, aquele que \u00e9 considerado \u201co centro de dinamiza\u00e7\u00e3o e valoriza\u00e7\u00e3o do vinho da talha\u201d, que recentemente voltou a reabrir, depois de dois anos fechados devido \u00e0 pandemia covid-19. Passado as tormentas, chegou a hora da bonan\u00e7a. As portas da Casa das Talhas est\u00e3o abertas durante todos os dias da semana, onde \u00e9 poss\u00edvel conhecer \u201co processo de vinifica\u00e7\u00e3o, a sala de barricas, o museu da aguardente, a sala Vasco da Gama, sala 1498, e terminar numa prova de vinhos e na degusta\u00e7\u00e3o de petiscos regionais\u201d. Este espa\u00e7o \u201cessencial na dinamiza\u00e7\u00e3o e potencializa\u00e7\u00e3o da regi\u00e3o e patrim\u00f3nio\u201d, at\u00e9 agora tem \u201crecebido maioritariamente turistas portugueses, mas cada vez mais v\u00e3o aparecendo turistas estrangeiros\u201d e est\u00e1 \u201cpreparado n\u00e3o s\u00f3 para os enoturistas, como para a realiza\u00e7\u00e3o de eventos pessoais ou corporativos at\u00e9 100 pessoas\u201d. Ao longo do ano existem diversas atividades, por exemplo, durante todo o m\u00eas de setembro ter\u00e3o o \u201cprograma de vindimas\u201d, que promete entreter fam\u00edlias e amigos num ambiente de festa, e em novembro, o m\u00eas do vinho, disponibilizar\u00e3o quatro atividades dedicadas ao vinho de Talha.<\/p>\n\n\n\n<div class=\"wp-block-image\"><figure class=\"aligncenter size-large\"><img loading=\"lazy\" decoding=\"async\" width=\"1024\" height=\"576\" src=\"https:\/\/maismagazine.pt\/wp-content\/uploads\/2022\/08\/luis_outdoor_fnais-52-1024x576.jpg\" alt=\"\" class=\"wp-image-4073\" srcset=\"http:\/\/maismagazine.pt\/wp-content\/uploads\/2022\/08\/luis_outdoor_fnais-52-1024x576.jpg 1024w, http:\/\/maismagazine.pt\/wp-content\/uploads\/2022\/08\/luis_outdoor_fnais-52-300x169.jpg 300w, http:\/\/maismagazine.pt\/wp-content\/uploads\/2022\/08\/luis_outdoor_fnais-52-768x432.jpg 768w, http:\/\/maismagazine.pt\/wp-content\/uploads\/2022\/08\/luis_outdoor_fnais-52-1536x864.jpg 1536w, http:\/\/maismagazine.pt\/wp-content\/uploads\/2022\/08\/luis_outdoor_fnais-52.jpg 2000w\" sizes=\"auto, (max-width: 1024px) 100vw, 1024px\" \/><\/figure><\/div>\n\n\n\n<p><strong>As expectativas para a vindima e a promo\u00e7\u00e3o da sustentabilidade<\/strong><\/p>\n\n\n\n<p>\u201cFartura\u201d \u00e9 a palavra ideal para definir e avaliar a produ\u00e7\u00e3o do ano transato desta adega, visto que atingiram valores de \u201cm\u00e1xima capacidade\u201d. Ainda no final de 2021, Jos\u00e9 Almeida refere que lan\u00e7aram \u201cum vinho diferente de todas as suas refer\u00eancias tintas, o VDG Tannat, que tem aromas e sabores mais relacionados com frutas negras e especiarias, onde pode conter notas de chocolate amargo e fumo\u201d. Por isso, \u201cvestidos de positividade\u201d, preveem que a \u00e9poca da vindima \u201cvenha a ser m\u00e9dia\/alta, no que respeita \u00e0 quantidade de uvas produzidas pelos cooperadores, apesar das condi\u00e7\u00f5es climat\u00e9ricas que se fizeram sentir ao longo deste ano terem dado origem a algumas situa\u00e7\u00f5es, pouco generalizadas, de escald\u00e3o na vinha.<\/p>\n\n\n\n<p>Conscientes que a sustentabilidade tem de ser transversal, t\u00eam implementado \u201cpr\u00e1ticas sustent\u00e1veis na adega, como por exemplo na redu\u00e7\u00e3o dos consumos de \u00e1gua ou na utiliza\u00e7\u00e3o de pain\u00e9is fotovoltaicos para a produ\u00e7\u00e3o de energia el\u00e9trica, promovendo, em simult\u00e2neo um aumento da consci\u00eancia ambiental individual\u201d. Foi com este sentido que tamb\u00e9m criaram o Gabinete de Sustentabilidade e Projetos, no in\u00edcio de 2022.<\/p>\n\n\n\n<p>No \u00faltimo gole de conversa, o Presidente desta adega destaca que o futuro passa pela valoriza\u00e7\u00e3o da \u201csustentabilidade e pela prote\u00e7\u00e3o do patrim\u00f3nio vit\u00edcola\u201d, enquadrando-se nesta segunda aposta o recente \u201cprojeto de dinamiza\u00e7\u00e3o e promo\u00e7\u00e3o das vinhas centen\u00e1rias de Vila Alva\u201d.<\/p>\n\n\n\n<p><\/p>\n","protected":false},"excerpt":{"rendered":"<p>Fundada em 1960, no Alentejo, esta adega tem cerca de 1400 hectares de vinha, tendo em 2021 atingido \u201co m\u00e1ximo de capacidade com uma rece\u00e7\u00e3o de 9.695.200 kg de uvas. Al\u00e9m da produ\u00e7\u00e3o vit\u00edcola, disp\u00f5em de uma oferta de enoturismo, atrav\u00e9s da Casa das Talhas, que \u00e9 uma importante alavanca&hellip;<\/p>\n","protected":false},"author":7,"featured_media":4072,"comment_status":"closed","ping_status":"open","sticky":false,"template":"","format":"standard","meta":{"advgb_blocks_editor_width":"","advgb_blocks_columns_visual_guide":"","_monsterinsights_skip_tracking":false,"_monsterinsights_sitenote_active":false,"_monsterinsights_sitenote_note":"","_monsterinsights_sitenote_category":0,"footnotes":""},"categories":[53],"tags":[917,684,916],"class_list":["post-4070","post","type-post","status-publish","format-standard","has-post-thumbnail","hentry","category-turismo-restaurantes","tag-adega-cooperativa-de-vidigueira","tag-vidigueira","tag-vinha"],"yoast_head":"<!-- This site is optimized with the Yoast SEO plugin v24.4 - https:\/\/yoast.com\/wordpress\/plugins\/seo\/ -->\n<title>Na Adega Cooperativa de Vidigueira, Cuba e Alvito preserva-se \u201co que \u00e9 nosso\u201d - Mais Magazine<\/title>\n<meta name=\"description\" content=\"Fundada em 1960, no Alentejo, esta adega tem cerca de 1400 hectares de vinha, tendo em 2021 atingido \u201co m\u00e1ximo de capacidade...\" \/>\n<meta name=\"robots\" content=\"index, follow, max-snippet:-1, max-image-preview:large, max-video-preview:-1\" \/>\n<link rel=\"canonical\" href=\"http:\/\/maismagazine.pt\/index.php\/2022\/08\/12\/na-adega-cooperativa-de-vidigueira-cuba-e-alvito-preserva-se-o-que-e-nosso\/\" \/>\n<meta property=\"og:locale\" content=\"pt_PT\" \/>\n<meta property=\"og:type\" content=\"article\" \/>\n<meta property=\"og:title\" content=\"Na Adega Cooperativa de Vidigueira, Cuba e Alvito preserva-se \u201co que \u00e9 nosso\u201d - Mais Magazine\" \/>\n<meta property=\"og:description\" content=\"Fundada em 1960, no Alentejo, esta adega tem cerca de 1400 hectares de vinha, tendo em 2021 atingido \u201co m\u00e1ximo de capacidade...\" \/>\n<meta property=\"og:url\" content=\"http:\/\/maismagazine.pt\/index.php\/2022\/08\/12\/na-adega-cooperativa-de-vidigueira-cuba-e-alvito-preserva-se-o-que-e-nosso\/\" \/>\n<meta property=\"og:site_name\" content=\"Mais Magazine\" \/>\n<meta property=\"article:published_time\" content=\"2022-08-12T06:00:00+00:00\" \/>\n<meta property=\"og:image\" content=\"http:\/\/maismagazine.pt\/wp-content\/uploads\/2022\/08\/adega_luis_natal17-1.jpg\" \/>\n\t<meta property=\"og:image:width\" content=\"1920\" \/>\n\t<meta property=\"og:image:height\" content=\"1280\" \/>\n\t<meta property=\"og:image:type\" content=\"image\/jpeg\" \/>\n<meta name=\"author\" content=\"Jo\u00e3o Malainho\" \/>\n<meta name=\"twitter:card\" content=\"summary_large_image\" \/>\n<meta name=\"twitter:label1\" content=\"Escrito por\" \/>\n\t<meta name=\"twitter:data1\" content=\"\" \/>\n\t<meta name=\"twitter:label2\" content=\"Tempo estimado de leitura\" \/>\n\t<meta name=\"twitter:data2\" content=\"4 minutos\" \/>\n<script type=\"application\/ld+json\" class=\"yoast-schema-graph\">{\"@context\":\"https:\/\/schema.org\",\"@graph\":[{\"@type\":\"Article\",\"@id\":\"http:\/\/maismagazine.pt\/index.php\/2022\/08\/12\/na-adega-cooperativa-de-vidigueira-cuba-e-alvito-preserva-se-o-que-e-nosso\/#article\",\"isPartOf\":{\"@id\":\"http:\/\/maismagazine.pt\/index.php\/2022\/08\/12\/na-adega-cooperativa-de-vidigueira-cuba-e-alvito-preserva-se-o-que-e-nosso\/\"},\"author\":{\"name\":\"Jo\u00e3o Malainho\",\"@id\":\"http:\/\/maismagazine.pt\/#\/schema\/person\/999bd426f894ff56d397ec12ebd21ebb\"},\"headline\":\"Na Adega Cooperativa de Vidigueira, Cuba e Alvito preserva-se \u201co que \u00e9 nosso\u201d\",\"datePublished\":\"2022-08-12T06:00:00+00:00\",\"mainEntityOfPage\":{\"@id\":\"http:\/\/maismagazine.pt\/index.php\/2022\/08\/12\/na-adega-cooperativa-de-vidigueira-cuba-e-alvito-preserva-se-o-que-e-nosso\/\"},\"wordCount\":727,\"publisher\":{\"@id\":\"http:\/\/maismagazine.pt\/#organization\"},\"image\":{\"@id\":\"http:\/\/maismagazine.pt\/index.php\/2022\/08\/12\/na-adega-cooperativa-de-vidigueira-cuba-e-alvito-preserva-se-o-que-e-nosso\/#primaryimage\"},\"thumbnailUrl\":\"http:\/\/maismagazine.pt\/wp-content\/uploads\/2022\/08\/adega_luis_natal17-1.jpg\",\"keywords\":[\"Adega Cooperativa de Vidigueira\",\"Vidigueira\",\"vinha\"],\"articleSection\":[\"Turismo | Vinhos | Gastronomia\"],\"inLanguage\":\"pt-PT\"},{\"@type\":\"WebPage\",\"@id\":\"http:\/\/maismagazine.pt\/index.php\/2022\/08\/12\/na-adega-cooperativa-de-vidigueira-cuba-e-alvito-preserva-se-o-que-e-nosso\/\",\"url\":\"http:\/\/maismagazine.pt\/index.php\/2022\/08\/12\/na-adega-cooperativa-de-vidigueira-cuba-e-alvito-preserva-se-o-que-e-nosso\/\",\"name\":\"Na Adega Cooperativa de Vidigueira, Cuba e Alvito preserva-se \u201co que \u00e9 nosso\u201d - Mais Magazine\",\"isPartOf\":{\"@id\":\"http:\/\/maismagazine.pt\/#website\"},\"primaryImageOfPage\":{\"@id\":\"http:\/\/maismagazine.pt\/index.php\/2022\/08\/12\/na-adega-cooperativa-de-vidigueira-cuba-e-alvito-preserva-se-o-que-e-nosso\/#primaryimage\"},\"image\":{\"@id\":\"http:\/\/maismagazine.pt\/index.php\/2022\/08\/12\/na-adega-cooperativa-de-vidigueira-cuba-e-alvito-preserva-se-o-que-e-nosso\/#primaryimage\"},\"thumbnailUrl\":\"http:\/\/maismagazine.pt\/wp-content\/uploads\/2022\/08\/adega_luis_natal17-1.jpg\",\"datePublished\":\"2022-08-12T06:00:00+00:00\",\"description\":\"Fundada em 1960, no Alentejo, esta adega tem cerca de 1400 hectares de vinha, tendo em 2021 atingido \u201co m\u00e1ximo de capacidade...\",\"breadcrumb\":{\"@id\":\"http:\/\/maismagazine.pt\/index.php\/2022\/08\/12\/na-adega-cooperativa-de-vidigueira-cuba-e-alvito-preserva-se-o-que-e-nosso\/#breadcrumb\"},\"inLanguage\":\"pt-PT\",\"potentialAction\":[{\"@type\":\"ReadAction\",\"target\":[\"http:\/\/maismagazine.pt\/index.php\/2022\/08\/12\/na-adega-cooperativa-de-vidigueira-cuba-e-alvito-preserva-se-o-que-e-nosso\/\"]}]},{\"@type\":\"ImageObject\",\"inLanguage\":\"pt-PT\",\"@id\":\"http:\/\/maismagazine.pt\/index.php\/2022\/08\/12\/na-adega-cooperativa-de-vidigueira-cuba-e-alvito-preserva-se-o-que-e-nosso\/#primaryimage\",\"url\":\"http:\/\/maismagazine.pt\/wp-content\/uploads\/2022\/08\/adega_luis_natal17-1.jpg\",\"contentUrl\":\"http:\/\/maismagazine.pt\/wp-content\/uploads\/2022\/08\/adega_luis_natal17-1.jpg\",\"width\":1920,\"height\":1280},{\"@type\":\"BreadcrumbList\",\"@id\":\"http:\/\/maismagazine.pt\/index.php\/2022\/08\/12\/na-adega-cooperativa-de-vidigueira-cuba-e-alvito-preserva-se-o-que-e-nosso\/#breadcrumb\",\"itemListElement\":[{\"@type\":\"ListItem\",\"position\":1,\"name\":\"Home\",\"item\":\"http:\/\/maismagazine.pt\/\"},{\"@type\":\"ListItem\",\"position\":2,\"name\":\"Na Adega Cooperativa de Vidigueira, Cuba e Alvito preserva-se \u201co que \u00e9 nosso\u201d\"}]},{\"@type\":\"WebSite\",\"@id\":\"http:\/\/maismagazine.pt\/#website\",\"url\":\"http:\/\/maismagazine.pt\/\",\"name\":\"Mais Magazine\",\"description\":\"\",\"publisher\":{\"@id\":\"http:\/\/maismagazine.pt\/#organization\"},\"potentialAction\":[{\"@type\":\"SearchAction\",\"target\":{\"@type\":\"EntryPoint\",\"urlTemplate\":\"http:\/\/maismagazine.pt\/?s={search_term_string}\"},\"query-input\":{\"@type\":\"PropertyValueSpecification\",\"valueRequired\":true,\"valueName\":\"search_term_string\"}}],\"inLanguage\":\"pt-PT\"},{\"@type\":\"Organization\",\"@id\":\"http:\/\/maismagazine.pt\/#organization\",\"name\":\"Mais Magazine\",\"url\":\"http:\/\/maismagazine.pt\/\",\"logo\":{\"@type\":\"ImageObject\",\"inLanguage\":\"pt-PT\",\"@id\":\"http:\/\/maismagazine.pt\/#\/schema\/logo\/image\/\",\"url\":\"http:\/\/maismagazine.pt\/wp-content\/uploads\/2020\/04\/cropped-cropped-mais-magazine-site-logo-2.png\",\"contentUrl\":\"http:\/\/maismagazine.pt\/wp-content\/uploads\/2020\/04\/cropped-cropped-mais-magazine-site-logo-2.png\",\"width\":581,\"height\":90,\"caption\":\"Mais Magazine\"},\"image\":{\"@id\":\"http:\/\/maismagazine.pt\/#\/schema\/logo\/image\/\"}},{\"@type\":\"Person\",\"@id\":\"http:\/\/maismagazine.pt\/#\/schema\/person\/999bd426f894ff56d397ec12ebd21ebb\",\"name\":\"Jo\u00e3o Malainho\",\"image\":{\"@type\":\"ImageObject\",\"inLanguage\":\"pt-PT\",\"@id\":\"http:\/\/maismagazine.pt\/#\/schema\/person\/image\/\",\"url\":\"https:\/\/secure.gravatar.com\/avatar\/ff03c2f38edf60b2a827aa4f74878491?s=96&d=mm&r=g\",\"contentUrl\":\"https:\/\/secure.gravatar.com\/avatar\/ff03c2f38edf60b2a827aa4f74878491?s=96&d=mm&r=g\",\"caption\":\"Jo\u00e3o Malainho\"},\"url\":\"http:\/\/maismagazine.pt\/index.php\/author\/maismagazine\/\"}]}<\/script>\n<!-- \/ Yoast SEO plugin. -->","yoast_head_json":{"title":"Na Adega Cooperativa de Vidigueira, Cuba e Alvito preserva-se \u201co que \u00e9 nosso\u201d - Mais Magazine","description":"Fundada em 1960, no Alentejo, esta adega tem cerca de 1400 hectares de vinha, tendo em 2021 atingido \u201co m\u00e1ximo de capacidade...","robots":{"index":"index","follow":"follow","max-snippet":"max-snippet:-1","max-image-preview":"max-image-preview:large","max-video-preview":"max-video-preview:-1"},"canonical":"http:\/\/maismagazine.pt\/index.php\/2022\/08\/12\/na-adega-cooperativa-de-vidigueira-cuba-e-alvito-preserva-se-o-que-e-nosso\/","og_locale":"pt_PT","og_type":"article","og_title":"Na Adega Cooperativa de Vidigueira, Cuba e Alvito preserva-se \u201co que \u00e9 nosso\u201d - Mais Magazine","og_description":"Fundada em 1960, no Alentejo, esta adega tem cerca de 1400 hectares de vinha, tendo em 2021 atingido \u201co m\u00e1ximo de capacidade...","og_url":"http:\/\/maismagazine.pt\/index.php\/2022\/08\/12\/na-adega-cooperativa-de-vidigueira-cuba-e-alvito-preserva-se-o-que-e-nosso\/","og_site_name":"Mais Magazine","article_published_time":"2022-08-12T06:00:00+00:00","og_image":[{"width":1920,"height":1280,"url":"http:\/\/maismagazine.pt\/wp-content\/uploads\/2022\/08\/adega_luis_natal17-1.jpg","type":"image\/jpeg"}],"author":"Jo\u00e3o Malainho","twitter_card":"summary_large_image","twitter_misc":{"Escrito por":false,"Tempo estimado de leitura":"4 minutos"},"schema":{"@context":"https:\/\/schema.org","@graph":[{"@type":"Article","@id":"http:\/\/maismagazine.pt\/index.php\/2022\/08\/12\/na-adega-cooperativa-de-vidigueira-cuba-e-alvito-preserva-se-o-que-e-nosso\/#article","isPartOf":{"@id":"http:\/\/maismagazine.pt\/index.php\/2022\/08\/12\/na-adega-cooperativa-de-vidigueira-cuba-e-alvito-preserva-se-o-que-e-nosso\/"},"author":{"name":"Jo\u00e3o Malainho","@id":"http:\/\/maismagazine.pt\/#\/schema\/person\/999bd426f894ff56d397ec12ebd21ebb"},"headline":"Na Adega Cooperativa de Vidigueira, Cuba e Alvito preserva-se \u201co que \u00e9 nosso\u201d","datePublished":"2022-08-12T06:00:00+00:00","mainEntityOfPage":{"@id":"http:\/\/maismagazine.pt\/index.php\/2022\/08\/12\/na-adega-cooperativa-de-vidigueira-cuba-e-alvito-preserva-se-o-que-e-nosso\/"},"wordCount":727,"publisher":{"@id":"http:\/\/maismagazine.pt\/#organization"},"image":{"@id":"http:\/\/maismagazine.pt\/index.php\/2022\/08\/12\/na-adega-cooperativa-de-vidigueira-cuba-e-alvito-preserva-se-o-que-e-nosso\/#primaryimage"},"thumbnailUrl":"http:\/\/maismagazine.pt\/wp-content\/uploads\/2022\/08\/adega_luis_natal17-1.jpg","keywords":["Adega Cooperativa de Vidigueira","Vidigueira","vinha"],"articleSection":["Turismo | Vinhos | Gastronomia"],"inLanguage":"pt-PT"},{"@type":"WebPage","@id":"http:\/\/maismagazine.pt\/index.php\/2022\/08\/12\/na-adega-cooperativa-de-vidigueira-cuba-e-alvito-preserva-se-o-que-e-nosso\/","url":"http:\/\/maismagazine.pt\/index.php\/2022\/08\/12\/na-adega-cooperativa-de-vidigueira-cuba-e-alvito-preserva-se-o-que-e-nosso\/","name":"Na Adega Cooperativa de Vidigueira, Cuba e Alvito preserva-se \u201co que \u00e9 nosso\u201d - Mais Magazine","isPartOf":{"@id":"http:\/\/maismagazine.pt\/#website"},"primaryImageOfPage":{"@id":"http:\/\/maismagazine.pt\/index.php\/2022\/08\/12\/na-adega-cooperativa-de-vidigueira-cuba-e-alvito-preserva-se-o-que-e-nosso\/#primaryimage"},"image":{"@id":"http:\/\/maismagazine.pt\/index.php\/2022\/08\/12\/na-adega-cooperativa-de-vidigueira-cuba-e-alvito-preserva-se-o-que-e-nosso\/#primaryimage"},"thumbnailUrl":"http:\/\/maismagazine.pt\/wp-content\/uploads\/2022\/08\/adega_luis_natal17-1.jpg","datePublished":"2022-08-12T06:00:00+00:00","description":"Fundada em 1960, no Alentejo, esta adega tem cerca de 1400 hectares de vinha, tendo em 2021 atingido \u201co m\u00e1ximo de capacidade...","breadcrumb":{"@id":"http:\/\/maismagazine.pt\/index.php\/2022\/08\/12\/na-adega-cooperativa-de-vidigueira-cuba-e-alvito-preserva-se-o-que-e-nosso\/#breadcrumb"},"inLanguage":"pt-PT","potentialAction":[{"@type":"ReadAction","target":["http:\/\/maismagazine.pt\/index.php\/2022\/08\/12\/na-adega-cooperativa-de-vidigueira-cuba-e-alvito-preserva-se-o-que-e-nosso\/"]}]},{"@type":"ImageObject","inLanguage":"pt-PT","@id":"http:\/\/maismagazine.pt\/index.php\/2022\/08\/12\/na-adega-cooperativa-de-vidigueira-cuba-e-alvito-preserva-se-o-que-e-nosso\/#primaryimage","url":"http:\/\/maismagazine.pt\/wp-content\/uploads\/2022\/08\/adega_luis_natal17-1.jpg","contentUrl":"http:\/\/maismagazine.pt\/wp-content\/uploads\/2022\/08\/adega_luis_natal17-1.jpg","width":1920,"height":1280},{"@type":"BreadcrumbList","@id":"http:\/\/maismagazine.pt\/index.php\/2022\/08\/12\/na-adega-cooperativa-de-vidigueira-cuba-e-alvito-preserva-se-o-que-e-nosso\/#breadcrumb","itemListElement":[{"@type":"ListItem","position":1,"name":"Home","item":"http:\/\/maismagazine.pt\/"},{"@type":"ListItem","position":2,"name":"Na Adega Cooperativa de Vidigueira, Cuba e Alvito preserva-se \u201co que \u00e9 nosso\u201d"}]},{"@type":"WebSite","@id":"http:\/\/maismagazine.pt\/#website","url":"http:\/\/maismagazine.pt\/","name":"Mais Magazine","description":"","publisher":{"@id":"http:\/\/maismagazine.pt\/#organization"},"potentialAction":[{"@type":"SearchAction","target":{"@type":"EntryPoint","urlTemplate":"http:\/\/maismagazine.pt\/?s={search_term_string}"},"query-input":{"@type":"PropertyValueSpecification","valueRequired":true,"valueName":"search_term_string"}}],"inLanguage":"pt-PT"},{"@type":"Organization","@id":"http:\/\/maismagazine.pt\/#organization","name":"Mais Magazine","url":"http:\/\/maismagazine.pt\/","logo":{"@type":"ImageObject","inLanguage":"pt-PT","@id":"http:\/\/maismagazine.pt\/#\/schema\/logo\/image\/","url":"http:\/\/maismagazine.pt\/wp-content\/uploads\/2020\/04\/cropped-cropped-mais-magazine-site-logo-2.png","contentUrl":"http:\/\/maismagazine.pt\/wp-content\/uploads\/2020\/04\/cropped-cropped-mais-magazine-site-logo-2.png","width":581,"height":90,"caption":"Mais Magazine"},"image":{"@id":"http:\/\/maismagazine.pt\/#\/schema\/logo\/image\/"}},{"@type":"Person","@id":"http:\/\/maismagazine.pt\/#\/schema\/person\/999bd426f894ff56d397ec12ebd21ebb","name":"Jo\u00e3o Malainho","image":{"@type":"ImageObject","inLanguage":"pt-PT","@id":"http:\/\/maismagazine.pt\/#\/schema\/person\/image\/","url":"https:\/\/secure.gravatar.com\/avatar\/ff03c2f38edf60b2a827aa4f74878491?s=96&d=mm&r=g","contentUrl":"https:\/\/secure.gravatar.com\/avatar\/ff03c2f38edf60b2a827aa4f74878491?s=96&d=mm&r=g","caption":"Jo\u00e3o Malainho"},"url":"http:\/\/maismagazine.pt\/index.php\/author\/maismagazine\/"}]}},"author_meta":{"display_name":false,"author_link":"http:\/\/maismagazine.pt\/index.php\/author\/maismagazine\/"},"featured_img":"http:\/\/maismagazine.pt\/wp-content\/uploads\/2022\/08\/adega_luis_natal17-1-300x200.jpg","coauthors":[],"tax_additional":{"categories":{"linked":["<a href=\"http:\/\/maismagazine.pt\/index.php\/category\/turismo-restaurantes\/\" class=\"advgb-post-tax-term\">Turismo | Vinhos | Gastronomia<\/a>"],"unlinked":["<span class=\"advgb-post-tax-term\">Turismo | Vinhos | Gastronomia<\/span>"]},"tags":{"linked":["<a href=\"http:\/\/maismagazine.pt\/index.php\/category\/turismo-restaurantes\/\" class=\"advgb-post-tax-term\">Adega Cooperativa de Vidigueira<\/a>","<a href=\"http:\/\/maismagazine.pt\/index.php\/category\/turismo-restaurantes\/\" class=\"advgb-post-tax-term\">Vidigueira<\/a>","<a href=\"http:\/\/maismagazine.pt\/index.php\/category\/turismo-restaurantes\/\" class=\"advgb-post-tax-term\">vinha<\/a>"],"unlinked":["<span class=\"advgb-post-tax-term\">Adega Cooperativa de Vidigueira<\/span>","<span class=\"advgb-post-tax-term\">Vidigueira<\/span>","<span class=\"advgb-post-tax-term\">vinha<\/span>"]}},"comment_count":"0","relative_dates":{"created":"Posted 4 anos ago","modified":"Updated 4 anos ago"},"absolute_dates":{"created":"Posted on 12 de Agosto, 2022","modified":"Updated on 3 de Agosto, 2022"},"absolute_dates_time":{"created":"Posted on 12 de Agosto, 2022 7:00","modified":"Updated on 3 de Agosto, 2022 11:49"},"featured_img_caption":"","series_order":"","_links":{"self":[{"href":"http:\/\/maismagazine.pt\/index.php\/wp-json\/wp\/v2\/posts\/4070","targetHints":{"allow":["GET"]}}],"collection":[{"href":"http:\/\/maismagazine.pt\/index.php\/wp-json\/wp\/v2\/posts"}],"about":[{"href":"http:\/\/maismagazine.pt\/index.php\/wp-json\/wp\/v2\/types\/post"}],"author":[{"embeddable":true,"href":"http:\/\/maismagazine.pt\/index.php\/wp-json\/wp\/v2\/users\/7"}],"replies":[{"embeddable":true,"href":"http:\/\/maismagazine.pt\/index.php\/wp-json\/wp\/v2\/comments?post=4070"}],"version-history":[{"count":1,"href":"http:\/\/maismagazine.pt\/index.php\/wp-json\/wp\/v2\/posts\/4070\/revisions"}],"predecessor-version":[{"id":4074,"href":"http:\/\/maismagazine.pt\/index.php\/wp-json\/wp\/v2\/posts\/4070\/revisions\/4074"}],"wp:featuredmedia":[{"embeddable":true,"href":"http:\/\/maismagazine.pt\/index.php\/wp-json\/wp\/v2\/media\/4072"}],"wp:attachment":[{"href":"http:\/\/maismagazine.pt\/index.php\/wp-json\/wp\/v2\/media?parent=4070"}],"wp:term":[{"taxonomy":"category","embeddable":true,"href":"http:\/\/maismagazine.pt\/index.php\/wp-json\/wp\/v2\/categories?post=4070"},{"taxonomy":"post_tag","embeddable":true,"href":"http:\/\/maismagazine.pt\/index.php\/wp-json\/wp\/v2\/tags?post=4070"}],"curies":[{"name":"wp","href":"https:\/\/api.w.org\/{rel}","templated":true}]}}