{"id":3966,"date":"2022-08-12T07:00:00","date_gmt":"2022-08-12T06:00:00","guid":{"rendered":"https:\/\/maismagazine.pt\/?p=3966"},"modified":"2022-08-03T10:20:39","modified_gmt":"2022-08-03T09:20:39","slug":"torre_de_palma","status":"publish","type":"post","link":"http:\/\/maismagazine.pt\/index.php\/2022\/08\/12\/torre_de_palma\/","title":{"rendered":"Foi de um amor \u00e0 primeira vista que nasceu o enoturismo de Torre de Palma"},"content":{"rendered":"\n<p><strong>\u00c9 uma propriedade hist\u00f3rica localizada em Monforte, no distrito de Portalegre, que remonta ao ano de 1338. Tem sete hectares de vinha e sete castas diferentes, tr\u00eas castas brancas &#8211; Arinto, Alvarinho e Ant\u00e3o Vaz &#8211; e quatro tintas &#8211; Touriga Nacional, Aragon\u00eas, Alicante Bouchet e Tinta Mi\u00fada &#8211; todas elas castas aut\u00f3ctones portuguesas. Atualmente, o Torre de Palma Wine Hotel \u00e9 um destino de refer\u00eancia no enoturismo em Portugal, com uma grande oferta, contribuindo assim para a valoriza\u00e7\u00e3o da cultura do vinho e do patrim\u00f3nio do interior do pa\u00eds.<\/strong><\/p>\n\n\n\n<p>Foi num instante que se apaixonaram. Ana Isabel Rebelo e Paulo Barradas Rebelo, conheceram a propriedade em 2008, que era uma das casas agr\u00edcolas da regi\u00e3o do Alto Alentejo abandonada h\u00e1 mais de 30 anos. Rapidamente se apaixonaram pelo lugar e decidiram criar um projeto tur\u00edstico, baseado na produ\u00e7\u00e3o de vinho e na cria\u00e7\u00e3o de cavalos, preservando, assim, o legado hist\u00f3rico e cultural existente na zona, e ainda a cria\u00e7\u00e3o de uma nova marca portuguesa de produtos regionais de elevada qualidade\u201d, ao qual apelidaram de <a href=\"http:\/\/www.torredepalma.com\" target=\"_blank\" rel=\"noreferrer noopener\">Torre de Palma<\/a>. Lu\u00edsa Rebelo, General Manager de Torre de Palma, conta \u00e0 Mais Magazine que o primeiro passo para a concretiza\u00e7\u00e3o do desejo passou \u201cpela planta\u00e7\u00e3o dos setes hectares de vinha e posteriormente pela reconstru\u00e7\u00e3o e requalifica\u00e7\u00e3o dos edif\u00edcios antigos, que foram convertidos num hotel de cinco estrelas. Num projeto que desde o primeiro contacto passou a ser casa, o desejo era sobretudo abrir portas e o cora\u00e7\u00e3o \u00e0s gentes nacionais e internacionais, tornando o espa\u00e7o num Lar do \u201cAlentejo genu\u00edno\u201d.<\/p>\n\n\n\n<div class=\"wp-block-image\"><figure class=\"aligncenter size-full is-resized\"><img loading=\"lazy\" decoding=\"async\" src=\"https:\/\/maismagazine.pt\/wp-content\/uploads\/2022\/08\/Luisa-Rebelo-Edital-Forbes-13-de-18-3.png\" alt=\"\" class=\"wp-image-3981\" width=\"784\" height=\"524\" srcset=\"http:\/\/maismagazine.pt\/wp-content\/uploads\/2022\/08\/Luisa-Rebelo-Edital-Forbes-13-de-18-3.png 825w, http:\/\/maismagazine.pt\/wp-content\/uploads\/2022\/08\/Luisa-Rebelo-Edital-Forbes-13-de-18-3-300x200.png 300w, http:\/\/maismagazine.pt\/wp-content\/uploads\/2022\/08\/Luisa-Rebelo-Edital-Forbes-13-de-18-3-768x513.png 768w, http:\/\/maismagazine.pt\/wp-content\/uploads\/2022\/08\/Luisa-Rebelo-Edital-Forbes-13-de-18-3-150x100.png 150w\" sizes=\"auto, (max-width: 784px) 100vw, 784px\" \/><\/figure><\/div>\n\n\n\n<p><\/p>\n\n\n\n<p>Foi com essa mensagem que \u201cao longo destes oito anos constru\u00edram um programa de refer\u00eancia no enoturismo, recebendo clientes, desde casais, fam\u00edlias, pequenos grupos corporativos, oriundos dos mais variados mercados\u201d, sendo que o principal \u00e9 o internacional, ainda assim, o mercado nacional come\u00e7a a ter tamb\u00e9m bastante express\u00e3o. Nesta \u00e1rea t\u00eam-se afirmado como um destino para \u201cwine lovers, en\u00f3filos e curiosos sobre o vinho, tendo por isso uma vasta oferta de experi\u00eancias v\u00ednicas, desde provas e visitas \u00e0 adega, atividades de wine blending e de pairing v\u00ednicos com gastronomia no Restaurante Palma by Chef Miguel Laffan\u201d. \u00c9 de referir que a adega, j\u00e1 referenciada pela Cond\u00e9 Nast Traveller, como uma das mais bonitas do mundo, est\u00e1 aberta todos os dias, tal como a vinha, e em agosto, per\u00edodo de vindimas, vai refor\u00e7ar a oferta a todos os visitantes. Estes v\u00e3o poder participar em todas as etapas da produ\u00e7\u00e3o vit\u00edcola, desde a colheita manual, \u00e0 pisa da uva a p\u00e9 nos lagares de m\u00e1rmore de Estremoz. Dentro do mesmo tema, a entrevistada refere que este ramo de turismo \u00e9 \u201csem d\u00favida uma alavanca importante para Portugal, no sentido de valorizar a cultura, a gastronomia, o vinho e o patrim\u00f3nio mais escondido de algumas zonas, como o interior do pa\u00eds\u203a\u203a. Por isso, s\u00e3o \u201co associado n\u00ba 1 da Associa\u00e7\u00e3o Portuguesa de Enoturismo e trabalham para darem voz ao Alentejo, como um destino preferencial para experi\u00eancias ecotur\u00edsticas\u201d.<\/p>\n\n\n\n<div class=\"wp-block-image\"><figure class=\"aligncenter size-full is-resized\"><img loading=\"lazy\" decoding=\"async\" src=\"https:\/\/maismagazine.pt\/wp-content\/uploads\/2022\/08\/Vindimas-Torre-de-Palma-9-2.png\" alt=\"\" class=\"wp-image-3991\" width=\"798\" height=\"574\" srcset=\"http:\/\/maismagazine.pt\/wp-content\/uploads\/2022\/08\/Vindimas-Torre-de-Palma-9-2.png 1024w, http:\/\/maismagazine.pt\/wp-content\/uploads\/2022\/08\/Vindimas-Torre-de-Palma-9-2-300x216.png 300w, http:\/\/maismagazine.pt\/wp-content\/uploads\/2022\/08\/Vindimas-Torre-de-Palma-9-2-768x553.png 768w\" sizes=\"auto, (max-width: 798px) 100vw, 798px\" \/><\/figure><\/div>\n\n\n\n<p><strong>Brinde com a novidade Ros\u00e9 e a promo\u00e7\u00e3o da sustentabilidade<\/strong><\/p>\n\n\n\n<p><\/p>\n\n\n\n<p>Lu\u00edsa Rebelo adianta que a \u201cproximidade \u00e0 serra confere altitude e por sua vez a frescura aos vinhos de Torre de Palma, ou seja, durante a \u00e9poca da matura\u00e7\u00e3o das uvas verifica-se uma matura\u00e7\u00e3o lenta, devido \u00e0 amplitude t\u00e9rmica da zona, com dias muito quentes e secos e noites frescas. Este clima traduz-se em boa acidez, tanto para os vinhos brancos como para os tintos. O facto deste munic\u00edpio do distrito de Portalegre, considerado por muitos \u201ccomo uma das melhores zonas para a produ\u00e7\u00e3o de vinho, estar perto da serra, \u00e9 uma grande vantagem e ainda mais ser\u00e1 no futuro, com o aquecimento global\u201d.<\/p>\n\n\n\n<p><\/p>\n\n\n\n<p>Recentemente, Torre de Palma lan\u00e7ou o Torre de Palma Ros\u00e9 2021, \u201cque \u00e9 um blend de duas das castas tintas, a Touriga Nacional e a Tinta Mi\u00fada. Este vinho, muito falado entre os especialistas pela sua qualidade e caracter\u00edstica daquilo que deve ser um vinho ros\u00e9 de alta gama, acabou por ser desenvolvido com o objetivo de posicionar o ros\u00e9 lado a lado com os brancos e tintos e por isso n\u00e3o \u00e9 um vinho de piscina\u201d.<\/p>\n\n\n\n<div class=\"wp-block-image\"><figure class=\"aligncenter size-full is-resized\"><img loading=\"lazy\" decoding=\"async\" src=\"https:\/\/maismagazine.pt\/wp-content\/uploads\/2022\/08\/Torre-de-Palma-Winery-12.png\" alt=\"\" class=\"wp-image-3993\" width=\"781\" height=\"522\" srcset=\"http:\/\/maismagazine.pt\/wp-content\/uploads\/2022\/08\/Torre-de-Palma-Winery-12.png 736w, http:\/\/maismagazine.pt\/wp-content\/uploads\/2022\/08\/Torre-de-Palma-Winery-12-300x201.png 300w, http:\/\/maismagazine.pt\/wp-content\/uploads\/2022\/08\/Torre-de-Palma-Winery-12-150x100.png 150w\" sizes=\"auto, (max-width: 781px) 100vw, 781px\" \/><\/figure><\/div>\n\n\n\n<p><\/p>\n\n\n\n<p>Lu\u00edsa Rebelo afirma que a sustentabilidade tamb\u00e9m est\u00e1 fortemente vinculada \u00e0 metodologia de trabalho. Assim, a produ\u00e7\u00e3o de vinhos desta marca nacional com idioma alentejano \u201cest\u00e1 integrada no Plano de Sustentabilidade do Vinhos do Alentejo, que visa garantir a prote\u00e7\u00e3o do ecossistema, tendo em conta diversas pr\u00e1ticas de sustentabilidade ambiental\u201d. Destaca ainda a recente iniciativa da instala\u00e7\u00e3o do Hotel de Insetos, \u201crefor\u00e7ando o papel fundamental destes na cultura da vinha, poliniza\u00e7\u00e3o e prote\u00e7\u00e3o contra www.torredepalma.comas pragas invasoras. Ao atrair os insetos e proporcionar-lhes condi\u00e7\u00f5es de habitat para se reproduzirem, abra\u00e7am a luta biol\u00f3gica e evitam os tratamentos qu\u00edmicos\u201d.<\/p>\n\n\n\n<p><\/p>\n\n\n\n<p>No encerramento da conversa abordou-se a import\u00e2ncia da conquista de medalhas internacionais para a manuten\u00e7\u00e3o do foco na produ\u00e7\u00e3o de vinho, sendo que o que se pretende \u00e9 produzir com qualidade, estimulando o verdadeiro potencial da regi\u00e3o e da arte, e n\u00e3o em quantidade. Para o futuro, Lu\u00edsa Rebelo afirma que querem \u201cser cada vez mais uma refer\u00eancia no Enoturismo, proporcionando experi\u00eancias aut\u00eanticas, que valorizem e respeitem a regi\u00e3o e a economia local. No fundo, que mais pessoas se apaixonem por Torre de Palma, como n\u00f3s.\u201d<\/p>\n\n\n\n<div class=\"wp-block-image\"><figure class=\"aligncenter size-large\"><img loading=\"lazy\" decoding=\"async\" width=\"1024\" height=\"683\" src=\"https:\/\/maismagazine.pt\/wp-content\/uploads\/2022\/08\/Torre-de-Palma-Wine-Hotel-3-1-1024x683.png\" alt=\"\" class=\"wp-image-3998\" srcset=\"http:\/\/maismagazine.pt\/wp-content\/uploads\/2022\/08\/Torre-de-Palma-Wine-Hotel-3-1-1024x683.png 1024w, http:\/\/maismagazine.pt\/wp-content\/uploads\/2022\/08\/Torre-de-Palma-Wine-Hotel-3-1-300x200.png 300w, http:\/\/maismagazine.pt\/wp-content\/uploads\/2022\/08\/Torre-de-Palma-Wine-Hotel-3-1-768x512.png 768w, http:\/\/maismagazine.pt\/wp-content\/uploads\/2022\/08\/Torre-de-Palma-Wine-Hotel-3-1-150x100.png 150w, http:\/\/maismagazine.pt\/wp-content\/uploads\/2022\/08\/Torre-de-Palma-Wine-Hotel-3-1.png 1037w\" sizes=\"auto, (max-width: 1024px) 100vw, 1024px\" \/><\/figure><\/div>\n\n\n\n<p><\/p>\n","protected":false},"excerpt":{"rendered":"<p>\u00c9 uma propriedade hist\u00f3rica localizada em Monforte, no distrito de Portalegre, que remonta ao ano de 1338. Tem sete hectares de vinha e sete castas diferentes, tr\u00eas castas brancas &#8211; Arinto, Alvarinho e Ant\u00e3o Vaz &#8211; e quatro tintas &#8211; Touriga Nacional, Aragon\u00eas, Alicante Bouchet e Tinta Mi\u00fada &#8211; todas&hellip;<\/p>\n","protected":false},"author":7,"featured_media":3969,"comment_status":"closed","ping_status":"open","sticky":false,"template":"","format":"standard","meta":{"advgb_blocks_editor_width":"","advgb_blocks_columns_visual_guide":"","_monsterinsights_skip_tracking":false,"_monsterinsights_sitenote_active":false,"_monsterinsights_sitenote_note":"","_monsterinsights_sitenote_category":0,"footnotes":""},"categories":[78,53],"tags":[264,888,887,64],"class_list":["post-3966","post","type-post","status-publish","format-standard","has-post-thumbnail","hentry","category-ambiente-e-sustentabilidade","category-turismo-restaurantes","tag-enoturismo","tag-monforte","tag-torre-de-palma","tag-turismo"],"yoast_head":"<!-- This site is optimized with the Yoast SEO plugin v24.4 - https:\/\/yoast.com\/wordpress\/plugins\/seo\/ -->\n<title>Foi de um amor \u00e0 primeira vista que nasceu o enoturismo de Torre de Palma - Mais Magazine<\/title>\n<meta name=\"description\" content=\"\u00c9 uma propriedade hist\u00f3rica localizada em Monforte, no distrito de Portalegre, que remonta ao ano de 1338...\" \/>\n<meta name=\"robots\" content=\"index, follow, max-snippet:-1, max-image-preview:large, max-video-preview:-1\" \/>\n<link rel=\"canonical\" href=\"http:\/\/maismagazine.pt\/index.php\/2022\/08\/12\/torre_de_palma\/\" \/>\n<meta property=\"og:locale\" content=\"pt_PT\" \/>\n<meta property=\"og:type\" content=\"article\" \/>\n<meta property=\"og:title\" content=\"Foi de um amor \u00e0 primeira vista que nasceu o enoturismo de Torre de Palma - Mais Magazine\" \/>\n<meta property=\"og:description\" content=\"\u00c9 uma propriedade hist\u00f3rica localizada em Monforte, no distrito de Portalegre, que remonta ao ano de 1338...\" \/>\n<meta property=\"og:url\" content=\"http:\/\/maismagazine.pt\/index.php\/2022\/08\/12\/torre_de_palma\/\" \/>\n<meta property=\"og:site_name\" content=\"Mais Magazine\" \/>\n<meta property=\"article:published_time\" content=\"2022-08-12T06:00:00+00:00\" \/>\n<meta property=\"og:image\" content=\"http:\/\/maismagazine.pt\/wp-content\/uploads\/2022\/08\/Luisa-Rebelo-Edital-Forbes-09-de-18.png\" \/>\n\t<meta property=\"og:image:width\" content=\"825\" \/>\n\t<meta property=\"og:image:height\" content=\"551\" \/>\n\t<meta property=\"og:image:type\" content=\"image\/png\" \/>\n<meta name=\"author\" content=\"Jo\u00e3o Malainho\" \/>\n<meta name=\"twitter:card\" content=\"summary_large_image\" \/>\n<meta name=\"twitter:label1\" content=\"Escrito por\" \/>\n\t<meta name=\"twitter:data1\" content=\"\" \/>\n\t<meta name=\"twitter:label2\" content=\"Tempo estimado de leitura\" \/>\n\t<meta name=\"twitter:data2\" content=\"5 minutos\" \/>\n<script type=\"application\/ld+json\" class=\"yoast-schema-graph\">{\"@context\":\"https:\/\/schema.org\",\"@graph\":[{\"@type\":\"Article\",\"@id\":\"http:\/\/maismagazine.pt\/index.php\/2022\/08\/12\/torre_de_palma\/#article\",\"isPartOf\":{\"@id\":\"http:\/\/maismagazine.pt\/index.php\/2022\/08\/12\/torre_de_palma\/\"},\"author\":{\"name\":\"Jo\u00e3o Malainho\",\"@id\":\"https:\/\/maismagazine.pt\/#\/schema\/person\/999bd426f894ff56d397ec12ebd21ebb\"},\"headline\":\"Foi de um amor \u00e0 primeira vista que nasceu o enoturismo de Torre de Palma\",\"datePublished\":\"2022-08-12T06:00:00+00:00\",\"mainEntityOfPage\":{\"@id\":\"http:\/\/maismagazine.pt\/index.php\/2022\/08\/12\/torre_de_palma\/\"},\"wordCount\":947,\"publisher\":{\"@id\":\"https:\/\/maismagazine.pt\/#organization\"},\"image\":{\"@id\":\"http:\/\/maismagazine.pt\/index.php\/2022\/08\/12\/torre_de_palma\/#primaryimage\"},\"thumbnailUrl\":\"http:\/\/maismagazine.pt\/wp-content\/uploads\/2022\/08\/Luisa-Rebelo-Edital-Forbes-09-de-18.png\",\"keywords\":[\"enoturismo\",\"Monforte\",\"Torre de Palma\",\"Turismo\"],\"articleSection\":[\"Ambiente e Sustentabilidade\",\"Turismo | Vinhos | Gastronomia\"],\"inLanguage\":\"pt-PT\"},{\"@type\":\"WebPage\",\"@id\":\"http:\/\/maismagazine.pt\/index.php\/2022\/08\/12\/torre_de_palma\/\",\"url\":\"http:\/\/maismagazine.pt\/index.php\/2022\/08\/12\/torre_de_palma\/\",\"name\":\"Foi de um amor \u00e0 primeira vista que nasceu o enoturismo de Torre de Palma - Mais Magazine\",\"isPartOf\":{\"@id\":\"https:\/\/maismagazine.pt\/#website\"},\"primaryImageOfPage\":{\"@id\":\"http:\/\/maismagazine.pt\/index.php\/2022\/08\/12\/torre_de_palma\/#primaryimage\"},\"image\":{\"@id\":\"http:\/\/maismagazine.pt\/index.php\/2022\/08\/12\/torre_de_palma\/#primaryimage\"},\"thumbnailUrl\":\"http:\/\/maismagazine.pt\/wp-content\/uploads\/2022\/08\/Luisa-Rebelo-Edital-Forbes-09-de-18.png\",\"datePublished\":\"2022-08-12T06:00:00+00:00\",\"description\":\"\u00c9 uma propriedade hist\u00f3rica localizada em Monforte, no distrito de Portalegre, que remonta ao ano de 1338...\",\"breadcrumb\":{\"@id\":\"http:\/\/maismagazine.pt\/index.php\/2022\/08\/12\/torre_de_palma\/#breadcrumb\"},\"inLanguage\":\"pt-PT\",\"potentialAction\":[{\"@type\":\"ReadAction\",\"target\":[\"http:\/\/maismagazine.pt\/index.php\/2022\/08\/12\/torre_de_palma\/\"]}]},{\"@type\":\"ImageObject\",\"inLanguage\":\"pt-PT\",\"@id\":\"http:\/\/maismagazine.pt\/index.php\/2022\/08\/12\/torre_de_palma\/#primaryimage\",\"url\":\"http:\/\/maismagazine.pt\/wp-content\/uploads\/2022\/08\/Luisa-Rebelo-Edital-Forbes-09-de-18.png\",\"contentUrl\":\"http:\/\/maismagazine.pt\/wp-content\/uploads\/2022\/08\/Luisa-Rebelo-Edital-Forbes-09-de-18.png\",\"width\":825,\"height\":551,\"caption\":\"Lu\u00edsa Rebelo, General Manager de Torre de Palma\"},{\"@type\":\"BreadcrumbList\",\"@id\":\"http:\/\/maismagazine.pt\/index.php\/2022\/08\/12\/torre_de_palma\/#breadcrumb\",\"itemListElement\":[{\"@type\":\"ListItem\",\"position\":1,\"name\":\"Home\",\"item\":\"https:\/\/maismagazine.pt\/\"},{\"@type\":\"ListItem\",\"position\":2,\"name\":\"Foi de um amor \u00e0 primeira vista que nasceu o enoturismo de Torre de Palma\"}]},{\"@type\":\"WebSite\",\"@id\":\"https:\/\/maismagazine.pt\/#website\",\"url\":\"https:\/\/maismagazine.pt\/\",\"name\":\"Mais Magazine\",\"description\":\"\",\"publisher\":{\"@id\":\"https:\/\/maismagazine.pt\/#organization\"},\"potentialAction\":[{\"@type\":\"SearchAction\",\"target\":{\"@type\":\"EntryPoint\",\"urlTemplate\":\"https:\/\/maismagazine.pt\/?s={search_term_string}\"},\"query-input\":{\"@type\":\"PropertyValueSpecification\",\"valueRequired\":true,\"valueName\":\"search_term_string\"}}],\"inLanguage\":\"pt-PT\"},{\"@type\":\"Organization\",\"@id\":\"https:\/\/maismagazine.pt\/#organization\",\"name\":\"Mais Magazine\",\"url\":\"https:\/\/maismagazine.pt\/\",\"logo\":{\"@type\":\"ImageObject\",\"inLanguage\":\"pt-PT\",\"@id\":\"https:\/\/maismagazine.pt\/#\/schema\/logo\/image\/\",\"url\":\"http:\/\/maismagazine.pt\/wp-content\/uploads\/2020\/04\/cropped-cropped-mais-magazine-site-logo-2.png\",\"contentUrl\":\"http:\/\/maismagazine.pt\/wp-content\/uploads\/2020\/04\/cropped-cropped-mais-magazine-site-logo-2.png\",\"width\":581,\"height\":90,\"caption\":\"Mais Magazine\"},\"image\":{\"@id\":\"https:\/\/maismagazine.pt\/#\/schema\/logo\/image\/\"}},{\"@type\":\"Person\",\"@id\":\"https:\/\/maismagazine.pt\/#\/schema\/person\/999bd426f894ff56d397ec12ebd21ebb\",\"name\":\"Jo\u00e3o Malainho\",\"image\":{\"@type\":\"ImageObject\",\"inLanguage\":\"pt-PT\",\"@id\":\"https:\/\/maismagazine.pt\/#\/schema\/person\/image\/\",\"url\":\"https:\/\/secure.gravatar.com\/avatar\/ff03c2f38edf60b2a827aa4f74878491?s=96&d=mm&r=g\",\"contentUrl\":\"https:\/\/secure.gravatar.com\/avatar\/ff03c2f38edf60b2a827aa4f74878491?s=96&d=mm&r=g\",\"caption\":\"Jo\u00e3o Malainho\"},\"url\":\"http:\/\/maismagazine.pt\/index.php\/author\/maismagazine\/\"}]}<\/script>\n<!-- \/ Yoast SEO plugin. -->","yoast_head_json":{"title":"Foi de um amor \u00e0 primeira vista que nasceu o enoturismo de Torre de Palma - Mais Magazine","description":"\u00c9 uma propriedade hist\u00f3rica localizada em Monforte, no distrito de Portalegre, que remonta ao ano de 1338...","robots":{"index":"index","follow":"follow","max-snippet":"max-snippet:-1","max-image-preview":"max-image-preview:large","max-video-preview":"max-video-preview:-1"},"canonical":"http:\/\/maismagazine.pt\/index.php\/2022\/08\/12\/torre_de_palma\/","og_locale":"pt_PT","og_type":"article","og_title":"Foi de um amor \u00e0 primeira vista que nasceu o enoturismo de Torre de Palma - Mais Magazine","og_description":"\u00c9 uma propriedade hist\u00f3rica localizada em Monforte, no distrito de Portalegre, que remonta ao ano de 1338...","og_url":"http:\/\/maismagazine.pt\/index.php\/2022\/08\/12\/torre_de_palma\/","og_site_name":"Mais Magazine","article_published_time":"2022-08-12T06:00:00+00:00","og_image":[{"width":825,"height":551,"url":"http:\/\/maismagazine.pt\/wp-content\/uploads\/2022\/08\/Luisa-Rebelo-Edital-Forbes-09-de-18.png","type":"image\/png"}],"author":"Jo\u00e3o Malainho","twitter_card":"summary_large_image","twitter_misc":{"Escrito por":false,"Tempo estimado de leitura":"5 minutos"},"schema":{"@context":"https:\/\/schema.org","@graph":[{"@type":"Article","@id":"http:\/\/maismagazine.pt\/index.php\/2022\/08\/12\/torre_de_palma\/#article","isPartOf":{"@id":"http:\/\/maismagazine.pt\/index.php\/2022\/08\/12\/torre_de_palma\/"},"author":{"name":"Jo\u00e3o Malainho","@id":"https:\/\/maismagazine.pt\/#\/schema\/person\/999bd426f894ff56d397ec12ebd21ebb"},"headline":"Foi de um amor \u00e0 primeira vista que nasceu o enoturismo de Torre de Palma","datePublished":"2022-08-12T06:00:00+00:00","mainEntityOfPage":{"@id":"http:\/\/maismagazine.pt\/index.php\/2022\/08\/12\/torre_de_palma\/"},"wordCount":947,"publisher":{"@id":"https:\/\/maismagazine.pt\/#organization"},"image":{"@id":"http:\/\/maismagazine.pt\/index.php\/2022\/08\/12\/torre_de_palma\/#primaryimage"},"thumbnailUrl":"http:\/\/maismagazine.pt\/wp-content\/uploads\/2022\/08\/Luisa-Rebelo-Edital-Forbes-09-de-18.png","keywords":["enoturismo","Monforte","Torre de Palma","Turismo"],"articleSection":["Ambiente e Sustentabilidade","Turismo | Vinhos | Gastronomia"],"inLanguage":"pt-PT"},{"@type":"WebPage","@id":"http:\/\/maismagazine.pt\/index.php\/2022\/08\/12\/torre_de_palma\/","url":"http:\/\/maismagazine.pt\/index.php\/2022\/08\/12\/torre_de_palma\/","name":"Foi de um amor \u00e0 primeira vista que nasceu o enoturismo de Torre de Palma - Mais Magazine","isPartOf":{"@id":"https:\/\/maismagazine.pt\/#website"},"primaryImageOfPage":{"@id":"http:\/\/maismagazine.pt\/index.php\/2022\/08\/12\/torre_de_palma\/#primaryimage"},"image":{"@id":"http:\/\/maismagazine.pt\/index.php\/2022\/08\/12\/torre_de_palma\/#primaryimage"},"thumbnailUrl":"http:\/\/maismagazine.pt\/wp-content\/uploads\/2022\/08\/Luisa-Rebelo-Edital-Forbes-09-de-18.png","datePublished":"2022-08-12T06:00:00+00:00","description":"\u00c9 uma propriedade hist\u00f3rica localizada em Monforte, no distrito de Portalegre, que remonta ao ano de 1338...","breadcrumb":{"@id":"http:\/\/maismagazine.pt\/index.php\/2022\/08\/12\/torre_de_palma\/#breadcrumb"},"inLanguage":"pt-PT","potentialAction":[{"@type":"ReadAction","target":["http:\/\/maismagazine.pt\/index.php\/2022\/08\/12\/torre_de_palma\/"]}]},{"@type":"ImageObject","inLanguage":"pt-PT","@id":"http:\/\/maismagazine.pt\/index.php\/2022\/08\/12\/torre_de_palma\/#primaryimage","url":"http:\/\/maismagazine.pt\/wp-content\/uploads\/2022\/08\/Luisa-Rebelo-Edital-Forbes-09-de-18.png","contentUrl":"http:\/\/maismagazine.pt\/wp-content\/uploads\/2022\/08\/Luisa-Rebelo-Edital-Forbes-09-de-18.png","width":825,"height":551,"caption":"Lu\u00edsa Rebelo, General Manager de Torre de Palma"},{"@type":"BreadcrumbList","@id":"http:\/\/maismagazine.pt\/index.php\/2022\/08\/12\/torre_de_palma\/#breadcrumb","itemListElement":[{"@type":"ListItem","position":1,"name":"Home","item":"https:\/\/maismagazine.pt\/"},{"@type":"ListItem","position":2,"name":"Foi de um amor \u00e0 primeira vista que nasceu o enoturismo de Torre de Palma"}]},{"@type":"WebSite","@id":"https:\/\/maismagazine.pt\/#website","url":"https:\/\/maismagazine.pt\/","name":"Mais Magazine","description":"","publisher":{"@id":"https:\/\/maismagazine.pt\/#organization"},"potentialAction":[{"@type":"SearchAction","target":{"@type":"EntryPoint","urlTemplate":"https:\/\/maismagazine.pt\/?s={search_term_string}"},"query-input":{"@type":"PropertyValueSpecification","valueRequired":true,"valueName":"search_term_string"}}],"inLanguage":"pt-PT"},{"@type":"Organization","@id":"https:\/\/maismagazine.pt\/#organization","name":"Mais Magazine","url":"https:\/\/maismagazine.pt\/","logo":{"@type":"ImageObject","inLanguage":"pt-PT","@id":"https:\/\/maismagazine.pt\/#\/schema\/logo\/image\/","url":"http:\/\/maismagazine.pt\/wp-content\/uploads\/2020\/04\/cropped-cropped-mais-magazine-site-logo-2.png","contentUrl":"http:\/\/maismagazine.pt\/wp-content\/uploads\/2020\/04\/cropped-cropped-mais-magazine-site-logo-2.png","width":581,"height":90,"caption":"Mais Magazine"},"image":{"@id":"https:\/\/maismagazine.pt\/#\/schema\/logo\/image\/"}},{"@type":"Person","@id":"https:\/\/maismagazine.pt\/#\/schema\/person\/999bd426f894ff56d397ec12ebd21ebb","name":"Jo\u00e3o Malainho","image":{"@type":"ImageObject","inLanguage":"pt-PT","@id":"https:\/\/maismagazine.pt\/#\/schema\/person\/image\/","url":"https:\/\/secure.gravatar.com\/avatar\/ff03c2f38edf60b2a827aa4f74878491?s=96&d=mm&r=g","contentUrl":"https:\/\/secure.gravatar.com\/avatar\/ff03c2f38edf60b2a827aa4f74878491?s=96&d=mm&r=g","caption":"Jo\u00e3o Malainho"},"url":"http:\/\/maismagazine.pt\/index.php\/author\/maismagazine\/"}]}},"author_meta":{"display_name":false,"author_link":"http:\/\/maismagazine.pt\/index.php\/author\/maismagazine\/"},"featured_img":"http:\/\/maismagazine.pt\/wp-content\/uploads\/2022\/08\/Luisa-Rebelo-Edital-Forbes-09-de-18-300x200.png","coauthors":[],"tax_additional":{"categories":{"linked":["<a href=\"http:\/\/maismagazine.pt\/index.php\/category\/empreendedorismo\/ambiente-e-sustentabilidade\/\" class=\"advgb-post-tax-term\">Ambiente e Sustentabilidade<\/a>","<a href=\"http:\/\/maismagazine.pt\/index.php\/category\/turismo-restaurantes\/\" class=\"advgb-post-tax-term\">Turismo | Vinhos | Gastronomia<\/a>"],"unlinked":["<span class=\"advgb-post-tax-term\">Ambiente e Sustentabilidade<\/span>","<span class=\"advgb-post-tax-term\">Turismo | Vinhos | Gastronomia<\/span>"]},"tags":{"linked":["<a href=\"http:\/\/maismagazine.pt\/index.php\/category\/turismo-restaurantes\/\" class=\"advgb-post-tax-term\">enoturismo<\/a>","<a href=\"http:\/\/maismagazine.pt\/index.php\/category\/turismo-restaurantes\/\" class=\"advgb-post-tax-term\">Monforte<\/a>","<a href=\"http:\/\/maismagazine.pt\/index.php\/category\/turismo-restaurantes\/\" class=\"advgb-post-tax-term\">Torre de Palma<\/a>","<a href=\"http:\/\/maismagazine.pt\/index.php\/category\/turismo-restaurantes\/\" class=\"advgb-post-tax-term\">Turismo<\/a>"],"unlinked":["<span class=\"advgb-post-tax-term\">enoturismo<\/span>","<span class=\"advgb-post-tax-term\">Monforte<\/span>","<span class=\"advgb-post-tax-term\">Torre de Palma<\/span>","<span class=\"advgb-post-tax-term\">Turismo<\/span>"]}},"comment_count":"0","relative_dates":{"created":"Posted 4 anos ago","modified":"Updated 4 anos ago"},"absolute_dates":{"created":"Posted on 12 de Agosto, 2022","modified":"Updated on 3 de Agosto, 2022"},"absolute_dates_time":{"created":"Posted on 12 de Agosto, 2022 7:00","modified":"Updated on 3 de Agosto, 2022 10:20"},"featured_img_caption":"Lu\u00edsa Rebelo, General Manager de Torre de Palma","series_order":"","_links":{"self":[{"href":"http:\/\/maismagazine.pt\/index.php\/wp-json\/wp\/v2\/posts\/3966","targetHints":{"allow":["GET"]}}],"collection":[{"href":"http:\/\/maismagazine.pt\/index.php\/wp-json\/wp\/v2\/posts"}],"about":[{"href":"http:\/\/maismagazine.pt\/index.php\/wp-json\/wp\/v2\/types\/post"}],"author":[{"embeddable":true,"href":"http:\/\/maismagazine.pt\/index.php\/wp-json\/wp\/v2\/users\/7"}],"replies":[{"embeddable":true,"href":"http:\/\/maismagazine.pt\/index.php\/wp-json\/wp\/v2\/comments?post=3966"}],"version-history":[{"count":3,"href":"http:\/\/maismagazine.pt\/index.php\/wp-json\/wp\/v2\/posts\/3966\/revisions"}],"predecessor-version":[{"id":3999,"href":"http:\/\/maismagazine.pt\/index.php\/wp-json\/wp\/v2\/posts\/3966\/revisions\/3999"}],"wp:featuredmedia":[{"embeddable":true,"href":"http:\/\/maismagazine.pt\/index.php\/wp-json\/wp\/v2\/media\/3969"}],"wp:attachment":[{"href":"http:\/\/maismagazine.pt\/index.php\/wp-json\/wp\/v2\/media?parent=3966"}],"wp:term":[{"taxonomy":"category","embeddable":true,"href":"http:\/\/maismagazine.pt\/index.php\/wp-json\/wp\/v2\/categories?post=3966"},{"taxonomy":"post_tag","embeddable":true,"href":"http:\/\/maismagazine.pt\/index.php\/wp-json\/wp\/v2\/tags?post=3966"}],"curies":[{"name":"wp","href":"https:\/\/api.w.org\/{rel}","templated":true}]}}