{"id":3939,"date":"2022-07-15T17:13:15","date_gmt":"2022-07-15T16:13:15","guid":{"rendered":"https:\/\/maismagazine.pt\/?p=3939"},"modified":"2022-07-15T17:13:15","modified_gmt":"2022-07-15T16:13:15","slug":"editorial-julho-2022-p-porto","status":"publish","type":"post","link":"http:\/\/maismagazine.pt\/index.php\/2022\/07\/15\/editorial-julho-2022-p-porto\/","title":{"rendered":"Editorial | julho 2022 | P.Porto"},"content":{"rendered":"\n<p>Em menos de um ano esta \u00e9 j\u00e1 a quarta edi\u00e7\u00e3o especial da Mais Magazine que lan\u00e7amos para as bancas, juntamente com as nove edi\u00e7\u00f5es regulares. Fazemos esta contabilidade porque o ver\u00e3o \u00e9, tradicionalmente, um per\u00edodo dado a balan\u00e7os. Seja porque as f\u00e9rias a isso convidam, dando a sensa\u00e7\u00e3o de um novo come\u00e7o na <em>rentr\u00e9e<\/em>, ou porque sempre nos habitu\u00e1mos desde os tempos de escola e faculdade a orientar-nos cronologicamente pela escala dos anos letivos.<\/p>\n\n\n\n<p><\/p>\n\n\n\n<p>Nesta edi\u00e7\u00e3o tem\u00e1tica convidamo-lo a conhecer o Polit\u00e9cnico do Porto (P.PORTO), a sua Hist\u00f3ria, rostos e testemunhos de quem nele trabalha e, naturalmente, a sua ampla oferta ao n\u00edvel do ensino e investiga\u00e7\u00e3o. Design, engenharia, desporto, multim\u00e9dia, artes, sa\u00fade e turismo s\u00e3o \u00e1reas a que esta institui\u00e7\u00e3o de refer\u00eancia se dedica e que bem podem ser a resposta para milhares de candidatos que ponderam neste momento o seu futuro.<\/p>\n\n\n\n<p><\/p>\n\n\n\n<p>O Instituto Polit\u00e9cnico do Porto existe com esta nomenclatura desde 1985, embora a sua origem remonte a 1852, aquando da funda\u00e7\u00e3o da Escola Industrial do Porto. Ao longo dos anos foi assumindo v\u00e1rias designa\u00e7\u00f5es e \u00e9 nesta s\u00edntese entre tradi\u00e7\u00e3o e vanguarda que hoje o P.PORTO se projeta no futuro. Institui\u00e7\u00e3o de refer\u00eancia para a cidade e para regi\u00e3o &#8211; logo para o Pa\u00eds &#8211; os seus alunos beneficiam da ess\u00eancia do ensino polit\u00e9cnico: fazer a ponte entre o conhecimento e a sua aplica\u00e7\u00e3o pr\u00e1tica no mundo do trabalho.<\/p>\n\n\n\n<p><\/p>\n\n\n\n<p>Com as suas oito escolas distribu\u00eddas por tr\u00eas campi, o P. PORTO tem 24 centros de investiga\u00e7\u00e3o que garantem o funcionamento de 56 licenciaturas, 77 mestrados e tr\u00eas doutoramentos em parceria com universidades a mais de 20 mil alunos. Faz ainda a gest\u00e3o de uma rede de bibliotecas, resid\u00eancias e refeit\u00f3rios.<\/p>\n\n\n\n<p>Mas como institui\u00e7\u00e3o moderna que \u00e9, estende-se para l\u00e1 dos seus espa\u00e7os f\u00edsicos para se enraizar na comunidade: possui um teatro, orquestras, editoras e um museu de que muitos portuenses (e n\u00e3o s\u00f3) j\u00e1 ter\u00e3o fru\u00eddo. Como referiu o novo Presidente da institui\u00e7\u00e3o, Paulo Pereira, na sua tomada de posse em abril deste ano, &#8220;Nada de s\u00f3lido e verdadeiramente transformador \u00e9 feito de forma isolada&#8221;. Este \u00e9 um princ\u00edpio basilar de uma cidadania madura, faceta que o P.PORTO gosta de fomentar junto dos seus alunos.<\/p>\n","protected":false},"excerpt":{"rendered":"<p>Em menos de um ano esta \u00e9 j\u00e1 a quarta edi\u00e7\u00e3o especial da Mais Magazine que lan\u00e7amos para as bancas, juntamente com as nove edi\u00e7\u00f5es regulares. Fazemos esta contabilidade porque o ver\u00e3o \u00e9, tradicionalmente, um per\u00edodo dado a balan\u00e7os. Seja porque as f\u00e9rias a isso convidam, dando a sensa\u00e7\u00e3o de&hellip;<\/p>\n","protected":false},"author":7,"featured_media":3940,"comment_status":"open","ping_status":"open","sticky":false,"template":"","format":"standard","meta":{"advgb_blocks_editor_width":"","advgb_blocks_columns_visual_guide":"","_monsterinsights_skip_tracking":false,"_monsterinsights_sitenote_active":false,"_monsterinsights_sitenote_note":"","_monsterinsights_sitenote_category":0,"footnotes":""},"categories":[815,7,51],"tags":[],"class_list":["post-3939","post","type-post","status-publish","format-standard","has-post-thumbnail","hentry","category-editoriais","category-noticias","category-opiniao"],"yoast_head":"<!-- This site is optimized with the Yoast SEO plugin v24.4 - https:\/\/yoast.com\/wordpress\/plugins\/seo\/ -->\n<title>Editorial | julho 2022 | P.Porto - Mais Magazine<\/title>\n<meta name=\"robots\" content=\"index, follow, max-snippet:-1, max-image-preview:large, max-video-preview:-1\" \/>\n<link rel=\"canonical\" href=\"http:\/\/maismagazine.pt\/index.php\/2022\/07\/15\/editorial-julho-2022-p-porto\/\" \/>\n<meta property=\"og:locale\" content=\"pt_PT\" \/>\n<meta property=\"og:type\" content=\"article\" \/>\n<meta property=\"og:title\" content=\"Editorial | julho 2022 | P.Porto - Mais Magazine\" \/>\n<meta property=\"og:description\" content=\"Em menos de um ano esta \u00e9 j\u00e1 a quarta edi\u00e7\u00e3o especial da Mais Magazine que lan\u00e7amos para as bancas, juntamente com as nove edi\u00e7\u00f5es regulares. Fazemos esta contabilidade porque o ver\u00e3o \u00e9, tradicionalmente, um per\u00edodo dado a balan\u00e7os. Seja porque as f\u00e9rias a isso convidam, dando a sensa\u00e7\u00e3o de&hellip;\" \/>\n<meta property=\"og:url\" content=\"http:\/\/maismagazine.pt\/index.php\/2022\/07\/15\/editorial-julho-2022-p-porto\/\" \/>\n<meta property=\"og:site_name\" content=\"Mais Magazine\" \/>\n<meta property=\"article:published_time\" content=\"2022-07-15T16:13:15+00:00\" \/>\n<meta property=\"og:image\" content=\"http:\/\/maismagazine.pt\/wp-content\/uploads\/2022\/07\/Fcebook-cover-Maismagazine.jpg\" \/>\n\t<meta property=\"og:image:width\" content=\"1640\" \/>\n\t<meta property=\"og:image:height\" content=\"720\" \/>\n\t<meta property=\"og:image:type\" content=\"image\/jpeg\" \/>\n<meta name=\"author\" content=\"Jo\u00e3o Malainho\" \/>\n<meta name=\"twitter:card\" content=\"summary_large_image\" \/>\n<meta name=\"twitter:label1\" content=\"Escrito por\" \/>\n\t<meta name=\"twitter:data1\" content=\"\" \/>\n\t<meta name=\"twitter:label2\" content=\"Tempo estimado de leitura\" \/>\n\t<meta name=\"twitter:data2\" content=\"2 minutos\" \/>\n<script type=\"application\/ld+json\" class=\"yoast-schema-graph\">{\"@context\":\"https:\/\/schema.org\",\"@graph\":[{\"@type\":\"Article\",\"@id\":\"http:\/\/maismagazine.pt\/index.php\/2022\/07\/15\/editorial-julho-2022-p-porto\/#article\",\"isPartOf\":{\"@id\":\"http:\/\/maismagazine.pt\/index.php\/2022\/07\/15\/editorial-julho-2022-p-porto\/\"},\"author\":{\"name\":\"Jo\u00e3o Malainho\",\"@id\":\"https:\/\/maismagazine.pt\/#\/schema\/person\/999bd426f894ff56d397ec12ebd21ebb\"},\"headline\":\"Editorial | julho 2022 | P.Porto\",\"datePublished\":\"2022-07-15T16:13:15+00:00\",\"mainEntityOfPage\":{\"@id\":\"http:\/\/maismagazine.pt\/index.php\/2022\/07\/15\/editorial-julho-2022-p-porto\/\"},\"wordCount\":416,\"commentCount\":0,\"publisher\":{\"@id\":\"https:\/\/maismagazine.pt\/#organization\"},\"image\":{\"@id\":\"http:\/\/maismagazine.pt\/index.php\/2022\/07\/15\/editorial-julho-2022-p-porto\/#primaryimage\"},\"thumbnailUrl\":\"http:\/\/maismagazine.pt\/wp-content\/uploads\/2022\/07\/Fcebook-cover-Maismagazine.jpg\",\"articleSection\":[\"Editoriais\",\"Not\u00edcias\",\"Opini\u00e3o\"],\"inLanguage\":\"pt-PT\",\"potentialAction\":[{\"@type\":\"CommentAction\",\"name\":\"Comment\",\"target\":[\"http:\/\/maismagazine.pt\/index.php\/2022\/07\/15\/editorial-julho-2022-p-porto\/#respond\"]}]},{\"@type\":\"WebPage\",\"@id\":\"http:\/\/maismagazine.pt\/index.php\/2022\/07\/15\/editorial-julho-2022-p-porto\/\",\"url\":\"http:\/\/maismagazine.pt\/index.php\/2022\/07\/15\/editorial-julho-2022-p-porto\/\",\"name\":\"Editorial | julho 2022 | P.Porto - Mais Magazine\",\"isPartOf\":{\"@id\":\"https:\/\/maismagazine.pt\/#website\"},\"primaryImageOfPage\":{\"@id\":\"http:\/\/maismagazine.pt\/index.php\/2022\/07\/15\/editorial-julho-2022-p-porto\/#primaryimage\"},\"image\":{\"@id\":\"http:\/\/maismagazine.pt\/index.php\/2022\/07\/15\/editorial-julho-2022-p-porto\/#primaryimage\"},\"thumbnailUrl\":\"http:\/\/maismagazine.pt\/wp-content\/uploads\/2022\/07\/Fcebook-cover-Maismagazine.jpg\",\"datePublished\":\"2022-07-15T16:13:15+00:00\",\"breadcrumb\":{\"@id\":\"http:\/\/maismagazine.pt\/index.php\/2022\/07\/15\/editorial-julho-2022-p-porto\/#breadcrumb\"},\"inLanguage\":\"pt-PT\",\"potentialAction\":[{\"@type\":\"ReadAction\",\"target\":[\"http:\/\/maismagazine.pt\/index.php\/2022\/07\/15\/editorial-julho-2022-p-porto\/\"]}]},{\"@type\":\"ImageObject\",\"inLanguage\":\"pt-PT\",\"@id\":\"http:\/\/maismagazine.pt\/index.php\/2022\/07\/15\/editorial-julho-2022-p-porto\/#primaryimage\",\"url\":\"http:\/\/maismagazine.pt\/wp-content\/uploads\/2022\/07\/Fcebook-cover-Maismagazine.jpg\",\"contentUrl\":\"http:\/\/maismagazine.pt\/wp-content\/uploads\/2022\/07\/Fcebook-cover-Maismagazine.jpg\",\"width\":1640,\"height\":720},{\"@type\":\"BreadcrumbList\",\"@id\":\"http:\/\/maismagazine.pt\/index.php\/2022\/07\/15\/editorial-julho-2022-p-porto\/#breadcrumb\",\"itemListElement\":[{\"@type\":\"ListItem\",\"position\":1,\"name\":\"Home\",\"item\":\"https:\/\/maismagazine.pt\/\"},{\"@type\":\"ListItem\",\"position\":2,\"name\":\"Editorial | julho 2022 | P.Porto\"}]},{\"@type\":\"WebSite\",\"@id\":\"https:\/\/maismagazine.pt\/#website\",\"url\":\"https:\/\/maismagazine.pt\/\",\"name\":\"Mais Magazine\",\"description\":\"\",\"publisher\":{\"@id\":\"https:\/\/maismagazine.pt\/#organization\"},\"potentialAction\":[{\"@type\":\"SearchAction\",\"target\":{\"@type\":\"EntryPoint\",\"urlTemplate\":\"https:\/\/maismagazine.pt\/?s={search_term_string}\"},\"query-input\":{\"@type\":\"PropertyValueSpecification\",\"valueRequired\":true,\"valueName\":\"search_term_string\"}}],\"inLanguage\":\"pt-PT\"},{\"@type\":\"Organization\",\"@id\":\"https:\/\/maismagazine.pt\/#organization\",\"name\":\"Mais Magazine\",\"url\":\"https:\/\/maismagazine.pt\/\",\"logo\":{\"@type\":\"ImageObject\",\"inLanguage\":\"pt-PT\",\"@id\":\"https:\/\/maismagazine.pt\/#\/schema\/logo\/image\/\",\"url\":\"http:\/\/maismagazine.pt\/wp-content\/uploads\/2020\/04\/cropped-cropped-mais-magazine-site-logo-2.png\",\"contentUrl\":\"http:\/\/maismagazine.pt\/wp-content\/uploads\/2020\/04\/cropped-cropped-mais-magazine-site-logo-2.png\",\"width\":581,\"height\":90,\"caption\":\"Mais Magazine\"},\"image\":{\"@id\":\"https:\/\/maismagazine.pt\/#\/schema\/logo\/image\/\"}},{\"@type\":\"Person\",\"@id\":\"https:\/\/maismagazine.pt\/#\/schema\/person\/999bd426f894ff56d397ec12ebd21ebb\",\"name\":\"Jo\u00e3o Malainho\",\"image\":{\"@type\":\"ImageObject\",\"inLanguage\":\"pt-PT\",\"@id\":\"https:\/\/maismagazine.pt\/#\/schema\/person\/image\/\",\"url\":\"https:\/\/secure.gravatar.com\/avatar\/ff03c2f38edf60b2a827aa4f74878491?s=96&d=mm&r=g\",\"contentUrl\":\"https:\/\/secure.gravatar.com\/avatar\/ff03c2f38edf60b2a827aa4f74878491?s=96&d=mm&r=g\",\"caption\":\"Jo\u00e3o Malainho\"},\"url\":\"http:\/\/maismagazine.pt\/index.php\/author\/maismagazine\/\"}]}<\/script>\n<!-- \/ Yoast SEO plugin. -->","yoast_head_json":{"title":"Editorial | julho 2022 | P.Porto - Mais Magazine","robots":{"index":"index","follow":"follow","max-snippet":"max-snippet:-1","max-image-preview":"max-image-preview:large","max-video-preview":"max-video-preview:-1"},"canonical":"http:\/\/maismagazine.pt\/index.php\/2022\/07\/15\/editorial-julho-2022-p-porto\/","og_locale":"pt_PT","og_type":"article","og_title":"Editorial | julho 2022 | P.Porto - Mais Magazine","og_description":"Em menos de um ano esta \u00e9 j\u00e1 a quarta edi\u00e7\u00e3o especial da Mais Magazine que lan\u00e7amos para as bancas, juntamente com as nove edi\u00e7\u00f5es regulares. Fazemos esta contabilidade porque o ver\u00e3o \u00e9, tradicionalmente, um per\u00edodo dado a balan\u00e7os. Seja porque as f\u00e9rias a isso convidam, dando a sensa\u00e7\u00e3o de&hellip;","og_url":"http:\/\/maismagazine.pt\/index.php\/2022\/07\/15\/editorial-julho-2022-p-porto\/","og_site_name":"Mais Magazine","article_published_time":"2022-07-15T16:13:15+00:00","og_image":[{"width":1640,"height":720,"url":"http:\/\/maismagazine.pt\/wp-content\/uploads\/2022\/07\/Fcebook-cover-Maismagazine.jpg","type":"image\/jpeg"}],"author":"Jo\u00e3o Malainho","twitter_card":"summary_large_image","twitter_misc":{"Escrito por":false,"Tempo estimado de leitura":"2 minutos"},"schema":{"@context":"https:\/\/schema.org","@graph":[{"@type":"Article","@id":"http:\/\/maismagazine.pt\/index.php\/2022\/07\/15\/editorial-julho-2022-p-porto\/#article","isPartOf":{"@id":"http:\/\/maismagazine.pt\/index.php\/2022\/07\/15\/editorial-julho-2022-p-porto\/"},"author":{"name":"Jo\u00e3o Malainho","@id":"https:\/\/maismagazine.pt\/#\/schema\/person\/999bd426f894ff56d397ec12ebd21ebb"},"headline":"Editorial | julho 2022 | P.Porto","datePublished":"2022-07-15T16:13:15+00:00","mainEntityOfPage":{"@id":"http:\/\/maismagazine.pt\/index.php\/2022\/07\/15\/editorial-julho-2022-p-porto\/"},"wordCount":416,"commentCount":0,"publisher":{"@id":"https:\/\/maismagazine.pt\/#organization"},"image":{"@id":"http:\/\/maismagazine.pt\/index.php\/2022\/07\/15\/editorial-julho-2022-p-porto\/#primaryimage"},"thumbnailUrl":"http:\/\/maismagazine.pt\/wp-content\/uploads\/2022\/07\/Fcebook-cover-Maismagazine.jpg","articleSection":["Editoriais","Not\u00edcias","Opini\u00e3o"],"inLanguage":"pt-PT","potentialAction":[{"@type":"CommentAction","name":"Comment","target":["http:\/\/maismagazine.pt\/index.php\/2022\/07\/15\/editorial-julho-2022-p-porto\/#respond"]}]},{"@type":"WebPage","@id":"http:\/\/maismagazine.pt\/index.php\/2022\/07\/15\/editorial-julho-2022-p-porto\/","url":"http:\/\/maismagazine.pt\/index.php\/2022\/07\/15\/editorial-julho-2022-p-porto\/","name":"Editorial | julho 2022 | P.Porto - Mais Magazine","isPartOf":{"@id":"https:\/\/maismagazine.pt\/#website"},"primaryImageOfPage":{"@id":"http:\/\/maismagazine.pt\/index.php\/2022\/07\/15\/editorial-julho-2022-p-porto\/#primaryimage"},"image":{"@id":"http:\/\/maismagazine.pt\/index.php\/2022\/07\/15\/editorial-julho-2022-p-porto\/#primaryimage"},"thumbnailUrl":"http:\/\/maismagazine.pt\/wp-content\/uploads\/2022\/07\/Fcebook-cover-Maismagazine.jpg","datePublished":"2022-07-15T16:13:15+00:00","breadcrumb":{"@id":"http:\/\/maismagazine.pt\/index.php\/2022\/07\/15\/editorial-julho-2022-p-porto\/#breadcrumb"},"inLanguage":"pt-PT","potentialAction":[{"@type":"ReadAction","target":["http:\/\/maismagazine.pt\/index.php\/2022\/07\/15\/editorial-julho-2022-p-porto\/"]}]},{"@type":"ImageObject","inLanguage":"pt-PT","@id":"http:\/\/maismagazine.pt\/index.php\/2022\/07\/15\/editorial-julho-2022-p-porto\/#primaryimage","url":"http:\/\/maismagazine.pt\/wp-content\/uploads\/2022\/07\/Fcebook-cover-Maismagazine.jpg","contentUrl":"http:\/\/maismagazine.pt\/wp-content\/uploads\/2022\/07\/Fcebook-cover-Maismagazine.jpg","width":1640,"height":720},{"@type":"BreadcrumbList","@id":"http:\/\/maismagazine.pt\/index.php\/2022\/07\/15\/editorial-julho-2022-p-porto\/#breadcrumb","itemListElement":[{"@type":"ListItem","position":1,"name":"Home","item":"https:\/\/maismagazine.pt\/"},{"@type":"ListItem","position":2,"name":"Editorial | julho 2022 | P.Porto"}]},{"@type":"WebSite","@id":"https:\/\/maismagazine.pt\/#website","url":"https:\/\/maismagazine.pt\/","name":"Mais Magazine","description":"","publisher":{"@id":"https:\/\/maismagazine.pt\/#organization"},"potentialAction":[{"@type":"SearchAction","target":{"@type":"EntryPoint","urlTemplate":"https:\/\/maismagazine.pt\/?s={search_term_string}"},"query-input":{"@type":"PropertyValueSpecification","valueRequired":true,"valueName":"search_term_string"}}],"inLanguage":"pt-PT"},{"@type":"Organization","@id":"https:\/\/maismagazine.pt\/#organization","name":"Mais Magazine","url":"https:\/\/maismagazine.pt\/","logo":{"@type":"ImageObject","inLanguage":"pt-PT","@id":"https:\/\/maismagazine.pt\/#\/schema\/logo\/image\/","url":"http:\/\/maismagazine.pt\/wp-content\/uploads\/2020\/04\/cropped-cropped-mais-magazine-site-logo-2.png","contentUrl":"http:\/\/maismagazine.pt\/wp-content\/uploads\/2020\/04\/cropped-cropped-mais-magazine-site-logo-2.png","width":581,"height":90,"caption":"Mais Magazine"},"image":{"@id":"https:\/\/maismagazine.pt\/#\/schema\/logo\/image\/"}},{"@type":"Person","@id":"https:\/\/maismagazine.pt\/#\/schema\/person\/999bd426f894ff56d397ec12ebd21ebb","name":"Jo\u00e3o Malainho","image":{"@type":"ImageObject","inLanguage":"pt-PT","@id":"https:\/\/maismagazine.pt\/#\/schema\/person\/image\/","url":"https:\/\/secure.gravatar.com\/avatar\/ff03c2f38edf60b2a827aa4f74878491?s=96&d=mm&r=g","contentUrl":"https:\/\/secure.gravatar.com\/avatar\/ff03c2f38edf60b2a827aa4f74878491?s=96&d=mm&r=g","caption":"Jo\u00e3o Malainho"},"url":"http:\/\/maismagazine.pt\/index.php\/author\/maismagazine\/"}]}},"author_meta":{"display_name":false,"author_link":"http:\/\/maismagazine.pt\/index.php\/author\/maismagazine\/"},"featured_img":"http:\/\/maismagazine.pt\/wp-content\/uploads\/2022\/07\/Fcebook-cover-Maismagazine-300x132.jpg","coauthors":[],"tax_additional":{"categories":{"linked":["<a href=\"http:\/\/maismagazine.pt\/index.php\/category\/editoriais\/\" class=\"advgb-post-tax-term\">Editoriais<\/a>","<a href=\"http:\/\/maismagazine.pt\/index.php\/category\/noticias\/\" class=\"advgb-post-tax-term\">Not\u00edcias<\/a>","<a href=\"http:\/\/maismagazine.pt\/index.php\/category\/noticias\/opiniao\/\" class=\"advgb-post-tax-term\">Opini\u00e3o<\/a>"],"unlinked":["<span class=\"advgb-post-tax-term\">Editoriais<\/span>","<span class=\"advgb-post-tax-term\">Not\u00edcias<\/span>","<span class=\"advgb-post-tax-term\">Opini\u00e3o<\/span>"]}},"comment_count":"0","relative_dates":{"created":"Posted 4 anos ago","modified":"Updated 4 anos ago"},"absolute_dates":{"created":"Posted on 15 de Julho, 2022","modified":"Updated on 15 de Julho, 2022"},"absolute_dates_time":{"created":"Posted on 15 de Julho, 2022 17:13","modified":"Updated on 15 de Julho, 2022 17:13"},"featured_img_caption":"","series_order":"","_links":{"self":[{"href":"http:\/\/maismagazine.pt\/index.php\/wp-json\/wp\/v2\/posts\/3939","targetHints":{"allow":["GET"]}}],"collection":[{"href":"http:\/\/maismagazine.pt\/index.php\/wp-json\/wp\/v2\/posts"}],"about":[{"href":"http:\/\/maismagazine.pt\/index.php\/wp-json\/wp\/v2\/types\/post"}],"author":[{"embeddable":true,"href":"http:\/\/maismagazine.pt\/index.php\/wp-json\/wp\/v2\/users\/7"}],"replies":[{"embeddable":true,"href":"http:\/\/maismagazine.pt\/index.php\/wp-json\/wp\/v2\/comments?post=3939"}],"version-history":[{"count":1,"href":"http:\/\/maismagazine.pt\/index.php\/wp-json\/wp\/v2\/posts\/3939\/revisions"}],"predecessor-version":[{"id":3941,"href":"http:\/\/maismagazine.pt\/index.php\/wp-json\/wp\/v2\/posts\/3939\/revisions\/3941"}],"wp:featuredmedia":[{"embeddable":true,"href":"http:\/\/maismagazine.pt\/index.php\/wp-json\/wp\/v2\/media\/3940"}],"wp:attachment":[{"href":"http:\/\/maismagazine.pt\/index.php\/wp-json\/wp\/v2\/media?parent=3939"}],"wp:term":[{"taxonomy":"category","embeddable":true,"href":"http:\/\/maismagazine.pt\/index.php\/wp-json\/wp\/v2\/categories?post=3939"},{"taxonomy":"post_tag","embeddable":true,"href":"http:\/\/maismagazine.pt\/index.php\/wp-json\/wp\/v2\/tags?post=3939"}],"curies":[{"name":"wp","href":"https:\/\/api.w.org\/{rel}","templated":true}]}}