{"id":3904,"date":"2022-07-15T07:00:00","date_gmt":"2022-07-15T06:00:00","guid":{"rendered":"https:\/\/maismagazine.pt\/?p=3904"},"modified":"2022-07-11T14:12:02","modified_gmt":"2022-07-11T13:12:02","slug":"na-escola-internacional-de-torres-vedras-a-proatividade-e-o-espirito-critico-sao-os-motores-da-aprendizagem","status":"publish","type":"post","link":"http:\/\/maismagazine.pt\/index.php\/2022\/07\/15\/na-escola-internacional-de-torres-vedras-a-proatividade-e-o-espirito-critico-sao-os-motores-da-aprendizagem\/","title":{"rendered":"Na Escola Internacional de Torres Vedras \u201ca proatividade\u201d e o \u201cesp\u00edrito cr\u00edtico\u201d s\u00e3o os motores da aprendizagem"},"content":{"rendered":"\n<p><\/p>\n\n\n\n<p><strong>Esta <a href=\"http:\/\/www.eitv.pt\">institui\u00e7\u00e3o<\/a>, situada no distrito de Lisboa desde 2005, disponibiliza uma oferta formativa desde o pr\u00e9-escolar at\u00e9 ao ensino secund\u00e1rio. Em todas elas pretendem explorar ao m\u00e1ximo a capacita\u00e7\u00e3o e o potencial dos estudantes, atrav\u00e9s de atividades letivas e de lazer.<\/strong><\/p>\n\n\n\n<p><strong><br><\/strong>Na persecu\u00e7\u00e3o da forma\u00e7\u00e3o, n\u00e3o s\u00f3 de profissionais de excel\u00eancia, mas tamb\u00e9m de cidad\u00e3os \u00edntegros, a educa\u00e7\u00e3o na EITV \u00e9 marcada pela aprendizagem, pela experi\u00eancia, encorajamento \u00e0 proatividade e ao desenvolvimento do esp\u00edrito cr\u00edtico. Acreditamos que o incentivo \u00e0 descoberta e o gosto pelo aprender s\u00e3o fatores cr\u00edticos para o crescimento dos jovens e que estas s\u00e3o carater\u00edsticas inerentes aos l\u00edderes<br>de amanh\u00e3.<br><\/p>\n\n\n\n<div class=\"wp-block-image\"><figure class=\"aligncenter size-large\"><img loading=\"lazy\" decoding=\"async\" width=\"1024\" height=\"683\" src=\"https:\/\/maismagazine.pt\/wp-content\/uploads\/2022\/07\/4-1024x683.jpg\" alt=\"\" class=\"wp-image-3910\" srcset=\"http:\/\/maismagazine.pt\/wp-content\/uploads\/2022\/07\/4-1024x683.jpg 1024w, http:\/\/maismagazine.pt\/wp-content\/uploads\/2022\/07\/4-300x200.jpg 300w, http:\/\/maismagazine.pt\/wp-content\/uploads\/2022\/07\/4-768x512.jpg 768w, http:\/\/maismagazine.pt\/wp-content\/uploads\/2022\/07\/4-1536x1024.jpg 1536w, http:\/\/maismagazine.pt\/wp-content\/uploads\/2022\/07\/4-150x100.jpg 150w, http:\/\/maismagazine.pt\/wp-content\/uploads\/2022\/07\/4.jpg 2048w\" sizes=\"auto, (max-width: 1024px) 100vw, 1024px\" \/><\/figure><\/div>\n\n\n\n<p>Este modus operandi \u00e9 refletido nas atividades letivas como apresenta\u00e7\u00f5es orais e trabalhos de grupo desde o 1\u00ba ano, a introdu\u00e7\u00e3o a diferentes idiomas desde a pr\u00e9-escola, mas tamb\u00e9m atrav\u00e9s do leque de atividades extracurriculares como desportos de grupo ou artes, sendo essas respons\u00e1veis pelo despertar do esp\u00edrito de equipa, criatividade e responsabilidade.<\/p>\n\n\n\n<p><\/p>\n\n\n\n<p><strong>Cambridge ESOL &amp; DELF scolaire<\/strong><\/p>\n\n\n\n<p><\/p>\n\n\n\n<p>Todos os alunos da EITV s\u00e3o preparados para cumprirem os objetivos nacionais e poderem possuir uma dupla certifica\u00e7\u00e3o. Nesse sentido, os exames de l\u00edngua  inglesa s\u00e3o realizados pela Universidade de Cambridge e s\u00e3o efetuados anualmente, em junho. J\u00e1 o First Certificate in<br>English representa um n\u00edvel interm\u00e9dio superior de Ingl\u00eas pr\u00e1tico, sendo amplamente reconhecido, em todo o mundo, nomeadamente nos setores do turismo, com\u00e9rcio e ind\u00fastria.<br><\/p>\n\n\n\n<p>Passando para a l\u00edngua francesa, os alunos s\u00e3o avaliados pelo \u2014 DELF (Dipl\u00f4me d\u2019\u00e9tudes en langue fran\u00e7aise). Este corresponde<br>a um dos quatro primeiros n\u00edveis do Quadro europeu e avalia as compet\u00eancias de comunica\u00e7\u00e3o \u2013 compreens\u00e3o e produ\u00e7\u00e3o escritas e orais.<br><\/p>\n\n\n\n<p><\/p>\n\n\n\n<div class=\"wp-block-image\"><figure class=\"aligncenter size-large\"><img loading=\"lazy\" decoding=\"async\" width=\"683\" height=\"1024\" src=\"https:\/\/maismagazine.pt\/wp-content\/uploads\/2022\/07\/5-683x1024.jpg\" alt=\"\" class=\"wp-image-3911\" srcset=\"http:\/\/maismagazine.pt\/wp-content\/uploads\/2022\/07\/5-683x1024.jpg 683w, http:\/\/maismagazine.pt\/wp-content\/uploads\/2022\/07\/5-200x300.jpg 200w, http:\/\/maismagazine.pt\/wp-content\/uploads\/2022\/07\/5-768x1152.jpg 768w, http:\/\/maismagazine.pt\/wp-content\/uploads\/2022\/07\/5-1024x1536.jpg 1024w, http:\/\/maismagazine.pt\/wp-content\/uploads\/2022\/07\/5.jpg 1365w\" sizes=\"auto, (max-width: 683px) 100vw, 683px\" \/><\/figure><\/div>\n\n\n\n<p><\/p>\n\n\n\n<p><strong>DELE &#8211; Diploma de Espanhol <\/strong><\/p>\n\n\n\n<p><\/p>\n\n\n\n<p>A EITV faculta aos seus alunos a possibilidade de certificar oficialmente o seu conhecimento da l\u00edngua espanhola. Os diplomas de espanhol DELE s\u00e3o certificados oficiais conferidos pelo Instituto Cervantes, em nome do Minist\u00e9rio da Educa\u00e7\u00e3o e Forma\u00e7\u00e3o Profissional da Espanha.<br><\/p>\n\n\n\n<p><strong>American High School Diploma Dual<br><\/strong><\/p>\n\n\n\n<p>A Escola Internacional de Torres Vedras foi a primeira institui\u00e7\u00e3o em Portugal autorizada a promover o \u201cDual Diploma\u201d, reconhecida como parceiro \u201cAmerican High School\u201d, pela \u201cAcademica International Studies\u201d, a maior organiza\u00e7\u00e3o educativa dos USA. O Diploma Dual oferece a<br>possibilidade de obter dois diplomas em simult\u00e2neo: o secund\u00e1rio do pa\u00eds de origem, de maneira presencial, e o American High School Diploma, de forma online.<br><\/p>\n\n\n\n<p>Os alunos do 8.\u00ba ao 12.\u00ba ano, que aderirem ao protocolo, ao cumprirem o programa nacional e obtidos os 6 cr\u00e9ditos do programa americano, ser\u00e3o duplamente certificados com o Diploma Nacional e o American High School Diploma, reconhecido em todos os Estados e em todas as<br>universidades do mundo.<br><\/p>\n\n\n\n<p>O programa curricular do Diploma Dual inclui conte\u00fados interessantes aos quais o aluno normalmente n\u00e3o teria acesso e que sup\u00f5em um enriquecimento pessoal e acad\u00e9mico, como por exemplo clubes sociais, de jornalismo, artes, fotografia, etc. Por outro lado, realizar uma<br>esta dupla certifica\u00e7\u00e3o indica que o aluno tem habilidade e disciplina, assim como a capacidade de enfrentar o desafio, qualidades que s\u00e3o muito valorizadas no mercado laboral.<\/p>\n","protected":false},"excerpt":{"rendered":"<p>Esta institui\u00e7\u00e3o, situada no distrito de Lisboa desde 2005, disponibiliza uma oferta formativa desde o pr\u00e9-escolar at\u00e9 ao ensino secund\u00e1rio. Em todas elas pretendem explorar ao m\u00e1ximo a capacita\u00e7\u00e3o e o potencial dos estudantes, atrav\u00e9s de atividades letivas e de lazer. Na persecu\u00e7\u00e3o da forma\u00e7\u00e3o, n\u00e3o s\u00f3 de profissionais de&hellip;<\/p>\n","protected":false},"author":7,"featured_media":3909,"comment_status":"open","ping_status":"open","sticky":false,"template":"","format":"standard","meta":{"advgb_blocks_editor_width":"","advgb_blocks_columns_visual_guide":"","_monsterinsights_skip_tracking":false,"_monsterinsights_sitenote_active":false,"_monsterinsights_sitenote_note":"","_monsterinsights_sitenote_category":0,"footnotes":""},"categories":[149],"tags":[879,525,881,878,877,880],"class_list":["post-3904","post","type-post","status-publish","format-standard","has-post-thumbnail","hentry","category-educacao","tag-aprendizagem","tag-educacao","tag-escola-internacional","tag-espirito-critico","tag-proatividade","tag-torres-vedras"],"yoast_head":"<!-- This site is optimized with the Yoast SEO plugin v24.4 - https:\/\/yoast.com\/wordpress\/plugins\/seo\/ -->\n<title>Na Escola Internacional de Torres Vedras \u201ca proatividade\u201d e o \u201cesp\u00edrito cr\u00edtico\u201d s\u00e3o os motores da aprendizagem - Mais Magazine<\/title>\n<meta name=\"description\" content=\"Na Escola Internacional de Torres Vedras \u201ca proatividade\u201d e o \u201cesp\u00edrito cr\u00edtico\u201d s\u00e3o os motores da aprendizagem.\" \/>\n<meta name=\"robots\" content=\"index, follow, max-snippet:-1, max-image-preview:large, max-video-preview:-1\" \/>\n<link rel=\"canonical\" href=\"http:\/\/maismagazine.pt\/index.php\/2022\/07\/15\/na-escola-internacional-de-torres-vedras-a-proatividade-e-o-espirito-critico-sao-os-motores-da-aprendizagem\/\" \/>\n<meta property=\"og:locale\" content=\"pt_PT\" \/>\n<meta property=\"og:type\" content=\"article\" \/>\n<meta property=\"og:title\" content=\"Na Escola Internacional de Torres Vedras \u201ca proatividade\u201d e o \u201cesp\u00edrito cr\u00edtico\u201d s\u00e3o os motores da aprendizagem - Mais Magazine\" \/>\n<meta property=\"og:description\" content=\"Na Escola Internacional de Torres Vedras \u201ca proatividade\u201d e o \u201cesp\u00edrito cr\u00edtico\u201d s\u00e3o os motores da aprendizagem.\" \/>\n<meta property=\"og:url\" content=\"http:\/\/maismagazine.pt\/index.php\/2022\/07\/15\/na-escola-internacional-de-torres-vedras-a-proatividade-e-o-espirito-critico-sao-os-motores-da-aprendizagem\/\" \/>\n<meta property=\"og:site_name\" content=\"Mais Magazine\" \/>\n<meta property=\"article:published_time\" content=\"2022-07-15T06:00:00+00:00\" \/>\n<meta property=\"og:image\" content=\"http:\/\/maismagazine.pt\/wp-content\/uploads\/2022\/07\/6-scaled.jpg\" \/>\n\t<meta property=\"og:image:width\" content=\"2560\" \/>\n\t<meta property=\"og:image:height\" content=\"1472\" \/>\n\t<meta property=\"og:image:type\" content=\"image\/jpeg\" \/>\n<meta name=\"author\" content=\"Jo\u00e3o Malainho\" \/>\n<meta name=\"twitter:card\" content=\"summary_large_image\" \/>\n<meta name=\"twitter:label1\" content=\"Escrito por\" \/>\n\t<meta name=\"twitter:data1\" content=\"\" \/>\n\t<meta name=\"twitter:label2\" content=\"Tempo estimado de leitura\" \/>\n\t<meta name=\"twitter:data2\" content=\"3 minutos\" \/>\n<script type=\"application\/ld+json\" class=\"yoast-schema-graph\">{\"@context\":\"https:\/\/schema.org\",\"@graph\":[{\"@type\":\"Article\",\"@id\":\"http:\/\/maismagazine.pt\/index.php\/2022\/07\/15\/na-escola-internacional-de-torres-vedras-a-proatividade-e-o-espirito-critico-sao-os-motores-da-aprendizagem\/#article\",\"isPartOf\":{\"@id\":\"http:\/\/maismagazine.pt\/index.php\/2022\/07\/15\/na-escola-internacional-de-torres-vedras-a-proatividade-e-o-espirito-critico-sao-os-motores-da-aprendizagem\/\"},\"author\":{\"name\":\"Jo\u00e3o Malainho\",\"@id\":\"https:\/\/maismagazine.pt\/#\/schema\/person\/999bd426f894ff56d397ec12ebd21ebb\"},\"headline\":\"Na Escola Internacional de Torres Vedras \u201ca proatividade\u201d e o \u201cesp\u00edrito cr\u00edtico\u201d s\u00e3o os motores da aprendizagem\",\"datePublished\":\"2022-07-15T06:00:00+00:00\",\"mainEntityOfPage\":{\"@id\":\"http:\/\/maismagazine.pt\/index.php\/2022\/07\/15\/na-escola-internacional-de-torres-vedras-a-proatividade-e-o-espirito-critico-sao-os-motores-da-aprendizagem\/\"},\"wordCount\":569,\"commentCount\":0,\"publisher\":{\"@id\":\"https:\/\/maismagazine.pt\/#organization\"},\"image\":{\"@id\":\"http:\/\/maismagazine.pt\/index.php\/2022\/07\/15\/na-escola-internacional-de-torres-vedras-a-proatividade-e-o-espirito-critico-sao-os-motores-da-aprendizagem\/#primaryimage\"},\"thumbnailUrl\":\"http:\/\/maismagazine.pt\/wp-content\/uploads\/2022\/07\/6-scaled.jpg\",\"keywords\":[\"aprendizagem\",\"Educa\u00e7\u00e3o\",\"Escola Internacional\",\"esp\u00edrito cr\u00edtico\",\"proatividade\",\"Torres Vedras\"],\"articleSection\":[\"Educa\u00e7\u00e3o\"],\"inLanguage\":\"pt-PT\",\"potentialAction\":[{\"@type\":\"CommentAction\",\"name\":\"Comment\",\"target\":[\"http:\/\/maismagazine.pt\/index.php\/2022\/07\/15\/na-escola-internacional-de-torres-vedras-a-proatividade-e-o-espirito-critico-sao-os-motores-da-aprendizagem\/#respond\"]}]},{\"@type\":\"WebPage\",\"@id\":\"http:\/\/maismagazine.pt\/index.php\/2022\/07\/15\/na-escola-internacional-de-torres-vedras-a-proatividade-e-o-espirito-critico-sao-os-motores-da-aprendizagem\/\",\"url\":\"http:\/\/maismagazine.pt\/index.php\/2022\/07\/15\/na-escola-internacional-de-torres-vedras-a-proatividade-e-o-espirito-critico-sao-os-motores-da-aprendizagem\/\",\"name\":\"Na Escola Internacional de Torres Vedras \u201ca proatividade\u201d e o \u201cesp\u00edrito cr\u00edtico\u201d s\u00e3o os motores da aprendizagem - Mais Magazine\",\"isPartOf\":{\"@id\":\"https:\/\/maismagazine.pt\/#website\"},\"primaryImageOfPage\":{\"@id\":\"http:\/\/maismagazine.pt\/index.php\/2022\/07\/15\/na-escola-internacional-de-torres-vedras-a-proatividade-e-o-espirito-critico-sao-os-motores-da-aprendizagem\/#primaryimage\"},\"image\":{\"@id\":\"http:\/\/maismagazine.pt\/index.php\/2022\/07\/15\/na-escola-internacional-de-torres-vedras-a-proatividade-e-o-espirito-critico-sao-os-motores-da-aprendizagem\/#primaryimage\"},\"thumbnailUrl\":\"http:\/\/maismagazine.pt\/wp-content\/uploads\/2022\/07\/6-scaled.jpg\",\"datePublished\":\"2022-07-15T06:00:00+00:00\",\"description\":\"Na Escola Internacional de Torres Vedras \u201ca proatividade\u201d e o \u201cesp\u00edrito cr\u00edtico\u201d s\u00e3o os motores da aprendizagem.\",\"breadcrumb\":{\"@id\":\"http:\/\/maismagazine.pt\/index.php\/2022\/07\/15\/na-escola-internacional-de-torres-vedras-a-proatividade-e-o-espirito-critico-sao-os-motores-da-aprendizagem\/#breadcrumb\"},\"inLanguage\":\"pt-PT\",\"potentialAction\":[{\"@type\":\"ReadAction\",\"target\":[\"http:\/\/maismagazine.pt\/index.php\/2022\/07\/15\/na-escola-internacional-de-torres-vedras-a-proatividade-e-o-espirito-critico-sao-os-motores-da-aprendizagem\/\"]}]},{\"@type\":\"ImageObject\",\"inLanguage\":\"pt-PT\",\"@id\":\"http:\/\/maismagazine.pt\/index.php\/2022\/07\/15\/na-escola-internacional-de-torres-vedras-a-proatividade-e-o-espirito-critico-sao-os-motores-da-aprendizagem\/#primaryimage\",\"url\":\"http:\/\/maismagazine.pt\/wp-content\/uploads\/2022\/07\/6-scaled.jpg\",\"contentUrl\":\"http:\/\/maismagazine.pt\/wp-content\/uploads\/2022\/07\/6-scaled.jpg\",\"width\":2560,\"height\":1472},{\"@type\":\"BreadcrumbList\",\"@id\":\"http:\/\/maismagazine.pt\/index.php\/2022\/07\/15\/na-escola-internacional-de-torres-vedras-a-proatividade-e-o-espirito-critico-sao-os-motores-da-aprendizagem\/#breadcrumb\",\"itemListElement\":[{\"@type\":\"ListItem\",\"position\":1,\"name\":\"Home\",\"item\":\"https:\/\/maismagazine.pt\/\"},{\"@type\":\"ListItem\",\"position\":2,\"name\":\"Na Escola Internacional de Torres Vedras \u201ca proatividade\u201d e o \u201cesp\u00edrito cr\u00edtico\u201d s\u00e3o os motores da aprendizagem\"}]},{\"@type\":\"WebSite\",\"@id\":\"https:\/\/maismagazine.pt\/#website\",\"url\":\"https:\/\/maismagazine.pt\/\",\"name\":\"Mais Magazine\",\"description\":\"\",\"publisher\":{\"@id\":\"https:\/\/maismagazine.pt\/#organization\"},\"potentialAction\":[{\"@type\":\"SearchAction\",\"target\":{\"@type\":\"EntryPoint\",\"urlTemplate\":\"https:\/\/maismagazine.pt\/?s={search_term_string}\"},\"query-input\":{\"@type\":\"PropertyValueSpecification\",\"valueRequired\":true,\"valueName\":\"search_term_string\"}}],\"inLanguage\":\"pt-PT\"},{\"@type\":\"Organization\",\"@id\":\"https:\/\/maismagazine.pt\/#organization\",\"name\":\"Mais Magazine\",\"url\":\"https:\/\/maismagazine.pt\/\",\"logo\":{\"@type\":\"ImageObject\",\"inLanguage\":\"pt-PT\",\"@id\":\"https:\/\/maismagazine.pt\/#\/schema\/logo\/image\/\",\"url\":\"http:\/\/maismagazine.pt\/wp-content\/uploads\/2020\/04\/cropped-cropped-mais-magazine-site-logo-2.png\",\"contentUrl\":\"http:\/\/maismagazine.pt\/wp-content\/uploads\/2020\/04\/cropped-cropped-mais-magazine-site-logo-2.png\",\"width\":581,\"height\":90,\"caption\":\"Mais Magazine\"},\"image\":{\"@id\":\"https:\/\/maismagazine.pt\/#\/schema\/logo\/image\/\"}},{\"@type\":\"Person\",\"@id\":\"https:\/\/maismagazine.pt\/#\/schema\/person\/999bd426f894ff56d397ec12ebd21ebb\",\"name\":\"Jo\u00e3o Malainho\",\"image\":{\"@type\":\"ImageObject\",\"inLanguage\":\"pt-PT\",\"@id\":\"https:\/\/maismagazine.pt\/#\/schema\/person\/image\/\",\"url\":\"https:\/\/secure.gravatar.com\/avatar\/ff03c2f38edf60b2a827aa4f74878491?s=96&d=mm&r=g\",\"contentUrl\":\"https:\/\/secure.gravatar.com\/avatar\/ff03c2f38edf60b2a827aa4f74878491?s=96&d=mm&r=g\",\"caption\":\"Jo\u00e3o Malainho\"},\"url\":\"http:\/\/maismagazine.pt\/index.php\/author\/maismagazine\/\"}]}<\/script>\n<!-- \/ Yoast SEO plugin. -->","yoast_head_json":{"title":"Na Escola Internacional de Torres Vedras \u201ca proatividade\u201d e o \u201cesp\u00edrito cr\u00edtico\u201d s\u00e3o os motores da aprendizagem - Mais Magazine","description":"Na Escola Internacional de Torres Vedras \u201ca proatividade\u201d e o \u201cesp\u00edrito cr\u00edtico\u201d s\u00e3o os motores da aprendizagem.","robots":{"index":"index","follow":"follow","max-snippet":"max-snippet:-1","max-image-preview":"max-image-preview:large","max-video-preview":"max-video-preview:-1"},"canonical":"http:\/\/maismagazine.pt\/index.php\/2022\/07\/15\/na-escola-internacional-de-torres-vedras-a-proatividade-e-o-espirito-critico-sao-os-motores-da-aprendizagem\/","og_locale":"pt_PT","og_type":"article","og_title":"Na Escola Internacional de Torres Vedras \u201ca proatividade\u201d e o \u201cesp\u00edrito cr\u00edtico\u201d s\u00e3o os motores da aprendizagem - Mais Magazine","og_description":"Na Escola Internacional de Torres Vedras \u201ca proatividade\u201d e o \u201cesp\u00edrito cr\u00edtico\u201d s\u00e3o os motores da aprendizagem.","og_url":"http:\/\/maismagazine.pt\/index.php\/2022\/07\/15\/na-escola-internacional-de-torres-vedras-a-proatividade-e-o-espirito-critico-sao-os-motores-da-aprendizagem\/","og_site_name":"Mais Magazine","article_published_time":"2022-07-15T06:00:00+00:00","og_image":[{"width":2560,"height":1472,"url":"http:\/\/maismagazine.pt\/wp-content\/uploads\/2022\/07\/6-scaled.jpg","type":"image\/jpeg"}],"author":"Jo\u00e3o Malainho","twitter_card":"summary_large_image","twitter_misc":{"Escrito por":false,"Tempo estimado de leitura":"3 minutos"},"schema":{"@context":"https:\/\/schema.org","@graph":[{"@type":"Article","@id":"http:\/\/maismagazine.pt\/index.php\/2022\/07\/15\/na-escola-internacional-de-torres-vedras-a-proatividade-e-o-espirito-critico-sao-os-motores-da-aprendizagem\/#article","isPartOf":{"@id":"http:\/\/maismagazine.pt\/index.php\/2022\/07\/15\/na-escola-internacional-de-torres-vedras-a-proatividade-e-o-espirito-critico-sao-os-motores-da-aprendizagem\/"},"author":{"name":"Jo\u00e3o Malainho","@id":"https:\/\/maismagazine.pt\/#\/schema\/person\/999bd426f894ff56d397ec12ebd21ebb"},"headline":"Na Escola Internacional de Torres Vedras \u201ca proatividade\u201d e o \u201cesp\u00edrito cr\u00edtico\u201d s\u00e3o os motores da aprendizagem","datePublished":"2022-07-15T06:00:00+00:00","mainEntityOfPage":{"@id":"http:\/\/maismagazine.pt\/index.php\/2022\/07\/15\/na-escola-internacional-de-torres-vedras-a-proatividade-e-o-espirito-critico-sao-os-motores-da-aprendizagem\/"},"wordCount":569,"commentCount":0,"publisher":{"@id":"https:\/\/maismagazine.pt\/#organization"},"image":{"@id":"http:\/\/maismagazine.pt\/index.php\/2022\/07\/15\/na-escola-internacional-de-torres-vedras-a-proatividade-e-o-espirito-critico-sao-os-motores-da-aprendizagem\/#primaryimage"},"thumbnailUrl":"http:\/\/maismagazine.pt\/wp-content\/uploads\/2022\/07\/6-scaled.jpg","keywords":["aprendizagem","Educa\u00e7\u00e3o","Escola Internacional","esp\u00edrito cr\u00edtico","proatividade","Torres Vedras"],"articleSection":["Educa\u00e7\u00e3o"],"inLanguage":"pt-PT","potentialAction":[{"@type":"CommentAction","name":"Comment","target":["http:\/\/maismagazine.pt\/index.php\/2022\/07\/15\/na-escola-internacional-de-torres-vedras-a-proatividade-e-o-espirito-critico-sao-os-motores-da-aprendizagem\/#respond"]}]},{"@type":"WebPage","@id":"http:\/\/maismagazine.pt\/index.php\/2022\/07\/15\/na-escola-internacional-de-torres-vedras-a-proatividade-e-o-espirito-critico-sao-os-motores-da-aprendizagem\/","url":"http:\/\/maismagazine.pt\/index.php\/2022\/07\/15\/na-escola-internacional-de-torres-vedras-a-proatividade-e-o-espirito-critico-sao-os-motores-da-aprendizagem\/","name":"Na Escola Internacional de Torres Vedras \u201ca proatividade\u201d e o \u201cesp\u00edrito cr\u00edtico\u201d s\u00e3o os motores da aprendizagem - Mais Magazine","isPartOf":{"@id":"https:\/\/maismagazine.pt\/#website"},"primaryImageOfPage":{"@id":"http:\/\/maismagazine.pt\/index.php\/2022\/07\/15\/na-escola-internacional-de-torres-vedras-a-proatividade-e-o-espirito-critico-sao-os-motores-da-aprendizagem\/#primaryimage"},"image":{"@id":"http:\/\/maismagazine.pt\/index.php\/2022\/07\/15\/na-escola-internacional-de-torres-vedras-a-proatividade-e-o-espirito-critico-sao-os-motores-da-aprendizagem\/#primaryimage"},"thumbnailUrl":"http:\/\/maismagazine.pt\/wp-content\/uploads\/2022\/07\/6-scaled.jpg","datePublished":"2022-07-15T06:00:00+00:00","description":"Na Escola Internacional de Torres Vedras \u201ca proatividade\u201d e o \u201cesp\u00edrito cr\u00edtico\u201d s\u00e3o os motores da aprendizagem.","breadcrumb":{"@id":"http:\/\/maismagazine.pt\/index.php\/2022\/07\/15\/na-escola-internacional-de-torres-vedras-a-proatividade-e-o-espirito-critico-sao-os-motores-da-aprendizagem\/#breadcrumb"},"inLanguage":"pt-PT","potentialAction":[{"@type":"ReadAction","target":["http:\/\/maismagazine.pt\/index.php\/2022\/07\/15\/na-escola-internacional-de-torres-vedras-a-proatividade-e-o-espirito-critico-sao-os-motores-da-aprendizagem\/"]}]},{"@type":"ImageObject","inLanguage":"pt-PT","@id":"http:\/\/maismagazine.pt\/index.php\/2022\/07\/15\/na-escola-internacional-de-torres-vedras-a-proatividade-e-o-espirito-critico-sao-os-motores-da-aprendizagem\/#primaryimage","url":"http:\/\/maismagazine.pt\/wp-content\/uploads\/2022\/07\/6-scaled.jpg","contentUrl":"http:\/\/maismagazine.pt\/wp-content\/uploads\/2022\/07\/6-scaled.jpg","width":2560,"height":1472},{"@type":"BreadcrumbList","@id":"http:\/\/maismagazine.pt\/index.php\/2022\/07\/15\/na-escola-internacional-de-torres-vedras-a-proatividade-e-o-espirito-critico-sao-os-motores-da-aprendizagem\/#breadcrumb","itemListElement":[{"@type":"ListItem","position":1,"name":"Home","item":"https:\/\/maismagazine.pt\/"},{"@type":"ListItem","position":2,"name":"Na Escola Internacional de Torres Vedras \u201ca proatividade\u201d e o \u201cesp\u00edrito cr\u00edtico\u201d s\u00e3o os motores da aprendizagem"}]},{"@type":"WebSite","@id":"https:\/\/maismagazine.pt\/#website","url":"https:\/\/maismagazine.pt\/","name":"Mais Magazine","description":"","publisher":{"@id":"https:\/\/maismagazine.pt\/#organization"},"potentialAction":[{"@type":"SearchAction","target":{"@type":"EntryPoint","urlTemplate":"https:\/\/maismagazine.pt\/?s={search_term_string}"},"query-input":{"@type":"PropertyValueSpecification","valueRequired":true,"valueName":"search_term_string"}}],"inLanguage":"pt-PT"},{"@type":"Organization","@id":"https:\/\/maismagazine.pt\/#organization","name":"Mais Magazine","url":"https:\/\/maismagazine.pt\/","logo":{"@type":"ImageObject","inLanguage":"pt-PT","@id":"https:\/\/maismagazine.pt\/#\/schema\/logo\/image\/","url":"http:\/\/maismagazine.pt\/wp-content\/uploads\/2020\/04\/cropped-cropped-mais-magazine-site-logo-2.png","contentUrl":"http:\/\/maismagazine.pt\/wp-content\/uploads\/2020\/04\/cropped-cropped-mais-magazine-site-logo-2.png","width":581,"height":90,"caption":"Mais Magazine"},"image":{"@id":"https:\/\/maismagazine.pt\/#\/schema\/logo\/image\/"}},{"@type":"Person","@id":"https:\/\/maismagazine.pt\/#\/schema\/person\/999bd426f894ff56d397ec12ebd21ebb","name":"Jo\u00e3o Malainho","image":{"@type":"ImageObject","inLanguage":"pt-PT","@id":"https:\/\/maismagazine.pt\/#\/schema\/person\/image\/","url":"https:\/\/secure.gravatar.com\/avatar\/ff03c2f38edf60b2a827aa4f74878491?s=96&d=mm&r=g","contentUrl":"https:\/\/secure.gravatar.com\/avatar\/ff03c2f38edf60b2a827aa4f74878491?s=96&d=mm&r=g","caption":"Jo\u00e3o Malainho"},"url":"http:\/\/maismagazine.pt\/index.php\/author\/maismagazine\/"}]}},"author_meta":{"display_name":false,"author_link":"http:\/\/maismagazine.pt\/index.php\/author\/maismagazine\/"},"featured_img":"http:\/\/maismagazine.pt\/wp-content\/uploads\/2022\/07\/6-300x173.jpg","coauthors":[],"tax_additional":{"categories":{"linked":["<a href=\"http:\/\/maismagazine.pt\/index.php\/category\/educacao\/\" class=\"advgb-post-tax-term\">Educa\u00e7\u00e3o<\/a>"],"unlinked":["<span class=\"advgb-post-tax-term\">Educa\u00e7\u00e3o<\/span>"]},"tags":{"linked":["<a href=\"http:\/\/maismagazine.pt\/index.php\/category\/educacao\/\" class=\"advgb-post-tax-term\">aprendizagem<\/a>","<a href=\"http:\/\/maismagazine.pt\/index.php\/category\/educacao\/\" class=\"advgb-post-tax-term\">Educa\u00e7\u00e3o<\/a>","<a href=\"http:\/\/maismagazine.pt\/index.php\/category\/educacao\/\" class=\"advgb-post-tax-term\">Escola Internacional<\/a>","<a href=\"http:\/\/maismagazine.pt\/index.php\/category\/educacao\/\" class=\"advgb-post-tax-term\">esp\u00edrito cr\u00edtico<\/a>","<a href=\"http:\/\/maismagazine.pt\/index.php\/category\/educacao\/\" class=\"advgb-post-tax-term\">proatividade<\/a>","<a href=\"http:\/\/maismagazine.pt\/index.php\/category\/educacao\/\" class=\"advgb-post-tax-term\">Torres Vedras<\/a>"],"unlinked":["<span class=\"advgb-post-tax-term\">aprendizagem<\/span>","<span class=\"advgb-post-tax-term\">Educa\u00e7\u00e3o<\/span>","<span class=\"advgb-post-tax-term\">Escola Internacional<\/span>","<span class=\"advgb-post-tax-term\">esp\u00edrito cr\u00edtico<\/span>","<span class=\"advgb-post-tax-term\">proatividade<\/span>","<span class=\"advgb-post-tax-term\">Torres Vedras<\/span>"]}},"comment_count":"0","relative_dates":{"created":"Posted 4 anos ago","modified":"Updated 4 anos ago"},"absolute_dates":{"created":"Posted on 15 de Julho, 2022","modified":"Updated on 11 de Julho, 2022"},"absolute_dates_time":{"created":"Posted on 15 de Julho, 2022 7:00","modified":"Updated on 11 de Julho, 2022 14:12"},"featured_img_caption":"","series_order":"","_links":{"self":[{"href":"http:\/\/maismagazine.pt\/index.php\/wp-json\/wp\/v2\/posts\/3904","targetHints":{"allow":["GET"]}}],"collection":[{"href":"http:\/\/maismagazine.pt\/index.php\/wp-json\/wp\/v2\/posts"}],"about":[{"href":"http:\/\/maismagazine.pt\/index.php\/wp-json\/wp\/v2\/types\/post"}],"author":[{"embeddable":true,"href":"http:\/\/maismagazine.pt\/index.php\/wp-json\/wp\/v2\/users\/7"}],"replies":[{"embeddable":true,"href":"http:\/\/maismagazine.pt\/index.php\/wp-json\/wp\/v2\/comments?post=3904"}],"version-history":[{"count":1,"href":"http:\/\/maismagazine.pt\/index.php\/wp-json\/wp\/v2\/posts\/3904\/revisions"}],"predecessor-version":[{"id":3912,"href":"http:\/\/maismagazine.pt\/index.php\/wp-json\/wp\/v2\/posts\/3904\/revisions\/3912"}],"wp:featuredmedia":[{"embeddable":true,"href":"http:\/\/maismagazine.pt\/index.php\/wp-json\/wp\/v2\/media\/3909"}],"wp:attachment":[{"href":"http:\/\/maismagazine.pt\/index.php\/wp-json\/wp\/v2\/media?parent=3904"}],"wp:term":[{"taxonomy":"category","embeddable":true,"href":"http:\/\/maismagazine.pt\/index.php\/wp-json\/wp\/v2\/categories?post=3904"},{"taxonomy":"post_tag","embeddable":true,"href":"http:\/\/maismagazine.pt\/index.php\/wp-json\/wp\/v2\/tags?post=3904"}],"curies":[{"name":"wp","href":"https:\/\/api.w.org\/{rel}","templated":true}]}}