{"id":3894,"date":"2022-07-15T07:00:00","date_gmt":"2022-07-15T06:00:00","guid":{"rendered":"https:\/\/maismagazine.pt\/?p=3894"},"modified":"2022-07-11T13:35:23","modified_gmt":"2022-07-11T12:35:23","slug":"estacao-nautica-do-alto-minho-e-uma-plataforma-de-cooperacao-e-coordenacao-dos-atores-deste-territorio","status":"publish","type":"post","link":"http:\/\/maismagazine.pt\/index.php\/2022\/07\/15\/estacao-nautica-do-alto-minho-e-uma-plataforma-de-cooperacao-e-coordenacao-dos-atores-deste-territorio\/","title":{"rendered":"Esta\u00e7\u00e3o N\u00e1utica do Alto Minho \u00e9 uma \u201cplataforma de coopera\u00e7\u00e3o e coordena\u00e7\u00e3o dos atores\u201d deste territ\u00f3rio"},"content":{"rendered":"\n<p><\/p>\n\n\n\n<p><strong>Esta rede que integra dez locais que fazem parte do distrito de Viana do Castelo &#8211; Arcos de Valdevez, Caminha, Melga\u00e7o, Mon\u00e7\u00e3o, Paredes de Coura, Ponte da Barca, Ponte de Lima, Valen\u00e7a, Viana do Castelo e Vila Nova de Cerveira \u2013 quer potencializar e internacionalizar a sua oferta tur\u00edstica.<\/strong><\/p>\n\n\n\n<p><\/p>\n\n\n\n<p>A regi\u00e3o do <a href=\"http:\/\/www.cim-altominho.pt\">Alto Minho<\/a> foi reconhecida, em 2018, pela F\u00f3rum Oceano &#8211; Associa\u00e7\u00e3o da Economia do Mar, como uma das Esta\u00e7\u00f5es N\u00e1uticas (EN) de Portugal, integrando os 10 munic\u00edpios do distrito de Viana do Castelo. Manoel Batista, Presidente da Comunidade Intermunicipal do Alto Minho, entidade que coordena a Esta\u00e7\u00e3o N\u00e1utica do Alto Minho em conversa com a Mais Magazine, come\u00e7a por apresent\u00e1-la como \u201cuma plataforma de coopera\u00e7\u00e3o e coordena\u00e7\u00e3o dos atores do Alto Minho\u201d. O mesmo adianta tamb\u00e9m que a conquista desta \u201ccertifica\u00e7\u00e3o\u201d de qualidade permitiu \u201cdar continuidade ao trabalho que estava a ser desenvolvido na \u00e1rea do turismo e da promo\u00e7\u00e3o territorial\u201d, acrescentando valor e atratividade ao mesmo, mas tamb\u00e9m refor\u00e7ou \u201ca rede de atua\u00e7\u00e3o conjunta de \u00e2mbito local e regional\u201d, que \u201cagrega,<br>fomenta e consolida os recursos e servi\u00e7os relacionados com o sector\u201d, garantindo assim \u201cuma oferta integrada, competitiva e de qualidade\u201d, para promover o Alto Minho como um destino de excel\u00eancia\u201d.<\/p>\n\n\n\n<p><\/p>\n\n\n\n<p>Atualmente, este territ\u00f3rio oferece uma rede de experi\u00eancias e servi\u00e7os relacionados com a tipologia e autenticidade da regi\u00e3o, do ponto de vista cultural, natural, patrimonial, mas tamb\u00e9m atividades que podem ser realizadas em meio aqu\u00e1tico e terrestre. Para al\u00e9m disso, disp\u00f5em de 35 parceiros, \u201cdesde os munic\u00edpios do Alto Minho, unidades de alojamento, espa\u00e7os culturais, empresas de anima\u00e7\u00e3o tur\u00edstica e associa\u00e7\u00f5es, que ajudam na concretiza\u00e7\u00e3o e divulga\u00e7\u00e3o dos programas. Apesar desta ampla oferta, a Esta\u00e7\u00e3o N\u00e1utica assume o objetivo de a \u201cmelhorar, diversificar\u201d e promover \u201cno contexto internacional\u201d. Para tal, j\u00e1 contam com \u201coperadores mar\u00edtimo-tur\u00edsticos que trabalham diretamente com operadores especializados de pa\u00edses n\u00f3rdicos, possibilitando que os turistas passem uma semana ativa e imersiva no Alto Minho\u201d.<br><\/p>\n\n\n\n<p>Anualmente este territ\u00f3rio \u00e9 palco de v\u00e1rias provas e campeonatos. Nesse sentido, Manoel Batista afirma que nesta \u00e1rea os desportistas e campe\u00f5es medalhados disp\u00f5em de \u201ccondi\u00e7\u00f5es \u00fanicas para treinar, como \u00e9 o caso do rio Lima, em Ponte de Lima, e as praias do Cabedelo e da Arda, que ali\u00e1s t\u00eam sido tidas em conta para a realiza\u00e7\u00e3o de in\u00fameras provas\u201d, quer a n\u00edvel nacional, como internacional. O entrevistado<br>diz tamb\u00e9m que n\u00e3o podia tocar neste tema sem abordar a \u201cfibra e dedica\u00e7\u00e3o dos atletas do Alto Minho\u201d, vindo \u201clogo \u00e0 mente o nosso medalhado cano\u00edsta Fernando Pimenta, um dos embaixadores das Esta\u00e7\u00f5es N\u00e1uticas e, simultaneamente, um \u00eddolo para in\u00fameros jovens, bem  como Pedro Afonso e a Marta Pa\u00e7o, campe\u00e3 mundial de surf adaptado, na Calif\u00f3rnia\u201d.<\/p>\n\n\n\n<p><\/p>\n\n\n\n<p><strong>O Caminho Mar\u00edtimo de Santiago e o compromisso com a sustentabilidade<\/strong><\/p>\n\n\n\n<p><\/p>\n\n\n\n<p>A integra\u00e7\u00e3o desta Esta\u00e7\u00e3o N\u00e1utica no \u201ccaminho inaugural do Caminho Mar\u00edtimo de Santiago\u201d \u00e9 uma alavanca, pois permite a \u201carticula\u00e7\u00e3o com a cultura e hist\u00f3ria, devido \u00e0 sua carater\u00edstica de peregrina\u00e7\u00e3o e ajuda a diversificar a oferta tur\u00edstica, qualificar os servi\u00e7os e infraestruturas mar\u00edtimas e criar mais e melhores condi\u00e7\u00f5es para a pr\u00e1tica de turismo n\u00e1utico\u201d.<br><\/p>\n\n\n\n<p>A sustentabilidade \u00e9 tamb\u00e9m um trabalho de casa diariamente cumprido. Nesta sequ\u00eancia, o respons\u00e1vel da EN salienta que \u201co Alto Minho \u00e9 a primeira NUTS III do Continente em que todo o territ\u00f3rio est\u00e1 certificado, no \u00e2mbito da Carta Europeia de Turismo Sustent\u00e1vel e que, desde 2018, integra o Top 100 Sustainable Destination a n\u00edvel mundial\u201d.<\/p>\n\n\n\n<p><br>O ponto final da conversa d\u00e1-se com Manoel Batista a convidar os leitores a visitarem este territ\u00f3rio \u201crico\u201d e a \u201cembrenharem-se na sua cultura e natureza\u201d.<\/p>\n","protected":false},"excerpt":{"rendered":"<p>Esta rede que integra dez locais que fazem parte do distrito de Viana do Castelo &#8211; Arcos de Valdevez, Caminha, Melga\u00e7o, Mon\u00e7\u00e3o, Paredes de Coura, Ponte da Barca, Ponte de Lima, Valen\u00e7a, Viana do Castelo e Vila Nova de Cerveira \u2013 quer potencializar e internacionalizar a sua oferta tur\u00edstica. A&hellip;<\/p>\n","protected":false},"author":7,"featured_media":3895,"comment_status":"open","ping_status":"open","sticky":false,"template":"","format":"standard","meta":{"advgb_blocks_editor_width":"","advgb_blocks_columns_visual_guide":"","_monsterinsights_skip_tracking":false,"_monsterinsights_sitenote_active":false,"_monsterinsights_sitenote_note":"","_monsterinsights_sitenote_category":0,"footnotes":""},"categories":[53],"tags":[875,852,64],"class_list":["post-3894","post","type-post","status-publish","format-standard","has-post-thumbnail","hentry","category-turismo-restaurantes","tag-alto-minho","tag-estacao-nautica","tag-turismo"],"yoast_head":"<!-- This site is optimized with the Yoast SEO plugin v24.4 - https:\/\/yoast.com\/wordpress\/plugins\/seo\/ -->\n<title>Esta\u00e7\u00e3o N\u00e1utica do Alto Minho \u00e9 uma \u201cplataforma de coopera\u00e7\u00e3o e coordena\u00e7\u00e3o dos atores\u201d deste territ\u00f3rio - Mais Magazine<\/title>\n<meta name=\"description\" content=\"Esta\u00e7\u00e3o N\u00e1utica do Alto Minho\" \/>\n<meta name=\"robots\" content=\"index, follow, max-snippet:-1, max-image-preview:large, max-video-preview:-1\" \/>\n<link rel=\"canonical\" href=\"http:\/\/maismagazine.pt\/index.php\/2022\/07\/15\/estacao-nautica-do-alto-minho-e-uma-plataforma-de-cooperacao-e-coordenacao-dos-atores-deste-territorio\/\" \/>\n<meta property=\"og:locale\" content=\"pt_PT\" \/>\n<meta property=\"og:type\" content=\"article\" \/>\n<meta property=\"og:title\" content=\"Esta\u00e7\u00e3o N\u00e1utica do Alto Minho \u00e9 uma \u201cplataforma de coopera\u00e7\u00e3o e coordena\u00e7\u00e3o dos atores\u201d deste territ\u00f3rio - Mais Magazine\" \/>\n<meta property=\"og:description\" content=\"Esta\u00e7\u00e3o N\u00e1utica do Alto Minho\" \/>\n<meta property=\"og:url\" content=\"http:\/\/maismagazine.pt\/index.php\/2022\/07\/15\/estacao-nautica-do-alto-minho-e-uma-plataforma-de-cooperacao-e-coordenacao-dos-atores-deste-territorio\/\" \/>\n<meta property=\"og:site_name\" content=\"Mais Magazine\" \/>\n<meta property=\"article:published_time\" content=\"2022-07-15T06:00:00+00:00\" \/>\n<meta property=\"og:image\" content=\"http:\/\/maismagazine.pt\/wp-content\/uploads\/2022\/07\/04A0013-scaled.jpg\" \/>\n\t<meta property=\"og:image:width\" content=\"2560\" \/>\n\t<meta property=\"og:image:height\" content=\"1706\" \/>\n\t<meta property=\"og:image:type\" content=\"image\/jpeg\" \/>\n<meta name=\"author\" content=\"Jo\u00e3o Malainho\" \/>\n<meta name=\"twitter:card\" content=\"summary_large_image\" \/>\n<meta name=\"twitter:label1\" content=\"Escrito por\" \/>\n\t<meta name=\"twitter:data1\" content=\"\" \/>\n\t<meta name=\"twitter:label2\" content=\"Tempo estimado de leitura\" \/>\n\t<meta name=\"twitter:data2\" content=\"3 minutos\" \/>\n<script type=\"application\/ld+json\" class=\"yoast-schema-graph\">{\"@context\":\"https:\/\/schema.org\",\"@graph\":[{\"@type\":\"Article\",\"@id\":\"http:\/\/maismagazine.pt\/index.php\/2022\/07\/15\/estacao-nautica-do-alto-minho-e-uma-plataforma-de-cooperacao-e-coordenacao-dos-atores-deste-territorio\/#article\",\"isPartOf\":{\"@id\":\"http:\/\/maismagazine.pt\/index.php\/2022\/07\/15\/estacao-nautica-do-alto-minho-e-uma-plataforma-de-cooperacao-e-coordenacao-dos-atores-deste-territorio\/\"},\"author\":{\"name\":\"Jo\u00e3o Malainho\",\"@id\":\"https:\/\/maismagazine.pt\/#\/schema\/person\/999bd426f894ff56d397ec12ebd21ebb\"},\"headline\":\"Esta\u00e7\u00e3o N\u00e1utica do Alto Minho \u00e9 uma \u201cplataforma de coopera\u00e7\u00e3o e coordena\u00e7\u00e3o dos atores\u201d deste territ\u00f3rio\",\"datePublished\":\"2022-07-15T06:00:00+00:00\",\"mainEntityOfPage\":{\"@id\":\"http:\/\/maismagazine.pt\/index.php\/2022\/07\/15\/estacao-nautica-do-alto-minho-e-uma-plataforma-de-cooperacao-e-coordenacao-dos-atores-deste-territorio\/\"},\"wordCount\":689,\"commentCount\":0,\"publisher\":{\"@id\":\"https:\/\/maismagazine.pt\/#organization\"},\"image\":{\"@id\":\"http:\/\/maismagazine.pt\/index.php\/2022\/07\/15\/estacao-nautica-do-alto-minho-e-uma-plataforma-de-cooperacao-e-coordenacao-dos-atores-deste-territorio\/#primaryimage\"},\"thumbnailUrl\":\"http:\/\/maismagazine.pt\/wp-content\/uploads\/2022\/07\/04A0013-scaled.jpg\",\"keywords\":[\"Alto Minho\",\"Esta\u00e7\u00e3o N\u00e1utica\",\"Turismo\"],\"articleSection\":[\"Turismo | Vinhos | Gastronomia\"],\"inLanguage\":\"pt-PT\",\"potentialAction\":[{\"@type\":\"CommentAction\",\"name\":\"Comment\",\"target\":[\"http:\/\/maismagazine.pt\/index.php\/2022\/07\/15\/estacao-nautica-do-alto-minho-e-uma-plataforma-de-cooperacao-e-coordenacao-dos-atores-deste-territorio\/#respond\"]}]},{\"@type\":\"WebPage\",\"@id\":\"http:\/\/maismagazine.pt\/index.php\/2022\/07\/15\/estacao-nautica-do-alto-minho-e-uma-plataforma-de-cooperacao-e-coordenacao-dos-atores-deste-territorio\/\",\"url\":\"http:\/\/maismagazine.pt\/index.php\/2022\/07\/15\/estacao-nautica-do-alto-minho-e-uma-plataforma-de-cooperacao-e-coordenacao-dos-atores-deste-territorio\/\",\"name\":\"Esta\u00e7\u00e3o N\u00e1utica do Alto Minho \u00e9 uma \u201cplataforma de coopera\u00e7\u00e3o e coordena\u00e7\u00e3o dos atores\u201d deste territ\u00f3rio - Mais Magazine\",\"isPartOf\":{\"@id\":\"https:\/\/maismagazine.pt\/#website\"},\"primaryImageOfPage\":{\"@id\":\"http:\/\/maismagazine.pt\/index.php\/2022\/07\/15\/estacao-nautica-do-alto-minho-e-uma-plataforma-de-cooperacao-e-coordenacao-dos-atores-deste-territorio\/#primaryimage\"},\"image\":{\"@id\":\"http:\/\/maismagazine.pt\/index.php\/2022\/07\/15\/estacao-nautica-do-alto-minho-e-uma-plataforma-de-cooperacao-e-coordenacao-dos-atores-deste-territorio\/#primaryimage\"},\"thumbnailUrl\":\"http:\/\/maismagazine.pt\/wp-content\/uploads\/2022\/07\/04A0013-scaled.jpg\",\"datePublished\":\"2022-07-15T06:00:00+00:00\",\"description\":\"Esta\u00e7\u00e3o N\u00e1utica do Alto Minho\",\"breadcrumb\":{\"@id\":\"http:\/\/maismagazine.pt\/index.php\/2022\/07\/15\/estacao-nautica-do-alto-minho-e-uma-plataforma-de-cooperacao-e-coordenacao-dos-atores-deste-territorio\/#breadcrumb\"},\"inLanguage\":\"pt-PT\",\"potentialAction\":[{\"@type\":\"ReadAction\",\"target\":[\"http:\/\/maismagazine.pt\/index.php\/2022\/07\/15\/estacao-nautica-do-alto-minho-e-uma-plataforma-de-cooperacao-e-coordenacao-dos-atores-deste-territorio\/\"]}]},{\"@type\":\"ImageObject\",\"inLanguage\":\"pt-PT\",\"@id\":\"http:\/\/maismagazine.pt\/index.php\/2022\/07\/15\/estacao-nautica-do-alto-minho-e-uma-plataforma-de-cooperacao-e-coordenacao-dos-atores-deste-territorio\/#primaryimage\",\"url\":\"http:\/\/maismagazine.pt\/wp-content\/uploads\/2022\/07\/04A0013-scaled.jpg\",\"contentUrl\":\"http:\/\/maismagazine.pt\/wp-content\/uploads\/2022\/07\/04A0013-scaled.jpg\",\"width\":2560,\"height\":1706},{\"@type\":\"BreadcrumbList\",\"@id\":\"http:\/\/maismagazine.pt\/index.php\/2022\/07\/15\/estacao-nautica-do-alto-minho-e-uma-plataforma-de-cooperacao-e-coordenacao-dos-atores-deste-territorio\/#breadcrumb\",\"itemListElement\":[{\"@type\":\"ListItem\",\"position\":1,\"name\":\"Home\",\"item\":\"https:\/\/maismagazine.pt\/\"},{\"@type\":\"ListItem\",\"position\":2,\"name\":\"Esta\u00e7\u00e3o N\u00e1utica do Alto Minho \u00e9 uma \u201cplataforma de coopera\u00e7\u00e3o e coordena\u00e7\u00e3o dos atores\u201d deste territ\u00f3rio\"}]},{\"@type\":\"WebSite\",\"@id\":\"https:\/\/maismagazine.pt\/#website\",\"url\":\"https:\/\/maismagazine.pt\/\",\"name\":\"Mais Magazine\",\"description\":\"\",\"publisher\":{\"@id\":\"https:\/\/maismagazine.pt\/#organization\"},\"potentialAction\":[{\"@type\":\"SearchAction\",\"target\":{\"@type\":\"EntryPoint\",\"urlTemplate\":\"https:\/\/maismagazine.pt\/?s={search_term_string}\"},\"query-input\":{\"@type\":\"PropertyValueSpecification\",\"valueRequired\":true,\"valueName\":\"search_term_string\"}}],\"inLanguage\":\"pt-PT\"},{\"@type\":\"Organization\",\"@id\":\"https:\/\/maismagazine.pt\/#organization\",\"name\":\"Mais Magazine\",\"url\":\"https:\/\/maismagazine.pt\/\",\"logo\":{\"@type\":\"ImageObject\",\"inLanguage\":\"pt-PT\",\"@id\":\"https:\/\/maismagazine.pt\/#\/schema\/logo\/image\/\",\"url\":\"http:\/\/maismagazine.pt\/wp-content\/uploads\/2020\/04\/cropped-cropped-mais-magazine-site-logo-2.png\",\"contentUrl\":\"http:\/\/maismagazine.pt\/wp-content\/uploads\/2020\/04\/cropped-cropped-mais-magazine-site-logo-2.png\",\"width\":581,\"height\":90,\"caption\":\"Mais Magazine\"},\"image\":{\"@id\":\"https:\/\/maismagazine.pt\/#\/schema\/logo\/image\/\"}},{\"@type\":\"Person\",\"@id\":\"https:\/\/maismagazine.pt\/#\/schema\/person\/999bd426f894ff56d397ec12ebd21ebb\",\"name\":\"Jo\u00e3o Malainho\",\"image\":{\"@type\":\"ImageObject\",\"inLanguage\":\"pt-PT\",\"@id\":\"https:\/\/maismagazine.pt\/#\/schema\/person\/image\/\",\"url\":\"https:\/\/secure.gravatar.com\/avatar\/ff03c2f38edf60b2a827aa4f74878491?s=96&d=mm&r=g\",\"contentUrl\":\"https:\/\/secure.gravatar.com\/avatar\/ff03c2f38edf60b2a827aa4f74878491?s=96&d=mm&r=g\",\"caption\":\"Jo\u00e3o Malainho\"},\"url\":\"http:\/\/maismagazine.pt\/index.php\/author\/maismagazine\/\"}]}<\/script>\n<!-- \/ Yoast SEO plugin. -->","yoast_head_json":{"title":"Esta\u00e7\u00e3o N\u00e1utica do Alto Minho \u00e9 uma \u201cplataforma de coopera\u00e7\u00e3o e coordena\u00e7\u00e3o dos atores\u201d deste territ\u00f3rio - Mais Magazine","description":"Esta\u00e7\u00e3o N\u00e1utica do Alto Minho","robots":{"index":"index","follow":"follow","max-snippet":"max-snippet:-1","max-image-preview":"max-image-preview:large","max-video-preview":"max-video-preview:-1"},"canonical":"http:\/\/maismagazine.pt\/index.php\/2022\/07\/15\/estacao-nautica-do-alto-minho-e-uma-plataforma-de-cooperacao-e-coordenacao-dos-atores-deste-territorio\/","og_locale":"pt_PT","og_type":"article","og_title":"Esta\u00e7\u00e3o N\u00e1utica do Alto Minho \u00e9 uma \u201cplataforma de coopera\u00e7\u00e3o e coordena\u00e7\u00e3o dos atores\u201d deste territ\u00f3rio - Mais Magazine","og_description":"Esta\u00e7\u00e3o N\u00e1utica do Alto Minho","og_url":"http:\/\/maismagazine.pt\/index.php\/2022\/07\/15\/estacao-nautica-do-alto-minho-e-uma-plataforma-de-cooperacao-e-coordenacao-dos-atores-deste-territorio\/","og_site_name":"Mais Magazine","article_published_time":"2022-07-15T06:00:00+00:00","og_image":[{"width":2560,"height":1706,"url":"http:\/\/maismagazine.pt\/wp-content\/uploads\/2022\/07\/04A0013-scaled.jpg","type":"image\/jpeg"}],"author":"Jo\u00e3o Malainho","twitter_card":"summary_large_image","twitter_misc":{"Escrito por":false,"Tempo estimado de leitura":"3 minutos"},"schema":{"@context":"https:\/\/schema.org","@graph":[{"@type":"Article","@id":"http:\/\/maismagazine.pt\/index.php\/2022\/07\/15\/estacao-nautica-do-alto-minho-e-uma-plataforma-de-cooperacao-e-coordenacao-dos-atores-deste-territorio\/#article","isPartOf":{"@id":"http:\/\/maismagazine.pt\/index.php\/2022\/07\/15\/estacao-nautica-do-alto-minho-e-uma-plataforma-de-cooperacao-e-coordenacao-dos-atores-deste-territorio\/"},"author":{"name":"Jo\u00e3o Malainho","@id":"https:\/\/maismagazine.pt\/#\/schema\/person\/999bd426f894ff56d397ec12ebd21ebb"},"headline":"Esta\u00e7\u00e3o N\u00e1utica do Alto Minho \u00e9 uma \u201cplataforma de coopera\u00e7\u00e3o e coordena\u00e7\u00e3o dos atores\u201d deste territ\u00f3rio","datePublished":"2022-07-15T06:00:00+00:00","mainEntityOfPage":{"@id":"http:\/\/maismagazine.pt\/index.php\/2022\/07\/15\/estacao-nautica-do-alto-minho-e-uma-plataforma-de-cooperacao-e-coordenacao-dos-atores-deste-territorio\/"},"wordCount":689,"commentCount":0,"publisher":{"@id":"https:\/\/maismagazine.pt\/#organization"},"image":{"@id":"http:\/\/maismagazine.pt\/index.php\/2022\/07\/15\/estacao-nautica-do-alto-minho-e-uma-plataforma-de-cooperacao-e-coordenacao-dos-atores-deste-territorio\/#primaryimage"},"thumbnailUrl":"http:\/\/maismagazine.pt\/wp-content\/uploads\/2022\/07\/04A0013-scaled.jpg","keywords":["Alto Minho","Esta\u00e7\u00e3o N\u00e1utica","Turismo"],"articleSection":["Turismo | Vinhos | Gastronomia"],"inLanguage":"pt-PT","potentialAction":[{"@type":"CommentAction","name":"Comment","target":["http:\/\/maismagazine.pt\/index.php\/2022\/07\/15\/estacao-nautica-do-alto-minho-e-uma-plataforma-de-cooperacao-e-coordenacao-dos-atores-deste-territorio\/#respond"]}]},{"@type":"WebPage","@id":"http:\/\/maismagazine.pt\/index.php\/2022\/07\/15\/estacao-nautica-do-alto-minho-e-uma-plataforma-de-cooperacao-e-coordenacao-dos-atores-deste-territorio\/","url":"http:\/\/maismagazine.pt\/index.php\/2022\/07\/15\/estacao-nautica-do-alto-minho-e-uma-plataforma-de-cooperacao-e-coordenacao-dos-atores-deste-territorio\/","name":"Esta\u00e7\u00e3o N\u00e1utica do Alto Minho \u00e9 uma \u201cplataforma de coopera\u00e7\u00e3o e coordena\u00e7\u00e3o dos atores\u201d deste territ\u00f3rio - Mais Magazine","isPartOf":{"@id":"https:\/\/maismagazine.pt\/#website"},"primaryImageOfPage":{"@id":"http:\/\/maismagazine.pt\/index.php\/2022\/07\/15\/estacao-nautica-do-alto-minho-e-uma-plataforma-de-cooperacao-e-coordenacao-dos-atores-deste-territorio\/#primaryimage"},"image":{"@id":"http:\/\/maismagazine.pt\/index.php\/2022\/07\/15\/estacao-nautica-do-alto-minho-e-uma-plataforma-de-cooperacao-e-coordenacao-dos-atores-deste-territorio\/#primaryimage"},"thumbnailUrl":"http:\/\/maismagazine.pt\/wp-content\/uploads\/2022\/07\/04A0013-scaled.jpg","datePublished":"2022-07-15T06:00:00+00:00","description":"Esta\u00e7\u00e3o N\u00e1utica do Alto Minho","breadcrumb":{"@id":"http:\/\/maismagazine.pt\/index.php\/2022\/07\/15\/estacao-nautica-do-alto-minho-e-uma-plataforma-de-cooperacao-e-coordenacao-dos-atores-deste-territorio\/#breadcrumb"},"inLanguage":"pt-PT","potentialAction":[{"@type":"ReadAction","target":["http:\/\/maismagazine.pt\/index.php\/2022\/07\/15\/estacao-nautica-do-alto-minho-e-uma-plataforma-de-cooperacao-e-coordenacao-dos-atores-deste-territorio\/"]}]},{"@type":"ImageObject","inLanguage":"pt-PT","@id":"http:\/\/maismagazine.pt\/index.php\/2022\/07\/15\/estacao-nautica-do-alto-minho-e-uma-plataforma-de-cooperacao-e-coordenacao-dos-atores-deste-territorio\/#primaryimage","url":"http:\/\/maismagazine.pt\/wp-content\/uploads\/2022\/07\/04A0013-scaled.jpg","contentUrl":"http:\/\/maismagazine.pt\/wp-content\/uploads\/2022\/07\/04A0013-scaled.jpg","width":2560,"height":1706},{"@type":"BreadcrumbList","@id":"http:\/\/maismagazine.pt\/index.php\/2022\/07\/15\/estacao-nautica-do-alto-minho-e-uma-plataforma-de-cooperacao-e-coordenacao-dos-atores-deste-territorio\/#breadcrumb","itemListElement":[{"@type":"ListItem","position":1,"name":"Home","item":"https:\/\/maismagazine.pt\/"},{"@type":"ListItem","position":2,"name":"Esta\u00e7\u00e3o N\u00e1utica do Alto Minho \u00e9 uma \u201cplataforma de coopera\u00e7\u00e3o e coordena\u00e7\u00e3o dos atores\u201d deste territ\u00f3rio"}]},{"@type":"WebSite","@id":"https:\/\/maismagazine.pt\/#website","url":"https:\/\/maismagazine.pt\/","name":"Mais Magazine","description":"","publisher":{"@id":"https:\/\/maismagazine.pt\/#organization"},"potentialAction":[{"@type":"SearchAction","target":{"@type":"EntryPoint","urlTemplate":"https:\/\/maismagazine.pt\/?s={search_term_string}"},"query-input":{"@type":"PropertyValueSpecification","valueRequired":true,"valueName":"search_term_string"}}],"inLanguage":"pt-PT"},{"@type":"Organization","@id":"https:\/\/maismagazine.pt\/#organization","name":"Mais Magazine","url":"https:\/\/maismagazine.pt\/","logo":{"@type":"ImageObject","inLanguage":"pt-PT","@id":"https:\/\/maismagazine.pt\/#\/schema\/logo\/image\/","url":"http:\/\/maismagazine.pt\/wp-content\/uploads\/2020\/04\/cropped-cropped-mais-magazine-site-logo-2.png","contentUrl":"http:\/\/maismagazine.pt\/wp-content\/uploads\/2020\/04\/cropped-cropped-mais-magazine-site-logo-2.png","width":581,"height":90,"caption":"Mais Magazine"},"image":{"@id":"https:\/\/maismagazine.pt\/#\/schema\/logo\/image\/"}},{"@type":"Person","@id":"https:\/\/maismagazine.pt\/#\/schema\/person\/999bd426f894ff56d397ec12ebd21ebb","name":"Jo\u00e3o Malainho","image":{"@type":"ImageObject","inLanguage":"pt-PT","@id":"https:\/\/maismagazine.pt\/#\/schema\/person\/image\/","url":"https:\/\/secure.gravatar.com\/avatar\/ff03c2f38edf60b2a827aa4f74878491?s=96&d=mm&r=g","contentUrl":"https:\/\/secure.gravatar.com\/avatar\/ff03c2f38edf60b2a827aa4f74878491?s=96&d=mm&r=g","caption":"Jo\u00e3o Malainho"},"url":"http:\/\/maismagazine.pt\/index.php\/author\/maismagazine\/"}]}},"author_meta":{"display_name":false,"author_link":"http:\/\/maismagazine.pt\/index.php\/author\/maismagazine\/"},"featured_img":"http:\/\/maismagazine.pt\/wp-content\/uploads\/2022\/07\/04A0013-300x200.jpg","coauthors":[],"tax_additional":{"categories":{"linked":["<a href=\"http:\/\/maismagazine.pt\/index.php\/category\/turismo-restaurantes\/\" class=\"advgb-post-tax-term\">Turismo | Vinhos | Gastronomia<\/a>"],"unlinked":["<span class=\"advgb-post-tax-term\">Turismo | Vinhos | Gastronomia<\/span>"]},"tags":{"linked":["<a href=\"http:\/\/maismagazine.pt\/index.php\/category\/turismo-restaurantes\/\" class=\"advgb-post-tax-term\">Alto Minho<\/a>","<a href=\"http:\/\/maismagazine.pt\/index.php\/category\/turismo-restaurantes\/\" class=\"advgb-post-tax-term\">Esta\u00e7\u00e3o N\u00e1utica<\/a>","<a href=\"http:\/\/maismagazine.pt\/index.php\/category\/turismo-restaurantes\/\" class=\"advgb-post-tax-term\">Turismo<\/a>"],"unlinked":["<span class=\"advgb-post-tax-term\">Alto Minho<\/span>","<span class=\"advgb-post-tax-term\">Esta\u00e7\u00e3o N\u00e1utica<\/span>","<span class=\"advgb-post-tax-term\">Turismo<\/span>"]}},"comment_count":"0","relative_dates":{"created":"Posted 4 anos ago","modified":"Updated 4 anos ago"},"absolute_dates":{"created":"Posted on 15 de Julho, 2022","modified":"Updated on 11 de Julho, 2022"},"absolute_dates_time":{"created":"Posted on 15 de Julho, 2022 7:00","modified":"Updated on 11 de Julho, 2022 13:35"},"featured_img_caption":"","series_order":"","_links":{"self":[{"href":"http:\/\/maismagazine.pt\/index.php\/wp-json\/wp\/v2\/posts\/3894","targetHints":{"allow":["GET"]}}],"collection":[{"href":"http:\/\/maismagazine.pt\/index.php\/wp-json\/wp\/v2\/posts"}],"about":[{"href":"http:\/\/maismagazine.pt\/index.php\/wp-json\/wp\/v2\/types\/post"}],"author":[{"embeddable":true,"href":"http:\/\/maismagazine.pt\/index.php\/wp-json\/wp\/v2\/users\/7"}],"replies":[{"embeddable":true,"href":"http:\/\/maismagazine.pt\/index.php\/wp-json\/wp\/v2\/comments?post=3894"}],"version-history":[{"count":1,"href":"http:\/\/maismagazine.pt\/index.php\/wp-json\/wp\/v2\/posts\/3894\/revisions"}],"predecessor-version":[{"id":3896,"href":"http:\/\/maismagazine.pt\/index.php\/wp-json\/wp\/v2\/posts\/3894\/revisions\/3896"}],"wp:featuredmedia":[{"embeddable":true,"href":"http:\/\/maismagazine.pt\/index.php\/wp-json\/wp\/v2\/media\/3895"}],"wp:attachment":[{"href":"http:\/\/maismagazine.pt\/index.php\/wp-json\/wp\/v2\/media?parent=3894"}],"wp:term":[{"taxonomy":"category","embeddable":true,"href":"http:\/\/maismagazine.pt\/index.php\/wp-json\/wp\/v2\/categories?post=3894"},{"taxonomy":"post_tag","embeddable":true,"href":"http:\/\/maismagazine.pt\/index.php\/wp-json\/wp\/v2\/tags?post=3894"}],"curies":[{"name":"wp","href":"https:\/\/api.w.org\/{rel}","templated":true}]}}