{"id":3889,"date":"2022-07-15T07:00:00","date_gmt":"2022-07-15T06:00:00","guid":{"rendered":"https:\/\/maismagazine.pt\/?p=3889"},"modified":"2022-07-11T13:04:56","modified_gmt":"2022-07-11T12:04:56","slug":"vila-verde-integra-rede-de-estacoes-nauticas-de-portugal","status":"publish","type":"post","link":"http:\/\/maismagazine.pt\/index.php\/2022\/07\/15\/vila-verde-integra-rede-de-estacoes-nauticas-de-portugal\/","title":{"rendered":"Vila Verde integra Rede de esta\u00e7\u00f5es N\u00e1uticas de Portugal"},"content":{"rendered":"\n<p><\/p>\n\n\n\n<p><strong>O concelho de <a href=\"http:\/\/www.cm-vilaverde.pt\">Vila Verde <\/a>acaba de receber a certifica\u00e7\u00e3o como Esta\u00e7\u00e3o N\u00e1utica de Portugal. O processo vem consolidar a estrat\u00e9gia de valoriza\u00e7\u00e3o do patrim\u00f3nio riqu\u00edssimo do concelho como motor de desenvolvimento sustent\u00e1vel e com um impacto determinante para a qualidade de vida no territ\u00f3rio.<\/strong><\/p>\n\n\n\n<p><\/p>\n\n\n\n<p>Resultado de uma candidatura da C\u00e2mara Municipal de Vila Verde \u00e0 F\u00f3rum Oceano-Associa\u00e7\u00e3o de Economia do Mar, entidade respons\u00e1vel pela certifica\u00e7\u00e3o, a ades\u00e3o de Vila Verde \u00e0 rede de Esta\u00e7\u00f5es N\u00e1uticas de Portugal vem destacar o impacto do patrim\u00f3nio natural do concelho e dos recursos associados \u00e0 \u00e1gua, como os rios C\u00e1vado, Homem e Neiva e as margens, as diversas ribeiras, praias fluviais e a paisagem envolvente.<\/p>\n\n\n\n<p><\/p>\n\n\n\n<div class=\"wp-block-image\"><figure class=\"aligncenter size-large\"><img loading=\"lazy\" decoding=\"async\" width=\"1024\" height=\"682\" src=\"https:\/\/maismagazine.pt\/wp-content\/uploads\/2022\/07\/Canoagem-no-rio-Cavado-1-1024x682.jpg\" alt=\"\" class=\"wp-image-3891\" srcset=\"http:\/\/maismagazine.pt\/wp-content\/uploads\/2022\/07\/Canoagem-no-rio-Cavado-1-1024x682.jpg 1024w, http:\/\/maismagazine.pt\/wp-content\/uploads\/2022\/07\/Canoagem-no-rio-Cavado-1-300x200.jpg 300w, http:\/\/maismagazine.pt\/wp-content\/uploads\/2022\/07\/Canoagem-no-rio-Cavado-1-768x512.jpg 768w, http:\/\/maismagazine.pt\/wp-content\/uploads\/2022\/07\/Canoagem-no-rio-Cavado-1-1536x1024.jpg 1536w, http:\/\/maismagazine.pt\/wp-content\/uploads\/2022\/07\/Canoagem-no-rio-Cavado-1-150x100.jpg 150w, http:\/\/maismagazine.pt\/wp-content\/uploads\/2022\/07\/Canoagem-no-rio-Cavado-1.jpg 2000w\" sizes=\"auto, (max-width: 1024px) 100vw, 1024px\" \/><\/figure><\/div>\n\n\n\n<p><\/p>\n\n\n\n<p>O trabalho de qualifica\u00e7\u00e3o e diversifica\u00e7\u00e3o da oferta tur\u00edstica e da atratividade do territ\u00f3rio, de forma a contribuir igualmente para a melhoria da qualidade de vida  das popula\u00e7\u00f5es locais, inclui um plano de investimentos e a constru\u00e7\u00e3o de um leque de infraestruturas e equipamentos, como a Ecovia do C\u00e1vado e do Homem, a Rede Municipal de Trilhos, o futuro Parque da Vila, a Praia do Faial e \u00e1reas de lazer fluviais, entre outros.<\/p>\n\n\n\n<p><\/p>\n\n\n\n<p>Aliando a oferta de alojamento, restaura\u00e7\u00e3o, desporto e atividades n\u00e1uticas de lazer, patrim\u00f3nio constru\u00eddo e natural, assim como um conjunto de recursos identit\u00e1rios como a gastronomia e os vinhos verdes, os Len\u00e7os de Namorados, as Festas e Romarias, procura-se criar valor e criar experi\u00eancias diversificadas e integradas.<br><\/p>\n\n\n\n<p>Para o sucesso deste processo, \u00e9 determinante o trabalho em rede, com o envolvimento de diferentes parceiros e agentes de desenvolvimento, das empresas \u00e0s institui\u00e7\u00f5es, juntas de freguesia e associa\u00e7\u00f5es locais.<\/p>\n\n\n\n<p><\/p>\n\n\n\n<div class=\"wp-block-image\"><figure class=\"aligncenter size-full\"><img loading=\"lazy\" decoding=\"async\" width=\"720\" height=\"540\" src=\"https:\/\/maismagazine.pt\/wp-content\/uploads\/2022\/07\/thumbnail_Baloico-do-Oural.jpg\" alt=\"\" class=\"wp-image-3892\" srcset=\"http:\/\/maismagazine.pt\/wp-content\/uploads\/2022\/07\/thumbnail_Baloico-do-Oural.jpg 720w, http:\/\/maismagazine.pt\/wp-content\/uploads\/2022\/07\/thumbnail_Baloico-do-Oural-300x225.jpg 300w\" sizes=\"auto, (max-width: 720px) 100vw, 720px\" \/><\/figure><\/div>\n\n\n\n<p><\/p>\n\n\n\n<p>At\u00e9 ao momento, o Conselho da Esta\u00e7\u00e3o N\u00e1utica de Vila Verde compreende  30 entidades, com destaque para o Clube N\u00e1utico de Prado, e est\u00e1 aberto \u00e0 entrada de novos parceiros, de forma a consolidar a articula\u00e7\u00e3o e intera\u00e7\u00e3o dos diversos agentes e atores locais.<br><\/p>\n\n\n\n<p>Procura-se, neste sentido, promover o desenvolvimento de novos produtos e servi\u00e7os, contribuir para o aumento do n\u00famero de visitantes ao territ\u00f3rio, para o incremento do empreendedorismo local e cria\u00e7\u00e3o de emprego, o que ter\u00e1 efeitos ao n\u00edvel do desenvolvimento local e da<br>melhoria da qualidade de vida da comunidade.<\/p>\n","protected":false},"excerpt":{"rendered":"<p>O concelho de Vila Verde acaba de receber a certifica\u00e7\u00e3o como Esta\u00e7\u00e3o N\u00e1utica de Portugal. O processo vem consolidar a estrat\u00e9gia de valoriza\u00e7\u00e3o do patrim\u00f3nio riqu\u00edssimo do concelho como motor de desenvolvimento sustent\u00e1vel e com um impacto determinante para a qualidade de vida no territ\u00f3rio. Resultado de uma candidatura da&hellip;<\/p>\n","protected":false},"author":7,"featured_media":3890,"comment_status":"open","ping_status":"open","sticky":false,"template":"","format":"standard","meta":{"advgb_blocks_editor_width":"","advgb_blocks_columns_visual_guide":"","_monsterinsights_skip_tracking":false,"_monsterinsights_sitenote_active":false,"_monsterinsights_sitenote_note":"","_monsterinsights_sitenote_category":0,"footnotes":""},"categories":[78,6],"tags":[265,57,874,761,395,873,872],"class_list":["post-3889","post","type-post","status-publish","format-standard","has-post-thumbnail","hentry","category-ambiente-e-sustentabilidade","category-empreendedorismo","tag-desporto","tag-economia","tag-lazer","tag-mar","tag-patrimonio","tag-rede-de-estacoes-nauticas","tag-vila-verde"],"yoast_head":"<!-- This site is optimized with the Yoast SEO plugin v24.4 - https:\/\/yoast.com\/wordpress\/plugins\/seo\/ -->\n<title>Vila Verde integra Rede de esta\u00e7\u00f5es N\u00e1uticas de Portugal - Mais Magazine<\/title>\n<meta name=\"description\" content=\"Vila Verde integra Rede de esta\u00e7\u00f5es N\u00e1uticas de Portugal\" \/>\n<meta name=\"robots\" content=\"index, follow, max-snippet:-1, max-image-preview:large, max-video-preview:-1\" \/>\n<link rel=\"canonical\" href=\"https:\/\/maismagazine.pt\/index.php\/2022\/07\/15\/vila-verde-integra-rede-de-estacoes-nauticas-de-portugal\/\" \/>\n<meta property=\"og:locale\" content=\"pt_PT\" \/>\n<meta property=\"og:type\" content=\"article\" \/>\n<meta property=\"og:title\" content=\"Vila Verde integra Rede de esta\u00e7\u00f5es N\u00e1uticas de Portugal - Mais Magazine\" \/>\n<meta property=\"og:description\" content=\"Vila Verde integra Rede de esta\u00e7\u00f5es N\u00e1uticas de Portugal\" \/>\n<meta property=\"og:url\" content=\"https:\/\/maismagazine.pt\/index.php\/2022\/07\/15\/vila-verde-integra-rede-de-estacoes-nauticas-de-portugal\/\" \/>\n<meta property=\"og:site_name\" content=\"Mais Magazine\" \/>\n<meta property=\"article:published_time\" content=\"2022-07-15T06:00:00+00:00\" \/>\n<meta property=\"og:image\" content=\"https:\/\/maismagazine.pt\/wp-content\/uploads\/2022\/07\/Embaixador-da-ENVVJoseRamalho1.jpg\" \/>\n\t<meta property=\"og:image:width\" content=\"1300\" \/>\n\t<meta property=\"og:image:height\" content=\"867\" \/>\n\t<meta property=\"og:image:type\" content=\"image\/jpeg\" \/>\n<meta name=\"author\" content=\"Jo\u00e3o Malainho\" \/>\n<meta name=\"twitter:card\" content=\"summary_large_image\" \/>\n<meta name=\"twitter:label1\" content=\"Escrito por\" \/>\n\t<meta name=\"twitter:data1\" content=\"\" \/>\n\t<meta name=\"twitter:label2\" content=\"Tempo estimado de leitura\" \/>\n\t<meta name=\"twitter:data2\" content=\"2 minutos\" \/>\n<script type=\"application\/ld+json\" class=\"yoast-schema-graph\">{\"@context\":\"https:\/\/schema.org\",\"@graph\":[{\"@type\":\"Article\",\"@id\":\"https:\/\/maismagazine.pt\/index.php\/2022\/07\/15\/vila-verde-integra-rede-de-estacoes-nauticas-de-portugal\/#article\",\"isPartOf\":{\"@id\":\"https:\/\/maismagazine.pt\/index.php\/2022\/07\/15\/vila-verde-integra-rede-de-estacoes-nauticas-de-portugal\/\"},\"author\":{\"name\":\"Jo\u00e3o Malainho\",\"@id\":\"https:\/\/maismagazine.pt\/#\/schema\/person\/999bd426f894ff56d397ec12ebd21ebb\"},\"headline\":\"Vila Verde integra Rede de esta\u00e7\u00f5es N\u00e1uticas de Portugal\",\"datePublished\":\"2022-07-15T06:00:00+00:00\",\"mainEntityOfPage\":{\"@id\":\"https:\/\/maismagazine.pt\/index.php\/2022\/07\/15\/vila-verde-integra-rede-de-estacoes-nauticas-de-portugal\/\"},\"wordCount\":405,\"commentCount\":0,\"publisher\":{\"@id\":\"https:\/\/maismagazine.pt\/#organization\"},\"image\":{\"@id\":\"https:\/\/maismagazine.pt\/index.php\/2022\/07\/15\/vila-verde-integra-rede-de-estacoes-nauticas-de-portugal\/#primaryimage\"},\"thumbnailUrl\":\"http:\/\/maismagazine.pt\/wp-content\/uploads\/2022\/07\/Embaixador-da-ENVVJoseRamalho1.jpg\",\"keywords\":[\"desporto\",\"economia\",\"lazer\",\"Mar\",\"patrim\u00f3nio\",\"Rede de esta\u00e7\u00f5es N\u00e1uticas\",\"Vila Verde\"],\"articleSection\":[\"Ambiente e Sustentabilidade\",\"Empreendedorismo\"],\"inLanguage\":\"pt-PT\",\"potentialAction\":[{\"@type\":\"CommentAction\",\"name\":\"Comment\",\"target\":[\"https:\/\/maismagazine.pt\/index.php\/2022\/07\/15\/vila-verde-integra-rede-de-estacoes-nauticas-de-portugal\/#respond\"]}]},{\"@type\":\"WebPage\",\"@id\":\"https:\/\/maismagazine.pt\/index.php\/2022\/07\/15\/vila-verde-integra-rede-de-estacoes-nauticas-de-portugal\/\",\"url\":\"https:\/\/maismagazine.pt\/index.php\/2022\/07\/15\/vila-verde-integra-rede-de-estacoes-nauticas-de-portugal\/\",\"name\":\"Vila Verde integra Rede de esta\u00e7\u00f5es N\u00e1uticas de Portugal - Mais Magazine\",\"isPartOf\":{\"@id\":\"https:\/\/maismagazine.pt\/#website\"},\"primaryImageOfPage\":{\"@id\":\"https:\/\/maismagazine.pt\/index.php\/2022\/07\/15\/vila-verde-integra-rede-de-estacoes-nauticas-de-portugal\/#primaryimage\"},\"image\":{\"@id\":\"https:\/\/maismagazine.pt\/index.php\/2022\/07\/15\/vila-verde-integra-rede-de-estacoes-nauticas-de-portugal\/#primaryimage\"},\"thumbnailUrl\":\"http:\/\/maismagazine.pt\/wp-content\/uploads\/2022\/07\/Embaixador-da-ENVVJoseRamalho1.jpg\",\"datePublished\":\"2022-07-15T06:00:00+00:00\",\"description\":\"Vila Verde integra Rede de esta\u00e7\u00f5es N\u00e1uticas de Portugal\",\"breadcrumb\":{\"@id\":\"https:\/\/maismagazine.pt\/index.php\/2022\/07\/15\/vila-verde-integra-rede-de-estacoes-nauticas-de-portugal\/#breadcrumb\"},\"inLanguage\":\"pt-PT\",\"potentialAction\":[{\"@type\":\"ReadAction\",\"target\":[\"https:\/\/maismagazine.pt\/index.php\/2022\/07\/15\/vila-verde-integra-rede-de-estacoes-nauticas-de-portugal\/\"]}]},{\"@type\":\"ImageObject\",\"inLanguage\":\"pt-PT\",\"@id\":\"https:\/\/maismagazine.pt\/index.php\/2022\/07\/15\/vila-verde-integra-rede-de-estacoes-nauticas-de-portugal\/#primaryimage\",\"url\":\"http:\/\/maismagazine.pt\/wp-content\/uploads\/2022\/07\/Embaixador-da-ENVVJoseRamalho1.jpg\",\"contentUrl\":\"http:\/\/maismagazine.pt\/wp-content\/uploads\/2022\/07\/Embaixador-da-ENVVJoseRamalho1.jpg\",\"width\":1300,\"height\":867},{\"@type\":\"BreadcrumbList\",\"@id\":\"https:\/\/maismagazine.pt\/index.php\/2022\/07\/15\/vila-verde-integra-rede-de-estacoes-nauticas-de-portugal\/#breadcrumb\",\"itemListElement\":[{\"@type\":\"ListItem\",\"position\":1,\"name\":\"Home\",\"item\":\"https:\/\/maismagazine.pt\/\"},{\"@type\":\"ListItem\",\"position\":2,\"name\":\"Vila Verde integra Rede de esta\u00e7\u00f5es N\u00e1uticas de Portugal\"}]},{\"@type\":\"WebSite\",\"@id\":\"https:\/\/maismagazine.pt\/#website\",\"url\":\"https:\/\/maismagazine.pt\/\",\"name\":\"Mais Magazine\",\"description\":\"\",\"publisher\":{\"@id\":\"https:\/\/maismagazine.pt\/#organization\"},\"potentialAction\":[{\"@type\":\"SearchAction\",\"target\":{\"@type\":\"EntryPoint\",\"urlTemplate\":\"https:\/\/maismagazine.pt\/?s={search_term_string}\"},\"query-input\":{\"@type\":\"PropertyValueSpecification\",\"valueRequired\":true,\"valueName\":\"search_term_string\"}}],\"inLanguage\":\"pt-PT\"},{\"@type\":\"Organization\",\"@id\":\"https:\/\/maismagazine.pt\/#organization\",\"name\":\"Mais Magazine\",\"url\":\"https:\/\/maismagazine.pt\/\",\"logo\":{\"@type\":\"ImageObject\",\"inLanguage\":\"pt-PT\",\"@id\":\"https:\/\/maismagazine.pt\/#\/schema\/logo\/image\/\",\"url\":\"http:\/\/maismagazine.pt\/wp-content\/uploads\/2020\/04\/cropped-cropped-mais-magazine-site-logo-2.png\",\"contentUrl\":\"http:\/\/maismagazine.pt\/wp-content\/uploads\/2020\/04\/cropped-cropped-mais-magazine-site-logo-2.png\",\"width\":581,\"height\":90,\"caption\":\"Mais Magazine\"},\"image\":{\"@id\":\"https:\/\/maismagazine.pt\/#\/schema\/logo\/image\/\"}},{\"@type\":\"Person\",\"@id\":\"https:\/\/maismagazine.pt\/#\/schema\/person\/999bd426f894ff56d397ec12ebd21ebb\",\"name\":\"Jo\u00e3o Malainho\",\"image\":{\"@type\":\"ImageObject\",\"inLanguage\":\"pt-PT\",\"@id\":\"https:\/\/maismagazine.pt\/#\/schema\/person\/image\/\",\"url\":\"https:\/\/secure.gravatar.com\/avatar\/ff03c2f38edf60b2a827aa4f74878491?s=96&d=mm&r=g\",\"contentUrl\":\"https:\/\/secure.gravatar.com\/avatar\/ff03c2f38edf60b2a827aa4f74878491?s=96&d=mm&r=g\",\"caption\":\"Jo\u00e3o Malainho\"},\"url\":\"http:\/\/maismagazine.pt\/index.php\/author\/maismagazine\/\"}]}<\/script>\n<!-- \/ Yoast SEO plugin. -->","yoast_head_json":{"title":"Vila Verde integra Rede de esta\u00e7\u00f5es N\u00e1uticas de Portugal - Mais Magazine","description":"Vila Verde integra Rede de esta\u00e7\u00f5es N\u00e1uticas de Portugal","robots":{"index":"index","follow":"follow","max-snippet":"max-snippet:-1","max-image-preview":"max-image-preview:large","max-video-preview":"max-video-preview:-1"},"canonical":"https:\/\/maismagazine.pt\/index.php\/2022\/07\/15\/vila-verde-integra-rede-de-estacoes-nauticas-de-portugal\/","og_locale":"pt_PT","og_type":"article","og_title":"Vila Verde integra Rede de esta\u00e7\u00f5es N\u00e1uticas de Portugal - Mais Magazine","og_description":"Vila Verde integra Rede de esta\u00e7\u00f5es N\u00e1uticas de Portugal","og_url":"https:\/\/maismagazine.pt\/index.php\/2022\/07\/15\/vila-verde-integra-rede-de-estacoes-nauticas-de-portugal\/","og_site_name":"Mais Magazine","article_published_time":"2022-07-15T06:00:00+00:00","og_image":[{"width":1300,"height":867,"url":"https:\/\/maismagazine.pt\/wp-content\/uploads\/2022\/07\/Embaixador-da-ENVVJoseRamalho1.jpg","type":"image\/jpeg"}],"author":"Jo\u00e3o Malainho","twitter_card":"summary_large_image","twitter_misc":{"Escrito por":false,"Tempo estimado de leitura":"2 minutos"},"schema":{"@context":"https:\/\/schema.org","@graph":[{"@type":"Article","@id":"https:\/\/maismagazine.pt\/index.php\/2022\/07\/15\/vila-verde-integra-rede-de-estacoes-nauticas-de-portugal\/#article","isPartOf":{"@id":"https:\/\/maismagazine.pt\/index.php\/2022\/07\/15\/vila-verde-integra-rede-de-estacoes-nauticas-de-portugal\/"},"author":{"name":"Jo\u00e3o Malainho","@id":"https:\/\/maismagazine.pt\/#\/schema\/person\/999bd426f894ff56d397ec12ebd21ebb"},"headline":"Vila Verde integra Rede de esta\u00e7\u00f5es N\u00e1uticas de Portugal","datePublished":"2022-07-15T06:00:00+00:00","mainEntityOfPage":{"@id":"https:\/\/maismagazine.pt\/index.php\/2022\/07\/15\/vila-verde-integra-rede-de-estacoes-nauticas-de-portugal\/"},"wordCount":405,"commentCount":0,"publisher":{"@id":"https:\/\/maismagazine.pt\/#organization"},"image":{"@id":"https:\/\/maismagazine.pt\/index.php\/2022\/07\/15\/vila-verde-integra-rede-de-estacoes-nauticas-de-portugal\/#primaryimage"},"thumbnailUrl":"http:\/\/maismagazine.pt\/wp-content\/uploads\/2022\/07\/Embaixador-da-ENVVJoseRamalho1.jpg","keywords":["desporto","economia","lazer","Mar","patrim\u00f3nio","Rede de esta\u00e7\u00f5es N\u00e1uticas","Vila Verde"],"articleSection":["Ambiente e Sustentabilidade","Empreendedorismo"],"inLanguage":"pt-PT","potentialAction":[{"@type":"CommentAction","name":"Comment","target":["https:\/\/maismagazine.pt\/index.php\/2022\/07\/15\/vila-verde-integra-rede-de-estacoes-nauticas-de-portugal\/#respond"]}]},{"@type":"WebPage","@id":"https:\/\/maismagazine.pt\/index.php\/2022\/07\/15\/vila-verde-integra-rede-de-estacoes-nauticas-de-portugal\/","url":"https:\/\/maismagazine.pt\/index.php\/2022\/07\/15\/vila-verde-integra-rede-de-estacoes-nauticas-de-portugal\/","name":"Vila Verde integra Rede de esta\u00e7\u00f5es N\u00e1uticas de Portugal - Mais Magazine","isPartOf":{"@id":"https:\/\/maismagazine.pt\/#website"},"primaryImageOfPage":{"@id":"https:\/\/maismagazine.pt\/index.php\/2022\/07\/15\/vila-verde-integra-rede-de-estacoes-nauticas-de-portugal\/#primaryimage"},"image":{"@id":"https:\/\/maismagazine.pt\/index.php\/2022\/07\/15\/vila-verde-integra-rede-de-estacoes-nauticas-de-portugal\/#primaryimage"},"thumbnailUrl":"http:\/\/maismagazine.pt\/wp-content\/uploads\/2022\/07\/Embaixador-da-ENVVJoseRamalho1.jpg","datePublished":"2022-07-15T06:00:00+00:00","description":"Vila Verde integra Rede de esta\u00e7\u00f5es N\u00e1uticas de Portugal","breadcrumb":{"@id":"https:\/\/maismagazine.pt\/index.php\/2022\/07\/15\/vila-verde-integra-rede-de-estacoes-nauticas-de-portugal\/#breadcrumb"},"inLanguage":"pt-PT","potentialAction":[{"@type":"ReadAction","target":["https:\/\/maismagazine.pt\/index.php\/2022\/07\/15\/vila-verde-integra-rede-de-estacoes-nauticas-de-portugal\/"]}]},{"@type":"ImageObject","inLanguage":"pt-PT","@id":"https:\/\/maismagazine.pt\/index.php\/2022\/07\/15\/vila-verde-integra-rede-de-estacoes-nauticas-de-portugal\/#primaryimage","url":"http:\/\/maismagazine.pt\/wp-content\/uploads\/2022\/07\/Embaixador-da-ENVVJoseRamalho1.jpg","contentUrl":"http:\/\/maismagazine.pt\/wp-content\/uploads\/2022\/07\/Embaixador-da-ENVVJoseRamalho1.jpg","width":1300,"height":867},{"@type":"BreadcrumbList","@id":"https:\/\/maismagazine.pt\/index.php\/2022\/07\/15\/vila-verde-integra-rede-de-estacoes-nauticas-de-portugal\/#breadcrumb","itemListElement":[{"@type":"ListItem","position":1,"name":"Home","item":"https:\/\/maismagazine.pt\/"},{"@type":"ListItem","position":2,"name":"Vila Verde integra Rede de esta\u00e7\u00f5es N\u00e1uticas de Portugal"}]},{"@type":"WebSite","@id":"https:\/\/maismagazine.pt\/#website","url":"https:\/\/maismagazine.pt\/","name":"Mais Magazine","description":"","publisher":{"@id":"https:\/\/maismagazine.pt\/#organization"},"potentialAction":[{"@type":"SearchAction","target":{"@type":"EntryPoint","urlTemplate":"https:\/\/maismagazine.pt\/?s={search_term_string}"},"query-input":{"@type":"PropertyValueSpecification","valueRequired":true,"valueName":"search_term_string"}}],"inLanguage":"pt-PT"},{"@type":"Organization","@id":"https:\/\/maismagazine.pt\/#organization","name":"Mais Magazine","url":"https:\/\/maismagazine.pt\/","logo":{"@type":"ImageObject","inLanguage":"pt-PT","@id":"https:\/\/maismagazine.pt\/#\/schema\/logo\/image\/","url":"http:\/\/maismagazine.pt\/wp-content\/uploads\/2020\/04\/cropped-cropped-mais-magazine-site-logo-2.png","contentUrl":"http:\/\/maismagazine.pt\/wp-content\/uploads\/2020\/04\/cropped-cropped-mais-magazine-site-logo-2.png","width":581,"height":90,"caption":"Mais Magazine"},"image":{"@id":"https:\/\/maismagazine.pt\/#\/schema\/logo\/image\/"}},{"@type":"Person","@id":"https:\/\/maismagazine.pt\/#\/schema\/person\/999bd426f894ff56d397ec12ebd21ebb","name":"Jo\u00e3o Malainho","image":{"@type":"ImageObject","inLanguage":"pt-PT","@id":"https:\/\/maismagazine.pt\/#\/schema\/person\/image\/","url":"https:\/\/secure.gravatar.com\/avatar\/ff03c2f38edf60b2a827aa4f74878491?s=96&d=mm&r=g","contentUrl":"https:\/\/secure.gravatar.com\/avatar\/ff03c2f38edf60b2a827aa4f74878491?s=96&d=mm&r=g","caption":"Jo\u00e3o Malainho"},"url":"http:\/\/maismagazine.pt\/index.php\/author\/maismagazine\/"}]}},"author_meta":{"display_name":false,"author_link":"http:\/\/maismagazine.pt\/index.php\/author\/maismagazine\/"},"featured_img":"http:\/\/maismagazine.pt\/wp-content\/uploads\/2022\/07\/Embaixador-da-ENVVJoseRamalho1-300x200.jpg","coauthors":[],"tax_additional":{"categories":{"linked":["<a href=\"http:\/\/maismagazine.pt\/index.php\/category\/empreendedorismo\/ambiente-e-sustentabilidade\/\" class=\"advgb-post-tax-term\">Ambiente e Sustentabilidade<\/a>","<a href=\"http:\/\/maismagazine.pt\/index.php\/category\/empreendedorismo\/\" class=\"advgb-post-tax-term\">Empreendedorismo<\/a>"],"unlinked":["<span class=\"advgb-post-tax-term\">Ambiente e Sustentabilidade<\/span>","<span class=\"advgb-post-tax-term\">Empreendedorismo<\/span>"]},"tags":{"linked":["<a href=\"http:\/\/maismagazine.pt\/index.php\/category\/empreendedorismo\/\" class=\"advgb-post-tax-term\">desporto<\/a>","<a href=\"http:\/\/maismagazine.pt\/index.php\/category\/empreendedorismo\/\" class=\"advgb-post-tax-term\">economia<\/a>","<a href=\"http:\/\/maismagazine.pt\/index.php\/category\/empreendedorismo\/\" class=\"advgb-post-tax-term\">lazer<\/a>","<a href=\"http:\/\/maismagazine.pt\/index.php\/category\/empreendedorismo\/\" class=\"advgb-post-tax-term\">Mar<\/a>","<a href=\"http:\/\/maismagazine.pt\/index.php\/category\/empreendedorismo\/\" class=\"advgb-post-tax-term\">patrim\u00f3nio<\/a>","<a href=\"http:\/\/maismagazine.pt\/index.php\/category\/empreendedorismo\/\" class=\"advgb-post-tax-term\">Rede de esta\u00e7\u00f5es N\u00e1uticas<\/a>","<a href=\"http:\/\/maismagazine.pt\/index.php\/category\/empreendedorismo\/\" class=\"advgb-post-tax-term\">Vila Verde<\/a>"],"unlinked":["<span class=\"advgb-post-tax-term\">desporto<\/span>","<span class=\"advgb-post-tax-term\">economia<\/span>","<span class=\"advgb-post-tax-term\">lazer<\/span>","<span class=\"advgb-post-tax-term\">Mar<\/span>","<span class=\"advgb-post-tax-term\">patrim\u00f3nio<\/span>","<span class=\"advgb-post-tax-term\">Rede de esta\u00e7\u00f5es N\u00e1uticas<\/span>","<span class=\"advgb-post-tax-term\">Vila Verde<\/span>"]}},"comment_count":"0","relative_dates":{"created":"Posted 4 anos ago","modified":"Updated 4 anos ago"},"absolute_dates":{"created":"Posted on 15 de Julho, 2022","modified":"Updated on 11 de Julho, 2022"},"absolute_dates_time":{"created":"Posted on 15 de Julho, 2022 7:00","modified":"Updated on 11 de Julho, 2022 13:04"},"featured_img_caption":"","series_order":"","_links":{"self":[{"href":"http:\/\/maismagazine.pt\/index.php\/wp-json\/wp\/v2\/posts\/3889","targetHints":{"allow":["GET"]}}],"collection":[{"href":"http:\/\/maismagazine.pt\/index.php\/wp-json\/wp\/v2\/posts"}],"about":[{"href":"http:\/\/maismagazine.pt\/index.php\/wp-json\/wp\/v2\/types\/post"}],"author":[{"embeddable":true,"href":"http:\/\/maismagazine.pt\/index.php\/wp-json\/wp\/v2\/users\/7"}],"replies":[{"embeddable":true,"href":"http:\/\/maismagazine.pt\/index.php\/wp-json\/wp\/v2\/comments?post=3889"}],"version-history":[{"count":1,"href":"http:\/\/maismagazine.pt\/index.php\/wp-json\/wp\/v2\/posts\/3889\/revisions"}],"predecessor-version":[{"id":3893,"href":"http:\/\/maismagazine.pt\/index.php\/wp-json\/wp\/v2\/posts\/3889\/revisions\/3893"}],"wp:featuredmedia":[{"embeddable":true,"href":"http:\/\/maismagazine.pt\/index.php\/wp-json\/wp\/v2\/media\/3890"}],"wp:attachment":[{"href":"http:\/\/maismagazine.pt\/index.php\/wp-json\/wp\/v2\/media?parent=3889"}],"wp:term":[{"taxonomy":"category","embeddable":true,"href":"http:\/\/maismagazine.pt\/index.php\/wp-json\/wp\/v2\/categories?post=3889"},{"taxonomy":"post_tag","embeddable":true,"href":"http:\/\/maismagazine.pt\/index.php\/wp-json\/wp\/v2\/tags?post=3889"}],"curies":[{"name":"wp","href":"https:\/\/api.w.org\/{rel}","templated":true}]}}