{"id":3785,"date":"2022-07-15T07:00:00","date_gmt":"2022-07-15T06:00:00","guid":{"rendered":"https:\/\/maismagazine.pt\/?p=3785"},"modified":"2022-07-11T11:30:55","modified_gmt":"2022-07-11T10:30:55","slug":"estacao-nautica-de-sines-a-alavanca-para-a-afirmacao-do-turismo-nautico-de-qualidade-em-portugal","status":"publish","type":"post","link":"http:\/\/maismagazine.pt\/index.php\/2022\/07\/15\/estacao-nautica-de-sines-a-alavanca-para-a-afirmacao-do-turismo-nautico-de-qualidade-em-portugal\/","title":{"rendered":"Esta\u00e7\u00e3o N\u00e1utica de Sines: a alavanca para \u201ca afirma\u00e7\u00e3o do turismo n\u00e1utico de qualidade em Portugal\u201d"},"content":{"rendered":"\n<p><\/p>\n\n\n\n<p><strong>Com a freguesia de <a href=\"http:\/\/www.sines.pt\">Sines<\/a> localizada a norte e Porto Covo a sul, o munic\u00edpio de Sines usufrui de uma pan\u00f3plia de vantagens para a realiza\u00e7\u00e3o de atividades ligadas ao mar e \u00e0 natureza. Hoje, assumem tamb\u00e9m a vontade de celebrar mais parcerias em prol da conquista de uma oferta tur\u00edstica mais diversificada.<\/strong><\/p>\n\n\n\n<p><\/p>\n\n\n\n<p>A meio da Costa Alentejana, com vistas para o Atl\u00e2ntico, encontra-se a Esta\u00e7\u00e3o N\u00e1utica de Sines. Esta \u00e9 composta por \u201cuma rede de oferta tur\u00edstica n\u00e1utica de qualidade, organizada a partir da valoriza\u00e7\u00e3o integrada dos recursos n\u00e1uticos presentes\u201d neste territ\u00f3rio. O leque de experi\u00eancias que podem ser usufru\u00eddas nesta esta\u00e7\u00e3o \u00e9 variado, logo \u201ca import\u00e2ncia para a afirma\u00e7\u00e3o do turismo n\u00e1utico de qualidade em Portugal\u201d, tamb\u00e9m \u00e9 refor\u00e7ada, \u201cporque no fundo, tudo o que est\u00e1 relacionado com o mar faz parte da identidade desta regi\u00e3o, devido \u00e0 localiza\u00e7\u00e3o privilegiada para o desenvolvimento de atividades n\u00e1uticas\u201d, tal como descreve Filipa Faria, Vereadora do Turismo e Ambiente da C\u00e2mara Municipal de Sines.<\/p>\n\n\n\n<p><\/p>\n\n\n\n<p>A posi\u00e7\u00e3o geogr\u00e1fica e o pr\u00f3prio clima desta cidade do Alentejo possibilitam a exist\u00eancia de uma ampla e diversificada oferta tur\u00edstica. Atualmente, esta rede disp\u00f5e de servi\u00e7os de alojamento, restaura\u00e7\u00e3o, atividades n\u00e1uticas e outras relevantes para  atrair turistas e acrescentar valor ao territ\u00f3rio. A \u201cideia \u00e9 que um visitante que venha a Sines \u00e0 procura de atividades n\u00e1uticas possa tamb\u00e9m desfrutar de tudo o que a regi\u00e3o tem de melhor, tendo a experi\u00eancia mais completa poss\u00edvel\u201d. E, neste sentido, o objetivo futuro desta esta\u00e7\u00e3o n\u00e1utica \u00e9 conquistar \u201cmais parceiros locais\u201d.<\/p>\n\n\n\n<p><\/p>\n\n\n\n<p><strong>O reconhecimento da sustentabilidade e o combate ao inimigo chamado sazonalidade<\/strong><\/p>\n\n\n\n<p><\/p>\n\n\n\n<p>Neste concelho, o respeito pela preserva\u00e7\u00e3o e prote\u00e7\u00e3o do ecossistema \u00e9 uma prioridade, assumida durante todo o ano, atrav\u00e9s do \u201cplano de educa\u00e7\u00e3o ambiental que integra, inclusivamente, as a\u00e7\u00f5es de promo\u00e7\u00e3o no \u00e2mbito da Bandeira Azul.\u201d Ali\u00e1s, desde os tr\u00eas \u00faltimos anos, que esse trabalho tem vindo a ser reconhecido com o galard\u00e3o do \u201cMunic\u00edpio Mais Azul do Alentejo\u201d. Sines \u00e9 uma cidade que est\u00e1 \u201ccheia\u201d nos meses de \u00e9poca alta, entre a primavera e o ver\u00e3o, e praticamente vazia na chegada do outono e inverno. Assim sendo, Filipa Faria garante que o desejo da C\u00e2mara Municipal \u00e9 o de navegar a favor e n\u00e3o contra a mar\u00e9, com vista a \u201cpotencializar a oferta tur\u00edstica do concelho e combater a sazonalidade\u201d. Por isso \u00e9 que t\u00eam apostado todas as fichas na Esta\u00e7\u00e3o N\u00e1utica de Sines\u201d, ao tentar \u201cmotivar os parceiros a trabalharem em  conjunto e a criarem, por exemplo, pacotes e parcerias entre eles\u201d, de forma a \u201ccomplementarem e oferecerem uma agrad\u00e1vel e completa experi\u00eancia\u201d aos visitantes, n\u00e3o apenas no ver\u00e3o, mas tamb\u00e9m na \u00e9poca de menor procura.\u201d<\/p>\n\n\n\n<p><\/p>\n\n\n\n<p><strong>A passagem do Caminho Mar\u00edtimo de Santiago pelo ber\u00e7o do navegador<\/strong><\/p>\n\n\n\n<p><\/p>\n\n\n\n<p>Relativamente ao atracar do \u201ccruzeiro inaugural do Caminho Mar\u00edtimo de Santiago\u201d por terras alentejanas, a entrevistada revela a \u201cgrande honra\u201d que tiveram em receb\u00ea-lo, uma vez que \u201cSines \u00e9 a terra natal do mais insigne navegador portugu\u00eas, Vasco da Gama\u201d. A pr\u00f3pria ainda acrescenta que com esta viagem foi poss\u00edvel juntar o \u00fatil ao agrad\u00e1vel, ou seja, combinar \u201ca passagem deste cruzeiro ao conceito de<br>Esta\u00e7\u00e3o N\u00e1utica\u201d e assim ter uma \u201coportunidade de dar a conhecer aos navegadores o nosso patrim\u00f3nio hist\u00f3rico, natural e cultural, e ainda a nossa riqueza gastron\u00f3mica, oferta tur\u00edstica e todas as atividades n\u00e1uticas dispon\u00edveis no concelho\u201d.<br><\/p>\n\n\n\n<p>Em jeito de remate da conversa a Vereadora do Turismo e Ambiente refere que todo o patrim\u00f3nio de Sines \u00e9 \u201cdigno de ser visitado\u201d e deixa o convite a todos os nossos leitores para que passem pelo \u201cwebsite da Esta\u00e7\u00e3o N\u00e1utica de Sines e do Munic\u00edpio, onde poder\u00e3o consultar com mais pormenor tudo o que esta regi\u00e3o tem para oferecer\u201d.<\/p>\n\n\n\n<p><\/p>\n\n\n\n<p><\/p>\n","protected":false},"excerpt":{"rendered":"<p>Com a freguesia de Sines localizada a norte e Porto Covo a sul, o munic\u00edpio de Sines usufrui de uma pan\u00f3plia de vantagens para a realiza\u00e7\u00e3o de atividades ligadas ao mar e \u00e0 natureza. Hoje, assumem tamb\u00e9m a vontade de celebrar mais parcerias em prol da conquista de uma oferta&hellip;<\/p>\n","protected":false},"author":7,"featured_media":3814,"comment_status":"open","ping_status":"open","sticky":false,"template":"","format":"standard","meta":{"advgb_blocks_editor_width":"","advgb_blocks_columns_visual_guide":"","_monsterinsights_skip_tracking":false,"_monsterinsights_sitenote_active":false,"_monsterinsights_sitenote_note":"","_monsterinsights_sitenote_category":0,"footnotes":""},"categories":[53],"tags":[852,853,64],"class_list":["post-3785","post","type-post","status-publish","format-standard","has-post-thumbnail","hentry","category-turismo-restaurantes","tag-estacao-nautica","tag-sines","tag-turismo"],"yoast_head":"<!-- This site is optimized with the Yoast SEO plugin v24.4 - https:\/\/yoast.com\/wordpress\/plugins\/seo\/ -->\n<title>Esta\u00e7\u00e3o N\u00e1utica de Sines: a alavanca para \u201ca afirma\u00e7\u00e3o do turismo n\u00e1utico de qualidade em Portugal\u201d - Mais Magazine<\/title>\n<meta name=\"description\" content=\"Sines\" \/>\n<meta name=\"robots\" content=\"index, follow, max-snippet:-1, max-image-preview:large, max-video-preview:-1\" \/>\n<link rel=\"canonical\" href=\"http:\/\/maismagazine.pt\/index.php\/2022\/07\/15\/estacao-nautica-de-sines-a-alavanca-para-a-afirmacao-do-turismo-nautico-de-qualidade-em-portugal\/\" \/>\n<meta property=\"og:locale\" content=\"pt_PT\" \/>\n<meta property=\"og:type\" content=\"article\" \/>\n<meta property=\"og:title\" content=\"Esta\u00e7\u00e3o N\u00e1utica de Sines: a alavanca para \u201ca afirma\u00e7\u00e3o do turismo n\u00e1utico de qualidade em Portugal\u201d - Mais Magazine\" \/>\n<meta property=\"og:description\" content=\"Sines\" \/>\n<meta property=\"og:url\" content=\"http:\/\/maismagazine.pt\/index.php\/2022\/07\/15\/estacao-nautica-de-sines-a-alavanca-para-a-afirmacao-do-turismo-nautico-de-qualidade-em-portugal\/\" \/>\n<meta property=\"og:site_name\" content=\"Mais Magazine\" \/>\n<meta property=\"article:published_time\" content=\"2022-07-15T06:00:00+00:00\" \/>\n<meta property=\"og:image\" content=\"http:\/\/maismagazine.pt\/wp-content\/uploads\/2022\/07\/202105011_porto-de-recreio-scaled.jpg\" \/>\n\t<meta property=\"og:image:width\" content=\"2560\" \/>\n\t<meta property=\"og:image:height\" content=\"1796\" \/>\n\t<meta property=\"og:image:type\" content=\"image\/jpeg\" \/>\n<meta name=\"author\" content=\"Jo\u00e3o Malainho\" \/>\n<meta name=\"twitter:card\" content=\"summary_large_image\" \/>\n<meta name=\"twitter:label1\" content=\"Escrito por\" \/>\n\t<meta name=\"twitter:data1\" content=\"\" \/>\n\t<meta name=\"twitter:label2\" content=\"Tempo estimado de leitura\" \/>\n\t<meta name=\"twitter:data2\" content=\"3 minutos\" \/>\n<script type=\"application\/ld+json\" class=\"yoast-schema-graph\">{\"@context\":\"https:\/\/schema.org\",\"@graph\":[{\"@type\":\"Article\",\"@id\":\"http:\/\/maismagazine.pt\/index.php\/2022\/07\/15\/estacao-nautica-de-sines-a-alavanca-para-a-afirmacao-do-turismo-nautico-de-qualidade-em-portugal\/#article\",\"isPartOf\":{\"@id\":\"http:\/\/maismagazine.pt\/index.php\/2022\/07\/15\/estacao-nautica-de-sines-a-alavanca-para-a-afirmacao-do-turismo-nautico-de-qualidade-em-portugal\/\"},\"author\":{\"name\":\"Jo\u00e3o Malainho\",\"@id\":\"http:\/\/maismagazine.pt\/#\/schema\/person\/999bd426f894ff56d397ec12ebd21ebb\"},\"headline\":\"Esta\u00e7\u00e3o N\u00e1utica de Sines: a alavanca para \u201ca afirma\u00e7\u00e3o do turismo n\u00e1utico de qualidade em Portugal\u201d\",\"datePublished\":\"2022-07-15T06:00:00+00:00\",\"mainEntityOfPage\":{\"@id\":\"http:\/\/maismagazine.pt\/index.php\/2022\/07\/15\/estacao-nautica-de-sines-a-alavanca-para-a-afirmacao-do-turismo-nautico-de-qualidade-em-portugal\/\"},\"wordCount\":705,\"commentCount\":0,\"publisher\":{\"@id\":\"http:\/\/maismagazine.pt\/#organization\"},\"image\":{\"@id\":\"http:\/\/maismagazine.pt\/index.php\/2022\/07\/15\/estacao-nautica-de-sines-a-alavanca-para-a-afirmacao-do-turismo-nautico-de-qualidade-em-portugal\/#primaryimage\"},\"thumbnailUrl\":\"http:\/\/maismagazine.pt\/wp-content\/uploads\/2022\/07\/202105011_porto-de-recreio-scaled.jpg\",\"keywords\":[\"Esta\u00e7\u00e3o N\u00e1utica\",\"Sines\",\"Turismo\"],\"articleSection\":[\"Turismo | Vinhos | Gastronomia\"],\"inLanguage\":\"pt-PT\",\"potentialAction\":[{\"@type\":\"CommentAction\",\"name\":\"Comment\",\"target\":[\"http:\/\/maismagazine.pt\/index.php\/2022\/07\/15\/estacao-nautica-de-sines-a-alavanca-para-a-afirmacao-do-turismo-nautico-de-qualidade-em-portugal\/#respond\"]}]},{\"@type\":\"WebPage\",\"@id\":\"http:\/\/maismagazine.pt\/index.php\/2022\/07\/15\/estacao-nautica-de-sines-a-alavanca-para-a-afirmacao-do-turismo-nautico-de-qualidade-em-portugal\/\",\"url\":\"http:\/\/maismagazine.pt\/index.php\/2022\/07\/15\/estacao-nautica-de-sines-a-alavanca-para-a-afirmacao-do-turismo-nautico-de-qualidade-em-portugal\/\",\"name\":\"Esta\u00e7\u00e3o N\u00e1utica de Sines: a alavanca para \u201ca afirma\u00e7\u00e3o do turismo n\u00e1utico de qualidade em Portugal\u201d - Mais Magazine\",\"isPartOf\":{\"@id\":\"http:\/\/maismagazine.pt\/#website\"},\"primaryImageOfPage\":{\"@id\":\"http:\/\/maismagazine.pt\/index.php\/2022\/07\/15\/estacao-nautica-de-sines-a-alavanca-para-a-afirmacao-do-turismo-nautico-de-qualidade-em-portugal\/#primaryimage\"},\"image\":{\"@id\":\"http:\/\/maismagazine.pt\/index.php\/2022\/07\/15\/estacao-nautica-de-sines-a-alavanca-para-a-afirmacao-do-turismo-nautico-de-qualidade-em-portugal\/#primaryimage\"},\"thumbnailUrl\":\"http:\/\/maismagazine.pt\/wp-content\/uploads\/2022\/07\/202105011_porto-de-recreio-scaled.jpg\",\"datePublished\":\"2022-07-15T06:00:00+00:00\",\"description\":\"Sines\",\"breadcrumb\":{\"@id\":\"http:\/\/maismagazine.pt\/index.php\/2022\/07\/15\/estacao-nautica-de-sines-a-alavanca-para-a-afirmacao-do-turismo-nautico-de-qualidade-em-portugal\/#breadcrumb\"},\"inLanguage\":\"pt-PT\",\"potentialAction\":[{\"@type\":\"ReadAction\",\"target\":[\"http:\/\/maismagazine.pt\/index.php\/2022\/07\/15\/estacao-nautica-de-sines-a-alavanca-para-a-afirmacao-do-turismo-nautico-de-qualidade-em-portugal\/\"]}]},{\"@type\":\"ImageObject\",\"inLanguage\":\"pt-PT\",\"@id\":\"http:\/\/maismagazine.pt\/index.php\/2022\/07\/15\/estacao-nautica-de-sines-a-alavanca-para-a-afirmacao-do-turismo-nautico-de-qualidade-em-portugal\/#primaryimage\",\"url\":\"http:\/\/maismagazine.pt\/wp-content\/uploads\/2022\/07\/202105011_porto-de-recreio-scaled.jpg\",\"contentUrl\":\"http:\/\/maismagazine.pt\/wp-content\/uploads\/2022\/07\/202105011_porto-de-recreio-scaled.jpg\",\"width\":2560,\"height\":1796},{\"@type\":\"BreadcrumbList\",\"@id\":\"http:\/\/maismagazine.pt\/index.php\/2022\/07\/15\/estacao-nautica-de-sines-a-alavanca-para-a-afirmacao-do-turismo-nautico-de-qualidade-em-portugal\/#breadcrumb\",\"itemListElement\":[{\"@type\":\"ListItem\",\"position\":1,\"name\":\"Home\",\"item\":\"http:\/\/maismagazine.pt\/\"},{\"@type\":\"ListItem\",\"position\":2,\"name\":\"Esta\u00e7\u00e3o N\u00e1utica de Sines: a alavanca para \u201ca afirma\u00e7\u00e3o do turismo n\u00e1utico de qualidade em Portugal\u201d\"}]},{\"@type\":\"WebSite\",\"@id\":\"http:\/\/maismagazine.pt\/#website\",\"url\":\"http:\/\/maismagazine.pt\/\",\"name\":\"Mais Magazine\",\"description\":\"\",\"publisher\":{\"@id\":\"http:\/\/maismagazine.pt\/#organization\"},\"potentialAction\":[{\"@type\":\"SearchAction\",\"target\":{\"@type\":\"EntryPoint\",\"urlTemplate\":\"http:\/\/maismagazine.pt\/?s={search_term_string}\"},\"query-input\":{\"@type\":\"PropertyValueSpecification\",\"valueRequired\":true,\"valueName\":\"search_term_string\"}}],\"inLanguage\":\"pt-PT\"},{\"@type\":\"Organization\",\"@id\":\"http:\/\/maismagazine.pt\/#organization\",\"name\":\"Mais Magazine\",\"url\":\"http:\/\/maismagazine.pt\/\",\"logo\":{\"@type\":\"ImageObject\",\"inLanguage\":\"pt-PT\",\"@id\":\"http:\/\/maismagazine.pt\/#\/schema\/logo\/image\/\",\"url\":\"http:\/\/maismagazine.pt\/wp-content\/uploads\/2020\/04\/cropped-cropped-mais-magazine-site-logo-2.png\",\"contentUrl\":\"http:\/\/maismagazine.pt\/wp-content\/uploads\/2020\/04\/cropped-cropped-mais-magazine-site-logo-2.png\",\"width\":581,\"height\":90,\"caption\":\"Mais Magazine\"},\"image\":{\"@id\":\"http:\/\/maismagazine.pt\/#\/schema\/logo\/image\/\"}},{\"@type\":\"Person\",\"@id\":\"http:\/\/maismagazine.pt\/#\/schema\/person\/999bd426f894ff56d397ec12ebd21ebb\",\"name\":\"Jo\u00e3o Malainho\",\"image\":{\"@type\":\"ImageObject\",\"inLanguage\":\"pt-PT\",\"@id\":\"http:\/\/maismagazine.pt\/#\/schema\/person\/image\/\",\"url\":\"https:\/\/secure.gravatar.com\/avatar\/ff03c2f38edf60b2a827aa4f74878491?s=96&d=mm&r=g\",\"contentUrl\":\"https:\/\/secure.gravatar.com\/avatar\/ff03c2f38edf60b2a827aa4f74878491?s=96&d=mm&r=g\",\"caption\":\"Jo\u00e3o Malainho\"},\"url\":\"http:\/\/maismagazine.pt\/index.php\/author\/maismagazine\/\"}]}<\/script>\n<!-- \/ Yoast SEO plugin. -->","yoast_head_json":{"title":"Esta\u00e7\u00e3o N\u00e1utica de Sines: a alavanca para \u201ca afirma\u00e7\u00e3o do turismo n\u00e1utico de qualidade em Portugal\u201d - Mais Magazine","description":"Sines","robots":{"index":"index","follow":"follow","max-snippet":"max-snippet:-1","max-image-preview":"max-image-preview:large","max-video-preview":"max-video-preview:-1"},"canonical":"http:\/\/maismagazine.pt\/index.php\/2022\/07\/15\/estacao-nautica-de-sines-a-alavanca-para-a-afirmacao-do-turismo-nautico-de-qualidade-em-portugal\/","og_locale":"pt_PT","og_type":"article","og_title":"Esta\u00e7\u00e3o N\u00e1utica de Sines: a alavanca para \u201ca afirma\u00e7\u00e3o do turismo n\u00e1utico de qualidade em Portugal\u201d - Mais Magazine","og_description":"Sines","og_url":"http:\/\/maismagazine.pt\/index.php\/2022\/07\/15\/estacao-nautica-de-sines-a-alavanca-para-a-afirmacao-do-turismo-nautico-de-qualidade-em-portugal\/","og_site_name":"Mais Magazine","article_published_time":"2022-07-15T06:00:00+00:00","og_image":[{"width":2560,"height":1796,"url":"http:\/\/maismagazine.pt\/wp-content\/uploads\/2022\/07\/202105011_porto-de-recreio-scaled.jpg","type":"image\/jpeg"}],"author":"Jo\u00e3o Malainho","twitter_card":"summary_large_image","twitter_misc":{"Escrito por":false,"Tempo estimado de leitura":"3 minutos"},"schema":{"@context":"https:\/\/schema.org","@graph":[{"@type":"Article","@id":"http:\/\/maismagazine.pt\/index.php\/2022\/07\/15\/estacao-nautica-de-sines-a-alavanca-para-a-afirmacao-do-turismo-nautico-de-qualidade-em-portugal\/#article","isPartOf":{"@id":"http:\/\/maismagazine.pt\/index.php\/2022\/07\/15\/estacao-nautica-de-sines-a-alavanca-para-a-afirmacao-do-turismo-nautico-de-qualidade-em-portugal\/"},"author":{"name":"Jo\u00e3o Malainho","@id":"http:\/\/maismagazine.pt\/#\/schema\/person\/999bd426f894ff56d397ec12ebd21ebb"},"headline":"Esta\u00e7\u00e3o N\u00e1utica de Sines: a alavanca para \u201ca afirma\u00e7\u00e3o do turismo n\u00e1utico de qualidade em Portugal\u201d","datePublished":"2022-07-15T06:00:00+00:00","mainEntityOfPage":{"@id":"http:\/\/maismagazine.pt\/index.php\/2022\/07\/15\/estacao-nautica-de-sines-a-alavanca-para-a-afirmacao-do-turismo-nautico-de-qualidade-em-portugal\/"},"wordCount":705,"commentCount":0,"publisher":{"@id":"http:\/\/maismagazine.pt\/#organization"},"image":{"@id":"http:\/\/maismagazine.pt\/index.php\/2022\/07\/15\/estacao-nautica-de-sines-a-alavanca-para-a-afirmacao-do-turismo-nautico-de-qualidade-em-portugal\/#primaryimage"},"thumbnailUrl":"http:\/\/maismagazine.pt\/wp-content\/uploads\/2022\/07\/202105011_porto-de-recreio-scaled.jpg","keywords":["Esta\u00e7\u00e3o N\u00e1utica","Sines","Turismo"],"articleSection":["Turismo | Vinhos | Gastronomia"],"inLanguage":"pt-PT","potentialAction":[{"@type":"CommentAction","name":"Comment","target":["http:\/\/maismagazine.pt\/index.php\/2022\/07\/15\/estacao-nautica-de-sines-a-alavanca-para-a-afirmacao-do-turismo-nautico-de-qualidade-em-portugal\/#respond"]}]},{"@type":"WebPage","@id":"http:\/\/maismagazine.pt\/index.php\/2022\/07\/15\/estacao-nautica-de-sines-a-alavanca-para-a-afirmacao-do-turismo-nautico-de-qualidade-em-portugal\/","url":"http:\/\/maismagazine.pt\/index.php\/2022\/07\/15\/estacao-nautica-de-sines-a-alavanca-para-a-afirmacao-do-turismo-nautico-de-qualidade-em-portugal\/","name":"Esta\u00e7\u00e3o N\u00e1utica de Sines: a alavanca para \u201ca afirma\u00e7\u00e3o do turismo n\u00e1utico de qualidade em Portugal\u201d - Mais Magazine","isPartOf":{"@id":"http:\/\/maismagazine.pt\/#website"},"primaryImageOfPage":{"@id":"http:\/\/maismagazine.pt\/index.php\/2022\/07\/15\/estacao-nautica-de-sines-a-alavanca-para-a-afirmacao-do-turismo-nautico-de-qualidade-em-portugal\/#primaryimage"},"image":{"@id":"http:\/\/maismagazine.pt\/index.php\/2022\/07\/15\/estacao-nautica-de-sines-a-alavanca-para-a-afirmacao-do-turismo-nautico-de-qualidade-em-portugal\/#primaryimage"},"thumbnailUrl":"http:\/\/maismagazine.pt\/wp-content\/uploads\/2022\/07\/202105011_porto-de-recreio-scaled.jpg","datePublished":"2022-07-15T06:00:00+00:00","description":"Sines","breadcrumb":{"@id":"http:\/\/maismagazine.pt\/index.php\/2022\/07\/15\/estacao-nautica-de-sines-a-alavanca-para-a-afirmacao-do-turismo-nautico-de-qualidade-em-portugal\/#breadcrumb"},"inLanguage":"pt-PT","potentialAction":[{"@type":"ReadAction","target":["http:\/\/maismagazine.pt\/index.php\/2022\/07\/15\/estacao-nautica-de-sines-a-alavanca-para-a-afirmacao-do-turismo-nautico-de-qualidade-em-portugal\/"]}]},{"@type":"ImageObject","inLanguage":"pt-PT","@id":"http:\/\/maismagazine.pt\/index.php\/2022\/07\/15\/estacao-nautica-de-sines-a-alavanca-para-a-afirmacao-do-turismo-nautico-de-qualidade-em-portugal\/#primaryimage","url":"http:\/\/maismagazine.pt\/wp-content\/uploads\/2022\/07\/202105011_porto-de-recreio-scaled.jpg","contentUrl":"http:\/\/maismagazine.pt\/wp-content\/uploads\/2022\/07\/202105011_porto-de-recreio-scaled.jpg","width":2560,"height":1796},{"@type":"BreadcrumbList","@id":"http:\/\/maismagazine.pt\/index.php\/2022\/07\/15\/estacao-nautica-de-sines-a-alavanca-para-a-afirmacao-do-turismo-nautico-de-qualidade-em-portugal\/#breadcrumb","itemListElement":[{"@type":"ListItem","position":1,"name":"Home","item":"http:\/\/maismagazine.pt\/"},{"@type":"ListItem","position":2,"name":"Esta\u00e7\u00e3o N\u00e1utica de Sines: a alavanca para \u201ca afirma\u00e7\u00e3o do turismo n\u00e1utico de qualidade em Portugal\u201d"}]},{"@type":"WebSite","@id":"http:\/\/maismagazine.pt\/#website","url":"http:\/\/maismagazine.pt\/","name":"Mais Magazine","description":"","publisher":{"@id":"http:\/\/maismagazine.pt\/#organization"},"potentialAction":[{"@type":"SearchAction","target":{"@type":"EntryPoint","urlTemplate":"http:\/\/maismagazine.pt\/?s={search_term_string}"},"query-input":{"@type":"PropertyValueSpecification","valueRequired":true,"valueName":"search_term_string"}}],"inLanguage":"pt-PT"},{"@type":"Organization","@id":"http:\/\/maismagazine.pt\/#organization","name":"Mais Magazine","url":"http:\/\/maismagazine.pt\/","logo":{"@type":"ImageObject","inLanguage":"pt-PT","@id":"http:\/\/maismagazine.pt\/#\/schema\/logo\/image\/","url":"http:\/\/maismagazine.pt\/wp-content\/uploads\/2020\/04\/cropped-cropped-mais-magazine-site-logo-2.png","contentUrl":"http:\/\/maismagazine.pt\/wp-content\/uploads\/2020\/04\/cropped-cropped-mais-magazine-site-logo-2.png","width":581,"height":90,"caption":"Mais Magazine"},"image":{"@id":"http:\/\/maismagazine.pt\/#\/schema\/logo\/image\/"}},{"@type":"Person","@id":"http:\/\/maismagazine.pt\/#\/schema\/person\/999bd426f894ff56d397ec12ebd21ebb","name":"Jo\u00e3o Malainho","image":{"@type":"ImageObject","inLanguage":"pt-PT","@id":"http:\/\/maismagazine.pt\/#\/schema\/person\/image\/","url":"https:\/\/secure.gravatar.com\/avatar\/ff03c2f38edf60b2a827aa4f74878491?s=96&d=mm&r=g","contentUrl":"https:\/\/secure.gravatar.com\/avatar\/ff03c2f38edf60b2a827aa4f74878491?s=96&d=mm&r=g","caption":"Jo\u00e3o Malainho"},"url":"http:\/\/maismagazine.pt\/index.php\/author\/maismagazine\/"}]}},"author_meta":{"display_name":false,"author_link":"http:\/\/maismagazine.pt\/index.php\/author\/maismagazine\/"},"featured_img":"http:\/\/maismagazine.pt\/wp-content\/uploads\/2022\/07\/202105011_porto-de-recreio-300x210.jpg","coauthors":[],"tax_additional":{"categories":{"linked":["<a href=\"http:\/\/maismagazine.pt\/index.php\/category\/turismo-restaurantes\/\" class=\"advgb-post-tax-term\">Turismo | Vinhos | Gastronomia<\/a>"],"unlinked":["<span class=\"advgb-post-tax-term\">Turismo | Vinhos | Gastronomia<\/span>"]},"tags":{"linked":["<a href=\"http:\/\/maismagazine.pt\/index.php\/category\/turismo-restaurantes\/\" class=\"advgb-post-tax-term\">Esta\u00e7\u00e3o N\u00e1utica<\/a>","<a href=\"http:\/\/maismagazine.pt\/index.php\/category\/turismo-restaurantes\/\" class=\"advgb-post-tax-term\">Sines<\/a>","<a href=\"http:\/\/maismagazine.pt\/index.php\/category\/turismo-restaurantes\/\" class=\"advgb-post-tax-term\">Turismo<\/a>"],"unlinked":["<span class=\"advgb-post-tax-term\">Esta\u00e7\u00e3o N\u00e1utica<\/span>","<span class=\"advgb-post-tax-term\">Sines<\/span>","<span class=\"advgb-post-tax-term\">Turismo<\/span>"]}},"comment_count":"0","relative_dates":{"created":"Posted 4 anos ago","modified":"Updated 4 anos ago"},"absolute_dates":{"created":"Posted on 15 de Julho, 2022","modified":"Updated on 11 de Julho, 2022"},"absolute_dates_time":{"created":"Posted on 15 de Julho, 2022 7:00","modified":"Updated on 11 de Julho, 2022 11:30"},"featured_img_caption":"","series_order":"","_links":{"self":[{"href":"http:\/\/maismagazine.pt\/index.php\/wp-json\/wp\/v2\/posts\/3785","targetHints":{"allow":["GET"]}}],"collection":[{"href":"http:\/\/maismagazine.pt\/index.php\/wp-json\/wp\/v2\/posts"}],"about":[{"href":"http:\/\/maismagazine.pt\/index.php\/wp-json\/wp\/v2\/types\/post"}],"author":[{"embeddable":true,"href":"http:\/\/maismagazine.pt\/index.php\/wp-json\/wp\/v2\/users\/7"}],"replies":[{"embeddable":true,"href":"http:\/\/maismagazine.pt\/index.php\/wp-json\/wp\/v2\/comments?post=3785"}],"version-history":[{"count":1,"href":"http:\/\/maismagazine.pt\/index.php\/wp-json\/wp\/v2\/posts\/3785\/revisions"}],"predecessor-version":[{"id":3815,"href":"http:\/\/maismagazine.pt\/index.php\/wp-json\/wp\/v2\/posts\/3785\/revisions\/3815"}],"wp:featuredmedia":[{"embeddable":true,"href":"http:\/\/maismagazine.pt\/index.php\/wp-json\/wp\/v2\/media\/3814"}],"wp:attachment":[{"href":"http:\/\/maismagazine.pt\/index.php\/wp-json\/wp\/v2\/media?parent=3785"}],"wp:term":[{"taxonomy":"category","embeddable":true,"href":"http:\/\/maismagazine.pt\/index.php\/wp-json\/wp\/v2\/categories?post=3785"},{"taxonomy":"post_tag","embeddable":true,"href":"http:\/\/maismagazine.pt\/index.php\/wp-json\/wp\/v2\/tags?post=3785"}],"curies":[{"name":"wp","href":"https:\/\/api.w.org\/{rel}","templated":true}]}}