{"id":3753,"date":"2022-07-15T07:00:00","date_gmt":"2022-07-15T06:00:00","guid":{"rendered":"http:\/\/maismagazine.pt\/?p=3753"},"modified":"2022-07-11T10:31:55","modified_gmt":"2022-07-11T09:31:55","slug":"a-formacao-e-a-inovacao-pedagogica-sao-o-pilar-distintivo-do-ipvc","status":"publish","type":"post","link":"http:\/\/maismagazine.pt\/index.php\/2022\/07\/15\/a-formacao-e-a-inovacao-pedagogica-sao-o-pilar-distintivo-do-ipvc\/","title":{"rendered":"A \u201cforma\u00e7\u00e3o e a inova\u00e7\u00e3o pedag\u00f3gica s\u00e3o o pilar\u201d distintivo do IPVC"},"content":{"rendered":"\n<p><strong>O Instituto Polit\u00e9cnico de Viana do Castelo (IPVC) \u00e9 uma institui\u00e7\u00e3o de ensino superior que integra seis escolas, distribu\u00eddas pelos munic\u00edpios de Viana do Castelo, Ponte de Lima, Valen\u00e7a e Melga\u00e7o. Em todas elas, o objetivo \u00e9 construir uma oferta formativa de m\u00e3os dadas \u00e0s necessidades \u201cdo territ\u00f3rio e respetivo tecido empresarial\u201d<\/strong>.<\/p>\n\n\n\n<p><\/p>\n\n\n\n<p>Foi na regi\u00e3o do Minho, caraterizada pelos seus trajes vianenses e pela devo\u00e7\u00e3o dos pescadores \u00e0 Senhora da Agonia, que nasceu o <a href=\"https:\/\/www.ipvc.pt\/\" target=\"_blank\" rel=\"noreferrer noopener\">Instituto<\/a> Polit\u00e9cnico de Viana do Castelo. Hoje em dia, passados anos de hist\u00f3ria do ensino \u201cde elevada qualidade\u201d, o pilar essencial continua a ser \u201ca forma\u00e7\u00e3o e a inova\u00e7\u00e3o pedag\u00f3gica\u201d, como relata Carlos Manuel Rodrigues, presidente desta institui\u00e7\u00e3o. Al\u00e9m desses motores diferenciadores, o pr\u00f3prio elenca tamb\u00e9m o \u201ctrabalho que est\u00e1 a ser desenvolvido para a implementa\u00e7\u00e3o de novas abordagens pedag\u00f3gicas, como por exemplo a aprendizagem baseada em projeto, os processos de cocria\u00e7\u00e3o e design thin-king, a aprendizagem-servi\u00e7o e a gamifica\u00e7\u00e3o, bem como o desenvolvimento de percursos de forma\u00e7\u00e3o flex\u00edveis, a imers\u00e3o em contextos de pr\u00e1tica profissional, de investiga\u00e7\u00e3o e de internacionaliza\u00e7\u00e3o, que ali\u00e1s, j\u00e1 est\u00e3o em curso.\u201d<\/p>\n\n\n\n<p><\/p>\n\n\n\n<p>Em termos de oferta formativa, o desejo do IPVC \u00e9 construir op\u00e7\u00f5es que v\u00e3o ao encontro dos \u201canseios e necessidades do territ\u00f3rio e do tecido empresarial, nomeadamente atrav\u00e9s da cria\u00e7\u00e3o de CTeSP, em \u00e1reas estrat\u00e9gicas iden-tificadas, em parceria com os diversos agentes\u201d da regi\u00e3o. Tamb\u00e9m com vista \u00e0 concretiza\u00e7\u00e3o desse objetivo, recentemente, o instituto assinou uma \u201ccoopera\u00e7\u00e3o in\u00e9dita\u201d com a UTAD, \u201cque ir\u00e1 permitir a realiza\u00e7\u00e3o de orienta\u00e7\u00e3o cient\u00edfica de projetos de doutoramento, entre professores e investigadores das duas institui\u00e7\u00f5es\u201d. Este \u201cmarco hist\u00f3rico\u201d vai desenvolver ambos os territ\u00f3rios, porque estes \u201cprojetos ter\u00e3o como foco a resolu\u00e7\u00e3o dos seus problemas, a potencia\u00e7\u00e3o das oportunidades\u201d, al\u00e9m de simultaneamente serem aproveitados como \u201cve\u00edculos da inova\u00e7\u00e3o\u201d.<\/p>\n\n\n\n<p><\/p>\n\n\n\n<p>A par disso, a investiga\u00e7\u00e3o do instituto est\u00e1 orientada para setores estrat\u00e9gicos de desenvolvimento da regi\u00e3o, nomeadamente para a economia Azul, para o setor agroalimentar e autom\u00f3vel. Nesta vertente, o Polit\u00e9cnico \u201cdeu um importante passo, atrav\u00e9s da consolida\u00e7\u00e3o das unidades de investiga\u00e7\u00e3o, que foram aprovadas pelas FCT (CISAS e Prometheus), da prepara\u00e7\u00e3o de candidatura para duas novas unidades de investiga\u00e7\u00e3o (adit lab e Sprint) e do refor\u00e7o de investigadores e bolseiros\u201d. O reconhecimento desta \u00e1rea \u00e9 anualmente reconhecida e traduz-se na atribui\u00e7\u00e3o de pr\u00e9mios a docentes, como por exemplo o \u201cPr\u00e9mio de Produtividade Cient\u00edfica e o Pr\u00e9mio de Est\u00edmulo \u00e0 Transfer\u00eancia de I&amp;D\u201d; em resultados, com o crescimento de \u201cartigos cient\u00edficos indexados publicados e no financiamento a projetos\u201d, mas tamb\u00e9m em participa\u00e7\u00f5es com \u201cestruturas de extens\u00e3o, tais como o DataCoLab, o CITIN e o CISAS-NUTRIR, que ajudam a fixar no territ\u00f3rio cerca de uma centena de recursos humanos altamente qualificados\u201d. <\/p>\n\n\n\n<p><\/p>\n\n\n\n<p>Aliado \u00e0 investiga\u00e7\u00e3o, este estabelecimento de <a href=\"https:\/\/maismagazine.pt\/index.php\/category\/educacao\/\" target=\"_blank\" rel=\"noreferrer noopener\">ensino<\/a> procura refor\u00e7ar as suas \u201cparcerias internacionais\u201d. Carlos Manuel Rodrigues destaca, por exemplo, a alian\u00e7a feita com a \u201cAm\u00e9rica Central, Brasil e Cabo Verde, onde foram assinados protocolos de coopera\u00e7\u00e3o com sete munic\u00edpios\u201d. O mesmo revela que estas iniciativas permitem o \u201ccrescimento assinal\u00e1vel do n\u00famero de estudantes internacionais, em mais de 200 por cento, e no preenchimento quase total das vagas dispon\u00edveis, apenas na primeira fase de candidatura\u201d. Neste sentido, o Presidente adianta que \u201ca curto e m\u00e9dio prazo\u201d a inten\u00e7\u00e3o passa por criar \u201cduplas titula\u00e7\u00f5es com institui\u00e7\u00f5es de Ensino Superior Brasileiras, desenvolver projetos de investiga\u00e7\u00e3o conjuntos, bem como a integra\u00e7\u00e3o na rede de universidades europeias, o refor\u00e7o da coopera\u00e7\u00e3o com os PLOP e o aumento do n\u00famero de alunos internacionais\u201d.<\/p>\n\n\n\n<div class=\"wp-block-image\"><figure class=\"aligncenter size-large\"><img loading=\"lazy\" decoding=\"async\" width=\"1024\" height=\"683\" src=\"http:\/\/maismagazine.pt\/wp-content\/uploads\/2022\/07\/ESDL-1024x683.jpg\" alt=\"\" class=\"wp-image-3756\" srcset=\"http:\/\/maismagazine.pt\/wp-content\/uploads\/2022\/07\/ESDL-1024x683.jpg 1024w, http:\/\/maismagazine.pt\/wp-content\/uploads\/2022\/07\/ESDL-300x200.jpg 300w, http:\/\/maismagazine.pt\/wp-content\/uploads\/2022\/07\/ESDL-768x512.jpg 768w, http:\/\/maismagazine.pt\/wp-content\/uploads\/2022\/07\/ESDL-1536x1024.jpg 1536w, http:\/\/maismagazine.pt\/wp-content\/uploads\/2022\/07\/ESDL-2048x1365.jpg 2048w, http:\/\/maismagazine.pt\/wp-content\/uploads\/2022\/07\/ESDL-150x100.jpg 150w\" sizes=\"auto, (max-width: 1024px) 100vw, 1024px\" \/><figcaption>ESDL<\/figcaption><\/figure><\/div>\n\n\n\n<p><strong>Solu\u00e7\u00f5es para a atratividade e competitividade da Engenharia Civil<\/strong><br>Durante a conversa com a Mais Magazine, o respons\u00e1vel por este instituto falou \u201cda falta de profissionais na \u00e1rea da Engenharia Civil e do Ambiente e o aumento dos pre\u00e7os da mat\u00e9ria-prima\u201d, duas das \u201cpreocupa\u00e7\u00f5es\u201d que assolam o mercado, diariamente. Nesta sequ\u00eancia, a solu\u00e7\u00e3o do IPVC passa pela realiza\u00e7\u00e3o cont\u00ednua de parcerias, \u201centre a academia e as empresas do setor, no \u00e2mbito do CTeSP de Constru\u00e7\u00e3o e Reabilita\u00e7\u00e3o, da Licenciatura em Engenharia Civil e do Ambiente e do Mestrado em Engenharia Civil e do Ambiente, at\u00e9 porque h\u00e1 necessidade de profissionais\u201d.<\/p>\n\n\n\n<p><\/p>\n\n\n\n<p>Questionado sobre o futuro desta institui\u00e7\u00e3o de ensino, Carlos Manuel Rodrigues salienta a \u201corganiza\u00e7\u00e3o da Final dos Campeonatos Nacionais de Desporto Universit\u00e1rio em 2023\u201d, o investimento na \u201cconstru\u00e7\u00e3o de novas resid\u00eancias\u201d e a concretiza\u00e7\u00e3o de \u201cprojetos de constru\u00e7\u00e3o para edif\u00edcios de investiga\u00e7\u00e3o. J\u00e1 a \u201ccurto e a m\u00e9dio prazo\u201d o intuito passa pela consolida\u00e7\u00e3o \u201cdo projeto BAITS, financiado no \u00e2mbito do Plano de Recupera\u00e7\u00e3o e Resili\u00eancia (PRR), que ser\u00e1 fundamental para a implementa\u00e7\u00e3o da estrat\u00e9gia de inova\u00e7\u00e3o pedag\u00f3gica e para o desenvolvimento de uma Unidade de Ensino \u00e0 Dist\u00e2ncia.\u201d<\/p>\n\n\n\n<p><\/p>\n\n\n\n<p><\/p>\n","protected":false},"excerpt":{"rendered":"<p>O Instituto Polit\u00e9cnico de Viana do Castelo (IPVC) \u00e9 uma institui\u00e7\u00e3o de ensino superior que integra seis escolas, distribu\u00eddas pelos munic\u00edpios de Viana do Castelo, Ponte de Lima, Valen\u00e7a e Melga\u00e7o. Em todas elas, o objetivo \u00e9 construir uma oferta formativa de m\u00e3os dadas \u00e0s necessidades \u201cdo territ\u00f3rio e respetivo&hellip;<\/p>\n","protected":false},"author":7,"featured_media":3755,"comment_status":"open","ping_status":"open","sticky":false,"template":"","format":"standard","meta":{"advgb_blocks_editor_width":"","advgb_blocks_columns_visual_guide":"","_monsterinsights_skip_tracking":false,"_monsterinsights_sitenote_active":false,"_monsterinsights_sitenote_note":"","_monsterinsights_sitenote_category":0,"footnotes":""},"categories":[149],"tags":[244,521,836],"class_list":["post-3753","post","type-post","status-publish","format-standard","has-post-thumbnail","hentry","category-educacao","tag-engenharia","tag-ensino","tag-ipvc"],"yoast_head":"<!-- This site is optimized with the Yoast SEO plugin v24.4 - https:\/\/yoast.com\/wordpress\/plugins\/seo\/ -->\n<title>A \u201cforma\u00e7\u00e3o e a inova\u00e7\u00e3o pedag\u00f3gica s\u00e3o o pilar\u201d distintivo do IPVC - Mais Magazine<\/title>\n<meta name=\"description\" content=\"O IPVC \u00e9 uma institui\u00e7\u00e3o de ensino superior que integra seis escolas, distribu\u00eddas por diversos munic\u00edpios.\" \/>\n<meta name=\"robots\" content=\"index, follow, max-snippet:-1, max-image-preview:large, max-video-preview:-1\" \/>\n<link rel=\"canonical\" href=\"http:\/\/maismagazine.pt\/index.php\/2022\/07\/15\/a-formacao-e-a-inovacao-pedagogica-sao-o-pilar-distintivo-do-ipvc\/\" \/>\n<meta property=\"og:locale\" content=\"pt_PT\" \/>\n<meta property=\"og:type\" content=\"article\" \/>\n<meta property=\"og:title\" content=\"A \u201cforma\u00e7\u00e3o e a inova\u00e7\u00e3o pedag\u00f3gica s\u00e3o o pilar\u201d distintivo do IPVC - Mais Magazine\" \/>\n<meta property=\"og:description\" content=\"O IPVC \u00e9 uma institui\u00e7\u00e3o de ensino superior que integra seis escolas, distribu\u00eddas por diversos munic\u00edpios.\" \/>\n<meta property=\"og:url\" content=\"http:\/\/maismagazine.pt\/index.php\/2022\/07\/15\/a-formacao-e-a-inovacao-pedagogica-sao-o-pilar-distintivo-do-ipvc\/\" \/>\n<meta property=\"og:site_name\" content=\"Mais Magazine\" \/>\n<meta property=\"article:published_time\" content=\"2022-07-15T06:00:00+00:00\" \/>\n<meta property=\"og:image\" content=\"http:\/\/maismagazine.pt\/wp-content\/uploads\/2022\/07\/presidente-IPVC-1024x953.jpg\" \/>\n\t<meta property=\"og:image:width\" content=\"1024\" \/>\n\t<meta property=\"og:image:height\" content=\"953\" \/>\n\t<meta property=\"og:image:type\" content=\"image\/jpeg\" \/>\n<meta name=\"author\" content=\"Jo\u00e3o Malainho\" \/>\n<meta name=\"twitter:card\" content=\"summary_large_image\" \/>\n<meta name=\"twitter:label1\" content=\"Escrito por\" \/>\n\t<meta name=\"twitter:data1\" content=\"\" \/>\n\t<meta name=\"twitter:label2\" content=\"Tempo estimado de leitura\" \/>\n\t<meta name=\"twitter:data2\" content=\"4 minutos\" \/>\n<script type=\"application\/ld+json\" class=\"yoast-schema-graph\">{\"@context\":\"https:\/\/schema.org\",\"@graph\":[{\"@type\":\"Article\",\"@id\":\"http:\/\/maismagazine.pt\/index.php\/2022\/07\/15\/a-formacao-e-a-inovacao-pedagogica-sao-o-pilar-distintivo-do-ipvc\/#article\",\"isPartOf\":{\"@id\":\"http:\/\/maismagazine.pt\/index.php\/2022\/07\/15\/a-formacao-e-a-inovacao-pedagogica-sao-o-pilar-distintivo-do-ipvc\/\"},\"author\":{\"name\":\"Jo\u00e3o Malainho\",\"@id\":\"https:\/\/maismagazine.pt\/#\/schema\/person\/999bd426f894ff56d397ec12ebd21ebb\"},\"headline\":\"A \u201cforma\u00e7\u00e3o e a inova\u00e7\u00e3o pedag\u00f3gica s\u00e3o o pilar\u201d distintivo do IPVC\",\"datePublished\":\"2022-07-15T06:00:00+00:00\",\"mainEntityOfPage\":{\"@id\":\"http:\/\/maismagazine.pt\/index.php\/2022\/07\/15\/a-formacao-e-a-inovacao-pedagogica-sao-o-pilar-distintivo-do-ipvc\/\"},\"wordCount\":892,\"commentCount\":0,\"publisher\":{\"@id\":\"https:\/\/maismagazine.pt\/#organization\"},\"image\":{\"@id\":\"http:\/\/maismagazine.pt\/index.php\/2022\/07\/15\/a-formacao-e-a-inovacao-pedagogica-sao-o-pilar-distintivo-do-ipvc\/#primaryimage\"},\"thumbnailUrl\":\"http:\/\/maismagazine.pt\/wp-content\/uploads\/2022\/07\/presidente-IPVC.jpg\",\"keywords\":[\"Engenharia\",\"Ensino\",\"IPVC\"],\"articleSection\":[\"Educa\u00e7\u00e3o\"],\"inLanguage\":\"pt-PT\",\"potentialAction\":[{\"@type\":\"CommentAction\",\"name\":\"Comment\",\"target\":[\"http:\/\/maismagazine.pt\/index.php\/2022\/07\/15\/a-formacao-e-a-inovacao-pedagogica-sao-o-pilar-distintivo-do-ipvc\/#respond\"]}]},{\"@type\":\"WebPage\",\"@id\":\"http:\/\/maismagazine.pt\/index.php\/2022\/07\/15\/a-formacao-e-a-inovacao-pedagogica-sao-o-pilar-distintivo-do-ipvc\/\",\"url\":\"http:\/\/maismagazine.pt\/index.php\/2022\/07\/15\/a-formacao-e-a-inovacao-pedagogica-sao-o-pilar-distintivo-do-ipvc\/\",\"name\":\"A \u201cforma\u00e7\u00e3o e a inova\u00e7\u00e3o pedag\u00f3gica s\u00e3o o pilar\u201d distintivo do IPVC - Mais Magazine\",\"isPartOf\":{\"@id\":\"https:\/\/maismagazine.pt\/#website\"},\"primaryImageOfPage\":{\"@id\":\"http:\/\/maismagazine.pt\/index.php\/2022\/07\/15\/a-formacao-e-a-inovacao-pedagogica-sao-o-pilar-distintivo-do-ipvc\/#primaryimage\"},\"image\":{\"@id\":\"http:\/\/maismagazine.pt\/index.php\/2022\/07\/15\/a-formacao-e-a-inovacao-pedagogica-sao-o-pilar-distintivo-do-ipvc\/#primaryimage\"},\"thumbnailUrl\":\"http:\/\/maismagazine.pt\/wp-content\/uploads\/2022\/07\/presidente-IPVC.jpg\",\"datePublished\":\"2022-07-15T06:00:00+00:00\",\"description\":\"O IPVC \u00e9 uma institui\u00e7\u00e3o de ensino superior que integra seis escolas, distribu\u00eddas por diversos munic\u00edpios.\",\"breadcrumb\":{\"@id\":\"http:\/\/maismagazine.pt\/index.php\/2022\/07\/15\/a-formacao-e-a-inovacao-pedagogica-sao-o-pilar-distintivo-do-ipvc\/#breadcrumb\"},\"inLanguage\":\"pt-PT\",\"potentialAction\":[{\"@type\":\"ReadAction\",\"target\":[\"http:\/\/maismagazine.pt\/index.php\/2022\/07\/15\/a-formacao-e-a-inovacao-pedagogica-sao-o-pilar-distintivo-do-ipvc\/\"]}]},{\"@type\":\"ImageObject\",\"inLanguage\":\"pt-PT\",\"@id\":\"http:\/\/maismagazine.pt\/index.php\/2022\/07\/15\/a-formacao-e-a-inovacao-pedagogica-sao-o-pilar-distintivo-do-ipvc\/#primaryimage\",\"url\":\"http:\/\/maismagazine.pt\/wp-content\/uploads\/2022\/07\/presidente-IPVC.jpg\",\"contentUrl\":\"http:\/\/maismagazine.pt\/wp-content\/uploads\/2022\/07\/presidente-IPVC.jpg\",\"width\":2039,\"height\":1898},{\"@type\":\"BreadcrumbList\",\"@id\":\"http:\/\/maismagazine.pt\/index.php\/2022\/07\/15\/a-formacao-e-a-inovacao-pedagogica-sao-o-pilar-distintivo-do-ipvc\/#breadcrumb\",\"itemListElement\":[{\"@type\":\"ListItem\",\"position\":1,\"name\":\"Home\",\"item\":\"https:\/\/maismagazine.pt\/\"},{\"@type\":\"ListItem\",\"position\":2,\"name\":\"A \u201cforma\u00e7\u00e3o e a inova\u00e7\u00e3o pedag\u00f3gica s\u00e3o o pilar\u201d distintivo do IPVC\"}]},{\"@type\":\"WebSite\",\"@id\":\"https:\/\/maismagazine.pt\/#website\",\"url\":\"https:\/\/maismagazine.pt\/\",\"name\":\"Mais Magazine\",\"description\":\"\",\"publisher\":{\"@id\":\"https:\/\/maismagazine.pt\/#organization\"},\"potentialAction\":[{\"@type\":\"SearchAction\",\"target\":{\"@type\":\"EntryPoint\",\"urlTemplate\":\"https:\/\/maismagazine.pt\/?s={search_term_string}\"},\"query-input\":{\"@type\":\"PropertyValueSpecification\",\"valueRequired\":true,\"valueName\":\"search_term_string\"}}],\"inLanguage\":\"pt-PT\"},{\"@type\":\"Organization\",\"@id\":\"https:\/\/maismagazine.pt\/#organization\",\"name\":\"Mais Magazine\",\"url\":\"https:\/\/maismagazine.pt\/\",\"logo\":{\"@type\":\"ImageObject\",\"inLanguage\":\"pt-PT\",\"@id\":\"https:\/\/maismagazine.pt\/#\/schema\/logo\/image\/\",\"url\":\"http:\/\/maismagazine.pt\/wp-content\/uploads\/2020\/04\/cropped-cropped-mais-magazine-site-logo-2.png\",\"contentUrl\":\"http:\/\/maismagazine.pt\/wp-content\/uploads\/2020\/04\/cropped-cropped-mais-magazine-site-logo-2.png\",\"width\":581,\"height\":90,\"caption\":\"Mais Magazine\"},\"image\":{\"@id\":\"https:\/\/maismagazine.pt\/#\/schema\/logo\/image\/\"}},{\"@type\":\"Person\",\"@id\":\"https:\/\/maismagazine.pt\/#\/schema\/person\/999bd426f894ff56d397ec12ebd21ebb\",\"name\":\"Jo\u00e3o Malainho\",\"image\":{\"@type\":\"ImageObject\",\"inLanguage\":\"pt-PT\",\"@id\":\"https:\/\/maismagazine.pt\/#\/schema\/person\/image\/\",\"url\":\"https:\/\/secure.gravatar.com\/avatar\/ff03c2f38edf60b2a827aa4f74878491?s=96&d=mm&r=g\",\"contentUrl\":\"https:\/\/secure.gravatar.com\/avatar\/ff03c2f38edf60b2a827aa4f74878491?s=96&d=mm&r=g\",\"caption\":\"Jo\u00e3o Malainho\"},\"url\":\"http:\/\/maismagazine.pt\/index.php\/author\/maismagazine\/\"}]}<\/script>\n<!-- \/ Yoast SEO plugin. -->","yoast_head_json":{"title":"A \u201cforma\u00e7\u00e3o e a inova\u00e7\u00e3o pedag\u00f3gica s\u00e3o o pilar\u201d distintivo do IPVC - Mais Magazine","description":"O IPVC \u00e9 uma institui\u00e7\u00e3o de ensino superior que integra seis escolas, distribu\u00eddas por diversos munic\u00edpios.","robots":{"index":"index","follow":"follow","max-snippet":"max-snippet:-1","max-image-preview":"max-image-preview:large","max-video-preview":"max-video-preview:-1"},"canonical":"http:\/\/maismagazine.pt\/index.php\/2022\/07\/15\/a-formacao-e-a-inovacao-pedagogica-sao-o-pilar-distintivo-do-ipvc\/","og_locale":"pt_PT","og_type":"article","og_title":"A \u201cforma\u00e7\u00e3o e a inova\u00e7\u00e3o pedag\u00f3gica s\u00e3o o pilar\u201d distintivo do IPVC - Mais Magazine","og_description":"O IPVC \u00e9 uma institui\u00e7\u00e3o de ensino superior que integra seis escolas, distribu\u00eddas por diversos munic\u00edpios.","og_url":"http:\/\/maismagazine.pt\/index.php\/2022\/07\/15\/a-formacao-e-a-inovacao-pedagogica-sao-o-pilar-distintivo-do-ipvc\/","og_site_name":"Mais Magazine","article_published_time":"2022-07-15T06:00:00+00:00","og_image":[{"width":1024,"height":953,"url":"http:\/\/maismagazine.pt\/wp-content\/uploads\/2022\/07\/presidente-IPVC-1024x953.jpg","type":"image\/jpeg"}],"author":"Jo\u00e3o Malainho","twitter_card":"summary_large_image","twitter_misc":{"Escrito por":false,"Tempo estimado de leitura":"4 minutos"},"schema":{"@context":"https:\/\/schema.org","@graph":[{"@type":"Article","@id":"http:\/\/maismagazine.pt\/index.php\/2022\/07\/15\/a-formacao-e-a-inovacao-pedagogica-sao-o-pilar-distintivo-do-ipvc\/#article","isPartOf":{"@id":"http:\/\/maismagazine.pt\/index.php\/2022\/07\/15\/a-formacao-e-a-inovacao-pedagogica-sao-o-pilar-distintivo-do-ipvc\/"},"author":{"name":"Jo\u00e3o Malainho","@id":"https:\/\/maismagazine.pt\/#\/schema\/person\/999bd426f894ff56d397ec12ebd21ebb"},"headline":"A \u201cforma\u00e7\u00e3o e a inova\u00e7\u00e3o pedag\u00f3gica s\u00e3o o pilar\u201d distintivo do IPVC","datePublished":"2022-07-15T06:00:00+00:00","mainEntityOfPage":{"@id":"http:\/\/maismagazine.pt\/index.php\/2022\/07\/15\/a-formacao-e-a-inovacao-pedagogica-sao-o-pilar-distintivo-do-ipvc\/"},"wordCount":892,"commentCount":0,"publisher":{"@id":"https:\/\/maismagazine.pt\/#organization"},"image":{"@id":"http:\/\/maismagazine.pt\/index.php\/2022\/07\/15\/a-formacao-e-a-inovacao-pedagogica-sao-o-pilar-distintivo-do-ipvc\/#primaryimage"},"thumbnailUrl":"http:\/\/maismagazine.pt\/wp-content\/uploads\/2022\/07\/presidente-IPVC.jpg","keywords":["Engenharia","Ensino","IPVC"],"articleSection":["Educa\u00e7\u00e3o"],"inLanguage":"pt-PT","potentialAction":[{"@type":"CommentAction","name":"Comment","target":["http:\/\/maismagazine.pt\/index.php\/2022\/07\/15\/a-formacao-e-a-inovacao-pedagogica-sao-o-pilar-distintivo-do-ipvc\/#respond"]}]},{"@type":"WebPage","@id":"http:\/\/maismagazine.pt\/index.php\/2022\/07\/15\/a-formacao-e-a-inovacao-pedagogica-sao-o-pilar-distintivo-do-ipvc\/","url":"http:\/\/maismagazine.pt\/index.php\/2022\/07\/15\/a-formacao-e-a-inovacao-pedagogica-sao-o-pilar-distintivo-do-ipvc\/","name":"A \u201cforma\u00e7\u00e3o e a inova\u00e7\u00e3o pedag\u00f3gica s\u00e3o o pilar\u201d distintivo do IPVC - Mais Magazine","isPartOf":{"@id":"https:\/\/maismagazine.pt\/#website"},"primaryImageOfPage":{"@id":"http:\/\/maismagazine.pt\/index.php\/2022\/07\/15\/a-formacao-e-a-inovacao-pedagogica-sao-o-pilar-distintivo-do-ipvc\/#primaryimage"},"image":{"@id":"http:\/\/maismagazine.pt\/index.php\/2022\/07\/15\/a-formacao-e-a-inovacao-pedagogica-sao-o-pilar-distintivo-do-ipvc\/#primaryimage"},"thumbnailUrl":"http:\/\/maismagazine.pt\/wp-content\/uploads\/2022\/07\/presidente-IPVC.jpg","datePublished":"2022-07-15T06:00:00+00:00","description":"O IPVC \u00e9 uma institui\u00e7\u00e3o de ensino superior que integra seis escolas, distribu\u00eddas por diversos munic\u00edpios.","breadcrumb":{"@id":"http:\/\/maismagazine.pt\/index.php\/2022\/07\/15\/a-formacao-e-a-inovacao-pedagogica-sao-o-pilar-distintivo-do-ipvc\/#breadcrumb"},"inLanguage":"pt-PT","potentialAction":[{"@type":"ReadAction","target":["http:\/\/maismagazine.pt\/index.php\/2022\/07\/15\/a-formacao-e-a-inovacao-pedagogica-sao-o-pilar-distintivo-do-ipvc\/"]}]},{"@type":"ImageObject","inLanguage":"pt-PT","@id":"http:\/\/maismagazine.pt\/index.php\/2022\/07\/15\/a-formacao-e-a-inovacao-pedagogica-sao-o-pilar-distintivo-do-ipvc\/#primaryimage","url":"http:\/\/maismagazine.pt\/wp-content\/uploads\/2022\/07\/presidente-IPVC.jpg","contentUrl":"http:\/\/maismagazine.pt\/wp-content\/uploads\/2022\/07\/presidente-IPVC.jpg","width":2039,"height":1898},{"@type":"BreadcrumbList","@id":"http:\/\/maismagazine.pt\/index.php\/2022\/07\/15\/a-formacao-e-a-inovacao-pedagogica-sao-o-pilar-distintivo-do-ipvc\/#breadcrumb","itemListElement":[{"@type":"ListItem","position":1,"name":"Home","item":"https:\/\/maismagazine.pt\/"},{"@type":"ListItem","position":2,"name":"A \u201cforma\u00e7\u00e3o e a inova\u00e7\u00e3o pedag\u00f3gica s\u00e3o o pilar\u201d distintivo do IPVC"}]},{"@type":"WebSite","@id":"https:\/\/maismagazine.pt\/#website","url":"https:\/\/maismagazine.pt\/","name":"Mais Magazine","description":"","publisher":{"@id":"https:\/\/maismagazine.pt\/#organization"},"potentialAction":[{"@type":"SearchAction","target":{"@type":"EntryPoint","urlTemplate":"https:\/\/maismagazine.pt\/?s={search_term_string}"},"query-input":{"@type":"PropertyValueSpecification","valueRequired":true,"valueName":"search_term_string"}}],"inLanguage":"pt-PT"},{"@type":"Organization","@id":"https:\/\/maismagazine.pt\/#organization","name":"Mais Magazine","url":"https:\/\/maismagazine.pt\/","logo":{"@type":"ImageObject","inLanguage":"pt-PT","@id":"https:\/\/maismagazine.pt\/#\/schema\/logo\/image\/","url":"http:\/\/maismagazine.pt\/wp-content\/uploads\/2020\/04\/cropped-cropped-mais-magazine-site-logo-2.png","contentUrl":"http:\/\/maismagazine.pt\/wp-content\/uploads\/2020\/04\/cropped-cropped-mais-magazine-site-logo-2.png","width":581,"height":90,"caption":"Mais Magazine"},"image":{"@id":"https:\/\/maismagazine.pt\/#\/schema\/logo\/image\/"}},{"@type":"Person","@id":"https:\/\/maismagazine.pt\/#\/schema\/person\/999bd426f894ff56d397ec12ebd21ebb","name":"Jo\u00e3o Malainho","image":{"@type":"ImageObject","inLanguage":"pt-PT","@id":"https:\/\/maismagazine.pt\/#\/schema\/person\/image\/","url":"https:\/\/secure.gravatar.com\/avatar\/ff03c2f38edf60b2a827aa4f74878491?s=96&d=mm&r=g","contentUrl":"https:\/\/secure.gravatar.com\/avatar\/ff03c2f38edf60b2a827aa4f74878491?s=96&d=mm&r=g","caption":"Jo\u00e3o Malainho"},"url":"http:\/\/maismagazine.pt\/index.php\/author\/maismagazine\/"}]}},"author_meta":{"display_name":false,"author_link":"http:\/\/maismagazine.pt\/index.php\/author\/maismagazine\/"},"featured_img":"http:\/\/maismagazine.pt\/wp-content\/uploads\/2022\/07\/presidente-IPVC-300x279.jpg","coauthors":[],"tax_additional":{"categories":{"linked":["<a href=\"http:\/\/maismagazine.pt\/index.php\/category\/educacao\/\" class=\"advgb-post-tax-term\">Educa\u00e7\u00e3o<\/a>"],"unlinked":["<span class=\"advgb-post-tax-term\">Educa\u00e7\u00e3o<\/span>"]},"tags":{"linked":["<a href=\"http:\/\/maismagazine.pt\/index.php\/category\/educacao\/\" class=\"advgb-post-tax-term\">Engenharia<\/a>","<a href=\"http:\/\/maismagazine.pt\/index.php\/category\/educacao\/\" class=\"advgb-post-tax-term\">Ensino<\/a>","<a href=\"http:\/\/maismagazine.pt\/index.php\/category\/educacao\/\" class=\"advgb-post-tax-term\">IPVC<\/a>"],"unlinked":["<span class=\"advgb-post-tax-term\">Engenharia<\/span>","<span class=\"advgb-post-tax-term\">Ensino<\/span>","<span class=\"advgb-post-tax-term\">IPVC<\/span>"]}},"comment_count":"0","relative_dates":{"created":"Posted 4 anos ago","modified":"Updated 4 anos ago"},"absolute_dates":{"created":"Posted on 15 de Julho, 2022","modified":"Updated on 11 de Julho, 2022"},"absolute_dates_time":{"created":"Posted on 15 de Julho, 2022 7:00","modified":"Updated on 11 de Julho, 2022 10:31"},"featured_img_caption":"","series_order":"","_links":{"self":[{"href":"http:\/\/maismagazine.pt\/index.php\/wp-json\/wp\/v2\/posts\/3753","targetHints":{"allow":["GET"]}}],"collection":[{"href":"http:\/\/maismagazine.pt\/index.php\/wp-json\/wp\/v2\/posts"}],"about":[{"href":"http:\/\/maismagazine.pt\/index.php\/wp-json\/wp\/v2\/types\/post"}],"author":[{"embeddable":true,"href":"http:\/\/maismagazine.pt\/index.php\/wp-json\/wp\/v2\/users\/7"}],"replies":[{"embeddable":true,"href":"http:\/\/maismagazine.pt\/index.php\/wp-json\/wp\/v2\/comments?post=3753"}],"version-history":[{"count":1,"href":"http:\/\/maismagazine.pt\/index.php\/wp-json\/wp\/v2\/posts\/3753\/revisions"}],"predecessor-version":[{"id":3762,"href":"http:\/\/maismagazine.pt\/index.php\/wp-json\/wp\/v2\/posts\/3753\/revisions\/3762"}],"wp:featuredmedia":[{"embeddable":true,"href":"http:\/\/maismagazine.pt\/index.php\/wp-json\/wp\/v2\/media\/3755"}],"wp:attachment":[{"href":"http:\/\/maismagazine.pt\/index.php\/wp-json\/wp\/v2\/media?parent=3753"}],"wp:term":[{"taxonomy":"category","embeddable":true,"href":"http:\/\/maismagazine.pt\/index.php\/wp-json\/wp\/v2\/categories?post=3753"},{"taxonomy":"post_tag","embeddable":true,"href":"http:\/\/maismagazine.pt\/index.php\/wp-json\/wp\/v2\/tags?post=3753"}],"curies":[{"name":"wp","href":"https:\/\/api.w.org\/{rel}","templated":true}]}}