{"id":3733,"date":"2022-07-15T17:22:00","date_gmt":"2022-07-15T16:22:00","guid":{"rendered":"https:\/\/maismagazine.pt\/?p=3733"},"modified":"2022-07-15T17:23:15","modified_gmt":"2022-07-15T16:23:15","slug":"no-p-porto-o-compromisso-com-o-futuro-e-partilhado-e-em-rede","status":"publish","type":"post","link":"http:\/\/maismagazine.pt\/index.php\/2022\/07\/15\/no-p-porto-o-compromisso-com-o-futuro-e-partilhado-e-em-rede\/","title":{"rendered":"&#8220;No P.PORTO o compromisso com o futuro \u00e9 partilhado e em rede&#8221;"},"content":{"rendered":"\n<p><strong>As ra\u00edzes do Polit\u00e9cnico do Porto (P.PORTO) remontam ao ano de 1985. Com mais de tr\u00eas d\u00e9cadas de exist\u00eancia \u00e9 hoje a quarta maior Institui\u00e7\u00e3o de Ensino Superior em termos de procura e a quinta em dimens\u00e3o. Falar do Polit\u00e9cnico do Porto \u00e9 falar de uma institui\u00e7\u00e3o com hist\u00f3ria, ilustrativa do patrim\u00f3nio e da experi\u00eancia acumulada ao longo dos anos, mas tamb\u00e9m de uma institui\u00e7\u00e3o com um futuro que se prev\u00ea, cada vez mais, promissor. Para que fique a conhec\u00ea-la um pouco melhor preparamos uma edi\u00e7\u00e3o especial dedicada a esta emblem\u00e1tica institui\u00e7\u00e3o de Ensino Superior portuguesa. Embarque conosco nesta viagem<\/strong>.<\/p>\n\n\n\n<p><\/p>\n\n\n\n<p>O <a href=\"http:\/\/www.ipp.pt\" target=\"_blank\" rel=\"noreferrer noopener\">Polit\u00e9cnico do Porto (P.PORTO)<\/a> \u00e9 uma institui\u00e7\u00e3o de refer\u00eancia de Ensino Superior P\u00fablico em Portugal. Nestas tr\u00eas d\u00e9cadas de intensa e prof\u00edcua atividade, tem-se afirmado progressivamente, no ensino, na investiga\u00e7\u00e3o, na valoriza\u00e7\u00e3o do conhecimento e promo\u00e7\u00e3o cultural, tanto nacional como internacionalmente, respondendo de forma comprometida aos desafios do mundo contempor\u00e2neo, construindo pontes entre a academia, o mundo profissional e a sociedade civil. Com uma identidade alicer\u00e7ada na produ\u00e7\u00e3o e dissemina\u00e7\u00e3o de conhecimento e liga\u00e7\u00e3o ao mundo empresarial e organizacional, o P.PORTO afirma-se a cada dia como uma institui\u00e7\u00e3o orientada para a transforma\u00e7\u00e3o e interven\u00e7\u00e3o na sociedade. \u201cQuando falamos do Polit\u00e9cnico do Porto, falamos de uma comunidade que, todos os dias, se reinventa e transforma\u201d, come\u00e7a por definir o seu presidente, Paulo Pereira. <\/p>\n\n\n\n<p><\/p>\n\n\n\n<p>Tomando como exemplo o per\u00edodo pand\u00e9mico que vivemos recentemente, marcado por grandes constrangimentos, incertezas e fragilidade social, n\u00e3o ser\u00e1 demais afirmar que as Institui\u00e7\u00f5es de Ensino Superior (IES) se revelaram agentes determinantes em garantir respostas concertadas e serenas, n\u00e3o s\u00f3 aplicando diligentemente as medidas necess\u00e1rias de seguran\u00e7a como procurando respostas inovadoras a n\u00edvel cient\u00edfico, pedag\u00f3gico e tecnol\u00f3gico. No P.PORTO a realidade n\u00e3o foi diferente, como explica Paulo Pereira: \u201cestamos profundamente convictos numa vis\u00e3o da sociedade baseada no conhecimento, em que a capacidade de aprender e de encontrar novas solu\u00e7\u00f5es para a resolu\u00e7\u00e3o dos problemas sociais se manifestam cruciais. \u00c9 a investiga\u00e7\u00e3o e a ci\u00eancia que nos permitem ter esperan\u00e7a no futuro. E isso s\u00f3 \u00e9 feito com mais qualifica\u00e7\u00e3o e conhecimento\u201d. <\/p>\n\n\n\n<p><\/p>\n\n\n\n<p>Mais de tr\u00eas d\u00e9cadas ap\u00f3s a sua funda\u00e7\u00e3o, o P.PORTO \u00e9 a quarta institui\u00e7\u00e3o mais procurada como primeira escolha em toda a rede do Ensino Superior, com 98,9 % de preenchimento de vagas na 1.\u00ba fase do Concurso Nacional de Acesso. Esta capacidade de atratividade, sustentada ao longo dos \u00faltimos anos, \u00e9, na opini\u00e3o de Paulo Pereira, uma marca distintiva da institui\u00e7\u00e3o: \u201co reconhecimento social do nosso trabalho, da qualidade e atualidade da nossa oferta formativa, do cunho distintivo do nosso projeto cient\u00edfico pedag\u00f3gico, que tem como epicentro a articula\u00e7\u00e3o entre o ensino e a investiga\u00e7\u00e3o, a intera\u00e7\u00e3o din\u00e2mica com o mundo do trabalho, segundo uma orienta\u00e7\u00e3o de savoir-faire em que os contextos reais de forma\u00e7\u00e3o s\u00e3o uma componente forte e estruturante, orientado para o desenvolvimento de compet\u00eancias transversais, do empreendedorismo, da cultura e da cidadania ativa s\u00e3o, sem d\u00favida, distintivos do P.PORTO\u201d.<\/p>\n\n\n\n<p><\/p>\n\n\n\n<p><strong>P.PORTO oferece uma vasta diversidade de perfis de forma\u00e7\u00e3o que se adequam \u00e0s expetativas de cada um<\/strong><\/p>\n\n\n\n<p><\/p>\n\n\n\n<p>Com oito escolas direcionadas para oito \u00e1reas de saber &#8211; Engenharia, Ci\u00eancias Empresariais, Educa\u00e7\u00e3o, Artes, Tecnologia e Gest\u00e3o, Sa\u00fade, Hotelaria e Turismo, Media, Artes e Design &#8211; o P.PORTO apresenta um portif\u00f3lio formativo adequado \u00e0s expectativas de cada um, \u00e0s necessidades sociais e do mercado e em sintonia com a evolu\u00e7\u00e3o cient\u00edfica, tecnol\u00f3gica e cultural. \u201cEm 2016, na sequ\u00eancia da aprova\u00e7\u00e3o em Conselho Geral do Plano Estrat\u00e9gico, o P.PORTO deu corpo a um processo de racionaliza\u00e7\u00e3o da oferta formativa existente, reenquadrando-a em centros de conhecimento bem definidos, atrav\u00e9s da identifica\u00e7\u00e3o dos clusters de refer\u00eancia para o ensino e forma\u00e7\u00e3o das suas Unidades Org\u00e2nicas de Ensino e Investiga\u00e7\u00e3o\u201d, relembra o Presidente da institui\u00e7\u00e3o. Neste processo foram criadas duas novas escolas e reorganizado o portif\u00f3lio formativo de outras, alocando a cada uma a sua respetiva \u00e1rea de conhecimento e a\u00e7\u00e3o, promovendo assim a consolida\u00e7\u00e3o e concentra\u00e7\u00e3o de massa cr\u00edtica, e bases necess\u00e1rias \u00e0 partilha e coopera\u00e7\u00e3o inteligentes. \u201cEsta reforma foi acompanhada por um investimento significativo na capacita\u00e7\u00e3o de pessoas, infraestruturas e equipamentos, sempre motivado por um grande esfor\u00e7o financeiro pr\u00f3prio. Um esfor\u00e7o de investimento que expressa uma aposta fundamental nas pessoas, no ensino e na investiga\u00e7\u00e3o, na promo\u00e7\u00e3o e proje\u00e7\u00e3o da nossa capacidade de intervir e concretizar mais e melhor na sociedade em que estamos inseridos\u201d, relembra o Presidente. A qualidade e a diversidade da oferta formativa do P.PORTO podem ser aferidas pela sua sistem\u00e1tica acredita\u00e7\u00e3o, a sua s\u00f3lida atratividade, avaliada pelo n\u00famero de candidatos que sucessivamente escolhem o P.PORTO em primeira op\u00e7\u00e3o, e pela ocupa\u00e7\u00e3o quase plena de vagas em todos os anos letivos.<\/p>\n\n\n\n<p><\/p>\n\n\n\n<p><strong>P.PORTO democratiza o acesso ao Ensino Superior e contribui para desenvolvimento local<\/strong><\/p>\n\n\n\n<p><\/p>\n\n\n\n<p>Presentemente, a oferta do P.POR-TO abrange oito clusters, distribu\u00eddos por tr\u00eas campus localizados numa \u00e1rea extensa e geograficamente diferenciada. \u201cSabemos como a dissemina\u00e7\u00e3o de IES de raiz polit\u00e9cnica contribuiu para o desenvolvimento local e a fixa\u00e7\u00e3o das pessoas, representando um forte contributo para elevar a qualifica\u00e7\u00e3o. Com o passar do tempo, o aumento da qualifica\u00e7\u00e3o do corpo docente criou condi\u00e7\u00f5es para re-for\u00e7ar a investiga\u00e7\u00e3o, a inova\u00e7\u00e3o e a presta\u00e7\u00e3o de servi\u00e7os qualificados \u00e0s empresas e institui\u00e7\u00f5es diversas, contribuindo para o desenvolvimento econ\u00f3mico, social e cultural da regi\u00e3o\u201d. <\/p>\n\n\n\n<p>No P.PORTO, para al\u00e9m do campus 1 alocado na zona da Asprela, no extremo norte da cidade, existem o campus 2, localizado na linha fronteiri\u00e7a da P\u00f3voa de Varzim\/Vila do Conde e o campus 3 onde encontramos a Escola Superior de Tecnologia e Gest\u00e3o (ESTG), que exprime a perfeita sinergia entre uma oferta formativa orientada para uma estrat\u00e9gia de colabora\u00e7\u00e3o com o tecido social envolvente e promo\u00e7\u00e3o do desenvolvimento sustent\u00e1vel da regi\u00e3o. \u201cO campus 3 assume-se como um eixo catalisador do desenvolvimento das Regi\u00f5es do Vale do Sousa e T\u00e2mega, contribuindo para o desenvolvimento e bem-estar social destas, atrav\u00e9s da forma\u00e7\u00e3o superior, da investiga\u00e7\u00e3o e da presta\u00e7\u00e3o de servi\u00e7os \u00e0 comunidade. A nossa capacidade de intervir e concretizar mais e melhor na sociedade em que estamos inseridos e numa \u00e1rea extensa e geograficamente diferenciada \u00e9 a materializa\u00e7\u00e3o no conhecimento de um Portugal aberto, inovador, competitivo e democr\u00e1tico\u201d.<\/p>\n\n\n\n<p><\/p>\n\n\n\n<p><strong>P.PORTO: uma comunidade global aberta a todos<\/strong><\/p>\n\n\n\n<p><\/p>\n\n\n\n<p>Um dos desafios que se coloca \u00e0s IES portuguesas \u00e9 a internacionaliza\u00e7\u00e3o nos seus v\u00e1rios dom\u00ednios, como a mobilidade ou projetos de coopera\u00e7\u00e3o e investiga\u00e7\u00e3o. Assumindo-se uma comunidade global, fruto de programas de coopera\u00e7\u00e3o e mobilidade com diversas universidades e institui\u00e7\u00f5es internacionais de ensino superior de prest\u00edgio, o P.PORTO tem registado resultados positivos na atra\u00e7\u00e3o de estudantes internacionais, de alunos em mobilidade, promovendo uma regenera\u00e7\u00e3o econ\u00f3mica e a capacidade de fixar esses alunos, atrav\u00e9s de empregos qualificados. \u201cTem-se vindo a desenvolver uma estrat\u00e9gia nacional para captar e fixar talentos, e os resultados t\u00eam sido positivos. A maioria dos estudantes internacionais \u00e9 oriunda do espa\u00e7o lus\u00f3fono, j\u00e1 no que respeita \u00e0 mobilidade s\u00e3o europeus\u201d.<\/p>\n\n\n\n<p><\/p>\n\n\n\n<p><strong>Investiga\u00e7\u00e3o privilegia cultura de cria\u00e7\u00e3o de novo conhecimento<\/strong><\/p>\n\n\n\n<p><\/p>\n\n\n\n<p>O P.PORTO tem-se pautado por um excelente desempenho na publica\u00e7\u00e3o cient\u00edfica de elevada qualidade. Tomando por base o Ranking Mundial da SCIMAGO, que combina indicadores quantitativos com qualitativos, a institui\u00e7\u00e3o do norte de Portugal surge muito bem posicionada no horizonte nacional, sempre com perspectivas de alcan\u00e7ar os lugares cimeiros. \u201cN\u00e3o h\u00e1 forma\u00e7\u00e3o especializada de alto n\u00edvel, nem produ\u00e7\u00e3o de conhecimento, sem investiga\u00e7\u00e3o. Por isso, a I&amp;D foi sempre uma prioridade para n\u00f3s\u201d. Atualmente o P.PORTO disp\u00f5e de 16 unidades de I&amp;D, avaliadas e financiadas pela Funda\u00e7\u00e3o para a Ci\u00eancia e a Tecnologia (FCT), das quais oito s\u00e3o aut\u00f3nomas e oito resultam de parcerias com outros centros ou laborat\u00f3rios associados. Com eixos priorit\u00e1rios de a\u00e7\u00e3o que passam pelo desenvolvimento de atividades de investiga\u00e7\u00e3o cient\u00edfica avan\u00e7ada e a aplica\u00e7\u00e3o dos resultados de investiga\u00e7\u00e3o para o desenvolvimento social e tecnol\u00f3gico, as unidades de I&amp;D do P.PORTO t\u00eam sido, sucessivamente, classificadas como \u201cExcelentes\u201d, sendo hoje o P.PORTO a IES polit\u00e9cnica com mais centros de I&amp;D avaliados e financiados pela FCT. <\/p>\n\n\n\n<p><\/p>\n\n\n\n<p>Desde os pequenos projetos locais at\u00e9 aos grandes projetos intercontinentais, as unidades de I&amp;D do P.PORTO t\u00eam assumido a lideran\u00e7a, integrando redes estrat\u00e9gicas de parceiros capazes de desenhar o futuro e tornar os sonhos realidade. \u201cLideramos e integramos v\u00e1rios cons\u00f3rcios internacionais de I&amp;D em diferentes \u00e1reas do conhecimento, aprovamos projetos europeus do Programa H2020, em \u00e1reas altamente competitivas, de que s\u00e3o exemplo as Biotecnologias, a Energia e as Tecnologias de Informa\u00e7\u00e3o e promovemos projetos intercontinentais com parceiros de v\u00e1rias partes do globo, desde EUA, Am\u00e9rica Latina, \u00c1frica ou \u00c1sia\u201d.<\/p>\n\n\n\n<div class=\"wp-block-image\"><figure class=\"aligncenter size-full\"><img loading=\"lazy\" decoding=\"async\" width=\"642\" height=\"180\" src=\"https:\/\/maismagazine.pt\/wp-content\/uploads\/2022\/07\/namnlos-design-1-2.png\" alt=\"\" class=\"wp-image-3789\" srcset=\"http:\/\/maismagazine.pt\/wp-content\/uploads\/2022\/07\/namnlos-design-1-2.png 642w, http:\/\/maismagazine.pt\/wp-content\/uploads\/2022\/07\/namnlos-design-1-2-300x84.png 300w\" sizes=\"auto, (max-width: 642px) 100vw, 642px\" \/><\/figure><\/div>\n\n\n\n<p><strong>Excel\u00eancia e inova\u00e7\u00e3o no Ensino Superior<\/strong><\/p>\n\n\n\n<p><\/p>\n\n\n\n<p>Inovar faz parte do quotidiano do P.PORTO que est\u00e1 determinado em promover gera\u00e7\u00f5es de empreendedores proativos, irreverentes e ousados. Para isso, a institui\u00e7\u00e3o interv\u00e9m diretamente no tecido socioecon\u00f4mico \u00e0 escala local e global, atrav\u00e9s da promo\u00e7\u00e3o de uma cultura empreendedora que tem procurado incentivar os seus quadros \u00e0 proatividade, \u00e0 apet\u00eancia pelo risco e ao inconformismo. \u201cDesenvolvemos e valorizamos a cria\u00e7\u00e3o de ambientes pedag\u00f3gicos, tecnologicamente inovadores e aplicados, promovendo um quotidiano criativo e desafiador\u201d. <\/p>\n\n\n\n<p>Hoje, falar do P.PORTO \u00e9 falar de um universo de 22 mil pessoas que estuda, ensina e investiga diariamente, impactando positivamente a produtividade do pa\u00eds, em grande parte fruto da sua especificidade em articular o mundo do conhecimento e a sua aplica\u00e7\u00e3o pr\u00e1tica. \u201cA nossa identidade, alicer\u00e7ada na produ\u00e7\u00e3o e dissemina\u00e7\u00e3o de conhecimento e liga\u00e7\u00e3o ao mundo empresarial e organizacional, est\u00e1 orientada para a transforma\u00e7\u00e3o e interven\u00e7\u00e3o na sociedade\u201d.<\/p>\n\n\n\n<p><\/p>\n\n\n\n<p><strong>\u201cJuntos fazemos o futuro\u201d<\/strong><\/p>\n\n\n\n<p><\/p>\n\n\n\n<p>Paulo Pereira assumiu recentemente a presid\u00eancia do P.PORTO para o quadri\u00e9nio 2022-2026. Tendo como objetivo concretizar o lema \u201cFazer o Futuro\u201d, e sob a \u00e9gide de uma lideran\u00e7a forte, conciliadora, participada e dialogante, o representante da institui\u00e7\u00e3o assume para os pr\u00f3ximos anos o compromisso de catapultar a institui\u00e7\u00e3o para um patamar ainda mais relevante no panorama do Ensino Superior nacional e internacional. \u201cDetermin\u00e1mos como princ\u00edpio program\u00e1tico uma vis\u00e3o s\u00f3lida e renovada do P.PORTO baseada numa rela\u00e7\u00e3o de compromisso com o futuro, partilhada e em rede. Nada de s\u00f3lido e verdadeiramente transformador \u00e9 feito de forma isolada, da\u00ed o papel crucial das pessoas que constituem o P.PORTO, o nosso grande patrim\u00f3nio e raz\u00e3o de ser da institui\u00e7\u00e3o. <\/p>\n\n\n\n<p><\/p>\n\n\n\n<p>Pautando a sua pol\u00edtica por princ\u00edpios base essenciais \u00e0 determina\u00e7\u00e3o efetiva de uma comunidade coesa e pr\u00f3spera, o P.PORTO pretende apostar num clima mobilizador que envolva toda a comunidade, mantendo uma forte uni\u00e3o interna e refor\u00e7ando a g\u00e9nese agregadora da institui\u00e7\u00e3o. \u201cO lema da candidatura, \u2018Fazer o Futuro\u2019, alicer\u00e7ado num programa com nove eixos de a\u00e7\u00e3o e um vasto conjunto de medidas operativas, distribu\u00eddas por 22 vetores, tem como base um elevado e necess\u00e1rio envolvimento de toda a comunidade porque juntos fazemos o futuro\u201d. <\/p>\n\n\n\n<p><\/p>\n\n\n\n<p>Perante este compromisso, o P.PORTO mostra-se dispon\u00edvel para a coopera\u00e7\u00e3o e di\u00e1logo com diversas institui\u00e7\u00f5es p\u00fablicas e privadas, nos v\u00e1rios dom\u00ednios especializados do conhecimento. \u201cO P.PORTO, como institui\u00e7\u00e3o de Ensino Superior p\u00fablica, tem a responsabilidade de promover a abertura das fronteiras cient\u00edficas, culturais e de cidadania que v\u00e3o muito para al\u00e9m da dimens\u00e3o da educa\u00e7\u00e3o formal. Assumimos esse compromisso, e temos sido, ao longo de anos, um agente promotor da cria\u00e7\u00e3o e produ\u00e7\u00e3o cultural\u201d. Convocado pela C\u00e2mara Municipal do Porto, em parceria com um leque amplo de outros atores, o P.PORTO mostra-se comprometido em apoiar a cultura, promover o acolhimento de novas empresas e a aumentar o emprego qualificado. \u201cA cidade e o Polit\u00e9cnico do Porto est\u00e3o estrategicamente ligados. Um excelente exemplo da relev\u00e2ncia da nossa coopera\u00e7\u00e3o \u00e9 o recentemente inaugurado Parque da Asprela, fruto do esfor\u00e7o conjunto da autarquia, do P.PORTO, da Universidade do Porto\u201d.<\/p>\n\n\n\n<p><\/p>\n\n\n\n<p>Sem esquecer o passado, que faz de si uma das mais conceituadas institui\u00e7\u00f5es de Ensino Superior em Portugal, o P.PORTO tem hoje, mais do que nunca, os olhos postos no futuro, seguro de que, com toda a certeza, o melhor ainda est\u00e1 por vir.<\/p>\n","protected":false},"excerpt":{"rendered":"<p>As ra\u00edzes do Polit\u00e9cnico do Porto (P.PORTO) remontam ao ano de 1985. Com mais de tr\u00eas d\u00e9cadas de exist\u00eancia \u00e9 hoje a quarta maior Institui\u00e7\u00e3o de Ensino Superior em termos de procura e a quinta em dimens\u00e3o. Falar do Polit\u00e9cnico do Porto \u00e9 falar de uma institui\u00e7\u00e3o com hist\u00f3ria, ilustrativa&hellip;<\/p>\n","protected":false},"author":7,"featured_media":3792,"comment_status":"open","ping_status":"open","sticky":false,"template":"","format":"standard","meta":{"advgb_blocks_editor_width":"","advgb_blocks_columns_visual_guide":"","_monsterinsights_skip_tracking":false,"_monsterinsights_sitenote_active":false,"_monsterinsights_sitenote_note":"","_monsterinsights_sitenote_category":0,"footnotes":""},"categories":[50,149,828],"tags":[525,521,840],"class_list":["post-3733","post","type-post","status-publish","format-standard","has-post-thumbnail","hentry","category-destaques","category-educacao","category-pporto","tag-educacao","tag-ensino","tag-ipporto"],"yoast_head":"<!-- This site is optimized with the Yoast SEO plugin v24.4 - https:\/\/yoast.com\/wordpress\/plugins\/seo\/ -->\n<title>&quot;No P.PORTO o compromisso com o futuro \u00e9 partilhado e em rede&quot; - Mais Magazine<\/title>\n<meta name=\"description\" content=\"As ra\u00edzes do Polit\u00e9cnico do Porto (P.PORTO) remontam ao ano de 1985. Com mais de tr\u00eas d\u00e9cadas de exist\u00eancia \u00e9 hoje a quarta maior...\" \/>\n<meta name=\"robots\" content=\"index, follow, max-snippet:-1, max-image-preview:large, max-video-preview:-1\" \/>\n<link rel=\"canonical\" href=\"https:\/\/maismagazine.pt\/index.php\/2022\/07\/15\/no-p-porto-o-compromisso-com-o-futuro-e-partilhado-e-em-rede\/\" \/>\n<meta property=\"og:locale\" content=\"pt_PT\" \/>\n<meta property=\"og:type\" content=\"article\" \/>\n<meta property=\"og:title\" content=\"&quot;No P.PORTO o compromisso com o futuro \u00e9 partilhado e em rede&quot; - Mais Magazine\" \/>\n<meta property=\"og:description\" content=\"As ra\u00edzes do Polit\u00e9cnico do Porto (P.PORTO) remontam ao ano de 1985. Com mais de tr\u00eas d\u00e9cadas de exist\u00eancia \u00e9 hoje a quarta maior...\" \/>\n<meta property=\"og:url\" content=\"https:\/\/maismagazine.pt\/index.php\/2022\/07\/15\/no-p-porto-o-compromisso-com-o-futuro-e-partilhado-e-em-rede\/\" \/>\n<meta property=\"og:site_name\" content=\"Mais Magazine\" \/>\n<meta property=\"article:published_time\" content=\"2022-07-15T16:22:00+00:00\" \/>\n<meta property=\"article:modified_time\" content=\"2022-07-15T16:23:15+00:00\" \/>\n<meta property=\"og:image\" content=\"https:\/\/maismagazine.pt\/wp-content\/uploads\/2022\/07\/PP31.jpg\" \/>\n\t<meta property=\"og:image:width\" content=\"683\" \/>\n\t<meta property=\"og:image:height\" content=\"451\" \/>\n\t<meta property=\"og:image:type\" content=\"image\/jpeg\" \/>\n<meta name=\"author\" content=\"Jo\u00e3o Malainho\" \/>\n<meta name=\"twitter:card\" content=\"summary_large_image\" \/>\n<meta name=\"twitter:label1\" content=\"Escrito por\" \/>\n\t<meta name=\"twitter:data1\" content=\"\" \/>\n\t<meta name=\"twitter:label2\" content=\"Tempo estimado de leitura\" \/>\n\t<meta name=\"twitter:data2\" content=\"9 minutos\" \/>\n<script type=\"application\/ld+json\" class=\"yoast-schema-graph\">{\"@context\":\"https:\/\/schema.org\",\"@graph\":[{\"@type\":\"Article\",\"@id\":\"https:\/\/maismagazine.pt\/index.php\/2022\/07\/15\/no-p-porto-o-compromisso-com-o-futuro-e-partilhado-e-em-rede\/#article\",\"isPartOf\":{\"@id\":\"https:\/\/maismagazine.pt\/index.php\/2022\/07\/15\/no-p-porto-o-compromisso-com-o-futuro-e-partilhado-e-em-rede\/\"},\"author\":{\"name\":\"Jo\u00e3o Malainho\",\"@id\":\"https:\/\/maismagazine.pt\/#\/schema\/person\/999bd426f894ff56d397ec12ebd21ebb\"},\"headline\":\"&#8220;No P.PORTO o compromisso com o futuro \u00e9 partilhado e em rede&#8221;\",\"datePublished\":\"2022-07-15T16:22:00+00:00\",\"dateModified\":\"2022-07-15T16:23:15+00:00\",\"mainEntityOfPage\":{\"@id\":\"https:\/\/maismagazine.pt\/index.php\/2022\/07\/15\/no-p-porto-o-compromisso-com-o-futuro-e-partilhado-e-em-rede\/\"},\"wordCount\":2239,\"commentCount\":0,\"publisher\":{\"@id\":\"https:\/\/maismagazine.pt\/#organization\"},\"image\":{\"@id\":\"https:\/\/maismagazine.pt\/index.php\/2022\/07\/15\/no-p-porto-o-compromisso-com-o-futuro-e-partilhado-e-em-rede\/#primaryimage\"},\"thumbnailUrl\":\"http:\/\/maismagazine.pt\/wp-content\/uploads\/2022\/07\/PP31.jpg\",\"keywords\":[\"Educa\u00e7\u00e3o\",\"Ensino\",\"IPPorto\"],\"articleSection\":[\"Destaques\",\"Educa\u00e7\u00e3o\",\"P.Porto\"],\"inLanguage\":\"pt-PT\",\"potentialAction\":[{\"@type\":\"CommentAction\",\"name\":\"Comment\",\"target\":[\"https:\/\/maismagazine.pt\/index.php\/2022\/07\/15\/no-p-porto-o-compromisso-com-o-futuro-e-partilhado-e-em-rede\/#respond\"]}]},{\"@type\":\"WebPage\",\"@id\":\"https:\/\/maismagazine.pt\/index.php\/2022\/07\/15\/no-p-porto-o-compromisso-com-o-futuro-e-partilhado-e-em-rede\/\",\"url\":\"https:\/\/maismagazine.pt\/index.php\/2022\/07\/15\/no-p-porto-o-compromisso-com-o-futuro-e-partilhado-e-em-rede\/\",\"name\":\"\\\"No P.PORTO o compromisso com o futuro \u00e9 partilhado e em rede\\\" - Mais Magazine\",\"isPartOf\":{\"@id\":\"https:\/\/maismagazine.pt\/#website\"},\"primaryImageOfPage\":{\"@id\":\"https:\/\/maismagazine.pt\/index.php\/2022\/07\/15\/no-p-porto-o-compromisso-com-o-futuro-e-partilhado-e-em-rede\/#primaryimage\"},\"image\":{\"@id\":\"https:\/\/maismagazine.pt\/index.php\/2022\/07\/15\/no-p-porto-o-compromisso-com-o-futuro-e-partilhado-e-em-rede\/#primaryimage\"},\"thumbnailUrl\":\"http:\/\/maismagazine.pt\/wp-content\/uploads\/2022\/07\/PP31.jpg\",\"datePublished\":\"2022-07-15T16:22:00+00:00\",\"dateModified\":\"2022-07-15T16:23:15+00:00\",\"description\":\"As ra\u00edzes do Polit\u00e9cnico do Porto (P.PORTO) remontam ao ano de 1985. Com mais de tr\u00eas d\u00e9cadas de exist\u00eancia \u00e9 hoje a quarta maior...\",\"breadcrumb\":{\"@id\":\"https:\/\/maismagazine.pt\/index.php\/2022\/07\/15\/no-p-porto-o-compromisso-com-o-futuro-e-partilhado-e-em-rede\/#breadcrumb\"},\"inLanguage\":\"pt-PT\",\"potentialAction\":[{\"@type\":\"ReadAction\",\"target\":[\"https:\/\/maismagazine.pt\/index.php\/2022\/07\/15\/no-p-porto-o-compromisso-com-o-futuro-e-partilhado-e-em-rede\/\"]}]},{\"@type\":\"ImageObject\",\"inLanguage\":\"pt-PT\",\"@id\":\"https:\/\/maismagazine.pt\/index.php\/2022\/07\/15\/no-p-porto-o-compromisso-com-o-futuro-e-partilhado-e-em-rede\/#primaryimage\",\"url\":\"http:\/\/maismagazine.pt\/wp-content\/uploads\/2022\/07\/PP31.jpg\",\"contentUrl\":\"http:\/\/maismagazine.pt\/wp-content\/uploads\/2022\/07\/PP31.jpg\",\"width\":683,\"height\":451},{\"@type\":\"BreadcrumbList\",\"@id\":\"https:\/\/maismagazine.pt\/index.php\/2022\/07\/15\/no-p-porto-o-compromisso-com-o-futuro-e-partilhado-e-em-rede\/#breadcrumb\",\"itemListElement\":[{\"@type\":\"ListItem\",\"position\":1,\"name\":\"Home\",\"item\":\"https:\/\/maismagazine.pt\/\"},{\"@type\":\"ListItem\",\"position\":2,\"name\":\"&#8220;No P.PORTO o compromisso com o futuro \u00e9 partilhado e em rede&#8221;\"}]},{\"@type\":\"WebSite\",\"@id\":\"https:\/\/maismagazine.pt\/#website\",\"url\":\"https:\/\/maismagazine.pt\/\",\"name\":\"Mais Magazine\",\"description\":\"\",\"publisher\":{\"@id\":\"https:\/\/maismagazine.pt\/#organization\"},\"potentialAction\":[{\"@type\":\"SearchAction\",\"target\":{\"@type\":\"EntryPoint\",\"urlTemplate\":\"https:\/\/maismagazine.pt\/?s={search_term_string}\"},\"query-input\":{\"@type\":\"PropertyValueSpecification\",\"valueRequired\":true,\"valueName\":\"search_term_string\"}}],\"inLanguage\":\"pt-PT\"},{\"@type\":\"Organization\",\"@id\":\"https:\/\/maismagazine.pt\/#organization\",\"name\":\"Mais Magazine\",\"url\":\"https:\/\/maismagazine.pt\/\",\"logo\":{\"@type\":\"ImageObject\",\"inLanguage\":\"pt-PT\",\"@id\":\"https:\/\/maismagazine.pt\/#\/schema\/logo\/image\/\",\"url\":\"http:\/\/maismagazine.pt\/wp-content\/uploads\/2020\/04\/cropped-cropped-mais-magazine-site-logo-2.png\",\"contentUrl\":\"http:\/\/maismagazine.pt\/wp-content\/uploads\/2020\/04\/cropped-cropped-mais-magazine-site-logo-2.png\",\"width\":581,\"height\":90,\"caption\":\"Mais Magazine\"},\"image\":{\"@id\":\"https:\/\/maismagazine.pt\/#\/schema\/logo\/image\/\"}},{\"@type\":\"Person\",\"@id\":\"https:\/\/maismagazine.pt\/#\/schema\/person\/999bd426f894ff56d397ec12ebd21ebb\",\"name\":\"Jo\u00e3o Malainho\",\"image\":{\"@type\":\"ImageObject\",\"inLanguage\":\"pt-PT\",\"@id\":\"https:\/\/maismagazine.pt\/#\/schema\/person\/image\/\",\"url\":\"https:\/\/secure.gravatar.com\/avatar\/ff03c2f38edf60b2a827aa4f74878491?s=96&d=mm&r=g\",\"contentUrl\":\"https:\/\/secure.gravatar.com\/avatar\/ff03c2f38edf60b2a827aa4f74878491?s=96&d=mm&r=g\",\"caption\":\"Jo\u00e3o Malainho\"},\"url\":\"http:\/\/maismagazine.pt\/index.php\/author\/maismagazine\/\"}]}<\/script>\n<!-- \/ Yoast SEO plugin. -->","yoast_head_json":{"title":"\"No P.PORTO o compromisso com o futuro \u00e9 partilhado e em rede\" - Mais Magazine","description":"As ra\u00edzes do Polit\u00e9cnico do Porto (P.PORTO) remontam ao ano de 1985. Com mais de tr\u00eas d\u00e9cadas de exist\u00eancia \u00e9 hoje a quarta maior...","robots":{"index":"index","follow":"follow","max-snippet":"max-snippet:-1","max-image-preview":"max-image-preview:large","max-video-preview":"max-video-preview:-1"},"canonical":"https:\/\/maismagazine.pt\/index.php\/2022\/07\/15\/no-p-porto-o-compromisso-com-o-futuro-e-partilhado-e-em-rede\/","og_locale":"pt_PT","og_type":"article","og_title":"\"No P.PORTO o compromisso com o futuro \u00e9 partilhado e em rede\" - Mais Magazine","og_description":"As ra\u00edzes do Polit\u00e9cnico do Porto (P.PORTO) remontam ao ano de 1985. Com mais de tr\u00eas d\u00e9cadas de exist\u00eancia \u00e9 hoje a quarta maior...","og_url":"https:\/\/maismagazine.pt\/index.php\/2022\/07\/15\/no-p-porto-o-compromisso-com-o-futuro-e-partilhado-e-em-rede\/","og_site_name":"Mais Magazine","article_published_time":"2022-07-15T16:22:00+00:00","article_modified_time":"2022-07-15T16:23:15+00:00","og_image":[{"width":683,"height":451,"url":"https:\/\/maismagazine.pt\/wp-content\/uploads\/2022\/07\/PP31.jpg","type":"image\/jpeg"}],"author":"Jo\u00e3o Malainho","twitter_card":"summary_large_image","twitter_misc":{"Escrito por":false,"Tempo estimado de leitura":"9 minutos"},"schema":{"@context":"https:\/\/schema.org","@graph":[{"@type":"Article","@id":"https:\/\/maismagazine.pt\/index.php\/2022\/07\/15\/no-p-porto-o-compromisso-com-o-futuro-e-partilhado-e-em-rede\/#article","isPartOf":{"@id":"https:\/\/maismagazine.pt\/index.php\/2022\/07\/15\/no-p-porto-o-compromisso-com-o-futuro-e-partilhado-e-em-rede\/"},"author":{"name":"Jo\u00e3o Malainho","@id":"https:\/\/maismagazine.pt\/#\/schema\/person\/999bd426f894ff56d397ec12ebd21ebb"},"headline":"&#8220;No P.PORTO o compromisso com o futuro \u00e9 partilhado e em rede&#8221;","datePublished":"2022-07-15T16:22:00+00:00","dateModified":"2022-07-15T16:23:15+00:00","mainEntityOfPage":{"@id":"https:\/\/maismagazine.pt\/index.php\/2022\/07\/15\/no-p-porto-o-compromisso-com-o-futuro-e-partilhado-e-em-rede\/"},"wordCount":2239,"commentCount":0,"publisher":{"@id":"https:\/\/maismagazine.pt\/#organization"},"image":{"@id":"https:\/\/maismagazine.pt\/index.php\/2022\/07\/15\/no-p-porto-o-compromisso-com-o-futuro-e-partilhado-e-em-rede\/#primaryimage"},"thumbnailUrl":"http:\/\/maismagazine.pt\/wp-content\/uploads\/2022\/07\/PP31.jpg","keywords":["Educa\u00e7\u00e3o","Ensino","IPPorto"],"articleSection":["Destaques","Educa\u00e7\u00e3o","P.Porto"],"inLanguage":"pt-PT","potentialAction":[{"@type":"CommentAction","name":"Comment","target":["https:\/\/maismagazine.pt\/index.php\/2022\/07\/15\/no-p-porto-o-compromisso-com-o-futuro-e-partilhado-e-em-rede\/#respond"]}]},{"@type":"WebPage","@id":"https:\/\/maismagazine.pt\/index.php\/2022\/07\/15\/no-p-porto-o-compromisso-com-o-futuro-e-partilhado-e-em-rede\/","url":"https:\/\/maismagazine.pt\/index.php\/2022\/07\/15\/no-p-porto-o-compromisso-com-o-futuro-e-partilhado-e-em-rede\/","name":"\"No P.PORTO o compromisso com o futuro \u00e9 partilhado e em rede\" - Mais Magazine","isPartOf":{"@id":"https:\/\/maismagazine.pt\/#website"},"primaryImageOfPage":{"@id":"https:\/\/maismagazine.pt\/index.php\/2022\/07\/15\/no-p-porto-o-compromisso-com-o-futuro-e-partilhado-e-em-rede\/#primaryimage"},"image":{"@id":"https:\/\/maismagazine.pt\/index.php\/2022\/07\/15\/no-p-porto-o-compromisso-com-o-futuro-e-partilhado-e-em-rede\/#primaryimage"},"thumbnailUrl":"http:\/\/maismagazine.pt\/wp-content\/uploads\/2022\/07\/PP31.jpg","datePublished":"2022-07-15T16:22:00+00:00","dateModified":"2022-07-15T16:23:15+00:00","description":"As ra\u00edzes do Polit\u00e9cnico do Porto (P.PORTO) remontam ao ano de 1985. Com mais de tr\u00eas d\u00e9cadas de exist\u00eancia \u00e9 hoje a quarta maior...","breadcrumb":{"@id":"https:\/\/maismagazine.pt\/index.php\/2022\/07\/15\/no-p-porto-o-compromisso-com-o-futuro-e-partilhado-e-em-rede\/#breadcrumb"},"inLanguage":"pt-PT","potentialAction":[{"@type":"ReadAction","target":["https:\/\/maismagazine.pt\/index.php\/2022\/07\/15\/no-p-porto-o-compromisso-com-o-futuro-e-partilhado-e-em-rede\/"]}]},{"@type":"ImageObject","inLanguage":"pt-PT","@id":"https:\/\/maismagazine.pt\/index.php\/2022\/07\/15\/no-p-porto-o-compromisso-com-o-futuro-e-partilhado-e-em-rede\/#primaryimage","url":"http:\/\/maismagazine.pt\/wp-content\/uploads\/2022\/07\/PP31.jpg","contentUrl":"http:\/\/maismagazine.pt\/wp-content\/uploads\/2022\/07\/PP31.jpg","width":683,"height":451},{"@type":"BreadcrumbList","@id":"https:\/\/maismagazine.pt\/index.php\/2022\/07\/15\/no-p-porto-o-compromisso-com-o-futuro-e-partilhado-e-em-rede\/#breadcrumb","itemListElement":[{"@type":"ListItem","position":1,"name":"Home","item":"https:\/\/maismagazine.pt\/"},{"@type":"ListItem","position":2,"name":"&#8220;No P.PORTO o compromisso com o futuro \u00e9 partilhado e em rede&#8221;"}]},{"@type":"WebSite","@id":"https:\/\/maismagazine.pt\/#website","url":"https:\/\/maismagazine.pt\/","name":"Mais Magazine","description":"","publisher":{"@id":"https:\/\/maismagazine.pt\/#organization"},"potentialAction":[{"@type":"SearchAction","target":{"@type":"EntryPoint","urlTemplate":"https:\/\/maismagazine.pt\/?s={search_term_string}"},"query-input":{"@type":"PropertyValueSpecification","valueRequired":true,"valueName":"search_term_string"}}],"inLanguage":"pt-PT"},{"@type":"Organization","@id":"https:\/\/maismagazine.pt\/#organization","name":"Mais Magazine","url":"https:\/\/maismagazine.pt\/","logo":{"@type":"ImageObject","inLanguage":"pt-PT","@id":"https:\/\/maismagazine.pt\/#\/schema\/logo\/image\/","url":"http:\/\/maismagazine.pt\/wp-content\/uploads\/2020\/04\/cropped-cropped-mais-magazine-site-logo-2.png","contentUrl":"http:\/\/maismagazine.pt\/wp-content\/uploads\/2020\/04\/cropped-cropped-mais-magazine-site-logo-2.png","width":581,"height":90,"caption":"Mais Magazine"},"image":{"@id":"https:\/\/maismagazine.pt\/#\/schema\/logo\/image\/"}},{"@type":"Person","@id":"https:\/\/maismagazine.pt\/#\/schema\/person\/999bd426f894ff56d397ec12ebd21ebb","name":"Jo\u00e3o Malainho","image":{"@type":"ImageObject","inLanguage":"pt-PT","@id":"https:\/\/maismagazine.pt\/#\/schema\/person\/image\/","url":"https:\/\/secure.gravatar.com\/avatar\/ff03c2f38edf60b2a827aa4f74878491?s=96&d=mm&r=g","contentUrl":"https:\/\/secure.gravatar.com\/avatar\/ff03c2f38edf60b2a827aa4f74878491?s=96&d=mm&r=g","caption":"Jo\u00e3o Malainho"},"url":"http:\/\/maismagazine.pt\/index.php\/author\/maismagazine\/"}]}},"author_meta":{"display_name":false,"author_link":"http:\/\/maismagazine.pt\/index.php\/author\/maismagazine\/"},"featured_img":"http:\/\/maismagazine.pt\/wp-content\/uploads\/2022\/07\/PP31-300x198.jpg","coauthors":[],"tax_additional":{"categories":{"linked":["<a href=\"http:\/\/maismagazine.pt\/index.php\/category\/destaques\/\" class=\"advgb-post-tax-term\">Destaques<\/a>","<a href=\"http:\/\/maismagazine.pt\/index.php\/category\/educacao\/\" class=\"advgb-post-tax-term\">Educa\u00e7\u00e3o<\/a>","<a href=\"http:\/\/maismagazine.pt\/index.php\/category\/pporto\/\" class=\"advgb-post-tax-term\">P.Porto<\/a>"],"unlinked":["<span class=\"advgb-post-tax-term\">Destaques<\/span>","<span class=\"advgb-post-tax-term\">Educa\u00e7\u00e3o<\/span>","<span class=\"advgb-post-tax-term\">P.Porto<\/span>"]},"tags":{"linked":["<a href=\"http:\/\/maismagazine.pt\/index.php\/category\/pporto\/\" class=\"advgb-post-tax-term\">Educa\u00e7\u00e3o<\/a>","<a href=\"http:\/\/maismagazine.pt\/index.php\/category\/pporto\/\" class=\"advgb-post-tax-term\">Ensino<\/a>","<a href=\"http:\/\/maismagazine.pt\/index.php\/category\/pporto\/\" class=\"advgb-post-tax-term\">IPPorto<\/a>"],"unlinked":["<span class=\"advgb-post-tax-term\">Educa\u00e7\u00e3o<\/span>","<span class=\"advgb-post-tax-term\">Ensino<\/span>","<span class=\"advgb-post-tax-term\">IPPorto<\/span>"]}},"comment_count":"0","relative_dates":{"created":"Posted 4 anos ago","modified":"Updated 4 anos ago"},"absolute_dates":{"created":"Posted on 15 de Julho, 2022","modified":"Updated on 15 de Julho, 2022"},"absolute_dates_time":{"created":"Posted on 15 de Julho, 2022 17:22","modified":"Updated on 15 de Julho, 2022 17:23"},"featured_img_caption":"","series_order":"","_links":{"self":[{"href":"http:\/\/maismagazine.pt\/index.php\/wp-json\/wp\/v2\/posts\/3733","targetHints":{"allow":["GET"]}}],"collection":[{"href":"http:\/\/maismagazine.pt\/index.php\/wp-json\/wp\/v2\/posts"}],"about":[{"href":"http:\/\/maismagazine.pt\/index.php\/wp-json\/wp\/v2\/types\/post"}],"author":[{"embeddable":true,"href":"http:\/\/maismagazine.pt\/index.php\/wp-json\/wp\/v2\/users\/7"}],"replies":[{"embeddable":true,"href":"http:\/\/maismagazine.pt\/index.php\/wp-json\/wp\/v2\/comments?post=3733"}],"version-history":[{"count":3,"href":"http:\/\/maismagazine.pt\/index.php\/wp-json\/wp\/v2\/posts\/3733\/revisions"}],"predecessor-version":[{"id":3944,"href":"http:\/\/maismagazine.pt\/index.php\/wp-json\/wp\/v2\/posts\/3733\/revisions\/3944"}],"wp:featuredmedia":[{"embeddable":true,"href":"http:\/\/maismagazine.pt\/index.php\/wp-json\/wp\/v2\/media\/3792"}],"wp:attachment":[{"href":"http:\/\/maismagazine.pt\/index.php\/wp-json\/wp\/v2\/media?parent=3733"}],"wp:term":[{"taxonomy":"category","embeddable":true,"href":"http:\/\/maismagazine.pt\/index.php\/wp-json\/wp\/v2\/categories?post=3733"},{"taxonomy":"post_tag","embeddable":true,"href":"http:\/\/maismagazine.pt\/index.php\/wp-json\/wp\/v2\/tags?post=3733"}],"curies":[{"name":"wp","href":"https:\/\/api.w.org\/{rel}","templated":true}]}}