{"id":3717,"date":"2022-07-15T07:00:00","date_gmt":"2022-07-15T06:00:00","guid":{"rendered":"http:\/\/maismagazine.pt\/?p=3717"},"modified":"2022-07-08T17:22:55","modified_gmt":"2022-07-08T16:22:55","slug":"a-empregabilidade-como-uma-medida-de-qualidade-da-formacao-da-ese-coimbra","status":"publish","type":"post","link":"http:\/\/maismagazine.pt\/index.php\/2022\/07\/15\/a-empregabilidade-como-uma-medida-de-qualidade-da-formacao-da-ese-coimbra\/","title":{"rendered":"A empregabilidade como uma \u201cmedida de qualidade\u201d da forma\u00e7\u00e3o da ESE Coimbra"},"content":{"rendered":"\n<p><strong>Situada na cidade do \u201cPortugal dos Pequenitos\u201d desde 1997, a institui\u00e7\u00e3o integra o Instituto Polit\u00e9cnico de Coimbra, o que acarreta benef\u00edcios no \u201cmelhor apoio social\u201d. Atualmente, a Escola Superior de Educa\u00e7\u00e3o disponibiliza aos estudantes diferentes \u00e1reas de ensino como a Educa\u00e7\u00e3o, Comunica\u00e7\u00e3o, Turismo, Artes e Multim\u00e9dia.<\/strong><\/p>\n\n\n\n<p><\/p>\n\n\n\n<p>Encontrar emprego pouco tempo depois de receber o diploma em m\u00e3os \u00e9 o desejo de qualquer rec\u00e9m-licenciado. Consciente disso, a \u201cempregabilidade, traduzida na capacidade de os diplomados ingressarem numa ativdade profissional em que a forma\u00e7\u00e3o obtida na <a href=\"https:\/\/www.esec.pt\/\" target=\"_blank\" rel=\"noreferrer noopener\">ESEC<\/a> seja pertinente,\u201d \u00e9 a \u201cmaior preocupa\u00e7\u00e3o\u201d e \u201ctamb\u00e9m uma medida de qualidade da nossa forma\u00e7\u00e3o, amplamente reconhecida\u201d, conta-nos Rui Antunes, Presidente deste estabelecimento de ensino. O pr\u00f3prio acrescenta ainda que \u201co n\u00famero de diplomados que n\u00e3o obt\u00eam emprego nos seis meses ap\u00f3s a conclus\u00e3o do curso \u00e9 reduzido\u201d, encontrando-se \u201cabaixo dos 6%\u201d, colocando-os assim \u201centre as melhores institui\u00e7\u00f5es nacionais de <a href=\"https:\/\/maismagazine.pt\/index.php\/category\/educacao\/\" target=\"_blank\" rel=\"noreferrer noopener\">ensino<\/a> superior\u2019\u2019.<\/p>\n\n\n\n<p><\/p>\n\n\n\n<p>A integra\u00e7\u00e3o no Polit\u00e9cnico de Coimbra (IPC), \u201cuma das grandes institui\u00e7\u00f5es de ensino superior do pa\u00eds\u201d, \u00e9 outra das grandes vantagens que se pode retirar da instru\u00e7\u00e3o aplicada. Esses benef\u00edcios s\u00e3o traduzidos anualmente ao prestarem \u201co melhor apoio social aos estudantes\u201d, ou seja \u201cmais cantinas, mais resid\u00eancias, mais servi\u00e7os de apoio psicossocial, mais desporto e mais vida acad\u00e9mica\u201d. <\/p>\n\n\n\n<p><\/p>\n\n\n\n<p>Para al\u00e9m dessa, \u201ch\u00e1 ainda tr\u00eas carater\u00edsticas cruciais dos nossos cursos, s\u00e3o elas as experi\u00eancias de inser\u00e7\u00e3o profissional ao longo do curso, a introdu\u00e7\u00e3o a atividades de investiga\u00e7\u00e3o-a\u00e7\u00e3o e a experi\u00eancia de internacionaliza\u00e7\u00e3o.\u201d Nesse sentido, Rui Antunes adianta que \u201ctodos os nossos cursos t\u00eam, pelo menos, um est\u00e1gio semestral realizado em contexto de trabalho\u2019\u2019, o que \u00e9 \u201cuma das atividades de forma\u00e7\u00e3o mais valorizadas pelos estudantes e empregadores\u201d. Nos cursos de \u201cTurismo e Gastronomia\u2019\u2019, uma parte importante desses est\u00e1gios \u201c\u00e9 realizada fora do pa\u00eds\u201d.<\/p>\n\n\n\n<p><\/p>\n\n\n\n<p>A internacionaliza\u00e7\u00e3o tamb\u00e9m \u00e9 uma forte aposta desta organiza\u00e7\u00e3o, \u201cquer recebendo estudantes e docentes estrangeiros, quer promovendo o envolvimento dos seus estudantes e docentes em programas de mobilidade ERASMUS.\u201d Na vertente deste projeto \u00e9 usual que as \u201cequipas internacionais\u201d sejam distinguidas nas atividades da EuroWeek &#8211; encontro anual entre alunos e professores de pa\u00edses europeus &#8211; tal como ocorreu no ano letivo 2021-2022, na cidade francesa de Lile, com o projeto \u201cThe \u00abPerfect Packaging\u00bb \u2013 Socially Responsible Design in Perso-nal Hygiene Prodcts Packaging\u201d.<\/p>\n\n\n\n<p><\/p>\n\n\n\n<p>O simples facto de estarem localizados em Coimbra \u201c\u00e9 tamb\u00e9m uma oportunidade para os nossos estudantes\u201d, na medida em que esta \u00e9 uma cidade \u201ccultural e historicamente marcada pela viv\u00eancia acad\u00e9mica\u201d. Por isso, \u201cos in\u00fameros espet\u00e1culos, eventos desportivos e culturais, as oportunidades de participa\u00e7\u00e3o c\u00edvica e a anima\u00e7\u00e3o noturna s\u00e3o tamb\u00e9m fundamentais para tornar inesquec\u00edvel a frequ\u00eancia de um curso\u201d superior nesta regi\u00e3o do centro de Portugal.<\/p>\n\n\n\n<div class=\"wp-block-image\"><figure class=\"aligncenter size-large\"><img loading=\"lazy\" decoding=\"async\" width=\"1024\" height=\"683\" src=\"http:\/\/maismagazine.pt\/wp-content\/uploads\/2022\/07\/Sala-captacao-1024x683.jpg\" alt=\"\" class=\"wp-image-3718\" srcset=\"http:\/\/maismagazine.pt\/wp-content\/uploads\/2022\/07\/Sala-captacao-1024x683.jpg 1024w, http:\/\/maismagazine.pt\/wp-content\/uploads\/2022\/07\/Sala-captacao-300x200.jpg 300w, http:\/\/maismagazine.pt\/wp-content\/uploads\/2022\/07\/Sala-captacao-768x512.jpg 768w, http:\/\/maismagazine.pt\/wp-content\/uploads\/2022\/07\/Sala-captacao-1536x1024.jpg 1536w, http:\/\/maismagazine.pt\/wp-content\/uploads\/2022\/07\/Sala-captacao-2048x1365.jpg 2048w, http:\/\/maismagazine.pt\/wp-content\/uploads\/2022\/07\/Sala-captacao-150x100.jpg 150w\" sizes=\"auto, (max-width: 1024px) 100vw, 1024px\" \/><\/figure><\/div>\n\n\n\n<p><strong>A ascens\u00e3o dos CTeSP<\/strong><br>Os cursos t\u00e9cnico superiores profissionais, que d\u00e3o primazia \u00e0 forma\u00e7\u00e3o pr\u00e1tica, t\u00eam sido muito frequentados, ao longo dos \u00faltimos anos. Tamb\u00e9m a Escola Superior de Educa\u00e7\u00e3o de Coimbra conta com esta oferta formativa. E o ano letivo que se avizinha vai trazer novidades neste campo, com a abertura de dois novos CTeSP, \u201cum na \u00e1rea do Design T\u00eaxtil \u2013 em colabora\u00e7\u00e3o com o CEARTE \u2013 e outro em Luz e Som para Artes Performativas.\u201d<\/p>\n\n\n\n<p><\/p>\n\n\n\n<p>Rui Antunes refere \u00e0 Mais Magazine que esta op\u00e7\u00e3o tem m\u00e9rito por ser capaz de captar novos estudantes para o ensino superior. Al\u00e9m do mais, ultimamente, \u201ct\u00eam mostrado ser uma forma muito v\u00e1lida de estes jovens obterem forma\u00e7\u00e3o superior de qualidade\u201d, podendo \u201cfazer a diferen\u00e7a na sua inser\u00e7\u00e3o no mundo do trabalho\u201d, visto que os \u201cempregadores valorizam essencialmente as compet\u00eancias profissionais dos diplomados\u201d, ou at\u00e9 \u201cna continuidade dos estudos\u201d. <\/p>\n\n\n\n<p><\/p>\n\n\n\n<p>O Presidente da ESE remata a entrevista ao salientar que as pr\u00f3prias \u201cinstitui\u00e7\u00f5es polit\u00e9cnicas, que t\u00eam na empregabilidade e na inser\u00e7\u00e3o profissional um dos seus vetores fundamentais, foram capazes de fazer destes cursos um caso de sucesso\u201d.<\/p>\n","protected":false},"excerpt":{"rendered":"<p>Situada na cidade do \u201cPortugal dos Pequenitos\u201d desde 1997, a institui\u00e7\u00e3o integra o Instituto Polit\u00e9cnico de Coimbra, o que acarreta benef\u00edcios no \u201cmelhor apoio social\u201d. Atualmente, a Escola Superior de Educa\u00e7\u00e3o disponibiliza aos estudantes diferentes \u00e1reas de ensino como a Educa\u00e7\u00e3o, Comunica\u00e7\u00e3o, Turismo, Artes e Multim\u00e9dia. Encontrar emprego pouco tempo&hellip;<\/p>\n","protected":false},"author":7,"featured_media":3719,"comment_status":"open","ping_status":"open","sticky":false,"template":"","format":"standard","meta":{"advgb_blocks_editor_width":"","advgb_blocks_columns_visual_guide":"","_monsterinsights_skip_tracking":false,"_monsterinsights_sitenote_active":false,"_monsterinsights_sitenote_note":"","_monsterinsights_sitenote_category":0,"footnotes":""},"categories":[149],"tags":[616,825,826],"class_list":["post-3717","post","type-post","status-publish","format-standard","has-post-thumbnail","hentry","category-educacao","tag-ensino-superior","tag-ipc","tag-rui-antunes"],"yoast_head":"<!-- This site is optimized with the Yoast SEO plugin v24.4 - https:\/\/yoast.com\/wordpress\/plugins\/seo\/ -->\n<title>A empregabilidade como uma \u201cmedida de qualidade\u201d da forma\u00e7\u00e3o da ESE Coimbra - Mais Magazine<\/title>\n<meta name=\"description\" content=\"A institui\u00e7\u00e3o integra o Instituto Polit\u00e9cnico de Coimbra, o que acarreta benef\u00edcios no \u201cmelhor apoio social\u201d.\" \/>\n<meta name=\"robots\" content=\"index, follow, max-snippet:-1, max-image-preview:large, max-video-preview:-1\" \/>\n<link rel=\"canonical\" href=\"https:\/\/maismagazine.pt\/index.php\/2022\/07\/15\/a-empregabilidade-como-uma-medida-de-qualidade-da-formacao-da-ese-coimbra\/\" \/>\n<meta property=\"og:locale\" content=\"pt_PT\" \/>\n<meta property=\"og:type\" content=\"article\" \/>\n<meta property=\"og:title\" content=\"A empregabilidade como uma \u201cmedida de qualidade\u201d da forma\u00e7\u00e3o da ESE Coimbra - Mais Magazine\" \/>\n<meta property=\"og:description\" content=\"A institui\u00e7\u00e3o integra o Instituto Polit\u00e9cnico de Coimbra, o que acarreta benef\u00edcios no \u201cmelhor apoio social\u201d.\" \/>\n<meta property=\"og:url\" content=\"https:\/\/maismagazine.pt\/index.php\/2022\/07\/15\/a-empregabilidade-como-uma-medida-de-qualidade-da-formacao-da-ese-coimbra\/\" \/>\n<meta property=\"og:site_name\" content=\"Mais Magazine\" \/>\n<meta property=\"article:published_time\" content=\"2022-07-15T06:00:00+00:00\" \/>\n<meta property=\"og:image\" content=\"https:\/\/maismagazine.pt\/wp-content\/uploads\/2022\/07\/Fachada-ESEC-1-scaled.jpg\" \/>\n\t<meta property=\"og:image:width\" content=\"2560\" \/>\n\t<meta property=\"og:image:height\" content=\"1707\" \/>\n\t<meta property=\"og:image:type\" content=\"image\/jpeg\" \/>\n<meta name=\"author\" content=\"Jo\u00e3o Malainho\" \/>\n<meta name=\"twitter:card\" content=\"summary_large_image\" \/>\n<meta name=\"twitter:label1\" content=\"Escrito por\" \/>\n\t<meta name=\"twitter:data1\" content=\"\" \/>\n\t<meta name=\"twitter:label2\" content=\"Tempo estimado de leitura\" \/>\n\t<meta name=\"twitter:data2\" content=\"3 minutos\" \/>\n<script type=\"application\/ld+json\" class=\"yoast-schema-graph\">{\"@context\":\"https:\/\/schema.org\",\"@graph\":[{\"@type\":\"Article\",\"@id\":\"https:\/\/maismagazine.pt\/index.php\/2022\/07\/15\/a-empregabilidade-como-uma-medida-de-qualidade-da-formacao-da-ese-coimbra\/#article\",\"isPartOf\":{\"@id\":\"https:\/\/maismagazine.pt\/index.php\/2022\/07\/15\/a-empregabilidade-como-uma-medida-de-qualidade-da-formacao-da-ese-coimbra\/\"},\"author\":{\"name\":\"Jo\u00e3o Malainho\",\"@id\":\"https:\/\/maismagazine.pt\/#\/schema\/person\/999bd426f894ff56d397ec12ebd21ebb\"},\"headline\":\"A empregabilidade como uma \u201cmedida de qualidade\u201d da forma\u00e7\u00e3o da ESE Coimbra\",\"datePublished\":\"2022-07-15T06:00:00+00:00\",\"mainEntityOfPage\":{\"@id\":\"https:\/\/maismagazine.pt\/index.php\/2022\/07\/15\/a-empregabilidade-como-uma-medida-de-qualidade-da-formacao-da-ese-coimbra\/\"},\"wordCount\":705,\"commentCount\":0,\"publisher\":{\"@id\":\"https:\/\/maismagazine.pt\/#organization\"},\"image\":{\"@id\":\"https:\/\/maismagazine.pt\/index.php\/2022\/07\/15\/a-empregabilidade-como-uma-medida-de-qualidade-da-formacao-da-ese-coimbra\/#primaryimage\"},\"thumbnailUrl\":\"http:\/\/maismagazine.pt\/wp-content\/uploads\/2022\/07\/Fachada-ESEC-1-scaled.jpg\",\"keywords\":[\"ensino superior\",\"IPC\",\"Rui Antunes\"],\"articleSection\":[\"Educa\u00e7\u00e3o\"],\"inLanguage\":\"pt-PT\",\"potentialAction\":[{\"@type\":\"CommentAction\",\"name\":\"Comment\",\"target\":[\"https:\/\/maismagazine.pt\/index.php\/2022\/07\/15\/a-empregabilidade-como-uma-medida-de-qualidade-da-formacao-da-ese-coimbra\/#respond\"]}]},{\"@type\":\"WebPage\",\"@id\":\"https:\/\/maismagazine.pt\/index.php\/2022\/07\/15\/a-empregabilidade-como-uma-medida-de-qualidade-da-formacao-da-ese-coimbra\/\",\"url\":\"https:\/\/maismagazine.pt\/index.php\/2022\/07\/15\/a-empregabilidade-como-uma-medida-de-qualidade-da-formacao-da-ese-coimbra\/\",\"name\":\"A empregabilidade como uma \u201cmedida de qualidade\u201d da forma\u00e7\u00e3o da ESE Coimbra - Mais Magazine\",\"isPartOf\":{\"@id\":\"https:\/\/maismagazine.pt\/#website\"},\"primaryImageOfPage\":{\"@id\":\"https:\/\/maismagazine.pt\/index.php\/2022\/07\/15\/a-empregabilidade-como-uma-medida-de-qualidade-da-formacao-da-ese-coimbra\/#primaryimage\"},\"image\":{\"@id\":\"https:\/\/maismagazine.pt\/index.php\/2022\/07\/15\/a-empregabilidade-como-uma-medida-de-qualidade-da-formacao-da-ese-coimbra\/#primaryimage\"},\"thumbnailUrl\":\"http:\/\/maismagazine.pt\/wp-content\/uploads\/2022\/07\/Fachada-ESEC-1-scaled.jpg\",\"datePublished\":\"2022-07-15T06:00:00+00:00\",\"description\":\"A institui\u00e7\u00e3o integra o Instituto Polit\u00e9cnico de Coimbra, o que acarreta benef\u00edcios no \u201cmelhor apoio social\u201d.\",\"breadcrumb\":{\"@id\":\"https:\/\/maismagazine.pt\/index.php\/2022\/07\/15\/a-empregabilidade-como-uma-medida-de-qualidade-da-formacao-da-ese-coimbra\/#breadcrumb\"},\"inLanguage\":\"pt-PT\",\"potentialAction\":[{\"@type\":\"ReadAction\",\"target\":[\"https:\/\/maismagazine.pt\/index.php\/2022\/07\/15\/a-empregabilidade-como-uma-medida-de-qualidade-da-formacao-da-ese-coimbra\/\"]}]},{\"@type\":\"ImageObject\",\"inLanguage\":\"pt-PT\",\"@id\":\"https:\/\/maismagazine.pt\/index.php\/2022\/07\/15\/a-empregabilidade-como-uma-medida-de-qualidade-da-formacao-da-ese-coimbra\/#primaryimage\",\"url\":\"http:\/\/maismagazine.pt\/wp-content\/uploads\/2022\/07\/Fachada-ESEC-1-scaled.jpg\",\"contentUrl\":\"http:\/\/maismagazine.pt\/wp-content\/uploads\/2022\/07\/Fachada-ESEC-1-scaled.jpg\",\"width\":2560,\"height\":1707},{\"@type\":\"BreadcrumbList\",\"@id\":\"https:\/\/maismagazine.pt\/index.php\/2022\/07\/15\/a-empregabilidade-como-uma-medida-de-qualidade-da-formacao-da-ese-coimbra\/#breadcrumb\",\"itemListElement\":[{\"@type\":\"ListItem\",\"position\":1,\"name\":\"Home\",\"item\":\"https:\/\/maismagazine.pt\/\"},{\"@type\":\"ListItem\",\"position\":2,\"name\":\"A empregabilidade como uma \u201cmedida de qualidade\u201d da forma\u00e7\u00e3o da ESE Coimbra\"}]},{\"@type\":\"WebSite\",\"@id\":\"https:\/\/maismagazine.pt\/#website\",\"url\":\"https:\/\/maismagazine.pt\/\",\"name\":\"Mais Magazine\",\"description\":\"\",\"publisher\":{\"@id\":\"https:\/\/maismagazine.pt\/#organization\"},\"potentialAction\":[{\"@type\":\"SearchAction\",\"target\":{\"@type\":\"EntryPoint\",\"urlTemplate\":\"https:\/\/maismagazine.pt\/?s={search_term_string}\"},\"query-input\":{\"@type\":\"PropertyValueSpecification\",\"valueRequired\":true,\"valueName\":\"search_term_string\"}}],\"inLanguage\":\"pt-PT\"},{\"@type\":\"Organization\",\"@id\":\"https:\/\/maismagazine.pt\/#organization\",\"name\":\"Mais Magazine\",\"url\":\"https:\/\/maismagazine.pt\/\",\"logo\":{\"@type\":\"ImageObject\",\"inLanguage\":\"pt-PT\",\"@id\":\"https:\/\/maismagazine.pt\/#\/schema\/logo\/image\/\",\"url\":\"http:\/\/maismagazine.pt\/wp-content\/uploads\/2020\/04\/cropped-cropped-mais-magazine-site-logo-2.png\",\"contentUrl\":\"http:\/\/maismagazine.pt\/wp-content\/uploads\/2020\/04\/cropped-cropped-mais-magazine-site-logo-2.png\",\"width\":581,\"height\":90,\"caption\":\"Mais Magazine\"},\"image\":{\"@id\":\"https:\/\/maismagazine.pt\/#\/schema\/logo\/image\/\"}},{\"@type\":\"Person\",\"@id\":\"https:\/\/maismagazine.pt\/#\/schema\/person\/999bd426f894ff56d397ec12ebd21ebb\",\"name\":\"Jo\u00e3o Malainho\",\"image\":{\"@type\":\"ImageObject\",\"inLanguage\":\"pt-PT\",\"@id\":\"https:\/\/maismagazine.pt\/#\/schema\/person\/image\/\",\"url\":\"https:\/\/secure.gravatar.com\/avatar\/ff03c2f38edf60b2a827aa4f74878491?s=96&d=mm&r=g\",\"contentUrl\":\"https:\/\/secure.gravatar.com\/avatar\/ff03c2f38edf60b2a827aa4f74878491?s=96&d=mm&r=g\",\"caption\":\"Jo\u00e3o Malainho\"},\"url\":\"http:\/\/maismagazine.pt\/index.php\/author\/maismagazine\/\"}]}<\/script>\n<!-- \/ Yoast SEO plugin. -->","yoast_head_json":{"title":"A empregabilidade como uma \u201cmedida de qualidade\u201d da forma\u00e7\u00e3o da ESE Coimbra - Mais Magazine","description":"A institui\u00e7\u00e3o integra o Instituto Polit\u00e9cnico de Coimbra, o que acarreta benef\u00edcios no \u201cmelhor apoio social\u201d.","robots":{"index":"index","follow":"follow","max-snippet":"max-snippet:-1","max-image-preview":"max-image-preview:large","max-video-preview":"max-video-preview:-1"},"canonical":"https:\/\/maismagazine.pt\/index.php\/2022\/07\/15\/a-empregabilidade-como-uma-medida-de-qualidade-da-formacao-da-ese-coimbra\/","og_locale":"pt_PT","og_type":"article","og_title":"A empregabilidade como uma \u201cmedida de qualidade\u201d da forma\u00e7\u00e3o da ESE Coimbra - Mais Magazine","og_description":"A institui\u00e7\u00e3o integra o Instituto Polit\u00e9cnico de Coimbra, o que acarreta benef\u00edcios no \u201cmelhor apoio social\u201d.","og_url":"https:\/\/maismagazine.pt\/index.php\/2022\/07\/15\/a-empregabilidade-como-uma-medida-de-qualidade-da-formacao-da-ese-coimbra\/","og_site_name":"Mais Magazine","article_published_time":"2022-07-15T06:00:00+00:00","og_image":[{"width":2560,"height":1707,"url":"https:\/\/maismagazine.pt\/wp-content\/uploads\/2022\/07\/Fachada-ESEC-1-scaled.jpg","type":"image\/jpeg"}],"author":"Jo\u00e3o Malainho","twitter_card":"summary_large_image","twitter_misc":{"Escrito por":false,"Tempo estimado de leitura":"3 minutos"},"schema":{"@context":"https:\/\/schema.org","@graph":[{"@type":"Article","@id":"https:\/\/maismagazine.pt\/index.php\/2022\/07\/15\/a-empregabilidade-como-uma-medida-de-qualidade-da-formacao-da-ese-coimbra\/#article","isPartOf":{"@id":"https:\/\/maismagazine.pt\/index.php\/2022\/07\/15\/a-empregabilidade-como-uma-medida-de-qualidade-da-formacao-da-ese-coimbra\/"},"author":{"name":"Jo\u00e3o Malainho","@id":"https:\/\/maismagazine.pt\/#\/schema\/person\/999bd426f894ff56d397ec12ebd21ebb"},"headline":"A empregabilidade como uma \u201cmedida de qualidade\u201d da forma\u00e7\u00e3o da ESE Coimbra","datePublished":"2022-07-15T06:00:00+00:00","mainEntityOfPage":{"@id":"https:\/\/maismagazine.pt\/index.php\/2022\/07\/15\/a-empregabilidade-como-uma-medida-de-qualidade-da-formacao-da-ese-coimbra\/"},"wordCount":705,"commentCount":0,"publisher":{"@id":"https:\/\/maismagazine.pt\/#organization"},"image":{"@id":"https:\/\/maismagazine.pt\/index.php\/2022\/07\/15\/a-empregabilidade-como-uma-medida-de-qualidade-da-formacao-da-ese-coimbra\/#primaryimage"},"thumbnailUrl":"http:\/\/maismagazine.pt\/wp-content\/uploads\/2022\/07\/Fachada-ESEC-1-scaled.jpg","keywords":["ensino superior","IPC","Rui Antunes"],"articleSection":["Educa\u00e7\u00e3o"],"inLanguage":"pt-PT","potentialAction":[{"@type":"CommentAction","name":"Comment","target":["https:\/\/maismagazine.pt\/index.php\/2022\/07\/15\/a-empregabilidade-como-uma-medida-de-qualidade-da-formacao-da-ese-coimbra\/#respond"]}]},{"@type":"WebPage","@id":"https:\/\/maismagazine.pt\/index.php\/2022\/07\/15\/a-empregabilidade-como-uma-medida-de-qualidade-da-formacao-da-ese-coimbra\/","url":"https:\/\/maismagazine.pt\/index.php\/2022\/07\/15\/a-empregabilidade-como-uma-medida-de-qualidade-da-formacao-da-ese-coimbra\/","name":"A empregabilidade como uma \u201cmedida de qualidade\u201d da forma\u00e7\u00e3o da ESE Coimbra - Mais Magazine","isPartOf":{"@id":"https:\/\/maismagazine.pt\/#website"},"primaryImageOfPage":{"@id":"https:\/\/maismagazine.pt\/index.php\/2022\/07\/15\/a-empregabilidade-como-uma-medida-de-qualidade-da-formacao-da-ese-coimbra\/#primaryimage"},"image":{"@id":"https:\/\/maismagazine.pt\/index.php\/2022\/07\/15\/a-empregabilidade-como-uma-medida-de-qualidade-da-formacao-da-ese-coimbra\/#primaryimage"},"thumbnailUrl":"http:\/\/maismagazine.pt\/wp-content\/uploads\/2022\/07\/Fachada-ESEC-1-scaled.jpg","datePublished":"2022-07-15T06:00:00+00:00","description":"A institui\u00e7\u00e3o integra o Instituto Polit\u00e9cnico de Coimbra, o que acarreta benef\u00edcios no \u201cmelhor apoio social\u201d.","breadcrumb":{"@id":"https:\/\/maismagazine.pt\/index.php\/2022\/07\/15\/a-empregabilidade-como-uma-medida-de-qualidade-da-formacao-da-ese-coimbra\/#breadcrumb"},"inLanguage":"pt-PT","potentialAction":[{"@type":"ReadAction","target":["https:\/\/maismagazine.pt\/index.php\/2022\/07\/15\/a-empregabilidade-como-uma-medida-de-qualidade-da-formacao-da-ese-coimbra\/"]}]},{"@type":"ImageObject","inLanguage":"pt-PT","@id":"https:\/\/maismagazine.pt\/index.php\/2022\/07\/15\/a-empregabilidade-como-uma-medida-de-qualidade-da-formacao-da-ese-coimbra\/#primaryimage","url":"http:\/\/maismagazine.pt\/wp-content\/uploads\/2022\/07\/Fachada-ESEC-1-scaled.jpg","contentUrl":"http:\/\/maismagazine.pt\/wp-content\/uploads\/2022\/07\/Fachada-ESEC-1-scaled.jpg","width":2560,"height":1707},{"@type":"BreadcrumbList","@id":"https:\/\/maismagazine.pt\/index.php\/2022\/07\/15\/a-empregabilidade-como-uma-medida-de-qualidade-da-formacao-da-ese-coimbra\/#breadcrumb","itemListElement":[{"@type":"ListItem","position":1,"name":"Home","item":"https:\/\/maismagazine.pt\/"},{"@type":"ListItem","position":2,"name":"A empregabilidade como uma \u201cmedida de qualidade\u201d da forma\u00e7\u00e3o da ESE Coimbra"}]},{"@type":"WebSite","@id":"https:\/\/maismagazine.pt\/#website","url":"https:\/\/maismagazine.pt\/","name":"Mais Magazine","description":"","publisher":{"@id":"https:\/\/maismagazine.pt\/#organization"},"potentialAction":[{"@type":"SearchAction","target":{"@type":"EntryPoint","urlTemplate":"https:\/\/maismagazine.pt\/?s={search_term_string}"},"query-input":{"@type":"PropertyValueSpecification","valueRequired":true,"valueName":"search_term_string"}}],"inLanguage":"pt-PT"},{"@type":"Organization","@id":"https:\/\/maismagazine.pt\/#organization","name":"Mais Magazine","url":"https:\/\/maismagazine.pt\/","logo":{"@type":"ImageObject","inLanguage":"pt-PT","@id":"https:\/\/maismagazine.pt\/#\/schema\/logo\/image\/","url":"http:\/\/maismagazine.pt\/wp-content\/uploads\/2020\/04\/cropped-cropped-mais-magazine-site-logo-2.png","contentUrl":"http:\/\/maismagazine.pt\/wp-content\/uploads\/2020\/04\/cropped-cropped-mais-magazine-site-logo-2.png","width":581,"height":90,"caption":"Mais Magazine"},"image":{"@id":"https:\/\/maismagazine.pt\/#\/schema\/logo\/image\/"}},{"@type":"Person","@id":"https:\/\/maismagazine.pt\/#\/schema\/person\/999bd426f894ff56d397ec12ebd21ebb","name":"Jo\u00e3o Malainho","image":{"@type":"ImageObject","inLanguage":"pt-PT","@id":"https:\/\/maismagazine.pt\/#\/schema\/person\/image\/","url":"https:\/\/secure.gravatar.com\/avatar\/ff03c2f38edf60b2a827aa4f74878491?s=96&d=mm&r=g","contentUrl":"https:\/\/secure.gravatar.com\/avatar\/ff03c2f38edf60b2a827aa4f74878491?s=96&d=mm&r=g","caption":"Jo\u00e3o Malainho"},"url":"http:\/\/maismagazine.pt\/index.php\/author\/maismagazine\/"}]}},"author_meta":{"display_name":false,"author_link":"http:\/\/maismagazine.pt\/index.php\/author\/maismagazine\/"},"featured_img":"http:\/\/maismagazine.pt\/wp-content\/uploads\/2022\/07\/Fachada-ESEC-1-300x200.jpg","coauthors":[],"tax_additional":{"categories":{"linked":["<a href=\"http:\/\/maismagazine.pt\/index.php\/category\/educacao\/\" class=\"advgb-post-tax-term\">Educa\u00e7\u00e3o<\/a>"],"unlinked":["<span class=\"advgb-post-tax-term\">Educa\u00e7\u00e3o<\/span>"]},"tags":{"linked":["<a href=\"http:\/\/maismagazine.pt\/index.php\/category\/educacao\/\" class=\"advgb-post-tax-term\">ensino superior<\/a>","<a href=\"http:\/\/maismagazine.pt\/index.php\/category\/educacao\/\" class=\"advgb-post-tax-term\">IPC<\/a>","<a href=\"http:\/\/maismagazine.pt\/index.php\/category\/educacao\/\" class=\"advgb-post-tax-term\">Rui Antunes<\/a>"],"unlinked":["<span class=\"advgb-post-tax-term\">ensino superior<\/span>","<span class=\"advgb-post-tax-term\">IPC<\/span>","<span class=\"advgb-post-tax-term\">Rui Antunes<\/span>"]}},"comment_count":"0","relative_dates":{"created":"Posted 4 anos ago","modified":"Updated 4 anos ago"},"absolute_dates":{"created":"Posted on 15 de Julho, 2022","modified":"Updated on 8 de Julho, 2022"},"absolute_dates_time":{"created":"Posted on 15 de Julho, 2022 7:00","modified":"Updated on 8 de Julho, 2022 17:22"},"featured_img_caption":"","series_order":"","_links":{"self":[{"href":"http:\/\/maismagazine.pt\/index.php\/wp-json\/wp\/v2\/posts\/3717","targetHints":{"allow":["GET"]}}],"collection":[{"href":"http:\/\/maismagazine.pt\/index.php\/wp-json\/wp\/v2\/posts"}],"about":[{"href":"http:\/\/maismagazine.pt\/index.php\/wp-json\/wp\/v2\/types\/post"}],"author":[{"embeddable":true,"href":"http:\/\/maismagazine.pt\/index.php\/wp-json\/wp\/v2\/users\/7"}],"replies":[{"embeddable":true,"href":"http:\/\/maismagazine.pt\/index.php\/wp-json\/wp\/v2\/comments?post=3717"}],"version-history":[{"count":1,"href":"http:\/\/maismagazine.pt\/index.php\/wp-json\/wp\/v2\/posts\/3717\/revisions"}],"predecessor-version":[{"id":3720,"href":"http:\/\/maismagazine.pt\/index.php\/wp-json\/wp\/v2\/posts\/3717\/revisions\/3720"}],"wp:featuredmedia":[{"embeddable":true,"href":"http:\/\/maismagazine.pt\/index.php\/wp-json\/wp\/v2\/media\/3719"}],"wp:attachment":[{"href":"http:\/\/maismagazine.pt\/index.php\/wp-json\/wp\/v2\/media?parent=3717"}],"wp:term":[{"taxonomy":"category","embeddable":true,"href":"http:\/\/maismagazine.pt\/index.php\/wp-json\/wp\/v2\/categories?post=3717"},{"taxonomy":"post_tag","embeddable":true,"href":"http:\/\/maismagazine.pt\/index.php\/wp-json\/wp\/v2\/tags?post=3717"}],"curies":[{"name":"wp","href":"https:\/\/api.w.org\/{rel}","templated":true}]}}