{"id":3692,"date":"2022-02-23T15:30:00","date_gmt":"2022-02-23T15:30:00","guid":{"rendered":"http:\/\/maismagazine.pt\/?p=3692"},"modified":"2022-06-09T15:33:04","modified_gmt":"2022-06-09T14:33:04","slug":"editorial-fevereiro-2022","status":"publish","type":"post","link":"http:\/\/maismagazine.pt\/index.php\/2022\/02\/23\/editorial-fevereiro-2022\/","title":{"rendered":"Editorial | fevereiro 2022"},"content":{"rendered":"\n<p>Fazemo-nos novamente \u00e0 estrada para levar at\u00e9 si esta edi\u00e7\u00e3o da Mais Magazine. E para isso entramos naquele que \u00e9 um dos grandes s\u00edmbolos do progresso no s\u00e9culo XX, e que continua a s\u00ea-lo no s\u00e9culo XXI \u2013 o autom\u00f3vel. M\u00e1quina de sonho para muitos, diabolizada por outros, o que \u00e9 certo \u00e9 que o autom\u00f3vel revolucionou as vidas de milh\u00f5es de pessoas em todo o mundo. Em Portugal, at\u00e9 aos anos 60 do s\u00e9culo passado, era um luxo apenas alcan\u00e7\u00e1vel por uma minoria. Num pa\u00eds pobre e atrasado, as viagens eram raras e faziam-se a grande custo. As motorizadas de fabrico nacional percorriam as estradas de terra batida de todo o pa\u00eds, ou as ruas calcetadas das vilas e cidades portuguesas. A partir dos anos 70 a chegada da democracia significou tamb\u00e9m o acesso a pequenos \u201cluxos\u201d, como ter um &#8220;utilit\u00e1rio&#8221; para poder trabalhar, ir de f\u00e9rias ou passear. Ao volante de um autom\u00f3vel as dist\u00e2ncias ficaram mais pequenas e os horizontes maiores.<\/p>\n\n\n\n<p><\/p>\n\n\n\n<p>Para al\u00e9m de uma m\u00e1quina impressionante e, nalguns casos, de uma bela pe\u00e7a de design, o autom\u00f3vel continua a ser um s\u00edmbolo de liberdade. Um companheiro que nos \u201catura\u201d longas horas no tr\u00e2nsito urbano ou que nos leva em escapadas pelas bel\u00edssimas estradas que temos hoje no nosso pa\u00eds, ou mesmo por essa europa fora\u2026 H\u00e1 um mundo cheio de cor e ternura preservado na mem\u00f3ria de quem se lembra do fasc\u00ednio de pegar num volante pela primeira vez, ou da primeira chegada a um destino que parecia inalcan\u00e7\u00e1vel.<\/p>\n\n\n\n<p><\/p>\n\n\n\n<p>N\u00e3o podia deixar de fazer uma refer\u00eancia ao cinema, e lembrar essa m\u00edtica <em>road trip<\/em> de Paris a Amsterd\u00e3o feita pelo senhor Hulot (Jacques Tati), no seu hilariante <em>Trafic<\/em> (1971). Uma viagem cheia de perip\u00e9cias, s\u00f3 poss\u00edvel gra\u00e7as \u00e0s oficinas e mec\u00e2nicos que existiam ao longo dos cerca de 500 km que separam as duas cidades. Vem tudo isto a prop\u00f3sito da revista que tem nas suas m\u00e3os, cheia de empresas que tratam dos nossos autom\u00f3veis com o cuidado e brio que eles merecem. Ou que comercializam as pe\u00e7as e componentes necess\u00e1rios para que durem muitos anos nas nossas m\u00e3os. Autom\u00f3veis e todos os outros ve\u00edculos de que dependemos para manter o nosso estilo de vida e conforto. \u00a0<\/p>\n\n\n\n<p><\/p>\n\n\n\n<p>Mas falando em longevidade, e at\u00e9 porque o autom\u00f3vel foi inventado ainda no s\u00e9culo XIX, temos espa\u00e7o ainda para empresas centen\u00e1rias na nossa revista. Da siderurgia aos t\u00eaxteis, aut\u00eanticos s\u00edmbolos da ind\u00fastria, a um dos hot\u00e9is mais bonitos e luxuosos do nosso pa\u00eds. Ali\u00e1s, sugest\u00f5es de visita n\u00e3o faltam, de Tr\u00e1s-os-Montes ao Algarve h\u00e1 muito para ver e ler nestas p\u00e1ginas. Fortalezas e mem\u00f3rias de batalhas servem de pretexto para dar um salto a localidades com muito para contar.<\/p>\n","protected":false},"excerpt":{"rendered":"<p>Fazemo-nos novamente \u00e0 estrada para levar at\u00e9 si esta edi\u00e7\u00e3o da Mais Magazine. E para isso entramos naquele que \u00e9 um dos grandes s\u00edmbolos do progresso no s\u00e9culo XX, e que continua a s\u00ea-lo no s\u00e9culo XXI \u2013 o autom\u00f3vel. M\u00e1quina de sonho para muitos, diabolizada por outros, o que&hellip;<\/p>\n","protected":false},"author":7,"featured_media":3693,"comment_status":"open","ping_status":"open","sticky":false,"template":"","format":"standard","meta":{"advgb_blocks_editor_width":"","advgb_blocks_columns_visual_guide":"","_monsterinsights_skip_tracking":false,"_monsterinsights_sitenote_active":false,"_monsterinsights_sitenote_note":"","_monsterinsights_sitenote_category":0,"footnotes":""},"categories":[815],"tags":[816,817,818],"class_list":["post-3692","post","type-post","status-publish","format-standard","has-post-thumbnail","hentry","category-editoriais","tag-editorial","tag-joao","tag-malainho"],"yoast_head":"<!-- This site is optimized with the Yoast SEO plugin v24.4 - https:\/\/yoast.com\/wordpress\/plugins\/seo\/ -->\n<title>Editorial | fevereiro 2022 - Mais Magazine<\/title>\n<meta name=\"description\" content=\"H\u00e1 um mundo cheio de cor e ternura preservado na mem\u00f3ria de quem se lembra do fasc\u00ednio de pegar num volante pela primeira vez...\" \/>\n<meta name=\"robots\" content=\"index, follow, max-snippet:-1, max-image-preview:large, max-video-preview:-1\" \/>\n<link rel=\"canonical\" href=\"https:\/\/maismagazine.pt\/index.php\/2022\/02\/23\/editorial-fevereiro-2022\/\" \/>\n<meta property=\"og:locale\" content=\"pt_PT\" \/>\n<meta property=\"og:type\" content=\"article\" \/>\n<meta property=\"og:title\" content=\"Editorial | fevereiro 2022 - Mais Magazine\" \/>\n<meta property=\"og:description\" content=\"H\u00e1 um mundo cheio de cor e ternura preservado na mem\u00f3ria de quem se lembra do fasc\u00ednio de pegar num volante pela primeira vez...\" \/>\n<meta property=\"og:url\" content=\"https:\/\/maismagazine.pt\/index.php\/2022\/02\/23\/editorial-fevereiro-2022\/\" \/>\n<meta property=\"og:site_name\" content=\"Mais Magazine\" \/>\n<meta property=\"article:published_time\" content=\"2022-02-23T15:30:00+00:00\" \/>\n<meta property=\"article:modified_time\" content=\"2022-06-09T14:33:04+00:00\" \/>\n<meta property=\"og:image\" content=\"https:\/\/maismagazine.pt\/wp-content\/uploads\/2022\/06\/Facebook-cover-MAIS-FEB2022.jpg\" \/>\n\t<meta property=\"og:image:width\" content=\"1640\" \/>\n\t<meta property=\"og:image:height\" content=\"720\" \/>\n\t<meta property=\"og:image:type\" content=\"image\/jpeg\" \/>\n<meta name=\"author\" content=\"Jo\u00e3o Malainho\" \/>\n<meta name=\"twitter:card\" content=\"summary_large_image\" \/>\n<meta name=\"twitter:label1\" content=\"Escrito por\" \/>\n\t<meta name=\"twitter:data1\" content=\"\" \/>\n\t<meta name=\"twitter:label2\" content=\"Tempo estimado de leitura\" \/>\n\t<meta name=\"twitter:data2\" content=\"2 minutos\" \/>\n<script type=\"application\/ld+json\" class=\"yoast-schema-graph\">{\"@context\":\"https:\/\/schema.org\",\"@graph\":[{\"@type\":\"Article\",\"@id\":\"https:\/\/maismagazine.pt\/index.php\/2022\/02\/23\/editorial-fevereiro-2022\/#article\",\"isPartOf\":{\"@id\":\"https:\/\/maismagazine.pt\/index.php\/2022\/02\/23\/editorial-fevereiro-2022\/\"},\"author\":{\"name\":\"Jo\u00e3o Malainho\",\"@id\":\"https:\/\/maismagazine.pt\/#\/schema\/person\/999bd426f894ff56d397ec12ebd21ebb\"},\"headline\":\"Editorial | fevereiro 2022\",\"datePublished\":\"2022-02-23T15:30:00+00:00\",\"dateModified\":\"2022-06-09T14:33:04+00:00\",\"mainEntityOfPage\":{\"@id\":\"https:\/\/maismagazine.pt\/index.php\/2022\/02\/23\/editorial-fevereiro-2022\/\"},\"wordCount\":504,\"commentCount\":0,\"publisher\":{\"@id\":\"https:\/\/maismagazine.pt\/#organization\"},\"image\":{\"@id\":\"https:\/\/maismagazine.pt\/index.php\/2022\/02\/23\/editorial-fevereiro-2022\/#primaryimage\"},\"thumbnailUrl\":\"http:\/\/maismagazine.pt\/wp-content\/uploads\/2022\/06\/Facebook-cover-MAIS-FEB2022.jpg\",\"keywords\":[\"editorial\",\"jo\u00e3o\",\"malainho\"],\"articleSection\":[\"Editoriais\"],\"inLanguage\":\"pt-PT\",\"potentialAction\":[{\"@type\":\"CommentAction\",\"name\":\"Comment\",\"target\":[\"https:\/\/maismagazine.pt\/index.php\/2022\/02\/23\/editorial-fevereiro-2022\/#respond\"]}]},{\"@type\":\"WebPage\",\"@id\":\"https:\/\/maismagazine.pt\/index.php\/2022\/02\/23\/editorial-fevereiro-2022\/\",\"url\":\"https:\/\/maismagazine.pt\/index.php\/2022\/02\/23\/editorial-fevereiro-2022\/\",\"name\":\"Editorial | fevereiro 2022 - Mais Magazine\",\"isPartOf\":{\"@id\":\"https:\/\/maismagazine.pt\/#website\"},\"primaryImageOfPage\":{\"@id\":\"https:\/\/maismagazine.pt\/index.php\/2022\/02\/23\/editorial-fevereiro-2022\/#primaryimage\"},\"image\":{\"@id\":\"https:\/\/maismagazine.pt\/index.php\/2022\/02\/23\/editorial-fevereiro-2022\/#primaryimage\"},\"thumbnailUrl\":\"http:\/\/maismagazine.pt\/wp-content\/uploads\/2022\/06\/Facebook-cover-MAIS-FEB2022.jpg\",\"datePublished\":\"2022-02-23T15:30:00+00:00\",\"dateModified\":\"2022-06-09T14:33:04+00:00\",\"description\":\"H\u00e1 um mundo cheio de cor e ternura preservado na mem\u00f3ria de quem se lembra do fasc\u00ednio de pegar num volante pela primeira vez...\",\"breadcrumb\":{\"@id\":\"https:\/\/maismagazine.pt\/index.php\/2022\/02\/23\/editorial-fevereiro-2022\/#breadcrumb\"},\"inLanguage\":\"pt-PT\",\"potentialAction\":[{\"@type\":\"ReadAction\",\"target\":[\"https:\/\/maismagazine.pt\/index.php\/2022\/02\/23\/editorial-fevereiro-2022\/\"]}]},{\"@type\":\"ImageObject\",\"inLanguage\":\"pt-PT\",\"@id\":\"https:\/\/maismagazine.pt\/index.php\/2022\/02\/23\/editorial-fevereiro-2022\/#primaryimage\",\"url\":\"http:\/\/maismagazine.pt\/wp-content\/uploads\/2022\/06\/Facebook-cover-MAIS-FEB2022.jpg\",\"contentUrl\":\"http:\/\/maismagazine.pt\/wp-content\/uploads\/2022\/06\/Facebook-cover-MAIS-FEB2022.jpg\",\"width\":1640,\"height\":720},{\"@type\":\"BreadcrumbList\",\"@id\":\"https:\/\/maismagazine.pt\/index.php\/2022\/02\/23\/editorial-fevereiro-2022\/#breadcrumb\",\"itemListElement\":[{\"@type\":\"ListItem\",\"position\":1,\"name\":\"Home\",\"item\":\"https:\/\/maismagazine.pt\/\"},{\"@type\":\"ListItem\",\"position\":2,\"name\":\"Editorial | fevereiro 2022\"}]},{\"@type\":\"WebSite\",\"@id\":\"https:\/\/maismagazine.pt\/#website\",\"url\":\"https:\/\/maismagazine.pt\/\",\"name\":\"Mais Magazine\",\"description\":\"\",\"publisher\":{\"@id\":\"https:\/\/maismagazine.pt\/#organization\"},\"potentialAction\":[{\"@type\":\"SearchAction\",\"target\":{\"@type\":\"EntryPoint\",\"urlTemplate\":\"https:\/\/maismagazine.pt\/?s={search_term_string}\"},\"query-input\":{\"@type\":\"PropertyValueSpecification\",\"valueRequired\":true,\"valueName\":\"search_term_string\"}}],\"inLanguage\":\"pt-PT\"},{\"@type\":\"Organization\",\"@id\":\"https:\/\/maismagazine.pt\/#organization\",\"name\":\"Mais Magazine\",\"url\":\"https:\/\/maismagazine.pt\/\",\"logo\":{\"@type\":\"ImageObject\",\"inLanguage\":\"pt-PT\",\"@id\":\"https:\/\/maismagazine.pt\/#\/schema\/logo\/image\/\",\"url\":\"http:\/\/maismagazine.pt\/wp-content\/uploads\/2020\/04\/cropped-cropped-mais-magazine-site-logo-2.png\",\"contentUrl\":\"http:\/\/maismagazine.pt\/wp-content\/uploads\/2020\/04\/cropped-cropped-mais-magazine-site-logo-2.png\",\"width\":581,\"height\":90,\"caption\":\"Mais Magazine\"},\"image\":{\"@id\":\"https:\/\/maismagazine.pt\/#\/schema\/logo\/image\/\"}},{\"@type\":\"Person\",\"@id\":\"https:\/\/maismagazine.pt\/#\/schema\/person\/999bd426f894ff56d397ec12ebd21ebb\",\"name\":\"Jo\u00e3o Malainho\",\"image\":{\"@type\":\"ImageObject\",\"inLanguage\":\"pt-PT\",\"@id\":\"https:\/\/maismagazine.pt\/#\/schema\/person\/image\/\",\"url\":\"https:\/\/secure.gravatar.com\/avatar\/ff03c2f38edf60b2a827aa4f74878491?s=96&d=mm&r=g\",\"contentUrl\":\"https:\/\/secure.gravatar.com\/avatar\/ff03c2f38edf60b2a827aa4f74878491?s=96&d=mm&r=g\",\"caption\":\"Jo\u00e3o Malainho\"},\"url\":\"http:\/\/maismagazine.pt\/index.php\/author\/maismagazine\/\"}]}<\/script>\n<!-- \/ Yoast SEO plugin. -->","yoast_head_json":{"title":"Editorial | fevereiro 2022 - Mais Magazine","description":"H\u00e1 um mundo cheio de cor e ternura preservado na mem\u00f3ria de quem se lembra do fasc\u00ednio de pegar num volante pela primeira vez...","robots":{"index":"index","follow":"follow","max-snippet":"max-snippet:-1","max-image-preview":"max-image-preview:large","max-video-preview":"max-video-preview:-1"},"canonical":"https:\/\/maismagazine.pt\/index.php\/2022\/02\/23\/editorial-fevereiro-2022\/","og_locale":"pt_PT","og_type":"article","og_title":"Editorial | fevereiro 2022 - Mais Magazine","og_description":"H\u00e1 um mundo cheio de cor e ternura preservado na mem\u00f3ria de quem se lembra do fasc\u00ednio de pegar num volante pela primeira vez...","og_url":"https:\/\/maismagazine.pt\/index.php\/2022\/02\/23\/editorial-fevereiro-2022\/","og_site_name":"Mais Magazine","article_published_time":"2022-02-23T15:30:00+00:00","article_modified_time":"2022-06-09T14:33:04+00:00","og_image":[{"width":1640,"height":720,"url":"https:\/\/maismagazine.pt\/wp-content\/uploads\/2022\/06\/Facebook-cover-MAIS-FEB2022.jpg","type":"image\/jpeg"}],"author":"Jo\u00e3o Malainho","twitter_card":"summary_large_image","twitter_misc":{"Escrito por":false,"Tempo estimado de leitura":"2 minutos"},"schema":{"@context":"https:\/\/schema.org","@graph":[{"@type":"Article","@id":"https:\/\/maismagazine.pt\/index.php\/2022\/02\/23\/editorial-fevereiro-2022\/#article","isPartOf":{"@id":"https:\/\/maismagazine.pt\/index.php\/2022\/02\/23\/editorial-fevereiro-2022\/"},"author":{"name":"Jo\u00e3o Malainho","@id":"https:\/\/maismagazine.pt\/#\/schema\/person\/999bd426f894ff56d397ec12ebd21ebb"},"headline":"Editorial | fevereiro 2022","datePublished":"2022-02-23T15:30:00+00:00","dateModified":"2022-06-09T14:33:04+00:00","mainEntityOfPage":{"@id":"https:\/\/maismagazine.pt\/index.php\/2022\/02\/23\/editorial-fevereiro-2022\/"},"wordCount":504,"commentCount":0,"publisher":{"@id":"https:\/\/maismagazine.pt\/#organization"},"image":{"@id":"https:\/\/maismagazine.pt\/index.php\/2022\/02\/23\/editorial-fevereiro-2022\/#primaryimage"},"thumbnailUrl":"http:\/\/maismagazine.pt\/wp-content\/uploads\/2022\/06\/Facebook-cover-MAIS-FEB2022.jpg","keywords":["editorial","jo\u00e3o","malainho"],"articleSection":["Editoriais"],"inLanguage":"pt-PT","potentialAction":[{"@type":"CommentAction","name":"Comment","target":["https:\/\/maismagazine.pt\/index.php\/2022\/02\/23\/editorial-fevereiro-2022\/#respond"]}]},{"@type":"WebPage","@id":"https:\/\/maismagazine.pt\/index.php\/2022\/02\/23\/editorial-fevereiro-2022\/","url":"https:\/\/maismagazine.pt\/index.php\/2022\/02\/23\/editorial-fevereiro-2022\/","name":"Editorial | fevereiro 2022 - Mais Magazine","isPartOf":{"@id":"https:\/\/maismagazine.pt\/#website"},"primaryImageOfPage":{"@id":"https:\/\/maismagazine.pt\/index.php\/2022\/02\/23\/editorial-fevereiro-2022\/#primaryimage"},"image":{"@id":"https:\/\/maismagazine.pt\/index.php\/2022\/02\/23\/editorial-fevereiro-2022\/#primaryimage"},"thumbnailUrl":"http:\/\/maismagazine.pt\/wp-content\/uploads\/2022\/06\/Facebook-cover-MAIS-FEB2022.jpg","datePublished":"2022-02-23T15:30:00+00:00","dateModified":"2022-06-09T14:33:04+00:00","description":"H\u00e1 um mundo cheio de cor e ternura preservado na mem\u00f3ria de quem se lembra do fasc\u00ednio de pegar num volante pela primeira vez...","breadcrumb":{"@id":"https:\/\/maismagazine.pt\/index.php\/2022\/02\/23\/editorial-fevereiro-2022\/#breadcrumb"},"inLanguage":"pt-PT","potentialAction":[{"@type":"ReadAction","target":["https:\/\/maismagazine.pt\/index.php\/2022\/02\/23\/editorial-fevereiro-2022\/"]}]},{"@type":"ImageObject","inLanguage":"pt-PT","@id":"https:\/\/maismagazine.pt\/index.php\/2022\/02\/23\/editorial-fevereiro-2022\/#primaryimage","url":"http:\/\/maismagazine.pt\/wp-content\/uploads\/2022\/06\/Facebook-cover-MAIS-FEB2022.jpg","contentUrl":"http:\/\/maismagazine.pt\/wp-content\/uploads\/2022\/06\/Facebook-cover-MAIS-FEB2022.jpg","width":1640,"height":720},{"@type":"BreadcrumbList","@id":"https:\/\/maismagazine.pt\/index.php\/2022\/02\/23\/editorial-fevereiro-2022\/#breadcrumb","itemListElement":[{"@type":"ListItem","position":1,"name":"Home","item":"https:\/\/maismagazine.pt\/"},{"@type":"ListItem","position":2,"name":"Editorial | fevereiro 2022"}]},{"@type":"WebSite","@id":"https:\/\/maismagazine.pt\/#website","url":"https:\/\/maismagazine.pt\/","name":"Mais Magazine","description":"","publisher":{"@id":"https:\/\/maismagazine.pt\/#organization"},"potentialAction":[{"@type":"SearchAction","target":{"@type":"EntryPoint","urlTemplate":"https:\/\/maismagazine.pt\/?s={search_term_string}"},"query-input":{"@type":"PropertyValueSpecification","valueRequired":true,"valueName":"search_term_string"}}],"inLanguage":"pt-PT"},{"@type":"Organization","@id":"https:\/\/maismagazine.pt\/#organization","name":"Mais Magazine","url":"https:\/\/maismagazine.pt\/","logo":{"@type":"ImageObject","inLanguage":"pt-PT","@id":"https:\/\/maismagazine.pt\/#\/schema\/logo\/image\/","url":"http:\/\/maismagazine.pt\/wp-content\/uploads\/2020\/04\/cropped-cropped-mais-magazine-site-logo-2.png","contentUrl":"http:\/\/maismagazine.pt\/wp-content\/uploads\/2020\/04\/cropped-cropped-mais-magazine-site-logo-2.png","width":581,"height":90,"caption":"Mais Magazine"},"image":{"@id":"https:\/\/maismagazine.pt\/#\/schema\/logo\/image\/"}},{"@type":"Person","@id":"https:\/\/maismagazine.pt\/#\/schema\/person\/999bd426f894ff56d397ec12ebd21ebb","name":"Jo\u00e3o Malainho","image":{"@type":"ImageObject","inLanguage":"pt-PT","@id":"https:\/\/maismagazine.pt\/#\/schema\/person\/image\/","url":"https:\/\/secure.gravatar.com\/avatar\/ff03c2f38edf60b2a827aa4f74878491?s=96&d=mm&r=g","contentUrl":"https:\/\/secure.gravatar.com\/avatar\/ff03c2f38edf60b2a827aa4f74878491?s=96&d=mm&r=g","caption":"Jo\u00e3o Malainho"},"url":"http:\/\/maismagazine.pt\/index.php\/author\/maismagazine\/"}]}},"author_meta":{"display_name":false,"author_link":"http:\/\/maismagazine.pt\/index.php\/author\/maismagazine\/"},"featured_img":"http:\/\/maismagazine.pt\/wp-content\/uploads\/2022\/06\/Facebook-cover-MAIS-FEB2022-300x132.jpg","coauthors":[],"tax_additional":{"categories":{"linked":["<a href=\"http:\/\/maismagazine.pt\/index.php\/category\/editoriais\/\" class=\"advgb-post-tax-term\">Editoriais<\/a>"],"unlinked":["<span class=\"advgb-post-tax-term\">Editoriais<\/span>"]},"tags":{"linked":["<a href=\"http:\/\/maismagazine.pt\/index.php\/category\/editoriais\/\" class=\"advgb-post-tax-term\">editorial<\/a>","<a href=\"http:\/\/maismagazine.pt\/index.php\/category\/editoriais\/\" class=\"advgb-post-tax-term\">jo\u00e3o<\/a>","<a href=\"http:\/\/maismagazine.pt\/index.php\/category\/editoriais\/\" class=\"advgb-post-tax-term\">malainho<\/a>"],"unlinked":["<span class=\"advgb-post-tax-term\">editorial<\/span>","<span class=\"advgb-post-tax-term\">jo\u00e3o<\/span>","<span class=\"advgb-post-tax-term\">malainho<\/span>"]}},"comment_count":"0","relative_dates":{"created":"Posted 4 anos ago","modified":"Updated 4 anos ago"},"absolute_dates":{"created":"Posted on 23 de Fevereiro, 2022","modified":"Updated on 9 de Junho, 2022"},"absolute_dates_time":{"created":"Posted on 23 de Fevereiro, 2022 15:30","modified":"Updated on 9 de Junho, 2022 15:33"},"featured_img_caption":"","series_order":"","_links":{"self":[{"href":"http:\/\/maismagazine.pt\/index.php\/wp-json\/wp\/v2\/posts\/3692","targetHints":{"allow":["GET"]}}],"collection":[{"href":"http:\/\/maismagazine.pt\/index.php\/wp-json\/wp\/v2\/posts"}],"about":[{"href":"http:\/\/maismagazine.pt\/index.php\/wp-json\/wp\/v2\/types\/post"}],"author":[{"embeddable":true,"href":"http:\/\/maismagazine.pt\/index.php\/wp-json\/wp\/v2\/users\/7"}],"replies":[{"embeddable":true,"href":"http:\/\/maismagazine.pt\/index.php\/wp-json\/wp\/v2\/comments?post=3692"}],"version-history":[{"count":1,"href":"http:\/\/maismagazine.pt\/index.php\/wp-json\/wp\/v2\/posts\/3692\/revisions"}],"predecessor-version":[{"id":3694,"href":"http:\/\/maismagazine.pt\/index.php\/wp-json\/wp\/v2\/posts\/3692\/revisions\/3694"}],"wp:featuredmedia":[{"embeddable":true,"href":"http:\/\/maismagazine.pt\/index.php\/wp-json\/wp\/v2\/media\/3693"}],"wp:attachment":[{"href":"http:\/\/maismagazine.pt\/index.php\/wp-json\/wp\/v2\/media?parent=3692"}],"wp:term":[{"taxonomy":"category","embeddable":true,"href":"http:\/\/maismagazine.pt\/index.php\/wp-json\/wp\/v2\/categories?post=3692"},{"taxonomy":"post_tag","embeddable":true,"href":"http:\/\/maismagazine.pt\/index.php\/wp-json\/wp\/v2\/tags?post=3692"}],"curies":[{"name":"wp","href":"https:\/\/api.w.org\/{rel}","templated":true}]}}