{"id":3682,"date":"2022-03-31T15:15:00","date_gmt":"2022-03-31T14:15:00","guid":{"rendered":"http:\/\/maismagazine.pt\/?p=3682"},"modified":"2022-06-09T15:17:04","modified_gmt":"2022-06-09T14:17:04","slug":"editorial-marco-2022","status":"publish","type":"post","link":"http:\/\/maismagazine.pt\/index.php\/2022\/03\/31\/editorial-marco-2022\/","title":{"rendered":"Editorial | mar\u00e7o 2022"},"content":{"rendered":"\n<p>Quando come\u00e7\u00e1mos a trabalhar nesta edi\u00e7\u00e3o da Mais Magazine o pa\u00eds atravessava uma grave seca, e todos os dias v\u00edamos e liamos not\u00edcias sobre os caudais historicamente baixos de rios e albufeiras. No dia em que escrevo este editorial a situa\u00e7\u00e3o j\u00e1 \u00e9 um pouco menos grave, porque felizmente foi chovendo, mas todo o territ\u00f3rio continental continua em situa\u00e7\u00e3o de seca, com os casos mais preocupantes a situarem-se em Bragan\u00e7a e a sul do Tejo.<\/p>\n\n\n\n<p><\/p>\n\n\n\n<p>O tema da \u00e1gua, e sobretudo da falta dela, nunca ter\u00e1 sido t\u00e3o premente. A presen\u00e7a de \u00e1gua \u00e9 condi\u00e7\u00e3o essencial para a exist\u00eancia de vida no universo. At\u00e9 onde a vista humana j\u00e1 tenha conseguido alcan\u00e7ar, com recurso aos mais potentes telesc\u00f3pios, o nosso Planeta Azul continua a ser o local onde ela se encontra em melhores condi\u00e7\u00f5es de temperatura para fluir no seu estado l\u00edquido. No entanto, como a todo o ambiente em geral, andamos a tratar muito mal a nossa \u00e1gua, a polu\u00ed-la e desperdi\u00e7\u00e1-la a um ritmo preocupante. Enquanto ela vai correndo nas torneiras damo-la por adquirida e, como a tantas outras coisas, s\u00f3 se lhe d\u00e1 o real valor quando ela falta.<\/p>\n\n\n\n<p><\/p>\n\n\n\n<p>A consci\u00eancia deste problema n\u00e3o \u00e9 nova e, por isso, as Na\u00e7\u00f5es Unidas criaram, h\u00e1 j\u00e1 30 anos, o Dia Mundial da \u00c1gua, para alertar todos para a necessidade urgente de preservar e poupar esta maravilhosa combina\u00e7\u00e3o de dois \u00e1tomos de hidrog\u00e9nio e um de oxig\u00e9nio. \u00c9 neste m\u00eas que se comemora, j\u00e1 no pr\u00f3ximo dia 22. Portugal, neste aspeto, tem tamb\u00e9m uma imensa riqueza natural \u2013 \u00e1guas minerais cristalinas de grande qualidade, rios e bacias hidrogr\u00e1ficas de enorme beleza e est\u00e2ncias termais recheadas de Hist\u00f3ria(s) para contar. \u00c9 disso que lhe falamos nesta recheada edi\u00e7\u00e3o, para al\u00e9m de outros temas que, esperamos, sejam do seu interesse.<\/p>\n\n\n\n<p><\/p>\n\n\n\n<p>Mas antes de o(a) convidar a passar \u00e0s pr\u00f3ximas p\u00e1ginas h\u00e1 um acontecimento que n\u00e3o posso deixar de referir \u2013 a invas\u00e3o do ex\u00e9rcito russo de Vladimir Putin \u00e0 Ucr\u00e2nia. A guerra de regresso \u00e0 Europa, com mais uma trag\u00e9dia humanit\u00e1ria bem \u00e0 nossa porta. \u00c9 certo que os crit\u00e9rios editoriais da nossa revista n\u00e3o abarcam este tipo de conte\u00fados, mas quando esta for uma edi\u00e7\u00e3o antiga recuperada do fundo do ba\u00fa, saiba-se que n\u00e3o fomos indiferentes ao que ent\u00e3o se passava no mundo. E n\u00e3o s\u00f3 nesse futuro distante, mas j\u00e1 hoje, informamos quem nos l\u00ea de que n\u00e3o somos meros observadores acr\u00edticos dos acontecimentos. Quem tem o mais pequeno espa\u00e7o que seja para escrever duas linhas de pensamento n\u00e3o pode, despretensiosamente, deixar passar a oportunidade de se solidarizar com todos aqueles que lutam pela sua (e logo tamb\u00e9m nossa) liberdade. Hoje com o povo ucraniano, sempre com todos os povos v\u00edtimas de ditadores e atrocidades. Que o futuro nos traga de volta a humanidade.<\/p>\n","protected":false},"excerpt":{"rendered":"<p>Quando come\u00e7\u00e1mos a trabalhar nesta edi\u00e7\u00e3o da Mais Magazine o pa\u00eds atravessava uma grave seca, e todos os dias v\u00edamos e liamos not\u00edcias sobre os caudais historicamente baixos de rios e albufeiras. No dia em que escrevo este editorial a situa\u00e7\u00e3o j\u00e1 \u00e9 um pouco menos grave, porque felizmente foi&hellip;<\/p>\n","protected":false},"author":7,"featured_media":3683,"comment_status":"open","ping_status":"open","sticky":false,"template":"","format":"standard","meta":{"advgb_blocks_editor_width":"","advgb_blocks_columns_visual_guide":"","_monsterinsights_skip_tracking":false,"_monsterinsights_sitenote_active":false,"_monsterinsights_sitenote_note":"","_monsterinsights_sitenote_category":0,"footnotes":""},"categories":[815],"tags":[816,817,818],"class_list":["post-3682","post","type-post","status-publish","format-standard","has-post-thumbnail","hentry","category-editoriais","tag-editorial","tag-joao","tag-malainho"],"yoast_head":"<!-- This site is optimized with the Yoast SEO plugin v24.4 - https:\/\/yoast.com\/wordpress\/plugins\/seo\/ -->\n<title>Editorial | mar\u00e7o 2022 - Mais Magazine<\/title>\n<meta name=\"description\" content=\"Hoje com o povo ucraniano, sempre com todos os povos v\u00edtimas de ditadores e atrocidades. Que o futuro nos traga de volta a humanidade.\" \/>\n<meta name=\"robots\" content=\"index, follow, max-snippet:-1, max-image-preview:large, max-video-preview:-1\" \/>\n<link rel=\"canonical\" href=\"http:\/\/maismagazine.pt\/index.php\/2022\/03\/31\/editorial-marco-2022\/\" \/>\n<meta property=\"og:locale\" content=\"pt_PT\" \/>\n<meta property=\"og:type\" content=\"article\" \/>\n<meta property=\"og:title\" content=\"Editorial | mar\u00e7o 2022 - Mais Magazine\" \/>\n<meta property=\"og:description\" content=\"Hoje com o povo ucraniano, sempre com todos os povos v\u00edtimas de ditadores e atrocidades. Que o futuro nos traga de volta a humanidade.\" \/>\n<meta property=\"og:url\" content=\"http:\/\/maismagazine.pt\/index.php\/2022\/03\/31\/editorial-marco-2022\/\" \/>\n<meta property=\"og:site_name\" content=\"Mais Magazine\" \/>\n<meta property=\"article:published_time\" content=\"2022-03-31T14:15:00+00:00\" \/>\n<meta property=\"article:modified_time\" content=\"2022-06-09T14:17:04+00:00\" \/>\n<meta property=\"og:image\" content=\"http:\/\/maismagazine.pt\/wp-content\/uploads\/2022\/06\/Facebook-cover-MAIS-MAR2022.jpg\" \/>\n\t<meta property=\"og:image:width\" content=\"1640\" \/>\n\t<meta property=\"og:image:height\" content=\"720\" \/>\n\t<meta property=\"og:image:type\" content=\"image\/jpeg\" \/>\n<meta name=\"author\" content=\"Jo\u00e3o Malainho\" \/>\n<meta name=\"twitter:card\" content=\"summary_large_image\" \/>\n<meta name=\"twitter:label1\" content=\"Escrito por\" \/>\n\t<meta name=\"twitter:data1\" content=\"\" \/>\n\t<meta name=\"twitter:label2\" content=\"Tempo estimado de leitura\" \/>\n\t<meta name=\"twitter:data2\" content=\"3 minutos\" \/>\n<script type=\"application\/ld+json\" class=\"yoast-schema-graph\">{\"@context\":\"https:\/\/schema.org\",\"@graph\":[{\"@type\":\"Article\",\"@id\":\"http:\/\/maismagazine.pt\/index.php\/2022\/03\/31\/editorial-marco-2022\/#article\",\"isPartOf\":{\"@id\":\"http:\/\/maismagazine.pt\/index.php\/2022\/03\/31\/editorial-marco-2022\/\"},\"author\":{\"name\":\"Jo\u00e3o Malainho\",\"@id\":\"https:\/\/maismagazine.pt\/#\/schema\/person\/999bd426f894ff56d397ec12ebd21ebb\"},\"headline\":\"Editorial | mar\u00e7o 2022\",\"datePublished\":\"2022-03-31T14:15:00+00:00\",\"dateModified\":\"2022-06-09T14:17:04+00:00\",\"mainEntityOfPage\":{\"@id\":\"http:\/\/maismagazine.pt\/index.php\/2022\/03\/31\/editorial-marco-2022\/\"},\"wordCount\":511,\"commentCount\":0,\"publisher\":{\"@id\":\"https:\/\/maismagazine.pt\/#organization\"},\"image\":{\"@id\":\"http:\/\/maismagazine.pt\/index.php\/2022\/03\/31\/editorial-marco-2022\/#primaryimage\"},\"thumbnailUrl\":\"http:\/\/maismagazine.pt\/wp-content\/uploads\/2022\/06\/Facebook-cover-MAIS-MAR2022.jpg\",\"keywords\":[\"editorial\",\"jo\u00e3o\",\"malainho\"],\"articleSection\":[\"Editoriais\"],\"inLanguage\":\"pt-PT\",\"potentialAction\":[{\"@type\":\"CommentAction\",\"name\":\"Comment\",\"target\":[\"http:\/\/maismagazine.pt\/index.php\/2022\/03\/31\/editorial-marco-2022\/#respond\"]}]},{\"@type\":\"WebPage\",\"@id\":\"http:\/\/maismagazine.pt\/index.php\/2022\/03\/31\/editorial-marco-2022\/\",\"url\":\"http:\/\/maismagazine.pt\/index.php\/2022\/03\/31\/editorial-marco-2022\/\",\"name\":\"Editorial | mar\u00e7o 2022 - Mais Magazine\",\"isPartOf\":{\"@id\":\"https:\/\/maismagazine.pt\/#website\"},\"primaryImageOfPage\":{\"@id\":\"http:\/\/maismagazine.pt\/index.php\/2022\/03\/31\/editorial-marco-2022\/#primaryimage\"},\"image\":{\"@id\":\"http:\/\/maismagazine.pt\/index.php\/2022\/03\/31\/editorial-marco-2022\/#primaryimage\"},\"thumbnailUrl\":\"http:\/\/maismagazine.pt\/wp-content\/uploads\/2022\/06\/Facebook-cover-MAIS-MAR2022.jpg\",\"datePublished\":\"2022-03-31T14:15:00+00:00\",\"dateModified\":\"2022-06-09T14:17:04+00:00\",\"description\":\"Hoje com o povo ucraniano, sempre com todos os povos v\u00edtimas de ditadores e atrocidades. Que o futuro nos traga de volta a humanidade.\",\"breadcrumb\":{\"@id\":\"http:\/\/maismagazine.pt\/index.php\/2022\/03\/31\/editorial-marco-2022\/#breadcrumb\"},\"inLanguage\":\"pt-PT\",\"potentialAction\":[{\"@type\":\"ReadAction\",\"target\":[\"http:\/\/maismagazine.pt\/index.php\/2022\/03\/31\/editorial-marco-2022\/\"]}]},{\"@type\":\"ImageObject\",\"inLanguage\":\"pt-PT\",\"@id\":\"http:\/\/maismagazine.pt\/index.php\/2022\/03\/31\/editorial-marco-2022\/#primaryimage\",\"url\":\"http:\/\/maismagazine.pt\/wp-content\/uploads\/2022\/06\/Facebook-cover-MAIS-MAR2022.jpg\",\"contentUrl\":\"http:\/\/maismagazine.pt\/wp-content\/uploads\/2022\/06\/Facebook-cover-MAIS-MAR2022.jpg\",\"width\":1640,\"height\":720},{\"@type\":\"BreadcrumbList\",\"@id\":\"http:\/\/maismagazine.pt\/index.php\/2022\/03\/31\/editorial-marco-2022\/#breadcrumb\",\"itemListElement\":[{\"@type\":\"ListItem\",\"position\":1,\"name\":\"Home\",\"item\":\"https:\/\/maismagazine.pt\/\"},{\"@type\":\"ListItem\",\"position\":2,\"name\":\"Editorial | mar\u00e7o 2022\"}]},{\"@type\":\"WebSite\",\"@id\":\"https:\/\/maismagazine.pt\/#website\",\"url\":\"https:\/\/maismagazine.pt\/\",\"name\":\"Mais Magazine\",\"description\":\"\",\"publisher\":{\"@id\":\"https:\/\/maismagazine.pt\/#organization\"},\"potentialAction\":[{\"@type\":\"SearchAction\",\"target\":{\"@type\":\"EntryPoint\",\"urlTemplate\":\"https:\/\/maismagazine.pt\/?s={search_term_string}\"},\"query-input\":{\"@type\":\"PropertyValueSpecification\",\"valueRequired\":true,\"valueName\":\"search_term_string\"}}],\"inLanguage\":\"pt-PT\"},{\"@type\":\"Organization\",\"@id\":\"https:\/\/maismagazine.pt\/#organization\",\"name\":\"Mais Magazine\",\"url\":\"https:\/\/maismagazine.pt\/\",\"logo\":{\"@type\":\"ImageObject\",\"inLanguage\":\"pt-PT\",\"@id\":\"https:\/\/maismagazine.pt\/#\/schema\/logo\/image\/\",\"url\":\"http:\/\/maismagazine.pt\/wp-content\/uploads\/2020\/04\/cropped-cropped-mais-magazine-site-logo-2.png\",\"contentUrl\":\"http:\/\/maismagazine.pt\/wp-content\/uploads\/2020\/04\/cropped-cropped-mais-magazine-site-logo-2.png\",\"width\":581,\"height\":90,\"caption\":\"Mais Magazine\"},\"image\":{\"@id\":\"https:\/\/maismagazine.pt\/#\/schema\/logo\/image\/\"}},{\"@type\":\"Person\",\"@id\":\"https:\/\/maismagazine.pt\/#\/schema\/person\/999bd426f894ff56d397ec12ebd21ebb\",\"name\":\"Jo\u00e3o Malainho\",\"image\":{\"@type\":\"ImageObject\",\"inLanguage\":\"pt-PT\",\"@id\":\"https:\/\/maismagazine.pt\/#\/schema\/person\/image\/\",\"url\":\"https:\/\/secure.gravatar.com\/avatar\/ff03c2f38edf60b2a827aa4f74878491?s=96&d=mm&r=g\",\"contentUrl\":\"https:\/\/secure.gravatar.com\/avatar\/ff03c2f38edf60b2a827aa4f74878491?s=96&d=mm&r=g\",\"caption\":\"Jo\u00e3o Malainho\"},\"url\":\"http:\/\/maismagazine.pt\/index.php\/author\/maismagazine\/\"}]}<\/script>\n<!-- \/ Yoast SEO plugin. -->","yoast_head_json":{"title":"Editorial | mar\u00e7o 2022 - Mais Magazine","description":"Hoje com o povo ucraniano, sempre com todos os povos v\u00edtimas de ditadores e atrocidades. Que o futuro nos traga de volta a humanidade.","robots":{"index":"index","follow":"follow","max-snippet":"max-snippet:-1","max-image-preview":"max-image-preview:large","max-video-preview":"max-video-preview:-1"},"canonical":"http:\/\/maismagazine.pt\/index.php\/2022\/03\/31\/editorial-marco-2022\/","og_locale":"pt_PT","og_type":"article","og_title":"Editorial | mar\u00e7o 2022 - Mais Magazine","og_description":"Hoje com o povo ucraniano, sempre com todos os povos v\u00edtimas de ditadores e atrocidades. Que o futuro nos traga de volta a humanidade.","og_url":"http:\/\/maismagazine.pt\/index.php\/2022\/03\/31\/editorial-marco-2022\/","og_site_name":"Mais Magazine","article_published_time":"2022-03-31T14:15:00+00:00","article_modified_time":"2022-06-09T14:17:04+00:00","og_image":[{"width":1640,"height":720,"url":"http:\/\/maismagazine.pt\/wp-content\/uploads\/2022\/06\/Facebook-cover-MAIS-MAR2022.jpg","type":"image\/jpeg"}],"author":"Jo\u00e3o Malainho","twitter_card":"summary_large_image","twitter_misc":{"Escrito por":false,"Tempo estimado de leitura":"3 minutos"},"schema":{"@context":"https:\/\/schema.org","@graph":[{"@type":"Article","@id":"http:\/\/maismagazine.pt\/index.php\/2022\/03\/31\/editorial-marco-2022\/#article","isPartOf":{"@id":"http:\/\/maismagazine.pt\/index.php\/2022\/03\/31\/editorial-marco-2022\/"},"author":{"name":"Jo\u00e3o Malainho","@id":"https:\/\/maismagazine.pt\/#\/schema\/person\/999bd426f894ff56d397ec12ebd21ebb"},"headline":"Editorial | mar\u00e7o 2022","datePublished":"2022-03-31T14:15:00+00:00","dateModified":"2022-06-09T14:17:04+00:00","mainEntityOfPage":{"@id":"http:\/\/maismagazine.pt\/index.php\/2022\/03\/31\/editorial-marco-2022\/"},"wordCount":511,"commentCount":0,"publisher":{"@id":"https:\/\/maismagazine.pt\/#organization"},"image":{"@id":"http:\/\/maismagazine.pt\/index.php\/2022\/03\/31\/editorial-marco-2022\/#primaryimage"},"thumbnailUrl":"http:\/\/maismagazine.pt\/wp-content\/uploads\/2022\/06\/Facebook-cover-MAIS-MAR2022.jpg","keywords":["editorial","jo\u00e3o","malainho"],"articleSection":["Editoriais"],"inLanguage":"pt-PT","potentialAction":[{"@type":"CommentAction","name":"Comment","target":["http:\/\/maismagazine.pt\/index.php\/2022\/03\/31\/editorial-marco-2022\/#respond"]}]},{"@type":"WebPage","@id":"http:\/\/maismagazine.pt\/index.php\/2022\/03\/31\/editorial-marco-2022\/","url":"http:\/\/maismagazine.pt\/index.php\/2022\/03\/31\/editorial-marco-2022\/","name":"Editorial | mar\u00e7o 2022 - Mais Magazine","isPartOf":{"@id":"https:\/\/maismagazine.pt\/#website"},"primaryImageOfPage":{"@id":"http:\/\/maismagazine.pt\/index.php\/2022\/03\/31\/editorial-marco-2022\/#primaryimage"},"image":{"@id":"http:\/\/maismagazine.pt\/index.php\/2022\/03\/31\/editorial-marco-2022\/#primaryimage"},"thumbnailUrl":"http:\/\/maismagazine.pt\/wp-content\/uploads\/2022\/06\/Facebook-cover-MAIS-MAR2022.jpg","datePublished":"2022-03-31T14:15:00+00:00","dateModified":"2022-06-09T14:17:04+00:00","description":"Hoje com o povo ucraniano, sempre com todos os povos v\u00edtimas de ditadores e atrocidades. Que o futuro nos traga de volta a humanidade.","breadcrumb":{"@id":"http:\/\/maismagazine.pt\/index.php\/2022\/03\/31\/editorial-marco-2022\/#breadcrumb"},"inLanguage":"pt-PT","potentialAction":[{"@type":"ReadAction","target":["http:\/\/maismagazine.pt\/index.php\/2022\/03\/31\/editorial-marco-2022\/"]}]},{"@type":"ImageObject","inLanguage":"pt-PT","@id":"http:\/\/maismagazine.pt\/index.php\/2022\/03\/31\/editorial-marco-2022\/#primaryimage","url":"http:\/\/maismagazine.pt\/wp-content\/uploads\/2022\/06\/Facebook-cover-MAIS-MAR2022.jpg","contentUrl":"http:\/\/maismagazine.pt\/wp-content\/uploads\/2022\/06\/Facebook-cover-MAIS-MAR2022.jpg","width":1640,"height":720},{"@type":"BreadcrumbList","@id":"http:\/\/maismagazine.pt\/index.php\/2022\/03\/31\/editorial-marco-2022\/#breadcrumb","itemListElement":[{"@type":"ListItem","position":1,"name":"Home","item":"https:\/\/maismagazine.pt\/"},{"@type":"ListItem","position":2,"name":"Editorial | mar\u00e7o 2022"}]},{"@type":"WebSite","@id":"https:\/\/maismagazine.pt\/#website","url":"https:\/\/maismagazine.pt\/","name":"Mais Magazine","description":"","publisher":{"@id":"https:\/\/maismagazine.pt\/#organization"},"potentialAction":[{"@type":"SearchAction","target":{"@type":"EntryPoint","urlTemplate":"https:\/\/maismagazine.pt\/?s={search_term_string}"},"query-input":{"@type":"PropertyValueSpecification","valueRequired":true,"valueName":"search_term_string"}}],"inLanguage":"pt-PT"},{"@type":"Organization","@id":"https:\/\/maismagazine.pt\/#organization","name":"Mais Magazine","url":"https:\/\/maismagazine.pt\/","logo":{"@type":"ImageObject","inLanguage":"pt-PT","@id":"https:\/\/maismagazine.pt\/#\/schema\/logo\/image\/","url":"http:\/\/maismagazine.pt\/wp-content\/uploads\/2020\/04\/cropped-cropped-mais-magazine-site-logo-2.png","contentUrl":"http:\/\/maismagazine.pt\/wp-content\/uploads\/2020\/04\/cropped-cropped-mais-magazine-site-logo-2.png","width":581,"height":90,"caption":"Mais Magazine"},"image":{"@id":"https:\/\/maismagazine.pt\/#\/schema\/logo\/image\/"}},{"@type":"Person","@id":"https:\/\/maismagazine.pt\/#\/schema\/person\/999bd426f894ff56d397ec12ebd21ebb","name":"Jo\u00e3o Malainho","image":{"@type":"ImageObject","inLanguage":"pt-PT","@id":"https:\/\/maismagazine.pt\/#\/schema\/person\/image\/","url":"https:\/\/secure.gravatar.com\/avatar\/ff03c2f38edf60b2a827aa4f74878491?s=96&d=mm&r=g","contentUrl":"https:\/\/secure.gravatar.com\/avatar\/ff03c2f38edf60b2a827aa4f74878491?s=96&d=mm&r=g","caption":"Jo\u00e3o Malainho"},"url":"http:\/\/maismagazine.pt\/index.php\/author\/maismagazine\/"}]}},"author_meta":{"display_name":false,"author_link":"http:\/\/maismagazine.pt\/index.php\/author\/maismagazine\/"},"featured_img":"http:\/\/maismagazine.pt\/wp-content\/uploads\/2022\/06\/Facebook-cover-MAIS-MAR2022-300x132.jpg","coauthors":[],"tax_additional":{"categories":{"linked":["<a href=\"http:\/\/maismagazine.pt\/index.php\/category\/editoriais\/\" class=\"advgb-post-tax-term\">Editoriais<\/a>"],"unlinked":["<span class=\"advgb-post-tax-term\">Editoriais<\/span>"]},"tags":{"linked":["<a href=\"http:\/\/maismagazine.pt\/index.php\/category\/editoriais\/\" class=\"advgb-post-tax-term\">editorial<\/a>","<a href=\"http:\/\/maismagazine.pt\/index.php\/category\/editoriais\/\" class=\"advgb-post-tax-term\">jo\u00e3o<\/a>","<a href=\"http:\/\/maismagazine.pt\/index.php\/category\/editoriais\/\" class=\"advgb-post-tax-term\">malainho<\/a>"],"unlinked":["<span class=\"advgb-post-tax-term\">editorial<\/span>","<span class=\"advgb-post-tax-term\">jo\u00e3o<\/span>","<span class=\"advgb-post-tax-term\">malainho<\/span>"]}},"comment_count":"0","relative_dates":{"created":"Posted 4 anos ago","modified":"Updated 4 anos ago"},"absolute_dates":{"created":"Posted on 31 de Mar\u00e7o, 2022","modified":"Updated on 9 de Junho, 2022"},"absolute_dates_time":{"created":"Posted on 31 de Mar\u00e7o, 2022 15:15","modified":"Updated on 9 de Junho, 2022 15:17"},"featured_img_caption":"","series_order":"","_links":{"self":[{"href":"http:\/\/maismagazine.pt\/index.php\/wp-json\/wp\/v2\/posts\/3682","targetHints":{"allow":["GET"]}}],"collection":[{"href":"http:\/\/maismagazine.pt\/index.php\/wp-json\/wp\/v2\/posts"}],"about":[{"href":"http:\/\/maismagazine.pt\/index.php\/wp-json\/wp\/v2\/types\/post"}],"author":[{"embeddable":true,"href":"http:\/\/maismagazine.pt\/index.php\/wp-json\/wp\/v2\/users\/7"}],"replies":[{"embeddable":true,"href":"http:\/\/maismagazine.pt\/index.php\/wp-json\/wp\/v2\/comments?post=3682"}],"version-history":[{"count":1,"href":"http:\/\/maismagazine.pt\/index.php\/wp-json\/wp\/v2\/posts\/3682\/revisions"}],"predecessor-version":[{"id":3684,"href":"http:\/\/maismagazine.pt\/index.php\/wp-json\/wp\/v2\/posts\/3682\/revisions\/3684"}],"wp:featuredmedia":[{"embeddable":true,"href":"http:\/\/maismagazine.pt\/index.php\/wp-json\/wp\/v2\/media\/3683"}],"wp:attachment":[{"href":"http:\/\/maismagazine.pt\/index.php\/wp-json\/wp\/v2\/media?parent=3682"}],"wp:term":[{"taxonomy":"category","embeddable":true,"href":"http:\/\/maismagazine.pt\/index.php\/wp-json\/wp\/v2\/categories?post=3682"},{"taxonomy":"post_tag","embeddable":true,"href":"http:\/\/maismagazine.pt\/index.php\/wp-json\/wp\/v2\/tags?post=3682"}],"curies":[{"name":"wp","href":"https:\/\/api.w.org\/{rel}","templated":true}]}}