{"id":3586,"date":"2022-06-09T07:00:00","date_gmt":"2022-06-09T06:00:00","guid":{"rendered":"https:\/\/maismagazine.pt\/?p=3586"},"modified":"2022-06-01T15:16:01","modified_gmt":"2022-06-01T14:16:01","slug":"o-dinamismo-e-a-inovacao-como-referencias-do-departamento-de-matematica-da-universidade-de-aveiro","status":"publish","type":"post","link":"http:\/\/maismagazine.pt\/index.php\/2022\/06\/09\/o-dinamismo-e-a-inovacao-como-referencias-do-departamento-de-matematica-da-universidade-de-aveiro\/","title":{"rendered":"O Dinamismo e a Inova\u00e7\u00e3o como refer\u00eancias do Departamento de Matem\u00e1tica da Universidade de Aveiro"},"content":{"rendered":"\n<p><\/p>\n\n\n\n<p><strong>O <a href=\"http:\/\/www.ua.pt\/pt\/dmat\">Departamento de Matem\u00e1tica (DMat) <\/a>da Universidade de Aveiro assenta num paradigma de exig\u00eancia e qualidade. Inserido numa das mais din\u00e2micas e inovadoras universidades do pa\u00eds, alia a uma experi\u00eancia de mais de quarenta anos a ensinar matem\u00e1tica, um corpo docente altamente qualificado e empenhado em promover a autonomia dos estudantes e o desenvolvimento de compet\u00eancias transversais nos diversos ciclos de estudo.<\/strong><\/p>\n\n\n\n<p><\/p>\n\n\n\n<p>O DMat proporciona um contexto universit\u00e1rio \u00edmpar para o desenvolvimento de compet\u00eancias em Matem\u00e1tica, com atrativas perspetivas profissionais. No DMat existe uma intensa atividade de investiga\u00e7\u00e3o. Nele est\u00e1 integrado um centro de investiga\u00e7\u00e3o de excel\u00eancia (CIDMA &#8211;<br>Centro de Investiga\u00e7\u00e3o em Matem\u00e1tica e Aplica\u00e7\u00f5es), onde se desenvolve investiga\u00e7\u00e3o em diversas \u00e1reas de Matem\u00e1tica, proporcionando<br>aos estudantes a participa\u00e7\u00e3o em projetos de investiga\u00e7\u00e3o desde muito cedo. Para al\u00e9m da investiga\u00e7\u00e3o fundamental, v\u00e1rios investigadores desenvolvem a sua atividade em projetos de coopera\u00e7\u00e3o em \u00e1reas emergentes como ci\u00eancia de dados e computa\u00e7\u00e3o qu\u00e2ntica, transferindo para a sociedade e ind\u00fastria os resultados obtidos.<\/p>\n\n\n\n<p><\/p>\n\n\n\n<p>O CIDMA promove a organiza\u00e7\u00e3o de v\u00e1rias workshops e confer\u00eancias que contam com a presen\u00e7a de investigadores de renome internacional. A internacionaliza\u00e7\u00e3o do DMat contempla ainda a\u00e7\u00f5es de mobilidade Erasmus incoming \/ outcoming de docentes e estudantes, bem como a participa\u00e7\u00e3o em diversos projetos internacionais.<\/p>\n\n\n\n<p><\/p>\n\n\n\n<p><strong>Licenciatura em Matem\u00e1tica (1.\u00ba Ciclo)<br><\/strong>A Licenciatura em Matem\u00e1tica fornece uma forma\u00e7\u00e3o inicial abrangente em Matem\u00e1tica, nas suas diversas vertentes, incluindo \u00c1lgebra, An\u00e1lise, An\u00e1lise Num\u00e9rica, Geometria, L\u00f3gica e Computa\u00e7\u00e3o, Probabilidades e Estat\u00edstica. Forma profissionais com elevada capacidade de racioc\u00ednio e de modelar e resolver problemas com recurso a instrumentos matem\u00e1ticos e a meios computacionais. No terceiro ano curricular<br>\u00e9 proporcionada a possibilidade de obter uma forma\u00e7\u00e3o complementar em \u00e1reas como Gest\u00e3o, Inform\u00e1tica e Computa\u00e7\u00e3o, Ci\u00eancias Biom\u00e9dicas ou F\u00edsica.<\/p>\n\n\n\n<p><\/p>\n\n\n\n<p><strong>Mestrados (2.\u00ba Ciclo)<\/strong><\/p>\n\n\n\n<p>Matem\u00e1tica e Aplica\u00e7\u00f5es. Possibilita a prossecu\u00e7\u00e3o de estudos em programas doutorais e est\u00e1 igualmente vocacionado para o mundo empresarial, nomeadamente empresas de consultoria em ci\u00eancia de dados, de desenvolvimento de software, de seguros, banc\u00e1rias e financeiras, de log\u00edstica, de telecomunica\u00e7\u00f5es e industriais. <\/p>\n\n\n\n<p><\/p>\n\n\n\n<p>Matem\u00e1tica para Professores. Constitui uma oportunidade de forma\u00e7\u00e3o cont\u00ednua s\u00f3lida, atualizada e interdisciplinar, orientada para a resolu\u00e7\u00e3o de problemas reais sentidos pelos professores na sua pr\u00e1tica letiva.<\/p>\n\n\n\n<p><\/p>\n\n\n\n<p>Estat\u00edstica M\u00e9dica (em parceria com o Departamento de Ci\u00eancias M\u00e9dicas). Forma especialistas capazes de tratar os aspetos te\u00f3ricos e pr\u00e1ticos do planeamento de investiga\u00e7\u00e3o e an\u00e1lise de dados m\u00e9dicos, biom\u00e9dicos, epidemiol\u00f3gicos e que desenvolvam e apliquem metodologias estat\u00edsticas necess\u00e1rias \u00e0 investiga\u00e7\u00e3o em Medicina, Farm\u00e1cia, Epidemiologia, Gen\u00e9tica e outras <\/p>\n\n\n\n<p>ci\u00eancias da sa\u00fade. <\/p>\n\n\n\n<p><\/p>\n\n\n\n<p>Ci\u00eancia de Dados (em parceria com o Departamento de Eletr\u00f3nica, Telecomunica\u00e7\u00f5es e Inform\u00e1tica). Aprofunda conhecimentos e compet\u00eancias em explora\u00e7\u00e3o de dados e aprendizagem autom\u00e1tica. Atrav\u00e9s da combina\u00e7\u00e3o de conhecimentos das \u00e1reas de base das Ci\u00eancias de Dados, nomeadamente Matem\u00e1tica e Inform\u00e1tica, fornece tanto os fundamentos te\u00f3ricos como as compet\u00eancias computacionais necess\u00e1rias para a sua aplica\u00e7\u00e3o a diversos tipos de dados e contextos.<\/p>\n\n\n\n<p><\/p>\n\n\n\n<p><strong>Programas Doutorais (3.\u00ba Ciclo)<\/strong><\/p>\n\n\n\n<p><\/p>\n\n\n\n<p>PDMat-UA.<strong> <\/strong>O Programa Doutoral em Matem\u00e1tica da UA tem uma dura\u00e7\u00e3o de tr\u00eas anos e tem como principal objetivo a forma\u00e7\u00e3o de investigadores altamente qualificados na \u00e1rea da Matem\u00e1tica, permitindo tamb\u00e9m dois percursos alternativos (Matem\u00e1tica-F\u00edsica e Matem\u00e1tica Educacional) que visam dar uma especificidade \u00e0 forma\u00e7\u00e3o obtida.<\/p>\n\n\n\n<p><\/p>\n\n\n\n<p>MAP-PDMA. O Programa Doutoral em Matem\u00e1tica Aplicada resulta de uma associa\u00e7\u00e3o entre os Departamentos de Matem\u00e1tica das Universidades do Minho, Aveiro e Porto. Ambos programas doutorais s\u00e3o apoiados no Centro de Investiga\u00e7\u00e3o e Desenvolvimento em Matem\u00e1tica e Aplica\u00e7\u00f5es (CIDMA).<\/p>\n\n\n\n<p><\/p>\n\n\n\n<p><strong>Cursos de Especializa\u00e7\u00e3o.<\/strong> Cursos de curta dura\u00e7\u00e3o, n\u00e3o conferentes de grau, constitu\u00eddos por unidades curriculares ou m\u00f3dulos de forma\u00e7\u00e3o pr\u00f3prios de programas de estudos ao n\u00edvel do 2.\u00ba Ciclo<\/p>\n\n\n\n<p>-.Computa\u00e7\u00e3o Qu\u00e2ntica<\/p>\n\n\n\n<p>-Estat\u00edstica Aplicada \u00e0s Ci\u00eancias da Sa\u00fade<\/p>\n\n\n\n<p>&#8211; Industrial Intelligence (previsto para 2022\/23)<\/p>\n","protected":false},"excerpt":{"rendered":"<p>O Departamento de Matem\u00e1tica (DMat) da Universidade de Aveiro assenta num paradigma de exig\u00eancia e qualidade. Inserido numa das mais din\u00e2micas e inovadoras universidades do pa\u00eds, alia a uma experi\u00eancia de mais de quarenta anos a ensinar matem\u00e1tica, um corpo docente altamente qualificado e empenhado em promover a autonomia dos&hellip;<\/p>\n","protected":false},"author":7,"featured_media":3598,"comment_status":"open","ping_status":"open","sticky":false,"template":"","format":"standard","meta":{"advgb_blocks_editor_width":"","advgb_blocks_columns_visual_guide":"","_monsterinsights_skip_tracking":false,"_monsterinsights_sitenote_active":false,"_monsterinsights_sitenote_note":"","_monsterinsights_sitenote_category":0,"footnotes":""},"categories":[149],"tags":[801,803,802],"class_list":["post-3586","post","type-post","status-publish","format-standard","has-post-thumbnail","hentry","category-educacao","tag-dmat","tag-matematica","tag-universidade-de-aveiro"],"yoast_head":"<!-- This site is optimized with the Yoast SEO plugin v24.4 - https:\/\/yoast.com\/wordpress\/plugins\/seo\/ -->\n<title>O Dinamismo e a Inova\u00e7\u00e3o como refer\u00eancias do Departamento de Matem\u00e1tica da Universidade de Aveiro - Mais Magazine<\/title>\n<meta name=\"description\" content=\"Departamento de Matem\u00e1tica da Universidade de Aveiro\" \/>\n<meta name=\"robots\" content=\"index, follow, max-snippet:-1, max-image-preview:large, max-video-preview:-1\" \/>\n<link rel=\"canonical\" href=\"http:\/\/maismagazine.pt\/index.php\/2022\/06\/09\/o-dinamismo-e-a-inovacao-como-referencias-do-departamento-de-matematica-da-universidade-de-aveiro\/\" \/>\n<meta property=\"og:locale\" content=\"pt_PT\" \/>\n<meta property=\"og:type\" content=\"article\" \/>\n<meta property=\"og:title\" content=\"O Dinamismo e a Inova\u00e7\u00e3o como refer\u00eancias do Departamento de Matem\u00e1tica da Universidade de Aveiro - Mais Magazine\" \/>\n<meta property=\"og:description\" content=\"Departamento de Matem\u00e1tica da Universidade de Aveiro\" \/>\n<meta property=\"og:url\" content=\"http:\/\/maismagazine.pt\/index.php\/2022\/06\/09\/o-dinamismo-e-a-inovacao-como-referencias-do-departamento-de-matematica-da-universidade-de-aveiro\/\" \/>\n<meta property=\"og:site_name\" content=\"Mais Magazine\" \/>\n<meta property=\"article:published_time\" content=\"2022-06-09T06:00:00+00:00\" \/>\n<meta property=\"og:image\" content=\"http:\/\/maismagazine.pt\/wp-content\/uploads\/2022\/06\/dmat_ua_012-scaled.jpg\" \/>\n\t<meta property=\"og:image:width\" content=\"2560\" \/>\n\t<meta property=\"og:image:height\" content=\"1707\" \/>\n\t<meta property=\"og:image:type\" content=\"image\/jpeg\" \/>\n<meta name=\"author\" content=\"Jo\u00e3o Malainho\" \/>\n<meta name=\"twitter:card\" content=\"summary_large_image\" \/>\n<meta name=\"twitter:label1\" content=\"Escrito por\" \/>\n\t<meta name=\"twitter:data1\" content=\"\" \/>\n\t<meta name=\"twitter:label2\" content=\"Tempo estimado de leitura\" \/>\n\t<meta name=\"twitter:data2\" content=\"3 minutos\" \/>\n<script type=\"application\/ld+json\" class=\"yoast-schema-graph\">{\"@context\":\"https:\/\/schema.org\",\"@graph\":[{\"@type\":\"Article\",\"@id\":\"http:\/\/maismagazine.pt\/index.php\/2022\/06\/09\/o-dinamismo-e-a-inovacao-como-referencias-do-departamento-de-matematica-da-universidade-de-aveiro\/#article\",\"isPartOf\":{\"@id\":\"http:\/\/maismagazine.pt\/index.php\/2022\/06\/09\/o-dinamismo-e-a-inovacao-como-referencias-do-departamento-de-matematica-da-universidade-de-aveiro\/\"},\"author\":{\"name\":\"Jo\u00e3o Malainho\",\"@id\":\"https:\/\/maismagazine.pt\/#\/schema\/person\/999bd426f894ff56d397ec12ebd21ebb\"},\"headline\":\"O Dinamismo e a Inova\u00e7\u00e3o como refer\u00eancias do Departamento de Matem\u00e1tica da Universidade de Aveiro\",\"datePublished\":\"2022-06-09T06:00:00+00:00\",\"mainEntityOfPage\":{\"@id\":\"http:\/\/maismagazine.pt\/index.php\/2022\/06\/09\/o-dinamismo-e-a-inovacao-como-referencias-do-departamento-de-matematica-da-universidade-de-aveiro\/\"},\"wordCount\":740,\"commentCount\":0,\"publisher\":{\"@id\":\"https:\/\/maismagazine.pt\/#organization\"},\"image\":{\"@id\":\"http:\/\/maismagazine.pt\/index.php\/2022\/06\/09\/o-dinamismo-e-a-inovacao-como-referencias-do-departamento-de-matematica-da-universidade-de-aveiro\/#primaryimage\"},\"thumbnailUrl\":\"http:\/\/maismagazine.pt\/wp-content\/uploads\/2022\/06\/dmat_ua_012-scaled.jpg\",\"keywords\":[\"DMat\",\"Matem\u00e1tica\",\"Universidade de Aveiro\"],\"articleSection\":[\"Educa\u00e7\u00e3o\"],\"inLanguage\":\"pt-PT\",\"potentialAction\":[{\"@type\":\"CommentAction\",\"name\":\"Comment\",\"target\":[\"http:\/\/maismagazine.pt\/index.php\/2022\/06\/09\/o-dinamismo-e-a-inovacao-como-referencias-do-departamento-de-matematica-da-universidade-de-aveiro\/#respond\"]}]},{\"@type\":\"WebPage\",\"@id\":\"http:\/\/maismagazine.pt\/index.php\/2022\/06\/09\/o-dinamismo-e-a-inovacao-como-referencias-do-departamento-de-matematica-da-universidade-de-aveiro\/\",\"url\":\"http:\/\/maismagazine.pt\/index.php\/2022\/06\/09\/o-dinamismo-e-a-inovacao-como-referencias-do-departamento-de-matematica-da-universidade-de-aveiro\/\",\"name\":\"O Dinamismo e a Inova\u00e7\u00e3o como refer\u00eancias do Departamento de Matem\u00e1tica da Universidade de Aveiro - Mais Magazine\",\"isPartOf\":{\"@id\":\"https:\/\/maismagazine.pt\/#website\"},\"primaryImageOfPage\":{\"@id\":\"http:\/\/maismagazine.pt\/index.php\/2022\/06\/09\/o-dinamismo-e-a-inovacao-como-referencias-do-departamento-de-matematica-da-universidade-de-aveiro\/#primaryimage\"},\"image\":{\"@id\":\"http:\/\/maismagazine.pt\/index.php\/2022\/06\/09\/o-dinamismo-e-a-inovacao-como-referencias-do-departamento-de-matematica-da-universidade-de-aveiro\/#primaryimage\"},\"thumbnailUrl\":\"http:\/\/maismagazine.pt\/wp-content\/uploads\/2022\/06\/dmat_ua_012-scaled.jpg\",\"datePublished\":\"2022-06-09T06:00:00+00:00\",\"description\":\"Departamento de Matem\u00e1tica da Universidade de Aveiro\",\"breadcrumb\":{\"@id\":\"http:\/\/maismagazine.pt\/index.php\/2022\/06\/09\/o-dinamismo-e-a-inovacao-como-referencias-do-departamento-de-matematica-da-universidade-de-aveiro\/#breadcrumb\"},\"inLanguage\":\"pt-PT\",\"potentialAction\":[{\"@type\":\"ReadAction\",\"target\":[\"http:\/\/maismagazine.pt\/index.php\/2022\/06\/09\/o-dinamismo-e-a-inovacao-como-referencias-do-departamento-de-matematica-da-universidade-de-aveiro\/\"]}]},{\"@type\":\"ImageObject\",\"inLanguage\":\"pt-PT\",\"@id\":\"http:\/\/maismagazine.pt\/index.php\/2022\/06\/09\/o-dinamismo-e-a-inovacao-como-referencias-do-departamento-de-matematica-da-universidade-de-aveiro\/#primaryimage\",\"url\":\"http:\/\/maismagazine.pt\/wp-content\/uploads\/2022\/06\/dmat_ua_012-scaled.jpg\",\"contentUrl\":\"http:\/\/maismagazine.pt\/wp-content\/uploads\/2022\/06\/dmat_ua_012-scaled.jpg\",\"width\":2560,\"height\":1707},{\"@type\":\"BreadcrumbList\",\"@id\":\"http:\/\/maismagazine.pt\/index.php\/2022\/06\/09\/o-dinamismo-e-a-inovacao-como-referencias-do-departamento-de-matematica-da-universidade-de-aveiro\/#breadcrumb\",\"itemListElement\":[{\"@type\":\"ListItem\",\"position\":1,\"name\":\"Home\",\"item\":\"https:\/\/maismagazine.pt\/\"},{\"@type\":\"ListItem\",\"position\":2,\"name\":\"O Dinamismo e a Inova\u00e7\u00e3o como refer\u00eancias do Departamento de Matem\u00e1tica da Universidade de Aveiro\"}]},{\"@type\":\"WebSite\",\"@id\":\"https:\/\/maismagazine.pt\/#website\",\"url\":\"https:\/\/maismagazine.pt\/\",\"name\":\"Mais Magazine\",\"description\":\"\",\"publisher\":{\"@id\":\"https:\/\/maismagazine.pt\/#organization\"},\"potentialAction\":[{\"@type\":\"SearchAction\",\"target\":{\"@type\":\"EntryPoint\",\"urlTemplate\":\"https:\/\/maismagazine.pt\/?s={search_term_string}\"},\"query-input\":{\"@type\":\"PropertyValueSpecification\",\"valueRequired\":true,\"valueName\":\"search_term_string\"}}],\"inLanguage\":\"pt-PT\"},{\"@type\":\"Organization\",\"@id\":\"https:\/\/maismagazine.pt\/#organization\",\"name\":\"Mais Magazine\",\"url\":\"https:\/\/maismagazine.pt\/\",\"logo\":{\"@type\":\"ImageObject\",\"inLanguage\":\"pt-PT\",\"@id\":\"https:\/\/maismagazine.pt\/#\/schema\/logo\/image\/\",\"url\":\"http:\/\/maismagazine.pt\/wp-content\/uploads\/2020\/04\/cropped-cropped-mais-magazine-site-logo-2.png\",\"contentUrl\":\"http:\/\/maismagazine.pt\/wp-content\/uploads\/2020\/04\/cropped-cropped-mais-magazine-site-logo-2.png\",\"width\":581,\"height\":90,\"caption\":\"Mais Magazine\"},\"image\":{\"@id\":\"https:\/\/maismagazine.pt\/#\/schema\/logo\/image\/\"}},{\"@type\":\"Person\",\"@id\":\"https:\/\/maismagazine.pt\/#\/schema\/person\/999bd426f894ff56d397ec12ebd21ebb\",\"name\":\"Jo\u00e3o Malainho\",\"image\":{\"@type\":\"ImageObject\",\"inLanguage\":\"pt-PT\",\"@id\":\"https:\/\/maismagazine.pt\/#\/schema\/person\/image\/\",\"url\":\"https:\/\/secure.gravatar.com\/avatar\/ff03c2f38edf60b2a827aa4f74878491?s=96&d=mm&r=g\",\"contentUrl\":\"https:\/\/secure.gravatar.com\/avatar\/ff03c2f38edf60b2a827aa4f74878491?s=96&d=mm&r=g\",\"caption\":\"Jo\u00e3o Malainho\"},\"url\":\"http:\/\/maismagazine.pt\/index.php\/author\/maismagazine\/\"}]}<\/script>\n<!-- \/ Yoast SEO plugin. -->","yoast_head_json":{"title":"O Dinamismo e a Inova\u00e7\u00e3o como refer\u00eancias do Departamento de Matem\u00e1tica da Universidade de Aveiro - Mais Magazine","description":"Departamento de Matem\u00e1tica da Universidade de Aveiro","robots":{"index":"index","follow":"follow","max-snippet":"max-snippet:-1","max-image-preview":"max-image-preview:large","max-video-preview":"max-video-preview:-1"},"canonical":"http:\/\/maismagazine.pt\/index.php\/2022\/06\/09\/o-dinamismo-e-a-inovacao-como-referencias-do-departamento-de-matematica-da-universidade-de-aveiro\/","og_locale":"pt_PT","og_type":"article","og_title":"O Dinamismo e a Inova\u00e7\u00e3o como refer\u00eancias do Departamento de Matem\u00e1tica da Universidade de Aveiro - Mais Magazine","og_description":"Departamento de Matem\u00e1tica da Universidade de Aveiro","og_url":"http:\/\/maismagazine.pt\/index.php\/2022\/06\/09\/o-dinamismo-e-a-inovacao-como-referencias-do-departamento-de-matematica-da-universidade-de-aveiro\/","og_site_name":"Mais Magazine","article_published_time":"2022-06-09T06:00:00+00:00","og_image":[{"width":2560,"height":1707,"url":"http:\/\/maismagazine.pt\/wp-content\/uploads\/2022\/06\/dmat_ua_012-scaled.jpg","type":"image\/jpeg"}],"author":"Jo\u00e3o Malainho","twitter_card":"summary_large_image","twitter_misc":{"Escrito por":false,"Tempo estimado de leitura":"3 minutos"},"schema":{"@context":"https:\/\/schema.org","@graph":[{"@type":"Article","@id":"http:\/\/maismagazine.pt\/index.php\/2022\/06\/09\/o-dinamismo-e-a-inovacao-como-referencias-do-departamento-de-matematica-da-universidade-de-aveiro\/#article","isPartOf":{"@id":"http:\/\/maismagazine.pt\/index.php\/2022\/06\/09\/o-dinamismo-e-a-inovacao-como-referencias-do-departamento-de-matematica-da-universidade-de-aveiro\/"},"author":{"name":"Jo\u00e3o Malainho","@id":"https:\/\/maismagazine.pt\/#\/schema\/person\/999bd426f894ff56d397ec12ebd21ebb"},"headline":"O Dinamismo e a Inova\u00e7\u00e3o como refer\u00eancias do Departamento de Matem\u00e1tica da Universidade de Aveiro","datePublished":"2022-06-09T06:00:00+00:00","mainEntityOfPage":{"@id":"http:\/\/maismagazine.pt\/index.php\/2022\/06\/09\/o-dinamismo-e-a-inovacao-como-referencias-do-departamento-de-matematica-da-universidade-de-aveiro\/"},"wordCount":740,"commentCount":0,"publisher":{"@id":"https:\/\/maismagazine.pt\/#organization"},"image":{"@id":"http:\/\/maismagazine.pt\/index.php\/2022\/06\/09\/o-dinamismo-e-a-inovacao-como-referencias-do-departamento-de-matematica-da-universidade-de-aveiro\/#primaryimage"},"thumbnailUrl":"http:\/\/maismagazine.pt\/wp-content\/uploads\/2022\/06\/dmat_ua_012-scaled.jpg","keywords":["DMat","Matem\u00e1tica","Universidade de Aveiro"],"articleSection":["Educa\u00e7\u00e3o"],"inLanguage":"pt-PT","potentialAction":[{"@type":"CommentAction","name":"Comment","target":["http:\/\/maismagazine.pt\/index.php\/2022\/06\/09\/o-dinamismo-e-a-inovacao-como-referencias-do-departamento-de-matematica-da-universidade-de-aveiro\/#respond"]}]},{"@type":"WebPage","@id":"http:\/\/maismagazine.pt\/index.php\/2022\/06\/09\/o-dinamismo-e-a-inovacao-como-referencias-do-departamento-de-matematica-da-universidade-de-aveiro\/","url":"http:\/\/maismagazine.pt\/index.php\/2022\/06\/09\/o-dinamismo-e-a-inovacao-como-referencias-do-departamento-de-matematica-da-universidade-de-aveiro\/","name":"O Dinamismo e a Inova\u00e7\u00e3o como refer\u00eancias do Departamento de Matem\u00e1tica da Universidade de Aveiro - Mais Magazine","isPartOf":{"@id":"https:\/\/maismagazine.pt\/#website"},"primaryImageOfPage":{"@id":"http:\/\/maismagazine.pt\/index.php\/2022\/06\/09\/o-dinamismo-e-a-inovacao-como-referencias-do-departamento-de-matematica-da-universidade-de-aveiro\/#primaryimage"},"image":{"@id":"http:\/\/maismagazine.pt\/index.php\/2022\/06\/09\/o-dinamismo-e-a-inovacao-como-referencias-do-departamento-de-matematica-da-universidade-de-aveiro\/#primaryimage"},"thumbnailUrl":"http:\/\/maismagazine.pt\/wp-content\/uploads\/2022\/06\/dmat_ua_012-scaled.jpg","datePublished":"2022-06-09T06:00:00+00:00","description":"Departamento de Matem\u00e1tica da Universidade de Aveiro","breadcrumb":{"@id":"http:\/\/maismagazine.pt\/index.php\/2022\/06\/09\/o-dinamismo-e-a-inovacao-como-referencias-do-departamento-de-matematica-da-universidade-de-aveiro\/#breadcrumb"},"inLanguage":"pt-PT","potentialAction":[{"@type":"ReadAction","target":["http:\/\/maismagazine.pt\/index.php\/2022\/06\/09\/o-dinamismo-e-a-inovacao-como-referencias-do-departamento-de-matematica-da-universidade-de-aveiro\/"]}]},{"@type":"ImageObject","inLanguage":"pt-PT","@id":"http:\/\/maismagazine.pt\/index.php\/2022\/06\/09\/o-dinamismo-e-a-inovacao-como-referencias-do-departamento-de-matematica-da-universidade-de-aveiro\/#primaryimage","url":"http:\/\/maismagazine.pt\/wp-content\/uploads\/2022\/06\/dmat_ua_012-scaled.jpg","contentUrl":"http:\/\/maismagazine.pt\/wp-content\/uploads\/2022\/06\/dmat_ua_012-scaled.jpg","width":2560,"height":1707},{"@type":"BreadcrumbList","@id":"http:\/\/maismagazine.pt\/index.php\/2022\/06\/09\/o-dinamismo-e-a-inovacao-como-referencias-do-departamento-de-matematica-da-universidade-de-aveiro\/#breadcrumb","itemListElement":[{"@type":"ListItem","position":1,"name":"Home","item":"https:\/\/maismagazine.pt\/"},{"@type":"ListItem","position":2,"name":"O Dinamismo e a Inova\u00e7\u00e3o como refer\u00eancias do Departamento de Matem\u00e1tica da Universidade de Aveiro"}]},{"@type":"WebSite","@id":"https:\/\/maismagazine.pt\/#website","url":"https:\/\/maismagazine.pt\/","name":"Mais Magazine","description":"","publisher":{"@id":"https:\/\/maismagazine.pt\/#organization"},"potentialAction":[{"@type":"SearchAction","target":{"@type":"EntryPoint","urlTemplate":"https:\/\/maismagazine.pt\/?s={search_term_string}"},"query-input":{"@type":"PropertyValueSpecification","valueRequired":true,"valueName":"search_term_string"}}],"inLanguage":"pt-PT"},{"@type":"Organization","@id":"https:\/\/maismagazine.pt\/#organization","name":"Mais Magazine","url":"https:\/\/maismagazine.pt\/","logo":{"@type":"ImageObject","inLanguage":"pt-PT","@id":"https:\/\/maismagazine.pt\/#\/schema\/logo\/image\/","url":"http:\/\/maismagazine.pt\/wp-content\/uploads\/2020\/04\/cropped-cropped-mais-magazine-site-logo-2.png","contentUrl":"http:\/\/maismagazine.pt\/wp-content\/uploads\/2020\/04\/cropped-cropped-mais-magazine-site-logo-2.png","width":581,"height":90,"caption":"Mais Magazine"},"image":{"@id":"https:\/\/maismagazine.pt\/#\/schema\/logo\/image\/"}},{"@type":"Person","@id":"https:\/\/maismagazine.pt\/#\/schema\/person\/999bd426f894ff56d397ec12ebd21ebb","name":"Jo\u00e3o Malainho","image":{"@type":"ImageObject","inLanguage":"pt-PT","@id":"https:\/\/maismagazine.pt\/#\/schema\/person\/image\/","url":"https:\/\/secure.gravatar.com\/avatar\/ff03c2f38edf60b2a827aa4f74878491?s=96&d=mm&r=g","contentUrl":"https:\/\/secure.gravatar.com\/avatar\/ff03c2f38edf60b2a827aa4f74878491?s=96&d=mm&r=g","caption":"Jo\u00e3o Malainho"},"url":"http:\/\/maismagazine.pt\/index.php\/author\/maismagazine\/"}]}},"author_meta":{"display_name":false,"author_link":"http:\/\/maismagazine.pt\/index.php\/author\/maismagazine\/"},"featured_img":"http:\/\/maismagazine.pt\/wp-content\/uploads\/2022\/06\/dmat_ua_012-300x200.jpg","coauthors":[],"tax_additional":{"categories":{"linked":["<a href=\"http:\/\/maismagazine.pt\/index.php\/category\/educacao\/\" class=\"advgb-post-tax-term\">Educa\u00e7\u00e3o<\/a>"],"unlinked":["<span class=\"advgb-post-tax-term\">Educa\u00e7\u00e3o<\/span>"]},"tags":{"linked":["<a href=\"http:\/\/maismagazine.pt\/index.php\/category\/educacao\/\" class=\"advgb-post-tax-term\">DMat<\/a>","<a href=\"http:\/\/maismagazine.pt\/index.php\/category\/educacao\/\" class=\"advgb-post-tax-term\">Matem\u00e1tica<\/a>","<a href=\"http:\/\/maismagazine.pt\/index.php\/category\/educacao\/\" class=\"advgb-post-tax-term\">Universidade de Aveiro<\/a>"],"unlinked":["<span class=\"advgb-post-tax-term\">DMat<\/span>","<span class=\"advgb-post-tax-term\">Matem\u00e1tica<\/span>","<span class=\"advgb-post-tax-term\">Universidade de Aveiro<\/span>"]}},"comment_count":"0","relative_dates":{"created":"Posted 4 anos ago","modified":"Updated 4 anos ago"},"absolute_dates":{"created":"Posted on 9 de Junho, 2022","modified":"Updated on 1 de Junho, 2022"},"absolute_dates_time":{"created":"Posted on 9 de Junho, 2022 7:00","modified":"Updated on 1 de Junho, 2022 15:16"},"featured_img_caption":"","series_order":"","_links":{"self":[{"href":"http:\/\/maismagazine.pt\/index.php\/wp-json\/wp\/v2\/posts\/3586","targetHints":{"allow":["GET"]}}],"collection":[{"href":"http:\/\/maismagazine.pt\/index.php\/wp-json\/wp\/v2\/posts"}],"about":[{"href":"http:\/\/maismagazine.pt\/index.php\/wp-json\/wp\/v2\/types\/post"}],"author":[{"embeddable":true,"href":"http:\/\/maismagazine.pt\/index.php\/wp-json\/wp\/v2\/users\/7"}],"replies":[{"embeddable":true,"href":"http:\/\/maismagazine.pt\/index.php\/wp-json\/wp\/v2\/comments?post=3586"}],"version-history":[{"count":1,"href":"http:\/\/maismagazine.pt\/index.php\/wp-json\/wp\/v2\/posts\/3586\/revisions"}],"predecessor-version":[{"id":3599,"href":"http:\/\/maismagazine.pt\/index.php\/wp-json\/wp\/v2\/posts\/3586\/revisions\/3599"}],"wp:featuredmedia":[{"embeddable":true,"href":"http:\/\/maismagazine.pt\/index.php\/wp-json\/wp\/v2\/media\/3598"}],"wp:attachment":[{"href":"http:\/\/maismagazine.pt\/index.php\/wp-json\/wp\/v2\/media?parent=3586"}],"wp:term":[{"taxonomy":"category","embeddable":true,"href":"http:\/\/maismagazine.pt\/index.php\/wp-json\/wp\/v2\/categories?post=3586"},{"taxonomy":"post_tag","embeddable":true,"href":"http:\/\/maismagazine.pt\/index.php\/wp-json\/wp\/v2\/tags?post=3586"}],"curies":[{"name":"wp","href":"https:\/\/api.w.org\/{rel}","templated":true}]}}