{"id":3548,"date":"2022-06-09T07:00:00","date_gmt":"2022-06-09T06:00:00","guid":{"rendered":"http:\/\/maismagazine.pt\/?p=3548"},"modified":"2022-06-01T14:54:07","modified_gmt":"2022-06-01T13:54:07","slug":"algaplus-bem-vindo-ao-maravilhoso-mundo-das-macroalgas","status":"publish","type":"post","link":"http:\/\/maismagazine.pt\/index.php\/2022\/06\/09\/algaplus-bem-vindo-ao-maravilhoso-mundo-das-macroalgas\/","title":{"rendered":"ALGAplus: Bem-vindo ao maravilhoso mundo das macroalgas"},"content":{"rendered":"\n<p><strong>Um pouco de sorte, muita loucura e dedica\u00e7\u00e3o a 100% est\u00e3o na base da exist\u00eancia e do sucesso da ALGAplus. Fundada por bi\u00f3logos marinhos especializados no cultivo de macroalgas, a empresa resultou da vontade de trazer para a pr\u00e1tica uma vasta experi\u00eancia acumulada em diversos trabalhos de investiga\u00e7\u00e3o, conduzidos em Portugal e no estrangeiro, numa atividade de valor acrescentado com impacte positivo no ambiente e na qualidade de vida das pessoas.<\/strong><\/p>\n\n\n\n<p><\/p>\n\n\n\n<p>Sediada na regi\u00e3o da Ria de Aveiro, a ALGAplus \u00e9 a \u00fanica <a href=\"https:\/\/www.algaplus.pt\/\" target=\"_blank\" rel=\"noreferrer noopener\">empresa<\/a> em Portugal, pioneira e l\u00edder na Europa, a cultivar algas marinhas num sistema de aquacultura integrada sustent\u00e1vel e em modo de produ\u00e7\u00e3o biol\u00f3gico. \u201cFornecemos desde 2014 o mercado nacional, mas sempre exportando mais de 75% do nosso volume de neg\u00f3cios\u201d, come\u00e7a por elucidar a ger\u00eancia da empresa. A pensar no bem-estar das pessoas e do planeta, o objetivo da ALGAplus passa por disponibilizar e promover o consumo alargado de algas cultivadas em Portugal, enquanto ingrediente de elevado valor acrescentado para produtos alimentares, cosm\u00e9ticos e de bem-estar animal.<\/p>\n\n\n\n<p><\/p>\n\n\n\n<p>A maior inova\u00e7\u00e3o da ALGAplus residiu no desenvolvimento e implementa\u00e7\u00e3o do seu sistema de produ\u00e7\u00e3o, sob o conceito de aquacultura multi-tr\u00f3fica integrada (IMTA), bem como nas duas unidades de suporte essenciais: maternidade e unidade de transforma\u00e7\u00e3o de algas. Algas marinhas e peixe s\u00e3o produzidos em antigas marinhas de sal na Ria de Aveiro, numa perspetiva de bio economia circular. O cultivo de algas \u00e9 integrado com a aquacultura semi-intensiva de robalo e dourada, sem recurso ao uso de aditivos ou fertilizantes, garantindo assim a qualidade, sustentabilidade e o modo de produ\u00e7\u00e3o biol\u00f3gico de ambos os produtos.<\/p>\n\n\n\n<p><\/p>\n\n\n\n<p>As algas s\u00e3o alimentadas por um sistema de bombagem de \u00e1gua, proveniente da produ\u00e7\u00e3o de peixe e rica em nutrientes dissolvidos, levando assim ao seu aproveitamento\/reciclagem e que devolve a \u00e1gua \u00e0 Ria de Aveiro liberta destes elementos. Relativamente ao peixe, cresce em esteiros onde a \u00e1gua salgada \u00e9 renovada com os ciclos das mar\u00e9s, providenciando oxig\u00e9nio e alimento natural (camar\u00f5es, pequenos peixes, chocos e caranguejos). Com os mais elevados padr\u00f5es de qualidade e preocupa\u00e7\u00e3o com o bem-estar animal, este tem espa\u00e7o para nadar ativamente, o que proporciona um peixe de carne musculada e com teor equilibrado de gordura, sendo a sua alimenta\u00e7\u00e3o natural complementada com ra\u00e7\u00e3o certificada biol\u00f3gica com prote\u00edna de origem vegetal.<\/p>\n\n\n\n<figure class=\"wp-block-gallery columns-2 is-cropped wp-block-gallery-1\"><ul class=\"blocks-gallery-grid\"><li class=\"blocks-gallery-item\"><figure><img loading=\"lazy\" decoding=\"async\" width=\"1024\" height=\"683\" src=\"http:\/\/maismagazine.pt\/wp-content\/uploads\/2022\/06\/\u00a9ALGAplus-1-1024x683.jpg\" alt=\"\" data-id=\"3562\" data-full-url=\"http:\/\/maismagazine.pt\/wp-content\/uploads\/2022\/06\/\u00a9ALGAplus-1-scaled.jpg\" data-link=\"http:\/\/maismagazine.pt\/?attachment_id=3562\" class=\"wp-image-3562\" srcset=\"http:\/\/maismagazine.pt\/wp-content\/uploads\/2022\/06\/\u00a9ALGAplus-1-1024x683.jpg 1024w, http:\/\/maismagazine.pt\/wp-content\/uploads\/2022\/06\/\u00a9ALGAplus-1-300x200.jpg 300w, http:\/\/maismagazine.pt\/wp-content\/uploads\/2022\/06\/\u00a9ALGAplus-1-768x512.jpg 768w, http:\/\/maismagazine.pt\/wp-content\/uploads\/2022\/06\/\u00a9ALGAplus-1-1536x1024.jpg 1536w, http:\/\/maismagazine.pt\/wp-content\/uploads\/2022\/06\/\u00a9ALGAplus-1-2048x1365.jpg 2048w, http:\/\/maismagazine.pt\/wp-content\/uploads\/2022\/06\/\u00a9ALGAplus-1-150x100.jpg 150w\" sizes=\"auto, (max-width: 1024px) 100vw, 1024px\" \/><\/figure><\/li><li class=\"blocks-gallery-item\"><figure><img loading=\"lazy\" decoding=\"async\" width=\"1024\" height=\"683\" src=\"http:\/\/maismagazine.pt\/wp-content\/uploads\/2022\/06\/\u00a9ALGAplus-3-1024x683.jpg\" alt=\"\" data-id=\"3561\" data-full-url=\"http:\/\/maismagazine.pt\/wp-content\/uploads\/2022\/06\/\u00a9ALGAplus-3-scaled.jpg\" data-link=\"http:\/\/maismagazine.pt\/?attachment_id=3561\" class=\"wp-image-3561 is-layout-flex wp-block-gallery-is-layout-flex\" srcset=\"http:\/\/maismagazine.pt\/wp-content\/uploads\/2022\/06\/\u00a9ALGAplus-3-1024x683.jpg 1024w, http:\/\/maismagazine.pt\/wp-content\/uploads\/2022\/06\/\u00a9ALGAplus-3-300x200.jpg 300w, http:\/\/maismagazine.pt\/wp-content\/uploads\/2022\/06\/\u00a9ALGAplus-3-768x512.jpg 768w, http:\/\/maismagazine.pt\/wp-content\/uploads\/2022\/06\/\u00a9ALGAplus-3-1536x1024.jpg 1536w, http:\/\/maismagazine.pt\/wp-content\/uploads\/2022\/06\/\u00a9ALGAplus-3-2048x1365.jpg 2048w, http:\/\/maismagazine.pt\/wp-content\/uploads\/2022\/06\/\u00a9ALGAplus-3-150x100.jpg 150w\" sizes=\"auto, (max-width: 1024px) 100vw, 1024px\" \/><\/figure><\/li><\/ul><\/figure>\n\n\n\n<p>A raz\u00e3o de ser da ALGAplus \u00e9 a democratiza\u00e7\u00e3o da aplica\u00e7\u00e3o e do consumo das esp\u00e9cies de macroalgas cultivadas em Portugal, atrav\u00e9s da otimiza\u00e7\u00e3o de protocolos de cultivo, por forma a assegurar a melhor qualidade\/pre\u00e7o no mercado global. \u201cPodemos dizer que conhecemos todo o percurso das algas que cultivamos, desde que nascem at\u00e9 chegarem ao nosso cliente.\u201d Para dar resposta \u00e0 procura atual deste recurso, a ALGAplus vai encerrar, este ano, uma fase de expans\u00e3o importante e estrat\u00e9gica, que visa otimizar o processo produtivo, minimizando perdas, num sistema de cultivo diferenciado, com o qual se perspetiva um aumento para o triplo da produ\u00e7\u00e3o atual.<\/p>\n\n\n\n<p><\/p>\n\n\n\n<p>Para o futuro a ALGAplus assume como principal objetivo continuar a apostar em <a href=\"https:\/\/maismagazine.pt\/index.php\/category\/empreendedorismo\/\" target=\"_blank\" rel=\"noreferrer noopener\">inova\u00e7\u00e3o<\/a>, sustentabilidade ambiental e social, valores que est\u00e3o na base da produ\u00e7\u00e3o das suas macroalgas marinhas e que todos os dias aumentam as potencialidades deste recurso natural, renov\u00e1vel e sustent\u00e1vel.<\/p>\n","protected":false},"excerpt":{"rendered":"<p>Um pouco de sorte, muita loucura e dedica\u00e7\u00e3o a 100% est\u00e3o na base da exist\u00eancia e do sucesso da ALGAplus. Fundada por bi\u00f3logos marinhos especializados no cultivo de macroalgas, a empresa resultou da vontade de trazer para a pr\u00e1tica uma vasta experi\u00eancia acumulada em diversos trabalhos de investiga\u00e7\u00e3o, conduzidos em&hellip;<\/p>\n","protected":false},"author":7,"featured_media":3563,"comment_status":"open","ping_status":"open","sticky":false,"template":"","format":"standard","meta":{"advgb_blocks_editor_width":"","advgb_blocks_columns_visual_guide":"","_monsterinsights_skip_tracking":false,"_monsterinsights_sitenote_active":false,"_monsterinsights_sitenote_note":"","_monsterinsights_sitenote_category":0,"footnotes":""},"categories":[78],"tags":[786,787,788],"class_list":["post-3548","post","type-post","status-publish","format-standard","has-post-thumbnail","hentry","category-ambiente-e-sustentabilidade","tag-algas-marinhas","tag-aquacultura-sustentavel","tag-producao-biologica"],"yoast_head":"<!-- This site is optimized with the Yoast SEO plugin v24.4 - https:\/\/yoast.com\/wordpress\/plugins\/seo\/ -->\n<title>ALGAplus: Bem-vindo ao maravilhoso mundo das macroalgas - Mais Magazine<\/title>\n<meta name=\"description\" content=\"A empresa resultou da vontade de trazer para a pr\u00e1tica uma vasta experi\u00eancia acumulada em diversos trabalhos de investiga\u00e7\u00e3o\" \/>\n<meta name=\"robots\" content=\"index, follow, max-snippet:-1, max-image-preview:large, max-video-preview:-1\" \/>\n<link rel=\"canonical\" href=\"https:\/\/maismagazine.pt\/index.php\/2022\/06\/09\/algaplus-bem-vindo-ao-maravilhoso-mundo-das-macroalgas\/\" \/>\n<meta property=\"og:locale\" content=\"pt_PT\" \/>\n<meta property=\"og:type\" content=\"article\" \/>\n<meta property=\"og:title\" content=\"ALGAplus: Bem-vindo ao maravilhoso mundo das macroalgas - Mais Magazine\" \/>\n<meta property=\"og:description\" content=\"A empresa resultou da vontade de trazer para a pr\u00e1tica uma vasta experi\u00eancia acumulada em diversos trabalhos de investiga\u00e7\u00e3o\" \/>\n<meta property=\"og:url\" content=\"https:\/\/maismagazine.pt\/index.php\/2022\/06\/09\/algaplus-bem-vindo-ao-maravilhoso-mundo-das-macroalgas\/\" \/>\n<meta property=\"og:site_name\" content=\"Mais Magazine\" \/>\n<meta property=\"article:published_time\" content=\"2022-06-09T06:00:00+00:00\" \/>\n<meta property=\"og:image\" content=\"https:\/\/maismagazine.pt\/wp-content\/uploads\/2022\/06\/\u00a9Afonso-Re-Lau-1024x768.jpg\" \/>\n\t<meta property=\"og:image:width\" content=\"1024\" \/>\n\t<meta property=\"og:image:height\" content=\"768\" \/>\n\t<meta property=\"og:image:type\" content=\"image\/jpeg\" \/>\n<meta name=\"author\" content=\"Jo\u00e3o Malainho\" \/>\n<meta name=\"twitter:card\" content=\"summary_large_image\" \/>\n<meta name=\"twitter:label1\" content=\"Escrito por\" \/>\n\t<meta name=\"twitter:data1\" content=\"\" \/>\n\t<meta name=\"twitter:label2\" content=\"Tempo estimado de leitura\" \/>\n\t<meta name=\"twitter:data2\" content=\"3 minutos\" \/>\n<script type=\"application\/ld+json\" class=\"yoast-schema-graph\">{\"@context\":\"https:\/\/schema.org\",\"@graph\":[{\"@type\":\"Article\",\"@id\":\"https:\/\/maismagazine.pt\/index.php\/2022\/06\/09\/algaplus-bem-vindo-ao-maravilhoso-mundo-das-macroalgas\/#article\",\"isPartOf\":{\"@id\":\"https:\/\/maismagazine.pt\/index.php\/2022\/06\/09\/algaplus-bem-vindo-ao-maravilhoso-mundo-das-macroalgas\/\"},\"author\":{\"name\":\"Jo\u00e3o Malainho\",\"@id\":\"https:\/\/maismagazine.pt\/#\/schema\/person\/999bd426f894ff56d397ec12ebd21ebb\"},\"headline\":\"ALGAplus: Bem-vindo ao maravilhoso mundo das macroalgas\",\"datePublished\":\"2022-06-09T06:00:00+00:00\",\"mainEntityOfPage\":{\"@id\":\"https:\/\/maismagazine.pt\/index.php\/2022\/06\/09\/algaplus-bem-vindo-ao-maravilhoso-mundo-das-macroalgas\/\"},\"wordCount\":579,\"commentCount\":0,\"publisher\":{\"@id\":\"https:\/\/maismagazine.pt\/#organization\"},\"image\":{\"@id\":\"https:\/\/maismagazine.pt\/index.php\/2022\/06\/09\/algaplus-bem-vindo-ao-maravilhoso-mundo-das-macroalgas\/#primaryimage\"},\"thumbnailUrl\":\"http:\/\/maismagazine.pt\/wp-content\/uploads\/2022\/06\/\u00a9Afonso-Re-Lau.jpg\",\"keywords\":[\"algas marinhas\",\"aquacultura sustent\u00e1vel\",\"produ\u00e7\u00e3o biol\u00f3gica\"],\"articleSection\":[\"Ambiente e Sustentabilidade\"],\"inLanguage\":\"pt-PT\",\"potentialAction\":[{\"@type\":\"CommentAction\",\"name\":\"Comment\",\"target\":[\"https:\/\/maismagazine.pt\/index.php\/2022\/06\/09\/algaplus-bem-vindo-ao-maravilhoso-mundo-das-macroalgas\/#respond\"]}]},{\"@type\":\"WebPage\",\"@id\":\"https:\/\/maismagazine.pt\/index.php\/2022\/06\/09\/algaplus-bem-vindo-ao-maravilhoso-mundo-das-macroalgas\/\",\"url\":\"https:\/\/maismagazine.pt\/index.php\/2022\/06\/09\/algaplus-bem-vindo-ao-maravilhoso-mundo-das-macroalgas\/\",\"name\":\"ALGAplus: Bem-vindo ao maravilhoso mundo das macroalgas - Mais Magazine\",\"isPartOf\":{\"@id\":\"https:\/\/maismagazine.pt\/#website\"},\"primaryImageOfPage\":{\"@id\":\"https:\/\/maismagazine.pt\/index.php\/2022\/06\/09\/algaplus-bem-vindo-ao-maravilhoso-mundo-das-macroalgas\/#primaryimage\"},\"image\":{\"@id\":\"https:\/\/maismagazine.pt\/index.php\/2022\/06\/09\/algaplus-bem-vindo-ao-maravilhoso-mundo-das-macroalgas\/#primaryimage\"},\"thumbnailUrl\":\"http:\/\/maismagazine.pt\/wp-content\/uploads\/2022\/06\/\u00a9Afonso-Re-Lau.jpg\",\"datePublished\":\"2022-06-09T06:00:00+00:00\",\"description\":\"A empresa resultou da vontade de trazer para a pr\u00e1tica uma vasta experi\u00eancia acumulada em diversos trabalhos de investiga\u00e7\u00e3o\",\"breadcrumb\":{\"@id\":\"https:\/\/maismagazine.pt\/index.php\/2022\/06\/09\/algaplus-bem-vindo-ao-maravilhoso-mundo-das-macroalgas\/#breadcrumb\"},\"inLanguage\":\"pt-PT\",\"potentialAction\":[{\"@type\":\"ReadAction\",\"target\":[\"https:\/\/maismagazine.pt\/index.php\/2022\/06\/09\/algaplus-bem-vindo-ao-maravilhoso-mundo-das-macroalgas\/\"]}]},{\"@type\":\"ImageObject\",\"inLanguage\":\"pt-PT\",\"@id\":\"https:\/\/maismagazine.pt\/index.php\/2022\/06\/09\/algaplus-bem-vindo-ao-maravilhoso-mundo-das-macroalgas\/#primaryimage\",\"url\":\"http:\/\/maismagazine.pt\/wp-content\/uploads\/2022\/06\/\u00a9Afonso-Re-Lau.jpg\",\"contentUrl\":\"http:\/\/maismagazine.pt\/wp-content\/uploads\/2022\/06\/\u00a9Afonso-Re-Lau.jpg\",\"width\":2464,\"height\":1848},{\"@type\":\"BreadcrumbList\",\"@id\":\"https:\/\/maismagazine.pt\/index.php\/2022\/06\/09\/algaplus-bem-vindo-ao-maravilhoso-mundo-das-macroalgas\/#breadcrumb\",\"itemListElement\":[{\"@type\":\"ListItem\",\"position\":1,\"name\":\"Home\",\"item\":\"https:\/\/maismagazine.pt\/\"},{\"@type\":\"ListItem\",\"position\":2,\"name\":\"ALGAplus: Bem-vindo ao maravilhoso mundo das macroalgas\"}]},{\"@type\":\"WebSite\",\"@id\":\"https:\/\/maismagazine.pt\/#website\",\"url\":\"https:\/\/maismagazine.pt\/\",\"name\":\"Mais Magazine\",\"description\":\"\",\"publisher\":{\"@id\":\"https:\/\/maismagazine.pt\/#organization\"},\"potentialAction\":[{\"@type\":\"SearchAction\",\"target\":{\"@type\":\"EntryPoint\",\"urlTemplate\":\"https:\/\/maismagazine.pt\/?s={search_term_string}\"},\"query-input\":{\"@type\":\"PropertyValueSpecification\",\"valueRequired\":true,\"valueName\":\"search_term_string\"}}],\"inLanguage\":\"pt-PT\"},{\"@type\":\"Organization\",\"@id\":\"https:\/\/maismagazine.pt\/#organization\",\"name\":\"Mais Magazine\",\"url\":\"https:\/\/maismagazine.pt\/\",\"logo\":{\"@type\":\"ImageObject\",\"inLanguage\":\"pt-PT\",\"@id\":\"https:\/\/maismagazine.pt\/#\/schema\/logo\/image\/\",\"url\":\"http:\/\/maismagazine.pt\/wp-content\/uploads\/2020\/04\/cropped-cropped-mais-magazine-site-logo-2.png\",\"contentUrl\":\"http:\/\/maismagazine.pt\/wp-content\/uploads\/2020\/04\/cropped-cropped-mais-magazine-site-logo-2.png\",\"width\":581,\"height\":90,\"caption\":\"Mais Magazine\"},\"image\":{\"@id\":\"https:\/\/maismagazine.pt\/#\/schema\/logo\/image\/\"}},{\"@type\":\"Person\",\"@id\":\"https:\/\/maismagazine.pt\/#\/schema\/person\/999bd426f894ff56d397ec12ebd21ebb\",\"name\":\"Jo\u00e3o Malainho\",\"image\":{\"@type\":\"ImageObject\",\"inLanguage\":\"pt-PT\",\"@id\":\"https:\/\/maismagazine.pt\/#\/schema\/person\/image\/\",\"url\":\"https:\/\/secure.gravatar.com\/avatar\/ff03c2f38edf60b2a827aa4f74878491?s=96&d=mm&r=g\",\"contentUrl\":\"https:\/\/secure.gravatar.com\/avatar\/ff03c2f38edf60b2a827aa4f74878491?s=96&d=mm&r=g\",\"caption\":\"Jo\u00e3o Malainho\"},\"url\":\"http:\/\/maismagazine.pt\/index.php\/author\/maismagazine\/\"}]}<\/script>\n<!-- \/ Yoast SEO plugin. -->","yoast_head_json":{"title":"ALGAplus: Bem-vindo ao maravilhoso mundo das macroalgas - Mais Magazine","description":"A empresa resultou da vontade de trazer para a pr\u00e1tica uma vasta experi\u00eancia acumulada em diversos trabalhos de investiga\u00e7\u00e3o","robots":{"index":"index","follow":"follow","max-snippet":"max-snippet:-1","max-image-preview":"max-image-preview:large","max-video-preview":"max-video-preview:-1"},"canonical":"https:\/\/maismagazine.pt\/index.php\/2022\/06\/09\/algaplus-bem-vindo-ao-maravilhoso-mundo-das-macroalgas\/","og_locale":"pt_PT","og_type":"article","og_title":"ALGAplus: Bem-vindo ao maravilhoso mundo das macroalgas - Mais Magazine","og_description":"A empresa resultou da vontade de trazer para a pr\u00e1tica uma vasta experi\u00eancia acumulada em diversos trabalhos de investiga\u00e7\u00e3o","og_url":"https:\/\/maismagazine.pt\/index.php\/2022\/06\/09\/algaplus-bem-vindo-ao-maravilhoso-mundo-das-macroalgas\/","og_site_name":"Mais Magazine","article_published_time":"2022-06-09T06:00:00+00:00","og_image":[{"width":1024,"height":768,"url":"https:\/\/maismagazine.pt\/wp-content\/uploads\/2022\/06\/\u00a9Afonso-Re-Lau-1024x768.jpg","type":"image\/jpeg"}],"author":"Jo\u00e3o Malainho","twitter_card":"summary_large_image","twitter_misc":{"Escrito por":false,"Tempo estimado de leitura":"3 minutos"},"schema":{"@context":"https:\/\/schema.org","@graph":[{"@type":"Article","@id":"https:\/\/maismagazine.pt\/index.php\/2022\/06\/09\/algaplus-bem-vindo-ao-maravilhoso-mundo-das-macroalgas\/#article","isPartOf":{"@id":"https:\/\/maismagazine.pt\/index.php\/2022\/06\/09\/algaplus-bem-vindo-ao-maravilhoso-mundo-das-macroalgas\/"},"author":{"name":"Jo\u00e3o Malainho","@id":"https:\/\/maismagazine.pt\/#\/schema\/person\/999bd426f894ff56d397ec12ebd21ebb"},"headline":"ALGAplus: Bem-vindo ao maravilhoso mundo das macroalgas","datePublished":"2022-06-09T06:00:00+00:00","mainEntityOfPage":{"@id":"https:\/\/maismagazine.pt\/index.php\/2022\/06\/09\/algaplus-bem-vindo-ao-maravilhoso-mundo-das-macroalgas\/"},"wordCount":579,"commentCount":0,"publisher":{"@id":"https:\/\/maismagazine.pt\/#organization"},"image":{"@id":"https:\/\/maismagazine.pt\/index.php\/2022\/06\/09\/algaplus-bem-vindo-ao-maravilhoso-mundo-das-macroalgas\/#primaryimage"},"thumbnailUrl":"http:\/\/maismagazine.pt\/wp-content\/uploads\/2022\/06\/\u00a9Afonso-Re-Lau.jpg","keywords":["algas marinhas","aquacultura sustent\u00e1vel","produ\u00e7\u00e3o biol\u00f3gica"],"articleSection":["Ambiente e Sustentabilidade"],"inLanguage":"pt-PT","potentialAction":[{"@type":"CommentAction","name":"Comment","target":["https:\/\/maismagazine.pt\/index.php\/2022\/06\/09\/algaplus-bem-vindo-ao-maravilhoso-mundo-das-macroalgas\/#respond"]}]},{"@type":"WebPage","@id":"https:\/\/maismagazine.pt\/index.php\/2022\/06\/09\/algaplus-bem-vindo-ao-maravilhoso-mundo-das-macroalgas\/","url":"https:\/\/maismagazine.pt\/index.php\/2022\/06\/09\/algaplus-bem-vindo-ao-maravilhoso-mundo-das-macroalgas\/","name":"ALGAplus: Bem-vindo ao maravilhoso mundo das macroalgas - Mais Magazine","isPartOf":{"@id":"https:\/\/maismagazine.pt\/#website"},"primaryImageOfPage":{"@id":"https:\/\/maismagazine.pt\/index.php\/2022\/06\/09\/algaplus-bem-vindo-ao-maravilhoso-mundo-das-macroalgas\/#primaryimage"},"image":{"@id":"https:\/\/maismagazine.pt\/index.php\/2022\/06\/09\/algaplus-bem-vindo-ao-maravilhoso-mundo-das-macroalgas\/#primaryimage"},"thumbnailUrl":"http:\/\/maismagazine.pt\/wp-content\/uploads\/2022\/06\/\u00a9Afonso-Re-Lau.jpg","datePublished":"2022-06-09T06:00:00+00:00","description":"A empresa resultou da vontade de trazer para a pr\u00e1tica uma vasta experi\u00eancia acumulada em diversos trabalhos de investiga\u00e7\u00e3o","breadcrumb":{"@id":"https:\/\/maismagazine.pt\/index.php\/2022\/06\/09\/algaplus-bem-vindo-ao-maravilhoso-mundo-das-macroalgas\/#breadcrumb"},"inLanguage":"pt-PT","potentialAction":[{"@type":"ReadAction","target":["https:\/\/maismagazine.pt\/index.php\/2022\/06\/09\/algaplus-bem-vindo-ao-maravilhoso-mundo-das-macroalgas\/"]}]},{"@type":"ImageObject","inLanguage":"pt-PT","@id":"https:\/\/maismagazine.pt\/index.php\/2022\/06\/09\/algaplus-bem-vindo-ao-maravilhoso-mundo-das-macroalgas\/#primaryimage","url":"http:\/\/maismagazine.pt\/wp-content\/uploads\/2022\/06\/\u00a9Afonso-Re-Lau.jpg","contentUrl":"http:\/\/maismagazine.pt\/wp-content\/uploads\/2022\/06\/\u00a9Afonso-Re-Lau.jpg","width":2464,"height":1848},{"@type":"BreadcrumbList","@id":"https:\/\/maismagazine.pt\/index.php\/2022\/06\/09\/algaplus-bem-vindo-ao-maravilhoso-mundo-das-macroalgas\/#breadcrumb","itemListElement":[{"@type":"ListItem","position":1,"name":"Home","item":"https:\/\/maismagazine.pt\/"},{"@type":"ListItem","position":2,"name":"ALGAplus: Bem-vindo ao maravilhoso mundo das macroalgas"}]},{"@type":"WebSite","@id":"https:\/\/maismagazine.pt\/#website","url":"https:\/\/maismagazine.pt\/","name":"Mais Magazine","description":"","publisher":{"@id":"https:\/\/maismagazine.pt\/#organization"},"potentialAction":[{"@type":"SearchAction","target":{"@type":"EntryPoint","urlTemplate":"https:\/\/maismagazine.pt\/?s={search_term_string}"},"query-input":{"@type":"PropertyValueSpecification","valueRequired":true,"valueName":"search_term_string"}}],"inLanguage":"pt-PT"},{"@type":"Organization","@id":"https:\/\/maismagazine.pt\/#organization","name":"Mais Magazine","url":"https:\/\/maismagazine.pt\/","logo":{"@type":"ImageObject","inLanguage":"pt-PT","@id":"https:\/\/maismagazine.pt\/#\/schema\/logo\/image\/","url":"http:\/\/maismagazine.pt\/wp-content\/uploads\/2020\/04\/cropped-cropped-mais-magazine-site-logo-2.png","contentUrl":"http:\/\/maismagazine.pt\/wp-content\/uploads\/2020\/04\/cropped-cropped-mais-magazine-site-logo-2.png","width":581,"height":90,"caption":"Mais Magazine"},"image":{"@id":"https:\/\/maismagazine.pt\/#\/schema\/logo\/image\/"}},{"@type":"Person","@id":"https:\/\/maismagazine.pt\/#\/schema\/person\/999bd426f894ff56d397ec12ebd21ebb","name":"Jo\u00e3o Malainho","image":{"@type":"ImageObject","inLanguage":"pt-PT","@id":"https:\/\/maismagazine.pt\/#\/schema\/person\/image\/","url":"https:\/\/secure.gravatar.com\/avatar\/ff03c2f38edf60b2a827aa4f74878491?s=96&d=mm&r=g","contentUrl":"https:\/\/secure.gravatar.com\/avatar\/ff03c2f38edf60b2a827aa4f74878491?s=96&d=mm&r=g","caption":"Jo\u00e3o Malainho"},"url":"http:\/\/maismagazine.pt\/index.php\/author\/maismagazine\/"}]}},"author_meta":{"display_name":false,"author_link":"http:\/\/maismagazine.pt\/index.php\/author\/maismagazine\/"},"featured_img":"http:\/\/maismagazine.pt\/wp-content\/uploads\/2022\/06\/\u00a9Afonso-Re-Lau-300x225.jpg","coauthors":[],"tax_additional":{"categories":{"linked":["<a href=\"http:\/\/maismagazine.pt\/index.php\/category\/empreendedorismo\/ambiente-e-sustentabilidade\/\" class=\"advgb-post-tax-term\">Ambiente e Sustentabilidade<\/a>"],"unlinked":["<span class=\"advgb-post-tax-term\">Ambiente e Sustentabilidade<\/span>"]},"tags":{"linked":["<a href=\"http:\/\/maismagazine.pt\/index.php\/category\/empreendedorismo\/ambiente-e-sustentabilidade\/\" class=\"advgb-post-tax-term\">algas marinhas<\/a>","<a href=\"http:\/\/maismagazine.pt\/index.php\/category\/empreendedorismo\/ambiente-e-sustentabilidade\/\" class=\"advgb-post-tax-term\">aquacultura sustent\u00e1vel<\/a>","<a href=\"http:\/\/maismagazine.pt\/index.php\/category\/empreendedorismo\/ambiente-e-sustentabilidade\/\" class=\"advgb-post-tax-term\">produ\u00e7\u00e3o biol\u00f3gica<\/a>"],"unlinked":["<span class=\"advgb-post-tax-term\">algas marinhas<\/span>","<span class=\"advgb-post-tax-term\">aquacultura sustent\u00e1vel<\/span>","<span class=\"advgb-post-tax-term\">produ\u00e7\u00e3o biol\u00f3gica<\/span>"]}},"comment_count":"0","relative_dates":{"created":"Posted 4 anos ago","modified":"Updated 4 anos ago"},"absolute_dates":{"created":"Posted on 9 de Junho, 2022","modified":"Updated on 1 de Junho, 2022"},"absolute_dates_time":{"created":"Posted on 9 de Junho, 2022 7:00","modified":"Updated on 1 de Junho, 2022 14:54"},"featured_img_caption":"","series_order":"","_links":{"self":[{"href":"http:\/\/maismagazine.pt\/index.php\/wp-json\/wp\/v2\/posts\/3548","targetHints":{"allow":["GET"]}}],"collection":[{"href":"http:\/\/maismagazine.pt\/index.php\/wp-json\/wp\/v2\/posts"}],"about":[{"href":"http:\/\/maismagazine.pt\/index.php\/wp-json\/wp\/v2\/types\/post"}],"author":[{"embeddable":true,"href":"http:\/\/maismagazine.pt\/index.php\/wp-json\/wp\/v2\/users\/7"}],"replies":[{"embeddable":true,"href":"http:\/\/maismagazine.pt\/index.php\/wp-json\/wp\/v2\/comments?post=3548"}],"version-history":[{"count":1,"href":"http:\/\/maismagazine.pt\/index.php\/wp-json\/wp\/v2\/posts\/3548\/revisions"}],"predecessor-version":[{"id":3575,"href":"http:\/\/maismagazine.pt\/index.php\/wp-json\/wp\/v2\/posts\/3548\/revisions\/3575"}],"wp:featuredmedia":[{"embeddable":true,"href":"http:\/\/maismagazine.pt\/index.php\/wp-json\/wp\/v2\/media\/3563"}],"wp:attachment":[{"href":"http:\/\/maismagazine.pt\/index.php\/wp-json\/wp\/v2\/media?parent=3548"}],"wp:term":[{"taxonomy":"category","embeddable":true,"href":"http:\/\/maismagazine.pt\/index.php\/wp-json\/wp\/v2\/categories?post=3548"},{"taxonomy":"post_tag","embeddable":true,"href":"http:\/\/maismagazine.pt\/index.php\/wp-json\/wp\/v2\/tags?post=3548"}],"curies":[{"name":"wp","href":"https:\/\/api.w.org\/{rel}","templated":true}]}}