{"id":3508,"date":"2022-06-09T07:00:00","date_gmt":"2022-06-09T06:00:00","guid":{"rendered":"http:\/\/maismagazine.pt\/?p=3508"},"modified":"2022-06-01T14:22:22","modified_gmt":"2022-06-01T13:22:22","slug":"uma-aposta-na-intermodalidade-e-na-logistica","status":"publish","type":"post","link":"http:\/\/maismagazine.pt\/index.php\/2022\/06\/09\/uma-aposta-na-intermodalidade-e-na-logistica\/","title":{"rendered":"Uma aposta na Intermodalidade e na Log\u00edstica"},"content":{"rendered":"\n<p>O <a href=\"https:\/\/www.portodesetubal.pt\/apss\" target=\"_blank\" rel=\"noreferrer noopener\">Porto<\/a> de Set\u00fabal tem uma localiza\u00e7\u00e3o privilegiada com excelentes acessos mar\u00edtimos e boas liga\u00e7\u00f5es rodo-ferrovi\u00e1rias ao seu hinterland. Integra uma das mais importantes zonas industriais e log\u00edsticas do pa\u00eds e oferece liga\u00e7\u00f5es diretas \u00e0 Rede Ferrovi\u00e1ria Nacional e \u00e0 Rede Rodovi\u00e1ria Principal, inserindo-se na Rede Transeuropeia de Transportes (RTE-T) o que o tornaum dos portosmais competitivos da Costa Atl\u00e2ntica da Europa.<\/p>\n\n\n\n<p><\/p>\n\n\n\n<p>Disp\u00f5e de terminais portu\u00e1rios especializados em todos os tipos de carga, com grande capacidade dispon\u00edvel, localizados fora dos limites da cidade, com liga\u00e7\u00f5es diretas e sem constrangimento de tr\u00e1fego. \u00c9 l\u00edder nacional no segmento Roll-On Roll-off na movimenta\u00e7\u00e3o de ve\u00edculos novos com linhas regulares que servem os mais diversos portos da Europa, Mediterr\u00e2neo e Extremo Oriente. \u00c9 um porto chave no apoio \u00e0 efici\u00eancia da ind\u00fastria na regi\u00e3o onde, se localizam as principais ind\u00fastrias exportadoras do pa\u00eds, bem como no abastecimento de bens de consumo ao seuhinterland, o qual integra a regi\u00e3o da Grande Lisboa.<\/p>\n","protected":false},"excerpt":{"rendered":"<p>O Porto de Set\u00fabal tem uma localiza\u00e7\u00e3o privilegiada com excelentes acessos mar\u00edtimos e boas liga\u00e7\u00f5es rodo-ferrovi\u00e1rias ao seu hinterland. Integra uma das mais importantes zonas industriais e log\u00edsticas do pa\u00eds e oferece liga\u00e7\u00f5es diretas \u00e0 Rede Ferrovi\u00e1ria Nacional e \u00e0 Rede Rodovi\u00e1ria Principal, inserindo-se na Rede Transeuropeia de Transportes (RTE-T)&hellip;<\/p>\n","protected":false},"author":7,"featured_media":3525,"comment_status":"open","ping_status":"open","sticky":false,"template":"","format":"standard","meta":{"advgb_blocks_editor_width":"","advgb_blocks_columns_visual_guide":"","_monsterinsights_skip_tracking":false,"_monsterinsights_sitenote_active":false,"_monsterinsights_sitenote_note":"","_monsterinsights_sitenote_category":0,"footnotes":""},"categories":[78],"tags":[773,761,774],"class_list":["post-3508","post","type-post","status-publish","format-standard","has-post-thumbnail","hentry","category-ambiente-e-sustentabilidade","tag-logistica","tag-mar","tag-rede-rodoviaria"],"yoast_head":"<!-- This site is optimized with the Yoast SEO plugin v24.4 - https:\/\/yoast.com\/wordpress\/plugins\/seo\/ -->\n<title>Uma aposta na Intermodalidade e na Log\u00edstica - Mais Magazine<\/title>\n<meta name=\"description\" content=\"O Porto de Set\u00fabal tem uma localiza\u00e7\u00e3o privilegiada com excelentes acessos mar\u00edtimos e boas liga\u00e7\u00f5es rodo-ferrovi\u00e1rias ao seu hinterland.\" \/>\n<meta name=\"robots\" content=\"index, follow, max-snippet:-1, max-image-preview:large, max-video-preview:-1\" \/>\n<link rel=\"canonical\" href=\"https:\/\/maismagazine.pt\/index.php\/2022\/06\/09\/uma-aposta-na-intermodalidade-e-na-logistica\/\" \/>\n<meta property=\"og:locale\" content=\"pt_PT\" \/>\n<meta property=\"og:type\" content=\"article\" \/>\n<meta property=\"og:title\" content=\"Uma aposta na Intermodalidade e na Log\u00edstica - Mais Magazine\" \/>\n<meta property=\"og:description\" content=\"O Porto de Set\u00fabal tem uma localiza\u00e7\u00e3o privilegiada com excelentes acessos mar\u00edtimos e boas liga\u00e7\u00f5es rodo-ferrovi\u00e1rias ao seu hinterland.\" \/>\n<meta property=\"og:url\" content=\"https:\/\/maismagazine.pt\/index.php\/2022\/06\/09\/uma-aposta-na-intermodalidade-e-na-logistica\/\" \/>\n<meta property=\"og:site_name\" content=\"Mais Magazine\" \/>\n<meta property=\"article:published_time\" content=\"2022-06-09T06:00:00+00:00\" \/>\n<meta property=\"og:image\" content=\"https:\/\/maismagazine.pt\/wp-content\/uploads\/2022\/06\/Porto_Setubal_DJI_0983_Geral-3.jpg\" \/>\n\t<meta property=\"og:image:width\" content=\"1996\" \/>\n\t<meta property=\"og:image:height\" content=\"1121\" \/>\n\t<meta property=\"og:image:type\" content=\"image\/jpeg\" \/>\n<meta name=\"author\" content=\"Jo\u00e3o Malainho\" \/>\n<meta name=\"twitter:card\" content=\"summary_large_image\" \/>\n<meta name=\"twitter:label1\" content=\"Escrito por\" \/>\n\t<meta name=\"twitter:data1\" content=\"\" \/>\n\t<meta name=\"twitter:label2\" content=\"Tempo estimado de leitura\" \/>\n\t<meta name=\"twitter:data2\" content=\"1 minuto\" \/>\n<script type=\"application\/ld+json\" class=\"yoast-schema-graph\">{\"@context\":\"https:\/\/schema.org\",\"@graph\":[{\"@type\":\"Article\",\"@id\":\"https:\/\/maismagazine.pt\/index.php\/2022\/06\/09\/uma-aposta-na-intermodalidade-e-na-logistica\/#article\",\"isPartOf\":{\"@id\":\"https:\/\/maismagazine.pt\/index.php\/2022\/06\/09\/uma-aposta-na-intermodalidade-e-na-logistica\/\"},\"author\":{\"name\":\"Jo\u00e3o Malainho\",\"@id\":\"http:\/\/maismagazine.pt\/#\/schema\/person\/999bd426f894ff56d397ec12ebd21ebb\"},\"headline\":\"Uma aposta na Intermodalidade e na Log\u00edstica\",\"datePublished\":\"2022-06-09T06:00:00+00:00\",\"mainEntityOfPage\":{\"@id\":\"https:\/\/maismagazine.pt\/index.php\/2022\/06\/09\/uma-aposta-na-intermodalidade-e-na-logistica\/\"},\"wordCount\":186,\"commentCount\":0,\"publisher\":{\"@id\":\"http:\/\/maismagazine.pt\/#organization\"},\"image\":{\"@id\":\"https:\/\/maismagazine.pt\/index.php\/2022\/06\/09\/uma-aposta-na-intermodalidade-e-na-logistica\/#primaryimage\"},\"thumbnailUrl\":\"http:\/\/maismagazine.pt\/wp-content\/uploads\/2022\/06\/Porto_Setubal_DJI_0983_Geral-3.jpg\",\"keywords\":[\"log\u00edstica\",\"Mar\",\"Rede Rodovi\u00e1ria\"],\"articleSection\":[\"Ambiente e Sustentabilidade\"],\"inLanguage\":\"pt-PT\",\"potentialAction\":[{\"@type\":\"CommentAction\",\"name\":\"Comment\",\"target\":[\"https:\/\/maismagazine.pt\/index.php\/2022\/06\/09\/uma-aposta-na-intermodalidade-e-na-logistica\/#respond\"]}]},{\"@type\":\"WebPage\",\"@id\":\"https:\/\/maismagazine.pt\/index.php\/2022\/06\/09\/uma-aposta-na-intermodalidade-e-na-logistica\/\",\"url\":\"https:\/\/maismagazine.pt\/index.php\/2022\/06\/09\/uma-aposta-na-intermodalidade-e-na-logistica\/\",\"name\":\"Uma aposta na Intermodalidade e na Log\u00edstica - Mais Magazine\",\"isPartOf\":{\"@id\":\"http:\/\/maismagazine.pt\/#website\"},\"primaryImageOfPage\":{\"@id\":\"https:\/\/maismagazine.pt\/index.php\/2022\/06\/09\/uma-aposta-na-intermodalidade-e-na-logistica\/#primaryimage\"},\"image\":{\"@id\":\"https:\/\/maismagazine.pt\/index.php\/2022\/06\/09\/uma-aposta-na-intermodalidade-e-na-logistica\/#primaryimage\"},\"thumbnailUrl\":\"http:\/\/maismagazine.pt\/wp-content\/uploads\/2022\/06\/Porto_Setubal_DJI_0983_Geral-3.jpg\",\"datePublished\":\"2022-06-09T06:00:00+00:00\",\"description\":\"O Porto de Set\u00fabal tem uma localiza\u00e7\u00e3o privilegiada com excelentes acessos mar\u00edtimos e boas liga\u00e7\u00f5es rodo-ferrovi\u00e1rias ao seu hinterland.\",\"breadcrumb\":{\"@id\":\"https:\/\/maismagazine.pt\/index.php\/2022\/06\/09\/uma-aposta-na-intermodalidade-e-na-logistica\/#breadcrumb\"},\"inLanguage\":\"pt-PT\",\"potentialAction\":[{\"@type\":\"ReadAction\",\"target\":[\"https:\/\/maismagazine.pt\/index.php\/2022\/06\/09\/uma-aposta-na-intermodalidade-e-na-logistica\/\"]}]},{\"@type\":\"ImageObject\",\"inLanguage\":\"pt-PT\",\"@id\":\"https:\/\/maismagazine.pt\/index.php\/2022\/06\/09\/uma-aposta-na-intermodalidade-e-na-logistica\/#primaryimage\",\"url\":\"http:\/\/maismagazine.pt\/wp-content\/uploads\/2022\/06\/Porto_Setubal_DJI_0983_Geral-3.jpg\",\"contentUrl\":\"http:\/\/maismagazine.pt\/wp-content\/uploads\/2022\/06\/Porto_Setubal_DJI_0983_Geral-3.jpg\",\"width\":1996,\"height\":1121},{\"@type\":\"BreadcrumbList\",\"@id\":\"https:\/\/maismagazine.pt\/index.php\/2022\/06\/09\/uma-aposta-na-intermodalidade-e-na-logistica\/#breadcrumb\",\"itemListElement\":[{\"@type\":\"ListItem\",\"position\":1,\"name\":\"Home\",\"item\":\"http:\/\/maismagazine.pt\/\"},{\"@type\":\"ListItem\",\"position\":2,\"name\":\"Uma aposta na Intermodalidade e na Log\u00edstica\"}]},{\"@type\":\"WebSite\",\"@id\":\"http:\/\/maismagazine.pt\/#website\",\"url\":\"http:\/\/maismagazine.pt\/\",\"name\":\"Mais Magazine\",\"description\":\"\",\"publisher\":{\"@id\":\"http:\/\/maismagazine.pt\/#organization\"},\"potentialAction\":[{\"@type\":\"SearchAction\",\"target\":{\"@type\":\"EntryPoint\",\"urlTemplate\":\"http:\/\/maismagazine.pt\/?s={search_term_string}\"},\"query-input\":{\"@type\":\"PropertyValueSpecification\",\"valueRequired\":true,\"valueName\":\"search_term_string\"}}],\"inLanguage\":\"pt-PT\"},{\"@type\":\"Organization\",\"@id\":\"http:\/\/maismagazine.pt\/#organization\",\"name\":\"Mais Magazine\",\"url\":\"http:\/\/maismagazine.pt\/\",\"logo\":{\"@type\":\"ImageObject\",\"inLanguage\":\"pt-PT\",\"@id\":\"http:\/\/maismagazine.pt\/#\/schema\/logo\/image\/\",\"url\":\"http:\/\/maismagazine.pt\/wp-content\/uploads\/2020\/04\/cropped-cropped-mais-magazine-site-logo-2.png\",\"contentUrl\":\"http:\/\/maismagazine.pt\/wp-content\/uploads\/2020\/04\/cropped-cropped-mais-magazine-site-logo-2.png\",\"width\":581,\"height\":90,\"caption\":\"Mais Magazine\"},\"image\":{\"@id\":\"http:\/\/maismagazine.pt\/#\/schema\/logo\/image\/\"}},{\"@type\":\"Person\",\"@id\":\"http:\/\/maismagazine.pt\/#\/schema\/person\/999bd426f894ff56d397ec12ebd21ebb\",\"name\":\"Jo\u00e3o Malainho\",\"image\":{\"@type\":\"ImageObject\",\"inLanguage\":\"pt-PT\",\"@id\":\"http:\/\/maismagazine.pt\/#\/schema\/person\/image\/\",\"url\":\"https:\/\/secure.gravatar.com\/avatar\/ff03c2f38edf60b2a827aa4f74878491?s=96&d=mm&r=g\",\"contentUrl\":\"https:\/\/secure.gravatar.com\/avatar\/ff03c2f38edf60b2a827aa4f74878491?s=96&d=mm&r=g\",\"caption\":\"Jo\u00e3o Malainho\"},\"url\":\"http:\/\/maismagazine.pt\/index.php\/author\/maismagazine\/\"}]}<\/script>\n<!-- \/ Yoast SEO plugin. -->","yoast_head_json":{"title":"Uma aposta na Intermodalidade e na Log\u00edstica - Mais Magazine","description":"O Porto de Set\u00fabal tem uma localiza\u00e7\u00e3o privilegiada com excelentes acessos mar\u00edtimos e boas liga\u00e7\u00f5es rodo-ferrovi\u00e1rias ao seu hinterland.","robots":{"index":"index","follow":"follow","max-snippet":"max-snippet:-1","max-image-preview":"max-image-preview:large","max-video-preview":"max-video-preview:-1"},"canonical":"https:\/\/maismagazine.pt\/index.php\/2022\/06\/09\/uma-aposta-na-intermodalidade-e-na-logistica\/","og_locale":"pt_PT","og_type":"article","og_title":"Uma aposta na Intermodalidade e na Log\u00edstica - Mais Magazine","og_description":"O Porto de Set\u00fabal tem uma localiza\u00e7\u00e3o privilegiada com excelentes acessos mar\u00edtimos e boas liga\u00e7\u00f5es rodo-ferrovi\u00e1rias ao seu hinterland.","og_url":"https:\/\/maismagazine.pt\/index.php\/2022\/06\/09\/uma-aposta-na-intermodalidade-e-na-logistica\/","og_site_name":"Mais Magazine","article_published_time":"2022-06-09T06:00:00+00:00","og_image":[{"width":1996,"height":1121,"url":"https:\/\/maismagazine.pt\/wp-content\/uploads\/2022\/06\/Porto_Setubal_DJI_0983_Geral-3.jpg","type":"image\/jpeg"}],"author":"Jo\u00e3o Malainho","twitter_card":"summary_large_image","twitter_misc":{"Escrito por":false,"Tempo estimado de leitura":"1 minuto"},"schema":{"@context":"https:\/\/schema.org","@graph":[{"@type":"Article","@id":"https:\/\/maismagazine.pt\/index.php\/2022\/06\/09\/uma-aposta-na-intermodalidade-e-na-logistica\/#article","isPartOf":{"@id":"https:\/\/maismagazine.pt\/index.php\/2022\/06\/09\/uma-aposta-na-intermodalidade-e-na-logistica\/"},"author":{"name":"Jo\u00e3o Malainho","@id":"http:\/\/maismagazine.pt\/#\/schema\/person\/999bd426f894ff56d397ec12ebd21ebb"},"headline":"Uma aposta na Intermodalidade e na Log\u00edstica","datePublished":"2022-06-09T06:00:00+00:00","mainEntityOfPage":{"@id":"https:\/\/maismagazine.pt\/index.php\/2022\/06\/09\/uma-aposta-na-intermodalidade-e-na-logistica\/"},"wordCount":186,"commentCount":0,"publisher":{"@id":"http:\/\/maismagazine.pt\/#organization"},"image":{"@id":"https:\/\/maismagazine.pt\/index.php\/2022\/06\/09\/uma-aposta-na-intermodalidade-e-na-logistica\/#primaryimage"},"thumbnailUrl":"http:\/\/maismagazine.pt\/wp-content\/uploads\/2022\/06\/Porto_Setubal_DJI_0983_Geral-3.jpg","keywords":["log\u00edstica","Mar","Rede Rodovi\u00e1ria"],"articleSection":["Ambiente e Sustentabilidade"],"inLanguage":"pt-PT","potentialAction":[{"@type":"CommentAction","name":"Comment","target":["https:\/\/maismagazine.pt\/index.php\/2022\/06\/09\/uma-aposta-na-intermodalidade-e-na-logistica\/#respond"]}]},{"@type":"WebPage","@id":"https:\/\/maismagazine.pt\/index.php\/2022\/06\/09\/uma-aposta-na-intermodalidade-e-na-logistica\/","url":"https:\/\/maismagazine.pt\/index.php\/2022\/06\/09\/uma-aposta-na-intermodalidade-e-na-logistica\/","name":"Uma aposta na Intermodalidade e na Log\u00edstica - Mais Magazine","isPartOf":{"@id":"http:\/\/maismagazine.pt\/#website"},"primaryImageOfPage":{"@id":"https:\/\/maismagazine.pt\/index.php\/2022\/06\/09\/uma-aposta-na-intermodalidade-e-na-logistica\/#primaryimage"},"image":{"@id":"https:\/\/maismagazine.pt\/index.php\/2022\/06\/09\/uma-aposta-na-intermodalidade-e-na-logistica\/#primaryimage"},"thumbnailUrl":"http:\/\/maismagazine.pt\/wp-content\/uploads\/2022\/06\/Porto_Setubal_DJI_0983_Geral-3.jpg","datePublished":"2022-06-09T06:00:00+00:00","description":"O Porto de Set\u00fabal tem uma localiza\u00e7\u00e3o privilegiada com excelentes acessos mar\u00edtimos e boas liga\u00e7\u00f5es rodo-ferrovi\u00e1rias ao seu hinterland.","breadcrumb":{"@id":"https:\/\/maismagazine.pt\/index.php\/2022\/06\/09\/uma-aposta-na-intermodalidade-e-na-logistica\/#breadcrumb"},"inLanguage":"pt-PT","potentialAction":[{"@type":"ReadAction","target":["https:\/\/maismagazine.pt\/index.php\/2022\/06\/09\/uma-aposta-na-intermodalidade-e-na-logistica\/"]}]},{"@type":"ImageObject","inLanguage":"pt-PT","@id":"https:\/\/maismagazine.pt\/index.php\/2022\/06\/09\/uma-aposta-na-intermodalidade-e-na-logistica\/#primaryimage","url":"http:\/\/maismagazine.pt\/wp-content\/uploads\/2022\/06\/Porto_Setubal_DJI_0983_Geral-3.jpg","contentUrl":"http:\/\/maismagazine.pt\/wp-content\/uploads\/2022\/06\/Porto_Setubal_DJI_0983_Geral-3.jpg","width":1996,"height":1121},{"@type":"BreadcrumbList","@id":"https:\/\/maismagazine.pt\/index.php\/2022\/06\/09\/uma-aposta-na-intermodalidade-e-na-logistica\/#breadcrumb","itemListElement":[{"@type":"ListItem","position":1,"name":"Home","item":"http:\/\/maismagazine.pt\/"},{"@type":"ListItem","position":2,"name":"Uma aposta na Intermodalidade e na Log\u00edstica"}]},{"@type":"WebSite","@id":"http:\/\/maismagazine.pt\/#website","url":"http:\/\/maismagazine.pt\/","name":"Mais Magazine","description":"","publisher":{"@id":"http:\/\/maismagazine.pt\/#organization"},"potentialAction":[{"@type":"SearchAction","target":{"@type":"EntryPoint","urlTemplate":"http:\/\/maismagazine.pt\/?s={search_term_string}"},"query-input":{"@type":"PropertyValueSpecification","valueRequired":true,"valueName":"search_term_string"}}],"inLanguage":"pt-PT"},{"@type":"Organization","@id":"http:\/\/maismagazine.pt\/#organization","name":"Mais Magazine","url":"http:\/\/maismagazine.pt\/","logo":{"@type":"ImageObject","inLanguage":"pt-PT","@id":"http:\/\/maismagazine.pt\/#\/schema\/logo\/image\/","url":"http:\/\/maismagazine.pt\/wp-content\/uploads\/2020\/04\/cropped-cropped-mais-magazine-site-logo-2.png","contentUrl":"http:\/\/maismagazine.pt\/wp-content\/uploads\/2020\/04\/cropped-cropped-mais-magazine-site-logo-2.png","width":581,"height":90,"caption":"Mais Magazine"},"image":{"@id":"http:\/\/maismagazine.pt\/#\/schema\/logo\/image\/"}},{"@type":"Person","@id":"http:\/\/maismagazine.pt\/#\/schema\/person\/999bd426f894ff56d397ec12ebd21ebb","name":"Jo\u00e3o Malainho","image":{"@type":"ImageObject","inLanguage":"pt-PT","@id":"http:\/\/maismagazine.pt\/#\/schema\/person\/image\/","url":"https:\/\/secure.gravatar.com\/avatar\/ff03c2f38edf60b2a827aa4f74878491?s=96&d=mm&r=g","contentUrl":"https:\/\/secure.gravatar.com\/avatar\/ff03c2f38edf60b2a827aa4f74878491?s=96&d=mm&r=g","caption":"Jo\u00e3o Malainho"},"url":"http:\/\/maismagazine.pt\/index.php\/author\/maismagazine\/"}]}},"author_meta":{"display_name":false,"author_link":"http:\/\/maismagazine.pt\/index.php\/author\/maismagazine\/"},"featured_img":"http:\/\/maismagazine.pt\/wp-content\/uploads\/2022\/06\/Porto_Setubal_DJI_0983_Geral-3-300x168.jpg","coauthors":[],"tax_additional":{"categories":{"linked":["<a href=\"http:\/\/maismagazine.pt\/index.php\/category\/empreendedorismo\/ambiente-e-sustentabilidade\/\" class=\"advgb-post-tax-term\">Ambiente e Sustentabilidade<\/a>"],"unlinked":["<span class=\"advgb-post-tax-term\">Ambiente e Sustentabilidade<\/span>"]},"tags":{"linked":["<a href=\"http:\/\/maismagazine.pt\/index.php\/category\/empreendedorismo\/ambiente-e-sustentabilidade\/\" class=\"advgb-post-tax-term\">log\u00edstica<\/a>","<a href=\"http:\/\/maismagazine.pt\/index.php\/category\/empreendedorismo\/ambiente-e-sustentabilidade\/\" class=\"advgb-post-tax-term\">Mar<\/a>","<a href=\"http:\/\/maismagazine.pt\/index.php\/category\/empreendedorismo\/ambiente-e-sustentabilidade\/\" class=\"advgb-post-tax-term\">Rede Rodovi\u00e1ria<\/a>"],"unlinked":["<span class=\"advgb-post-tax-term\">log\u00edstica<\/span>","<span class=\"advgb-post-tax-term\">Mar<\/span>","<span class=\"advgb-post-tax-term\">Rede Rodovi\u00e1ria<\/span>"]}},"comment_count":"0","relative_dates":{"created":"Posted 4 anos ago","modified":"Updated 4 anos ago"},"absolute_dates":{"created":"Posted on 9 de Junho, 2022","modified":"Updated on 1 de Junho, 2022"},"absolute_dates_time":{"created":"Posted on 9 de Junho, 2022 7:00","modified":"Updated on 1 de Junho, 2022 14:22"},"featured_img_caption":"","series_order":"","_links":{"self":[{"href":"http:\/\/maismagazine.pt\/index.php\/wp-json\/wp\/v2\/posts\/3508","targetHints":{"allow":["GET"]}}],"collection":[{"href":"http:\/\/maismagazine.pt\/index.php\/wp-json\/wp\/v2\/posts"}],"about":[{"href":"http:\/\/maismagazine.pt\/index.php\/wp-json\/wp\/v2\/types\/post"}],"author":[{"embeddable":true,"href":"http:\/\/maismagazine.pt\/index.php\/wp-json\/wp\/v2\/users\/7"}],"replies":[{"embeddable":true,"href":"http:\/\/maismagazine.pt\/index.php\/wp-json\/wp\/v2\/comments?post=3508"}],"version-history":[{"count":1,"href":"http:\/\/maismagazine.pt\/index.php\/wp-json\/wp\/v2\/posts\/3508\/revisions"}],"predecessor-version":[{"id":3528,"href":"http:\/\/maismagazine.pt\/index.php\/wp-json\/wp\/v2\/posts\/3508\/revisions\/3528"}],"wp:featuredmedia":[{"embeddable":true,"href":"http:\/\/maismagazine.pt\/index.php\/wp-json\/wp\/v2\/media\/3525"}],"wp:attachment":[{"href":"http:\/\/maismagazine.pt\/index.php\/wp-json\/wp\/v2\/media?parent=3508"}],"wp:term":[{"taxonomy":"category","embeddable":true,"href":"http:\/\/maismagazine.pt\/index.php\/wp-json\/wp\/v2\/categories?post=3508"},{"taxonomy":"post_tag","embeddable":true,"href":"http:\/\/maismagazine.pt\/index.php\/wp-json\/wp\/v2\/tags?post=3508"}],"curies":[{"name":"wp","href":"https:\/\/api.w.org\/{rel}","templated":true}]}}