{"id":3346,"date":"2022-05-13T07:00:00","date_gmt":"2022-05-13T06:00:00","guid":{"rendered":"https:\/\/maismagazine.pt\/?p=3346"},"modified":"2022-05-26T10:09:42","modified_gmt":"2022-05-26T09:09:42","slug":"uma-instituicao-que-pela-educacao-faz-voar-mais-alto","status":"publish","type":"post","link":"http:\/\/maismagazine.pt\/index.php\/2022\/05\/13\/uma-instituicao-que-pela-educacao-faz-voar-mais-alto\/","title":{"rendered":"Uma institui\u00e7\u00e3o que, pela educa\u00e7\u00e3o, faz voar mais alto"},"content":{"rendered":"\n<p><\/p>\n\n\n\n<p><strong>O <a href=\"http:\/\/www.colegiodapaz.com.pt\">Col\u00e9gio Nossa Senhora da Paz<\/a> faz parte do ensino portuense h\u00e1 mais de 100 anos. Propriedade da Prov\u00edncia Portuguesa das Irm\u00e3s de Santa Doroteia, esta institui\u00e7\u00e3o de ensino aposta numa educa\u00e7\u00e3o segundo os valores do Evangelho, promovendo a forma\u00e7\u00e3o e o crescimento integral dos alunos para a transforma\u00e7\u00e3o da sociedade na consecu\u00e7\u00e3o do bem comum. Fique a conhec\u00ea-la um pouco melhor nesta edi\u00e7\u00e3o.<\/strong><\/p>\n\n\n\n<p><\/p>\n\n\n\n<p>As Irm\u00e3s Doroteias chegaram a Portugal em 1866, assumindo v\u00e1rios Col\u00e9gios e outras Obras de cariz social. Em 18 de Setembro de 1920, assumem a orienta\u00e7\u00e3o, de acordo com o seu ide\u00e1rio educativo, do j\u00e1 existente Col\u00e9gio Luso-Brit\u00e2nico, inicialmente na rua de Cedofeita. Ap\u00f3s<br>v\u00e1rias mudan\u00e7as de instala\u00e7\u00f5es, a fim de permitir responder \u00e0 grande aflu\u00eancia de alunas, em 1941 \u00e9 comprado um edif\u00edcio na Rua de Santa Catarina, bem como os jardins e outras depend\u00eancias. Em novembro desse ano passa a ter a designa\u00e7\u00e3o de Col\u00e9gio Nossa Senhora da Paz<br>(mais tarde Externato de Nossa Senhora da Paz e novamente Col\u00e9gio Nossa Senhora da Paz). Na hist\u00f3ria j\u00e1 longa deste Col\u00e9gio, o objetivo \u00e9 o mesmo, sempre: o esfor\u00e7o de \u201ceducar bem\u201d, na cria\u00e7\u00e3o de uma Comunidade Educativa em que todos os intervenientes se sintam \u201cem casa\u201d convergindo para a educa\u00e7\u00e3o integral dos destinat\u00e1rios.<\/p>\n\n\n\n<p><\/p>\n\n\n\n<p><\/p>\n\n\n\n<div class=\"wp-block-image is-style-rounded\"><figure class=\"aligncenter size-large\"><img loading=\"lazy\" decoding=\"async\" width=\"1024\" height=\"724\" src=\"https:\/\/maismagazine.pt\/wp-content\/uploads\/2022\/05\/50-1920w-1024x724.webp\" alt=\"\" class=\"wp-image-3351\" srcset=\"http:\/\/maismagazine.pt\/wp-content\/uploads\/2022\/05\/50-1920w-1024x724.webp 1024w, http:\/\/maismagazine.pt\/wp-content\/uploads\/2022\/05\/50-1920w-300x212.webp 300w, http:\/\/maismagazine.pt\/wp-content\/uploads\/2022\/05\/50-1920w-768x543.webp 768w, http:\/\/maismagazine.pt\/wp-content\/uploads\/2022\/05\/50-1920w-1536x1086.webp 1536w, http:\/\/maismagazine.pt\/wp-content\/uploads\/2022\/05\/50-1920w.webp 1920w\" sizes=\"auto, (max-width: 1024px) 100vw, 1024px\" \/><\/figure><\/div>\n\n\n\n<p><\/p>\n\n\n\n<p>Presentemente, o Col\u00e9gio \u201ceduca dos tr\u00eas aos 18 anos\u201d, contando com as val\u00eancias de Pr\u00e9-escolar, Ensino B\u00e1sico (1\u00ba, 2\u00ba e 3\u00ba Ciclos) e Ensino Secund\u00e1rio. Esta continuidade educativa \u00e9 \u00fanica no conjunto dos Centros Educativos das Irm\u00e3s Doroteias, possibilitando ao Col\u00e9gio apresentar um Projeto Educativo que contribui para o crescimento integral desde crian\u00e7as pequenas at\u00e9 jovens maiores de idade. Tal como os restantes Centros Educativos das Irm\u00e3s Doroteias, o Col\u00e9gio da Paz promove o ide\u00e1rio da Congrega\u00e7\u00e3o procurando ser uma comunidade evangelizadora, marcada pela simplicidade, pelo esp\u00edrito de fam\u00edlia e pelo esp\u00edrito de servi\u00e7o.<\/p>\n\n\n\n<p><\/p>\n\n\n\n<p>Entre 1967 e 1976, o Col\u00e9gio lan\u00e7ou-se em caminhos de inova\u00e7\u00e3o pedag\u00f3gica, adotando o Ensino Personalizado, com base no modelo desenvolvido por alguns col\u00e9gios da Companhia de Jesus. Na atualidade, desde 2018 mais concretamente, a rede de Centros Educativos das Irm\u00e3s Doroteias desenvolve o Projeto de Inova\u00e7\u00e3o B\u00fassola 21, que tem como objetivo a renova\u00e7\u00e3o\/inova\u00e7\u00e3o pedag\u00f3gica, \u00e0 luz daquilo que s\u00e3o as condi\u00e7\u00f5es e exig\u00eancias de mudan\u00e7a do mundo atual, mas suportadas por uma experi\u00eancia de interven\u00e7\u00e3o em educa\u00e7\u00e3o de muitos anos, uma reflex\u00e3o conjunta profunda, muito trabalho colaborativo interno e o apoio de especialistas reconhecidos na \u00e1rea. Neste \u00e2mbito foram  selecionadas tr\u00eas \u00e1reas de inova\u00e7\u00e3o fundamentais, a da Educa\u00e7\u00e3o da Interioridade, a da Gest\u00e3o do Curr\u00edculo e a da Participa\u00e7\u00e3o dos Alunos. Estas \u00e1reas levaram \u00e0 cria\u00e7\u00e3o de uma nova \u201cdisciplina\u201d, \u00e0 realiza\u00e7\u00e3o de in\u00fameros cen\u00e1rios de aprendizagem e projetos interdisciplinares e a formas de interven\u00e7\u00e3o\/ participa\u00e7\u00e3o dos alunos diversas, que v\u00e3o desde as assembleias de turma\/ano \u00e0 Associa\u00e7\u00e3o de Estudantes.<br><\/p>\n\n\n\n<p>Com mais de 100 anos de hist\u00f3ria, o Col\u00e9gio Nossa Senhora da Paz quer continuar a ser um projeto global e integrado, que faz voar mais alto num<br>per\u00edodo cr\u00edtico e longo da forma\u00e7\u00e3o das crian\u00e7as e jovens. Para o futuro, manter\u00e1 a sua miss\u00e3o, apoiado num ide\u00e1rio educativo, evangelizador, no Perfil dos Alunos dos Centros Educativos das Irm\u00e3s Doroteias e numa equipa de excelentes colaboradores, cuja intelig\u00eancia, experi\u00eancia, forma\u00e7\u00e3o, profissionalismo e caracter\u00edsticas pessoais t\u00eam, tamb\u00e9m, a capacidade de transformar o mundo.<\/p>\n","protected":false},"excerpt":{"rendered":"<p>O Col\u00e9gio Nossa Senhora da Paz faz parte do ensino portuense h\u00e1 mais de 100 anos. Propriedade da Prov\u00edncia Portuguesa das Irm\u00e3s de Santa Doroteia, esta institui\u00e7\u00e3o de ensino aposta numa educa\u00e7\u00e3o segundo os valores do Evangelho, promovendo a forma\u00e7\u00e3o e o crescimento integral dos alunos para a transforma\u00e7\u00e3o da&hellip;<\/p>\n","protected":false},"author":7,"featured_media":3399,"comment_status":"open","ping_status":"open","sticky":false,"template":"","format":"standard","meta":{"advgb_blocks_editor_width":"","advgb_blocks_columns_visual_guide":"","_monsterinsights_skip_tracking":false,"_monsterinsights_sitenote_active":false,"_monsterinsights_sitenote_note":"","_monsterinsights_sitenote_category":0,"footnotes":""},"categories":[149],"tags":[525,378,102,599],"class_list":["post-3346","post","type-post","status-publish","format-standard","has-post-thumbnail","hentry","category-educacao","tag-educacao","tag-historia","tag-inovacao","tag-religiao"],"yoast_head":"<!-- This site is optimized with the Yoast SEO plugin v24.4 - https:\/\/yoast.com\/wordpress\/plugins\/seo\/ -->\n<title>Uma institui\u00e7\u00e3o que, pela educa\u00e7\u00e3o, faz voar mais alto - Mais Magazine<\/title>\n<meta name=\"description\" content=\"Uma institui\u00e7\u00e3o que, pela educa\u00e7\u00e3o, faz voar mais alto\" \/>\n<meta name=\"robots\" content=\"index, follow, max-snippet:-1, max-image-preview:large, max-video-preview:-1\" \/>\n<link rel=\"canonical\" href=\"http:\/\/maismagazine.pt\/index.php\/2022\/05\/13\/uma-instituicao-que-pela-educacao-faz-voar-mais-alto\/\" \/>\n<meta property=\"og:locale\" content=\"pt_PT\" \/>\n<meta property=\"og:type\" content=\"article\" \/>\n<meta property=\"og:title\" content=\"Uma institui\u00e7\u00e3o que, pela educa\u00e7\u00e3o, faz voar mais alto - Mais Magazine\" \/>\n<meta property=\"og:description\" content=\"Uma institui\u00e7\u00e3o que, pela educa\u00e7\u00e3o, faz voar mais alto\" \/>\n<meta property=\"og:url\" content=\"http:\/\/maismagazine.pt\/index.php\/2022\/05\/13\/uma-instituicao-que-pela-educacao-faz-voar-mais-alto\/\" \/>\n<meta property=\"og:site_name\" content=\"Mais Magazine\" \/>\n<meta property=\"article:published_time\" content=\"2022-05-13T06:00:00+00:00\" \/>\n<meta property=\"article:modified_time\" content=\"2022-05-26T09:09:42+00:00\" \/>\n<meta property=\"og:image\" content=\"http:\/\/maismagazine.pt\/wp-content\/uploads\/2022\/05\/Colegio.jpg\" \/>\n\t<meta property=\"og:image:width\" content=\"1359\" \/>\n\t<meta property=\"og:image:height\" content=\"593\" \/>\n\t<meta property=\"og:image:type\" content=\"image\/jpeg\" \/>\n<meta name=\"author\" content=\"Jo\u00e3o Malainho\" \/>\n<meta name=\"twitter:card\" content=\"summary_large_image\" \/>\n<meta name=\"twitter:label1\" content=\"Escrito por\" \/>\n\t<meta name=\"twitter:data1\" content=\"\" \/>\n\t<meta name=\"twitter:label2\" content=\"Tempo estimado de leitura\" \/>\n\t<meta name=\"twitter:data2\" content=\"3 minutos\" \/>\n<script type=\"application\/ld+json\" class=\"yoast-schema-graph\">{\"@context\":\"https:\/\/schema.org\",\"@graph\":[{\"@type\":\"Article\",\"@id\":\"http:\/\/maismagazine.pt\/index.php\/2022\/05\/13\/uma-instituicao-que-pela-educacao-faz-voar-mais-alto\/#article\",\"isPartOf\":{\"@id\":\"http:\/\/maismagazine.pt\/index.php\/2022\/05\/13\/uma-instituicao-que-pela-educacao-faz-voar-mais-alto\/\"},\"author\":{\"name\":\"Jo\u00e3o Malainho\",\"@id\":\"https:\/\/maismagazine.pt\/#\/schema\/person\/999bd426f894ff56d397ec12ebd21ebb\"},\"headline\":\"Uma institui\u00e7\u00e3o que, pela educa\u00e7\u00e3o, faz voar mais alto\",\"datePublished\":\"2022-05-13T06:00:00+00:00\",\"dateModified\":\"2022-05-26T09:09:42+00:00\",\"mainEntityOfPage\":{\"@id\":\"http:\/\/maismagazine.pt\/index.php\/2022\/05\/13\/uma-instituicao-que-pela-educacao-faz-voar-mais-alto\/\"},\"wordCount\":634,\"commentCount\":0,\"publisher\":{\"@id\":\"https:\/\/maismagazine.pt\/#organization\"},\"image\":{\"@id\":\"http:\/\/maismagazine.pt\/index.php\/2022\/05\/13\/uma-instituicao-que-pela-educacao-faz-voar-mais-alto\/#primaryimage\"},\"thumbnailUrl\":\"http:\/\/maismagazine.pt\/wp-content\/uploads\/2022\/05\/Colegio.jpg\",\"keywords\":[\"Educa\u00e7\u00e3o\",\"Hist\u00f3ria\",\"inova\u00e7\u00e3o\",\"religi\u00e3o\"],\"articleSection\":[\"Educa\u00e7\u00e3o\"],\"inLanguage\":\"pt-PT\",\"potentialAction\":[{\"@type\":\"CommentAction\",\"name\":\"Comment\",\"target\":[\"http:\/\/maismagazine.pt\/index.php\/2022\/05\/13\/uma-instituicao-que-pela-educacao-faz-voar-mais-alto\/#respond\"]}]},{\"@type\":\"WebPage\",\"@id\":\"http:\/\/maismagazine.pt\/index.php\/2022\/05\/13\/uma-instituicao-que-pela-educacao-faz-voar-mais-alto\/\",\"url\":\"http:\/\/maismagazine.pt\/index.php\/2022\/05\/13\/uma-instituicao-que-pela-educacao-faz-voar-mais-alto\/\",\"name\":\"Uma institui\u00e7\u00e3o que, pela educa\u00e7\u00e3o, faz voar mais alto - Mais Magazine\",\"isPartOf\":{\"@id\":\"https:\/\/maismagazine.pt\/#website\"},\"primaryImageOfPage\":{\"@id\":\"http:\/\/maismagazine.pt\/index.php\/2022\/05\/13\/uma-instituicao-que-pela-educacao-faz-voar-mais-alto\/#primaryimage\"},\"image\":{\"@id\":\"http:\/\/maismagazine.pt\/index.php\/2022\/05\/13\/uma-instituicao-que-pela-educacao-faz-voar-mais-alto\/#primaryimage\"},\"thumbnailUrl\":\"http:\/\/maismagazine.pt\/wp-content\/uploads\/2022\/05\/Colegio.jpg\",\"datePublished\":\"2022-05-13T06:00:00+00:00\",\"dateModified\":\"2022-05-26T09:09:42+00:00\",\"description\":\"Uma institui\u00e7\u00e3o que, pela educa\u00e7\u00e3o, faz voar mais alto\",\"breadcrumb\":{\"@id\":\"http:\/\/maismagazine.pt\/index.php\/2022\/05\/13\/uma-instituicao-que-pela-educacao-faz-voar-mais-alto\/#breadcrumb\"},\"inLanguage\":\"pt-PT\",\"potentialAction\":[{\"@type\":\"ReadAction\",\"target\":[\"http:\/\/maismagazine.pt\/index.php\/2022\/05\/13\/uma-instituicao-que-pela-educacao-faz-voar-mais-alto\/\"]}]},{\"@type\":\"ImageObject\",\"inLanguage\":\"pt-PT\",\"@id\":\"http:\/\/maismagazine.pt\/index.php\/2022\/05\/13\/uma-instituicao-que-pela-educacao-faz-voar-mais-alto\/#primaryimage\",\"url\":\"http:\/\/maismagazine.pt\/wp-content\/uploads\/2022\/05\/Colegio.jpg\",\"contentUrl\":\"http:\/\/maismagazine.pt\/wp-content\/uploads\/2022\/05\/Colegio.jpg\",\"width\":1359,\"height\":593},{\"@type\":\"BreadcrumbList\",\"@id\":\"http:\/\/maismagazine.pt\/index.php\/2022\/05\/13\/uma-instituicao-que-pela-educacao-faz-voar-mais-alto\/#breadcrumb\",\"itemListElement\":[{\"@type\":\"ListItem\",\"position\":1,\"name\":\"Home\",\"item\":\"https:\/\/maismagazine.pt\/\"},{\"@type\":\"ListItem\",\"position\":2,\"name\":\"Uma institui\u00e7\u00e3o que, pela educa\u00e7\u00e3o, faz voar mais alto\"}]},{\"@type\":\"WebSite\",\"@id\":\"https:\/\/maismagazine.pt\/#website\",\"url\":\"https:\/\/maismagazine.pt\/\",\"name\":\"Mais Magazine\",\"description\":\"\",\"publisher\":{\"@id\":\"https:\/\/maismagazine.pt\/#organization\"},\"potentialAction\":[{\"@type\":\"SearchAction\",\"target\":{\"@type\":\"EntryPoint\",\"urlTemplate\":\"https:\/\/maismagazine.pt\/?s={search_term_string}\"},\"query-input\":{\"@type\":\"PropertyValueSpecification\",\"valueRequired\":true,\"valueName\":\"search_term_string\"}}],\"inLanguage\":\"pt-PT\"},{\"@type\":\"Organization\",\"@id\":\"https:\/\/maismagazine.pt\/#organization\",\"name\":\"Mais Magazine\",\"url\":\"https:\/\/maismagazine.pt\/\",\"logo\":{\"@type\":\"ImageObject\",\"inLanguage\":\"pt-PT\",\"@id\":\"https:\/\/maismagazine.pt\/#\/schema\/logo\/image\/\",\"url\":\"http:\/\/maismagazine.pt\/wp-content\/uploads\/2020\/04\/cropped-cropped-mais-magazine-site-logo-2.png\",\"contentUrl\":\"http:\/\/maismagazine.pt\/wp-content\/uploads\/2020\/04\/cropped-cropped-mais-magazine-site-logo-2.png\",\"width\":581,\"height\":90,\"caption\":\"Mais Magazine\"},\"image\":{\"@id\":\"https:\/\/maismagazine.pt\/#\/schema\/logo\/image\/\"}},{\"@type\":\"Person\",\"@id\":\"https:\/\/maismagazine.pt\/#\/schema\/person\/999bd426f894ff56d397ec12ebd21ebb\",\"name\":\"Jo\u00e3o Malainho\",\"image\":{\"@type\":\"ImageObject\",\"inLanguage\":\"pt-PT\",\"@id\":\"https:\/\/maismagazine.pt\/#\/schema\/person\/image\/\",\"url\":\"https:\/\/secure.gravatar.com\/avatar\/ff03c2f38edf60b2a827aa4f74878491?s=96&d=mm&r=g\",\"contentUrl\":\"https:\/\/secure.gravatar.com\/avatar\/ff03c2f38edf60b2a827aa4f74878491?s=96&d=mm&r=g\",\"caption\":\"Jo\u00e3o Malainho\"},\"url\":\"http:\/\/maismagazine.pt\/index.php\/author\/maismagazine\/\"}]}<\/script>\n<!-- \/ Yoast SEO plugin. -->","yoast_head_json":{"title":"Uma institui\u00e7\u00e3o que, pela educa\u00e7\u00e3o, faz voar mais alto - Mais Magazine","description":"Uma institui\u00e7\u00e3o que, pela educa\u00e7\u00e3o, faz voar mais alto","robots":{"index":"index","follow":"follow","max-snippet":"max-snippet:-1","max-image-preview":"max-image-preview:large","max-video-preview":"max-video-preview:-1"},"canonical":"http:\/\/maismagazine.pt\/index.php\/2022\/05\/13\/uma-instituicao-que-pela-educacao-faz-voar-mais-alto\/","og_locale":"pt_PT","og_type":"article","og_title":"Uma institui\u00e7\u00e3o que, pela educa\u00e7\u00e3o, faz voar mais alto - Mais Magazine","og_description":"Uma institui\u00e7\u00e3o que, pela educa\u00e7\u00e3o, faz voar mais alto","og_url":"http:\/\/maismagazine.pt\/index.php\/2022\/05\/13\/uma-instituicao-que-pela-educacao-faz-voar-mais-alto\/","og_site_name":"Mais Magazine","article_published_time":"2022-05-13T06:00:00+00:00","article_modified_time":"2022-05-26T09:09:42+00:00","og_image":[{"width":1359,"height":593,"url":"http:\/\/maismagazine.pt\/wp-content\/uploads\/2022\/05\/Colegio.jpg","type":"image\/jpeg"}],"author":"Jo\u00e3o Malainho","twitter_card":"summary_large_image","twitter_misc":{"Escrito por":false,"Tempo estimado de leitura":"3 minutos"},"schema":{"@context":"https:\/\/schema.org","@graph":[{"@type":"Article","@id":"http:\/\/maismagazine.pt\/index.php\/2022\/05\/13\/uma-instituicao-que-pela-educacao-faz-voar-mais-alto\/#article","isPartOf":{"@id":"http:\/\/maismagazine.pt\/index.php\/2022\/05\/13\/uma-instituicao-que-pela-educacao-faz-voar-mais-alto\/"},"author":{"name":"Jo\u00e3o Malainho","@id":"https:\/\/maismagazine.pt\/#\/schema\/person\/999bd426f894ff56d397ec12ebd21ebb"},"headline":"Uma institui\u00e7\u00e3o que, pela educa\u00e7\u00e3o, faz voar mais alto","datePublished":"2022-05-13T06:00:00+00:00","dateModified":"2022-05-26T09:09:42+00:00","mainEntityOfPage":{"@id":"http:\/\/maismagazine.pt\/index.php\/2022\/05\/13\/uma-instituicao-que-pela-educacao-faz-voar-mais-alto\/"},"wordCount":634,"commentCount":0,"publisher":{"@id":"https:\/\/maismagazine.pt\/#organization"},"image":{"@id":"http:\/\/maismagazine.pt\/index.php\/2022\/05\/13\/uma-instituicao-que-pela-educacao-faz-voar-mais-alto\/#primaryimage"},"thumbnailUrl":"http:\/\/maismagazine.pt\/wp-content\/uploads\/2022\/05\/Colegio.jpg","keywords":["Educa\u00e7\u00e3o","Hist\u00f3ria","inova\u00e7\u00e3o","religi\u00e3o"],"articleSection":["Educa\u00e7\u00e3o"],"inLanguage":"pt-PT","potentialAction":[{"@type":"CommentAction","name":"Comment","target":["http:\/\/maismagazine.pt\/index.php\/2022\/05\/13\/uma-instituicao-que-pela-educacao-faz-voar-mais-alto\/#respond"]}]},{"@type":"WebPage","@id":"http:\/\/maismagazine.pt\/index.php\/2022\/05\/13\/uma-instituicao-que-pela-educacao-faz-voar-mais-alto\/","url":"http:\/\/maismagazine.pt\/index.php\/2022\/05\/13\/uma-instituicao-que-pela-educacao-faz-voar-mais-alto\/","name":"Uma institui\u00e7\u00e3o que, pela educa\u00e7\u00e3o, faz voar mais alto - Mais Magazine","isPartOf":{"@id":"https:\/\/maismagazine.pt\/#website"},"primaryImageOfPage":{"@id":"http:\/\/maismagazine.pt\/index.php\/2022\/05\/13\/uma-instituicao-que-pela-educacao-faz-voar-mais-alto\/#primaryimage"},"image":{"@id":"http:\/\/maismagazine.pt\/index.php\/2022\/05\/13\/uma-instituicao-que-pela-educacao-faz-voar-mais-alto\/#primaryimage"},"thumbnailUrl":"http:\/\/maismagazine.pt\/wp-content\/uploads\/2022\/05\/Colegio.jpg","datePublished":"2022-05-13T06:00:00+00:00","dateModified":"2022-05-26T09:09:42+00:00","description":"Uma institui\u00e7\u00e3o que, pela educa\u00e7\u00e3o, faz voar mais alto","breadcrumb":{"@id":"http:\/\/maismagazine.pt\/index.php\/2022\/05\/13\/uma-instituicao-que-pela-educacao-faz-voar-mais-alto\/#breadcrumb"},"inLanguage":"pt-PT","potentialAction":[{"@type":"ReadAction","target":["http:\/\/maismagazine.pt\/index.php\/2022\/05\/13\/uma-instituicao-que-pela-educacao-faz-voar-mais-alto\/"]}]},{"@type":"ImageObject","inLanguage":"pt-PT","@id":"http:\/\/maismagazine.pt\/index.php\/2022\/05\/13\/uma-instituicao-que-pela-educacao-faz-voar-mais-alto\/#primaryimage","url":"http:\/\/maismagazine.pt\/wp-content\/uploads\/2022\/05\/Colegio.jpg","contentUrl":"http:\/\/maismagazine.pt\/wp-content\/uploads\/2022\/05\/Colegio.jpg","width":1359,"height":593},{"@type":"BreadcrumbList","@id":"http:\/\/maismagazine.pt\/index.php\/2022\/05\/13\/uma-instituicao-que-pela-educacao-faz-voar-mais-alto\/#breadcrumb","itemListElement":[{"@type":"ListItem","position":1,"name":"Home","item":"https:\/\/maismagazine.pt\/"},{"@type":"ListItem","position":2,"name":"Uma institui\u00e7\u00e3o que, pela educa\u00e7\u00e3o, faz voar mais alto"}]},{"@type":"WebSite","@id":"https:\/\/maismagazine.pt\/#website","url":"https:\/\/maismagazine.pt\/","name":"Mais Magazine","description":"","publisher":{"@id":"https:\/\/maismagazine.pt\/#organization"},"potentialAction":[{"@type":"SearchAction","target":{"@type":"EntryPoint","urlTemplate":"https:\/\/maismagazine.pt\/?s={search_term_string}"},"query-input":{"@type":"PropertyValueSpecification","valueRequired":true,"valueName":"search_term_string"}}],"inLanguage":"pt-PT"},{"@type":"Organization","@id":"https:\/\/maismagazine.pt\/#organization","name":"Mais Magazine","url":"https:\/\/maismagazine.pt\/","logo":{"@type":"ImageObject","inLanguage":"pt-PT","@id":"https:\/\/maismagazine.pt\/#\/schema\/logo\/image\/","url":"http:\/\/maismagazine.pt\/wp-content\/uploads\/2020\/04\/cropped-cropped-mais-magazine-site-logo-2.png","contentUrl":"http:\/\/maismagazine.pt\/wp-content\/uploads\/2020\/04\/cropped-cropped-mais-magazine-site-logo-2.png","width":581,"height":90,"caption":"Mais Magazine"},"image":{"@id":"https:\/\/maismagazine.pt\/#\/schema\/logo\/image\/"}},{"@type":"Person","@id":"https:\/\/maismagazine.pt\/#\/schema\/person\/999bd426f894ff56d397ec12ebd21ebb","name":"Jo\u00e3o Malainho","image":{"@type":"ImageObject","inLanguage":"pt-PT","@id":"https:\/\/maismagazine.pt\/#\/schema\/person\/image\/","url":"https:\/\/secure.gravatar.com\/avatar\/ff03c2f38edf60b2a827aa4f74878491?s=96&d=mm&r=g","contentUrl":"https:\/\/secure.gravatar.com\/avatar\/ff03c2f38edf60b2a827aa4f74878491?s=96&d=mm&r=g","caption":"Jo\u00e3o Malainho"},"url":"http:\/\/maismagazine.pt\/index.php\/author\/maismagazine\/"}]}},"author_meta":{"display_name":false,"author_link":"http:\/\/maismagazine.pt\/index.php\/author\/maismagazine\/"},"featured_img":"http:\/\/maismagazine.pt\/wp-content\/uploads\/2022\/05\/Colegio-300x131.jpg","coauthors":[],"tax_additional":{"categories":{"linked":["<a href=\"http:\/\/maismagazine.pt\/index.php\/category\/educacao\/\" class=\"advgb-post-tax-term\">Educa\u00e7\u00e3o<\/a>"],"unlinked":["<span class=\"advgb-post-tax-term\">Educa\u00e7\u00e3o<\/span>"]},"tags":{"linked":["<a href=\"http:\/\/maismagazine.pt\/index.php\/category\/educacao\/\" class=\"advgb-post-tax-term\">Educa\u00e7\u00e3o<\/a>","<a href=\"http:\/\/maismagazine.pt\/index.php\/category\/educacao\/\" class=\"advgb-post-tax-term\">Hist\u00f3ria<\/a>","<a href=\"http:\/\/maismagazine.pt\/index.php\/category\/educacao\/\" class=\"advgb-post-tax-term\">inova\u00e7\u00e3o<\/a>","<a href=\"http:\/\/maismagazine.pt\/index.php\/category\/educacao\/\" class=\"advgb-post-tax-term\">religi\u00e3o<\/a>"],"unlinked":["<span class=\"advgb-post-tax-term\">Educa\u00e7\u00e3o<\/span>","<span class=\"advgb-post-tax-term\">Hist\u00f3ria<\/span>","<span class=\"advgb-post-tax-term\">inova\u00e7\u00e3o<\/span>","<span class=\"advgb-post-tax-term\">religi\u00e3o<\/span>"]}},"comment_count":"0","relative_dates":{"created":"Posted 4 anos ago","modified":"Updated 4 anos ago"},"absolute_dates":{"created":"Posted on 13 de Maio, 2022","modified":"Updated on 26 de Maio, 2022"},"absolute_dates_time":{"created":"Posted on 13 de Maio, 2022 7:00","modified":"Updated on 26 de Maio, 2022 10:09"},"featured_img_caption":"","series_order":"","_links":{"self":[{"href":"http:\/\/maismagazine.pt\/index.php\/wp-json\/wp\/v2\/posts\/3346","targetHints":{"allow":["GET"]}}],"collection":[{"href":"http:\/\/maismagazine.pt\/index.php\/wp-json\/wp\/v2\/posts"}],"about":[{"href":"http:\/\/maismagazine.pt\/index.php\/wp-json\/wp\/v2\/types\/post"}],"author":[{"embeddable":true,"href":"http:\/\/maismagazine.pt\/index.php\/wp-json\/wp\/v2\/users\/7"}],"replies":[{"embeddable":true,"href":"http:\/\/maismagazine.pt\/index.php\/wp-json\/wp\/v2\/comments?post=3346"}],"version-history":[{"count":2,"href":"http:\/\/maismagazine.pt\/index.php\/wp-json\/wp\/v2\/posts\/3346\/revisions"}],"predecessor-version":[{"id":3401,"href":"http:\/\/maismagazine.pt\/index.php\/wp-json\/wp\/v2\/posts\/3346\/revisions\/3401"}],"wp:featuredmedia":[{"embeddable":true,"href":"http:\/\/maismagazine.pt\/index.php\/wp-json\/wp\/v2\/media\/3399"}],"wp:attachment":[{"href":"http:\/\/maismagazine.pt\/index.php\/wp-json\/wp\/v2\/media?parent=3346"}],"wp:term":[{"taxonomy":"category","embeddable":true,"href":"http:\/\/maismagazine.pt\/index.php\/wp-json\/wp\/v2\/categories?post=3346"},{"taxonomy":"post_tag","embeddable":true,"href":"http:\/\/maismagazine.pt\/index.php\/wp-json\/wp\/v2\/tags?post=3346"}],"curies":[{"name":"wp","href":"https:\/\/api.w.org\/{rel}","templated":true}]}}