{"id":3343,"date":"2022-05-13T07:00:00","date_gmt":"2022-05-13T06:00:00","guid":{"rendered":"http:\/\/maismagazine.pt\/?p=3343"},"modified":"2022-05-06T11:32:58","modified_gmt":"2022-05-06T10:32:58","slug":"ha-seis-decadas-a-formar-educadores-e-professores","status":"publish","type":"post","link":"http:\/\/maismagazine.pt\/index.php\/2022\/05\/13\/ha-seis-decadas-a-formar-educadores-e-professores\/","title":{"rendered":"H\u00e1 seis d\u00e9cadas a formar Educadores e Professores"},"content":{"rendered":"\n<p><strong>Fundada em 1963, a Escola Superior de Educa\u00e7\u00e3o de Paula Frassinetti (ESEPF) \u00e9 inspirada nas intui\u00e7\u00f5es pedag\u00f3gicas e na pr\u00e1tica educacional de Santa Paula Frassinetti. Herdeira de uma hist\u00f3ria relevante, afirma-se como um estabelecimento de ensino virado para o futuro.<\/strong><\/p>\n\n\n\n<p><\/p>\n\n\n\n<p>A ESEPF nasceu em 1963 na cidade do Porto. Foi a primeira <a href=\"https:\/\/www.esepf.pt\/\" target=\"_blank\" rel=\"noreferrer noopener\">Escola<\/a> de Educadoras do Norte do pa\u00eds que profissionalizava mulheres com o Curso M\u00e9dio de Educa\u00e7\u00e3o de Inf\u00e2ncia. Fruto das orienta\u00e7\u00f5es previstas na Lei de Bases do Sistema Educativo, em 1988 \u00e9 autorizada a cria\u00e7\u00e3o do estabelecimento de Ensino Superior com o bacharelato em Educa\u00e7\u00e3o de Inf\u00e2ncia. A partir da\u00ed, a ESEPF nunca mais deixou de aprofundar e alargar a sua atividade de ensino, de investiga\u00e7\u00e3o e de servi\u00e7o \u00e0 comunidade. Hoje, oferece duas licenciaturas, seis mestrados e v\u00e1rias p\u00f3s-gradua\u00e7\u00f5es na \u00e1rea da forma\u00e7\u00e3o de Educadores de Inf\u00e2ncia e Professores do 1.\u00ba e 2.\u00ba Ciclos, bem como em Educa\u00e7\u00e3o Social. A qualidade institucional da Escola est\u00e1 patente nas avalia\u00e7\u00f5es feitas por entidades externas. Em 2019, a ESEPF foi das poucas Institui\u00e7\u00f5es de Ensino Superior que mereceu da Ag\u00eancia de Avalia\u00e7\u00e3o e Acredita\u00e7\u00e3o do Ensino Superior a acredita\u00e7\u00e3o em todos os par\u00e2metros da avalia\u00e7\u00e3o institucional. Em 2020, e pelo terceiro ano consecutivo, a ESEPF foi considerada a melhor institui\u00e7\u00e3o portuguesa no U-Multirank &#8211; Applied Knowledge Partnerships Ranking de entre as 20 institui\u00e7\u00f5es de Ensino Superior portuguesas inclu\u00eddas neste ranking.<\/p>\n\n\n\n<p><\/p>\n\n\n\n<p>A ESEPF assume como miss\u00e3o formar integralmente profissionais, na \u00e1rea da <a href=\"https:\/\/maismagazine.pt\/index.php\/category\/educacao\/\" target=\"_blank\" rel=\"noreferrer noopener\">Educa\u00e7\u00e3o<\/a>, de excel\u00eancia cient\u00edfica e pedag\u00f3gica reconhecida. Para isso aposta numa oferta formativa abrangente, capaz de articular o estudo, o ensino e a investiga\u00e7\u00e3o cient\u00edfica. \u201cSalvaguardando as especificidades de cada uma das propostas de forma\u00e7\u00e3o, que pretendem uma robusta capacita\u00e7\u00e3o cient\u00edfica e t\u00e9cnica dos profissionais de Educa\u00e7\u00e3o, a oferta da ESEPF privilegia l\u00f3gicas formativas de natureza transversal e multidisciplinar\u201d, explica Jos\u00e9 Lu\u00eds Gon\u00e7alves, Diretor. Assim, os seus curr\u00edculos s\u00e3o concretizados pela articula\u00e7\u00e3o e complementaridade do saber cient\u00edfico e das pr\u00e1ticas profissionais e profissionalizantes testadas. No sentido de oferecer aos jovens oportunidades para o desenvolvimento integrado e diferenciador, onde sejam trabalhadas v\u00e1rias compet\u00eancias, elaborou-se o Percurso Formativo para o Desenvolvimento Integral do Estudante da ESEPF. \u201cCom as oportunidades que disponibilizamos neste Percurso Formativo para o Desenvolvimento Integral do Estudante da ESEPF, os estudantes t\u00eam possibilidade de desenvolverem e aprofundarem compet\u00eancias e conhecimentos, a partir da sua imers\u00e3o em contextos reais que os colocam em contacto com situa\u00e7\u00f5es como a\u00e7\u00f5es de voluntariado, integra\u00e7\u00e3o de equipas de investiga\u00e7\u00e3o, participa\u00e7\u00e3o em din\u00e2micas de comunidades locais e organiza\u00e7\u00e3o de iniciativas de natureza cultural, por exemplo\u201d , explica a subdiretora Isabel Cl\u00e1udia Nogueira. Este percurso pode ir sendo desenhado por cada estudante de modo aut\u00f3nomo, volunt\u00e1rio e personalizado, \u00e0 medida dos seus interesses e disponibilidade, fomentando atitudes de abertura ao mundo, \u00e0 sua diversidade, aos seus desafios e \u00e0 sua riqueza e compromisso com a valoriza\u00e7\u00e3o de todos pelo respeito e aceita\u00e7\u00e3o de cada um. <\/p>\n\n\n\n<p><\/p>\n\n\n\n<p>A ESEPF diferencia-se pelo seu estilo de educar, que aposta na \u201cag\u00eancia\u201d do estudante atrav\u00e9s de um acompanhamento pr\u00f3ximo de cada um e na exig\u00eancia da dupla e insepar\u00e1vel forma\u00e7\u00e3o humana e acad\u00e9mica. O fruto desse investimento formativo est\u00e1 patente na satisfa\u00e7\u00e3o dos Alumni e \u00e9 valorizado pelos empregadores &#8211; de que as elevadas taxas de empregabilidade s\u00e3o evid\u00eancia -, assim como pelos parceiros sociais. \u201cEsta diferen\u00e7a \u00e9 constru\u00edda numa escola onde atuam, simultaneamente, duas for\u00e7as: a identidade e a novidade. Por isso, nunca estagnamos. Encontramo-nos presentemente inseridos numa din\u00e2mica coletiva da rede das Irm\u00e3s Doroteias denominada B\u00fassola 21 de participa\u00e7\u00e3o e coconstru\u00e7\u00e3o de propostas de inova\u00e7\u00e3o educacional\u201d.<\/p>\n","protected":false},"excerpt":{"rendered":"<p>Fundada em 1963, a Escola Superior de Educa\u00e7\u00e3o de Paula Frassinetti (ESEPF) \u00e9 inspirada nas intui\u00e7\u00f5es pedag\u00f3gicas e na pr\u00e1tica educacional de Santa Paula Frassinetti. Herdeira de uma hist\u00f3ria relevante, afirma-se como um estabelecimento de ensino virado para o futuro. A ESEPF nasceu em 1963 na cidade do Porto. Foi&hellip;<\/p>\n","protected":false},"author":7,"featured_media":3348,"comment_status":"open","ping_status":"open","sticky":false,"template":"","format":"standard","meta":{"advgb_blocks_editor_width":"","advgb_blocks_columns_visual_guide":"","_monsterinsights_skip_tracking":false,"_monsterinsights_sitenote_active":false,"_monsterinsights_sitenote_note":"","_monsterinsights_sitenote_category":0,"footnotes":""},"categories":[149,656],"tags":[616,705,704],"class_list":["post-3343","post","type-post","status-publish","format-standard","has-post-thumbnail","hentry","category-educacao","category-religiao","tag-ensino-superior","tag-irmas-doroteias","tag-santa-paula-frassinetti"],"yoast_head":"<!-- This site is optimized with the Yoast SEO plugin v24.4 - https:\/\/yoast.com\/wordpress\/plugins\/seo\/ -->\n<title>H\u00e1 seis d\u00e9cadas a formar Educadores e Professores - Mais Magazine<\/title>\n<meta name=\"description\" content=\"A Escola Superior de Educa\u00e7\u00e3o \u00e9 inspirada nas intui\u00e7\u00f5es pedag\u00f3gicas e na pr\u00e1tica educacional de Santa Paula Frassinetti.\" \/>\n<meta name=\"robots\" content=\"index, follow, max-snippet:-1, max-image-preview:large, max-video-preview:-1\" \/>\n<link rel=\"canonical\" href=\"https:\/\/maismagazine.pt\/index.php\/2022\/05\/13\/ha-seis-decadas-a-formar-educadores-e-professores\/\" \/>\n<meta property=\"og:locale\" content=\"pt_PT\" \/>\n<meta property=\"og:type\" content=\"article\" \/>\n<meta property=\"og:title\" content=\"H\u00e1 seis d\u00e9cadas a formar Educadores e Professores - Mais Magazine\" \/>\n<meta property=\"og:description\" content=\"A Escola Superior de Educa\u00e7\u00e3o \u00e9 inspirada nas intui\u00e7\u00f5es pedag\u00f3gicas e na pr\u00e1tica educacional de Santa Paula Frassinetti.\" \/>\n<meta property=\"og:url\" content=\"https:\/\/maismagazine.pt\/index.php\/2022\/05\/13\/ha-seis-decadas-a-formar-educadores-e-professores\/\" \/>\n<meta property=\"og:site_name\" content=\"Mais Magazine\" \/>\n<meta property=\"article:published_time\" content=\"2022-05-13T06:00:00+00:00\" \/>\n<meta property=\"og:image\" content=\"https:\/\/maismagazine.pt\/wp-content\/uploads\/2022\/05\/244593550_10159408210738350_5815065144019551733_n.jpg\" \/>\n\t<meta property=\"og:image:width\" content=\"1200\" \/>\n\t<meta property=\"og:image:height\" content=\"800\" \/>\n\t<meta property=\"og:image:type\" content=\"image\/jpeg\" \/>\n<meta name=\"author\" content=\"Jo\u00e3o Malainho\" \/>\n<meta name=\"twitter:card\" content=\"summary_large_image\" \/>\n<meta name=\"twitter:label1\" content=\"Escrito por\" \/>\n\t<meta name=\"twitter:data1\" content=\"\" \/>\n\t<meta name=\"twitter:label2\" content=\"Tempo estimado de leitura\" \/>\n\t<meta name=\"twitter:data2\" content=\"3 minutos\" \/>\n<script type=\"application\/ld+json\" class=\"yoast-schema-graph\">{\"@context\":\"https:\/\/schema.org\",\"@graph\":[{\"@type\":\"Article\",\"@id\":\"https:\/\/maismagazine.pt\/index.php\/2022\/05\/13\/ha-seis-decadas-a-formar-educadores-e-professores\/#article\",\"isPartOf\":{\"@id\":\"https:\/\/maismagazine.pt\/index.php\/2022\/05\/13\/ha-seis-decadas-a-formar-educadores-e-professores\/\"},\"author\":{\"name\":\"Jo\u00e3o Malainho\",\"@id\":\"http:\/\/maismagazine.pt\/#\/schema\/person\/999bd426f894ff56d397ec12ebd21ebb\"},\"headline\":\"H\u00e1 seis d\u00e9cadas a formar Educadores e Professores\",\"datePublished\":\"2022-05-13T06:00:00+00:00\",\"mainEntityOfPage\":{\"@id\":\"https:\/\/maismagazine.pt\/index.php\/2022\/05\/13\/ha-seis-decadas-a-formar-educadores-e-professores\/\"},\"wordCount\":667,\"commentCount\":0,\"publisher\":{\"@id\":\"http:\/\/maismagazine.pt\/#organization\"},\"image\":{\"@id\":\"https:\/\/maismagazine.pt\/index.php\/2022\/05\/13\/ha-seis-decadas-a-formar-educadores-e-professores\/#primaryimage\"},\"thumbnailUrl\":\"http:\/\/maismagazine.pt\/wp-content\/uploads\/2022\/05\/244593550_10159408210738350_5815065144019551733_n.jpg\",\"keywords\":[\"ensino superior\",\"Irm\u00e3s Doroteias\",\"Santa Paula Frassinetti\"],\"articleSection\":[\"Educa\u00e7\u00e3o\",\"Religi\u00e3o\"],\"inLanguage\":\"pt-PT\",\"potentialAction\":[{\"@type\":\"CommentAction\",\"name\":\"Comment\",\"target\":[\"https:\/\/maismagazine.pt\/index.php\/2022\/05\/13\/ha-seis-decadas-a-formar-educadores-e-professores\/#respond\"]}]},{\"@type\":\"WebPage\",\"@id\":\"https:\/\/maismagazine.pt\/index.php\/2022\/05\/13\/ha-seis-decadas-a-formar-educadores-e-professores\/\",\"url\":\"https:\/\/maismagazine.pt\/index.php\/2022\/05\/13\/ha-seis-decadas-a-formar-educadores-e-professores\/\",\"name\":\"H\u00e1 seis d\u00e9cadas a formar Educadores e Professores - Mais Magazine\",\"isPartOf\":{\"@id\":\"http:\/\/maismagazine.pt\/#website\"},\"primaryImageOfPage\":{\"@id\":\"https:\/\/maismagazine.pt\/index.php\/2022\/05\/13\/ha-seis-decadas-a-formar-educadores-e-professores\/#primaryimage\"},\"image\":{\"@id\":\"https:\/\/maismagazine.pt\/index.php\/2022\/05\/13\/ha-seis-decadas-a-formar-educadores-e-professores\/#primaryimage\"},\"thumbnailUrl\":\"http:\/\/maismagazine.pt\/wp-content\/uploads\/2022\/05\/244593550_10159408210738350_5815065144019551733_n.jpg\",\"datePublished\":\"2022-05-13T06:00:00+00:00\",\"description\":\"A Escola Superior de Educa\u00e7\u00e3o \u00e9 inspirada nas intui\u00e7\u00f5es pedag\u00f3gicas e na pr\u00e1tica educacional de Santa Paula Frassinetti.\",\"breadcrumb\":{\"@id\":\"https:\/\/maismagazine.pt\/index.php\/2022\/05\/13\/ha-seis-decadas-a-formar-educadores-e-professores\/#breadcrumb\"},\"inLanguage\":\"pt-PT\",\"potentialAction\":[{\"@type\":\"ReadAction\",\"target\":[\"https:\/\/maismagazine.pt\/index.php\/2022\/05\/13\/ha-seis-decadas-a-formar-educadores-e-professores\/\"]}]},{\"@type\":\"ImageObject\",\"inLanguage\":\"pt-PT\",\"@id\":\"https:\/\/maismagazine.pt\/index.php\/2022\/05\/13\/ha-seis-decadas-a-formar-educadores-e-professores\/#primaryimage\",\"url\":\"http:\/\/maismagazine.pt\/wp-content\/uploads\/2022\/05\/244593550_10159408210738350_5815065144019551733_n.jpg\",\"contentUrl\":\"http:\/\/maismagazine.pt\/wp-content\/uploads\/2022\/05\/244593550_10159408210738350_5815065144019551733_n.jpg\",\"width\":1200,\"height\":800},{\"@type\":\"BreadcrumbList\",\"@id\":\"https:\/\/maismagazine.pt\/index.php\/2022\/05\/13\/ha-seis-decadas-a-formar-educadores-e-professores\/#breadcrumb\",\"itemListElement\":[{\"@type\":\"ListItem\",\"position\":1,\"name\":\"Home\",\"item\":\"http:\/\/maismagazine.pt\/\"},{\"@type\":\"ListItem\",\"position\":2,\"name\":\"H\u00e1 seis d\u00e9cadas a formar Educadores e Professores\"}]},{\"@type\":\"WebSite\",\"@id\":\"http:\/\/maismagazine.pt\/#website\",\"url\":\"http:\/\/maismagazine.pt\/\",\"name\":\"Mais Magazine\",\"description\":\"\",\"publisher\":{\"@id\":\"http:\/\/maismagazine.pt\/#organization\"},\"potentialAction\":[{\"@type\":\"SearchAction\",\"target\":{\"@type\":\"EntryPoint\",\"urlTemplate\":\"http:\/\/maismagazine.pt\/?s={search_term_string}\"},\"query-input\":{\"@type\":\"PropertyValueSpecification\",\"valueRequired\":true,\"valueName\":\"search_term_string\"}}],\"inLanguage\":\"pt-PT\"},{\"@type\":\"Organization\",\"@id\":\"http:\/\/maismagazine.pt\/#organization\",\"name\":\"Mais Magazine\",\"url\":\"http:\/\/maismagazine.pt\/\",\"logo\":{\"@type\":\"ImageObject\",\"inLanguage\":\"pt-PT\",\"@id\":\"http:\/\/maismagazine.pt\/#\/schema\/logo\/image\/\",\"url\":\"http:\/\/maismagazine.pt\/wp-content\/uploads\/2020\/04\/cropped-cropped-mais-magazine-site-logo-2.png\",\"contentUrl\":\"http:\/\/maismagazine.pt\/wp-content\/uploads\/2020\/04\/cropped-cropped-mais-magazine-site-logo-2.png\",\"width\":581,\"height\":90,\"caption\":\"Mais Magazine\"},\"image\":{\"@id\":\"http:\/\/maismagazine.pt\/#\/schema\/logo\/image\/\"}},{\"@type\":\"Person\",\"@id\":\"http:\/\/maismagazine.pt\/#\/schema\/person\/999bd426f894ff56d397ec12ebd21ebb\",\"name\":\"Jo\u00e3o Malainho\",\"image\":{\"@type\":\"ImageObject\",\"inLanguage\":\"pt-PT\",\"@id\":\"http:\/\/maismagazine.pt\/#\/schema\/person\/image\/\",\"url\":\"https:\/\/secure.gravatar.com\/avatar\/ff03c2f38edf60b2a827aa4f74878491?s=96&d=mm&r=g\",\"contentUrl\":\"https:\/\/secure.gravatar.com\/avatar\/ff03c2f38edf60b2a827aa4f74878491?s=96&d=mm&r=g\",\"caption\":\"Jo\u00e3o Malainho\"},\"url\":\"http:\/\/maismagazine.pt\/index.php\/author\/maismagazine\/\"}]}<\/script>\n<!-- \/ Yoast SEO plugin. -->","yoast_head_json":{"title":"H\u00e1 seis d\u00e9cadas a formar Educadores e Professores - Mais Magazine","description":"A Escola Superior de Educa\u00e7\u00e3o \u00e9 inspirada nas intui\u00e7\u00f5es pedag\u00f3gicas e na pr\u00e1tica educacional de Santa Paula Frassinetti.","robots":{"index":"index","follow":"follow","max-snippet":"max-snippet:-1","max-image-preview":"max-image-preview:large","max-video-preview":"max-video-preview:-1"},"canonical":"https:\/\/maismagazine.pt\/index.php\/2022\/05\/13\/ha-seis-decadas-a-formar-educadores-e-professores\/","og_locale":"pt_PT","og_type":"article","og_title":"H\u00e1 seis d\u00e9cadas a formar Educadores e Professores - Mais Magazine","og_description":"A Escola Superior de Educa\u00e7\u00e3o \u00e9 inspirada nas intui\u00e7\u00f5es pedag\u00f3gicas e na pr\u00e1tica educacional de Santa Paula Frassinetti.","og_url":"https:\/\/maismagazine.pt\/index.php\/2022\/05\/13\/ha-seis-decadas-a-formar-educadores-e-professores\/","og_site_name":"Mais Magazine","article_published_time":"2022-05-13T06:00:00+00:00","og_image":[{"width":1200,"height":800,"url":"https:\/\/maismagazine.pt\/wp-content\/uploads\/2022\/05\/244593550_10159408210738350_5815065144019551733_n.jpg","type":"image\/jpeg"}],"author":"Jo\u00e3o Malainho","twitter_card":"summary_large_image","twitter_misc":{"Escrito por":false,"Tempo estimado de leitura":"3 minutos"},"schema":{"@context":"https:\/\/schema.org","@graph":[{"@type":"Article","@id":"https:\/\/maismagazine.pt\/index.php\/2022\/05\/13\/ha-seis-decadas-a-formar-educadores-e-professores\/#article","isPartOf":{"@id":"https:\/\/maismagazine.pt\/index.php\/2022\/05\/13\/ha-seis-decadas-a-formar-educadores-e-professores\/"},"author":{"name":"Jo\u00e3o Malainho","@id":"http:\/\/maismagazine.pt\/#\/schema\/person\/999bd426f894ff56d397ec12ebd21ebb"},"headline":"H\u00e1 seis d\u00e9cadas a formar Educadores e Professores","datePublished":"2022-05-13T06:00:00+00:00","mainEntityOfPage":{"@id":"https:\/\/maismagazine.pt\/index.php\/2022\/05\/13\/ha-seis-decadas-a-formar-educadores-e-professores\/"},"wordCount":667,"commentCount":0,"publisher":{"@id":"http:\/\/maismagazine.pt\/#organization"},"image":{"@id":"https:\/\/maismagazine.pt\/index.php\/2022\/05\/13\/ha-seis-decadas-a-formar-educadores-e-professores\/#primaryimage"},"thumbnailUrl":"http:\/\/maismagazine.pt\/wp-content\/uploads\/2022\/05\/244593550_10159408210738350_5815065144019551733_n.jpg","keywords":["ensino superior","Irm\u00e3s Doroteias","Santa Paula Frassinetti"],"articleSection":["Educa\u00e7\u00e3o","Religi\u00e3o"],"inLanguage":"pt-PT","potentialAction":[{"@type":"CommentAction","name":"Comment","target":["https:\/\/maismagazine.pt\/index.php\/2022\/05\/13\/ha-seis-decadas-a-formar-educadores-e-professores\/#respond"]}]},{"@type":"WebPage","@id":"https:\/\/maismagazine.pt\/index.php\/2022\/05\/13\/ha-seis-decadas-a-formar-educadores-e-professores\/","url":"https:\/\/maismagazine.pt\/index.php\/2022\/05\/13\/ha-seis-decadas-a-formar-educadores-e-professores\/","name":"H\u00e1 seis d\u00e9cadas a formar Educadores e Professores - Mais Magazine","isPartOf":{"@id":"http:\/\/maismagazine.pt\/#website"},"primaryImageOfPage":{"@id":"https:\/\/maismagazine.pt\/index.php\/2022\/05\/13\/ha-seis-decadas-a-formar-educadores-e-professores\/#primaryimage"},"image":{"@id":"https:\/\/maismagazine.pt\/index.php\/2022\/05\/13\/ha-seis-decadas-a-formar-educadores-e-professores\/#primaryimage"},"thumbnailUrl":"http:\/\/maismagazine.pt\/wp-content\/uploads\/2022\/05\/244593550_10159408210738350_5815065144019551733_n.jpg","datePublished":"2022-05-13T06:00:00+00:00","description":"A Escola Superior de Educa\u00e7\u00e3o \u00e9 inspirada nas intui\u00e7\u00f5es pedag\u00f3gicas e na pr\u00e1tica educacional de Santa Paula Frassinetti.","breadcrumb":{"@id":"https:\/\/maismagazine.pt\/index.php\/2022\/05\/13\/ha-seis-decadas-a-formar-educadores-e-professores\/#breadcrumb"},"inLanguage":"pt-PT","potentialAction":[{"@type":"ReadAction","target":["https:\/\/maismagazine.pt\/index.php\/2022\/05\/13\/ha-seis-decadas-a-formar-educadores-e-professores\/"]}]},{"@type":"ImageObject","inLanguage":"pt-PT","@id":"https:\/\/maismagazine.pt\/index.php\/2022\/05\/13\/ha-seis-decadas-a-formar-educadores-e-professores\/#primaryimage","url":"http:\/\/maismagazine.pt\/wp-content\/uploads\/2022\/05\/244593550_10159408210738350_5815065144019551733_n.jpg","contentUrl":"http:\/\/maismagazine.pt\/wp-content\/uploads\/2022\/05\/244593550_10159408210738350_5815065144019551733_n.jpg","width":1200,"height":800},{"@type":"BreadcrumbList","@id":"https:\/\/maismagazine.pt\/index.php\/2022\/05\/13\/ha-seis-decadas-a-formar-educadores-e-professores\/#breadcrumb","itemListElement":[{"@type":"ListItem","position":1,"name":"Home","item":"http:\/\/maismagazine.pt\/"},{"@type":"ListItem","position":2,"name":"H\u00e1 seis d\u00e9cadas a formar Educadores e Professores"}]},{"@type":"WebSite","@id":"http:\/\/maismagazine.pt\/#website","url":"http:\/\/maismagazine.pt\/","name":"Mais Magazine","description":"","publisher":{"@id":"http:\/\/maismagazine.pt\/#organization"},"potentialAction":[{"@type":"SearchAction","target":{"@type":"EntryPoint","urlTemplate":"http:\/\/maismagazine.pt\/?s={search_term_string}"},"query-input":{"@type":"PropertyValueSpecification","valueRequired":true,"valueName":"search_term_string"}}],"inLanguage":"pt-PT"},{"@type":"Organization","@id":"http:\/\/maismagazine.pt\/#organization","name":"Mais Magazine","url":"http:\/\/maismagazine.pt\/","logo":{"@type":"ImageObject","inLanguage":"pt-PT","@id":"http:\/\/maismagazine.pt\/#\/schema\/logo\/image\/","url":"http:\/\/maismagazine.pt\/wp-content\/uploads\/2020\/04\/cropped-cropped-mais-magazine-site-logo-2.png","contentUrl":"http:\/\/maismagazine.pt\/wp-content\/uploads\/2020\/04\/cropped-cropped-mais-magazine-site-logo-2.png","width":581,"height":90,"caption":"Mais Magazine"},"image":{"@id":"http:\/\/maismagazine.pt\/#\/schema\/logo\/image\/"}},{"@type":"Person","@id":"http:\/\/maismagazine.pt\/#\/schema\/person\/999bd426f894ff56d397ec12ebd21ebb","name":"Jo\u00e3o Malainho","image":{"@type":"ImageObject","inLanguage":"pt-PT","@id":"http:\/\/maismagazine.pt\/#\/schema\/person\/image\/","url":"https:\/\/secure.gravatar.com\/avatar\/ff03c2f38edf60b2a827aa4f74878491?s=96&d=mm&r=g","contentUrl":"https:\/\/secure.gravatar.com\/avatar\/ff03c2f38edf60b2a827aa4f74878491?s=96&d=mm&r=g","caption":"Jo\u00e3o Malainho"},"url":"http:\/\/maismagazine.pt\/index.php\/author\/maismagazine\/"}]}},"author_meta":{"display_name":false,"author_link":"http:\/\/maismagazine.pt\/index.php\/author\/maismagazine\/"},"featured_img":"http:\/\/maismagazine.pt\/wp-content\/uploads\/2022\/05\/244593550_10159408210738350_5815065144019551733_n-300x200.jpg","coauthors":[],"tax_additional":{"categories":{"linked":["<a href=\"http:\/\/maismagazine.pt\/index.php\/category\/educacao\/\" class=\"advgb-post-tax-term\">Educa\u00e7\u00e3o<\/a>","<a href=\"http:\/\/maismagazine.pt\/index.php\/category\/religiao\/\" class=\"advgb-post-tax-term\">Religi\u00e3o<\/a>"],"unlinked":["<span class=\"advgb-post-tax-term\">Educa\u00e7\u00e3o<\/span>","<span class=\"advgb-post-tax-term\">Religi\u00e3o<\/span>"]},"tags":{"linked":["<a href=\"http:\/\/maismagazine.pt\/index.php\/category\/religiao\/\" class=\"advgb-post-tax-term\">ensino superior<\/a>","<a href=\"http:\/\/maismagazine.pt\/index.php\/category\/religiao\/\" class=\"advgb-post-tax-term\">Irm\u00e3s Doroteias<\/a>","<a href=\"http:\/\/maismagazine.pt\/index.php\/category\/religiao\/\" class=\"advgb-post-tax-term\">Santa Paula Frassinetti<\/a>"],"unlinked":["<span class=\"advgb-post-tax-term\">ensino superior<\/span>","<span class=\"advgb-post-tax-term\">Irm\u00e3s Doroteias<\/span>","<span class=\"advgb-post-tax-term\">Santa Paula Frassinetti<\/span>"]}},"comment_count":"0","relative_dates":{"created":"Posted 4 anos ago","modified":"Updated 4 anos ago"},"absolute_dates":{"created":"Posted on 13 de Maio, 2022","modified":"Updated on 6 de Maio, 2022"},"absolute_dates_time":{"created":"Posted on 13 de Maio, 2022 7:00","modified":"Updated on 6 de Maio, 2022 11:32"},"featured_img_caption":"","series_order":"","_links":{"self":[{"href":"http:\/\/maismagazine.pt\/index.php\/wp-json\/wp\/v2\/posts\/3343","targetHints":{"allow":["GET"]}}],"collection":[{"href":"http:\/\/maismagazine.pt\/index.php\/wp-json\/wp\/v2\/posts"}],"about":[{"href":"http:\/\/maismagazine.pt\/index.php\/wp-json\/wp\/v2\/types\/post"}],"author":[{"embeddable":true,"href":"http:\/\/maismagazine.pt\/index.php\/wp-json\/wp\/v2\/users\/7"}],"replies":[{"embeddable":true,"href":"http:\/\/maismagazine.pt\/index.php\/wp-json\/wp\/v2\/comments?post=3343"}],"version-history":[{"count":1,"href":"http:\/\/maismagazine.pt\/index.php\/wp-json\/wp\/v2\/posts\/3343\/revisions"}],"predecessor-version":[{"id":3349,"href":"http:\/\/maismagazine.pt\/index.php\/wp-json\/wp\/v2\/posts\/3343\/revisions\/3349"}],"wp:featuredmedia":[{"embeddable":true,"href":"http:\/\/maismagazine.pt\/index.php\/wp-json\/wp\/v2\/media\/3348"}],"wp:attachment":[{"href":"http:\/\/maismagazine.pt\/index.php\/wp-json\/wp\/v2\/media?parent=3343"}],"wp:term":[{"taxonomy":"category","embeddable":true,"href":"http:\/\/maismagazine.pt\/index.php\/wp-json\/wp\/v2\/categories?post=3343"},{"taxonomy":"post_tag","embeddable":true,"href":"http:\/\/maismagazine.pt\/index.php\/wp-json\/wp\/v2\/tags?post=3343"}],"curies":[{"name":"wp","href":"https:\/\/api.w.org\/{rel}","templated":true}]}}