{"id":3269,"date":"2022-05-13T07:00:00","date_gmt":"2022-05-13T06:00:00","guid":{"rendered":"https:\/\/maismagazine.pt\/?p=3269"},"modified":"2022-05-05T17:40:17","modified_gmt":"2022-05-05T16:40:17","slug":"figueira-de-castelo-rodrigo-uma-vila-uma-serra-uma-aldeia-historica-e-tanto-para-descobrir","status":"publish","type":"post","link":"http:\/\/maismagazine.pt\/index.php\/2022\/05\/13\/figueira-de-castelo-rodrigo-uma-vila-uma-serra-uma-aldeia-historica-e-tanto-para-descobrir\/","title":{"rendered":"Figueira de Castelo Rodrigo: Uma vila, uma serra, uma Aldeia Hist\u00f3rica e tanto para descobrir"},"content":{"rendered":"\n<p><\/p>\n\n\n\n<p><strong>\u00c9 em <a href=\"http:\/\/www.cm-fcr.pt\">Figueira de Castelo Rodrigo<\/a>, no cora\u00e7\u00e3o do Ribac\u00f4a, que fazemos a nossa quarta paragem e onde passaremos os pr\u00f3ximos momentos desta viagem. Detentora de grande riqueza de patrim\u00f3nio edificado e de uma das mais belas e marcantes Aldeias Hist\u00f3ricas de Portugal, esta \u201cTerra de Encanto\u201d convida-o \u00e0 descoberta do que de melhor o interior do pa\u00eds tem para oferecer. Demore-se nesta visita, prometemos que n\u00e3o se vai arrepender.<\/strong><\/p>\n\n\n\n<p><\/p>\n\n\n\n<div class=\"wp-block-image is-style-rounded\"><figure class=\"aligncenter size-full is-resized\"><img loading=\"lazy\" decoding=\"async\" src=\"https:\/\/maismagazine.pt\/wp-content\/uploads\/2022\/05\/Carlos-Condesso.jpg\" alt=\"\" class=\"wp-image-3271\" width=\"579\" height=\"386\" srcset=\"http:\/\/maismagazine.pt\/wp-content\/uploads\/2022\/05\/Carlos-Condesso.jpg 1024w, http:\/\/maismagazine.pt\/wp-content\/uploads\/2022\/05\/Carlos-Condesso-300x200.jpg 300w, http:\/\/maismagazine.pt\/wp-content\/uploads\/2022\/05\/Carlos-Condesso-768x512.jpg 768w, http:\/\/maismagazine.pt\/wp-content\/uploads\/2022\/05\/Carlos-Condesso-150x100.jpg 150w\" sizes=\"auto, (max-width: 579px) 100vw, 579px\" \/><\/figure><\/div>\n\n\n\n<p><\/p>\n\n\n\n<p>\u00c9 pela Rota da Estrada Nacional 221 que, nesta edi\u00e7\u00e3o, chegamos a Figueira de Castelo Rodrigo, inserida no cora\u00e7\u00e3o da regi\u00e3o do Ribac\u00f4a e dona de um patrim\u00f3nio de grande riqueza. S\u00e3o 508 quil\u00f3metros quadrados de natureza e cultura bem preservadas onde a paisagem que nos deslumbra a cada curva de estrada \u00e9 real\u00e7ada pelos miradouros naturais que v\u00e3o pontuando o percurso e nos enchem a alma, fazendo perceber a beleza desta regi\u00e3o.<\/p>\n\n\n\n<p><\/p>\n\n\n\n<p>\u00c9 aqui, neste territ\u00f3rio que integra o Patrim\u00f3nio Classificado do Alto Douro Vinhateiro, que encontramos o \u00faltimo cais do Douro naveg\u00e1vel e a Aldeia Hist\u00f3rica de Castelo Rodrigo, com a sua cintura de muralhas e diversos monumentos de interesse cultural e hist\u00f3rico. Estes t\u00eam o cond\u00e3o de nos fazer \u201cviajar\u201d no tempo, relembrando em cada esquina que ali se definiu muito do que hoje \u00e9 Portugal.<\/p>\n\n\n\n<figure class=\"wp-block-image size-large\"><img loading=\"lazy\" decoding=\"async\" width=\"1024\" height=\"683\" src=\"https:\/\/maismagazine.pt\/wp-content\/uploads\/2022\/05\/Camara-Municipal-de-Figueira-de-Castelo-Rodrigo-1-1024x683.jpg\" alt=\"\" class=\"wp-image-3272\" srcset=\"http:\/\/maismagazine.pt\/wp-content\/uploads\/2022\/05\/Camara-Municipal-de-Figueira-de-Castelo-Rodrigo-1-1024x683.jpg 1024w, http:\/\/maismagazine.pt\/wp-content\/uploads\/2022\/05\/Camara-Municipal-de-Figueira-de-Castelo-Rodrigo-1-300x200.jpg 300w, http:\/\/maismagazine.pt\/wp-content\/uploads\/2022\/05\/Camara-Municipal-de-Figueira-de-Castelo-Rodrigo-1-768x512.jpg 768w, http:\/\/maismagazine.pt\/wp-content\/uploads\/2022\/05\/Camara-Municipal-de-Figueira-de-Castelo-Rodrigo-1-1536x1025.jpg 1536w, http:\/\/maismagazine.pt\/wp-content\/uploads\/2022\/05\/Camara-Municipal-de-Figueira-de-Castelo-Rodrigo-1-2048x1367.jpg 2048w, http:\/\/maismagazine.pt\/wp-content\/uploads\/2022\/05\/Camara-Municipal-de-Figueira-de-Castelo-Rodrigo-1-150x100.jpg 150w\" sizes=\"auto, (max-width: 1024px) 100vw, 1024px\" \/><\/figure>\n\n\n\n<p><\/p>\n\n\n\n<p>Na vertente nordeste do concelho, o Parque Natural do Douro Internacional \u00e9 o garante da preserva\u00e7\u00e3o da fauna e flora deste territ\u00f3rio. \u00c9 tamb\u00e9m neste concelho que encontramos a importante torre de Almofala, que remonta \u00e0 \u00e9poca da presen\u00e7a romana. A Ara votiva ali descoberta permitiu perceber que ali existiu a CIVITAS COBELCORUM, ou cidade dos Cobelcos. Um importante patrim\u00f3nio hist\u00f3rico para todo o concelho que tem vindo a ser amplamente divulgado pelo executivo municipal.<\/p>\n\n\n\n<p><\/p>\n\n\n\n<p>A diversidade do artesanato como a cestaria, latoaria, olaria ou as miniaturas em madeira, e a sua riqueza gastron\u00f3mica s\u00e3o tamb\u00e9m argumentos de peso para prolongar esta visita. Foi exatamente para preservar esta valiosa heran\u00e7a cultural e as suas tradi\u00e7\u00f5es que o Munic\u00edpio de Figueira de Castelo Rodrigo apostou na cria\u00e7\u00e3o de uma rede de casas-museu. A mais antiga, o Museu de artes e of\u00edcios Francisco T\u00e1vora, localiza-se em<br>plena Rota de Estrada Nacional 221, na Freguesia de Escalh\u00e3o e \u00e9, sem d\u00favida, um espa\u00e7o que merece uma visita demorada. Para al\u00e9m disso, ao longo de todo o territ\u00f3rio existem ainda muitos espa\u00e7os de restaura\u00e7\u00e3o onde as tradi\u00e7\u00f5es e os sabores ancestrais se aliam aos produtos desta terra, dando origem a sabores inolvid\u00e1veis. Aqui, as carnes e enchidos, o azeite, o p\u00e3o, o queijo, o mel e os vinhos s\u00e3o pass\u00edveis de gerar aut\u00eanticos sabores da mem\u00f3ria, os quais associados aos ricos patrim\u00f3nios hist\u00f3rico e natural, fazem de cada visita um momento \u00edmpar. \u201cAtrevo-me a dizer que em todas as freguesias do nosso concelho, os patrim\u00f3nios arquitet\u00f3nicos, religiosos e paisag\u00edsticos convidam, permanentemente, os visitantes a fruir desta terra vincadamente hospitaleira. H\u00e1 muito para descobrir, visitar e disfrutar\u201d, afirma o Presidente da C\u00e2mara Municipal de Figueira de Castelo Rodrigo, Carlos Condesso.<\/p>\n\n\n\n<p><\/p>\n\n\n\n<p><strong>\u00c0 descoberta deste territ\u00f3rio<\/strong><\/p>\n\n\n\n<p><\/p>\n\n\n\n<p>Seguindo o conselho do Presidente do Munic\u00edpio, e porque a tem\u00e1tica de hoje se centra na Rota da Estrada Nacional 221, aconselhamos a iniciar o percurso em Barca d\u2019Alva. Ali chegados, um passeio maravilhoso pelo local onde Agostinho da  Silva \u201caprendeu a ser gente\u201d, que deve culminar no passeio ribeirinho do Douro. Pelo meio, importa n\u00e3o esquecer de parar para retemperar for\u00e7as nos restaurantes locais. Depois de renovada a energia, avan\u00e7ar pela EN221 at\u00e9 ao Alto da Sapinha, miradouro natural de uma enorme beleza e com uma paisagem de cortar a respira\u00e7\u00e3o. Dali segue-se para Escalh\u00e3o, onde a Igreja Matriz funciona como cora\u00e7\u00e3o da aldeia. \u201cCaminhar pelas ruas desta freguesia, permite- nos compreender que \u00e9 um local de grande riqueza arquitet\u00f3nica e hist\u00f3rica que est\u00e1 perfeitamente conservada\u201d, explica o Presidente.<\/p>\n\n\n\n<p><\/p>\n\n\n\n<p>Depois, recomendamos que aceitem o convite da estrada e percorram em dire\u00e7\u00e3o a Figueira de Castelo Rodrigo. Poucos quil\u00f3metros a norte s\u00e3o convidados a subir ao cimo da Serra da Marofa. Este altar mariano, com a est\u00e1tua do Cristo Rei e os seus seis metros de altura em granito, oferece uma vista magn\u00edfica sobre a Aldeia Hist\u00f3rica de Castelo Rodrigo, considerada em 2021 uma das melhores aldeias tur\u00edsticas do mundo pela Organiza\u00e7\u00e3o Mundial do Turismo (OMT), e da vila de Figueira de Castelo Rodrigo, mas tamb\u00e9m sobre os concelhos vizinhos de Almeida, Pinhel e mesmo para Espanha, que se espelha no horizonte do nosso olhar. Depois de um dia de emo\u00e7\u00f5es e sabores, \u00e9 hora de reservar quarto na hotelaria local e degustar um excelente jantar num dos restaurantes locais, \u201cempenhados em manter uma culin\u00e1ria caracter\u00edstica\u201d, acompanhada pelos melhores vinhos da regi\u00e3o.<\/p>\n\n\n\n<p><\/p>\n\n\n\n<p>Muitas outras oportunidades se abrem a quem visite este territ\u00f3rio, sempre com a garantia da m\u00e1xima hospitalidade, t\u00e3o caracter\u00edstica das suas gentes. \u201cFigueira de Castelo Rodrigo e todo o territ\u00f3rio concelhio s\u00e3o reconhecidos pela sua ex\u00edmia hospitalidade, reconhecimento que queremos continuar a divulgar, definindo a forma de ser das nossas gentes, garantindo aos visitantes uma rece\u00e7\u00e3o calorosa e uma forma diferenciada de partilhar o nosso territ\u00f3rio com quem nos procura. Venham, vivam e apreciem a vida ao sabor das curvas e do asfalto que marca<br>o nosso Portugal na sua ess\u00eancia mais pura\u201d.<\/p>\n\n\n\n<p><\/p>\n\n\n\n<p>Dito isto, resta-nos desejar-lhe boa viagem.<\/p>\n\n\n\n<p><\/p>\n\n\n\n<p><\/p>\n","protected":false},"excerpt":{"rendered":"<p>\u00c9 em Figueira de Castelo Rodrigo, no cora\u00e7\u00e3o do Ribac\u00f4a, que fazemos a nossa quarta paragem e onde passaremos os pr\u00f3ximos momentos desta viagem. Detentora de grande riqueza de patrim\u00f3nio edificado e de uma das mais belas e marcantes Aldeias Hist\u00f3ricas de Portugal, esta \u201cTerra de Encanto\u201d convida-o \u00e0 descoberta&hellip;<\/p>\n","protected":false},"author":7,"featured_media":3270,"comment_status":"open","ping_status":"open","sticky":false,"template":"","format":"standard","meta":{"advgb_blocks_editor_width":"","advgb_blocks_columns_visual_guide":"","_monsterinsights_skip_tracking":false,"_monsterinsights_sitenote_active":false,"_monsterinsights_sitenote_note":"","_monsterinsights_sitenote_category":0,"footnotes":""},"categories":[9],"tags":[667,665,647,664,666,395],"class_list":["post-3269","post","type-post","status-publish","format-standard","has-post-thumbnail","hentry","category-cultura","tag-aldeia","tag-artesanato","tag-estrada-nacional-221","tag-figueira-de-castelo-rodrigo","tag-historica","tag-patrimonio"],"yoast_head":"<!-- This site is optimized with the Yoast SEO plugin v24.4 - https:\/\/yoast.com\/wordpress\/plugins\/seo\/ -->\n<title>Figueira de Castelo Rodrigo: Uma vila, uma serra, uma Aldeia Hist\u00f3rica e tanto para descobrir - Mais Magazine<\/title>\n<meta name=\"description\" content=\"Figueira de Castelo Rodrigo\" \/>\n<meta name=\"robots\" content=\"index, follow, max-snippet:-1, max-image-preview:large, max-video-preview:-1\" \/>\n<link rel=\"canonical\" href=\"https:\/\/maismagazine.pt\/index.php\/2022\/05\/13\/figueira-de-castelo-rodrigo-uma-vila-uma-serra-uma-aldeia-historica-e-tanto-para-descobrir\/\" \/>\n<meta property=\"og:locale\" content=\"pt_PT\" \/>\n<meta property=\"og:type\" content=\"article\" \/>\n<meta property=\"og:title\" content=\"Figueira de Castelo Rodrigo: Uma vila, uma serra, uma Aldeia Hist\u00f3rica e tanto para descobrir - Mais Magazine\" \/>\n<meta property=\"og:description\" content=\"Figueira de Castelo Rodrigo\" \/>\n<meta property=\"og:url\" content=\"https:\/\/maismagazine.pt\/index.php\/2022\/05\/13\/figueira-de-castelo-rodrigo-uma-vila-uma-serra-uma-aldeia-historica-e-tanto-para-descobrir\/\" \/>\n<meta property=\"og:site_name\" content=\"Mais Magazine\" \/>\n<meta property=\"article:published_time\" content=\"2022-05-13T06:00:00+00:00\" \/>\n<meta property=\"og:image\" content=\"https:\/\/maismagazine.pt\/wp-content\/uploads\/2022\/05\/Aldeia-de-Castelo-Rodrigo-Vista-Panoramica-scaled.jpg\" \/>\n\t<meta property=\"og:image:width\" content=\"2560\" \/>\n\t<meta property=\"og:image:height\" content=\"1156\" \/>\n\t<meta property=\"og:image:type\" content=\"image\/jpeg\" \/>\n<meta name=\"author\" content=\"Jo\u00e3o Malainho\" \/>\n<meta name=\"twitter:card\" content=\"summary_large_image\" \/>\n<meta name=\"twitter:label1\" content=\"Escrito por\" \/>\n\t<meta name=\"twitter:data1\" content=\"\" \/>\n\t<meta name=\"twitter:label2\" content=\"Tempo estimado de leitura\" \/>\n\t<meta name=\"twitter:data2\" content=\"5 minutos\" \/>\n<script type=\"application\/ld+json\" class=\"yoast-schema-graph\">{\"@context\":\"https:\/\/schema.org\",\"@graph\":[{\"@type\":\"Article\",\"@id\":\"https:\/\/maismagazine.pt\/index.php\/2022\/05\/13\/figueira-de-castelo-rodrigo-uma-vila-uma-serra-uma-aldeia-historica-e-tanto-para-descobrir\/#article\",\"isPartOf\":{\"@id\":\"https:\/\/maismagazine.pt\/index.php\/2022\/05\/13\/figueira-de-castelo-rodrigo-uma-vila-uma-serra-uma-aldeia-historica-e-tanto-para-descobrir\/\"},\"author\":{\"name\":\"Jo\u00e3o Malainho\",\"@id\":\"https:\/\/maismagazine.pt\/#\/schema\/person\/999bd426f894ff56d397ec12ebd21ebb\"},\"headline\":\"Figueira de Castelo Rodrigo: Uma vila, uma serra, uma Aldeia Hist\u00f3rica e tanto para descobrir\",\"datePublished\":\"2022-05-13T06:00:00+00:00\",\"mainEntityOfPage\":{\"@id\":\"https:\/\/maismagazine.pt\/index.php\/2022\/05\/13\/figueira-de-castelo-rodrigo-uma-vila-uma-serra-uma-aldeia-historica-e-tanto-para-descobrir\/\"},\"wordCount\":959,\"commentCount\":0,\"publisher\":{\"@id\":\"https:\/\/maismagazine.pt\/#organization\"},\"image\":{\"@id\":\"https:\/\/maismagazine.pt\/index.php\/2022\/05\/13\/figueira-de-castelo-rodrigo-uma-vila-uma-serra-uma-aldeia-historica-e-tanto-para-descobrir\/#primaryimage\"},\"thumbnailUrl\":\"http:\/\/maismagazine.pt\/wp-content\/uploads\/2022\/05\/Aldeia-de-Castelo-Rodrigo-Vista-Panoramica-scaled.jpg\",\"keywords\":[\"Aldeia\",\"artesanato\",\"Estrada Nacional 221\",\"Figueira de Castelo Rodrigo\",\"Hist\u00f3rica\",\"patrim\u00f3nio\"],\"articleSection\":[\"Cultura\"],\"inLanguage\":\"pt-PT\",\"potentialAction\":[{\"@type\":\"CommentAction\",\"name\":\"Comment\",\"target\":[\"https:\/\/maismagazine.pt\/index.php\/2022\/05\/13\/figueira-de-castelo-rodrigo-uma-vila-uma-serra-uma-aldeia-historica-e-tanto-para-descobrir\/#respond\"]}]},{\"@type\":\"WebPage\",\"@id\":\"https:\/\/maismagazine.pt\/index.php\/2022\/05\/13\/figueira-de-castelo-rodrigo-uma-vila-uma-serra-uma-aldeia-historica-e-tanto-para-descobrir\/\",\"url\":\"https:\/\/maismagazine.pt\/index.php\/2022\/05\/13\/figueira-de-castelo-rodrigo-uma-vila-uma-serra-uma-aldeia-historica-e-tanto-para-descobrir\/\",\"name\":\"Figueira de Castelo Rodrigo: Uma vila, uma serra, uma Aldeia Hist\u00f3rica e tanto para descobrir - Mais Magazine\",\"isPartOf\":{\"@id\":\"https:\/\/maismagazine.pt\/#website\"},\"primaryImageOfPage\":{\"@id\":\"https:\/\/maismagazine.pt\/index.php\/2022\/05\/13\/figueira-de-castelo-rodrigo-uma-vila-uma-serra-uma-aldeia-historica-e-tanto-para-descobrir\/#primaryimage\"},\"image\":{\"@id\":\"https:\/\/maismagazine.pt\/index.php\/2022\/05\/13\/figueira-de-castelo-rodrigo-uma-vila-uma-serra-uma-aldeia-historica-e-tanto-para-descobrir\/#primaryimage\"},\"thumbnailUrl\":\"http:\/\/maismagazine.pt\/wp-content\/uploads\/2022\/05\/Aldeia-de-Castelo-Rodrigo-Vista-Panoramica-scaled.jpg\",\"datePublished\":\"2022-05-13T06:00:00+00:00\",\"description\":\"Figueira de Castelo Rodrigo\",\"breadcrumb\":{\"@id\":\"https:\/\/maismagazine.pt\/index.php\/2022\/05\/13\/figueira-de-castelo-rodrigo-uma-vila-uma-serra-uma-aldeia-historica-e-tanto-para-descobrir\/#breadcrumb\"},\"inLanguage\":\"pt-PT\",\"potentialAction\":[{\"@type\":\"ReadAction\",\"target\":[\"https:\/\/maismagazine.pt\/index.php\/2022\/05\/13\/figueira-de-castelo-rodrigo-uma-vila-uma-serra-uma-aldeia-historica-e-tanto-para-descobrir\/\"]}]},{\"@type\":\"ImageObject\",\"inLanguage\":\"pt-PT\",\"@id\":\"https:\/\/maismagazine.pt\/index.php\/2022\/05\/13\/figueira-de-castelo-rodrigo-uma-vila-uma-serra-uma-aldeia-historica-e-tanto-para-descobrir\/#primaryimage\",\"url\":\"http:\/\/maismagazine.pt\/wp-content\/uploads\/2022\/05\/Aldeia-de-Castelo-Rodrigo-Vista-Panoramica-scaled.jpg\",\"contentUrl\":\"http:\/\/maismagazine.pt\/wp-content\/uploads\/2022\/05\/Aldeia-de-Castelo-Rodrigo-Vista-Panoramica-scaled.jpg\",\"width\":2560,\"height\":1156},{\"@type\":\"BreadcrumbList\",\"@id\":\"https:\/\/maismagazine.pt\/index.php\/2022\/05\/13\/figueira-de-castelo-rodrigo-uma-vila-uma-serra-uma-aldeia-historica-e-tanto-para-descobrir\/#breadcrumb\",\"itemListElement\":[{\"@type\":\"ListItem\",\"position\":1,\"name\":\"Home\",\"item\":\"https:\/\/maismagazine.pt\/\"},{\"@type\":\"ListItem\",\"position\":2,\"name\":\"Figueira de Castelo Rodrigo: Uma vila, uma serra, uma Aldeia Hist\u00f3rica e tanto para descobrir\"}]},{\"@type\":\"WebSite\",\"@id\":\"https:\/\/maismagazine.pt\/#website\",\"url\":\"https:\/\/maismagazine.pt\/\",\"name\":\"Mais Magazine\",\"description\":\"\",\"publisher\":{\"@id\":\"https:\/\/maismagazine.pt\/#organization\"},\"potentialAction\":[{\"@type\":\"SearchAction\",\"target\":{\"@type\":\"EntryPoint\",\"urlTemplate\":\"https:\/\/maismagazine.pt\/?s={search_term_string}\"},\"query-input\":{\"@type\":\"PropertyValueSpecification\",\"valueRequired\":true,\"valueName\":\"search_term_string\"}}],\"inLanguage\":\"pt-PT\"},{\"@type\":\"Organization\",\"@id\":\"https:\/\/maismagazine.pt\/#organization\",\"name\":\"Mais Magazine\",\"url\":\"https:\/\/maismagazine.pt\/\",\"logo\":{\"@type\":\"ImageObject\",\"inLanguage\":\"pt-PT\",\"@id\":\"https:\/\/maismagazine.pt\/#\/schema\/logo\/image\/\",\"url\":\"http:\/\/maismagazine.pt\/wp-content\/uploads\/2020\/04\/cropped-cropped-mais-magazine-site-logo-2.png\",\"contentUrl\":\"http:\/\/maismagazine.pt\/wp-content\/uploads\/2020\/04\/cropped-cropped-mais-magazine-site-logo-2.png\",\"width\":581,\"height\":90,\"caption\":\"Mais Magazine\"},\"image\":{\"@id\":\"https:\/\/maismagazine.pt\/#\/schema\/logo\/image\/\"}},{\"@type\":\"Person\",\"@id\":\"https:\/\/maismagazine.pt\/#\/schema\/person\/999bd426f894ff56d397ec12ebd21ebb\",\"name\":\"Jo\u00e3o Malainho\",\"image\":{\"@type\":\"ImageObject\",\"inLanguage\":\"pt-PT\",\"@id\":\"https:\/\/maismagazine.pt\/#\/schema\/person\/image\/\",\"url\":\"https:\/\/secure.gravatar.com\/avatar\/ff03c2f38edf60b2a827aa4f74878491?s=96&d=mm&r=g\",\"contentUrl\":\"https:\/\/secure.gravatar.com\/avatar\/ff03c2f38edf60b2a827aa4f74878491?s=96&d=mm&r=g\",\"caption\":\"Jo\u00e3o Malainho\"},\"url\":\"http:\/\/maismagazine.pt\/index.php\/author\/maismagazine\/\"}]}<\/script>\n<!-- \/ Yoast SEO plugin. -->","yoast_head_json":{"title":"Figueira de Castelo Rodrigo: Uma vila, uma serra, uma Aldeia Hist\u00f3rica e tanto para descobrir - Mais Magazine","description":"Figueira de Castelo Rodrigo","robots":{"index":"index","follow":"follow","max-snippet":"max-snippet:-1","max-image-preview":"max-image-preview:large","max-video-preview":"max-video-preview:-1"},"canonical":"https:\/\/maismagazine.pt\/index.php\/2022\/05\/13\/figueira-de-castelo-rodrigo-uma-vila-uma-serra-uma-aldeia-historica-e-tanto-para-descobrir\/","og_locale":"pt_PT","og_type":"article","og_title":"Figueira de Castelo Rodrigo: Uma vila, uma serra, uma Aldeia Hist\u00f3rica e tanto para descobrir - Mais Magazine","og_description":"Figueira de Castelo Rodrigo","og_url":"https:\/\/maismagazine.pt\/index.php\/2022\/05\/13\/figueira-de-castelo-rodrigo-uma-vila-uma-serra-uma-aldeia-historica-e-tanto-para-descobrir\/","og_site_name":"Mais Magazine","article_published_time":"2022-05-13T06:00:00+00:00","og_image":[{"width":2560,"height":1156,"url":"https:\/\/maismagazine.pt\/wp-content\/uploads\/2022\/05\/Aldeia-de-Castelo-Rodrigo-Vista-Panoramica-scaled.jpg","type":"image\/jpeg"}],"author":"Jo\u00e3o Malainho","twitter_card":"summary_large_image","twitter_misc":{"Escrito por":false,"Tempo estimado de leitura":"5 minutos"},"schema":{"@context":"https:\/\/schema.org","@graph":[{"@type":"Article","@id":"https:\/\/maismagazine.pt\/index.php\/2022\/05\/13\/figueira-de-castelo-rodrigo-uma-vila-uma-serra-uma-aldeia-historica-e-tanto-para-descobrir\/#article","isPartOf":{"@id":"https:\/\/maismagazine.pt\/index.php\/2022\/05\/13\/figueira-de-castelo-rodrigo-uma-vila-uma-serra-uma-aldeia-historica-e-tanto-para-descobrir\/"},"author":{"name":"Jo\u00e3o Malainho","@id":"https:\/\/maismagazine.pt\/#\/schema\/person\/999bd426f894ff56d397ec12ebd21ebb"},"headline":"Figueira de Castelo Rodrigo: Uma vila, uma serra, uma Aldeia Hist\u00f3rica e tanto para descobrir","datePublished":"2022-05-13T06:00:00+00:00","mainEntityOfPage":{"@id":"https:\/\/maismagazine.pt\/index.php\/2022\/05\/13\/figueira-de-castelo-rodrigo-uma-vila-uma-serra-uma-aldeia-historica-e-tanto-para-descobrir\/"},"wordCount":959,"commentCount":0,"publisher":{"@id":"https:\/\/maismagazine.pt\/#organization"},"image":{"@id":"https:\/\/maismagazine.pt\/index.php\/2022\/05\/13\/figueira-de-castelo-rodrigo-uma-vila-uma-serra-uma-aldeia-historica-e-tanto-para-descobrir\/#primaryimage"},"thumbnailUrl":"http:\/\/maismagazine.pt\/wp-content\/uploads\/2022\/05\/Aldeia-de-Castelo-Rodrigo-Vista-Panoramica-scaled.jpg","keywords":["Aldeia","artesanato","Estrada Nacional 221","Figueira de Castelo Rodrigo","Hist\u00f3rica","patrim\u00f3nio"],"articleSection":["Cultura"],"inLanguage":"pt-PT","potentialAction":[{"@type":"CommentAction","name":"Comment","target":["https:\/\/maismagazine.pt\/index.php\/2022\/05\/13\/figueira-de-castelo-rodrigo-uma-vila-uma-serra-uma-aldeia-historica-e-tanto-para-descobrir\/#respond"]}]},{"@type":"WebPage","@id":"https:\/\/maismagazine.pt\/index.php\/2022\/05\/13\/figueira-de-castelo-rodrigo-uma-vila-uma-serra-uma-aldeia-historica-e-tanto-para-descobrir\/","url":"https:\/\/maismagazine.pt\/index.php\/2022\/05\/13\/figueira-de-castelo-rodrigo-uma-vila-uma-serra-uma-aldeia-historica-e-tanto-para-descobrir\/","name":"Figueira de Castelo Rodrigo: Uma vila, uma serra, uma Aldeia Hist\u00f3rica e tanto para descobrir - Mais Magazine","isPartOf":{"@id":"https:\/\/maismagazine.pt\/#website"},"primaryImageOfPage":{"@id":"https:\/\/maismagazine.pt\/index.php\/2022\/05\/13\/figueira-de-castelo-rodrigo-uma-vila-uma-serra-uma-aldeia-historica-e-tanto-para-descobrir\/#primaryimage"},"image":{"@id":"https:\/\/maismagazine.pt\/index.php\/2022\/05\/13\/figueira-de-castelo-rodrigo-uma-vila-uma-serra-uma-aldeia-historica-e-tanto-para-descobrir\/#primaryimage"},"thumbnailUrl":"http:\/\/maismagazine.pt\/wp-content\/uploads\/2022\/05\/Aldeia-de-Castelo-Rodrigo-Vista-Panoramica-scaled.jpg","datePublished":"2022-05-13T06:00:00+00:00","description":"Figueira de Castelo Rodrigo","breadcrumb":{"@id":"https:\/\/maismagazine.pt\/index.php\/2022\/05\/13\/figueira-de-castelo-rodrigo-uma-vila-uma-serra-uma-aldeia-historica-e-tanto-para-descobrir\/#breadcrumb"},"inLanguage":"pt-PT","potentialAction":[{"@type":"ReadAction","target":["https:\/\/maismagazine.pt\/index.php\/2022\/05\/13\/figueira-de-castelo-rodrigo-uma-vila-uma-serra-uma-aldeia-historica-e-tanto-para-descobrir\/"]}]},{"@type":"ImageObject","inLanguage":"pt-PT","@id":"https:\/\/maismagazine.pt\/index.php\/2022\/05\/13\/figueira-de-castelo-rodrigo-uma-vila-uma-serra-uma-aldeia-historica-e-tanto-para-descobrir\/#primaryimage","url":"http:\/\/maismagazine.pt\/wp-content\/uploads\/2022\/05\/Aldeia-de-Castelo-Rodrigo-Vista-Panoramica-scaled.jpg","contentUrl":"http:\/\/maismagazine.pt\/wp-content\/uploads\/2022\/05\/Aldeia-de-Castelo-Rodrigo-Vista-Panoramica-scaled.jpg","width":2560,"height":1156},{"@type":"BreadcrumbList","@id":"https:\/\/maismagazine.pt\/index.php\/2022\/05\/13\/figueira-de-castelo-rodrigo-uma-vila-uma-serra-uma-aldeia-historica-e-tanto-para-descobrir\/#breadcrumb","itemListElement":[{"@type":"ListItem","position":1,"name":"Home","item":"https:\/\/maismagazine.pt\/"},{"@type":"ListItem","position":2,"name":"Figueira de Castelo Rodrigo: Uma vila, uma serra, uma Aldeia Hist\u00f3rica e tanto para descobrir"}]},{"@type":"WebSite","@id":"https:\/\/maismagazine.pt\/#website","url":"https:\/\/maismagazine.pt\/","name":"Mais Magazine","description":"","publisher":{"@id":"https:\/\/maismagazine.pt\/#organization"},"potentialAction":[{"@type":"SearchAction","target":{"@type":"EntryPoint","urlTemplate":"https:\/\/maismagazine.pt\/?s={search_term_string}"},"query-input":{"@type":"PropertyValueSpecification","valueRequired":true,"valueName":"search_term_string"}}],"inLanguage":"pt-PT"},{"@type":"Organization","@id":"https:\/\/maismagazine.pt\/#organization","name":"Mais Magazine","url":"https:\/\/maismagazine.pt\/","logo":{"@type":"ImageObject","inLanguage":"pt-PT","@id":"https:\/\/maismagazine.pt\/#\/schema\/logo\/image\/","url":"http:\/\/maismagazine.pt\/wp-content\/uploads\/2020\/04\/cropped-cropped-mais-magazine-site-logo-2.png","contentUrl":"http:\/\/maismagazine.pt\/wp-content\/uploads\/2020\/04\/cropped-cropped-mais-magazine-site-logo-2.png","width":581,"height":90,"caption":"Mais Magazine"},"image":{"@id":"https:\/\/maismagazine.pt\/#\/schema\/logo\/image\/"}},{"@type":"Person","@id":"https:\/\/maismagazine.pt\/#\/schema\/person\/999bd426f894ff56d397ec12ebd21ebb","name":"Jo\u00e3o Malainho","image":{"@type":"ImageObject","inLanguage":"pt-PT","@id":"https:\/\/maismagazine.pt\/#\/schema\/person\/image\/","url":"https:\/\/secure.gravatar.com\/avatar\/ff03c2f38edf60b2a827aa4f74878491?s=96&d=mm&r=g","contentUrl":"https:\/\/secure.gravatar.com\/avatar\/ff03c2f38edf60b2a827aa4f74878491?s=96&d=mm&r=g","caption":"Jo\u00e3o Malainho"},"url":"http:\/\/maismagazine.pt\/index.php\/author\/maismagazine\/"}]}},"author_meta":{"display_name":false,"author_link":"http:\/\/maismagazine.pt\/index.php\/author\/maismagazine\/"},"featured_img":"http:\/\/maismagazine.pt\/wp-content\/uploads\/2022\/05\/Aldeia-de-Castelo-Rodrigo-Vista-Panoramica-300x135.jpg","coauthors":[],"tax_additional":{"categories":{"linked":["<a href=\"http:\/\/maismagazine.pt\/index.php\/category\/cultura\/\" class=\"advgb-post-tax-term\">Cultura<\/a>"],"unlinked":["<span class=\"advgb-post-tax-term\">Cultura<\/span>"]},"tags":{"linked":["<a href=\"http:\/\/maismagazine.pt\/index.php\/category\/cultura\/\" class=\"advgb-post-tax-term\">Aldeia<\/a>","<a href=\"http:\/\/maismagazine.pt\/index.php\/category\/cultura\/\" class=\"advgb-post-tax-term\">artesanato<\/a>","<a href=\"http:\/\/maismagazine.pt\/index.php\/category\/cultura\/\" class=\"advgb-post-tax-term\">Estrada Nacional 221<\/a>","<a href=\"http:\/\/maismagazine.pt\/index.php\/category\/cultura\/\" class=\"advgb-post-tax-term\">Figueira de Castelo Rodrigo<\/a>","<a href=\"http:\/\/maismagazine.pt\/index.php\/category\/cultura\/\" class=\"advgb-post-tax-term\">Hist\u00f3rica<\/a>","<a href=\"http:\/\/maismagazine.pt\/index.php\/category\/cultura\/\" class=\"advgb-post-tax-term\">patrim\u00f3nio<\/a>"],"unlinked":["<span class=\"advgb-post-tax-term\">Aldeia<\/span>","<span class=\"advgb-post-tax-term\">artesanato<\/span>","<span class=\"advgb-post-tax-term\">Estrada Nacional 221<\/span>","<span class=\"advgb-post-tax-term\">Figueira de Castelo Rodrigo<\/span>","<span class=\"advgb-post-tax-term\">Hist\u00f3rica<\/span>","<span class=\"advgb-post-tax-term\">patrim\u00f3nio<\/span>"]}},"comment_count":"0","relative_dates":{"created":"Posted 4 anos ago","modified":"Updated 4 anos ago"},"absolute_dates":{"created":"Posted on 13 de Maio, 2022","modified":"Updated on 5 de Maio, 2022"},"absolute_dates_time":{"created":"Posted on 13 de Maio, 2022 7:00","modified":"Updated on 5 de Maio, 2022 17:40"},"featured_img_caption":"","series_order":"","_links":{"self":[{"href":"http:\/\/maismagazine.pt\/index.php\/wp-json\/wp\/v2\/posts\/3269","targetHints":{"allow":["GET"]}}],"collection":[{"href":"http:\/\/maismagazine.pt\/index.php\/wp-json\/wp\/v2\/posts"}],"about":[{"href":"http:\/\/maismagazine.pt\/index.php\/wp-json\/wp\/v2\/types\/post"}],"author":[{"embeddable":true,"href":"http:\/\/maismagazine.pt\/index.php\/wp-json\/wp\/v2\/users\/7"}],"replies":[{"embeddable":true,"href":"http:\/\/maismagazine.pt\/index.php\/wp-json\/wp\/v2\/comments?post=3269"}],"version-history":[{"count":1,"href":"http:\/\/maismagazine.pt\/index.php\/wp-json\/wp\/v2\/posts\/3269\/revisions"}],"predecessor-version":[{"id":3273,"href":"http:\/\/maismagazine.pt\/index.php\/wp-json\/wp\/v2\/posts\/3269\/revisions\/3273"}],"wp:featuredmedia":[{"embeddable":true,"href":"http:\/\/maismagazine.pt\/index.php\/wp-json\/wp\/v2\/media\/3270"}],"wp:attachment":[{"href":"http:\/\/maismagazine.pt\/index.php\/wp-json\/wp\/v2\/media?parent=3269"}],"wp:term":[{"taxonomy":"category","embeddable":true,"href":"http:\/\/maismagazine.pt\/index.php\/wp-json\/wp\/v2\/categories?post=3269"},{"taxonomy":"post_tag","embeddable":true,"href":"http:\/\/maismagazine.pt\/index.php\/wp-json\/wp\/v2\/tags?post=3269"}],"curies":[{"name":"wp","href":"https:\/\/api.w.org\/{rel}","templated":true}]}}